{"id":9865,"date":"2024-03-08T11:43:18","date_gmt":"2024-03-08T10:43:18","guid":{"rendered":"https:\/\/aassdn.org\/amicale\/?p=9865"},"modified":"2024-03-15T15:21:07","modified_gmt":"2024-03-15T14:21:07","slug":"lautonomie-de-la-corse-archetype-de-la-fausse-bonne-idee","status":"publish","type":"post","link":"https:\/\/aassdn.org\/amicale\/lautonomie-de-la-corse-archetype-de-la-fausse-bonne-idee\/","title":{"rendered":"L\u2019autonomie de la Corse, arch\u00e9type de la fausse bonne id\u00e9e"},"content":{"rendered":"\n<p><em>Par le g\u00e9n\u00e9ral (2S) Michel Franceschi, natif et r\u00e9sident de l\u2019\u00eele.<\/em><br>L\u2019autonomie de la Corse est \u00e0 l\u2019ordre du jour mouvement\u00e9 du gouvernement, sans que l\u2019on se soit assur\u00e9 au pr\u00e9alable de l\u2019onction de la communaut\u00e9 insulaire qu\u2019impose cette mutation institutionnelle. Ce projet s\u2019apparente ainsi \u00e0 une privatisation politique de la Corse, au profit d\u2019int\u00e9r\u00eats particuliers \u00e0 l\u2019aff\u00fbt. A cet \u00e9gard, deux associations insulaires, confort\u00e9es par la magistrature judiciaire, ont eu le courage de brandir le spectre d\u2019une maffia insulaire mena\u00e7ant la d\u00e9mocratie locale. Non, la Corse n\u2019a nullement vocation \u00e0 devenir une r\u00e9publique banani\u00e8re !<\/p>\n\n\n\n<p>La question corse est en fait une cause nationale car toutes les r\u00e9gions aspirent aujourd\u2019hui \u00e0 des degr\u00e9s divers \u00e0 l\u2019exercice de plus larges responsabilit\u00e9s locales. La solution globale du probl\u00e8me r\u00e9side dans un indispensable aggiornamento de l\u2019architecture administrative du pays, fond\u00e9 sur une pleine application du principe de subsidiarit\u00e9.<\/p>\n\n\n\n<p>Grand chantier \u00e0 vocation prioritaire, cette vigoureuse relance de la d\u00e9centralisation du pays permettra l\u2019\u00e9panouissement des particularismes r\u00e9gionaux sans empi\u00e9tement sur la pouvoir r\u00e9galien, ni mise en danger de la vitale unit\u00e9 de la France, que ruinerait la perspective d\u2019une d\u00e9centralisation \u00e0 la carte. D\u2019autres r\u00e9gions ne frappent-elles pas d\u00e9j\u00e0 \u00e0 la porte ? Non, la France n\u2019a pas vocation \u00e0 devenir une auberge espagnole ! Les nouvelles comp\u00e9tences r\u00e9gionales ainsi accord\u00e9es seraient comparables \u00e0 celles du statut actuel de la Corse, remettant ainsi le pays sur la voie du r\u00e9tablissement de l\u2019unit\u00e9 constitutionnelle malmen\u00e9e.<\/p>\n\n\n\n<p>Fondamentalement, l\u2019originalit\u00e9 insulaire de la Corse n\u2019est qu\u2019une donn\u00e9e g\u00e9ographique sans pr\u00e9d\u00e9termination de son statut politique qui ne d\u00e9pend que du seul libre choix de sa population. Toute comparaison tentante avec d\u2019autres \u00eeles m\u00e9diterran\u00e9ennes est historiquement irrecevable. La Corse est devenue fran\u00e7aise \u00e0 part enti\u00e8re par d\u00e9cret de l\u2019Assembl\u00e9e Constituante du 30 novembre 1789, adopt\u00e9 \u00e0 l\u2019unanimit\u00e9 et dans l\u2019enthousiasme \u00e0 la demande des d\u00e9put\u00e9s corses. Cette francit\u00e9 plus que bicentenaire de l\u2019\u00eele a re\u00e7u une sublime confirmation avec le serment de Bastia de 1939, pr\u00eat\u00e9 par les Corses en r\u00e9ponse aux ambitions annexionnistes de Mussolini. On peut toujours le lire sur une plaque de marbre sur le boulevard Paoli \u00e0 Bastia: \u00ab Face au monde, de toute notre \u00e2me, sur nos gloires, sur nos tombes, sur nos berceaux, nous jurons de vivre et de mourir Fran\u00e7ais \u00bb. Fran\u00e7ais \u00e0 part enti\u00e8re s\u2019entend! Aussi, avant d\u2019envisager tout changement institutionnel, il importe de s\u2019assurer de la validit\u00e9 actuelle du serment de Bastia par une consultation directe de la communaut\u00e9 insulaire d\u2019aujourd\u2019hui, \u00e0 placer devant ses responsabilit\u00e9s et non devant un fait accompli.<\/p>\n\n\n\n<p>N\u2019\u00e9ludons pas le c\u00f4t\u00e9 gribouille de l\u2019autonomie. Le droit \u00e0 la diff\u00e9rence appelle in\u00e9luctablement une diff\u00e9rence des droits. Avec l\u2019autonomie, la solidarit\u00e9 nationale dont la Corse a un besoin vital viendrait \u00e0 s\u2019effriter s\u00e9rieusement, voire \u00e0 dispara\u00eetre. Habitants de la plus pauvre r\u00e9gion de France, les Insulaires couperaient ainsi eux-m\u00eames la branche sur laquelle ils sont assis. En tout \u00e9tat de cause, l\u2019insularit\u00e9 de la Corse, de surcro\u00eet montagne dans la mer, engendre un handicap multiformes, notamment \u00e9conomique, que ne compense pas sa beaut\u00e9 naturelle. Cette p\u00e9nalisante in\u00e9galit\u00e9 appelle un pacte de solidarit\u00e9 nationale traitant tous les aspects de la question et pas seulement une continuit\u00e9 territoriale \u00e0 l\u2019enveloppe financi\u00e8re manifestement insuffisante. Il appartiendra en fin de compte au Parlement d\u2019en d\u00e9cider. Il faut esp\u00e9rer que dans sa sagesse il rejettera ce projet, funeste non seulement pour la Corse mais aussi pour la France enti\u00e8re.<\/p>\n<div class=\"pdfprnt-buttons pdfprnt-buttons-post pdfprnt-bottom-right\"><a href=\"https:\/\/aassdn.org\/amicale\/wp-json\/wp\/v2\/posts\/9865?print=pdf\" class=\"pdfprnt-button pdfprnt-button-pdf\" target=\"_blank\" ><img decoding=\"async\" data-src=\"https:\/\/aassdn.org\/amicale\/wp-content\/plugins\/pdf-print\/images\/pdf.png\" alt=\"image_pdf\" title=\"Afficher le PDF\" src=\"data:image\/svg+xml;base64,PHN2ZyB3aWR0aD0iMSIgaGVpZ2h0PSIxIiB4bWxucz0iaHR0cDovL3d3dy53My5vcmcvMjAwMC9zdmciPjwvc3ZnPg==\" class=\"lazyload\" style=\"--smush-placeholder-width: 32px; --smush-placeholder-aspect-ratio: 32\/32;\" \/><\/a><a href=\"https:\/\/aassdn.org\/amicale\/wp-json\/wp\/v2\/posts\/9865?print=print\" class=\"pdfprnt-button pdfprnt-button-print\" target=\"_blank\" ><\/a><\/div>","protected":false},"excerpt":{"rendered":"<p>Par le g\u00e9n\u00e9ral (2S) Michel Franceschi, natif et r\u00e9sident de l\u2019\u00eele.L\u2019autonomie de la Corse est \u00e0 l\u2019ordre du jour mouvement\u00e9 du gouvernement, sans que l\u2019on se soit assur\u00e9 au pr\u00e9alable de l\u2019onction de la communaut\u00e9 insulaire qu\u2019impose cette mutation institutionnelle. Ce projet s\u2019apparente ainsi \u00e0 une privatisation politique de la Corse, au profit d\u2019int\u00e9r\u00eats particuliers [&hellip;]<\/p>\n","protected":false},"author":1,"featured_media":9868,"comment_status":"closed","ping_status":"closed","sticky":false,"template":"","format":"standard","meta":{"_acf_changed":false,"footnotes":""},"categories":[288,278,1,129,936],"tags":[996,1058,919,995,918,366,937,938,920,1156,237,734,932,433],"class_list":["post-9865","post","type-post","status-publish","format-standard","has-post-thumbnail","hentry","category-2020-2030","category-actualites","category-non-classe","category-mafias-et-terrorisme","category-souverainete","tag-annexion","tag-association","tag-autonomie","tag-bastia","tag-corse","tag-courage","tag-francais","tag-france","tag-gouvernement","tag-historique","tag-mafias","tag-ordre","tag-regions","tag-serment"],"acf":[],"yoast_head":"<!-- This site is optimized with the Yoast SEO plugin v27.5 - https:\/\/yoast.com\/product\/yoast-seo-wordpress\/ -->\n<title>L\u2019autonomie de la Corse, arch\u00e9type de la fausse bonne id\u00e9e | AASSDN | Anciens et Amis des Services Sp\u00e9ciaux<\/title>\n<meta name=\"robots\" content=\"index, follow, max-snippet:-1, max-image-preview:large, max-video-preview:-1\" \/>\n<link rel=\"canonical\" href=\"https:\/\/aassdn.org\/amicale\/lautonomie-de-la-corse-archetype-de-la-fausse-bonne-idee\/\" \/>\n<meta property=\"og:locale\" content=\"fr_FR\" \/>\n<meta property=\"og:type\" content=\"article\" \/>\n<meta property=\"og:title\" content=\"L\u2019autonomie de la Corse, arch\u00e9type de la fausse bonne id\u00e9e | AASSDN | Anciens et Amis des Services Sp\u00e9ciaux\" \/>\n<meta property=\"og:description\" content=\"Par le g\u00e9n\u00e9ral (2S) Michel Franceschi, natif et r\u00e9sident de l\u2019\u00eele.L\u2019autonomie de la Corse est \u00e0 l\u2019ordre du jour mouvement\u00e9 du gouvernement, sans que l\u2019on se soit assur\u00e9 au pr\u00e9alable de l\u2019onction de la communaut\u00e9 insulaire qu\u2019impose cette mutation institutionnelle. Ce projet s\u2019apparente ainsi \u00e0 une privatisation politique de la Corse, au profit d\u2019int\u00e9r\u00eats particuliers [&hellip;]\" \/>\n<meta property=\"og:url\" content=\"https:\/\/aassdn.org\/amicale\/lautonomie-de-la-corse-archetype-de-la-fausse-bonne-idee\/\" \/>\n<meta property=\"og:site_name\" content=\"AASSDN | Anciens et Amis des Services Sp\u00e9ciaux\" \/>\n<meta property=\"article:published_time\" content=\"2024-03-08T10:43:18+00:00\" \/>\n<meta property=\"article:modified_time\" content=\"2024-03-15T14:21:07+00:00\" \/>\n<meta property=\"og:image\" content=\"https:\/\/aassdn.org\/amicale\/wp-content\/uploads\/image-19.png\" \/>\n\t<meta property=\"og:image:width\" content=\"740\" \/>\n\t<meta property=\"og:image:height\" content=\"493\" \/>\n\t<meta property=\"og:image:type\" content=\"image\/png\" \/>\n<meta name=\"author\" content=\"AASSDN\" \/>\n<meta name=\"twitter:card\" content=\"summary_large_image\" \/>\n<meta name=\"twitter:label1\" content=\"\u00c9crit par\" \/>\n\t<meta name=\"twitter:data1\" content=\"AASSDN\" \/>\n\t<meta name=\"twitter:label2\" content=\"Dur\u00e9e de lecture estim\u00e9e\" \/>\n\t<meta name=\"twitter:data2\" content=\"3 minutes\" \/>\n<script type=\"application\/ld+json\" class=\"yoast-schema-graph\">{\"@context\":\"https:\\\/\\\/schema.org\",\"@graph\":[{\"@type\":\"Article\",\"@id\":\"https:\\\/\\\/aassdn.org\\\/amicale\\\/lautonomie-de-la-corse-archetype-de-la-fausse-bonne-idee\\\/#article\",\"isPartOf\":{\"@id\":\"https:\\\/\\\/aassdn.org\\\/amicale\\\/lautonomie-de-la-corse-archetype-de-la-fausse-bonne-idee\\\/\"},\"author\":{\"name\":\"AASSDN\",\"@id\":\"https:\\\/\\\/aassdn.org\\\/amicale\\\/#\\\/schema\\\/person\\\/73800712a272e6d58a10a86ea9e59671\"},\"headline\":\"L\u2019autonomie de la Corse, arch\u00e9type de la fausse bonne id\u00e9e\",\"datePublished\":\"2024-03-08T10:43:18+00:00\",\"dateModified\":\"2024-03-15T14:21:07+00:00\",\"mainEntityOfPage\":{\"@id\":\"https:\\\/\\\/aassdn.org\\\/amicale\\\/lautonomie-de-la-corse-archetype-de-la-fausse-bonne-idee\\\/\"},\"wordCount\":654,\"publisher\":{\"@id\":\"https:\\\/\\\/aassdn.org\\\/amicale\\\/#organization\"},\"image\":{\"@id\":\"https:\\\/\\\/aassdn.org\\\/amicale\\\/lautonomie-de-la-corse-archetype-de-la-fausse-bonne-idee\\\/#primaryimage\"},\"thumbnailUrl\":\"https:\\\/\\\/aassdn.org\\\/amicale\\\/wp-content\\\/uploads\\\/image-19.png\",\"keywords\":[\"annexion\",\"Association\",\"autonomie\",\"Bastia\",\"Corse\",\"courage\",\"fran\u00e7ais\",\"France\",\"gouvernement\",\"historique\",\"mafias\",\"ordre\",\"r\u00e9gions\",\"serment\"],\"articleSection\":[\"2020-2030\",\"Actualit\u00e9s\",\"Global\",\"Mafias et terrorisme\",\"Souverainet\u00e9\"],\"inLanguage\":\"fr-FR\"},{\"@type\":\"WebPage\",\"@id\":\"https:\\\/\\\/aassdn.org\\\/amicale\\\/lautonomie-de-la-corse-archetype-de-la-fausse-bonne-idee\\\/\",\"url\":\"https:\\\/\\\/aassdn.org\\\/amicale\\\/lautonomie-de-la-corse-archetype-de-la-fausse-bonne-idee\\\/\",\"name\":\"L\u2019autonomie de la Corse, arch\u00e9type de la fausse bonne id\u00e9e | AASSDN | Anciens et Amis des Services Sp\u00e9ciaux\",\"isPartOf\":{\"@id\":\"https:\\\/\\\/aassdn.org\\\/amicale\\\/#website\"},\"primaryImageOfPage\":{\"@id\":\"https:\\\/\\\/aassdn.org\\\/amicale\\\/lautonomie-de-la-corse-archetype-de-la-fausse-bonne-idee\\\/#primaryimage\"},\"image\":{\"@id\":\"https:\\\/\\\/aassdn.org\\\/amicale\\\/lautonomie-de-la-corse-archetype-de-la-fausse-bonne-idee\\\/#primaryimage\"},\"thumbnailUrl\":\"https:\\\/\\\/aassdn.org\\\/amicale\\\/wp-content\\\/uploads\\\/image-19.png\",\"datePublished\":\"2024-03-08T10:43:18+00:00\",\"dateModified\":\"2024-03-15T14:21:07+00:00\",\"breadcrumb\":{\"@id\":\"https:\\\/\\\/aassdn.org\\\/amicale\\\/lautonomie-de-la-corse-archetype-de-la-fausse-bonne-idee\\\/#breadcrumb\"},\"inLanguage\":\"fr-FR\",\"potentialAction\":[{\"@type\":\"ReadAction\",\"target\":[\"https:\\\/\\\/aassdn.org\\\/amicale\\\/lautonomie-de-la-corse-archetype-de-la-fausse-bonne-idee\\\/\"]}]},{\"@type\":\"ImageObject\",\"inLanguage\":\"fr-FR\",\"@id\":\"https:\\\/\\\/aassdn.org\\\/amicale\\\/lautonomie-de-la-corse-archetype-de-la-fausse-bonne-idee\\\/#primaryimage\",\"url\":\"https:\\\/\\\/aassdn.org\\\/amicale\\\/wp-content\\\/uploads\\\/image-19.png\",\"contentUrl\":\"https:\\\/\\\/aassdn.org\\\/amicale\\\/wp-content\\\/uploads\\\/image-19.png\",\"width\":740,\"height\":493},{\"@type\":\"BreadcrumbList\",\"@id\":\"https:\\\/\\\/aassdn.org\\\/amicale\\\/lautonomie-de-la-corse-archetype-de-la-fausse-bonne-idee\\\/#breadcrumb\",\"itemListElement\":[{\"@type\":\"ListItem\",\"position\":1,\"name\":\"Accueil\",\"item\":\"https:\\\/\\\/aassdn.org\\\/amicale\\\/\"},{\"@type\":\"ListItem\",\"position\":2,\"name\":\"L\u2019autonomie de la Corse, arch\u00e9type de la fausse bonne id\u00e9e\"}]},{\"@type\":\"WebSite\",\"@id\":\"https:\\\/\\\/aassdn.org\\\/amicale\\\/#website\",\"url\":\"https:\\\/\\\/aassdn.org\\\/amicale\\\/\",\"name\":\"AASSDN | Anciens et Amis des Services Sp\u00e9ciaux\",\"description\":\"Services sp\u00e9ciaux : Des h\u00e9ros anonymes au service exclusif de la France\",\"publisher\":{\"@id\":\"https:\\\/\\\/aassdn.org\\\/amicale\\\/#organization\"},\"potentialAction\":[{\"@type\":\"SearchAction\",\"target\":{\"@type\":\"EntryPoint\",\"urlTemplate\":\"https:\\\/\\\/aassdn.org\\\/amicale\\\/?s={search_term_string}\"},\"query-input\":{\"@type\":\"PropertyValueSpecification\",\"valueRequired\":true,\"valueName\":\"search_term_string\"}}],\"inLanguage\":\"fr-FR\"},{\"@type\":\"Organization\",\"@id\":\"https:\\\/\\\/aassdn.org\\\/amicale\\\/#organization\",\"name\":\"AASSDN | Anciens et Amis des Services Sp\u00e9ciaux\",\"url\":\"https:\\\/\\\/aassdn.org\\\/amicale\\\/\",\"logo\":{\"@type\":\"ImageObject\",\"inLanguage\":\"fr-FR\",\"@id\":\"https:\\\/\\\/aassdn.org\\\/amicale\\\/#\\\/schema\\\/logo\\\/image\\\/\",\"url\":\"https:\\\/\\\/aassdn.org\\\/amicale\\\/wp-content\\\/uploads\\\/Logo_AASSDN_transparent2.png\",\"contentUrl\":\"https:\\\/\\\/aassdn.org\\\/amicale\\\/wp-content\\\/uploads\\\/Logo_AASSDN_transparent2.png\",\"width\":1832,\"height\":1609,\"caption\":\"AASSDN | Anciens et Amis des Services Sp\u00e9ciaux\"},\"image\":{\"@id\":\"https:\\\/\\\/aassdn.org\\\/amicale\\\/#\\\/schema\\\/logo\\\/image\\\/\"}},{\"@type\":\"Person\",\"@id\":\"https:\\\/\\\/aassdn.org\\\/amicale\\\/#\\\/schema\\\/person\\\/73800712a272e6d58a10a86ea9e59671\",\"name\":\"AASSDN\",\"image\":{\"@type\":\"ImageObject\",\"inLanguage\":\"fr-FR\",\"@id\":\"https:\\\/\\\/secure.gravatar.com\\\/avatar\\\/9653808d17788562e72d77e426d8d02775774239aefd00a9b4e852423d8e9d7e?s=96&d=mm&r=g\",\"url\":\"https:\\\/\\\/secure.gravatar.com\\\/avatar\\\/9653808d17788562e72d77e426d8d02775774239aefd00a9b4e852423d8e9d7e?s=96&d=mm&r=g\",\"contentUrl\":\"https:\\\/\\\/secure.gravatar.com\\\/avatar\\\/9653808d17788562e72d77e426d8d02775774239aefd00a9b4e852423d8e9d7e?s=96&d=mm&r=g\",\"caption\":\"AASSDN\"},\"sameAs\":[\"https:\\\/\\\/aassdn.org\\\/amicale\"],\"url\":\"https:\\\/\\\/aassdn.org\\\/amicale\\\/author\\\/wordpress\\\/\"}]}<\/script>\n<!-- \/ Yoast SEO plugin. -->","yoast_head_json":{"title":"L\u2019autonomie de la Corse, arch\u00e9type de la fausse bonne id\u00e9e | AASSDN | Anciens et Amis des Services Sp\u00e9ciaux","robots":{"index":"index","follow":"follow","max-snippet":"max-snippet:-1","max-image-preview":"max-image-preview:large","max-video-preview":"max-video-preview:-1"},"canonical":"https:\/\/aassdn.org\/amicale\/lautonomie-de-la-corse-archetype-de-la-fausse-bonne-idee\/","og_locale":"fr_FR","og_type":"article","og_title":"L\u2019autonomie de la Corse, arch\u00e9type de la fausse bonne id\u00e9e | AASSDN | Anciens et Amis des Services Sp\u00e9ciaux","og_description":"Par le g\u00e9n\u00e9ral (2S) Michel Franceschi, natif et r\u00e9sident de l\u2019\u00eele.L\u2019autonomie de la Corse est \u00e0 l\u2019ordre du jour mouvement\u00e9 du gouvernement, sans que l\u2019on se soit assur\u00e9 au pr\u00e9alable de l\u2019onction de la communaut\u00e9 insulaire qu\u2019impose cette mutation institutionnelle. Ce projet s\u2019apparente ainsi \u00e0 une privatisation politique de la Corse, au profit d\u2019int\u00e9r\u00eats particuliers [&hellip;]","og_url":"https:\/\/aassdn.org\/amicale\/lautonomie-de-la-corse-archetype-de-la-fausse-bonne-idee\/","og_site_name":"AASSDN | Anciens et Amis des Services Sp\u00e9ciaux","article_published_time":"2024-03-08T10:43:18+00:00","article_modified_time":"2024-03-15T14:21:07+00:00","og_image":[{"width":740,"height":493,"url":"https:\/\/aassdn.org\/amicale\/wp-content\/uploads\/image-19.png","type":"image\/png"}],"author":"AASSDN","twitter_card":"summary_large_image","twitter_misc":{"\u00c9crit par":"AASSDN","Dur\u00e9e de lecture estim\u00e9e":"3 minutes"},"schema":{"@context":"https:\/\/schema.org","@graph":[{"@type":"Article","@id":"https:\/\/aassdn.org\/amicale\/lautonomie-de-la-corse-archetype-de-la-fausse-bonne-idee\/#article","isPartOf":{"@id":"https:\/\/aassdn.org\/amicale\/lautonomie-de-la-corse-archetype-de-la-fausse-bonne-idee\/"},"author":{"name":"AASSDN","@id":"https:\/\/aassdn.org\/amicale\/#\/schema\/person\/73800712a272e6d58a10a86ea9e59671"},"headline":"L\u2019autonomie de la Corse, arch\u00e9type de la fausse bonne id\u00e9e","datePublished":"2024-03-08T10:43:18+00:00","dateModified":"2024-03-15T14:21:07+00:00","mainEntityOfPage":{"@id":"https:\/\/aassdn.org\/amicale\/lautonomie-de-la-corse-archetype-de-la-fausse-bonne-idee\/"},"wordCount":654,"publisher":{"@id":"https:\/\/aassdn.org\/amicale\/#organization"},"image":{"@id":"https:\/\/aassdn.org\/amicale\/lautonomie-de-la-corse-archetype-de-la-fausse-bonne-idee\/#primaryimage"},"thumbnailUrl":"https:\/\/aassdn.org\/amicale\/wp-content\/uploads\/image-19.png","keywords":["annexion","Association","autonomie","Bastia","Corse","courage","fran\u00e7ais","France","gouvernement","historique","mafias","ordre","r\u00e9gions","serment"],"articleSection":["2020-2030","Actualit\u00e9s","Global","Mafias et terrorisme","Souverainet\u00e9"],"inLanguage":"fr-FR"},{"@type":"WebPage","@id":"https:\/\/aassdn.org\/amicale\/lautonomie-de-la-corse-archetype-de-la-fausse-bonne-idee\/","url":"https:\/\/aassdn.org\/amicale\/lautonomie-de-la-corse-archetype-de-la-fausse-bonne-idee\/","name":"L\u2019autonomie de la Corse, arch\u00e9type de la fausse bonne id\u00e9e | AASSDN | Anciens et Amis des Services Sp\u00e9ciaux","isPartOf":{"@id":"https:\/\/aassdn.org\/amicale\/#website"},"primaryImageOfPage":{"@id":"https:\/\/aassdn.org\/amicale\/lautonomie-de-la-corse-archetype-de-la-fausse-bonne-idee\/#primaryimage"},"image":{"@id":"https:\/\/aassdn.org\/amicale\/lautonomie-de-la-corse-archetype-de-la-fausse-bonne-idee\/#primaryimage"},"thumbnailUrl":"https:\/\/aassdn.org\/amicale\/wp-content\/uploads\/image-19.png","datePublished":"2024-03-08T10:43:18+00:00","dateModified":"2024-03-15T14:21:07+00:00","breadcrumb":{"@id":"https:\/\/aassdn.org\/amicale\/lautonomie-de-la-corse-archetype-de-la-fausse-bonne-idee\/#breadcrumb"},"inLanguage":"fr-FR","potentialAction":[{"@type":"ReadAction","target":["https:\/\/aassdn.org\/amicale\/lautonomie-de-la-corse-archetype-de-la-fausse-bonne-idee\/"]}]},{"@type":"ImageObject","inLanguage":"fr-FR","@id":"https:\/\/aassdn.org\/amicale\/lautonomie-de-la-corse-archetype-de-la-fausse-bonne-idee\/#primaryimage","url":"https:\/\/aassdn.org\/amicale\/wp-content\/uploads\/image-19.png","contentUrl":"https:\/\/aassdn.org\/amicale\/wp-content\/uploads\/image-19.png","width":740,"height":493},{"@type":"BreadcrumbList","@id":"https:\/\/aassdn.org\/amicale\/lautonomie-de-la-corse-archetype-de-la-fausse-bonne-idee\/#breadcrumb","itemListElement":[{"@type":"ListItem","position":1,"name":"Accueil","item":"https:\/\/aassdn.org\/amicale\/"},{"@type":"ListItem","position":2,"name":"L\u2019autonomie de la Corse, arch\u00e9type de la fausse bonne id\u00e9e"}]},{"@type":"WebSite","@id":"https:\/\/aassdn.org\/amicale\/#website","url":"https:\/\/aassdn.org\/amicale\/","name":"AASSDN | Anciens et Amis des Services Sp\u00e9ciaux","description":"Services sp\u00e9ciaux : Des h\u00e9ros anonymes au service exclusif de la France","publisher":{"@id":"https:\/\/aassdn.org\/amicale\/#organization"},"potentialAction":[{"@type":"SearchAction","target":{"@type":"EntryPoint","urlTemplate":"https:\/\/aassdn.org\/amicale\/?s={search_term_string}"},"query-input":{"@type":"PropertyValueSpecification","valueRequired":true,"valueName":"search_term_string"}}],"inLanguage":"fr-FR"},{"@type":"Organization","@id":"https:\/\/aassdn.org\/amicale\/#organization","name":"AASSDN | Anciens et Amis des Services Sp\u00e9ciaux","url":"https:\/\/aassdn.org\/amicale\/","logo":{"@type":"ImageObject","inLanguage":"fr-FR","@id":"https:\/\/aassdn.org\/amicale\/#\/schema\/logo\/image\/","url":"https:\/\/aassdn.org\/amicale\/wp-content\/uploads\/Logo_AASSDN_transparent2.png","contentUrl":"https:\/\/aassdn.org\/amicale\/wp-content\/uploads\/Logo_AASSDN_transparent2.png","width":1832,"height":1609,"caption":"AASSDN | Anciens et Amis des Services Sp\u00e9ciaux"},"image":{"@id":"https:\/\/aassdn.org\/amicale\/#\/schema\/logo\/image\/"}},{"@type":"Person","@id":"https:\/\/aassdn.org\/amicale\/#\/schema\/person\/73800712a272e6d58a10a86ea9e59671","name":"AASSDN","image":{"@type":"ImageObject","inLanguage":"fr-FR","@id":"https:\/\/secure.gravatar.com\/avatar\/9653808d17788562e72d77e426d8d02775774239aefd00a9b4e852423d8e9d7e?s=96&d=mm&r=g","url":"https:\/\/secure.gravatar.com\/avatar\/9653808d17788562e72d77e426d8d02775774239aefd00a9b4e852423d8e9d7e?s=96&d=mm&r=g","contentUrl":"https:\/\/secure.gravatar.com\/avatar\/9653808d17788562e72d77e426d8d02775774239aefd00a9b4e852423d8e9d7e?s=96&d=mm&r=g","caption":"AASSDN"},"sameAs":["https:\/\/aassdn.org\/amicale"],"url":"https:\/\/aassdn.org\/amicale\/author\/wordpress\/"}]}},"_links":{"self":[{"href":"https:\/\/aassdn.org\/amicale\/wp-json\/wp\/v2\/posts\/9865","targetHints":{"allow":["GET"]}}],"collection":[{"href":"https:\/\/aassdn.org\/amicale\/wp-json\/wp\/v2\/posts"}],"about":[{"href":"https:\/\/aassdn.org\/amicale\/wp-json\/wp\/v2\/types\/post"}],"author":[{"embeddable":true,"href":"https:\/\/aassdn.org\/amicale\/wp-json\/wp\/v2\/users\/1"}],"replies":[{"embeddable":true,"href":"https:\/\/aassdn.org\/amicale\/wp-json\/wp\/v2\/comments?post=9865"}],"version-history":[{"count":0,"href":"https:\/\/aassdn.org\/amicale\/wp-json\/wp\/v2\/posts\/9865\/revisions"}],"wp:featuredmedia":[{"embeddable":true,"href":"https:\/\/aassdn.org\/amicale\/wp-json\/wp\/v2\/media\/9868"}],"wp:attachment":[{"href":"https:\/\/aassdn.org\/amicale\/wp-json\/wp\/v2\/media?parent=9865"}],"wp:term":[{"taxonomy":"category","embeddable":true,"href":"https:\/\/aassdn.org\/amicale\/wp-json\/wp\/v2\/categories?post=9865"},{"taxonomy":"post_tag","embeddable":true,"href":"https:\/\/aassdn.org\/amicale\/wp-json\/wp\/v2\/tags?post=9865"}],"curies":[{"name":"wp","href":"https:\/\/api.w.org\/{rel}","templated":true}]}}