{"id":4409,"date":"2021-12-04T17:44:00","date_gmt":"2021-12-04T16:44:00","guid":{"rendered":"https:\/\/aassdn.org\/amicale\/?p=4409"},"modified":"2025-10-14T09:46:04","modified_gmt":"2025-10-14T07:46:04","slug":"josephine-baker-au-pantheon","status":"publish","type":"post","link":"https:\/\/aassdn.org\/amicale\/josephine-baker-au-pantheon\/","title":{"rendered":"Jos\u00e9phine Baker au Panth\u00e9on"},"content":{"rendered":"\n<p> <em>Par Alain Juillet et Marie Gatard<\/em> <\/p>\n\n\n\n<div class=\"wp-block-media-text alignwide has-media-on-the-right is-stacked-on-mobile\" style=\"grid-template-columns:auto 33%\"><div class=\"wp-block-media-text__content\">\n<p><strong>Avec l\u2019entr\u00e9e au Panth\u00e9on de Jos\u00e9phine Baker, beaucoup retiennent le combat d\u2019une femme qui a utilis\u00e9 sa grande notori\u00e9t\u00e9 au service de la lutte contre le racisme et pour l\u2019\u00e9mancipation des Noirs en soutenant le mouvement am\u00e9ricain des droits civiques, puis en s\u2019impliquant comme franc-ma\u00e7onne, \u00e0 partir de 1960, dans la lutte pour l\u2019\u00e9galit\u00e9 des droits pour toutes et tous. <\/strong><\/p>\n\n\n\n<p><strong>Pourtant ce n\u2019est pas seulement une femme exceptionnelle pour son action en faveur de la fraternit\u00e9 universelle, symbolis\u00e9e par la fratrie de tous les enfants qu\u2019elle a adopt\u00e9s, venus de toutes les r\u00e9gions du monde, pour toutes et tous, c\u2019est aussi la combattante pour la libert\u00e9 de la France qui est aujourd\u2019hui honor\u00e9e.<\/strong> <\/p>\n<\/div><figure class=\"wp-block-media-text__media\"><img decoding=\"async\" width=\"782\" height=\"1024\" data-src=\"https:\/\/aassdn.org\/amicale\/wp-content\/uploads\/Revue-negre_2-782x1024-1.jpg\" alt=\"\" class=\"wp-image-6445 size-full lazyload\" data-srcset=\"https:\/\/aassdn.org\/amicale\/wp-content\/uploads\/Revue-negre_2-782x1024-1.jpg 782w, https:\/\/aassdn.org\/amicale\/wp-content\/uploads\/Revue-negre_2-782x1024-1-229x300.jpg 229w, https:\/\/aassdn.org\/amicale\/wp-content\/uploads\/Revue-negre_2-782x1024-1-768x1006.jpg 768w\" data-sizes=\"(max-width: 782px) 100vw, 782px\" src=\"data:image\/svg+xml;base64,PHN2ZyB3aWR0aD0iMSIgaGVpZ2h0PSIxIiB4bWxucz0iaHR0cDovL3d3dy53My5vcmcvMjAwMC9zdmciPjwvc3ZnPg==\" style=\"--smush-placeholder-width: 782px; --smush-placeholder-aspect-ratio: 782\/1024;\" \/><\/figure><\/div>\n\n\n\n<p class=\"has-text-align-right\"><em>Jos\u00e9phine Baker \u2013 Photo Studio Harcourt (1948)<\/em><\/p>\n\n\n\n Les anciens des Services sp\u00e9ciaux sont particuli\u00e8rement fiers de voir ainsi reconnue l\u2019une des leurs mais beaucoup ignorent ce qu\u2019elle a pu faire r\u00e9ellement. C\u2019est pourquoi il a sembl\u00e9 utile aux auteurs de cet article d\u2019en raconter l\u2019histoire en utilisant les m\u00e9moires et livres qui \u00e9voquent le combat de la femme de l\u2019ombre qui prenait si bien la lumi\u00e8re.<\/p>\n\n\n\n<p>Elle ne reculera effectivement devant aucun risque pour la France.<\/p>\n\n\n\n<p>Quand elle est contact\u00e9e, d\u00e8s septembre 1939, par le capitaine Jacques Abtey, de la section allemande du contre-espionnage fran\u00e7ais dirig\u00e9 par le capitaine Paul Paillole, elle accepte imm\u00e9diatement de se mettre \u00e0 la disposition du service avec ces paroles : \u00ab&nbsp;<em>C\u2019est gr\u00e2ce \u00e0 la France que je suis devenue ce que je suis. Je lui vouerai une reconnaissance \u00e9ternelle. Les Parisiens m\u2019ont tout donn\u00e9, en particulier leur c\u0153ur, je leur ai donn\u00e9 le mien. Je suis pr\u00eate, capitaine \u00e0 leur donner aujourd\u2019hui ma vie. Vous pouvez disposer de moi comme vous l\u2019entendez<\/em>. \u00bb<\/p>\n\n\n\n<figure class=\"wp-block-embed is-type-video is-provider-youtube wp-block-embed-youtube wp-embed-aspect-16-9 wp-has-aspect-ratio\"><div class=\"wp-block-embed__wrapper\">\n<iframe title=\"Jos\u00e9phine Baker, figure embl\u00e9matique des Arm\u00e9es\" width=\"500\" height=\"281\" data-src=\"https:\/\/www.youtube.com\/embed\/P6rfcF7wk1c?feature=oembed\" frameborder=\"0\" allow=\"accelerometer; autoplay; clipboard-write; encrypted-media; gyroscope; picture-in-picture; web-share\" referrerpolicy=\"strict-origin-when-cross-origin\" allowfullscreen src=\"data:image\/svg+xml;base64,PHN2ZyB3aWR0aD0iMSIgaGVpZ2h0PSIxIiB4bWxucz0iaHR0cDovL3d3dy53My5vcmcvMjAwMC9zdmciPjwvc3ZnPg==\" class=\"lazyload\" data-load-mode=\"1\"><\/iframe>\n<\/div><figcaption class=\"wp-element-caption\">Voir la vid\u00e9o produite par le Minist\u00e8re des Arm\u00e9es<\/figcaption><\/figure>\n\n\n\n<h2 class=\"wp-block-heading\"><strong>De la mis\u00e8re \u00e0 la danse<\/strong><\/h2>\n\n\n\n<p>Danseuse aux Folies Berg\u00e8res, l\u2019artiste a alors 33 ans, elle est devenue une image mythique du music-hall.<\/p>\n\n\n\n<p>L\u2019ascension de la petite fille du Missouri a \u00e9t\u00e9 prodigieuse. Sa m\u00e8re, m\u00e9tisse noire et indienne, et son p\u00e8re, batteur de Saint Louis, d\u2019origine espagnole, qui ont mont\u00e9 un num\u00e9ro de chant et de danse, se produisent dans des bars et des music-halls.<\/p>\n\n\n\n<p>De son vrai nom Freda Mac Donald, elle est l\u2019a\u00een\u00e9e de la famille, mais, un an apr\u00e8s sa naissance, son p\u00e8re quitte sa m\u00e8re, et celle-ci, qui tient la petite fille pour responsable, se comporte avec une grande brutalit\u00e9. Le froid, la puan- teur, la mis\u00e8re sont le terreau de son enfance. \u00c0 huit ans, elle travaille comme bonne \u00e0 tout faire dans la maison d\u2019une blanche, o\u00f9 elle dort avec le chien pr\u00e8s du tas de charbon. Elle est tir\u00e9e de cet univers quand sa patronne l\u2019\u00e9bouillante pour la punir, des voisins ayant entendu les cris de l\u2019enfant. \u00c0 onze ans, elle assiste \u00e0 un \u00e9v\u00e9nement qui la marquera \u00e0 jamais, l\u2019\u00e9meute raciale du ghetto de East Saint Louis. Des gens ont \u00e9t\u00e9 br\u00fbl\u00e9s dans l\u2019incendie, elle voit s\u2019enfuir les fugitifs traqu\u00e9s comme des b\u00eates. \u00c0 treize ans, apr\u00e8s une rupture violente avec sa m\u00e8re, elle se marie, pour peu de temps, avec un gar\u00e7on de wagon-lit, Willie Wells.<\/p>\n\n\n\n<div class=\"wp-block-media-text alignwide is-stacked-on-mobile\"><figure class=\"wp-block-media-text__media\"><img decoding=\"async\" width=\"464\" height=\"464\" data-src=\"https:\/\/aassdn.org\/amicale\/wp-content\/uploads\/cropped-Baker_Harcourt_1940_21-e1635846798935.jpg\" alt=\"\" class=\"wp-image-4415 size-full lazyload\" data-srcset=\"https:\/\/aassdn.org\/amicale\/wp-content\/uploads\/cropped-Baker_Harcourt_1940_21-e1635846798935.jpg 464w, https:\/\/aassdn.org\/amicale\/wp-content\/uploads\/cropped-Baker_Harcourt_1940_21-e1635846798935-300x300.jpg 300w, https:\/\/aassdn.org\/amicale\/wp-content\/uploads\/cropped-Baker_Harcourt_1940_21-e1635846798935-150x150.jpg 150w\" data-sizes=\"(max-width: 464px) 100vw, 464px\" src=\"data:image\/svg+xml;base64,PHN2ZyB3aWR0aD0iMSIgaGVpZ2h0PSIxIiB4bWxucz0iaHR0cDovL3d3dy53My5vcmcvMjAwMC9zdmciPjwvc3ZnPg==\" style=\"--smush-placeholder-width: 464px; --smush-placeholder-aspect-ratio: 464\/464;\" \/><\/figure><div class=\"wp-block-media-text__content\">\n<p>La danse est d\u00e9j\u00e0 son univers. Dans les rues de Saint Louis, elle a appris les mouvements typiques des danseurs de jazz des ann\u00e9es 20 aux \u00c9tats-Unis. \u00c9lev\u00e9e dans la tradition baptiste, elle aime les c\u00e9r\u00e9monies religieuses o\u00f9 musique et rythme entra\u00eenent les fid\u00e8les qui tapent des pieds, battent des mains, se balancent dans une atmosph\u00e8re hypnotique. Elle est impr\u00e9gn\u00e9e de l\u2019id\u00e9e que l\u2019\u00e2me peut s\u2019exprimer \u00e0 travers le corps.<\/p>\n\n\n\n<p>C\u2019est ainsi qu\u2019apr\u00e8s avoir \u00e9t\u00e9 serveuse, elle se joint \u00e0 un groupe familial de musiciens de rue, o\u00f9 elle apprend \u00e0 jouer du trombone. C\u2019est l\u00e0 qu\u2019elle \u00e9pouse, \u00e0 quinze ans, Willie Baker, dont elle gardera le nom, et qu\u2019elle r\u00e9alise son r\u00eave, entrer dans le corps de ballet d\u2019un groupe en tourn\u00e9e. Elle y joue d\u2019abord les rempla\u00e7antes, mais finit par se faire conna\u00eetre dans le r\u00f4le de girl comique : elle grimace, se d\u00e9m\u00e8ne avec un entrain irr\u00e9sistible, capable de n\u2019importe quelle posture sans jamais arr\u00eater de loucher.<\/p>\n<\/div><\/div>\n\n\n\n<h2 class=\"wp-block-heading\"><strong>Scandale et enthousiasme : la Revue n\u00e8gre<\/strong><\/h2>\n\n\n\n<p>\u00c0 la m\u00eame \u00e9poque \u00e0 Paris, en 1925, s\u00e9vit un v\u00e9ritable engouement des artistes pour l\u2019exotisme, en particulier pour l\u2019art africain. Le peintre Fernand L\u00e9ger, qui vient de voir l\u2019exposition d\u2019art n\u00e8gre au mus\u00e9e des Arts d\u00e9coratifs, sugg\u00e8re \u00e0 l\u2019administrateur du th\u00e9\u00e2tre des Champs-\u00c9lys\u00e9es de pr\u00e9senter un spectacle enti\u00e8rement r\u00e9alis\u00e9 par des Noirs. La troupe dont fait partie Jos\u00e9phine est pressentie. Elle a alors dix-neuf ans, danse en solo et commence \u00e0 faire parler d\u2019elle. C\u2019est son premier contact avec la France.<\/p>\n\n\n\n<p>De ce pays, Jos\u00e9phine attend tout et, surtout, d\u2019y \u00e9chapper \u00e0 une discrimination raciale particuli\u00e8rement lourde \u00e0 l\u2019\u00e9poque dans son pays. Paris lui offrira plus qu\u2019une terre d\u2019accueil, il fera d\u2019elle une star. Mais si ce corps se dresse comme une \u0153uvre qui exalte le monde des arts, si le nom de Jos\u00e9phine Baker est aussi synonyme de libert\u00e9 et d\u2019ouverture sur le monde, l\u2019\u00c9ros, propice aux fantasmes, indigne certains. Les catholiques s\u2019offusquent, au point que l\u2019\u00c9glise en vient \u00e0 s\u2019alarmer. Pourtant, la star d\u00e9cide de rester en France.<\/p>\n\n\n\n<p>Elle devient la compagne de Giuseppe Abatino, dit Pepito, qui passe pour un gigolo et se r\u00e9v\u00e9lera \u00eatre, durant leur union de dix ans, un remarquable impresario. C\u2019est lui qui organise pour elle une tourn\u00e9e mondiale. Celle-ci d\u00e9bute \u00e0 Vienne o\u00f9 des \u00e9tudiants de droite veulent emp\u00eacher les artistes de couleur de se produire. L\u2019\u00c9glise, offusqu\u00e9e par des exhibitions de sensualit\u00e9 aussi tumultueuse, s\u2019en m\u00eale. Jos\u00e9phine est horrifi\u00e9e. En Argentine aussi, dit-elle, \u00ab&nbsp;<em>les partis catholiques m\u2019ont traqu\u00e9e de gare en gare, de ville en ville, d\u2019une sc\u00e8ne \u00e0 l\u2019autre<\/em>&nbsp;\u00bb. En 1929, la police de Munich interdit le spectacle.<\/p>\n\n\n\n<p>Arrivent les ann\u00e9es 30. Elle a retrouv\u00e9 la France, seul pays pour elle \u00ab&nbsp;<em>o\u00f9 l\u2019on puisse vivre facilement<\/em>&nbsp;\u00bb. Elle est danseuse au Casino de Paris, devenu music-hall respectable. Jos\u00e9phine s\u2019est &nbsp;transform\u00e9e : &nbsp;elle est v\u00eatue avec simplicit\u00e9 et s\u2019est mise \u00e0 chanter.&nbsp;<em>La petite Tonkinoise&nbsp;<\/em>et J\u2019ai&nbsp;<em>deux amours&nbsp;<\/em>sont sur toutes les l\u00e8vres. En 1934, elle tentera l\u2019op\u00e9rette et remportera un vrai succ\u00e8s dans le r\u00f4le de&nbsp;<em>La Cr\u00e9ole&nbsp;<\/em>d\u2019Offenbach.<\/p>\n\n\n\n<p>Pourtant son d\u00e9sir de retourner dans son pays pour s\u2019y imposer \u00e0 Broadway se soldera par un \u00e9chec. Comprenant qu\u2019elle n\u2019y a d\u00e9finitivement pas sa place, elle rentre \u00e0 Paris mener une nouvelle revue aux Folies Berg\u00e8res. Pepito est mort brutalement au printemps 1936. En 1937, en \u00e9pousant Jean Lion, un riche courtier en sucre, elle obtient la nationalit\u00e9 fran\u00e7aise. La m\u00eame ann\u00e9e elle passe le brevet de pilote.<\/p>\n\n\n\n<figure class=\"wp-block-embed is-type-video is-provider-youtube wp-block-embed-youtube wp-embed-aspect-4-3 wp-has-aspect-ratio\"><div class=\"wp-block-embed__wrapper\">\n<iframe title=\"Jos\u00e9phine Baker &quot;J&#039;ai deux amours&quot; (live officiel) | Archive INA\" width=\"500\" height=\"375\" data-src=\"https:\/\/www.youtube.com\/embed\/gRfrUdsL4Pk?feature=oembed\" frameborder=\"0\" allow=\"accelerometer; autoplay; clipboard-write; encrypted-media; gyroscope; picture-in-picture; web-share\" referrerpolicy=\"strict-origin-when-cross-origin\" allowfullscreen src=\"data:image\/svg+xml;base64,PHN2ZyB3aWR0aD0iMSIgaGVpZ2h0PSIxIiB4bWxucz0iaHR0cDovL3d3dy53My5vcmcvMjAwMC9zdmciPjwvc3ZnPg==\" class=\"lazyload\" data-load-mode=\"1\"><\/iframe>\n<\/div><\/figure>\n\n\n\n<h2 class=\"wp-block-heading\"><strong>La star et le contre-espionnage<\/strong><\/h2>\n\n\n\n<p>Quand \u00e9clate la guerre, en 1939, la star noire est en quelque sorte rattrap\u00e9e par le racisme. On entendait d\u00e9j\u00e0 les accents du nazisme et les cruaut\u00e9s de l\u2019id\u00e9al aryen. Les nazis consid\u00e8rent les Noirs comme une menace pour la \u00ab&nbsp;<em>race blanche<\/em>&nbsp;\u00bb.C\u2019est un agent de th\u00e9\u00e2tre qui la met en rapport avec le capitaine Jacques Abtey, un Alsacien de 33 ans, \u00e9nergique et sportif, un blond au front haut et aux yeux bleu p\u00e2le.<\/p>\n\n\n\n<p>Avant la guerre d\u00e9j\u00e0, le chef de la section des services secrets travaillant contre l\u2019Allemagne avait eu l\u2019id\u00e9e d\u2019utiliser des com\u00e9diens fran\u00e7ais \u00e0 l\u2019occasion de leurs d\u00e9placements \u00e0 l\u2019\u00e9tranger.<\/p>\n\n\n\n<p>\u00ab &nbsp;<em>Quand &nbsp;le jeune capitaine Abtey me parla pour &nbsp;la premi\u00e8re fois &nbsp;de Jos\u00e9phine Baker, dira le colonel Paillole, je fus r\u00e9ticent. Nous nous m\u00e9fions au 2e Bureau des enthousiasmes \u00e0 la Mata Hari. Je craignais qu\u2019elle soit une de<\/em> <em>ces personnalit\u00e9s brillantes du monde du spectacle qui, \u00e0 l\u2019\u00e9preuve d\u2019un vrai danger, bien diff\u00e9rent de leurs affres habituelles, se cassent comme du verre ; il me dit que Jos\u00e9phine, c\u2019\u00e9tait de l\u2019acier<\/em>. \u00bb Sous la coupe de Jacques Abtey, Jos\u00e9phine Baker devient&nbsp;<em>honorable correspondant<\/em>.<\/p>\n\n\n\n<p>Elle \u00ab<em>&nbsp;ignorait tout du service de renseignements et devint rapidement un H.C. de tout premier ordre<\/em>, dit Abtey.&nbsp;<em>Cette femme universellement connue n\u2019avait rien d\u2019une barbouze. On se doute qu\u2019elle n\u2019op\u00e9rait pas davantage en manteau couleur passe-muraille. Ce fut pr\u00e9cis\u00e9ment en tant que Jos\u00e9phine Baker qu\u2019elle n\u2019attirait pas l\u2019attention sur son activit\u00e9 secr\u00e8te<\/em>. (\u2026)&nbsp;<em>Mieux, je parvins moi-m\u00eame en certaines circonstances \u00e0 passer compl\u00e8tement inaper\u00e7u en voyageant aupr\u00e8s d\u2019elle avec un faux passeport en qualit\u00e9 de secr\u00e9taire ou d\u2019artiste<\/em>. \u00bb<\/p>\n\n\n\n<h2 class=\"wp-block-heading\"><strong>\u00ab Mission accomplie ! \u00bb<\/strong><\/h2>\n\n\n\n<p>Une longue route d\u2019aventures va commencer pour Jos\u00e9phine et son \u00ab officier traitant \u00bb. Le monde du renseignement de la vedette devient vite celui des ministres, des ambassades, voire des rois.<\/p>\n\n\n\n<p>En 1940, Jacques Abtey est charg\u00e9 d\u2019\u00e9tablir, pour les Services sp\u00e9ciaux fran\u00e7ais, une liaison avec l\u2019Intelligence Service, en vue d\u2019un \u00e9change permanent de renseignements et afin de recevoir des consignes pour l\u2019action commune. Il est d\u00e9cid\u00e9 qu\u2019il va accompagner la star dans sa tourn\u00e9e au Portugal et en Am\u00e9rique du Sud ; il se fondra dans la troupe avec un passeport au nom de Jacques-Fran\u00e7ois H\u00e9bert. Jos\u00e9phine commence son travail de couverture, qui implique d\u2019\u00e9normes risques, d\u2019autant qu\u2019elle fait inscrire sur le passeport de son co\u00e9quipier \u00ab&nbsp;<em>accompagne madame Jos\u00e9phine Baker<\/em>&nbsp;\u00bb.<\/p>\n\n\n\n<p>Pour ce premier voyage, ils partent avec une synth\u00e8se des renseignements recueillis jusque-l\u00e0 par le service de Paul Paillole, reproduite en langage chiffr\u00e9 et \u00e0 l\u2019encre sympathique (emplacement des principales divisions allemandes, effectifs, mat\u00e9riel, terrains d\u2019aviation et m\u00eame une photo d\u2019une p\u00e9niche que les Allemands projettent d\u2019utiliser pour une invasion de l\u2019Angleterre).<\/p>\n\n\n\n<p>Tout le monde se presse pour voir la vedette, Abtey passe inaper\u00e7u, il fait pour ainsi dire partie des bagages. \u00c0 l\u2019ambassade de Lisbonne, par l\u2019attach\u00e9 de l\u2019Air anglais, il entre en contact avec un membre de l\u2019Intelligence Service. Jos\u00e9phine, revenue seule \u00e0 Paris, pourra dire \u00e0 Paillole : \u00ab&nbsp;<em>Mission accomplie<\/em>&nbsp;! \u00bb<\/p>\n\n\n\n<p>Comme elle a besoin de renflouer ses finances, entam\u00e9es par l\u2019exp\u00e9dition \u00e0 Lisbonne qu\u2019elle a tenu \u00e0 assumer, elle reprend \u00e0 Marseille&nbsp;<em>La Cr\u00e9ole<\/em>. \u00c0 partir de ce moment, elle n\u2019acceptera jamais aucune aide p\u00e9cuniaire pour tout ce qu\u2019elle fera pour la R\u00e9sistance ou les soldats de l\u2019Alliance.<\/p>\n\n\n\n<p>Abtey est rest\u00e9 \u00e0 Lisbonne pour mettre sur pied les modalit\u00e9s de collaboration avec les Anglais. Le service fran\u00e7ais sera bas\u00e9 \u00e0 Casablanca et les courriers transiteront par le Portugal. Rentr\u00e9 \u00e0 Marseille pour la premi\u00e8re d\u2019un spectacle de Jos\u00e9phine, il lui dit qu\u2019il a besoin d\u2019elle pour la suite de ses missions et qu\u2019ils vont s\u2019installer au Maroc. N\u2019h\u00e9sitant pas un instant, elle interrompt les repr\u00e9sentations pour cause de maladie et fait prendre ses bagages dans son ch\u00e2teau de Dordogne. Mais elle tient \u00e0 ses animaux et l\u2019on voit arriver dans sa cabine du bateau en partance pour l\u2019Afrique du Nord : son danois, sa guenon, son singe-lion, son ouistiti, et ses deux souris blanches.<\/p>\n\n\n\n<p>Ils embarquent aussi avec la derni\u00e8re synth\u00e8se de renseignements. Mais, arriv\u00e9 \u00e0 Casablanca, Abtey a de telles difficult\u00e9s pour obtenir un visa pour Lisbonne que Jos\u00e9phine d\u00e9cide d\u2019y aller \u00e0 sa place. \u00ab&nbsp;<em>Dans une valise<\/em>, dira- t-il,&nbsp;<em>elle emmenait la synth\u00e8se de Paillole que je lui avais transcrite \u00e0 l\u2019encre sympathique sur une partition de musique. De me voir \u00e9crire avec de l\u2019eau&nbsp;<\/em>l\u2019avait bien amus\u00e9e<em>. C\u2019\u00e9tait la premi\u00e8re mission qu\u2019elle allait accomplir seule \u00e0 l\u2019\u00e9tranger. \u00bb Pour justifier sa pr\u00e9sence \u00e0 Lisbonne, elle y donne quelques repr\u00e9sentations et revient radieuse<\/em>.\u00bb<\/p>\n\n\n\n<h2 class=\"wp-block-heading\"><strong>Mosa\u00efques, orangers et colonnes de marbre<\/strong><\/h2>\n\n\n\n<p>Elle se replie alors \u00e0 Marrakech o\u00f9 deux personnalit\u00e9s lui ont ouvert les bras : un cousin germain du sultan, S.A. Moulay Larbi el-Alaou\u00ef, et le pacha de Marrakech, S.E. Si Thami el-Glaoui. S\u00e9duite par cette ville, elle s\u2019installe avec sa suite, dont Abtey, dans une demeure de r\u00eave au fond d\u2019une impasse de la M\u00e9dina : vestibule couvert de mosa\u00efques, jardin int\u00e9rieur \u00e0 colonnes de marbre, orangers, fontaine gazouillante. Elle est frapp\u00e9e par la spiritualit\u00e9 qui \u00e9mane de cette f\u00e9erie. Mais le travail continue.<\/p>\n\n\n\n<p>Malgr\u00e9 les dangers qu\u2019il y a pour elle \u00e0 aller en Espagne, alors sous tutelle occulte des Allemands, elle d\u00e9cide de s\u2019y produire, ce voyage \u00e9tant favorable \u00e0 leur mission. Elle en reviendra avec, fix\u00e9es \u00e0 ses sous-v\u00eatements par une \u00e9pingle de nourrice, les notes qu\u2019elle a prises sur les ambassades et les milieux politiques espagnols.<\/p>\n\n\n\n<p>Mais, soudain, sa sant\u00e9 arr\u00eate son \u00e9lan : elle a une p\u00e9ritonite et son cas est des plus s\u00e9rieux. Un lit de camp est dress\u00e9 aupr\u00e8s d\u2019elle pour Abtey qui la veille, mais doit souvent la quitter pour les besoins de sa mission. Elle l\u2019aide encore \u00e0 sa mani\u00e8re : sous pr\u00e9texte de visites \u00e0 la malade, il peut donner dans sa chambre la plupart de ses rendez-vous clandestins.<\/p>\n\n\n\n<p>Cependant, de rechute en rechute, Jos\u00e9phine m\u00e8ne une incessante lutte pour la vie, qui va durer dix-neuf mois.<\/p>\n\n\n\n<p>Un jour, elle voit arriver \u00e0 son chevet un grand gaillard au visage ouvert, le vice-consul am\u00e9ricain Bartlett : \u00ab&nbsp;<em>Miss Baker \u00e9tant d\u2019origine am\u00e9ricaine, dit-il, personne ne trouvera surprenant que je lui fasse des visites<\/em>. \u00bb Abtey a en effet \u00e9tabli de nouveaux contacts avec les Am\u00e9ricains, entr\u00e9s dans la guerre. C\u2019est ce m\u00eame Bartlett qui leur annoncera un jour : de graves \u00e9v\u00e9nements se pr\u00e9parent.<\/p>\n\n\n\n<p>\u00c0 la mi-octobre 1942, on offre \u00e0 Abtey de diriger le 2e &nbsp;Bureau de l\u2019\u00e9tat-major militaire d\u2019un mouvement de France Combattante qui vient de se former \u00e0 Casablanca. Et les agents de Paillole ont \u00e9t\u00e9 pressentis pour neutraliser, sous la direction du g\u00e9n\u00e9ral B\u00e9thouart, le commandement sup\u00e9rieur des troupes du Maroc qui sont sous la direction du gouvernement de Vichy.<\/p>\n\n\n\n<p>Le 8 novembre 1942, la DCA se d\u00e9cha\u00eene contre les premiers avions alli\u00e9s, c\u2019est le d\u00e9but du d\u00e9barquement en Afrique du Nord. Jos\u00e9phine exulte, Abtey la voit \u00ab&nbsp;<em>bondir de son lit m\u00e9tallique, se lancer sur la terrasse, son maigre corps v\u00eatu d\u2019un pantalon de pyjama et d\u2019un m\u00e9chant tricot, les pieds nus \u00bb et, levant un poing vers le ciel : \u00ab Je vous l\u2019avais toujours dit ! C\u2019est cela les Am\u00e9ricains !<\/em>&nbsp;\u00bb Elle suit la bataille du toit de la clinique.<\/p>\n\n\n\n<p>Le deuxi\u00e8me jour des combats, elle tient, malgr\u00e9 sa faiblesse, \u00e0 accompagner les repr\u00e9sentants de la France Combattante qui vont se mettre \u00e0 la disposition de l\u2019\u00e9tat-major am\u00e9ricain : une civi\u00e8re leur permettra de se d\u00e9placer sous la protection d\u2019une ambulance de la Croix-Rouge.<\/p>\n\n\n\n<h2 class=\"wp-block-heading\"><strong>Des milliers de soldats l\u2019\u00e9coutent chanter<\/strong><\/h2>\n\n\n\n<p>Enfin, le 1er \u00a0d\u00e9cembre, Jos\u00e9phine quitte la clinique. \u00c0 Marrakech, Si Mohamed Menebhi met \u00e0 sa disposition un pavillon de son palais. Mais une paratypho\u00efde la terrasse \u00e0 nouveau et elle enrage de ne pouvoir s\u2019engager aux c\u00f4t\u00e9s de son officier traitant. Pourtant, le 1er \u00a0f\u00e9vrier, \u00e0 peine r\u00e9tablie et les cicatrices des interventions chirurgicales qu\u2019elle a subies lors de son long s\u00e9jour \u00e0 la clinique n\u2019\u00e9tant pas enti\u00e8rement referm\u00e9es, pour aider les gens de sa couleur, elle monte sur les planches dans un foyer de soldats am\u00e9ricains noirs (les blancs ont leur propre club). Le g\u00e9n\u00e9ral Clark, qui assiste au spectacle, viendra la f\u00e9liciter \u00e0 la r\u00e9ception o\u00f9 l\u2019on verra les plus hauts grad\u00e9s de l\u2019arm\u00e9e interalli\u00e9e. Elle rena\u00eet \u00e0 sa vie de star et se met \u00e0 la disposition du haut commandement des troupes engag\u00e9es, pour donner gratuitement des spectacles pour soutenir le moral des soldats. Et, alors qu\u2019elle n\u2019a plus un sou et qu\u2019elle doit, pour se renflouer, donner une s\u00e9rie de repr\u00e9sentations au\u00a0<em>Rialto\u00a0<\/em>\u00e0 Casablanca, la premi\u00e8re est un gala au profit de la Croix-Rouge fran\u00e7aise. Le succ\u00e8s est \u00e9norme.\u00a0<em>J\u2019ai deux amours, mon pays et Paris\u00a0<\/em>d\u00e9cha\u00eene une \u00e9motion parfois d\u00e9chirante.<\/p>\n\n\n\n<p>Et, tandis qu\u2019Abtey, qui a quitt\u00e9 le Corps franc coiff\u00e9 par Giraud, attend l\u2019occasion de s\u2019envoler pour rejoindre de Gaulle, elle fait le tour des can- tonnements (pr\u00e8s de 300.000 hommes sont sous la tente ou dans des bara- quements). Plusieurs fois par jour, elle monte sur les tr\u00e9teaux ; sa loge est une tente. Pr\u00e8s d\u2019Oran, la sc\u00e8ne est dress\u00e9e au milieu d\u2019un champ, plusieurs milliers de soldats l\u2019entourent. \u00c0 Mostaganem, on lui demande de chanter sur la place publique car les militaires sont en butte \u00e0 l\u2019hostilit\u00e9 de la population, majoritairement italienne et espagnole, et le chef d\u2019\u00e9tat-major a d\u00e9cid\u00e9 de les m\u00ealer \u00e0 la foule, esp\u00e9rant susciter le pouvoir rassembleur de l\u2019artiste. <\/p>\n\n\n\n<p class=\"wp-embed-aspect-4-3 wp-has-aspect-ratio\"><\/p>\n\n\n\n<p class=\"wp-embed-aspect-4-3 wp-has-aspect-ratio\">Tout en chantant, elle descend parmi les spectateurs, prenant des b\u00e9b\u00e9s dans ses bras et les remettant aux soldats. C\u2019est ainsi qu\u2019elle r\u00e9ussit \u00e0 cr\u00e9er cette atmosph\u00e8re de fraternit\u00e9 \u00e0 laquelle elle aspire tant.<\/p>\n\n\n\n<h2 class=\"wp-block-heading\"><strong>Des milliers de kilom\u00e8tres \u00e0 travers le d\u00e9sert<\/strong><\/h2>\n\n\n\n<p>Quand elle rentre, \u00e9puis\u00e9e, Paillole et de nombreux membres du 2e Bureau sont arriv\u00e9s \u00e0 Alger, ainsi que le g\u00e9n\u00e9ral Catroux, repr\u00e9sentant de Gaulle. Abtey se met au service du BCRA, tandis que Jos\u00e9phine accepte une tourn\u00e9e dans les camps britanniques de Libye et d\u2019\u00c9gypte. On pourrait croire que son activit\u00e9 dans la R\u00e9sistance va s\u2019arr\u00eater l\u00e0, d\u2019autant qu\u2019il n\u2019est pas question pour elle de rentrer en France o\u00f9, depuis 1941, les nazis ont interdit l\u2019entr\u00e9e en zone occup\u00e9e de toute personne de couleur.<\/p>\n\n\n\n<figure class=\"wp-block-image\"><img decoding=\"async\" data-src=\"https:\/\/european-security.com\/wp-content\/uploads\/2021\/11\/baker_josephine-1024x665.jpg\" alt=\"baker josephine\" class=\"wp-image-6542 lazyload\" src=\"data:image\/svg+xml;base64,PHN2ZyB3aWR0aD0iMSIgaGVpZ2h0PSIxIiB4bWxucz0iaHR0cDovL3d3dy53My5vcmcvMjAwMC9zdmciPjwvc3ZnPg==\" style=\"--smush-placeholder-width: 1024px; --smush-placeholder-aspect-ratio: 1024\/665;\" \/><figcaption class=\"wp-element-caption\"><strong>Le SLT Josephine Baker avec Alla Dumesnil-Gillet CDT les formations f\u00e9minines de l\u2019air \u2013 Photo Archives AASSDN<\/strong><\/figcaption><\/figure>\n\n\n\n<p>Pourtant, les deux co\u00e9quipiers vont continuer \u00e0 lutter ensemble, mais leur action prend une autre tournure. Il ne s\u2019agit plus d\u2019\u0153uvrer contre les services allemands, mais d\u2019observer le monde musulman o\u00f9 les rivalit\u00e9s ancestrales ressurgissent. Jos\u00e9phine a une grande connaissance du milieu arabe et, si elle met les int\u00e9r\u00eats de la France au-dessus de tout, elle aime sinc\u00e8rement ses amis musulmans. C\u2019est dans cet esprit qu\u2019elle va travailler.<\/p>\n\n\n\n<p>Accompagn\u00e9e d\u2019Abtey, elle part donc pour le Moyen-Orient. Sous couvert d\u2019une tourn\u00e9e de propagande, sous le haut patronage de De Gaulle et au profit de la R\u00e9sistance en m\u00e9tropole, elle donnera des spectacles devant les troupes FFL.<\/p>\n\n\n\n<figure class=\"wp-block-gallery has-nested-images columns-default is-cropped wp-block-gallery-1 is-layout-flex wp-block-gallery-is-layout-flex\">\n<figure class=\"wp-block-image size-large\"><a href=\"https:\/\/aassdn.org\/amicale\/wp-content\/uploads\/De-Gaulle_Lettre-Josephine-Baker_1-762x1024.jpg\"><img decoding=\"async\" width=\"762\" height=\"1024\" data-id=\"5026\" data-src=\"https:\/\/aassdn.org\/amicale\/wp-content\/uploads\/De-Gaulle_Lettre-Josephine-Baker_1-762x1024.jpg\" alt=\"\" class=\"wp-image-5026 lazyload\" data-srcset=\"https:\/\/aassdn.org\/amicale\/wp-content\/uploads\/De-Gaulle_Lettre-Josephine-Baker_1-762x1024.jpg 762w, https:\/\/aassdn.org\/amicale\/wp-content\/uploads\/De-Gaulle_Lettre-Josephine-Baker_1-223x300.jpg 223w, https:\/\/aassdn.org\/amicale\/wp-content\/uploads\/De-Gaulle_Lettre-Josephine-Baker_1-768x1031.jpg 768w, https:\/\/aassdn.org\/amicale\/wp-content\/uploads\/De-Gaulle_Lettre-Josephine-Baker_1.jpg 1000w\" data-sizes=\"(max-width: 762px) 100vw, 762px\" src=\"data:image\/svg+xml;base64,PHN2ZyB3aWR0aD0iMSIgaGVpZ2h0PSIxIiB4bWxucz0iaHR0cDovL3d3dy53My5vcmcvMjAwMC9zdmciPjwvc3ZnPg==\" style=\"--smush-placeholder-width: 762px; --smush-placeholder-aspect-ratio: 762\/1024;\" \/><\/a><\/figure>\n\n\n\n<figure class=\"wp-block-image size-large\"><a href=\"https:\/\/aassdn.org\/amicale\/wp-content\/uploads\/de-Gaulle-Lettre-Josephine-Baker_2-1355x1536-1-903x1024.jpg\"><img decoding=\"async\" width=\"903\" height=\"1024\" data-id=\"5025\" data-src=\"https:\/\/aassdn.org\/amicale\/wp-content\/uploads\/de-Gaulle-Lettre-Josephine-Baker_2-1355x1536-1-903x1024.jpg\" alt=\"\" class=\"wp-image-5025 lazyload\" data-srcset=\"https:\/\/aassdn.org\/amicale\/wp-content\/uploads\/de-Gaulle-Lettre-Josephine-Baker_2-1355x1536-1-903x1024.jpg 903w, https:\/\/aassdn.org\/amicale\/wp-content\/uploads\/de-Gaulle-Lettre-Josephine-Baker_2-1355x1536-1-265x300.jpg 265w, https:\/\/aassdn.org\/amicale\/wp-content\/uploads\/de-Gaulle-Lettre-Josephine-Baker_2-1355x1536-1-768x871.jpg 768w, https:\/\/aassdn.org\/amicale\/wp-content\/uploads\/de-Gaulle-Lettre-Josephine-Baker_2-1355x1536-1.jpg 1355w\" data-sizes=\"(max-width: 903px) 100vw, 903px\" src=\"data:image\/svg+xml;base64,PHN2ZyB3aWR0aD0iMSIgaGVpZ2h0PSIxIiB4bWxucz0iaHR0cDovL3d3dy53My5vcmcvMjAwMC9zdmciPjwvc3ZnPg==\" style=\"--smush-placeholder-width: 903px; --smush-placeholder-aspect-ratio: 903\/1024;\" \/><\/a><\/figure>\n<\/figure>\n\n\n\n<p>Toujours b\u00e9n\u00e9vole, pour pouvoir financer l\u2019entreprise, Jos\u00e9phine donne une grande soir\u00e9e au th\u00e9\u00e2tre municipal d\u2019Alger. De Gaulle est parmi les spectateurs, il la f\u00e9licite et lui fait remettre une petite croix de Lorraine en or. Il faut dire que Jos\u00e9phine a un drapeau fran\u00e7ais de dix m\u00e8tres orn\u00e9 d\u2019une immense croix de Lorraine, qu\u2019elle a d\u00e9ploy\u00e9 sur la sc\u00e8ne. Elle le d\u00e9ploiera tout au long de sa tourn\u00e9e.<\/p>\n\n\n\n<p>Elle sugg\u00e8re d\u2019emmener avec eux un de ces amis, Madani Glaoui, neveu du pacha de Marrakech, un jeune homme plein de gr\u00e2ce et d\u2019allant, acquis \u00e0 de Gaulle, et dont le nom est susceptible de leur ouvrir des portes. Et les voil\u00e0 partis pour un extraordinaire p\u00e9riple, tous les trois en jeep, les bagages suivant dans un autre v\u00e9hicule, Jos\u00e9phine en tenue militaire de campagne. Elle va faire ainsi des milliers de kilom\u00e8tres \u00e0 travers le d\u00e9sert.<\/p>\n\n\n\n<p>\u00c0 Sfax, ville d\u00e9truite, elle offre la recette aux sinistr\u00e9s. \u00c0 Alexandrie, le trio est invit\u00e9 par le prince Mohamed Ali qui s\u2019int\u00e9resse \u00e0 leur mission. Au Caire, grande soir\u00e9e franco-\u00e9gyptienne pr\u00e9sid\u00e9e par le roi Farouk et banquet en l\u2019honneur de la star. \u00c0 Beyrouth, pr\u00e9sident de la R\u00e9publique sortant, ambassadeur et t\u00eates couronn\u00e9es de Gr\u00e8ce. Pour augmenter la recette au profit de la R\u00e9sistance, Jos\u00e9phine met aux ench\u00e8res la croix de Lorraine en or offerte par de Gaulle : elle atteint 350.000 francs.<\/p>\n\n\n\n<p>Damas, J\u00e9rusalem, Tel-Aviv, Jaffa, Haiffa, puis Le Caire \u00e0 nouveau ; sur toutes les sc\u00e8nes, Jos\u00e9phine fait flotter son grand drapeau, symbole de la r\u00e9surrection de la France. Bilan de la mission : une action de propagande et plus de trois millions de francs pour la R\u00e9sistance.<\/p>\n\n\n\n<p>Cependant, \u00e0 Beyrouth, \u00e0 l\u2019\u00e9lection du nouveau pr\u00e9sident de la R\u00e9publique libanaise, le candidat fran\u00e7ais est battu, l\u2019union arabe marque le premier point. Les renseignements recueillis par Abtey sont tous transmis \u00e0 Alger et, devant la r\u00e9volte grondant au Liban et les manifestations du Caire, ce dernier d\u00e9cide de rentrer le plus rapidement possible dans la capitale alg\u00e9rienne pour rapporter de vive voix les suggestions faites par les personnalit\u00e9s libanaises rencontr\u00e9es.<\/p>\n\n\n\n<p>L\u2019\u00e9chec de la France au Moyen-Orient occupe les esprits et change d\u00e9j\u00e0 les mentalit\u00e9s. Impression des deux co\u00e9quipiers : \u00ab&nbsp;<em>le torchon br\u00fble<\/em>&nbsp;\u00bb. Les mouvements nationalistes int\u00e9ressent les services de renseignements fran\u00e7ais, autant qu\u2019am\u00e9ricains et britanniques.<\/p>\n\n\n\n<p>Mais Jos\u00e9phine paie son infernale randonn\u00e9e dans le d\u00e9sert et doit \u00eatre op\u00e9r\u00e9e d\u2019urgence d\u2019une occlusion intestinale. Le palais Menebhi, o\u00f9 elle est en convalescence, est un lieu privil\u00e9gi\u00e9 d\u2019observation pour juger de l\u2019\u00e9volution des dispositions des notables marocains \u00e0 l\u2019\u00e9gard de la France.<\/p>\n\n\n\n<p>\u00c0 la veille du D\u00e9barquement en France sur les c\u00f4tes normandes, elle accepte une tourn\u00e9e de propagande au profit de la France libre, en Corse, qui vient d\u2019\u00eatre lib\u00e9r\u00e9e ; le but est, l\u00e0, une d\u00e9monstration \u00e0 l\u2019intention des Am\u00e9ricains, dont l\u2019attitude \u00e0 l\u2019\u00e9gard de De Gaulle est plus qu\u2019\u00e9quivoque ; au point qu\u2019un jour, un membre du corps diplomatique conseille \u00e0 la vedette de ne jamais monter dans l\u2019avion du G\u00e9n\u00e9ral.<\/p>\n\n\n\n<h2 class=\"wp-block-heading\"><strong>Son avion s\u2019\u00e9crase en mer<\/strong><\/h2>\n\n\n\n<p>Quand elle rejoint la Corse en avion avec Abtey, s\u2019appr\u00eatant \u00e0 poser le pied en France pour la premi\u00e8re fois depuis quatre ans, peu apr\u00e8s la Sardaigne, un moteur tombe en panne. Le ciel est sillonn\u00e9 d\u2019avions fran\u00e7ais, tandis que le leur perd de l\u2019altitude et finit par descendre vers la mer. \u00ab&nbsp;<em>Calez-vous<\/em>&nbsp;! \u00bb crie le pilote. Le grand drapeau roul\u00e9 sert de coussin protecteur \u00e0 Jos\u00e9phine. L\u2019avion s\u2019\u00e9crase dans une gerbe d\u2019eau, sa carlingue de bois \u00e9clate, ses occupants grimpent sur une aile au milieu des bagages flottants. Ils sont tomb\u00e9s dans une anse, un groupe de tirailleurs Noirs accourt sur la plage. La soir\u00e9e de gala sera assur\u00e9e, Jos\u00e9phine chantera pour les hommes qui vont lib\u00e9rer la France occup\u00e9e.<\/p>\n\n\n\n<p>Engag\u00e9e le 23 mai 1944 dans l\u2019arm\u00e9e, le lieutenant Jos\u00e9phine Baker d\u00e9barquera elle-m\u00eame en zone sud avec les Forces f\u00e9minines de l\u2019Air : tenue de campagne, barda et casque r\u00e9glementaires, vie de soldat.<\/p>\n\n\n\n<p>Abtey la retrouve \u00e0 Paris, aux Halles, calot sur la t\u00eate, dans un grand manteau gris-bleu de la RAF, pourvu par ses soins des boutons de cuivre de l\u2019arm\u00e9e de l\u2019Air fran\u00e7aise, une grosse \u00e9charpe de laine autour du cou ; elle s\u2019approvisionne en gros pour les vieux de la banlieue (sans tickets d\u2019alimentation gr\u00e2ce \u00e0 ses relations). Elle s\u2019est engag\u00e9e dans la lutte contre la mis\u00e8re.<\/p>\n\n\n\n<p>Pour une s\u00e9rie de spectacles au profit des sinistr\u00e9s, on lui recommande l\u2019orchestre de Jo Bouillon. Ils suivront ensemble la progression de la 1re Arm\u00e9e, parcourant la zone fran\u00e7aise en Allemagne occup\u00e9e. \u00c0 Berlin, elle repr\u00e9sente la France au cours d\u2019un spectacle grandiose o\u00f9 figurent les grandes nations alli\u00e9es. \u00c0 Buchenwald lib\u00e9r\u00e9, elle ira au chevet des typhiques intransportables.<\/p>\n\n\n\n<p>Une nouvelle tranche de vie attend la star, mais, en retrouvant la paix, avec Jo Bouillon devenu son mari, elle ne renoncera jamais \u00e0 lutter avec l\u2019\u00e9tonnante g\u00e9n\u00e9rosit\u00e9 dont elle a toujours fait preuve, notamment pour sa cause premi\u00e8re : l\u2019abolition des barri\u00e8res raciales. Voulant prouver qu\u2019on peut vivre ensemble sans discrimination, elle adoptera douze enfants d\u2019origines diff\u00e9rentes.<\/p>\n\n\n\n<p>L\u2019activit\u00e9 de Jos\u00e9phine Baker dans le cadre des services sp\u00e9ciaux a \u00e9t\u00e9 minimis\u00e9e par certains, pour lesquels elle n\u2019aurait pas \u00e9t\u00e9 un v\u00e9ritable agent de renseignements. Sans elle, pourtant, le v\u00e9ritable agent de renseignements que fut Jacques Abtey n\u2019aurait jamais pu mener \u00e0 bien ses missions. Elle a tout le long de l\u2019Occupation pris des risques consid\u00e9rables pour le \u00ab couvrir \u00bb et s\u2019est d\u00e9pens\u00e9e parfois au-del\u00e0 de ses forces pour la R\u00e9sistance. Ses d\u00e9corations en t\u00e9moignent. Elle a re\u00e7u la m\u00e9daille de la R\u00e9sistance, en 1946, dans son lit de la clinique de Neuilly (nouveaux ennuis de sant\u00e9) et, en 1961, dans son ch\u00e2teau des Milandes, en Dordogne, les insignes de la L\u00e9gion d\u2019honneur et la croix de guerre avec palme.<\/p>\n\n\n\n<p>Ses fun\u00e9railles nationales, en 1975, \u00e9taient sans pr\u00e9c\u00e9dent pour un artiste.<\/p>\n\n\n\n<p><strong>Alain Juillet<\/strong>&nbsp;et&nbsp;<strong>Marie Gatard<\/strong><\/p>\n\n\n\n<p>Cet article a \u00e9t\u00e9 publi\u00e9 le 19 septembre 2021 dans le num\u00e9ro 256 du Bulletin bimestriel de l\u2019AASSDN, l\u2019Amicale des Anciens des Services Sp\u00e9ciaux de la D\u00e9fense Nationale. Nous le reproduisons ici avec l\u2019aimable autorisation de leurs auteurs et de l\u2019AASSDN.<\/p>\n\n\n\n<div class=\"wp-block-columns is-layout-flex wp-container-core-columns-is-layout-9d6595d7 wp-block-columns-is-layout-flex\">\n<div class=\"wp-block-column is-layout-flow wp-block-column-is-layout-flow\">\n<figure class=\"wp-block-image size-large\"><img decoding=\"async\" width=\"1403\" height=\"1404\" data-src=\"https:\/\/aassdn.org\/amicale\/wp-content\/uploads\/2009-0213_20_Alain-Juillet-edited.jpg\" alt=\"\" class=\"wp-image-5032 lazyload\" data-srcset=\"https:\/\/aassdn.org\/amicale\/wp-content\/uploads\/2009-0213_20_Alain-Juillet-edited.jpg 1403w, https:\/\/aassdn.org\/amicale\/wp-content\/uploads\/2009-0213_20_Alain-Juillet-edited-300x300.jpg 300w, https:\/\/aassdn.org\/amicale\/wp-content\/uploads\/2009-0213_20_Alain-Juillet-edited-1024x1024.jpg 1024w, https:\/\/aassdn.org\/amicale\/wp-content\/uploads\/2009-0213_20_Alain-Juillet-edited-150x150.jpg 150w, https:\/\/aassdn.org\/amicale\/wp-content\/uploads\/2009-0213_20_Alain-Juillet-edited-768x769.jpg 768w\" data-sizes=\"(max-width: 1403px) 100vw, 1403px\" src=\"data:image\/svg+xml;base64,PHN2ZyB3aWR0aD0iMSIgaGVpZ2h0PSIxIiB4bWxucz0iaHR0cDovL3d3dy53My5vcmcvMjAwMC9zdmciPjwvc3ZnPg==\" style=\"--smush-placeholder-width: 1403px; --smush-placeholder-aspect-ratio: 1403\/1404;\" \/><figcaption class=\"wp-element-caption\">Alain Juillet, vice-pr\u00e9sident de l\u2019AASSDN \u2013 Photo \u00a9 JFD<\/figcaption><\/figure>\n<\/div>\n\n\n\n<div class=\"wp-block-column is-layout-flow wp-block-column-is-layout-flow\">\n<figure class=\"wp-block-image size-large is-resized\"><img decoding=\"async\" data-src=\"https:\/\/aassdn.org\/amicale\/wp-content\/uploads\/Marie-Gatard-edited.jpg\" alt=\"\" class=\"wp-image-5031 lazyload\" width=\"404\" height=\"404\" data-srcset=\"https:\/\/aassdn.org\/amicale\/wp-content\/uploads\/Marie-Gatard-edited.jpg 950w, https:\/\/aassdn.org\/amicale\/wp-content\/uploads\/Marie-Gatard-edited-300x300.jpg 300w, https:\/\/aassdn.org\/amicale\/wp-content\/uploads\/Marie-Gatard-edited-150x150.jpg 150w, https:\/\/aassdn.org\/amicale\/wp-content\/uploads\/Marie-Gatard-edited-768x768.jpg 768w\" data-sizes=\"(max-width: 404px) 100vw, 404px\" src=\"data:image\/svg+xml;base64,PHN2ZyB3aWR0aD0iMSIgaGVpZ2h0PSIxIiB4bWxucz0iaHR0cDovL3d3dy53My5vcmcvMjAwMC9zdmciPjwvc3ZnPg==\" style=\"--smush-placeholder-width: 404px; --smush-placeholder-aspect-ratio: 404\/404;\" \/><figcaption class=\"wp-element-caption\">Marie Gatard, Historienne AASSDN \u2013 Photo \u00a9<\/figcaption><\/figure>\n<\/div>\n<\/div>\n\n\n<h2><strong><em>Quelques livres pour en savoir davantage<\/em><\/strong><\/h2>\n<p><!-- \/wp:post-content --> <!-- wp:paragraph --><\/p>\n<p><em>Jos\u00e9phine Baker, une Am\u00e9ricaine \u00e0 Paris<\/em>, Phyllis Rose. Ed.Fayard, 1990<\/p>\n<p><!-- \/wp:paragraph --> <!-- wp:paragraph --><\/p>\n<p><em>Jos\u00e9phine,<\/em> Jos\u00e9phine Baker et Jo Bouillon. Ed. Robert Laffont, 1976<\/p>\n<p><!-- \/wp:paragraph --> <!-- wp:paragraph --><\/p>\n<p><em>Voyages et aventures de Jos\u00e9phine Baker<\/em>, Marcel Sauvage. Ed. Marcel Sheur, Paris, 1931<\/p>\n<p><!-- \/wp:paragraph --> <!-- wp:paragraph --><\/p>\n<p><em>Jos\u00e9phine Baker contre Hitler<\/em>, Charles Onana. Ed. Duboiris, 20XX&nbsp;<\/p>\n<p><!-- \/wp:paragraph --> <!-- wp:paragraph --><\/p>\n<p><em>2<sup>e<\/sup> Bureau contre Abwehr<\/em>&nbsp;, Jacques Abtey. Ed. de la Table Ronde, 1967<\/p>\n<p><!-- \/wp:paragraph --> <!-- wp:paragraph --><\/p>\n<p><em>La guerre secr\u00e8te de Jos\u00e9phine Baker<\/em>, Jacques Abtey. Ed. Siboney, 1948<\/p>\n<p><!-- \/wp:paragraph --> <!-- wp:paragraph --><\/p>\n<p>Bulletin de liaison de l\u2019AASSDN, n\u00b0 177 et 127<\/p>\n<p><!-- \/wp:paragraph --> <!-- wp:paragraph --><\/p>\n<p><em>J.A.<\/em>, R\u00e9my. Ed. Galic, 1961<\/p>\n<p><!-- \/wp:paragraph --> <!-- wp:paragraph --><\/p>\n<p><em>Services sp\u00e9ciaux<\/em>, Paul Paillole. Ed. Robert Laffont, 1975<\/p>\n<p><!-- \/wp:paragraph --> <!-- wp:paragraph --><\/p>\n<p><em>Mes missions face \u00e0 l\u2019Abwehr<\/em>, Gilbert Guillaume. Ed. Plon, 1973<\/p>\n<p><!-- \/wp:paragraph --> <!-- wp:paragraph --><\/p>\n<p><em>Combats de femmes<\/em>, Marie Gatard, L\u2019esprit du Livre, 2009<\/p>\n<p><!-- wp:image --><\/p>\n<p><!-- \/wp:image --><\/p>\n<p><!-- wp:image {\"id\":6544} --><\/p>\n<p><!-- \/wp:image --><\/p><div class=\"pdfprnt-buttons pdfprnt-buttons-post pdfprnt-bottom-right\"><a href=\"https:\/\/aassdn.org\/amicale\/wp-json\/wp\/v2\/posts\/4409?print=pdf\" class=\"pdfprnt-button pdfprnt-button-pdf\" target=\"_blank\" ><img decoding=\"async\" data-src=\"https:\/\/aassdn.org\/amicale\/wp-content\/plugins\/pdf-print\/images\/pdf.png\" alt=\"image_pdf\" title=\"Afficher le PDF\" src=\"data:image\/svg+xml;base64,PHN2ZyB3aWR0aD0iMSIgaGVpZ2h0PSIxIiB4bWxucz0iaHR0cDovL3d3dy53My5vcmcvMjAwMC9zdmciPjwvc3ZnPg==\" class=\"lazyload\" style=\"--smush-placeholder-width: 32px; --smush-placeholder-aspect-ratio: 32\/32;\" \/><\/a><a href=\"https:\/\/aassdn.org\/amicale\/wp-json\/wp\/v2\/posts\/4409?print=print\" class=\"pdfprnt-button pdfprnt-button-print\" target=\"_blank\" ><\/a><\/div>","protected":false},"excerpt":{"rendered":"<p>Par Alain Juillet et Marie Gatard Avec l\u2019entr\u00e9e au Panth\u00e9on de Jos\u00e9phine Baker, beaucoup retiennent le combat d\u2019une femme qui a utilis\u00e9 sa grande notori\u00e9t\u00e9 au service de la lutte contre le racisme et pour l\u2019\u00e9mancipation des Noirs en soutenant le mouvement am\u00e9ricain des droits civiques, puis en s\u2019impliquant comme franc-ma\u00e7onne, \u00e0 partir de 1960, [&hellip;]<\/p>\n","protected":false},"author":1,"featured_media":5264,"comment_status":"closed","ping_status":"open","sticky":false,"template":"","format":"standard","meta":{"_acf_changed":false,"footnotes":""},"categories":[116,278,232,114,106,99,5641],"tags":[832,205,526,283,801,264,293,360,362,320,774,464,483,828,1858,263,367,207,654,425,695,717,465,226,440,670,1066,614,206,307,685,560,718,390,505,347,446,414,507,241,333,346,327,591,803,436,231,455,230,381,444,800,339,497,324,869,792,303,513,428,450,544,736,734,398,748,203,374,348,399,555,807,297,262,214,467,743,389,667,720,387,468,416,424,412,382,460,666],"class_list":["post-4409","post","type-post","status-publish","format-standard","has-post-thumbnail","hentry","category-1940-1944-resistances","category-actualites","category-affaire-josephine-baker","category-europe-de-louest","category-renseignement","category-services-allemands","category-videos-historiques","tag-abwehr","tag-adolf-hitler","tag-agents","tag-alain-juillet","tag-alger","tag-algerie","tag-allemagne","tag-allemands","tag-allies","tag-americains","tag-anglais","tag-arabe","tag-archives","tag-armee","tag-armees","tag-aviation","tag-avion","tag-bcra","tag-ceremonie","tag-clandestin","tag-collaboration","tag-colonel-paillole","tag-colonisation","tag-contre-espionnage","tag-contre-espionnage-francais","tag-croix-de-guerre","tag-d-day","tag-danseuse","tag-debarquement","tag-defense","tag-defense-nationale","tag-effectifs","tag-espion","tag-espionnage","tag-etats","tag-etats-unis","tag-femme","tag-folies","tag-france-libre","tag-general-de-gaulle","tag-gestion","tag-guerre","tag-histoire","tag-honneur","tag-invasion","tag-j-a","tag-jacques-abtey","tag-jerusalem","tag-josephine-baker","tag-lutte","tag-marie-gatard","tag-marseille","tag-memoire","tag-metropole","tag-militaire","tag-ministere-des-armees","tag-mission","tag-moyen-orient","tag-nazis","tag-nazisme","tag-noirs","tag-occupation","tag-officier","tag-ordre","tag-pantheon","tag-paris","tag-paul-paillole","tag-pilote","tag-propagande","tag-racism","tag-rangers","tag-rapport","tag-relation","tag-renseignement","tag-resistance","tag-secret","tag-secretaire","tag-service-de-renseignement","tag-services","tag-services-allemands","tag-services-de-renseignement","tag-services-secrets","tag-services-speciaux","tag-services-speciaux-francais","tag-studio-harcourt","tag-succes","tag-troupes","tag-vichy"],"acf":[],"yoast_head":"<!-- This site is optimized with the Yoast SEO plugin v27.4 - https:\/\/yoast.com\/product\/yoast-seo-wordpress\/ -->\n<title>Jos\u00e9phine Baker au Panth\u00e9on | AASSDN | Anciens et Amis des Services Sp\u00e9ciaux<\/title>\n<meta name=\"robots\" content=\"index, follow, max-snippet:-1, max-image-preview:large, max-video-preview:-1\" \/>\n<link rel=\"canonical\" href=\"https:\/\/aassdn.org\/amicale\/josephine-baker-au-pantheon\/\" \/>\n<meta property=\"og:locale\" content=\"fr_FR\" \/>\n<meta property=\"og:type\" content=\"article\" \/>\n<meta property=\"og:title\" content=\"Jos\u00e9phine Baker au Panth\u00e9on | AASSDN | Anciens et Amis des Services Sp\u00e9ciaux\" \/>\n<meta property=\"og:description\" content=\"Par Alain Juillet et Marie Gatard Avec l\u2019entr\u00e9e au Panth\u00e9on de Jos\u00e9phine Baker, beaucoup retiennent le combat d\u2019une femme qui a utilis\u00e9 sa grande notori\u00e9t\u00e9 au service de la lutte contre le racisme et pour l\u2019\u00e9mancipation des Noirs en soutenant le mouvement am\u00e9ricain des droits civiques, puis en s\u2019impliquant comme franc-ma\u00e7onne, \u00e0 partir de 1960, [&hellip;]\" \/>\n<meta property=\"og:url\" content=\"https:\/\/aassdn.org\/amicale\/josephine-baker-au-pantheon\/\" \/>\n<meta property=\"og:site_name\" content=\"AASSDN | Anciens et Amis des Services Sp\u00e9ciaux\" \/>\n<meta property=\"article:published_time\" content=\"2021-12-04T16:44:00+00:00\" \/>\n<meta property=\"article:modified_time\" content=\"2025-10-14T07:46:04+00:00\" \/>\n<meta property=\"og:image\" content=\"https:\/\/aassdn.org\/amicale\/wp-content\/uploads\/cropped-Jos_Baker_04-e1637259479628.jpg\" \/>\n\t<meta property=\"og:image:width\" content=\"749\" \/>\n\t<meta property=\"og:image:height\" content=\"749\" \/>\n\t<meta property=\"og:image:type\" content=\"image\/jpeg\" \/>\n<meta name=\"author\" content=\"AASSDN\" \/>\n<meta name=\"twitter:card\" content=\"summary_large_image\" \/>\n<meta name=\"twitter:label1\" content=\"\u00c9crit par\" \/>\n\t<meta name=\"twitter:data1\" content=\"AASSDN\" \/>\n\t<meta name=\"twitter:label2\" content=\"Dur\u00e9e de lecture estim\u00e9e\" \/>\n\t<meta name=\"twitter:data2\" content=\"23 minutes\" \/>\n<script type=\"application\/ld+json\" class=\"yoast-schema-graph\">{\"@context\":\"https:\\\/\\\/schema.org\",\"@graph\":[{\"@type\":\"Article\",\"@id\":\"https:\\\/\\\/aassdn.org\\\/amicale\\\/josephine-baker-au-pantheon\\\/#article\",\"isPartOf\":{\"@id\":\"https:\\\/\\\/aassdn.org\\\/amicale\\\/josephine-baker-au-pantheon\\\/\"},\"author\":{\"name\":\"AASSDN\",\"@id\":\"https:\\\/\\\/aassdn.org\\\/amicale\\\/#\\\/schema\\\/person\\\/73800712a272e6d58a10a86ea9e59671\"},\"headline\":\"Jos\u00e9phine Baker au Panth\u00e9on\",\"datePublished\":\"2021-12-04T16:44:00+00:00\",\"dateModified\":\"2025-10-14T07:46:04+00:00\",\"mainEntityOfPage\":{\"@id\":\"https:\\\/\\\/aassdn.org\\\/amicale\\\/josephine-baker-au-pantheon\\\/\"},\"wordCount\":4611,\"publisher\":{\"@id\":\"https:\\\/\\\/aassdn.org\\\/amicale\\\/#organization\"},\"image\":{\"@id\":\"https:\\\/\\\/aassdn.org\\\/amicale\\\/josephine-baker-au-pantheon\\\/#primaryimage\"},\"thumbnailUrl\":\"https:\\\/\\\/aassdn.org\\\/amicale\\\/wp-content\\\/uploads\\\/cropped-Jos_Baker_04-e1637259479628.jpg\",\"keywords\":[\"Abwehr\",\"Adolf Hitler\",\"agents\",\"Alain Juillet\",\"Alger\",\"Alg\u00e9rie\",\"Allemagne\",\"Allemands\",\"Alli\u00e9s\",\"Am\u00e9ricains\",\"Anglais\",\"arabe\",\"archives\",\"Arm\u00e9e\",\"Arm\u00e9es\",\"Aviation\",\"avion\",\"BCRA\",\"c\u00e9r\u00e9monie\",\"clandestin\",\"collaboration\",\"colonel Paillole\",\"Colonisation\",\"contre-espionnage\",\"Contre-espionnage fran\u00e7ais\",\"croix de guerre\",\"D.Day\",\"Danseuse\",\"d\u00e9barquement\",\"d\u00e9fense\",\"D\u00e9fense Nationale\",\"effectifs\",\"espion\",\"Espionnage\",\"\u00c9tats\",\"\u00c9tats-Unis\",\"femme\",\"Folies\",\"France libre\",\"G\u00e9n\u00e9ral De Gaulle\",\"gestion\",\"guerre\",\"histoire\",\"honneur\",\"invasion\",\"J.A.\",\"Jacques Abtey\",\"J\u00e9rusalem\",\"Jos\u00e9phine Baker\",\"lutte\",\"Marie Gatard\",\"Marseille\",\"m\u00e9moire\",\"M\u00e9tropole\",\"militaire\",\"minist\u00e8re des Arm\u00e9es\",\"mission\",\"Moyen-Orient\",\"Nazis\",\"nazisme\",\"Noirs\",\"Occupation\",\"Officier\",\"ordre\",\"Pantheon\",\"Paris\",\"Paul paillole\",\"Pilote\",\"propagande\",\"racism\",\"rangers\",\"rapport\",\"relation\",\"Renseignement\",\"R\u00e9sistance\",\"Secret\",\"Secr\u00e9taire\",\"Service de Renseignement\",\"Services\",\"services allemands\",\"services de renseignement\",\"Services secrets\",\"services sp\u00e9ciaux\",\"Services sp\u00e9ciaux fran\u00e7ais\",\"Studio Harcourt\",\"succ\u00e8s\",\"troupes\",\"Vichy\"],\"articleSection\":[\"1940-1944 : R\u00e9sistances en France\",\"Actualit\u00e9s\",\"Affaire Josephine Baker\",\"Europe de l'Ouest\",\"Renseignement\",\"Services allemands\",\"Videos historiques\"],\"inLanguage\":\"fr-FR\"},{\"@type\":\"WebPage\",\"@id\":\"https:\\\/\\\/aassdn.org\\\/amicale\\\/josephine-baker-au-pantheon\\\/\",\"url\":\"https:\\\/\\\/aassdn.org\\\/amicale\\\/josephine-baker-au-pantheon\\\/\",\"name\":\"Jos\u00e9phine Baker au Panth\u00e9on | AASSDN | Anciens et Amis des Services Sp\u00e9ciaux\",\"isPartOf\":{\"@id\":\"https:\\\/\\\/aassdn.org\\\/amicale\\\/#website\"},\"primaryImageOfPage\":{\"@id\":\"https:\\\/\\\/aassdn.org\\\/amicale\\\/josephine-baker-au-pantheon\\\/#primaryimage\"},\"image\":{\"@id\":\"https:\\\/\\\/aassdn.org\\\/amicale\\\/josephine-baker-au-pantheon\\\/#primaryimage\"},\"thumbnailUrl\":\"https:\\\/\\\/aassdn.org\\\/amicale\\\/wp-content\\\/uploads\\\/cropped-Jos_Baker_04-e1637259479628.jpg\",\"datePublished\":\"2021-12-04T16:44:00+00:00\",\"dateModified\":\"2025-10-14T07:46:04+00:00\",\"breadcrumb\":{\"@id\":\"https:\\\/\\\/aassdn.org\\\/amicale\\\/josephine-baker-au-pantheon\\\/#breadcrumb\"},\"inLanguage\":\"fr-FR\",\"potentialAction\":[{\"@type\":\"ReadAction\",\"target\":[\"https:\\\/\\\/aassdn.org\\\/amicale\\\/josephine-baker-au-pantheon\\\/\"]}]},{\"@type\":\"ImageObject\",\"inLanguage\":\"fr-FR\",\"@id\":\"https:\\\/\\\/aassdn.org\\\/amicale\\\/josephine-baker-au-pantheon\\\/#primaryimage\",\"url\":\"https:\\\/\\\/aassdn.org\\\/amicale\\\/wp-content\\\/uploads\\\/cropped-Jos_Baker_04-e1637259479628.jpg\",\"contentUrl\":\"https:\\\/\\\/aassdn.org\\\/amicale\\\/wp-content\\\/uploads\\\/cropped-Jos_Baker_04-e1637259479628.jpg\",\"width\":749,\"height\":749},{\"@type\":\"BreadcrumbList\",\"@id\":\"https:\\\/\\\/aassdn.org\\\/amicale\\\/josephine-baker-au-pantheon\\\/#breadcrumb\",\"itemListElement\":[{\"@type\":\"ListItem\",\"position\":1,\"name\":\"Accueil\",\"item\":\"https:\\\/\\\/aassdn.org\\\/amicale\\\/\"},{\"@type\":\"ListItem\",\"position\":2,\"name\":\"Jos\u00e9phine Baker au Panth\u00e9on\"}]},{\"@type\":\"WebSite\",\"@id\":\"https:\\\/\\\/aassdn.org\\\/amicale\\\/#website\",\"url\":\"https:\\\/\\\/aassdn.org\\\/amicale\\\/\",\"name\":\"AASSDN | Anciens et Amis des Services Sp\u00e9ciaux\",\"description\":\"Services sp\u00e9ciaux : Des h\u00e9ros anonymes au service exclusif de la France\",\"publisher\":{\"@id\":\"https:\\\/\\\/aassdn.org\\\/amicale\\\/#organization\"},\"potentialAction\":[{\"@type\":\"SearchAction\",\"target\":{\"@type\":\"EntryPoint\",\"urlTemplate\":\"https:\\\/\\\/aassdn.org\\\/amicale\\\/?s={search_term_string}\"},\"query-input\":{\"@type\":\"PropertyValueSpecification\",\"valueRequired\":true,\"valueName\":\"search_term_string\"}}],\"inLanguage\":\"fr-FR\"},{\"@type\":\"Organization\",\"@id\":\"https:\\\/\\\/aassdn.org\\\/amicale\\\/#organization\",\"name\":\"AASSDN | Anciens et Amis des Services Sp\u00e9ciaux\",\"url\":\"https:\\\/\\\/aassdn.org\\\/amicale\\\/\",\"logo\":{\"@type\":\"ImageObject\",\"inLanguage\":\"fr-FR\",\"@id\":\"https:\\\/\\\/aassdn.org\\\/amicale\\\/#\\\/schema\\\/logo\\\/image\\\/\",\"url\":\"https:\\\/\\\/aassdn.org\\\/amicale\\\/wp-content\\\/uploads\\\/Logo_AASSDN_transparent2.png\",\"contentUrl\":\"https:\\\/\\\/aassdn.org\\\/amicale\\\/wp-content\\\/uploads\\\/Logo_AASSDN_transparent2.png\",\"width\":1832,\"height\":1609,\"caption\":\"AASSDN | Anciens et Amis des Services Sp\u00e9ciaux\"},\"image\":{\"@id\":\"https:\\\/\\\/aassdn.org\\\/amicale\\\/#\\\/schema\\\/logo\\\/image\\\/\"}},{\"@type\":\"Person\",\"@id\":\"https:\\\/\\\/aassdn.org\\\/amicale\\\/#\\\/schema\\\/person\\\/73800712a272e6d58a10a86ea9e59671\",\"name\":\"AASSDN\",\"image\":{\"@type\":\"ImageObject\",\"inLanguage\":\"fr-FR\",\"@id\":\"https:\\\/\\\/secure.gravatar.com\\\/avatar\\\/9653808d17788562e72d77e426d8d02775774239aefd00a9b4e852423d8e9d7e?s=96&d=mm&r=g\",\"url\":\"https:\\\/\\\/secure.gravatar.com\\\/avatar\\\/9653808d17788562e72d77e426d8d02775774239aefd00a9b4e852423d8e9d7e?s=96&d=mm&r=g\",\"contentUrl\":\"https:\\\/\\\/secure.gravatar.com\\\/avatar\\\/9653808d17788562e72d77e426d8d02775774239aefd00a9b4e852423d8e9d7e?s=96&d=mm&r=g\",\"caption\":\"AASSDN\"},\"sameAs\":[\"https:\\\/\\\/aassdn.org\\\/amicale\"],\"url\":\"https:\\\/\\\/aassdn.org\\\/amicale\\\/author\\\/wordpress\\\/\"}]}<\/script>\n<!-- \/ Yoast SEO plugin. -->","yoast_head_json":{"title":"Jos\u00e9phine Baker au Panth\u00e9on | AASSDN | Anciens et Amis des Services Sp\u00e9ciaux","robots":{"index":"index","follow":"follow","max-snippet":"max-snippet:-1","max-image-preview":"max-image-preview:large","max-video-preview":"max-video-preview:-1"},"canonical":"https:\/\/aassdn.org\/amicale\/josephine-baker-au-pantheon\/","og_locale":"fr_FR","og_type":"article","og_title":"Jos\u00e9phine Baker au Panth\u00e9on | AASSDN | Anciens et Amis des Services Sp\u00e9ciaux","og_description":"Par Alain Juillet et Marie Gatard Avec l\u2019entr\u00e9e au Panth\u00e9on de Jos\u00e9phine Baker, beaucoup retiennent le combat d\u2019une femme qui a utilis\u00e9 sa grande notori\u00e9t\u00e9 au service de la lutte contre le racisme et pour l\u2019\u00e9mancipation des Noirs en soutenant le mouvement am\u00e9ricain des droits civiques, puis en s\u2019impliquant comme franc-ma\u00e7onne, \u00e0 partir de 1960, [&hellip;]","og_url":"https:\/\/aassdn.org\/amicale\/josephine-baker-au-pantheon\/","og_site_name":"AASSDN | Anciens et Amis des Services Sp\u00e9ciaux","article_published_time":"2021-12-04T16:44:00+00:00","article_modified_time":"2025-10-14T07:46:04+00:00","og_image":[{"width":749,"height":749,"url":"https:\/\/aassdn.org\/amicale\/wp-content\/uploads\/cropped-Jos_Baker_04-e1637259479628.jpg","type":"image\/jpeg"}],"author":"AASSDN","twitter_card":"summary_large_image","twitter_misc":{"\u00c9crit par":"AASSDN","Dur\u00e9e de lecture estim\u00e9e":"23 minutes"},"schema":{"@context":"https:\/\/schema.org","@graph":[{"@type":"Article","@id":"https:\/\/aassdn.org\/amicale\/josephine-baker-au-pantheon\/#article","isPartOf":{"@id":"https:\/\/aassdn.org\/amicale\/josephine-baker-au-pantheon\/"},"author":{"name":"AASSDN","@id":"https:\/\/aassdn.org\/amicale\/#\/schema\/person\/73800712a272e6d58a10a86ea9e59671"},"headline":"Jos\u00e9phine Baker au Panth\u00e9on","datePublished":"2021-12-04T16:44:00+00:00","dateModified":"2025-10-14T07:46:04+00:00","mainEntityOfPage":{"@id":"https:\/\/aassdn.org\/amicale\/josephine-baker-au-pantheon\/"},"wordCount":4611,"publisher":{"@id":"https:\/\/aassdn.org\/amicale\/#organization"},"image":{"@id":"https:\/\/aassdn.org\/amicale\/josephine-baker-au-pantheon\/#primaryimage"},"thumbnailUrl":"https:\/\/aassdn.org\/amicale\/wp-content\/uploads\/cropped-Jos_Baker_04-e1637259479628.jpg","keywords":["Abwehr","Adolf Hitler","agents","Alain Juillet","Alger","Alg\u00e9rie","Allemagne","Allemands","Alli\u00e9s","Am\u00e9ricains","Anglais","arabe","archives","Arm\u00e9e","Arm\u00e9es","Aviation","avion","BCRA","c\u00e9r\u00e9monie","clandestin","collaboration","colonel Paillole","Colonisation","contre-espionnage","Contre-espionnage fran\u00e7ais","croix de guerre","D.Day","Danseuse","d\u00e9barquement","d\u00e9fense","D\u00e9fense Nationale","effectifs","espion","Espionnage","\u00c9tats","\u00c9tats-Unis","femme","Folies","France libre","G\u00e9n\u00e9ral De Gaulle","gestion","guerre","histoire","honneur","invasion","J.A.","Jacques Abtey","J\u00e9rusalem","Jos\u00e9phine Baker","lutte","Marie Gatard","Marseille","m\u00e9moire","M\u00e9tropole","militaire","minist\u00e8re des Arm\u00e9es","mission","Moyen-Orient","Nazis","nazisme","Noirs","Occupation","Officier","ordre","Pantheon","Paris","Paul paillole","Pilote","propagande","racism","rangers","rapport","relation","Renseignement","R\u00e9sistance","Secret","Secr\u00e9taire","Service de Renseignement","Services","services allemands","services de renseignement","Services secrets","services sp\u00e9ciaux","Services sp\u00e9ciaux fran\u00e7ais","Studio Harcourt","succ\u00e8s","troupes","Vichy"],"articleSection":["1940-1944 : R\u00e9sistances en France","Actualit\u00e9s","Affaire Josephine Baker","Europe de l'Ouest","Renseignement","Services allemands","Videos historiques"],"inLanguage":"fr-FR"},{"@type":"WebPage","@id":"https:\/\/aassdn.org\/amicale\/josephine-baker-au-pantheon\/","url":"https:\/\/aassdn.org\/amicale\/josephine-baker-au-pantheon\/","name":"Jos\u00e9phine Baker au Panth\u00e9on | AASSDN | Anciens et Amis des Services Sp\u00e9ciaux","isPartOf":{"@id":"https:\/\/aassdn.org\/amicale\/#website"},"primaryImageOfPage":{"@id":"https:\/\/aassdn.org\/amicale\/josephine-baker-au-pantheon\/#primaryimage"},"image":{"@id":"https:\/\/aassdn.org\/amicale\/josephine-baker-au-pantheon\/#primaryimage"},"thumbnailUrl":"https:\/\/aassdn.org\/amicale\/wp-content\/uploads\/cropped-Jos_Baker_04-e1637259479628.jpg","datePublished":"2021-12-04T16:44:00+00:00","dateModified":"2025-10-14T07:46:04+00:00","breadcrumb":{"@id":"https:\/\/aassdn.org\/amicale\/josephine-baker-au-pantheon\/#breadcrumb"},"inLanguage":"fr-FR","potentialAction":[{"@type":"ReadAction","target":["https:\/\/aassdn.org\/amicale\/josephine-baker-au-pantheon\/"]}]},{"@type":"ImageObject","inLanguage":"fr-FR","@id":"https:\/\/aassdn.org\/amicale\/josephine-baker-au-pantheon\/#primaryimage","url":"https:\/\/aassdn.org\/amicale\/wp-content\/uploads\/cropped-Jos_Baker_04-e1637259479628.jpg","contentUrl":"https:\/\/aassdn.org\/amicale\/wp-content\/uploads\/cropped-Jos_Baker_04-e1637259479628.jpg","width":749,"height":749},{"@type":"BreadcrumbList","@id":"https:\/\/aassdn.org\/amicale\/josephine-baker-au-pantheon\/#breadcrumb","itemListElement":[{"@type":"ListItem","position":1,"name":"Accueil","item":"https:\/\/aassdn.org\/amicale\/"},{"@type":"ListItem","position":2,"name":"Jos\u00e9phine Baker au Panth\u00e9on"}]},{"@type":"WebSite","@id":"https:\/\/aassdn.org\/amicale\/#website","url":"https:\/\/aassdn.org\/amicale\/","name":"AASSDN | Anciens et Amis des Services Sp\u00e9ciaux","description":"Services sp\u00e9ciaux : Des h\u00e9ros anonymes au service exclusif de la France","publisher":{"@id":"https:\/\/aassdn.org\/amicale\/#organization"},"potentialAction":[{"@type":"SearchAction","target":{"@type":"EntryPoint","urlTemplate":"https:\/\/aassdn.org\/amicale\/?s={search_term_string}"},"query-input":{"@type":"PropertyValueSpecification","valueRequired":true,"valueName":"search_term_string"}}],"inLanguage":"fr-FR"},{"@type":"Organization","@id":"https:\/\/aassdn.org\/amicale\/#organization","name":"AASSDN | Anciens et Amis des Services Sp\u00e9ciaux","url":"https:\/\/aassdn.org\/amicale\/","logo":{"@type":"ImageObject","inLanguage":"fr-FR","@id":"https:\/\/aassdn.org\/amicale\/#\/schema\/logo\/image\/","url":"https:\/\/aassdn.org\/amicale\/wp-content\/uploads\/Logo_AASSDN_transparent2.png","contentUrl":"https:\/\/aassdn.org\/amicale\/wp-content\/uploads\/Logo_AASSDN_transparent2.png","width":1832,"height":1609,"caption":"AASSDN | Anciens et Amis des Services Sp\u00e9ciaux"},"image":{"@id":"https:\/\/aassdn.org\/amicale\/#\/schema\/logo\/image\/"}},{"@type":"Person","@id":"https:\/\/aassdn.org\/amicale\/#\/schema\/person\/73800712a272e6d58a10a86ea9e59671","name":"AASSDN","image":{"@type":"ImageObject","inLanguage":"fr-FR","@id":"https:\/\/secure.gravatar.com\/avatar\/9653808d17788562e72d77e426d8d02775774239aefd00a9b4e852423d8e9d7e?s=96&d=mm&r=g","url":"https:\/\/secure.gravatar.com\/avatar\/9653808d17788562e72d77e426d8d02775774239aefd00a9b4e852423d8e9d7e?s=96&d=mm&r=g","contentUrl":"https:\/\/secure.gravatar.com\/avatar\/9653808d17788562e72d77e426d8d02775774239aefd00a9b4e852423d8e9d7e?s=96&d=mm&r=g","caption":"AASSDN"},"sameAs":["https:\/\/aassdn.org\/amicale"],"url":"https:\/\/aassdn.org\/amicale\/author\/wordpress\/"}]}},"_links":{"self":[{"href":"https:\/\/aassdn.org\/amicale\/wp-json\/wp\/v2\/posts\/4409","targetHints":{"allow":["GET"]}}],"collection":[{"href":"https:\/\/aassdn.org\/amicale\/wp-json\/wp\/v2\/posts"}],"about":[{"href":"https:\/\/aassdn.org\/amicale\/wp-json\/wp\/v2\/types\/post"}],"author":[{"embeddable":true,"href":"https:\/\/aassdn.org\/amicale\/wp-json\/wp\/v2\/users\/1"}],"replies":[{"embeddable":true,"href":"https:\/\/aassdn.org\/amicale\/wp-json\/wp\/v2\/comments?post=4409"}],"version-history":[{"count":0,"href":"https:\/\/aassdn.org\/amicale\/wp-json\/wp\/v2\/posts\/4409\/revisions"}],"wp:featuredmedia":[{"embeddable":true,"href":"https:\/\/aassdn.org\/amicale\/wp-json\/wp\/v2\/media\/5264"}],"wp:attachment":[{"href":"https:\/\/aassdn.org\/amicale\/wp-json\/wp\/v2\/media?parent=4409"}],"wp:term":[{"taxonomy":"category","embeddable":true,"href":"https:\/\/aassdn.org\/amicale\/wp-json\/wp\/v2\/categories?post=4409"},{"taxonomy":"post_tag","embeddable":true,"href":"https:\/\/aassdn.org\/amicale\/wp-json\/wp\/v2\/tags?post=4409"}],"curies":[{"name":"wp","href":"https:\/\/api.w.org\/{rel}","templated":true}]}}