{"id":26673,"date":"2026-07-20T20:16:07","date_gmt":"2026-07-20T18:16:07","guid":{"rendered":"https:\/\/aassdn.org\/amicale\/?p=26673"},"modified":"2026-08-12T17:26:09","modified_gmt":"2026-08-12T15:26:09","slug":"cooperation-premiere-mission-aerienne-conjointe-franco-allemande-dans-le-cadre-de-la-dissuasion-avancee","status":"publish","type":"post","link":"https:\/\/aassdn.org\/amicale\/cooperation-premiere-mission-aerienne-conjointe-franco-allemande-dans-le-cadre-de-la-dissuasion-avancee\/","title":{"rendered":"Dissuasion nucl\u00e9aire avanc\u00e9e: Gesticulation Franco-allemande"},"content":{"rendered":"\n<p class=\"has-colibri-color-5-color has-colibri-color-1-background-color has-text-color has-background has-link-color wp-elements-1 wp-block-paragraph\"><strong>Avis de l&#8217;AASSDN:<\/strong><br>Apr\u00e8s la r\u00e9cente annonce de l&#8217;abandon du projet embl\u00e9matique de coop\u00e9ration franco-allemande\u00a0<em>SCAF<\/em>\u00a0et juste avant la r\u00e9union du\u00a0Conseil franco-allemand de d\u00e9fense et de s\u00e9curit\u00e9 (CFADS), cet exercice semble \u00eatre un modeste \u00e9l\u00e9ment de communication politique sans v\u00e9ritable signification strat\u00e9gique.<br><\/p>\n\n\n\n<p class=\"wp-block-paragraph\"><br>Le 16 juillet, le Commandement des forces a\u00e9riennes strat\u00e9giques fran\u00e7aises (CFAS) et l\u2019arm\u00e9e de l\u2019Air allemande (<em>Luftwaffe<\/em>) ont conduit la premi\u00e8re activit\u00e9 a\u00e9rienne conjointe en d\u00e9clinaison de la strat\u00e9gie fran\u00e7aise de \u00ab dissuasion avanc\u00e9e \u00bb, sans mise en \u0153uvre d\u2019arme nucl\u00e9aire.<\/p>\n\n\n\n<p class=\"wp-block-paragraph\">Deux avions de combat <em>Rafale <\/em>fran\u00e7ais de la base a\u00e9rienne de Saint-Dizier (52) et deux <em>Eurofighter<\/em> allemands de la base a\u00e9rienne de N\u00f6rvenich (Allemagne) ont rejoint un <em>MRTT<\/em> <em>Phenix<\/em> fran\u00e7ais pour r\u00e9aliser un ravitaillement en vol.<\/p>\n\n\n\n<p class=\"wp-block-paragraph\">Les chasseurs ont ensuite conduit des man\u0153uvres sp\u00e9cifiques et se sont pos\u00e9s ensemble sur la base a\u00e9rienne de N\u00f6rvenich, qui accueillait le Conseil franco-allemand de d\u00e9fense et de s\u00e9curit\u00e9 (CFADS) le 17 juillet 2026.<\/p>\n\n\n\n<p class=\"wp-block-paragraph\">Cette activit\u00e9 mat\u00e9rialise la premi\u00e8re \u00e9tape op\u00e9rationnelle dans le cadre de la coop\u00e9ration strat\u00e9gique bilat\u00e9rale mise en place par le pr\u00e9sident Macron et le chancelier Merz dans leur d\u00e9claration conjointe du 2 mars 2026.<\/p>\n\n\n\n<p class=\"wp-block-paragraph\">De surcro\u00eet, cette initiative a \u00e9galement permis de renforcer l&#8217;interop\u00e9rabilit\u00e9 globale des forces a\u00e9riennes fran\u00e7aises et allemandes.<\/p>\n\n\n\n<p class=\"has-text-align-right wp-block-paragraph\">Etat-major des Arm\u00e9es<\/p>\n\n\n\n<p class=\"wp-block-paragraph\"><\/p>\n<div class=\"pdfprnt-buttons pdfprnt-buttons-post pdfprnt-bottom-right\"><a href=\"https:\/\/aassdn.org\/amicale\/wp-json\/wp\/v2\/posts\/26673?print=pdf\" class=\"pdfprnt-button pdfprnt-button-pdf\" target=\"_blank\" ><img decoding=\"async\" data-src=\"https:\/\/aassdn.org\/amicale\/wp-content\/plugins\/pdf-print\/images\/pdf.png\" alt=\"image_pdf\" title=\"Afficher le PDF\" src=\"data:image\/svg+xml;base64,PHN2ZyB3aWR0aD0iMSIgaGVpZ2h0PSIxIiB4bWxucz0iaHR0cDovL3d3dy53My5vcmcvMjAwMC9zdmciPjwvc3ZnPg==\" class=\"lazyload\" style=\"--smush-placeholder-width: 32px; --smush-placeholder-aspect-ratio: 32\/32;\" \/><\/a><a href=\"https:\/\/aassdn.org\/amicale\/wp-json\/wp\/v2\/posts\/26673?print=print\" class=\"pdfprnt-button pdfprnt-button-print\" target=\"_blank\" ><\/a><\/div>","protected":false},"excerpt":{"rendered":"<p>Avis de l&#8217;AASSDN:Apr\u00e8s la r\u00e9cente annonce de l&#8217;abandon du projet embl\u00e9matique de coop\u00e9ration franco-allemande\u00a0SCAF\u00a0et juste avant la r\u00e9union du\u00a0Conseil franco-allemand de d\u00e9fense et de s\u00e9curit\u00e9 (CFADS), cet exercice semble \u00eatre un modeste \u00e9l\u00e9ment de communication politique sans v\u00e9ritable signification strat\u00e9gique. Le 16 juillet, le Commandement des forces a\u00e9riennes strat\u00e9giques fran\u00e7aises (CFAS) et l\u2019arm\u00e9e de l\u2019Air [&hellip;]<\/p>\n","protected":false},"author":32,"featured_media":16522,"comment_status":"open","ping_status":"closed","sticky":false,"template":"","format":"standard","meta":{"_acf_changed":false,"footnotes":""},"categories":[288,278],"tags":[293,360,367,5659,528,307,3512,755,5658,748,296],"class_list":["post-26673","post","type-post","status-publish","format-standard","has-post-thumbnail","hentry","category-2020-2030","category-actualites","tag-allemagne","tag-allemands","tag-avion","tag-commandement-des-forces-aeriennes-strategiques-francaises","tag-communication","tag-defense","tag-dissuasion-nucleaire","tag-etat-major","tag-luftwaffe","tag-paris","tag-strategique"],"acf":[],"yoast_head":"<!-- This site is optimized with the Yoast SEO plugin v28.4 - https:\/\/yoast.com\/product\/yoast-seo-wordpress\/ -->\n<title>Dissuasion nucl\u00e9aire avanc\u00e9e: Gesticulation Franco-allemande | AASSDN - Anciens et Amis des Services Sp\u00e9ciaux de la D\u00e9fense Nationale<\/title>\n<meta name=\"robots\" content=\"index, follow, max-snippet:-1, max-image-preview:large, max-video-preview:-1\" \/>\n<link rel=\"canonical\" href=\"https:\/\/aassdn.org\/amicale\/cooperation-premiere-mission-aerienne-conjointe-franco-allemande-dans-le-cadre-de-la-dissuasion-avancee\/\" \/>\n<meta property=\"og:locale\" content=\"fr_FR\" \/>\n<meta property=\"og:type\" content=\"article\" \/>\n<meta property=\"og:title\" content=\"Dissuasion nucl\u00e9aire avanc\u00e9e: Gesticulation Franco-allemande | AASSDN - Anciens et Amis des Services Sp\u00e9ciaux de la D\u00e9fense Nationale\" \/>\n<meta property=\"og:description\" content=\"Avis de l&#8217;AASSDN:Apr\u00e8s la r\u00e9cente annonce de l&#8217;abandon du projet embl\u00e9matique de coop\u00e9ration franco-allemande\u00a0SCAF\u00a0et juste avant la r\u00e9union du\u00a0Conseil franco-allemand de d\u00e9fense et de s\u00e9curit\u00e9 (CFADS), cet exercice semble \u00eatre un modeste \u00e9l\u00e9ment de communication politique sans v\u00e9ritable signification strat\u00e9gique. Le 16 juillet, le Commandement des forces a\u00e9riennes strat\u00e9giques fran\u00e7aises (CFAS) et l\u2019arm\u00e9e de l\u2019Air [&hellip;]\" \/>\n<meta property=\"og:url\" content=\"https:\/\/aassdn.org\/amicale\/cooperation-premiere-mission-aerienne-conjointe-franco-allemande-dans-le-cadre-de-la-dissuasion-avancee\/\" \/>\n<meta property=\"og:site_name\" content=\"AASSDN - Anciens et Amis des Services Sp\u00e9ciaux de la D\u00e9fense Nationale\" \/>\n<meta property=\"article:published_time\" content=\"2026-07-20T18:16:07+00:00\" \/>\n<meta property=\"article:modified_time\" content=\"2026-08-12T15:26:09+00:00\" \/>\n<meta property=\"og:image\" content=\"https:\/\/aassdn.org\/amicale\/wp-content\/uploads\/ministere-des-armees-et-des-anciens-combattants.jpg\" \/>\n\t<meta property=\"og:image:width\" content=\"408\" \/>\n\t<meta property=\"og:image:height\" content=\"252\" \/>\n\t<meta property=\"og:image:type\" content=\"image\/jpeg\" \/>\n<meta name=\"author\" content=\"AASSDN\" \/>\n<meta name=\"twitter:card\" content=\"summary_large_image\" \/>\n<meta name=\"twitter:label1\" content=\"\u00c9crit par\" \/>\n\t<meta name=\"twitter:data1\" content=\"AASSDN\" \/>\n\t<meta name=\"twitter:label2\" content=\"Dur\u00e9e de lecture estim\u00e9e\" \/>\n\t<meta name=\"twitter:data2\" content=\"1 minute\" \/>\n<script type=\"application\/ld+json\" class=\"yoast-schema-graph\">{\"@context\":\"https:\\\/\\\/schema.org\",\"@graph\":[{\"@type\":\"Article\",\"@id\":\"https:\\\/\\\/aassdn.org\\\/amicale\\\/cooperation-premiere-mission-aerienne-conjointe-franco-allemande-dans-le-cadre-de-la-dissuasion-avancee\\\/#article\",\"isPartOf\":{\"@id\":\"https:\\\/\\\/aassdn.org\\\/amicale\\\/cooperation-premiere-mission-aerienne-conjointe-franco-allemande-dans-le-cadre-de-la-dissuasion-avancee\\\/\"},\"author\":{\"name\":\"AASSDN\",\"@id\":\"https:\\\/\\\/aassdn.org\\\/amicale\\\/#\\\/schema\\\/person\\\/8e950b11c74c24df36dc8e172f9451f4\"},\"headline\":\"Dissuasion nucl\u00e9aire avanc\u00e9e: Gesticulation Franco-allemande\",\"datePublished\":\"2026-07-20T18:16:07+00:00\",\"dateModified\":\"2026-08-12T15:26:09+00:00\",\"mainEntityOfPage\":{\"@id\":\"https:\\\/\\\/aassdn.org\\\/amicale\\\/cooperation-premiere-mission-aerienne-conjointe-franco-allemande-dans-le-cadre-de-la-dissuasion-avancee\\\/\"},\"wordCount\":261,\"commentCount\":0,\"publisher\":{\"@id\":\"https:\\\/\\\/aassdn.org\\\/amicale\\\/#organization\"},\"image\":{\"@id\":\"https:\\\/\\\/aassdn.org\\\/amicale\\\/cooperation-premiere-mission-aerienne-conjointe-franco-allemande-dans-le-cadre-de-la-dissuasion-avancee\\\/#primaryimage\"},\"thumbnailUrl\":\"https:\\\/\\\/aassdn.org\\\/amicale\\\/wp-content\\\/uploads\\\/ministere-des-armees-et-des-anciens-combattants.jpg\",\"keywords\":[\"Allemagne\",\"Allemands\",\"avion\",\"Commandement des forces a\u00e9riennes strat\u00e9giques fran\u00e7aises\",\"communication\",\"d\u00e9fense\",\"dissuasion nucl\u00e9aire\",\"Etat-Major\",\"Luftwaffe\",\"Paris\",\"strat\u00e9gique\"],\"articleSection\":[\"2020-2030\",\"Actualit\u00e9s\"],\"inLanguage\":\"fr-FR\",\"potentialAction\":[{\"@type\":\"CommentAction\",\"name\":\"Comment\",\"target\":[\"https:\\\/\\\/aassdn.org\\\/amicale\\\/cooperation-premiere-mission-aerienne-conjointe-franco-allemande-dans-le-cadre-de-la-dissuasion-avancee\\\/#respond\"]}]},{\"@type\":\"WebPage\",\"@id\":\"https:\\\/\\\/aassdn.org\\\/amicale\\\/cooperation-premiere-mission-aerienne-conjointe-franco-allemande-dans-le-cadre-de-la-dissuasion-avancee\\\/\",\"url\":\"https:\\\/\\\/aassdn.org\\\/amicale\\\/cooperation-premiere-mission-aerienne-conjointe-franco-allemande-dans-le-cadre-de-la-dissuasion-avancee\\\/\",\"name\":\"Dissuasion nucl\u00e9aire avanc\u00e9e: Gesticulation Franco-allemande | AASSDN - Anciens et Amis des Services Sp\u00e9ciaux de la D\u00e9fense Nationale\",\"isPartOf\":{\"@id\":\"https:\\\/\\\/aassdn.org\\\/amicale\\\/#website\"},\"primaryImageOfPage\":{\"@id\":\"https:\\\/\\\/aassdn.org\\\/amicale\\\/cooperation-premiere-mission-aerienne-conjointe-franco-allemande-dans-le-cadre-de-la-dissuasion-avancee\\\/#primaryimage\"},\"image\":{\"@id\":\"https:\\\/\\\/aassdn.org\\\/amicale\\\/cooperation-premiere-mission-aerienne-conjointe-franco-allemande-dans-le-cadre-de-la-dissuasion-avancee\\\/#primaryimage\"},\"thumbnailUrl\":\"https:\\\/\\\/aassdn.org\\\/amicale\\\/wp-content\\\/uploads\\\/ministere-des-armees-et-des-anciens-combattants.jpg\",\"datePublished\":\"2026-07-20T18:16:07+00:00\",\"dateModified\":\"2026-08-12T15:26:09+00:00\",\"breadcrumb\":{\"@id\":\"https:\\\/\\\/aassdn.org\\\/amicale\\\/cooperation-premiere-mission-aerienne-conjointe-franco-allemande-dans-le-cadre-de-la-dissuasion-avancee\\\/#breadcrumb\"},\"inLanguage\":\"fr-FR\",\"potentialAction\":[{\"@type\":\"ReadAction\",\"target\":[\"https:\\\/\\\/aassdn.org\\\/amicale\\\/cooperation-premiere-mission-aerienne-conjointe-franco-allemande-dans-le-cadre-de-la-dissuasion-avancee\\\/\"]}]},{\"@type\":\"ImageObject\",\"inLanguage\":\"fr-FR\",\"@id\":\"https:\\\/\\\/aassdn.org\\\/amicale\\\/cooperation-premiere-mission-aerienne-conjointe-franco-allemande-dans-le-cadre-de-la-dissuasion-avancee\\\/#primaryimage\",\"url\":\"https:\\\/\\\/aassdn.org\\\/amicale\\\/wp-content\\\/uploads\\\/ministere-des-armees-et-des-anciens-combattants.jpg\",\"contentUrl\":\"https:\\\/\\\/aassdn.org\\\/amicale\\\/wp-content\\\/uploads\\\/ministere-des-armees-et-des-anciens-combattants.jpg\",\"width\":408,\"height\":252},{\"@type\":\"BreadcrumbList\",\"@id\":\"https:\\\/\\\/aassdn.org\\\/amicale\\\/cooperation-premiere-mission-aerienne-conjointe-franco-allemande-dans-le-cadre-de-la-dissuasion-avancee\\\/#breadcrumb\",\"itemListElement\":[{\"@type\":\"ListItem\",\"position\":1,\"name\":\"Accueil\",\"item\":\"https:\\\/\\\/aassdn.org\\\/amicale\\\/\"},{\"@type\":\"ListItem\",\"position\":2,\"name\":\"Dissuasion nucl\u00e9aire avanc\u00e9e: Gesticulation Franco-allemande\"}]},{\"@type\":\"WebSite\",\"@id\":\"https:\\\/\\\/aassdn.org\\\/amicale\\\/#website\",\"url\":\"https:\\\/\\\/aassdn.org\\\/amicale\\\/\",\"name\":\"AASSDN | Anciens et Amis des Services Sp\u00e9ciaux\",\"description\":\"Services sp\u00e9ciaux : Des h\u00e9ros anonymes au service exclusif de la France\",\"publisher\":{\"@id\":\"https:\\\/\\\/aassdn.org\\\/amicale\\\/#organization\"},\"potentialAction\":[{\"@type\":\"SearchAction\",\"target\":{\"@type\":\"EntryPoint\",\"urlTemplate\":\"https:\\\/\\\/aassdn.org\\\/amicale\\\/?s={search_term_string}\"},\"query-input\":{\"@type\":\"PropertyValueSpecification\",\"valueRequired\":true,\"valueName\":\"search_term_string\"}}],\"inLanguage\":\"fr-FR\"},{\"@type\":\"Organization\",\"@id\":\"https:\\\/\\\/aassdn.org\\\/amicale\\\/#organization\",\"name\":\"AASSDN | Anciens et Amis des Services Sp\u00e9ciaux\",\"url\":\"https:\\\/\\\/aassdn.org\\\/amicale\\\/\",\"logo\":{\"@type\":\"ImageObject\",\"inLanguage\":\"fr-FR\",\"@id\":\"https:\\\/\\\/aassdn.org\\\/amicale\\\/#\\\/schema\\\/logo\\\/image\\\/\",\"url\":\"https:\\\/\\\/aassdn.org\\\/amicale\\\/wp-content\\\/uploads\\\/Logo_AASSDN_transparent2.png\",\"contentUrl\":\"https:\\\/\\\/aassdn.org\\\/amicale\\\/wp-content\\\/uploads\\\/Logo_AASSDN_transparent2.png\",\"width\":1832,\"height\":1609,\"caption\":\"AASSDN | Anciens et Amis des Services Sp\u00e9ciaux\"},\"image\":{\"@id\":\"https:\\\/\\\/aassdn.org\\\/amicale\\\/#\\\/schema\\\/logo\\\/image\\\/\"}},{\"@type\":\"Person\",\"@id\":\"https:\\\/\\\/aassdn.org\\\/amicale\\\/#\\\/schema\\\/person\\\/8e950b11c74c24df36dc8e172f9451f4\",\"name\":\"AASSDN\",\"image\":{\"@type\":\"ImageObject\",\"inLanguage\":\"fr-FR\",\"@id\":\"https:\\\/\\\/secure.gravatar.com\\\/avatar\\\/fd0b6d50e70e6f0ed2d0d0ed7be3689bc93c931340a70ec36db416b5f0486016?s=96&d=mm&r=g\",\"url\":\"https:\\\/\\\/secure.gravatar.com\\\/avatar\\\/fd0b6d50e70e6f0ed2d0d0ed7be3689bc93c931340a70ec36db416b5f0486016?s=96&d=mm&r=g\",\"contentUrl\":\"https:\\\/\\\/secure.gravatar.com\\\/avatar\\\/fd0b6d50e70e6f0ed2d0d0ed7be3689bc93c931340a70ec36db416b5f0486016?s=96&d=mm&r=g\",\"caption\":\"AASSDN\"},\"url\":\"https:\\\/\\\/aassdn.org\\\/amicale\\\/author\\\/laure-fanjeau\\\/\"}]}<\/script>\n<!-- \/ Yoast SEO plugin. -->","yoast_head_json":{"title":"Dissuasion nucl\u00e9aire avanc\u00e9e: Gesticulation Franco-allemande | AASSDN - Anciens et Amis des Services Sp\u00e9ciaux de la D\u00e9fense Nationale","robots":{"index":"index","follow":"follow","max-snippet":"max-snippet:-1","max-image-preview":"max-image-preview:large","max-video-preview":"max-video-preview:-1"},"canonical":"https:\/\/aassdn.org\/amicale\/cooperation-premiere-mission-aerienne-conjointe-franco-allemande-dans-le-cadre-de-la-dissuasion-avancee\/","og_locale":"fr_FR","og_type":"article","og_title":"Dissuasion nucl\u00e9aire avanc\u00e9e: Gesticulation Franco-allemande | AASSDN - Anciens et Amis des Services Sp\u00e9ciaux de la D\u00e9fense Nationale","og_description":"Avis de l&#8217;AASSDN:Apr\u00e8s la r\u00e9cente annonce de l&#8217;abandon du projet embl\u00e9matique de coop\u00e9ration franco-allemande\u00a0SCAF\u00a0et juste avant la r\u00e9union du\u00a0Conseil franco-allemand de d\u00e9fense et de s\u00e9curit\u00e9 (CFADS), cet exercice semble \u00eatre un modeste \u00e9l\u00e9ment de communication politique sans v\u00e9ritable signification strat\u00e9gique. Le 16 juillet, le Commandement des forces a\u00e9riennes strat\u00e9giques fran\u00e7aises (CFAS) et l\u2019arm\u00e9e de l\u2019Air [&hellip;]","og_url":"https:\/\/aassdn.org\/amicale\/cooperation-premiere-mission-aerienne-conjointe-franco-allemande-dans-le-cadre-de-la-dissuasion-avancee\/","og_site_name":"AASSDN - Anciens et Amis des Services Sp\u00e9ciaux de la D\u00e9fense Nationale","article_published_time":"2026-07-20T18:16:07+00:00","article_modified_time":"2026-08-12T15:26:09+00:00","og_image":[{"width":408,"height":252,"url":"https:\/\/aassdn.org\/amicale\/wp-content\/uploads\/ministere-des-armees-et-des-anciens-combattants.jpg","type":"image\/jpeg"}],"author":"AASSDN","twitter_card":"summary_large_image","twitter_misc":{"\u00c9crit par":"AASSDN","Dur\u00e9e de lecture estim\u00e9e":"1 minute"},"schema":{"@context":"https:\/\/schema.org","@graph":[{"@type":"Article","@id":"https:\/\/aassdn.org\/amicale\/cooperation-premiere-mission-aerienne-conjointe-franco-allemande-dans-le-cadre-de-la-dissuasion-avancee\/#article","isPartOf":{"@id":"https:\/\/aassdn.org\/amicale\/cooperation-premiere-mission-aerienne-conjointe-franco-allemande-dans-le-cadre-de-la-dissuasion-avancee\/"},"author":{"name":"AASSDN","@id":"https:\/\/aassdn.org\/amicale\/#\/schema\/person\/8e950b11c74c24df36dc8e172f9451f4"},"headline":"Dissuasion nucl\u00e9aire avanc\u00e9e: Gesticulation Franco-allemande","datePublished":"2026-07-20T18:16:07+00:00","dateModified":"2026-08-12T15:26:09+00:00","mainEntityOfPage":{"@id":"https:\/\/aassdn.org\/amicale\/cooperation-premiere-mission-aerienne-conjointe-franco-allemande-dans-le-cadre-de-la-dissuasion-avancee\/"},"wordCount":261,"commentCount":0,"publisher":{"@id":"https:\/\/aassdn.org\/amicale\/#organization"},"image":{"@id":"https:\/\/aassdn.org\/amicale\/cooperation-premiere-mission-aerienne-conjointe-franco-allemande-dans-le-cadre-de-la-dissuasion-avancee\/#primaryimage"},"thumbnailUrl":"https:\/\/aassdn.org\/amicale\/wp-content\/uploads\/ministere-des-armees-et-des-anciens-combattants.jpg","keywords":["Allemagne","Allemands","avion","Commandement des forces a\u00e9riennes strat\u00e9giques fran\u00e7aises","communication","d\u00e9fense","dissuasion nucl\u00e9aire","Etat-Major","Luftwaffe","Paris","strat\u00e9gique"],"articleSection":["2020-2030","Actualit\u00e9s"],"inLanguage":"fr-FR","potentialAction":[{"@type":"CommentAction","name":"Comment","target":["https:\/\/aassdn.org\/amicale\/cooperation-premiere-mission-aerienne-conjointe-franco-allemande-dans-le-cadre-de-la-dissuasion-avancee\/#respond"]}]},{"@type":"WebPage","@id":"https:\/\/aassdn.org\/amicale\/cooperation-premiere-mission-aerienne-conjointe-franco-allemande-dans-le-cadre-de-la-dissuasion-avancee\/","url":"https:\/\/aassdn.org\/amicale\/cooperation-premiere-mission-aerienne-conjointe-franco-allemande-dans-le-cadre-de-la-dissuasion-avancee\/","name":"Dissuasion nucl\u00e9aire avanc\u00e9e: Gesticulation Franco-allemande | AASSDN - Anciens et Amis des Services Sp\u00e9ciaux de la D\u00e9fense Nationale","isPartOf":{"@id":"https:\/\/aassdn.org\/amicale\/#website"},"primaryImageOfPage":{"@id":"https:\/\/aassdn.org\/amicale\/cooperation-premiere-mission-aerienne-conjointe-franco-allemande-dans-le-cadre-de-la-dissuasion-avancee\/#primaryimage"},"image":{"@id":"https:\/\/aassdn.org\/amicale\/cooperation-premiere-mission-aerienne-conjointe-franco-allemande-dans-le-cadre-de-la-dissuasion-avancee\/#primaryimage"},"thumbnailUrl":"https:\/\/aassdn.org\/amicale\/wp-content\/uploads\/ministere-des-armees-et-des-anciens-combattants.jpg","datePublished":"2026-07-20T18:16:07+00:00","dateModified":"2026-08-12T15:26:09+00:00","breadcrumb":{"@id":"https:\/\/aassdn.org\/amicale\/cooperation-premiere-mission-aerienne-conjointe-franco-allemande-dans-le-cadre-de-la-dissuasion-avancee\/#breadcrumb"},"inLanguage":"fr-FR","potentialAction":[{"@type":"ReadAction","target":["https:\/\/aassdn.org\/amicale\/cooperation-premiere-mission-aerienne-conjointe-franco-allemande-dans-le-cadre-de-la-dissuasion-avancee\/"]}]},{"@type":"ImageObject","inLanguage":"fr-FR","@id":"https:\/\/aassdn.org\/amicale\/cooperation-premiere-mission-aerienne-conjointe-franco-allemande-dans-le-cadre-de-la-dissuasion-avancee\/#primaryimage","url":"https:\/\/aassdn.org\/amicale\/wp-content\/uploads\/ministere-des-armees-et-des-anciens-combattants.jpg","contentUrl":"https:\/\/aassdn.org\/amicale\/wp-content\/uploads\/ministere-des-armees-et-des-anciens-combattants.jpg","width":408,"height":252},{"@type":"BreadcrumbList","@id":"https:\/\/aassdn.org\/amicale\/cooperation-premiere-mission-aerienne-conjointe-franco-allemande-dans-le-cadre-de-la-dissuasion-avancee\/#breadcrumb","itemListElement":[{"@type":"ListItem","position":1,"name":"Accueil","item":"https:\/\/aassdn.org\/amicale\/"},{"@type":"ListItem","position":2,"name":"Dissuasion nucl\u00e9aire avanc\u00e9e: Gesticulation Franco-allemande"}]},{"@type":"WebSite","@id":"https:\/\/aassdn.org\/amicale\/#website","url":"https:\/\/aassdn.org\/amicale\/","name":"AASSDN | Anciens et Amis des Services Sp\u00e9ciaux","description":"Services sp\u00e9ciaux : Des h\u00e9ros anonymes au service exclusif de la France","publisher":{"@id":"https:\/\/aassdn.org\/amicale\/#organization"},"potentialAction":[{"@type":"SearchAction","target":{"@type":"EntryPoint","urlTemplate":"https:\/\/aassdn.org\/amicale\/?s={search_term_string}"},"query-input":{"@type":"PropertyValueSpecification","valueRequired":true,"valueName":"search_term_string"}}],"inLanguage":"fr-FR"},{"@type":"Organization","@id":"https:\/\/aassdn.org\/amicale\/#organization","name":"AASSDN | Anciens et Amis des Services Sp\u00e9ciaux","url":"https:\/\/aassdn.org\/amicale\/","logo":{"@type":"ImageObject","inLanguage":"fr-FR","@id":"https:\/\/aassdn.org\/amicale\/#\/schema\/logo\/image\/","url":"https:\/\/aassdn.org\/amicale\/wp-content\/uploads\/Logo_AASSDN_transparent2.png","contentUrl":"https:\/\/aassdn.org\/amicale\/wp-content\/uploads\/Logo_AASSDN_transparent2.png","width":1832,"height":1609,"caption":"AASSDN | Anciens et Amis des Services Sp\u00e9ciaux"},"image":{"@id":"https:\/\/aassdn.org\/amicale\/#\/schema\/logo\/image\/"}},{"@type":"Person","@id":"https:\/\/aassdn.org\/amicale\/#\/schema\/person\/8e950b11c74c24df36dc8e172f9451f4","name":"AASSDN","image":{"@type":"ImageObject","inLanguage":"fr-FR","@id":"https:\/\/secure.gravatar.com\/avatar\/fd0b6d50e70e6f0ed2d0d0ed7be3689bc93c931340a70ec36db416b5f0486016?s=96&d=mm&r=g","url":"https:\/\/secure.gravatar.com\/avatar\/fd0b6d50e70e6f0ed2d0d0ed7be3689bc93c931340a70ec36db416b5f0486016?s=96&d=mm&r=g","contentUrl":"https:\/\/secure.gravatar.com\/avatar\/fd0b6d50e70e6f0ed2d0d0ed7be3689bc93c931340a70ec36db416b5f0486016?s=96&d=mm&r=g","caption":"AASSDN"},"url":"https:\/\/aassdn.org\/amicale\/author\/laure-fanjeau\/"}]}},"_links":{"self":[{"href":"https:\/\/aassdn.org\/amicale\/wp-json\/wp\/v2\/posts\/26673","targetHints":{"allow":["GET"]}}],"collection":[{"href":"https:\/\/aassdn.org\/amicale\/wp-json\/wp\/v2\/posts"}],"about":[{"href":"https:\/\/aassdn.org\/amicale\/wp-json\/wp\/v2\/types\/post"}],"author":[{"embeddable":true,"href":"https:\/\/aassdn.org\/amicale\/wp-json\/wp\/v2\/users\/32"}],"replies":[{"embeddable":true,"href":"https:\/\/aassdn.org\/amicale\/wp-json\/wp\/v2\/comments?post=26673"}],"version-history":[{"count":0,"href":"https:\/\/aassdn.org\/amicale\/wp-json\/wp\/v2\/posts\/26673\/revisions"}],"wp:featuredmedia":[{"embeddable":true,"href":"https:\/\/aassdn.org\/amicale\/wp-json\/wp\/v2\/media\/16522"}],"wp:attachment":[{"href":"https:\/\/aassdn.org\/amicale\/wp-json\/wp\/v2\/media?parent=26673"}],"wp:term":[{"taxonomy":"category","embeddable":true,"href":"https:\/\/aassdn.org\/amicale\/wp-json\/wp\/v2\/categories?post=26673"},{"taxonomy":"post_tag","embeddable":true,"href":"https:\/\/aassdn.org\/amicale\/wp-json\/wp\/v2\/tags?post=26673"}],"curies":[{"name":"wp","href":"https:\/\/api.w.org\/{rel}","templated":true}]}}