{"id":26654,"date":"2026-07-18T10:56:27","date_gmt":"2026-07-18T08:56:27","guid":{"rendered":"https:\/\/aassdn.org\/amicale\/?p=26654"},"modified":"2026-08-22T15:54:29","modified_gmt":"2026-08-22T13:54:29","slug":"memoire-20-juillet-anniversaire-de-la-mort-dune-heroine-francaise","status":"publish","type":"post","link":"https:\/\/aassdn.org\/amicale\/memoire-20-juillet-anniversaire-de-la-mort-dune-heroine-francaise\/","title":{"rendered":"Hommage \u00e0 Marie-Madeleine FOURCADE, chef du r\u00e9seau\u00a0Alliance\u00a0durant la Seconde Guerre mondiale"},"content":{"rendered":"\n<p class=\"wp-block-paragraph\">N\u00e9e le 8 novembre 1909 \u00e0 Marseille, dans une famille de la haute bourgeoisie catholique. Enfance \u00e0 Shanghai, entre les cadres des Messageries Maritimes et les d\u00eeners en costume d&#8217;apparat. Rien dans ce milieu-l\u00e0 ne pr\u00e9destinait \u00e0 finir nue \u00e0 s&#8217;arracher aux barreaux d&#8217;une cellule de la <em>Gestapo.<\/em><em>\u2800<\/em><br>En juin 1940, la France \u00ab&nbsp;capitule&nbsp;\u00bb. Elle refuse.\u2800<br><br>Avant la guerre, pendant de nombreuses ann\u00e9es, MM Fourcade a \u00e9t\u00e9 l\u2019adjointe du commandant Loustaunau &#8211; Lacau, comme r\u00e9dactrice en chef des publications de la <em>Spirale.<\/em>&nbsp;D\u00e8s l\u2019\u00e9t\u00e9 1940, c\u2019est lui qui cr\u00e9e le r\u00e9seau qui deviendra <em>Alliance<\/em>.&nbsp;Il est arr\u00eat\u00e9 en AFN alors qu\u2019il tentait de faire basculer l\u2019Afrique du Nord dans la reprise du combat contre les&nbsp;Allemands et est d\u00e9port\u00e9.<\/p>\n\n\n\n<p class=\"wp-block-paragraph\">\u00c0 31 ans, sous le nom de Marie-Madeleine M\u00e9ric \u2014 celui de son premier mari \u2014 elle succ\u00e8de alors au commandant Loustaunau-Lacau et prend la t\u00eate du r\u00e9seau <em>Alliance<\/em>.<br>Jusqu&#8217;\u00e0 3 000 agents travaillent sous ses ordres pour <em>l&#8217;Intelligence Service<\/em> britannique : des soldats, des instituteurs, des m\u00e9decins, des paysans. Ils transmettent les d\u00e9placements des sous-marins allemands, les positions des d\u00e9fenses c\u00f4ti\u00e8res, les cartes des rampes de lancement des V1 et V2. La <em>Gestapo<\/em>, incapable de mettre un visage sur cette organisation tentaculaire, finit par la surnommer <em>\u00ab l&#8217;Arche de No\u00e9 \u00bb<\/em> \u2014 parce que ses membres portent des noms d&#8217;animaux. Son alias \u00e0 elle : <em>\u00ab H\u00e9risson \u00bb.<\/em> Longtemps, <em>l\u2019Intelligence Service<\/em> et la <em>Gestapo<\/em> ignorent que c&#8217;est une femme qui est \u00e0 la t\u00eate de ce r\u00e9seau.\u2800<br><br>En novembre 1942, la police fran\u00e7aise l&#8217;arr\u00eate \u00e0 Marseille avec son \u00e9tat-major. Elle s&#8217;\u00e9vade quelques jours plus tard, en route vers Castres.\u2800<br>La guerre ronge aussi l&#8217;intime. Son compagnon, le commandant L\u00e9on Faye \u2014 le p\u00e8re de son fils n\u00e9 dans la clandestinit\u00e9 en juin 1943 \u2014 est arr\u00eat\u00e9 \u00e0 l&#8217;automne 1943. D\u00e9port\u00e9, il est assassin\u00e9 en Allemagne en janvier 1945.\u2800<br>Elle continue.\u2800<br><br>Le 17 juillet 1944, la <em>Gestapo<\/em> la capture \u00e0 Aix-en-Provence. Elle est d\u00e9tenue \u00e0 la caserne Miollis. Elle sait ce qui l&#8217;attend. Elle conna\u00eet les codes du r\u00e9seau. Elle conna\u00eet les noms.\u2800<br><br>Dans la nuit du 17 au 18 juillet, elle se d\u00e9shabille enti\u00e8rement, &nbsp;s&#8217;enduit le corps d&#8217;eau savonneuse, et au prix d&#8217;\u00e9normes douleurs, elle se glisse nue \u00e0 travers les barreaux de sa fen\u00eatre. Elle dispara\u00eet dans la nuit.\u2800<br>Le r\u00e9seau <em>Alliance<\/em> a compt\u00e9 429 morts.\u2800<br><br>Apr\u00e8s la guerre, elle a consacr\u00e9 des ann\u00e9es \u00e0 les nommer, \u00e0 reconstituer leurs dossiers, \u00e0 les rendre \u00e0 l&#8217;Histoire. Dans les manuels scolaires, dans les comm\u00e9morations, dans les discours du 8 mai, c&#8217;est Jean Moulin qu&#8217;on cite. Elle, elle reste absente du r\u00e9cit qu&#8217;on enseigne aux enfants de France.\u2800<br><br>Elle est morte le 20 juillet 1989 \u00e0 Paris.\u2800<\/p>\n\n\n\n<p class=\"wp-block-paragraph\"><strong><br>La m\u00e9moire ne se transmet pas toute seule.<\/strong><br><\/p>\n\n\n<div class=\"wp-block-image\">\n<figure class=\"aligncenter size-full\"><img decoding=\"async\" width=\"322\" height=\"411\" data-src=\"https:\/\/aassdn.org\/amicale\/wp-content\/uploads\/Image1-1.jpg\" alt=\"\" class=\"wp-image-26706 lazyload\" data-srcset=\"https:\/\/aassdn.org\/amicale\/wp-content\/uploads\/Image1-1.jpg 322w, https:\/\/aassdn.org\/amicale\/wp-content\/uploads\/Image1-1-235x300.jpg 235w\" data-sizes=\"(max-width: 322px) 100vw, 322px\" src=\"data:image\/svg+xml;base64,PHN2ZyB3aWR0aD0iMSIgaGVpZ2h0PSIxIiB4bWxucz0iaHR0cDovL3d3dy53My5vcmcvMjAwMC9zdmciPjwvc3ZnPg==\" style=\"--smush-placeholder-width: 322px; --smush-placeholder-aspect-ratio: 322\/411;\" \/><\/figure>\n<\/div><div class=\"pdfprnt-buttons pdfprnt-buttons-post pdfprnt-bottom-right\"><a href=\"https:\/\/aassdn.org\/amicale\/wp-json\/wp\/v2\/posts\/26654?print=pdf\" class=\"pdfprnt-button pdfprnt-button-pdf\" target=\"_blank\" ><img decoding=\"async\" data-src=\"https:\/\/aassdn.org\/amicale\/wp-content\/plugins\/pdf-print\/images\/pdf.png\" alt=\"image_pdf\" title=\"Afficher le PDF\" src=\"data:image\/svg+xml;base64,PHN2ZyB3aWR0aD0iMSIgaGVpZ2h0PSIxIiB4bWxucz0iaHR0cDovL3d3dy53My5vcmcvMjAwMC9zdmciPjwvc3ZnPg==\" class=\"lazyload\" style=\"--smush-placeholder-width: 32px; --smush-placeholder-aspect-ratio: 32\/32;\" \/><\/a><a href=\"https:\/\/aassdn.org\/amicale\/wp-json\/wp\/v2\/posts\/26654?print=print\" class=\"pdfprnt-button pdfprnt-button-print\" target=\"_blank\" ><\/a><\/div>","protected":false},"excerpt":{"rendered":"<p>N\u00e9e le 8 novembre 1909 \u00e0 Marseille, dans une famille de la haute bourgeoisie catholique. Enfance \u00e0 Shanghai, entre les cadres des Messageries Maritimes et les d\u00eeners en costume d&#8217;apparat. Rien dans ce milieu-l\u00e0 ne pr\u00e9destinait \u00e0 finir nue \u00e0 s&#8217;arracher aux barreaux d&#8217;une cellule de la Gestapo.\u2800En juin 1940, la France \u00ab&nbsp;capitule&nbsp;\u00bb. Elle refuse.\u2800 [&hellip;]<\/p>\n","protected":false},"author":32,"featured_media":26661,"comment_status":"open","ping_status":"closed","sticky":false,"template":"","format":"standard","meta":{"_acf_changed":false,"footnotes":""},"categories":[116,288,278],"tags":[4795,293,307,1016,346,517,327,240,2954,339,5632,355],"class_list":["post-26654","post","type-post","status-publish","format-standard","has-post-thumbnail","hentry","category-1940-1944-resistances","category-2020-2030","category-actualites","tag-acteur-de-la-resistance","tag-allemagne","tag-defense","tag-groupe-de-resistance","tag-guerre","tag-heros-de-la-resistance","tag-histoire","tag-jean-moulin","tag-la-resistance","tag-memoire","tag-reseau-de-resistance","tag-resistance-francaise"],"acf":[],"yoast_head":"<!-- This site is optimized with the Yoast SEO plugin v28.4 - https:\/\/yoast.com\/product\/yoast-seo-wordpress\/ -->\n<title>Hommage \u00e0 Marie-Madeleine FOURCADE, chef du r\u00e9seau\u00a0Alliance\u00a0durant la Seconde Guerre mondiale | AASSDN - Anciens et Amis des Services Sp\u00e9ciaux de la D\u00e9fense Nationale<\/title>\n<meta name=\"robots\" content=\"index, follow, max-snippet:-1, max-image-preview:large, max-video-preview:-1\" \/>\n<link rel=\"canonical\" href=\"https:\/\/aassdn.org\/amicale\/memoire-20-juillet-anniversaire-de-la-mort-dune-heroine-francaise\/\" \/>\n<meta property=\"og:locale\" content=\"fr_FR\" \/>\n<meta property=\"og:type\" content=\"article\" \/>\n<meta property=\"og:title\" content=\"Hommage \u00e0 Marie-Madeleine FOURCADE, chef du r\u00e9seau\u00a0Alliance\u00a0durant la Seconde Guerre mondiale | AASSDN - Anciens et Amis des Services Sp\u00e9ciaux de la D\u00e9fense Nationale\" \/>\n<meta property=\"og:description\" content=\"N\u00e9e le 8 novembre 1909 \u00e0 Marseille, dans une famille de la haute bourgeoisie catholique. Enfance \u00e0 Shanghai, entre les cadres des Messageries Maritimes et les d\u00eeners en costume d&#8217;apparat. Rien dans ce milieu-l\u00e0 ne pr\u00e9destinait \u00e0 finir nue \u00e0 s&#8217;arracher aux barreaux d&#8217;une cellule de la Gestapo.\u2800En juin 1940, la France \u00ab&nbsp;capitule&nbsp;\u00bb. Elle refuse.\u2800 [&hellip;]\" \/>\n<meta property=\"og:url\" content=\"https:\/\/aassdn.org\/amicale\/memoire-20-juillet-anniversaire-de-la-mort-dune-heroine-francaise\/\" \/>\n<meta property=\"og:site_name\" content=\"AASSDN - Anciens et Amis des Services Sp\u00e9ciaux de la D\u00e9fense Nationale\" \/>\n<meta property=\"article:published_time\" content=\"2026-07-18T08:56:27+00:00\" \/>\n<meta property=\"article:modified_time\" content=\"2026-08-22T13:54:29+00:00\" \/>\n<meta property=\"og:image\" content=\"https:\/\/aassdn.org\/amicale\/wp-content\/uploads\/Image2-2.jpg\" \/>\n\t<meta property=\"og:image:width\" content=\"281\" \/>\n\t<meta property=\"og:image:height\" content=\"333\" \/>\n\t<meta property=\"og:image:type\" content=\"image\/jpeg\" \/>\n<meta name=\"author\" content=\"AASSDN\" \/>\n<meta name=\"twitter:card\" content=\"summary_large_image\" \/>\n<meta name=\"twitter:label1\" content=\"\u00c9crit par\" \/>\n\t<meta name=\"twitter:data1\" content=\"AASSDN\" \/>\n\t<meta name=\"twitter:label2\" content=\"Dur\u00e9e de lecture estim\u00e9e\" \/>\n\t<meta name=\"twitter:data2\" content=\"2 minutes\" \/>\n<script type=\"application\/ld+json\" class=\"yoast-schema-graph\">{\"@context\":\"https:\\\/\\\/schema.org\",\"@graph\":[{\"@type\":\"Article\",\"@id\":\"https:\\\/\\\/aassdn.org\\\/amicale\\\/memoire-20-juillet-anniversaire-de-la-mort-dune-heroine-francaise\\\/#article\",\"isPartOf\":{\"@id\":\"https:\\\/\\\/aassdn.org\\\/amicale\\\/memoire-20-juillet-anniversaire-de-la-mort-dune-heroine-francaise\\\/\"},\"author\":{\"name\":\"AASSDN\",\"@id\":\"https:\\\/\\\/aassdn.org\\\/amicale\\\/#\\\/schema\\\/person\\\/8e950b11c74c24df36dc8e172f9451f4\"},\"headline\":\"Hommage \u00e0 Marie-Madeleine FOURCADE, chef du r\u00e9seau\u00a0Alliance\u00a0durant la Seconde Guerre mondiale\",\"datePublished\":\"2026-07-18T08:56:27+00:00\",\"dateModified\":\"2026-08-22T13:54:29+00:00\",\"mainEntityOfPage\":{\"@id\":\"https:\\\/\\\/aassdn.org\\\/amicale\\\/memoire-20-juillet-anniversaire-de-la-mort-dune-heroine-francaise\\\/\"},\"wordCount\":493,\"commentCount\":0,\"publisher\":{\"@id\":\"https:\\\/\\\/aassdn.org\\\/amicale\\\/#organization\"},\"image\":{\"@id\":\"https:\\\/\\\/aassdn.org\\\/amicale\\\/memoire-20-juillet-anniversaire-de-la-mort-dune-heroine-francaise\\\/#primaryimage\"},\"thumbnailUrl\":\"https:\\\/\\\/aassdn.org\\\/amicale\\\/wp-content\\\/uploads\\\/Image2-2.jpg\",\"keywords\":[\"Acteur de la R\u00e9sistance\",\"Allemagne\",\"d\u00e9fense\",\"groupe de r\u00e9sistance\",\"guerre\",\"h\u00e9ros de la R\u00e9sistance\",\"histoire\",\"Jean Moulin\",\"La R\u00e9sistance\",\"m\u00e9moire\",\"r\u00e9seau de r\u00e9sistance\",\"R\u00e9sistance fran\u00e7aise\"],\"articleSection\":[\"1940-1944 : R\u00e9sistances en France\",\"2020-2030\",\"Actualit\u00e9s\"],\"inLanguage\":\"fr-FR\",\"potentialAction\":[{\"@type\":\"CommentAction\",\"name\":\"Comment\",\"target\":[\"https:\\\/\\\/aassdn.org\\\/amicale\\\/memoire-20-juillet-anniversaire-de-la-mort-dune-heroine-francaise\\\/#respond\"]}]},{\"@type\":\"WebPage\",\"@id\":\"https:\\\/\\\/aassdn.org\\\/amicale\\\/memoire-20-juillet-anniversaire-de-la-mort-dune-heroine-francaise\\\/\",\"url\":\"https:\\\/\\\/aassdn.org\\\/amicale\\\/memoire-20-juillet-anniversaire-de-la-mort-dune-heroine-francaise\\\/\",\"name\":\"Hommage \u00e0 Marie-Madeleine FOURCADE, chef du r\u00e9seau\u00a0Alliance\u00a0durant la Seconde Guerre mondiale | AASSDN - Anciens et Amis des Services Sp\u00e9ciaux de la D\u00e9fense Nationale\",\"isPartOf\":{\"@id\":\"https:\\\/\\\/aassdn.org\\\/amicale\\\/#website\"},\"primaryImageOfPage\":{\"@id\":\"https:\\\/\\\/aassdn.org\\\/amicale\\\/memoire-20-juillet-anniversaire-de-la-mort-dune-heroine-francaise\\\/#primaryimage\"},\"image\":{\"@id\":\"https:\\\/\\\/aassdn.org\\\/amicale\\\/memoire-20-juillet-anniversaire-de-la-mort-dune-heroine-francaise\\\/#primaryimage\"},\"thumbnailUrl\":\"https:\\\/\\\/aassdn.org\\\/amicale\\\/wp-content\\\/uploads\\\/Image2-2.jpg\",\"datePublished\":\"2026-07-18T08:56:27+00:00\",\"dateModified\":\"2026-08-22T13:54:29+00:00\",\"breadcrumb\":{\"@id\":\"https:\\\/\\\/aassdn.org\\\/amicale\\\/memoire-20-juillet-anniversaire-de-la-mort-dune-heroine-francaise\\\/#breadcrumb\"},\"inLanguage\":\"fr-FR\",\"potentialAction\":[{\"@type\":\"ReadAction\",\"target\":[\"https:\\\/\\\/aassdn.org\\\/amicale\\\/memoire-20-juillet-anniversaire-de-la-mort-dune-heroine-francaise\\\/\"]}]},{\"@type\":\"ImageObject\",\"inLanguage\":\"fr-FR\",\"@id\":\"https:\\\/\\\/aassdn.org\\\/amicale\\\/memoire-20-juillet-anniversaire-de-la-mort-dune-heroine-francaise\\\/#primaryimage\",\"url\":\"https:\\\/\\\/aassdn.org\\\/amicale\\\/wp-content\\\/uploads\\\/Image2-2.jpg\",\"contentUrl\":\"https:\\\/\\\/aassdn.org\\\/amicale\\\/wp-content\\\/uploads\\\/Image2-2.jpg\",\"width\":281,\"height\":333},{\"@type\":\"BreadcrumbList\",\"@id\":\"https:\\\/\\\/aassdn.org\\\/amicale\\\/memoire-20-juillet-anniversaire-de-la-mort-dune-heroine-francaise\\\/#breadcrumb\",\"itemListElement\":[{\"@type\":\"ListItem\",\"position\":1,\"name\":\"Accueil\",\"item\":\"https:\\\/\\\/aassdn.org\\\/amicale\\\/\"},{\"@type\":\"ListItem\",\"position\":2,\"name\":\"Hommage \u00e0 Marie-Madeleine FOURCADE, chef du r\u00e9seau\u00a0Alliance\u00a0durant la Seconde Guerre mondiale\"}]},{\"@type\":\"WebSite\",\"@id\":\"https:\\\/\\\/aassdn.org\\\/amicale\\\/#website\",\"url\":\"https:\\\/\\\/aassdn.org\\\/amicale\\\/\",\"name\":\"AASSDN | Anciens et Amis des Services Sp\u00e9ciaux\",\"description\":\"Services sp\u00e9ciaux : Des h\u00e9ros anonymes au service exclusif de la France\",\"publisher\":{\"@id\":\"https:\\\/\\\/aassdn.org\\\/amicale\\\/#organization\"},\"potentialAction\":[{\"@type\":\"SearchAction\",\"target\":{\"@type\":\"EntryPoint\",\"urlTemplate\":\"https:\\\/\\\/aassdn.org\\\/amicale\\\/?s={search_term_string}\"},\"query-input\":{\"@type\":\"PropertyValueSpecification\",\"valueRequired\":true,\"valueName\":\"search_term_string\"}}],\"inLanguage\":\"fr-FR\"},{\"@type\":\"Organization\",\"@id\":\"https:\\\/\\\/aassdn.org\\\/amicale\\\/#organization\",\"name\":\"AASSDN | Anciens et Amis des Services Sp\u00e9ciaux\",\"url\":\"https:\\\/\\\/aassdn.org\\\/amicale\\\/\",\"logo\":{\"@type\":\"ImageObject\",\"inLanguage\":\"fr-FR\",\"@id\":\"https:\\\/\\\/aassdn.org\\\/amicale\\\/#\\\/schema\\\/logo\\\/image\\\/\",\"url\":\"https:\\\/\\\/aassdn.org\\\/amicale\\\/wp-content\\\/uploads\\\/Logo_AASSDN_transparent2.png\",\"contentUrl\":\"https:\\\/\\\/aassdn.org\\\/amicale\\\/wp-content\\\/uploads\\\/Logo_AASSDN_transparent2.png\",\"width\":1832,\"height\":1609,\"caption\":\"AASSDN | Anciens et Amis des Services Sp\u00e9ciaux\"},\"image\":{\"@id\":\"https:\\\/\\\/aassdn.org\\\/amicale\\\/#\\\/schema\\\/logo\\\/image\\\/\"}},{\"@type\":\"Person\",\"@id\":\"https:\\\/\\\/aassdn.org\\\/amicale\\\/#\\\/schema\\\/person\\\/8e950b11c74c24df36dc8e172f9451f4\",\"name\":\"AASSDN\",\"image\":{\"@type\":\"ImageObject\",\"inLanguage\":\"fr-FR\",\"@id\":\"https:\\\/\\\/secure.gravatar.com\\\/avatar\\\/fd0b6d50e70e6f0ed2d0d0ed7be3689bc93c931340a70ec36db416b5f0486016?s=96&d=mm&r=g\",\"url\":\"https:\\\/\\\/secure.gravatar.com\\\/avatar\\\/fd0b6d50e70e6f0ed2d0d0ed7be3689bc93c931340a70ec36db416b5f0486016?s=96&d=mm&r=g\",\"contentUrl\":\"https:\\\/\\\/secure.gravatar.com\\\/avatar\\\/fd0b6d50e70e6f0ed2d0d0ed7be3689bc93c931340a70ec36db416b5f0486016?s=96&d=mm&r=g\",\"caption\":\"AASSDN\"},\"url\":\"https:\\\/\\\/aassdn.org\\\/amicale\\\/author\\\/laure-fanjeau\\\/\"}]}<\/script>\n<!-- \/ Yoast SEO plugin. -->","yoast_head_json":{"title":"Hommage \u00e0 Marie-Madeleine FOURCADE, chef du r\u00e9seau\u00a0Alliance\u00a0durant la Seconde Guerre mondiale | AASSDN - Anciens et Amis des Services Sp\u00e9ciaux de la D\u00e9fense Nationale","robots":{"index":"index","follow":"follow","max-snippet":"max-snippet:-1","max-image-preview":"max-image-preview:large","max-video-preview":"max-video-preview:-1"},"canonical":"https:\/\/aassdn.org\/amicale\/memoire-20-juillet-anniversaire-de-la-mort-dune-heroine-francaise\/","og_locale":"fr_FR","og_type":"article","og_title":"Hommage \u00e0 Marie-Madeleine FOURCADE, chef du r\u00e9seau\u00a0Alliance\u00a0durant la Seconde Guerre mondiale | AASSDN - Anciens et Amis des Services Sp\u00e9ciaux de la D\u00e9fense Nationale","og_description":"N\u00e9e le 8 novembre 1909 \u00e0 Marseille, dans une famille de la haute bourgeoisie catholique. Enfance \u00e0 Shanghai, entre les cadres des Messageries Maritimes et les d\u00eeners en costume d&#8217;apparat. Rien dans ce milieu-l\u00e0 ne pr\u00e9destinait \u00e0 finir nue \u00e0 s&#8217;arracher aux barreaux d&#8217;une cellule de la Gestapo.\u2800En juin 1940, la France \u00ab&nbsp;capitule&nbsp;\u00bb. Elle refuse.\u2800 [&hellip;]","og_url":"https:\/\/aassdn.org\/amicale\/memoire-20-juillet-anniversaire-de-la-mort-dune-heroine-francaise\/","og_site_name":"AASSDN - Anciens et Amis des Services Sp\u00e9ciaux de la D\u00e9fense Nationale","article_published_time":"2026-07-18T08:56:27+00:00","article_modified_time":"2026-08-22T13:54:29+00:00","og_image":[{"width":281,"height":333,"url":"https:\/\/aassdn.org\/amicale\/wp-content\/uploads\/Image2-2.jpg","type":"image\/jpeg"}],"author":"AASSDN","twitter_card":"summary_large_image","twitter_misc":{"\u00c9crit par":"AASSDN","Dur\u00e9e de lecture estim\u00e9e":"2 minutes"},"schema":{"@context":"https:\/\/schema.org","@graph":[{"@type":"Article","@id":"https:\/\/aassdn.org\/amicale\/memoire-20-juillet-anniversaire-de-la-mort-dune-heroine-francaise\/#article","isPartOf":{"@id":"https:\/\/aassdn.org\/amicale\/memoire-20-juillet-anniversaire-de-la-mort-dune-heroine-francaise\/"},"author":{"name":"AASSDN","@id":"https:\/\/aassdn.org\/amicale\/#\/schema\/person\/8e950b11c74c24df36dc8e172f9451f4"},"headline":"Hommage \u00e0 Marie-Madeleine FOURCADE, chef du r\u00e9seau\u00a0Alliance\u00a0durant la Seconde Guerre mondiale","datePublished":"2026-07-18T08:56:27+00:00","dateModified":"2026-08-22T13:54:29+00:00","mainEntityOfPage":{"@id":"https:\/\/aassdn.org\/amicale\/memoire-20-juillet-anniversaire-de-la-mort-dune-heroine-francaise\/"},"wordCount":493,"commentCount":0,"publisher":{"@id":"https:\/\/aassdn.org\/amicale\/#organization"},"image":{"@id":"https:\/\/aassdn.org\/amicale\/memoire-20-juillet-anniversaire-de-la-mort-dune-heroine-francaise\/#primaryimage"},"thumbnailUrl":"https:\/\/aassdn.org\/amicale\/wp-content\/uploads\/Image2-2.jpg","keywords":["Acteur de la R\u00e9sistance","Allemagne","d\u00e9fense","groupe de r\u00e9sistance","guerre","h\u00e9ros de la R\u00e9sistance","histoire","Jean Moulin","La R\u00e9sistance","m\u00e9moire","r\u00e9seau de r\u00e9sistance","R\u00e9sistance fran\u00e7aise"],"articleSection":["1940-1944 : R\u00e9sistances en France","2020-2030","Actualit\u00e9s"],"inLanguage":"fr-FR","potentialAction":[{"@type":"CommentAction","name":"Comment","target":["https:\/\/aassdn.org\/amicale\/memoire-20-juillet-anniversaire-de-la-mort-dune-heroine-francaise\/#respond"]}]},{"@type":"WebPage","@id":"https:\/\/aassdn.org\/amicale\/memoire-20-juillet-anniversaire-de-la-mort-dune-heroine-francaise\/","url":"https:\/\/aassdn.org\/amicale\/memoire-20-juillet-anniversaire-de-la-mort-dune-heroine-francaise\/","name":"Hommage \u00e0 Marie-Madeleine FOURCADE, chef du r\u00e9seau\u00a0Alliance\u00a0durant la Seconde Guerre mondiale | AASSDN - Anciens et Amis des Services Sp\u00e9ciaux de la D\u00e9fense Nationale","isPartOf":{"@id":"https:\/\/aassdn.org\/amicale\/#website"},"primaryImageOfPage":{"@id":"https:\/\/aassdn.org\/amicale\/memoire-20-juillet-anniversaire-de-la-mort-dune-heroine-francaise\/#primaryimage"},"image":{"@id":"https:\/\/aassdn.org\/amicale\/memoire-20-juillet-anniversaire-de-la-mort-dune-heroine-francaise\/#primaryimage"},"thumbnailUrl":"https:\/\/aassdn.org\/amicale\/wp-content\/uploads\/Image2-2.jpg","datePublished":"2026-07-18T08:56:27+00:00","dateModified":"2026-08-22T13:54:29+00:00","breadcrumb":{"@id":"https:\/\/aassdn.org\/amicale\/memoire-20-juillet-anniversaire-de-la-mort-dune-heroine-francaise\/#breadcrumb"},"inLanguage":"fr-FR","potentialAction":[{"@type":"ReadAction","target":["https:\/\/aassdn.org\/amicale\/memoire-20-juillet-anniversaire-de-la-mort-dune-heroine-francaise\/"]}]},{"@type":"ImageObject","inLanguage":"fr-FR","@id":"https:\/\/aassdn.org\/amicale\/memoire-20-juillet-anniversaire-de-la-mort-dune-heroine-francaise\/#primaryimage","url":"https:\/\/aassdn.org\/amicale\/wp-content\/uploads\/Image2-2.jpg","contentUrl":"https:\/\/aassdn.org\/amicale\/wp-content\/uploads\/Image2-2.jpg","width":281,"height":333},{"@type":"BreadcrumbList","@id":"https:\/\/aassdn.org\/amicale\/memoire-20-juillet-anniversaire-de-la-mort-dune-heroine-francaise\/#breadcrumb","itemListElement":[{"@type":"ListItem","position":1,"name":"Accueil","item":"https:\/\/aassdn.org\/amicale\/"},{"@type":"ListItem","position":2,"name":"Hommage \u00e0 Marie-Madeleine FOURCADE, chef du r\u00e9seau\u00a0Alliance\u00a0durant la Seconde Guerre mondiale"}]},{"@type":"WebSite","@id":"https:\/\/aassdn.org\/amicale\/#website","url":"https:\/\/aassdn.org\/amicale\/","name":"AASSDN | Anciens et Amis des Services Sp\u00e9ciaux","description":"Services sp\u00e9ciaux : Des h\u00e9ros anonymes au service exclusif de la France","publisher":{"@id":"https:\/\/aassdn.org\/amicale\/#organization"},"potentialAction":[{"@type":"SearchAction","target":{"@type":"EntryPoint","urlTemplate":"https:\/\/aassdn.org\/amicale\/?s={search_term_string}"},"query-input":{"@type":"PropertyValueSpecification","valueRequired":true,"valueName":"search_term_string"}}],"inLanguage":"fr-FR"},{"@type":"Organization","@id":"https:\/\/aassdn.org\/amicale\/#organization","name":"AASSDN | Anciens et Amis des Services Sp\u00e9ciaux","url":"https:\/\/aassdn.org\/amicale\/","logo":{"@type":"ImageObject","inLanguage":"fr-FR","@id":"https:\/\/aassdn.org\/amicale\/#\/schema\/logo\/image\/","url":"https:\/\/aassdn.org\/amicale\/wp-content\/uploads\/Logo_AASSDN_transparent2.png","contentUrl":"https:\/\/aassdn.org\/amicale\/wp-content\/uploads\/Logo_AASSDN_transparent2.png","width":1832,"height":1609,"caption":"AASSDN | Anciens et Amis des Services Sp\u00e9ciaux"},"image":{"@id":"https:\/\/aassdn.org\/amicale\/#\/schema\/logo\/image\/"}},{"@type":"Person","@id":"https:\/\/aassdn.org\/amicale\/#\/schema\/person\/8e950b11c74c24df36dc8e172f9451f4","name":"AASSDN","image":{"@type":"ImageObject","inLanguage":"fr-FR","@id":"https:\/\/secure.gravatar.com\/avatar\/fd0b6d50e70e6f0ed2d0d0ed7be3689bc93c931340a70ec36db416b5f0486016?s=96&d=mm&r=g","url":"https:\/\/secure.gravatar.com\/avatar\/fd0b6d50e70e6f0ed2d0d0ed7be3689bc93c931340a70ec36db416b5f0486016?s=96&d=mm&r=g","contentUrl":"https:\/\/secure.gravatar.com\/avatar\/fd0b6d50e70e6f0ed2d0d0ed7be3689bc93c931340a70ec36db416b5f0486016?s=96&d=mm&r=g","caption":"AASSDN"},"url":"https:\/\/aassdn.org\/amicale\/author\/laure-fanjeau\/"}]}},"_links":{"self":[{"href":"https:\/\/aassdn.org\/amicale\/wp-json\/wp\/v2\/posts\/26654","targetHints":{"allow":["GET"]}}],"collection":[{"href":"https:\/\/aassdn.org\/amicale\/wp-json\/wp\/v2\/posts"}],"about":[{"href":"https:\/\/aassdn.org\/amicale\/wp-json\/wp\/v2\/types\/post"}],"author":[{"embeddable":true,"href":"https:\/\/aassdn.org\/amicale\/wp-json\/wp\/v2\/users\/32"}],"replies":[{"embeddable":true,"href":"https:\/\/aassdn.org\/amicale\/wp-json\/wp\/v2\/comments?post=26654"}],"version-history":[{"count":0,"href":"https:\/\/aassdn.org\/amicale\/wp-json\/wp\/v2\/posts\/26654\/revisions"}],"wp:featuredmedia":[{"embeddable":true,"href":"https:\/\/aassdn.org\/amicale\/wp-json\/wp\/v2\/media\/26661"}],"wp:attachment":[{"href":"https:\/\/aassdn.org\/amicale\/wp-json\/wp\/v2\/media?parent=26654"}],"wp:term":[{"taxonomy":"category","embeddable":true,"href":"https:\/\/aassdn.org\/amicale\/wp-json\/wp\/v2\/categories?post=26654"},{"taxonomy":"post_tag","embeddable":true,"href":"https:\/\/aassdn.org\/amicale\/wp-json\/wp\/v2\/tags?post=26654"}],"curies":[{"name":"wp","href":"https:\/\/api.w.org\/{rel}","templated":true}]}}