{"id":2557,"date":"2021-10-29T10:00:36","date_gmt":"2021-10-29T08:00:36","guid":{"rendered":"https:\/\/aassdn.org\/amicale\/temoignage-dun-deporte-a-buchenwald-septembre-1944\/"},"modified":"2024-03-02T15:22:11","modified_gmt":"2024-03-02T14:22:11","slug":"temoignage-dun-deporte-a-buchenwald-septembre-1944","status":"publish","type":"post","link":"https:\/\/aassdn.org\/amicale\/temoignage-dun-deporte-a-buchenwald-septembre-1944\/","title":{"rendered":"T\u00e9moignage d&#8217;un d\u00e9port\u00e9 \u00e0 Buchenwald &#8211; Septembre 1944"},"content":{"rendered":"<p><em>Voici un t\u00e9moignage exceptionnel d\u2019Auguste Favier, d\u00e9port\u00e9,<\/em> <em>communiqu\u00e9 \u00e0 notre d\u00e9l\u00e9gu\u00e9 de la Manche, Jean-Claude Hamel, par<\/em> <em>Philippe Lerebourg. Nous leur exprimons notre profonde gratitude.<\/em> <em>Ce t\u00e9moignage bien \u00e9mouvant ravive, deux ans apr\u00e8s, le souvenir<\/em> <em>qu\u2019ont gard\u00e9 celles et ceux qui ont accompli avec moi cet inoubliable<\/em> <em>p\u00e8lerinage de m\u00e9moire du 15 octobre 2010 v\u00e9cu la main dans la main<\/em> <em>avec nos amis du SFC britannique au camp de Buchenwald. Ces officiers anglais et fran\u00e7ais \u00e9taient tous du SOE. Il y avait aussi<\/em> <em>parmi eux des Canadiens, des N\u00e9erlandais et des Belges dont Robert<\/em> <em>Beno\u00eet, grand pilote de courses automobiles. Ils \u00e9taient non seulement<\/em> <em>dans le m\u00eame convoi mais dans le m\u00eame wagon que nos propres officiers<\/em> <em>de TR et de deux autres r\u00e9seaux du BCRA. Tous ont \u00e9t\u00e9 intern\u00e9s dans le<\/em> <em>Block 17 en attendant une mort, pour eux, in\u00e9luctable.<\/em><br \/>Henri DEBRUN<\/p>\n<p>En septembre 1944, mon ami Paul Guignard, du Block 17, vint m\u2019avertir qu\u2019un groupe de 37 officiers anglais et fran\u00e7ais, connus sous le nom de \u201c parachutistes\u201d, parce que parachut\u00e9s sur le sol fran\u00e7ais, \u00e9taient r\u00e9unis dans son Block et attendaient la mort.<br \/>Condamn\u00e9s \u00e0 \u00eatre prochainement fusill\u00e9s, ils d\u00e9siraient avoir leurs portraits, dans l\u2019espoir que des camarades pourraient un jour transmettre ce souvenir \u00e0 leurs familles. Comment faire pour leur rendre cet ultime service ?<\/p>\n<p>Comme je l\u2019ai dit, je travaillais alors au \u201c Bau trois \u201d, Kommando \u201c Terrasse \u201d, maniant la pelle et la pioche du petit jour au coucher du soleil. Par une chance exceptionnelle, mon vorarbeiter (contrema\u00eetre) \u00e9tait un Fran\u00e7ais, le sympathique Hangelli, qui s\u2019arrangea, malgr\u00e9 de gros risques pour lui, pour me laisser au camp. Moins heureux, mon camarade Mania ne peut ex\u00e9cuter que deux portraits.<br \/>Quel souvenir !<\/p>\n<p>J\u2019avais d\u00e9j\u00e0 pu ex\u00e9cuter quelques croquis : Wilkinson, Meyer, Barett, Huble\u2026 J\u2019achevais celui du grand champion de courses automobiles Robert parleur proche, appelant \u00e0 la tour, c\u2019est-\u00e0-dire \u00e0 la mort, une douzaine de ces h\u00e9ros. Entendant son nom, Robert Beno\u00eet me dit tranquillement : \u201c Il \u00e9tait temps, car tu as fix\u00e9 l\u00e0, pour la derni\u00e8re fois, ma sympathique gueule \u201d.<br \/>En effet, aucun de ces h\u00e9ros ne revint.<br \/>Les jours suivants, je mettais les bouch\u00e9es doubles, car ceux qui restaient vivaient dans l\u2019attente du m\u00eame sort.<br \/>Quelle \u00e9motion de dessiner en conversant avec ces surhommes qui, malgr\u00e9 tout, conservaient leur bonne humeur et leur gouaille.<br \/>Je revois le Capitaine Mulsant, qui lan\u00e7ait continuellement des boutades, et le benjamin, le petit Chaigneau, me disant, l\u2019esquisse achev\u00e9e : \u201c Tu m\u2019as fait la l\u00e8vre d\u00e9daigneuse.<br \/>Pour la post\u00e9rit\u00e9, j\u2019aimerais mieux avoir le sourire !\u201d.<br \/>Je n\u2019aurais pas eu le temps de rectifier : le lendemain, c\u2019\u00e9tait son tour.<br \/>Et Bernard Guillot, appel\u00e9 plusieurs fois \u00e0 la tour pour d\u2019autres motifs ; il disait adieu \u00e0 ses camarades et revenait avec le sourire.<br \/>Je pourrais les citer tous, \u00e9gaux en bravoure. Gr\u00e2ce \u00e0 des complicit\u00e9s dans l\u2019organisation clandestine du camp, six purent \u00e9chapper \u00e0 l\u2019assassinat, trois Anglais, le Wing Commander Yeo Thomas, alias Major Dodkins, le Major Penlev\u00e9, alias Major Pool, le Major Southgate et trois Fran\u00e7ais : le commandant Culioli, St\u00e9phane Hessel et Bernard Guillot.<br \/>Sur nos 37 camarades, nous ne p\u00fbmes en dessiner que 22 : dans cette course devant la mort, les SS avaient \u00e9t\u00e9 plus rapides que nous.<\/p>\n<p>Source : Bulletin N\u00b0225<\/p>\n<div class=\"pdfprnt-buttons pdfprnt-buttons-post pdfprnt-bottom-right\"><a href=\"https:\/\/aassdn.org\/amicale\/wp-json\/wp\/v2\/posts\/2557?print=pdf\" class=\"pdfprnt-button pdfprnt-button-pdf\" target=\"_blank\" ><img decoding=\"async\" data-src=\"https:\/\/aassdn.org\/amicale\/wp-content\/plugins\/pdf-print\/images\/pdf.png\" alt=\"image_pdf\" title=\"Afficher le PDF\" src=\"data:image\/svg+xml;base64,PHN2ZyB3aWR0aD0iMSIgaGVpZ2h0PSIxIiB4bWxucz0iaHR0cDovL3d3dy53My5vcmcvMjAwMC9zdmciPjwvc3ZnPg==\" class=\"lazyload\" style=\"--smush-placeholder-width: 32px; --smush-placeholder-aspect-ratio: 32\/32;\" \/><\/a><a href=\"https:\/\/aassdn.org\/amicale\/wp-json\/wp\/v2\/posts\/2557?print=print\" class=\"pdfprnt-button pdfprnt-button-print\" target=\"_blank\" ><\/a><\/div>","protected":false},"excerpt":{"rendered":"<p>Voici un t\u00e9moignage exceptionnel d\u2019Auguste Favier, d\u00e9port\u00e9, communiqu\u00e9 \u00e0 notre d\u00e9l\u00e9gu\u00e9 de la Manche, Jean-Claude Hamel, par Philippe Lerebourg. Nous leur exprimons notre profonde gratitude. Ce t\u00e9moignage bien \u00e9mouvant ravive, deux ans apr\u00e8s, le souvenir qu\u2019ont gard\u00e9 celles et ceux qui ont accompli avec moi cet inoubliable p\u00e8lerinage de m\u00e9moire du 15 octobre 2010 v\u00e9cu [&hellip;]<\/p>\n","protected":false},"author":1,"featured_media":0,"comment_status":"closed","ping_status":"open","sticky":false,"template":"","format":"standard","meta":{"_acf_changed":false,"footnotes":""},"categories":[94,76,79,177],"tags":[774,454,207,456,425,797,679,474,356,475,339,736,713,653,374,472],"class_list":["post-2557","post","type-post","status-publish","format-standard","hentry","category-1942-1945","category-1939-1945-2eme-guerre-mondiale","category-extraits-de-bulletin","category-les-lieux-de-memoire","tag-anglais","tag-assassinat","tag-bcra","tag-camarade","tag-clandestin","tag-commandant","tag-condamnes","tag-deporte","tag-heros-de-lombre","tag-manche","tag-memoire","tag-officier","tag-organisation","tag-parachutistes","tag-pilote","tag-temoignage"],"acf":[],"yoast_head":"<!-- This site is optimized with the Yoast SEO plugin v27.4 - https:\/\/yoast.com\/product\/yoast-seo-wordpress\/ -->\n<title>T\u00e9moignage d&#039;un d\u00e9port\u00e9 \u00e0 Buchenwald - Septembre 1944 | AASSDN | Anciens et Amis des Services Sp\u00e9ciaux<\/title>\n<meta name=\"robots\" content=\"index, follow, max-snippet:-1, max-image-preview:large, max-video-preview:-1\" \/>\n<link rel=\"canonical\" href=\"https:\/\/aassdn.org\/amicale\/temoignage-dun-deporte-a-buchenwald-septembre-1944\/\" \/>\n<meta property=\"og:locale\" content=\"fr_FR\" \/>\n<meta property=\"og:type\" content=\"article\" \/>\n<meta property=\"og:title\" content=\"T\u00e9moignage d&#039;un d\u00e9port\u00e9 \u00e0 Buchenwald - Septembre 1944 | AASSDN | Anciens et Amis des Services Sp\u00e9ciaux\" \/>\n<meta property=\"og:description\" content=\"Voici un t\u00e9moignage exceptionnel d\u2019Auguste Favier, d\u00e9port\u00e9, communiqu\u00e9 \u00e0 notre d\u00e9l\u00e9gu\u00e9 de la Manche, Jean-Claude Hamel, par Philippe Lerebourg. Nous leur exprimons notre profonde gratitude. Ce t\u00e9moignage bien \u00e9mouvant ravive, deux ans apr\u00e8s, le souvenir qu\u2019ont gard\u00e9 celles et ceux qui ont accompli avec moi cet inoubliable p\u00e8lerinage de m\u00e9moire du 15 octobre 2010 v\u00e9cu [&hellip;]\" \/>\n<meta property=\"og:url\" content=\"https:\/\/aassdn.org\/amicale\/temoignage-dun-deporte-a-buchenwald-septembre-1944\/\" \/>\n<meta property=\"og:site_name\" content=\"AASSDN | Anciens et Amis des Services Sp\u00e9ciaux\" \/>\n<meta property=\"article:published_time\" content=\"2021-10-29T08:00:36+00:00\" \/>\n<meta property=\"article:modified_time\" content=\"2024-03-02T14:22:11+00:00\" \/>\n<meta name=\"author\" content=\"AASSDN\" \/>\n<meta name=\"twitter:card\" content=\"summary_large_image\" \/>\n<meta name=\"twitter:label1\" content=\"\u00c9crit par\" \/>\n\t<meta name=\"twitter:data1\" content=\"AASSDN\" \/>\n\t<meta name=\"twitter:label2\" content=\"Dur\u00e9e de lecture estim\u00e9e\" \/>\n\t<meta name=\"twitter:data2\" content=\"3 minutes\" \/>\n<script type=\"application\/ld+json\" class=\"yoast-schema-graph\">{\"@context\":\"https:\\\/\\\/schema.org\",\"@graph\":[{\"@type\":\"Article\",\"@id\":\"https:\\\/\\\/aassdn.org\\\/amicale\\\/temoignage-dun-deporte-a-buchenwald-septembre-1944\\\/#article\",\"isPartOf\":{\"@id\":\"https:\\\/\\\/aassdn.org\\\/amicale\\\/temoignage-dun-deporte-a-buchenwald-septembre-1944\\\/\"},\"author\":{\"name\":\"AASSDN\",\"@id\":\"https:\\\/\\\/aassdn.org\\\/amicale\\\/#\\\/schema\\\/person\\\/73800712a272e6d58a10a86ea9e59671\"},\"headline\":\"T\u00e9moignage d&#8217;un d\u00e9port\u00e9 \u00e0 Buchenwald &#8211; Septembre 1944\",\"datePublished\":\"2021-10-29T08:00:36+00:00\",\"dateModified\":\"2024-03-02T14:22:11+00:00\",\"mainEntityOfPage\":{\"@id\":\"https:\\\/\\\/aassdn.org\\\/amicale\\\/temoignage-dun-deporte-a-buchenwald-septembre-1944\\\/\"},\"wordCount\":590,\"publisher\":{\"@id\":\"https:\\\/\\\/aassdn.org\\\/amicale\\\/#organization\"},\"keywords\":[\"Anglais\",\"assassinat\",\"BCRA\",\"camarade\",\"clandestin\",\"Commandant\",\"condamn\u00e9s\",\"d\u00e9port\u00e9\",\"H\u00e9ros de l'ombre\",\"Manche\",\"m\u00e9moire\",\"Officier\",\"organisation\",\"parachutistes\",\"Pilote\",\"t\u00e9moignage\"],\"articleSection\":[\"1942-1945\",\"2\u00e8me Guerre Mondiale (1939-1945)\",\"Extraits de bulletin\",\"Les lieux de m\u00e9moire et noms de rue\"],\"inLanguage\":\"fr-FR\"},{\"@type\":\"WebPage\",\"@id\":\"https:\\\/\\\/aassdn.org\\\/amicale\\\/temoignage-dun-deporte-a-buchenwald-septembre-1944\\\/\",\"url\":\"https:\\\/\\\/aassdn.org\\\/amicale\\\/temoignage-dun-deporte-a-buchenwald-septembre-1944\\\/\",\"name\":\"T\u00e9moignage d'un d\u00e9port\u00e9 \u00e0 Buchenwald - Septembre 1944 | AASSDN | Anciens et Amis des Services Sp\u00e9ciaux\",\"isPartOf\":{\"@id\":\"https:\\\/\\\/aassdn.org\\\/amicale\\\/#website\"},\"datePublished\":\"2021-10-29T08:00:36+00:00\",\"dateModified\":\"2024-03-02T14:22:11+00:00\",\"breadcrumb\":{\"@id\":\"https:\\\/\\\/aassdn.org\\\/amicale\\\/temoignage-dun-deporte-a-buchenwald-septembre-1944\\\/#breadcrumb\"},\"inLanguage\":\"fr-FR\",\"potentialAction\":[{\"@type\":\"ReadAction\",\"target\":[\"https:\\\/\\\/aassdn.org\\\/amicale\\\/temoignage-dun-deporte-a-buchenwald-septembre-1944\\\/\"]}]},{\"@type\":\"BreadcrumbList\",\"@id\":\"https:\\\/\\\/aassdn.org\\\/amicale\\\/temoignage-dun-deporte-a-buchenwald-septembre-1944\\\/#breadcrumb\",\"itemListElement\":[{\"@type\":\"ListItem\",\"position\":1,\"name\":\"Accueil\",\"item\":\"https:\\\/\\\/aassdn.org\\\/amicale\\\/\"},{\"@type\":\"ListItem\",\"position\":2,\"name\":\"T\u00e9moignage d&#8217;un d\u00e9port\u00e9 \u00e0 Buchenwald &#8211; Septembre 1944\"}]},{\"@type\":\"WebSite\",\"@id\":\"https:\\\/\\\/aassdn.org\\\/amicale\\\/#website\",\"url\":\"https:\\\/\\\/aassdn.org\\\/amicale\\\/\",\"name\":\"AASSDN | Anciens et Amis des Services Sp\u00e9ciaux\",\"description\":\"Services sp\u00e9ciaux : Des h\u00e9ros anonymes au service exclusif de la France\",\"publisher\":{\"@id\":\"https:\\\/\\\/aassdn.org\\\/amicale\\\/#organization\"},\"potentialAction\":[{\"@type\":\"SearchAction\",\"target\":{\"@type\":\"EntryPoint\",\"urlTemplate\":\"https:\\\/\\\/aassdn.org\\\/amicale\\\/?s={search_term_string}\"},\"query-input\":{\"@type\":\"PropertyValueSpecification\",\"valueRequired\":true,\"valueName\":\"search_term_string\"}}],\"inLanguage\":\"fr-FR\"},{\"@type\":\"Organization\",\"@id\":\"https:\\\/\\\/aassdn.org\\\/amicale\\\/#organization\",\"name\":\"AASSDN | Anciens et Amis des Services Sp\u00e9ciaux\",\"url\":\"https:\\\/\\\/aassdn.org\\\/amicale\\\/\",\"logo\":{\"@type\":\"ImageObject\",\"inLanguage\":\"fr-FR\",\"@id\":\"https:\\\/\\\/aassdn.org\\\/amicale\\\/#\\\/schema\\\/logo\\\/image\\\/\",\"url\":\"https:\\\/\\\/aassdn.org\\\/amicale\\\/wp-content\\\/uploads\\\/Logo_AASSDN_transparent2.png\",\"contentUrl\":\"https:\\\/\\\/aassdn.org\\\/amicale\\\/wp-content\\\/uploads\\\/Logo_AASSDN_transparent2.png\",\"width\":1832,\"height\":1609,\"caption\":\"AASSDN | Anciens et Amis des Services Sp\u00e9ciaux\"},\"image\":{\"@id\":\"https:\\\/\\\/aassdn.org\\\/amicale\\\/#\\\/schema\\\/logo\\\/image\\\/\"}},{\"@type\":\"Person\",\"@id\":\"https:\\\/\\\/aassdn.org\\\/amicale\\\/#\\\/schema\\\/person\\\/73800712a272e6d58a10a86ea9e59671\",\"name\":\"AASSDN\",\"image\":{\"@type\":\"ImageObject\",\"inLanguage\":\"fr-FR\",\"@id\":\"https:\\\/\\\/secure.gravatar.com\\\/avatar\\\/9653808d17788562e72d77e426d8d02775774239aefd00a9b4e852423d8e9d7e?s=96&d=mm&r=g\",\"url\":\"https:\\\/\\\/secure.gravatar.com\\\/avatar\\\/9653808d17788562e72d77e426d8d02775774239aefd00a9b4e852423d8e9d7e?s=96&d=mm&r=g\",\"contentUrl\":\"https:\\\/\\\/secure.gravatar.com\\\/avatar\\\/9653808d17788562e72d77e426d8d02775774239aefd00a9b4e852423d8e9d7e?s=96&d=mm&r=g\",\"caption\":\"AASSDN\"},\"sameAs\":[\"https:\\\/\\\/aassdn.org\\\/amicale\"],\"url\":\"https:\\\/\\\/aassdn.org\\\/amicale\\\/author\\\/wordpress\\\/\"}]}<\/script>\n<!-- \/ Yoast SEO plugin. -->","yoast_head_json":{"title":"T\u00e9moignage d'un d\u00e9port\u00e9 \u00e0 Buchenwald - Septembre 1944 | AASSDN | Anciens et Amis des Services Sp\u00e9ciaux","robots":{"index":"index","follow":"follow","max-snippet":"max-snippet:-1","max-image-preview":"max-image-preview:large","max-video-preview":"max-video-preview:-1"},"canonical":"https:\/\/aassdn.org\/amicale\/temoignage-dun-deporte-a-buchenwald-septembre-1944\/","og_locale":"fr_FR","og_type":"article","og_title":"T\u00e9moignage d'un d\u00e9port\u00e9 \u00e0 Buchenwald - Septembre 1944 | AASSDN | Anciens et Amis des Services Sp\u00e9ciaux","og_description":"Voici un t\u00e9moignage exceptionnel d\u2019Auguste Favier, d\u00e9port\u00e9, communiqu\u00e9 \u00e0 notre d\u00e9l\u00e9gu\u00e9 de la Manche, Jean-Claude Hamel, par Philippe Lerebourg. Nous leur exprimons notre profonde gratitude. Ce t\u00e9moignage bien \u00e9mouvant ravive, deux ans apr\u00e8s, le souvenir qu\u2019ont gard\u00e9 celles et ceux qui ont accompli avec moi cet inoubliable p\u00e8lerinage de m\u00e9moire du 15 octobre 2010 v\u00e9cu [&hellip;]","og_url":"https:\/\/aassdn.org\/amicale\/temoignage-dun-deporte-a-buchenwald-septembre-1944\/","og_site_name":"AASSDN | Anciens et Amis des Services Sp\u00e9ciaux","article_published_time":"2021-10-29T08:00:36+00:00","article_modified_time":"2024-03-02T14:22:11+00:00","author":"AASSDN","twitter_card":"summary_large_image","twitter_misc":{"\u00c9crit par":"AASSDN","Dur\u00e9e de lecture estim\u00e9e":"3 minutes"},"schema":{"@context":"https:\/\/schema.org","@graph":[{"@type":"Article","@id":"https:\/\/aassdn.org\/amicale\/temoignage-dun-deporte-a-buchenwald-septembre-1944\/#article","isPartOf":{"@id":"https:\/\/aassdn.org\/amicale\/temoignage-dun-deporte-a-buchenwald-septembre-1944\/"},"author":{"name":"AASSDN","@id":"https:\/\/aassdn.org\/amicale\/#\/schema\/person\/73800712a272e6d58a10a86ea9e59671"},"headline":"T\u00e9moignage d&#8217;un d\u00e9port\u00e9 \u00e0 Buchenwald &#8211; Septembre 1944","datePublished":"2021-10-29T08:00:36+00:00","dateModified":"2024-03-02T14:22:11+00:00","mainEntityOfPage":{"@id":"https:\/\/aassdn.org\/amicale\/temoignage-dun-deporte-a-buchenwald-septembre-1944\/"},"wordCount":590,"publisher":{"@id":"https:\/\/aassdn.org\/amicale\/#organization"},"keywords":["Anglais","assassinat","BCRA","camarade","clandestin","Commandant","condamn\u00e9s","d\u00e9port\u00e9","H\u00e9ros de l'ombre","Manche","m\u00e9moire","Officier","organisation","parachutistes","Pilote","t\u00e9moignage"],"articleSection":["1942-1945","2\u00e8me Guerre Mondiale (1939-1945)","Extraits de bulletin","Les lieux de m\u00e9moire et noms de rue"],"inLanguage":"fr-FR"},{"@type":"WebPage","@id":"https:\/\/aassdn.org\/amicale\/temoignage-dun-deporte-a-buchenwald-septembre-1944\/","url":"https:\/\/aassdn.org\/amicale\/temoignage-dun-deporte-a-buchenwald-septembre-1944\/","name":"T\u00e9moignage d'un d\u00e9port\u00e9 \u00e0 Buchenwald - Septembre 1944 | AASSDN | Anciens et Amis des Services Sp\u00e9ciaux","isPartOf":{"@id":"https:\/\/aassdn.org\/amicale\/#website"},"datePublished":"2021-10-29T08:00:36+00:00","dateModified":"2024-03-02T14:22:11+00:00","breadcrumb":{"@id":"https:\/\/aassdn.org\/amicale\/temoignage-dun-deporte-a-buchenwald-septembre-1944\/#breadcrumb"},"inLanguage":"fr-FR","potentialAction":[{"@type":"ReadAction","target":["https:\/\/aassdn.org\/amicale\/temoignage-dun-deporte-a-buchenwald-septembre-1944\/"]}]},{"@type":"BreadcrumbList","@id":"https:\/\/aassdn.org\/amicale\/temoignage-dun-deporte-a-buchenwald-septembre-1944\/#breadcrumb","itemListElement":[{"@type":"ListItem","position":1,"name":"Accueil","item":"https:\/\/aassdn.org\/amicale\/"},{"@type":"ListItem","position":2,"name":"T\u00e9moignage d&#8217;un d\u00e9port\u00e9 \u00e0 Buchenwald &#8211; Septembre 1944"}]},{"@type":"WebSite","@id":"https:\/\/aassdn.org\/amicale\/#website","url":"https:\/\/aassdn.org\/amicale\/","name":"AASSDN | Anciens et Amis des Services Sp\u00e9ciaux","description":"Services sp\u00e9ciaux : Des h\u00e9ros anonymes au service exclusif de la France","publisher":{"@id":"https:\/\/aassdn.org\/amicale\/#organization"},"potentialAction":[{"@type":"SearchAction","target":{"@type":"EntryPoint","urlTemplate":"https:\/\/aassdn.org\/amicale\/?s={search_term_string}"},"query-input":{"@type":"PropertyValueSpecification","valueRequired":true,"valueName":"search_term_string"}}],"inLanguage":"fr-FR"},{"@type":"Organization","@id":"https:\/\/aassdn.org\/amicale\/#organization","name":"AASSDN | Anciens et Amis des Services Sp\u00e9ciaux","url":"https:\/\/aassdn.org\/amicale\/","logo":{"@type":"ImageObject","inLanguage":"fr-FR","@id":"https:\/\/aassdn.org\/amicale\/#\/schema\/logo\/image\/","url":"https:\/\/aassdn.org\/amicale\/wp-content\/uploads\/Logo_AASSDN_transparent2.png","contentUrl":"https:\/\/aassdn.org\/amicale\/wp-content\/uploads\/Logo_AASSDN_transparent2.png","width":1832,"height":1609,"caption":"AASSDN | Anciens et Amis des Services Sp\u00e9ciaux"},"image":{"@id":"https:\/\/aassdn.org\/amicale\/#\/schema\/logo\/image\/"}},{"@type":"Person","@id":"https:\/\/aassdn.org\/amicale\/#\/schema\/person\/73800712a272e6d58a10a86ea9e59671","name":"AASSDN","image":{"@type":"ImageObject","inLanguage":"fr-FR","@id":"https:\/\/secure.gravatar.com\/avatar\/9653808d17788562e72d77e426d8d02775774239aefd00a9b4e852423d8e9d7e?s=96&d=mm&r=g","url":"https:\/\/secure.gravatar.com\/avatar\/9653808d17788562e72d77e426d8d02775774239aefd00a9b4e852423d8e9d7e?s=96&d=mm&r=g","contentUrl":"https:\/\/secure.gravatar.com\/avatar\/9653808d17788562e72d77e426d8d02775774239aefd00a9b4e852423d8e9d7e?s=96&d=mm&r=g","caption":"AASSDN"},"sameAs":["https:\/\/aassdn.org\/amicale"],"url":"https:\/\/aassdn.org\/amicale\/author\/wordpress\/"}]}},"_links":{"self":[{"href":"https:\/\/aassdn.org\/amicale\/wp-json\/wp\/v2\/posts\/2557","targetHints":{"allow":["GET"]}}],"collection":[{"href":"https:\/\/aassdn.org\/amicale\/wp-json\/wp\/v2\/posts"}],"about":[{"href":"https:\/\/aassdn.org\/amicale\/wp-json\/wp\/v2\/types\/post"}],"author":[{"embeddable":true,"href":"https:\/\/aassdn.org\/amicale\/wp-json\/wp\/v2\/users\/1"}],"replies":[{"embeddable":true,"href":"https:\/\/aassdn.org\/amicale\/wp-json\/wp\/v2\/comments?post=2557"}],"version-history":[{"count":0,"href":"https:\/\/aassdn.org\/amicale\/wp-json\/wp\/v2\/posts\/2557\/revisions"}],"wp:attachment":[{"href":"https:\/\/aassdn.org\/amicale\/wp-json\/wp\/v2\/media?parent=2557"}],"wp:term":[{"taxonomy":"category","embeddable":true,"href":"https:\/\/aassdn.org\/amicale\/wp-json\/wp\/v2\/categories?post=2557"},{"taxonomy":"post_tag","embeddable":true,"href":"https:\/\/aassdn.org\/amicale\/wp-json\/wp\/v2\/tags?post=2557"}],"curies":[{"name":"wp","href":"https:\/\/api.w.org\/{rel}","templated":true}]}}