{"id":25312,"date":"2026-04-27T13:48:46","date_gmt":"2026-04-27T11:48:46","guid":{"rendered":"https:\/\/aassdn.org\/amicale\/?p=25312"},"modified":"2026-04-27T13:58:42","modified_gmt":"2026-04-27T11:58:42","slug":"video-la-souverainete-nationale-aeronautique","status":"publish","type":"post","link":"https:\/\/aassdn.org\/amicale\/video-la-souverainete-nationale-aeronautique\/","title":{"rendered":"Vid\u00e9o : La souverainet\u00e9 nationale a\u00e9ronautique"},"content":{"rendered":"\n<p><br><br><em>Gu\u00e9pard\u00a0<\/em>\u00a0enti\u00e8rement\u00a0 fran\u00e7ais\u00a0 (Airbus\u00a0 Helicopter,\u00a0 Thal\u00e8s,\u00a0 Safran)\u00a0 est\u00a0 un\u00a0 saut\u00a0 technologique\u00a0 qui\u00a0 rel\u00e8gue\u00a0 les\u00a0 NH 90\u00a0 aux\u00a0 oubliettes,\u00a0 en\u00a0 combinant\u00a0 le\u00a0 vol\u00a0 avec\u00a0 des\u00a0 drones\u00a0 notamment.<br><br><\/p>\n\n\n\n<figure class=\"wp-block-image size-large\"><a href=\"https:\/\/www.youtube.com\/watch?v=DScCiNugCbc\"><img decoding=\"async\" width=\"1024\" height=\"362\" data-src=\"https:\/\/aassdn.org\/amicale\/wp-content\/uploads\/Capture-decran-2026-04-27-135423-1024x362.png\" alt=\"\" class=\"wp-image-25333 lazyload\" data-srcset=\"https:\/\/aassdn.org\/amicale\/wp-content\/uploads\/Capture-decran-2026-04-27-135423-1024x362.png 1024w, https:\/\/aassdn.org\/amicale\/wp-content\/uploads\/Capture-decran-2026-04-27-135423-300x106.png 300w, https:\/\/aassdn.org\/amicale\/wp-content\/uploads\/Capture-decran-2026-04-27-135423-768x271.png 768w, https:\/\/aassdn.org\/amicale\/wp-content\/uploads\/Capture-decran-2026-04-27-135423-1536x543.png 1536w, https:\/\/aassdn.org\/amicale\/wp-content\/uploads\/Capture-decran-2026-04-27-135423.png 1873w\" data-sizes=\"(max-width: 1024px) 100vw, 1024px\" src=\"data:image\/svg+xml;base64,PHN2ZyB3aWR0aD0iMSIgaGVpZ2h0PSIxIiB4bWxucz0iaHR0cDovL3d3dy53My5vcmcvMjAwMC9zdmciPjwvc3ZnPg==\" style=\"--smush-placeholder-width: 1024px; --smush-placeholder-aspect-ratio: 1024\/362;\" \/><\/a><\/figure>\n\n\n\n<p class=\"has-text-align-center\">Titre : <strong>La France remplace 5 h\u00e9licopt\u00e8res par un seul et personne ne le sait<\/strong><br>Date de mise en ligne : 25 avril 2026<br>Dur\u00e9e : 00:25:26<br>Compte YouTube : <a href=\"https:\/\/www.youtube.com\/@MilleHistoires14\">Un ciel, Mille histoire<\/a><\/p>\n\n\n\n<p class=\"has-text-align-center\"><a href=\"https:\/\/www.youtube.com\/watch?v=DScCiNugCbc\">Pour regarder le reportage<strong>, cliquez ICI<\/strong><\/a><\/p>\n\n\n\n<p class=\"has-text-align-left\"><br><br>Le H160M Gu\u00e9pard est le nouvel h\u00e9licopt\u00e8re interarm\u00e9es l\u00e9ger de l&#8217;arm\u00e9e fran\u00e7aise. 169 exemplaires command\u00e9s le 22 d\u00e9cembre 2021 pour les trois arm\u00e9es : 80 pour l&#8217;arm\u00e9e de Terre, 49 pour la Marine nationale, 40 pour l&#8217;arm\u00e9e de l&#8217;Air et de l&#8217;Espace. Il remplace 5 flottes vieillissantes (Gazelle, Alouette III, Dauphin, Panther, Fennec) dont l&#8217;\u00e2ge moyen d\u00e9passera 42 ans en 2028. Premier vol du prototype le 24 juillet 2025 \u00e0 Marignane. Pilote d&#8217;essais : Samuel Chartier. Premier h\u00e9licopt\u00e8re au monde nativement con\u00e7u pour la coop\u00e9ration avec les drones. Radar AESA Thales AirMaster C (premier sur un h\u00e9licopt\u00e8re de 6 tonnes), optronique Safran Euroflir 410D, avionique Thales FlytX, moteurs Safran Arrano. Armement : mitrailleuses 12,7 mm en nacelle, roquettes guid\u00e9es laser TELSON (Thales), missile antinavire Sea Venom (MBDA). 100% fran\u00e7ais : assemblage \u00e0 Marignane, moteurs \u00e0 Bordes, radar \u00e0 \u00c9lancourt, optronique \u00e0 Dijon. 2 000+ emplois. Co\u00fbt unitaire : 13,2 M\u20ac. R\u00e9duction de 15 \u00e0 20% des co\u00fbts d&#8217;exploitation. Premi\u00e8res livraisons fin 2028. Campagnes de tir DGA \u00e9t\u00e9 2026. Contrat de maintenance 10 ans avec Airbus Helicopters. Le NH90, programme europ\u00e9en \u00e0 4 pays (France, Allemagne, Italie, Pays-Bas), a \u00e9t\u00e9 retir\u00e9 par la Norv\u00e8ge (14 command\u00e9s, 305 M\u20ac de compensation), l&#8217;Australie (40 retir\u00e9s, envoy\u00e9s \u00e0 la casse) et la Su\u00e8de. La France construit seule.<\/p>\n\n\n\n<p class=\"has-text-align-right\"><br><em>Source bandeau photo :<\/em> Un Ciel, Mille histoires<\/p>\n<div class=\"pdfprnt-buttons pdfprnt-buttons-post pdfprnt-bottom-right\"><a href=\"https:\/\/aassdn.org\/amicale\/wp-json\/wp\/v2\/posts\/25312?print=pdf\" class=\"pdfprnt-button pdfprnt-button-pdf\" target=\"_blank\" ><img decoding=\"async\" data-src=\"https:\/\/aassdn.org\/amicale\/wp-content\/plugins\/pdf-print\/images\/pdf.png\" alt=\"image_pdf\" title=\"Afficher le PDF\" src=\"data:image\/svg+xml;base64,PHN2ZyB3aWR0aD0iMSIgaGVpZ2h0PSIxIiB4bWxucz0iaHR0cDovL3d3dy53My5vcmcvMjAwMC9zdmciPjwvc3ZnPg==\" class=\"lazyload\" style=\"--smush-placeholder-width: 32px; --smush-placeholder-aspect-ratio: 32\/32;\" \/><\/a><a href=\"https:\/\/aassdn.org\/amicale\/wp-json\/wp\/v2\/posts\/25312?print=print\" class=\"pdfprnt-button pdfprnt-button-print\" target=\"_blank\" ><\/a><\/div>","protected":false},"excerpt":{"rendered":"<p>Gu\u00e9pard\u00a0\u00a0enti\u00e8rement\u00a0 fran\u00e7ais\u00a0 (Airbus\u00a0 Helicopter,\u00a0 Thal\u00e8s,\u00a0 Safran)\u00a0 est\u00a0 un\u00a0 saut\u00a0 technologique\u00a0 qui\u00a0 rel\u00e8gue\u00a0 les\u00a0 NH 90\u00a0 aux\u00a0 oubliettes,\u00a0 en\u00a0 combinant\u00a0 le\u00a0 vol\u00a0 avec\u00a0 des\u00a0 drones\u00a0 notamment. Titre : La France remplace 5 h\u00e9licopt\u00e8res par un seul et personne ne le saitDate de mise en ligne : 25 avril 2026Dur\u00e9e : 00:25:26Compte YouTube : Un ciel, Mille [&hellip;]<\/p>\n","protected":false},"author":32,"featured_media":25320,"comment_status":"open","ping_status":"closed","sticky":false,"template":"","format":"standard","meta":{"_acf_changed":false,"footnotes":""},"categories":[288,278,936],"tags":[4146,4473,293,323,367,3446,327,392,374,866],"class_list":["post-25312","post","type-post","status-publish","format-standard","has-post-thumbnail","hentry","category-2020-2030","category-actualites","category-souverainete","tag-aeronautique","tag-aeronautique-militaire","tag-allemagne","tag-armement","tag-avion","tag-dga","tag-histoire","tag-marine","tag-pilote","tag-souverainete-nationale"],"acf":[],"yoast_head":"<!-- This site is optimized with the Yoast SEO plugin v27.4 - https:\/\/yoast.com\/product\/yoast-seo-wordpress\/ -->\n<title>Vid\u00e9o : La souverainet\u00e9 nationale a\u00e9ronautique | AASSDN | Anciens et Amis des Services Sp\u00e9ciaux<\/title>\n<meta name=\"robots\" content=\"index, follow, max-snippet:-1, max-image-preview:large, max-video-preview:-1\" \/>\n<link rel=\"canonical\" href=\"https:\/\/aassdn.org\/amicale\/video-la-souverainete-nationale-aeronautique\/\" \/>\n<meta property=\"og:locale\" content=\"fr_FR\" \/>\n<meta property=\"og:type\" content=\"article\" \/>\n<meta property=\"og:title\" content=\"Vid\u00e9o : La souverainet\u00e9 nationale a\u00e9ronautique | AASSDN | Anciens et Amis des Services Sp\u00e9ciaux\" \/>\n<meta property=\"og:description\" content=\"Gu\u00e9pard\u00a0\u00a0enti\u00e8rement\u00a0 fran\u00e7ais\u00a0 (Airbus\u00a0 Helicopter,\u00a0 Thal\u00e8s,\u00a0 Safran)\u00a0 est\u00a0 un\u00a0 saut\u00a0 technologique\u00a0 qui\u00a0 rel\u00e8gue\u00a0 les\u00a0 NH 90\u00a0 aux\u00a0 oubliettes,\u00a0 en\u00a0 combinant\u00a0 le\u00a0 vol\u00a0 avec\u00a0 des\u00a0 drones\u00a0 notamment. Titre : La France remplace 5 h\u00e9licopt\u00e8res par un seul et personne ne le saitDate de mise en ligne : 25 avril 2026Dur\u00e9e : 00:25:26Compte YouTube : Un ciel, Mille [&hellip;]\" \/>\n<meta property=\"og:url\" content=\"https:\/\/aassdn.org\/amicale\/video-la-souverainete-nationale-aeronautique\/\" \/>\n<meta property=\"og:site_name\" content=\"AASSDN | Anciens et Amis des Services Sp\u00e9ciaux\" \/>\n<meta property=\"article:published_time\" content=\"2026-04-27T11:48:46+00:00\" \/>\n<meta property=\"article:modified_time\" content=\"2026-04-27T11:58:42+00:00\" \/>\n<meta property=\"og:image\" content=\"https:\/\/aassdn.org\/amicale\/wp-content\/uploads\/Capture-decran-2026-04-27-134144.png\" \/>\n\t<meta property=\"og:image:width\" content=\"335\" \/>\n\t<meta property=\"og:image:height\" content=\"188\" \/>\n\t<meta property=\"og:image:type\" content=\"image\/png\" \/>\n<meta name=\"author\" content=\"AASSDN\" \/>\n<meta name=\"twitter:card\" content=\"summary_large_image\" \/>\n<meta name=\"twitter:label1\" content=\"\u00c9crit par\" \/>\n\t<meta name=\"twitter:data1\" content=\"AASSDN\" \/>\n\t<meta name=\"twitter:label2\" content=\"Dur\u00e9e de lecture estim\u00e9e\" \/>\n\t<meta name=\"twitter:data2\" content=\"1 minute\" \/>\n<script type=\"application\/ld+json\" class=\"yoast-schema-graph\">{\"@context\":\"https:\\\/\\\/schema.org\",\"@graph\":[{\"@type\":\"Article\",\"@id\":\"https:\\\/\\\/aassdn.org\\\/amicale\\\/video-la-souverainete-nationale-aeronautique\\\/#article\",\"isPartOf\":{\"@id\":\"https:\\\/\\\/aassdn.org\\\/amicale\\\/video-la-souverainete-nationale-aeronautique\\\/\"},\"author\":{\"name\":\"AASSDN\",\"@id\":\"https:\\\/\\\/aassdn.org\\\/amicale\\\/#\\\/schema\\\/person\\\/8e950b11c74c24df36dc8e172f9451f4\"},\"headline\":\"Vid\u00e9o : La souverainet\u00e9 nationale a\u00e9ronautique\",\"datePublished\":\"2026-04-27T11:48:46+00:00\",\"dateModified\":\"2026-04-27T11:58:42+00:00\",\"mainEntityOfPage\":{\"@id\":\"https:\\\/\\\/aassdn.org\\\/amicale\\\/video-la-souverainete-nationale-aeronautique\\\/\"},\"wordCount\":294,\"commentCount\":0,\"publisher\":{\"@id\":\"https:\\\/\\\/aassdn.org\\\/amicale\\\/#organization\"},\"image\":{\"@id\":\"https:\\\/\\\/aassdn.org\\\/amicale\\\/video-la-souverainete-nationale-aeronautique\\\/#primaryimage\"},\"thumbnailUrl\":\"https:\\\/\\\/aassdn.org\\\/amicale\\\/wp-content\\\/uploads\\\/Capture-decran-2026-04-27-134144.png\",\"keywords\":[\"a\u00e9ronautique\",\"a\u00e9ronautique militaire\",\"Allemagne\",\"armement\",\"avion\",\"DGA\",\"histoire\",\"Marine\",\"Pilote\",\"souverainet\u00e9 nationale\"],\"articleSection\":[\"2020-2030\",\"Actualit\u00e9s\",\"Souverainet\u00e9\"],\"inLanguage\":\"fr-FR\",\"potentialAction\":[{\"@type\":\"CommentAction\",\"name\":\"Comment\",\"target\":[\"https:\\\/\\\/aassdn.org\\\/amicale\\\/video-la-souverainete-nationale-aeronautique\\\/#respond\"]}]},{\"@type\":\"WebPage\",\"@id\":\"https:\\\/\\\/aassdn.org\\\/amicale\\\/video-la-souverainete-nationale-aeronautique\\\/\",\"url\":\"https:\\\/\\\/aassdn.org\\\/amicale\\\/video-la-souverainete-nationale-aeronautique\\\/\",\"name\":\"Vid\u00e9o : La souverainet\u00e9 nationale a\u00e9ronautique | AASSDN | Anciens et Amis des Services Sp\u00e9ciaux\",\"isPartOf\":{\"@id\":\"https:\\\/\\\/aassdn.org\\\/amicale\\\/#website\"},\"primaryImageOfPage\":{\"@id\":\"https:\\\/\\\/aassdn.org\\\/amicale\\\/video-la-souverainete-nationale-aeronautique\\\/#primaryimage\"},\"image\":{\"@id\":\"https:\\\/\\\/aassdn.org\\\/amicale\\\/video-la-souverainete-nationale-aeronautique\\\/#primaryimage\"},\"thumbnailUrl\":\"https:\\\/\\\/aassdn.org\\\/amicale\\\/wp-content\\\/uploads\\\/Capture-decran-2026-04-27-134144.png\",\"datePublished\":\"2026-04-27T11:48:46+00:00\",\"dateModified\":\"2026-04-27T11:58:42+00:00\",\"breadcrumb\":{\"@id\":\"https:\\\/\\\/aassdn.org\\\/amicale\\\/video-la-souverainete-nationale-aeronautique\\\/#breadcrumb\"},\"inLanguage\":\"fr-FR\",\"potentialAction\":[{\"@type\":\"ReadAction\",\"target\":[\"https:\\\/\\\/aassdn.org\\\/amicale\\\/video-la-souverainete-nationale-aeronautique\\\/\"]}]},{\"@type\":\"ImageObject\",\"inLanguage\":\"fr-FR\",\"@id\":\"https:\\\/\\\/aassdn.org\\\/amicale\\\/video-la-souverainete-nationale-aeronautique\\\/#primaryimage\",\"url\":\"https:\\\/\\\/aassdn.org\\\/amicale\\\/wp-content\\\/uploads\\\/Capture-decran-2026-04-27-134144.png\",\"contentUrl\":\"https:\\\/\\\/aassdn.org\\\/amicale\\\/wp-content\\\/uploads\\\/Capture-decran-2026-04-27-134144.png\",\"width\":335,\"height\":188},{\"@type\":\"BreadcrumbList\",\"@id\":\"https:\\\/\\\/aassdn.org\\\/amicale\\\/video-la-souverainete-nationale-aeronautique\\\/#breadcrumb\",\"itemListElement\":[{\"@type\":\"ListItem\",\"position\":1,\"name\":\"Accueil\",\"item\":\"https:\\\/\\\/aassdn.org\\\/amicale\\\/\"},{\"@type\":\"ListItem\",\"position\":2,\"name\":\"Vid\u00e9o : La souverainet\u00e9 nationale a\u00e9ronautique\"}]},{\"@type\":\"WebSite\",\"@id\":\"https:\\\/\\\/aassdn.org\\\/amicale\\\/#website\",\"url\":\"https:\\\/\\\/aassdn.org\\\/amicale\\\/\",\"name\":\"AASSDN | Anciens et Amis des Services Sp\u00e9ciaux\",\"description\":\"Services sp\u00e9ciaux : Des h\u00e9ros anonymes au service exclusif de la France\",\"publisher\":{\"@id\":\"https:\\\/\\\/aassdn.org\\\/amicale\\\/#organization\"},\"potentialAction\":[{\"@type\":\"SearchAction\",\"target\":{\"@type\":\"EntryPoint\",\"urlTemplate\":\"https:\\\/\\\/aassdn.org\\\/amicale\\\/?s={search_term_string}\"},\"query-input\":{\"@type\":\"PropertyValueSpecification\",\"valueRequired\":true,\"valueName\":\"search_term_string\"}}],\"inLanguage\":\"fr-FR\"},{\"@type\":\"Organization\",\"@id\":\"https:\\\/\\\/aassdn.org\\\/amicale\\\/#organization\",\"name\":\"AASSDN | Anciens et Amis des Services Sp\u00e9ciaux\",\"url\":\"https:\\\/\\\/aassdn.org\\\/amicale\\\/\",\"logo\":{\"@type\":\"ImageObject\",\"inLanguage\":\"fr-FR\",\"@id\":\"https:\\\/\\\/aassdn.org\\\/amicale\\\/#\\\/schema\\\/logo\\\/image\\\/\",\"url\":\"https:\\\/\\\/aassdn.org\\\/amicale\\\/wp-content\\\/uploads\\\/Logo_AASSDN_transparent2.png\",\"contentUrl\":\"https:\\\/\\\/aassdn.org\\\/amicale\\\/wp-content\\\/uploads\\\/Logo_AASSDN_transparent2.png\",\"width\":1832,\"height\":1609,\"caption\":\"AASSDN | Anciens et Amis des Services Sp\u00e9ciaux\"},\"image\":{\"@id\":\"https:\\\/\\\/aassdn.org\\\/amicale\\\/#\\\/schema\\\/logo\\\/image\\\/\"}},{\"@type\":\"Person\",\"@id\":\"https:\\\/\\\/aassdn.org\\\/amicale\\\/#\\\/schema\\\/person\\\/8e950b11c74c24df36dc8e172f9451f4\",\"name\":\"AASSDN\",\"image\":{\"@type\":\"ImageObject\",\"inLanguage\":\"fr-FR\",\"@id\":\"https:\\\/\\\/secure.gravatar.com\\\/avatar\\\/fd0b6d50e70e6f0ed2d0d0ed7be3689bc93c931340a70ec36db416b5f0486016?s=96&d=mm&r=g\",\"url\":\"https:\\\/\\\/secure.gravatar.com\\\/avatar\\\/fd0b6d50e70e6f0ed2d0d0ed7be3689bc93c931340a70ec36db416b5f0486016?s=96&d=mm&r=g\",\"contentUrl\":\"https:\\\/\\\/secure.gravatar.com\\\/avatar\\\/fd0b6d50e70e6f0ed2d0d0ed7be3689bc93c931340a70ec36db416b5f0486016?s=96&d=mm&r=g\",\"caption\":\"AASSDN\"},\"url\":\"https:\\\/\\\/aassdn.org\\\/amicale\\\/author\\\/laure-fanjeau\\\/\"}]}<\/script>\n<!-- \/ Yoast SEO plugin. -->","yoast_head_json":{"title":"Vid\u00e9o : La souverainet\u00e9 nationale a\u00e9ronautique | AASSDN | Anciens et Amis des Services Sp\u00e9ciaux","robots":{"index":"index","follow":"follow","max-snippet":"max-snippet:-1","max-image-preview":"max-image-preview:large","max-video-preview":"max-video-preview:-1"},"canonical":"https:\/\/aassdn.org\/amicale\/video-la-souverainete-nationale-aeronautique\/","og_locale":"fr_FR","og_type":"article","og_title":"Vid\u00e9o : La souverainet\u00e9 nationale a\u00e9ronautique | AASSDN | Anciens et Amis des Services Sp\u00e9ciaux","og_description":"Gu\u00e9pard\u00a0\u00a0enti\u00e8rement\u00a0 fran\u00e7ais\u00a0 (Airbus\u00a0 Helicopter,\u00a0 Thal\u00e8s,\u00a0 Safran)\u00a0 est\u00a0 un\u00a0 saut\u00a0 technologique\u00a0 qui\u00a0 rel\u00e8gue\u00a0 les\u00a0 NH 90\u00a0 aux\u00a0 oubliettes,\u00a0 en\u00a0 combinant\u00a0 le\u00a0 vol\u00a0 avec\u00a0 des\u00a0 drones\u00a0 notamment. Titre : La France remplace 5 h\u00e9licopt\u00e8res par un seul et personne ne le saitDate de mise en ligne : 25 avril 2026Dur\u00e9e : 00:25:26Compte YouTube : Un ciel, Mille [&hellip;]","og_url":"https:\/\/aassdn.org\/amicale\/video-la-souverainete-nationale-aeronautique\/","og_site_name":"AASSDN | Anciens et Amis des Services Sp\u00e9ciaux","article_published_time":"2026-04-27T11:48:46+00:00","article_modified_time":"2026-04-27T11:58:42+00:00","og_image":[{"width":335,"height":188,"url":"https:\/\/aassdn.org\/amicale\/wp-content\/uploads\/Capture-decran-2026-04-27-134144.png","type":"image\/png"}],"author":"AASSDN","twitter_card":"summary_large_image","twitter_misc":{"\u00c9crit par":"AASSDN","Dur\u00e9e de lecture estim\u00e9e":"1 minute"},"schema":{"@context":"https:\/\/schema.org","@graph":[{"@type":"Article","@id":"https:\/\/aassdn.org\/amicale\/video-la-souverainete-nationale-aeronautique\/#article","isPartOf":{"@id":"https:\/\/aassdn.org\/amicale\/video-la-souverainete-nationale-aeronautique\/"},"author":{"name":"AASSDN","@id":"https:\/\/aassdn.org\/amicale\/#\/schema\/person\/8e950b11c74c24df36dc8e172f9451f4"},"headline":"Vid\u00e9o : La souverainet\u00e9 nationale a\u00e9ronautique","datePublished":"2026-04-27T11:48:46+00:00","dateModified":"2026-04-27T11:58:42+00:00","mainEntityOfPage":{"@id":"https:\/\/aassdn.org\/amicale\/video-la-souverainete-nationale-aeronautique\/"},"wordCount":294,"commentCount":0,"publisher":{"@id":"https:\/\/aassdn.org\/amicale\/#organization"},"image":{"@id":"https:\/\/aassdn.org\/amicale\/video-la-souverainete-nationale-aeronautique\/#primaryimage"},"thumbnailUrl":"https:\/\/aassdn.org\/amicale\/wp-content\/uploads\/Capture-decran-2026-04-27-134144.png","keywords":["a\u00e9ronautique","a\u00e9ronautique militaire","Allemagne","armement","avion","DGA","histoire","Marine","Pilote","souverainet\u00e9 nationale"],"articleSection":["2020-2030","Actualit\u00e9s","Souverainet\u00e9"],"inLanguage":"fr-FR","potentialAction":[{"@type":"CommentAction","name":"Comment","target":["https:\/\/aassdn.org\/amicale\/video-la-souverainete-nationale-aeronautique\/#respond"]}]},{"@type":"WebPage","@id":"https:\/\/aassdn.org\/amicale\/video-la-souverainete-nationale-aeronautique\/","url":"https:\/\/aassdn.org\/amicale\/video-la-souverainete-nationale-aeronautique\/","name":"Vid\u00e9o : La souverainet\u00e9 nationale a\u00e9ronautique | AASSDN | Anciens et Amis des Services Sp\u00e9ciaux","isPartOf":{"@id":"https:\/\/aassdn.org\/amicale\/#website"},"primaryImageOfPage":{"@id":"https:\/\/aassdn.org\/amicale\/video-la-souverainete-nationale-aeronautique\/#primaryimage"},"image":{"@id":"https:\/\/aassdn.org\/amicale\/video-la-souverainete-nationale-aeronautique\/#primaryimage"},"thumbnailUrl":"https:\/\/aassdn.org\/amicale\/wp-content\/uploads\/Capture-decran-2026-04-27-134144.png","datePublished":"2026-04-27T11:48:46+00:00","dateModified":"2026-04-27T11:58:42+00:00","breadcrumb":{"@id":"https:\/\/aassdn.org\/amicale\/video-la-souverainete-nationale-aeronautique\/#breadcrumb"},"inLanguage":"fr-FR","potentialAction":[{"@type":"ReadAction","target":["https:\/\/aassdn.org\/amicale\/video-la-souverainete-nationale-aeronautique\/"]}]},{"@type":"ImageObject","inLanguage":"fr-FR","@id":"https:\/\/aassdn.org\/amicale\/video-la-souverainete-nationale-aeronautique\/#primaryimage","url":"https:\/\/aassdn.org\/amicale\/wp-content\/uploads\/Capture-decran-2026-04-27-134144.png","contentUrl":"https:\/\/aassdn.org\/amicale\/wp-content\/uploads\/Capture-decran-2026-04-27-134144.png","width":335,"height":188},{"@type":"BreadcrumbList","@id":"https:\/\/aassdn.org\/amicale\/video-la-souverainete-nationale-aeronautique\/#breadcrumb","itemListElement":[{"@type":"ListItem","position":1,"name":"Accueil","item":"https:\/\/aassdn.org\/amicale\/"},{"@type":"ListItem","position":2,"name":"Vid\u00e9o : La souverainet\u00e9 nationale a\u00e9ronautique"}]},{"@type":"WebSite","@id":"https:\/\/aassdn.org\/amicale\/#website","url":"https:\/\/aassdn.org\/amicale\/","name":"AASSDN | Anciens et Amis des Services Sp\u00e9ciaux","description":"Services sp\u00e9ciaux : Des h\u00e9ros anonymes au service exclusif de la France","publisher":{"@id":"https:\/\/aassdn.org\/amicale\/#organization"},"potentialAction":[{"@type":"SearchAction","target":{"@type":"EntryPoint","urlTemplate":"https:\/\/aassdn.org\/amicale\/?s={search_term_string}"},"query-input":{"@type":"PropertyValueSpecification","valueRequired":true,"valueName":"search_term_string"}}],"inLanguage":"fr-FR"},{"@type":"Organization","@id":"https:\/\/aassdn.org\/amicale\/#organization","name":"AASSDN | Anciens et Amis des Services Sp\u00e9ciaux","url":"https:\/\/aassdn.org\/amicale\/","logo":{"@type":"ImageObject","inLanguage":"fr-FR","@id":"https:\/\/aassdn.org\/amicale\/#\/schema\/logo\/image\/","url":"https:\/\/aassdn.org\/amicale\/wp-content\/uploads\/Logo_AASSDN_transparent2.png","contentUrl":"https:\/\/aassdn.org\/amicale\/wp-content\/uploads\/Logo_AASSDN_transparent2.png","width":1832,"height":1609,"caption":"AASSDN | Anciens et Amis des Services Sp\u00e9ciaux"},"image":{"@id":"https:\/\/aassdn.org\/amicale\/#\/schema\/logo\/image\/"}},{"@type":"Person","@id":"https:\/\/aassdn.org\/amicale\/#\/schema\/person\/8e950b11c74c24df36dc8e172f9451f4","name":"AASSDN","image":{"@type":"ImageObject","inLanguage":"fr-FR","@id":"https:\/\/secure.gravatar.com\/avatar\/fd0b6d50e70e6f0ed2d0d0ed7be3689bc93c931340a70ec36db416b5f0486016?s=96&d=mm&r=g","url":"https:\/\/secure.gravatar.com\/avatar\/fd0b6d50e70e6f0ed2d0d0ed7be3689bc93c931340a70ec36db416b5f0486016?s=96&d=mm&r=g","contentUrl":"https:\/\/secure.gravatar.com\/avatar\/fd0b6d50e70e6f0ed2d0d0ed7be3689bc93c931340a70ec36db416b5f0486016?s=96&d=mm&r=g","caption":"AASSDN"},"url":"https:\/\/aassdn.org\/amicale\/author\/laure-fanjeau\/"}]}},"_links":{"self":[{"href":"https:\/\/aassdn.org\/amicale\/wp-json\/wp\/v2\/posts\/25312","targetHints":{"allow":["GET"]}}],"collection":[{"href":"https:\/\/aassdn.org\/amicale\/wp-json\/wp\/v2\/posts"}],"about":[{"href":"https:\/\/aassdn.org\/amicale\/wp-json\/wp\/v2\/types\/post"}],"author":[{"embeddable":true,"href":"https:\/\/aassdn.org\/amicale\/wp-json\/wp\/v2\/users\/32"}],"replies":[{"embeddable":true,"href":"https:\/\/aassdn.org\/amicale\/wp-json\/wp\/v2\/comments?post=25312"}],"version-history":[{"count":0,"href":"https:\/\/aassdn.org\/amicale\/wp-json\/wp\/v2\/posts\/25312\/revisions"}],"wp:featuredmedia":[{"embeddable":true,"href":"https:\/\/aassdn.org\/amicale\/wp-json\/wp\/v2\/media\/25320"}],"wp:attachment":[{"href":"https:\/\/aassdn.org\/amicale\/wp-json\/wp\/v2\/media?parent=25312"}],"wp:term":[{"taxonomy":"category","embeddable":true,"href":"https:\/\/aassdn.org\/amicale\/wp-json\/wp\/v2\/categories?post=25312"},{"taxonomy":"post_tag","embeddable":true,"href":"https:\/\/aassdn.org\/amicale\/wp-json\/wp\/v2\/tags?post=25312"}],"curies":[{"name":"wp","href":"https:\/\/api.w.org\/{rel}","templated":true}]}}