{"id":25286,"date":"2026-04-27T12:32:14","date_gmt":"2026-04-27T10:32:14","guid":{"rendered":"https:\/\/aassdn.org\/amicale\/?p=25286"},"modified":"2026-04-27T12:33:34","modified_gmt":"2026-04-27T10:33:34","slug":"hommage-parisien-au-sergent-anicet-girardin","status":"publish","type":"post","link":"https:\/\/aassdn.org\/amicale\/hommage-parisien-au-sergent-anicet-girardin\/","title":{"rendered":"Hommage parisien au sergent Anicet Girardin."},"content":{"rendered":"\n<div class=\"wp-block-group\"><div class=\"wp-block-group__inner-container is-layout-constrained wp-block-group-is-layout-constrained\">\n<h2 class=\"wp-block-heading has-text-align-center\"><br>\ud835\udc02\ud835\udc1e\u0301\ud835\udc2b\ud835\udc1e\u0301\ud835\udc26\ud835\udc28\ud835\udc27\ud835\udc22\ud835\udc1e \ud835\udc1d\u2019\ud835\udc21\ud835\udc28\ud835\udc26\ud835\udc26\ud835\udc1a\ud835\udc20\ud835\udc1e \ud835\udc27\ud835\udc1a\ud835\udc2d\ud835\udc22\ud835\udc28\ud835\udc27\ud835\udc1a\ud835\udc25 \ud835\udc1a\ud835\udc2e \ud835\udc2c\ud835\udc1e\ud835\udc2b\ud835\udc20\ud835\udc1e\ud835\udc27\ud835\udc2d \ud835\udc00\ud835\udc27\ud835\udc22\ud835\udc1c\ud835\udc1e\ud835\udc2d \ud835\udc06\ud835\udc22\ud835\udc2b\ud835\udc1a\ud835\udc2b\ud835\udc1d\ud835\udc22\ud835\udc27 <br>\ud835\udc1a\ud835\udc2e \ud835\udfcf\ud835\udfd1\ud835\udfd0\ud835\udc1e \ud835\udc2b\ud835\udc1e\u0301\ud835\udc20\ud835\udc22\ud835\udc26\ud835\udc1e\ud835\udc27\ud835\udc2d \ud835\udc1d&#8217;\ud835\udc22\ud835\udc27\ud835\udc1f\ud835\udc1a\ud835\udc27\ud835\udc2d\ud835\udc1e\ud835\udc2b\ud835\udc22\ud835\udc1e \ud835\udc1c\ud835\udc32\ud835\udc27\ud835\udc28\ud835\udc2d\ud835\udc1e\ud835\udc1c\ud835\udc21\ud835\udc27\ud835\udc22\ud835\udc2a\ud835\udc2e\ud835\udc1e \ud835\udc1d\ud835\udc1e \ud835\udc12\ud835\udc2e\ud835\udc22\ud835\udc29\ud835\udc29\ud835\udc1e\ud835\udc2c<\/h2>\n\n\n\n<p><br><br>Madame Catherine Vautrin, Ministre des Arm\u00e9es et des Anciens combattants, pr\u00e9sidera le mardi 28 avril 2026 la c\u00e9r\u00e9monie d&#8217;hommage national au sergent Anicet Girardin, en pr\u00e9sence du g\u00e9n\u00e9ral d&#8217;arm\u00e9e Pierre Schill, chef d\u2019\u00e9tat-major de l\u2019arm\u00e9e de Terre (CEMAT).<br><br>Les honneurs fun\u00e8bres militaires lui seront rendus au 132e\u00a0r\u00e9giment d&#8217;infanterie cynotechnique (132e\u00a0RIC) de Suippes (51).<br><br><br>Le 18 avril, le sergent Anicet a \u00e9t\u00e9 bless\u00e9 lors d&#8217;une action de combat dans le cadre de l\u2019op\u00e9ration DAMAN au sein de la Force int\u00e9rimaire des Nations unies au Liban. Le sergent Anicet Girardin est d\u00e9c\u00e9d\u00e9 des suites de ses blessures le 22 avril 2026.<br><br><br><\/p>\n<\/div><\/div>\n\n\n\n<p class=\"has-text-align-center\"><strong>***<\/strong><\/p>\n\n\n\n<blockquote class=\"wp-block-quote is-layout-flow wp-block-quote-is-layout-flow\">\n<h2 class=\"wp-block-heading has-text-align-center\"><strong>Un hommage sera \u00e9galement rendu, \u00e0 Paris, le mardi 28 avril 2026 \u00e0 12h00<\/strong><\/h2>\n\n\n\n<p class=\"has-text-align-center\"><strong>***<\/strong><\/p>\n\n\n\n<p><br>Le mardi 28 avril \u00e0 12h00, le gouverneur militaire de Paris pr\u00e9sidera un hommage en m\u00e9moire du sergent Anicet Girardin, mort pour la France au Liban.<br><br>La\u00a0<strong>c\u00e9r\u00e9monie<\/strong>,\u00a0<strong>OUVERTE AU PUBLIC<\/strong>, aura lieu\u00a0<strong>au monument aux Morts pour la France en op\u00e9rations ext\u00e9rieures (Paris 15)<\/strong>. Il s\u2019agira de permettre aux parisiens et aux franciliens qui le souhaitent de rendre un dernier hommage <br>\u00a0<\/p>\n\n\n\n<p><strong>Modalit\u00e9s pratiques pour les Parisiens.<\/strong><\/p>\n\n\n\n<p><em>Horaires :<\/em><\/p>\n\n\n\n<ul class=\"wp-block-list\">\n<li><strong>12h00 :\u00a0<\/strong>D\u00e9but de la c\u00e9r\u00e9monie en hommage au sergent Anicet Girardin, pr\u00e9sid\u00e9e par le GCA Mizon, Gouverneur militaire de Paris.<\/li>\n<\/ul>\n<\/blockquote>\n\n\n\n<p><em>Acc\u00e8s :<\/em><\/p>\n\n\n\n<ul class=\"wp-block-list\">\n<li>29 rue de la Montagne de la Fage \u2013 Jardin Eug\u00e9nie Djendi \u2013 Parc Andr\u00e9 Citro\u00ebn \u2013 75015\u00a0Paris<\/li>\n<\/ul>\n\n\n\n<p>Comment s\u2019y rendre :<\/p>\n\n\n\n<ul class=\"wp-block-list\">\n<li><strong>Lignes de bus 30, 42, 88, 169 :<\/strong>\u00a0Leblanc-Delbarre,<\/li>\n\n\n\n<li><strong>Autre arr\u00eat pour les lignes de bus 30 42 88 :\u00a0<\/strong>Place Balard<\/li>\n\n\n\n<li><strong>Arr\u00eat de m\u00e9tro 8<\/strong>\u00a0: Balard<\/li>\n<\/ul>\n\n\n\n<p>Les&nbsp;stations&nbsp;de&nbsp;m\u00e9tro&nbsp;les&nbsp;plus&nbsp;proches&nbsp;sont&nbsp;Balard,&nbsp;Javel,&nbsp;Rue&nbsp;Leblanc,&nbsp;et&nbsp;Parc&nbsp;Andr\u00e9&nbsp;Citro\u00ebn,&nbsp;toutes&nbsp;\u00e0&nbsp;<br>environ&nbsp;580&nbsp;m\u00e8tres&nbsp;de&nbsp;distance.&nbsp;<\/p>\n\n\n\n<p class=\"has-text-align-right\"><strong>Minist\u00e8re des Arm\u00e9es <\/strong><br><strong>Cabinet du gouverneur militaire de Paris<\/strong><\/p>\n\n\n\n<p class=\"has-text-align-right\"><\/p>\n\n\n\n<p class=\"has-text-align-right\"><em>Source bandeau photo : \u00a9 Arm\u00e9e de Terre<\/em><\/p>\n<div class=\"pdfprnt-buttons pdfprnt-buttons-post pdfprnt-bottom-right\"><a href=\"https:\/\/aassdn.org\/amicale\/wp-json\/wp\/v2\/posts\/25286?print=pdf\" class=\"pdfprnt-button pdfprnt-button-pdf\" target=\"_blank\" ><img decoding=\"async\" data-src=\"https:\/\/aassdn.org\/amicale\/wp-content\/plugins\/pdf-print\/images\/pdf.png\" alt=\"image_pdf\" title=\"Afficher le PDF\" src=\"data:image\/svg+xml;base64,PHN2ZyB3aWR0aD0iMSIgaGVpZ2h0PSIxIiB4bWxucz0iaHR0cDovL3d3dy53My5vcmcvMjAwMC9zdmciPjwvc3ZnPg==\" class=\"lazyload\" style=\"--smush-placeholder-width: 32px; --smush-placeholder-aspect-ratio: 32\/32;\" \/><\/a><a href=\"https:\/\/aassdn.org\/amicale\/wp-json\/wp\/v2\/posts\/25286?print=print\" class=\"pdfprnt-button pdfprnt-button-print\" target=\"_blank\" ><\/a><\/div>","protected":false},"excerpt":{"rendered":"<p>\ud835\udc02\ud835\udc1e\u0301\ud835\udc2b\ud835\udc1e\u0301\ud835\udc26\ud835\udc28\ud835\udc27\ud835\udc22\ud835\udc1e \ud835\udc1d\u2019\ud835\udc21\ud835\udc28\ud835\udc26\ud835\udc26\ud835\udc1a\ud835\udc20\ud835\udc1e \ud835\udc27\ud835\udc1a\ud835\udc2d\ud835\udc22\ud835\udc28\ud835\udc27\ud835\udc1a\ud835\udc25 \ud835\udc1a\ud835\udc2e \ud835\udc2c\ud835\udc1e\ud835\udc2b\ud835\udc20\ud835\udc1e\ud835\udc27\ud835\udc2d \ud835\udc00\ud835\udc27\ud835\udc22\ud835\udc1c\ud835\udc1e\ud835\udc2d \ud835\udc06\ud835\udc22\ud835\udc2b\ud835\udc1a\ud835\udc2b\ud835\udc1d\ud835\udc22\ud835\udc27 \ud835\udc1a\ud835\udc2e \ud835\udfcf\ud835\udfd1\ud835\udfd0\ud835\udc1e \ud835\udc2b\ud835\udc1e\u0301\ud835\udc20\ud835\udc22\ud835\udc26\ud835\udc1e\ud835\udc27\ud835\udc2d \ud835\udc1d&#8217;\ud835\udc22\ud835\udc27\ud835\udc1f\ud835\udc1a\ud835\udc27\ud835\udc2d\ud835\udc1e\ud835\udc2b\ud835\udc22\ud835\udc1e \ud835\udc1c\ud835\udc32\ud835\udc27\ud835\udc28\ud835\udc2d\ud835\udc1e\ud835\udc1c\ud835\udc21\ud835\udc27\ud835\udc22\ud835\udc2a\ud835\udc2e\ud835\udc1e \ud835\udc1d\ud835\udc1e \ud835\udc12\ud835\udc2e\ud835\udc22\ud835\udc29\ud835\udc29\ud835\udc1e\ud835\udc2c Madame Catherine Vautrin, Ministre des Arm\u00e9es et des Anciens combattants, pr\u00e9sidera le mardi 28 avril 2026 la c\u00e9r\u00e9monie d&#8217;hommage national au sergent Anicet Girardin, en pr\u00e9sence du g\u00e9n\u00e9ral d&#8217;arm\u00e9e Pierre Schill, chef d\u2019\u00e9tat-major de l\u2019arm\u00e9e de Terre (CEMAT). Les honneurs fun\u00e8bres [&hellip;]<\/p>\n","protected":false},"author":32,"featured_media":25177,"comment_status":"open","ping_status":"closed","sticky":false,"template":"","format":"standard","meta":{"_acf_changed":true,"footnotes":""},"categories":[288,278],"tags":[645,5357,591,339,324,2524,250,559],"class_list":["post-25286","post","type-post","status-publish","format-standard","has-post-thumbnail","hentry","category-2020-2030","category-actualites","tag-hommage","tag-hommages-officiels","tag-honneur","tag-memoire","tag-militaire","tag-mort-pour-la-france","tag-nice","tag-operations"],"acf":[],"yoast_head":"<!-- This site is optimized with the Yoast SEO plugin v27.4 - https:\/\/yoast.com\/product\/yoast-seo-wordpress\/ -->\n<title>Hommage parisien au sergent Anicet Girardin. | AASSDN | Anciens et Amis des Services Sp\u00e9ciaux<\/title>\n<meta name=\"robots\" content=\"index, follow, max-snippet:-1, max-image-preview:large, max-video-preview:-1\" \/>\n<link rel=\"canonical\" href=\"https:\/\/aassdn.org\/amicale\/hommage-parisien-au-sergent-anicet-girardin\/\" \/>\n<meta property=\"og:locale\" content=\"fr_FR\" \/>\n<meta property=\"og:type\" content=\"article\" \/>\n<meta property=\"og:title\" content=\"Hommage parisien au sergent Anicet Girardin. | AASSDN | Anciens et Amis des Services Sp\u00e9ciaux\" \/>\n<meta property=\"og:description\" content=\"\ud835\udc02\ud835\udc1e\u0301\ud835\udc2b\ud835\udc1e\u0301\ud835\udc26\ud835\udc28\ud835\udc27\ud835\udc22\ud835\udc1e \ud835\udc1d\u2019\ud835\udc21\ud835\udc28\ud835\udc26\ud835\udc26\ud835\udc1a\ud835\udc20\ud835\udc1e \ud835\udc27\ud835\udc1a\ud835\udc2d\ud835\udc22\ud835\udc28\ud835\udc27\ud835\udc1a\ud835\udc25 \ud835\udc1a\ud835\udc2e \ud835\udc2c\ud835\udc1e\ud835\udc2b\ud835\udc20\ud835\udc1e\ud835\udc27\ud835\udc2d \ud835\udc00\ud835\udc27\ud835\udc22\ud835\udc1c\ud835\udc1e\ud835\udc2d \ud835\udc06\ud835\udc22\ud835\udc2b\ud835\udc1a\ud835\udc2b\ud835\udc1d\ud835\udc22\ud835\udc27 \ud835\udc1a\ud835\udc2e \ud835\udfcf\ud835\udfd1\ud835\udfd0\ud835\udc1e \ud835\udc2b\ud835\udc1e\u0301\ud835\udc20\ud835\udc22\ud835\udc26\ud835\udc1e\ud835\udc27\ud835\udc2d \ud835\udc1d&#8217;\ud835\udc22\ud835\udc27\ud835\udc1f\ud835\udc1a\ud835\udc27\ud835\udc2d\ud835\udc1e\ud835\udc2b\ud835\udc22\ud835\udc1e \ud835\udc1c\ud835\udc32\ud835\udc27\ud835\udc28\ud835\udc2d\ud835\udc1e\ud835\udc1c\ud835\udc21\ud835\udc27\ud835\udc22\ud835\udc2a\ud835\udc2e\ud835\udc1e \ud835\udc1d\ud835\udc1e \ud835\udc12\ud835\udc2e\ud835\udc22\ud835\udc29\ud835\udc29\ud835\udc1e\ud835\udc2c Madame Catherine Vautrin, Ministre des Arm\u00e9es et des Anciens combattants, pr\u00e9sidera le mardi 28 avril 2026 la c\u00e9r\u00e9monie d&#8217;hommage national au sergent Anicet Girardin, en pr\u00e9sence du g\u00e9n\u00e9ral d&#8217;arm\u00e9e Pierre Schill, chef d\u2019\u00e9tat-major de l\u2019arm\u00e9e de Terre (CEMAT). Les honneurs fun\u00e8bres [&hellip;]\" \/>\n<meta property=\"og:url\" content=\"https:\/\/aassdn.org\/amicale\/hommage-parisien-au-sergent-anicet-girardin\/\" \/>\n<meta property=\"og:site_name\" content=\"AASSDN | Anciens et Amis des Services Sp\u00e9ciaux\" \/>\n<meta property=\"article:published_time\" content=\"2026-04-27T10:32:14+00:00\" \/>\n<meta property=\"article:modified_time\" content=\"2026-04-27T10:33:34+00:00\" \/>\n<meta property=\"og:image\" content=\"https:\/\/aassdn.org\/amicale\/wp-content\/uploads\/Capture-decran-2026-04-22-204832.png\" \/>\n\t<meta property=\"og:image:width\" content=\"1008\" \/>\n\t<meta property=\"og:image:height\" content=\"619\" \/>\n\t<meta property=\"og:image:type\" content=\"image\/png\" \/>\n<meta name=\"author\" content=\"AASSDN\" \/>\n<meta name=\"twitter:card\" content=\"summary_large_image\" \/>\n<meta name=\"twitter:label1\" content=\"\u00c9crit par\" \/>\n\t<meta name=\"twitter:data1\" content=\"AASSDN\" \/>\n\t<meta name=\"twitter:label2\" content=\"Dur\u00e9e de lecture estim\u00e9e\" \/>\n\t<meta name=\"twitter:data2\" content=\"2 minutes\" \/>\n<script type=\"application\/ld+json\" class=\"yoast-schema-graph\">{\"@context\":\"https:\\\/\\\/schema.org\",\"@graph\":[{\"@type\":\"Article\",\"@id\":\"https:\\\/\\\/aassdn.org\\\/amicale\\\/hommage-parisien-au-sergent-anicet-girardin\\\/#article\",\"isPartOf\":{\"@id\":\"https:\\\/\\\/aassdn.org\\\/amicale\\\/hommage-parisien-au-sergent-anicet-girardin\\\/\"},\"author\":{\"name\":\"AASSDN\",\"@id\":\"https:\\\/\\\/aassdn.org\\\/amicale\\\/#\\\/schema\\\/person\\\/8e950b11c74c24df36dc8e172f9451f4\"},\"headline\":\"Hommage parisien au sergent Anicet Girardin.\",\"datePublished\":\"2026-04-27T10:32:14+00:00\",\"dateModified\":\"2026-04-27T10:33:34+00:00\",\"mainEntityOfPage\":{\"@id\":\"https:\\\/\\\/aassdn.org\\\/amicale\\\/hommage-parisien-au-sergent-anicet-girardin\\\/\"},\"wordCount\":338,\"commentCount\":0,\"publisher\":{\"@id\":\"https:\\\/\\\/aassdn.org\\\/amicale\\\/#organization\"},\"image\":{\"@id\":\"https:\\\/\\\/aassdn.org\\\/amicale\\\/hommage-parisien-au-sergent-anicet-girardin\\\/#primaryimage\"},\"thumbnailUrl\":\"https:\\\/\\\/aassdn.org\\\/amicale\\\/wp-content\\\/uploads\\\/Capture-decran-2026-04-22-204832.png\",\"keywords\":[\"hommage\",\"hommages officiels\",\"honneur\",\"m\u00e9moire\",\"militaire\",\"mort pour la France\",\"Nice\",\"op\u00e9rations\"],\"articleSection\":[\"2020-2030\",\"Actualit\u00e9s\"],\"inLanguage\":\"fr-FR\",\"potentialAction\":[{\"@type\":\"CommentAction\",\"name\":\"Comment\",\"target\":[\"https:\\\/\\\/aassdn.org\\\/amicale\\\/hommage-parisien-au-sergent-anicet-girardin\\\/#respond\"]}]},{\"@type\":\"WebPage\",\"@id\":\"https:\\\/\\\/aassdn.org\\\/amicale\\\/hommage-parisien-au-sergent-anicet-girardin\\\/\",\"url\":\"https:\\\/\\\/aassdn.org\\\/amicale\\\/hommage-parisien-au-sergent-anicet-girardin\\\/\",\"name\":\"Hommage parisien au sergent Anicet Girardin. | AASSDN | Anciens et Amis des Services Sp\u00e9ciaux\",\"isPartOf\":{\"@id\":\"https:\\\/\\\/aassdn.org\\\/amicale\\\/#website\"},\"primaryImageOfPage\":{\"@id\":\"https:\\\/\\\/aassdn.org\\\/amicale\\\/hommage-parisien-au-sergent-anicet-girardin\\\/#primaryimage\"},\"image\":{\"@id\":\"https:\\\/\\\/aassdn.org\\\/amicale\\\/hommage-parisien-au-sergent-anicet-girardin\\\/#primaryimage\"},\"thumbnailUrl\":\"https:\\\/\\\/aassdn.org\\\/amicale\\\/wp-content\\\/uploads\\\/Capture-decran-2026-04-22-204832.png\",\"datePublished\":\"2026-04-27T10:32:14+00:00\",\"dateModified\":\"2026-04-27T10:33:34+00:00\",\"breadcrumb\":{\"@id\":\"https:\\\/\\\/aassdn.org\\\/amicale\\\/hommage-parisien-au-sergent-anicet-girardin\\\/#breadcrumb\"},\"inLanguage\":\"fr-FR\",\"potentialAction\":[{\"@type\":\"ReadAction\",\"target\":[\"https:\\\/\\\/aassdn.org\\\/amicale\\\/hommage-parisien-au-sergent-anicet-girardin\\\/\"]}]},{\"@type\":\"ImageObject\",\"inLanguage\":\"fr-FR\",\"@id\":\"https:\\\/\\\/aassdn.org\\\/amicale\\\/hommage-parisien-au-sergent-anicet-girardin\\\/#primaryimage\",\"url\":\"https:\\\/\\\/aassdn.org\\\/amicale\\\/wp-content\\\/uploads\\\/Capture-decran-2026-04-22-204832.png\",\"contentUrl\":\"https:\\\/\\\/aassdn.org\\\/amicale\\\/wp-content\\\/uploads\\\/Capture-decran-2026-04-22-204832.png\",\"width\":1008,\"height\":619},{\"@type\":\"BreadcrumbList\",\"@id\":\"https:\\\/\\\/aassdn.org\\\/amicale\\\/hommage-parisien-au-sergent-anicet-girardin\\\/#breadcrumb\",\"itemListElement\":[{\"@type\":\"ListItem\",\"position\":1,\"name\":\"Accueil\",\"item\":\"https:\\\/\\\/aassdn.org\\\/amicale\\\/\"},{\"@type\":\"ListItem\",\"position\":2,\"name\":\"Hommage parisien au sergent Anicet Girardin.\"}]},{\"@type\":\"WebSite\",\"@id\":\"https:\\\/\\\/aassdn.org\\\/amicale\\\/#website\",\"url\":\"https:\\\/\\\/aassdn.org\\\/amicale\\\/\",\"name\":\"AASSDN | Anciens et Amis des Services Sp\u00e9ciaux\",\"description\":\"Services sp\u00e9ciaux : Des h\u00e9ros anonymes au service exclusif de la France\",\"publisher\":{\"@id\":\"https:\\\/\\\/aassdn.org\\\/amicale\\\/#organization\"},\"potentialAction\":[{\"@type\":\"SearchAction\",\"target\":{\"@type\":\"EntryPoint\",\"urlTemplate\":\"https:\\\/\\\/aassdn.org\\\/amicale\\\/?s={search_term_string}\"},\"query-input\":{\"@type\":\"PropertyValueSpecification\",\"valueRequired\":true,\"valueName\":\"search_term_string\"}}],\"inLanguage\":\"fr-FR\"},{\"@type\":\"Organization\",\"@id\":\"https:\\\/\\\/aassdn.org\\\/amicale\\\/#organization\",\"name\":\"AASSDN | Anciens et Amis des Services Sp\u00e9ciaux\",\"url\":\"https:\\\/\\\/aassdn.org\\\/amicale\\\/\",\"logo\":{\"@type\":\"ImageObject\",\"inLanguage\":\"fr-FR\",\"@id\":\"https:\\\/\\\/aassdn.org\\\/amicale\\\/#\\\/schema\\\/logo\\\/image\\\/\",\"url\":\"https:\\\/\\\/aassdn.org\\\/amicale\\\/wp-content\\\/uploads\\\/Logo_AASSDN_transparent2.png\",\"contentUrl\":\"https:\\\/\\\/aassdn.org\\\/amicale\\\/wp-content\\\/uploads\\\/Logo_AASSDN_transparent2.png\",\"width\":1832,\"height\":1609,\"caption\":\"AASSDN | Anciens et Amis des Services Sp\u00e9ciaux\"},\"image\":{\"@id\":\"https:\\\/\\\/aassdn.org\\\/amicale\\\/#\\\/schema\\\/logo\\\/image\\\/\"}},{\"@type\":\"Person\",\"@id\":\"https:\\\/\\\/aassdn.org\\\/amicale\\\/#\\\/schema\\\/person\\\/8e950b11c74c24df36dc8e172f9451f4\",\"name\":\"AASSDN\",\"image\":{\"@type\":\"ImageObject\",\"inLanguage\":\"fr-FR\",\"@id\":\"https:\\\/\\\/secure.gravatar.com\\\/avatar\\\/fd0b6d50e70e6f0ed2d0d0ed7be3689bc93c931340a70ec36db416b5f0486016?s=96&d=mm&r=g\",\"url\":\"https:\\\/\\\/secure.gravatar.com\\\/avatar\\\/fd0b6d50e70e6f0ed2d0d0ed7be3689bc93c931340a70ec36db416b5f0486016?s=96&d=mm&r=g\",\"contentUrl\":\"https:\\\/\\\/secure.gravatar.com\\\/avatar\\\/fd0b6d50e70e6f0ed2d0d0ed7be3689bc93c931340a70ec36db416b5f0486016?s=96&d=mm&r=g\",\"caption\":\"AASSDN\"},\"url\":\"https:\\\/\\\/aassdn.org\\\/amicale\\\/author\\\/laure-fanjeau\\\/\"}]}<\/script>\n<!-- \/ Yoast SEO plugin. -->","yoast_head_json":{"title":"Hommage parisien au sergent Anicet Girardin. | AASSDN | Anciens et Amis des Services Sp\u00e9ciaux","robots":{"index":"index","follow":"follow","max-snippet":"max-snippet:-1","max-image-preview":"max-image-preview:large","max-video-preview":"max-video-preview:-1"},"canonical":"https:\/\/aassdn.org\/amicale\/hommage-parisien-au-sergent-anicet-girardin\/","og_locale":"fr_FR","og_type":"article","og_title":"Hommage parisien au sergent Anicet Girardin. | AASSDN | Anciens et Amis des Services Sp\u00e9ciaux","og_description":"\ud835\udc02\ud835\udc1e\u0301\ud835\udc2b\ud835\udc1e\u0301\ud835\udc26\ud835\udc28\ud835\udc27\ud835\udc22\ud835\udc1e \ud835\udc1d\u2019\ud835\udc21\ud835\udc28\ud835\udc26\ud835\udc26\ud835\udc1a\ud835\udc20\ud835\udc1e \ud835\udc27\ud835\udc1a\ud835\udc2d\ud835\udc22\ud835\udc28\ud835\udc27\ud835\udc1a\ud835\udc25 \ud835\udc1a\ud835\udc2e \ud835\udc2c\ud835\udc1e\ud835\udc2b\ud835\udc20\ud835\udc1e\ud835\udc27\ud835\udc2d \ud835\udc00\ud835\udc27\ud835\udc22\ud835\udc1c\ud835\udc1e\ud835\udc2d \ud835\udc06\ud835\udc22\ud835\udc2b\ud835\udc1a\ud835\udc2b\ud835\udc1d\ud835\udc22\ud835\udc27 \ud835\udc1a\ud835\udc2e \ud835\udfcf\ud835\udfd1\ud835\udfd0\ud835\udc1e \ud835\udc2b\ud835\udc1e\u0301\ud835\udc20\ud835\udc22\ud835\udc26\ud835\udc1e\ud835\udc27\ud835\udc2d \ud835\udc1d&#8217;\ud835\udc22\ud835\udc27\ud835\udc1f\ud835\udc1a\ud835\udc27\ud835\udc2d\ud835\udc1e\ud835\udc2b\ud835\udc22\ud835\udc1e \ud835\udc1c\ud835\udc32\ud835\udc27\ud835\udc28\ud835\udc2d\ud835\udc1e\ud835\udc1c\ud835\udc21\ud835\udc27\ud835\udc22\ud835\udc2a\ud835\udc2e\ud835\udc1e \ud835\udc1d\ud835\udc1e \ud835\udc12\ud835\udc2e\ud835\udc22\ud835\udc29\ud835\udc29\ud835\udc1e\ud835\udc2c Madame Catherine Vautrin, Ministre des Arm\u00e9es et des Anciens combattants, pr\u00e9sidera le mardi 28 avril 2026 la c\u00e9r\u00e9monie d&#8217;hommage national au sergent Anicet Girardin, en pr\u00e9sence du g\u00e9n\u00e9ral d&#8217;arm\u00e9e Pierre Schill, chef d\u2019\u00e9tat-major de l\u2019arm\u00e9e de Terre (CEMAT). Les honneurs fun\u00e8bres [&hellip;]","og_url":"https:\/\/aassdn.org\/amicale\/hommage-parisien-au-sergent-anicet-girardin\/","og_site_name":"AASSDN | Anciens et Amis des Services Sp\u00e9ciaux","article_published_time":"2026-04-27T10:32:14+00:00","article_modified_time":"2026-04-27T10:33:34+00:00","og_image":[{"width":1008,"height":619,"url":"https:\/\/aassdn.org\/amicale\/wp-content\/uploads\/Capture-decran-2026-04-22-204832.png","type":"image\/png"}],"author":"AASSDN","twitter_card":"summary_large_image","twitter_misc":{"\u00c9crit par":"AASSDN","Dur\u00e9e de lecture estim\u00e9e":"2 minutes"},"schema":{"@context":"https:\/\/schema.org","@graph":[{"@type":"Article","@id":"https:\/\/aassdn.org\/amicale\/hommage-parisien-au-sergent-anicet-girardin\/#article","isPartOf":{"@id":"https:\/\/aassdn.org\/amicale\/hommage-parisien-au-sergent-anicet-girardin\/"},"author":{"name":"AASSDN","@id":"https:\/\/aassdn.org\/amicale\/#\/schema\/person\/8e950b11c74c24df36dc8e172f9451f4"},"headline":"Hommage parisien au sergent Anicet Girardin.","datePublished":"2026-04-27T10:32:14+00:00","dateModified":"2026-04-27T10:33:34+00:00","mainEntityOfPage":{"@id":"https:\/\/aassdn.org\/amicale\/hommage-parisien-au-sergent-anicet-girardin\/"},"wordCount":338,"commentCount":0,"publisher":{"@id":"https:\/\/aassdn.org\/amicale\/#organization"},"image":{"@id":"https:\/\/aassdn.org\/amicale\/hommage-parisien-au-sergent-anicet-girardin\/#primaryimage"},"thumbnailUrl":"https:\/\/aassdn.org\/amicale\/wp-content\/uploads\/Capture-decran-2026-04-22-204832.png","keywords":["hommage","hommages officiels","honneur","m\u00e9moire","militaire","mort pour la France","Nice","op\u00e9rations"],"articleSection":["2020-2030","Actualit\u00e9s"],"inLanguage":"fr-FR","potentialAction":[{"@type":"CommentAction","name":"Comment","target":["https:\/\/aassdn.org\/amicale\/hommage-parisien-au-sergent-anicet-girardin\/#respond"]}]},{"@type":"WebPage","@id":"https:\/\/aassdn.org\/amicale\/hommage-parisien-au-sergent-anicet-girardin\/","url":"https:\/\/aassdn.org\/amicale\/hommage-parisien-au-sergent-anicet-girardin\/","name":"Hommage parisien au sergent Anicet Girardin. | AASSDN | Anciens et Amis des Services Sp\u00e9ciaux","isPartOf":{"@id":"https:\/\/aassdn.org\/amicale\/#website"},"primaryImageOfPage":{"@id":"https:\/\/aassdn.org\/amicale\/hommage-parisien-au-sergent-anicet-girardin\/#primaryimage"},"image":{"@id":"https:\/\/aassdn.org\/amicale\/hommage-parisien-au-sergent-anicet-girardin\/#primaryimage"},"thumbnailUrl":"https:\/\/aassdn.org\/amicale\/wp-content\/uploads\/Capture-decran-2026-04-22-204832.png","datePublished":"2026-04-27T10:32:14+00:00","dateModified":"2026-04-27T10:33:34+00:00","breadcrumb":{"@id":"https:\/\/aassdn.org\/amicale\/hommage-parisien-au-sergent-anicet-girardin\/#breadcrumb"},"inLanguage":"fr-FR","potentialAction":[{"@type":"ReadAction","target":["https:\/\/aassdn.org\/amicale\/hommage-parisien-au-sergent-anicet-girardin\/"]}]},{"@type":"ImageObject","inLanguage":"fr-FR","@id":"https:\/\/aassdn.org\/amicale\/hommage-parisien-au-sergent-anicet-girardin\/#primaryimage","url":"https:\/\/aassdn.org\/amicale\/wp-content\/uploads\/Capture-decran-2026-04-22-204832.png","contentUrl":"https:\/\/aassdn.org\/amicale\/wp-content\/uploads\/Capture-decran-2026-04-22-204832.png","width":1008,"height":619},{"@type":"BreadcrumbList","@id":"https:\/\/aassdn.org\/amicale\/hommage-parisien-au-sergent-anicet-girardin\/#breadcrumb","itemListElement":[{"@type":"ListItem","position":1,"name":"Accueil","item":"https:\/\/aassdn.org\/amicale\/"},{"@type":"ListItem","position":2,"name":"Hommage parisien au sergent Anicet Girardin."}]},{"@type":"WebSite","@id":"https:\/\/aassdn.org\/amicale\/#website","url":"https:\/\/aassdn.org\/amicale\/","name":"AASSDN | Anciens et Amis des Services Sp\u00e9ciaux","description":"Services sp\u00e9ciaux : Des h\u00e9ros anonymes au service exclusif de la France","publisher":{"@id":"https:\/\/aassdn.org\/amicale\/#organization"},"potentialAction":[{"@type":"SearchAction","target":{"@type":"EntryPoint","urlTemplate":"https:\/\/aassdn.org\/amicale\/?s={search_term_string}"},"query-input":{"@type":"PropertyValueSpecification","valueRequired":true,"valueName":"search_term_string"}}],"inLanguage":"fr-FR"},{"@type":"Organization","@id":"https:\/\/aassdn.org\/amicale\/#organization","name":"AASSDN | Anciens et Amis des Services Sp\u00e9ciaux","url":"https:\/\/aassdn.org\/amicale\/","logo":{"@type":"ImageObject","inLanguage":"fr-FR","@id":"https:\/\/aassdn.org\/amicale\/#\/schema\/logo\/image\/","url":"https:\/\/aassdn.org\/amicale\/wp-content\/uploads\/Logo_AASSDN_transparent2.png","contentUrl":"https:\/\/aassdn.org\/amicale\/wp-content\/uploads\/Logo_AASSDN_transparent2.png","width":1832,"height":1609,"caption":"AASSDN | Anciens et Amis des Services Sp\u00e9ciaux"},"image":{"@id":"https:\/\/aassdn.org\/amicale\/#\/schema\/logo\/image\/"}},{"@type":"Person","@id":"https:\/\/aassdn.org\/amicale\/#\/schema\/person\/8e950b11c74c24df36dc8e172f9451f4","name":"AASSDN","image":{"@type":"ImageObject","inLanguage":"fr-FR","@id":"https:\/\/secure.gravatar.com\/avatar\/fd0b6d50e70e6f0ed2d0d0ed7be3689bc93c931340a70ec36db416b5f0486016?s=96&d=mm&r=g","url":"https:\/\/secure.gravatar.com\/avatar\/fd0b6d50e70e6f0ed2d0d0ed7be3689bc93c931340a70ec36db416b5f0486016?s=96&d=mm&r=g","contentUrl":"https:\/\/secure.gravatar.com\/avatar\/fd0b6d50e70e6f0ed2d0d0ed7be3689bc93c931340a70ec36db416b5f0486016?s=96&d=mm&r=g","caption":"AASSDN"},"url":"https:\/\/aassdn.org\/amicale\/author\/laure-fanjeau\/"}]}},"_links":{"self":[{"href":"https:\/\/aassdn.org\/amicale\/wp-json\/wp\/v2\/posts\/25286","targetHints":{"allow":["GET"]}}],"collection":[{"href":"https:\/\/aassdn.org\/amicale\/wp-json\/wp\/v2\/posts"}],"about":[{"href":"https:\/\/aassdn.org\/amicale\/wp-json\/wp\/v2\/types\/post"}],"author":[{"embeddable":true,"href":"https:\/\/aassdn.org\/amicale\/wp-json\/wp\/v2\/users\/32"}],"replies":[{"embeddable":true,"href":"https:\/\/aassdn.org\/amicale\/wp-json\/wp\/v2\/comments?post=25286"}],"version-history":[{"count":0,"href":"https:\/\/aassdn.org\/amicale\/wp-json\/wp\/v2\/posts\/25286\/revisions"}],"wp:featuredmedia":[{"embeddable":true,"href":"https:\/\/aassdn.org\/amicale\/wp-json\/wp\/v2\/media\/25177"}],"wp:attachment":[{"href":"https:\/\/aassdn.org\/amicale\/wp-json\/wp\/v2\/media?parent=25286"}],"wp:term":[{"taxonomy":"category","embeddable":true,"href":"https:\/\/aassdn.org\/amicale\/wp-json\/wp\/v2\/categories?post=25286"},{"taxonomy":"post_tag","embeddable":true,"href":"https:\/\/aassdn.org\/amicale\/wp-json\/wp\/v2\/tags?post=25286"}],"curies":[{"name":"wp","href":"https:\/\/api.w.org\/{rel}","templated":true}]}}