{"id":2526,"date":"2021-10-29T10:00:33","date_gmt":"2021-10-29T08:00:33","guid":{"rendered":"https:\/\/aassdn.org\/amicale\/pierre-mondanel-a-recu-les-insignes-de-commandeur-de-la-legion-dhonneur\/"},"modified":"2024-03-15T14:05:53","modified_gmt":"2024-03-15T13:05:53","slug":"pierre-mondanel-a-recu-les-insignes-de-commandeur-de-la-legion-dhonneur","status":"publish","type":"post","link":"https:\/\/aassdn.org\/amicale\/pierre-mondanel-a-recu-les-insignes-de-commandeur-de-la-legion-dhonneur\/","title":{"rendered":"Pierre MONDANEL a  re\u00e7u les insignes de commandeur de la L\u00e9gion d&#8217;Honneur"},"content":{"rendered":"<p class=\"Style6\" align=\"justify\">Une grande joie et un grand honneur pour notre Association : M. Pierre MONDANEL a  re\u00e7u les insignes de commandeur de la L\u00e9gion d&#8217;Honneur<\/p>\n<p class=\"Style6\" align=\"justify\">L&#8217;historique court de l&#8217;H\u00f4tel de Ville de PONT-DU-CHATEAU servait de cadre, samedi 24 Mars 1973, \u00e0 une c\u00e9r\u00e9monie en l&#8217;honneur d&#8217;un illustre enfant du pays, M. Pierre MONDANEL, Directeur honoraire au Minist\u00e8re de l&#8217;Int\u00e9rieur, ancien r\u00e9sistant, ancien d\u00e9port\u00e9, D\u00e9l\u00e9gu\u00e9 R\u00e9gional de l&#8217;ASSDN., \u00e0 qui l&#8217;on allait remettre les insignes de Commandeur de la L\u00e9gion d&#8217;honneur.<\/p>\n<p class=\"Style6\" align=\"justify\">De nombreuses personnalit\u00e9s s&#8217;\u00e9taient donn\u00e9  rendez-vous pour apporter leur t\u00e9moignage d&#8217;estime au nouveau promu. MM. BOULAY, d\u00e9put\u00e9, pr\u00e9sident du Conseil G\u00e9n\u00e9ral ; PETIT, Secr\u00e9taire g\u00e9n\u00e9ral de la Pr\u00e9fecture, repr\u00e9sentant le Pr\u00e9fet de r\u00e9gion ; le Colonel de GALEMBERT, commandant le B.A. 745 ; le Chef d&#8217;escadron NATALI, Adjoint au commandant du Groupement de Gendarmerie du Puy-de-D\u00f4me ; CAMBE, Commissaire divisionnaire de la Police judiciaire ; BRIGE, Directeur inter\u00add\u00e9partemental, et BONAFOUS, Chef du Service d\u00e9partemental de l&#8217;Office des A.C.V.G. ; FLEURY, Secr\u00e9taire g\u00e9n\u00e9ral du Rectorat, repr\u00e9sentant M. HABY ; le Colonel PAILLOLE, Pr\u00e9sident National de l&#8217;A.A.S.S.D.N. ; Pierre CHENEVIER, Pr\u00e9sident de la F\u00e9d\u00e9ration des Amicales des R\u00e9seaux de la France Combattante, et le Colonel BOITTE, de l&#8217;A.A.S.S.D.N. (tous deux parrains du d\u00e9cor\u00e9) ; Robert HUGUET, Compagnon de la Lib\u00e9ration ; BAC, LALLEMAND, et de nombreux d\u00e9port\u00e9s ; plusieurs Conseillers g\u00e9n\u00e9raux et Maires \u00e9taient accueillis par M. Jean ALIX, Maire de PONT\u00ad-DU-CHATEAU, entour\u00e9 de ses Adjoints et Conseillers municipaux.<\/p>\n<p class=\"Style6\" align=\"justify\">\n<p class=\"Style6\" align=\"justify\"><strong>La C\u00e9r\u00e9monie du 24 Mars 1973<\/strong><\/p>\n<p class=\"Style6\" align=\"justify\">Autour du perron de l&#8217;H\u00f4tel de Ville, sur lequel allait se d\u00e9rouler la c\u00e9r\u00e9monie, on remarquait une d\u00e9l\u00e9gation de l&#8217;A.A.S.S.D.N., les membres des Associations locales d&#8217;Anciens Combattants et Victimes de guerre et leurs drapeaux ; diff\u00e9rentes organisations locales, etc&#8230; Le public ceinturait l&#8217;enceinte de la place pour suivre la c\u00e9r\u00e9monie.<\/p>\n<p class=\"Style6\" align=\"justify\">Avant de proc\u00e9der \u00e0 la remise de la d\u00e9coration, M. Pierre CHENEVIER pronon\u00e7a une \u00e9mouvante allocution. Apr\u00e8s avoir soulign\u00e9 tout le plaisir et l&#8217;honneur qu&#8217;il avait de d\u00e9corer un ami de vieille date, il tint \u00e0 \u00e9voquer longuement la carri\u00e8re exceptionnelle et les brillants \u00e9tats de service dans la R\u00e9sistance de M. Pierre MONDANEL. \u00ab Non content de vivre l&#8217;Histoire, vous l&#8217;avez \u00e9crite !\u00bb. II salua ensuite avec \u00e9motion la m\u00e9moire de Madame MONDANEL, d\u00e9c\u00e9d\u00e9e des s\u00e9vices de la Gestapo lors de l&#8217;arrestation de son mari. Puis, apr\u00e8s avoir prononc\u00e9 la formule rituelle, il fixa la cravate de Commandeur de la L\u00e9gion d&#8217;honneur autour du cou de notre prestigieux D\u00e9l\u00e9gu\u00e9 r\u00e9gional.<\/p>\n<p class=\"Style6\" align=\"justify\">\n<p class=\"Style6\" align=\"justify\"><strong>Allocution de M. Jean ALIX, le 11 Septembre 1972<span style=\"text-decoration: underline;\"><br \/><\/span><\/strong><\/p>\n<p class=\"Style6\" align=\"justify\">\u00ab Monsieur le Directeur,<\/p>\n<p class=\"Style6\" align=\"justify\">\u00ab Je saluerai tout d&#8217;abord l&#8217;enfant de PONT-DU-CHATEAU, d&#8217;origine paysanne modeste, l&#8217;adolescent travailleur, studieux, sportif aussi. Les anciens de la Jeune Gaule s&#8217;en souviennent. Mais ce que l&#8217;on conna\u00eet de vous maintenant, c&#8217;est le retrait\u00e9 de la Place aux Echalas, dont le temps se partage entre la recherche historique, l&#8217;amiti\u00e9 et le jardinage.<\/p>\n<p class=\"Style6\" align=\"justify\">\u00ab Vous avez combl\u00e9 PONT-DU-CHATEAU en lui donnant l&#8217;histoire qu&#8217;il m\u00e9ritait bien. Vous avez retrac\u00e9 les portraits de DULAURE, des Fr\u00e8res BROSSON, le Conventionnel et les Self Made Men du XIXem  si\u00e8cle, ma\u00eetres de l&#8217;Allier, dont les barques, partant du port de PONT-DU-CHATEAU, portaient \u00e0 PARIS des pierres de VOLVIC et les moissons de LIMAGNE.<\/p>\n<p class=\"Style6\" align=\"justify\">\u00ab Vous \u00eates le Pr\u00e9sident fondateur de l&#8217;Association des Amis du Vieux PONT- DU-CHATEAU, dont le riche Bulletin annuel vous doit tant.<\/p>\n<p class=\"Style6\" align=\"justify\">\u00ab Vous avez donn\u00e9 au Bureau d&#8217;Aide Sociale de notre ville vos droits d&#8217;auteur et vous savez qu&#8217;une part importante de ceux-ci ont contribu\u00e9 au financement du Centre A\u00e9r\u00e9 de MONTMORIN.<\/p>\n<p class=\"Style6\" align=\"justify\">\u00ab Si nos compliments vont \u00e0 l&#8217;historien, notre admiration va \u00e0 Pierre MONDANEL, Directeur au Minist\u00e8re de l&#8217;Int\u00e9rieur. Pierre MONDANEL qui ne se contentait pas d&#8217;\u00e9crire l&#8217;histoire mais qui la faisait.<\/p>\n<p class=\"Style6\" align=\"justify\">\u00ab Monsieur le Directeur, lors de nos premi\u00e8res rencontres, je vous ai taquin\u00e9 avec l&#8217;affaire Prince et vous avez bien voulu m&#8217;ouvrir votre registre secret des confidences. Vous avez su me passionner, au travers de l&#8217;affaire Prince, de l&#8217;affaire Stavisky et sur toute une \u00e9poque que vous avez v\u00e9cue et marqu\u00e9e de votre action prestigieuse.<\/p>\n<p class=\"Style6\" align=\"justify\">\u00ab Vous avez \u00e9t\u00e9 au coeur de tous les \u00e9v\u00e9nements qui ont marqu\u00e9 l&#8217;avant-guerre. Vous me permettrez de rappeler encore l&#8217;assassinat de MARSEILLE. Vous \u00e9tiez le collaborateur direct du pr\u00e9sident BERTHOIN.  J\u2019ai relu avec int\u00e9r\u00eat l\u2019hommage que vous d\u00e9cerne VLADETA MILICEVIC dans son ouvrage consacr\u00e9 \u00e0 l&#8217;assassinat d&#8217;Alexandre Ier   et du Pr\u00e9sident BARTHOU.<\/p>\n<p class=\"Style6\" align=\"justify\">Vous-m\u00eame \u00e9crivez \u00e0 Milicevic, apr\u00e8s l&#8217;arrestation des  Oustachis : \u00ab Nous venions ainsi, vous vous en souvenez, de vivre ensemble des  heures fi\u00e9vreuses et passionnantes. La satisfaction que nous donnaient,  dans l&#8217;int\u00e9r\u00eat de la v\u00e9rit\u00e9 les premiers et fort remarquables r\u00e9sultats  obtenus, les nouvelles, perspectives entrevues pour d\u00e9celer et \u00e9tablir  les hautes responsabilit\u00e9s encourues \u00e0 l&#8217;\u00e9tranger nous faisaient oublier  la fatigue et les heures de sommeil qui nous manquaient. Les uns et  les autres, nous sentions l&#8217;importance internationale de notre travail. \u00bb<\/p>\n<p class=\"Style6\" align=\"justify\">Pour votre souci \u00ab d&#8217;apporter au tribunal de l&#8217;Histoire les premi\u00e8res preuves des manoeuvres occultes internationales se trouvant \u00e0 l&#8217;origine de l&#8217;attentat \u00bb, vous combattiez le fascisme qui allait s&#8217;\u00e9tendre sur l&#8217;Europe puisque vous, aviez d\u00e9termin\u00e9 le r\u00f4le de PAVELITCH qui b\u00e9n\u00e9ficiait du total appui et de la complicit\u00e9 de MUSSOLINI. MUSSOLINI qui devait nommer PAVELITCH Gauleiter de CROATIE. PAVELITCH dont la domination dura trois ans et co\u00fbta au peuple Serbe 600.000 vies humaines.<\/p>\n<p class=\"Style6\" align=\"justify\"> Vous aviez d\u00e9j\u00e0 choisi en 1934 de combattre la mont\u00e9e de l&#8217;hitl\u00e9risme et du fascisme.<\/p>\n<p class=\"Style6\" align=\"justify\"> Je relisais r\u00e9cemment KAPUT de CURZIO MALAPARTE et, dans le portrait hallucinant de PAVELITCH ouvrant une bourriche qui, au lieu de contenir des hu\u00eetres, \u00e9tait garnie d&#8217;yeux humains, je pensais \u00e0 vous, Monsieur le Directeur, qui f\u00fbtes certainement un des premiers fran\u00e7ais \u00e0 voir de pr\u00e8s la b\u00eate qui allait ronger l&#8217;Europe pendant si longtemps.<\/p>\n<p class=\"Style6\" align=\"justify\">C&#8217;est le \u00ab Journal Officiel \u00bb de Janvier 1938 qui publie votre nomination dans l&#8217;Ordre de la L\u00e9gion d&#8217;honneur, \u00e0 titre exceptionnel, cette distinction vous r\u00e9compensant pour les services rendus d&#8217;ans les affaires Stavisky, Prince, dans l&#8217;enqu\u00eate sur le complot de la Cagoule. Le \u00ab Journal Officiel \u00bb de cette m\u00eame date annon\u00e7ait votre nomination \u00e0 la t\u00eate de la S\u00fbret\u00e9 Nationale. C&#8217;\u00e9tait le jour o\u00f9 Hitler inaugurait, dans les Alpes Bavaroises, une nouvelle \u00e9cole de Chefs, o\u00f9 seuls les enfants robustes et d&#8217;une h\u00e9r\u00e9dit\u00e9 irr\u00e9prochable devaient \u00eatre admis. Les porteurs de lunettes en \u00e9tant exclus.<\/p>\n<p class=\"Style6\" align=\"justify\"> Monsieur le Directeur, outre votre action implacable qui a permis l&#8217;\u00e9chec du complot que l&#8217;on conna\u00eet sous le nom de la Cagoule, vous avez \u00e9t\u00e9 aussi le haut fonctionnaire sp\u00e9cialiste de droit p\u00e9nal international, repr\u00e9sentant la France \u00e0 HELSINKI, BELGRADE, BERLIN, NEW YORK et surtout GENEVE.<\/p>\n<p class=\"Style6\" align=\"justify\">Vous m&#8217;avez souvent rappel\u00e9 votre action aupr\u00e8s de Marx DORMOY, de m\u00eame que votre admiration pour L\u00e9on BLUM. Vous avez su \u00e9voquer leur angoisse qui \u00e9tait aussi la v\u00f4tre.<\/p>\n<p class=\"Style6\" align=\"justify\"> Devant la mont\u00e9e du p\u00e9ril, vous avez connu la douleur de la d\u00e9faite et, je sais, par une confidence que vous permettrez sans aucun doute, en ce jour, de r\u00e9v\u00e9ler que vous \u00e9tiez de ceux qui devaient partir pour LONDRES, de sorte que votre r\u00e9publicanisme est cot\u00e9 par Jules MOCH auquel vous avez permis une sortie discr\u00e8te du Casino de VICHY o\u00f9 les pleins pouvoirs venaient d&#8217;\u00eatre vot\u00e9s au Mar\u00e9chal PETAIN.<\/p>\n<p class=\"Style6\" align=\"justify\">\n<p class=\"Style6\" align=\"justify\">Le G\u00e9n\u00e9ral RIVET \u00e9crit \u00e0 votre propos :<\/p>\n<p class=\"Style6\" align=\"justify\">\u00ab La grande \u00e9preuve de l&#8217;occupation et les courants \u00ab collaborateurs, \u00bbqui travers\u00e8rent notre politique \u00e0 cette \u00e9poque trouv\u00e8rent ce fonctionnaire \u00e9gal \u00e0 lui-m\u00eame et fid\u00e8le aux grandes consignes de la r\u00e9sistance \u00e0 l&#8217;ennemi. MONDANEL \u00e0 VICHY est rest\u00e9 MONDANEL de la place Beauveau, accroch\u00e9 \u00e0 l&#8217;ennemi de notre Pays, lucidement ent\u00eat\u00e9 \u00e0 le combattre.<\/p>\n<p class=\"Style6\" align=\"justify\">\u00ab Il ne convient pas dans le cas MONDANEL de glaner et d&#8217;\u00e9plucher des faits. Il a fait son m\u00e9tier. Et les actes qui l&#8217;honorent \u00e9taient de tous  les jours. Inversement, je crois, ce serait peine perdue que de rechercher l&#8217;acte qui ne fut pas droit, int\u00e9gralement Fran\u00e7ais. \u00bb<\/p>\n<p class=\"Style6\" align=\"justify\">\u00ab Pour me r\u00e9sumer, ma conviction est celle-ci :<\/p>\n<p class=\"Style6\" align=\"justify\">\u00ab 1\u00b0 MONDANEL est un fonctionnaire de grande classe qui domine nettement tous ceux qui j&#8217;ai connus dans les fonctions que lui-m\u00eame a occup\u00e9es ;<\/p>\n<p class=\"Style6\" align=\"justify\">\u00ab 2\u00b0 II a fid\u00e8lement servi aux c\u00f4t\u00e9s de ses camarades de la Guerre engag\u00e9s dans la lutte contre l&#8217;Allemand. Pas de d\u00e9faillance, jamais d&#8217;attitudes \u00e9quivoques. Mais l&#8217;acceptation courageuse des t\u00e2ches que nous lui demandions ;<\/p>\n<p class=\"Style6\" align=\"justify\">\u00ab 3\u00b0 A VICHY, il a r\u00e9solument jou\u00e9 sa carri\u00e8re et aussi sa vie &#8211; pour rester dans le rang de ceux qui mettaient la lib\u00e9ration du Pays, au-dessus des ambitions personnelles et des int\u00e9r\u00eats les plus l\u00e9gitimes, intransigeant dans son patriotisme, il n&#8217;a pas transig\u00e9 avec le devoir. \u00bb<\/p>\n<p class=\"Style6\" align=\"justify\">\u00ab A vous qui ainsi avez fait l&#8217;Histoire, je voudrais renouveler les t\u00e9moignages d&#8217;affection et d&#8217;admiration de notre collectivit\u00e9 castelpontine en relisant votre conclusion de \u00ab PONT-DU-CHATEAU A TRAVERS LES AGES \u00bb. Vous vous adressez aux jeunes vous qui avec su le rester magnifiquement &#8211; et leur dites :<\/p>\n<p class=\"Style6\" align=\"justify\">\u00ab Je ne doute point que vous ayez pour votre petite patrie, pour \u00ab cette terre o\u00f9 vous attachent tant de liens d&#8217;affection, cet amour fier et passionn\u00e9 des enfants pour leur m\u00e8re, cet orgueil du paysan d&#8217;autre\u00ad\u00ab fois pour son village qu&#8217;il entretenait par le r\u00e9cit des vieilles l\u00e9gendes \u00ab dont beaucoup restent \u00e0 conter. \u00bb<\/p>\n<p class=\"Style6\" align=\"justify\">\u00ab Votre l\u00e9gende &#8211;  pardon, votre v\u00e9rit\u00e9 &#8211; il fallait bien l&#8217;amorcer davantage aujourd&#8217;hui, en cette journ\u00e9e qui est la v\u00f4tre, et si des jeunes, demain, doivent compl\u00e9ter l&#8217;histoire de PONT-DU-CHATEAU, c&#8217;est certainement au travers de votre histoire qui nous honore tous, qu&#8217;ils devront le faire. \u00bb<\/p>\n<p class=\"Style6\" align=\"justify\">Prenant \u00e0 son tour la parole, le Colonel PAILLOLE apporta \u00e0 M. Pierre MONDANEL le t\u00e9moignage d&#8217;affection et de reconnaissance des Anciens des Services Sp\u00e9ciaux de la D\u00e9fense Nationale :<\/p>\n<p class=\"Style6\" align=\"justify\">\u00ab L&#8217;oeuvre que vous avez accomplie est de celles qui m\u00e9ritent hautement la d\u00e9coration que vous avez re\u00e7ue. Et pour l&#8217;exemple que vous avez donn\u00e9, c&#8217;est avec une grande \u00e9motion et une grande admiration que je vous dis merci. \u00bb<\/p>\n<p class=\"Style6\" align=\"justify\">Enfin, M. MONDANEL, dans un discours de remerciement improvis\u00e9, sut avec le talent oratoire que nous lui connaissons \u00e0 la fois charmer et \u00e9mouvoir l&#8217;assistance.<\/p>\n<p class=\"Style6\" align=\"justify\">Il exprima tout d&#8217;abord, en termes choisis, sa gratitude \u00e0\u00e0 tous ceux<\/p>\n<p class=\"Style6\" align=\"justify\">qui avaient pris part \u00e0 cette c\u00e9r\u00e9monie ; au Maire et au Conseil Municipal qui avaient tenu \u00e0 donner un \u00e9clat exceptionnel \u00e0 l&#8217;\u00e9v\u00e9nement et \u00e0 lui offrir le Croix de vermeil qu&#8217;il portait; au Colonel PAILLOLE, \u00e2 M. CHENEVIER, \u00e0 ses amis HUGUET, LALLEMAND, BAC, etc&#8230; Il adressa ensuite une pens\u00e9e \u00e9mue aux R\u00e9sistants tomb\u00e9s les armes \u00e0 la main, \u00e0 ceux qui \u00e9taient morts sous la torture, \u00e0 ceux qui avaient disparu en camp de concentration.<\/p>\n<p class=\"Style6\" align=\"justify\">\u00ab Je reporte sur PONT-DU-CHATEAU et sur mes parents tout le m\u00e9rite de la distinction que je re\u00e7ois aujourd&#8217;hui \u00bb. Appr\u00e9ciant \u00e0 sa juste valeur la manifestation de sympathie des Castelpontins, il concluait : \u00ab C&#8217;est le plus grand honneur qui pouvait m&#8217;\u00eatre fait et \u00e0 chacun j&#8217;adresse un cordial merci \u00bb. Ce merci, il devait le r\u00e9it\u00e9rer \u00e0 l&#8217;intention de l&#8217;enfant lui offrant, au nom de ses jeunes camarades, une superbe reproduction de la Croix r\u00e9alis\u00e9e par leurs soins.<\/p>\n<div class=\"pdfprnt-buttons pdfprnt-buttons-post pdfprnt-bottom-right\"><a href=\"https:\/\/aassdn.org\/amicale\/wp-json\/wp\/v2\/posts\/2526?print=pdf\" class=\"pdfprnt-button pdfprnt-button-pdf\" target=\"_blank\" ><img decoding=\"async\" data-src=\"https:\/\/aassdn.org\/amicale\/wp-content\/plugins\/pdf-print\/images\/pdf.png\" alt=\"image_pdf\" title=\"Afficher le PDF\" src=\"data:image\/svg+xml;base64,PHN2ZyB3aWR0aD0iMSIgaGVpZ2h0PSIxIiB4bWxucz0iaHR0cDovL3d3dy53My5vcmcvMjAwMC9zdmciPjwvc3ZnPg==\" class=\"lazyload\" style=\"--smush-placeholder-width: 32px; --smush-placeholder-aspect-ratio: 32\/32;\" \/><\/a><a href=\"https:\/\/aassdn.org\/amicale\/wp-json\/wp\/v2\/posts\/2526?print=print\" class=\"pdfprnt-button pdfprnt-button-print\" target=\"_blank\" ><\/a><\/div>","protected":false},"excerpt":{"rendered":"<p>Une grande joie et un grand honneur pour notre Association : M. Pierre MONDANEL a re\u00e7u les insignes de commandeur de la L\u00e9gion d&#8217;Honneur L&#8217;historique court de l&#8217;H\u00f4tel de Ville de PONT-DU-CHATEAU servait de cadre, samedi 24 Mars 1973, \u00e0 une c\u00e9r\u00e9monie en l&#8217;honneur d&#8217;un illustre enfant du pays, M. Pierre MONDANEL, Directeur honoraire au [&hellip;]<\/p>\n","protected":false},"author":1,"featured_media":0,"comment_status":"closed","ping_status":"open","sticky":false,"template":"","format":"standard","meta":{"_acf_changed":false,"footnotes":""},"categories":[114,79,101,99],"tags":[205,360,323,825,454,1058,459,456,654,717,465,797,655,582,366,950,307,685,474,656,794,550,275,937,938,247,693,375,346,327,645,591,462,660,419,508,381,659,800,339,663,599,544,734,713,748,696,203,657,214,664,572,697,467,743,667,416,472,470,586,666,461,495,915],"class_list":["post-2526","post","type-post","status-publish","format-standard","hentry","category-europe-de-louest","category-extraits-de-bulletin","category-general-louis-rivet","category-services-allemands","tag-adolf-hitler","tag-allemands","tag-armement","tag-arrestation","tag-assassinat","tag-association","tag-attentat","tag-camarade","tag-ceremonie","tag-colonel-paillole","tag-colonisation","tag-commandant","tag-commandeur-de-la-legion-dhonneur","tag-complot","tag-courage","tag-decede","tag-defense","tag-defense-nationale","tag-deporte","tag-discours","tag-ennemi","tag-enquete","tag-europe","tag-francais","tag-france","tag-general-louis-rivet","tag-general-rivet","tag-gestapo","tag-guerre","tag-histoire","tag-hommage","tag-honneur","tag-journal","tag-legion-dhonneur","tag-liberation","tag-londres","tag-lutte","tag-m-pierre","tag-marseille","tag-memoire","tag-ministere-de-linterieur","tag-new-york","tag-occupation","tag-ordre","tag-organisation","tag-paris","tag-patrie","tag-paul-paillole","tag-president-de-la-federation-des-amicales-des-reseaux-de-la-france-combattante","tag-resistance","tag-resistant","tag-resistants","tag-s-d","tag-secret","tag-secretaire","tag-services","tag-services-speciaux","tag-temoignage","tag-temoignages","tag-verite","tag-vichy","tag-victimes","tag-village","tag-vision"],"acf":[],"yoast_head":"<!-- This site is optimized with the Yoast SEO plugin v27.4 - https:\/\/yoast.com\/product\/yoast-seo-wordpress\/ -->\n<title>Pierre MONDANEL a re\u00e7u les insignes de commandeur de la L\u00e9gion d&#039;Honneur | AASSDN | Anciens et Amis des Services Sp\u00e9ciaux<\/title>\n<meta name=\"robots\" content=\"index, follow, max-snippet:-1, max-image-preview:large, max-video-preview:-1\" \/>\n<link rel=\"canonical\" href=\"https:\/\/aassdn.org\/amicale\/pierre-mondanel-a-recu-les-insignes-de-commandeur-de-la-legion-dhonneur\/\" \/>\n<meta property=\"og:locale\" content=\"fr_FR\" \/>\n<meta property=\"og:type\" content=\"article\" \/>\n<meta property=\"og:title\" content=\"Pierre MONDANEL a re\u00e7u les insignes de commandeur de la L\u00e9gion d&#039;Honneur | AASSDN | Anciens et Amis des Services Sp\u00e9ciaux\" \/>\n<meta property=\"og:description\" content=\"Une grande joie et un grand honneur pour notre Association : M. Pierre MONDANEL a re\u00e7u les insignes de commandeur de la L\u00e9gion d&#8217;Honneur L&#8217;historique court de l&#8217;H\u00f4tel de Ville de PONT-DU-CHATEAU servait de cadre, samedi 24 Mars 1973, \u00e0 une c\u00e9r\u00e9monie en l&#8217;honneur d&#8217;un illustre enfant du pays, M. Pierre MONDANEL, Directeur honoraire au [&hellip;]\" \/>\n<meta property=\"og:url\" content=\"https:\/\/aassdn.org\/amicale\/pierre-mondanel-a-recu-les-insignes-de-commandeur-de-la-legion-dhonneur\/\" \/>\n<meta property=\"og:site_name\" content=\"AASSDN | Anciens et Amis des Services Sp\u00e9ciaux\" \/>\n<meta property=\"article:published_time\" content=\"2021-10-29T08:00:33+00:00\" \/>\n<meta property=\"article:modified_time\" content=\"2024-03-15T13:05:53+00:00\" \/>\n<meta name=\"author\" content=\"AASSDN\" \/>\n<meta name=\"twitter:card\" content=\"summary_large_image\" \/>\n<meta name=\"twitter:label1\" content=\"\u00c9crit par\" \/>\n\t<meta name=\"twitter:data1\" content=\"AASSDN\" \/>\n\t<meta name=\"twitter:label2\" content=\"Dur\u00e9e de lecture estim\u00e9e\" \/>\n\t<meta name=\"twitter:data2\" content=\"10 minutes\" \/>\n<script type=\"application\/ld+json\" class=\"yoast-schema-graph\">{\"@context\":\"https:\\\/\\\/schema.org\",\"@graph\":[{\"@type\":\"Article\",\"@id\":\"https:\\\/\\\/aassdn.org\\\/amicale\\\/pierre-mondanel-a-recu-les-insignes-de-commandeur-de-la-legion-dhonneur\\\/#article\",\"isPartOf\":{\"@id\":\"https:\\\/\\\/aassdn.org\\\/amicale\\\/pierre-mondanel-a-recu-les-insignes-de-commandeur-de-la-legion-dhonneur\\\/\"},\"author\":{\"name\":\"AASSDN\",\"@id\":\"https:\\\/\\\/aassdn.org\\\/amicale\\\/#\\\/schema\\\/person\\\/73800712a272e6d58a10a86ea9e59671\"},\"headline\":\"Pierre MONDANEL a re\u00e7u les insignes de commandeur de la L\u00e9gion d&#8217;Honneur\",\"datePublished\":\"2021-10-29T08:00:33+00:00\",\"dateModified\":\"2024-03-15T13:05:53+00:00\",\"mainEntityOfPage\":{\"@id\":\"https:\\\/\\\/aassdn.org\\\/amicale\\\/pierre-mondanel-a-recu-les-insignes-de-commandeur-de-la-legion-dhonneur\\\/\"},\"wordCount\":2062,\"publisher\":{\"@id\":\"https:\\\/\\\/aassdn.org\\\/amicale\\\/#organization\"},\"keywords\":[\"Adolf Hitler\",\"Allemands\",\"armement\",\"arrestation\",\"assassinat\",\"Association\",\"attentat\",\"camarade\",\"c\u00e9r\u00e9monie\",\"colonel Paillole\",\"Colonisation\",\"Commandant\",\"Commandeur de la L\u00e9gion d'honneur\",\"complot\",\"courage\",\"d\u00e9c\u00e9d\u00e9\",\"d\u00e9fense\",\"D\u00e9fense Nationale\",\"d\u00e9port\u00e9\",\"discours\",\"ennemi\",\"enqu\u00eate\",\"Europe\",\"fran\u00e7ais\",\"France\",\"G\u00e9n\u00e9ral Louis Rivet\",\"g\u00e9n\u00e9ral Rivet\",\"Gestapo\",\"guerre\",\"histoire\",\"hommage\",\"honneur\",\"journal\",\"L\u00e9gion d'Honneur\",\"Lib\u00e9ration\",\"Londres\",\"lutte\",\"M. Pierre\",\"Marseille\",\"m\u00e9moire\",\"Minist\u00e8re de l'Int\u00e9rieur\",\"New York\",\"Occupation\",\"ordre\",\"organisation\",\"Paris\",\"patrie\",\"Paul paillole\",\"Pr\u00e9sident de la F\u00e9d\u00e9ration des Amicales des R\u00e9seaux de la France Combattante\",\"R\u00e9sistance\",\"r\u00e9sistant\",\"r\u00e9sistants\",\"S.D\",\"Secret\",\"Secr\u00e9taire\",\"Services\",\"services sp\u00e9ciaux\",\"t\u00e9moignage\",\"T\u00e9moignages\",\"v\u00e9rit\u00e9\",\"Vichy\",\"victimes\",\"Village\",\"vision\"],\"articleSection\":[\"Europe de l'Ouest\",\"Extraits de bulletin\",\"G\u00e9n\u00e9ral Louis Rivet\",\"Services allemands\"],\"inLanguage\":\"fr-FR\"},{\"@type\":\"WebPage\",\"@id\":\"https:\\\/\\\/aassdn.org\\\/amicale\\\/pierre-mondanel-a-recu-les-insignes-de-commandeur-de-la-legion-dhonneur\\\/\",\"url\":\"https:\\\/\\\/aassdn.org\\\/amicale\\\/pierre-mondanel-a-recu-les-insignes-de-commandeur-de-la-legion-dhonneur\\\/\",\"name\":\"Pierre MONDANEL a re\u00e7u les insignes de commandeur de la L\u00e9gion d'Honneur | AASSDN | Anciens et Amis des Services Sp\u00e9ciaux\",\"isPartOf\":{\"@id\":\"https:\\\/\\\/aassdn.org\\\/amicale\\\/#website\"},\"datePublished\":\"2021-10-29T08:00:33+00:00\",\"dateModified\":\"2024-03-15T13:05:53+00:00\",\"breadcrumb\":{\"@id\":\"https:\\\/\\\/aassdn.org\\\/amicale\\\/pierre-mondanel-a-recu-les-insignes-de-commandeur-de-la-legion-dhonneur\\\/#breadcrumb\"},\"inLanguage\":\"fr-FR\",\"potentialAction\":[{\"@type\":\"ReadAction\",\"target\":[\"https:\\\/\\\/aassdn.org\\\/amicale\\\/pierre-mondanel-a-recu-les-insignes-de-commandeur-de-la-legion-dhonneur\\\/\"]}]},{\"@type\":\"BreadcrumbList\",\"@id\":\"https:\\\/\\\/aassdn.org\\\/amicale\\\/pierre-mondanel-a-recu-les-insignes-de-commandeur-de-la-legion-dhonneur\\\/#breadcrumb\",\"itemListElement\":[{\"@type\":\"ListItem\",\"position\":1,\"name\":\"Accueil\",\"item\":\"https:\\\/\\\/aassdn.org\\\/amicale\\\/\"},{\"@type\":\"ListItem\",\"position\":2,\"name\":\"Pierre MONDANEL a re\u00e7u les insignes de commandeur de la L\u00e9gion d&#8217;Honneur\"}]},{\"@type\":\"WebSite\",\"@id\":\"https:\\\/\\\/aassdn.org\\\/amicale\\\/#website\",\"url\":\"https:\\\/\\\/aassdn.org\\\/amicale\\\/\",\"name\":\"AASSDN | Anciens et Amis des Services Sp\u00e9ciaux\",\"description\":\"Services sp\u00e9ciaux : Des h\u00e9ros anonymes au service exclusif de la France\",\"publisher\":{\"@id\":\"https:\\\/\\\/aassdn.org\\\/amicale\\\/#organization\"},\"potentialAction\":[{\"@type\":\"SearchAction\",\"target\":{\"@type\":\"EntryPoint\",\"urlTemplate\":\"https:\\\/\\\/aassdn.org\\\/amicale\\\/?s={search_term_string}\"},\"query-input\":{\"@type\":\"PropertyValueSpecification\",\"valueRequired\":true,\"valueName\":\"search_term_string\"}}],\"inLanguage\":\"fr-FR\"},{\"@type\":\"Organization\",\"@id\":\"https:\\\/\\\/aassdn.org\\\/amicale\\\/#organization\",\"name\":\"AASSDN | Anciens et Amis des Services Sp\u00e9ciaux\",\"url\":\"https:\\\/\\\/aassdn.org\\\/amicale\\\/\",\"logo\":{\"@type\":\"ImageObject\",\"inLanguage\":\"fr-FR\",\"@id\":\"https:\\\/\\\/aassdn.org\\\/amicale\\\/#\\\/schema\\\/logo\\\/image\\\/\",\"url\":\"https:\\\/\\\/aassdn.org\\\/amicale\\\/wp-content\\\/uploads\\\/Logo_AASSDN_transparent2.png\",\"contentUrl\":\"https:\\\/\\\/aassdn.org\\\/amicale\\\/wp-content\\\/uploads\\\/Logo_AASSDN_transparent2.png\",\"width\":1832,\"height\":1609,\"caption\":\"AASSDN | Anciens et Amis des Services Sp\u00e9ciaux\"},\"image\":{\"@id\":\"https:\\\/\\\/aassdn.org\\\/amicale\\\/#\\\/schema\\\/logo\\\/image\\\/\"}},{\"@type\":\"Person\",\"@id\":\"https:\\\/\\\/aassdn.org\\\/amicale\\\/#\\\/schema\\\/person\\\/73800712a272e6d58a10a86ea9e59671\",\"name\":\"AASSDN\",\"image\":{\"@type\":\"ImageObject\",\"inLanguage\":\"fr-FR\",\"@id\":\"https:\\\/\\\/secure.gravatar.com\\\/avatar\\\/9653808d17788562e72d77e426d8d02775774239aefd00a9b4e852423d8e9d7e?s=96&d=mm&r=g\",\"url\":\"https:\\\/\\\/secure.gravatar.com\\\/avatar\\\/9653808d17788562e72d77e426d8d02775774239aefd00a9b4e852423d8e9d7e?s=96&d=mm&r=g\",\"contentUrl\":\"https:\\\/\\\/secure.gravatar.com\\\/avatar\\\/9653808d17788562e72d77e426d8d02775774239aefd00a9b4e852423d8e9d7e?s=96&d=mm&r=g\",\"caption\":\"AASSDN\"},\"sameAs\":[\"https:\\\/\\\/aassdn.org\\\/amicale\"],\"url\":\"https:\\\/\\\/aassdn.org\\\/amicale\\\/author\\\/wordpress\\\/\"}]}<\/script>\n<!-- \/ Yoast SEO plugin. -->","yoast_head_json":{"title":"Pierre MONDANEL a re\u00e7u les insignes de commandeur de la L\u00e9gion d'Honneur | AASSDN | Anciens et Amis des Services Sp\u00e9ciaux","robots":{"index":"index","follow":"follow","max-snippet":"max-snippet:-1","max-image-preview":"max-image-preview:large","max-video-preview":"max-video-preview:-1"},"canonical":"https:\/\/aassdn.org\/amicale\/pierre-mondanel-a-recu-les-insignes-de-commandeur-de-la-legion-dhonneur\/","og_locale":"fr_FR","og_type":"article","og_title":"Pierre MONDANEL a re\u00e7u les insignes de commandeur de la L\u00e9gion d'Honneur | AASSDN | Anciens et Amis des Services Sp\u00e9ciaux","og_description":"Une grande joie et un grand honneur pour notre Association : M. Pierre MONDANEL a re\u00e7u les insignes de commandeur de la L\u00e9gion d&#8217;Honneur L&#8217;historique court de l&#8217;H\u00f4tel de Ville de PONT-DU-CHATEAU servait de cadre, samedi 24 Mars 1973, \u00e0 une c\u00e9r\u00e9monie en l&#8217;honneur d&#8217;un illustre enfant du pays, M. Pierre MONDANEL, Directeur honoraire au [&hellip;]","og_url":"https:\/\/aassdn.org\/amicale\/pierre-mondanel-a-recu-les-insignes-de-commandeur-de-la-legion-dhonneur\/","og_site_name":"AASSDN | Anciens et Amis des Services Sp\u00e9ciaux","article_published_time":"2021-10-29T08:00:33+00:00","article_modified_time":"2024-03-15T13:05:53+00:00","author":"AASSDN","twitter_card":"summary_large_image","twitter_misc":{"\u00c9crit par":"AASSDN","Dur\u00e9e de lecture estim\u00e9e":"10 minutes"},"schema":{"@context":"https:\/\/schema.org","@graph":[{"@type":"Article","@id":"https:\/\/aassdn.org\/amicale\/pierre-mondanel-a-recu-les-insignes-de-commandeur-de-la-legion-dhonneur\/#article","isPartOf":{"@id":"https:\/\/aassdn.org\/amicale\/pierre-mondanel-a-recu-les-insignes-de-commandeur-de-la-legion-dhonneur\/"},"author":{"name":"AASSDN","@id":"https:\/\/aassdn.org\/amicale\/#\/schema\/person\/73800712a272e6d58a10a86ea9e59671"},"headline":"Pierre MONDANEL a re\u00e7u les insignes de commandeur de la L\u00e9gion d&#8217;Honneur","datePublished":"2021-10-29T08:00:33+00:00","dateModified":"2024-03-15T13:05:53+00:00","mainEntityOfPage":{"@id":"https:\/\/aassdn.org\/amicale\/pierre-mondanel-a-recu-les-insignes-de-commandeur-de-la-legion-dhonneur\/"},"wordCount":2062,"publisher":{"@id":"https:\/\/aassdn.org\/amicale\/#organization"},"keywords":["Adolf Hitler","Allemands","armement","arrestation","assassinat","Association","attentat","camarade","c\u00e9r\u00e9monie","colonel Paillole","Colonisation","Commandant","Commandeur de la L\u00e9gion d'honneur","complot","courage","d\u00e9c\u00e9d\u00e9","d\u00e9fense","D\u00e9fense Nationale","d\u00e9port\u00e9","discours","ennemi","enqu\u00eate","Europe","fran\u00e7ais","France","G\u00e9n\u00e9ral Louis Rivet","g\u00e9n\u00e9ral Rivet","Gestapo","guerre","histoire","hommage","honneur","journal","L\u00e9gion d'Honneur","Lib\u00e9ration","Londres","lutte","M. Pierre","Marseille","m\u00e9moire","Minist\u00e8re de l'Int\u00e9rieur","New York","Occupation","ordre","organisation","Paris","patrie","Paul paillole","Pr\u00e9sident de la F\u00e9d\u00e9ration des Amicales des R\u00e9seaux de la France Combattante","R\u00e9sistance","r\u00e9sistant","r\u00e9sistants","S.D","Secret","Secr\u00e9taire","Services","services sp\u00e9ciaux","t\u00e9moignage","T\u00e9moignages","v\u00e9rit\u00e9","Vichy","victimes","Village","vision"],"articleSection":["Europe de l'Ouest","Extraits de bulletin","G\u00e9n\u00e9ral Louis Rivet","Services allemands"],"inLanguage":"fr-FR"},{"@type":"WebPage","@id":"https:\/\/aassdn.org\/amicale\/pierre-mondanel-a-recu-les-insignes-de-commandeur-de-la-legion-dhonneur\/","url":"https:\/\/aassdn.org\/amicale\/pierre-mondanel-a-recu-les-insignes-de-commandeur-de-la-legion-dhonneur\/","name":"Pierre MONDANEL a re\u00e7u les insignes de commandeur de la L\u00e9gion d'Honneur | AASSDN | Anciens et Amis des Services Sp\u00e9ciaux","isPartOf":{"@id":"https:\/\/aassdn.org\/amicale\/#website"},"datePublished":"2021-10-29T08:00:33+00:00","dateModified":"2024-03-15T13:05:53+00:00","breadcrumb":{"@id":"https:\/\/aassdn.org\/amicale\/pierre-mondanel-a-recu-les-insignes-de-commandeur-de-la-legion-dhonneur\/#breadcrumb"},"inLanguage":"fr-FR","potentialAction":[{"@type":"ReadAction","target":["https:\/\/aassdn.org\/amicale\/pierre-mondanel-a-recu-les-insignes-de-commandeur-de-la-legion-dhonneur\/"]}]},{"@type":"BreadcrumbList","@id":"https:\/\/aassdn.org\/amicale\/pierre-mondanel-a-recu-les-insignes-de-commandeur-de-la-legion-dhonneur\/#breadcrumb","itemListElement":[{"@type":"ListItem","position":1,"name":"Accueil","item":"https:\/\/aassdn.org\/amicale\/"},{"@type":"ListItem","position":2,"name":"Pierre MONDANEL a re\u00e7u les insignes de commandeur de la L\u00e9gion d&#8217;Honneur"}]},{"@type":"WebSite","@id":"https:\/\/aassdn.org\/amicale\/#website","url":"https:\/\/aassdn.org\/amicale\/","name":"AASSDN | Anciens et Amis des Services Sp\u00e9ciaux","description":"Services sp\u00e9ciaux : Des h\u00e9ros anonymes au service exclusif de la France","publisher":{"@id":"https:\/\/aassdn.org\/amicale\/#organization"},"potentialAction":[{"@type":"SearchAction","target":{"@type":"EntryPoint","urlTemplate":"https:\/\/aassdn.org\/amicale\/?s={search_term_string}"},"query-input":{"@type":"PropertyValueSpecification","valueRequired":true,"valueName":"search_term_string"}}],"inLanguage":"fr-FR"},{"@type":"Organization","@id":"https:\/\/aassdn.org\/amicale\/#organization","name":"AASSDN | Anciens et Amis des Services Sp\u00e9ciaux","url":"https:\/\/aassdn.org\/amicale\/","logo":{"@type":"ImageObject","inLanguage":"fr-FR","@id":"https:\/\/aassdn.org\/amicale\/#\/schema\/logo\/image\/","url":"https:\/\/aassdn.org\/amicale\/wp-content\/uploads\/Logo_AASSDN_transparent2.png","contentUrl":"https:\/\/aassdn.org\/amicale\/wp-content\/uploads\/Logo_AASSDN_transparent2.png","width":1832,"height":1609,"caption":"AASSDN | Anciens et Amis des Services Sp\u00e9ciaux"},"image":{"@id":"https:\/\/aassdn.org\/amicale\/#\/schema\/logo\/image\/"}},{"@type":"Person","@id":"https:\/\/aassdn.org\/amicale\/#\/schema\/person\/73800712a272e6d58a10a86ea9e59671","name":"AASSDN","image":{"@type":"ImageObject","inLanguage":"fr-FR","@id":"https:\/\/secure.gravatar.com\/avatar\/9653808d17788562e72d77e426d8d02775774239aefd00a9b4e852423d8e9d7e?s=96&d=mm&r=g","url":"https:\/\/secure.gravatar.com\/avatar\/9653808d17788562e72d77e426d8d02775774239aefd00a9b4e852423d8e9d7e?s=96&d=mm&r=g","contentUrl":"https:\/\/secure.gravatar.com\/avatar\/9653808d17788562e72d77e426d8d02775774239aefd00a9b4e852423d8e9d7e?s=96&d=mm&r=g","caption":"AASSDN"},"sameAs":["https:\/\/aassdn.org\/amicale"],"url":"https:\/\/aassdn.org\/amicale\/author\/wordpress\/"}]}},"_links":{"self":[{"href":"https:\/\/aassdn.org\/amicale\/wp-json\/wp\/v2\/posts\/2526","targetHints":{"allow":["GET"]}}],"collection":[{"href":"https:\/\/aassdn.org\/amicale\/wp-json\/wp\/v2\/posts"}],"about":[{"href":"https:\/\/aassdn.org\/amicale\/wp-json\/wp\/v2\/types\/post"}],"author":[{"embeddable":true,"href":"https:\/\/aassdn.org\/amicale\/wp-json\/wp\/v2\/users\/1"}],"replies":[{"embeddable":true,"href":"https:\/\/aassdn.org\/amicale\/wp-json\/wp\/v2\/comments?post=2526"}],"version-history":[{"count":0,"href":"https:\/\/aassdn.org\/amicale\/wp-json\/wp\/v2\/posts\/2526\/revisions"}],"wp:attachment":[{"href":"https:\/\/aassdn.org\/amicale\/wp-json\/wp\/v2\/media?parent=2526"}],"wp:term":[{"taxonomy":"category","embeddable":true,"href":"https:\/\/aassdn.org\/amicale\/wp-json\/wp\/v2\/categories?post=2526"},{"taxonomy":"post_tag","embeddable":true,"href":"https:\/\/aassdn.org\/amicale\/wp-json\/wp\/v2\/tags?post=2526"}],"curies":[{"name":"wp","href":"https:\/\/api.w.org\/{rel}","templated":true}]}}