{"id":2523,"date":"2021-10-29T10:00:33","date_gmt":"2021-10-29T08:00:33","guid":{"rendered":"https:\/\/aassdn.org\/amicale\/hommage-a-georges-bourguignon-un-belge-au-service-de-la-france\/"},"modified":"2024-03-15T14:05:50","modified_gmt":"2024-03-15T13:05:50","slug":"hommage-a-georges-bourguignon-un-belge-au-service-de-la-france","status":"publish","type":"post","link":"https:\/\/aassdn.org\/amicale\/hommage-a-georges-bourguignon-un-belge-au-service-de-la-france\/","title":{"rendered":"Hommage \u00e0 Georges Bourguignon : un belge au service de la France"},"content":{"rendered":"<p class=\"Style28 Style29\" align=\"justify\">Charg\u00e9 de mission du S.R. Air P3\/Av des Services Sp\u00e9ciaux de la D\u00e9fense Nationale (1941-1944), Georges Bourguignon est n\u00e9 \u00e0 Dison en Belgique, pr\u00e8s de Verviers, le 23 avril 1920.<\/p>\n<p class=\"Style28 Style29\" align=\"justify\">Parfaitement bilingue (allemand-fran\u00e7ais), Georges est amen\u00e9, avec un de se fr\u00e8res, \u00e0 franchir par erreur la fronti\u00e8re, Belgo-Allemande dans le d\u00e9but de l\u2019ann\u00e9e 1939. Arr\u00eat\u00e9s, tous deux, ils constatent l\u2019impressionnant \u00e9tat de pr\u00e9paration de l\u2019Arm\u00e9e allemande.<\/p>\n<p class=\"Style28 Style29\" align=\"justify\">Mai-juin 1940, fuyant devant l\u2019invasion nazie, ils parviennent jusque dans le d\u00e9partement de l\u2019Ari\u00e8ge. L\u00e0, en sa qualit\u00e9 de \u201cChef Scout \u201c, Georges encadre un groupe de jeunes belges destin\u00e9s \u00e0 \u00eatre incorpor\u00e9s.<\/p>\n<p class=\"Style28 Style29\" align=\"justify\">Apr\u00e8s la fin des hostilit\u00e9s, la famille, rejoint, son domicile en Belgique et en janvier 1941, Georges Bourguignon d\u00e9cide de tenter de joindre ceux qui combattent aupr\u00e8s des Britanniques. Avec deux camarades, il franchit clandestinement la fronti\u00e8re Belgique-France interdite, celle de la zone interdite-zone occup\u00e9e, puis celle de la zone occup\u00e9e- zone libre. II rejoint l\u2019Ari\u00e8ge o\u00f9 il a des connaissances, puis Limoges o\u00f9 il rencontre des compatriotes qui semblent avoir d\u2019\u00e9tranges activit\u00e9s, puis tente sa chance \u00e0 Toulouse. Mais ses efforts pour trouver une fili\u00e8re de passage vers l\u2019Espagne \u00e9chouent.<\/p>\n<p class=\"Style28 Style29\" align=\"justify\">Finalement, il est arr\u00eat\u00e9 par la police de Vichy, et envoy\u00e9 dans un camp de rassemblement o\u00f9 s\u00e9journent d\u00e9j\u00e0 des r\u00e9fugi\u00e9s r\u00e9publicains espagnols. Il s\u2019en \u00e9vade et d\u00e9cide de revenir \u00e0 Limoges pour retrouver ces myst\u00e9rieux belges&#8230; Mais ceux-ci sont introuvables&#8230; Par contre, il fait la connaissance d\u2019un breton, Fernand Drouin, qui lui donne une fili\u00e8re d\u2019\u00e9vacuation par voie maritime, vers l\u2019Angleterre, au d\u00e9part de La Rochelle.<\/p>\n<p class=\"Style28 Style29\" align=\"justify\">Apr\u00e8s un nouveau franchissement de la ligne de d\u00e9marcation, il parvient dans ce port, pour apprendre l\u2019arrestation de son contact puis retourne \u00e0 Limoges o\u00f9 Fernand Drouin, alias \u201cLe Grenadier \u201c, s\u2019av\u00e8rera \u00eatre, un des premiers agents clandestins, du Poste S.R. Air de Limoges (P3\/Av). Apr\u00e8s quelques missions en zone occup\u00e9e pour le tester, Drouin le pr\u00e9sente au Capitaine Bou\u00e9, un des Officiers traitants du Poste.<\/p>\n<p class=\"Style28 Style29\" align=\"justify\">En mars 1941, Bourguignon est incorpor\u00e9 au S.R. Air. Il effectue des missions ponctuelles en territoire occup\u00e9, poussant des missions de liaison jusqu\u2019en Belgique, sous la direction d\u2019un officier belge de P3 Av, (Willy de Maeyer) puis sous les ordres directs du capitaine Bou\u00e9.<\/p>\n<p class=\"Style28 Style29\" align=\"justify\">En avril 1941, il est charg\u00e9 de v\u00e9rifier l\u2019infrastructure de la Luftwaffe dans le Nord-Ouest de la France, particuli\u00e8rement en zone interdite (Nord, Pas-de-Calais, Somme, Aisne, Marne et Belgique du Sud-Ouest).<\/p>\n<p class=\"Style28 Style29\" align=\"justify\">C\u2019est ainsi qu\u2019il parvient \u00e0 Laon, si\u00e8ge d\u2019un important dispositif de l\u2019aviation allemande, et y fonde gr\u00e2ce \u00e0 l\u2019aide de Paul Berthe, de sa famille et de ses amis, un important r\u00e9seau qui tiendra jusqu\u2019\u00e0 la lib\u00e9ration, apportant un flot de renseignements sur la forte concentration de l\u2019Arm\u00e9e d\u2019occupation (terrains d\u2019aviation, d\u00e9p\u00f4ts, base de lancement d\u2019armes sp\u00e9ciales) dans cette r\u00e9gion du Nord-Ouest.<\/p>\n<p class=\"Style28 Style29\" align=\"justify\">Bourguignon assure le recueil et le transport des renseignements entre la zone interdite et le poste P3 Av de Limoges, tous les quinze jours, apr\u00e8s franchissement clandestin des diff\u00e9rentes lignes de d\u00e9marcation et ce, jusqu\u2019\u00e0 la fin novembre 1942&#8230;!<\/p>\n<p class=\"Style28 Style29\" align=\"justify\">Arr\u00eat\u00e9 une premi\u00e8re fois au passage de la ligne interdite \u00e0 Vauxaillon dans l\u2019Aisne en octobre 1941, il purge 15 jours de cellule \u00e0 la prison de Laon. Le 8 novembre 1942, revenant de mission, il apprend que son Officier traitant est parti pour l\u2019A.F.N. Bourguignon n\u2019a aucune consigne et pas d\u2019argent. Il repart vers le Nord, o\u00f9 il met en sommeil ses agents et son r\u00e9seau de Laon et le 12 novembre 1942, va s\u2019abriter dans sa famille en Belgique.<\/p>\n<p class=\"Style28 Style29\" align=\"justify\">En f\u00e9vrier 1943, il se d\u00e9cide \u00e0 aller voir un agent aupr\u00e8s duquel il avait effectu\u00e9, auparavant, des missions de liaisons et qui demeure dans la r\u00e9gion parisienne. Il s\u2019agit de Jean Viaud, Capitaine de l\u2019Arm\u00e9e de l\u2019Air qui a nou\u00e9 des contacts avec d\u2019autres organisations dont le r\u00e9seau belge \u201c Z\u00e9ro France \u201c mais surtout \u201c Turma Vengeance \u201d une organisation en liaison avec le B.C.R.A. Les informateurs et le r\u00e9seau de Laon sont r\u00e9activ\u00e9s.<\/p>\n<p class=\"Style28 Style29\" align=\"justify\">Un mois plus tard, Andr\u00e9 Duthilleul est charg\u00e9 de r\u00e9animer les r\u00e9seaux du S.R. Air, et de reprendre contact avec les agents laiss\u00e9s en France avec quelques consignes d\u2019attente (Philouze-Gervais). Viaud et Bourguignon sont remis en liaison avec le S.R. Air qui a ranim\u00e9 ses r\u00e9seaux. Une p\u00e9riode floue s\u2019instaure car Viaud, gardant quelques rancunes \u00e0 ses premiers chefs, ne veut pas rompre avec ses amis de Turma Vengeance.<\/p>\n<p class=\"Style28 Style29\" align=\"justify\">Le 30 avril 1943, Viaud est arr\u00eat\u00e9 par les Allemands et r\u00e9ussit aussit\u00f4t une \u00e9vasion spectaculaire. Il doit, contre son gr\u00e9, se mettre au vert, et c\u2019est Bourguignon qui reprend en plus de son propre r\u00e9seau de Laon, la direction du secteur de Paris et des r\u00e9seaux nouvellement cr\u00e9\u00e9s de Troyes, de Bretagne et de Normandie.<\/p>\n<p class=\"Style28 Style29\" align=\"justify\">Le 7 ao\u00fbt 1943, Bourguignon \u00e9chappe de justesse \u00e0 une arrestation, le poste Directeur de Londres d\u00e9cide de l\u2019\u00e9vacuer avec Viaud, dans la nuit du 21 ao\u00fbt 1943 par une op\u00e9ration Pick-Up. D\u00e8s son arriv\u00e9e en Angleterre, il suit les stages de l\u2019I.S., passe son brevet de parachutiste et est accr\u00e9dit\u00e9 \u201cagent d\u2019op\u00e9ration a\u00e9rienne \u201c.<\/p>\n<p class=\"Style28 Style29\" align=\"justify\">Le 19 octobre 1943, ses vieux amis de Laon, le r\u00e9ceptionnent ainsi que son radio Sinturel, sur leur terrain de parachutage. Bourguignon doit monter un r\u00e9seau dans le Sud de la France. Malheureusement deux jours apr\u00e8s, le 21 octobre 1943, alors qu\u2019ils se retrouvent au rendez-vous fix\u00e9 dans un caf\u00e9 pr\u00e8s de Saint-Germain-des-Pr\u00e9s, ils sont interpell\u00e9s par des policiers allemands.<\/p>\n<p class=\"Style28 Style29\" align=\"justify\">Tous deux prennent la fuite. Le radio, g\u00ean\u00e9 par sa valise, est vite repris, tandis que Bourguignon malgr\u00e9 une balle dans le talon, r\u00e9ussit \u00e0 se cacher dans la cave d\u2019un immeuble. Sinturel, le radio, reviendra de d\u00e9portation. Bourguignon est rappel\u00e9 \u00e0 Londres et \u00e0 nouveau r\u00e9cup\u00e9r\u00e9 par une op\u00e9ration Lysander, le 12 novembre 1943. Il est affect\u00e9, jusqu\u2019au d\u00e9barquement alli\u00e9 en Normandie, au poste central S.R. Air de Caxton Street \u00e0 Londres, surnomm\u00e9 \u201c Dunderdale Circus \u201c.<\/p>\n<p class=\"Style28 Style29\" align=\"justify\">II participe \u00e0 la campagne de France comme Officier de liaison, puis est remis \u00e0 la disposition du Commandement Militaire Belge. Charg\u00e9 de mission, il participe \u00e0 l\u2019occupation en Allemagne avec rang de Capitaine de l\u2019Arm\u00e9e belge. Il est titulaire de d\u00e9corations belges et fran\u00e7aises, dont celle de Chevalier de L\u00e9gion d\u2019Honneur.<\/p>\n<p class=\"Style28 Style29\" align=\"justify\">II se marie avec Anne-Marie de Roeck, alors danseuse \u00e9toile de l\u2019Op\u00e9ra de Bruxelles, elle aussi, ancienne valeureuse r\u00e9sistante \u00e0 l\u2019occupant. Apr\u00e8s une carri\u00e8re au Congo belge et une autre comme chef d\u2019entreprise en Belgique, il se retire, en France, pr\u00e8s de son vieil ami de la r\u00e9sistance et chef du r\u00e9seau de Laon, Paul Berthe, \u00e0 Cabri\u00e8s pr\u00e8s de Aix-en-Provence.<\/p>\n<p class=\"Style28 Style29\" align=\"justify\">Autant Belge que Fran\u00e7ais, revivant intens\u00e9ment et avec ferveur le pass\u00e9 de la r\u00e9sistance, Georges Bourguignon \u00e9tait un membre fid\u00e8le des associations patriotiques dont la Fraternelle des parachutistes belges et l&#8217; A.A.S.S.D.N. Il assura durant de nombreuses ann\u00e9es, la pr\u00e9sidence \u201c de la Fraternelle des Anciens Combattants de Cabri\u00e8s \u201d o\u00f9 il se d\u00e9voua sans compter.<\/p>\n<p class=\"Style28 Style29\" align=\"justify\">En 1994, son \u00e9tat de sant\u00e9, l\u2019obligera \u00e0 renoncer \u00e0 ses fonctions. Georges Bourguignon s\u2019est \u00e9teint le 25 novembre 1995, \u00e0 l\u2019H\u00f4pital Erasme de Bruxelles. Apr\u00e8s une absoute c\u00e9l\u00e9br\u00e9e \u00e0 Bruxelles, une c\u00e9r\u00e9monie fun\u00e8bre s\u2019est d\u00e9roul\u00e9e \u00e0 Cabri\u00e8s, son lieu de r\u00e9sidence dont il a d\u00e9j\u00e0 \u00e9t\u00e9 rendu compte. Il est inhum\u00e9 au cimeti\u00e8re de Mirabel, pr\u00e8s de Montauban.<\/p>\n<div class=\"pdfprnt-buttons pdfprnt-buttons-post pdfprnt-bottom-right\"><a href=\"https:\/\/aassdn.org\/amicale\/wp-json\/wp\/v2\/posts\/2523?print=pdf\" class=\"pdfprnt-button pdfprnt-button-pdf\" target=\"_blank\" ><img decoding=\"async\" data-src=\"https:\/\/aassdn.org\/amicale\/wp-content\/plugins\/pdf-print\/images\/pdf.png\" alt=\"image_pdf\" title=\"Afficher le PDF\" src=\"data:image\/svg+xml;base64,PHN2ZyB3aWR0aD0iMSIgaGVpZ2h0PSIxIiB4bWxucz0iaHR0cDovL3d3dy53My5vcmcvMjAwMC9zdmciPjwvc3ZnPg==\" class=\"lazyload\" style=\"--smush-placeholder-width: 32px; --smush-placeholder-aspect-ratio: 32\/32;\" \/><\/a><a href=\"https:\/\/aassdn.org\/amicale\/wp-json\/wp\/v2\/posts\/2523?print=print\" class=\"pdfprnt-button pdfprnt-button-print\" target=\"_blank\" ><\/a><\/div>","protected":false},"excerpt":{"rendered":"<p>Charg\u00e9 de mission du S.R. Air P3\/Av des Services Sp\u00e9ciaux de la D\u00e9fense Nationale (1941-1944), Georges Bourguignon est n\u00e9 \u00e0 Dison en Belgique, pr\u00e8s de Verviers, le 23 avril 1920. Parfaitement bilingue (allemand-fran\u00e7ais), Georges est amen\u00e9, avec un de se fr\u00e8res, \u00e0 franchir par erreur la fronti\u00e8re, Belgo-Allemande dans le d\u00e9but de l\u2019ann\u00e9e 1939. Arr\u00eat\u00e9s, [&hellip;]<\/p>\n","protected":false},"author":1,"featured_media":0,"comment_status":"closed","ping_status":"open","sticky":false,"template":"","format":"standard","meta":{"_acf_changed":false,"footnotes":""},"categories":[76,114,79,102,106,99],"tags":[526,293,360,828,825,263,571,688,498,456,654,425,614,206,307,685,824,645,591,803,419,822,508,324,792,544,736,734,713,653,748,617,759,262,214,664,697,684,667,416,689,666],"class_list":["post-2523","post","type-post","status-publish","format-standard","hentry","category-1939-1945-2eme-guerre-mondiale","category-europe-de-louest","category-extraits-de-bulletin","category-hommages-et-discours","category-renseignement","category-services-allemands","tag-agents","tag-allemagne","tag-allemands","tag-armee","tag-arrestation","tag-aviation","tag-b-c-r-a","tag-belgique","tag-bretagne","tag-camarade","tag-ceremonie","tag-clandestin","tag-danseuse","tag-debarquement","tag-defense","tag-defense-nationale","tag-deportation","tag-hommage","tag-honneur","tag-invasion","tag-liberation","tag-ligne-de-demarcation","tag-londres","tag-militaire","tag-mission","tag-occupation","tag-officier","tag-ordre","tag-organisation","tag-parachutistes","tag-paris","tag-prison","tag-refugies","tag-renseignement","tag-resistance","tag-resistant","tag-s-d","tag-s-r-air","tag-services","tag-services-speciaux","tag-verviers","tag-vichy"],"acf":[],"yoast_head":"<!-- This site is optimized with the Yoast SEO plugin v27.4 - https:\/\/yoast.com\/product\/yoast-seo-wordpress\/ -->\n<title>Hommage \u00e0 Georges Bourguignon : un belge au service de la France | AASSDN | Anciens et Amis des Services Sp\u00e9ciaux<\/title>\n<meta name=\"robots\" content=\"index, follow, max-snippet:-1, max-image-preview:large, max-video-preview:-1\" \/>\n<link rel=\"canonical\" href=\"https:\/\/aassdn.org\/amicale\/hommage-a-georges-bourguignon-un-belge-au-service-de-la-france\/\" \/>\n<meta property=\"og:locale\" content=\"fr_FR\" \/>\n<meta property=\"og:type\" content=\"article\" \/>\n<meta property=\"og:title\" content=\"Hommage \u00e0 Georges Bourguignon : un belge au service de la France | AASSDN | Anciens et Amis des Services Sp\u00e9ciaux\" \/>\n<meta property=\"og:description\" content=\"Charg\u00e9 de mission du S.R. Air P3\/Av des Services Sp\u00e9ciaux de la D\u00e9fense Nationale (1941-1944), Georges Bourguignon est n\u00e9 \u00e0 Dison en Belgique, pr\u00e8s de Verviers, le 23 avril 1920. Parfaitement bilingue (allemand-fran\u00e7ais), Georges est amen\u00e9, avec un de se fr\u00e8res, \u00e0 franchir par erreur la fronti\u00e8re, Belgo-Allemande dans le d\u00e9but de l\u2019ann\u00e9e 1939. Arr\u00eat\u00e9s, [&hellip;]\" \/>\n<meta property=\"og:url\" content=\"https:\/\/aassdn.org\/amicale\/hommage-a-georges-bourguignon-un-belge-au-service-de-la-france\/\" \/>\n<meta property=\"og:site_name\" content=\"AASSDN | Anciens et Amis des Services Sp\u00e9ciaux\" \/>\n<meta property=\"article:published_time\" content=\"2021-10-29T08:00:33+00:00\" \/>\n<meta property=\"article:modified_time\" content=\"2024-03-15T13:05:50+00:00\" \/>\n<meta name=\"author\" content=\"AASSDN\" \/>\n<meta name=\"twitter:card\" content=\"summary_large_image\" \/>\n<meta name=\"twitter:label1\" content=\"\u00c9crit par\" \/>\n\t<meta name=\"twitter:data1\" content=\"AASSDN\" \/>\n\t<meta name=\"twitter:label2\" content=\"Dur\u00e9e de lecture estim\u00e9e\" \/>\n\t<meta name=\"twitter:data2\" content=\"7 minutes\" \/>\n<script type=\"application\/ld+json\" class=\"yoast-schema-graph\">{\"@context\":\"https:\\\/\\\/schema.org\",\"@graph\":[{\"@type\":\"Article\",\"@id\":\"https:\\\/\\\/aassdn.org\\\/amicale\\\/hommage-a-georges-bourguignon-un-belge-au-service-de-la-france\\\/#article\",\"isPartOf\":{\"@id\":\"https:\\\/\\\/aassdn.org\\\/amicale\\\/hommage-a-georges-bourguignon-un-belge-au-service-de-la-france\\\/\"},\"author\":{\"name\":\"AASSDN\",\"@id\":\"https:\\\/\\\/aassdn.org\\\/amicale\\\/#\\\/schema\\\/person\\\/73800712a272e6d58a10a86ea9e59671\"},\"headline\":\"Hommage \u00e0 Georges Bourguignon : un belge au service de la France\",\"datePublished\":\"2021-10-29T08:00:33+00:00\",\"dateModified\":\"2024-03-15T13:05:50+00:00\",\"mainEntityOfPage\":{\"@id\":\"https:\\\/\\\/aassdn.org\\\/amicale\\\/hommage-a-georges-bourguignon-un-belge-au-service-de-la-france\\\/\"},\"wordCount\":1355,\"publisher\":{\"@id\":\"https:\\\/\\\/aassdn.org\\\/amicale\\\/#organization\"},\"keywords\":[\"agents\",\"Allemagne\",\"Allemands\",\"Arm\u00e9e\",\"arrestation\",\"Aviation\",\"B.C.R.A\",\"Belgique\",\"Bretagne\",\"camarade\",\"c\u00e9r\u00e9monie\",\"clandestin\",\"Danseuse\",\"d\u00e9barquement\",\"d\u00e9fense\",\"D\u00e9fense Nationale\",\"d\u00e9portation\",\"hommage\",\"honneur\",\"invasion\",\"Lib\u00e9ration\",\"Ligne de d\u00e9marcation\",\"Londres\",\"militaire\",\"mission\",\"Occupation\",\"Officier\",\"ordre\",\"organisation\",\"parachutistes\",\"Paris\",\"Prison\",\"r\u00e9fugi\u00e9s\",\"Renseignement\",\"R\u00e9sistance\",\"r\u00e9sistant\",\"S.D\",\"S.R. Air\",\"Services\",\"services sp\u00e9ciaux\",\"Verviers\",\"Vichy\"],\"articleSection\":[\"2\u00e8me Guerre Mondiale (1939-1945)\",\"Europe de l'Ouest\",\"Extraits de bulletin\",\"Hommages et discours\",\"Renseignement\",\"Services allemands\"],\"inLanguage\":\"fr-FR\"},{\"@type\":\"WebPage\",\"@id\":\"https:\\\/\\\/aassdn.org\\\/amicale\\\/hommage-a-georges-bourguignon-un-belge-au-service-de-la-france\\\/\",\"url\":\"https:\\\/\\\/aassdn.org\\\/amicale\\\/hommage-a-georges-bourguignon-un-belge-au-service-de-la-france\\\/\",\"name\":\"Hommage \u00e0 Georges Bourguignon : un belge au service de la France | AASSDN | Anciens et Amis des Services Sp\u00e9ciaux\",\"isPartOf\":{\"@id\":\"https:\\\/\\\/aassdn.org\\\/amicale\\\/#website\"},\"datePublished\":\"2021-10-29T08:00:33+00:00\",\"dateModified\":\"2024-03-15T13:05:50+00:00\",\"breadcrumb\":{\"@id\":\"https:\\\/\\\/aassdn.org\\\/amicale\\\/hommage-a-georges-bourguignon-un-belge-au-service-de-la-france\\\/#breadcrumb\"},\"inLanguage\":\"fr-FR\",\"potentialAction\":[{\"@type\":\"ReadAction\",\"target\":[\"https:\\\/\\\/aassdn.org\\\/amicale\\\/hommage-a-georges-bourguignon-un-belge-au-service-de-la-france\\\/\"]}]},{\"@type\":\"BreadcrumbList\",\"@id\":\"https:\\\/\\\/aassdn.org\\\/amicale\\\/hommage-a-georges-bourguignon-un-belge-au-service-de-la-france\\\/#breadcrumb\",\"itemListElement\":[{\"@type\":\"ListItem\",\"position\":1,\"name\":\"Accueil\",\"item\":\"https:\\\/\\\/aassdn.org\\\/amicale\\\/\"},{\"@type\":\"ListItem\",\"position\":2,\"name\":\"Hommage \u00e0 Georges Bourguignon : un belge au service de la France\"}]},{\"@type\":\"WebSite\",\"@id\":\"https:\\\/\\\/aassdn.org\\\/amicale\\\/#website\",\"url\":\"https:\\\/\\\/aassdn.org\\\/amicale\\\/\",\"name\":\"AASSDN | Anciens et Amis des Services Sp\u00e9ciaux\",\"description\":\"Services sp\u00e9ciaux : Des h\u00e9ros anonymes au service exclusif de la France\",\"publisher\":{\"@id\":\"https:\\\/\\\/aassdn.org\\\/amicale\\\/#organization\"},\"potentialAction\":[{\"@type\":\"SearchAction\",\"target\":{\"@type\":\"EntryPoint\",\"urlTemplate\":\"https:\\\/\\\/aassdn.org\\\/amicale\\\/?s={search_term_string}\"},\"query-input\":{\"@type\":\"PropertyValueSpecification\",\"valueRequired\":true,\"valueName\":\"search_term_string\"}}],\"inLanguage\":\"fr-FR\"},{\"@type\":\"Organization\",\"@id\":\"https:\\\/\\\/aassdn.org\\\/amicale\\\/#organization\",\"name\":\"AASSDN | Anciens et Amis des Services Sp\u00e9ciaux\",\"url\":\"https:\\\/\\\/aassdn.org\\\/amicale\\\/\",\"logo\":{\"@type\":\"ImageObject\",\"inLanguage\":\"fr-FR\",\"@id\":\"https:\\\/\\\/aassdn.org\\\/amicale\\\/#\\\/schema\\\/logo\\\/image\\\/\",\"url\":\"https:\\\/\\\/aassdn.org\\\/amicale\\\/wp-content\\\/uploads\\\/Logo_AASSDN_transparent2.png\",\"contentUrl\":\"https:\\\/\\\/aassdn.org\\\/amicale\\\/wp-content\\\/uploads\\\/Logo_AASSDN_transparent2.png\",\"width\":1832,\"height\":1609,\"caption\":\"AASSDN | Anciens et Amis des Services Sp\u00e9ciaux\"},\"image\":{\"@id\":\"https:\\\/\\\/aassdn.org\\\/amicale\\\/#\\\/schema\\\/logo\\\/image\\\/\"}},{\"@type\":\"Person\",\"@id\":\"https:\\\/\\\/aassdn.org\\\/amicale\\\/#\\\/schema\\\/person\\\/73800712a272e6d58a10a86ea9e59671\",\"name\":\"AASSDN\",\"image\":{\"@type\":\"ImageObject\",\"inLanguage\":\"fr-FR\",\"@id\":\"https:\\\/\\\/secure.gravatar.com\\\/avatar\\\/9653808d17788562e72d77e426d8d02775774239aefd00a9b4e852423d8e9d7e?s=96&d=mm&r=g\",\"url\":\"https:\\\/\\\/secure.gravatar.com\\\/avatar\\\/9653808d17788562e72d77e426d8d02775774239aefd00a9b4e852423d8e9d7e?s=96&d=mm&r=g\",\"contentUrl\":\"https:\\\/\\\/secure.gravatar.com\\\/avatar\\\/9653808d17788562e72d77e426d8d02775774239aefd00a9b4e852423d8e9d7e?s=96&d=mm&r=g\",\"caption\":\"AASSDN\"},\"sameAs\":[\"https:\\\/\\\/aassdn.org\\\/amicale\"],\"url\":\"https:\\\/\\\/aassdn.org\\\/amicale\\\/author\\\/wordpress\\\/\"}]}<\/script>\n<!-- \/ Yoast SEO plugin. -->","yoast_head_json":{"title":"Hommage \u00e0 Georges Bourguignon : un belge au service de la France | AASSDN | Anciens et Amis des Services Sp\u00e9ciaux","robots":{"index":"index","follow":"follow","max-snippet":"max-snippet:-1","max-image-preview":"max-image-preview:large","max-video-preview":"max-video-preview:-1"},"canonical":"https:\/\/aassdn.org\/amicale\/hommage-a-georges-bourguignon-un-belge-au-service-de-la-france\/","og_locale":"fr_FR","og_type":"article","og_title":"Hommage \u00e0 Georges Bourguignon : un belge au service de la France | AASSDN | Anciens et Amis des Services Sp\u00e9ciaux","og_description":"Charg\u00e9 de mission du S.R. Air P3\/Av des Services Sp\u00e9ciaux de la D\u00e9fense Nationale (1941-1944), Georges Bourguignon est n\u00e9 \u00e0 Dison en Belgique, pr\u00e8s de Verviers, le 23 avril 1920. Parfaitement bilingue (allemand-fran\u00e7ais), Georges est amen\u00e9, avec un de se fr\u00e8res, \u00e0 franchir par erreur la fronti\u00e8re, Belgo-Allemande dans le d\u00e9but de l\u2019ann\u00e9e 1939. Arr\u00eat\u00e9s, [&hellip;]","og_url":"https:\/\/aassdn.org\/amicale\/hommage-a-georges-bourguignon-un-belge-au-service-de-la-france\/","og_site_name":"AASSDN | Anciens et Amis des Services Sp\u00e9ciaux","article_published_time":"2021-10-29T08:00:33+00:00","article_modified_time":"2024-03-15T13:05:50+00:00","author":"AASSDN","twitter_card":"summary_large_image","twitter_misc":{"\u00c9crit par":"AASSDN","Dur\u00e9e de lecture estim\u00e9e":"7 minutes"},"schema":{"@context":"https:\/\/schema.org","@graph":[{"@type":"Article","@id":"https:\/\/aassdn.org\/amicale\/hommage-a-georges-bourguignon-un-belge-au-service-de-la-france\/#article","isPartOf":{"@id":"https:\/\/aassdn.org\/amicale\/hommage-a-georges-bourguignon-un-belge-au-service-de-la-france\/"},"author":{"name":"AASSDN","@id":"https:\/\/aassdn.org\/amicale\/#\/schema\/person\/73800712a272e6d58a10a86ea9e59671"},"headline":"Hommage \u00e0 Georges Bourguignon : un belge au service de la France","datePublished":"2021-10-29T08:00:33+00:00","dateModified":"2024-03-15T13:05:50+00:00","mainEntityOfPage":{"@id":"https:\/\/aassdn.org\/amicale\/hommage-a-georges-bourguignon-un-belge-au-service-de-la-france\/"},"wordCount":1355,"publisher":{"@id":"https:\/\/aassdn.org\/amicale\/#organization"},"keywords":["agents","Allemagne","Allemands","Arm\u00e9e","arrestation","Aviation","B.C.R.A","Belgique","Bretagne","camarade","c\u00e9r\u00e9monie","clandestin","Danseuse","d\u00e9barquement","d\u00e9fense","D\u00e9fense Nationale","d\u00e9portation","hommage","honneur","invasion","Lib\u00e9ration","Ligne de d\u00e9marcation","Londres","militaire","mission","Occupation","Officier","ordre","organisation","parachutistes","Paris","Prison","r\u00e9fugi\u00e9s","Renseignement","R\u00e9sistance","r\u00e9sistant","S.D","S.R. Air","Services","services sp\u00e9ciaux","Verviers","Vichy"],"articleSection":["2\u00e8me Guerre Mondiale (1939-1945)","Europe de l'Ouest","Extraits de bulletin","Hommages et discours","Renseignement","Services allemands"],"inLanguage":"fr-FR"},{"@type":"WebPage","@id":"https:\/\/aassdn.org\/amicale\/hommage-a-georges-bourguignon-un-belge-au-service-de-la-france\/","url":"https:\/\/aassdn.org\/amicale\/hommage-a-georges-bourguignon-un-belge-au-service-de-la-france\/","name":"Hommage \u00e0 Georges Bourguignon : un belge au service de la France | AASSDN | Anciens et Amis des Services Sp\u00e9ciaux","isPartOf":{"@id":"https:\/\/aassdn.org\/amicale\/#website"},"datePublished":"2021-10-29T08:00:33+00:00","dateModified":"2024-03-15T13:05:50+00:00","breadcrumb":{"@id":"https:\/\/aassdn.org\/amicale\/hommage-a-georges-bourguignon-un-belge-au-service-de-la-france\/#breadcrumb"},"inLanguage":"fr-FR","potentialAction":[{"@type":"ReadAction","target":["https:\/\/aassdn.org\/amicale\/hommage-a-georges-bourguignon-un-belge-au-service-de-la-france\/"]}]},{"@type":"BreadcrumbList","@id":"https:\/\/aassdn.org\/amicale\/hommage-a-georges-bourguignon-un-belge-au-service-de-la-france\/#breadcrumb","itemListElement":[{"@type":"ListItem","position":1,"name":"Accueil","item":"https:\/\/aassdn.org\/amicale\/"},{"@type":"ListItem","position":2,"name":"Hommage \u00e0 Georges Bourguignon : un belge au service de la France"}]},{"@type":"WebSite","@id":"https:\/\/aassdn.org\/amicale\/#website","url":"https:\/\/aassdn.org\/amicale\/","name":"AASSDN | Anciens et Amis des Services Sp\u00e9ciaux","description":"Services sp\u00e9ciaux : Des h\u00e9ros anonymes au service exclusif de la France","publisher":{"@id":"https:\/\/aassdn.org\/amicale\/#organization"},"potentialAction":[{"@type":"SearchAction","target":{"@type":"EntryPoint","urlTemplate":"https:\/\/aassdn.org\/amicale\/?s={search_term_string}"},"query-input":{"@type":"PropertyValueSpecification","valueRequired":true,"valueName":"search_term_string"}}],"inLanguage":"fr-FR"},{"@type":"Organization","@id":"https:\/\/aassdn.org\/amicale\/#organization","name":"AASSDN | Anciens et Amis des Services Sp\u00e9ciaux","url":"https:\/\/aassdn.org\/amicale\/","logo":{"@type":"ImageObject","inLanguage":"fr-FR","@id":"https:\/\/aassdn.org\/amicale\/#\/schema\/logo\/image\/","url":"https:\/\/aassdn.org\/amicale\/wp-content\/uploads\/Logo_AASSDN_transparent2.png","contentUrl":"https:\/\/aassdn.org\/amicale\/wp-content\/uploads\/Logo_AASSDN_transparent2.png","width":1832,"height":1609,"caption":"AASSDN | Anciens et Amis des Services Sp\u00e9ciaux"},"image":{"@id":"https:\/\/aassdn.org\/amicale\/#\/schema\/logo\/image\/"}},{"@type":"Person","@id":"https:\/\/aassdn.org\/amicale\/#\/schema\/person\/73800712a272e6d58a10a86ea9e59671","name":"AASSDN","image":{"@type":"ImageObject","inLanguage":"fr-FR","@id":"https:\/\/secure.gravatar.com\/avatar\/9653808d17788562e72d77e426d8d02775774239aefd00a9b4e852423d8e9d7e?s=96&d=mm&r=g","url":"https:\/\/secure.gravatar.com\/avatar\/9653808d17788562e72d77e426d8d02775774239aefd00a9b4e852423d8e9d7e?s=96&d=mm&r=g","contentUrl":"https:\/\/secure.gravatar.com\/avatar\/9653808d17788562e72d77e426d8d02775774239aefd00a9b4e852423d8e9d7e?s=96&d=mm&r=g","caption":"AASSDN"},"sameAs":["https:\/\/aassdn.org\/amicale"],"url":"https:\/\/aassdn.org\/amicale\/author\/wordpress\/"}]}},"_links":{"self":[{"href":"https:\/\/aassdn.org\/amicale\/wp-json\/wp\/v2\/posts\/2523","targetHints":{"allow":["GET"]}}],"collection":[{"href":"https:\/\/aassdn.org\/amicale\/wp-json\/wp\/v2\/posts"}],"about":[{"href":"https:\/\/aassdn.org\/amicale\/wp-json\/wp\/v2\/types\/post"}],"author":[{"embeddable":true,"href":"https:\/\/aassdn.org\/amicale\/wp-json\/wp\/v2\/users\/1"}],"replies":[{"embeddable":true,"href":"https:\/\/aassdn.org\/amicale\/wp-json\/wp\/v2\/comments?post=2523"}],"version-history":[{"count":0,"href":"https:\/\/aassdn.org\/amicale\/wp-json\/wp\/v2\/posts\/2523\/revisions"}],"wp:attachment":[{"href":"https:\/\/aassdn.org\/amicale\/wp-json\/wp\/v2\/media?parent=2523"}],"wp:term":[{"taxonomy":"category","embeddable":true,"href":"https:\/\/aassdn.org\/amicale\/wp-json\/wp\/v2\/categories?post=2523"},{"taxonomy":"post_tag","embeddable":true,"href":"https:\/\/aassdn.org\/amicale\/wp-json\/wp\/v2\/tags?post=2523"}],"curies":[{"name":"wp","href":"https:\/\/api.w.org\/{rel}","templated":true}]}}