{"id":25193,"date":"2026-04-22T21:27:30","date_gmt":"2026-04-22T19:27:30","guid":{"rendered":"https:\/\/aassdn.org\/amicale\/?p=25193"},"modified":"2026-04-22T21:31:04","modified_gmt":"2026-04-22T19:31:04","slug":"hommage-parisien-a-ladjudant-florian-montorio","status":"publish","type":"post","link":"https:\/\/aassdn.org\/amicale\/hommage-parisien-a-ladjudant-florian-montorio\/","title":{"rendered":"Hommage parisien \u00e0 l&#8217;adjudant Florian Montorio."},"content":{"rendered":"\n<h2 class=\"wp-block-heading has-text-align-center\"><br><br><strong>C\u00e9r\u00e9monie d\u2019hommage national \u00e0 l&#8217;adjudant Florian Montorio.<\/strong><br><strong><br><\/strong><\/h2>\n\n\n\n<p><\/p>\n\n\n\n<p><br><strong>Madame Catherine Vautrin, ministre des Arm\u00e9es et des Anciens combattants, pr\u00e9sidera le jeudi 23 avril 2026, aux c\u00f4t\u00e9s du g\u00e9n\u00e9ral d&#8217;arm\u00e9e Pierre Schill, chef d\u2019\u00e9tat-major de l\u2019arm\u00e9e de Terre (CEMAT), la c\u00e9r\u00e9monie d&#8217;hommage national \u00e0 l&#8217;adjudant Florian Montorio<\/strong>.<\/p>\n\n\n\n<p><strong>Les honneurs fun\u00e8bres militaires lui seront rendus au 17<sup>e<\/sup>\u00a0r\u00e9giment du g\u00e9nie parachutiste (17<sup>e\u00a0<\/sup>RGP) de Montauban (82)<\/strong>.<\/p>\n\n\n\n<p><strong>Le 18 avril 2026, l&#8217;adjudant Florian Montorio a trouv\u00e9 la mort au Liban lors d\u2019une mission men\u00e9e dans le cadre de l\u2019op\u00e9ration DAMAN, au sein de la Force int\u00e9rimaire des Nations unies au Liban<\/strong>.<\/p>\n\n\n\n<p class=\"has-text-align-center\"><br><strong>***<\/strong><\/p>\n\n\n\n<blockquote class=\"wp-block-quote is-layout-flow wp-block-quote-is-layout-flow\">\n<p class=\"has-text-align-center\"><strong>Un hommage sera \u00e9galement rendu, \u00e0 Paris, le Jeudi 23 avril 2026 \u00e0 12h30<\/strong><\/p>\n\n\n\n<p class=\"has-text-align-center\"><strong>***<\/strong><\/p>\n\n\n\n<p><br>Le jeudi 23 avril \u00e0 12h30, le gouverneur militaire de Paris pr\u00e9sidera un hommage en m\u00e9moire de l\u2019adjudant Florian Montorio, mort pour la France au Liban.<br><br>La\u00a0<strong>c\u00e9r\u00e9monie<\/strong>,\u00a0<strong>OUVERTE AU PUBLIC<\/strong>, aura lieu\u00a0<strong>au monument aux Morts pour la France en op\u00e9rations ext\u00e9rieures (Paris 15)<\/strong>. Il s\u2019agira de permettre aux parisiens et aux franciliens qui le souhaitent de rendre un dernier hommage \u00e0 Florian Montorio, promu adjudant \u00e0 titre posthume, de marquer notre soutien \u00e0 sa famille, \u00e0 ses proches et \u00e0 ses fr\u00e8res d\u2019armes du 17e r\u00e9giment de sapeurs parachutistes.<br>\u00a0<\/p>\n\n\n\n<p><strong>Modalit\u00e9s pratiques pour les Parisiens.<\/strong><\/p>\n\n\n\n<p><em>Horaires :<\/em><\/p>\n\n\n\n<ul class=\"wp-block-list\">\n<li><strong>12h30 :\u00a0<\/strong>D\u00e9but de la c\u00e9r\u00e9monie en hommage \u00e0 l\u2019<strong>adjudant Florian Montorio<\/strong>, pr\u00e9sid\u00e9e par le GCA Mizon, Gouverneur militaire de Paris.<\/li>\n<\/ul>\n<\/blockquote>\n\n\n\n<p><em>Acc\u00e8s :<\/em><\/p>\n\n\n\n<ul class=\"wp-block-list\">\n<li>29 rue de la Montagne de la Fage \u2013 Jardin Eug\u00e9nie Djendi \u2013 Parc Andr\u00e9 Citro\u00ebn \u2013 75015\u00a0Paris<\/li>\n<\/ul>\n\n\n\n<p>Comment s\u2019y rendre :<\/p>\n\n\n\n<ul class=\"wp-block-list\">\n<li><strong>Lignes de bus 30, 42, 88, 169 :<\/strong>\u00a0Leblanc-Delbarre,<\/li>\n\n\n\n<li><strong>Autre arr\u00eat pour les lignes de bus 30 42 88 :\u00a0<\/strong>Place Balard<\/li>\n\n\n\n<li><strong>Arr\u00eat de m\u00e9tro 8<\/strong>\u00a0: Balard<\/li>\n<\/ul>\n\n\n\n<p>Les&nbsp;stations&nbsp;de&nbsp;m\u00e9tro&nbsp;les&nbsp;plus&nbsp;proches&nbsp;sont&nbsp;Balard,&nbsp;Javel,&nbsp;Rue&nbsp;Leblanc,&nbsp;et&nbsp;Parc&nbsp;Andr\u00e9&nbsp;Citro\u00ebn,&nbsp;toutes&nbsp;\u00e0&nbsp;<br>environ&nbsp;580&nbsp;m\u00e8tres&nbsp;de&nbsp;distance.&nbsp;<\/p>\n\n\n\n<p class=\"has-text-align-right\"><strong>Minist\u00e8re des Arm\u00e9es<br>Cabinet du gouverneur militaire de Paris<\/strong><\/p>\n\n\n\n<p class=\"has-text-align-right has-small-font-size\"><em>Source bandeau photo : \u00a9 Arm\u00e9e de Terre<\/em><\/p>\n<div class=\"pdfprnt-buttons pdfprnt-buttons-post pdfprnt-bottom-right\"><a href=\"https:\/\/aassdn.org\/amicale\/wp-json\/wp\/v2\/posts\/25193?print=pdf\" class=\"pdfprnt-button pdfprnt-button-pdf\" target=\"_blank\" ><img decoding=\"async\" data-src=\"https:\/\/aassdn.org\/amicale\/wp-content\/plugins\/pdf-print\/images\/pdf.png\" alt=\"image_pdf\" title=\"Afficher le PDF\" src=\"data:image\/svg+xml;base64,PHN2ZyB3aWR0aD0iMSIgaGVpZ2h0PSIxIiB4bWxucz0iaHR0cDovL3d3dy53My5vcmcvMjAwMC9zdmciPjwvc3ZnPg==\" class=\"lazyload\" style=\"--smush-placeholder-width: 32px; --smush-placeholder-aspect-ratio: 32\/32;\" \/><\/a><a href=\"https:\/\/aassdn.org\/amicale\/wp-json\/wp\/v2\/posts\/25193?print=print\" class=\"pdfprnt-button pdfprnt-button-print\" target=\"_blank\" ><\/a><\/div>","protected":false},"excerpt":{"rendered":"<p>C\u00e9r\u00e9monie d\u2019hommage national \u00e0 l&#8217;adjudant Florian Montorio. Madame Catherine Vautrin, ministre des Arm\u00e9es et des Anciens combattants, pr\u00e9sidera le jeudi 23 avril 2026, aux c\u00f4t\u00e9s du g\u00e9n\u00e9ral d&#8217;arm\u00e9e Pierre Schill, chef d\u2019\u00e9tat-major de l\u2019arm\u00e9e de Terre (CEMAT), la c\u00e9r\u00e9monie d&#8217;hommage national \u00e0 l&#8217;adjudant Florian Montorio. Les honneurs fun\u00e8bres militaires lui seront rendus au 17e\u00a0r\u00e9giment du [&hellip;]<\/p>\n","protected":false},"author":32,"featured_media":25149,"comment_status":"open","ping_status":"closed","sticky":false,"template":"","format":"standard","meta":{"_acf_changed":false,"footnotes":""},"categories":[288,278],"tags":[323,645,5357,591,339,324,1261,4165,559],"class_list":["post-25193","post","type-post","status-publish","format-standard","has-post-thumbnail","hentry","category-2020-2030","category-actualites","tag-armement","tag-hommage","tag-hommages-officiels","tag-honneur","tag-memoire","tag-militaire","tag-onu","tag-operation-militaire","tag-operations"],"acf":[],"yoast_head":"<!-- This site is optimized with the Yoast SEO plugin v27.4 - https:\/\/yoast.com\/product\/yoast-seo-wordpress\/ -->\n<title>Hommage parisien \u00e0 l&#039;adjudant Florian Montorio. | AASSDN | Anciens et Amis des Services Sp\u00e9ciaux<\/title>\n<meta name=\"robots\" content=\"index, follow, max-snippet:-1, max-image-preview:large, max-video-preview:-1\" \/>\n<link rel=\"canonical\" href=\"https:\/\/aassdn.org\/amicale\/hommage-parisien-a-ladjudant-florian-montorio\/\" \/>\n<meta property=\"og:locale\" content=\"fr_FR\" \/>\n<meta property=\"og:type\" content=\"article\" \/>\n<meta property=\"og:title\" content=\"Hommage parisien \u00e0 l&#039;adjudant Florian Montorio. | AASSDN | Anciens et Amis des Services Sp\u00e9ciaux\" \/>\n<meta property=\"og:description\" content=\"C\u00e9r\u00e9monie d\u2019hommage national \u00e0 l&#8217;adjudant Florian Montorio. Madame Catherine Vautrin, ministre des Arm\u00e9es et des Anciens combattants, pr\u00e9sidera le jeudi 23 avril 2026, aux c\u00f4t\u00e9s du g\u00e9n\u00e9ral d&#8217;arm\u00e9e Pierre Schill, chef d\u2019\u00e9tat-major de l\u2019arm\u00e9e de Terre (CEMAT), la c\u00e9r\u00e9monie d&#8217;hommage national \u00e0 l&#8217;adjudant Florian Montorio. Les honneurs fun\u00e8bres militaires lui seront rendus au 17e\u00a0r\u00e9giment du [&hellip;]\" \/>\n<meta property=\"og:url\" content=\"https:\/\/aassdn.org\/amicale\/hommage-parisien-a-ladjudant-florian-montorio\/\" \/>\n<meta property=\"og:site_name\" content=\"AASSDN | Anciens et Amis des Services Sp\u00e9ciaux\" \/>\n<meta property=\"article:published_time\" content=\"2026-04-22T19:27:30+00:00\" \/>\n<meta property=\"article:modified_time\" content=\"2026-04-22T19:31:04+00:00\" \/>\n<meta property=\"og:image\" content=\"https:\/\/aassdn.org\/amicale\/wp-content\/uploads\/Capture-decran-2026-04-20-121931.png\" \/>\n\t<meta property=\"og:image:width\" content=\"1007\" \/>\n\t<meta property=\"og:image:height\" content=\"621\" \/>\n\t<meta property=\"og:image:type\" content=\"image\/png\" \/>\n<meta name=\"author\" content=\"AASSDN\" \/>\n<meta name=\"twitter:card\" content=\"summary_large_image\" \/>\n<meta name=\"twitter:label1\" content=\"\u00c9crit par\" \/>\n\t<meta name=\"twitter:data1\" content=\"AASSDN\" \/>\n\t<meta name=\"twitter:label2\" content=\"Dur\u00e9e de lecture estim\u00e9e\" \/>\n\t<meta name=\"twitter:data2\" content=\"2 minutes\" \/>\n<script type=\"application\/ld+json\" class=\"yoast-schema-graph\">{\"@context\":\"https:\\\/\\\/schema.org\",\"@graph\":[{\"@type\":\"Article\",\"@id\":\"https:\\\/\\\/aassdn.org\\\/amicale\\\/hommage-parisien-a-ladjudant-florian-montorio\\\/#article\",\"isPartOf\":{\"@id\":\"https:\\\/\\\/aassdn.org\\\/amicale\\\/hommage-parisien-a-ladjudant-florian-montorio\\\/\"},\"author\":{\"name\":\"AASSDN\",\"@id\":\"https:\\\/\\\/aassdn.org\\\/amicale\\\/#\\\/schema\\\/person\\\/8e950b11c74c24df36dc8e172f9451f4\"},\"headline\":\"Hommage parisien \u00e0 l&#8217;adjudant Florian Montorio.\",\"datePublished\":\"2026-04-22T19:27:30+00:00\",\"dateModified\":\"2026-04-22T19:31:04+00:00\",\"mainEntityOfPage\":{\"@id\":\"https:\\\/\\\/aassdn.org\\\/amicale\\\/hommage-parisien-a-ladjudant-florian-montorio\\\/\"},\"wordCount\":366,\"commentCount\":0,\"publisher\":{\"@id\":\"https:\\\/\\\/aassdn.org\\\/amicale\\\/#organization\"},\"image\":{\"@id\":\"https:\\\/\\\/aassdn.org\\\/amicale\\\/hommage-parisien-a-ladjudant-florian-montorio\\\/#primaryimage\"},\"thumbnailUrl\":\"https:\\\/\\\/aassdn.org\\\/amicale\\\/wp-content\\\/uploads\\\/Capture-decran-2026-04-20-121931.png\",\"keywords\":[\"armement\",\"hommage\",\"hommages officiels\",\"honneur\",\"m\u00e9moire\",\"militaire\",\"ONU\",\"Op\u00e9ration militaire\",\"op\u00e9rations\"],\"articleSection\":[\"2020-2030\",\"Actualit\u00e9s\"],\"inLanguage\":\"fr-FR\",\"potentialAction\":[{\"@type\":\"CommentAction\",\"name\":\"Comment\",\"target\":[\"https:\\\/\\\/aassdn.org\\\/amicale\\\/hommage-parisien-a-ladjudant-florian-montorio\\\/#respond\"]}]},{\"@type\":\"WebPage\",\"@id\":\"https:\\\/\\\/aassdn.org\\\/amicale\\\/hommage-parisien-a-ladjudant-florian-montorio\\\/\",\"url\":\"https:\\\/\\\/aassdn.org\\\/amicale\\\/hommage-parisien-a-ladjudant-florian-montorio\\\/\",\"name\":\"Hommage parisien \u00e0 l'adjudant Florian Montorio. | AASSDN | Anciens et Amis des Services Sp\u00e9ciaux\",\"isPartOf\":{\"@id\":\"https:\\\/\\\/aassdn.org\\\/amicale\\\/#website\"},\"primaryImageOfPage\":{\"@id\":\"https:\\\/\\\/aassdn.org\\\/amicale\\\/hommage-parisien-a-ladjudant-florian-montorio\\\/#primaryimage\"},\"image\":{\"@id\":\"https:\\\/\\\/aassdn.org\\\/amicale\\\/hommage-parisien-a-ladjudant-florian-montorio\\\/#primaryimage\"},\"thumbnailUrl\":\"https:\\\/\\\/aassdn.org\\\/amicale\\\/wp-content\\\/uploads\\\/Capture-decran-2026-04-20-121931.png\",\"datePublished\":\"2026-04-22T19:27:30+00:00\",\"dateModified\":\"2026-04-22T19:31:04+00:00\",\"breadcrumb\":{\"@id\":\"https:\\\/\\\/aassdn.org\\\/amicale\\\/hommage-parisien-a-ladjudant-florian-montorio\\\/#breadcrumb\"},\"inLanguage\":\"fr-FR\",\"potentialAction\":[{\"@type\":\"ReadAction\",\"target\":[\"https:\\\/\\\/aassdn.org\\\/amicale\\\/hommage-parisien-a-ladjudant-florian-montorio\\\/\"]}]},{\"@type\":\"ImageObject\",\"inLanguage\":\"fr-FR\",\"@id\":\"https:\\\/\\\/aassdn.org\\\/amicale\\\/hommage-parisien-a-ladjudant-florian-montorio\\\/#primaryimage\",\"url\":\"https:\\\/\\\/aassdn.org\\\/amicale\\\/wp-content\\\/uploads\\\/Capture-decran-2026-04-20-121931.png\",\"contentUrl\":\"https:\\\/\\\/aassdn.org\\\/amicale\\\/wp-content\\\/uploads\\\/Capture-decran-2026-04-20-121931.png\",\"width\":1007,\"height\":621},{\"@type\":\"BreadcrumbList\",\"@id\":\"https:\\\/\\\/aassdn.org\\\/amicale\\\/hommage-parisien-a-ladjudant-florian-montorio\\\/#breadcrumb\",\"itemListElement\":[{\"@type\":\"ListItem\",\"position\":1,\"name\":\"Accueil\",\"item\":\"https:\\\/\\\/aassdn.org\\\/amicale\\\/\"},{\"@type\":\"ListItem\",\"position\":2,\"name\":\"Hommage parisien \u00e0 l&#8217;adjudant Florian Montorio.\"}]},{\"@type\":\"WebSite\",\"@id\":\"https:\\\/\\\/aassdn.org\\\/amicale\\\/#website\",\"url\":\"https:\\\/\\\/aassdn.org\\\/amicale\\\/\",\"name\":\"AASSDN | Anciens et Amis des Services Sp\u00e9ciaux\",\"description\":\"Services sp\u00e9ciaux : Des h\u00e9ros anonymes au service exclusif de la France\",\"publisher\":{\"@id\":\"https:\\\/\\\/aassdn.org\\\/amicale\\\/#organization\"},\"potentialAction\":[{\"@type\":\"SearchAction\",\"target\":{\"@type\":\"EntryPoint\",\"urlTemplate\":\"https:\\\/\\\/aassdn.org\\\/amicale\\\/?s={search_term_string}\"},\"query-input\":{\"@type\":\"PropertyValueSpecification\",\"valueRequired\":true,\"valueName\":\"search_term_string\"}}],\"inLanguage\":\"fr-FR\"},{\"@type\":\"Organization\",\"@id\":\"https:\\\/\\\/aassdn.org\\\/amicale\\\/#organization\",\"name\":\"AASSDN | Anciens et Amis des Services Sp\u00e9ciaux\",\"url\":\"https:\\\/\\\/aassdn.org\\\/amicale\\\/\",\"logo\":{\"@type\":\"ImageObject\",\"inLanguage\":\"fr-FR\",\"@id\":\"https:\\\/\\\/aassdn.org\\\/amicale\\\/#\\\/schema\\\/logo\\\/image\\\/\",\"url\":\"https:\\\/\\\/aassdn.org\\\/amicale\\\/wp-content\\\/uploads\\\/Logo_AASSDN_transparent2.png\",\"contentUrl\":\"https:\\\/\\\/aassdn.org\\\/amicale\\\/wp-content\\\/uploads\\\/Logo_AASSDN_transparent2.png\",\"width\":1832,\"height\":1609,\"caption\":\"AASSDN | Anciens et Amis des Services Sp\u00e9ciaux\"},\"image\":{\"@id\":\"https:\\\/\\\/aassdn.org\\\/amicale\\\/#\\\/schema\\\/logo\\\/image\\\/\"}},{\"@type\":\"Person\",\"@id\":\"https:\\\/\\\/aassdn.org\\\/amicale\\\/#\\\/schema\\\/person\\\/8e950b11c74c24df36dc8e172f9451f4\",\"name\":\"AASSDN\",\"image\":{\"@type\":\"ImageObject\",\"inLanguage\":\"fr-FR\",\"@id\":\"https:\\\/\\\/secure.gravatar.com\\\/avatar\\\/fd0b6d50e70e6f0ed2d0d0ed7be3689bc93c931340a70ec36db416b5f0486016?s=96&d=mm&r=g\",\"url\":\"https:\\\/\\\/secure.gravatar.com\\\/avatar\\\/fd0b6d50e70e6f0ed2d0d0ed7be3689bc93c931340a70ec36db416b5f0486016?s=96&d=mm&r=g\",\"contentUrl\":\"https:\\\/\\\/secure.gravatar.com\\\/avatar\\\/fd0b6d50e70e6f0ed2d0d0ed7be3689bc93c931340a70ec36db416b5f0486016?s=96&d=mm&r=g\",\"caption\":\"AASSDN\"},\"url\":\"https:\\\/\\\/aassdn.org\\\/amicale\\\/author\\\/laure-fanjeau\\\/\"}]}<\/script>\n<!-- \/ Yoast SEO plugin. -->","yoast_head_json":{"title":"Hommage parisien \u00e0 l'adjudant Florian Montorio. | AASSDN | Anciens et Amis des Services Sp\u00e9ciaux","robots":{"index":"index","follow":"follow","max-snippet":"max-snippet:-1","max-image-preview":"max-image-preview:large","max-video-preview":"max-video-preview:-1"},"canonical":"https:\/\/aassdn.org\/amicale\/hommage-parisien-a-ladjudant-florian-montorio\/","og_locale":"fr_FR","og_type":"article","og_title":"Hommage parisien \u00e0 l'adjudant Florian Montorio. | AASSDN | Anciens et Amis des Services Sp\u00e9ciaux","og_description":"C\u00e9r\u00e9monie d\u2019hommage national \u00e0 l&#8217;adjudant Florian Montorio. Madame Catherine Vautrin, ministre des Arm\u00e9es et des Anciens combattants, pr\u00e9sidera le jeudi 23 avril 2026, aux c\u00f4t\u00e9s du g\u00e9n\u00e9ral d&#8217;arm\u00e9e Pierre Schill, chef d\u2019\u00e9tat-major de l\u2019arm\u00e9e de Terre (CEMAT), la c\u00e9r\u00e9monie d&#8217;hommage national \u00e0 l&#8217;adjudant Florian Montorio. Les honneurs fun\u00e8bres militaires lui seront rendus au 17e\u00a0r\u00e9giment du [&hellip;]","og_url":"https:\/\/aassdn.org\/amicale\/hommage-parisien-a-ladjudant-florian-montorio\/","og_site_name":"AASSDN | Anciens et Amis des Services Sp\u00e9ciaux","article_published_time":"2026-04-22T19:27:30+00:00","article_modified_time":"2026-04-22T19:31:04+00:00","og_image":[{"width":1007,"height":621,"url":"https:\/\/aassdn.org\/amicale\/wp-content\/uploads\/Capture-decran-2026-04-20-121931.png","type":"image\/png"}],"author":"AASSDN","twitter_card":"summary_large_image","twitter_misc":{"\u00c9crit par":"AASSDN","Dur\u00e9e de lecture estim\u00e9e":"2 minutes"},"schema":{"@context":"https:\/\/schema.org","@graph":[{"@type":"Article","@id":"https:\/\/aassdn.org\/amicale\/hommage-parisien-a-ladjudant-florian-montorio\/#article","isPartOf":{"@id":"https:\/\/aassdn.org\/amicale\/hommage-parisien-a-ladjudant-florian-montorio\/"},"author":{"name":"AASSDN","@id":"https:\/\/aassdn.org\/amicale\/#\/schema\/person\/8e950b11c74c24df36dc8e172f9451f4"},"headline":"Hommage parisien \u00e0 l&#8217;adjudant Florian Montorio.","datePublished":"2026-04-22T19:27:30+00:00","dateModified":"2026-04-22T19:31:04+00:00","mainEntityOfPage":{"@id":"https:\/\/aassdn.org\/amicale\/hommage-parisien-a-ladjudant-florian-montorio\/"},"wordCount":366,"commentCount":0,"publisher":{"@id":"https:\/\/aassdn.org\/amicale\/#organization"},"image":{"@id":"https:\/\/aassdn.org\/amicale\/hommage-parisien-a-ladjudant-florian-montorio\/#primaryimage"},"thumbnailUrl":"https:\/\/aassdn.org\/amicale\/wp-content\/uploads\/Capture-decran-2026-04-20-121931.png","keywords":["armement","hommage","hommages officiels","honneur","m\u00e9moire","militaire","ONU","Op\u00e9ration militaire","op\u00e9rations"],"articleSection":["2020-2030","Actualit\u00e9s"],"inLanguage":"fr-FR","potentialAction":[{"@type":"CommentAction","name":"Comment","target":["https:\/\/aassdn.org\/amicale\/hommage-parisien-a-ladjudant-florian-montorio\/#respond"]}]},{"@type":"WebPage","@id":"https:\/\/aassdn.org\/amicale\/hommage-parisien-a-ladjudant-florian-montorio\/","url":"https:\/\/aassdn.org\/amicale\/hommage-parisien-a-ladjudant-florian-montorio\/","name":"Hommage parisien \u00e0 l'adjudant Florian Montorio. | AASSDN | Anciens et Amis des Services Sp\u00e9ciaux","isPartOf":{"@id":"https:\/\/aassdn.org\/amicale\/#website"},"primaryImageOfPage":{"@id":"https:\/\/aassdn.org\/amicale\/hommage-parisien-a-ladjudant-florian-montorio\/#primaryimage"},"image":{"@id":"https:\/\/aassdn.org\/amicale\/hommage-parisien-a-ladjudant-florian-montorio\/#primaryimage"},"thumbnailUrl":"https:\/\/aassdn.org\/amicale\/wp-content\/uploads\/Capture-decran-2026-04-20-121931.png","datePublished":"2026-04-22T19:27:30+00:00","dateModified":"2026-04-22T19:31:04+00:00","breadcrumb":{"@id":"https:\/\/aassdn.org\/amicale\/hommage-parisien-a-ladjudant-florian-montorio\/#breadcrumb"},"inLanguage":"fr-FR","potentialAction":[{"@type":"ReadAction","target":["https:\/\/aassdn.org\/amicale\/hommage-parisien-a-ladjudant-florian-montorio\/"]}]},{"@type":"ImageObject","inLanguage":"fr-FR","@id":"https:\/\/aassdn.org\/amicale\/hommage-parisien-a-ladjudant-florian-montorio\/#primaryimage","url":"https:\/\/aassdn.org\/amicale\/wp-content\/uploads\/Capture-decran-2026-04-20-121931.png","contentUrl":"https:\/\/aassdn.org\/amicale\/wp-content\/uploads\/Capture-decran-2026-04-20-121931.png","width":1007,"height":621},{"@type":"BreadcrumbList","@id":"https:\/\/aassdn.org\/amicale\/hommage-parisien-a-ladjudant-florian-montorio\/#breadcrumb","itemListElement":[{"@type":"ListItem","position":1,"name":"Accueil","item":"https:\/\/aassdn.org\/amicale\/"},{"@type":"ListItem","position":2,"name":"Hommage parisien \u00e0 l&#8217;adjudant Florian Montorio."}]},{"@type":"WebSite","@id":"https:\/\/aassdn.org\/amicale\/#website","url":"https:\/\/aassdn.org\/amicale\/","name":"AASSDN | Anciens et Amis des Services Sp\u00e9ciaux","description":"Services sp\u00e9ciaux : Des h\u00e9ros anonymes au service exclusif de la France","publisher":{"@id":"https:\/\/aassdn.org\/amicale\/#organization"},"potentialAction":[{"@type":"SearchAction","target":{"@type":"EntryPoint","urlTemplate":"https:\/\/aassdn.org\/amicale\/?s={search_term_string}"},"query-input":{"@type":"PropertyValueSpecification","valueRequired":true,"valueName":"search_term_string"}}],"inLanguage":"fr-FR"},{"@type":"Organization","@id":"https:\/\/aassdn.org\/amicale\/#organization","name":"AASSDN | Anciens et Amis des Services Sp\u00e9ciaux","url":"https:\/\/aassdn.org\/amicale\/","logo":{"@type":"ImageObject","inLanguage":"fr-FR","@id":"https:\/\/aassdn.org\/amicale\/#\/schema\/logo\/image\/","url":"https:\/\/aassdn.org\/amicale\/wp-content\/uploads\/Logo_AASSDN_transparent2.png","contentUrl":"https:\/\/aassdn.org\/amicale\/wp-content\/uploads\/Logo_AASSDN_transparent2.png","width":1832,"height":1609,"caption":"AASSDN | Anciens et Amis des Services Sp\u00e9ciaux"},"image":{"@id":"https:\/\/aassdn.org\/amicale\/#\/schema\/logo\/image\/"}},{"@type":"Person","@id":"https:\/\/aassdn.org\/amicale\/#\/schema\/person\/8e950b11c74c24df36dc8e172f9451f4","name":"AASSDN","image":{"@type":"ImageObject","inLanguage":"fr-FR","@id":"https:\/\/secure.gravatar.com\/avatar\/fd0b6d50e70e6f0ed2d0d0ed7be3689bc93c931340a70ec36db416b5f0486016?s=96&d=mm&r=g","url":"https:\/\/secure.gravatar.com\/avatar\/fd0b6d50e70e6f0ed2d0d0ed7be3689bc93c931340a70ec36db416b5f0486016?s=96&d=mm&r=g","contentUrl":"https:\/\/secure.gravatar.com\/avatar\/fd0b6d50e70e6f0ed2d0d0ed7be3689bc93c931340a70ec36db416b5f0486016?s=96&d=mm&r=g","caption":"AASSDN"},"url":"https:\/\/aassdn.org\/amicale\/author\/laure-fanjeau\/"}]}},"_links":{"self":[{"href":"https:\/\/aassdn.org\/amicale\/wp-json\/wp\/v2\/posts\/25193","targetHints":{"allow":["GET"]}}],"collection":[{"href":"https:\/\/aassdn.org\/amicale\/wp-json\/wp\/v2\/posts"}],"about":[{"href":"https:\/\/aassdn.org\/amicale\/wp-json\/wp\/v2\/types\/post"}],"author":[{"embeddable":true,"href":"https:\/\/aassdn.org\/amicale\/wp-json\/wp\/v2\/users\/32"}],"replies":[{"embeddable":true,"href":"https:\/\/aassdn.org\/amicale\/wp-json\/wp\/v2\/comments?post=25193"}],"version-history":[{"count":0,"href":"https:\/\/aassdn.org\/amicale\/wp-json\/wp\/v2\/posts\/25193\/revisions"}],"wp:featuredmedia":[{"embeddable":true,"href":"https:\/\/aassdn.org\/amicale\/wp-json\/wp\/v2\/media\/25149"}],"wp:attachment":[{"href":"https:\/\/aassdn.org\/amicale\/wp-json\/wp\/v2\/media?parent=25193"}],"wp:term":[{"taxonomy":"category","embeddable":true,"href":"https:\/\/aassdn.org\/amicale\/wp-json\/wp\/v2\/categories?post=25193"},{"taxonomy":"post_tag","embeddable":true,"href":"https:\/\/aassdn.org\/amicale\/wp-json\/wp\/v2\/tags?post=25193"}],"curies":[{"name":"wp","href":"https:\/\/api.w.org\/{rel}","templated":true}]}}