{"id":25170,"date":"2026-04-22T20:55:44","date_gmt":"2026-04-22T18:55:44","guid":{"rendered":"https:\/\/aassdn.org\/amicale\/?p=25170"},"modified":"2026-04-22T21:02:17","modified_gmt":"2026-04-22T19:02:17","slug":"liban-deces-dun-second-militaire-francais-engage-sur-loperation-daman","status":"publish","type":"post","link":"https:\/\/aassdn.org\/amicale\/liban-deces-dun-second-militaire-francais-engage-sur-loperation-daman\/","title":{"rendered":"Liban : D\u00e9c\u00e8s d\u2019un second militaire fran\u00e7ais engag\u00e9 sur l\u2019op\u00e9ration \u00ab\u00a0DAMAN \u00bb"},"content":{"rendered":"\n<p>Le 18 avril 2026 dernier, une patrouille fran\u00e7aise de la Force int\u00e9rimaire des Nations Unies au Liban (FINUL) a \u00e9t\u00e9 prise \u00e0 partie par un groupe arm\u00e9 dans le sud du Liban.<br>Lors de cette action de combat ayant entra\u00een\u00e9 le d\u00e9c\u00e8s de l\u2019adjudant Florian MONTORIO, le caporal-chef Anicet GIRARDIN et deux autres soldats sont bless\u00e9s.<\/p>\n\n\n\n<p>Le mardi 21 avril, le caporal-chef GIRARDIN a \u00e9t\u00e9 rapatri\u00e9 par avion militaire m\u00e9dicalis\u00e9 vers la France afin d&#8217;y poursuivre ses soins. Malgr\u00e9 l&#8217;attention extr\u00eame du personnel m\u00e9dical, et sa prise en charge \u00e0 l\u2019h\u00f4pital, il n&#8217;a pas surv\u00e9cu \u00e0 ses blessures.<br>Il appartenait au 132\u00e8me r\u00e9giment d&#8217;infanterie cynotechnique de Suippes (Marne). Il \u00e9tait d\u00e9ploy\u00e9 dans le cadre de l&#8217;op\u00e9ration DAMAN depuis le 23 janvier en qualit\u00e9 de chef d\u2019\u00e9quipe cynotechnique.&nbsp; Ag\u00e9 de 31 ans, le caporal-chef Anicet GIRARDIN est mort pour la France dans l&#8217;accomplissement de sa mission. Le chef d&#8217;\u00e9tat-major des arm\u00e9es, le g\u00e9n\u00e9ral d&#8217;arm\u00e9e a\u00e9rienne Fabien MANDON, s&#8217;incline avec une profonde tristesse devant la m\u00e9moire de ce militaire mort en op\u00e9ration. Ses pens\u00e9es accompagnent sa famille, ses fr\u00e8res d&#8217;armes, ainsi que tous ses proches<\/p>\n\n\n\n<p class=\"has-text-align-right\"><br><em>Contacts m\u00e9dia : <br>Bureau relations m\u00e9dias de l&#8217;\u00e9tat-major des Arm\u00e9es<br>Centre m\u00e9dias du minist\u00e8re des Arm\u00e9es et des Anciens combattants<\/em><br><br>Mercredi 22 avril 2026<br><br><em>Source bandeau photo : \u00a9 Minist\u00e8re des Arm\u00e9es<\/em><br><br><\/p>\n\n\n\n<p><a href=\"https:\/\/aassdn.org\/amicale\/liban-deces-dun-militaire-francais-engage-sur-loperation-daman\/\"><em>Pour lire l&#8217;annonce du d\u00e9c\u00e8s de l&#8217;adjudant Florian MONTORIO, du 17<sup>e<\/sup>\u00a0r\u00e9giment du g\u00e9nie parachutiste de Montauban, engag\u00e9 sur l\u2019op\u00e9ration \u00ab\u00a0DAMAN \u00bb<\/em>, cliquez ICI<\/a><\/p>\n\n\n\n<p><\/p>\n<div class=\"pdfprnt-buttons pdfprnt-buttons-post pdfprnt-bottom-right\"><a href=\"https:\/\/aassdn.org\/amicale\/wp-json\/wp\/v2\/posts\/25170?print=pdf\" class=\"pdfprnt-button pdfprnt-button-pdf\" target=\"_blank\" ><img decoding=\"async\" data-src=\"https:\/\/aassdn.org\/amicale\/wp-content\/plugins\/pdf-print\/images\/pdf.png\" alt=\"image_pdf\" title=\"Afficher le PDF\" src=\"data:image\/svg+xml;base64,PHN2ZyB3aWR0aD0iMSIgaGVpZ2h0PSIxIiB4bWxucz0iaHR0cDovL3d3dy53My5vcmcvMjAwMC9zdmciPjwvc3ZnPg==\" class=\"lazyload\" style=\"--smush-placeholder-width: 32px; --smush-placeholder-aspect-ratio: 32\/32;\" \/><\/a><a href=\"https:\/\/aassdn.org\/amicale\/wp-json\/wp\/v2\/posts\/25170?print=print\" class=\"pdfprnt-button pdfprnt-button-print\" target=\"_blank\" ><\/a><\/div>","protected":false},"excerpt":{"rendered":"<p>Le 18 avril 2026 dernier, une patrouille fran\u00e7aise de la Force int\u00e9rimaire des Nations Unies au Liban (FINUL) a \u00e9t\u00e9 prise \u00e0 partie par un groupe arm\u00e9 dans le sud du Liban.Lors de cette action de combat ayant entra\u00een\u00e9 le d\u00e9c\u00e8s de l\u2019adjudant Florian MONTORIO, le caporal-chef Anicet GIRARDIN et deux autres soldats sont bless\u00e9s. [&hellip;]<\/p>\n","protected":false},"author":32,"featured_media":25177,"comment_status":"open","ping_status":"closed","sticky":false,"template":"","format":"standard","meta":{"_acf_changed":true,"footnotes":""},"categories":[288,278],"tags":[323,367,339,324,250,1261,4165,4861,297],"class_list":["post-25170","post","type-post","status-publish","format-standard","has-post-thumbnail","hentry","category-2020-2030","category-actualites","tag-armement","tag-avion","tag-memoire","tag-militaire","tag-nice","tag-onu","tag-operation-militaire","tag-operation-militaire-speciale","tag-relation"],"acf":[],"yoast_head":"<!-- This site is optimized with the Yoast SEO plugin v27.4 - https:\/\/yoast.com\/product\/yoast-seo-wordpress\/ -->\n<title>Liban : D\u00e9c\u00e8s d\u2019un second militaire fran\u00e7ais engag\u00e9 sur l\u2019op\u00e9ration \u00ab\u00a0DAMAN \u00bb | AASSDN | Anciens et Amis des Services Sp\u00e9ciaux<\/title>\n<meta name=\"robots\" content=\"index, follow, max-snippet:-1, max-image-preview:large, max-video-preview:-1\" \/>\n<link rel=\"canonical\" href=\"https:\/\/aassdn.org\/amicale\/liban-deces-dun-second-militaire-francais-engage-sur-loperation-daman\/\" \/>\n<meta property=\"og:locale\" content=\"fr_FR\" \/>\n<meta property=\"og:type\" content=\"article\" \/>\n<meta property=\"og:title\" content=\"Liban : D\u00e9c\u00e8s d\u2019un second militaire fran\u00e7ais engag\u00e9 sur l\u2019op\u00e9ration \u00ab\u00a0DAMAN \u00bb | AASSDN | Anciens et Amis des Services Sp\u00e9ciaux\" \/>\n<meta property=\"og:description\" content=\"Le 18 avril 2026 dernier, une patrouille fran\u00e7aise de la Force int\u00e9rimaire des Nations Unies au Liban (FINUL) a \u00e9t\u00e9 prise \u00e0 partie par un groupe arm\u00e9 dans le sud du Liban.Lors de cette action de combat ayant entra\u00een\u00e9 le d\u00e9c\u00e8s de l\u2019adjudant Florian MONTORIO, le caporal-chef Anicet GIRARDIN et deux autres soldats sont bless\u00e9s. [&hellip;]\" \/>\n<meta property=\"og:url\" content=\"https:\/\/aassdn.org\/amicale\/liban-deces-dun-second-militaire-francais-engage-sur-loperation-daman\/\" \/>\n<meta property=\"og:site_name\" content=\"AASSDN | Anciens et Amis des Services Sp\u00e9ciaux\" \/>\n<meta property=\"article:published_time\" content=\"2026-04-22T18:55:44+00:00\" \/>\n<meta property=\"article:modified_time\" content=\"2026-04-22T19:02:17+00:00\" \/>\n<meta property=\"og:image\" content=\"https:\/\/aassdn.org\/amicale\/wp-content\/uploads\/Capture-decran-2026-04-22-204832.png\" \/>\n\t<meta property=\"og:image:width\" content=\"1008\" \/>\n\t<meta property=\"og:image:height\" content=\"619\" \/>\n\t<meta property=\"og:image:type\" content=\"image\/png\" \/>\n<meta name=\"author\" content=\"AASSDN\" \/>\n<meta name=\"twitter:card\" content=\"summary_large_image\" \/>\n<meta name=\"twitter:label1\" content=\"\u00c9crit par\" \/>\n\t<meta name=\"twitter:data1\" content=\"AASSDN\" \/>\n\t<meta name=\"twitter:label2\" content=\"Dur\u00e9e de lecture estim\u00e9e\" \/>\n\t<meta name=\"twitter:data2\" content=\"1 minute\" \/>\n<script type=\"application\/ld+json\" class=\"yoast-schema-graph\">{\"@context\":\"https:\\\/\\\/schema.org\",\"@graph\":[{\"@type\":\"Article\",\"@id\":\"https:\\\/\\\/aassdn.org\\\/amicale\\\/liban-deces-dun-second-militaire-francais-engage-sur-loperation-daman\\\/#article\",\"isPartOf\":{\"@id\":\"https:\\\/\\\/aassdn.org\\\/amicale\\\/liban-deces-dun-second-militaire-francais-engage-sur-loperation-daman\\\/\"},\"author\":{\"name\":\"AASSDN\",\"@id\":\"https:\\\/\\\/aassdn.org\\\/amicale\\\/#\\\/schema\\\/person\\\/8e950b11c74c24df36dc8e172f9451f4\"},\"headline\":\"Liban : D\u00e9c\u00e8s d\u2019un second militaire fran\u00e7ais engag\u00e9 sur l\u2019op\u00e9ration \u00ab\u00a0DAMAN \u00bb\",\"datePublished\":\"2026-04-22T18:55:44+00:00\",\"dateModified\":\"2026-04-22T19:02:17+00:00\",\"mainEntityOfPage\":{\"@id\":\"https:\\\/\\\/aassdn.org\\\/amicale\\\/liban-deces-dun-second-militaire-francais-engage-sur-loperation-daman\\\/\"},\"wordCount\":294,\"commentCount\":0,\"publisher\":{\"@id\":\"https:\\\/\\\/aassdn.org\\\/amicale\\\/#organization\"},\"image\":{\"@id\":\"https:\\\/\\\/aassdn.org\\\/amicale\\\/liban-deces-dun-second-militaire-francais-engage-sur-loperation-daman\\\/#primaryimage\"},\"thumbnailUrl\":\"https:\\\/\\\/aassdn.org\\\/amicale\\\/wp-content\\\/uploads\\\/Capture-decran-2026-04-22-204832.png\",\"keywords\":[\"armement\",\"avion\",\"m\u00e9moire\",\"militaire\",\"Nice\",\"ONU\",\"Op\u00e9ration militaire\",\"Op\u00e9ration militaire sp\u00e9ciale\",\"relation\"],\"articleSection\":[\"2020-2030\",\"Actualit\u00e9s\"],\"inLanguage\":\"fr-FR\",\"potentialAction\":[{\"@type\":\"CommentAction\",\"name\":\"Comment\",\"target\":[\"https:\\\/\\\/aassdn.org\\\/amicale\\\/liban-deces-dun-second-militaire-francais-engage-sur-loperation-daman\\\/#respond\"]}]},{\"@type\":\"WebPage\",\"@id\":\"https:\\\/\\\/aassdn.org\\\/amicale\\\/liban-deces-dun-second-militaire-francais-engage-sur-loperation-daman\\\/\",\"url\":\"https:\\\/\\\/aassdn.org\\\/amicale\\\/liban-deces-dun-second-militaire-francais-engage-sur-loperation-daman\\\/\",\"name\":\"Liban : D\u00e9c\u00e8s d\u2019un second militaire fran\u00e7ais engag\u00e9 sur l\u2019op\u00e9ration \u00ab\u00a0DAMAN \u00bb | AASSDN | Anciens et Amis des Services Sp\u00e9ciaux\",\"isPartOf\":{\"@id\":\"https:\\\/\\\/aassdn.org\\\/amicale\\\/#website\"},\"primaryImageOfPage\":{\"@id\":\"https:\\\/\\\/aassdn.org\\\/amicale\\\/liban-deces-dun-second-militaire-francais-engage-sur-loperation-daman\\\/#primaryimage\"},\"image\":{\"@id\":\"https:\\\/\\\/aassdn.org\\\/amicale\\\/liban-deces-dun-second-militaire-francais-engage-sur-loperation-daman\\\/#primaryimage\"},\"thumbnailUrl\":\"https:\\\/\\\/aassdn.org\\\/amicale\\\/wp-content\\\/uploads\\\/Capture-decran-2026-04-22-204832.png\",\"datePublished\":\"2026-04-22T18:55:44+00:00\",\"dateModified\":\"2026-04-22T19:02:17+00:00\",\"breadcrumb\":{\"@id\":\"https:\\\/\\\/aassdn.org\\\/amicale\\\/liban-deces-dun-second-militaire-francais-engage-sur-loperation-daman\\\/#breadcrumb\"},\"inLanguage\":\"fr-FR\",\"potentialAction\":[{\"@type\":\"ReadAction\",\"target\":[\"https:\\\/\\\/aassdn.org\\\/amicale\\\/liban-deces-dun-second-militaire-francais-engage-sur-loperation-daman\\\/\"]}]},{\"@type\":\"ImageObject\",\"inLanguage\":\"fr-FR\",\"@id\":\"https:\\\/\\\/aassdn.org\\\/amicale\\\/liban-deces-dun-second-militaire-francais-engage-sur-loperation-daman\\\/#primaryimage\",\"url\":\"https:\\\/\\\/aassdn.org\\\/amicale\\\/wp-content\\\/uploads\\\/Capture-decran-2026-04-22-204832.png\",\"contentUrl\":\"https:\\\/\\\/aassdn.org\\\/amicale\\\/wp-content\\\/uploads\\\/Capture-decran-2026-04-22-204832.png\",\"width\":1008,\"height\":619},{\"@type\":\"BreadcrumbList\",\"@id\":\"https:\\\/\\\/aassdn.org\\\/amicale\\\/liban-deces-dun-second-militaire-francais-engage-sur-loperation-daman\\\/#breadcrumb\",\"itemListElement\":[{\"@type\":\"ListItem\",\"position\":1,\"name\":\"Accueil\",\"item\":\"https:\\\/\\\/aassdn.org\\\/amicale\\\/\"},{\"@type\":\"ListItem\",\"position\":2,\"name\":\"Liban : D\u00e9c\u00e8s d\u2019un second militaire fran\u00e7ais engag\u00e9 sur l\u2019op\u00e9ration \u00ab\u00a0DAMAN \u00bb\"}]},{\"@type\":\"WebSite\",\"@id\":\"https:\\\/\\\/aassdn.org\\\/amicale\\\/#website\",\"url\":\"https:\\\/\\\/aassdn.org\\\/amicale\\\/\",\"name\":\"AASSDN | Anciens et Amis des Services Sp\u00e9ciaux\",\"description\":\"Services sp\u00e9ciaux : Des h\u00e9ros anonymes au service exclusif de la France\",\"publisher\":{\"@id\":\"https:\\\/\\\/aassdn.org\\\/amicale\\\/#organization\"},\"potentialAction\":[{\"@type\":\"SearchAction\",\"target\":{\"@type\":\"EntryPoint\",\"urlTemplate\":\"https:\\\/\\\/aassdn.org\\\/amicale\\\/?s={search_term_string}\"},\"query-input\":{\"@type\":\"PropertyValueSpecification\",\"valueRequired\":true,\"valueName\":\"search_term_string\"}}],\"inLanguage\":\"fr-FR\"},{\"@type\":\"Organization\",\"@id\":\"https:\\\/\\\/aassdn.org\\\/amicale\\\/#organization\",\"name\":\"AASSDN | Anciens et Amis des Services Sp\u00e9ciaux\",\"url\":\"https:\\\/\\\/aassdn.org\\\/amicale\\\/\",\"logo\":{\"@type\":\"ImageObject\",\"inLanguage\":\"fr-FR\",\"@id\":\"https:\\\/\\\/aassdn.org\\\/amicale\\\/#\\\/schema\\\/logo\\\/image\\\/\",\"url\":\"https:\\\/\\\/aassdn.org\\\/amicale\\\/wp-content\\\/uploads\\\/Logo_AASSDN_transparent2.png\",\"contentUrl\":\"https:\\\/\\\/aassdn.org\\\/amicale\\\/wp-content\\\/uploads\\\/Logo_AASSDN_transparent2.png\",\"width\":1832,\"height\":1609,\"caption\":\"AASSDN | Anciens et Amis des Services Sp\u00e9ciaux\"},\"image\":{\"@id\":\"https:\\\/\\\/aassdn.org\\\/amicale\\\/#\\\/schema\\\/logo\\\/image\\\/\"}},{\"@type\":\"Person\",\"@id\":\"https:\\\/\\\/aassdn.org\\\/amicale\\\/#\\\/schema\\\/person\\\/8e950b11c74c24df36dc8e172f9451f4\",\"name\":\"AASSDN\",\"image\":{\"@type\":\"ImageObject\",\"inLanguage\":\"fr-FR\",\"@id\":\"https:\\\/\\\/secure.gravatar.com\\\/avatar\\\/fd0b6d50e70e6f0ed2d0d0ed7be3689bc93c931340a70ec36db416b5f0486016?s=96&d=mm&r=g\",\"url\":\"https:\\\/\\\/secure.gravatar.com\\\/avatar\\\/fd0b6d50e70e6f0ed2d0d0ed7be3689bc93c931340a70ec36db416b5f0486016?s=96&d=mm&r=g\",\"contentUrl\":\"https:\\\/\\\/secure.gravatar.com\\\/avatar\\\/fd0b6d50e70e6f0ed2d0d0ed7be3689bc93c931340a70ec36db416b5f0486016?s=96&d=mm&r=g\",\"caption\":\"AASSDN\"},\"url\":\"https:\\\/\\\/aassdn.org\\\/amicale\\\/author\\\/laure-fanjeau\\\/\"}]}<\/script>\n<!-- \/ Yoast SEO plugin. -->","yoast_head_json":{"title":"Liban : D\u00e9c\u00e8s d\u2019un second militaire fran\u00e7ais engag\u00e9 sur l\u2019op\u00e9ration \u00ab\u00a0DAMAN \u00bb | AASSDN | Anciens et Amis des Services Sp\u00e9ciaux","robots":{"index":"index","follow":"follow","max-snippet":"max-snippet:-1","max-image-preview":"max-image-preview:large","max-video-preview":"max-video-preview:-1"},"canonical":"https:\/\/aassdn.org\/amicale\/liban-deces-dun-second-militaire-francais-engage-sur-loperation-daman\/","og_locale":"fr_FR","og_type":"article","og_title":"Liban : D\u00e9c\u00e8s d\u2019un second militaire fran\u00e7ais engag\u00e9 sur l\u2019op\u00e9ration \u00ab\u00a0DAMAN \u00bb | AASSDN | Anciens et Amis des Services Sp\u00e9ciaux","og_description":"Le 18 avril 2026 dernier, une patrouille fran\u00e7aise de la Force int\u00e9rimaire des Nations Unies au Liban (FINUL) a \u00e9t\u00e9 prise \u00e0 partie par un groupe arm\u00e9 dans le sud du Liban.Lors de cette action de combat ayant entra\u00een\u00e9 le d\u00e9c\u00e8s de l\u2019adjudant Florian MONTORIO, le caporal-chef Anicet GIRARDIN et deux autres soldats sont bless\u00e9s. [&hellip;]","og_url":"https:\/\/aassdn.org\/amicale\/liban-deces-dun-second-militaire-francais-engage-sur-loperation-daman\/","og_site_name":"AASSDN | Anciens et Amis des Services Sp\u00e9ciaux","article_published_time":"2026-04-22T18:55:44+00:00","article_modified_time":"2026-04-22T19:02:17+00:00","og_image":[{"width":1008,"height":619,"url":"https:\/\/aassdn.org\/amicale\/wp-content\/uploads\/Capture-decran-2026-04-22-204832.png","type":"image\/png"}],"author":"AASSDN","twitter_card":"summary_large_image","twitter_misc":{"\u00c9crit par":"AASSDN","Dur\u00e9e de lecture estim\u00e9e":"1 minute"},"schema":{"@context":"https:\/\/schema.org","@graph":[{"@type":"Article","@id":"https:\/\/aassdn.org\/amicale\/liban-deces-dun-second-militaire-francais-engage-sur-loperation-daman\/#article","isPartOf":{"@id":"https:\/\/aassdn.org\/amicale\/liban-deces-dun-second-militaire-francais-engage-sur-loperation-daman\/"},"author":{"name":"AASSDN","@id":"https:\/\/aassdn.org\/amicale\/#\/schema\/person\/8e950b11c74c24df36dc8e172f9451f4"},"headline":"Liban : D\u00e9c\u00e8s d\u2019un second militaire fran\u00e7ais engag\u00e9 sur l\u2019op\u00e9ration \u00ab\u00a0DAMAN \u00bb","datePublished":"2026-04-22T18:55:44+00:00","dateModified":"2026-04-22T19:02:17+00:00","mainEntityOfPage":{"@id":"https:\/\/aassdn.org\/amicale\/liban-deces-dun-second-militaire-francais-engage-sur-loperation-daman\/"},"wordCount":294,"commentCount":0,"publisher":{"@id":"https:\/\/aassdn.org\/amicale\/#organization"},"image":{"@id":"https:\/\/aassdn.org\/amicale\/liban-deces-dun-second-militaire-francais-engage-sur-loperation-daman\/#primaryimage"},"thumbnailUrl":"https:\/\/aassdn.org\/amicale\/wp-content\/uploads\/Capture-decran-2026-04-22-204832.png","keywords":["armement","avion","m\u00e9moire","militaire","Nice","ONU","Op\u00e9ration militaire","Op\u00e9ration militaire sp\u00e9ciale","relation"],"articleSection":["2020-2030","Actualit\u00e9s"],"inLanguage":"fr-FR","potentialAction":[{"@type":"CommentAction","name":"Comment","target":["https:\/\/aassdn.org\/amicale\/liban-deces-dun-second-militaire-francais-engage-sur-loperation-daman\/#respond"]}]},{"@type":"WebPage","@id":"https:\/\/aassdn.org\/amicale\/liban-deces-dun-second-militaire-francais-engage-sur-loperation-daman\/","url":"https:\/\/aassdn.org\/amicale\/liban-deces-dun-second-militaire-francais-engage-sur-loperation-daman\/","name":"Liban : D\u00e9c\u00e8s d\u2019un second militaire fran\u00e7ais engag\u00e9 sur l\u2019op\u00e9ration \u00ab\u00a0DAMAN \u00bb | AASSDN | Anciens et Amis des Services Sp\u00e9ciaux","isPartOf":{"@id":"https:\/\/aassdn.org\/amicale\/#website"},"primaryImageOfPage":{"@id":"https:\/\/aassdn.org\/amicale\/liban-deces-dun-second-militaire-francais-engage-sur-loperation-daman\/#primaryimage"},"image":{"@id":"https:\/\/aassdn.org\/amicale\/liban-deces-dun-second-militaire-francais-engage-sur-loperation-daman\/#primaryimage"},"thumbnailUrl":"https:\/\/aassdn.org\/amicale\/wp-content\/uploads\/Capture-decran-2026-04-22-204832.png","datePublished":"2026-04-22T18:55:44+00:00","dateModified":"2026-04-22T19:02:17+00:00","breadcrumb":{"@id":"https:\/\/aassdn.org\/amicale\/liban-deces-dun-second-militaire-francais-engage-sur-loperation-daman\/#breadcrumb"},"inLanguage":"fr-FR","potentialAction":[{"@type":"ReadAction","target":["https:\/\/aassdn.org\/amicale\/liban-deces-dun-second-militaire-francais-engage-sur-loperation-daman\/"]}]},{"@type":"ImageObject","inLanguage":"fr-FR","@id":"https:\/\/aassdn.org\/amicale\/liban-deces-dun-second-militaire-francais-engage-sur-loperation-daman\/#primaryimage","url":"https:\/\/aassdn.org\/amicale\/wp-content\/uploads\/Capture-decran-2026-04-22-204832.png","contentUrl":"https:\/\/aassdn.org\/amicale\/wp-content\/uploads\/Capture-decran-2026-04-22-204832.png","width":1008,"height":619},{"@type":"BreadcrumbList","@id":"https:\/\/aassdn.org\/amicale\/liban-deces-dun-second-militaire-francais-engage-sur-loperation-daman\/#breadcrumb","itemListElement":[{"@type":"ListItem","position":1,"name":"Accueil","item":"https:\/\/aassdn.org\/amicale\/"},{"@type":"ListItem","position":2,"name":"Liban : D\u00e9c\u00e8s d\u2019un second militaire fran\u00e7ais engag\u00e9 sur l\u2019op\u00e9ration \u00ab\u00a0DAMAN \u00bb"}]},{"@type":"WebSite","@id":"https:\/\/aassdn.org\/amicale\/#website","url":"https:\/\/aassdn.org\/amicale\/","name":"AASSDN | Anciens et Amis des Services Sp\u00e9ciaux","description":"Services sp\u00e9ciaux : Des h\u00e9ros anonymes au service exclusif de la France","publisher":{"@id":"https:\/\/aassdn.org\/amicale\/#organization"},"potentialAction":[{"@type":"SearchAction","target":{"@type":"EntryPoint","urlTemplate":"https:\/\/aassdn.org\/amicale\/?s={search_term_string}"},"query-input":{"@type":"PropertyValueSpecification","valueRequired":true,"valueName":"search_term_string"}}],"inLanguage":"fr-FR"},{"@type":"Organization","@id":"https:\/\/aassdn.org\/amicale\/#organization","name":"AASSDN | Anciens et Amis des Services Sp\u00e9ciaux","url":"https:\/\/aassdn.org\/amicale\/","logo":{"@type":"ImageObject","inLanguage":"fr-FR","@id":"https:\/\/aassdn.org\/amicale\/#\/schema\/logo\/image\/","url":"https:\/\/aassdn.org\/amicale\/wp-content\/uploads\/Logo_AASSDN_transparent2.png","contentUrl":"https:\/\/aassdn.org\/amicale\/wp-content\/uploads\/Logo_AASSDN_transparent2.png","width":1832,"height":1609,"caption":"AASSDN | Anciens et Amis des Services Sp\u00e9ciaux"},"image":{"@id":"https:\/\/aassdn.org\/amicale\/#\/schema\/logo\/image\/"}},{"@type":"Person","@id":"https:\/\/aassdn.org\/amicale\/#\/schema\/person\/8e950b11c74c24df36dc8e172f9451f4","name":"AASSDN","image":{"@type":"ImageObject","inLanguage":"fr-FR","@id":"https:\/\/secure.gravatar.com\/avatar\/fd0b6d50e70e6f0ed2d0d0ed7be3689bc93c931340a70ec36db416b5f0486016?s=96&d=mm&r=g","url":"https:\/\/secure.gravatar.com\/avatar\/fd0b6d50e70e6f0ed2d0d0ed7be3689bc93c931340a70ec36db416b5f0486016?s=96&d=mm&r=g","contentUrl":"https:\/\/secure.gravatar.com\/avatar\/fd0b6d50e70e6f0ed2d0d0ed7be3689bc93c931340a70ec36db416b5f0486016?s=96&d=mm&r=g","caption":"AASSDN"},"url":"https:\/\/aassdn.org\/amicale\/author\/laure-fanjeau\/"}]}},"_links":{"self":[{"href":"https:\/\/aassdn.org\/amicale\/wp-json\/wp\/v2\/posts\/25170","targetHints":{"allow":["GET"]}}],"collection":[{"href":"https:\/\/aassdn.org\/amicale\/wp-json\/wp\/v2\/posts"}],"about":[{"href":"https:\/\/aassdn.org\/amicale\/wp-json\/wp\/v2\/types\/post"}],"author":[{"embeddable":true,"href":"https:\/\/aassdn.org\/amicale\/wp-json\/wp\/v2\/users\/32"}],"replies":[{"embeddable":true,"href":"https:\/\/aassdn.org\/amicale\/wp-json\/wp\/v2\/comments?post=25170"}],"version-history":[{"count":0,"href":"https:\/\/aassdn.org\/amicale\/wp-json\/wp\/v2\/posts\/25170\/revisions"}],"wp:featuredmedia":[{"embeddable":true,"href":"https:\/\/aassdn.org\/amicale\/wp-json\/wp\/v2\/media\/25177"}],"wp:attachment":[{"href":"https:\/\/aassdn.org\/amicale\/wp-json\/wp\/v2\/media?parent=25170"}],"wp:term":[{"taxonomy":"category","embeddable":true,"href":"https:\/\/aassdn.org\/amicale\/wp-json\/wp\/v2\/categories?post=25170"},{"taxonomy":"post_tag","embeddable":true,"href":"https:\/\/aassdn.org\/amicale\/wp-json\/wp\/v2\/tags?post=25170"}],"curies":[{"name":"wp","href":"https:\/\/api.w.org\/{rel}","templated":true}]}}