{"id":2513,"date":"2021-10-29T10:00:31","date_gmt":"2021-10-29T08:00:31","guid":{"rendered":"https:\/\/aassdn.org\/amicale\/le-contre-espionnage-francais-entre-1936-et1940-par-le-general-guy-schlesser\/"},"modified":"2024-03-02T15:22:15","modified_gmt":"2024-03-02T14:22:15","slug":"le-contre-espionnage-francais-entre-1936-et1940-par-le-general-guy-schlesser","status":"publish","type":"post","link":"https:\/\/aassdn.org\/amicale\/le-contre-espionnage-francais-entre-1936-et1940-par-le-general-guy-schlesser\/","title":{"rendered":"Le Contre espionnage fran\u00e7ais entre 1936 et 1940 par le General Guy Schlesser"},"content":{"rendered":"<p align=\"left\"><strong>Guy Schlesser d\u00e9crit comment la France, devenue un &#8220;Paradis de l&#8217;espionnage&#8221; en 1936, a subi des activit\u00e9s d&#8217;espionnage intensives. La France, accueillant g\u00e9n\u00e9reusement les r\u00e9fugi\u00e9s sans filtrage efficace, a vu ses informations militaires compromises par la presse et les agents \u00e9trangers, facilitant le recrutement d&#8217;espions. Malgr\u00e9 les efforts pour prot\u00e9ger ses secrets militaires, la France \u00e9tait vuln\u00e9rable, aggrav\u00e9e par la l\u00e9g\u00e8ret\u00e9 des peines pour trahison. Schlesser, connaissant les faiblesses de la France en mati\u00e8re de contre-espionnage, a propos\u00e9 des r\u00e9formes pour renforcer la d\u00e9fense nationale. Il critique la passivit\u00e9 des autorit\u00e9s fran\u00e7aises face \u00e0 l&#8217;espionnage, soulignant l&#8217;urgence d&#8217;une action plus d\u00e9termin\u00e9e pour prot\u00e9ger la s\u00e9curit\u00e9 nationale.<\/strong><\/p>\n<p class=\"Style29 Style28\" align=\"left\"><strong>&#8211; I &#8211; LES FAITS<\/strong><\/p>\n<p class=\"Style28 Style29\" align=\"justify\">Que la France ait \u00e9t\u00e9, en 1936, le pays b\u00e9ni, le &#8220;Paradis de l&#8217;espionnage &#8220;, je con\u00e7ois qu&#8217;on s&#8217;en indigne. Mais qu&#8217;on s&#8217;en \u00e9tonne ? Il est des na\u00efvet\u00e9s qui vraiment ne sont pas permises. Il suffisait en toute objectivit\u00e9 de constater et de r\u00e9fl\u00e9chir.<\/p>\n<p>Pour ob\u00e9ir aux lois d&#8217;une traditionnelle hospitalit\u00e9, la France, par ses fronti\u00e8res largement ouvertes, accueillait trop g\u00e9n\u00e9reusement et pratiquement sans formalit\u00e9s tous les suspects du monde entier, tous les escrocs d&#8217;envergure, tous les expuls\u00e9s de toujours et de partout que des postes, ses &#8221; cribles &#8221; aux fronti\u00e8res, insuffisants en nombre et souvent en qualit\u00e9, \u00e9taient incapables de filtrer et que sa police sp\u00e9ciale, d\u00e9bord\u00e9e par tant d&#8217;autres occupations, \u00e9tait impuissante \u00e0 surveiller.<\/p>\n<p>Peut-on s&#8217;\u00e9tonner que dans les rangs de cette arm\u00e9e de sans travail internationaux, les services de renseignements \u00e9trangers aient, avec une extr\u00eame facilit\u00e9, recrut\u00e9 leurs innombrables agents apr\u00e8s les avoir d\u00e9guis\u00e9s en r\u00e9fugi\u00e9s politiques ?<\/p>\n<p>Leur coupable activit\u00e9 \u00e9tait orient\u00e9e par les pr\u00e9cieuses et redoutables indiscr\u00e9tions de la presse fran\u00e7aise, cette presse \u00e0 l&#8217;aff\u00fbt du secret militaire et qui en discutait publiquement pour le seul b\u00e9n\u00e9fice des S.R. \u00e9trangers.<br \/>\nJ&#8217;ai souvent dit que les journaux fran\u00e7ais &#8211; inconsciemment, j&#8217;en suis assur\u00e9 &#8211; \u00e9taient les meilleurs agents des services \u00e9trangers, les meilleurs et d&#8217;ailleurs les moins chers.<br \/>\nPour une centaine de francs par an &#8211; le prix d&#8217;un abonnement \u00e0 &#8221; La France Militaire &#8221; &#8211; les \u00e9tats-majors \u00e9trangers recueillaient des pr\u00e9cisions d&#8217;ordre militaire que le S.R. fran\u00e7ais ne parvenait \u00e0 rassembler que contre de lourdes sommes et apr\u00e8s de longs efforts. Bien mieux, cette documentation, abondante et pour ainsi dire gratuite, n&#8217;exigeait m\u00eame pas de recoupement : elle \u00e9tait officielle.<br \/>\nPeut-on s&#8217;\u00e9tonner que les agents de l&#8217;\u00e9tranger aient, sans effort, brod\u00e9 sur un canevas d\u00e9j\u00e0 tr\u00e8s complet !<\/p>\n<p>Accueillis chapeau bas \u00e0 la fronti\u00e8re et narguant une police dont l&#8217;impuissance \u00e9tait proverbiale outre-Rhin, ces soldats de l&#8217;\u00e9tranger mettaient au pillage le secret militaire, notre secret national mal surveill\u00e9 et insuffisamment gard\u00e9. D&#8217;autant moins bien gard\u00e9 que le Fran\u00e7ais, imprudemment confiant dans la loyaut\u00e9 de ceux qu&#8217;il avait la g\u00e9n\u00e9rosit\u00e9 d&#8217;accueillir, n&#8217;avait jamais eu la volont\u00e9 de se d\u00e9fendre.<br \/>\nAussi bien, les cambriolages devenaient inutiles. Pouvait-on vraiment s&#8217;en \u00e9tonner ? Comment aurait-il pu en \u00eatre autrement aussi longtemps que les \u00e9tats-majors, les corps, les services, ne disposaient &#8211; pour enfermer leurs secrets &#8211; que de mauvaises armoires en bois blanc barricad\u00e9es, si on peut dire, de m\u00e9chants cadenas achet\u00e9s en s\u00e9rie \u00e0 &#8221; Uniprix &#8220;.<\/p>\n<p>Je ne pouvais, h\u00e9las, pas ignorer l&#8217;inf\u00e9riorit\u00e9 de notre d\u00e9fense. Je savais trop bien que le S.R. fran\u00e7ais et les S.R. \u00e9trangers ne luttaient pas \u00e0 armes \u00e9gales. Pour avoir exerc\u00e9, de 1932 \u00e0 1934, les fonctions de Chef de la Section allemande du S.R., je connaissais mieux que quiconque les invraisemblables difficult\u00e9s auxquelles nous nous heurtions lorsque nous cherchions \u00e0 apprendre, au del\u00e0 du Rhin, ce qui \u00e9tait indispensable \u00e0 notre \u00e9tat-major. Nous \u00e9tions, au seuil de fronti\u00e8res imperm\u00e9ables, devant un syst\u00e8me imp\u00e9n\u00e9trable; de l&#8217;autre c\u00f4t\u00e9, tout \u00e9tait difficile, tout \u00e9tait pratiquement impossible. Chez nous, au contraire, tout \u00e9tait possible, tout \u00e9tait tellement facile, que nous en avons tout de suite exprim\u00e9 notre indignation.<br \/>\nCette indignation, un diptyque de faits, de chiffres compar\u00e9s, l&#8217;illustrera avec plus d&#8217;\u00e9loquence.<\/p>\n<p class=\"Style28 Style29\" align=\"justify\">\nS&#8217;est-on dout\u00e9, par exemple, en France, que la main-d&#8217;oeuvre \u00e9trang\u00e8re employ\u00e9e sur nos chantiers de fortifications ou dans nos usines travaillant pour la D\u00e9fense Nationale, atteignait et d\u00e9passait, pour certains d\u00e9partements &#8211; je pr\u00e9cise : la Meurthe-&amp;-Moselle &#8211; la proportion de 45% ?<\/p>\n<p>Sait-on que, de l&#8217;autre c\u00f4t\u00e9 du Rhin, un Allemand 100%, Allemand, aryen pur sang, dont toute la famille habitait l&#8217;Allemagne, mais dont un parent proche avait \u00e9migr\u00e9, se voyait refuser l&#8217;autorisation de travailler sur un chantier de fortifications ?<\/p>\n<p class=\"Style28 Style29\" align=\"justify\">\nVoil\u00e0 pour les travailleurs \u00e9trangers. Les oisifs, les ch\u00f4meurs que nous entretenions \u00e0 grands frais n&#8217;\u00e9taient pas moins redoutables.<\/p>\n<p>S&#8217;est-on dout\u00e9 qu&#8217;il y avait \u00e0 Paris, le 1er Juillet 1937, 16.987 Allemands ? Il y avait \u00e0 Berlin, \u00e0 la m\u00eame date, moins de 500 Fran\u00e7ais, et il \u00e9tait tout de m\u00eame plus facile de &#8211; surveiller ces 500 Fran\u00e7ais, d&#8217;ailleurs parfaitement inoffensifs puisqu&#8217;ils appartenaient pour la plupart aux familles de notre Ambassade, que ces quelques 17.000 Allemands l\u00e2ch\u00e9s en libert\u00e9 sur le trottoir parisien.<\/p>\n<p>Puisqu&#8217;il est question d&#8217;Ambassade, sait-on que les si\u00e8ges diplomatiques allemands n&#8217;utilisaient \u00e0 l&#8217;\u00e9tranger que du personnel allemand, 100% allemand et aryen pur sang. C&#8217;\u00e9tait logique et naturel.<\/p>\n<p>Et dans les Ambassades et Consulats fran\u00e7ais ? dira-t-on. Sans doute le Fran\u00e7ais n&#8217;aimait pas s&#8217;expatrier. On pouvait cependant esp\u00e9rer que quelques postes de chauffeurs, huissiers, t\u00e9l\u00e9phonistes, concierges, \u00e9taient confi\u00e9s \u00e0 de bons Fran\u00e7ais; or, tous les postes d&#8217;employ\u00e9s subalternes \u00e9taient tenus par du personnel autochtone, qui ne pouvait pas ne pas \u00eatre achet\u00e9.<\/p>\n<p>Un exemple encore : l&#8217;annuaire des officiers de l&#8217;arm\u00e9e active, cette pi\u00e8ce ma\u00eetresse de la documentation sur une arm\u00e9e \u00e9trang\u00e8re, \u00e9tait dans presque tous les pays du monde un document secret.<br \/>\nLe m\u00eame document se vendait en France dans toutes les bonnes librairies.<\/p>\n<p>Enfin, un dernier exemple, et celui-l\u00e0 le plus douloureux \u00e0 n&#8217;en pas douter. Qu&#8217;on imagine un Fran\u00e7ais, assez l\u00e2che pour trahir sa Patrie ! Concr\u00e9tisons : qu&#8217;un Fran\u00e7ais ait mis au pillage le coffre-fort du G\u00e9n\u00e9ral Chef d&#8217;E.M. G\u00e9n\u00e9ral de l&#8217;Arm\u00e9e fran\u00e7aise et qu&#8217;il en ait livr\u00e9 le contenu \u00e0 un service de renseignements ennemi. A condition que ce Fran\u00e7ais ait \u00e9t\u00e9 pris la main dans le sac, il risquait de lui en co\u00fbter au maximum cinq petites ann\u00e9es de prison. Depuis 1934, la peine avait \u00e9t\u00e9 port\u00e9e \u00e0 un maximum de vingt ann\u00e9es; sans doute \u00e9tait-ce mieux ! Mais de l&#8217;autre c\u00f4t\u00e9 du Rhin, c&#8217;\u00e9tait la MORT pour, simple suspicion d&#8217;espionnage et \u00e0 une cadence d&#8217;ailleurs effrayant.<\/p>\n<p>J&#8217;avais le devoir de rappeler cette situation en toute objectivit\u00e9 et sans aucun esprit de critique pour mieux faire comprendre les difficult\u00e9s consid\u00e9rables auxquelles se heurtait, dans son activit\u00e9, le S.R. fran\u00e7ais.<\/p>\n<p><strong>&#8211; II &#8211; LES CAUSES<\/strong><\/p>\n<p class=\"Style28 Style29\" align=\"justify\">Mais il ne suffisait pas de constater et de se lamenter. Il fallait d&#8217;abord d\u00e9terminer les causes de la carence de services dont, en 1936, j&#8217;allais prendre la direction, les d\u00e9terminer et les classer : elles \u00e9taient d&#8217;ordre mat\u00e9riel et d&#8217;ordre moral.<\/p>\n<p>a)- Les causes d&#8217;ordre mat\u00e9riel &#8211;<\/p>\n<p class=\"Style28 Style29\" align=\"justify\">\nLe contre-espionnage n&#8217;\u00e9tait pas organis\u00e9; ou plut\u00f4t il \u00e9tait organis\u00e9 pour une p\u00e9riode qui correspondait \u00e0 l&#8217;inertie des services \u00e9trangers, la p\u00e9riode de l&#8217;apr\u00e8s-guerre. Que cette organisation l\u00e9thargique, ou mieux cette inorganisation, ait v\u00e9cu plus de quinze ans malgr\u00e9 la menace qui, chaque jour, s&#8217;affirmait, c&#8217;est bien ce qui para\u00eet le plus surprenant.<br \/>\n&#8211; Jusqu&#8217;en 1936, le contre-espionnage qui d\u00e9pendait en temps de paix du Minist\u00e8re de l&#8217;Int\u00e9rieur, \u00e9tait confi\u00e9 \u00e0 des fonctionnaires de la S\u00fbret\u00e9 qui portaient le titre de Commissaires Sp\u00e9ciaux, chefs de secteur de contre-espionnage. On aurait pu imaginer, \u00e0 l&#8217;\u00e9nonc\u00e9 de ce titre, que le contre-espionnage \u00e9tait pour le moins leur t\u00e2che essentielle. Or ces fonctionnaires &#8211; qui d&#8217;ailleurs ne ch\u00f4maient pas &#8211; faisaient de tout, exactement de tout, sauf du contre-espionnage. Ils \u00e9taient une sorte de &#8221; bonne \u00e0 tout faire &#8221; \u00e0 la &#8221; botte &#8221; des Pr\u00e9fets qui les employaient, plus que jamais d&#8217;ailleurs pendant cette p\u00e9riode de troubles sociaux, \u00e0 des fins de politique int\u00e9rieure. De contre-espionnage ils ne s&#8217;occupaient, de leur propre aveu, que lorsqu&#8217;ils en avaient le temps, \u00e0 leurs instants de loisir. Et comme ils \u00e9taient not\u00e9s par les Pr\u00e9fets qui seuls r\u00e9glaient leur avancement, il \u00e9tait logique, il \u00e9tait humain surtout, qu&#8217;ils fassent passer en derni\u00e8re urgence des questions qui, si elles ne sont pas sp\u00e9cifiquement militaires, sont en tout cas de D\u00e9fense Nationale et n&#8217;atteignent qu&#8217; indirectement les int\u00e9r\u00eats d\u00e9partementaux. Sur les 136 commissaires sp\u00e9ciaux chefs de secteurs de contre-espionnage, une quinzaine au maximum, plus consciencieux ou mieux dou\u00e9s, s&#8217;int\u00e9ressaient \u00e0 ce qui ne leur paraissait \u00eatre qu&#8217;une partie n\u00e9gligeable de leur mission.<br \/>\n&#8211; Ils \u00e9taient 136 \u00e0 se partager le territoire de la m\u00e9tropole; ils r\u00e9gnaient donc chacun sur 1\/136\u00b0 de la France et c&#8217;est un domaine infiniment trop \u00e9troit pour des affaires d&#8217;espionnage qui, par d\u00e9finition, ont leur origine .\u00e0 l&#8217;\u00e9tranger et qui s&#8217;enchev\u00eatrent sur le territoire national. Il n&#8217;est pas rare qu&#8217;une piste d\u00e9couverte \u00e0 TOULON, m\u00e8ne \u00e0 BREST pour aboutir \u00e0 LILLE.<br \/>\nEnfin, puisque l&#8217;espionnage vise essentiellement le secret militaire, il e\u00fbt \u00e9t\u00e9 logique d&#8217;esp\u00e9rer une possibilit\u00e9 de collaboration de l&#8217;autorit\u00e9 civile et de l&#8217;autorit\u00e9 militaire : elle \u00e9tait \u00e0 peu pr\u00e8s inexistante. Certaine affaire retentissante, vieille de 40 ans et dont le spectre \u00e9tait p\u00e9riodiquement agit\u00e9, paralysait dans l&#8217;Arm\u00e9e les meilleures volont\u00e9s.<\/p>\n<p>b)- Les causes d&#8217;ordre moral &#8211;<\/p>\n<p class=\"Style28 Style29\" align=\"justify\">\nEt puis, il \u00e9tait d&#8217;autres causes et celles-l\u00e0 d&#8217;ordre moral. Si le rendement en mati\u00e8re de contre-espionnage \u00e9tait jusqu&#8217;en 1936 ridiculement d\u00e9risoire, c&#8217;est que l&#8217;apathie \u00e9tait g\u00e9n\u00e9ralis\u00e9e \u00e0 tous les \u00e9chelons, l&#8217;apathie, cette morne veulerie qui envahit, qui intoxique les arm\u00e9es victorieuses au risque d&#8217;engourdir leur cerveau, de paralyser leurs muscles et de les rendre impuissantes : l&#8217;arm\u00e9e fran\u00e7aise, pill\u00e9e jusque dans ses oeuvres vives, n&#8217;avait m\u00eame plus le courage de se d\u00e9fendre.<br \/>\nL&#8217;intol\u00e9rable faiblesse des juges militaires est un des signes les plus frappants de cette p\u00e9riode de l\u00e2chet\u00e9 : les accus\u00e9s b\u00e9n\u00e9ficiaient d&#8217;une scandaleuse indulgence.<\/p>\n<p>C&#8217;\u00e9tait aussi le fait de je ne sais quel scepticisme \u00e9l\u00e9gant et goguenard qui se refusait \u00e0 prendre le danger au s\u00e9rieux. En France, on ne voulait pas croire \u00e0 l&#8217;espionnage. On ne voulait pas croire que l&#8217;espionnage est autre chose qu&#8217;un sujet de film facile ou de roman policier. On ne voulait pas croire que l&#8217;espionnage est une r\u00e9alit\u00e9 tragique contre laquelle il faut lutter, il faut s&#8217;organiser pour lutter. On ne voulait pas croire que des Fran\u00e7ais, des militaires fran\u00e7ais trahissaient leur pays. Et cependant si on avait su le nombre grandissant de ceux qu&#8217;\u00e0 partir de l&#8217;ann\u00e9e 1936 nous avons fait arr\u00eater et condamner, l&#8217;opinion aurait \u00e9t\u00e9 profond\u00e9ment boulevers\u00e9e et, avec nous, douloureusement \u00e9mue.<\/p>\n<p>Aussi bien, \u00e9tions-nous tous d&#8217;accord, tous ceux qui comme moi se penchaient sur ce probl\u00e8me du contre-espionnage, pour affirmer : &#8221; Il faut que cela change &#8220;.<\/p>\n<p><strong>&#8211; III &#8211; LES REMEDES<\/strong><\/p>\n<p class=\"Style28 Style29\" align=\"justify\">\nAvoir d\u00e9fini les causes, c&#8217;\u00e9tait en m\u00eame temps pr\u00e9ciser les rem\u00e8des : dans l&#8217;ordre mat\u00e9riel, il fallait organiser, organiser pour POUVOIR. Et, dans l&#8217;ordre moral, il fallait VOULOIR; il n&#8217;\u00e9tait que de vouloir. On a souvent attribu\u00e9 nos succ\u00e8s au renforcement des effectifs. A la v\u00e9rit\u00e9, il fut infime. Et, d&#8217;ailleurs, il ne s&#8217;agissait pas tant d&#8217;augmenter le personnel d&#8217;un organisme d\u00e9suet. Ce qui importait, avant tout, c&#8217;\u00e9tait d&#8217;en changer l&#8217;esprit, c&#8217;\u00e9tait de transformer toutes les m\u00e9thodes pour aboutir \u00e0 une r\u00e9organisation totale.<\/p>\n<p>a )- Les rem\u00e8des d&#8217;ordre mat\u00e9riel &#8211;<\/p>\n<p class=\"Style28 Style29\" align=\"justify\">\nEn plein accord avec le Ministre de l&#8217;Int\u00e9rieur, nous avons estim\u00e9 qu&#8217;il fallait assurer l&#8217;ind\u00e9pendance et la sp\u00e9cialisation des organismes de contre-espionnage et leur d\u00e9centralisation en les jumelant avec les autorit\u00e9s militaires dont les attributions devraient \u00eatre nettement pr\u00e9cis\u00e9es.<br \/>\nTout en maintenant l&#8217;activit\u00e9 des commissaires sp\u00e9ciaux, le Minist\u00e8re de l&#8217;Int\u00e9rieur d\u00e9cida de cr\u00e9er des fonctionnaires &#8211; en nombre r\u00e9duit d&#8217;ailleurs (10 commissaires, 20 inspecteurs) &#8211; dont le seul r\u00f4le \u00e9tait de traiter les questions de contre-espionnage. Pour les distinguer des commissaires sp\u00e9ciaux chefs de secteurs de contre-espionnage, ils portaient le titre de commissaires de la surveillance du Territoire. Ind\u00e9pendants des Pr\u00e9fets, ils relevaient directement d&#8217;un organisme central \u00e0 Paris, le Contr\u00f4le G\u00e9n\u00e9ral de la Surveillance du Territoire.<br \/>\nEn plein accord avec le Ministre de l&#8217;Int\u00e9rieur, nous avons obtenu d&#8217;\u00e9largir leur horizon. Leur secteur, ou pour mieux dire leur &#8221; terrain de chasse &#8220;, correspondait \u00e0 une ou \u00e0 deux r\u00e9gions militaires. Et, pour affirmer cette liaison avec l&#8217;autorit\u00e9 militaire, nous les avons, toujours en plein accord avec le Minist\u00e8re de l&#8217;Int\u00e9rieur, plac\u00e9s imm\u00e9diatement \u00e0 c\u00f4t\u00e9 du G\u00e9n\u00e9ral commandant la R\u00e9gion. Ainsi avons-nous, pour reprendre le terme militaire, &#8221; jumel\u00e9 les postes de commandement &#8220;.<br \/>\nEnfin, parce que nous \u00e9tions dans la situation d&#8217;un homme rempli de bonne volont\u00e9 qui, devant cent leviers de commande, n&#8217;a que deux bras pour les manipuler, nous avons demand\u00e9 aux G\u00e9n\u00e9raux Commandants de R\u00e9gion Militaire une collaboration plus active. Aupr\u00e8s d&#8217;eux, nous avons plac\u00e9 un organisme qui devait prendre tout son d\u00e9veloppement en temps de guerre, le &#8220;B.C.R.&#8221; (Bureau de Centralisation des Renseignements) qui, dans chaque corps ou service, avait ses antennes, les officiers de contre-espionnage. Leur r\u00f4le \u00e9tait sans doute de recueillir les renseignements de contre-espionnage de leurs unit\u00e9s,et d&#8217;assurer, en liaison avec la S.N., la protection des points sensibles. Ils \u00e9taient enfin &#8211; c&#8217;\u00e9tait une r\u00e9forme capitale &#8211; charg\u00e9s d&#8217;assurer, sous la haute direction des G\u00e9n\u00e9raux commandants les R\u00e9gions, l&#8217;instruction des troupes et des services en mati\u00e8re de contre-espionnage.<\/p>\n<p>Et, puisque nous avions augment\u00e9 le nombre des rouages de ce nouvel organisme, il \u00e9tait n\u00e9cessaire, pour \u00e9viter les chocs, les heurts, les frictions, de pr\u00e9ciser les attributions respectives de chacun. D\u00e8s 1937, des textes approuv\u00e9s par les divers Minist\u00e8res, consacraient les r\u00e9formes essentielles.<br \/>\nLe Minist\u00e8re de l&#8217;Int\u00e9rieur d\u00e9cr\u00e9tait la sp\u00e9cialisation et le jumelage avec les Services de la D\u00e9fense Nationale. L&#8217;Etat-Major de l&#8217;Arm\u00e9e d\u00e9finissait ses attributions, et r\u00e9glementait l&#8217;instruction en mati\u00e8re de contre-espionnage.<br \/>\nLe 10 F\u00e9vrier 1939, un texte interminist\u00e9riel soudait l&#8217;ensemble et en prolongeait, dans le cadre des lois, l&#8217;action pour le temps de guerre. Enfin, &#8211; ce n&#8217;\u00e9tait pas le moindre succ\u00e8s apr\u00e8s deux ans de lutte &#8211; il attribuait officiellement \u00e0 S.C.R. la direction unique des services du contre-espionnage de tous les Minist\u00e8res de la D\u00e9fense Nationale.<br \/>\nLa r\u00e9organisation, d\u00e9sormais effective et consacr\u00e9e par des textes l\u00e9gislatifs n&#8217;aurait pas pleinement atteint son but, si un effort n&#8217;avait pas \u00e9t\u00e9 parall\u00e8lement consenti sur le plan de la r\u00e9pression. Pour couronner l&#8217;ensemble de l&#8217;\u00e9difice, le d\u00e9cret-loi de Juin 1938 punissait de la peine capitale le crime d&#8217;espionnage.<\/p>\n<p>Ainsi, en moins de deux ann\u00e9es, avait \u00e9t\u00e9 forg\u00e9, gr\u00e2ce \u00e0 un labeur incessant, l&#8217;outil indispensable aux services du contre-espionnage.<\/p>\n<p>b )- Les rem\u00e8des d&#8217;ordre moral &#8211;<\/p>\n<p class=\"Style28 Style29\" align=\"justify\">\nUne organisation th\u00e9oriquement, sch\u00e9matiquement parfaite, n&#8217;a de valeur que si elle est &#8221; anim\u00e9e &#8220;, au sens \u00e9tymologique du mot, c&#8217;est-\u00e0-dire si elle est parcourue d&#8217;un souffle de vie puissant.<br \/>\nL&#8217;articulation des services du contre-espionnage, si harmonieuse qu&#8217;elle f\u00fbt, ne pouvait raisonnablement jouer que si une entente absolue, une commune volont\u00e9 de r\u00e9alisation en soudait tous les organes.<br \/>\nDans d&#8217;autres pays, il suffisait au Chef du contre-espionnage d&#8217;appuyer sur un bouton : tous les habitants d&#8217;un village \u00e9taient imm\u00e9diatement arr\u00eat\u00e9s, et vingt ou trente d&#8217;entre eux, sur un ordre verbal, pass\u00e9s par les armes. Je ne souhaitais pas un pouvoir aussi absolu. Dieu merci ! la France s&#8217;honorera toujours d&#8217;avoir su rester un pays de libert\u00e9.<br \/>\nMais il faut bien comprendre que le Minist\u00e8re de la Guerre, qui \u00e9tait le plus directement vis\u00e9 par l&#8217;espionnage \u00e9tranger, n&#8217;avait pas le pouvoir de donner un ordre. A une hi\u00e9rarchie impossible, il \u00e9tait donc n\u00e9cessaire de substituer la liaison, et non pas la liaison par papier, qui est une liaison sans valeur, une liaison sans chaleur, une liaison morte, mais la liaison d&#8217;homme \u00e0 homme, une liaison vivante, la liaison des coeurs, avec tous ses b\u00e9n\u00e9fices.<br \/>\nCe que nous voulions, c&#8217;\u00e9tait, en parfait accord avec les Services civils, d\u00e9clarer la guerre \u00e0 l&#8217;apathie, \u00e0 l&#8217;inertie, \u00e0 la veulerie, qui ruinaient nos efforts. Nous \u00e9tions contre les impuissants, contre les timor\u00e9s, contre ceux qui de d\u00e9sespoir levaient les bras au ciel, contre ceux qu&#8217;Aristote appelait &#8221; les malheureux sur la route des : h\u00e9las &#8220;. Nous \u00e9tions, nous, pour ceux qui veulent, pour ceux qui croient. Il \u00e9tait temps que, dans tous les services du contre-espionnage, le fonctionnaire, si ponctuel qu&#8217;il fut, c\u00e9d\u00e2t enfin la place \u00e0 un chasseur, un chasseur passionn\u00e9 de son m\u00e9tier, qui avait le devoir d&#8217;\u00eatre \u00e0 l&#8217;aff\u00fbt de jour et de nuit, un chasseur qui avait dans son m\u00e9tier la foi qui soul\u00e8ve les montagnes, un chasseur mettant au service d&#8217;une volont\u00e9 froide une lucide intelligence et dont la qualit\u00e9 essentielle devait \u00eatre l&#8217;enthousiasme.<br \/>\nC&#8217;est dans cet esprit que nous avons essay\u00e9 de r\u00e9organiser les Services du Contre-espionnage fran\u00e7ais. C&#8217;est dans cet esprit que nous avons demand\u00e9 la collaboration de tous ceux, et ils \u00e9taient innombrables, qui pouvaient nous aider, de tous ceux qui, avec nous, pensaient que l&#8217;espionnage est la plus honteuse des trahisons et le plus grand crime contre la Patrie.<\/p>\n<p><strong><br \/>\n&#8211; IV \u2013 LES RESULTATS<\/strong><\/p>\n<p>La r\u00e9organisation du contre-espionnage a valu aux services fran\u00e7ais d&#8217;indiscutables r\u00e9sultats. Ils sont mat\u00e9rialis\u00e9s par des chiffres et des graphiques. Ils ont \u00e9t\u00e9 officiellement reconnus par le Ministre de la D\u00e9fense Nationale ainsi que par le G\u00e9n\u00e9ral commandant en Chef, avou\u00e9s par le S.R. allemand,et l&#8217;Intelligence Service a demand\u00e9, en termes \u00e9mouvants, \u00e0 s&#8217;inspirer des m\u00e9thodes que nous avions exp\u00e9riment\u00e9es.<br \/>\nLe rendement des services fran\u00e7ais \u00e9tait d&#8217;autant plus remarquable qu&#8217;ils disposaient d&#8217;un personnel r\u00e9duit et de fonds insignifiants.<\/p>\n<p>Toutes les demandes de renforcement des moyens ont toujours abouti \u00e0 un constant refus. Elles n&#8217;\u00e9taient cependant que trop justifi\u00e9es : l&#8217;\u00e9puration indispensable a exig\u00e9 un effort inlassable qui trop souvent a \u00e9t\u00e9 contrari\u00e9 par ceux qui ne voulaient pas se rendre \u00e0 l&#8217;\u00e9vidence.<br \/>\nUne campagne de conf\u00e9rences et de propagande par affiches, entreprise sans moyens financiers, avait invit\u00e9 l&#8217;Arm\u00e9e \u00e0 une v\u00e9ritable croisade contre l&#8217;espionnage. Mais, malgr\u00e9 les succ\u00e8s qu&#8217;elle enregistra, elle ne r\u00e9ussit ni \u00e0 convaincre ceux qui ne voulaient pas croire, ni \u00e0 briser l&#8217;hostilit\u00e9 manifeste de certains Minist\u00e8res.<\/p>\n<p>En particulier, le Minist\u00e8re des Affaires Etrang\u00e8res &#8211; qui avait sans doute d\u2019autres soucis &#8211; s&#8217;affirma l&#8217;irr\u00e9ductible adversaire de toutes les mesures indispensables qui auraient permis l&#8217;assainissement du pays.<\/p>\n<p>Malgr\u00e9 les demandes qui avaient \u00e9t\u00e9 formul\u00e9es d\u00e8s la fin de 1936 pour que le personnel fut remplac\u00e9, dans tous les Consulats et Ambassades, par des Fran\u00e7ais; malgr\u00e9 les ordres envoy\u00e9s en 1938 par la pr\u00e9sidence du Conseil, l&#8217;op\u00e9ration de nettoyage n&#8217;\u00e9tait pas encore commenc\u00e9e lorsque j&#8217;ai eu la bonne fortune de prouver, \u00e0 temps, que les codes les plus secrets avaient \u00e9t\u00e9 livr\u00e9s aux services adverses.<\/p>\n<p>Les expulsions d\u2019ind\u00e9sirables n&#8217;\u00e9taient pas ex\u00e9cut\u00e9es et les naturalisations injustifi\u00e9es se multipliaient contre le gr\u00e9 de mes services.<\/p>\n<p>L&#8217;invasion de la France par des &#8221; touristes &#8221; suspects, \u00e0 qui \u00e9tait souvent d\u00e9livr\u00e9 frauduleusement un passeport diplomatique, \u00e9tait tol\u00e9r\u00e9e, malgr\u00e9 les pressantes recommandations des Minist\u00e8res de l&#8217;Int\u00e9rieur et de la Guerre.<\/p>\n<p>Les arrestations d&#8217;\u00e9trangers \u00e9taient r\u00e9guli\u00e8rement critiqu\u00e9es ou plus simplement interdites.<\/p>\n<p>Enfin l&#8217;activit\u00e9 d&#8217;espionnage (ou nuisible aux int\u00e9r\u00eats de la D\u00e9fense Nationale) des Ambassades et des Consulats \u00e9trangers \u00e9tait vainement signal\u00e9e au Quai d&#8217;Orsay.<br \/>\nIl eut fallu r\u00e9agir par des mesures de r\u00e9torsion que le Minist\u00e8re des Affaires Etrang\u00e8res se refusait \u00e0 envisager.<\/p>\n<p>Au contraire, le Minist\u00e8re de l&#8217;Int\u00e9rieur a men\u00e9 loyalement avec les services de la D\u00e9fense Nationale une lutte sans merci aux agents de l&#8217;\u00e9tranger. Il a, sur notre demande, renforc\u00e9 les commissariats de surveillance du territoire et les relations les plus cordiales ont assur\u00e9 la meilleure collaboration de ses fonctionnaires et de mes officiers. Il ne faut d&#8217;ailleurs pas oublier que si, directement vis\u00e9s par la redoutable menace de l&#8217;espionnage \u00e9tranger, nous avions l&#8217;ambition d&#8217;animer la lutte, la responsabilit\u00e9 en appartenait au Minist\u00e8re de l&#8217;Int\u00e9rieur jusqu&#8217;\u00e0 la mobilisation et nous lui en laissions volontiers le b\u00e9n\u00e9fice moral. C&#8217;est dans cet esprit que M. DALADIER \u00e9crivait, sur notre demande, \u00e0 son coll\u00e8gue de l&#8217;Int\u00e9rieur, le 19 Ao\u00fbt 1937 la lettre ci-apr\u00e8s :\n<\/p>\n<p class=\"Style28 Style29\" align=\"justify\">&#8212;&#8212;&#8212;&#8212;&#8212;&#8212;&#8212;&#8212;&#8212;&#8212;&#8212;&#8212;&#8212;&#8212;&#8212;&#8212;&#8212;&#8212;&#8212;&#8212;&#8212;&#8212;&#8212;&#8212;&#8212;&#8212;&#8212;&#8212;&#8212;&#8212;&#8212;&#8212;&#8212;&#8212;&#8212;&#8212;-<br \/>\nMINISTERE DE LA DEFENSE NATIONALE<br \/>\nET DE LA GUERRE REPUBLIQUE FRANCAISE<br \/>\nEtat-Major de l&#8217;Arm\u00e9e<\/p>\n<p>2\u00b0 Bureau Paris , le 19 ao\u00fbt 1937<br \/>\nSection de Centralisation<br \/>\ndes Renseignements<br \/>\nN\u00b0 5544 2 \u2013 S.C.R.<br \/>\nB.M.A.<\/p>\n<p>Le MINISTRE de la DEFENSE NATIONALE et de la GUERRE<\/p>\n<p>\u00e0<br \/>\nMonsieur le MINISTRE de l&#8217;INTERIEUR<br \/>\n&#8211; Cabinet \u2013<\/p>\n<p>L&#8217;E&#8217;tat-Major de l&#8217;Arm\u00e9e a fait \u00e9tablir par son service de Renseignements le bilan des r\u00e9sultats obtenus par la S\u00fbret\u00e9 Nationale, dans le domaine du contre-espionnage au cours du Premier semestre 1937.<br \/>\nLe nombre des arrestations op\u00e9r\u00e9es pour infraction \u00e0 la Loi du 26 Janvier 1934, est sans pr\u00e9c\u00e9dent et d\u00e9passe toute attente. En particulier, l&#8217;offensive prise par la S\u00fbret\u00e9 Nationale, en collaboration avec la Section de contre-espionnage du Service des Renseignements contre les entreprises des services Allemands en France, a port\u00e9 un coup sensible \u00e0 ces derniers : elle a permis de les d\u00e9masquer, de les situer et d&#8217;\u00e9liminer leurs principaux agents.<\/p>\n<p>Ces brillants r\u00e9sultats sont dus par dessus tout au magnifique allant, \u00e0 la science et au d\u00e9vouement apport\u00e9s par les fonctionnaires du Contr\u00f4le G\u00e9n\u00e9ral de la Surveillance du Territoire sous la haute direction de Monsieur CASTAING, \u00e0 la poursuite d\u2019un des buts essentiels de la D\u00e9fense Nationale.<br \/>\nIls ont \u00e9t\u00e9 rendus possibles par l\u2019opportune r\u00e9organisation des services de contre-espionnage et par l\u2019adaptation r\u00e9solue de m\u00e9thodes de travail nouvelles \u00e0 l\u2019audace croissante et aux proc\u00e9d\u00e9s modernis\u00e9s des Services Etrangers.<\/p>\n<p>Il m&#8217;est particuli\u00e8rement agr\u00e9able de porter \u00e0 votre connaissance l\u2019extr\u00eame satisfaction que ces constatations m\u2019ont procur\u00e9e, et je vous serais reconnaissant de bien vouloir en transmettre l&#8217;expression tr\u00e8s vive aux fonctionnaires de la S\u00fbret\u00e9 Nationale collaborant avec les Services sp\u00e9ciaux de mon D\u00e9partement.<br \/>\nSign\u00e9 : DALADIER<\/p>\n<p class=\"Style28 Style29\" align=\"justify\">&#8212;&#8212;&#8212;&#8212;&#8212;&#8212;&#8212;&#8212;&#8212;&#8212;&#8212;&#8212;&#8212;&#8212;&#8212;&#8212;&#8212;&#8212;&#8212;&#8212;&#8212;&#8212;&#8212;&#8212;&#8212;&#8212;&#8212;&#8212;&#8212;&#8212;&#8212;&#8212;&#8212;&#8212;&#8212;&#8212;-<\/p>\n<p>C&#8217;est en temps de guerre que sont n\u00e9es les v\u00e9ritables difficult\u00e9s : elles d\u00e9passaient \u00e0 la v\u00e9rit\u00e9 le cadre de nos attributions puisqu&#8217;elles atteignaient directement, en la diminuant, l&#8217;autorit\u00e9 des G\u00e9n\u00e9raux commandant de R\u00e9gion qui \u00e9taient priv\u00e9s, par la volont\u00e9 du Gouvernement, d&#8217;une partie de leurs moyens. Leur collaboration a \u00e9t\u00e9 g\u00e9n\u00e9ralement difficile avec les Pr\u00e9fets, qui, ma\u00eetres en temps de paix de leur d\u00e9partement, n&#8217;estimaient pas n\u00e9cessaire de se d\u00e9pouiller de leurs pouvoirs de police comme le voulait la Loi de 1849. &#8221; L&#8217;assouplissement &#8221; de l&#8217;\u00e9tat de si\u00e8ge prescrit par le Gouvernement a entrav\u00e9 l&#8217;action des Commandants de R\u00e9gion, qui paraissent avoir, d\u00e8s le d\u00e9but d&#8217;une guerre sans op\u00e9rations, \u00e9t\u00e9 soup\u00e7onn\u00e9s d&#8217;abuser de leur toute puissance conf\u00e9r\u00e9e par la Loi.<\/p>\n<p>Il ne faut pas oublier non plus que la lutte contre les agissements du parti communiste, dans l&#8217;Arm\u00e9e et m\u00eame en temps de guerre, n&#8217;appartenait plus, depuis 1934, aux services du contre-espionnage de l&#8217;Etat-Major de l&#8217;Arm\u00e9e. Seul le Cabinet du Ministre \u00e9tait qualifi\u00e9 pour en traiter avec le Minist\u00e8re de l&#8217;Int\u00e9rieur.<br \/>\nAussi bien, si le territoire national avait \u00e9t\u00e9, \u00e0 la veille de la guerre, soigneusement expurg\u00e9, il n&#8217;est pas douteux que les services allemands, italiens et russes purent &#8221; injecter &#8221; de nouveaux agents d\u00e8s les premiers jours de la mobilisation A plusieurs reprises, j&#8217;ai protest\u00e9 contre ces facilit\u00e9s qui leur \u00e9taient maintenues et que justifiait, aux yeux des autorit\u00e9s civiles , la forme inattendue de la guerre. N\u00e9anmoins, la lutte contre leurs agissements a \u00e9t\u00e9 fructueuse et les arrestations si nombreuses en 1940 que les entreprises de l&#8217;espionnage et du sabotage ont \u00e9t\u00e9 beaucoup plus limit\u00e9es que pendant la guerre de 1914-1918.<br \/>\nOn a beaucoup parl\u00e9, il est vrai, au cours des op\u00e9rations, de l&#8217;intense activit\u00e9 d&#8217;une &#8221; cinqui\u00e8me colonne &#8220;. A la v\u00e9rit\u00e9, parachutistes et cinqui\u00e8me colonne en France n&#8217;ont \u00e9t\u00e9 qu&#8217;une des armes les plus utiles de la propagande allemande. Ainsi pendant les huit premiers mois de la guerre, on a fait croire en France- que le &#8220;tra\u00eetre de Stuttgart&#8221; \u00e9tait si bien renseign\u00e9 qu&#8217;il annon\u00e7ait aux auditeurs les d\u00e9tails les plus pr\u00e9cis de leur vie quotidienne. Cette psychose collective devenait inqui\u00e9tante au point que le Service a d\u00fb \u00e9lever une protestation aupr\u00e8s du Cabinet du Ministre.<br \/>\nLa propagande allemande qui s&#8217;attaquait au moral ne r\u00e9ussissait que trop bien \u00e0 faire douter les Fran\u00e7ais d&#8217;eux-m\u00eames. Son succ\u00e8s ind\u00e9niable n&#8217;\u00e9tait possible dans un pays de froide raison, la patrie de Descartes et de Pascal, que parce que vingt ann\u00e9es d&#8217;apr\u00e8s guerre avaient dangereusement d\u00e9sax\u00e9 les esprits. Il avait \u00e9t\u00e9 soigneusement pr\u00e9par\u00e9 par l&#8217;effritement quotidien du moral que des publications de toute nature, des conf\u00e9rences, des mots d&#8217;ordre, avaient syst\u00e9matiquement entretenu.<\/p>\n<p>Si l&#8217;espionnage avait des objectifs pr\u00e9cis, la propagande \u00e9trang\u00e8re, infiniment perfide, n&#8217;avait pas moins bien d\u00e9fini ses buts. Petite cousine de l&#8217;espionnage, elle a \u00e9t\u00e9 aid\u00e9e, dans son action sournoise, par certains Fran\u00e7ais, trop nombreux h\u00e9las ! dont le snobisme exigeait qu&#8217;ils fussent plus internationaux que patriotes. Mal arm\u00e9s pour une lutte contre ce mal redoutable qui \u00e9tait en marge de leur activit\u00e9, mes services ont \u00e9tabli et transmis les dossiers \u00e9difiants de certains agents fran\u00e7ais de cette propagande criminelle, ceux-l\u00e0 m\u00eames qui furent jug\u00e9s pour trahison apr\u00e8s 1945 et que nous avions d\u00e9masqu\u00e9s avant la guerre. Mais notre cri d&#8217;alarme avait \u00e9t\u00e9 mal entendu ! Trop de personnages puissants risquaient alors d&#8217;\u00eatre compromis et, dans une soci\u00e9t\u00e9 o\u00f9 il \u00e9tait de bon ton de flirter avec tout ce qui n&#8217;\u00e9tait pas Fran\u00e7ais pur sang, il \u00e9tait malais\u00e9 d&#8217;apporter la preuve de leurs agissements int\u00e9ress\u00e9s. La d\u00e9composition du moral fran\u00e7ais, h\u00e2t\u00e9e par la propagande \u00e9trang\u00e8re, \u00e0 la veille de la guerre, a \u00e9t\u00e9 une des causes essentielles de la d\u00e9faite.<\/p>\n<p class=\"Style28 Style29\" align=\"justify\">\nDans un climat aussi peu favorable, la lutte contre la trahison ne pouvait qu&#8217;\u00eatre difficile : la France, pendant de trop longues ann\u00e9es, avait \u00e9t\u00e9 un v\u00e9ritable laboratoire d&#8217;espionnage.<br \/>\nIl n&#8217;\u00e9tait cependant que de vouloir : \u00e0 la veille du conflit la r\u00e9organisation du contre-espionnage avait rendu le Pays plus sain et plus propre. A l&#8217;armistice, les Allemands &#8211; cependant tout puissants &#8211; ne parvinrent pas \u00e0 briser l&#8217;outil que nous avions forg\u00e9 : souple et solide, entre les mains d&#8217;une \u00e9quipe merveilleusement dynamique, il devait \u00eatre assez adroitement mani\u00e9 pour que, malgr\u00e9 tant de difficult\u00e9s, une lutte impitoyable soit victorieusement poursuivie contre tous les agissements de l&#8217;ennemi jusqu&#8217;au moment tant attendu o\u00f9 sera lib\u00e9r\u00e9 notre &#8221; clair pays de France &#8220;.<\/p>\n<div class=\"pdfprnt-buttons pdfprnt-buttons-post pdfprnt-bottom-right\"><a href=\"https:\/\/aassdn.org\/amicale\/wp-json\/wp\/v2\/posts\/2513?print=pdf\" class=\"pdfprnt-button pdfprnt-button-pdf\" target=\"_blank\" ><img decoding=\"async\" data-src=\"https:\/\/aassdn.org\/amicale\/wp-content\/plugins\/pdf-print\/images\/pdf.png\" alt=\"image_pdf\" title=\"Afficher le PDF\" src=\"data:image\/svg+xml;base64,PHN2ZyB3aWR0aD0iMSIgaGVpZ2h0PSIxIiB4bWxucz0iaHR0cDovL3d3dy53My5vcmcvMjAwMC9zdmciPjwvc3ZnPg==\" class=\"lazyload\" style=\"--smush-placeholder-width: 32px; --smush-placeholder-aspect-ratio: 32\/32;\" \/><\/a><a href=\"https:\/\/aassdn.org\/amicale\/wp-json\/wp\/v2\/posts\/2513?print=print\" class=\"pdfprnt-button pdfprnt-button-print\" target=\"_blank\" ><\/a><\/div>","protected":false},"excerpt":{"rendered":"<p>Guy Schlesser d\u00e9crit comment la France, devenue un &#8220;Paradis de l&#8217;espionnage&#8221; en 1936, a subi des activit\u00e9s d&#8217;espionnage intensives. La France, accueillant g\u00e9n\u00e9reusement les r\u00e9fugi\u00e9s sans filtrage efficace, a vu ses informations militaires compromises par la presse et les agents \u00e9trangers, facilitant le recrutement d&#8217;espions. Malgr\u00e9 les efforts pour prot\u00e9ger ses secrets militaires, la France [&hellip;]<\/p>\n","protected":false},"author":1,"featured_media":2838,"comment_status":"closed","ping_status":"closed","sticky":false,"template":"","format":"standard","meta":{"_acf_changed":false,"footnotes":""},"categories":[95,143,76,152,271,114,79,153,146,150,106,99,78],"tags":[526,264,293,360,828,795,825,367,695,465,797,742,490,352,226,440,366,548,307,685,518,560,794,718,390,431,755,346,803,381,522,497,324,663,792,775,544,736,559,734,713,653,748,696,617,348,555,759,297,262,729,309,467,332,389,667,720,387,319,416,382,364,641,460,586,495],"class_list":["post-2513","post","type-post","status-publish","format-standard","has-post-thumbnail","hentry","category-1935-1940","category-1940-invasion-de-la-france","category-1939-1945-2eme-guerre-mondiale","category-comment-les-services-speciaux-francais-etaitent-ils-organises","category-contre-espionnage","category-europe-de-louest","category-extraits-de-bulletin","category-general-guy-schlesser","category-laction-des-services-avant-et-apres-1942","category-ou-etaient-les-agents-des-services-speciaux-avant-1942","category-renseignement","category-services-allemands","category-services-francais","tag-agents","tag-algerie","tag-allemagne","tag-allemands","tag-armee","tag-armistice","tag-arrestation","tag-avion","tag-collaboration","tag-colonisation","tag-commandant","tag-concierge","tag-conference","tag-conflit","tag-contre-espionnage","tag-contre-espionnage-francais","tag-courage","tag-crime","tag-defense","tag-defense-nationale","tag-documentation","tag-effectifs","tag-ennemi","tag-espion","tag-espionnage","tag-espions","tag-etat-major","tag-guerre","tag-invasion","tag-lutte","tag-methodes","tag-metropole","tag-militaire","tag-ministere-de-linterieur","tag-mission","tag-mobilisation","tag-occupation","tag-officier","tag-operations","tag-ordre","tag-organisation","tag-parachutistes","tag-paris","tag-patrie","tag-prison","tag-propagande","tag-rangers","tag-refugies","tag-relation","tag-renseignement","tag-s-r-francais","tag-sabotage","tag-secret","tag-securite-nationale","tag-service-de-renseignement","tag-services","tag-services-allemands","tag-services-de-renseignement","tag-services-francais","tag-services-speciaux","tag-succes","tag-surveillance","tag-trahison","tag-troupes","tag-verite","tag-village"],"acf":[],"yoast_head":"<!-- This site is optimized with the Yoast SEO plugin v27.4 - https:\/\/yoast.com\/product\/yoast-seo-wordpress\/ -->\n<title>Le Contre espionnage fran\u00e7ais entre 1936 et 1940 par le General Guy Schlesser | AASSDN | Anciens et Amis des Services Sp\u00e9ciaux<\/title>\n<meta name=\"robots\" content=\"index, follow, max-snippet:-1, max-image-preview:large, max-video-preview:-1\" \/>\n<link rel=\"canonical\" href=\"https:\/\/aassdn.org\/amicale\/le-contre-espionnage-francais-entre-1936-et1940-par-le-general-guy-schlesser\/\" \/>\n<meta property=\"og:locale\" content=\"fr_FR\" \/>\n<meta property=\"og:type\" content=\"article\" \/>\n<meta property=\"og:title\" content=\"Le Contre espionnage fran\u00e7ais entre 1936 et 1940 par le General Guy Schlesser | AASSDN | Anciens et Amis des Services Sp\u00e9ciaux\" \/>\n<meta property=\"og:description\" content=\"Guy Schlesser d\u00e9crit comment la France, devenue un &#8220;Paradis de l&#8217;espionnage&#8221; en 1936, a subi des activit\u00e9s d&#8217;espionnage intensives. La France, accueillant g\u00e9n\u00e9reusement les r\u00e9fugi\u00e9s sans filtrage efficace, a vu ses informations militaires compromises par la presse et les agents \u00e9trangers, facilitant le recrutement d&#8217;espions. Malgr\u00e9 les efforts pour prot\u00e9ger ses secrets militaires, la France [&hellip;]\" \/>\n<meta property=\"og:url\" content=\"https:\/\/aassdn.org\/amicale\/le-contre-espionnage-francais-entre-1936-et1940-par-le-general-guy-schlesser\/\" \/>\n<meta property=\"og:site_name\" content=\"AASSDN | Anciens et Amis des Services Sp\u00e9ciaux\" \/>\n<meta property=\"article:published_time\" content=\"2021-10-29T08:00:31+00:00\" \/>\n<meta property=\"article:modified_time\" content=\"2024-03-02T14:22:15+00:00\" \/>\n<meta property=\"og:image\" content=\"https:\/\/aassdn.org\/amicale\/wp-content\/uploads\/Guy20SCHLESSER21-e1635532940393.jpg\" \/>\n\t<meta property=\"og:image:width\" content=\"200\" \/>\n\t<meta property=\"og:image:height\" content=\"263\" \/>\n\t<meta property=\"og:image:type\" content=\"image\/jpeg\" \/>\n<meta name=\"author\" content=\"AASSDN\" \/>\n<meta name=\"twitter:card\" content=\"summary_large_image\" \/>\n<meta name=\"twitter:label1\" content=\"\u00c9crit par\" \/>\n\t<meta name=\"twitter:data1\" content=\"AASSDN\" \/>\n\t<meta name=\"twitter:label2\" content=\"Dur\u00e9e de lecture estim\u00e9e\" \/>\n\t<meta name=\"twitter:data2\" content=\"23 minutes\" \/>\n<script type=\"application\/ld+json\" class=\"yoast-schema-graph\">{\"@context\":\"https:\\\/\\\/schema.org\",\"@graph\":[{\"@type\":\"Article\",\"@id\":\"https:\\\/\\\/aassdn.org\\\/amicale\\\/le-contre-espionnage-francais-entre-1936-et1940-par-le-general-guy-schlesser\\\/#article\",\"isPartOf\":{\"@id\":\"https:\\\/\\\/aassdn.org\\\/amicale\\\/le-contre-espionnage-francais-entre-1936-et1940-par-le-general-guy-schlesser\\\/\"},\"author\":{\"name\":\"AASSDN\",\"@id\":\"https:\\\/\\\/aassdn.org\\\/amicale\\\/#\\\/schema\\\/person\\\/73800712a272e6d58a10a86ea9e59671\"},\"headline\":\"Le Contre espionnage fran\u00e7ais entre 1936 et 1940 par le General Guy Schlesser\",\"datePublished\":\"2021-10-29T08:00:31+00:00\",\"dateModified\":\"2024-03-02T14:22:15+00:00\",\"mainEntityOfPage\":{\"@id\":\"https:\\\/\\\/aassdn.org\\\/amicale\\\/le-contre-espionnage-francais-entre-1936-et1940-par-le-general-guy-schlesser\\\/\"},\"wordCount\":4935,\"publisher\":{\"@id\":\"https:\\\/\\\/aassdn.org\\\/amicale\\\/#organization\"},\"image\":{\"@id\":\"https:\\\/\\\/aassdn.org\\\/amicale\\\/le-contre-espionnage-francais-entre-1936-et1940-par-le-general-guy-schlesser\\\/#primaryimage\"},\"thumbnailUrl\":\"https:\\\/\\\/aassdn.org\\\/amicale\\\/wp-content\\\/uploads\\\/Guy20SCHLESSER21-e1635532940393.jpg\",\"keywords\":[\"agents\",\"Alg\u00e9rie\",\"Allemagne\",\"Allemands\",\"Arm\u00e9e\",\"armistice\",\"arrestation\",\"avion\",\"collaboration\",\"Colonisation\",\"Commandant\",\"Concierge\",\"conf\u00e9rence\",\"conflit\",\"contre-espionnage\",\"Contre-espionnage fran\u00e7ais\",\"courage\",\"crime\",\"d\u00e9fense\",\"D\u00e9fense Nationale\",\"documentation\",\"effectifs\",\"ennemi\",\"espion\",\"Espionnage\",\"espions\",\"Etat-Major\",\"guerre\",\"invasion\",\"lutte\",\"m\u00e9thodes\",\"M\u00e9tropole\",\"militaire\",\"Minist\u00e8re de l'Int\u00e9rieur\",\"mission\",\"mobilisation\",\"Occupation\",\"Officier\",\"op\u00e9rations\",\"ordre\",\"organisation\",\"parachutistes\",\"Paris\",\"patrie\",\"Prison\",\"propagande\",\"rangers\",\"r\u00e9fugi\u00e9s\",\"relation\",\"Renseignement\",\"S.R. fran\u00e7ais\",\"sabotage\",\"Secret\",\"s\u00e9curit\u00e9 nationale\",\"Service de Renseignement\",\"Services\",\"services allemands\",\"services de renseignement\",\"services fran\u00e7ais\",\"services sp\u00e9ciaux\",\"succ\u00e8s\",\"surveillance\",\"Trahison\",\"troupes\",\"v\u00e9rit\u00e9\",\"Village\"],\"articleSection\":[\"1935-1940\",\"1940 : Invasion de la France\",\"2\u00e8me Guerre Mondiale (1939-1945)\",\"Comment les Services Sp\u00e9ciaux fran\u00e7ais \u00e9taitent-ils organis\u00e9s ?\",\"Contre-espionnage\",\"Europe de l'Ouest\",\"Extraits de bulletin\",\"G\u00e9n\u00e9ral Guy Schlesser\",\"L'action des services avant et apr\u00e8s 1942\",\"O\u00f9 \u00e9taient les agents des Services sp\u00e9ciaux avant 1942 ?\",\"Renseignement\",\"Services allemands\",\"Services fran\u00e7ais\"],\"inLanguage\":\"fr-FR\"},{\"@type\":\"WebPage\",\"@id\":\"https:\\\/\\\/aassdn.org\\\/amicale\\\/le-contre-espionnage-francais-entre-1936-et1940-par-le-general-guy-schlesser\\\/\",\"url\":\"https:\\\/\\\/aassdn.org\\\/amicale\\\/le-contre-espionnage-francais-entre-1936-et1940-par-le-general-guy-schlesser\\\/\",\"name\":\"Le Contre espionnage fran\u00e7ais entre 1936 et 1940 par le General Guy Schlesser | AASSDN | Anciens et Amis des Services Sp\u00e9ciaux\",\"isPartOf\":{\"@id\":\"https:\\\/\\\/aassdn.org\\\/amicale\\\/#website\"},\"primaryImageOfPage\":{\"@id\":\"https:\\\/\\\/aassdn.org\\\/amicale\\\/le-contre-espionnage-francais-entre-1936-et1940-par-le-general-guy-schlesser\\\/#primaryimage\"},\"image\":{\"@id\":\"https:\\\/\\\/aassdn.org\\\/amicale\\\/le-contre-espionnage-francais-entre-1936-et1940-par-le-general-guy-schlesser\\\/#primaryimage\"},\"thumbnailUrl\":\"https:\\\/\\\/aassdn.org\\\/amicale\\\/wp-content\\\/uploads\\\/Guy20SCHLESSER21-e1635532940393.jpg\",\"datePublished\":\"2021-10-29T08:00:31+00:00\",\"dateModified\":\"2024-03-02T14:22:15+00:00\",\"breadcrumb\":{\"@id\":\"https:\\\/\\\/aassdn.org\\\/amicale\\\/le-contre-espionnage-francais-entre-1936-et1940-par-le-general-guy-schlesser\\\/#breadcrumb\"},\"inLanguage\":\"fr-FR\",\"potentialAction\":[{\"@type\":\"ReadAction\",\"target\":[\"https:\\\/\\\/aassdn.org\\\/amicale\\\/le-contre-espionnage-francais-entre-1936-et1940-par-le-general-guy-schlesser\\\/\"]}]},{\"@type\":\"ImageObject\",\"inLanguage\":\"fr-FR\",\"@id\":\"https:\\\/\\\/aassdn.org\\\/amicale\\\/le-contre-espionnage-francais-entre-1936-et1940-par-le-general-guy-schlesser\\\/#primaryimage\",\"url\":\"https:\\\/\\\/aassdn.org\\\/amicale\\\/wp-content\\\/uploads\\\/Guy20SCHLESSER21-e1635532940393.jpg\",\"contentUrl\":\"https:\\\/\\\/aassdn.org\\\/amicale\\\/wp-content\\\/uploads\\\/Guy20SCHLESSER21-e1635532940393.jpg\",\"width\":200,\"height\":263},{\"@type\":\"BreadcrumbList\",\"@id\":\"https:\\\/\\\/aassdn.org\\\/amicale\\\/le-contre-espionnage-francais-entre-1936-et1940-par-le-general-guy-schlesser\\\/#breadcrumb\",\"itemListElement\":[{\"@type\":\"ListItem\",\"position\":1,\"name\":\"Accueil\",\"item\":\"https:\\\/\\\/aassdn.org\\\/amicale\\\/\"},{\"@type\":\"ListItem\",\"position\":2,\"name\":\"Le Contre espionnage fran\u00e7ais entre 1936 et 1940 par le General Guy Schlesser\"}]},{\"@type\":\"WebSite\",\"@id\":\"https:\\\/\\\/aassdn.org\\\/amicale\\\/#website\",\"url\":\"https:\\\/\\\/aassdn.org\\\/amicale\\\/\",\"name\":\"AASSDN | Anciens et Amis des Services Sp\u00e9ciaux\",\"description\":\"Services sp\u00e9ciaux : Des h\u00e9ros anonymes au service exclusif de la France\",\"publisher\":{\"@id\":\"https:\\\/\\\/aassdn.org\\\/amicale\\\/#organization\"},\"potentialAction\":[{\"@type\":\"SearchAction\",\"target\":{\"@type\":\"EntryPoint\",\"urlTemplate\":\"https:\\\/\\\/aassdn.org\\\/amicale\\\/?s={search_term_string}\"},\"query-input\":{\"@type\":\"PropertyValueSpecification\",\"valueRequired\":true,\"valueName\":\"search_term_string\"}}],\"inLanguage\":\"fr-FR\"},{\"@type\":\"Organization\",\"@id\":\"https:\\\/\\\/aassdn.org\\\/amicale\\\/#organization\",\"name\":\"AASSDN | Anciens et Amis des Services Sp\u00e9ciaux\",\"url\":\"https:\\\/\\\/aassdn.org\\\/amicale\\\/\",\"logo\":{\"@type\":\"ImageObject\",\"inLanguage\":\"fr-FR\",\"@id\":\"https:\\\/\\\/aassdn.org\\\/amicale\\\/#\\\/schema\\\/logo\\\/image\\\/\",\"url\":\"https:\\\/\\\/aassdn.org\\\/amicale\\\/wp-content\\\/uploads\\\/Logo_AASSDN_transparent2.png\",\"contentUrl\":\"https:\\\/\\\/aassdn.org\\\/amicale\\\/wp-content\\\/uploads\\\/Logo_AASSDN_transparent2.png\",\"width\":1832,\"height\":1609,\"caption\":\"AASSDN | Anciens et Amis des Services Sp\u00e9ciaux\"},\"image\":{\"@id\":\"https:\\\/\\\/aassdn.org\\\/amicale\\\/#\\\/schema\\\/logo\\\/image\\\/\"}},{\"@type\":\"Person\",\"@id\":\"https:\\\/\\\/aassdn.org\\\/amicale\\\/#\\\/schema\\\/person\\\/73800712a272e6d58a10a86ea9e59671\",\"name\":\"AASSDN\",\"image\":{\"@type\":\"ImageObject\",\"inLanguage\":\"fr-FR\",\"@id\":\"https:\\\/\\\/secure.gravatar.com\\\/avatar\\\/9653808d17788562e72d77e426d8d02775774239aefd00a9b4e852423d8e9d7e?s=96&d=mm&r=g\",\"url\":\"https:\\\/\\\/secure.gravatar.com\\\/avatar\\\/9653808d17788562e72d77e426d8d02775774239aefd00a9b4e852423d8e9d7e?s=96&d=mm&r=g\",\"contentUrl\":\"https:\\\/\\\/secure.gravatar.com\\\/avatar\\\/9653808d17788562e72d77e426d8d02775774239aefd00a9b4e852423d8e9d7e?s=96&d=mm&r=g\",\"caption\":\"AASSDN\"},\"sameAs\":[\"https:\\\/\\\/aassdn.org\\\/amicale\"],\"url\":\"https:\\\/\\\/aassdn.org\\\/amicale\\\/author\\\/wordpress\\\/\"}]}<\/script>\n<!-- \/ Yoast SEO plugin. -->","yoast_head_json":{"title":"Le Contre espionnage fran\u00e7ais entre 1936 et 1940 par le General Guy Schlesser | AASSDN | Anciens et Amis des Services Sp\u00e9ciaux","robots":{"index":"index","follow":"follow","max-snippet":"max-snippet:-1","max-image-preview":"max-image-preview:large","max-video-preview":"max-video-preview:-1"},"canonical":"https:\/\/aassdn.org\/amicale\/le-contre-espionnage-francais-entre-1936-et1940-par-le-general-guy-schlesser\/","og_locale":"fr_FR","og_type":"article","og_title":"Le Contre espionnage fran\u00e7ais entre 1936 et 1940 par le General Guy Schlesser | AASSDN | Anciens et Amis des Services Sp\u00e9ciaux","og_description":"Guy Schlesser d\u00e9crit comment la France, devenue un &#8220;Paradis de l&#8217;espionnage&#8221; en 1936, a subi des activit\u00e9s d&#8217;espionnage intensives. La France, accueillant g\u00e9n\u00e9reusement les r\u00e9fugi\u00e9s sans filtrage efficace, a vu ses informations militaires compromises par la presse et les agents \u00e9trangers, facilitant le recrutement d&#8217;espions. Malgr\u00e9 les efforts pour prot\u00e9ger ses secrets militaires, la France [&hellip;]","og_url":"https:\/\/aassdn.org\/amicale\/le-contre-espionnage-francais-entre-1936-et1940-par-le-general-guy-schlesser\/","og_site_name":"AASSDN | Anciens et Amis des Services Sp\u00e9ciaux","article_published_time":"2021-10-29T08:00:31+00:00","article_modified_time":"2024-03-02T14:22:15+00:00","og_image":[{"width":200,"height":263,"url":"https:\/\/aassdn.org\/amicale\/wp-content\/uploads\/Guy20SCHLESSER21-e1635532940393.jpg","type":"image\/jpeg"}],"author":"AASSDN","twitter_card":"summary_large_image","twitter_misc":{"\u00c9crit par":"AASSDN","Dur\u00e9e de lecture estim\u00e9e":"23 minutes"},"schema":{"@context":"https:\/\/schema.org","@graph":[{"@type":"Article","@id":"https:\/\/aassdn.org\/amicale\/le-contre-espionnage-francais-entre-1936-et1940-par-le-general-guy-schlesser\/#article","isPartOf":{"@id":"https:\/\/aassdn.org\/amicale\/le-contre-espionnage-francais-entre-1936-et1940-par-le-general-guy-schlesser\/"},"author":{"name":"AASSDN","@id":"https:\/\/aassdn.org\/amicale\/#\/schema\/person\/73800712a272e6d58a10a86ea9e59671"},"headline":"Le Contre espionnage fran\u00e7ais entre 1936 et 1940 par le General Guy Schlesser","datePublished":"2021-10-29T08:00:31+00:00","dateModified":"2024-03-02T14:22:15+00:00","mainEntityOfPage":{"@id":"https:\/\/aassdn.org\/amicale\/le-contre-espionnage-francais-entre-1936-et1940-par-le-general-guy-schlesser\/"},"wordCount":4935,"publisher":{"@id":"https:\/\/aassdn.org\/amicale\/#organization"},"image":{"@id":"https:\/\/aassdn.org\/amicale\/le-contre-espionnage-francais-entre-1936-et1940-par-le-general-guy-schlesser\/#primaryimage"},"thumbnailUrl":"https:\/\/aassdn.org\/amicale\/wp-content\/uploads\/Guy20SCHLESSER21-e1635532940393.jpg","keywords":["agents","Alg\u00e9rie","Allemagne","Allemands","Arm\u00e9e","armistice","arrestation","avion","collaboration","Colonisation","Commandant","Concierge","conf\u00e9rence","conflit","contre-espionnage","Contre-espionnage fran\u00e7ais","courage","crime","d\u00e9fense","D\u00e9fense Nationale","documentation","effectifs","ennemi","espion","Espionnage","espions","Etat-Major","guerre","invasion","lutte","m\u00e9thodes","M\u00e9tropole","militaire","Minist\u00e8re de l'Int\u00e9rieur","mission","mobilisation","Occupation","Officier","op\u00e9rations","ordre","organisation","parachutistes","Paris","patrie","Prison","propagande","rangers","r\u00e9fugi\u00e9s","relation","Renseignement","S.R. fran\u00e7ais","sabotage","Secret","s\u00e9curit\u00e9 nationale","Service de Renseignement","Services","services allemands","services de renseignement","services fran\u00e7ais","services sp\u00e9ciaux","succ\u00e8s","surveillance","Trahison","troupes","v\u00e9rit\u00e9","Village"],"articleSection":["1935-1940","1940 : Invasion de la France","2\u00e8me Guerre Mondiale (1939-1945)","Comment les Services Sp\u00e9ciaux fran\u00e7ais \u00e9taitent-ils organis\u00e9s ?","Contre-espionnage","Europe de l'Ouest","Extraits de bulletin","G\u00e9n\u00e9ral Guy Schlesser","L'action des services avant et apr\u00e8s 1942","O\u00f9 \u00e9taient les agents des Services sp\u00e9ciaux avant 1942 ?","Renseignement","Services allemands","Services fran\u00e7ais"],"inLanguage":"fr-FR"},{"@type":"WebPage","@id":"https:\/\/aassdn.org\/amicale\/le-contre-espionnage-francais-entre-1936-et1940-par-le-general-guy-schlesser\/","url":"https:\/\/aassdn.org\/amicale\/le-contre-espionnage-francais-entre-1936-et1940-par-le-general-guy-schlesser\/","name":"Le Contre espionnage fran\u00e7ais entre 1936 et 1940 par le General Guy Schlesser | AASSDN | Anciens et Amis des Services Sp\u00e9ciaux","isPartOf":{"@id":"https:\/\/aassdn.org\/amicale\/#website"},"primaryImageOfPage":{"@id":"https:\/\/aassdn.org\/amicale\/le-contre-espionnage-francais-entre-1936-et1940-par-le-general-guy-schlesser\/#primaryimage"},"image":{"@id":"https:\/\/aassdn.org\/amicale\/le-contre-espionnage-francais-entre-1936-et1940-par-le-general-guy-schlesser\/#primaryimage"},"thumbnailUrl":"https:\/\/aassdn.org\/amicale\/wp-content\/uploads\/Guy20SCHLESSER21-e1635532940393.jpg","datePublished":"2021-10-29T08:00:31+00:00","dateModified":"2024-03-02T14:22:15+00:00","breadcrumb":{"@id":"https:\/\/aassdn.org\/amicale\/le-contre-espionnage-francais-entre-1936-et1940-par-le-general-guy-schlesser\/#breadcrumb"},"inLanguage":"fr-FR","potentialAction":[{"@type":"ReadAction","target":["https:\/\/aassdn.org\/amicale\/le-contre-espionnage-francais-entre-1936-et1940-par-le-general-guy-schlesser\/"]}]},{"@type":"ImageObject","inLanguage":"fr-FR","@id":"https:\/\/aassdn.org\/amicale\/le-contre-espionnage-francais-entre-1936-et1940-par-le-general-guy-schlesser\/#primaryimage","url":"https:\/\/aassdn.org\/amicale\/wp-content\/uploads\/Guy20SCHLESSER21-e1635532940393.jpg","contentUrl":"https:\/\/aassdn.org\/amicale\/wp-content\/uploads\/Guy20SCHLESSER21-e1635532940393.jpg","width":200,"height":263},{"@type":"BreadcrumbList","@id":"https:\/\/aassdn.org\/amicale\/le-contre-espionnage-francais-entre-1936-et1940-par-le-general-guy-schlesser\/#breadcrumb","itemListElement":[{"@type":"ListItem","position":1,"name":"Accueil","item":"https:\/\/aassdn.org\/amicale\/"},{"@type":"ListItem","position":2,"name":"Le Contre espionnage fran\u00e7ais entre 1936 et 1940 par le General Guy Schlesser"}]},{"@type":"WebSite","@id":"https:\/\/aassdn.org\/amicale\/#website","url":"https:\/\/aassdn.org\/amicale\/","name":"AASSDN | Anciens et Amis des Services Sp\u00e9ciaux","description":"Services sp\u00e9ciaux : Des h\u00e9ros anonymes au service exclusif de la France","publisher":{"@id":"https:\/\/aassdn.org\/amicale\/#organization"},"potentialAction":[{"@type":"SearchAction","target":{"@type":"EntryPoint","urlTemplate":"https:\/\/aassdn.org\/amicale\/?s={search_term_string}"},"query-input":{"@type":"PropertyValueSpecification","valueRequired":true,"valueName":"search_term_string"}}],"inLanguage":"fr-FR"},{"@type":"Organization","@id":"https:\/\/aassdn.org\/amicale\/#organization","name":"AASSDN | Anciens et Amis des Services Sp\u00e9ciaux","url":"https:\/\/aassdn.org\/amicale\/","logo":{"@type":"ImageObject","inLanguage":"fr-FR","@id":"https:\/\/aassdn.org\/amicale\/#\/schema\/logo\/image\/","url":"https:\/\/aassdn.org\/amicale\/wp-content\/uploads\/Logo_AASSDN_transparent2.png","contentUrl":"https:\/\/aassdn.org\/amicale\/wp-content\/uploads\/Logo_AASSDN_transparent2.png","width":1832,"height":1609,"caption":"AASSDN | Anciens et Amis des Services Sp\u00e9ciaux"},"image":{"@id":"https:\/\/aassdn.org\/amicale\/#\/schema\/logo\/image\/"}},{"@type":"Person","@id":"https:\/\/aassdn.org\/amicale\/#\/schema\/person\/73800712a272e6d58a10a86ea9e59671","name":"AASSDN","image":{"@type":"ImageObject","inLanguage":"fr-FR","@id":"https:\/\/secure.gravatar.com\/avatar\/9653808d17788562e72d77e426d8d02775774239aefd00a9b4e852423d8e9d7e?s=96&d=mm&r=g","url":"https:\/\/secure.gravatar.com\/avatar\/9653808d17788562e72d77e426d8d02775774239aefd00a9b4e852423d8e9d7e?s=96&d=mm&r=g","contentUrl":"https:\/\/secure.gravatar.com\/avatar\/9653808d17788562e72d77e426d8d02775774239aefd00a9b4e852423d8e9d7e?s=96&d=mm&r=g","caption":"AASSDN"},"sameAs":["https:\/\/aassdn.org\/amicale"],"url":"https:\/\/aassdn.org\/amicale\/author\/wordpress\/"}]}},"_links":{"self":[{"href":"https:\/\/aassdn.org\/amicale\/wp-json\/wp\/v2\/posts\/2513","targetHints":{"allow":["GET"]}}],"collection":[{"href":"https:\/\/aassdn.org\/amicale\/wp-json\/wp\/v2\/posts"}],"about":[{"href":"https:\/\/aassdn.org\/amicale\/wp-json\/wp\/v2\/types\/post"}],"author":[{"embeddable":true,"href":"https:\/\/aassdn.org\/amicale\/wp-json\/wp\/v2\/users\/1"}],"replies":[{"embeddable":true,"href":"https:\/\/aassdn.org\/amicale\/wp-json\/wp\/v2\/comments?post=2513"}],"version-history":[{"count":0,"href":"https:\/\/aassdn.org\/amicale\/wp-json\/wp\/v2\/posts\/2513\/revisions"}],"wp:featuredmedia":[{"embeddable":true,"href":"https:\/\/aassdn.org\/amicale\/wp-json\/wp\/v2\/media\/2838"}],"wp:attachment":[{"href":"https:\/\/aassdn.org\/amicale\/wp-json\/wp\/v2\/media?parent=2513"}],"wp:term":[{"taxonomy":"category","embeddable":true,"href":"https:\/\/aassdn.org\/amicale\/wp-json\/wp\/v2\/categories?post=2513"},{"taxonomy":"post_tag","embeddable":true,"href":"https:\/\/aassdn.org\/amicale\/wp-json\/wp\/v2\/tags?post=2513"}],"curies":[{"name":"wp","href":"https:\/\/api.w.org\/{rel}","templated":true}]}}