{"id":2475,"date":"2021-10-29T10:00:27","date_gmt":"2021-10-29T08:00:27","guid":{"rendered":"https:\/\/aassdn.org\/amicale\/la-defaite-allemande-sauva-la-france-et-la-belgique-du-demembrement\/"},"modified":"2024-03-02T15:22:18","modified_gmt":"2024-03-02T14:22:18","slug":"la-defaite-allemande-sauva-la-france-et-la-belgique-du-demembrement","status":"publish","type":"post","link":"https:\/\/aassdn.org\/amicale\/la-defaite-allemande-sauva-la-france-et-la-belgique-du-demembrement\/","title":{"rendered":"La d\u00e9faite allemande sauva la France et la Belgique du d\u00e9membrement"},"content":{"rendered":"<p class=\"Style28 Style29\" style=\"text-align: left;\" align=\"center\">Dans l&#8217;hebdomadaire belge &#8221; Le Phare &#8220;, notre camarade J. WULLUS-RUDIGER, ancien professeur \u00e0 l&#8217;Ecole de Guerre de Bruxelles, r\u00e9v\u00e8lequelques aspects des ambitions de l&#8217;Allemagne hitl\u00e9rienne \u00e0 l&#8217;\u00e9gard de la France.<\/p>\n<p class=\"Style28 Style29\" align=\"justify\">M. WULLUS-RUDIGER qui fut, en mai 1940, adjoint au Chef de la Mission Militaire fran\u00e7aise pr\u00e8s le Gouvernement belge, puis membre de notre R\u00e9seau F.F.C. &#8221; Kl\u00e9ber &#8221; a \u00e9t\u00e9 en mesure de prendre connaissance de documents secrets allemands \u00e9tablissant de fa\u00e7on irr\u00e9futable les projets nazis relatifs au d\u00e9membrement de la France.<\/p>\n<p class=\"Style28 Style29\" align=\"justify\"><em>Voici l&#8217;essentiel de ce qu&#8217;il \u00e9crit<\/em> :<\/p>\n<p class=\"Style28 Style29\" align=\"justify\">Peu apr\u00e8s la conclusion de l&#8217;armistice de Compi\u00e8gne de 1940, Hitler, sans en r\u00e9f\u00e9rer \u00e0 son minist\u00e8re des Affaires \u00e9trang\u00e8res, chargea le Secr\u00e9taire d&#8217;Etat Stuckart, du minist\u00e8re de l&#8217;Int\u00e9rieur, de lui soumettre un projet d&#8217;annexions au d\u00e9triment de la France.<\/p>\n<p class=\"Style28 Style29\" align=\"justify\">Il l&#8217;avertit qu&#8217;il entendait annexer le Nord de la France jusqu&#8217;\u00e0 l&#8217;embouchure de la Somme, c&#8217;est-\u00e0-dire jusqu&#8217;\u00e0 Abbeville.<\/p>\n<p class=\"Style28 Style29\" align=\"justify\">Cette vaste r\u00e9gion devait constituer une province (Gau) dans laquelle serait englob\u00e9e la Belgique, \u00e0 l&#8217;exclusion de la province de Luxembourg (celle-ci devant faire partie avec le Grand-Duch\u00e9 de Luxembourg, d&#8217;une autre province allemande comprenant l&#8217;Alsace-Lorraine, dont l&#8217;annexion pure et simple avait d\u00e9j\u00e0 \u00e9t\u00e9 proclam\u00e9e).<\/p>\n<p class=\"Style28 Style29\" align=\"justify\">D&#8217;apr\u00e8s le plan soumis \u00e0 Hitler, la nouvelle fronti\u00e8re allemande dans le Nord de la France allait approximativement de l&#8217;embouchure de la Somme, \u00e0 la r\u00e9gion de Nancy ; d&#8217;o\u00f9 elle descendait vers la fronti\u00e8re suisse, \u00e0 hauteur de Pontarlier.<\/p>\n<p class=\"Style28 Style29\" align=\"justify\">En outre, le F\u00fchrer envisageait l&#8217;annexion de la Bourgogne, sous pr\u00e9texte que cette r\u00e9gion avait \u00e9t\u00e9 colonis\u00e9e jadis par la peuplade germanique des Burgondes, qui lui donna son nom.<\/p>\n<p class=\"Style28 Style29\" align=\"justify\">Cette annexion connut m\u00eame un d\u00e9but d&#8217;ex\u00e9cution. Himmler d\u00e9cida en effet, de coloniser la Bourgogne en y installant des m\u00e9nages tyroliens. Mais, par la suite, il lui sembla plus urgent d&#8217;installer ces Tyroliens en Crim\u00e9e ! Il d\u00e9clara alors nonchalamment \u00e0 Frauenfeld, le 10 juillet 1942 : &#8221; Il nous faudra donc trouver une autre peuplade ou une autre population pour coloniser la Bourgogne &#8220;. <em>Et pour confirmer ce qui pr\u00e9c\u00e8de, M. Wullus-Rudiger ajoute<\/em> :<\/p>\n<p class=\"Style28 Style29\" align=\"justify\">Le 26 avril 1942, Goebbels notait dans son agenda : &#8221; &#8230; En ce qui concerne la France, comme par le pass\u00e9 le F\u00fchrer estime que jamais nous n&#8217;aboutirons \u00e0 un accord avec elle en nous montrant conciliants.<\/p>\n<p class=\"Style28 Style29\" align=\"justify\">Les propos \u00e9voquant une collaboration sont purement \u00e9ph\u00e9m\u00e8res. Par ailleurs, \u00e0 pr\u00e9sent il veut voir des actes et non point entendre des paroles.<\/p>\n<p class=\"Style28 Style29\" align=\"justify\">Il d\u00e9clare : &#8221; Quelle que soit l&#8217;issue de la guerre, la France devra la payer cher, car &#8221; elle en fut la cause et l&#8217;a d\u00e9clench\u00e9e. Elle sera ramen\u00e9e \u00e0 ses fronti\u00e8res &#8221; de 1500 &#8220;, cela signifie que la Bourgogne fera retour au Reich. Cela nous rapportera un pays qui, en beaut\u00e9 comme en richesse, peut \u00e0 peine \u00eatre compar\u00e9 \u00e0 une autre province allemande \u2026 &#8220;<\/p>\n<p class=\"Style28 Style29\" align=\"justify\">Quatre jours apr\u00e8s, le 30 avril 1942, Goebbels notait : &#8221; Si les Fran\u00e7ais savaient ce qu&#8217;un jour le F\u00fchrer exigera d&#8217;eux, leurs yeux se rempliaient de larmes &#8220;.<\/p>\n<p class=\"Style28 Style29\" align=\"justify\">En janvier 1944 encore, Goebbels \u00e9crivait dans &#8221; Das Reich &#8221; : &#8221; Le peuple allemand r\u00e9clame, comme un droit naturel, le droit de diriger les peuples de l&#8217;Europe &#8220;.<\/p>\n<p class=\"Style28 Style29\" align=\"justify\">Nous livrons les t\u00e9moignages ci-dessus \u00e0 la m\u00e9ditation de ceux qui, \u00e0 l&#8217;instar de Pierre LAVAL, pr\u00e9conisaient l&#8217;entente entre la France et l&#8217;Allemagne nazie.<\/p>\n<p class=\"Style28 Style29\" align=\"justify\">A la v\u00e9rit\u00e9, dans l&#8217;Europe con\u00e7ue par Hitler, la France n&#8217;aurait plus exist\u00e9 en tant que telle, pas plus que la Belgique d&#8217;ailleurs. C\u2019est la coalition anti-hitl\u00e9rienne qui a sauv\u00e9 la France et du m\u00eame coup l&#8217;Europe.<\/p>\n<div class=\"pdfprnt-buttons pdfprnt-buttons-post pdfprnt-bottom-right\"><a href=\"https:\/\/aassdn.org\/amicale\/wp-json\/wp\/v2\/posts\/2475?print=pdf\" class=\"pdfprnt-button pdfprnt-button-pdf\" target=\"_blank\" ><img decoding=\"async\" data-src=\"https:\/\/aassdn.org\/amicale\/wp-content\/plugins\/pdf-print\/images\/pdf.png\" alt=\"image_pdf\" title=\"Afficher le PDF\" src=\"data:image\/svg+xml;base64,PHN2ZyB3aWR0aD0iMSIgaGVpZ2h0PSIxIiB4bWxucz0iaHR0cDovL3d3dy53My5vcmcvMjAwMC9zdmciPjwvc3ZnPg==\" class=\"lazyload\" style=\"--smush-placeholder-width: 32px; --smush-placeholder-aspect-ratio: 32\/32;\" \/><\/a><a href=\"https:\/\/aassdn.org\/amicale\/wp-json\/wp\/v2\/posts\/2475?print=print\" class=\"pdfprnt-button pdfprnt-button-print\" target=\"_blank\" ><\/a><\/div>","protected":false},"excerpt":{"rendered":"<p>Dans l&#8217;hebdomadaire belge &#8221; Le Phare &#8220;, notre camarade J. WULLUS-RUDIGER, ancien professeur \u00e0 l&#8217;Ecole de Guerre de Bruxelles, r\u00e9v\u00e8lequelques aspects des ambitions de l&#8217;Allemagne hitl\u00e9rienne \u00e0 l&#8217;\u00e9gard de la France. M. WULLUS-RUDIGER qui fut, en mai 1940, adjoint au Chef de la Mission Militaire fran\u00e7aise pr\u00e8s le Gouvernement belge, puis membre de notre R\u00e9seau [&hellip;]<\/p>\n","protected":false},"author":1,"featured_media":0,"comment_status":"closed","ping_status":"open","sticky":false,"template":"","format":"standard","meta":{"_acf_changed":false,"footnotes":""},"categories":[76,114,79,99],"tags":[205,245],"class_list":["post-2475","post","type-post","status-publish","format-standard","hentry","category-1939-1945-2eme-guerre-mondiale","category-europe-de-louest","category-extraits-de-bulletin","category-services-allemands","tag-adolf-hitler","tag-reseau-kleber"],"acf":[],"yoast_head":"<!-- This site is optimized with the Yoast SEO plugin v27.4 - https:\/\/yoast.com\/product\/yoast-seo-wordpress\/ -->\n<title>La d\u00e9faite allemande sauva la France et la Belgique du d\u00e9membrement | AASSDN | Anciens et Amis des Services Sp\u00e9ciaux<\/title>\n<meta name=\"robots\" content=\"index, follow, max-snippet:-1, max-image-preview:large, max-video-preview:-1\" \/>\n<link rel=\"canonical\" href=\"https:\/\/aassdn.org\/amicale\/la-defaite-allemande-sauva-la-france-et-la-belgique-du-demembrement\/\" \/>\n<meta property=\"og:locale\" content=\"fr_FR\" \/>\n<meta property=\"og:type\" content=\"article\" \/>\n<meta property=\"og:title\" content=\"La d\u00e9faite allemande sauva la France et la Belgique du d\u00e9membrement | AASSDN | Anciens et Amis des Services Sp\u00e9ciaux\" \/>\n<meta property=\"og:description\" content=\"Dans l&#8217;hebdomadaire belge &#8221; Le Phare &#8220;, notre camarade J. WULLUS-RUDIGER, ancien professeur \u00e0 l&#8217;Ecole de Guerre de Bruxelles, r\u00e9v\u00e8lequelques aspects des ambitions de l&#8217;Allemagne hitl\u00e9rienne \u00e0 l&#8217;\u00e9gard de la France. M. WULLUS-RUDIGER qui fut, en mai 1940, adjoint au Chef de la Mission Militaire fran\u00e7aise pr\u00e8s le Gouvernement belge, puis membre de notre R\u00e9seau [&hellip;]\" \/>\n<meta property=\"og:url\" content=\"https:\/\/aassdn.org\/amicale\/la-defaite-allemande-sauva-la-france-et-la-belgique-du-demembrement\/\" \/>\n<meta property=\"og:site_name\" content=\"AASSDN | Anciens et Amis des Services Sp\u00e9ciaux\" \/>\n<meta property=\"article:published_time\" content=\"2021-10-29T08:00:27+00:00\" \/>\n<meta property=\"article:modified_time\" content=\"2024-03-02T14:22:18+00:00\" \/>\n<meta name=\"author\" content=\"AASSDN\" \/>\n<meta name=\"twitter:card\" content=\"summary_large_image\" \/>\n<meta name=\"twitter:label1\" content=\"\u00c9crit par\" \/>\n\t<meta name=\"twitter:data1\" content=\"AASSDN\" \/>\n\t<meta name=\"twitter:label2\" content=\"Dur\u00e9e de lecture estim\u00e9e\" \/>\n\t<meta name=\"twitter:data2\" content=\"3 minutes\" \/>\n<script type=\"application\/ld+json\" class=\"yoast-schema-graph\">{\"@context\":\"https:\\\/\\\/schema.org\",\"@graph\":[{\"@type\":\"Article\",\"@id\":\"https:\\\/\\\/aassdn.org\\\/amicale\\\/la-defaite-allemande-sauva-la-france-et-la-belgique-du-demembrement\\\/#article\",\"isPartOf\":{\"@id\":\"https:\\\/\\\/aassdn.org\\\/amicale\\\/la-defaite-allemande-sauva-la-france-et-la-belgique-du-demembrement\\\/\"},\"author\":{\"name\":\"AASSDN\",\"@id\":\"https:\\\/\\\/aassdn.org\\\/amicale\\\/#\\\/schema\\\/person\\\/73800712a272e6d58a10a86ea9e59671\"},\"headline\":\"La d\u00e9faite allemande sauva la France et la Belgique du d\u00e9membrement\",\"datePublished\":\"2021-10-29T08:00:27+00:00\",\"dateModified\":\"2024-03-02T14:22:18+00:00\",\"mainEntityOfPage\":{\"@id\":\"https:\\\/\\\/aassdn.org\\\/amicale\\\/la-defaite-allemande-sauva-la-france-et-la-belgique-du-demembrement\\\/\"},\"wordCount\":648,\"publisher\":{\"@id\":\"https:\\\/\\\/aassdn.org\\\/amicale\\\/#organization\"},\"keywords\":[\"Adolf Hitler\",\"r\u00e9seau Kleber\"],\"articleSection\":[\"2\u00e8me Guerre Mondiale (1939-1945)\",\"Europe de l'Ouest\",\"Extraits de bulletin\",\"Services allemands\"],\"inLanguage\":\"fr-FR\"},{\"@type\":\"WebPage\",\"@id\":\"https:\\\/\\\/aassdn.org\\\/amicale\\\/la-defaite-allemande-sauva-la-france-et-la-belgique-du-demembrement\\\/\",\"url\":\"https:\\\/\\\/aassdn.org\\\/amicale\\\/la-defaite-allemande-sauva-la-france-et-la-belgique-du-demembrement\\\/\",\"name\":\"La d\u00e9faite allemande sauva la France et la Belgique du d\u00e9membrement | AASSDN | Anciens et Amis des Services Sp\u00e9ciaux\",\"isPartOf\":{\"@id\":\"https:\\\/\\\/aassdn.org\\\/amicale\\\/#website\"},\"datePublished\":\"2021-10-29T08:00:27+00:00\",\"dateModified\":\"2024-03-02T14:22:18+00:00\",\"breadcrumb\":{\"@id\":\"https:\\\/\\\/aassdn.org\\\/amicale\\\/la-defaite-allemande-sauva-la-france-et-la-belgique-du-demembrement\\\/#breadcrumb\"},\"inLanguage\":\"fr-FR\",\"potentialAction\":[{\"@type\":\"ReadAction\",\"target\":[\"https:\\\/\\\/aassdn.org\\\/amicale\\\/la-defaite-allemande-sauva-la-france-et-la-belgique-du-demembrement\\\/\"]}]},{\"@type\":\"BreadcrumbList\",\"@id\":\"https:\\\/\\\/aassdn.org\\\/amicale\\\/la-defaite-allemande-sauva-la-france-et-la-belgique-du-demembrement\\\/#breadcrumb\",\"itemListElement\":[{\"@type\":\"ListItem\",\"position\":1,\"name\":\"Accueil\",\"item\":\"https:\\\/\\\/aassdn.org\\\/amicale\\\/\"},{\"@type\":\"ListItem\",\"position\":2,\"name\":\"La d\u00e9faite allemande sauva la France et la Belgique du d\u00e9membrement\"}]},{\"@type\":\"WebSite\",\"@id\":\"https:\\\/\\\/aassdn.org\\\/amicale\\\/#website\",\"url\":\"https:\\\/\\\/aassdn.org\\\/amicale\\\/\",\"name\":\"AASSDN | Anciens et Amis des Services Sp\u00e9ciaux\",\"description\":\"Services sp\u00e9ciaux : Des h\u00e9ros anonymes au service exclusif de la France\",\"publisher\":{\"@id\":\"https:\\\/\\\/aassdn.org\\\/amicale\\\/#organization\"},\"potentialAction\":[{\"@type\":\"SearchAction\",\"target\":{\"@type\":\"EntryPoint\",\"urlTemplate\":\"https:\\\/\\\/aassdn.org\\\/amicale\\\/?s={search_term_string}\"},\"query-input\":{\"@type\":\"PropertyValueSpecification\",\"valueRequired\":true,\"valueName\":\"search_term_string\"}}],\"inLanguage\":\"fr-FR\"},{\"@type\":\"Organization\",\"@id\":\"https:\\\/\\\/aassdn.org\\\/amicale\\\/#organization\",\"name\":\"AASSDN | Anciens et Amis des Services Sp\u00e9ciaux\",\"url\":\"https:\\\/\\\/aassdn.org\\\/amicale\\\/\",\"logo\":{\"@type\":\"ImageObject\",\"inLanguage\":\"fr-FR\",\"@id\":\"https:\\\/\\\/aassdn.org\\\/amicale\\\/#\\\/schema\\\/logo\\\/image\\\/\",\"url\":\"https:\\\/\\\/aassdn.org\\\/amicale\\\/wp-content\\\/uploads\\\/Logo_AASSDN_transparent2.png\",\"contentUrl\":\"https:\\\/\\\/aassdn.org\\\/amicale\\\/wp-content\\\/uploads\\\/Logo_AASSDN_transparent2.png\",\"width\":1832,\"height\":1609,\"caption\":\"AASSDN | Anciens et Amis des Services Sp\u00e9ciaux\"},\"image\":{\"@id\":\"https:\\\/\\\/aassdn.org\\\/amicale\\\/#\\\/schema\\\/logo\\\/image\\\/\"}},{\"@type\":\"Person\",\"@id\":\"https:\\\/\\\/aassdn.org\\\/amicale\\\/#\\\/schema\\\/person\\\/73800712a272e6d58a10a86ea9e59671\",\"name\":\"AASSDN\",\"image\":{\"@type\":\"ImageObject\",\"inLanguage\":\"fr-FR\",\"@id\":\"https:\\\/\\\/secure.gravatar.com\\\/avatar\\\/9653808d17788562e72d77e426d8d02775774239aefd00a9b4e852423d8e9d7e?s=96&d=mm&r=g\",\"url\":\"https:\\\/\\\/secure.gravatar.com\\\/avatar\\\/9653808d17788562e72d77e426d8d02775774239aefd00a9b4e852423d8e9d7e?s=96&d=mm&r=g\",\"contentUrl\":\"https:\\\/\\\/secure.gravatar.com\\\/avatar\\\/9653808d17788562e72d77e426d8d02775774239aefd00a9b4e852423d8e9d7e?s=96&d=mm&r=g\",\"caption\":\"AASSDN\"},\"sameAs\":[\"https:\\\/\\\/aassdn.org\\\/amicale\"],\"url\":\"https:\\\/\\\/aassdn.org\\\/amicale\\\/author\\\/wordpress\\\/\"}]}<\/script>\n<!-- \/ Yoast SEO plugin. -->","yoast_head_json":{"title":"La d\u00e9faite allemande sauva la France et la Belgique du d\u00e9membrement | AASSDN | Anciens et Amis des Services Sp\u00e9ciaux","robots":{"index":"index","follow":"follow","max-snippet":"max-snippet:-1","max-image-preview":"max-image-preview:large","max-video-preview":"max-video-preview:-1"},"canonical":"https:\/\/aassdn.org\/amicale\/la-defaite-allemande-sauva-la-france-et-la-belgique-du-demembrement\/","og_locale":"fr_FR","og_type":"article","og_title":"La d\u00e9faite allemande sauva la France et la Belgique du d\u00e9membrement | AASSDN | Anciens et Amis des Services Sp\u00e9ciaux","og_description":"Dans l&#8217;hebdomadaire belge &#8221; Le Phare &#8220;, notre camarade J. WULLUS-RUDIGER, ancien professeur \u00e0 l&#8217;Ecole de Guerre de Bruxelles, r\u00e9v\u00e8lequelques aspects des ambitions de l&#8217;Allemagne hitl\u00e9rienne \u00e0 l&#8217;\u00e9gard de la France. M. WULLUS-RUDIGER qui fut, en mai 1940, adjoint au Chef de la Mission Militaire fran\u00e7aise pr\u00e8s le Gouvernement belge, puis membre de notre R\u00e9seau [&hellip;]","og_url":"https:\/\/aassdn.org\/amicale\/la-defaite-allemande-sauva-la-france-et-la-belgique-du-demembrement\/","og_site_name":"AASSDN | Anciens et Amis des Services Sp\u00e9ciaux","article_published_time":"2021-10-29T08:00:27+00:00","article_modified_time":"2024-03-02T14:22:18+00:00","author":"AASSDN","twitter_card":"summary_large_image","twitter_misc":{"\u00c9crit par":"AASSDN","Dur\u00e9e de lecture estim\u00e9e":"3 minutes"},"schema":{"@context":"https:\/\/schema.org","@graph":[{"@type":"Article","@id":"https:\/\/aassdn.org\/amicale\/la-defaite-allemande-sauva-la-france-et-la-belgique-du-demembrement\/#article","isPartOf":{"@id":"https:\/\/aassdn.org\/amicale\/la-defaite-allemande-sauva-la-france-et-la-belgique-du-demembrement\/"},"author":{"name":"AASSDN","@id":"https:\/\/aassdn.org\/amicale\/#\/schema\/person\/73800712a272e6d58a10a86ea9e59671"},"headline":"La d\u00e9faite allemande sauva la France et la Belgique du d\u00e9membrement","datePublished":"2021-10-29T08:00:27+00:00","dateModified":"2024-03-02T14:22:18+00:00","mainEntityOfPage":{"@id":"https:\/\/aassdn.org\/amicale\/la-defaite-allemande-sauva-la-france-et-la-belgique-du-demembrement\/"},"wordCount":648,"publisher":{"@id":"https:\/\/aassdn.org\/amicale\/#organization"},"keywords":["Adolf Hitler","r\u00e9seau Kleber"],"articleSection":["2\u00e8me Guerre Mondiale (1939-1945)","Europe de l'Ouest","Extraits de bulletin","Services allemands"],"inLanguage":"fr-FR"},{"@type":"WebPage","@id":"https:\/\/aassdn.org\/amicale\/la-defaite-allemande-sauva-la-france-et-la-belgique-du-demembrement\/","url":"https:\/\/aassdn.org\/amicale\/la-defaite-allemande-sauva-la-france-et-la-belgique-du-demembrement\/","name":"La d\u00e9faite allemande sauva la France et la Belgique du d\u00e9membrement | AASSDN | Anciens et Amis des Services Sp\u00e9ciaux","isPartOf":{"@id":"https:\/\/aassdn.org\/amicale\/#website"},"datePublished":"2021-10-29T08:00:27+00:00","dateModified":"2024-03-02T14:22:18+00:00","breadcrumb":{"@id":"https:\/\/aassdn.org\/amicale\/la-defaite-allemande-sauva-la-france-et-la-belgique-du-demembrement\/#breadcrumb"},"inLanguage":"fr-FR","potentialAction":[{"@type":"ReadAction","target":["https:\/\/aassdn.org\/amicale\/la-defaite-allemande-sauva-la-france-et-la-belgique-du-demembrement\/"]}]},{"@type":"BreadcrumbList","@id":"https:\/\/aassdn.org\/amicale\/la-defaite-allemande-sauva-la-france-et-la-belgique-du-demembrement\/#breadcrumb","itemListElement":[{"@type":"ListItem","position":1,"name":"Accueil","item":"https:\/\/aassdn.org\/amicale\/"},{"@type":"ListItem","position":2,"name":"La d\u00e9faite allemande sauva la France et la Belgique du d\u00e9membrement"}]},{"@type":"WebSite","@id":"https:\/\/aassdn.org\/amicale\/#website","url":"https:\/\/aassdn.org\/amicale\/","name":"AASSDN | Anciens et Amis des Services Sp\u00e9ciaux","description":"Services sp\u00e9ciaux : Des h\u00e9ros anonymes au service exclusif de la France","publisher":{"@id":"https:\/\/aassdn.org\/amicale\/#organization"},"potentialAction":[{"@type":"SearchAction","target":{"@type":"EntryPoint","urlTemplate":"https:\/\/aassdn.org\/amicale\/?s={search_term_string}"},"query-input":{"@type":"PropertyValueSpecification","valueRequired":true,"valueName":"search_term_string"}}],"inLanguage":"fr-FR"},{"@type":"Organization","@id":"https:\/\/aassdn.org\/amicale\/#organization","name":"AASSDN | Anciens et Amis des Services Sp\u00e9ciaux","url":"https:\/\/aassdn.org\/amicale\/","logo":{"@type":"ImageObject","inLanguage":"fr-FR","@id":"https:\/\/aassdn.org\/amicale\/#\/schema\/logo\/image\/","url":"https:\/\/aassdn.org\/amicale\/wp-content\/uploads\/Logo_AASSDN_transparent2.png","contentUrl":"https:\/\/aassdn.org\/amicale\/wp-content\/uploads\/Logo_AASSDN_transparent2.png","width":1832,"height":1609,"caption":"AASSDN | Anciens et Amis des Services Sp\u00e9ciaux"},"image":{"@id":"https:\/\/aassdn.org\/amicale\/#\/schema\/logo\/image\/"}},{"@type":"Person","@id":"https:\/\/aassdn.org\/amicale\/#\/schema\/person\/73800712a272e6d58a10a86ea9e59671","name":"AASSDN","image":{"@type":"ImageObject","inLanguage":"fr-FR","@id":"https:\/\/secure.gravatar.com\/avatar\/9653808d17788562e72d77e426d8d02775774239aefd00a9b4e852423d8e9d7e?s=96&d=mm&r=g","url":"https:\/\/secure.gravatar.com\/avatar\/9653808d17788562e72d77e426d8d02775774239aefd00a9b4e852423d8e9d7e?s=96&d=mm&r=g","contentUrl":"https:\/\/secure.gravatar.com\/avatar\/9653808d17788562e72d77e426d8d02775774239aefd00a9b4e852423d8e9d7e?s=96&d=mm&r=g","caption":"AASSDN"},"sameAs":["https:\/\/aassdn.org\/amicale"],"url":"https:\/\/aassdn.org\/amicale\/author\/wordpress\/"}]}},"_links":{"self":[{"href":"https:\/\/aassdn.org\/amicale\/wp-json\/wp\/v2\/posts\/2475","targetHints":{"allow":["GET"]}}],"collection":[{"href":"https:\/\/aassdn.org\/amicale\/wp-json\/wp\/v2\/posts"}],"about":[{"href":"https:\/\/aassdn.org\/amicale\/wp-json\/wp\/v2\/types\/post"}],"author":[{"embeddable":true,"href":"https:\/\/aassdn.org\/amicale\/wp-json\/wp\/v2\/users\/1"}],"replies":[{"embeddable":true,"href":"https:\/\/aassdn.org\/amicale\/wp-json\/wp\/v2\/comments?post=2475"}],"version-history":[{"count":0,"href":"https:\/\/aassdn.org\/amicale\/wp-json\/wp\/v2\/posts\/2475\/revisions"}],"wp:attachment":[{"href":"https:\/\/aassdn.org\/amicale\/wp-json\/wp\/v2\/media?parent=2475"}],"wp:term":[{"taxonomy":"category","embeddable":true,"href":"https:\/\/aassdn.org\/amicale\/wp-json\/wp\/v2\/categories?post=2475"},{"taxonomy":"post_tag","embeddable":true,"href":"https:\/\/aassdn.org\/amicale\/wp-json\/wp\/v2\/tags?post=2475"}],"curies":[{"name":"wp","href":"https:\/\/api.w.org\/{rel}","templated":true}]}}