{"id":2469,"date":"2021-10-29T10:00:27","date_gmt":"2021-10-29T08:00:27","guid":{"rendered":"https:\/\/aassdn.org\/amicale\/1973-presentation-du-service-par-general-navarre-au-president-du-senat\/"},"modified":"2024-03-15T14:06:24","modified_gmt":"2024-03-15T13:06:24","slug":"1973-presentation-du-service-par-general-navarre-au-president-du-senat","status":"publish","type":"post","link":"https:\/\/aassdn.org\/amicale\/1973-presentation-du-service-par-general-navarre-au-president-du-senat\/","title":{"rendered":"1973 : Presentation du service par General Navarre au Pr\u00e9sident du S\u00e9nat"},"content":{"rendered":"<p class=\"Style6\" align=\"justify\"><em>Allocution du G\u00e9n\u00e9ral NAVARRE, Pr\u00e9sident d&#8217;Honneur de l&#8217; A.A.S.S.D.N., \u00e0 l\u2019occasion du Congr\u00e8s de 1973 qui s\u2019est tenu au S\u00e9nat, adress\u00e9e \u00e0 M. POHER, Pr\u00e9sident du S\u00e9nat.<\/em><\/p>\n<p class=\"Style6\" align=\"justify\">\u00ab Le plaisir m&#8217;\u00e9choit, au b\u00e9n\u00e9fice de l&#8217;\u00e2ge, de vous dire, au nom de notre Association combien nous vous sommes reconnaissants d&#8217;avoir bien voulu nous accueillir dans ce Palais du Luxembourg. Nous vous remercions aussi de votre pr\u00e9sence parmi nous.<\/p>\n<p class=\"Style6\" align=\"justify\">\u00ab L&#8217;int\u00e9r\u00eat que vous nous manifestez ainsi me fait penser que je puis me permettre de vous dire bri\u00e8vement ce qu&#8217;est l&#8217;Amicale des Anciens des Services Sp\u00e9ciaux de la D\u00e9fense Nationale.<\/p>\n<p class=\"Style6\" align=\"justify\">\u00ab Elle est compos\u00e9e des anciens membres, des survivants pourrais-je dire, de nos Servies Sp\u00e9ciaux d&#8217;avant la Guerre. C&#8217;\u00e9taient trois Services travaillant en liaison mais distincts, le S. R. Guerre, le S.R. Air et le S.R. Marine.<\/p>\n<p class=\"Style6\" align=\"justify\">\u00ab A cette \u00e9poque, en effet, seul \u00e9tait recherch\u00e9 syst\u00e9matiquement le renseignement militaire. Il n&#8217;existait de S.R. politique, ni diplomatique, ni \u00e9conomique, ni scientifique. Il n&#8217;y avait pas non plus de grandes usines \u00e0 renseignement comme celles dont on entend si souvent parler maintenant. Notre travail \u00e9tait discret et quelque peu artisanal. Mais il n&#8217;en \u00e9tait pas moins efficace et les r\u00e9sultats obtenus par les Services Sp\u00e9ciaux avant guerre et pendant ce qu&#8217;on a appel\u00e9 la dr\u00f4le de guerre \u00bb sont l\u00e0 pour le prouver.<\/p>\n<p class=\"Style6\" align=\"justify\">Nous avons suivi pas \u00e0 pas, depuis 1918, toutes les \u00e9tapes du redressement politique et militaire de l&#8217;Allemagne et les avons annonc\u00e9s tr\u00e8s largement \u00e0 temps pour que des contre-mesures puissent \u00eatre prises si l&#8217;on avait voulu en prendre. Je puis citer notamment le r\u00e9tablissement du Service obligatoire en 1935, la remilitarisation de la rive gauche du Rhin en 1936, puis les agressions sur l&#8217;Autriche, la Tch\u00e9coslovaquie et enfin la Pologne. Rien ne nous a \u00e9chapp\u00e9 non plus de l&#8217;appareil militaire allemand Nous avons toujours connu le nombre des Divisions allemandes et notamment des Divisions blind\u00e9es. Nous savions exactement leur effectif, leur armement et leur \u00e9quipement. Nous n&#8217;ignorions rien des, fortifications, de l&#8217;aviation et de la marine.<\/p>\n<p class=\"Style6\" align=\"justify\">\u00ab Nous savions aussi parfaitement quelle strat\u00e9gie et quelle tactique l&#8217;ennemi comptait employer.<\/p>\n<p class=\"Style6\" align=\"justify\">\u00ab Enfin, bien des mois avant le 10 Mai 1940, nous avons pr\u00e9venu que l&#8217;offensive hitl\u00e9rienne se produirait certainement \u00e0 travers la Hollande, la Belgique et le Luxembourg. Jamais gouvernement et haut commandement ne furent mieux renseign\u00e9s.<\/p>\n<p class=\"Style6\" align=\"justify\">\u00ab Quant \u00e0 cette 5e Colonne \u00bb dont on a beaucoup parl\u00e9, elle n&#8217;a jamais exist\u00e9 gr\u00e2ce aux mesures prises par nos Services de Contre-Espionnage.<\/p>\n<p class=\"Style6\" align=\"justify\">\u00ab Aussi, quand on analyse les causes du d\u00e9sastre de 1940, y en a-t-il une qui doit \u00eatre, en tous cas, totalement exclue c&#8217;est une quelconque carence des Services Sp\u00e9ciaux Fran\u00e7ais.<\/p>\n<p class=\"Style6\" align=\"justify\">\u00ab D\u00e8s l&#8217;Armistice, nous avons, sans un seul jour d&#8217;interruption, continu\u00e9 notre travail de Renseignement et de Contre-Espionnage sur l&#8217;Allemagne et l&#8217;Italie.<\/p>\n<p class=\"Style6\" align=\"justify\">\u00ab Bien avant que les premiers r\u00e9seaux de R\u00e9sistance aient commenc\u00e9 \u00e0 se former, nous obtenions, gr\u00e2ce aux moyens de toute nature que nous avions pu conserver, des r\u00e9sultats consid\u00e9rables dont nous faisions b\u00e9n\u00e9ficier les Anglais, seuls \u00e0 m\u00eame, \u00e0 cette \u00e9poque, d&#8217;en tirer parti.<\/p>\n<p class=\"Style6\" align=\"justify\">\u00ab Ce travail, les Services Sp\u00e9ciaux l&#8217;ont continu\u00e9 envers et contre tout jusqu&#8217;en Octobre 1942, malgr\u00e9 que certains des dirigeants de Vichy se soient efforc\u00e9s de le contrecarrer.<\/p>\n<p class=\"Style6\" align=\"justify\">\u00ab Ils l&#8217;ont poursuivi ensuite dans la France totalement occup\u00e9e jusqu&#8217;\u00e0 la Lib\u00e9ration. Cela au prix de plus de 300 morts.<\/p>\n<p class=\"Style6\" align=\"justify\">\u00ab Apr\u00e8s quoi, les anciens Services Sp\u00e9ciaux ont \u00e9t\u00e9 int\u00e9gr\u00e9s dans ce qui fut la D.G.S.S., puis la D.G.E.R. et qui est enfin devenu le S.D.E.C.E. \u00bb<\/p>\n<p class=\"Style6\" align=\"justify\">\u00ab Voici, Monsieur le Pr\u00e9sident, ce que repr\u00e9sente notre Amicale. Merci encore de l&#8217;hospitalit\u00e9 que vous lui donnez aujourd&#8217;hui. \u00bb<\/p>\n<div class=\"pdfprnt-buttons pdfprnt-buttons-post pdfprnt-bottom-right\"><a href=\"https:\/\/aassdn.org\/amicale\/wp-json\/wp\/v2\/posts\/2469?print=pdf\" class=\"pdfprnt-button pdfprnt-button-pdf\" target=\"_blank\" ><img decoding=\"async\" data-src=\"https:\/\/aassdn.org\/amicale\/wp-content\/plugins\/pdf-print\/images\/pdf.png\" alt=\"image_pdf\" title=\"Afficher le PDF\" src=\"data:image\/svg+xml;base64,PHN2ZyB3aWR0aD0iMSIgaGVpZ2h0PSIxIiB4bWxucz0iaHR0cDovL3d3dy53My5vcmcvMjAwMC9zdmciPjwvc3ZnPg==\" class=\"lazyload\" style=\"--smush-placeholder-width: 32px; --smush-placeholder-aspect-ratio: 32\/32;\" \/><\/a><a href=\"https:\/\/aassdn.org\/amicale\/wp-json\/wp\/v2\/posts\/2469?print=print\" class=\"pdfprnt-button pdfprnt-button-print\" target=\"_blank\" ><\/a><\/div>","protected":false},"excerpt":{"rendered":"<p>Allocution du G\u00e9n\u00e9ral NAVARRE, Pr\u00e9sident d&#8217;Honneur de l&#8217; A.A.S.S.D.N., \u00e0 l\u2019occasion du Congr\u00e8s de 1973 qui s\u2019est tenu au S\u00e9nat, adress\u00e9e \u00e0 M. POHER, Pr\u00e9sident du S\u00e9nat. \u00ab Le plaisir m&#8217;\u00e9choit, au b\u00e9n\u00e9fice de l&#8217;\u00e2ge, de vous dire, au nom de notre Association combien nous vous sommes reconnaissants d&#8217;avoir bien voulu nous accueillir dans ce [&hellip;]<\/p>\n","protected":false},"author":1,"featured_media":0,"comment_status":"closed","ping_status":"open","sticky":false,"template":"","format":"standard","meta":{"_acf_changed":false,"footnotes":""},"categories":[114,79,120,106,99,78],"tags":[205,293,1058,263,218,226,307,262,214,1100],"class_list":["post-2469","post","type-post","status-publish","format-standard","hentry","category-europe-de-louest","category-extraits-de-bulletin","category-general-henri-navarre","category-renseignement","category-services-allemands","category-services-francais","tag-adolf-hitler","tag-allemagne","tag-association","tag-aviation","tag-congres","tag-contre-espionnage","tag-defense","tag-renseignement","tag-resistance","tag-senat"],"acf":[],"yoast_head":"<!-- This site is optimized with the Yoast SEO plugin v27.4 - https:\/\/yoast.com\/product\/yoast-seo-wordpress\/ -->\n<title>1973 : Presentation du service par General Navarre au Pr\u00e9sident du S\u00e9nat | AASSDN | Anciens et Amis des Services Sp\u00e9ciaux<\/title>\n<meta name=\"robots\" content=\"index, follow, max-snippet:-1, max-image-preview:large, max-video-preview:-1\" \/>\n<link rel=\"canonical\" href=\"https:\/\/aassdn.org\/amicale\/1973-presentation-du-service-par-general-navarre-au-president-du-senat\/\" \/>\n<meta property=\"og:locale\" content=\"fr_FR\" \/>\n<meta property=\"og:type\" content=\"article\" \/>\n<meta property=\"og:title\" content=\"1973 : Presentation du service par General Navarre au Pr\u00e9sident du S\u00e9nat | AASSDN | Anciens et Amis des Services Sp\u00e9ciaux\" \/>\n<meta property=\"og:description\" content=\"Allocution du G\u00e9n\u00e9ral NAVARRE, Pr\u00e9sident d&#8217;Honneur de l&#8217; A.A.S.S.D.N., \u00e0 l\u2019occasion du Congr\u00e8s de 1973 qui s\u2019est tenu au S\u00e9nat, adress\u00e9e \u00e0 M. POHER, Pr\u00e9sident du S\u00e9nat. \u00ab Le plaisir m&#8217;\u00e9choit, au b\u00e9n\u00e9fice de l&#8217;\u00e2ge, de vous dire, au nom de notre Association combien nous vous sommes reconnaissants d&#8217;avoir bien voulu nous accueillir dans ce [&hellip;]\" \/>\n<meta property=\"og:url\" content=\"https:\/\/aassdn.org\/amicale\/1973-presentation-du-service-par-general-navarre-au-president-du-senat\/\" \/>\n<meta property=\"og:site_name\" content=\"AASSDN | Anciens et Amis des Services Sp\u00e9ciaux\" \/>\n<meta property=\"article:published_time\" content=\"2021-10-29T08:00:27+00:00\" \/>\n<meta property=\"article:modified_time\" content=\"2024-03-15T13:06:24+00:00\" \/>\n<meta name=\"author\" content=\"AASSDN\" \/>\n<meta name=\"twitter:card\" content=\"summary_large_image\" \/>\n<meta name=\"twitter:label1\" content=\"\u00c9crit par\" \/>\n\t<meta name=\"twitter:data1\" content=\"AASSDN\" \/>\n\t<meta name=\"twitter:label2\" content=\"Dur\u00e9e de lecture estim\u00e9e\" \/>\n\t<meta name=\"twitter:data2\" content=\"3 minutes\" \/>\n<script type=\"application\/ld+json\" class=\"yoast-schema-graph\">{\"@context\":\"https:\\\/\\\/schema.org\",\"@graph\":[{\"@type\":\"Article\",\"@id\":\"https:\\\/\\\/aassdn.org\\\/amicale\\\/1973-presentation-du-service-par-general-navarre-au-president-du-senat\\\/#article\",\"isPartOf\":{\"@id\":\"https:\\\/\\\/aassdn.org\\\/amicale\\\/1973-presentation-du-service-par-general-navarre-au-president-du-senat\\\/\"},\"author\":{\"name\":\"AASSDN\",\"@id\":\"https:\\\/\\\/aassdn.org\\\/amicale\\\/#\\\/schema\\\/person\\\/73800712a272e6d58a10a86ea9e59671\"},\"headline\":\"1973 : Presentation du service par General Navarre au Pr\u00e9sident du S\u00e9nat\",\"datePublished\":\"2021-10-29T08:00:27+00:00\",\"dateModified\":\"2024-03-15T13:06:24+00:00\",\"mainEntityOfPage\":{\"@id\":\"https:\\\/\\\/aassdn.org\\\/amicale\\\/1973-presentation-du-service-par-general-navarre-au-president-du-senat\\\/\"},\"wordCount\":688,\"publisher\":{\"@id\":\"https:\\\/\\\/aassdn.org\\\/amicale\\\/#organization\"},\"keywords\":[\"Adolf Hitler\",\"Allemagne\",\"Association\",\"Aviation\",\"Congr\u00e8s\",\"contre-espionnage\",\"d\u00e9fense\",\"Renseignement\",\"R\u00e9sistance\",\"S\u00e9nat\"],\"articleSection\":[\"Europe de l'Ouest\",\"Extraits de bulletin\",\"G\u00e9n\u00e9ral Henri Navarre\",\"Renseignement\",\"Services allemands\",\"Services fran\u00e7ais\"],\"inLanguage\":\"fr-FR\"},{\"@type\":\"WebPage\",\"@id\":\"https:\\\/\\\/aassdn.org\\\/amicale\\\/1973-presentation-du-service-par-general-navarre-au-president-du-senat\\\/\",\"url\":\"https:\\\/\\\/aassdn.org\\\/amicale\\\/1973-presentation-du-service-par-general-navarre-au-president-du-senat\\\/\",\"name\":\"1973 : Presentation du service par General Navarre au Pr\u00e9sident du S\u00e9nat | AASSDN | Anciens et Amis des Services Sp\u00e9ciaux\",\"isPartOf\":{\"@id\":\"https:\\\/\\\/aassdn.org\\\/amicale\\\/#website\"},\"datePublished\":\"2021-10-29T08:00:27+00:00\",\"dateModified\":\"2024-03-15T13:06:24+00:00\",\"breadcrumb\":{\"@id\":\"https:\\\/\\\/aassdn.org\\\/amicale\\\/1973-presentation-du-service-par-general-navarre-au-president-du-senat\\\/#breadcrumb\"},\"inLanguage\":\"fr-FR\",\"potentialAction\":[{\"@type\":\"ReadAction\",\"target\":[\"https:\\\/\\\/aassdn.org\\\/amicale\\\/1973-presentation-du-service-par-general-navarre-au-president-du-senat\\\/\"]}]},{\"@type\":\"BreadcrumbList\",\"@id\":\"https:\\\/\\\/aassdn.org\\\/amicale\\\/1973-presentation-du-service-par-general-navarre-au-president-du-senat\\\/#breadcrumb\",\"itemListElement\":[{\"@type\":\"ListItem\",\"position\":1,\"name\":\"Accueil\",\"item\":\"https:\\\/\\\/aassdn.org\\\/amicale\\\/\"},{\"@type\":\"ListItem\",\"position\":2,\"name\":\"1973 : Presentation du service par General Navarre au Pr\u00e9sident du S\u00e9nat\"}]},{\"@type\":\"WebSite\",\"@id\":\"https:\\\/\\\/aassdn.org\\\/amicale\\\/#website\",\"url\":\"https:\\\/\\\/aassdn.org\\\/amicale\\\/\",\"name\":\"AASSDN | Anciens et Amis des Services Sp\u00e9ciaux\",\"description\":\"Services sp\u00e9ciaux : Des h\u00e9ros anonymes au service exclusif de la France\",\"publisher\":{\"@id\":\"https:\\\/\\\/aassdn.org\\\/amicale\\\/#organization\"},\"potentialAction\":[{\"@type\":\"SearchAction\",\"target\":{\"@type\":\"EntryPoint\",\"urlTemplate\":\"https:\\\/\\\/aassdn.org\\\/amicale\\\/?s={search_term_string}\"},\"query-input\":{\"@type\":\"PropertyValueSpecification\",\"valueRequired\":true,\"valueName\":\"search_term_string\"}}],\"inLanguage\":\"fr-FR\"},{\"@type\":\"Organization\",\"@id\":\"https:\\\/\\\/aassdn.org\\\/amicale\\\/#organization\",\"name\":\"AASSDN | Anciens et Amis des Services Sp\u00e9ciaux\",\"url\":\"https:\\\/\\\/aassdn.org\\\/amicale\\\/\",\"logo\":{\"@type\":\"ImageObject\",\"inLanguage\":\"fr-FR\",\"@id\":\"https:\\\/\\\/aassdn.org\\\/amicale\\\/#\\\/schema\\\/logo\\\/image\\\/\",\"url\":\"https:\\\/\\\/aassdn.org\\\/amicale\\\/wp-content\\\/uploads\\\/Logo_AASSDN_transparent2.png\",\"contentUrl\":\"https:\\\/\\\/aassdn.org\\\/amicale\\\/wp-content\\\/uploads\\\/Logo_AASSDN_transparent2.png\",\"width\":1832,\"height\":1609,\"caption\":\"AASSDN | Anciens et Amis des Services Sp\u00e9ciaux\"},\"image\":{\"@id\":\"https:\\\/\\\/aassdn.org\\\/amicale\\\/#\\\/schema\\\/logo\\\/image\\\/\"}},{\"@type\":\"Person\",\"@id\":\"https:\\\/\\\/aassdn.org\\\/amicale\\\/#\\\/schema\\\/person\\\/73800712a272e6d58a10a86ea9e59671\",\"name\":\"AASSDN\",\"image\":{\"@type\":\"ImageObject\",\"inLanguage\":\"fr-FR\",\"@id\":\"https:\\\/\\\/secure.gravatar.com\\\/avatar\\\/9653808d17788562e72d77e426d8d02775774239aefd00a9b4e852423d8e9d7e?s=96&d=mm&r=g\",\"url\":\"https:\\\/\\\/secure.gravatar.com\\\/avatar\\\/9653808d17788562e72d77e426d8d02775774239aefd00a9b4e852423d8e9d7e?s=96&d=mm&r=g\",\"contentUrl\":\"https:\\\/\\\/secure.gravatar.com\\\/avatar\\\/9653808d17788562e72d77e426d8d02775774239aefd00a9b4e852423d8e9d7e?s=96&d=mm&r=g\",\"caption\":\"AASSDN\"},\"sameAs\":[\"https:\\\/\\\/aassdn.org\\\/amicale\"],\"url\":\"https:\\\/\\\/aassdn.org\\\/amicale\\\/author\\\/wordpress\\\/\"}]}<\/script>\n<!-- \/ Yoast SEO plugin. -->","yoast_head_json":{"title":"1973 : Presentation du service par General Navarre au Pr\u00e9sident du S\u00e9nat | AASSDN | Anciens et Amis des Services Sp\u00e9ciaux","robots":{"index":"index","follow":"follow","max-snippet":"max-snippet:-1","max-image-preview":"max-image-preview:large","max-video-preview":"max-video-preview:-1"},"canonical":"https:\/\/aassdn.org\/amicale\/1973-presentation-du-service-par-general-navarre-au-president-du-senat\/","og_locale":"fr_FR","og_type":"article","og_title":"1973 : Presentation du service par General Navarre au Pr\u00e9sident du S\u00e9nat | AASSDN | Anciens et Amis des Services Sp\u00e9ciaux","og_description":"Allocution du G\u00e9n\u00e9ral NAVARRE, Pr\u00e9sident d&#8217;Honneur de l&#8217; A.A.S.S.D.N., \u00e0 l\u2019occasion du Congr\u00e8s de 1973 qui s\u2019est tenu au S\u00e9nat, adress\u00e9e \u00e0 M. POHER, Pr\u00e9sident du S\u00e9nat. \u00ab Le plaisir m&#8217;\u00e9choit, au b\u00e9n\u00e9fice de l&#8217;\u00e2ge, de vous dire, au nom de notre Association combien nous vous sommes reconnaissants d&#8217;avoir bien voulu nous accueillir dans ce [&hellip;]","og_url":"https:\/\/aassdn.org\/amicale\/1973-presentation-du-service-par-general-navarre-au-president-du-senat\/","og_site_name":"AASSDN | Anciens et Amis des Services Sp\u00e9ciaux","article_published_time":"2021-10-29T08:00:27+00:00","article_modified_time":"2024-03-15T13:06:24+00:00","author":"AASSDN","twitter_card":"summary_large_image","twitter_misc":{"\u00c9crit par":"AASSDN","Dur\u00e9e de lecture estim\u00e9e":"3 minutes"},"schema":{"@context":"https:\/\/schema.org","@graph":[{"@type":"Article","@id":"https:\/\/aassdn.org\/amicale\/1973-presentation-du-service-par-general-navarre-au-president-du-senat\/#article","isPartOf":{"@id":"https:\/\/aassdn.org\/amicale\/1973-presentation-du-service-par-general-navarre-au-president-du-senat\/"},"author":{"name":"AASSDN","@id":"https:\/\/aassdn.org\/amicale\/#\/schema\/person\/73800712a272e6d58a10a86ea9e59671"},"headline":"1973 : Presentation du service par General Navarre au Pr\u00e9sident du S\u00e9nat","datePublished":"2021-10-29T08:00:27+00:00","dateModified":"2024-03-15T13:06:24+00:00","mainEntityOfPage":{"@id":"https:\/\/aassdn.org\/amicale\/1973-presentation-du-service-par-general-navarre-au-president-du-senat\/"},"wordCount":688,"publisher":{"@id":"https:\/\/aassdn.org\/amicale\/#organization"},"keywords":["Adolf Hitler","Allemagne","Association","Aviation","Congr\u00e8s","contre-espionnage","d\u00e9fense","Renseignement","R\u00e9sistance","S\u00e9nat"],"articleSection":["Europe de l'Ouest","Extraits de bulletin","G\u00e9n\u00e9ral Henri Navarre","Renseignement","Services allemands","Services fran\u00e7ais"],"inLanguage":"fr-FR"},{"@type":"WebPage","@id":"https:\/\/aassdn.org\/amicale\/1973-presentation-du-service-par-general-navarre-au-president-du-senat\/","url":"https:\/\/aassdn.org\/amicale\/1973-presentation-du-service-par-general-navarre-au-president-du-senat\/","name":"1973 : Presentation du service par General Navarre au Pr\u00e9sident du S\u00e9nat | AASSDN | Anciens et Amis des Services Sp\u00e9ciaux","isPartOf":{"@id":"https:\/\/aassdn.org\/amicale\/#website"},"datePublished":"2021-10-29T08:00:27+00:00","dateModified":"2024-03-15T13:06:24+00:00","breadcrumb":{"@id":"https:\/\/aassdn.org\/amicale\/1973-presentation-du-service-par-general-navarre-au-president-du-senat\/#breadcrumb"},"inLanguage":"fr-FR","potentialAction":[{"@type":"ReadAction","target":["https:\/\/aassdn.org\/amicale\/1973-presentation-du-service-par-general-navarre-au-president-du-senat\/"]}]},{"@type":"BreadcrumbList","@id":"https:\/\/aassdn.org\/amicale\/1973-presentation-du-service-par-general-navarre-au-president-du-senat\/#breadcrumb","itemListElement":[{"@type":"ListItem","position":1,"name":"Accueil","item":"https:\/\/aassdn.org\/amicale\/"},{"@type":"ListItem","position":2,"name":"1973 : Presentation du service par General Navarre au Pr\u00e9sident du S\u00e9nat"}]},{"@type":"WebSite","@id":"https:\/\/aassdn.org\/amicale\/#website","url":"https:\/\/aassdn.org\/amicale\/","name":"AASSDN | Anciens et Amis des Services Sp\u00e9ciaux","description":"Services sp\u00e9ciaux : Des h\u00e9ros anonymes au service exclusif de la France","publisher":{"@id":"https:\/\/aassdn.org\/amicale\/#organization"},"potentialAction":[{"@type":"SearchAction","target":{"@type":"EntryPoint","urlTemplate":"https:\/\/aassdn.org\/amicale\/?s={search_term_string}"},"query-input":{"@type":"PropertyValueSpecification","valueRequired":true,"valueName":"search_term_string"}}],"inLanguage":"fr-FR"},{"@type":"Organization","@id":"https:\/\/aassdn.org\/amicale\/#organization","name":"AASSDN | Anciens et Amis des Services Sp\u00e9ciaux","url":"https:\/\/aassdn.org\/amicale\/","logo":{"@type":"ImageObject","inLanguage":"fr-FR","@id":"https:\/\/aassdn.org\/amicale\/#\/schema\/logo\/image\/","url":"https:\/\/aassdn.org\/amicale\/wp-content\/uploads\/Logo_AASSDN_transparent2.png","contentUrl":"https:\/\/aassdn.org\/amicale\/wp-content\/uploads\/Logo_AASSDN_transparent2.png","width":1832,"height":1609,"caption":"AASSDN | Anciens et Amis des Services Sp\u00e9ciaux"},"image":{"@id":"https:\/\/aassdn.org\/amicale\/#\/schema\/logo\/image\/"}},{"@type":"Person","@id":"https:\/\/aassdn.org\/amicale\/#\/schema\/person\/73800712a272e6d58a10a86ea9e59671","name":"AASSDN","image":{"@type":"ImageObject","inLanguage":"fr-FR","@id":"https:\/\/secure.gravatar.com\/avatar\/9653808d17788562e72d77e426d8d02775774239aefd00a9b4e852423d8e9d7e?s=96&d=mm&r=g","url":"https:\/\/secure.gravatar.com\/avatar\/9653808d17788562e72d77e426d8d02775774239aefd00a9b4e852423d8e9d7e?s=96&d=mm&r=g","contentUrl":"https:\/\/secure.gravatar.com\/avatar\/9653808d17788562e72d77e426d8d02775774239aefd00a9b4e852423d8e9d7e?s=96&d=mm&r=g","caption":"AASSDN"},"sameAs":["https:\/\/aassdn.org\/amicale"],"url":"https:\/\/aassdn.org\/amicale\/author\/wordpress\/"}]}},"_links":{"self":[{"href":"https:\/\/aassdn.org\/amicale\/wp-json\/wp\/v2\/posts\/2469","targetHints":{"allow":["GET"]}}],"collection":[{"href":"https:\/\/aassdn.org\/amicale\/wp-json\/wp\/v2\/posts"}],"about":[{"href":"https:\/\/aassdn.org\/amicale\/wp-json\/wp\/v2\/types\/post"}],"author":[{"embeddable":true,"href":"https:\/\/aassdn.org\/amicale\/wp-json\/wp\/v2\/users\/1"}],"replies":[{"embeddable":true,"href":"https:\/\/aassdn.org\/amicale\/wp-json\/wp\/v2\/comments?post=2469"}],"version-history":[{"count":0,"href":"https:\/\/aassdn.org\/amicale\/wp-json\/wp\/v2\/posts\/2469\/revisions"}],"wp:attachment":[{"href":"https:\/\/aassdn.org\/amicale\/wp-json\/wp\/v2\/media?parent=2469"}],"wp:term":[{"taxonomy":"category","embeddable":true,"href":"https:\/\/aassdn.org\/amicale\/wp-json\/wp\/v2\/categories?post=2469"},{"taxonomy":"post_tag","embeddable":true,"href":"https:\/\/aassdn.org\/amicale\/wp-json\/wp\/v2\/tags?post=2469"}],"curies":[{"name":"wp","href":"https:\/\/api.w.org\/{rel}","templated":true}]}}