{"id":2459,"date":"2021-10-29T10:00:25","date_gmt":"2021-10-29T08:00:25","guid":{"rendered":"https:\/\/aassdn.org\/amicale\/1945-lurss-recupere-les-archives-secretes-des-francais\/"},"modified":"2024-03-02T15:22:20","modified_gmt":"2024-03-02T14:22:20","slug":"1945-lurss-recupere-les-archives-secretes-des-francais","status":"publish","type":"post","link":"https:\/\/aassdn.org\/amicale\/1945-lurss-recupere-les-archives-secretes-des-francais\/","title":{"rendered":"1945 : L&#8217;URSS r\u00e9cup\u00e8re les archives secr\u00e8tes des Fran\u00e7ais"},"content":{"rendered":"<p><em>Par Paul Paillole<\/em><\/p>\n<p>Dans la rafale d&#8217;\u00e9v\u00e9nements qui nous viennent de l&#8217;Est s&#8217;est trouv\u00e9e l&#8217;annonce de la d\u00e9couverte d&#8217;un monceau d&#8217;archives en tous genres, saisies par les Allemands pendant l&#8217;occupation et r\u00e9cup\u00e9r\u00e9es pour l&#8217;essentiel par les Soviets en juillet 1945 en Tch\u00e9coslovaquie.<\/p>\n<p>Dans le lot figureraient &#8221; les archives secr\u00e8tes de l&#8217;ex-2\u00e8me Bureau d&#8217;avant-guerre &#8220;. C&#8217;est du moins ce qu&#8217;affirme un responsable des archives nationales sovi\u00e9tiques, en laissant entendre que leur restitution \u00e0 la France pourrait \u00eatre &#8221; n\u00e9goci\u00e9e &#8220;&#8230;A quel prix et au profit de qui ? Beau sujet d&#8217;actualit\u00e9 pour les medias en qu\u00eate de sensationnel.<\/p>\n<p>D\u00e9j\u00e0 les imaginations vagabondent ; on relance le <a href=\"index.php?option=com_mtree&#038;task=viewlink&#038;link_id=104&#038;Itemid=170\">wagon de la Charit\u00e9-sur-Loire saisi par la Wehrmacht en juin 1940<\/a>, on croit savoir qu&#8217;une p\u00e9niche (coul\u00e9e ou pas coul\u00e9e) sur la Seine renfermait des tonnes de documents finalement r\u00e9cup\u00e9r\u00e9s par les nazis, j&#8217;en passe&#8230;<\/p>\n<p>Voici donc la V\u00c9RIT\u00c9 en ce qui concerne les archives de &#8221; l&#8217;ex-2\u00e8me Bureau &#8220;(1). Je laisse aux autres administrations de l&#8217;\u00c9tat le soin d&#8217;\u00e9clairer l&#8217;HISTOIRE sur le sort qui fut r\u00e9serv\u00e9 en juin 1940 \u00e0 leurs propres archives. Je pense qu&#8217;elles \u00e9prouveront quelque embarras si j&#8217;en crois les t\u00e9moignages des Chefs de l&#8217;Abwehr (et notamment du Colonel Reile) abasourdis, voire embarrass\u00e9s par l&#8217;abondance et la richesse de leur moisson dans les multiples locaux abandonn\u00e9s en catastrophe.<\/p>\n<p><strong>L&#8217;ODYSSEE DES ARCHIVES DU 2\u00e8me BUREAU (S.R.-S.C.R.)<\/strong><\/p>\n<p>La majeure partie des archives centrales de nos Services Sp\u00e9ciaux militaires a \u00e9t\u00e9 transf\u00e9r\u00e9e plusieurs jours avant la mobilisation de 1939 dans le P.C. de guerre du 5\u00e8m\u00e8 Bureau (nouvelle appellation du 2\u00e8me Bureau (S.R.- S.C.R.) ) au Ch\u00e2teau Pereire pr\u00e8s de la Fert\u00e9 sous Jouarre. Sont rest\u00e9es \u00e0 Paris, 2 bis, avenue de Tourville, les quelques archives indispensables aux Chefs de nos Services (Rivet, Schlesser et Perruche) pour la bonne ex\u00e9cution de leurs missions de commandement et de liaisons (2). D\u00e8s les premiers jours de juin, toutes ces archives sont mises en caisses et transf\u00e9r\u00e9es le 10 juin 1940 \u00e0 Montrichard (Loir-et-Cher). Elles sont imm\u00e9diatement remises en service par les soins du Capitaine Garnier, chef des archives, dans un \u00e9tablissement secondaire r\u00e9quisitionn\u00e9 au profit du 5\u00e8me Bureau. Le 16 juin 1940, devant la foudroyante avance de la Wehrmacht, les archives, environ 35 tonnes, sont litt\u00e9ralement bourr\u00e9es dans cinq camions neufs que nous avons pu saisir \u00e0 l&#8217;esbroufe dans un d\u00e9p\u00f4t voisin du train des \u00e9quipages \u00e0 l&#8217;abandon. Alors, commence pour ces camions surcharg\u00e9s, plac\u00e9s je ne sais trop pourquoi sous ma responsabilit\u00e9, un invraisemblable p\u00e9riple. Le sauve-qui-peut &#8221; est g\u00e9n\u00e9ral.<\/p>\n<p>Une panique indescriptible s&#8217;est empar\u00e9e de tout un peuple. La hi\u00e9rarchie militaire, effondr\u00e9e, se disperse aux quatre vents. On cherche en vain des ordres, des responsables, des chefs. Le 18 juin nous faisons escale au camp de la Courtine (pr\u00e8s d&#8217;Ussel). Je n&#8217;ai pas entendu le G\u00e9n\u00e9ral de Gaulle : seul compte le sauvetage de mon convoi. Le 19 juin, je l&#8217;exp\u00e9die plus au sud au Ch\u00e2teau de Brax, pr\u00e8s de Toulouse o\u00f9 il arrive le 20 juin en compagnie d&#8217;une partie du personnel de notre Service Central (3) sous les ordres du Colonel Malraison, l&#8217;adjoint du Colonel Rivet.<\/p>\n<p>Sur mes instructions, le Capitaine Garnier proc\u00e8de \u00e0 la destruction par le feu de dossiers g\u00e9n\u00e9raux d&#8217;un int\u00e9r\u00eat secondaire. Quatre \u00e0 cinq tonnes d&#8217;archives partent ainsi en fum\u00e9e tandis qu&#8217;\u00e0 Bon Encontre, pr\u00e8s d&#8217;Agen, Rivet, d&#8217;Ales, Navarre et moi-m\u00eame mettons au point les modalit\u00e9s de la poursuite de notre lutte contre l&#8217;envahisseur.<\/p>\n<p>Plusieurs tentatives de Rivet sont vaines pour trouver un marin responsable, capable de d\u00e9cider du transfert de nos archives en A.F.N. Il faut pourtant, co\u00fbte que co\u00fbte, qu&#8217;elles \u00e9chappent \u00e0 l&#8217;ennemi.<\/p>\n<p>Gr\u00e2ce \u00e0 l&#8217;un de nos officiers de r\u00e9serve, les patrons de la Soci\u00e9t\u00e9 de Fromages de Roquefort nous offrent l&#8217;hospitalit\u00e9 de leurs caves.<\/p>\n<p>Le 30 juin 1940, Garnier et quelques archivistes conduisent nos tr\u00e9sors all\u00e9g\u00e9s dans cette cache o\u00f9 ils vont rester jusqu&#8217;en septembre.<\/p>\n<p>Entre-temps, j&#8217;ai install\u00e9 le P.C. de notre organisation clandestine de C.E. (T.R.) \u00e0 Marseille, Villa \u00c9ole, boulevard de la Plage.<\/p>\n<p>Rivet et d&#8217;Ales, \u00e0 Royat, ont enfin mis sur pied le Service des Men\u00e9es antinationales (B.M.A.) qui dans sa lutte contre l&#8217;occupant doit pouvoir disposer de nos archives. Elles seront camoufl\u00e9es Villa \u00c9ole.<\/p>\n<p>A peine install\u00e9es, \u00e9clatent les 22,23 et 24 octobre 1940 les nouvelles stup\u00e9fiantes des rencontres de Hitler avec Laval, Franco et P\u00e9tain ainsi que de la &#8221; politique de collaboration &#8220;.<\/p>\n<p>Les cons\u00e9quences en seront graves. Le conflit peut \u00e0 tout moment prendre une nouvelle tournure, s&#8217;\u00e9tendre. Une menace sur la zone sud n&#8217;est pas exclue. De nouveau il faut assurer la sauvegarde de nos archives. Le transport en A.F.N. o\u00f9 elles pourront \u00eatre exploit\u00e9es s&#8217;impose.<\/p>\n<p>Le 26 octobre 1940, je rencontre \u00e0 Toulon le Chef du 2\u00e8me Bureau de la R\u00e9gion Maritime, le Capitaine de Corvette Nomura. Je lui fais part de nos pr\u00e9occupations et de notre d\u00e9sir. Compr\u00e9hensif, il m&#8217;invite \u00e0 transf\u00e9rer imm\u00e9diatement nos 30 tonnes \u00e0 Toulon. Il les mettra en s\u00fbret\u00e9 dans l&#8217;attente de l&#8217;autorisation de l&#8217;E.M. de la Marine pour les embarquer dans un b\u00e2timent de guerre \u00e0 destination d&#8217;Alger.<\/p>\n<p>Le 28 octobre, je suis \u00e0 Vichy. Notre patron, le Colonel Rivet se charge de la d\u00e9marche aupr\u00e8s des marins.<\/p>\n<p>Refus de l&#8217;Amiral Darlan.<\/p>\n<p>Entre-temps, les archives ont \u00e9t\u00e9 discr\u00e8tement entrepos\u00e9es \u00e0 Toulon dans deux cellules de la prison maritime. Elles vont y rester pr\u00e8s de trois mois, contraignant nos Services \u00e0 se priver de cette documentation. Cette situation ne peut se prolonger. Au surplus, Nomura a le besoin urgent de r\u00e9cup\u00e9rer ses locaux.<\/p>\n<p>En janvier 1941, pour la ni\u00e8me fois, nos 30 tonnes sont recharg\u00e9es sur camions et retournent \u00e0 Marseille au P.C. Cambronne.<\/p>\n<p>Je suis furieux, angoiss\u00e9.<\/p>\n<p><strong>DU REFUS DE DARLAN AU DRAME DE LEDENON<\/strong><\/p>\n<p>En accord avec Rivet, je d\u00e9cide de proc\u00e9der \u00e0 trois mesures d&#8217;all\u00e8gement et de sauvegarde.Elles vont s&#8217;\u00e9chelonner de janvier 1941 \u00e0 octobre 1942.<\/p>\n<p>1\u00b0 Destruction par le feu d&#8217;environ dix tonnes de dossiers g\u00e9n\u00e9raux et particuliers sans grande valeur historique.<\/p>\n<p>2\u00b0 S\u00e9lection des dossiers et fiches sp\u00e9ciales pr\u00e9sentant un caract\u00e8re d&#8217;actualit\u00e9 susceptibles d&#8217;\u00eatre dangereusement exploit\u00e9s par l&#8217;ennemi en cas de saisie.<\/p>\n<p>Cette documentation pr\u00e9cieuse sera enfouie dans la propri\u00e9t\u00e9 (4) d&#8217;un H.C. de mes Services, le Professeur Maurice Recordier. Elle sera r\u00e9cup\u00e9r\u00e9e \u00e0 la Lib\u00e9ration et vers\u00e9e dans les archives de la D.G.S.S. \u00e0 la disposition des liquidateurs Nationaux de nos r\u00e9seaux clandestins.<\/p>\n<p>3\u00b0 Les quelques 20 tonnes d&#8217;archives et fiches restantes seront, \u00e0 tout instant, pr\u00eates \u00e0 \u00eatre \u00e9vacu\u00e9es sur l&#8217;A.F.N. si une opportunit\u00e9 de transfert s&#8217;offre \u00e0 nous ou camoufl\u00e9es, voire enterr\u00e9es dans la propri\u00e9t\u00e9 rurale d&#8217;une autre H.C. de mes Services, le Colonel d&#8217;aviation Favre de Thierrens, \u00e0 L\u00e8denon pr\u00e8s de N\u00eemes. En mars 1941, cette ultime solution est pr\u00eate. Un logement y est pr\u00e9vu pour notre Chef archiviste le Capitaine Garnier et pour son son adjoint le gendarme Saint-Jean.<\/p>\n<p>En septembre 1942, se concr\u00e9tise la pr\u00e9paration de l&#8217;Op\u00e9ration Torch (d\u00e9barquement alli\u00e9 en A.F.N.). Elle aura des r\u00e9percussions en France. Une fois de plus la menace p\u00e8se sur les archives.<\/p>\n<p>Le 5 octobre 1942, je provoque une nouvelle d\u00e9marche de Rivet aupr\u00e8s de Darlan. Elle a lieu le 6 \u00e0 17 heures.<\/p>\n<p>&#8221; Pourquoi courir le risque de livrer aux Anglais ce que vous cachez aux Allemands &#8220;&#8230; Le refus de l&#8217;Amiral est sans appel ! Lourde est sa responsabilit\u00e9.<\/p>\n<p>Le 7 octobre 1942, je donne l&#8217;ordre \u00e0 Marseille de remettre en caisses (il y en a plus de 200) dossiers et fichiers et de les \u00e9vacuer soit sur Eygui\u00e8res, soit sur L\u00e8denon.<\/p>\n<p>Le 15 octobre 1942, tout est termin\u00e9.<\/p>\n<p>Le 11 novembre 1942 la Wehrmacht envahit la zone Sud. Un d\u00e9tachement s&#8217;installe \u00e0 L\u00e8denon.<\/p>\n<p>Inquiet, Garnier demande au Maire du village dont les sentiments patriotiques paraissent s\u00fbrs, d&#8217;\u00e9viter l&#8217;occupation de la maison de Favre de Thierrens. Il pr\u00e9texte le d\u00e9p\u00f4t d&#8217;archives d&#8217;un minist\u00e8re parisien dont il a la garde.<\/p>\n<p>Imprudence, bavardage ?<\/p>\n<p>Quoiqu&#8217;il en soit Garnier et Saint-Jean enfouissent toutes les caisses dans les jardins de la propri\u00e9t\u00e9.<\/p>\n<p>Au d\u00e9but de 1943, Saint-Jean est rappel\u00e9 par son Arme dans une brigade de Gendarmerie.<\/p>\n<p>Le 15 juin 1943 en rentrant d&#8217;une tourn\u00e9e, il rencontre \u00e0 Beaucaire l&#8217;Adjudant-chef D&#8230;, l&#8217;un de ses camarades du S.R. au 2 bis. Il le sait associ\u00e9 aux recherches clandestines de nos r\u00e9seaux. Le contact est chaleureux. D&#8230; demande des nouvelles des uns et des autres et en particulier de Garnier. Sans m\u00e9fiance, Saint-Jean donne l&#8217;adresse de L\u00e8denon.<\/p>\n<p>Le 16 juin 1943, il est arr\u00eat\u00e9 en gare de N\u00eemes.<\/p>\n<p>Atterr\u00e9, il reconna\u00eet son ami au milieu des policiers allemands.<\/p>\n<p>Arr\u00eat\u00e9 depuis trois mois, D&#8230; avait accept\u00e9 &#8211; \u00e0 quel prix ? de travailler pour l&#8217;ennemi.<\/p>\n<p>Le 20 juin 1943 \u00e0 6 heures, un commando du S.D. dirig\u00e9 par le Chef de la Gestapo de Vichy, Geisler, envahit la propri\u00e9t\u00e9 de Favre de Thierrens, passe les menottes \u00e0 Garnier, fouille de fond en comble l&#8217;immeuble, les caves, retourne les sols.<\/p>\n<p>A 17 heures l&#8217;op\u00e9ration est termin\u00e9e.<\/p>\n<p>Les caisses d&#8217;archives sont embarqu\u00e9es dans quatre camions et le convoi encadr\u00e9 par les policiers nazis retourne \u00e0 Vichy o\u00f9 Garnier est enferm\u00e9 dans une cave du local de la Gestapo.<\/p>\n<p>Un mois plus tard, sous bonne escorte, l&#8217;ensemble est transf\u00e9r\u00e9 dans une r\u00e9sidence confortable, voisine du camp d&#8217;instruction S.S. de Herdischko dans les Sud\u00e8tes \u00e0 quelques trente kilom\u00e8tres au nord de Prague.<\/p>\n<p>Garnier y est bien trait\u00e9. Dans le courant du mois d&#8217;ao\u00fbt 1943, il sera invit\u00e9 par du personnel de l&#8217;Abwehr parlant correctement le fran\u00e7ais \u00e0 assister \u00e0 l&#8217;ouverture et \u00e0 l&#8217;inventaire des caisses. Ce travail durera cinq \u00e0 six semaines sans que les Allemands paraissent trouver dans ces archives mati\u00e8re \u00e0 exploitation.<\/p>\n<p>A plusieurs reprises des officiers de la Wehrmacht interrogeront notre chef archiviste sur la signification de fiches et la constitution de certains dossiers. Ils s&#8217;\u00e9tonneront de l&#8217;absence de documents post\u00e9rieurs \u00e0 1939 et du piteux \u00e9tat de l&#8217;ensemble.<\/p>\n<p>Finalement, les caisses referm\u00e9es sommairement rest\u00e8rent enferm\u00e9es dans plusieurs pi\u00e8ces ; Garnier, demeurant sur place sous la garde de S.S.<\/p>\n<p>A quelques kilom\u00e8tres de l\u00e0, le Gendarme Saint-Jean, d\u00e9port\u00e9 sans m\u00e9nagement, connaissait dans le camp d&#8217;extermination de Kradischko l&#8217;existence humiliante de d\u00e9tenus rong\u00e9s par la vermine et vou\u00e9s pour la plupart \u00e0 la mort d&#8217;\u00e9puisement ou sous les coups de Kapos de droit commun et de jeunes S.S. sadiques.<\/p>\n<p>La d\u00e9livrance allait intervenir avec la d\u00e9route de la Wehrmacht et la dispersion subite des S.S., Saint-Jean r\u00e9confort\u00e9 par les Tch\u00e8ques rentrait en France en juin 1945.<\/p>\n<p>Garnier lib\u00e9r\u00e9 par l&#8217;Arm\u00e9e Sovi\u00e9tique, voyait avec tristesse celle-ci mettre la main sur nos archives.<\/p>\n<p>D\u00e8s juillet 1945 commen\u00e7aient les d\u00e9marches aupr\u00e8s des autorit\u00e9s moscovites pour r\u00e9cup\u00e9rer notre bien.<\/p>\n<p>De Prague, o\u00f9 il \u00e9tait Ambassadeur de France, Maurice Dejean, notre ancien collaborateur, avait tout tent\u00e9 pour \u00e9viter le transfert \u00e0 Moscou. Plus tard, dans la capitale sovi\u00e9tique o\u00f9 il exer\u00e7ait \u00e0 partir de 1955 ces hautes fonctions diplomatiques, Dejean renouvelait en vain d\u00e9marches sur d\u00e9marches.<\/p>\n<p>Un silence \u00e9pais succ\u00e9da aux r\u00e9ponses courtoises feignant toujours l&#8217;ignorance. <\/p>\n<p>Quarante-cinq ans apr\u00e8s, ce silence est rompu.<\/p>\n<p>Le 21 novembre 1991, j&#8217;ai soulign\u00e9 au Ministre de la D\u00e9fense l&#8217;importance qui s&#8217;attache pour la France \u00e0 la r\u00e9cup\u00e9ration de ces archives historiques.<\/p>\n<p>Le 2 d\u00e9cembre 1991, sa r\u00e9ponse permet de penser que des d\u00e9marches sont entreprises pour leur rapatriement.<\/p>\n<p>Affaire \u00e0 suivre !<\/p>\n<p>N.B. &#8211; Sans que cette \u00e9num\u00e9ration soit exhaustive, les archives d&#8217;avant-guerre du 2\u00e8me Bureau (S.R.-S.C.R.) \u00e0 r\u00e9cup\u00e9rer \u00e0 Moscou devaient \u00eatre constitu\u00e9es par :<\/p>\n<p>&#8211; un fichier d&#8217;environ 15 \u00e0 20 000 noms de personnes ayant int\u00e9ress\u00e9 \u00e0 des titres divers la D\u00e9fense Nationale ou la S\u00e9curit\u00e9 de la France..<\/p>\n<p>&#8211; des dossiers individuels relatifs \u00e0 certaines de ces personnes &#8211; notamment celles ayant fait l&#8217;objet d&#8217;une attention particuli\u00e8re en raison de leurs activit\u00e9s d&#8217;espionnage, de sabotage ou de propagande avant 1940.<\/p>\n<p>&#8211; des dossiers g\u00e9n\u00e9raux traitant des questions de s\u00fbret\u00e9 int\u00e9rieure ou ext\u00e9rieure de l&#8217;\u00c9tat, ainsi que des questions diverses, telles que \u00e9tudes de Services Sp\u00e9ciaux \u00e9trangers.<\/p>\n<p>&#8211; des documents divers (publications fran\u00e7aises et \u00e9trang\u00e8res) relatifs aux activit\u00e9s du 2\u00e8me Bureau (S.R.-S.C.R.) et des Services Sp\u00e9ciaux.<\/p>\n<p><em>(1) J&#8217;ai expos\u00e9 leur sort dans &#8221; Services Sp\u00e9ciaux (1935-1945) &#8220;, \u00c9ditions R Laffont.<\/em><\/p>\n<p><em>(2) Adjoint de Schlesser, je suis moi-m\u00eame \u00e0 Paris.<\/em><\/p>\n<p><em>(3) Dont l&#8217;Adjudant-chef Taillandier, futur chef de l&#8217;h\u00e9ro\u00efque Groupe Morhange. Le ch\u00e2teau de Brax a \u00e9t\u00e9 r\u00e9quisitionn\u00e9 par nos services d\u00e8s le 16 juin 1940.<\/em><\/p>\n<div class=\"pdfprnt-buttons pdfprnt-buttons-post pdfprnt-bottom-right\"><a href=\"https:\/\/aassdn.org\/amicale\/wp-json\/wp\/v2\/posts\/2459?print=pdf\" class=\"pdfprnt-button pdfprnt-button-pdf\" target=\"_blank\" ><img decoding=\"async\" data-src=\"https:\/\/aassdn.org\/amicale\/wp-content\/plugins\/pdf-print\/images\/pdf.png\" alt=\"image_pdf\" title=\"Afficher le PDF\" src=\"data:image\/svg+xml;base64,PHN2ZyB3aWR0aD0iMSIgaGVpZ2h0PSIxIiB4bWxucz0iaHR0cDovL3d3dy53My5vcmcvMjAwMC9zdmciPjwvc3ZnPg==\" class=\"lazyload\" style=\"--smush-placeholder-width: 32px; --smush-placeholder-aspect-ratio: 32\/32;\" \/><\/a><a href=\"https:\/\/aassdn.org\/amicale\/wp-json\/wp\/v2\/posts\/2459?print=print\" class=\"pdfprnt-button pdfprnt-button-print\" target=\"_blank\" ><\/a><\/div>","protected":false},"excerpt":{"rendered":"<p>Par Paul Paillole Dans la rafale d&#8217;\u00e9v\u00e9nements qui nous viennent de l&#8217;Est s&#8217;est trouv\u00e9e l&#8217;annonce de la d\u00e9couverte d&#8217;un monceau d&#8217;archives en tous genres, saisies par les Allemands pendant l&#8217;occupation et r\u00e9cup\u00e9r\u00e9es pour l&#8217;essentiel par les Soviets en juillet 1945 en Tch\u00e9coslovaquie. Dans le lot figureraient &#8221; les archives secr\u00e8tes de l&#8217;ex-2\u00e8me Bureau d&#8217;avant-guerre &#8220;. [&hellip;]<\/p>\n","protected":false},"author":1,"featured_media":0,"comment_status":"closed","ping_status":"open","sticky":false,"template":"","format":"standard","meta":{"_acf_changed":false,"footnotes":""},"categories":[94,163,114,79,153,101,99,119,78],"tags":[205,236,246,206,241,247,203,217,213],"class_list":["post-2459","post","type-post","status-publish","format-standard","hentry","category-1942-1945","category-affaire-amiral-darlan","category-europe-de-louest","category-extraits-de-bulletin","category-general-guy-schlesser","category-general-louis-rivet","category-services-allemands","category-services-de-lest","category-services-francais","tag-adolf-hitler","tag-amiral-darlan","tag-darlan","tag-debarquement","tag-general-de-gaulle","tag-general-louis-rivet","tag-paul-paillole","tag-securite-militaire","tag-urss"],"acf":[],"yoast_head":"<!-- This site is optimized with the Yoast SEO plugin v27.4 - https:\/\/yoast.com\/product\/yoast-seo-wordpress\/ -->\n<title>1945 : L&#039;URSS r\u00e9cup\u00e8re les archives secr\u00e8tes des Fran\u00e7ais | AASSDN | Anciens et Amis des Services Sp\u00e9ciaux<\/title>\n<meta name=\"robots\" content=\"index, follow, max-snippet:-1, max-image-preview:large, max-video-preview:-1\" \/>\n<link rel=\"canonical\" href=\"https:\/\/aassdn.org\/amicale\/1945-lurss-recupere-les-archives-secretes-des-francais\/\" \/>\n<meta property=\"og:locale\" content=\"fr_FR\" \/>\n<meta property=\"og:type\" content=\"article\" \/>\n<meta property=\"og:title\" content=\"1945 : L&#039;URSS r\u00e9cup\u00e8re les archives secr\u00e8tes des Fran\u00e7ais | AASSDN | Anciens et Amis des Services Sp\u00e9ciaux\" \/>\n<meta property=\"og:description\" content=\"Par Paul Paillole Dans la rafale d&#8217;\u00e9v\u00e9nements qui nous viennent de l&#8217;Est s&#8217;est trouv\u00e9e l&#8217;annonce de la d\u00e9couverte d&#8217;un monceau d&#8217;archives en tous genres, saisies par les Allemands pendant l&#8217;occupation et r\u00e9cup\u00e9r\u00e9es pour l&#8217;essentiel par les Soviets en juillet 1945 en Tch\u00e9coslovaquie. Dans le lot figureraient &#8221; les archives secr\u00e8tes de l&#8217;ex-2\u00e8me Bureau d&#8217;avant-guerre &#8220;. [&hellip;]\" \/>\n<meta property=\"og:url\" content=\"https:\/\/aassdn.org\/amicale\/1945-lurss-recupere-les-archives-secretes-des-francais\/\" \/>\n<meta property=\"og:site_name\" content=\"AASSDN | Anciens et Amis des Services Sp\u00e9ciaux\" \/>\n<meta property=\"article:published_time\" content=\"2021-10-29T08:00:25+00:00\" \/>\n<meta property=\"article:modified_time\" content=\"2024-03-02T14:22:20+00:00\" \/>\n<meta name=\"author\" content=\"AASSDN\" \/>\n<meta name=\"twitter:card\" content=\"summary_large_image\" \/>\n<meta name=\"twitter:label1\" content=\"\u00c9crit par\" \/>\n\t<meta name=\"twitter:data1\" content=\"AASSDN\" \/>\n\t<meta name=\"twitter:label2\" content=\"Dur\u00e9e de lecture estim\u00e9e\" \/>\n\t<meta name=\"twitter:data2\" content=\"11 minutes\" \/>\n<script type=\"application\/ld+json\" class=\"yoast-schema-graph\">{\"@context\":\"https:\\\/\\\/schema.org\",\"@graph\":[{\"@type\":\"Article\",\"@id\":\"https:\\\/\\\/aassdn.org\\\/amicale\\\/1945-lurss-recupere-les-archives-secretes-des-francais\\\/#article\",\"isPartOf\":{\"@id\":\"https:\\\/\\\/aassdn.org\\\/amicale\\\/1945-lurss-recupere-les-archives-secretes-des-francais\\\/\"},\"author\":{\"name\":\"AASSDN\",\"@id\":\"https:\\\/\\\/aassdn.org\\\/amicale\\\/#\\\/schema\\\/person\\\/73800712a272e6d58a10a86ea9e59671\"},\"headline\":\"1945 : L&#8217;URSS r\u00e9cup\u00e8re les archives secr\u00e8tes des Fran\u00e7ais\",\"datePublished\":\"2021-10-29T08:00:25+00:00\",\"dateModified\":\"2024-03-02T14:22:20+00:00\",\"mainEntityOfPage\":{\"@id\":\"https:\\\/\\\/aassdn.org\\\/amicale\\\/1945-lurss-recupere-les-archives-secretes-des-francais\\\/\"},\"wordCount\":2284,\"publisher\":{\"@id\":\"https:\\\/\\\/aassdn.org\\\/amicale\\\/#organization\"},\"keywords\":[\"Adolf Hitler\",\"Amiral Darlan\",\"Darlan\",\"d\u00e9barquement\",\"G\u00e9n\u00e9ral De Gaulle\",\"G\u00e9n\u00e9ral Louis Rivet\",\"Paul paillole\",\"S\u00e9curit\u00e9 militaire\",\"URSS\"],\"articleSection\":[\"1942-1945\",\"Affaire Amiral Darlan\",\"Europe de l'Ouest\",\"Extraits de bulletin\",\"G\u00e9n\u00e9ral Guy Schlesser\",\"G\u00e9n\u00e9ral Louis Rivet\",\"Services allemands\",\"Services de l\u2019Est\",\"Services fran\u00e7ais\"],\"inLanguage\":\"fr-FR\"},{\"@type\":\"WebPage\",\"@id\":\"https:\\\/\\\/aassdn.org\\\/amicale\\\/1945-lurss-recupere-les-archives-secretes-des-francais\\\/\",\"url\":\"https:\\\/\\\/aassdn.org\\\/amicale\\\/1945-lurss-recupere-les-archives-secretes-des-francais\\\/\",\"name\":\"1945 : L'URSS r\u00e9cup\u00e8re les archives secr\u00e8tes des Fran\u00e7ais | AASSDN | Anciens et Amis des Services Sp\u00e9ciaux\",\"isPartOf\":{\"@id\":\"https:\\\/\\\/aassdn.org\\\/amicale\\\/#website\"},\"datePublished\":\"2021-10-29T08:00:25+00:00\",\"dateModified\":\"2024-03-02T14:22:20+00:00\",\"breadcrumb\":{\"@id\":\"https:\\\/\\\/aassdn.org\\\/amicale\\\/1945-lurss-recupere-les-archives-secretes-des-francais\\\/#breadcrumb\"},\"inLanguage\":\"fr-FR\",\"potentialAction\":[{\"@type\":\"ReadAction\",\"target\":[\"https:\\\/\\\/aassdn.org\\\/amicale\\\/1945-lurss-recupere-les-archives-secretes-des-francais\\\/\"]}]},{\"@type\":\"BreadcrumbList\",\"@id\":\"https:\\\/\\\/aassdn.org\\\/amicale\\\/1945-lurss-recupere-les-archives-secretes-des-francais\\\/#breadcrumb\",\"itemListElement\":[{\"@type\":\"ListItem\",\"position\":1,\"name\":\"Accueil\",\"item\":\"https:\\\/\\\/aassdn.org\\\/amicale\\\/\"},{\"@type\":\"ListItem\",\"position\":2,\"name\":\"1945 : L&#8217;URSS r\u00e9cup\u00e8re les archives secr\u00e8tes des Fran\u00e7ais\"}]},{\"@type\":\"WebSite\",\"@id\":\"https:\\\/\\\/aassdn.org\\\/amicale\\\/#website\",\"url\":\"https:\\\/\\\/aassdn.org\\\/amicale\\\/\",\"name\":\"AASSDN | Anciens et Amis des Services Sp\u00e9ciaux\",\"description\":\"Services sp\u00e9ciaux : Des h\u00e9ros anonymes au service exclusif de la France\",\"publisher\":{\"@id\":\"https:\\\/\\\/aassdn.org\\\/amicale\\\/#organization\"},\"potentialAction\":[{\"@type\":\"SearchAction\",\"target\":{\"@type\":\"EntryPoint\",\"urlTemplate\":\"https:\\\/\\\/aassdn.org\\\/amicale\\\/?s={search_term_string}\"},\"query-input\":{\"@type\":\"PropertyValueSpecification\",\"valueRequired\":true,\"valueName\":\"search_term_string\"}}],\"inLanguage\":\"fr-FR\"},{\"@type\":\"Organization\",\"@id\":\"https:\\\/\\\/aassdn.org\\\/amicale\\\/#organization\",\"name\":\"AASSDN | Anciens et Amis des Services Sp\u00e9ciaux\",\"url\":\"https:\\\/\\\/aassdn.org\\\/amicale\\\/\",\"logo\":{\"@type\":\"ImageObject\",\"inLanguage\":\"fr-FR\",\"@id\":\"https:\\\/\\\/aassdn.org\\\/amicale\\\/#\\\/schema\\\/logo\\\/image\\\/\",\"url\":\"https:\\\/\\\/aassdn.org\\\/amicale\\\/wp-content\\\/uploads\\\/Logo_AASSDN_transparent2.png\",\"contentUrl\":\"https:\\\/\\\/aassdn.org\\\/amicale\\\/wp-content\\\/uploads\\\/Logo_AASSDN_transparent2.png\",\"width\":1832,\"height\":1609,\"caption\":\"AASSDN | Anciens et Amis des Services Sp\u00e9ciaux\"},\"image\":{\"@id\":\"https:\\\/\\\/aassdn.org\\\/amicale\\\/#\\\/schema\\\/logo\\\/image\\\/\"}},{\"@type\":\"Person\",\"@id\":\"https:\\\/\\\/aassdn.org\\\/amicale\\\/#\\\/schema\\\/person\\\/73800712a272e6d58a10a86ea9e59671\",\"name\":\"AASSDN\",\"image\":{\"@type\":\"ImageObject\",\"inLanguage\":\"fr-FR\",\"@id\":\"https:\\\/\\\/secure.gravatar.com\\\/avatar\\\/9653808d17788562e72d77e426d8d02775774239aefd00a9b4e852423d8e9d7e?s=96&d=mm&r=g\",\"url\":\"https:\\\/\\\/secure.gravatar.com\\\/avatar\\\/9653808d17788562e72d77e426d8d02775774239aefd00a9b4e852423d8e9d7e?s=96&d=mm&r=g\",\"contentUrl\":\"https:\\\/\\\/secure.gravatar.com\\\/avatar\\\/9653808d17788562e72d77e426d8d02775774239aefd00a9b4e852423d8e9d7e?s=96&d=mm&r=g\",\"caption\":\"AASSDN\"},\"sameAs\":[\"https:\\\/\\\/aassdn.org\\\/amicale\"],\"url\":\"https:\\\/\\\/aassdn.org\\\/amicale\\\/author\\\/wordpress\\\/\"}]}<\/script>\n<!-- \/ Yoast SEO plugin. -->","yoast_head_json":{"title":"1945 : L'URSS r\u00e9cup\u00e8re les archives secr\u00e8tes des Fran\u00e7ais | AASSDN | Anciens et Amis des Services Sp\u00e9ciaux","robots":{"index":"index","follow":"follow","max-snippet":"max-snippet:-1","max-image-preview":"max-image-preview:large","max-video-preview":"max-video-preview:-1"},"canonical":"https:\/\/aassdn.org\/amicale\/1945-lurss-recupere-les-archives-secretes-des-francais\/","og_locale":"fr_FR","og_type":"article","og_title":"1945 : L'URSS r\u00e9cup\u00e8re les archives secr\u00e8tes des Fran\u00e7ais | AASSDN | Anciens et Amis des Services Sp\u00e9ciaux","og_description":"Par Paul Paillole Dans la rafale d&#8217;\u00e9v\u00e9nements qui nous viennent de l&#8217;Est s&#8217;est trouv\u00e9e l&#8217;annonce de la d\u00e9couverte d&#8217;un monceau d&#8217;archives en tous genres, saisies par les Allemands pendant l&#8217;occupation et r\u00e9cup\u00e9r\u00e9es pour l&#8217;essentiel par les Soviets en juillet 1945 en Tch\u00e9coslovaquie. Dans le lot figureraient &#8221; les archives secr\u00e8tes de l&#8217;ex-2\u00e8me Bureau d&#8217;avant-guerre &#8220;. [&hellip;]","og_url":"https:\/\/aassdn.org\/amicale\/1945-lurss-recupere-les-archives-secretes-des-francais\/","og_site_name":"AASSDN | Anciens et Amis des Services Sp\u00e9ciaux","article_published_time":"2021-10-29T08:00:25+00:00","article_modified_time":"2024-03-02T14:22:20+00:00","author":"AASSDN","twitter_card":"summary_large_image","twitter_misc":{"\u00c9crit par":"AASSDN","Dur\u00e9e de lecture estim\u00e9e":"11 minutes"},"schema":{"@context":"https:\/\/schema.org","@graph":[{"@type":"Article","@id":"https:\/\/aassdn.org\/amicale\/1945-lurss-recupere-les-archives-secretes-des-francais\/#article","isPartOf":{"@id":"https:\/\/aassdn.org\/amicale\/1945-lurss-recupere-les-archives-secretes-des-francais\/"},"author":{"name":"AASSDN","@id":"https:\/\/aassdn.org\/amicale\/#\/schema\/person\/73800712a272e6d58a10a86ea9e59671"},"headline":"1945 : L&#8217;URSS r\u00e9cup\u00e8re les archives secr\u00e8tes des Fran\u00e7ais","datePublished":"2021-10-29T08:00:25+00:00","dateModified":"2024-03-02T14:22:20+00:00","mainEntityOfPage":{"@id":"https:\/\/aassdn.org\/amicale\/1945-lurss-recupere-les-archives-secretes-des-francais\/"},"wordCount":2284,"publisher":{"@id":"https:\/\/aassdn.org\/amicale\/#organization"},"keywords":["Adolf Hitler","Amiral Darlan","Darlan","d\u00e9barquement","G\u00e9n\u00e9ral De Gaulle","G\u00e9n\u00e9ral Louis Rivet","Paul paillole","S\u00e9curit\u00e9 militaire","URSS"],"articleSection":["1942-1945","Affaire Amiral Darlan","Europe de l'Ouest","Extraits de bulletin","G\u00e9n\u00e9ral Guy Schlesser","G\u00e9n\u00e9ral Louis Rivet","Services allemands","Services de l\u2019Est","Services fran\u00e7ais"],"inLanguage":"fr-FR"},{"@type":"WebPage","@id":"https:\/\/aassdn.org\/amicale\/1945-lurss-recupere-les-archives-secretes-des-francais\/","url":"https:\/\/aassdn.org\/amicale\/1945-lurss-recupere-les-archives-secretes-des-francais\/","name":"1945 : L'URSS r\u00e9cup\u00e8re les archives secr\u00e8tes des Fran\u00e7ais | AASSDN | Anciens et Amis des Services Sp\u00e9ciaux","isPartOf":{"@id":"https:\/\/aassdn.org\/amicale\/#website"},"datePublished":"2021-10-29T08:00:25+00:00","dateModified":"2024-03-02T14:22:20+00:00","breadcrumb":{"@id":"https:\/\/aassdn.org\/amicale\/1945-lurss-recupere-les-archives-secretes-des-francais\/#breadcrumb"},"inLanguage":"fr-FR","potentialAction":[{"@type":"ReadAction","target":["https:\/\/aassdn.org\/amicale\/1945-lurss-recupere-les-archives-secretes-des-francais\/"]}]},{"@type":"BreadcrumbList","@id":"https:\/\/aassdn.org\/amicale\/1945-lurss-recupere-les-archives-secretes-des-francais\/#breadcrumb","itemListElement":[{"@type":"ListItem","position":1,"name":"Accueil","item":"https:\/\/aassdn.org\/amicale\/"},{"@type":"ListItem","position":2,"name":"1945 : L&#8217;URSS r\u00e9cup\u00e8re les archives secr\u00e8tes des Fran\u00e7ais"}]},{"@type":"WebSite","@id":"https:\/\/aassdn.org\/amicale\/#website","url":"https:\/\/aassdn.org\/amicale\/","name":"AASSDN | Anciens et Amis des Services Sp\u00e9ciaux","description":"Services sp\u00e9ciaux : Des h\u00e9ros anonymes au service exclusif de la France","publisher":{"@id":"https:\/\/aassdn.org\/amicale\/#organization"},"potentialAction":[{"@type":"SearchAction","target":{"@type":"EntryPoint","urlTemplate":"https:\/\/aassdn.org\/amicale\/?s={search_term_string}"},"query-input":{"@type":"PropertyValueSpecification","valueRequired":true,"valueName":"search_term_string"}}],"inLanguage":"fr-FR"},{"@type":"Organization","@id":"https:\/\/aassdn.org\/amicale\/#organization","name":"AASSDN | Anciens et Amis des Services Sp\u00e9ciaux","url":"https:\/\/aassdn.org\/amicale\/","logo":{"@type":"ImageObject","inLanguage":"fr-FR","@id":"https:\/\/aassdn.org\/amicale\/#\/schema\/logo\/image\/","url":"https:\/\/aassdn.org\/amicale\/wp-content\/uploads\/Logo_AASSDN_transparent2.png","contentUrl":"https:\/\/aassdn.org\/amicale\/wp-content\/uploads\/Logo_AASSDN_transparent2.png","width":1832,"height":1609,"caption":"AASSDN | Anciens et Amis des Services Sp\u00e9ciaux"},"image":{"@id":"https:\/\/aassdn.org\/amicale\/#\/schema\/logo\/image\/"}},{"@type":"Person","@id":"https:\/\/aassdn.org\/amicale\/#\/schema\/person\/73800712a272e6d58a10a86ea9e59671","name":"AASSDN","image":{"@type":"ImageObject","inLanguage":"fr-FR","@id":"https:\/\/secure.gravatar.com\/avatar\/9653808d17788562e72d77e426d8d02775774239aefd00a9b4e852423d8e9d7e?s=96&d=mm&r=g","url":"https:\/\/secure.gravatar.com\/avatar\/9653808d17788562e72d77e426d8d02775774239aefd00a9b4e852423d8e9d7e?s=96&d=mm&r=g","contentUrl":"https:\/\/secure.gravatar.com\/avatar\/9653808d17788562e72d77e426d8d02775774239aefd00a9b4e852423d8e9d7e?s=96&d=mm&r=g","caption":"AASSDN"},"sameAs":["https:\/\/aassdn.org\/amicale"],"url":"https:\/\/aassdn.org\/amicale\/author\/wordpress\/"}]}},"_links":{"self":[{"href":"https:\/\/aassdn.org\/amicale\/wp-json\/wp\/v2\/posts\/2459","targetHints":{"allow":["GET"]}}],"collection":[{"href":"https:\/\/aassdn.org\/amicale\/wp-json\/wp\/v2\/posts"}],"about":[{"href":"https:\/\/aassdn.org\/amicale\/wp-json\/wp\/v2\/types\/post"}],"author":[{"embeddable":true,"href":"https:\/\/aassdn.org\/amicale\/wp-json\/wp\/v2\/users\/1"}],"replies":[{"embeddable":true,"href":"https:\/\/aassdn.org\/amicale\/wp-json\/wp\/v2\/comments?post=2459"}],"version-history":[{"count":0,"href":"https:\/\/aassdn.org\/amicale\/wp-json\/wp\/v2\/posts\/2459\/revisions"}],"wp:attachment":[{"href":"https:\/\/aassdn.org\/amicale\/wp-json\/wp\/v2\/media?parent=2459"}],"wp:term":[{"taxonomy":"category","embeddable":true,"href":"https:\/\/aassdn.org\/amicale\/wp-json\/wp\/v2\/categories?post=2459"},{"taxonomy":"post_tag","embeddable":true,"href":"https:\/\/aassdn.org\/amicale\/wp-json\/wp\/v2\/tags?post=2459"}],"curies":[{"name":"wp","href":"https:\/\/api.w.org\/{rel}","templated":true}]}}