{"id":2457,"date":"2021-10-29T10:00:25","date_gmt":"2021-10-29T08:00:25","guid":{"rendered":"https:\/\/aassdn.org\/amicale\/1943-1944-la-reorganisation-du-service-t-r\/"},"modified":"2024-03-02T15:22:20","modified_gmt":"2024-03-02T14:22:20","slug":"1943-1944-la-reorganisation-du-service-t-r","status":"publish","type":"post","link":"https:\/\/aassdn.org\/amicale\/1943-1944-la-reorganisation-du-service-t-r\/","title":{"rendered":"1943-1944 : La r\u00e9organisation du Service T.R."},"content":{"rendered":"<p><em>Dans notre bulletin n\u00b0 103 nous avons publi\u00e9 les commentaires du colonel Bernard sur l&#8217;organisation du T.R. Ancien en 1943 et 1944. Les postes cr\u00e9\u00e9s en 1940 sous les appellations num\u00e9riques correspondant en g\u00e9n\u00e9ral aux indicatifs des  r\u00e9gions militaires (T.R. 112, T.R. 113, T.R. 144, etc.) ont \u00e9t\u00e9 remani\u00e9s et  rebaptis\u00e9s avec des noms de fleurs.<\/em><\/p>\n<p><strong>par Le colonel BERNARD qui pr\u00e9cise ci-apr\u00e8s cette transformation :<\/strong><\/p>\n<p>La r\u00e9organisation du Service a bien correspondu, comme vous le dites dans votre livre, \u00e0 une  articulation toute nouvelle du commandement de T.R. (cr\u00e9ation des trois  inspections r\u00e9gionales) et \u00e0 un nouveau d\u00e9ploiement des postes sur le  terrain (postes plus nombreux et plus l\u00e9gers). Mais j&#8217;ignore si la  r\u00e9organisation a \u00e9t\u00e9 r\u00e9alis\u00e9e selon un sch\u00e9ma pr\u00e9-\u00e9tabli par VERNEUIL d\u00e8s le  d\u00e9but de 1943 ou si elle a pris forme petit \u00e0 petit au fur et \u00e0 mesure que  les \u00e9v\u00e9nements rendaient d\u00e9sirables ou n\u00e9cessaires les cr\u00e9ations de nouveaux  postes ou de nouveaux \u00e9chelons de commandement.<\/p>\n<p>De toute fa\u00e7on, s&#8217;il y a  eu pr\u00e9-\u00e9tablissement d&#8217;un nouvel organigramme d\u00e8s f\u00e9vrier 1943, les  exigences de la vie clandestine ne permettaient qu&#8217;une r\u00e9alisation tr\u00e8s  progressive d&#8217;un projet qui comportait<\/p>\n<p>&#8211; des recrutements de  personnels de toutes natures,<\/p>\n<p>&#8211; des recherches de  locaux discrets,<\/p>\n<p>&#8211; la mise en place de  nouveaux r\u00e9seaux radio.<\/p>\n<p>Voici \u00e0 mon avis (mais  je peux me tromper) comment on peut reconstituer la naissance du r\u00e9seau \u00ab  Fleurs \u00bb<\/p>\n<p><strong>PREMI\u00c8RE P\u00c9RIODE :  F\u00c9VRIER 1943.<\/strong><\/p>\n<p>Les trois premiers  postes dot\u00e9s d&#8217;indicatifs \u00ab Fleurs \u00bb sont Toulouse (Rose), Nice (Bleuet) et  Marseille (Gla\u00efeul). <\/p>\n<p>La cr\u00e9ation de Rose  \u00e9tait la suite directe du d\u00e9sastre subi par T.R. 117 il avait fallu  reconstituer compl\u00e8tement le poste. La cr\u00e9ation de Bleuet  \u00e9tait devenue d\u00e9sirable.<\/p>\n<p>a) en raison du danger  imminent d&#8217;arrestation de CHOTARD (chef du poste T.R. de Nice),<\/p>\n<p>b) en raison du  d\u00e9coupage de l&#8217;ancien secteur de T.R. 115 en deux zones d&#8217;occupation  (allemande et italienne) o\u00f9 les objectifs du Service \u00e9taient tr\u00e8s  dissemblables et exigeaient des m\u00e9thodes de travail tr\u00e8s diff\u00e9rentes.<\/p>\n<p>La transformation de  T.R. 115 en Gla\u00efeul r\u00e9sultait directement de la cr\u00e9ation de Bleuet.<\/p>\n<p>Le personnel de Rose a  \u00e9t\u00e9 d\u00e9sign\u00e9 le 4 f\u00e9vrier et a commenc\u00e9 \u00e0 travailler quelques jours plus  tard.<\/p>\n<p>Bleuet est cr\u00e9\u00e9 vers le  15 f\u00e9vrier et s&#8217;installe le 20.<\/p>\n<p>Gla\u00efeul est d\u00e9j\u00e0 en  place et au travail quand on lui donne son nom nouveau.<\/p>\n<p>Il y a lieu de remarquer  que les indicatifs des postes ont \u00e9t\u00e9 choisis en fonction de l&#8217;initiale du  nom du chef de poste : Rose = ROGER ; Bleuet = BERNARD ; Gla\u00efeul = GUIRAUD  (alias Georges-Henri).<\/p>\n<p><strong>SECONDE P\u00c9RIODE.- MARS  1943.<\/strong><\/p>\n<p>Il devient n\u00e9cessaire de  mettre en place un \u00e9chelon de commandement qui coiffera les postes du Midi.<\/p>\n<p>Il faut, en effet  coordonner les fili\u00e8res terrestres et maritimes vers l&#8217;Afrique du Nord. Or,  les fili\u00e8res pyr\u00e9n\u00e9ennes sont sur le territoire de Rose, les \u00e9quipes  (anciens et jeunes) qui pr\u00e9parent les op\u00e9rations &#8221; tube &#8221; gr\u00e2ce \u00e0 leurs liaisons  radio avec Alger sont sur le territoire de Gla\u00efeul, alors que les  d\u00e9barquements se font sur le territoire de Bleuet, dont la zone d&#8217;action va  de Bandol \u00e0 l&#8217;Italie mais qui ne peut pr\u00e9parer les op\u00e9rations puisqu&#8217;il  n&#8217;est pas encore dot\u00e9 de radio.<\/p>\n<p>De plus, le T.R. Ancien  ayant re\u00e7u l&#8217;ordre d&#8217;Alger d&#8217;aider le d\u00e9marrage du T.R. Jeunes, il vaut mieux,  pour la s\u00e9curit\u00e9 de ce dernier, que les contacts entre jeunes et anciens ne  se situent pas \u00e0 l&#8217;\u00e9chelon de Gla\u00efeul, poste de recherche dont le personnel,  en piste depuis longtemps, risque d&#8217;\u00eatre en partie br\u00fbl\u00e9.<\/p>\n<p>VERNEUIL  cr\u00e9e donc la  premi\u00e8re \u00ab inspection r\u00e9gionale \u00bb qui est, tout naturellement confi\u00e9e au  plus ancien officier C.E. de la zone, c&#8217;est-\u00e0-dire GUIRAUD.<\/p>\n<p>Cette mutation du chef  de poste de Gla\u00efeul, survenant tr\u00e8s peu de temps apr\u00e8s le choix de ce  nouveau nom pour l&#8217;ex T.R. 115 fait ressortir l&#8217;inconv\u00e9nient de baptiser  les postes en se basant sur l&#8217;initiale du chef de poste.<\/p>\n<p>Il est plus rationnel de  donner des indicatifs rappelant les zones d&#8217;action ou les villes  d&#8217;implantation des \u00e9l\u00e9ments \u00e0 baptiser.<\/p>\n<p>L&#8217;inspection Sud  s&#8217;appellera donc Soleil, de m\u00eame que la direction sera Dahlia et l&#8217;inspection  Centre : Cam\u00e9lia.<\/p>\n<p>C&#8217;est la r\u00e8gle qui sera  d\u00e9sormais appliqu\u00e9e pour tous les \u00e9l\u00e9ments du r\u00e9seau.<\/p>\n<p><\/p>\n<p><strong>TROISI\u00c8ME P\u00c9RIODE :  AVRIL-MAI 1943<\/strong><\/p>\n<p>J&#8217;ignore s&#8217;il y eut des  cr\u00e9ations de postes pendant cette p\u00e9riode. Il n&#8217;y en eut pas dans le Midi  mais il est possible que quelques cr\u00e9ations aient eu lieu en zone Nord. Je  pense, en particulier, que Proton ex T.R. 117, en sommeil depuis le d\u00e9but de  f\u00e9vrier, a peut-\u00eatre organis\u00e9 vers cette \u00e9poque d&#8217;avril-mai, le poste du  Mans qui, s&#8217;occupant de l&#8217;Ouest, eut pour indicatif Oeillet.<\/p>\n<p>S&#8217;il y eut des cr\u00e9ations  de postes \u00e0 cette \u00e9poque, elles ne furent pas provoqu\u00e9es par la n\u00e9cessit\u00e9 de  refondre des postes d\u00e9cim\u00e9s. Les arrestations sont au nombre de 3 en avril  et 4 en mai, r\u00e9parties sur 5 postes.<\/p>\n<p><strong>QUATRI\u00c8ME P\u00c9RIODE: APR\u00c8S  JUIN 1943<\/strong><\/p>\n<p>L&#8217;effroyable mois de  juin se solde par 36 arrestations : 3 \u00e0 la direction, 2 au groupe Morhange,  1 \u00e0 T.R. 114, 2 \u00e0 Gla\u00efeul, 2 \u00e0 Rose, et 26 \u00e0 T.R 113.<\/p>\n<p>Il entra\u00eene une refonte  totale du Service. Le r\u00e9seau \u00ab Fleurs \u00bb prend partout la suite de T.R. Tous  les postes du nouveau r\u00e9seau portent des noms rappelant leur zone d&#8217;action  ou leur lieu d&#8217;implantation.<\/p>\n<p>A Lille DENHAENE dirige  le poste du Nord = Narcisse. A Nancy, GALMICHE puis FLOUQUET, commandent le  poste de l&#8217;Est = Eglantine. On trouve Violette \u00e0 Vichy, Lys \u00e0 Lyon, B\u00e9gonia  \u00e0 Bourg-en-Bresse, Pervenche \u00e0 P\u00e9rigueux, Mauve \u00e0 Modane, Cyclamen \u00e0  Ch\u00e2teauroux, Pivoine, Pavot, Primev\u00e8re, Pens\u00e9e \u00e0 Paris (1)<\/p>\n<p>La seule exception  apparente est un poste \u00ab Souci \u00bb install\u00e9 \u00e0 Lyon, mais c&#8217;est un poste qui a  une mission particuli\u00e8re en Suisse.<\/p>\n<p>Si j&#8217;ai tenu \u00e0 pr\u00e9ciser  l&#8217;\u00e9volution structurale du Service d\u00e8s f\u00e9vrier 1943 c&#8217;est qu&#8217;il me para\u00eet  important de montrer que cette \u00e9volution n&#8217;a pas eu un caract\u00e8re uniquement  d\u00e9fensif.<\/p>\n<p>Si la cr\u00e9ation de Rose a  bien \u00e9t\u00e9 provoqu\u00e9e par la destruction de T.R. 117, les cr\u00e9ations de Bleuet,  de Gla\u00efeul, de Soleil ont pour but de mieux adapter le r\u00e9seau \u00e0 sa mission  et de favoriser son d\u00e9veloppement futur.<\/p>\n<p>La cr\u00e9ation des  inspections, la multiplication des postes assurent, certes de meilleurs  cloisonnements dans le r\u00e9seau mais elles assurent aussi et surtout un  maillage plus serr\u00e9 du territoire et la possibilit\u00e9 de travailler  efficacement m\u00eame en cas de rupture des routes et des voies ferr\u00e9es. On le  verra au moment de la Lib\u00e9ration.   <\/p>\n<p><em>(1) Nous rappelons qu&#8217;un poste TR jeunes (GEDEON) fonctionne \u00e0 Paris sous les ordres de Gilbert GETTEN depuis janvier 1943 avec pour mission de \u00ab drainer \u00bb les renseignements vers l&#8217;Espagne et Alger (N.D.L.R.).<\/em><\/p>\n<div class=\"pdfprnt-buttons pdfprnt-buttons-post pdfprnt-bottom-right\"><a href=\"https:\/\/aassdn.org\/amicale\/wp-json\/wp\/v2\/posts\/2457?print=pdf\" class=\"pdfprnt-button pdfprnt-button-pdf\" target=\"_blank\" ><img decoding=\"async\" data-src=\"https:\/\/aassdn.org\/amicale\/wp-content\/plugins\/pdf-print\/images\/pdf.png\" alt=\"image_pdf\" title=\"Afficher le PDF\" src=\"data:image\/svg+xml;base64,PHN2ZyB3aWR0aD0iMSIgaGVpZ2h0PSIxIiB4bWxucz0iaHR0cDovL3d3dy53My5vcmcvMjAwMC9zdmciPjwvc3ZnPg==\" class=\"lazyload\" style=\"--smush-placeholder-width: 32px; --smush-placeholder-aspect-ratio: 32\/32;\" \/><\/a><a href=\"https:\/\/aassdn.org\/amicale\/wp-json\/wp\/v2\/posts\/2457?print=print\" class=\"pdfprnt-button pdfprnt-button-print\" target=\"_blank\" ><\/a><\/div>","protected":false},"excerpt":{"rendered":"<p>Dans notre bulletin n\u00b0 103 nous avons publi\u00e9 les commentaires du colonel Bernard sur l&#8217;organisation du T.R. Ancien en 1943 et 1944. Les postes cr\u00e9\u00e9s en 1940 sous les appellations num\u00e9riques correspondant en g\u00e9n\u00e9ral aux indicatifs des r\u00e9gions militaires (T.R. 112, T.R. 113, T.R. 144, etc.) ont \u00e9t\u00e9 remani\u00e9s et rebaptis\u00e9s avec des noms de [&hellip;]<\/p>\n","protected":false},"author":1,"featured_media":0,"comment_status":"closed","ping_status":"open","sticky":false,"template":"","format":"standard","meta":{"_acf_changed":false,"footnotes":""},"categories":[94,114,79,146,147,106,99,78,98],"tags":[206,229,262,217],"class_list":["post-2457","post","type-post","status-publish","format-standard","hentry","category-1942-1945","category-europe-de-louest","category-extraits-de-bulletin","category-laction-des-services-avant-et-apres-1942","category-quest-ce-que-les-t-r","category-renseignement","category-services-allemands","category-services-francais","category-travaux-ruraux","tag-debarquement","tag-organigramme","tag-renseignement","tag-securite-militaire"],"acf":[],"yoast_head":"<!-- This site is optimized with the Yoast SEO plugin v27.4 - https:\/\/yoast.com\/product\/yoast-seo-wordpress\/ -->\n<title>1943-1944 : La r\u00e9organisation du Service T.R. | AASSDN | Anciens et Amis des Services Sp\u00e9ciaux<\/title>\n<meta name=\"robots\" content=\"index, follow, max-snippet:-1, max-image-preview:large, max-video-preview:-1\" \/>\n<link rel=\"canonical\" href=\"https:\/\/aassdn.org\/amicale\/1943-1944-la-reorganisation-du-service-t-r\/\" \/>\n<meta property=\"og:locale\" content=\"fr_FR\" \/>\n<meta property=\"og:type\" content=\"article\" \/>\n<meta property=\"og:title\" content=\"1943-1944 : La r\u00e9organisation du Service T.R. | AASSDN | Anciens et Amis des Services Sp\u00e9ciaux\" \/>\n<meta property=\"og:description\" content=\"Dans notre bulletin n\u00b0 103 nous avons publi\u00e9 les commentaires du colonel Bernard sur l&#8217;organisation du T.R. Ancien en 1943 et 1944. Les postes cr\u00e9\u00e9s en 1940 sous les appellations num\u00e9riques correspondant en g\u00e9n\u00e9ral aux indicatifs des r\u00e9gions militaires (T.R. 112, T.R. 113, T.R. 144, etc.) ont \u00e9t\u00e9 remani\u00e9s et rebaptis\u00e9s avec des noms de [&hellip;]\" \/>\n<meta property=\"og:url\" content=\"https:\/\/aassdn.org\/amicale\/1943-1944-la-reorganisation-du-service-t-r\/\" \/>\n<meta property=\"og:site_name\" content=\"AASSDN | Anciens et Amis des Services Sp\u00e9ciaux\" \/>\n<meta property=\"article:published_time\" content=\"2021-10-29T08:00:25+00:00\" \/>\n<meta property=\"article:modified_time\" content=\"2024-03-02T14:22:20+00:00\" \/>\n<meta name=\"author\" content=\"AASSDN\" \/>\n<meta name=\"twitter:card\" content=\"summary_large_image\" \/>\n<meta name=\"twitter:label1\" content=\"\u00c9crit par\" \/>\n\t<meta name=\"twitter:data1\" content=\"AASSDN\" \/>\n\t<meta name=\"twitter:label2\" content=\"Dur\u00e9e de lecture estim\u00e9e\" \/>\n\t<meta name=\"twitter:data2\" content=\"6 minutes\" \/>\n<script type=\"application\/ld+json\" class=\"yoast-schema-graph\">{\"@context\":\"https:\\\/\\\/schema.org\",\"@graph\":[{\"@type\":\"Article\",\"@id\":\"https:\\\/\\\/aassdn.org\\\/amicale\\\/1943-1944-la-reorganisation-du-service-t-r\\\/#article\",\"isPartOf\":{\"@id\":\"https:\\\/\\\/aassdn.org\\\/amicale\\\/1943-1944-la-reorganisation-du-service-t-r\\\/\"},\"author\":{\"name\":\"AASSDN\",\"@id\":\"https:\\\/\\\/aassdn.org\\\/amicale\\\/#\\\/schema\\\/person\\\/73800712a272e6d58a10a86ea9e59671\"},\"headline\":\"1943-1944 : La r\u00e9organisation du Service T.R.\",\"datePublished\":\"2021-10-29T08:00:25+00:00\",\"dateModified\":\"2024-03-02T14:22:20+00:00\",\"mainEntityOfPage\":{\"@id\":\"https:\\\/\\\/aassdn.org\\\/amicale\\\/1943-1944-la-reorganisation-du-service-t-r\\\/\"},\"wordCount\":1243,\"publisher\":{\"@id\":\"https:\\\/\\\/aassdn.org\\\/amicale\\\/#organization\"},\"keywords\":[\"d\u00e9barquement\",\"organigramme\",\"Renseignement\",\"S\u00e9curit\u00e9 militaire\"],\"articleSection\":[\"1942-1945\",\"Europe de l'Ouest\",\"Extraits de bulletin\",\"L'action des services avant et apr\u00e8s 1942\",\"Qu\u2019est-ce que les T.R. ?\",\"Renseignement\",\"Services allemands\",\"Services fran\u00e7ais\",\"Travaux ruraux\"],\"inLanguage\":\"fr-FR\"},{\"@type\":\"WebPage\",\"@id\":\"https:\\\/\\\/aassdn.org\\\/amicale\\\/1943-1944-la-reorganisation-du-service-t-r\\\/\",\"url\":\"https:\\\/\\\/aassdn.org\\\/amicale\\\/1943-1944-la-reorganisation-du-service-t-r\\\/\",\"name\":\"1943-1944 : La r\u00e9organisation du Service T.R. | AASSDN | Anciens et Amis des Services Sp\u00e9ciaux\",\"isPartOf\":{\"@id\":\"https:\\\/\\\/aassdn.org\\\/amicale\\\/#website\"},\"datePublished\":\"2021-10-29T08:00:25+00:00\",\"dateModified\":\"2024-03-02T14:22:20+00:00\",\"breadcrumb\":{\"@id\":\"https:\\\/\\\/aassdn.org\\\/amicale\\\/1943-1944-la-reorganisation-du-service-t-r\\\/#breadcrumb\"},\"inLanguage\":\"fr-FR\",\"potentialAction\":[{\"@type\":\"ReadAction\",\"target\":[\"https:\\\/\\\/aassdn.org\\\/amicale\\\/1943-1944-la-reorganisation-du-service-t-r\\\/\"]}]},{\"@type\":\"BreadcrumbList\",\"@id\":\"https:\\\/\\\/aassdn.org\\\/amicale\\\/1943-1944-la-reorganisation-du-service-t-r\\\/#breadcrumb\",\"itemListElement\":[{\"@type\":\"ListItem\",\"position\":1,\"name\":\"Accueil\",\"item\":\"https:\\\/\\\/aassdn.org\\\/amicale\\\/\"},{\"@type\":\"ListItem\",\"position\":2,\"name\":\"1943-1944 : La r\u00e9organisation du Service T.R.\"}]},{\"@type\":\"WebSite\",\"@id\":\"https:\\\/\\\/aassdn.org\\\/amicale\\\/#website\",\"url\":\"https:\\\/\\\/aassdn.org\\\/amicale\\\/\",\"name\":\"AASSDN | Anciens et Amis des Services Sp\u00e9ciaux\",\"description\":\"Services sp\u00e9ciaux : Des h\u00e9ros anonymes au service exclusif de la France\",\"publisher\":{\"@id\":\"https:\\\/\\\/aassdn.org\\\/amicale\\\/#organization\"},\"potentialAction\":[{\"@type\":\"SearchAction\",\"target\":{\"@type\":\"EntryPoint\",\"urlTemplate\":\"https:\\\/\\\/aassdn.org\\\/amicale\\\/?s={search_term_string}\"},\"query-input\":{\"@type\":\"PropertyValueSpecification\",\"valueRequired\":true,\"valueName\":\"search_term_string\"}}],\"inLanguage\":\"fr-FR\"},{\"@type\":\"Organization\",\"@id\":\"https:\\\/\\\/aassdn.org\\\/amicale\\\/#organization\",\"name\":\"AASSDN | Anciens et Amis des Services Sp\u00e9ciaux\",\"url\":\"https:\\\/\\\/aassdn.org\\\/amicale\\\/\",\"logo\":{\"@type\":\"ImageObject\",\"inLanguage\":\"fr-FR\",\"@id\":\"https:\\\/\\\/aassdn.org\\\/amicale\\\/#\\\/schema\\\/logo\\\/image\\\/\",\"url\":\"https:\\\/\\\/aassdn.org\\\/amicale\\\/wp-content\\\/uploads\\\/Logo_AASSDN_transparent2.png\",\"contentUrl\":\"https:\\\/\\\/aassdn.org\\\/amicale\\\/wp-content\\\/uploads\\\/Logo_AASSDN_transparent2.png\",\"width\":1832,\"height\":1609,\"caption\":\"AASSDN | Anciens et Amis des Services Sp\u00e9ciaux\"},\"image\":{\"@id\":\"https:\\\/\\\/aassdn.org\\\/amicale\\\/#\\\/schema\\\/logo\\\/image\\\/\"}},{\"@type\":\"Person\",\"@id\":\"https:\\\/\\\/aassdn.org\\\/amicale\\\/#\\\/schema\\\/person\\\/73800712a272e6d58a10a86ea9e59671\",\"name\":\"AASSDN\",\"image\":{\"@type\":\"ImageObject\",\"inLanguage\":\"fr-FR\",\"@id\":\"https:\\\/\\\/secure.gravatar.com\\\/avatar\\\/9653808d17788562e72d77e426d8d02775774239aefd00a9b4e852423d8e9d7e?s=96&d=mm&r=g\",\"url\":\"https:\\\/\\\/secure.gravatar.com\\\/avatar\\\/9653808d17788562e72d77e426d8d02775774239aefd00a9b4e852423d8e9d7e?s=96&d=mm&r=g\",\"contentUrl\":\"https:\\\/\\\/secure.gravatar.com\\\/avatar\\\/9653808d17788562e72d77e426d8d02775774239aefd00a9b4e852423d8e9d7e?s=96&d=mm&r=g\",\"caption\":\"AASSDN\"},\"sameAs\":[\"https:\\\/\\\/aassdn.org\\\/amicale\"],\"url\":\"https:\\\/\\\/aassdn.org\\\/amicale\\\/author\\\/wordpress\\\/\"}]}<\/script>\n<!-- \/ Yoast SEO plugin. -->","yoast_head_json":{"title":"1943-1944 : La r\u00e9organisation du Service T.R. | AASSDN | Anciens et Amis des Services Sp\u00e9ciaux","robots":{"index":"index","follow":"follow","max-snippet":"max-snippet:-1","max-image-preview":"max-image-preview:large","max-video-preview":"max-video-preview:-1"},"canonical":"https:\/\/aassdn.org\/amicale\/1943-1944-la-reorganisation-du-service-t-r\/","og_locale":"fr_FR","og_type":"article","og_title":"1943-1944 : La r\u00e9organisation du Service T.R. | AASSDN | Anciens et Amis des Services Sp\u00e9ciaux","og_description":"Dans notre bulletin n\u00b0 103 nous avons publi\u00e9 les commentaires du colonel Bernard sur l&#8217;organisation du T.R. Ancien en 1943 et 1944. Les postes cr\u00e9\u00e9s en 1940 sous les appellations num\u00e9riques correspondant en g\u00e9n\u00e9ral aux indicatifs des r\u00e9gions militaires (T.R. 112, T.R. 113, T.R. 144, etc.) ont \u00e9t\u00e9 remani\u00e9s et rebaptis\u00e9s avec des noms de [&hellip;]","og_url":"https:\/\/aassdn.org\/amicale\/1943-1944-la-reorganisation-du-service-t-r\/","og_site_name":"AASSDN | Anciens et Amis des Services Sp\u00e9ciaux","article_published_time":"2021-10-29T08:00:25+00:00","article_modified_time":"2024-03-02T14:22:20+00:00","author":"AASSDN","twitter_card":"summary_large_image","twitter_misc":{"\u00c9crit par":"AASSDN","Dur\u00e9e de lecture estim\u00e9e":"6 minutes"},"schema":{"@context":"https:\/\/schema.org","@graph":[{"@type":"Article","@id":"https:\/\/aassdn.org\/amicale\/1943-1944-la-reorganisation-du-service-t-r\/#article","isPartOf":{"@id":"https:\/\/aassdn.org\/amicale\/1943-1944-la-reorganisation-du-service-t-r\/"},"author":{"name":"AASSDN","@id":"https:\/\/aassdn.org\/amicale\/#\/schema\/person\/73800712a272e6d58a10a86ea9e59671"},"headline":"1943-1944 : La r\u00e9organisation du Service T.R.","datePublished":"2021-10-29T08:00:25+00:00","dateModified":"2024-03-02T14:22:20+00:00","mainEntityOfPage":{"@id":"https:\/\/aassdn.org\/amicale\/1943-1944-la-reorganisation-du-service-t-r\/"},"wordCount":1243,"publisher":{"@id":"https:\/\/aassdn.org\/amicale\/#organization"},"keywords":["d\u00e9barquement","organigramme","Renseignement","S\u00e9curit\u00e9 militaire"],"articleSection":["1942-1945","Europe de l'Ouest","Extraits de bulletin","L'action des services avant et apr\u00e8s 1942","Qu\u2019est-ce que les T.R. ?","Renseignement","Services allemands","Services fran\u00e7ais","Travaux ruraux"],"inLanguage":"fr-FR"},{"@type":"WebPage","@id":"https:\/\/aassdn.org\/amicale\/1943-1944-la-reorganisation-du-service-t-r\/","url":"https:\/\/aassdn.org\/amicale\/1943-1944-la-reorganisation-du-service-t-r\/","name":"1943-1944 : La r\u00e9organisation du Service T.R. | AASSDN | Anciens et Amis des Services Sp\u00e9ciaux","isPartOf":{"@id":"https:\/\/aassdn.org\/amicale\/#website"},"datePublished":"2021-10-29T08:00:25+00:00","dateModified":"2024-03-02T14:22:20+00:00","breadcrumb":{"@id":"https:\/\/aassdn.org\/amicale\/1943-1944-la-reorganisation-du-service-t-r\/#breadcrumb"},"inLanguage":"fr-FR","potentialAction":[{"@type":"ReadAction","target":["https:\/\/aassdn.org\/amicale\/1943-1944-la-reorganisation-du-service-t-r\/"]}]},{"@type":"BreadcrumbList","@id":"https:\/\/aassdn.org\/amicale\/1943-1944-la-reorganisation-du-service-t-r\/#breadcrumb","itemListElement":[{"@type":"ListItem","position":1,"name":"Accueil","item":"https:\/\/aassdn.org\/amicale\/"},{"@type":"ListItem","position":2,"name":"1943-1944 : La r\u00e9organisation du Service T.R."}]},{"@type":"WebSite","@id":"https:\/\/aassdn.org\/amicale\/#website","url":"https:\/\/aassdn.org\/amicale\/","name":"AASSDN | Anciens et Amis des Services Sp\u00e9ciaux","description":"Services sp\u00e9ciaux : Des h\u00e9ros anonymes au service exclusif de la France","publisher":{"@id":"https:\/\/aassdn.org\/amicale\/#organization"},"potentialAction":[{"@type":"SearchAction","target":{"@type":"EntryPoint","urlTemplate":"https:\/\/aassdn.org\/amicale\/?s={search_term_string}"},"query-input":{"@type":"PropertyValueSpecification","valueRequired":true,"valueName":"search_term_string"}}],"inLanguage":"fr-FR"},{"@type":"Organization","@id":"https:\/\/aassdn.org\/amicale\/#organization","name":"AASSDN | Anciens et Amis des Services Sp\u00e9ciaux","url":"https:\/\/aassdn.org\/amicale\/","logo":{"@type":"ImageObject","inLanguage":"fr-FR","@id":"https:\/\/aassdn.org\/amicale\/#\/schema\/logo\/image\/","url":"https:\/\/aassdn.org\/amicale\/wp-content\/uploads\/Logo_AASSDN_transparent2.png","contentUrl":"https:\/\/aassdn.org\/amicale\/wp-content\/uploads\/Logo_AASSDN_transparent2.png","width":1832,"height":1609,"caption":"AASSDN | Anciens et Amis des Services Sp\u00e9ciaux"},"image":{"@id":"https:\/\/aassdn.org\/amicale\/#\/schema\/logo\/image\/"}},{"@type":"Person","@id":"https:\/\/aassdn.org\/amicale\/#\/schema\/person\/73800712a272e6d58a10a86ea9e59671","name":"AASSDN","image":{"@type":"ImageObject","inLanguage":"fr-FR","@id":"https:\/\/secure.gravatar.com\/avatar\/9653808d17788562e72d77e426d8d02775774239aefd00a9b4e852423d8e9d7e?s=96&d=mm&r=g","url":"https:\/\/secure.gravatar.com\/avatar\/9653808d17788562e72d77e426d8d02775774239aefd00a9b4e852423d8e9d7e?s=96&d=mm&r=g","contentUrl":"https:\/\/secure.gravatar.com\/avatar\/9653808d17788562e72d77e426d8d02775774239aefd00a9b4e852423d8e9d7e?s=96&d=mm&r=g","caption":"AASSDN"},"sameAs":["https:\/\/aassdn.org\/amicale"],"url":"https:\/\/aassdn.org\/amicale\/author\/wordpress\/"}]}},"_links":{"self":[{"href":"https:\/\/aassdn.org\/amicale\/wp-json\/wp\/v2\/posts\/2457","targetHints":{"allow":["GET"]}}],"collection":[{"href":"https:\/\/aassdn.org\/amicale\/wp-json\/wp\/v2\/posts"}],"about":[{"href":"https:\/\/aassdn.org\/amicale\/wp-json\/wp\/v2\/types\/post"}],"author":[{"embeddable":true,"href":"https:\/\/aassdn.org\/amicale\/wp-json\/wp\/v2\/users\/1"}],"replies":[{"embeddable":true,"href":"https:\/\/aassdn.org\/amicale\/wp-json\/wp\/v2\/comments?post=2457"}],"version-history":[{"count":0,"href":"https:\/\/aassdn.org\/amicale\/wp-json\/wp\/v2\/posts\/2457\/revisions"}],"wp:attachment":[{"href":"https:\/\/aassdn.org\/amicale\/wp-json\/wp\/v2\/media?parent=2457"}],"wp:term":[{"taxonomy":"category","embeddable":true,"href":"https:\/\/aassdn.org\/amicale\/wp-json\/wp\/v2\/categories?post=2457"},{"taxonomy":"post_tag","embeddable":true,"href":"https:\/\/aassdn.org\/amicale\/wp-json\/wp\/v2\/tags?post=2457"}],"curies":[{"name":"wp","href":"https:\/\/api.w.org\/{rel}","templated":true}]}}