{"id":2455,"date":"2021-10-29T10:00:25","date_gmt":"2021-10-29T08:00:25","guid":{"rendered":"https:\/\/aassdn.org\/amicale\/du-sr-au-bataillon-de-choc\/"},"modified":"2024-03-15T14:06:45","modified_gmt":"2024-03-15T13:06:45","slug":"du-sr-au-bataillon-de-choc","status":"publish","type":"post","link":"https:\/\/aassdn.org\/amicale\/du-sr-au-bataillon-de-choc\/","title":{"rendered":"Du SR au bataillon de choc"},"content":{"rendered":"<p>Curieuse compagnie que   la n\u00f4tre ! Le Commandant Gambiez ne disposait d\u2019aucune r\u00e9serve en uniforme   pour nous \u00e9quiper. C\u2019est donc en v\u00eatements civils, qu\u2019apr\u00e8s quelques jours   d\u2019entra\u00eenement commando, nous pr\u00eemes part aux premi\u00e8res op\u00e9rations de   Lib\u00e9ration de la Corse.<\/p>\n<p class=\"Style28 Style29\" align=\"justify\">Afin de ne pas \u00eatre   trait\u00e9s comme des francs-tireurs en cas de capture, nous avions \u00e9t\u00e9 pourvus   d\u2019un brassard blanc portant la t\u00eate de maure, embl\u00e8me de la Corse. Cette   pr\u00e9caution me parut tr\u00e8s illusoire \u00e0 un moment o\u00f9 les maquisards \u00e9taient   l\u2019objet de terribles repr\u00e9sailles de la part des troupes allemandes.<\/p>\n<p class=\"Style28 Style29\" align=\"justify\">Nous f\u00fbmes par contre   dot\u00e9s du m\u00eame armement que celui dont \u00e9taient pourvues les autres unit\u00e9s du   Bataillon de Choc. Il comprenait essentiellement le fusil-mitrailleur Brent,   le pistolet-mitrailleur Sten et la grenade Gammon dont la charge de plastic   causait de terribles ravages au moment de l\u2019impact.<\/p>\n<p class=\"Style28 Style29\" align=\"justify\">J\u2019avais retrouv\u00e9 dans   mes bagages un vieux b\u00e9ret alpin et mon ancien blouson des Corps Francs de   1940; ces deux attributs, compl\u00e9t\u00e9s par des galons de lieutenant un peu   d\u00e9fra\u00eechis, me donn\u00e8rent une allure assez convenable dont se souciaient   assez peu les gar\u00e7ons que j\u2019avais \u00e0 commander. <\/p>\n<p class=\"Style28 Style29\" align=\"justify\">En rejoignant le   Bataillon de Choc, je ne faisais que retrouver mon statut d\u2019Officier de   carri\u00e8re. Pourtant pour les autorit\u00e9s civiles locales je demeurais Marcel   CIMA, D\u00e9l\u00e9gu\u00e9 D\u00e9partemental de l\u2019Artisanat.<\/p>\n<p class=\"Style28 Style29\" align=\"justify\">Il me fallait me   d\u00e9pouiller de ce d\u00e9guisement. J\u2019\u00e9crivis une lettre officielle au Pr\u00e9fet de   la Corse pour lui annoncer ma d\u00e9mission de mes fonctions civiles et ma   r\u00e9int\u00e9gration dans l\u2019Arm\u00e9e.<\/p>\n<p class=\"Style28 Style29\" align=\"justify\">\n<p class=\"Style29 Style28\" align=\"justify\"><strong> Les \u00e9v\u00e9nements   \u00e9voluaient rapidement.<\/strong><\/p>\n<p class=\"Style28 Style29\" align=\"justify\">En effet, les Allemands   ne furent pas longs \u00e0 r\u00e9agir. La Corse constituait pour eux un tremplin qui   leur permettait d\u2019acheminer par la plaine orientale et par Bastia vers   l\u2019Italie du Nord, leurs unit\u00e9s stationn\u00e9es en Sardaigne. Ils ne tenaient pas   \u00e0 ce que ce marchepied leur fut interdit par l\u2019arm\u00e9e fran\u00e7aise ou la   r\u00e9sistance corse.<\/p>\n<p class=\"Style28 Style29\" align=\"justify\">La mission du Bataillon   de Choc \u00e9tait de s\u2019opposer par tous les moyens (embuscades, coups de main,   harc\u00e8lement) aux mouvements des unit\u00e9s allemandes qui se dirigeaient vers   Bastia.<\/p>\n<p class=\"Style28 Style29\" align=\"justify\">Notre compagnie, dont   les sections op\u00e9raient isolement, prit vaillamment sa part dans cette   mission.<\/p>\n<p class=\"Style28 Style29\" align=\"justify\">Nos d\u00e9placements   s\u2019effectuaient soit en camion, soit souvent \u00e0 pied. Je me souviens des   marches ext\u00e9nuantes sur des sentiers de montagne auxquelles nos volontaires   \u00e0 t\u00eate de moines, non entra\u00een\u00e9s, \u00e9taient peu pr\u00e9par\u00e9s. Ils furent en tous   points remarquables par leur courage et leur entrain.<\/p>\n<p class=\"Style28 Style29\" align=\"justify\">A plusieurs reprises ma   section fut transport\u00e9e sur des camions de l\u2019arm\u00e9e italienne conduite par   des soldats italiens en uniforme. Ces gar\u00e7ons auraient d\u2019ailleurs fait n&#8217;importe quoi pour nous \u00eatre agr\u00e9able et se faire pardonner. <\/p>\n<p class=\"Style28 Style29\" align=\"justify\">Nous arriv\u00e2mes ainsi un   soir \u00e0 Vescovato, village \u00e0 20 kilom\u00e8tres au sud de Bastia.<\/p>\n<p class=\"Style28 Style29\" align=\"justify\">Depuis notre d\u00e9part   d\u2019Ajaccio, le Lieutenant Riquebourg avait \u00e9t\u00e9 remplac\u00e9 \u00e0 la t\u00eate de notre   compagnie par le Capitaine Charles Torri, un de mes grands anciens de   Saint-Cyr.<\/p>\n<p class=\"Style28 Style29\" align=\"justify\">Il vint me retrouver \u00e0   Vescovato pour me fixer la mission du lendemain.<\/p>\n<p class=\"Style28 Style29\" align=\"justify\">Il avait appris que les   troupes allemandes occupaient le petit village d\u2019Olmo (3 kilom\u00e8tres \u00e0   l\u2019ouest de Vescovato). Il savait aussi que chaque matin, un ou plusieurs   camions militaires allemands montaient \u00e0 Olmo pour ravitailler le poste et y   amener du personnel. <\/p>\n<p class=\"Style28 Style29\" align=\"justify\">Ma mission consistait \u00e0   tendre une embuscade pour d\u00e9truire ces camions le lendemain matin.<\/p>\n<p class=\"Style28 Style29\" align=\"justify\">Le \u00ab Maquis \u00bb mit un   guide \u00e0 ma disposition et nous quitt\u00e2mes Vescovato avant l\u2019aube.<\/p>\n<p class=\"Style28 Style29\" align=\"justify\">La progression lente et   p\u00e9nible dans une v\u00e9g\u00e9tation tr\u00e8s dense et sur un terrain escarp\u00e9 fut   soudainement arr\u00eat\u00e9e par des rafales de pistolets- mitrailleurs. Nous   venions de tomber nous-m\u00eames dans une embuscade ou sur une patrouille   allemande charg\u00e9e de d\u00e9couvrir si Vescovato \u00e9tait tenu par les Fran\u00e7ais. <\/p>\n<p class=\"Style28 Style29\" align=\"justify\">Le guide Corse qui   marchait devant moi avait \u00e9t\u00e9 tu\u00e9 sur le coup.<\/p>\n<p class=\"Style28 Style29\" align=\"justify\">La r\u00e9action de la   section fut imm\u00e9diate. Aux rafales allemandes succ\u00e9d\u00e8rent celles de nos P-M.   et les explosions de nos grenades. <\/p>\n<p class=\"Style28 Style29\" align=\"justify\">Il ne pouvait plus \u00eatre   question de remplir une mission dont le succ\u00e8s reposait sur la surprise. Je   fis replier ma section qui fut accompagn\u00e9e sur le chemin du retour par des   tirs de mortier. Un de mes hommes fut l\u00e9g\u00e8rement bless\u00e9. Je n\u2019\u00e9tais pas   fier, et mes hommes \u00e9taient furieux. <\/p>\n<p class=\"Style28 Style29\" align=\"justify\">Le Capitaine Torri vint   me retrouver quelques heures apr\u00e8s \u00e0 Vescovato.<\/p>\n<p class=\"Style28 Style29\" align=\"justify\">Mis au courant des   \u00e9v\u00e9nements il me dit simplement : \u00ab Tu recommences demain matin. \u00bb <\/p>\n<p class=\"Style28 Style29\" align=\"justify\">Ce qui fut fait, mes   hommes avaient la rage au ventre.<\/p>\n<p class=\"Style28 Style29\" align=\"justify\">Apr\u00e8s une progression   aussi lente et aussi p\u00e9nible que celle de la veille, je fis mettre des   fusils-mitrailleurs en batterie sur une pente qui dominait la route. <\/p>\n<p class=\"Style28 Style29\" align=\"justify\">Un camion de la   Wehrmacht l\u2019emprunta ce matin-l\u00e0. Foudroy\u00e9 par les fusils-mitrailleurs il   n\u2019alla pas plus loin. Ses occupants non plus. <\/p>\n<p class=\"Style28 Style29\" align=\"justify\">Apr\u00e8s la lib\u00e9ration   compl\u00e8te de la Corse et le regroupement du Bataillon de Choc \u00e0 Calvi, je   revins \u00e0 Vescovato pour revoir cette pittoresque localit\u00e9 dont le m\u00e9decin   m\u2019avait h\u00e9berg\u00e9.<\/p>\n<p class=\"Style28 Style29\" align=\"justify\">Plus tard encore, le   Capitaine Torri y fut enterr\u00e9. C\u2019\u00e9tait son village.<\/p>\n<p class=\"Style28 Style29\" align=\"justify\">\n<p class=\"Style29 Style28\" align=\"justify\"><strong> A CALVI<\/strong><\/p>\n<p class=\"Style28 Style29\" align=\"justify\">Fin 1943, le Bataillon   de Choc fut regroup\u00e9 \u00e0 Calvi o\u00f9 il s\u2019installa dans la citadelle qu\u2019occupe   maintenant la L\u00e9gion Etrang\u00e8re. <\/p>\n<p class=\"Style28 Style29\" align=\"justify\">Les souvenirs de cette   ville sympathique se sont progressivement estomp\u00e9s. Il ne reste dans ma   m\u00e9moire que la vision d\u2019une rade magnifique sur fonds de montagnes et ce   promontoire autoritaire que constituait la citadelle dominant la cit\u00e9.<\/p>\n<p class=\"Style28 Style29\" align=\"justify\">Notre 4e   Compagnie avait enfin re\u00e7u ses uniformes et \u00e9quipements am\u00e9ricains. Blouson   Corps Franc, B\u00e9ret alpin et brassard \u00e0 t\u00eate de Maure trouvaient d\u00e9sormais   leur place parmi d\u2019autres reliques.<\/p>\n<p class=\"Style28 Style29\" align=\"justify\">L\u2019instruction et   l\u2019entra\u00eenement pouss\u00e9s auxquels nous \u00e9tions astreints achevaient de nous   int\u00e9grer dans le Bataillon de Choc. Seul ne pouvait nous \u00eatre donn\u00e9   l\u2019entra\u00eenement parachutiste auquel avaient \u00e9t\u00e9 soumis en Alg\u00e9rie tous les   chasseurs de la prestigieuse unit\u00e9.<\/p>\n<p class=\"Style28 Style29\" align=\"justify\">La Corse avait \u00e9t\u00e9   lib\u00e9r\u00e9e. Il fallait \u00eatre en mesure de la d\u00e9fendre d\u2019\u00e9ventuels retours en   force des Allemands.<\/p>\n<p class=\"Style28 Style29\" align=\"justify\">Le Bataillon avait re\u00e7u   une mission de d\u00e9fense des c\u00f4tes dans la r\u00e9gion de Calvi en attendant de se   voir confier une t\u00e2che plus conforme \u00e0 sa vocation.<\/p>\n<p class=\"Style28 Style29\" align=\"justify\">C\u2019est \u00e0 Calvi que me   parvinrent fin d\u00e9cembre 1943 l\u2019ordre de rejoindre la Direction du Service de   Renseignements \u00e0 Alger pour une autre destin\u00e9e.<\/p>\n<div class=\"pdfprnt-buttons pdfprnt-buttons-post pdfprnt-bottom-right\"><a href=\"https:\/\/aassdn.org\/amicale\/wp-json\/wp\/v2\/posts\/2455?print=pdf\" class=\"pdfprnt-button pdfprnt-button-pdf\" target=\"_blank\" ><img decoding=\"async\" data-src=\"https:\/\/aassdn.org\/amicale\/wp-content\/plugins\/pdf-print\/images\/pdf.png\" alt=\"image_pdf\" title=\"Afficher le PDF\" src=\"data:image\/svg+xml;base64,PHN2ZyB3aWR0aD0iMSIgaGVpZ2h0PSIxIiB4bWxucz0iaHR0cDovL3d3dy53My5vcmcvMjAwMC9zdmciPjwvc3ZnPg==\" class=\"lazyload\" style=\"--smush-placeholder-width: 32px; --smush-placeholder-aspect-ratio: 32\/32;\" \/><\/a><a href=\"https:\/\/aassdn.org\/amicale\/wp-json\/wp\/v2\/posts\/2455?print=print\" class=\"pdfprnt-button pdfprnt-button-print\" target=\"_blank\" ><\/a><\/div>","protected":false},"excerpt":{"rendered":"<p>Curieuse compagnie que la n\u00f4tre ! Le Commandant Gambiez ne disposait d\u2019aucune r\u00e9serve en uniforme pour nous \u00e9quiper. C\u2019est donc en v\u00eatements civils, qu\u2019apr\u00e8s quelques jours d\u2019entra\u00eenement commando, nous pr\u00eemes part aux premi\u00e8res op\u00e9rations de Lib\u00e9ration de la Corse. Afin de ne pas \u00eatre trait\u00e9s comme des francs-tireurs en cas de capture, nous avions \u00e9t\u00e9 [&hellip;]<\/p>\n","protected":false},"author":1,"featured_media":0,"comment_status":"closed","ping_status":"open","sticky":false,"template":"","format":"standard","meta":{"_acf_changed":false,"footnotes":""},"categories":[114,79,106,99,78,145],"tags":[264,323,1125,1599,1126,1128,262,214,270],"class_list":["post-2455","post","type-post","status-publish","format-standard","hentry","category-europe-de-louest","category-extraits-de-bulletin","category-renseignement","category-services-allemands","category-services-francais","category-sr-air","tag-algerie","tag-armement","tag-bataillon-de-choc","tag-cam","tag-commando","tag-maquisards","tag-renseignement","tag-resistance","tag-wehrmacht"],"acf":[],"yoast_head":"<!-- This site is optimized with the Yoast SEO plugin v27.4 - https:\/\/yoast.com\/product\/yoast-seo-wordpress\/ -->\n<title>Du SR au bataillon de choc | AASSDN | Anciens et Amis des Services Sp\u00e9ciaux<\/title>\n<meta name=\"robots\" content=\"index, follow, max-snippet:-1, max-image-preview:large, max-video-preview:-1\" \/>\n<link rel=\"canonical\" href=\"https:\/\/aassdn.org\/amicale\/du-sr-au-bataillon-de-choc\/\" \/>\n<meta property=\"og:locale\" content=\"fr_FR\" \/>\n<meta property=\"og:type\" content=\"article\" \/>\n<meta property=\"og:title\" content=\"Du SR au bataillon de choc | AASSDN | Anciens et Amis des Services Sp\u00e9ciaux\" \/>\n<meta property=\"og:description\" content=\"Curieuse compagnie que la n\u00f4tre ! Le Commandant Gambiez ne disposait d\u2019aucune r\u00e9serve en uniforme pour nous \u00e9quiper. C\u2019est donc en v\u00eatements civils, qu\u2019apr\u00e8s quelques jours d\u2019entra\u00eenement commando, nous pr\u00eemes part aux premi\u00e8res op\u00e9rations de Lib\u00e9ration de la Corse. Afin de ne pas \u00eatre trait\u00e9s comme des francs-tireurs en cas de capture, nous avions \u00e9t\u00e9 [&hellip;]\" \/>\n<meta property=\"og:url\" content=\"https:\/\/aassdn.org\/amicale\/du-sr-au-bataillon-de-choc\/\" \/>\n<meta property=\"og:site_name\" content=\"AASSDN | Anciens et Amis des Services Sp\u00e9ciaux\" \/>\n<meta property=\"article:published_time\" content=\"2021-10-29T08:00:25+00:00\" \/>\n<meta property=\"article:modified_time\" content=\"2024-03-15T13:06:45+00:00\" \/>\n<meta name=\"author\" content=\"AASSDN\" \/>\n<meta name=\"twitter:card\" content=\"summary_large_image\" \/>\n<meta name=\"twitter:label1\" content=\"\u00c9crit par\" \/>\n\t<meta name=\"twitter:data1\" content=\"AASSDN\" \/>\n\t<meta name=\"twitter:label2\" content=\"Dur\u00e9e de lecture estim\u00e9e\" \/>\n\t<meta name=\"twitter:data2\" content=\"6 minutes\" \/>\n<script type=\"application\/ld+json\" class=\"yoast-schema-graph\">{\"@context\":\"https:\\\/\\\/schema.org\",\"@graph\":[{\"@type\":\"Article\",\"@id\":\"https:\\\/\\\/aassdn.org\\\/amicale\\\/du-sr-au-bataillon-de-choc\\\/#article\",\"isPartOf\":{\"@id\":\"https:\\\/\\\/aassdn.org\\\/amicale\\\/du-sr-au-bataillon-de-choc\\\/\"},\"author\":{\"name\":\"AASSDN\",\"@id\":\"https:\\\/\\\/aassdn.org\\\/amicale\\\/#\\\/schema\\\/person\\\/73800712a272e6d58a10a86ea9e59671\"},\"headline\":\"Du SR au bataillon de choc\",\"datePublished\":\"2021-10-29T08:00:25+00:00\",\"dateModified\":\"2024-03-15T13:06:45+00:00\",\"mainEntityOfPage\":{\"@id\":\"https:\\\/\\\/aassdn.org\\\/amicale\\\/du-sr-au-bataillon-de-choc\\\/\"},\"wordCount\":1143,\"publisher\":{\"@id\":\"https:\\\/\\\/aassdn.org\\\/amicale\\\/#organization\"},\"keywords\":[\"Alg\u00e9rie\",\"armement\",\"Bataillon de Choc\",\"Cam\",\"Commando\",\"Maquisards\",\"Renseignement\",\"R\u00e9sistance\",\"Wehrmacht\"],\"articleSection\":[\"Europe de l'Ouest\",\"Extraits de bulletin\",\"Renseignement\",\"Services allemands\",\"Services fran\u00e7ais\",\"SR Air\"],\"inLanguage\":\"fr-FR\"},{\"@type\":\"WebPage\",\"@id\":\"https:\\\/\\\/aassdn.org\\\/amicale\\\/du-sr-au-bataillon-de-choc\\\/\",\"url\":\"https:\\\/\\\/aassdn.org\\\/amicale\\\/du-sr-au-bataillon-de-choc\\\/\",\"name\":\"Du SR au bataillon de choc | AASSDN | Anciens et Amis des Services Sp\u00e9ciaux\",\"isPartOf\":{\"@id\":\"https:\\\/\\\/aassdn.org\\\/amicale\\\/#website\"},\"datePublished\":\"2021-10-29T08:00:25+00:00\",\"dateModified\":\"2024-03-15T13:06:45+00:00\",\"breadcrumb\":{\"@id\":\"https:\\\/\\\/aassdn.org\\\/amicale\\\/du-sr-au-bataillon-de-choc\\\/#breadcrumb\"},\"inLanguage\":\"fr-FR\",\"potentialAction\":[{\"@type\":\"ReadAction\",\"target\":[\"https:\\\/\\\/aassdn.org\\\/amicale\\\/du-sr-au-bataillon-de-choc\\\/\"]}]},{\"@type\":\"BreadcrumbList\",\"@id\":\"https:\\\/\\\/aassdn.org\\\/amicale\\\/du-sr-au-bataillon-de-choc\\\/#breadcrumb\",\"itemListElement\":[{\"@type\":\"ListItem\",\"position\":1,\"name\":\"Accueil\",\"item\":\"https:\\\/\\\/aassdn.org\\\/amicale\\\/\"},{\"@type\":\"ListItem\",\"position\":2,\"name\":\"Du SR au bataillon de choc\"}]},{\"@type\":\"WebSite\",\"@id\":\"https:\\\/\\\/aassdn.org\\\/amicale\\\/#website\",\"url\":\"https:\\\/\\\/aassdn.org\\\/amicale\\\/\",\"name\":\"AASSDN | Anciens et Amis des Services Sp\u00e9ciaux\",\"description\":\"Services sp\u00e9ciaux : Des h\u00e9ros anonymes au service exclusif de la France\",\"publisher\":{\"@id\":\"https:\\\/\\\/aassdn.org\\\/amicale\\\/#organization\"},\"potentialAction\":[{\"@type\":\"SearchAction\",\"target\":{\"@type\":\"EntryPoint\",\"urlTemplate\":\"https:\\\/\\\/aassdn.org\\\/amicale\\\/?s={search_term_string}\"},\"query-input\":{\"@type\":\"PropertyValueSpecification\",\"valueRequired\":true,\"valueName\":\"search_term_string\"}}],\"inLanguage\":\"fr-FR\"},{\"@type\":\"Organization\",\"@id\":\"https:\\\/\\\/aassdn.org\\\/amicale\\\/#organization\",\"name\":\"AASSDN | Anciens et Amis des Services Sp\u00e9ciaux\",\"url\":\"https:\\\/\\\/aassdn.org\\\/amicale\\\/\",\"logo\":{\"@type\":\"ImageObject\",\"inLanguage\":\"fr-FR\",\"@id\":\"https:\\\/\\\/aassdn.org\\\/amicale\\\/#\\\/schema\\\/logo\\\/image\\\/\",\"url\":\"https:\\\/\\\/aassdn.org\\\/amicale\\\/wp-content\\\/uploads\\\/Logo_AASSDN_transparent2.png\",\"contentUrl\":\"https:\\\/\\\/aassdn.org\\\/amicale\\\/wp-content\\\/uploads\\\/Logo_AASSDN_transparent2.png\",\"width\":1832,\"height\":1609,\"caption\":\"AASSDN | Anciens et Amis des Services Sp\u00e9ciaux\"},\"image\":{\"@id\":\"https:\\\/\\\/aassdn.org\\\/amicale\\\/#\\\/schema\\\/logo\\\/image\\\/\"}},{\"@type\":\"Person\",\"@id\":\"https:\\\/\\\/aassdn.org\\\/amicale\\\/#\\\/schema\\\/person\\\/73800712a272e6d58a10a86ea9e59671\",\"name\":\"AASSDN\",\"image\":{\"@type\":\"ImageObject\",\"inLanguage\":\"fr-FR\",\"@id\":\"https:\\\/\\\/secure.gravatar.com\\\/avatar\\\/9653808d17788562e72d77e426d8d02775774239aefd00a9b4e852423d8e9d7e?s=96&d=mm&r=g\",\"url\":\"https:\\\/\\\/secure.gravatar.com\\\/avatar\\\/9653808d17788562e72d77e426d8d02775774239aefd00a9b4e852423d8e9d7e?s=96&d=mm&r=g\",\"contentUrl\":\"https:\\\/\\\/secure.gravatar.com\\\/avatar\\\/9653808d17788562e72d77e426d8d02775774239aefd00a9b4e852423d8e9d7e?s=96&d=mm&r=g\",\"caption\":\"AASSDN\"},\"sameAs\":[\"https:\\\/\\\/aassdn.org\\\/amicale\"],\"url\":\"https:\\\/\\\/aassdn.org\\\/amicale\\\/author\\\/wordpress\\\/\"}]}<\/script>\n<!-- \/ Yoast SEO plugin. -->","yoast_head_json":{"title":"Du SR au bataillon de choc | AASSDN | Anciens et Amis des Services Sp\u00e9ciaux","robots":{"index":"index","follow":"follow","max-snippet":"max-snippet:-1","max-image-preview":"max-image-preview:large","max-video-preview":"max-video-preview:-1"},"canonical":"https:\/\/aassdn.org\/amicale\/du-sr-au-bataillon-de-choc\/","og_locale":"fr_FR","og_type":"article","og_title":"Du SR au bataillon de choc | AASSDN | Anciens et Amis des Services Sp\u00e9ciaux","og_description":"Curieuse compagnie que la n\u00f4tre ! Le Commandant Gambiez ne disposait d\u2019aucune r\u00e9serve en uniforme pour nous \u00e9quiper. C\u2019est donc en v\u00eatements civils, qu\u2019apr\u00e8s quelques jours d\u2019entra\u00eenement commando, nous pr\u00eemes part aux premi\u00e8res op\u00e9rations de Lib\u00e9ration de la Corse. Afin de ne pas \u00eatre trait\u00e9s comme des francs-tireurs en cas de capture, nous avions \u00e9t\u00e9 [&hellip;]","og_url":"https:\/\/aassdn.org\/amicale\/du-sr-au-bataillon-de-choc\/","og_site_name":"AASSDN | Anciens et Amis des Services Sp\u00e9ciaux","article_published_time":"2021-10-29T08:00:25+00:00","article_modified_time":"2024-03-15T13:06:45+00:00","author":"AASSDN","twitter_card":"summary_large_image","twitter_misc":{"\u00c9crit par":"AASSDN","Dur\u00e9e de lecture estim\u00e9e":"6 minutes"},"schema":{"@context":"https:\/\/schema.org","@graph":[{"@type":"Article","@id":"https:\/\/aassdn.org\/amicale\/du-sr-au-bataillon-de-choc\/#article","isPartOf":{"@id":"https:\/\/aassdn.org\/amicale\/du-sr-au-bataillon-de-choc\/"},"author":{"name":"AASSDN","@id":"https:\/\/aassdn.org\/amicale\/#\/schema\/person\/73800712a272e6d58a10a86ea9e59671"},"headline":"Du SR au bataillon de choc","datePublished":"2021-10-29T08:00:25+00:00","dateModified":"2024-03-15T13:06:45+00:00","mainEntityOfPage":{"@id":"https:\/\/aassdn.org\/amicale\/du-sr-au-bataillon-de-choc\/"},"wordCount":1143,"publisher":{"@id":"https:\/\/aassdn.org\/amicale\/#organization"},"keywords":["Alg\u00e9rie","armement","Bataillon de Choc","Cam","Commando","Maquisards","Renseignement","R\u00e9sistance","Wehrmacht"],"articleSection":["Europe de l'Ouest","Extraits de bulletin","Renseignement","Services allemands","Services fran\u00e7ais","SR Air"],"inLanguage":"fr-FR"},{"@type":"WebPage","@id":"https:\/\/aassdn.org\/amicale\/du-sr-au-bataillon-de-choc\/","url":"https:\/\/aassdn.org\/amicale\/du-sr-au-bataillon-de-choc\/","name":"Du SR au bataillon de choc | AASSDN | Anciens et Amis des Services Sp\u00e9ciaux","isPartOf":{"@id":"https:\/\/aassdn.org\/amicale\/#website"},"datePublished":"2021-10-29T08:00:25+00:00","dateModified":"2024-03-15T13:06:45+00:00","breadcrumb":{"@id":"https:\/\/aassdn.org\/amicale\/du-sr-au-bataillon-de-choc\/#breadcrumb"},"inLanguage":"fr-FR","potentialAction":[{"@type":"ReadAction","target":["https:\/\/aassdn.org\/amicale\/du-sr-au-bataillon-de-choc\/"]}]},{"@type":"BreadcrumbList","@id":"https:\/\/aassdn.org\/amicale\/du-sr-au-bataillon-de-choc\/#breadcrumb","itemListElement":[{"@type":"ListItem","position":1,"name":"Accueil","item":"https:\/\/aassdn.org\/amicale\/"},{"@type":"ListItem","position":2,"name":"Du SR au bataillon de choc"}]},{"@type":"WebSite","@id":"https:\/\/aassdn.org\/amicale\/#website","url":"https:\/\/aassdn.org\/amicale\/","name":"AASSDN | Anciens et Amis des Services Sp\u00e9ciaux","description":"Services sp\u00e9ciaux : Des h\u00e9ros anonymes au service exclusif de la France","publisher":{"@id":"https:\/\/aassdn.org\/amicale\/#organization"},"potentialAction":[{"@type":"SearchAction","target":{"@type":"EntryPoint","urlTemplate":"https:\/\/aassdn.org\/amicale\/?s={search_term_string}"},"query-input":{"@type":"PropertyValueSpecification","valueRequired":true,"valueName":"search_term_string"}}],"inLanguage":"fr-FR"},{"@type":"Organization","@id":"https:\/\/aassdn.org\/amicale\/#organization","name":"AASSDN | Anciens et Amis des Services Sp\u00e9ciaux","url":"https:\/\/aassdn.org\/amicale\/","logo":{"@type":"ImageObject","inLanguage":"fr-FR","@id":"https:\/\/aassdn.org\/amicale\/#\/schema\/logo\/image\/","url":"https:\/\/aassdn.org\/amicale\/wp-content\/uploads\/Logo_AASSDN_transparent2.png","contentUrl":"https:\/\/aassdn.org\/amicale\/wp-content\/uploads\/Logo_AASSDN_transparent2.png","width":1832,"height":1609,"caption":"AASSDN | Anciens et Amis des Services Sp\u00e9ciaux"},"image":{"@id":"https:\/\/aassdn.org\/amicale\/#\/schema\/logo\/image\/"}},{"@type":"Person","@id":"https:\/\/aassdn.org\/amicale\/#\/schema\/person\/73800712a272e6d58a10a86ea9e59671","name":"AASSDN","image":{"@type":"ImageObject","inLanguage":"fr-FR","@id":"https:\/\/secure.gravatar.com\/avatar\/9653808d17788562e72d77e426d8d02775774239aefd00a9b4e852423d8e9d7e?s=96&d=mm&r=g","url":"https:\/\/secure.gravatar.com\/avatar\/9653808d17788562e72d77e426d8d02775774239aefd00a9b4e852423d8e9d7e?s=96&d=mm&r=g","contentUrl":"https:\/\/secure.gravatar.com\/avatar\/9653808d17788562e72d77e426d8d02775774239aefd00a9b4e852423d8e9d7e?s=96&d=mm&r=g","caption":"AASSDN"},"sameAs":["https:\/\/aassdn.org\/amicale"],"url":"https:\/\/aassdn.org\/amicale\/author\/wordpress\/"}]}},"_links":{"self":[{"href":"https:\/\/aassdn.org\/amicale\/wp-json\/wp\/v2\/posts\/2455","targetHints":{"allow":["GET"]}}],"collection":[{"href":"https:\/\/aassdn.org\/amicale\/wp-json\/wp\/v2\/posts"}],"about":[{"href":"https:\/\/aassdn.org\/amicale\/wp-json\/wp\/v2\/types\/post"}],"author":[{"embeddable":true,"href":"https:\/\/aassdn.org\/amicale\/wp-json\/wp\/v2\/users\/1"}],"replies":[{"embeddable":true,"href":"https:\/\/aassdn.org\/amicale\/wp-json\/wp\/v2\/comments?post=2455"}],"version-history":[{"count":0,"href":"https:\/\/aassdn.org\/amicale\/wp-json\/wp\/v2\/posts\/2455\/revisions"}],"wp:attachment":[{"href":"https:\/\/aassdn.org\/amicale\/wp-json\/wp\/v2\/media?parent=2455"}],"wp:term":[{"taxonomy":"category","embeddable":true,"href":"https:\/\/aassdn.org\/amicale\/wp-json\/wp\/v2\/categories?post=2455"},{"taxonomy":"post_tag","embeddable":true,"href":"https:\/\/aassdn.org\/amicale\/wp-json\/wp\/v2\/tags?post=2455"}],"curies":[{"name":"wp","href":"https:\/\/api.w.org\/{rel}","templated":true}]}}