{"id":2444,"date":"2021-10-29T10:00:25","date_gmt":"2021-10-29T08:00:25","guid":{"rendered":"https:\/\/aassdn.org\/amicale\/laide-de-la-marine-nationale-aux-services-speciaus-temoignage-du-captaine-paumier-actions-du-commandant-lherminier\/"},"modified":"2024-04-04T11:58:41","modified_gmt":"2024-04-04T09:58:41","slug":"laide-de-la-marine-nationale-aux-services-speciaus-temoignage-du-captaine-paumier-actions-du-commandant-lherminier","status":"publish","type":"post","link":"https:\/\/aassdn.org\/amicale\/laide-de-la-marine-nationale-aux-services-speciaus-temoignage-du-captaine-paumier-actions-du-commandant-lherminier\/","title":{"rendered":"L&#8217;aide de la marine nationale aux services speciaus temoignage du Captaine Paumier Actions du commandant LHerminier"},"content":{"rendered":"<p class=\"Style28 Style29\" align=\"center\">A la gloire du Sous-Marin &#8221; PERLE &#8221; disparu corps et biens le 8 Juillet 1944<\/p>\n<p class=\"Style28 Style29\" align=\"justify\">Avec l&#8217;autorisation de l&#8217;Amiraut\u00e9, nous publions le r\u00e9cit du Capitaine de Fr\u00e9gate PAUMIER, qui       commandait le Sous-Marin &#8220;PERLE&#8221; lors de sa mission sur les c\u00f4tes de  Provence en Octobre 1943. Cette mission       sous-marine fut la derni\u00e8re au Cap Camarat. Elle fut aussi l&#8217;une des plus  risqu\u00e9es, car l&#8217;ennemi venait pr\u00e9cis\u00e9ment d&#8217;y renforcer ses d\u00e9fenses c\u00f4ti\u00e8res et ses moyens de guet. L&#8217;exp\u00e9dition rat\u00e9e le mois suivant &#8211; Novembre 1943 &#8211; devait, h\u00e9las, d\u00e9montrer la difficult\u00e9 de l&#8217;entreprise. Pourtant le r\u00e9cit en est    simple, discret, bien dans les traditions de la MARINE. A chaque ligne       appara\u00eet l&#8217;ex\u00adtraordinaire ma\u00eetrise, l&#8217;exceptionnel courage, la foi       patriotique de l&#8217;\u00e9quipage et de son Chef.<\/p>\n<p class=\"Style28 Style29\" align=\"justify\">&#8220;LA PERLE&#8221; n&#8217;a pas       connu la Victoire : disparue en mer le 8 Juillet 1944, elle symbolise       l&#8217;h\u00e9ro\u00efque abn\u00e9gation de notre Marine Nationale.<\/p>\n<p class=\"Style28 Style29\" align=\"justify\">C&#8217;est \u00e0 cet h\u00e9ro\u00efsme et       \u00e0 cette abn\u00e9gation que nous rendons aujourd&#8217;hui hommage. Nous les       perp\u00e9tuerons demain en \u00e9difiant \u00e0 Ramatuelle le MEMORIAL des SERVICES       SPECIAUX.<\/p>\n<p class=\"Style29 Style28\" align=\"justify\"><strong>UN D\u00c9BARQUEMENT des SSM\/TR<\/strong><\/p>\n<p class=\"Style28 Style29\" align=\"justify\">Sur les c\u00f4tes de Provence (Octobre 1943)<\/p>\n<p class=\"Style28 Style29\" align=\"justify\">Si la grande presse a       beaucoup parl\u00e9 des op\u00e9rations de parachutage destin\u00e9es \u00e0 organiser les       forces de la R\u00e9sistance, un voile discret, par contre, semble avoir \u00e9t\u00e9 jet\u00e9       sur les op\u00e9rations de d\u00e9barquement, peut-\u00eatre plus modestes, ex\u00e9cut\u00e9es au       cours des ann\u00e9es 1943 et 1944 sur les c\u00f4tes m\u00e9diterran\u00e9ennes, par le Groupe       des Sous-marins d\u2019Alg\u00e9rie.<\/p>\n<p class=\"Style28 Style29\" align=\"justify\">A cette \u00e9poque, la       cr\u00e9ation de liaisons directes et fran\u00e7aises avec la M\u00e9tropole et le maintien       de ces liaisons \u00e9taient un probl\u00e8me vital. Tr\u00e8s rapidement le sous-marin       s&#8217;av\u00e8rera l&#8217;engin id\u00e9al pour ce travail, ayant sur l&#8217;avion l&#8217;\u00e9norme avantage       d&#8217;une discr\u00e9tion \u00e0 peu pr\u00e8s totale. Le Capitaine de Corvette L\u2019HERMINIER,       Commandant du &#8220;CASABIANCA&#8221;, fut le premier \u00e0 tenter et \u00e0 r\u00e9ussir, en       F\u00e9vrier 1943, un d\u00e9barquement d\u2019agents du SSM\/TR sur les c\u00f4tes de Provence       (les BULLETINS 7 et 8 ont relat\u00e9 cet exploit). Devenu notre chef de file,       il ne cessera de nous recommander de toujours op\u00e9rer avec la plus grande       discr\u00e9tion.<\/p>\n<p class=\"Style28 Style29\" align=\"justify\">Le point de d\u00e9barquement       devant \u00eatre imp\u00e9rativement isol\u00e9 des grandes voies de communication,       facilement identifiable de nuit, d&#8217;acc\u00e8s possible pour un sous-marin       navigant en immersion profonde. Le choix du Commandant L\u2019HERMINIER s&#8217;\u00e9tait       port\u00e9 sur la Baie de Bon-Porte, entre les Caps Taillat et Camarat, non loin       de la Baie de Saint-Tropez, et pratiquement le seul endroit acceptable entre       Toulon et la fronti\u00e8re italienne.<\/p>\n<p class=\"Style28 Style29\" align=\"justify\">Le nombre d&#8217;agents que       nous transportions variait g\u00e9n\u00e9ralement entre cinq et dix et se composait       des \u00e9l\u00e9ments les plus divers, les uns Officiers de Marine en service aussi       bien en Afrique du Nord qu&#8217;en France, se pliaient ais\u00e9ment aux p\u00e9nibles       conditions de vie des sous-marins, les autres ignoraient tout de la vie       maritime et se trouvaient quelque peu perdus sur nos bateaux o\u00f9 les m\u00e8tres       carr\u00e9s leur \u00e9taient distribu\u00e9s avec parcimonie.<\/p>\n<p class=\"Style28 Style29\" align=\"justify\">Ainsi, chaque mois, \u00e0 la       nouvelle lune, un sous-marin d&#8217;Alger vint en Baie de Bon-Porte. Mais, tout a       une fin; l&#8217;activit\u00e9 des R\u00e9sistants ne pouvait \u00e0 la longue rester inaper\u00e7ue       et, en Novembre 1943, l&#8217;ennemi interrompait brutalement les op\u00e9rations       poursuivies.(1)<\/p>\n<p class=\"Style28 Style29\" align=\"justify\">Et c&#8217;est &#8220;LA PERLE&#8221; qui,       en Octobre 1943, se trouve avoir r\u00e9alis\u00e9 le dernier d\u00e9barquement sur ces       c\u00f4tes.<\/p>\n<p class=\"Style29 Style28\" align=\"justify\"><strong>LE RAPPORT DE MER<\/strong><\/p>\n<p class=\"Style28 Style29\" align=\"justify\">Le d\u00e9part d&#8217;Alger se fait au petit matin du       Samedi 23 Octobre.<\/p>\n<p class=\"Style28 Style29\" align=\"justify\">&#8220;LA PERLE&#8221; plonge d\u00e8s la sortie du chenal       dragu\u00e9 et se dirige vers la zone que l&#8217;Amiraut\u00e9 alli\u00e9e r\u00e9serve aux       sous-marins en transit vers les c\u00f4tes de Provence ou le Golfe de G\u00eanes.       Tenir l&#8217;horaire est absolument vital, au surplus l&#8217;un de nos passagers &#8211;       Officier de Marine en service \u00e0 Toulon, venu \u00e0 Alger au voyage pr\u00e9c\u00e9dent &#8211;       doit \u00eatre imp\u00e9rativement rentr\u00e9 \u00e0 l&#8217;issue d&#8217;une permission d&#8217;un mois qu&#8217;il       est cens\u00e9 avoir pass\u00e9.. quelque part dans le Sud-Ouest de la France.       Heureusement les Dieux de la Mer et de la Guerre seront avec nous, aucun       incident ne retardera notre marche. Dans la matin\u00e9e du 26 Octobre, apr\u00e8s       avoir reconnu la terre, nous prenons l&#8217;immersion de 40 m\u00e8tres pour rester       invisible des bateaux de surveillance et des postes de guet, puis,       d\u00e9licatement, nous nous posons sur le fond en Baie de Bon-Porte.<\/p>\n<p class=\"Style28 Style29\" align=\"justify\">Pendant la journ\u00e9e le       silence le plus complet r\u00e8gne \u00e0 bord, l&#8217;\u00e9quipage, les passagers, tous se       reposent dans l&#8217;attente du d\u00e9barquement que nous tenterons au cours de la       prochaine nuit. Seuls sont arm\u00e9s les appareils d&#8217;\u00e9coute. Le passage dans       notre voisinage de quelques vedettes ou torpilleurs nous fait craindre la       fuite d&#8217;air ou de gas-oil qui indiquerait d&#8217;une mani\u00e8re tr\u00e8s pr\u00e9cise notre       position.<\/p>\n<p class=\"Style28 Style29\" align=\"justify\">Le repas du soir nous r\u00e9unit au &#8220;carr\u00e9&#8221;, gais       en apparence, mais cependant anxieux. Les derniers d\u00e9tails de l&#8217;op\u00e9ration       sont mis au point, tout se passera par nuit noire, il est donc imp\u00e9ratif que       chacun connaisse ses consignes et les ex\u00e9cute en suivant un plan       parfaitement minut\u00e9.<\/p>\n<p class=\"Style28 Style29\" align=\"justify\">Vingt-trois heures : La nuit est enti\u00e8rement       tomb\u00e9e, lentement nous d\u00e9collons du fond et faisons surface laissant le pont       au ras de l\u2019eau pour n&#8217;offrir qu&#8217;une tr\u00e8s faible silhouette. Le plus       silencieusement possible nous nous approchons de la c\u00f4te essayant de       d\u00e9couvrir la ROCHE ESCUDELIER, tr\u00e8s remarquable et bien connue des       sous-marins d\u2019Alger.<\/p>\n<p class=\"Style28 Style29\" align=\"justify\">Apr\u00e8s quelques longues minutes d&#8217;attente,       gr\u00e2ce aux petits appareils radios de transmission (2) dont les Services       Sp\u00e9ciaux sont dot\u00e9s, le contact s&#8217;\u00e9tablit avec le Comit\u00e9 d&#8217;accueil du SSM\/TR        charg\u00e9 d\u2019assurer la r\u00e9ception et la protection des camarades d\u00e9barqu\u00e9s. Mais       alors que la terre est \u00e0 peine \u00e0 trois cents m\u00e8tres, quelle n&#8217;est pas notre       stup\u00e9faction d&#8217;apprendre l&#8217;installation toute r\u00e9cente d&#8217;un poste de garde       allemand pr\u00e8s de la roche Escudelier, \u00e0 quelques m\u00e8tres de nous. Il nous est       demand\u00e9 de remettre l&#8217;op\u00e9ration au lendemain et de tenter le d\u00e9barquement       huit cents m\u00e8tres plus au nord dans la baie. Sans h\u00e9sitation, mais avec       regrets, nous acceptons ces conseils. Celui de nos h\u00f4tes &#8211; le marin &#8211;       toujours pr\u00e9occup\u00e9 de rallier son poste, marque une certaine d\u00e9ception et se       promet de partir seul \u00e0 la nage le lendemain si un obstacle se manifeste \u00e0       nouveau.<\/p>\n<p class=\"Style28 Style29\" align=\"justify\">Lentement, sans bruit, nous &#8220;battons arri\u00e8re&#8221;       pour nous sortir de cette sourici\u00e8re.<\/p>\n<p class=\"Style28 Style29\" align=\"justify\">Apr\u00e8s avoir r\u00e9ussi \u00e0       nous &#8220;\u00e9viter&#8221; cap au large, nous repartons vers la haute mer. Il est grand       temps de recharger nos batteries d&#8217;accumulateurs si nous voulons revenir la       nuit prochaine.<\/p>\n<p class=\"Style28 Style29\" align=\"justify\">______________<\/p>\n<p class=\"Style28 Style29\" align=\"justify\">La chance nous sourit encore et, lorsque le       jour parait, les batteries sont bien charg\u00e9es. Nouvelle  marche d&#8217;approche       comme la journ\u00e9e pr\u00e9c\u00e9dente.<\/p>\n<p class=\"Style28 Style29\" align=\"justify\">Vers neuf heures du matin le 27 Octobre, nous       reposons de nouveau sur le fond en Baie de Bon-Porte. Quelques b\u00e2timents       ennemis se manifestent dans l&#8217;apr\u00e8s-midi. Avons-nous \u00e9t\u00e9 rep\u00e9r\u00e9s la nuit       pr\u00e9c\u00e9dente ? Question bien angoissante pour la suite de l&#8217;op\u00e9ration.<\/p>\n<p class=\"Style28 Style29\" align=\"justify\">Le m\u00eame sc\u00e9nario continue \u00e0 se d\u00e9rouler. Nuit       noire; surface vers vingt-trois heures, puis nous nous dirigeons vers le       Nord de la Baie \u2026  avec la prudence du serpent. Les liaisons radios avec le       Comit\u00e9 d&#8217;accueil SSM\/TR s&#8217;\u00e9tablissent facilement et, lorsque la quille est       pr\u00eate \u00e0 toucher le fond, nous nous immobilisons tout pr\u00e8s de terre.<\/p>\n<p class=\"Style28 Style29\" align=\"justify\">Le spectacle des montagnes environnantes est       impressionnant, quelques lueurs sur la falaise montrent que les alentours du       phare de Camarat ne sont pas inhabit\u00e9s, les faisceaux d&#8217;\u00e9normes projecteurs       install\u00e9s aux Caps N\u00e8gre et Lardier tournent sans arr\u00eat d\u00e9coupant le Cap       Taillat en ombre chinoise.<\/p>\n<p class=\"Style28 Style29\" align=\"justify\">Les \u00e9quipes du bord, en h\u00e2te, mais sans       bruit, mettent \u00e0 l&#8217;eau le youyou, les embarcations en caoutchouc sont       hiss\u00e9es par le &#8220;sas&#8221; du scaphandrier. Nos h\u00f4tes montent sur la passerelle       avec leurs pr\u00e9cieuses valises et nous font leurs adieux. Minute       particuli\u00e8rement \u00e9mouvante. Nous les envions de pouvoir fouler dans quelques       minutes le sol de notre Patrie o\u00f9 tous, sans aucune exception, avons laiss\u00e9       nos familles.<\/p>\n<p class=\"Style28 Style29\" align=\"justify\">En silence, le petit convoi pousse du bord,       le youyou remorquant les radeaux pneumatiques.<\/p>\n<p class=\"Style28 Style29\" align=\"justify\">La progression se fait lentement tant que les       signaux discrets du Comit\u00e9 d&#8217;accueil n&#8217;ont pas \u00e9t\u00e9 aper\u00e7us. L&#8217;op\u00e9ration se       fera ce soir comme \u00e0 l&#8217;entra\u00eenement, n\u00e9anmoins, il s&#8217;\u00e9coulera pr\u00e8s d&#8217;une       heure avant que les embarcations ne rallient le bord. Les minutes d&#8217;attente       paraissent interminables. Nous scrutons la c\u00f4te sans interruption pendant       que les projecteurs continuent \u00e0 se manifester r\u00e9guli\u00e8rement. Le petit       clapotis qui frappe la coque est d&#8217;une indiscr\u00e9tion rare. L&#8217;angoisse nous       \u00e9treint. L&#8217;arriv\u00e9e d&#8217;une vedette ou d&#8217;une patrouille nous mettrait en       f\u00e2cheuse position ainsi que nos camarades de combat.<\/p>\n<p class=\"Style28 Style29\" align=\"justify\">Enfin, le youyou sort de l&#8217;ombre, l&#8217;accostage       se fait doucement. Aucun nouveau passager ne nous est confi\u00e9, mais nous       rapportons un volumineux courrier o\u00f9 se trouvent les renseignements       n\u00e9cessaires \u00e0 l&#8217;\u00e9tablissement des plans d&#8217;op\u00e9ration du d\u00e9barquement en       Normandie et du fonctionnement des Services de Contre-Espionnage.<\/p>\n<p class=\"Style28 Style29\" align=\"justify\">En quelques minutes les       sacs sont embarqu\u00e9s, le youyou est saisi, les radeaux sont descendus par le       &#8220;sas&#8221; et, comme \u00e0 regret, \u00e0 petite vitesse, sans aucun bruit, nous gagnons       le large. Une plong\u00e9e trop rapide serait bruyante et donnerait l&#8217;alerte dans       le secteur. Il faut \u00eatre discret, d&#8217;autant plus que nos camarades d\u00e9barqu\u00e9s       ne sont sans doute pas encore \u00e0 l&#8217;abri. Peut-\u00eatre m\u00eame n&#8217;ont-ils pas encore       r\u00e9ussi \u00e0 atteindre la ferme hospitali\u00e8re d&#8217;ACHILLE (3) , premi\u00e8re halte pour eux avant       les rudes t\u00e2ches de demain.<\/p>\n<p class=\"Style28 Style29\" align=\"justify\">_________________   Pour nous, la patrouille continue. Un       renseignement particuli\u00e8rement int\u00e9ressant re\u00e7u du Commandant de la       Huiti\u00e8me Flottille de Sous Marins Britanniques \u00e0 laquelle nous sommes       attach\u00e9s, nous avertit de la travers\u00e9e probable de notre secteur par un       sous-marin allemand ralliant Toulon.<\/p>\n<p class=\"Style28 Style29\" align=\"justify\">L&#8217;atmosph\u00e8re du bord restera lourde cette       nuit. Nos familles trop proches &#8230; les \u00e9quipages qui ont assur\u00e9 le       d\u00e9barquement ont touch\u00e9 le sol de France. Peut-\u00eatre quelques-uns ont-ils le       pressentiment qu&#8217;ils ne reviendront jamais ? Peu d&#8217;entre nous conna\u00eetrons       les joies du d\u00e9barquement de la Victoire, la plupart dispara\u00eetront le 8       Juillet 1944 en plein Atlantique.<\/p>\n<p class=\"Style28 Style29\" align=\"justify\">Le sacrifice de mes camarades de la &#8220;PERLE&#8221;       rejoint celui de nos camarades de la R\u00e9sistance.<\/p>\n<p class=\"Style28 Style29\" align=\"justify\">Puissions-nous ne jamais l&#8217;oublier !<\/p>\n<p class=\"Style28 Style29\" align=\"justify\">Capitaine de Fr\u00e9gate PAUMIER             Groupe Bertin &#8211; Suffren             TOULON<\/p>\n<p class=\"Style28 Style29\" align=\"justify\">&#8212;&#8212;&#8212;&#8212;&#8212;&#8212;&#8212;&#8212;&#8212;&#8212;&#8212;&#8212;&#8212;&#8212;&#8212;&#8211; <\/p>\n<p class=\"Style29 Style28\" align=\"justify\"><strong>Le souvenir du       Commandant L&#8217;HERMINIER<\/strong><\/p>\n<p class=\"Style29 Style28\" align=\"justify\">Il y a quinze ans, le sous-marin &#8220;Casabianca&#8221;,       sous le commandement du capitaine de corvette L&#8217;HERMINIER, s&#8217;\u00e9vadait de       Toulon envahi par les troupes allemandes.Fid\u00e8les au souvenir de leur ancien chef, les       anciens du Casabianca ont d\u00e9pos\u00e9 le 23 novembre \u00e0 11h30, au cimeti\u00e8re de       Clichy, une gerbe de fleurs sur la tombe du Commandant L&#8217;HERMINIER.<\/p>\n<p class=\"Style28 Style29\" align=\"justify\">Ils ont donn\u00e9 le m\u00eame       soir au profit des &#8220;Invalides de la Flotte&#8221; une soir\u00e9e plac\u00e9e sous la       pr\u00e9sidence d&#8217;honneur de Mme L&#8217;HERMINIER et du vice-amiral d&#8217;escadre ORTOLI.<\/p>\n<div class=\"pdfprnt-buttons pdfprnt-buttons-post pdfprnt-bottom-right\"><a href=\"https:\/\/aassdn.org\/amicale\/wp-json\/wp\/v2\/posts\/2444?print=pdf\" class=\"pdfprnt-button pdfprnt-button-pdf\" target=\"_blank\" ><img decoding=\"async\" data-src=\"https:\/\/aassdn.org\/amicale\/wp-content\/plugins\/pdf-print\/images\/pdf.png\" alt=\"image_pdf\" title=\"Afficher le PDF\" src=\"data:image\/svg+xml;base64,PHN2ZyB3aWR0aD0iMSIgaGVpZ2h0PSIxIiB4bWxucz0iaHR0cDovL3d3dy53My5vcmcvMjAwMC9zdmciPjwvc3ZnPg==\" class=\"lazyload\" style=\"--smush-placeholder-width: 32px; --smush-placeholder-aspect-ratio: 32\/32;\" \/><\/a><a href=\"https:\/\/aassdn.org\/amicale\/wp-json\/wp\/v2\/posts\/2444?print=print\" class=\"pdfprnt-button pdfprnt-button-print\" target=\"_blank\" ><\/a><\/div>","protected":false},"excerpt":{"rendered":"<p>A la gloire du Sous-Marin &#8221; PERLE &#8221; disparu corps et biens le 8 Juillet 1944 Avec l&#8217;autorisation de l&#8217;Amiraut\u00e9, nous publions le r\u00e9cit du Capitaine de Fr\u00e9gate PAUMIER, qui commandait le Sous-Marin &#8220;PERLE&#8221; lors de sa mission sur les c\u00f4tes de Provence en Octobre 1943. Cette mission sous-marine fut la derni\u00e8re au Cap Camarat. [&hellip;]<\/p>\n","protected":false},"author":1,"featured_media":0,"comment_status":"closed","ping_status":"open","sticky":false,"template":"","format":"standard","meta":{"_acf_changed":false,"footnotes":""},"categories":[114,79,106,99],"tags":[264,360,367,456,1112,226,366,206,307,390,346,356,392,1583,212,489,1113,262,214,1111,1109,364,460,417],"class_list":["post-2444","post","type-post","status-publish","format-standard","hentry","category-europe-de-louest","category-extraits-de-bulletin","category-renseignement","category-services-allemands","tag-algerie","tag-allemands","tag-avion","tag-camarade","tag-cap-camarat","tag-contre-espionnage","tag-courage","tag-debarquement","tag-defense","tag-espionnage","tag-guerre","tag-heros-de-lombre","tag-marine","tag-marine-nationale","tag-memorial","tag-mes-camarades","tag-provence","tag-renseignement","tag-resistance","tag-sous-marin","tag-suffren","tag-surveillance","tag-troupes","tag-troupes-allemandes"],"acf":[],"yoast_head":"<!-- This site is optimized with the Yoast SEO plugin v27.4 - https:\/\/yoast.com\/product\/yoast-seo-wordpress\/ -->\n<title>L&#039;aide de la marine nationale aux services speciaus temoignage du Captaine Paumier Actions du commandant LHerminier | AASSDN | Anciens et Amis des Services Sp\u00e9ciaux<\/title>\n<meta name=\"robots\" content=\"index, follow, max-snippet:-1, max-image-preview:large, max-video-preview:-1\" \/>\n<link rel=\"canonical\" href=\"https:\/\/aassdn.org\/amicale\/laide-de-la-marine-nationale-aux-services-speciaus-temoignage-du-captaine-paumier-actions-du-commandant-lherminier\/\" \/>\n<meta property=\"og:locale\" content=\"fr_FR\" \/>\n<meta property=\"og:type\" content=\"article\" \/>\n<meta property=\"og:title\" content=\"L&#039;aide de la marine nationale aux services speciaus temoignage du Captaine Paumier Actions du commandant LHerminier | AASSDN | Anciens et Amis des Services Sp\u00e9ciaux\" \/>\n<meta property=\"og:description\" content=\"A la gloire du Sous-Marin &#8221; PERLE &#8221; disparu corps et biens le 8 Juillet 1944 Avec l&#8217;autorisation de l&#8217;Amiraut\u00e9, nous publions le r\u00e9cit du Capitaine de Fr\u00e9gate PAUMIER, qui commandait le Sous-Marin &#8220;PERLE&#8221; lors de sa mission sur les c\u00f4tes de Provence en Octobre 1943. Cette mission sous-marine fut la derni\u00e8re au Cap Camarat. [&hellip;]\" \/>\n<meta property=\"og:url\" content=\"https:\/\/aassdn.org\/amicale\/laide-de-la-marine-nationale-aux-services-speciaus-temoignage-du-captaine-paumier-actions-du-commandant-lherminier\/\" \/>\n<meta property=\"og:site_name\" content=\"AASSDN | Anciens et Amis des Services Sp\u00e9ciaux\" \/>\n<meta property=\"article:published_time\" content=\"2021-10-29T08:00:25+00:00\" \/>\n<meta property=\"article:modified_time\" content=\"2024-04-04T09:58:41+00:00\" \/>\n<meta name=\"author\" content=\"AASSDN\" \/>\n<meta name=\"twitter:card\" content=\"summary_large_image\" \/>\n<meta name=\"twitter:label1\" content=\"\u00c9crit par\" \/>\n\t<meta name=\"twitter:data1\" content=\"AASSDN\" \/>\n\t<meta name=\"twitter:label2\" content=\"Dur\u00e9e de lecture estim\u00e9e\" \/>\n\t<meta name=\"twitter:data2\" content=\"9 minutes\" \/>\n<script type=\"application\/ld+json\" class=\"yoast-schema-graph\">{\"@context\":\"https:\\\/\\\/schema.org\",\"@graph\":[{\"@type\":\"Article\",\"@id\":\"https:\\\/\\\/aassdn.org\\\/amicale\\\/laide-de-la-marine-nationale-aux-services-speciaus-temoignage-du-captaine-paumier-actions-du-commandant-lherminier\\\/#article\",\"isPartOf\":{\"@id\":\"https:\\\/\\\/aassdn.org\\\/amicale\\\/laide-de-la-marine-nationale-aux-services-speciaus-temoignage-du-captaine-paumier-actions-du-commandant-lherminier\\\/\"},\"author\":{\"name\":\"AASSDN\",\"@id\":\"https:\\\/\\\/aassdn.org\\\/amicale\\\/#\\\/schema\\\/person\\\/73800712a272e6d58a10a86ea9e59671\"},\"headline\":\"L&#8217;aide de la marine nationale aux services speciaus temoignage du Captaine Paumier Actions du commandant LHerminier\",\"datePublished\":\"2021-10-29T08:00:25+00:00\",\"dateModified\":\"2024-04-04T09:58:41+00:00\",\"mainEntityOfPage\":{\"@id\":\"https:\\\/\\\/aassdn.org\\\/amicale\\\/laide-de-la-marine-nationale-aux-services-speciaus-temoignage-du-captaine-paumier-actions-du-commandant-lherminier\\\/\"},\"wordCount\":1971,\"publisher\":{\"@id\":\"https:\\\/\\\/aassdn.org\\\/amicale\\\/#organization\"},\"keywords\":[\"Alg\u00e9rie\",\"Allemands\",\"avion\",\"camarade\",\"Cap Camarat\",\"contre-espionnage\",\"courage\",\"d\u00e9barquement\",\"d\u00e9fense\",\"Espionnage\",\"guerre\",\"H\u00e9ros de l'ombre\",\"Marine\",\"Marine Nationale\",\"M\u00e9morial\",\"mes camarades\",\"Provence\",\"Renseignement\",\"R\u00e9sistance\",\"Sous-marin\",\"Suffren\",\"surveillance\",\"troupes\",\"troupes allemandes\"],\"articleSection\":[\"Europe de l'Ouest\",\"Extraits de bulletin\",\"Renseignement\",\"Services allemands\"],\"inLanguage\":\"fr-FR\"},{\"@type\":\"WebPage\",\"@id\":\"https:\\\/\\\/aassdn.org\\\/amicale\\\/laide-de-la-marine-nationale-aux-services-speciaus-temoignage-du-captaine-paumier-actions-du-commandant-lherminier\\\/\",\"url\":\"https:\\\/\\\/aassdn.org\\\/amicale\\\/laide-de-la-marine-nationale-aux-services-speciaus-temoignage-du-captaine-paumier-actions-du-commandant-lherminier\\\/\",\"name\":\"L'aide de la marine nationale aux services speciaus temoignage du Captaine Paumier Actions du commandant LHerminier | AASSDN | Anciens et Amis des Services Sp\u00e9ciaux\",\"isPartOf\":{\"@id\":\"https:\\\/\\\/aassdn.org\\\/amicale\\\/#website\"},\"datePublished\":\"2021-10-29T08:00:25+00:00\",\"dateModified\":\"2024-04-04T09:58:41+00:00\",\"breadcrumb\":{\"@id\":\"https:\\\/\\\/aassdn.org\\\/amicale\\\/laide-de-la-marine-nationale-aux-services-speciaus-temoignage-du-captaine-paumier-actions-du-commandant-lherminier\\\/#breadcrumb\"},\"inLanguage\":\"fr-FR\",\"potentialAction\":[{\"@type\":\"ReadAction\",\"target\":[\"https:\\\/\\\/aassdn.org\\\/amicale\\\/laide-de-la-marine-nationale-aux-services-speciaus-temoignage-du-captaine-paumier-actions-du-commandant-lherminier\\\/\"]}]},{\"@type\":\"BreadcrumbList\",\"@id\":\"https:\\\/\\\/aassdn.org\\\/amicale\\\/laide-de-la-marine-nationale-aux-services-speciaus-temoignage-du-captaine-paumier-actions-du-commandant-lherminier\\\/#breadcrumb\",\"itemListElement\":[{\"@type\":\"ListItem\",\"position\":1,\"name\":\"Accueil\",\"item\":\"https:\\\/\\\/aassdn.org\\\/amicale\\\/\"},{\"@type\":\"ListItem\",\"position\":2,\"name\":\"L&#8217;aide de la marine nationale aux services speciaus temoignage du Captaine Paumier Actions du commandant LHerminier\"}]},{\"@type\":\"WebSite\",\"@id\":\"https:\\\/\\\/aassdn.org\\\/amicale\\\/#website\",\"url\":\"https:\\\/\\\/aassdn.org\\\/amicale\\\/\",\"name\":\"AASSDN | Anciens et Amis des Services Sp\u00e9ciaux\",\"description\":\"Services sp\u00e9ciaux : Des h\u00e9ros anonymes au service exclusif de la France\",\"publisher\":{\"@id\":\"https:\\\/\\\/aassdn.org\\\/amicale\\\/#organization\"},\"potentialAction\":[{\"@type\":\"SearchAction\",\"target\":{\"@type\":\"EntryPoint\",\"urlTemplate\":\"https:\\\/\\\/aassdn.org\\\/amicale\\\/?s={search_term_string}\"},\"query-input\":{\"@type\":\"PropertyValueSpecification\",\"valueRequired\":true,\"valueName\":\"search_term_string\"}}],\"inLanguage\":\"fr-FR\"},{\"@type\":\"Organization\",\"@id\":\"https:\\\/\\\/aassdn.org\\\/amicale\\\/#organization\",\"name\":\"AASSDN | Anciens et Amis des Services Sp\u00e9ciaux\",\"url\":\"https:\\\/\\\/aassdn.org\\\/amicale\\\/\",\"logo\":{\"@type\":\"ImageObject\",\"inLanguage\":\"fr-FR\",\"@id\":\"https:\\\/\\\/aassdn.org\\\/amicale\\\/#\\\/schema\\\/logo\\\/image\\\/\",\"url\":\"https:\\\/\\\/aassdn.org\\\/amicale\\\/wp-content\\\/uploads\\\/Logo_AASSDN_transparent2.png\",\"contentUrl\":\"https:\\\/\\\/aassdn.org\\\/amicale\\\/wp-content\\\/uploads\\\/Logo_AASSDN_transparent2.png\",\"width\":1832,\"height\":1609,\"caption\":\"AASSDN | Anciens et Amis des Services Sp\u00e9ciaux\"},\"image\":{\"@id\":\"https:\\\/\\\/aassdn.org\\\/amicale\\\/#\\\/schema\\\/logo\\\/image\\\/\"}},{\"@type\":\"Person\",\"@id\":\"https:\\\/\\\/aassdn.org\\\/amicale\\\/#\\\/schema\\\/person\\\/73800712a272e6d58a10a86ea9e59671\",\"name\":\"AASSDN\",\"image\":{\"@type\":\"ImageObject\",\"inLanguage\":\"fr-FR\",\"@id\":\"https:\\\/\\\/secure.gravatar.com\\\/avatar\\\/9653808d17788562e72d77e426d8d02775774239aefd00a9b4e852423d8e9d7e?s=96&d=mm&r=g\",\"url\":\"https:\\\/\\\/secure.gravatar.com\\\/avatar\\\/9653808d17788562e72d77e426d8d02775774239aefd00a9b4e852423d8e9d7e?s=96&d=mm&r=g\",\"contentUrl\":\"https:\\\/\\\/secure.gravatar.com\\\/avatar\\\/9653808d17788562e72d77e426d8d02775774239aefd00a9b4e852423d8e9d7e?s=96&d=mm&r=g\",\"caption\":\"AASSDN\"},\"sameAs\":[\"https:\\\/\\\/aassdn.org\\\/amicale\"],\"url\":\"https:\\\/\\\/aassdn.org\\\/amicale\\\/author\\\/wordpress\\\/\"}]}<\/script>\n<!-- \/ Yoast SEO plugin. -->","yoast_head_json":{"title":"L'aide de la marine nationale aux services speciaus temoignage du Captaine Paumier Actions du commandant LHerminier | AASSDN | Anciens et Amis des Services Sp\u00e9ciaux","robots":{"index":"index","follow":"follow","max-snippet":"max-snippet:-1","max-image-preview":"max-image-preview:large","max-video-preview":"max-video-preview:-1"},"canonical":"https:\/\/aassdn.org\/amicale\/laide-de-la-marine-nationale-aux-services-speciaus-temoignage-du-captaine-paumier-actions-du-commandant-lherminier\/","og_locale":"fr_FR","og_type":"article","og_title":"L'aide de la marine nationale aux services speciaus temoignage du Captaine Paumier Actions du commandant LHerminier | AASSDN | Anciens et Amis des Services Sp\u00e9ciaux","og_description":"A la gloire du Sous-Marin &#8221; PERLE &#8221; disparu corps et biens le 8 Juillet 1944 Avec l&#8217;autorisation de l&#8217;Amiraut\u00e9, nous publions le r\u00e9cit du Capitaine de Fr\u00e9gate PAUMIER, qui commandait le Sous-Marin &#8220;PERLE&#8221; lors de sa mission sur les c\u00f4tes de Provence en Octobre 1943. Cette mission sous-marine fut la derni\u00e8re au Cap Camarat. [&hellip;]","og_url":"https:\/\/aassdn.org\/amicale\/laide-de-la-marine-nationale-aux-services-speciaus-temoignage-du-captaine-paumier-actions-du-commandant-lherminier\/","og_site_name":"AASSDN | Anciens et Amis des Services Sp\u00e9ciaux","article_published_time":"2021-10-29T08:00:25+00:00","article_modified_time":"2024-04-04T09:58:41+00:00","author":"AASSDN","twitter_card":"summary_large_image","twitter_misc":{"\u00c9crit par":"AASSDN","Dur\u00e9e de lecture estim\u00e9e":"9 minutes"},"schema":{"@context":"https:\/\/schema.org","@graph":[{"@type":"Article","@id":"https:\/\/aassdn.org\/amicale\/laide-de-la-marine-nationale-aux-services-speciaus-temoignage-du-captaine-paumier-actions-du-commandant-lherminier\/#article","isPartOf":{"@id":"https:\/\/aassdn.org\/amicale\/laide-de-la-marine-nationale-aux-services-speciaus-temoignage-du-captaine-paumier-actions-du-commandant-lherminier\/"},"author":{"name":"AASSDN","@id":"https:\/\/aassdn.org\/amicale\/#\/schema\/person\/73800712a272e6d58a10a86ea9e59671"},"headline":"L&#8217;aide de la marine nationale aux services speciaus temoignage du Captaine Paumier Actions du commandant LHerminier","datePublished":"2021-10-29T08:00:25+00:00","dateModified":"2024-04-04T09:58:41+00:00","mainEntityOfPage":{"@id":"https:\/\/aassdn.org\/amicale\/laide-de-la-marine-nationale-aux-services-speciaus-temoignage-du-captaine-paumier-actions-du-commandant-lherminier\/"},"wordCount":1971,"publisher":{"@id":"https:\/\/aassdn.org\/amicale\/#organization"},"keywords":["Alg\u00e9rie","Allemands","avion","camarade","Cap Camarat","contre-espionnage","courage","d\u00e9barquement","d\u00e9fense","Espionnage","guerre","H\u00e9ros de l'ombre","Marine","Marine Nationale","M\u00e9morial","mes camarades","Provence","Renseignement","R\u00e9sistance","Sous-marin","Suffren","surveillance","troupes","troupes allemandes"],"articleSection":["Europe de l'Ouest","Extraits de bulletin","Renseignement","Services allemands"],"inLanguage":"fr-FR"},{"@type":"WebPage","@id":"https:\/\/aassdn.org\/amicale\/laide-de-la-marine-nationale-aux-services-speciaus-temoignage-du-captaine-paumier-actions-du-commandant-lherminier\/","url":"https:\/\/aassdn.org\/amicale\/laide-de-la-marine-nationale-aux-services-speciaus-temoignage-du-captaine-paumier-actions-du-commandant-lherminier\/","name":"L'aide de la marine nationale aux services speciaus temoignage du Captaine Paumier Actions du commandant LHerminier | AASSDN | Anciens et Amis des Services Sp\u00e9ciaux","isPartOf":{"@id":"https:\/\/aassdn.org\/amicale\/#website"},"datePublished":"2021-10-29T08:00:25+00:00","dateModified":"2024-04-04T09:58:41+00:00","breadcrumb":{"@id":"https:\/\/aassdn.org\/amicale\/laide-de-la-marine-nationale-aux-services-speciaus-temoignage-du-captaine-paumier-actions-du-commandant-lherminier\/#breadcrumb"},"inLanguage":"fr-FR","potentialAction":[{"@type":"ReadAction","target":["https:\/\/aassdn.org\/amicale\/laide-de-la-marine-nationale-aux-services-speciaus-temoignage-du-captaine-paumier-actions-du-commandant-lherminier\/"]}]},{"@type":"BreadcrumbList","@id":"https:\/\/aassdn.org\/amicale\/laide-de-la-marine-nationale-aux-services-speciaus-temoignage-du-captaine-paumier-actions-du-commandant-lherminier\/#breadcrumb","itemListElement":[{"@type":"ListItem","position":1,"name":"Accueil","item":"https:\/\/aassdn.org\/amicale\/"},{"@type":"ListItem","position":2,"name":"L&#8217;aide de la marine nationale aux services speciaus temoignage du Captaine Paumier Actions du commandant LHerminier"}]},{"@type":"WebSite","@id":"https:\/\/aassdn.org\/amicale\/#website","url":"https:\/\/aassdn.org\/amicale\/","name":"AASSDN | Anciens et Amis des Services Sp\u00e9ciaux","description":"Services sp\u00e9ciaux : Des h\u00e9ros anonymes au service exclusif de la France","publisher":{"@id":"https:\/\/aassdn.org\/amicale\/#organization"},"potentialAction":[{"@type":"SearchAction","target":{"@type":"EntryPoint","urlTemplate":"https:\/\/aassdn.org\/amicale\/?s={search_term_string}"},"query-input":{"@type":"PropertyValueSpecification","valueRequired":true,"valueName":"search_term_string"}}],"inLanguage":"fr-FR"},{"@type":"Organization","@id":"https:\/\/aassdn.org\/amicale\/#organization","name":"AASSDN | Anciens et Amis des Services Sp\u00e9ciaux","url":"https:\/\/aassdn.org\/amicale\/","logo":{"@type":"ImageObject","inLanguage":"fr-FR","@id":"https:\/\/aassdn.org\/amicale\/#\/schema\/logo\/image\/","url":"https:\/\/aassdn.org\/amicale\/wp-content\/uploads\/Logo_AASSDN_transparent2.png","contentUrl":"https:\/\/aassdn.org\/amicale\/wp-content\/uploads\/Logo_AASSDN_transparent2.png","width":1832,"height":1609,"caption":"AASSDN | Anciens et Amis des Services Sp\u00e9ciaux"},"image":{"@id":"https:\/\/aassdn.org\/amicale\/#\/schema\/logo\/image\/"}},{"@type":"Person","@id":"https:\/\/aassdn.org\/amicale\/#\/schema\/person\/73800712a272e6d58a10a86ea9e59671","name":"AASSDN","image":{"@type":"ImageObject","inLanguage":"fr-FR","@id":"https:\/\/secure.gravatar.com\/avatar\/9653808d17788562e72d77e426d8d02775774239aefd00a9b4e852423d8e9d7e?s=96&d=mm&r=g","url":"https:\/\/secure.gravatar.com\/avatar\/9653808d17788562e72d77e426d8d02775774239aefd00a9b4e852423d8e9d7e?s=96&d=mm&r=g","contentUrl":"https:\/\/secure.gravatar.com\/avatar\/9653808d17788562e72d77e426d8d02775774239aefd00a9b4e852423d8e9d7e?s=96&d=mm&r=g","caption":"AASSDN"},"sameAs":["https:\/\/aassdn.org\/amicale"],"url":"https:\/\/aassdn.org\/amicale\/author\/wordpress\/"}]}},"_links":{"self":[{"href":"https:\/\/aassdn.org\/amicale\/wp-json\/wp\/v2\/posts\/2444","targetHints":{"allow":["GET"]}}],"collection":[{"href":"https:\/\/aassdn.org\/amicale\/wp-json\/wp\/v2\/posts"}],"about":[{"href":"https:\/\/aassdn.org\/amicale\/wp-json\/wp\/v2\/types\/post"}],"author":[{"embeddable":true,"href":"https:\/\/aassdn.org\/amicale\/wp-json\/wp\/v2\/users\/1"}],"replies":[{"embeddable":true,"href":"https:\/\/aassdn.org\/amicale\/wp-json\/wp\/v2\/comments?post=2444"}],"version-history":[{"count":0,"href":"https:\/\/aassdn.org\/amicale\/wp-json\/wp\/v2\/posts\/2444\/revisions"}],"wp:attachment":[{"href":"https:\/\/aassdn.org\/amicale\/wp-json\/wp\/v2\/media?parent=2444"}],"wp:term":[{"taxonomy":"category","embeddable":true,"href":"https:\/\/aassdn.org\/amicale\/wp-json\/wp\/v2\/categories?post=2444"},{"taxonomy":"post_tag","embeddable":true,"href":"https:\/\/aassdn.org\/amicale\/wp-json\/wp\/v2\/tags?post=2444"}],"curies":[{"name":"wp","href":"https:\/\/api.w.org\/{rel}","templated":true}]}}