{"id":2439,"date":"2021-10-29T10:00:23","date_gmt":"2021-10-29T08:00:23","guid":{"rendered":"https:\/\/aassdn.org\/amicale\/le-tr-italie-recit-du-colonel-parisot\/"},"modified":"2024-03-02T15:22:21","modified_gmt":"2024-03-02T14:22:21","slug":"le-tr-italie-recit-du-colonel-parisot","status":"publish","type":"post","link":"https:\/\/aassdn.org\/amicale\/le-tr-italie-recit-du-colonel-parisot\/","title":{"rendered":"Le TR Italie recit  du colonel Parisot"},"content":{"rendered":"<p class=\"Style28 Style29\" align=\"justify\"><em>Il a \u00e9chu au plus ancien   des survivants de nos services ayant particip\u00e9 \u00e0 la Campagne d&#8217;Italie, d&#8217;en       rappeler le souvenir.<\/em><\/p>\n<p class=\"Style28 Style29\" align=\"justify\"><em> Malgr\u00e9 toute la juste       publicit\u00e9 donn\u00e9e au d\u00e9barquement alli\u00e9 en Normandie, il convient en effet de       ne pas oublier que l&#8217;effort de guerre fran\u00e7ais a \u00e9t\u00e9 soutenu en majeure       partie par l&#8217;Arm\u00e9e d&#8217;Afrique ; apr\u00e8s avoir largement particip\u00e9, dans des       conditions particuli\u00e8rement m\u00e9ritoires, \u00e0 la dure campagne de reconqu\u00eate de       la Tunisie, et sans escamoter l&#8217;entreprise exclusivement fran\u00e7aise de la       lib\u00e9ration de la Corse ni le d\u00e9barquement de vive force \u00e0 l&#8217;\u00cele d&#8217;Elbe, il y       a lieu de se souvenir que nos services \u00e9taient d\u00e9j\u00e0 pr\u00e9sents en Sicile       avant m\u00eame le d\u00e9sistement italien. Ainsi notre ami le Docteur Rigaud a-t-il       pu go\u00fbter en toute connaissance de cause l&#8217;\u00e9vocation de certaines p\u00e9rip\u00e9ties       relat\u00e9es dans notre bulletin 152 (1991\/IV) concernant l&#8217;ann\u00e9e 1943.<\/em><\/p>\n<p class=\"Style28 Style29\" align=\"justify\">\n<p class=\"Style28 Style29\" align=\"justify\">Les magnifiques exploits       du Corps Exp\u00e9ditionnaire Fran\u00e7ais d&#8217;Italie, le g\u00e9nie manoeuvrier de son chef       prestigieux, le futur Mar\u00e9chal Juin, ont fait l&#8217;objet de maintes relations,       aussi bien limiterons-nous notre article au r\u00f4le que nous avons rempli \u00e0       l&#8217;\u00e9chelon du 15\u00e8me Groupe d&#8217;Arm\u00e9es (8\u00e8me Arm\u00e9e britannique et 5\u00e8me am\u00e9ricaine) ou       \u00e0 celui plus modeste du CEF &#8211; partie int\u00e9grante de la 5\u00e8me Arm\u00e9e US.<\/p>\n<p class=\"Style28 Style29\" align=\"justify\">A notre d\u00e9barquement \u00e0       Naples et lors de notre pause \u00e0 Maddaloni, nos \u00e9quipes de S\u00e9curit\u00e9 Militaire       \u00e9taient coiff\u00e9es par un camarade exp\u00e9riment\u00e9, Gacon, qu&#8217;assistaient Cot,       Whiteway, Delseny, Huet&#8230;<\/p>\n<p class=\"Style28 Style29\" align=\"justify\">\n<p class=\"Style28 Style29\" align=\"justify\">Le TR \u00e9tait repr\u00e9sent\u00e9 par votre serviteur,       second\u00e9 par son ancien complice du d\u00e9barquement am\u00e9ricain au Maroc du 8       novembre 1942, Lupatelli. Le SRO avait \u00e9t\u00e9 confi\u00e9 \u00e0 Weil, qui prenait       suffisamment au s\u00e9rieux le renseignement dit &#8221; de contact &#8221; pour se faire un       jour, &#8221; piquer &#8221; sa jeep et son chauffeur Ginestar au cours d&#8217;une       \u00e9chauffour\u00e9e avec une patrouille allemande dans les Apennins.<\/p>\n<p class=\"Style28 Style29\" align=\"justify\">Le r\u00f4le des \u00e9quipes SM       \u00e9tait \u00e9videmment la chasse aux espions. Ceux d&#8217;entre eux qui \u00e9taient jug\u00e9s       susceptibles d&#8217;\u00eatre retourn\u00e9s, \u00e9taient propos\u00e9s au TR, charg\u00e9 de les       transformer si possible en &#8220;W&#8221; (agents doubles). A lui, alors, de les       manipuler, de fa\u00e7on \u00e0 intoxiquer l&#8217;Abwehr au moyen de &#8221; fournitures &#8221;       savamment dos\u00e9es et pr\u00e9alablement discut\u00e9es avec les services alli\u00e9s.       Ceux-ci pouvaient d&#8217;ailleurs \u00e0 l&#8217;occasion \u00eatre nos concurrents, en d\u00e9pit       d&#8217;excellentes relations personnelles avec l&#8217;\u00e9quipe du Major britannique       Malcolm Smith et de son adjoint fran\u00e7ais Walter Borg (qui s&#8217;\u00e9tait fait       prendre au Cap Bon en flagrant d\u00e9lit d&#8217;\u00e9mission avec Malte, pour signaler \u00e0       ceux qui n&#8217;\u00e9taient pas encore rede\u00advenus nos alli\u00e9s, les convois ennemis       passant par le canal de Sicile).<\/p>\n<p class=\"Style28 Style29\" align=\"justify\">Quant au SIM &#8221; indig\u00e8ne       &#8221; &#8211; Servizio Informazioni Militare &#8211; en compl\u00e8te d\u00e9confiture, il \u00e9tait de       surcro\u00eet trop peu s\u00fbr pour \u00eatre fr\u00e9quent\u00e9.<\/p>\n<p class=\"Style28 Style29\" align=\"justify\">Les Britanniques n&#8217;en       ont pas moins r\u00e9cup\u00e9r\u00e9 sournoisement Roatta.<\/p>\n<p class=\"Style28 Style29\" align=\"justify\">Me sentant peu qualifi\u00e9       pour exposer l&#8217;historique de l&#8217;ensemble de nos Services Sp\u00e9ciaux au cours de       la Campagne d&#8217;Italie, je me bornerai \u00e0 \u00e9voquer les points forts ou les plus       pittoresques de notre seule activit\u00e9 TR.<\/p>\n<p class=\"Style28 Style29\" align=\"justify\">A  Naples, il nous a       fallu cornaquer une antenne de l&#8217;important r\u00e9seau allemand coiff\u00e9 en       Tunisie. Un de ses &#8221; W &#8221; a \u00e9t\u00e9 par nos soins int\u00e9gr\u00e9 dans l&#8217;Institut fran\u00e7ais,       permettant \u00e0 son chef &#8221; Gilbert &#8220;, depuis Tunis, de donner une origine       vraisemblable aux fournitures qu&#8217;il r\u00e9percutait par radio au Colonel Reile,       patron de l&#8217;Abwehr.<\/p>\n<p class=\"Style28 Style29\" align=\"justify\">Mais bient\u00f4t la SM nous       a livr\u00e9 un \u00e9tudiant g\u00e9nois &#8221; Sergio &#8221; qui avait accept\u00e9 une mission des       Allemands ; nous en avons patiemment fait un double au prix d&#8217;une action       psychologique assez longue, apr\u00e8s avoir pris sur lui un ind\u00e9niable ascendant       : tout \u00e0 fait par hasard en explorant le d\u00e9dale des souterrains de Naples,       nous avions d\u00e9couvert un itin\u00e9raire menant des locaux de la SM \u00e0 notre       appartement de la Via dei Mille ; si bien que notre h\u00f4te, bluff\u00e9 par ce       raffinement, ne savait qui nous \u00e9tions, o\u00f9 nous logions, et ne risquait pas       de nous vendre. Lorsque ce double a \u00e9t\u00e9 m\u00fbr, il a fallu le renvoyer \u00e0 ses       employeurs en lui faisant franchir les lignes nuitamment dans le sauvage       parc national des Abruzzes ; nous y avons m\u00eame craint, sans armes, d&#8217;\u00eatre       attaqu\u00e9s par les loups qui hantaient ces solitudes et souffraient, eux       aussi, d&#8217;un ravitaillement succinct ! Dans une autre circonstance Lupatelli,       un beau jour surpris par des tirs d&#8217;artillerie a attrap\u00e9 des sueurs froides       en s&#8217;apercevant qu&#8217;il s&#8217;\u00e9tait mis \u00e0 l&#8217;abri derri\u00e8re un d\u00e9p\u00f4t d&#8217;obus.<\/p>\n<p class=\"Style28 Style29\" align=\"justify\">Il \u00e9tait moins dangereux       de coiffer un &#8221; pianiste &#8221; (\u00e9metteur radio) italo-bulgare, qui op\u00e9rait sur       une terrasse offrant une vue sublime sur les vieux toits de tuiles de Rome.       Nous l&#8217;avons retrouv\u00e9 \u00e0 Florence, pendant la semaine o\u00f9 la ville, sillonn\u00e9e       de patrouilles adverses et sous les tirs de partisans juch\u00e9s sur les toits,       se trouvait entre les lignes. Dans une trattoria minable, il nous a remis       une liasse de billets et un questionnaire de ses employeurs, en nous tendant       discr\u00e8tement d&#8217;une table voisine le contenu d&#8217;un pot de moutarde mal rinc\u00e9.       A la m\u00eame \u00e9poque le fid\u00e8le aspirant Rabouille &#8211; celui qui r\u00e9cup\u00e9ra pour       nous, plus tard, l&#8217;int\u00e9gralit\u00e9 du tr\u00e9sor de la Milice de Darnand, arr\u00eat\u00e9 \u00e0       Milan (<strong>1<\/strong>)       , y gagna sa m\u00e9daille militaire dans un combat de rues non programm\u00e9.<\/p>\n<p class=\"Style28 Style29\" align=\"justify\">Mais auparavant, c&#8217;est       bien \u00e0 Rome, o\u00f9 nous avons p\u00e9n\u00e9tr\u00e9 le 4 juin 1944 (les troupes y sont       entr\u00e9es le lendemain) que s&#8217;est d\u00e9roul\u00e9 le plus clair de notre activit\u00e9.       Nous y avons b\u00e9n\u00e9fici\u00e9 de pr\u00e9cieuses relations entretenues jusqu&#8217;\u00e0 l&#8217;entr\u00e9e       en guerre de l&#8217;Italie, par l&#8217;auteur de mes jours, attach\u00e9 militaire au       Palais Farn\u00e8se (<strong>2<\/strong>).<\/p>\n<p class=\"Style28 Style29\" align=\"justify\">\n<p class=\"Style28 Style29\" align=\"justify\">A ses &#8221; HC &#8221; (Honorables Correspondants) de       grande classe, dont un cardinal fran\u00e7ais, doyen du Sacr\u00e9 Coll\u00e8ge et patron       des \u00c9glises d&#8217;Orient, S.E. Mgr Tisserant alias &#8221; Minerve &#8220;, qui ne reniait       pas ses activit\u00e9s pass\u00e9es d&#8217;officier de renseignement au Levant, s&#8217;est       ajout\u00e9 un ministre italien, Giuseppe Bottai, qui a jou\u00e9 un r\u00f4le de premier       plan dans l&#8217;\u00e9viction de Mussolini le 25 juillet 1943. Je suis all\u00e9 le       chercher dans un couvent, et selon son d\u00e9sir &#8211; mais \u00e0 la barbe de tous les       services alli\u00e9s ou ennemis qui le recherchaient, fran\u00e7ais y compris, je l&#8217;ai       accompagn\u00e9 jusqu&#8217;\u00e0 Bel Abb\u00e9s pour l&#8217;engager \u00e0 la l\u00e9gion o\u00f9 il a fait le       reste; la campagne de France et d&#8217;Allemagne comme mitrailleur d&#8217;un blind\u00e9       l\u00e9ger. Il avait du cran, et le logement o\u00f9 on l&#8217;avait h\u00e9berg\u00e9, annexe de       notre PC des Parioli, a ainsi m\u00e9rit\u00e9 son nom tr\u00e8s pomp\u00e9ien de &#8221; Villa des       Myst\u00e8res &#8220;. Il ne fallait pas se faire prendre et d\u00e9jeunant avec lui\u00e0       l&#8217;escale de Naples pour changer d&#8217;avion, j&#8217;ai eu tr\u00e8s peur qu&#8217;il ne soit       reconnu par les serveurs italiens du mess am\u00e9ricain intrigu\u00e9s par sa       barbiche (malgr\u00e9 la tenue fran\u00e7aise qui avait remplac\u00e9&#8230; la soutane qu&#8217;il       portait au couvent).    <\/p>\n<p class=\"Style28 Style29\" align=\"justify\">Enfin, bien qu&#8217;il s&#8217;agisse d&#8217;une escapade       marginale, improvis\u00e9e avec les moyens du bord mais avec l&#8217;autorisation du       Commandant Paillole, nous avons pris pied dans les Balkans en Albanie, au       cours d&#8217;une \u00e9quip\u00e9e que j&#8217;ai relat\u00e9e dans le bulletin n\u00b0 36 (1962\/IV) de l&#8217;A.S.S.D.N.       et qui a \u00e9t\u00e9 reproduite sans notre aval par un plagiaire, directeur de la       revue H&#8230;&#8230;.a.     <\/p>\n<p class=\"Style28 Style29\" align=\"justify\">Cette       aventure nous a permis de blouser le dictateur communiste Enver Hodja en       lui extorquant la r\u00e9cup\u00e9ration       des &#8221; Malgr\u00e9-nous &#8221; alsaciens et       mosellans, d\u00e9serteurs de la Wehrmacht.<\/p>\n<p class=\"Style28 Style29\" align=\"justify\">\n<p class=\"Style28 Style29\" align=\"justify\">Nous avons aussi mis la main sur les photos       a\u00e9riennes des puits locaux de p\u00e9trole.<\/p>\n<p class=\"Style28 Style29\" align=\"justify\">Le chef de poste de notre antenne de Tiran, le       captain J. Wisdorff, montait en toute simplicit\u00e9 un pur-sang du Roi Zog,       \u00e9vinc\u00e9 par les italiens.<\/p>\n<p class=\"Style28 Style29\" align=\"justify\">Nous avons aussi bien failli faire de notre       camarade, Jean Nadal, P\u00e8re de la congr\u00e9gation de B\u00e9tharram et Lieutenant de       r\u00e9serve, le premier nonce apostolique dans les Balkans lib\u00e9r\u00e9s de       l&#8217;occupation italo-allemande, mais pas de celle des Sovi\u00e9tiques&#8230;<\/p>\n<p class=\"Style28 Style29\" align=\"justify\">Entre No\u00ebl 1945 et le nouvel An 1946, notre       camarade, le Capitaine Lacat ayant disparu en mer entre Malte et la Sicile,       j&#8217;ai d\u00fb quitter mon \u00e9quipe d&#8217;Italie, d&#8217;ailleurs un peu f\u00e9minis\u00e9e et de moins       en moins la\u00efque ( que de jupons ! ) pour aller prendre \u00e0 la Centale (       install\u00e9e Boulevard Suchet dans les meubles de la Luftwaffe ) sa succession       \u00e0 la section g\u00e9ographique 25-7 ( Sud Europe ). La guerre chaude \u00e9tait finie,       la guerre froide commen\u00e7ait.<\/p>\n<p class=\"Style28 Style29\" align=\"justify\">\n<div class=\"Style28 Style29\">\n<p align=\"justify\">(<strong>1<\/strong>) <em>Une partie du tr\u00e8s important magot &#8211; des      sacs de doublons d&#8217;Espagne, sans doute vol\u00e9s \u00e0 des juifs &#8211; \u00e9tait           camoufl\u00e9e dans les tuyaux d&#8217;orgue d&#8217;un monast\u00e8re de Tirana (Valteline,   tout pr\u00e8s de la    fronti\u00e8re suisse).<\/em><\/p>\n<p align=\"justify\">(<strong>2<\/strong>) <em>A ce sujet, qu&#8217;il me  soit permis d&#8217;\u00e9voquer ici la plus grande joie de ma carri\u00e8re : je l&#8217;ai   eprouv\u00e9e le jour o\u00f9, exactement 4 ans apr\u00e8s, j&#8217;ai assist\u00e9 avec un           bataillon de tirailleurs \u00e0 un lever de conteurs expiatoire, sur les           ruines de la villa Incisa all&#8217;olgiata o\u00f9 mon p\u00e8re avait \u00e9t\u00e9 contraint,           comme dernier attach\u00e9 militaire \u00e0 Rome, la mort dans l&#8217;\u00e2me, de signer           l&#8217;Armistice de 1940 avec les Italiens<\/em><\/p>\n<\/div>\n<div class=\"pdfprnt-buttons pdfprnt-buttons-post pdfprnt-bottom-right\"><a href=\"https:\/\/aassdn.org\/amicale\/wp-json\/wp\/v2\/posts\/2439?print=pdf\" class=\"pdfprnt-button pdfprnt-button-pdf\" target=\"_blank\" ><img decoding=\"async\" data-src=\"https:\/\/aassdn.org\/amicale\/wp-content\/plugins\/pdf-print\/images\/pdf.png\" alt=\"image_pdf\" title=\"Afficher le PDF\" src=\"data:image\/svg+xml;base64,PHN2ZyB3aWR0aD0iMSIgaGVpZ2h0PSIxIiB4bWxucz0iaHR0cDovL3d3dy53My5vcmcvMjAwMC9zdmciPjwvc3ZnPg==\" class=\"lazyload\" style=\"--smush-placeholder-width: 32px; --smush-placeholder-aspect-ratio: 32\/32;\" \/><\/a><a href=\"https:\/\/aassdn.org\/amicale\/wp-json\/wp\/v2\/posts\/2439?print=print\" class=\"pdfprnt-button pdfprnt-button-print\" target=\"_blank\" ><\/a><\/div>","protected":false},"excerpt":{"rendered":"<p>Il a \u00e9chu au plus ancien des survivants de nos services ayant particip\u00e9 \u00e0 la Campagne d&#8217;Italie, d&#8217;en rappeler le souvenir. Malgr\u00e9 toute la juste publicit\u00e9 donn\u00e9e au d\u00e9barquement alli\u00e9 en Normandie, il convient en effet de ne pas oublier que l&#8217;effort de guerre fran\u00e7ais a \u00e9t\u00e9 soutenu en majeure partie par l&#8217;Arm\u00e9e d&#8217;Afrique ; [&hellip;]<\/p>\n","protected":false},"author":1,"featured_media":0,"comment_status":"closed","ping_status":"open","sticky":false,"template":"","format":"standard","meta":{"_acf_changed":false,"footnotes":""},"categories":[114,79,106,99],"tags":[206,203,262,217,213],"class_list":["post-2439","post","type-post","status-publish","format-standard","hentry","category-europe-de-louest","category-extraits-de-bulletin","category-renseignement","category-services-allemands","tag-debarquement","tag-paul-paillole","tag-renseignement","tag-securite-militaire","tag-urss"],"acf":[],"yoast_head":"<!-- This site is optimized with the Yoast SEO plugin v27.4 - https:\/\/yoast.com\/product\/yoast-seo-wordpress\/ -->\n<title>Le TR Italie recit du colonel Parisot | AASSDN | Anciens et Amis des Services Sp\u00e9ciaux<\/title>\n<meta name=\"robots\" content=\"index, follow, max-snippet:-1, max-image-preview:large, max-video-preview:-1\" \/>\n<link rel=\"canonical\" href=\"https:\/\/aassdn.org\/amicale\/le-tr-italie-recit-du-colonel-parisot\/\" \/>\n<meta property=\"og:locale\" content=\"fr_FR\" \/>\n<meta property=\"og:type\" content=\"article\" \/>\n<meta property=\"og:title\" content=\"Le TR Italie recit du colonel Parisot | AASSDN | Anciens et Amis des Services Sp\u00e9ciaux\" \/>\n<meta property=\"og:description\" content=\"Il a \u00e9chu au plus ancien des survivants de nos services ayant particip\u00e9 \u00e0 la Campagne d&#8217;Italie, d&#8217;en rappeler le souvenir. Malgr\u00e9 toute la juste publicit\u00e9 donn\u00e9e au d\u00e9barquement alli\u00e9 en Normandie, il convient en effet de ne pas oublier que l&#8217;effort de guerre fran\u00e7ais a \u00e9t\u00e9 soutenu en majeure partie par l&#8217;Arm\u00e9e d&#8217;Afrique ; [&hellip;]\" \/>\n<meta property=\"og:url\" content=\"https:\/\/aassdn.org\/amicale\/le-tr-italie-recit-du-colonel-parisot\/\" \/>\n<meta property=\"og:site_name\" content=\"AASSDN | Anciens et Amis des Services Sp\u00e9ciaux\" \/>\n<meta property=\"article:published_time\" content=\"2021-10-29T08:00:23+00:00\" \/>\n<meta property=\"article:modified_time\" content=\"2024-03-02T14:22:21+00:00\" \/>\n<meta name=\"author\" content=\"AASSDN\" \/>\n<meta name=\"twitter:card\" content=\"summary_large_image\" \/>\n<meta name=\"twitter:label1\" content=\"\u00c9crit par\" \/>\n\t<meta name=\"twitter:data1\" content=\"AASSDN\" \/>\n\t<meta name=\"twitter:label2\" content=\"Dur\u00e9e de lecture estim\u00e9e\" \/>\n\t<meta name=\"twitter:data2\" content=\"8 minutes\" \/>\n<script type=\"application\/ld+json\" class=\"yoast-schema-graph\">{\"@context\":\"https:\\\/\\\/schema.org\",\"@graph\":[{\"@type\":\"Article\",\"@id\":\"https:\\\/\\\/aassdn.org\\\/amicale\\\/le-tr-italie-recit-du-colonel-parisot\\\/#article\",\"isPartOf\":{\"@id\":\"https:\\\/\\\/aassdn.org\\\/amicale\\\/le-tr-italie-recit-du-colonel-parisot\\\/\"},\"author\":{\"name\":\"AASSDN\",\"@id\":\"https:\\\/\\\/aassdn.org\\\/amicale\\\/#\\\/schema\\\/person\\\/73800712a272e6d58a10a86ea9e59671\"},\"headline\":\"Le TR Italie recit du colonel Parisot\",\"datePublished\":\"2021-10-29T08:00:23+00:00\",\"dateModified\":\"2024-03-02T14:22:21+00:00\",\"mainEntityOfPage\":{\"@id\":\"https:\\\/\\\/aassdn.org\\\/amicale\\\/le-tr-italie-recit-du-colonel-parisot\\\/\"},\"wordCount\":1648,\"publisher\":{\"@id\":\"https:\\\/\\\/aassdn.org\\\/amicale\\\/#organization\"},\"keywords\":[\"d\u00e9barquement\",\"Paul paillole\",\"Renseignement\",\"S\u00e9curit\u00e9 militaire\",\"URSS\"],\"articleSection\":[\"Europe de l'Ouest\",\"Extraits de bulletin\",\"Renseignement\",\"Services allemands\"],\"inLanguage\":\"fr-FR\"},{\"@type\":\"WebPage\",\"@id\":\"https:\\\/\\\/aassdn.org\\\/amicale\\\/le-tr-italie-recit-du-colonel-parisot\\\/\",\"url\":\"https:\\\/\\\/aassdn.org\\\/amicale\\\/le-tr-italie-recit-du-colonel-parisot\\\/\",\"name\":\"Le TR Italie recit du colonel Parisot | AASSDN | Anciens et Amis des Services Sp\u00e9ciaux\",\"isPartOf\":{\"@id\":\"https:\\\/\\\/aassdn.org\\\/amicale\\\/#website\"},\"datePublished\":\"2021-10-29T08:00:23+00:00\",\"dateModified\":\"2024-03-02T14:22:21+00:00\",\"breadcrumb\":{\"@id\":\"https:\\\/\\\/aassdn.org\\\/amicale\\\/le-tr-italie-recit-du-colonel-parisot\\\/#breadcrumb\"},\"inLanguage\":\"fr-FR\",\"potentialAction\":[{\"@type\":\"ReadAction\",\"target\":[\"https:\\\/\\\/aassdn.org\\\/amicale\\\/le-tr-italie-recit-du-colonel-parisot\\\/\"]}]},{\"@type\":\"BreadcrumbList\",\"@id\":\"https:\\\/\\\/aassdn.org\\\/amicale\\\/le-tr-italie-recit-du-colonel-parisot\\\/#breadcrumb\",\"itemListElement\":[{\"@type\":\"ListItem\",\"position\":1,\"name\":\"Accueil\",\"item\":\"https:\\\/\\\/aassdn.org\\\/amicale\\\/\"},{\"@type\":\"ListItem\",\"position\":2,\"name\":\"Le TR Italie recit du colonel Parisot\"}]},{\"@type\":\"WebSite\",\"@id\":\"https:\\\/\\\/aassdn.org\\\/amicale\\\/#website\",\"url\":\"https:\\\/\\\/aassdn.org\\\/amicale\\\/\",\"name\":\"AASSDN | Anciens et Amis des Services Sp\u00e9ciaux\",\"description\":\"Services sp\u00e9ciaux : Des h\u00e9ros anonymes au service exclusif de la France\",\"publisher\":{\"@id\":\"https:\\\/\\\/aassdn.org\\\/amicale\\\/#organization\"},\"potentialAction\":[{\"@type\":\"SearchAction\",\"target\":{\"@type\":\"EntryPoint\",\"urlTemplate\":\"https:\\\/\\\/aassdn.org\\\/amicale\\\/?s={search_term_string}\"},\"query-input\":{\"@type\":\"PropertyValueSpecification\",\"valueRequired\":true,\"valueName\":\"search_term_string\"}}],\"inLanguage\":\"fr-FR\"},{\"@type\":\"Organization\",\"@id\":\"https:\\\/\\\/aassdn.org\\\/amicale\\\/#organization\",\"name\":\"AASSDN | Anciens et Amis des Services Sp\u00e9ciaux\",\"url\":\"https:\\\/\\\/aassdn.org\\\/amicale\\\/\",\"logo\":{\"@type\":\"ImageObject\",\"inLanguage\":\"fr-FR\",\"@id\":\"https:\\\/\\\/aassdn.org\\\/amicale\\\/#\\\/schema\\\/logo\\\/image\\\/\",\"url\":\"https:\\\/\\\/aassdn.org\\\/amicale\\\/wp-content\\\/uploads\\\/Logo_AASSDN_transparent2.png\",\"contentUrl\":\"https:\\\/\\\/aassdn.org\\\/amicale\\\/wp-content\\\/uploads\\\/Logo_AASSDN_transparent2.png\",\"width\":1832,\"height\":1609,\"caption\":\"AASSDN | Anciens et Amis des Services Sp\u00e9ciaux\"},\"image\":{\"@id\":\"https:\\\/\\\/aassdn.org\\\/amicale\\\/#\\\/schema\\\/logo\\\/image\\\/\"}},{\"@type\":\"Person\",\"@id\":\"https:\\\/\\\/aassdn.org\\\/amicale\\\/#\\\/schema\\\/person\\\/73800712a272e6d58a10a86ea9e59671\",\"name\":\"AASSDN\",\"image\":{\"@type\":\"ImageObject\",\"inLanguage\":\"fr-FR\",\"@id\":\"https:\\\/\\\/secure.gravatar.com\\\/avatar\\\/9653808d17788562e72d77e426d8d02775774239aefd00a9b4e852423d8e9d7e?s=96&d=mm&r=g\",\"url\":\"https:\\\/\\\/secure.gravatar.com\\\/avatar\\\/9653808d17788562e72d77e426d8d02775774239aefd00a9b4e852423d8e9d7e?s=96&d=mm&r=g\",\"contentUrl\":\"https:\\\/\\\/secure.gravatar.com\\\/avatar\\\/9653808d17788562e72d77e426d8d02775774239aefd00a9b4e852423d8e9d7e?s=96&d=mm&r=g\",\"caption\":\"AASSDN\"},\"sameAs\":[\"https:\\\/\\\/aassdn.org\\\/amicale\"],\"url\":\"https:\\\/\\\/aassdn.org\\\/amicale\\\/author\\\/wordpress\\\/\"}]}<\/script>\n<!-- \/ Yoast SEO plugin. -->","yoast_head_json":{"title":"Le TR Italie recit du colonel Parisot | AASSDN | Anciens et Amis des Services Sp\u00e9ciaux","robots":{"index":"index","follow":"follow","max-snippet":"max-snippet:-1","max-image-preview":"max-image-preview:large","max-video-preview":"max-video-preview:-1"},"canonical":"https:\/\/aassdn.org\/amicale\/le-tr-italie-recit-du-colonel-parisot\/","og_locale":"fr_FR","og_type":"article","og_title":"Le TR Italie recit du colonel Parisot | AASSDN | Anciens et Amis des Services Sp\u00e9ciaux","og_description":"Il a \u00e9chu au plus ancien des survivants de nos services ayant particip\u00e9 \u00e0 la Campagne d&#8217;Italie, d&#8217;en rappeler le souvenir. Malgr\u00e9 toute la juste publicit\u00e9 donn\u00e9e au d\u00e9barquement alli\u00e9 en Normandie, il convient en effet de ne pas oublier que l&#8217;effort de guerre fran\u00e7ais a \u00e9t\u00e9 soutenu en majeure partie par l&#8217;Arm\u00e9e d&#8217;Afrique ; [&hellip;]","og_url":"https:\/\/aassdn.org\/amicale\/le-tr-italie-recit-du-colonel-parisot\/","og_site_name":"AASSDN | Anciens et Amis des Services Sp\u00e9ciaux","article_published_time":"2021-10-29T08:00:23+00:00","article_modified_time":"2024-03-02T14:22:21+00:00","author":"AASSDN","twitter_card":"summary_large_image","twitter_misc":{"\u00c9crit par":"AASSDN","Dur\u00e9e de lecture estim\u00e9e":"8 minutes"},"schema":{"@context":"https:\/\/schema.org","@graph":[{"@type":"Article","@id":"https:\/\/aassdn.org\/amicale\/le-tr-italie-recit-du-colonel-parisot\/#article","isPartOf":{"@id":"https:\/\/aassdn.org\/amicale\/le-tr-italie-recit-du-colonel-parisot\/"},"author":{"name":"AASSDN","@id":"https:\/\/aassdn.org\/amicale\/#\/schema\/person\/73800712a272e6d58a10a86ea9e59671"},"headline":"Le TR Italie recit du colonel Parisot","datePublished":"2021-10-29T08:00:23+00:00","dateModified":"2024-03-02T14:22:21+00:00","mainEntityOfPage":{"@id":"https:\/\/aassdn.org\/amicale\/le-tr-italie-recit-du-colonel-parisot\/"},"wordCount":1648,"publisher":{"@id":"https:\/\/aassdn.org\/amicale\/#organization"},"keywords":["d\u00e9barquement","Paul paillole","Renseignement","S\u00e9curit\u00e9 militaire","URSS"],"articleSection":["Europe de l'Ouest","Extraits de bulletin","Renseignement","Services allemands"],"inLanguage":"fr-FR"},{"@type":"WebPage","@id":"https:\/\/aassdn.org\/amicale\/le-tr-italie-recit-du-colonel-parisot\/","url":"https:\/\/aassdn.org\/amicale\/le-tr-italie-recit-du-colonel-parisot\/","name":"Le TR Italie recit du colonel Parisot | AASSDN | Anciens et Amis des Services Sp\u00e9ciaux","isPartOf":{"@id":"https:\/\/aassdn.org\/amicale\/#website"},"datePublished":"2021-10-29T08:00:23+00:00","dateModified":"2024-03-02T14:22:21+00:00","breadcrumb":{"@id":"https:\/\/aassdn.org\/amicale\/le-tr-italie-recit-du-colonel-parisot\/#breadcrumb"},"inLanguage":"fr-FR","potentialAction":[{"@type":"ReadAction","target":["https:\/\/aassdn.org\/amicale\/le-tr-italie-recit-du-colonel-parisot\/"]}]},{"@type":"BreadcrumbList","@id":"https:\/\/aassdn.org\/amicale\/le-tr-italie-recit-du-colonel-parisot\/#breadcrumb","itemListElement":[{"@type":"ListItem","position":1,"name":"Accueil","item":"https:\/\/aassdn.org\/amicale\/"},{"@type":"ListItem","position":2,"name":"Le TR Italie recit du colonel Parisot"}]},{"@type":"WebSite","@id":"https:\/\/aassdn.org\/amicale\/#website","url":"https:\/\/aassdn.org\/amicale\/","name":"AASSDN | Anciens et Amis des Services Sp\u00e9ciaux","description":"Services sp\u00e9ciaux : Des h\u00e9ros anonymes au service exclusif de la France","publisher":{"@id":"https:\/\/aassdn.org\/amicale\/#organization"},"potentialAction":[{"@type":"SearchAction","target":{"@type":"EntryPoint","urlTemplate":"https:\/\/aassdn.org\/amicale\/?s={search_term_string}"},"query-input":{"@type":"PropertyValueSpecification","valueRequired":true,"valueName":"search_term_string"}}],"inLanguage":"fr-FR"},{"@type":"Organization","@id":"https:\/\/aassdn.org\/amicale\/#organization","name":"AASSDN | Anciens et Amis des Services Sp\u00e9ciaux","url":"https:\/\/aassdn.org\/amicale\/","logo":{"@type":"ImageObject","inLanguage":"fr-FR","@id":"https:\/\/aassdn.org\/amicale\/#\/schema\/logo\/image\/","url":"https:\/\/aassdn.org\/amicale\/wp-content\/uploads\/Logo_AASSDN_transparent2.png","contentUrl":"https:\/\/aassdn.org\/amicale\/wp-content\/uploads\/Logo_AASSDN_transparent2.png","width":1832,"height":1609,"caption":"AASSDN | Anciens et Amis des Services Sp\u00e9ciaux"},"image":{"@id":"https:\/\/aassdn.org\/amicale\/#\/schema\/logo\/image\/"}},{"@type":"Person","@id":"https:\/\/aassdn.org\/amicale\/#\/schema\/person\/73800712a272e6d58a10a86ea9e59671","name":"AASSDN","image":{"@type":"ImageObject","inLanguage":"fr-FR","@id":"https:\/\/secure.gravatar.com\/avatar\/9653808d17788562e72d77e426d8d02775774239aefd00a9b4e852423d8e9d7e?s=96&d=mm&r=g","url":"https:\/\/secure.gravatar.com\/avatar\/9653808d17788562e72d77e426d8d02775774239aefd00a9b4e852423d8e9d7e?s=96&d=mm&r=g","contentUrl":"https:\/\/secure.gravatar.com\/avatar\/9653808d17788562e72d77e426d8d02775774239aefd00a9b4e852423d8e9d7e?s=96&d=mm&r=g","caption":"AASSDN"},"sameAs":["https:\/\/aassdn.org\/amicale"],"url":"https:\/\/aassdn.org\/amicale\/author\/wordpress\/"}]}},"_links":{"self":[{"href":"https:\/\/aassdn.org\/amicale\/wp-json\/wp\/v2\/posts\/2439","targetHints":{"allow":["GET"]}}],"collection":[{"href":"https:\/\/aassdn.org\/amicale\/wp-json\/wp\/v2\/posts"}],"about":[{"href":"https:\/\/aassdn.org\/amicale\/wp-json\/wp\/v2\/types\/post"}],"author":[{"embeddable":true,"href":"https:\/\/aassdn.org\/amicale\/wp-json\/wp\/v2\/users\/1"}],"replies":[{"embeddable":true,"href":"https:\/\/aassdn.org\/amicale\/wp-json\/wp\/v2\/comments?post=2439"}],"version-history":[{"count":0,"href":"https:\/\/aassdn.org\/amicale\/wp-json\/wp\/v2\/posts\/2439\/revisions"}],"wp:attachment":[{"href":"https:\/\/aassdn.org\/amicale\/wp-json\/wp\/v2\/media?parent=2439"}],"wp:term":[{"taxonomy":"category","embeddable":true,"href":"https:\/\/aassdn.org\/amicale\/wp-json\/wp\/v2\/categories?post=2439"},{"taxonomy":"post_tag","embeddable":true,"href":"https:\/\/aassdn.org\/amicale\/wp-json\/wp\/v2\/tags?post=2439"}],"curies":[{"name":"wp","href":"https:\/\/api.w.org\/{rel}","templated":true}]}}