{"id":2434,"date":"2021-10-29T10:00:23","date_gmt":"2021-10-29T08:00:23","guid":{"rendered":"https:\/\/aassdn.org\/amicale\/linspecteur-du-c-e-francais-etait-un-espion-allemand\/"},"modified":"2024-03-15T14:06:56","modified_gmt":"2024-03-15T13:06:56","slug":"linspecteur-du-c-e-francais-etait-un-espion-allemand","status":"publish","type":"post","link":"https:\/\/aassdn.org\/amicale\/linspecteur-du-c-e-francais-etait-un-espion-allemand\/","title":{"rendered":"L&#8217;inspecteur du  C.E. francais etait un espion allemand"},"content":{"rendered":"<p>Le but supr\u00eame de tout C.E. offensif consiste \u00e0 p\u00e9n\u00e9trer et \u00e0 noyauter le S.R. adverse. Le C.E. offensif de l&#8217;Abwehr allemande (section III f) n&#8217;a \u00e9t\u00e9 cr\u00e9\u00e9 qu\u2019en 1936 alors que notre C.E. offensif r\u00e9coltait toutes les semaines le fruit du travail commenc\u00e9 d\u00e9j\u00e0 avant l&#8217;\u00e9vacuation de la Rh\u00e9nanie (10 juin 1930). N\u00e9anmoins, les sections III f ont r\u00e9ussi avant la guerre quelques petites op\u00e9rations de ce genre. L&#8217;une de ces op\u00e9rations fait l&#8217;objet de la pr\u00e9sente histoire v\u00e9cue. Si je dis 3 petites op\u00e9rations &#8221; ce n&#8217;est pas pour minimiser les succ\u00e8s des services sp\u00e9ciaux allemands, car pendant la guerre le C.E. offensif allemand a \u00e9t\u00e9 en mesure d&#8217;intoxiquer avec succ\u00e8s plusieurs S.R. alli\u00e9s, notamment dans l&#8217;affaire \u00ab Nordpol \u00bb en Hollande.<\/p>\n<p class=\"Style28 Style29\" align=\"justify\">Revenons \u00e0 nos adversaires directs d&#8217;avant-guerre. A partir de mars 1936, date de l&#8217;occupation militaire de la Rh\u00e9nanie par l&#8217;arm\u00e9e allemande, l&#8217;Abwehrstelle de Kassel (Vehrkreis IX) d\u00e9tacha un Capitaine III f en antenne avanc\u00e9e \u00e0 Tr\u00e8ves, face au Grand-Duch\u00e9 de Luxembourg, \u00e0 la Belgique et \u00e0 notre R\u00e9gion Militaire, avec mission d&#8217;op\u00e9rer surtout contre la France.<\/p>\n<p class=\"Style28 Style29\" align=\"justify\">Cet officier, camoufl\u00e9 comme commer\u00e7ant, choisit des pseudonymes commen\u00e7ant toujours par la lettre R : Ritter, Robert, etc. Nous appr\u00eemes plus tard que son nom r\u00e9el \u00e9tait REILE Oscar.<\/p>\n<p class=\"Style28 Style29\" align=\"justify\">Les officiers du S.R. allemand avaient une pr\u00e9dilection pour le titre de &#8221; Docteur &#8220;.<\/p>\n<p class=\"Style28 Style29\" align=\"justify\">Le Docteur RITTER n&#8217;\u00e9chappa pas \u00e0 cette r\u00e8gle et, pour se moquer de cette manie, certains officiers du S.R. fran\u00e7ais firent quelquefois de m\u00eame, par exemple Docteur SORGE.<\/p>\n<p class=\"Style28 Style29\" align=\"justify\">Autant que nous ayons pu en juger, REILE traitait avant la guerre au Luxemhourg, en Sarre et le long de la fronti\u00e8re fran\u00e7aise surtout des petits &#8221; Grenzspione &#8220;, c&#8217;est-\u00e0-dire des frontaliers recrut\u00e9s parmi les bergers, les cheminots, les anciens l\u00e9gionnaires et les douaniers allemands ; tous ces agents \u00e9taient incapables de renseigner le S.R. allemand en profondeur sur la France. <strong>La police sp\u00e9ciale, objectif du C.E. allemand<\/strong> REILE faillit r\u00e9ussir un coup de ma\u00eetre en mars 1936 non pas par le recrutement d&#8217;un membre du S.R. fran\u00e7ais, mais d&#8217;un inspecteur de la police sp\u00e9ciale fran\u00e7aise. L&#8217;affaire dura un peu plus d&#8217;un an. On sait que la police sp\u00e9ciale dans les gares et aux postes fronti\u00e8re \u00e9tait charg\u00e9e du renseignement politique et de la r\u00e9pression de l&#8217;espionnage jusqu&#8217;au moment de la cr\u00e9ation des Commissariats de Surveillance du Territoire dans les R\u00e9gions Militaires.<\/p>\n<p class=\"Style28 Style29\" align=\"justify\">Aux yeux des services sp\u00e9ciaux allemands toutefois toute la police sp\u00e9ciale fran\u00e7aise faisait partie du S.R. fran\u00e7ais, probablement en souvenir de la S\u00fbret\u00e9 de l&#8217;Arm\u00e9e du Rhin, qui, de 1919 \u00e0 1930, faisait souvent concurrence \u00e0 notre S.R. militaire en Rh\u00e9nanie et dans la Ruhr. Il y aurait beaucoup \u00e0 dire sur ce triste chapitre qui provoqua des incidents multiples, m\u00eame pour la diplomatie (arrestation de l&#8217;inspecteur Klein \u00e0 Remagen, en Rh\u00e9nanie non occup\u00e9e, etc.).<\/p>\n<p class=\"Style28 Style29\" align=\"justify\">D&#8217;ailleurs quelques rares anciens fonctionnaires de cette S\u00fbret\u00e9 de l&#8217;Arm\u00e9e du Rhin avaient conserv\u00e9, apr\u00e8s le repli de l&#8217;Arm\u00e9e du Rhin en France, cette manie de faire du renseignement militaire au-del\u00e0 des fronti\u00e8res, sans en avoir les moyens ni la comp\u00e9tence, \u00e0 tel point qu&#8217;un Commissaire sp\u00e9cial consid\u00e9rait le Grand-Duch\u00e9 de Luxembourg comme son propre &#8221; fief &#8221; et g\u00eanait souvent nos propres contacts dans ce pays.<\/p>\n<p class=\"Style28 Style29\" align=\"justify\">Rendons cependant justice au personnel de la S\u00fbret\u00e9 : les rares exceptions de concurrence &#8221; d\u00e9loyale &#8221; \u00e9taient largement compens\u00e9es par de nombreux autres fonctionnaires de cette S\u00fbret\u00e9 qui collaboraient loyalement et efficacement avec nos S.R. et C.E. en recrutant des agents pour notre compte, servant souvent d&#8217;interm\u00e9diaires, de bo\u00eetes aux lettres. L&#8217;exemple de Kemppff est \u00e0 cet \u00e9gard particuli\u00e8rement probant.<\/p>\n<p class=\"Style28 Style29\" align=\"justify\">Mais venons-en au fait. J&#8217;entends examiner cette affaire de l&#8217;inspecteur tra\u00eetre, au double point de vue : fran\u00e7ais et allemand <strong>Intervention de ce Fran\u00e7ais \u00e0 Longwy<\/strong> Les aveux<\/p>\n<p class=\"Style28 Style29\" align=\"justify\">En ao\u00fbt 1938, un touriste fran\u00e7ais, revenu un dimanche soir d&#8217;une excursion en Allemagne par le poste fronti\u00e8re luxembourgeois de Remich sur la Moselle, signala \u00e0 un de nos camarades du Service qu&#8217;il avait vu en territoire allemand un nomm\u00e9 B&#8230;, qu&#8217;il connaissait vaguement comme inspecteur de la police sp\u00e9ciale de Longwy ; B&#8230; y avait discut\u00e9 dans un caf\u00e9 d&#8217;une fa\u00e7on &#8221; conspirative &#8221; avec un Allemand louche. C&#8217;\u00e9tait surtout le fait qu&#8217;apr\u00e8s avoir travers\u00e9 le pont de la Moselle, B&#8230; avait chang\u00e9 \u00e0 Remich un billet de 100 marks qui avait incit\u00e9 le touriste en question \u00e0 faire part de ses soup\u00e7ons. Il \u00e9tait bigrement bien inspir\u00e9.<\/p>\n<p class=\"Style28 Style29\" align=\"justify\">Remarquons en passant que contrairement aux touristes britanniques circulant en pays \u00e9trangers, qui faisaient \u00e0 leur retour leurs rapports \u00e0 l&#8217;I.S., le Fran\u00e7ais voyageant \u00e0 l&#8217;\u00e9tranger a toujours r\u00e9pugn\u00e9 \u00e0 rendre compte au &#8221; Deuxi\u00e8me Bureau &#8221; des faits militaires, politiques et autres qu&#8217;il a pu constater en pays \u00e9trangers.<\/p>\n<p class=\"Style28 Style29\" align=\"justify\">Apr\u00e8s avoir consult\u00e9 le Service Central (SCR) nous avons estim\u00e9 que pour plusieurs raisons (dont il sera peut-\u00eatre question dans un autre r\u00e9cit) le Commissaire Sp\u00e9cial, Chef du secteur de C.E. de Longwy, ne nous paraissait pas l&#8217;homme idoine pour tirer l&#8217;affaire B&#8230; au clair.<\/p>\n<p class=\"Style28 Style29\" align=\"justify\">Etant donn\u00e9 le personnage de B&#8230; (connu comme individu brutal) et ses fonctions au poste de C.E. \u00e0 la fronti\u00e8re, il a \u00e9t\u00e9 convenu de &#8221; faire affaire &#8221; avec le concours du Commissaire de la B.S.T. de Nancy, poste nouvellement cr\u00e9\u00e9 et dirig\u00e9 par un ami tr\u00e8s comp\u00e9tent, Albert KOENIG.<\/p>\n<p class=\"Style28 Style29\" align=\"justify\">Un examen de la situation devait avoir lieu imm\u00e9diatement \u00e0 Longwy m\u00eame.<\/p>\n<p class=\"Style28 Style29\" align=\"justify\">B&#8230; \u00e9tait en cong\u00e9 chez lui ; il fut convoqu\u00e9 au bureau et pour qu&#8217;il ne nous fausse pas compagnie, son logement avait \u00e9t\u00e9 surveill\u00e9.<\/p>\n<p class=\"Style28 Style29\" align=\"justify\">Il arriva imm\u00e9diatement au bureau de la gare, un peu \u00e9tonn\u00e9, et comprit de suite la signification des messieurs inconnus de lui qui l&#8217;interrog\u00e8rent.<\/p>\n<p class=\"Style28 Style29\" align=\"justify\">\n<p class=\"Style28 Style29\" align=\"justify\">L&#8217;accouchement se fit assez rapidement sans c\u00e9sarienne. B&#8230; avait commis l&#8217;imprudence de se rendre en Allemagne. R\u00e9sultat (provisoire) : vingt ans de travaux forc\u00e9s en 1939 \u00e0 Metz.<\/p>\n<p class=\"Style28 Style29\" align=\"justify\">C&#8217;\u00e9tait le S.R. fran\u00e7ais de Metz qu&#8217;il avait \u00e9t\u00e9 charg\u00e9 de p\u00e9n\u00e9trer en premi\u00e8re urgence.<\/p>\n<p class=\"Style28 Style29\" align=\"justify\">\n<p class=\"Style28 Style29\" align=\"justify\"><strong>B&#8230;, vu par le S.R. allemand<\/strong><\/p>\n<p class=\"Style28 Style29\" align=\"justify\">Quinze ans apr\u00e8s la guerre, le Lieutenant-Colonel REILE (cheveux ch\u00e2tain clair, yeux bleus, teint brun) de l&#8217;Abwehr III f a relat\u00e9 \u00e0 sa fa\u00e7on, l&#8217;affaire de l&#8217;inspecteur B&#8230; qu&#8217;il appela &#8221; Flobert &#8221; et dont il fit un Commissaire du service secret fran\u00e7ais, recrut\u00e9 par l&#8217;agent allemand Peter Brenner du Luxembourg (bien connu de nos services longtemps avant la guerre).<\/p>\n<p class=\"Style28 Style29\" align=\"justify\">REILE pr\u00e9tendit que B&#8230; avait re\u00e7u \u00e0 plusieurs reprises des sommes de mille marks en \u00e9change de photocopies des documents secrets fran\u00e7ais. B&#8230; avait avou\u00e9 avoir seulement per\u00e7u des centaines de marks (il avait chang\u00e9 un billet de 100 marks \u00e0 Remich) et avoir remis les originaux des documents (ils \u00e9taient pli\u00e9s !).<\/p>\n<p class=\"Style28 Style29\" align=\"justify\">REILE pr\u00e9cisa d&#8217;ailleurs que dans la suite il avait donn\u00e9 \u00e0 B&#8230; des sommes relativement faibles pour le maintenir sous pression. Qui a raison ?<\/p>\n<p class=\"Style28 Style29\" align=\"justify\">REILE ajouta qu&#8217;il ne pouvait pas avoir de rendez-vous avec B&#8230; en territoire allemand, &#8221; B&#8230; aurait couru le trop grand risque d&#8217;\u00eatre vu par des indicateurs du S.R. fran\u00e7ais au moment de franchir la fronti\u00e8re allemande &#8220;.<\/p>\n<p class=\"Style28 Style29\" align=\"justify\">Ce fut pourtant ainsi qu&#8217;il a \u00e9t\u00e9 d\u00e9masqu\u00e9.<\/p>\n<p class=\"Style28 Style29\" align=\"justify\">REILE sp\u00e9cifia que les fournitures de B&#8230; \u00e9tait de la plus haute importance pour l&#8217;Abwehr entre autres, ces documents secrets permirent au S.R. allemand de retirer, avant arrestation, des agents allemands &#8221; br\u00fbl\u00e9s &#8221; en France.<\/p>\n<p class=\"Style28 Style29\" align=\"justify\">REILE pr\u00e9tendit que B&#8230; connaissait des officiers du soi-disant 2\u00e8me Bureau fran\u00e7ais op\u00e9rant contre l&#8217;Allemagne \u00e0 partir de la r\u00e9gion fronti\u00e8re, recrutant des agents &#8221; en masse &#8220;.<\/p>\n<p class=\"Style28 Style29\" align=\"justify\">B&#8230; avait donc \u00e9t\u00e9 charg\u00e9 de renseigner sur les m\u00e9thodes de travail, le personnel et les objectifs du S.R. fran\u00e7ais, notamment de celui de Metz que &#8221; B&#8230; \u00e9tait normalement charg\u00e9 de prot\u00e9ger &#8220;, dit REILE.<\/p>\n<p class=\"Style28 Style29\" align=\"justify\">Il ajouta textuellement : &#8221; FLOBERT \u00e9tait un vulgaire tra\u00eetre. Quoique fran\u00e7ais de naissance, il a divulgu\u00e9 tous les secrets qu&#8217;il poss\u00e9dait ou qu&#8217;il pouvait apprendre sur les services fran\u00e7ais. Il a ainsi caus\u00e9 \u00e0 son pays le plus grand pr\u00e9judice, ce qui ne semblait nullement le g\u00eaner&#8230; pour la forme et \u00e0 contre-coeur je le traitais comme un gentleman&#8230; il nous \u00e9tait difficile de trouver un homme comme lui qui, \u00e0 chaque entrevue, livrait froidement (als Messer liefern) les agents du service secret fran\u00e7ais. En 1937, diff\u00e9rents agents m&#8217;ont fourni de France des renseignements et de la documentation secr\u00e8te, mais FLOBERT resta mon fournisseur le plus pr\u00e9cieux et le plus rentable ; en outre il avait r\u00e9ussi \u00e0 se lier d&#8217;amiti\u00e9 avec des membres du 2e Bureau et il promit de fournir \u00e0 l&#8217;avenir \u00e9galement des informations sur l&#8217;activit\u00e9 du S.R. militaire fran\u00e7ais&#8230; &#8220;.<\/p>\n<p class=\"Style28 Style29\" align=\"justify\">Lorsqu&#8217;il apprit l&#8217;arrestation de B&#8230;, REILE exprima ses craintes que B&#8230;, caract\u00e8re faible et mou, ne r\u00e9sisterait pas aux m\u00e9thodes d&#8217;interrogatoire de l&#8217;adversaire.<\/p>\n<p class=\"Style28 Style29\" align=\"justify\">REILE r\u00e9organisa son service qui devint \u00ab Abwehrnebenstelle \u00bb du Wehrkreis XII de Wiesbaden, n&#8217;alla plus au Grand-Duch\u00e9, r\u00e9examina le cas de tous ses informateurs et retira du circuit luxembourgeois tous ses collaborateurs qui avaient eu affaire \u00e0 B&#8230; .<\/p>\n<p class=\"Style28 Style29\" align=\"justify\">B&#8230; eut le tort de nier d&#8217;abord qu&#8217;il avait \u00e9t\u00e9 deux jours auparavant en territoire allemand et ne voulut pas reconna\u00eetre qu&#8217;il y avait re\u00e7u de l&#8217;argent allemand qu&#8217;il avait chang\u00e9 \u00e0 Remich.<\/p>\n<p class=\"Style28 Style29\" align=\"justify\">Au point de vue psychologique, c&#8217;\u00e9tait un cas int\u00e9ressant : B&#8230; s&#8217;\u00e9tait enferr\u00e9 dans ses mensonges et n&#8217;eut d&#8217;autre ressource de s&#8217;en tirer, croyait-il, qu&#8217;en avouant une partie de la v\u00e9rit\u00e9.<\/p>\n<p class=\"Style28 Style29\" align=\"justify\">Devant nos m\u00e9thodes exp\u00e9riment\u00e9es d&#8217;interrogatoire bas\u00e9es sur nos connaissances des m\u00e9thodes du S.R. allemand, B&#8230; esp\u00e9rait retourner sa veste et pouvoir \u00e0 l&#8217;avenir travailler pour la France. Il fut d&#8217;ailleurs contraint de faire des aveux complets \u00e0 la suite d&#8217;un incident bizarre.<\/p>\n<p class=\"Style28 Style29\" align=\"justify\">Nous avions examin\u00e9 de pr\u00e8s les archives du Commissariat sp\u00e9cial de Longwy confi\u00e9es sp\u00e9cialement \u00e0 cet inspecteur. Tous les documents secrets qu&#8217;il avait livr\u00e9s depuis un an au S.R. allemand \u00e9taient l\u00e9g\u00e8rement pli\u00e9s au milieu ; il les avait emport\u00e9s dans sa poche pour ne pas attirer l&#8217;attention par une serviette en allant au Luxembourg.<\/p>\n<p class=\"Style28 Style29\" align=\"justify\">Nous avions ainsi pu nettement d\u00e9limiter le pr\u00e9judice caus\u00e9 : il s&#8217;agissait pour la plupart des documents secrets, circulaires du Minist\u00e8re de l&#8217;Int\u00e9rieur, mandats d&#8217;arr\u00eats pour espionnage, listes de suspects, textes officiels sur l&#8217;organisation et les attributions des Commissariats de Surveillance du Territoire, etc.<\/p>\n<p class=\"Style28 Style29\" align=\"justify\">B&#8230;, avait pass\u00e9 en 1932 le concours d&#8217;inspecteur de police sp\u00e9ciale et fut affect\u00e9 \u00e0 Longwy.<\/p>\n<p class=\"Style28 Style29\" align=\"justify\">A la suite de beuveries au Grand-Duch\u00e9 de Luxembourg et d&#8217;histoires de femmes, il s&#8217;endetta et devint une proie facile pour le S.R. allemand qui le fit recruter par l&#8217;interm\u00e9diaire d&#8217;un Luxembourgeois, son compagnon d&#8217;orgies.<\/p>\n<p class=\"Style28 Style29\" align=\"justify\">A ce moment ses dettes risquaient de lui co\u00fbter sa carri\u00e8re et il avait accept\u00e9 avec empressement l\u2019argent du S.R. allemand en \u00e9change d&#8217;une fourniture d&#8217;essai de documents provenant de son service. D&#8217;autres livraisons eurent lieu environ une fois par mois.<\/p>\n<p class=\"Style28 Style29\" align=\"justify\">Il rencontra REILE pour la premi\u00e8re fois \u00e0 Echternach, en territoire luxembourgeois, \u00e0 la fronti\u00e8re allemande ; d&#8217;autres rendez-vous suivirent, toujours en territoire luxembourgeois, jusqu&#8217;au jour o\u00f9, d&#8217;une part, le gouvernement grand-ducal vota une loi analogue \u00e0 la l\u00e9gislation helv\u00e9tique, c&#8217;est-\u00e0-dire interdiction de faire du S.R. sur son territoire quelle que soit la nation au profit ou au d\u00e9triment de laquelle l&#8217;agent travaillait et o\u00f9, d&#8217;autre part, le S.R. allemand s&#8217;\u00e9tait rendu compte que certains de ses agents et m\u00eame des officiers traitants de l&#8217;Abwehr s&#8217;\u00e9taient fait arr\u00eater dans ce petit pays. <strong>R\u00e9apparition du tra\u00eetre et l&#8217;in\u00e9vitable conclusion<\/strong><\/p>\n<p class=\"Style28 Style29\" align=\"justify\">En \u00e9t\u00e9 1940, tous les espions allemands se trouvant en prison en France occup\u00e9e furent lib\u00e9r\u00e9s imm\u00e9diatement par les d\u00e9tachements III f de l&#8217;Abwehr, B&#8230; \u00e0 la Centrale de Clairvaux fut ainsi relax\u00e9.<\/p>\n<p class=\"Style28 Style29\" align=\"justify\">&#8221; Qui a bu, boira &#8220;, dit le proverbe, B&#8230; fut envoy\u00e9 par l&#8217;Abwehr suivre un cours \u00e0 Bruxelles dans une \u00e9cole de formation d&#8217;espions allemands.<\/p>\n<p class=\"Style28 Style29\" align=\"justify\">Affect\u00e9 ensuite \u00e0 l&#8217;Abwehrstelle nouvellement cr\u00e9\u00e9 \u00e0 Lille, il s&#8217;y fit passer comme agent de l&#8217;I.S. \u00e0 la recherche de parachutistes anglais dans le Nord.<\/p>\n<p class=\"Style28 Style29\" align=\"justify\">Il fit arr\u00eater par les Allemands ses compatriotes fran\u00e7ais, membres d&#8217;une cha\u00eene fran\u00e7aise d&#8217;\u00e9vasion vers l&#8217;Angleterre et d\u00e9porter des membres du r\u00e9seau de la &#8221; Voix du Nord &#8220;.<\/p>\n<p class=\"Style28 Style29\" align=\"justify\">Il fut \u00e9galement responsable de l&#8217;arrestation de quelques membres du r\u00e9seau de r\u00e9sistance de la police de Lille (ses camarades !) et de la mort au camp de concentration de plusieurs Fran\u00e7ais.<\/p>\n<p class=\"Style28 Style29\" align=\"justify\">M\u00eame en Allemagne o\u00f9 il avait suivi ses employeurs au moment de la retraite de 1944, il continua sa sale besogne de tra\u00eetre en d\u00e9pistant des r\u00e9sistants parmi les requis du S.T.O.<\/p>\n<p class=\"Style28 Style29\" align=\"justify\">Sa femme l&#8217;avait suivi partout. Sous la fausse identit\u00e9 de D&#8230; .<\/p>\n<p class=\"Style28 Style29\" align=\"justify\">Ils revinrent en France. B&#8230; travailla d&#8217;abord au d\u00e9minage \u00e0 Vannes, puis avec sa femme, pour une soci\u00e9t\u00e9 d&#8217;explosifs dans la Sarthe.<\/p>\n<p class=\"Style28 Style29\" align=\"justify\">Dans les fournitures faites pour la D\u00e9fense Nationale on constata, en 1952, des malfa\u00e7ons et l&#8217;instruction ouverte pour atteinte \u00e0 la S\u00fbret\u00e9 ext\u00e9rieure de l&#8217;Etat permit de d\u00e9couvrir la v\u00e9ritable identit\u00e9 des \u00e9poux B&#8230;<\/p>\n<p class=\"Style28 Style29\" align=\"justify\"><strong>R\u00e9sultat (d\u00e9finitif) :<\/strong> en mars 1955, le tribunal militaire des Forces Arm\u00e9es de Rennes condamna : &#8211; B&#8230;, pour intelligence avec l&#8217;ennemi, \u00e0 la peine de mort. &#8211; G&#8230;, sa femme, \u00e0 cinq ans de prison.<\/p>\n<p class=\"Style28 Style29\" align=\"justify\">Cinq cents arrestations, cinquante victimes, voil\u00e0 le triste bilan reproch\u00e9 \u00e0 B&#8230;<\/p>\n<p class=\"Style28 Style29\" align=\"justify\">Si B&#8230; avait travaill\u00e9 pour son propre pays, on aurait pu lui appliquer la phrase de George V d&#8217;Angleterre : &#8221; Parmi tous les soldats, l&#8217;espion me para\u00eet le plus grand ; si l&#8217;ennemi le m\u00e9prise le plus, c&#8217;est uniquement parce qu&#8217;il le redoute le plus &#8220;.<\/p>\n<div class=\"pdfprnt-buttons pdfprnt-buttons-post pdfprnt-bottom-right\"><a href=\"https:\/\/aassdn.org\/amicale\/wp-json\/wp\/v2\/posts\/2434?print=pdf\" class=\"pdfprnt-button pdfprnt-button-pdf\" target=\"_blank\" ><img decoding=\"async\" data-src=\"https:\/\/aassdn.org\/amicale\/wp-content\/plugins\/pdf-print\/images\/pdf.png\" alt=\"image_pdf\" title=\"Afficher le PDF\" src=\"data:image\/svg+xml;base64,PHN2ZyB3aWR0aD0iMSIgaGVpZ2h0PSIxIiB4bWxucz0iaHR0cDovL3d3dy53My5vcmcvMjAwMC9zdmciPjwvc3ZnPg==\" class=\"lazyload\" style=\"--smush-placeholder-width: 32px; --smush-placeholder-aspect-ratio: 32\/32;\" \/><\/a><a href=\"https:\/\/aassdn.org\/amicale\/wp-json\/wp\/v2\/posts\/2434?print=print\" class=\"pdfprnt-button pdfprnt-button-print\" target=\"_blank\" ><\/a><\/div>","protected":false},"excerpt":{"rendered":"<p>Le but supr\u00eame de tout C.E. offensif consiste \u00e0 p\u00e9n\u00e9trer et \u00e0 noyauter le S.R. adverse. Le C.E. offensif de l&#8217;Abwehr allemande (section III f) n&#8217;a \u00e9t\u00e9 cr\u00e9\u00e9 qu\u2019en 1936 alors que notre C.E. offensif r\u00e9coltait toutes les semaines le fruit du travail commenc\u00e9 d\u00e9j\u00e0 avant l&#8217;\u00e9vacuation de la Rh\u00e9nanie (10 juin 1930). N\u00e9anmoins, les [&hellip;]<\/p>\n","protected":false},"author":1,"featured_media":0,"comment_status":"closed","ping_status":"open","sticky":false,"template":"","format":"standard","meta":{"_acf_changed":false,"footnotes":""},"categories":[156,114,79,106,99],"tags":[832,293,688,390,938,262,434,214],"class_list":["post-2434","post","type-post","status-publish","format-standard","hentry","category-affaire-richard-sorge","category-europe-de-louest","category-extraits-de-bulletin","category-renseignement","category-services-allemands","tag-abwehr","tag-allemagne","tag-belgique","tag-espionnage","tag-france","tag-renseignement","tag-renseignement-militaire","tag-resistance"],"acf":[],"yoast_head":"<!-- This site is optimized with the Yoast SEO plugin v27.4 - https:\/\/yoast.com\/product\/yoast-seo-wordpress\/ -->\n<title>L&#039;inspecteur du C.E. francais etait un espion allemand | AASSDN | Anciens et Amis des Services Sp\u00e9ciaux<\/title>\n<meta name=\"robots\" content=\"index, follow, max-snippet:-1, max-image-preview:large, max-video-preview:-1\" \/>\n<link rel=\"canonical\" href=\"https:\/\/aassdn.org\/amicale\/linspecteur-du-c-e-francais-etait-un-espion-allemand\/\" \/>\n<meta property=\"og:locale\" content=\"fr_FR\" \/>\n<meta property=\"og:type\" content=\"article\" \/>\n<meta property=\"og:title\" content=\"L&#039;inspecteur du C.E. francais etait un espion allemand | AASSDN | Anciens et Amis des Services Sp\u00e9ciaux\" \/>\n<meta property=\"og:description\" content=\"Le but supr\u00eame de tout C.E. offensif consiste \u00e0 p\u00e9n\u00e9trer et \u00e0 noyauter le S.R. adverse. Le C.E. offensif de l&#8217;Abwehr allemande (section III f) n&#8217;a \u00e9t\u00e9 cr\u00e9\u00e9 qu\u2019en 1936 alors que notre C.E. offensif r\u00e9coltait toutes les semaines le fruit du travail commenc\u00e9 d\u00e9j\u00e0 avant l&#8217;\u00e9vacuation de la Rh\u00e9nanie (10 juin 1930). N\u00e9anmoins, les [&hellip;]\" \/>\n<meta property=\"og:url\" content=\"https:\/\/aassdn.org\/amicale\/linspecteur-du-c-e-francais-etait-un-espion-allemand\/\" \/>\n<meta property=\"og:site_name\" content=\"AASSDN | Anciens et Amis des Services Sp\u00e9ciaux\" \/>\n<meta property=\"article:published_time\" content=\"2021-10-29T08:00:23+00:00\" \/>\n<meta property=\"article:modified_time\" content=\"2024-03-15T13:06:56+00:00\" \/>\n<meta name=\"author\" content=\"AASSDN\" \/>\n<meta name=\"twitter:card\" content=\"summary_large_image\" \/>\n<meta name=\"twitter:label1\" content=\"\u00c9crit par\" \/>\n\t<meta name=\"twitter:data1\" content=\"AASSDN\" \/>\n\t<meta name=\"twitter:label2\" content=\"Dur\u00e9e de lecture estim\u00e9e\" \/>\n\t<meta name=\"twitter:data2\" content=\"12 minutes\" \/>\n<script type=\"application\/ld+json\" class=\"yoast-schema-graph\">{\"@context\":\"https:\\\/\\\/schema.org\",\"@graph\":[{\"@type\":\"Article\",\"@id\":\"https:\\\/\\\/aassdn.org\\\/amicale\\\/linspecteur-du-c-e-francais-etait-un-espion-allemand\\\/#article\",\"isPartOf\":{\"@id\":\"https:\\\/\\\/aassdn.org\\\/amicale\\\/linspecteur-du-c-e-francais-etait-un-espion-allemand\\\/\"},\"author\":{\"name\":\"AASSDN\",\"@id\":\"https:\\\/\\\/aassdn.org\\\/amicale\\\/#\\\/schema\\\/person\\\/73800712a272e6d58a10a86ea9e59671\"},\"headline\":\"L&#8217;inspecteur du C.E. francais etait un espion allemand\",\"datePublished\":\"2021-10-29T08:00:23+00:00\",\"dateModified\":\"2024-03-15T13:06:56+00:00\",\"mainEntityOfPage\":{\"@id\":\"https:\\\/\\\/aassdn.org\\\/amicale\\\/linspecteur-du-c-e-francais-etait-un-espion-allemand\\\/\"},\"wordCount\":2482,\"publisher\":{\"@id\":\"https:\\\/\\\/aassdn.org\\\/amicale\\\/#organization\"},\"keywords\":[\"Abwehr\",\"Allemagne\",\"Belgique\",\"Espionnage\",\"France\",\"Renseignement\",\"renseignement militaire\",\"R\u00e9sistance\"],\"articleSection\":[\"Affaire Richard Sorge\",\"Europe de l'Ouest\",\"Extraits de bulletin\",\"Renseignement\",\"Services allemands\"],\"inLanguage\":\"fr-FR\"},{\"@type\":\"WebPage\",\"@id\":\"https:\\\/\\\/aassdn.org\\\/amicale\\\/linspecteur-du-c-e-francais-etait-un-espion-allemand\\\/\",\"url\":\"https:\\\/\\\/aassdn.org\\\/amicale\\\/linspecteur-du-c-e-francais-etait-un-espion-allemand\\\/\",\"name\":\"L'inspecteur du C.E. francais etait un espion allemand | AASSDN | Anciens et Amis des Services Sp\u00e9ciaux\",\"isPartOf\":{\"@id\":\"https:\\\/\\\/aassdn.org\\\/amicale\\\/#website\"},\"datePublished\":\"2021-10-29T08:00:23+00:00\",\"dateModified\":\"2024-03-15T13:06:56+00:00\",\"breadcrumb\":{\"@id\":\"https:\\\/\\\/aassdn.org\\\/amicale\\\/linspecteur-du-c-e-francais-etait-un-espion-allemand\\\/#breadcrumb\"},\"inLanguage\":\"fr-FR\",\"potentialAction\":[{\"@type\":\"ReadAction\",\"target\":[\"https:\\\/\\\/aassdn.org\\\/amicale\\\/linspecteur-du-c-e-francais-etait-un-espion-allemand\\\/\"]}]},{\"@type\":\"BreadcrumbList\",\"@id\":\"https:\\\/\\\/aassdn.org\\\/amicale\\\/linspecteur-du-c-e-francais-etait-un-espion-allemand\\\/#breadcrumb\",\"itemListElement\":[{\"@type\":\"ListItem\",\"position\":1,\"name\":\"Accueil\",\"item\":\"https:\\\/\\\/aassdn.org\\\/amicale\\\/\"},{\"@type\":\"ListItem\",\"position\":2,\"name\":\"L&#8217;inspecteur du C.E. francais etait un espion allemand\"}]},{\"@type\":\"WebSite\",\"@id\":\"https:\\\/\\\/aassdn.org\\\/amicale\\\/#website\",\"url\":\"https:\\\/\\\/aassdn.org\\\/amicale\\\/\",\"name\":\"AASSDN | Anciens et Amis des Services Sp\u00e9ciaux\",\"description\":\"Services sp\u00e9ciaux : Des h\u00e9ros anonymes au service exclusif de la France\",\"publisher\":{\"@id\":\"https:\\\/\\\/aassdn.org\\\/amicale\\\/#organization\"},\"potentialAction\":[{\"@type\":\"SearchAction\",\"target\":{\"@type\":\"EntryPoint\",\"urlTemplate\":\"https:\\\/\\\/aassdn.org\\\/amicale\\\/?s={search_term_string}\"},\"query-input\":{\"@type\":\"PropertyValueSpecification\",\"valueRequired\":true,\"valueName\":\"search_term_string\"}}],\"inLanguage\":\"fr-FR\"},{\"@type\":\"Organization\",\"@id\":\"https:\\\/\\\/aassdn.org\\\/amicale\\\/#organization\",\"name\":\"AASSDN | Anciens et Amis des Services Sp\u00e9ciaux\",\"url\":\"https:\\\/\\\/aassdn.org\\\/amicale\\\/\",\"logo\":{\"@type\":\"ImageObject\",\"inLanguage\":\"fr-FR\",\"@id\":\"https:\\\/\\\/aassdn.org\\\/amicale\\\/#\\\/schema\\\/logo\\\/image\\\/\",\"url\":\"https:\\\/\\\/aassdn.org\\\/amicale\\\/wp-content\\\/uploads\\\/Logo_AASSDN_transparent2.png\",\"contentUrl\":\"https:\\\/\\\/aassdn.org\\\/amicale\\\/wp-content\\\/uploads\\\/Logo_AASSDN_transparent2.png\",\"width\":1832,\"height\":1609,\"caption\":\"AASSDN | Anciens et Amis des Services Sp\u00e9ciaux\"},\"image\":{\"@id\":\"https:\\\/\\\/aassdn.org\\\/amicale\\\/#\\\/schema\\\/logo\\\/image\\\/\"}},{\"@type\":\"Person\",\"@id\":\"https:\\\/\\\/aassdn.org\\\/amicale\\\/#\\\/schema\\\/person\\\/73800712a272e6d58a10a86ea9e59671\",\"name\":\"AASSDN\",\"image\":{\"@type\":\"ImageObject\",\"inLanguage\":\"fr-FR\",\"@id\":\"https:\\\/\\\/secure.gravatar.com\\\/avatar\\\/9653808d17788562e72d77e426d8d02775774239aefd00a9b4e852423d8e9d7e?s=96&d=mm&r=g\",\"url\":\"https:\\\/\\\/secure.gravatar.com\\\/avatar\\\/9653808d17788562e72d77e426d8d02775774239aefd00a9b4e852423d8e9d7e?s=96&d=mm&r=g\",\"contentUrl\":\"https:\\\/\\\/secure.gravatar.com\\\/avatar\\\/9653808d17788562e72d77e426d8d02775774239aefd00a9b4e852423d8e9d7e?s=96&d=mm&r=g\",\"caption\":\"AASSDN\"},\"sameAs\":[\"https:\\\/\\\/aassdn.org\\\/amicale\"],\"url\":\"https:\\\/\\\/aassdn.org\\\/amicale\\\/author\\\/wordpress\\\/\"}]}<\/script>\n<!-- \/ Yoast SEO plugin. -->","yoast_head_json":{"title":"L'inspecteur du C.E. francais etait un espion allemand | AASSDN | Anciens et Amis des Services Sp\u00e9ciaux","robots":{"index":"index","follow":"follow","max-snippet":"max-snippet:-1","max-image-preview":"max-image-preview:large","max-video-preview":"max-video-preview:-1"},"canonical":"https:\/\/aassdn.org\/amicale\/linspecteur-du-c-e-francais-etait-un-espion-allemand\/","og_locale":"fr_FR","og_type":"article","og_title":"L'inspecteur du C.E. francais etait un espion allemand | AASSDN | Anciens et Amis des Services Sp\u00e9ciaux","og_description":"Le but supr\u00eame de tout C.E. offensif consiste \u00e0 p\u00e9n\u00e9trer et \u00e0 noyauter le S.R. adverse. Le C.E. offensif de l&#8217;Abwehr allemande (section III f) n&#8217;a \u00e9t\u00e9 cr\u00e9\u00e9 qu\u2019en 1936 alors que notre C.E. offensif r\u00e9coltait toutes les semaines le fruit du travail commenc\u00e9 d\u00e9j\u00e0 avant l&#8217;\u00e9vacuation de la Rh\u00e9nanie (10 juin 1930). N\u00e9anmoins, les [&hellip;]","og_url":"https:\/\/aassdn.org\/amicale\/linspecteur-du-c-e-francais-etait-un-espion-allemand\/","og_site_name":"AASSDN | Anciens et Amis des Services Sp\u00e9ciaux","article_published_time":"2021-10-29T08:00:23+00:00","article_modified_time":"2024-03-15T13:06:56+00:00","author":"AASSDN","twitter_card":"summary_large_image","twitter_misc":{"\u00c9crit par":"AASSDN","Dur\u00e9e de lecture estim\u00e9e":"12 minutes"},"schema":{"@context":"https:\/\/schema.org","@graph":[{"@type":"Article","@id":"https:\/\/aassdn.org\/amicale\/linspecteur-du-c-e-francais-etait-un-espion-allemand\/#article","isPartOf":{"@id":"https:\/\/aassdn.org\/amicale\/linspecteur-du-c-e-francais-etait-un-espion-allemand\/"},"author":{"name":"AASSDN","@id":"https:\/\/aassdn.org\/amicale\/#\/schema\/person\/73800712a272e6d58a10a86ea9e59671"},"headline":"L&#8217;inspecteur du C.E. francais etait un espion allemand","datePublished":"2021-10-29T08:00:23+00:00","dateModified":"2024-03-15T13:06:56+00:00","mainEntityOfPage":{"@id":"https:\/\/aassdn.org\/amicale\/linspecteur-du-c-e-francais-etait-un-espion-allemand\/"},"wordCount":2482,"publisher":{"@id":"https:\/\/aassdn.org\/amicale\/#organization"},"keywords":["Abwehr","Allemagne","Belgique","Espionnage","France","Renseignement","renseignement militaire","R\u00e9sistance"],"articleSection":["Affaire Richard Sorge","Europe de l'Ouest","Extraits de bulletin","Renseignement","Services allemands"],"inLanguage":"fr-FR"},{"@type":"WebPage","@id":"https:\/\/aassdn.org\/amicale\/linspecteur-du-c-e-francais-etait-un-espion-allemand\/","url":"https:\/\/aassdn.org\/amicale\/linspecteur-du-c-e-francais-etait-un-espion-allemand\/","name":"L'inspecteur du C.E. francais etait un espion allemand | AASSDN | Anciens et Amis des Services Sp\u00e9ciaux","isPartOf":{"@id":"https:\/\/aassdn.org\/amicale\/#website"},"datePublished":"2021-10-29T08:00:23+00:00","dateModified":"2024-03-15T13:06:56+00:00","breadcrumb":{"@id":"https:\/\/aassdn.org\/amicale\/linspecteur-du-c-e-francais-etait-un-espion-allemand\/#breadcrumb"},"inLanguage":"fr-FR","potentialAction":[{"@type":"ReadAction","target":["https:\/\/aassdn.org\/amicale\/linspecteur-du-c-e-francais-etait-un-espion-allemand\/"]}]},{"@type":"BreadcrumbList","@id":"https:\/\/aassdn.org\/amicale\/linspecteur-du-c-e-francais-etait-un-espion-allemand\/#breadcrumb","itemListElement":[{"@type":"ListItem","position":1,"name":"Accueil","item":"https:\/\/aassdn.org\/amicale\/"},{"@type":"ListItem","position":2,"name":"L&#8217;inspecteur du C.E. francais etait un espion allemand"}]},{"@type":"WebSite","@id":"https:\/\/aassdn.org\/amicale\/#website","url":"https:\/\/aassdn.org\/amicale\/","name":"AASSDN | Anciens et Amis des Services Sp\u00e9ciaux","description":"Services sp\u00e9ciaux : Des h\u00e9ros anonymes au service exclusif de la France","publisher":{"@id":"https:\/\/aassdn.org\/amicale\/#organization"},"potentialAction":[{"@type":"SearchAction","target":{"@type":"EntryPoint","urlTemplate":"https:\/\/aassdn.org\/amicale\/?s={search_term_string}"},"query-input":{"@type":"PropertyValueSpecification","valueRequired":true,"valueName":"search_term_string"}}],"inLanguage":"fr-FR"},{"@type":"Organization","@id":"https:\/\/aassdn.org\/amicale\/#organization","name":"AASSDN | Anciens et Amis des Services Sp\u00e9ciaux","url":"https:\/\/aassdn.org\/amicale\/","logo":{"@type":"ImageObject","inLanguage":"fr-FR","@id":"https:\/\/aassdn.org\/amicale\/#\/schema\/logo\/image\/","url":"https:\/\/aassdn.org\/amicale\/wp-content\/uploads\/Logo_AASSDN_transparent2.png","contentUrl":"https:\/\/aassdn.org\/amicale\/wp-content\/uploads\/Logo_AASSDN_transparent2.png","width":1832,"height":1609,"caption":"AASSDN | Anciens et Amis des Services Sp\u00e9ciaux"},"image":{"@id":"https:\/\/aassdn.org\/amicale\/#\/schema\/logo\/image\/"}},{"@type":"Person","@id":"https:\/\/aassdn.org\/amicale\/#\/schema\/person\/73800712a272e6d58a10a86ea9e59671","name":"AASSDN","image":{"@type":"ImageObject","inLanguage":"fr-FR","@id":"https:\/\/secure.gravatar.com\/avatar\/9653808d17788562e72d77e426d8d02775774239aefd00a9b4e852423d8e9d7e?s=96&d=mm&r=g","url":"https:\/\/secure.gravatar.com\/avatar\/9653808d17788562e72d77e426d8d02775774239aefd00a9b4e852423d8e9d7e?s=96&d=mm&r=g","contentUrl":"https:\/\/secure.gravatar.com\/avatar\/9653808d17788562e72d77e426d8d02775774239aefd00a9b4e852423d8e9d7e?s=96&d=mm&r=g","caption":"AASSDN"},"sameAs":["https:\/\/aassdn.org\/amicale"],"url":"https:\/\/aassdn.org\/amicale\/author\/wordpress\/"}]}},"_links":{"self":[{"href":"https:\/\/aassdn.org\/amicale\/wp-json\/wp\/v2\/posts\/2434","targetHints":{"allow":["GET"]}}],"collection":[{"href":"https:\/\/aassdn.org\/amicale\/wp-json\/wp\/v2\/posts"}],"about":[{"href":"https:\/\/aassdn.org\/amicale\/wp-json\/wp\/v2\/types\/post"}],"author":[{"embeddable":true,"href":"https:\/\/aassdn.org\/amicale\/wp-json\/wp\/v2\/users\/1"}],"replies":[{"embeddable":true,"href":"https:\/\/aassdn.org\/amicale\/wp-json\/wp\/v2\/comments?post=2434"}],"version-history":[{"count":0,"href":"https:\/\/aassdn.org\/amicale\/wp-json\/wp\/v2\/posts\/2434\/revisions"}],"wp:attachment":[{"href":"https:\/\/aassdn.org\/amicale\/wp-json\/wp\/v2\/media?parent=2434"}],"wp:term":[{"taxonomy":"category","embeddable":true,"href":"https:\/\/aassdn.org\/amicale\/wp-json\/wp\/v2\/categories?post=2434"},{"taxonomy":"post_tag","embeddable":true,"href":"https:\/\/aassdn.org\/amicale\/wp-json\/wp\/v2\/tags?post=2434"}],"curies":[{"name":"wp","href":"https:\/\/api.w.org\/{rel}","templated":true}]}}