{"id":2423,"date":"2021-10-29T10:00:23","date_gmt":"2021-10-29T08:00:23","guid":{"rendered":"https:\/\/aassdn.org\/amicale\/ig-farben-lespionnage-economique-et-commercial-les-zefis\/"},"modified":"2024-03-02T15:22:21","modified_gmt":"2024-03-02T14:22:21","slug":"ig-farben-lespionnage-economique-et-commercial-les-zefis","status":"publish","type":"post","link":"https:\/\/aassdn.org\/amicale\/ig-farben-lespionnage-economique-et-commercial-les-zefis\/","title":{"rendered":"IG FARBEN L&#8217;espionnage economique et commercial : les &#8220;Zefis&#8221;"},"content":{"rendered":"<p>Dans les archives am\u00e9ricaines, un document in\u00e9dit, dat\u00e9 du 26 juillet 1946 a permis, gr\u00e2ce \u00e0 Bernard Towell, alias &#8221; Holland &#8220;, de la branche X-2 (contre-espionnage), d&#8217;\u00e9tablir, \u00e0 l&#8217;intention du D\u00e9partement d&#8217;\u00c9tat, la liste du r\u00e9seau d&#8217;espionnage \u00e9conomique mondial organis\u00e9 par IG-Farben avant la guerre, r\u00e9seau qui a fonctionn\u00e9 jusqu&#8217;en 1945, et peut-\u00eatre au-del\u00e0 (dossier L4-9567).  <\/p>\n<p class=\"Style28 Style29\" align=\"justify\">Quatre d\u00e9partements de l&#8217;IG-Farben camouflaient dans leur personnel des &#8221; Z\u00e9fis &#8220;, appellation donn\u00e9e \u00e0 des hommes de confiance post\u00e9s dans tous les bureaux \u00e9trangers de la firme, uniquement charg\u00e9s d&#8217;espionnage \u00e9conomique et commercial.<\/p>\n<p class=\"Style28 Style29\" align=\"justify\">C&#8217;est Hermann Schmitz, homme de confiance du Haut \u00c9tat-major allemand qui, d\u00e8s 1928, a entrepris cette implantation. Ami intime de Martin Bormann jusqu&#8217;en 1945, il chargea son associ\u00e9 \u00e0 la direction de l&#8217;IG-Farben, Max Ilgner, de remplir son r\u00f4le de gestionnaire du r\u00e9seau en 1940, tandis que lui-m\u00eame s&#8217;occupait sp\u00e9cifiquement de le greffer sur l&#8217;organisation secr\u00e8te de Bormann, \u00e0 partir de 1943.  <\/p>\n<p class=\"Style28 Style29\" align=\"justify\">Max Ilgner avait pour adjoints Walter Bachem, Wilhelm Helmerking et Emil de Haas (sp\u00e9cialement charg\u00e9 de l&#8217;implantation en Chine) qui \u00e9tait secr\u00e9taire de la Karl Schurz Association, bas\u00e9e aux \u00c9tats-Unis.<\/p>\n<p class=\"Style28 Style29\" align=\"justify\">Cette association, en apparence am\u00e9ricaine, cr\u00e9a ensuite une filiale en Allemagne. Le parti nazi ne la contr\u00f4lait pas, mais l&#8217;infiltra \u00e0 partir de 1936.  <\/p>\n<p class=\"Style28 Style29\" align=\"justify\">Les renseignements des Z\u00e9fis \u00e9taient transmis par courriers sp\u00e9ciaux \u00e0 l&#8217;organisme de &#8221; Vowi &#8221; (initiales de &#8221; \u00c9conomie du Peuple &#8220;) contr\u00f4l\u00e9 par Hermann Schmitz, qui se chargeait de les r\u00e9percuter aux bureaux des Minist\u00e8re des Affaires \u00c9trang\u00e8res et \u00e0 l&#8217;organisation \u00e0 l&#8217;\u00e9tranger du parti nazi.<\/p>\n<p class=\"Style28 Style29\" align=\"justify\">Les notes les plus confidentielles \u00e9taient r\u00e9serv\u00e9es \u00e0 H. Schacht, le grand financier du Reich jusqu&#8217;en hiver 1939 (remplac\u00e9 ensuite par W. Funk) et \u00e0 Martin Bormann.<\/p>\n<p class=\"Style28 Style29\" align=\"justify\">Tout Z\u00e9fi itin\u00e9rant devait rendre compte de ses contacts, conversation et remarques, etc&#8230; Les listes en notre possession, valables jusqu&#8217;en 1945, couvrent une vingtaine de pays sur tous les continents.<\/p>\n<p class=\"Style28 Style29\" align=\"justify\">En France, un certain W. P&#8230; \u00e9tait un Z\u00e9fi. Son fr\u00e8re Mario exer\u00e7ait en Italie en tant que journaliste. En Suisse, M. F&#8230; ; en Inde, K&#8230; et Karl K&#8230; ; en Norv\u00e8ge, F&#8230;, puis F&#8230;, etc&#8230; Aux \u00c9tats-Unis, c&#8217;est le groupe Chemnyko, sous la supervision de Walter Duisberg (dont l&#8217;auteur a connu la famille apr\u00e8s la guerre en Allemagne) et de Rudold Ilgner, fr\u00e8re de Max, qui manipulait plusieurs Z\u00e9fis, ou hommes de confiance. Rudolf avait r\u00e9ussi \u00e0 se faire naturaliser am\u00e9ricain \u00e0 la veille de la guerre de 1939.  <\/p>\n<p class=\"Style28 Style29\" align=\"justify\">Max Ilgner, arr\u00eat\u00e9 en 1945, a \u00e9t\u00e9 interrog\u00e9 par Holland (Towell) et a d\u00e9nonc\u00e9 sans trop de pressions, l&#8217;industriel B&#8230; qui, pr\u00e8s de Berlin, avait camoufl\u00e9 chez lui d&#8217;importants dossiers, puis un certain H&#8230;, directeur de l&#8217;\u00c9conomie nationale, qui cachait chez lui en Haute-Bavi\u00e8re, d&#8217;autres documents.<\/p>\n<p class=\"Style28 Style29\" align=\"justify\">L&#8217;enqu\u00eate a conduit ensuite \u00e0 des dossiers dissimul\u00e9s dans la mine &#8221; Theodor &#8220;, \u00e0 Dillingen puis \u00e0 Mademoiselle F&#8230;, \u00e0 W\u00fcrzburg-Neue Velt, Leulfresserweg.  <\/p>\n<p class=\"Style28 Style29\" align=\"justify\">Ces documents ont \u00e9t\u00e9 mis sous le coude parce qu&#8217;Ilgner r\u00e9v\u00e9lait en 1945 que des transactions ill\u00e9gales, men\u00e9es gr\u00e2ce aux Z\u00e9fis, \u00e9taient pass\u00e9es par la National City Bank et l&#8217;Internationale Acceptance Bank, o\u00f9 Paul Warburg avait son mot \u00e0 dire.<\/p>\n<p class=\"Style28 Style29\" align=\"justify\">A la veille de la capitulation de l&#8217;Allemagne, Ilgner et Schmitz ont fait d\u00e9poser sur des comptes secrets de quoi payer trois mois de salaires \u00e0 tous les Z\u00e9fis, qu&#8217;ils fussent revenus en Allemagne ou encore en poste \u00e0 l&#8217;\u00e9tranger. Ce budget, d&#8217;une valeur de 600 millions de marks en 1944, \u00e9tait r\u00e9parti dans seize banques. Cette note est tir\u00e9e de l&#8217;annexe d&#8217;un ouvrage \u00e0 para\u00eetre de Pierre de Villemarest qui, dans ses archives, poss\u00e8de la liste compl\u00e8te et nominative des &#8221; Z\u00e9fis &#8221; \u00e0 l&#8217;\u00e9chelle mondiale, dat\u00e9e du printemps 1945, juste avant la d\u00e9faite du Reich.<\/p>\n<p class=\"Style28 Style29\" align=\"justify\">On en d\u00e9duit que l&#8217;inventeur de l&#8217;espionnage \u00e9conomique syst\u00e9matique, \u00e0 ce degr\u00e9, est bien Hermann Schmitz qui poss\u00e9dait alors autant d&#8217;actions de la Standard Oil of New Jersey que David Rockefeller, son patron. Mort en 1969 \u00e0 79 ans, Schmitz avait comparu en 1948 devant les tribunaux de Nuremberg, qui l&#8217;avaient condamn\u00e9 \u00e0 4 ans de prison ; mais il fut lib\u00e9r\u00e9 quelques mois apr\u00e8s. Nombre de ses amis et associ\u00e9s \u00e9taient conseillers d&#8217;Adenauer &#8230;<\/p>\n<p class=\"Style28 Style29\" align=\"justify\"><em>L&#8217;organisation secr\u00e8te de Bormann dont il est question dans cette note &#8211; annexe, s&#8217;appelait &#8221; Hacke &#8220;, et a fonctionn\u00e9 jusqu&#8217;en 1948.<\/em><\/p>\n<div class=\"pdfprnt-buttons pdfprnt-buttons-post pdfprnt-bottom-right\"><a href=\"https:\/\/aassdn.org\/amicale\/wp-json\/wp\/v2\/posts\/2423?print=pdf\" class=\"pdfprnt-button pdfprnt-button-pdf\" target=\"_blank\" ><img decoding=\"async\" data-src=\"https:\/\/aassdn.org\/amicale\/wp-content\/plugins\/pdf-print\/images\/pdf.png\" alt=\"image_pdf\" title=\"Afficher le PDF\" src=\"data:image\/svg+xml;base64,PHN2ZyB3aWR0aD0iMSIgaGVpZ2h0PSIxIiB4bWxucz0iaHR0cDovL3d3dy53My5vcmcvMjAwMC9zdmciPjwvc3ZnPg==\" class=\"lazyload\" style=\"--smush-placeholder-width: 32px; --smush-placeholder-aspect-ratio: 32\/32;\" \/><\/a><a href=\"https:\/\/aassdn.org\/amicale\/wp-json\/wp\/v2\/posts\/2423?print=print\" class=\"pdfprnt-button pdfprnt-button-print\" target=\"_blank\" ><\/a><\/div>","protected":false},"excerpt":{"rendered":"<p>Dans les archives am\u00e9ricaines, un document in\u00e9dit, dat\u00e9 du 26 juillet 1946 a permis, gr\u00e2ce \u00e0 Bernard Towell, alias &#8221; Holland &#8220;, de la branche X-2 (contre-espionnage), d&#8217;\u00e9tablir, \u00e0 l&#8217;intention du D\u00e9partement d&#8217;\u00c9tat, la liste du r\u00e9seau d&#8217;espionnage \u00e9conomique mondial organis\u00e9 par IG-Farben avant la guerre, r\u00e9seau qui a fonctionn\u00e9 jusqu&#8217;en 1945, et peut-\u00eatre au-del\u00e0 [&hellip;]<\/p>\n","protected":false},"author":1,"featured_media":0,"comment_status":"closed","ping_status":"open","sticky":false,"template":"","format":"standard","meta":{"_acf_changed":false,"footnotes":""},"categories":[76,114,79,88,106,99],"tags":[226,239,262],"class_list":["post-2423","post","type-post","status-publish","format-standard","hentry","category-1939-1945-2eme-guerre-mondiale","category-europe-de-louest","category-extraits-de-bulletin","category-livres-et-publications","category-renseignement","category-services-allemands","tag-contre-espionnage","tag-ig-farben","tag-renseignement"],"acf":[],"yoast_head":"<!-- This site is optimized with the Yoast SEO plugin v27.4 - https:\/\/yoast.com\/product\/yoast-seo-wordpress\/ -->\n<title>IG FARBEN L&#039;espionnage economique et commercial : les &quot;Zefis&quot; | AASSDN | Anciens et Amis des Services Sp\u00e9ciaux<\/title>\n<meta name=\"robots\" content=\"index, follow, max-snippet:-1, max-image-preview:large, max-video-preview:-1\" \/>\n<link rel=\"canonical\" href=\"https:\/\/aassdn.org\/amicale\/ig-farben-lespionnage-economique-et-commercial-les-zefis\/\" \/>\n<meta property=\"og:locale\" content=\"fr_FR\" \/>\n<meta property=\"og:type\" content=\"article\" \/>\n<meta property=\"og:title\" content=\"IG FARBEN L&#039;espionnage economique et commercial : les &quot;Zefis&quot; | AASSDN | Anciens et Amis des Services Sp\u00e9ciaux\" \/>\n<meta property=\"og:description\" content=\"Dans les archives am\u00e9ricaines, un document in\u00e9dit, dat\u00e9 du 26 juillet 1946 a permis, gr\u00e2ce \u00e0 Bernard Towell, alias &#8221; Holland &#8220;, de la branche X-2 (contre-espionnage), d&#8217;\u00e9tablir, \u00e0 l&#8217;intention du D\u00e9partement d&#8217;\u00c9tat, la liste du r\u00e9seau d&#8217;espionnage \u00e9conomique mondial organis\u00e9 par IG-Farben avant la guerre, r\u00e9seau qui a fonctionn\u00e9 jusqu&#8217;en 1945, et peut-\u00eatre au-del\u00e0 [&hellip;]\" \/>\n<meta property=\"og:url\" content=\"https:\/\/aassdn.org\/amicale\/ig-farben-lespionnage-economique-et-commercial-les-zefis\/\" \/>\n<meta property=\"og:site_name\" content=\"AASSDN | Anciens et Amis des Services Sp\u00e9ciaux\" \/>\n<meta property=\"article:published_time\" content=\"2021-10-29T08:00:23+00:00\" \/>\n<meta property=\"article:modified_time\" content=\"2024-03-02T14:22:21+00:00\" \/>\n<meta name=\"author\" content=\"AASSDN\" \/>\n<meta name=\"twitter:card\" content=\"summary_large_image\" \/>\n<meta name=\"twitter:label1\" content=\"\u00c9crit par\" \/>\n\t<meta name=\"twitter:data1\" content=\"AASSDN\" \/>\n\t<meta name=\"twitter:label2\" content=\"Dur\u00e9e de lecture estim\u00e9e\" \/>\n\t<meta name=\"twitter:data2\" content=\"4 minutes\" \/>\n<script type=\"application\/ld+json\" class=\"yoast-schema-graph\">{\"@context\":\"https:\\\/\\\/schema.org\",\"@graph\":[{\"@type\":\"Article\",\"@id\":\"https:\\\/\\\/aassdn.org\\\/amicale\\\/ig-farben-lespionnage-economique-et-commercial-les-zefis\\\/#article\",\"isPartOf\":{\"@id\":\"https:\\\/\\\/aassdn.org\\\/amicale\\\/ig-farben-lespionnage-economique-et-commercial-les-zefis\\\/\"},\"author\":{\"name\":\"AASSDN\",\"@id\":\"https:\\\/\\\/aassdn.org\\\/amicale\\\/#\\\/schema\\\/person\\\/73800712a272e6d58a10a86ea9e59671\"},\"headline\":\"IG FARBEN L&#8217;espionnage economique et commercial : les &#8220;Zefis&#8221;\",\"datePublished\":\"2021-10-29T08:00:23+00:00\",\"dateModified\":\"2024-03-02T14:22:21+00:00\",\"mainEntityOfPage\":{\"@id\":\"https:\\\/\\\/aassdn.org\\\/amicale\\\/ig-farben-lespionnage-economique-et-commercial-les-zefis\\\/\"},\"wordCount\":769,\"publisher\":{\"@id\":\"https:\\\/\\\/aassdn.org\\\/amicale\\\/#organization\"},\"keywords\":[\"contre-espionnage\",\"IG-Farben\",\"Renseignement\"],\"articleSection\":[\"2\u00e8me Guerre Mondiale (1939-1945)\",\"Europe de l'Ouest\",\"Extraits de bulletin\",\"Livres et publications\",\"Renseignement\",\"Services allemands\"],\"inLanguage\":\"fr-FR\"},{\"@type\":\"WebPage\",\"@id\":\"https:\\\/\\\/aassdn.org\\\/amicale\\\/ig-farben-lespionnage-economique-et-commercial-les-zefis\\\/\",\"url\":\"https:\\\/\\\/aassdn.org\\\/amicale\\\/ig-farben-lespionnage-economique-et-commercial-les-zefis\\\/\",\"name\":\"IG FARBEN L'espionnage economique et commercial : les \\\"Zefis\\\" | AASSDN | Anciens et Amis des Services Sp\u00e9ciaux\",\"isPartOf\":{\"@id\":\"https:\\\/\\\/aassdn.org\\\/amicale\\\/#website\"},\"datePublished\":\"2021-10-29T08:00:23+00:00\",\"dateModified\":\"2024-03-02T14:22:21+00:00\",\"breadcrumb\":{\"@id\":\"https:\\\/\\\/aassdn.org\\\/amicale\\\/ig-farben-lespionnage-economique-et-commercial-les-zefis\\\/#breadcrumb\"},\"inLanguage\":\"fr-FR\",\"potentialAction\":[{\"@type\":\"ReadAction\",\"target\":[\"https:\\\/\\\/aassdn.org\\\/amicale\\\/ig-farben-lespionnage-economique-et-commercial-les-zefis\\\/\"]}]},{\"@type\":\"BreadcrumbList\",\"@id\":\"https:\\\/\\\/aassdn.org\\\/amicale\\\/ig-farben-lespionnage-economique-et-commercial-les-zefis\\\/#breadcrumb\",\"itemListElement\":[{\"@type\":\"ListItem\",\"position\":1,\"name\":\"Accueil\",\"item\":\"https:\\\/\\\/aassdn.org\\\/amicale\\\/\"},{\"@type\":\"ListItem\",\"position\":2,\"name\":\"IG FARBEN L&#8217;espionnage economique et commercial : les &#8220;Zefis&#8221;\"}]},{\"@type\":\"WebSite\",\"@id\":\"https:\\\/\\\/aassdn.org\\\/amicale\\\/#website\",\"url\":\"https:\\\/\\\/aassdn.org\\\/amicale\\\/\",\"name\":\"AASSDN | Anciens et Amis des Services Sp\u00e9ciaux\",\"description\":\"Services sp\u00e9ciaux : Des h\u00e9ros anonymes au service exclusif de la France\",\"publisher\":{\"@id\":\"https:\\\/\\\/aassdn.org\\\/amicale\\\/#organization\"},\"potentialAction\":[{\"@type\":\"SearchAction\",\"target\":{\"@type\":\"EntryPoint\",\"urlTemplate\":\"https:\\\/\\\/aassdn.org\\\/amicale\\\/?s={search_term_string}\"},\"query-input\":{\"@type\":\"PropertyValueSpecification\",\"valueRequired\":true,\"valueName\":\"search_term_string\"}}],\"inLanguage\":\"fr-FR\"},{\"@type\":\"Organization\",\"@id\":\"https:\\\/\\\/aassdn.org\\\/amicale\\\/#organization\",\"name\":\"AASSDN | Anciens et Amis des Services Sp\u00e9ciaux\",\"url\":\"https:\\\/\\\/aassdn.org\\\/amicale\\\/\",\"logo\":{\"@type\":\"ImageObject\",\"inLanguage\":\"fr-FR\",\"@id\":\"https:\\\/\\\/aassdn.org\\\/amicale\\\/#\\\/schema\\\/logo\\\/image\\\/\",\"url\":\"https:\\\/\\\/aassdn.org\\\/amicale\\\/wp-content\\\/uploads\\\/Logo_AASSDN_transparent2.png\",\"contentUrl\":\"https:\\\/\\\/aassdn.org\\\/amicale\\\/wp-content\\\/uploads\\\/Logo_AASSDN_transparent2.png\",\"width\":1832,\"height\":1609,\"caption\":\"AASSDN | Anciens et Amis des Services Sp\u00e9ciaux\"},\"image\":{\"@id\":\"https:\\\/\\\/aassdn.org\\\/amicale\\\/#\\\/schema\\\/logo\\\/image\\\/\"}},{\"@type\":\"Person\",\"@id\":\"https:\\\/\\\/aassdn.org\\\/amicale\\\/#\\\/schema\\\/person\\\/73800712a272e6d58a10a86ea9e59671\",\"name\":\"AASSDN\",\"image\":{\"@type\":\"ImageObject\",\"inLanguage\":\"fr-FR\",\"@id\":\"https:\\\/\\\/secure.gravatar.com\\\/avatar\\\/9653808d17788562e72d77e426d8d02775774239aefd00a9b4e852423d8e9d7e?s=96&d=mm&r=g\",\"url\":\"https:\\\/\\\/secure.gravatar.com\\\/avatar\\\/9653808d17788562e72d77e426d8d02775774239aefd00a9b4e852423d8e9d7e?s=96&d=mm&r=g\",\"contentUrl\":\"https:\\\/\\\/secure.gravatar.com\\\/avatar\\\/9653808d17788562e72d77e426d8d02775774239aefd00a9b4e852423d8e9d7e?s=96&d=mm&r=g\",\"caption\":\"AASSDN\"},\"sameAs\":[\"https:\\\/\\\/aassdn.org\\\/amicale\"],\"url\":\"https:\\\/\\\/aassdn.org\\\/amicale\\\/author\\\/wordpress\\\/\"}]}<\/script>\n<!-- \/ Yoast SEO plugin. -->","yoast_head_json":{"title":"IG FARBEN L'espionnage economique et commercial : les \"Zefis\" | AASSDN | Anciens et Amis des Services Sp\u00e9ciaux","robots":{"index":"index","follow":"follow","max-snippet":"max-snippet:-1","max-image-preview":"max-image-preview:large","max-video-preview":"max-video-preview:-1"},"canonical":"https:\/\/aassdn.org\/amicale\/ig-farben-lespionnage-economique-et-commercial-les-zefis\/","og_locale":"fr_FR","og_type":"article","og_title":"IG FARBEN L'espionnage economique et commercial : les \"Zefis\" | AASSDN | Anciens et Amis des Services Sp\u00e9ciaux","og_description":"Dans les archives am\u00e9ricaines, un document in\u00e9dit, dat\u00e9 du 26 juillet 1946 a permis, gr\u00e2ce \u00e0 Bernard Towell, alias &#8221; Holland &#8220;, de la branche X-2 (contre-espionnage), d&#8217;\u00e9tablir, \u00e0 l&#8217;intention du D\u00e9partement d&#8217;\u00c9tat, la liste du r\u00e9seau d&#8217;espionnage \u00e9conomique mondial organis\u00e9 par IG-Farben avant la guerre, r\u00e9seau qui a fonctionn\u00e9 jusqu&#8217;en 1945, et peut-\u00eatre au-del\u00e0 [&hellip;]","og_url":"https:\/\/aassdn.org\/amicale\/ig-farben-lespionnage-economique-et-commercial-les-zefis\/","og_site_name":"AASSDN | Anciens et Amis des Services Sp\u00e9ciaux","article_published_time":"2021-10-29T08:00:23+00:00","article_modified_time":"2024-03-02T14:22:21+00:00","author":"AASSDN","twitter_card":"summary_large_image","twitter_misc":{"\u00c9crit par":"AASSDN","Dur\u00e9e de lecture estim\u00e9e":"4 minutes"},"schema":{"@context":"https:\/\/schema.org","@graph":[{"@type":"Article","@id":"https:\/\/aassdn.org\/amicale\/ig-farben-lespionnage-economique-et-commercial-les-zefis\/#article","isPartOf":{"@id":"https:\/\/aassdn.org\/amicale\/ig-farben-lespionnage-economique-et-commercial-les-zefis\/"},"author":{"name":"AASSDN","@id":"https:\/\/aassdn.org\/amicale\/#\/schema\/person\/73800712a272e6d58a10a86ea9e59671"},"headline":"IG FARBEN L&#8217;espionnage economique et commercial : les &#8220;Zefis&#8221;","datePublished":"2021-10-29T08:00:23+00:00","dateModified":"2024-03-02T14:22:21+00:00","mainEntityOfPage":{"@id":"https:\/\/aassdn.org\/amicale\/ig-farben-lespionnage-economique-et-commercial-les-zefis\/"},"wordCount":769,"publisher":{"@id":"https:\/\/aassdn.org\/amicale\/#organization"},"keywords":["contre-espionnage","IG-Farben","Renseignement"],"articleSection":["2\u00e8me Guerre Mondiale (1939-1945)","Europe de l'Ouest","Extraits de bulletin","Livres et publications","Renseignement","Services allemands"],"inLanguage":"fr-FR"},{"@type":"WebPage","@id":"https:\/\/aassdn.org\/amicale\/ig-farben-lespionnage-economique-et-commercial-les-zefis\/","url":"https:\/\/aassdn.org\/amicale\/ig-farben-lespionnage-economique-et-commercial-les-zefis\/","name":"IG FARBEN L'espionnage economique et commercial : les \"Zefis\" | AASSDN | Anciens et Amis des Services Sp\u00e9ciaux","isPartOf":{"@id":"https:\/\/aassdn.org\/amicale\/#website"},"datePublished":"2021-10-29T08:00:23+00:00","dateModified":"2024-03-02T14:22:21+00:00","breadcrumb":{"@id":"https:\/\/aassdn.org\/amicale\/ig-farben-lespionnage-economique-et-commercial-les-zefis\/#breadcrumb"},"inLanguage":"fr-FR","potentialAction":[{"@type":"ReadAction","target":["https:\/\/aassdn.org\/amicale\/ig-farben-lespionnage-economique-et-commercial-les-zefis\/"]}]},{"@type":"BreadcrumbList","@id":"https:\/\/aassdn.org\/amicale\/ig-farben-lespionnage-economique-et-commercial-les-zefis\/#breadcrumb","itemListElement":[{"@type":"ListItem","position":1,"name":"Accueil","item":"https:\/\/aassdn.org\/amicale\/"},{"@type":"ListItem","position":2,"name":"IG FARBEN L&#8217;espionnage economique et commercial : les &#8220;Zefis&#8221;"}]},{"@type":"WebSite","@id":"https:\/\/aassdn.org\/amicale\/#website","url":"https:\/\/aassdn.org\/amicale\/","name":"AASSDN | Anciens et Amis des Services Sp\u00e9ciaux","description":"Services sp\u00e9ciaux : Des h\u00e9ros anonymes au service exclusif de la France","publisher":{"@id":"https:\/\/aassdn.org\/amicale\/#organization"},"potentialAction":[{"@type":"SearchAction","target":{"@type":"EntryPoint","urlTemplate":"https:\/\/aassdn.org\/amicale\/?s={search_term_string}"},"query-input":{"@type":"PropertyValueSpecification","valueRequired":true,"valueName":"search_term_string"}}],"inLanguage":"fr-FR"},{"@type":"Organization","@id":"https:\/\/aassdn.org\/amicale\/#organization","name":"AASSDN | Anciens et Amis des Services Sp\u00e9ciaux","url":"https:\/\/aassdn.org\/amicale\/","logo":{"@type":"ImageObject","inLanguage":"fr-FR","@id":"https:\/\/aassdn.org\/amicale\/#\/schema\/logo\/image\/","url":"https:\/\/aassdn.org\/amicale\/wp-content\/uploads\/Logo_AASSDN_transparent2.png","contentUrl":"https:\/\/aassdn.org\/amicale\/wp-content\/uploads\/Logo_AASSDN_transparent2.png","width":1832,"height":1609,"caption":"AASSDN | Anciens et Amis des Services Sp\u00e9ciaux"},"image":{"@id":"https:\/\/aassdn.org\/amicale\/#\/schema\/logo\/image\/"}},{"@type":"Person","@id":"https:\/\/aassdn.org\/amicale\/#\/schema\/person\/73800712a272e6d58a10a86ea9e59671","name":"AASSDN","image":{"@type":"ImageObject","inLanguage":"fr-FR","@id":"https:\/\/secure.gravatar.com\/avatar\/9653808d17788562e72d77e426d8d02775774239aefd00a9b4e852423d8e9d7e?s=96&d=mm&r=g","url":"https:\/\/secure.gravatar.com\/avatar\/9653808d17788562e72d77e426d8d02775774239aefd00a9b4e852423d8e9d7e?s=96&d=mm&r=g","contentUrl":"https:\/\/secure.gravatar.com\/avatar\/9653808d17788562e72d77e426d8d02775774239aefd00a9b4e852423d8e9d7e?s=96&d=mm&r=g","caption":"AASSDN"},"sameAs":["https:\/\/aassdn.org\/amicale"],"url":"https:\/\/aassdn.org\/amicale\/author\/wordpress\/"}]}},"_links":{"self":[{"href":"https:\/\/aassdn.org\/amicale\/wp-json\/wp\/v2\/posts\/2423","targetHints":{"allow":["GET"]}}],"collection":[{"href":"https:\/\/aassdn.org\/amicale\/wp-json\/wp\/v2\/posts"}],"about":[{"href":"https:\/\/aassdn.org\/amicale\/wp-json\/wp\/v2\/types\/post"}],"author":[{"embeddable":true,"href":"https:\/\/aassdn.org\/amicale\/wp-json\/wp\/v2\/users\/1"}],"replies":[{"embeddable":true,"href":"https:\/\/aassdn.org\/amicale\/wp-json\/wp\/v2\/comments?post=2423"}],"version-history":[{"count":0,"href":"https:\/\/aassdn.org\/amicale\/wp-json\/wp\/v2\/posts\/2423\/revisions"}],"wp:attachment":[{"href":"https:\/\/aassdn.org\/amicale\/wp-json\/wp\/v2\/media?parent=2423"}],"wp:term":[{"taxonomy":"category","embeddable":true,"href":"https:\/\/aassdn.org\/amicale\/wp-json\/wp\/v2\/categories?post=2423"},{"taxonomy":"post_tag","embeddable":true,"href":"https:\/\/aassdn.org\/amicale\/wp-json\/wp\/v2\/tags?post=2423"}],"curies":[{"name":"wp","href":"https:\/\/api.w.org\/{rel}","templated":true}]}}