{"id":2413,"date":"2021-10-29T10:00:21","date_gmt":"2021-10-29T08:00:21","guid":{"rendered":"https:\/\/aassdn.org\/amicale\/vichy-et-la-resistance-par-le-colonel-paul-paillole\/"},"modified":"2024-04-04T11:56:27","modified_gmt":"2024-04-04T09:56:27","slug":"vichy-et-la-resistance-par-le-colonel-paul-paillole","status":"publish","type":"post","link":"https:\/\/aassdn.org\/amicale\/vichy-et-la-resistance-par-le-colonel-paul-paillole\/","title":{"rendered":"Vichy et la r\u00e9sistance par le Colonel Paul Paillole"},"content":{"rendered":"<p>L&#8217;actualit\u00e9 remet p\u00e9riodiquement en \u00e9vidence le r\u00f4le n\u00e9faste et trop souvent coupable de certains fonctionnaires, civils ou militaires, durant l&#8217;occupation. Avec tristesse sinon \u00e9coeurement, nos Services ont d\u00fb remettre \u00e0 la Justice le sort de ceux de nos compatriotes coupables d&#8217;avoir servi l&#8217;ennemi en utilisant les moyens que leur conf\u00e9rait leur situation. Attitude d&#8217;autant plus condamnable qu&#8217;elle \u00e9tait celle de fonctionnaire parfois haut plac\u00e9s. Des faits aussi r\u00e9pr\u00e9hensibles que la trahison ou le crime contre l&#8217;humanit\u00e9 r\u00e9voltent aujourd&#8217;hui une opinion, sensibilis\u00e9e &#8211; sans grandes nuances &#8211; par des m\u00e9dias avides de scandales.<\/p>\n<p class=\"Style28 Style29\" align=\"justify\">Cinquante ans apr\u00e8s, ils apparaissent comme la cons\u00e9quence in\u00e9luctable et g\u00e9n\u00e9ralis\u00e9e de la politique de collaboration de Vichy. D\u00e8s lors ils entra\u00eenent, souvent et trop vite, l&#8217;opprobre sur l&#8217;ensemble de ceux qui, \u00e0 des titres divers, ressortissaient de la fonction publique de 1940 \u00e0 1944.<\/p>\n<p class=\"Style28 Style29\" align=\"justify\">Un sentiment d&#8217;\u00e9quit\u00e9, face \u00e0 l&#8217;Histoire, nous fait un devoir d&#8217;en appeler \u00e0 de tels jugements. Trop rapides, trop brutaux, maladroitement r\u00e9pandus, ils ne peuvent que nuire \u00e0 l&#8217;image d&#8217;une France qui, malgr\u00e9 sa d\u00e9faite et les tortures de l&#8217;occupation, sut trouver dans tous ses milieux sociaux et professionnels la force de r\u00e9sister et de d\u00e9fendre son honneur.<\/p>\n<p class=\"Style28 Style29\" align=\"justify\">Ainsi, allant de la complicit\u00e9 prudente \u00e0 la volont\u00e9 affirm\u00e9e de lutter contre l&#8217;ennemi, de nombreux fonctionnaires et militaires furent associ\u00e9s au combat clandestin : actions ponctuelles, isol\u00e9es, parfois anonymes, actions organis\u00e9es, permanentes, avec le double risque de la r\u00e9pression impitoyable et de l&#8217;incompr\u00e9hension par l&#8217;opinion ignorante des r\u00e9alit\u00e9s. Plus les responsabilit\u00e9s \u00e9taient \u00e9lev\u00e9es dans la hi\u00e9rarchie vichysoise, plus le &#8221; jeu &#8221; \u00e9tait d\u00e9licat, ambigu&#8230;<\/p>\n<p class=\"Style28 Style29\" align=\"justify\">\u00a0<\/p>\n<p class=\"Style28 Style29\" align=\"justify\">Pour illustrer notre propos, nous avons fait appel \u00e0 deux t\u00e9moignages :<\/p>\n<p class=\"Style28 Style29\" align=\"justify\">&#8211; l&#8217;un posthume, celui du grand Fran\u00e7ais que fut dans les \u00e9chelons les plus \u00e9lev\u00e9s de la Police de Vichy, notre regrett\u00e9 ami, Pierre Mondanel ;<\/p>\n<p class=\"Style28 Style29\" align=\"justify\">&#8211; l&#8217;autre de notre camarade Guy de Saint-Hilaire. Fonctionnaire \u00e0 un rang plus modeste, il retrace avec sinc\u00e9rit\u00e9 ce que fut son existence de r\u00e9sistant, puis de Chef de R\u00e9seau des Forces Fran\u00e7aises Combattantes, Kl\u00e9ber-Marco \u00bb. Nous lui sommes reconnaissants de sa contribution \u00e0 notre effort de VERITE.<\/p>\n<p class=\"Style28 Style29\" align=\"justify\">Avant de livrer \u00e0 nos lecteurs ces t\u00e9moignages, je voudrais, en guise de conclusion de cette introduction, rappeler deux faits :<\/p>\n<p class=\"Style28 Style29\" align=\"justify\">1) Les R\u00e9seaux de r\u00e9sistance militaires <strong>(1)<\/strong>, tous homologu\u00e9s aux Forces Fran\u00e7aises combattantes entre Juillet et septembre 1940 furent, quoiqu&#8217;en pensent les falsificateurs de l&#8217;Histoire, les premiers r\u00e9seaux fran\u00e7ais \u00e0 se lancer dans la lutte clandestine contre l&#8217;Axe et \u00e0 renseigner les Alli\u00e9s.<\/p>\n<p class=\"Style28 Style29\" align=\"justify\">Ils durent leur rapide efficacit\u00e9 aux concours spontan\u00e9s qu&#8217;ils trouv\u00e8rent dans l&#8217;Arm\u00e9e de l&#8217;Armistice, sa Gendarmerie, la Justice Militaire, l&#8217;Administration, les Affaires \u00c9trang\u00e8res, et la Police.<\/p>\n<p class=\"Style28 Style29\" align=\"justify\">2) Les deux principaux groupes de R\u00e9sistance Fran\u00e7ais existant \u00e0 la fin de 1940, n&#8217;ont vu le jour et n&#8217;ont pu s&#8217;\u00e9panouir qu&#8217;avec les initiatives et l&#8217;apport des militaires de l&#8217;Arm\u00e9e de l&#8217;Armistice :<\/p>\n<p class=\"Style28 Style29\" align=\"justify\">&#8211; &#8221; Combat &#8221; du Capitaine Henri Frenay.<\/p>\n<p class=\"Style28 Style29\" align=\"justify\">&#8211; &#8221; Alliance &#8221; des Commandants Loustaunau-Lacau et Faye, avec Marie-Madeleine \u00e9pouse du Capitaine Meric.<\/p>\n<p class=\"Style28 Style29\" align=\"justify\">Une abondante litt\u00e9rature <strong>(2)<\/strong> parfois stupidement qualifi\u00e9e d&#8217;hagiographique par les d\u00e9tracteurs habituels de l&#8217;Arm\u00e9e, , authentifie ce qui pr\u00e9c\u00e8de. J&#8217;en conseille la lecture.<\/p>\n<p class=\"Style28 Style29\" align=\"justify\">\u00a0<\/p>\n<p class=\"Style28 Style29\" align=\"justify\"><strong>PIERRE MONDANEL, UN GRAND FONCTIONNAIRE DE VICHY DANS LA R\u00c9SISTANCE<\/strong><\/p>\n<p class=\"Style28 Style29\" align=\"justify\">Entour\u00e9 du respect de tous et de notre affection, Pierre Mondanel s&#8217;est \u00e9teint \u00e0 quatre-vingt-seize ans le 1er septembre 1986 \u00e0 Clermont-Ferrand.<\/p>\n<p class=\"Style28 Style29\" align=\"justify\">Tout a \u00e9t\u00e9 dit sur sa prestigieuse carri\u00e8re de grand policier, sur ses \u00e9minentes qualit\u00e9s humaines, sur son \u00e9rudition et bien entendu sur son attachement \u00e0 l&#8217;Arm\u00e9e et plus particuli\u00e8rement \u00e0 nos anciens Services. Il fut de 1955 \u00e0 1986 le d\u00e9l\u00e9gu\u00e9 r\u00e9gional exemplaire de notre Association en Auvergne.<\/p>\n<p class=\"Style28 Style29\" align=\"justify\">Pour t\u00e9moigner de son action r\u00e9sistante dans le cadre de ses attributions de haut-fonctionnaire de police \u00e0 Vichy de 1940 \u00e0 son arrestation par les Allemands et \u00e0 sa d\u00e9portation en 1943, nous avons extrait des archives du R\u00e9seau des Forces Fran\u00e7aises Combattantes S.S.M.\/F.\/T.R. dont Mondanel \u00e9tait un honorable correspondant, deux attestations d&#8217;authentiques &#8221; r\u00e9sistants &#8220;.<\/p>\n<p class=\"Style28 Style29\" align=\"justify\">\u00a0<\/p>\n<p class=\"Style28 Style29\" align=\"justify\"><strong>MONDANEL ET LE C.E. R\u00c9PRESSIF<\/strong><\/p>\n<p class=\"Style28 Style29\" align=\"justify\">M. Sauvanet, Pr\u00e9fet du Puy-de-D\u00f4me, Officier de la L\u00e9gion d&#8217;Honneur, atteste en date du 21 mai 1945 ce qui suit :<\/p>\n<p class=\"Style28 Style29\" align=\"justify\"><em>J&#8217;atteste que M. Mondanel m&#8217;a tout sp\u00e9cialement pri\u00e9 d&#8217;aller le rencontrer \u00e0 Pont-du-Ch\u00e2teau au d\u00e9but d&#8217;ao\u00fbt 1943 pour une communication importante. Il m&#8217;a signal\u00e9 qu&#8217;un grave et imminent danger mena\u00e7ait les membres de l&#8217;Arm\u00e9e secr\u00e8te et les r\u00e9sistants de la r\u00e9gion de Toulouse.<\/em><\/p>\n<p class=\"Style28 Style29\" align=\"justify\"><em>De ses renseignements, il se d\u00e9gageait que l&#8217;Intendant de Police B&#8230; avait d\u00e9clar\u00e9 quelques jours plus t\u00f4t \u00e0 Vichy qu&#8217;il avait introduit des informateurs dans les rangs de la R\u00e9sistance et qu&#8217;avec de puissants moyens, il allait d\u00e9clencher avant la fin de l&#8217;ann\u00e9e une s\u00e9rie d&#8217;op\u00e9rations de Police en vue de proc\u00e9der \u00e0 l&#8217;arrestation des cadres et des principaux membres des organisations de r\u00e9sistance de la r\u00e9gion toulousaine.<\/em><\/p>\n<p class=\"Style28 Style29\" align=\"justify\"><em>M. Mondanel a vivement insist\u00e9 pour qu&#8217;un homme de confiance fut imm\u00e9diatement d\u00e9p\u00each\u00e9 \u00e0 Toulouse pour aviser et mettre en garde les responsables de la R\u00e9sistance de cette R\u00e9gion. Ce qui fut fait.<\/em><\/p>\n<p class=\"Style28 Style29\" align=\"justify\"><em>Sign\u00e9 SAUVANET<\/em><\/p>\n<p class=\"Style28 Style29\" align=\"justify\">\u00a0<\/p>\n<p class=\"Style28 Style29\" align=\"justify\"><strong>L\u2019H\u00c9RO\u00cfSME D&#8217;ALSFASSER<\/strong><\/p>\n<p class=\"Style28 Style29\" align=\"justify\">Le renseignement capital de Mondanel parvient \u00e0 la D.S.M. d&#8217;Alger vers le 20 ao\u00fbt 1943. Il confirme ce que nos Services de C.E. savaient d\u00e9j\u00e0 de l&#8217;attitude coupable de B&#8230;, notamment dans ses activit\u00e9s de Commissaire de police \u00e0 Lyon, v\u00e9ritable auxiliaire du S.D. et de Barbie <strong>(3)<\/strong>. Il faut agir.<\/p>\n<p class=\"Style28 Style29\" align=\"justify\">La d\u00e9cision est prise en accord avec Londres de mettre un terme aux tristes exploits de ce dangereux personnage et de donner ainsi un coup d&#8217;arr\u00eat au z\u00e8le r\u00e9pressif.<\/p>\n<p class=\"Style28 Style29\" align=\"justify\">Ce fut la mission de l&#8217;envoy\u00e9 d&#8217;Alger, Alphonse Alsfasser.<\/p>\n<p class=\"Style28 Style29\" align=\"justify\">Avec l&#8217;aide du groupe &#8221; Morhange &#8220;, le 23 octobre 1943 \u00e0 20 h 15 le tra\u00eetre B&#8230; \u00e9tait ex\u00e9cut\u00e9. Le retentissement en fut consid\u00e9rable.<\/p>\n<p class=\"Style28 Style29\" align=\"justify\">H\u00e9las, dans la nuit du 26 au 27 octobre 1943, une patrouille allemande surprenait le commando du R\u00e9seau S.S.M.\/F.\/T.R. sur le point de s&#8217;embarquer pour Alger \u00e0 bord du sous-marin Casabianca.<\/p>\n<p class=\"Style28 Style29\" align=\"justify\">Un homme fit face pour prot\u00e9ger le repli de ses camarades et sauver le courrier destin\u00e9 \u00e0 la D.S.M.<\/p>\n<p class=\"Style28 Style29\" align=\"justify\">C&#8217;\u00e9tait Alphonse Alsfasser qui, mission accomplie, rejoignait son Chef. Il repose dans le cimeti\u00e8re de Ramatuelle o\u00f9, chaque ann\u00e9e l&#8217;A.S.S.D.N. et la commune lui rendent hommage.<\/p>\n<p class=\"Style28 Style29\" align=\"justify\">\u00a0<\/p>\n<p class=\"Style28 Style29\" align=\"justify\"><strong>MONDANEL ET LE C.E. PR\u00c9VENTIF<\/strong><\/p>\n<p class=\"Style28 Style29\" align=\"justify\">M. Ren\u00e9 Vallet, du Cabinet du Ministre des Arm\u00e9es, officier de la L\u00e9gion d\u2019Honneur atteste le 24 ao\u00fbt 1946 ce qui suit :<\/p>\n<p class=\"Style28 Style29\"><em>Minist\u00e8re des Arm\u00e9es R\u00c9PUBLIQUE FRAN\u00c7AISE<\/em><\/p>\n<p class=\"Style28 Style29\" align=\"justify\"><em> Cabinet Civil<\/em><\/p>\n<p class=\"Style28 Style29\" align=\"justify\"><em> Paris, le 24 ao\u00fbt 1946.<\/em><\/p>\n<p class=\"Style28 Style29\" align=\"justify\"><em>Je soussign\u00e9 Ren\u00e9 Vallet, Attach\u00e9 au Minist\u00e8re des Arm\u00e9es -Cabinet Civil, Service d&#8217;Information- Officier de la L\u00e9gion d&#8217;Honneur au titre de la R\u00e9sistance, atteste ce qui suit :<\/em><\/p>\n<p class=\"Style28 Style29\" align=\"justify\"><em>J&#8217;ai re\u00e7u de Georges Mandel, dont j\u2019\u00e9tais l\u2019ami personnel, apr\u00e8s avoir \u00e9t\u00e9 son \u00e9ditorialiste de politique \u00e9trang\u00e8re \u00e0 l&#8217; &#8221; Ami du Peuple &#8221; &#8211; le 7 juin 1940 \u00e0 23 heures, au Minist\u00e8re de l&#8217;Int\u00e9rieur &#8211; des Instructions qui m&#8217;ont amen\u00e9 \u00e0 me rendre \u00e0 Vichy le 1er juillet.<\/em><\/p>\n<p class=\"Style28 Style29\" align=\"justify\"><em>En novembre et d\u00e9cembre, j&#8217;ai pris contact avec le Commissaire Jacques Coutant collaborateur de M. Mondanel, Inspecteur g\u00e9n\u00e9ral des Services de Police. J&#8217;ai appr\u00e9ci\u00e9 aussit\u00f4t la position anti-allemande et anti-collaborationniste de M. Coutant.<\/em><\/p>\n<p class=\"Style28 Style29\" align=\"justify\"><em>En janvier 1941, M. Coutant m&#8217;offrit d&#8217;entrer sous la direction g\u00e9n\u00e9rale de M. Mondanel, dans une section sp\u00e9ciale charg\u00e9e de recueillir et de transmettre au mieux des int\u00e9r\u00eats fran\u00e7ais des renseignement secrets sur les milieux allemands, journalistes, diplomates, policiers, de Vichy, sur les agissements des membres du gouvernement P\u00e9tain, Laval et sur ceux des collaborationnistes fran\u00e7ais en g\u00e9n\u00e9ral.<\/em><\/p>\n<p class=\"Style28 Style29\" align=\"justify\"><em>J&#8217;acceptai aussit\u00f4t. Je m&#8217;\u00e9tais d\u00e9j\u00e0 pr\u00e9par\u00e9 \u00e0 ce travail. Il m&#8217;\u00e9tait facilit\u00e9 par les relations que j&#8217;avais \u00e9tablies dans les milieux fran\u00e7ais et \u00e9trangers au cours des vingt-cinq ann\u00e9es de journalisme politique. Enfin, Georges Mandel m&#8217;avait parl\u00e9 de M. Mondanel en des termes \u00e9logieux.<\/em><\/p>\n<p class=\"Style28 Style29\" align=\"justify\"><em>M. Coutant me le fit rencontrer et, d\u00e8s lors, s&#8217;\u00e9tablit entre nous la collaboration quotidienne la plus intime, en prenant bien entendu , les pr\u00e9cautions n\u00e9cessaires.<\/em><\/p>\n<p class=\"Style28 Style29\" align=\"justify\"><em>Guid\u00e9 par un patriotisme ardent, M. Mondanel \u00e9tait un Chef exigeant et clairvoyant autant qu&#8217;un soutien incomparable. Gr\u00e2ce \u00e0 ses instructions pr\u00e9cises, riches d&#8217;exp\u00e9rience, j&#8217;ai pu mener \u00e0 bien pendant quinze mois des enqu\u00eates d\u00e9licates et fournir de longs rapports sur les divers objectifs cit\u00e9s plus haut, sur Krug von Nida, Lequerica, Geissler, Deloncle et leurs acolytes. J&#8217;ai pu d\u00e9celer plusieurs missions secr\u00e8tes d&#8217;\u00e9missaires de Von Ribbentrop., comme &#8221; Lenz &#8220;, ou de Goebbels, comme &#8221; Mercier &#8220;, surprendre des entretiens diplomatiques, d\u00e9rober une m\u00e9thode allemande applicable aux Services de Renseignements dans la presse, etc&#8230;<\/em><\/p>\n<p class=\"Style28 Style29\" align=\"justify\"><em>C&#8217;est sur les ordres de M. Mondanel que je suis entr\u00e9 \u00e0 l&#8217;agence &#8221; Inter-France &#8221; dont nous avons pu conna\u00eetre la plupart des rouages et des objectifs et les d\u00e9tails de sa collaboration \u00e9troite avec les Services Officiels allemands et l&#8217;agence &#8221; Transocean &#8220;.<\/em><\/p>\n<p class=\"Style28 Style29\" align=\"justify\"><em>C&#8217;est, guid\u00e9 par lui, que j&#8217;ai pu r\u00e9ussir \u00e0 faire \u00e9chouer avec l&#8217;aide du S.R. fran\u00e7ais pr\u00e9venu par mes soins, une gigantesque entreprise de propagande et d&#8217;espionnage mont\u00e9e par l&#8217;ami de Von Ribbentrop, &#8221; Lenz &#8220;, qui avait pris contact avec Tremoulet de &#8221; Radio-Andorre &#8220;.<\/em><\/p>\n<p class=\"Style28 Style29\" align=\"justify\"><em>D&#8217;accord avec M. Mondanel, j&#8217;ai tenu l&#8217;Ambassade des \u00c9tats-unis au courant des r\u00e9sultats de notre action.<\/em><\/p>\n<p class=\"Style28 Style29\" align=\"justify\"><em>Apr\u00e8s la r\u00e9vocation de M. Mondanel, en avril 1942, je suis rest\u00e9 \u00e0 Vichy suivant ses instructions.<\/em><\/p>\n<p class=\"Style28 Style29\" align=\"justify\"><em>J&#8217;ai continu\u00e9 de mon mieux jusqu&#8217;\u00e0 la Lib\u00e9ration l&#8217;\u0153uvre largement amorc\u00e9e. J&#8217;allais le voir aussi souvent que possible, chez lui \u00e0 Pont-du-Ch\u00e2teau. Nous confrontions nos informations. Il m&#8217;apporta toujours un puissant r\u00e9confort moral et m&#8217;\u00e9vita maints dangers. En juillet 1942, il me signala que j&#8217;\u00e9tais l&#8217;objet d&#8217;une \u00e9troite surveillance, en raison de mes visites \u00e0 l&#8217;Ambassade Am\u00e9ricaine.<\/em><\/p>\n<p class=\"Style28 Style29\" align=\"justify\"><em>A Vichy, par les conversations recueillies dans les milieux allemands, j&#8217;avais acquis la certitude qu&#8217;il \u00e9tait consid\u00e9r\u00e9 aussi bien par les diplomates que par la Gestapo, comme l&#8217;un de leurs principaux ennemis en raison de ses sentiments et de son exp\u00e9rience professionnelle.<\/em><\/p>\n<p class=\"Style28 Style29\" align=\"justify\"><em>Nous avions en cons\u00e9quence pr\u00e9par\u00e9 notre d\u00e9part pour l&#8217;Afrique du Nord par l&#8217;Espagne avec M. Coutant quand il fut arr\u00eat\u00e9 en d\u00e9cembre 1943 et d\u00e9port\u00e9 en Allemagne. J&#8217;\u00e9tais all\u00e9 le voir quelques jours auparavant. Mon passage \u00e0 Pont-du-Ch\u00e2teau avait \u00e9t\u00e9 signal\u00e9 \u00e0 la Gestapo sans que l&#8217;on eut pu, toutefois, m&#8217;identifier. Interrog\u00e9 \u00e0 ce sujet sous la menace du revolver et malmen\u00e9, M. Mondanel n&#8217;a pas r\u00e9v\u00e9l\u00e9 mon nom.<\/em><\/p>\n<p class=\"Style28 Style29\" align=\"justify\"><em>Je lui dois la vie. Si j&#8217;ai pu rendre \u00e0 notre Pays quelques services, c&#8217;est \u00e0 Georges Mandel et \u00e0 lui que je le dois.<\/em><\/p>\n<p class=\"Style28 Style29\" align=\"justify\"><em> sign\u00e9 Ren\u00e9 VALLET<\/em><\/p>\n<div class=\"pdfprnt-buttons pdfprnt-buttons-post pdfprnt-bottom-right\"><a href=\"https:\/\/aassdn.org\/amicale\/wp-json\/wp\/v2\/posts\/2413?print=pdf\" class=\"pdfprnt-button pdfprnt-button-pdf\" target=\"_blank\" ><img decoding=\"async\" data-src=\"https:\/\/aassdn.org\/amicale\/wp-content\/plugins\/pdf-print\/images\/pdf.png\" alt=\"image_pdf\" title=\"Afficher le PDF\" src=\"data:image\/svg+xml;base64,PHN2ZyB3aWR0aD0iMSIgaGVpZ2h0PSIxIiB4bWxucz0iaHR0cDovL3d3dy53My5vcmcvMjAwMC9zdmciPjwvc3ZnPg==\" class=\"lazyload\" style=\"--smush-placeholder-width: 32px; --smush-placeholder-aspect-ratio: 32\/32;\" \/><\/a><a href=\"https:\/\/aassdn.org\/amicale\/wp-json\/wp\/v2\/posts\/2413?print=print\" class=\"pdfprnt-button pdfprnt-button-print\" target=\"_blank\" ><\/a><\/div>","protected":false},"excerpt":{"rendered":"<p>L&#8217;actualit\u00e9 remet p\u00e9riodiquement en \u00e9vidence le r\u00f4le n\u00e9faste et trop souvent coupable de certains fonctionnaires, civils ou militaires, durant l&#8217;occupation. Avec tristesse sinon \u00e9coeurement, nos Services ont d\u00fb remettre \u00e0 la Justice le sort de ceux de nos compatriotes coupables d&#8217;avoir servi l&#8217;ennemi en utilisant les moyens que leur conf\u00e9rait leur situation. Attitude d&#8217;autant plus [&hellip;]<\/p>\n","protected":false},"author":1,"featured_media":0,"comment_status":"closed","ping_status":"open","sticky":false,"template":"","format":"standard","meta":{"_acf_changed":false,"footnotes":""},"categories":[77,116,94,76,89,114,79,142,106,99],"tags":[293,695,824,971,356,327,972,544,203,262,245,214,470,666],"class_list":["post-2413","post","type-post","status-publish","format-standard","hentry","category-1940-1942","category-1940-1944-resistances","category-1942-1945","category-1939-1945-2eme-guerre-mondiale","category-colonel-paul-paillole","category-europe-de-louest","category-extraits-de-bulletin","category-leurs-rapports-avec-vichy","category-renseignement","category-services-allemands","tag-allemagne","tag-collaboration","tag-deportation","tag-fonctionnaires","tag-heros-de-lombre","tag-histoire","tag-militaires","tag-occupation","tag-paul-paillole","tag-renseignement","tag-reseau-kleber","tag-resistance","tag-temoignages","tag-vichy"],"acf":[],"yoast_head":"<!-- This site is optimized with the Yoast SEO plugin v27.4 - https:\/\/yoast.com\/product\/yoast-seo-wordpress\/ -->\n<title>Vichy et la r\u00e9sistance par le Colonel Paul Paillole | AASSDN | Anciens et Amis des Services Sp\u00e9ciaux<\/title>\n<meta name=\"robots\" content=\"index, follow, max-snippet:-1, max-image-preview:large, max-video-preview:-1\" \/>\n<link rel=\"canonical\" href=\"https:\/\/aassdn.org\/amicale\/vichy-et-la-resistance-par-le-colonel-paul-paillole\/\" \/>\n<meta property=\"og:locale\" content=\"fr_FR\" \/>\n<meta property=\"og:type\" content=\"article\" \/>\n<meta property=\"og:title\" content=\"Vichy et la r\u00e9sistance par le Colonel Paul Paillole | AASSDN | Anciens et Amis des Services Sp\u00e9ciaux\" \/>\n<meta property=\"og:description\" content=\"L&#8217;actualit\u00e9 remet p\u00e9riodiquement en \u00e9vidence le r\u00f4le n\u00e9faste et trop souvent coupable de certains fonctionnaires, civils ou militaires, durant l&#8217;occupation. Avec tristesse sinon \u00e9coeurement, nos Services ont d\u00fb remettre \u00e0 la Justice le sort de ceux de nos compatriotes coupables d&#8217;avoir servi l&#8217;ennemi en utilisant les moyens que leur conf\u00e9rait leur situation. Attitude d&#8217;autant plus [&hellip;]\" \/>\n<meta property=\"og:url\" content=\"https:\/\/aassdn.org\/amicale\/vichy-et-la-resistance-par-le-colonel-paul-paillole\/\" \/>\n<meta property=\"og:site_name\" content=\"AASSDN | Anciens et Amis des Services Sp\u00e9ciaux\" \/>\n<meta property=\"article:published_time\" content=\"2021-10-29T08:00:21+00:00\" \/>\n<meta property=\"article:modified_time\" content=\"2024-04-04T09:56:27+00:00\" \/>\n<meta name=\"author\" content=\"AASSDN\" \/>\n<meta name=\"twitter:card\" content=\"summary_large_image\" \/>\n<meta name=\"twitter:label1\" content=\"\u00c9crit par\" \/>\n\t<meta name=\"twitter:data1\" content=\"AASSDN\" \/>\n\t<meta name=\"twitter:label2\" content=\"Dur\u00e9e de lecture estim\u00e9e\" \/>\n\t<meta name=\"twitter:data2\" content=\"9 minutes\" \/>\n<script type=\"application\/ld+json\" class=\"yoast-schema-graph\">{\"@context\":\"https:\\\/\\\/schema.org\",\"@graph\":[{\"@type\":\"Article\",\"@id\":\"https:\\\/\\\/aassdn.org\\\/amicale\\\/vichy-et-la-resistance-par-le-colonel-paul-paillole\\\/#article\",\"isPartOf\":{\"@id\":\"https:\\\/\\\/aassdn.org\\\/amicale\\\/vichy-et-la-resistance-par-le-colonel-paul-paillole\\\/\"},\"author\":{\"name\":\"AASSDN\",\"@id\":\"https:\\\/\\\/aassdn.org\\\/amicale\\\/#\\\/schema\\\/person\\\/73800712a272e6d58a10a86ea9e59671\"},\"headline\":\"Vichy et la r\u00e9sistance par le Colonel Paul Paillole\",\"datePublished\":\"2021-10-29T08:00:21+00:00\",\"dateModified\":\"2024-04-04T09:56:27+00:00\",\"mainEntityOfPage\":{\"@id\":\"https:\\\/\\\/aassdn.org\\\/amicale\\\/vichy-et-la-resistance-par-le-colonel-paul-paillole\\\/\"},\"wordCount\":1946,\"publisher\":{\"@id\":\"https:\\\/\\\/aassdn.org\\\/amicale\\\/#organization\"},\"keywords\":[\"Allemagne\",\"collaboration\",\"d\u00e9portation\",\"Fonctionnaires\",\"H\u00e9ros de l'ombre\",\"histoire\",\"Militaires\",\"Occupation\",\"Paul paillole\",\"Renseignement\",\"r\u00e9seau Kleber\",\"R\u00e9sistance\",\"T\u00e9moignages\",\"Vichy\"],\"articleSection\":[\"1940-1942\",\"1940-1944 : R\u00e9sistances en France\",\"1942-1945\",\"2\u00e8me Guerre Mondiale (1939-1945)\",\"Colonel Paul Paillole\",\"Europe de l'Ouest\",\"Extraits de bulletin\",\"Quels rapports des SR avec Vichy ?\",\"Renseignement\",\"Services allemands\"],\"inLanguage\":\"fr-FR\"},{\"@type\":\"WebPage\",\"@id\":\"https:\\\/\\\/aassdn.org\\\/amicale\\\/vichy-et-la-resistance-par-le-colonel-paul-paillole\\\/\",\"url\":\"https:\\\/\\\/aassdn.org\\\/amicale\\\/vichy-et-la-resistance-par-le-colonel-paul-paillole\\\/\",\"name\":\"Vichy et la r\u00e9sistance par le Colonel Paul Paillole | AASSDN | Anciens et Amis des Services Sp\u00e9ciaux\",\"isPartOf\":{\"@id\":\"https:\\\/\\\/aassdn.org\\\/amicale\\\/#website\"},\"datePublished\":\"2021-10-29T08:00:21+00:00\",\"dateModified\":\"2024-04-04T09:56:27+00:00\",\"breadcrumb\":{\"@id\":\"https:\\\/\\\/aassdn.org\\\/amicale\\\/vichy-et-la-resistance-par-le-colonel-paul-paillole\\\/#breadcrumb\"},\"inLanguage\":\"fr-FR\",\"potentialAction\":[{\"@type\":\"ReadAction\",\"target\":[\"https:\\\/\\\/aassdn.org\\\/amicale\\\/vichy-et-la-resistance-par-le-colonel-paul-paillole\\\/\"]}]},{\"@type\":\"BreadcrumbList\",\"@id\":\"https:\\\/\\\/aassdn.org\\\/amicale\\\/vichy-et-la-resistance-par-le-colonel-paul-paillole\\\/#breadcrumb\",\"itemListElement\":[{\"@type\":\"ListItem\",\"position\":1,\"name\":\"Accueil\",\"item\":\"https:\\\/\\\/aassdn.org\\\/amicale\\\/\"},{\"@type\":\"ListItem\",\"position\":2,\"name\":\"Vichy et la r\u00e9sistance par le Colonel Paul Paillole\"}]},{\"@type\":\"WebSite\",\"@id\":\"https:\\\/\\\/aassdn.org\\\/amicale\\\/#website\",\"url\":\"https:\\\/\\\/aassdn.org\\\/amicale\\\/\",\"name\":\"AASSDN | Anciens et Amis des Services Sp\u00e9ciaux\",\"description\":\"Services sp\u00e9ciaux : Des h\u00e9ros anonymes au service exclusif de la France\",\"publisher\":{\"@id\":\"https:\\\/\\\/aassdn.org\\\/amicale\\\/#organization\"},\"potentialAction\":[{\"@type\":\"SearchAction\",\"target\":{\"@type\":\"EntryPoint\",\"urlTemplate\":\"https:\\\/\\\/aassdn.org\\\/amicale\\\/?s={search_term_string}\"},\"query-input\":{\"@type\":\"PropertyValueSpecification\",\"valueRequired\":true,\"valueName\":\"search_term_string\"}}],\"inLanguage\":\"fr-FR\"},{\"@type\":\"Organization\",\"@id\":\"https:\\\/\\\/aassdn.org\\\/amicale\\\/#organization\",\"name\":\"AASSDN | Anciens et Amis des Services Sp\u00e9ciaux\",\"url\":\"https:\\\/\\\/aassdn.org\\\/amicale\\\/\",\"logo\":{\"@type\":\"ImageObject\",\"inLanguage\":\"fr-FR\",\"@id\":\"https:\\\/\\\/aassdn.org\\\/amicale\\\/#\\\/schema\\\/logo\\\/image\\\/\",\"url\":\"https:\\\/\\\/aassdn.org\\\/amicale\\\/wp-content\\\/uploads\\\/Logo_AASSDN_transparent2.png\",\"contentUrl\":\"https:\\\/\\\/aassdn.org\\\/amicale\\\/wp-content\\\/uploads\\\/Logo_AASSDN_transparent2.png\",\"width\":1832,\"height\":1609,\"caption\":\"AASSDN | Anciens et Amis des Services Sp\u00e9ciaux\"},\"image\":{\"@id\":\"https:\\\/\\\/aassdn.org\\\/amicale\\\/#\\\/schema\\\/logo\\\/image\\\/\"}},{\"@type\":\"Person\",\"@id\":\"https:\\\/\\\/aassdn.org\\\/amicale\\\/#\\\/schema\\\/person\\\/73800712a272e6d58a10a86ea9e59671\",\"name\":\"AASSDN\",\"image\":{\"@type\":\"ImageObject\",\"inLanguage\":\"fr-FR\",\"@id\":\"https:\\\/\\\/secure.gravatar.com\\\/avatar\\\/9653808d17788562e72d77e426d8d02775774239aefd00a9b4e852423d8e9d7e?s=96&d=mm&r=g\",\"url\":\"https:\\\/\\\/secure.gravatar.com\\\/avatar\\\/9653808d17788562e72d77e426d8d02775774239aefd00a9b4e852423d8e9d7e?s=96&d=mm&r=g\",\"contentUrl\":\"https:\\\/\\\/secure.gravatar.com\\\/avatar\\\/9653808d17788562e72d77e426d8d02775774239aefd00a9b4e852423d8e9d7e?s=96&d=mm&r=g\",\"caption\":\"AASSDN\"},\"sameAs\":[\"https:\\\/\\\/aassdn.org\\\/amicale\"],\"url\":\"https:\\\/\\\/aassdn.org\\\/amicale\\\/author\\\/wordpress\\\/\"}]}<\/script>\n<!-- \/ Yoast SEO plugin. -->","yoast_head_json":{"title":"Vichy et la r\u00e9sistance par le Colonel Paul Paillole | AASSDN | Anciens et Amis des Services Sp\u00e9ciaux","robots":{"index":"index","follow":"follow","max-snippet":"max-snippet:-1","max-image-preview":"max-image-preview:large","max-video-preview":"max-video-preview:-1"},"canonical":"https:\/\/aassdn.org\/amicale\/vichy-et-la-resistance-par-le-colonel-paul-paillole\/","og_locale":"fr_FR","og_type":"article","og_title":"Vichy et la r\u00e9sistance par le Colonel Paul Paillole | AASSDN | Anciens et Amis des Services Sp\u00e9ciaux","og_description":"L&#8217;actualit\u00e9 remet p\u00e9riodiquement en \u00e9vidence le r\u00f4le n\u00e9faste et trop souvent coupable de certains fonctionnaires, civils ou militaires, durant l&#8217;occupation. Avec tristesse sinon \u00e9coeurement, nos Services ont d\u00fb remettre \u00e0 la Justice le sort de ceux de nos compatriotes coupables d&#8217;avoir servi l&#8217;ennemi en utilisant les moyens que leur conf\u00e9rait leur situation. Attitude d&#8217;autant plus [&hellip;]","og_url":"https:\/\/aassdn.org\/amicale\/vichy-et-la-resistance-par-le-colonel-paul-paillole\/","og_site_name":"AASSDN | Anciens et Amis des Services Sp\u00e9ciaux","article_published_time":"2021-10-29T08:00:21+00:00","article_modified_time":"2024-04-04T09:56:27+00:00","author":"AASSDN","twitter_card":"summary_large_image","twitter_misc":{"\u00c9crit par":"AASSDN","Dur\u00e9e de lecture estim\u00e9e":"9 minutes"},"schema":{"@context":"https:\/\/schema.org","@graph":[{"@type":"Article","@id":"https:\/\/aassdn.org\/amicale\/vichy-et-la-resistance-par-le-colonel-paul-paillole\/#article","isPartOf":{"@id":"https:\/\/aassdn.org\/amicale\/vichy-et-la-resistance-par-le-colonel-paul-paillole\/"},"author":{"name":"AASSDN","@id":"https:\/\/aassdn.org\/amicale\/#\/schema\/person\/73800712a272e6d58a10a86ea9e59671"},"headline":"Vichy et la r\u00e9sistance par le Colonel Paul Paillole","datePublished":"2021-10-29T08:00:21+00:00","dateModified":"2024-04-04T09:56:27+00:00","mainEntityOfPage":{"@id":"https:\/\/aassdn.org\/amicale\/vichy-et-la-resistance-par-le-colonel-paul-paillole\/"},"wordCount":1946,"publisher":{"@id":"https:\/\/aassdn.org\/amicale\/#organization"},"keywords":["Allemagne","collaboration","d\u00e9portation","Fonctionnaires","H\u00e9ros de l'ombre","histoire","Militaires","Occupation","Paul paillole","Renseignement","r\u00e9seau Kleber","R\u00e9sistance","T\u00e9moignages","Vichy"],"articleSection":["1940-1942","1940-1944 : R\u00e9sistances en France","1942-1945","2\u00e8me Guerre Mondiale (1939-1945)","Colonel Paul Paillole","Europe de l'Ouest","Extraits de bulletin","Quels rapports des SR avec Vichy ?","Renseignement","Services allemands"],"inLanguage":"fr-FR"},{"@type":"WebPage","@id":"https:\/\/aassdn.org\/amicale\/vichy-et-la-resistance-par-le-colonel-paul-paillole\/","url":"https:\/\/aassdn.org\/amicale\/vichy-et-la-resistance-par-le-colonel-paul-paillole\/","name":"Vichy et la r\u00e9sistance par le Colonel Paul Paillole | AASSDN | Anciens et Amis des Services Sp\u00e9ciaux","isPartOf":{"@id":"https:\/\/aassdn.org\/amicale\/#website"},"datePublished":"2021-10-29T08:00:21+00:00","dateModified":"2024-04-04T09:56:27+00:00","breadcrumb":{"@id":"https:\/\/aassdn.org\/amicale\/vichy-et-la-resistance-par-le-colonel-paul-paillole\/#breadcrumb"},"inLanguage":"fr-FR","potentialAction":[{"@type":"ReadAction","target":["https:\/\/aassdn.org\/amicale\/vichy-et-la-resistance-par-le-colonel-paul-paillole\/"]}]},{"@type":"BreadcrumbList","@id":"https:\/\/aassdn.org\/amicale\/vichy-et-la-resistance-par-le-colonel-paul-paillole\/#breadcrumb","itemListElement":[{"@type":"ListItem","position":1,"name":"Accueil","item":"https:\/\/aassdn.org\/amicale\/"},{"@type":"ListItem","position":2,"name":"Vichy et la r\u00e9sistance par le Colonel Paul Paillole"}]},{"@type":"WebSite","@id":"https:\/\/aassdn.org\/amicale\/#website","url":"https:\/\/aassdn.org\/amicale\/","name":"AASSDN | Anciens et Amis des Services Sp\u00e9ciaux","description":"Services sp\u00e9ciaux : Des h\u00e9ros anonymes au service exclusif de la France","publisher":{"@id":"https:\/\/aassdn.org\/amicale\/#organization"},"potentialAction":[{"@type":"SearchAction","target":{"@type":"EntryPoint","urlTemplate":"https:\/\/aassdn.org\/amicale\/?s={search_term_string}"},"query-input":{"@type":"PropertyValueSpecification","valueRequired":true,"valueName":"search_term_string"}}],"inLanguage":"fr-FR"},{"@type":"Organization","@id":"https:\/\/aassdn.org\/amicale\/#organization","name":"AASSDN | Anciens et Amis des Services Sp\u00e9ciaux","url":"https:\/\/aassdn.org\/amicale\/","logo":{"@type":"ImageObject","inLanguage":"fr-FR","@id":"https:\/\/aassdn.org\/amicale\/#\/schema\/logo\/image\/","url":"https:\/\/aassdn.org\/amicale\/wp-content\/uploads\/Logo_AASSDN_transparent2.png","contentUrl":"https:\/\/aassdn.org\/amicale\/wp-content\/uploads\/Logo_AASSDN_transparent2.png","width":1832,"height":1609,"caption":"AASSDN | Anciens et Amis des Services Sp\u00e9ciaux"},"image":{"@id":"https:\/\/aassdn.org\/amicale\/#\/schema\/logo\/image\/"}},{"@type":"Person","@id":"https:\/\/aassdn.org\/amicale\/#\/schema\/person\/73800712a272e6d58a10a86ea9e59671","name":"AASSDN","image":{"@type":"ImageObject","inLanguage":"fr-FR","@id":"https:\/\/secure.gravatar.com\/avatar\/9653808d17788562e72d77e426d8d02775774239aefd00a9b4e852423d8e9d7e?s=96&d=mm&r=g","url":"https:\/\/secure.gravatar.com\/avatar\/9653808d17788562e72d77e426d8d02775774239aefd00a9b4e852423d8e9d7e?s=96&d=mm&r=g","contentUrl":"https:\/\/secure.gravatar.com\/avatar\/9653808d17788562e72d77e426d8d02775774239aefd00a9b4e852423d8e9d7e?s=96&d=mm&r=g","caption":"AASSDN"},"sameAs":["https:\/\/aassdn.org\/amicale"],"url":"https:\/\/aassdn.org\/amicale\/author\/wordpress\/"}]}},"_links":{"self":[{"href":"https:\/\/aassdn.org\/amicale\/wp-json\/wp\/v2\/posts\/2413","targetHints":{"allow":["GET"]}}],"collection":[{"href":"https:\/\/aassdn.org\/amicale\/wp-json\/wp\/v2\/posts"}],"about":[{"href":"https:\/\/aassdn.org\/amicale\/wp-json\/wp\/v2\/types\/post"}],"author":[{"embeddable":true,"href":"https:\/\/aassdn.org\/amicale\/wp-json\/wp\/v2\/users\/1"}],"replies":[{"embeddable":true,"href":"https:\/\/aassdn.org\/amicale\/wp-json\/wp\/v2\/comments?post=2413"}],"version-history":[{"count":0,"href":"https:\/\/aassdn.org\/amicale\/wp-json\/wp\/v2\/posts\/2413\/revisions"}],"wp:attachment":[{"href":"https:\/\/aassdn.org\/amicale\/wp-json\/wp\/v2\/media?parent=2413"}],"wp:term":[{"taxonomy":"category","embeddable":true,"href":"https:\/\/aassdn.org\/amicale\/wp-json\/wp\/v2\/categories?post=2413"},{"taxonomy":"post_tag","embeddable":true,"href":"https:\/\/aassdn.org\/amicale\/wp-json\/wp\/v2\/tags?post=2413"}],"curies":[{"name":"wp","href":"https:\/\/api.w.org\/{rel}","templated":true}]}}