{"id":2408,"date":"2021-10-29T10:00:21","date_gmt":"2021-10-29T08:00:21","guid":{"rendered":"https:\/\/aassdn.org\/amicale\/a-la-memoire-du-colonel-serot-33-eme-anniversaire-de-sa-mort\/"},"modified":"2024-03-02T15:22:23","modified_gmt":"2024-03-02T14:22:23","slug":"a-la-memoire-du-colonel-serot-33-eme-anniversaire-de-sa-mort","status":"publish","type":"post","link":"https:\/\/aassdn.org\/amicale\/a-la-memoire-du-colonel-serot-33-eme-anniversaire-de-sa-mort\/","title":{"rendered":"A la m\u00e9moire du colonel Serot : 33 \u00e9me anniversaire de sa mort"},"content":{"rendered":"<p><strong><em>A la m\u00e9moire du colonet Serot -Article paru dans le Bulletin N\u00b0 108-octobre 1980<\/em><\/strong><\/p>\n<p><em>Cette ann\u00e9e nous comm\u00e9morons le 33\u00b0 anniversaire de l&#8217;assassinat \u00e0 J\u00e9rusalem de notre ami et camarade, le colonel Andr\u00e9 SEROT.<\/em><\/p>\n<p><em>Il \u00e9tait m\u00e9diateur de l&#8217;O.N.U. aux c\u00f4t\u00e9s du comte Folke BERNADOTTE.<\/em><\/p>\n<p><em>Nous devons \u00e0 l&#8217;obligeance de notre camarade lyonnais R\u00c9AUX un \u00e9mouvant r\u00e9cit de cet attentat. Nous l&#8217;avons extrait de son journal de marche, en m\u00eame temps que quelques passages \u00e9difiants sur le climat qui r\u00e9gnait en Isra\u00ebl.<\/em><\/p>\n<p>\u00a0<\/p>\n<p><em>Mais est-ce bien diff\u00e9rent aujourd&#8217;hui ?<\/em><\/p>\n<p>\u00a0<\/p>\n<p><strong><em>par Mr. REAUX<\/em><\/strong><\/p>\n<p>\u00a0<\/p>\n<p><strong>&#8230; <\/strong>Dans la nuit du 17 au 18 ao\u00fbt 1948, des d\u00e9tachements des trois arm\u00e9es se glissent vers le Government House, les Juifs avec des camions blind\u00e9s, les Arabes \u00e0 pied.<\/p>\n<p>Rencontre s\u00e9rieuse, combat de nuit, \u00e9change de mortiers et d&#8217;obus. La bataille fait rage jusqu&#8217;au jour.<\/p>\n<p>Du c\u00f4t\u00e9 juif : 50 tu\u00e9s ou bless\u00e9s.<\/p>\n<p>Le commandement juif pr\u00e9tend qu&#8217;averti de l&#8217;intention des Arabes de s&#8217;emparer de l&#8217;h\u00f4pital, il a voulu les devancer afin d&#8217;\u00e9vacuer des malades juifs qui s&#8217;y trouvaient.<\/p>\n<p>Mais les Arabes ont r\u00e9agi, et le 17 au matin, ils occupent le Government House, tandis que les Juifs se sont install\u00e9s dans l&#8217;universit\u00e9 arabe et l&#8217;\u00e9cole d&#8217;agriculture juive.<\/p>\n<p>Arabes, \u00c9gyptiens et Juifs sont au contact et chacun s&#8217;organise sur le terrain conquis.<\/p>\n<p>Dans la journ\u00e9e, les observateurs de l&#8217;O.N.U. essaient en vain d&#8217;obtenir le retrait des troupes de part et d&#8217;autre.<\/p>\n<p>\u00a0<\/p>\n<p>Le 18 seulement, on obtiendra une tr\u00eave permettant de relever les cadavres et bless\u00e9s rest\u00e9s entre adversaires. Malheureusement, malgr\u00e9 les engagements les Arabes tirent sur les brancardiers juifs et 3 cadavres restent sur le terrain, d&#8217;o\u00f9 ils ne seront relev\u00e9s qu&#8217;en septembre. Les cadavres juifs ramen\u00e9s sont atrocement mutil\u00e9s, selon la vieille coutume arabe !&#8230;<\/p>\n<p>Vers 10 heures, je descends en jeep avec deux camarades jusqu&#8217;\u00e0 l&#8217;American School, P.C. du colonel S\u00c9ROT, commandant le secteur arabe de J\u00e9rusalem.<\/p>\n<p>Je retrouve avec joie ce dernier, avec qui j&#8217;ai pass\u00e9 deux ans au S.R. de Belfort, en 37-38, et \u00e0 qui j&#8217;ai toujours \u00e9t\u00e9 tr\u00e8s cordialement attach\u00e9.<\/p>\n<p>\u00a0<\/p>\n<p>Depuis quelques jours, violente campagne dans les journaux contre l&#8217;O.N.U., et surtout contre BERNADOTTE.<\/p>\n<p>\u00a0<\/p>\n<p>\u00a0<\/p>\n<p>31 ao\u00fbt 1948.<\/p>\n<p>\u00a0<\/p>\n<p>Un radio am\u00e9ricain et un ouvrier juif sont gri\u00e8vement bless\u00e9s au carrefour du consulat am\u00e9ricain. Cela fait les 4<sup>e<\/sup> et 5<sup>e<\/sup> victimes. On pense (enfin !)&#8230; \u00e0 rechercher un itin\u00e9raire moins dangereux.<\/p>\n<p>A 21 heures, je suis \u00e0 Lifta avec tous mes officiers. La nuit est magnifique.. Sous le ciel bleu parsem\u00e9 d&#8217;\u00e9toiles, \u00e0 40 m. des mitrailleurs au cr\u00e9neau, derri\u00e8re la maison du P.C., une vaste cour entour\u00e9e d&#8217;oliviers et de figuiers ; des chaises et des bancs sur toutes les faces. Au centre, un \u00e9norme projecteur qui inonde de lumi\u00e8re les dalles roses de la cour.<\/p>\n<p>\u00a0<\/p>\n<p>Cinq cents personnes au moins, civiles et militaires, s&#8217;y entassent. On nous a r\u00e9serv\u00e9 des places \u00e0 la table d&#8217;honneur, aux c\u00f4t\u00e9s du colonel venu pour l&#8217;occasion. Dans un coin, un orchestre \u00e0 cordes sur une estrade.<\/p>\n<p>\u00a0<\/p>\n<p>La nuit est calme, fra\u00eeche. A l&#8217;arriv\u00e9e du colonel, un commandement bref retentit, tout le monde est au garde-\u00e0-vous&#8230; L&#8217;hymne national retentit, chant\u00e9 avec une ardeur sauvage, presque mystique&#8230;<\/p>\n<p>\u00a0<\/p>\n<p>\u00a0<\/p>\n<p>18 septembre 1948.<\/p>\n<p>\u00a0<\/p>\n<p>Le comte Folke BERNADOTTE et le colonel SEROT sont assassin\u00e9s par le groupe STERN (groupe choc de l&#8217;AGANA dont le chef \u00e9tait M. BEGIN).<\/p>\n<p>On a beaucoup \u00e9crit, beaucoup \u00e9pilogu\u00e9 sur ce meurtre. Voici exactement comment les faits se sont pass\u00e9s.<\/p>\n<p>\u00a0<\/p>\n<p>Dans la voiture de t\u00eate, l&#8217;officier de liaison juif, le secr\u00e9taire et l&#8217;aide de camp de BERNADOTTE.<\/p>\n<p>Dans la deuxi\u00e8me voiture, devant : le commander Mox et, comme chauffeur, Mr. BUGLEY, chef de la s\u00fbret\u00e9 de l&#8217;O.N.U. ; derri\u00e8re, de gauche \u00e0 droite, le g\u00e9n\u00e9ral LANDSTRO\u00cbM, le colonel SEROT au centre, le comte BERNADOTTE \u00e0 droite.<\/p>\n<p>\u00a0<\/p>\n<p>Brusquement, une jeep barre la route au convoi, deux Juifs en descendent, mitraillette au poing, inspectent la premi\u00e8re voiture, puis arrivent \u00e0 la deuxi\u00e8me. Celui de gauche passe le canon de son arme par la porti\u00e8re de gauche et descend \u00e0 bout portant le colonel SEROT qui se penchait vers lui, couvrant BERNADOTTE, puis le comte, qui s&#8217;effondre frapp\u00e9 \u00e0 mort. Le comte meurt pendant son transfert \u00e0 l&#8217;h\u00f4pital.<\/p>\n<p>\u00a0<\/p>\n<p>Mr. BUGLEY, non arm\u00e9, n&#8217;a pu intervenir. Les deux Juifs se sont repli\u00e9 en tirant, crevant m\u00eame le pneu avant droit de la voiture de t\u00eate, et la jeep a disparu.<\/p>\n<p>\u00a0<\/p>\n<p>L&#8217;officier de liaison juif (le capitaine HILLMANN) n&#8217;a \u00ab naturellement \u00bb rien vu ! On ne retrouvera jamais les agresseurs.<\/p>\n<p>\u00a0<\/p>\n<p>Dans l&#8217;apr\u00e8s-midi, les corps sont d\u00e9pos\u00e9s sur des brancards, dans une salle du YMCA transform\u00e9e en chapelle ardente, et nous veillons toute la nuit les corps de ces martyrs de la Paix \u00bb dont la toilette fun\u00e8bre a \u00e9t\u00e9 faite par des religieuses fran\u00e7aises.<\/p>\n<p>\u00a0<\/p>\n<p>\u00a0<\/p>\n<p>20 septembre 1948.<\/p>\n<p>\u00a0<\/p>\n<p>Les corps de BERNADOTTE et de SEROT sont transf\u00e9r\u00e9s \u00e0 Ha\u00effa. Long cort\u00e8ge d&#8217;une vingtaine de voitures. Autorit\u00e9s juives et consulaires. A Latrum, l&#8217;Arab Legion, align\u00e9e le long de la route, rend les honneurs.<\/p>\n<p>\u00a0<\/p>\n<p>Parti \u00e0 9 heures, le cort\u00e8ge arrive vers 13 heures, en pleine chaleur. Les corps sont imm\u00e9diatement embaum\u00e9s.<\/p>\n<p>\u00a0<\/p>\n<p>Nuit d&#8217;une chaleur \u00e9touffante.<\/p>\n<p>\u00a0<\/p>\n<p>A 6 heures du matin, les corps de nos infortun\u00e9s camarades sont partis en avion pour la France.<\/p>\n<p>\u00a0<\/p>\n<p>Nous leur adressons du terrain d&#8217;Ha\u00effa un dernier adieu. Pauvre Mme S\u00c9ROT !&#8230;<\/p>\n<p>\u00a0<\/p>\n<p>A 8 heures, je prends l&#8217;avion \u00e0 mon tour.<\/p>\n<p>\u00a0<\/p>\n<p>A 9 h 30 je suis \u00e0 Colundia et \u00e0 17 heures je r\u00e9int\u00e8ge le YMCA, sans incident, mais \u00ab vann\u00e9 \u00bb !<\/p>\n<p>\u00a0<\/p>\n<p>Triste corv\u00e9e enfin termin\u00e9e !<\/p>\n<p>\u00a0<\/p>\n<p>La nuit est agit\u00e9e, mais le sommeil l&#8217;emporte.<\/p>\n<p>Les Juifs s&#8217;attendent \u00e0 une r\u00e9action en Europe, et \u00e0 l&#8217;application des sanctions.<\/p>\n<p>\u00a0<\/p>\n<p>22 septembre 1948.<\/p>\n<p>\u00a0<\/p>\n<p>Police, patrouilles, contr\u00f4les&#8230; le grand jeu ! Mais on a l&#8217;impression que c&#8217;est du bluff et que les coupables sont d\u00e9j\u00e0 \u00e0 l&#8217;abri. Il faut bien calmer l&#8217;opinion mondiale ;<\/p>\n<p>A 10 heures, service religieux, chez les P\u00e8res de Ratisbonne, pour le repos de l&#8217;\u00e2me du colonel S\u00c9ROT. Autorit\u00e9s juives et \u00e9trang\u00e8res y sont repr\u00e9sent\u00e9es.<\/p>\n<p>\u00a0<\/p>\n<div class=\"pdfprnt-buttons pdfprnt-buttons-post pdfprnt-bottom-right\"><a href=\"https:\/\/aassdn.org\/amicale\/wp-json\/wp\/v2\/posts\/2408?print=pdf\" class=\"pdfprnt-button pdfprnt-button-pdf\" target=\"_blank\" ><img decoding=\"async\" data-src=\"https:\/\/aassdn.org\/amicale\/wp-content\/plugins\/pdf-print\/images\/pdf.png\" alt=\"image_pdf\" title=\"Afficher le PDF\" src=\"data:image\/svg+xml;base64,PHN2ZyB3aWR0aD0iMSIgaGVpZ2h0PSIxIiB4bWxucz0iaHR0cDovL3d3dy53My5vcmcvMjAwMC9zdmciPjwvc3ZnPg==\" class=\"lazyload\" style=\"--smush-placeholder-width: 32px; --smush-placeholder-aspect-ratio: 32\/32;\" \/><\/a><a href=\"https:\/\/aassdn.org\/amicale\/wp-json\/wp\/v2\/posts\/2408?print=print\" class=\"pdfprnt-button pdfprnt-button-print\" target=\"_blank\" ><\/a><\/div>","protected":false},"excerpt":{"rendered":"<p>A la m\u00e9moire du colonet Serot -Article paru dans le Bulletin N\u00b0 108-octobre 1980 Cette ann\u00e9e nous comm\u00e9morons le 33\u00b0 anniversaire de l&#8217;assassinat \u00e0 J\u00e9rusalem de notre ami et camarade, le colonel Andr\u00e9 SEROT. Il \u00e9tait m\u00e9diateur de l&#8217;O.N.U. aux c\u00f4t\u00e9s du comte Folke BERNADOTTE. Nous devons \u00e0 l&#8217;obligeance de notre camarade lyonnais R\u00c9AUX un [&hellip;]<\/p>\n","protected":false},"author":1,"featured_media":0,"comment_status":"closed","ping_status":"open","sticky":false,"template":"","format":"standard","meta":{"_acf_changed":false,"footnotes":""},"categories":[76,139,79,102],"tags":[211,248],"class_list":["post-2408","post","type-post","status-publish","format-standard","hentry","category-1939-1945-2eme-guerre-mondiale","category-colonel-andre-serot","category-extraits-de-bulletin","category-hommages-et-discours","tag-andre-serot","tag-colonel-andre-serot"],"acf":[],"yoast_head":"<!-- This site is optimized with the Yoast SEO plugin v27.4 - https:\/\/yoast.com\/product\/yoast-seo-wordpress\/ -->\n<title>A la m\u00e9moire du colonel Serot : 33 \u00e9me anniversaire de sa mort | AASSDN | Anciens et Amis des Services Sp\u00e9ciaux<\/title>\n<meta name=\"robots\" content=\"index, follow, max-snippet:-1, max-image-preview:large, max-video-preview:-1\" \/>\n<link rel=\"canonical\" href=\"https:\/\/aassdn.org\/amicale\/a-la-memoire-du-colonel-serot-33-eme-anniversaire-de-sa-mort\/\" \/>\n<meta property=\"og:locale\" content=\"fr_FR\" \/>\n<meta property=\"og:type\" content=\"article\" \/>\n<meta property=\"og:title\" content=\"A la m\u00e9moire du colonel Serot : 33 \u00e9me anniversaire de sa mort | AASSDN | Anciens et Amis des Services Sp\u00e9ciaux\" \/>\n<meta property=\"og:description\" content=\"A la m\u00e9moire du colonet Serot -Article paru dans le Bulletin N\u00b0 108-octobre 1980 Cette ann\u00e9e nous comm\u00e9morons le 33\u00b0 anniversaire de l&#8217;assassinat \u00e0 J\u00e9rusalem de notre ami et camarade, le colonel Andr\u00e9 SEROT. Il \u00e9tait m\u00e9diateur de l&#8217;O.N.U. aux c\u00f4t\u00e9s du comte Folke BERNADOTTE. Nous devons \u00e0 l&#8217;obligeance de notre camarade lyonnais R\u00c9AUX un [&hellip;]\" \/>\n<meta property=\"og:url\" content=\"https:\/\/aassdn.org\/amicale\/a-la-memoire-du-colonel-serot-33-eme-anniversaire-de-sa-mort\/\" \/>\n<meta property=\"og:site_name\" content=\"AASSDN | Anciens et Amis des Services Sp\u00e9ciaux\" \/>\n<meta property=\"article:published_time\" content=\"2021-10-29T08:00:21+00:00\" \/>\n<meta property=\"article:modified_time\" content=\"2024-03-02T14:22:23+00:00\" \/>\n<meta name=\"author\" content=\"AASSDN\" \/>\n<meta name=\"twitter:card\" content=\"summary_large_image\" \/>\n<meta name=\"twitter:label1\" content=\"\u00c9crit par\" \/>\n\t<meta name=\"twitter:data1\" content=\"AASSDN\" \/>\n\t<meta name=\"twitter:label2\" content=\"Dur\u00e9e de lecture estim\u00e9e\" \/>\n\t<meta name=\"twitter:data2\" content=\"5 minutes\" \/>\n<script type=\"application\/ld+json\" class=\"yoast-schema-graph\">{\"@context\":\"https:\\\/\\\/schema.org\",\"@graph\":[{\"@type\":\"Article\",\"@id\":\"https:\\\/\\\/aassdn.org\\\/amicale\\\/a-la-memoire-du-colonel-serot-33-eme-anniversaire-de-sa-mort\\\/#article\",\"isPartOf\":{\"@id\":\"https:\\\/\\\/aassdn.org\\\/amicale\\\/a-la-memoire-du-colonel-serot-33-eme-anniversaire-de-sa-mort\\\/\"},\"author\":{\"name\":\"AASSDN\",\"@id\":\"https:\\\/\\\/aassdn.org\\\/amicale\\\/#\\\/schema\\\/person\\\/73800712a272e6d58a10a86ea9e59671\"},\"headline\":\"A la m\u00e9moire du colonel Serot : 33 \u00e9me anniversaire de sa mort\",\"datePublished\":\"2021-10-29T08:00:21+00:00\",\"dateModified\":\"2024-03-02T14:22:23+00:00\",\"mainEntityOfPage\":{\"@id\":\"https:\\\/\\\/aassdn.org\\\/amicale\\\/a-la-memoire-du-colonel-serot-33-eme-anniversaire-de-sa-mort\\\/\"},\"wordCount\":1098,\"publisher\":{\"@id\":\"https:\\\/\\\/aassdn.org\\\/amicale\\\/#organization\"},\"keywords\":[\"Andr\u00e9 S\u00e9rot\",\"Colonel Andr\u00e9 S\u00e9rot\"],\"articleSection\":[\"2\u00e8me Guerre Mondiale (1939-1945)\",\"Colonel Andr\u00e9 Serot\",\"Extraits de bulletin\",\"Hommages et discours\"],\"inLanguage\":\"fr-FR\"},{\"@type\":\"WebPage\",\"@id\":\"https:\\\/\\\/aassdn.org\\\/amicale\\\/a-la-memoire-du-colonel-serot-33-eme-anniversaire-de-sa-mort\\\/\",\"url\":\"https:\\\/\\\/aassdn.org\\\/amicale\\\/a-la-memoire-du-colonel-serot-33-eme-anniversaire-de-sa-mort\\\/\",\"name\":\"A la m\u00e9moire du colonel Serot : 33 \u00e9me anniversaire de sa mort | AASSDN | Anciens et Amis des Services Sp\u00e9ciaux\",\"isPartOf\":{\"@id\":\"https:\\\/\\\/aassdn.org\\\/amicale\\\/#website\"},\"datePublished\":\"2021-10-29T08:00:21+00:00\",\"dateModified\":\"2024-03-02T14:22:23+00:00\",\"breadcrumb\":{\"@id\":\"https:\\\/\\\/aassdn.org\\\/amicale\\\/a-la-memoire-du-colonel-serot-33-eme-anniversaire-de-sa-mort\\\/#breadcrumb\"},\"inLanguage\":\"fr-FR\",\"potentialAction\":[{\"@type\":\"ReadAction\",\"target\":[\"https:\\\/\\\/aassdn.org\\\/amicale\\\/a-la-memoire-du-colonel-serot-33-eme-anniversaire-de-sa-mort\\\/\"]}]},{\"@type\":\"BreadcrumbList\",\"@id\":\"https:\\\/\\\/aassdn.org\\\/amicale\\\/a-la-memoire-du-colonel-serot-33-eme-anniversaire-de-sa-mort\\\/#breadcrumb\",\"itemListElement\":[{\"@type\":\"ListItem\",\"position\":1,\"name\":\"Accueil\",\"item\":\"https:\\\/\\\/aassdn.org\\\/amicale\\\/\"},{\"@type\":\"ListItem\",\"position\":2,\"name\":\"A la m\u00e9moire du colonel Serot : 33 \u00e9me anniversaire de sa mort\"}]},{\"@type\":\"WebSite\",\"@id\":\"https:\\\/\\\/aassdn.org\\\/amicale\\\/#website\",\"url\":\"https:\\\/\\\/aassdn.org\\\/amicale\\\/\",\"name\":\"AASSDN | Anciens et Amis des Services Sp\u00e9ciaux\",\"description\":\"Services sp\u00e9ciaux : Des h\u00e9ros anonymes au service exclusif de la France\",\"publisher\":{\"@id\":\"https:\\\/\\\/aassdn.org\\\/amicale\\\/#organization\"},\"potentialAction\":[{\"@type\":\"SearchAction\",\"target\":{\"@type\":\"EntryPoint\",\"urlTemplate\":\"https:\\\/\\\/aassdn.org\\\/amicale\\\/?s={search_term_string}\"},\"query-input\":{\"@type\":\"PropertyValueSpecification\",\"valueRequired\":true,\"valueName\":\"search_term_string\"}}],\"inLanguage\":\"fr-FR\"},{\"@type\":\"Organization\",\"@id\":\"https:\\\/\\\/aassdn.org\\\/amicale\\\/#organization\",\"name\":\"AASSDN | Anciens et Amis des Services Sp\u00e9ciaux\",\"url\":\"https:\\\/\\\/aassdn.org\\\/amicale\\\/\",\"logo\":{\"@type\":\"ImageObject\",\"inLanguage\":\"fr-FR\",\"@id\":\"https:\\\/\\\/aassdn.org\\\/amicale\\\/#\\\/schema\\\/logo\\\/image\\\/\",\"url\":\"https:\\\/\\\/aassdn.org\\\/amicale\\\/wp-content\\\/uploads\\\/Logo_AASSDN_transparent2.png\",\"contentUrl\":\"https:\\\/\\\/aassdn.org\\\/amicale\\\/wp-content\\\/uploads\\\/Logo_AASSDN_transparent2.png\",\"width\":1832,\"height\":1609,\"caption\":\"AASSDN | Anciens et Amis des Services Sp\u00e9ciaux\"},\"image\":{\"@id\":\"https:\\\/\\\/aassdn.org\\\/amicale\\\/#\\\/schema\\\/logo\\\/image\\\/\"}},{\"@type\":\"Person\",\"@id\":\"https:\\\/\\\/aassdn.org\\\/amicale\\\/#\\\/schema\\\/person\\\/73800712a272e6d58a10a86ea9e59671\",\"name\":\"AASSDN\",\"image\":{\"@type\":\"ImageObject\",\"inLanguage\":\"fr-FR\",\"@id\":\"https:\\\/\\\/secure.gravatar.com\\\/avatar\\\/9653808d17788562e72d77e426d8d02775774239aefd00a9b4e852423d8e9d7e?s=96&d=mm&r=g\",\"url\":\"https:\\\/\\\/secure.gravatar.com\\\/avatar\\\/9653808d17788562e72d77e426d8d02775774239aefd00a9b4e852423d8e9d7e?s=96&d=mm&r=g\",\"contentUrl\":\"https:\\\/\\\/secure.gravatar.com\\\/avatar\\\/9653808d17788562e72d77e426d8d02775774239aefd00a9b4e852423d8e9d7e?s=96&d=mm&r=g\",\"caption\":\"AASSDN\"},\"sameAs\":[\"https:\\\/\\\/aassdn.org\\\/amicale\"],\"url\":\"https:\\\/\\\/aassdn.org\\\/amicale\\\/author\\\/wordpress\\\/\"}]}<\/script>\n<!-- \/ Yoast SEO plugin. -->","yoast_head_json":{"title":"A la m\u00e9moire du colonel Serot : 33 \u00e9me anniversaire de sa mort | AASSDN | Anciens et Amis des Services Sp\u00e9ciaux","robots":{"index":"index","follow":"follow","max-snippet":"max-snippet:-1","max-image-preview":"max-image-preview:large","max-video-preview":"max-video-preview:-1"},"canonical":"https:\/\/aassdn.org\/amicale\/a-la-memoire-du-colonel-serot-33-eme-anniversaire-de-sa-mort\/","og_locale":"fr_FR","og_type":"article","og_title":"A la m\u00e9moire du colonel Serot : 33 \u00e9me anniversaire de sa mort | AASSDN | Anciens et Amis des Services Sp\u00e9ciaux","og_description":"A la m\u00e9moire du colonet Serot -Article paru dans le Bulletin N\u00b0 108-octobre 1980 Cette ann\u00e9e nous comm\u00e9morons le 33\u00b0 anniversaire de l&#8217;assassinat \u00e0 J\u00e9rusalem de notre ami et camarade, le colonel Andr\u00e9 SEROT. Il \u00e9tait m\u00e9diateur de l&#8217;O.N.U. aux c\u00f4t\u00e9s du comte Folke BERNADOTTE. Nous devons \u00e0 l&#8217;obligeance de notre camarade lyonnais R\u00c9AUX un [&hellip;]","og_url":"https:\/\/aassdn.org\/amicale\/a-la-memoire-du-colonel-serot-33-eme-anniversaire-de-sa-mort\/","og_site_name":"AASSDN | Anciens et Amis des Services Sp\u00e9ciaux","article_published_time":"2021-10-29T08:00:21+00:00","article_modified_time":"2024-03-02T14:22:23+00:00","author":"AASSDN","twitter_card":"summary_large_image","twitter_misc":{"\u00c9crit par":"AASSDN","Dur\u00e9e de lecture estim\u00e9e":"5 minutes"},"schema":{"@context":"https:\/\/schema.org","@graph":[{"@type":"Article","@id":"https:\/\/aassdn.org\/amicale\/a-la-memoire-du-colonel-serot-33-eme-anniversaire-de-sa-mort\/#article","isPartOf":{"@id":"https:\/\/aassdn.org\/amicale\/a-la-memoire-du-colonel-serot-33-eme-anniversaire-de-sa-mort\/"},"author":{"name":"AASSDN","@id":"https:\/\/aassdn.org\/amicale\/#\/schema\/person\/73800712a272e6d58a10a86ea9e59671"},"headline":"A la m\u00e9moire du colonel Serot : 33 \u00e9me anniversaire de sa mort","datePublished":"2021-10-29T08:00:21+00:00","dateModified":"2024-03-02T14:22:23+00:00","mainEntityOfPage":{"@id":"https:\/\/aassdn.org\/amicale\/a-la-memoire-du-colonel-serot-33-eme-anniversaire-de-sa-mort\/"},"wordCount":1098,"publisher":{"@id":"https:\/\/aassdn.org\/amicale\/#organization"},"keywords":["Andr\u00e9 S\u00e9rot","Colonel Andr\u00e9 S\u00e9rot"],"articleSection":["2\u00e8me Guerre Mondiale (1939-1945)","Colonel Andr\u00e9 Serot","Extraits de bulletin","Hommages et discours"],"inLanguage":"fr-FR"},{"@type":"WebPage","@id":"https:\/\/aassdn.org\/amicale\/a-la-memoire-du-colonel-serot-33-eme-anniversaire-de-sa-mort\/","url":"https:\/\/aassdn.org\/amicale\/a-la-memoire-du-colonel-serot-33-eme-anniversaire-de-sa-mort\/","name":"A la m\u00e9moire du colonel Serot : 33 \u00e9me anniversaire de sa mort | AASSDN | Anciens et Amis des Services Sp\u00e9ciaux","isPartOf":{"@id":"https:\/\/aassdn.org\/amicale\/#website"},"datePublished":"2021-10-29T08:00:21+00:00","dateModified":"2024-03-02T14:22:23+00:00","breadcrumb":{"@id":"https:\/\/aassdn.org\/amicale\/a-la-memoire-du-colonel-serot-33-eme-anniversaire-de-sa-mort\/#breadcrumb"},"inLanguage":"fr-FR","potentialAction":[{"@type":"ReadAction","target":["https:\/\/aassdn.org\/amicale\/a-la-memoire-du-colonel-serot-33-eme-anniversaire-de-sa-mort\/"]}]},{"@type":"BreadcrumbList","@id":"https:\/\/aassdn.org\/amicale\/a-la-memoire-du-colonel-serot-33-eme-anniversaire-de-sa-mort\/#breadcrumb","itemListElement":[{"@type":"ListItem","position":1,"name":"Accueil","item":"https:\/\/aassdn.org\/amicale\/"},{"@type":"ListItem","position":2,"name":"A la m\u00e9moire du colonel Serot : 33 \u00e9me anniversaire de sa mort"}]},{"@type":"WebSite","@id":"https:\/\/aassdn.org\/amicale\/#website","url":"https:\/\/aassdn.org\/amicale\/","name":"AASSDN | Anciens et Amis des Services Sp\u00e9ciaux","description":"Services sp\u00e9ciaux : Des h\u00e9ros anonymes au service exclusif de la France","publisher":{"@id":"https:\/\/aassdn.org\/amicale\/#organization"},"potentialAction":[{"@type":"SearchAction","target":{"@type":"EntryPoint","urlTemplate":"https:\/\/aassdn.org\/amicale\/?s={search_term_string}"},"query-input":{"@type":"PropertyValueSpecification","valueRequired":true,"valueName":"search_term_string"}}],"inLanguage":"fr-FR"},{"@type":"Organization","@id":"https:\/\/aassdn.org\/amicale\/#organization","name":"AASSDN | Anciens et Amis des Services Sp\u00e9ciaux","url":"https:\/\/aassdn.org\/amicale\/","logo":{"@type":"ImageObject","inLanguage":"fr-FR","@id":"https:\/\/aassdn.org\/amicale\/#\/schema\/logo\/image\/","url":"https:\/\/aassdn.org\/amicale\/wp-content\/uploads\/Logo_AASSDN_transparent2.png","contentUrl":"https:\/\/aassdn.org\/amicale\/wp-content\/uploads\/Logo_AASSDN_transparent2.png","width":1832,"height":1609,"caption":"AASSDN | Anciens et Amis des Services Sp\u00e9ciaux"},"image":{"@id":"https:\/\/aassdn.org\/amicale\/#\/schema\/logo\/image\/"}},{"@type":"Person","@id":"https:\/\/aassdn.org\/amicale\/#\/schema\/person\/73800712a272e6d58a10a86ea9e59671","name":"AASSDN","image":{"@type":"ImageObject","inLanguage":"fr-FR","@id":"https:\/\/secure.gravatar.com\/avatar\/9653808d17788562e72d77e426d8d02775774239aefd00a9b4e852423d8e9d7e?s=96&d=mm&r=g","url":"https:\/\/secure.gravatar.com\/avatar\/9653808d17788562e72d77e426d8d02775774239aefd00a9b4e852423d8e9d7e?s=96&d=mm&r=g","contentUrl":"https:\/\/secure.gravatar.com\/avatar\/9653808d17788562e72d77e426d8d02775774239aefd00a9b4e852423d8e9d7e?s=96&d=mm&r=g","caption":"AASSDN"},"sameAs":["https:\/\/aassdn.org\/amicale"],"url":"https:\/\/aassdn.org\/amicale\/author\/wordpress\/"}]}},"_links":{"self":[{"href":"https:\/\/aassdn.org\/amicale\/wp-json\/wp\/v2\/posts\/2408","targetHints":{"allow":["GET"]}}],"collection":[{"href":"https:\/\/aassdn.org\/amicale\/wp-json\/wp\/v2\/posts"}],"about":[{"href":"https:\/\/aassdn.org\/amicale\/wp-json\/wp\/v2\/types\/post"}],"author":[{"embeddable":true,"href":"https:\/\/aassdn.org\/amicale\/wp-json\/wp\/v2\/users\/1"}],"replies":[{"embeddable":true,"href":"https:\/\/aassdn.org\/amicale\/wp-json\/wp\/v2\/comments?post=2408"}],"version-history":[{"count":0,"href":"https:\/\/aassdn.org\/amicale\/wp-json\/wp\/v2\/posts\/2408\/revisions"}],"wp:attachment":[{"href":"https:\/\/aassdn.org\/amicale\/wp-json\/wp\/v2\/media?parent=2408"}],"wp:term":[{"taxonomy":"category","embeddable":true,"href":"https:\/\/aassdn.org\/amicale\/wp-json\/wp\/v2\/categories?post=2408"},{"taxonomy":"post_tag","embeddable":true,"href":"https:\/\/aassdn.org\/amicale\/wp-json\/wp\/v2\/tags?post=2408"}],"curies":[{"name":"wp","href":"https:\/\/api.w.org\/{rel}","templated":true}]}}