{"id":2405,"date":"2021-10-29T10:00:21","date_gmt":"2021-10-29T08:00:21","guid":{"rendered":"https:\/\/aassdn.org\/amicale\/1942-1943-sabotage-des-liaisons-telephoniques-allemandes-et-arrestation-du-capitaine-gatard\/"},"modified":"2024-03-15T14:07:07","modified_gmt":"2024-03-15T13:07:07","slug":"1942-1943-sabotage-des-liaisons-telephoniques-allemandes-et-arrestation-du-capitaine-gatard","status":"publish","type":"post","link":"https:\/\/aassdn.org\/amicale\/1942-1943-sabotage-des-liaisons-telephoniques-allemandes-et-arrestation-du-capitaine-gatard\/","title":{"rendered":"1942-1943 : Sabotage des liaisons telephoniques allemandes et arrestation du Capitaine Gatard"},"content":{"rendered":"<p class=\"Style28 Style29\" align=\"justify\"><em><strong>Nous publions ci-apr\u00e8s le t\u00e9moignage de M. Jacques DUMAS-PRIMBAULT, Directeur r\u00e9gional des T\u00e9l\u00e9communications, \u00e0 Limoges en 1943, sur les circonstances qui ont pr\u00e9c\u00e9d\u00e9 l&#8217;arrestation \u00e0 Limoges en mai 1943 du Capitaine GATARD, dont l&#8217;A.A.S.S.D.N. a honor\u00e9 la m\u00e9moire au cours de son Congr\u00e8s de Lyon.<\/strong><\/em><\/p>\n<p class=\"Style28 Style29\" align=\"justify\">Ce r\u00e9cit a le m\u00e9rite de souligner l&#8217;intensit\u00e9 de l&#8217;action r\u00e9sistante dans cette r\u00e9gion et le patriotisme engag\u00e9 des fonctionnaires des T\u00e9l\u00e9communications.  <\/p>\n<p class=\"Style28 Style29\" align=\"justify\">Quand, en novembre 1941, les Allemands occupent la zone sud, Limoges devient pour eux un centre de communication important, et ils r\u00e9quisitionn\u00e8rent nombre de circuits pour leur usage.<\/p>\n<p class=\"Style28 Style29\" align=\"justify\">Or il se trouve que, d\u00e8s 1942, j&#8217;avais re\u00e7u la visite d&#8217;un de nos jeunes &#8221; conscrits &#8221; de l&#8217;\u00e9cole polytechnique, le Capitaine Jean Gatard, qui, en fait, faisait de l&#8217;espionnage, ou plut\u00f4t du contre-espionnage, pour le compte de l&#8217;arm\u00e9e fran\u00e7aise.<\/p>\n<p class=\"Style28 Style29\" align=\"justify\">Nous dev\u00eenmes intimes et, pendant un an, je lui passais pas mal de renseignements. En avril ou mai 1943, il m&#8217;annon\u00e7a, tout joyeux, qu&#8217;il disposait maintenant d&#8217;une liaison directe (radio, bien s\u00fbr avec Alger et qu&#8217;on lui demandait la carte des circuits de commandement allemands.<\/p>\n<p class=\"Style28 Style29\" align=\"justify\">D\u00e8s le soir, vers 19 heures, \u00e0 l&#8217;heure o\u00f9 le b\u00e2timent \u00e9tait vide et l&#8217;\u00e9quipe allemande au &#8221; rata &#8220;, je descendis et relevai la liste des circuits allemands. Le lendemain, vers midi et demie, dans le b\u00e2timent tranquille comme d&#8217;habitude, Gatard passa me voir et je la lui remis.<\/p>\n<p class=\"Style28 Style29\" align=\"justify\">Or, au milieu de l&#8217;apr\u00e8s-midi, son \u00e9pouse, Denise Gatard, qui s&#8217;\u00e9tait li\u00e9e d&#8217;amiti\u00e9 avec ma femme, vint lui annoncer que son mari avait \u00e9t\u00e9 arr\u00eat\u00e9 vers 14 heures par la police alors qu&#8217;il rentrait chez lui. Coup dur, car il devait avoir sur lui la liste manuscrite, de ma main, des renseignements recueillis la veille.  <\/p>\n<p class=\"Style28 Style29\" align=\"justify\">J&#8217;eus tr\u00e8s, tr\u00e8s chaud&#8230;, et restais sur le qui-vive pendant 24 heures, jusqu&#8217;\u00e0, ce que, le lendemain, \u00c9tienne Moineville, qui appartenait au m\u00eame r\u00e9seau, m&#8217;appr\u00eet que Gatard avait eu le temps, d\u00e8s la visite qu&#8217;il m&#8217;avait faite la veille, de passer voir son radio&#8230;. et, par cons\u00e9quent, de lui remettre le papier compromettant.<\/p>\n<p class=\"Style28 Style29\" align=\"justify\">J&#8217;\u00e9tais donc hors d&#8217;affaires ! Gatard ne l&#8217;\u00e9tait pas h\u00e9las ! Incarc\u00e9r\u00e9 par les Allemands \u00e0 la caserne Marceau qu&#8217;ils occupaient, il essaya de s&#8217;en \u00e9vader et se brisa les deux chevilles en sautant d&#8217;un mur. Repris, maltrait\u00e9, durement interrog\u00e9, il put cependant donner de ses nouvelles par M. de Cathen qui, en sa qualit\u00e9 de d\u00e9l\u00e9gu\u00e9 de la Croix-Rouge, obtenait parfois, \u00e0 cette \u00e9poque, l&#8217;autorisation de visiter certains prisonniers.<\/p>\n<p class=\"Style28 Style29\" align=\"justify\">C&#8217;est par cette voie que le malheureux Gatard put faire passer \u00e0 sa femme le nom du &#8221; tra\u00eetre &#8221; qui l&#8217;avait vendu.<\/p>\n<p class=\"Style28 Style29\" align=\"justify\">Quelques semaines plus tard, Gatard fut transf\u00e9r\u00e9 \u00e0 Lyon, condamn\u00e9 par un conseil de guerre, et fusill\u00e9 au Fort Montluc en ao\u00fbt 1943.  <\/p>\n<p class=\"Style28 Style29\" align=\"justify\">Bien s\u00fbr, les autorit\u00e9s allemandes avaient des liaisons radio hors d&#8217;atteinte de tout sabotage, mais elles tenaient cependant beaucoup \u00e0 leur r\u00e9seau fil, et celui ci \u00e9tait beaucoup plus fragile.<\/p>\n<p class=\"Style28 Style29\" align=\"justify\">Le c\u00e2ble Limoges-Ussel (un des deux seuls c\u00e2bles LGD qui, \u00e0 l&#8217;\u00e9poque, desservaient Limoges), avait \u00e9t\u00e9 vite coup\u00e9 au pont de Combade. Quant aux grandes art\u00e8res a\u00e9riennes sur voie ferr\u00e9e, vers Ch\u00e2teauroux, Gu\u00e9ret, Brive, P\u00e9rigueux, leur \u00e9tat, au fur et \u00e0 mesure que l&#8217;on avan\u00e7ait vers la lib\u00e9ration, \u00e9tait devenu une vraie mascarade.<\/p>\n<p class=\"Style28 Style29\" align=\"justify\">Les voitures K du service des lignes partaient chaque matin pour r\u00e9parer les art\u00e8res signal\u00e9es coup\u00e9es&#8230; et les r\u00e9tablissaient de fa\u00e7on que les Allemands du r\u00e9partiteur puissent constater leur action ; puis les chefs d&#8217;\u00e9quipe faisaient le n\u00e9cessaire aupr\u00e8s du maquis ou de ses patriotes locaux, pour qu&#8217;elles soient recoup\u00e9es dans la nuit.<\/p>\n<div class=\"pdfprnt-buttons pdfprnt-buttons-post pdfprnt-bottom-right\"><a href=\"https:\/\/aassdn.org\/amicale\/wp-json\/wp\/v2\/posts\/2405?print=pdf\" class=\"pdfprnt-button pdfprnt-button-pdf\" target=\"_blank\" ><img decoding=\"async\" data-src=\"https:\/\/aassdn.org\/amicale\/wp-content\/plugins\/pdf-print\/images\/pdf.png\" alt=\"image_pdf\" title=\"Afficher le PDF\" src=\"data:image\/svg+xml;base64,PHN2ZyB3aWR0aD0iMSIgaGVpZ2h0PSIxIiB4bWxucz0iaHR0cDovL3d3dy53My5vcmcvMjAwMC9zdmciPjwvc3ZnPg==\" class=\"lazyload\" style=\"--smush-placeholder-width: 32px; --smush-placeholder-aspect-ratio: 32\/32;\" \/><\/a><a href=\"https:\/\/aassdn.org\/amicale\/wp-json\/wp\/v2\/posts\/2405?print=print\" class=\"pdfprnt-button pdfprnt-button-print\" target=\"_blank\" ><\/a><\/div>","protected":false},"excerpt":{"rendered":"<p>Nous publions ci-apr\u00e8s le t\u00e9moignage de M. Jacques DUMAS-PRIMBAULT, Directeur r\u00e9gional des T\u00e9l\u00e9communications, \u00e0 Limoges en 1943, sur les circonstances qui ont pr\u00e9c\u00e9d\u00e9 l&#8217;arrestation \u00e0 Limoges en mai 1943 du Capitaine GATARD, dont l&#8217;A.A.S.S.D.N. a honor\u00e9 la m\u00e9moire au cours de son Congr\u00e8s de Lyon. Ce r\u00e9cit a le m\u00e9rite de souligner l&#8217;intensit\u00e9 de l&#8217;action [&hellip;]<\/p>\n","protected":false},"author":1,"featured_media":0,"comment_status":"closed","ping_status":"open","sticky":false,"template":"","format":"standard","meta":{"_acf_changed":false,"footnotes":""},"categories":[77,94,76,114,79,106,99],"tags":[218,226,390,346,1173,339,1175,262,214,309,472],"class_list":["post-2405","post","type-post","status-publish","format-standard","hentry","category-1940-1942","category-1942-1945","category-1939-1945-2eme-guerre-mondiale","category-europe-de-louest","category-extraits-de-bulletin","category-renseignement","category-services-allemands","tag-congres","tag-contre-espionnage","tag-espionnage","tag-guerre","tag-limoges","tag-memoire","tag-patriotisme","tag-renseignement","tag-resistance","tag-sabotage","tag-temoignage"],"acf":[],"yoast_head":"<!-- This site is optimized with the Yoast SEO plugin v27.4 - https:\/\/yoast.com\/product\/yoast-seo-wordpress\/ -->\n<title>1942-1943 : Sabotage des liaisons telephoniques allemandes et arrestation du Capitaine Gatard | AASSDN | Anciens et Amis des Services Sp\u00e9ciaux<\/title>\n<meta name=\"robots\" content=\"index, follow, max-snippet:-1, max-image-preview:large, max-video-preview:-1\" \/>\n<link rel=\"canonical\" href=\"https:\/\/aassdn.org\/amicale\/1942-1943-sabotage-des-liaisons-telephoniques-allemandes-et-arrestation-du-capitaine-gatard\/\" \/>\n<meta property=\"og:locale\" content=\"fr_FR\" \/>\n<meta property=\"og:type\" content=\"article\" \/>\n<meta property=\"og:title\" content=\"1942-1943 : Sabotage des liaisons telephoniques allemandes et arrestation du Capitaine Gatard | AASSDN | Anciens et Amis des Services Sp\u00e9ciaux\" \/>\n<meta property=\"og:description\" content=\"Nous publions ci-apr\u00e8s le t\u00e9moignage de M. Jacques DUMAS-PRIMBAULT, Directeur r\u00e9gional des T\u00e9l\u00e9communications, \u00e0 Limoges en 1943, sur les circonstances qui ont pr\u00e9c\u00e9d\u00e9 l&#8217;arrestation \u00e0 Limoges en mai 1943 du Capitaine GATARD, dont l&#8217;A.A.S.S.D.N. a honor\u00e9 la m\u00e9moire au cours de son Congr\u00e8s de Lyon. Ce r\u00e9cit a le m\u00e9rite de souligner l&#8217;intensit\u00e9 de l&#8217;action [&hellip;]\" \/>\n<meta property=\"og:url\" content=\"https:\/\/aassdn.org\/amicale\/1942-1943-sabotage-des-liaisons-telephoniques-allemandes-et-arrestation-du-capitaine-gatard\/\" \/>\n<meta property=\"og:site_name\" content=\"AASSDN | Anciens et Amis des Services Sp\u00e9ciaux\" \/>\n<meta property=\"article:published_time\" content=\"2021-10-29T08:00:21+00:00\" \/>\n<meta property=\"article:modified_time\" content=\"2024-03-15T13:07:07+00:00\" \/>\n<meta name=\"author\" content=\"AASSDN\" \/>\n<meta name=\"twitter:card\" content=\"summary_large_image\" \/>\n<meta name=\"twitter:label1\" content=\"\u00c9crit par\" \/>\n\t<meta name=\"twitter:data1\" content=\"AASSDN\" \/>\n\t<meta name=\"twitter:label2\" content=\"Dur\u00e9e de lecture estim\u00e9e\" \/>\n\t<meta name=\"twitter:data2\" content=\"3 minutes\" \/>\n<script type=\"application\/ld+json\" class=\"yoast-schema-graph\">{\"@context\":\"https:\\\/\\\/schema.org\",\"@graph\":[{\"@type\":\"Article\",\"@id\":\"https:\\\/\\\/aassdn.org\\\/amicale\\\/1942-1943-sabotage-des-liaisons-telephoniques-allemandes-et-arrestation-du-capitaine-gatard\\\/#article\",\"isPartOf\":{\"@id\":\"https:\\\/\\\/aassdn.org\\\/amicale\\\/1942-1943-sabotage-des-liaisons-telephoniques-allemandes-et-arrestation-du-capitaine-gatard\\\/\"},\"author\":{\"name\":\"AASSDN\",\"@id\":\"https:\\\/\\\/aassdn.org\\\/amicale\\\/#\\\/schema\\\/person\\\/73800712a272e6d58a10a86ea9e59671\"},\"headline\":\"1942-1943 : Sabotage des liaisons telephoniques allemandes et arrestation du Capitaine Gatard\",\"datePublished\":\"2021-10-29T08:00:21+00:00\",\"dateModified\":\"2024-03-15T13:07:07+00:00\",\"mainEntityOfPage\":{\"@id\":\"https:\\\/\\\/aassdn.org\\\/amicale\\\/1942-1943-sabotage-des-liaisons-telephoniques-allemandes-et-arrestation-du-capitaine-gatard\\\/\"},\"wordCount\":685,\"publisher\":{\"@id\":\"https:\\\/\\\/aassdn.org\\\/amicale\\\/#organization\"},\"keywords\":[\"Congr\u00e8s\",\"contre-espionnage\",\"Espionnage\",\"guerre\",\"Limoges\",\"m\u00e9moire\",\"patriotisme\",\"Renseignement\",\"R\u00e9sistance\",\"sabotage\",\"t\u00e9moignage\"],\"articleSection\":[\"1940-1942\",\"1942-1945\",\"2\u00e8me Guerre Mondiale (1939-1945)\",\"Europe de l'Ouest\",\"Extraits de bulletin\",\"Renseignement\",\"Services allemands\"],\"inLanguage\":\"fr-FR\"},{\"@type\":\"WebPage\",\"@id\":\"https:\\\/\\\/aassdn.org\\\/amicale\\\/1942-1943-sabotage-des-liaisons-telephoniques-allemandes-et-arrestation-du-capitaine-gatard\\\/\",\"url\":\"https:\\\/\\\/aassdn.org\\\/amicale\\\/1942-1943-sabotage-des-liaisons-telephoniques-allemandes-et-arrestation-du-capitaine-gatard\\\/\",\"name\":\"1942-1943 : Sabotage des liaisons telephoniques allemandes et arrestation du Capitaine Gatard | AASSDN | Anciens et Amis des Services Sp\u00e9ciaux\",\"isPartOf\":{\"@id\":\"https:\\\/\\\/aassdn.org\\\/amicale\\\/#website\"},\"datePublished\":\"2021-10-29T08:00:21+00:00\",\"dateModified\":\"2024-03-15T13:07:07+00:00\",\"breadcrumb\":{\"@id\":\"https:\\\/\\\/aassdn.org\\\/amicale\\\/1942-1943-sabotage-des-liaisons-telephoniques-allemandes-et-arrestation-du-capitaine-gatard\\\/#breadcrumb\"},\"inLanguage\":\"fr-FR\",\"potentialAction\":[{\"@type\":\"ReadAction\",\"target\":[\"https:\\\/\\\/aassdn.org\\\/amicale\\\/1942-1943-sabotage-des-liaisons-telephoniques-allemandes-et-arrestation-du-capitaine-gatard\\\/\"]}]},{\"@type\":\"BreadcrumbList\",\"@id\":\"https:\\\/\\\/aassdn.org\\\/amicale\\\/1942-1943-sabotage-des-liaisons-telephoniques-allemandes-et-arrestation-du-capitaine-gatard\\\/#breadcrumb\",\"itemListElement\":[{\"@type\":\"ListItem\",\"position\":1,\"name\":\"Accueil\",\"item\":\"https:\\\/\\\/aassdn.org\\\/amicale\\\/\"},{\"@type\":\"ListItem\",\"position\":2,\"name\":\"1942-1943 : Sabotage des liaisons telephoniques allemandes et arrestation du Capitaine Gatard\"}]},{\"@type\":\"WebSite\",\"@id\":\"https:\\\/\\\/aassdn.org\\\/amicale\\\/#website\",\"url\":\"https:\\\/\\\/aassdn.org\\\/amicale\\\/\",\"name\":\"AASSDN | Anciens et Amis des Services Sp\u00e9ciaux\",\"description\":\"Services sp\u00e9ciaux : Des h\u00e9ros anonymes au service exclusif de la France\",\"publisher\":{\"@id\":\"https:\\\/\\\/aassdn.org\\\/amicale\\\/#organization\"},\"potentialAction\":[{\"@type\":\"SearchAction\",\"target\":{\"@type\":\"EntryPoint\",\"urlTemplate\":\"https:\\\/\\\/aassdn.org\\\/amicale\\\/?s={search_term_string}\"},\"query-input\":{\"@type\":\"PropertyValueSpecification\",\"valueRequired\":true,\"valueName\":\"search_term_string\"}}],\"inLanguage\":\"fr-FR\"},{\"@type\":\"Organization\",\"@id\":\"https:\\\/\\\/aassdn.org\\\/amicale\\\/#organization\",\"name\":\"AASSDN | Anciens et Amis des Services Sp\u00e9ciaux\",\"url\":\"https:\\\/\\\/aassdn.org\\\/amicale\\\/\",\"logo\":{\"@type\":\"ImageObject\",\"inLanguage\":\"fr-FR\",\"@id\":\"https:\\\/\\\/aassdn.org\\\/amicale\\\/#\\\/schema\\\/logo\\\/image\\\/\",\"url\":\"https:\\\/\\\/aassdn.org\\\/amicale\\\/wp-content\\\/uploads\\\/Logo_AASSDN_transparent2.png\",\"contentUrl\":\"https:\\\/\\\/aassdn.org\\\/amicale\\\/wp-content\\\/uploads\\\/Logo_AASSDN_transparent2.png\",\"width\":1832,\"height\":1609,\"caption\":\"AASSDN | Anciens et Amis des Services Sp\u00e9ciaux\"},\"image\":{\"@id\":\"https:\\\/\\\/aassdn.org\\\/amicale\\\/#\\\/schema\\\/logo\\\/image\\\/\"}},{\"@type\":\"Person\",\"@id\":\"https:\\\/\\\/aassdn.org\\\/amicale\\\/#\\\/schema\\\/person\\\/73800712a272e6d58a10a86ea9e59671\",\"name\":\"AASSDN\",\"image\":{\"@type\":\"ImageObject\",\"inLanguage\":\"fr-FR\",\"@id\":\"https:\\\/\\\/secure.gravatar.com\\\/avatar\\\/9653808d17788562e72d77e426d8d02775774239aefd00a9b4e852423d8e9d7e?s=96&d=mm&r=g\",\"url\":\"https:\\\/\\\/secure.gravatar.com\\\/avatar\\\/9653808d17788562e72d77e426d8d02775774239aefd00a9b4e852423d8e9d7e?s=96&d=mm&r=g\",\"contentUrl\":\"https:\\\/\\\/secure.gravatar.com\\\/avatar\\\/9653808d17788562e72d77e426d8d02775774239aefd00a9b4e852423d8e9d7e?s=96&d=mm&r=g\",\"caption\":\"AASSDN\"},\"sameAs\":[\"https:\\\/\\\/aassdn.org\\\/amicale\"],\"url\":\"https:\\\/\\\/aassdn.org\\\/amicale\\\/author\\\/wordpress\\\/\"}]}<\/script>\n<!-- \/ Yoast SEO plugin. -->","yoast_head_json":{"title":"1942-1943 : Sabotage des liaisons telephoniques allemandes et arrestation du Capitaine Gatard | AASSDN | Anciens et Amis des Services Sp\u00e9ciaux","robots":{"index":"index","follow":"follow","max-snippet":"max-snippet:-1","max-image-preview":"max-image-preview:large","max-video-preview":"max-video-preview:-1"},"canonical":"https:\/\/aassdn.org\/amicale\/1942-1943-sabotage-des-liaisons-telephoniques-allemandes-et-arrestation-du-capitaine-gatard\/","og_locale":"fr_FR","og_type":"article","og_title":"1942-1943 : Sabotage des liaisons telephoniques allemandes et arrestation du Capitaine Gatard | AASSDN | Anciens et Amis des Services Sp\u00e9ciaux","og_description":"Nous publions ci-apr\u00e8s le t\u00e9moignage de M. Jacques DUMAS-PRIMBAULT, Directeur r\u00e9gional des T\u00e9l\u00e9communications, \u00e0 Limoges en 1943, sur les circonstances qui ont pr\u00e9c\u00e9d\u00e9 l&#8217;arrestation \u00e0 Limoges en mai 1943 du Capitaine GATARD, dont l&#8217;A.A.S.S.D.N. a honor\u00e9 la m\u00e9moire au cours de son Congr\u00e8s de Lyon. Ce r\u00e9cit a le m\u00e9rite de souligner l&#8217;intensit\u00e9 de l&#8217;action [&hellip;]","og_url":"https:\/\/aassdn.org\/amicale\/1942-1943-sabotage-des-liaisons-telephoniques-allemandes-et-arrestation-du-capitaine-gatard\/","og_site_name":"AASSDN | Anciens et Amis des Services Sp\u00e9ciaux","article_published_time":"2021-10-29T08:00:21+00:00","article_modified_time":"2024-03-15T13:07:07+00:00","author":"AASSDN","twitter_card":"summary_large_image","twitter_misc":{"\u00c9crit par":"AASSDN","Dur\u00e9e de lecture estim\u00e9e":"3 minutes"},"schema":{"@context":"https:\/\/schema.org","@graph":[{"@type":"Article","@id":"https:\/\/aassdn.org\/amicale\/1942-1943-sabotage-des-liaisons-telephoniques-allemandes-et-arrestation-du-capitaine-gatard\/#article","isPartOf":{"@id":"https:\/\/aassdn.org\/amicale\/1942-1943-sabotage-des-liaisons-telephoniques-allemandes-et-arrestation-du-capitaine-gatard\/"},"author":{"name":"AASSDN","@id":"https:\/\/aassdn.org\/amicale\/#\/schema\/person\/73800712a272e6d58a10a86ea9e59671"},"headline":"1942-1943 : Sabotage des liaisons telephoniques allemandes et arrestation du Capitaine Gatard","datePublished":"2021-10-29T08:00:21+00:00","dateModified":"2024-03-15T13:07:07+00:00","mainEntityOfPage":{"@id":"https:\/\/aassdn.org\/amicale\/1942-1943-sabotage-des-liaisons-telephoniques-allemandes-et-arrestation-du-capitaine-gatard\/"},"wordCount":685,"publisher":{"@id":"https:\/\/aassdn.org\/amicale\/#organization"},"keywords":["Congr\u00e8s","contre-espionnage","Espionnage","guerre","Limoges","m\u00e9moire","patriotisme","Renseignement","R\u00e9sistance","sabotage","t\u00e9moignage"],"articleSection":["1940-1942","1942-1945","2\u00e8me Guerre Mondiale (1939-1945)","Europe de l'Ouest","Extraits de bulletin","Renseignement","Services allemands"],"inLanguage":"fr-FR"},{"@type":"WebPage","@id":"https:\/\/aassdn.org\/amicale\/1942-1943-sabotage-des-liaisons-telephoniques-allemandes-et-arrestation-du-capitaine-gatard\/","url":"https:\/\/aassdn.org\/amicale\/1942-1943-sabotage-des-liaisons-telephoniques-allemandes-et-arrestation-du-capitaine-gatard\/","name":"1942-1943 : Sabotage des liaisons telephoniques allemandes et arrestation du Capitaine Gatard | AASSDN | Anciens et Amis des Services Sp\u00e9ciaux","isPartOf":{"@id":"https:\/\/aassdn.org\/amicale\/#website"},"datePublished":"2021-10-29T08:00:21+00:00","dateModified":"2024-03-15T13:07:07+00:00","breadcrumb":{"@id":"https:\/\/aassdn.org\/amicale\/1942-1943-sabotage-des-liaisons-telephoniques-allemandes-et-arrestation-du-capitaine-gatard\/#breadcrumb"},"inLanguage":"fr-FR","potentialAction":[{"@type":"ReadAction","target":["https:\/\/aassdn.org\/amicale\/1942-1943-sabotage-des-liaisons-telephoniques-allemandes-et-arrestation-du-capitaine-gatard\/"]}]},{"@type":"BreadcrumbList","@id":"https:\/\/aassdn.org\/amicale\/1942-1943-sabotage-des-liaisons-telephoniques-allemandes-et-arrestation-du-capitaine-gatard\/#breadcrumb","itemListElement":[{"@type":"ListItem","position":1,"name":"Accueil","item":"https:\/\/aassdn.org\/amicale\/"},{"@type":"ListItem","position":2,"name":"1942-1943 : Sabotage des liaisons telephoniques allemandes et arrestation du Capitaine Gatard"}]},{"@type":"WebSite","@id":"https:\/\/aassdn.org\/amicale\/#website","url":"https:\/\/aassdn.org\/amicale\/","name":"AASSDN | Anciens et Amis des Services Sp\u00e9ciaux","description":"Services sp\u00e9ciaux : Des h\u00e9ros anonymes au service exclusif de la France","publisher":{"@id":"https:\/\/aassdn.org\/amicale\/#organization"},"potentialAction":[{"@type":"SearchAction","target":{"@type":"EntryPoint","urlTemplate":"https:\/\/aassdn.org\/amicale\/?s={search_term_string}"},"query-input":{"@type":"PropertyValueSpecification","valueRequired":true,"valueName":"search_term_string"}}],"inLanguage":"fr-FR"},{"@type":"Organization","@id":"https:\/\/aassdn.org\/amicale\/#organization","name":"AASSDN | Anciens et Amis des Services Sp\u00e9ciaux","url":"https:\/\/aassdn.org\/amicale\/","logo":{"@type":"ImageObject","inLanguage":"fr-FR","@id":"https:\/\/aassdn.org\/amicale\/#\/schema\/logo\/image\/","url":"https:\/\/aassdn.org\/amicale\/wp-content\/uploads\/Logo_AASSDN_transparent2.png","contentUrl":"https:\/\/aassdn.org\/amicale\/wp-content\/uploads\/Logo_AASSDN_transparent2.png","width":1832,"height":1609,"caption":"AASSDN | Anciens et Amis des Services Sp\u00e9ciaux"},"image":{"@id":"https:\/\/aassdn.org\/amicale\/#\/schema\/logo\/image\/"}},{"@type":"Person","@id":"https:\/\/aassdn.org\/amicale\/#\/schema\/person\/73800712a272e6d58a10a86ea9e59671","name":"AASSDN","image":{"@type":"ImageObject","inLanguage":"fr-FR","@id":"https:\/\/secure.gravatar.com\/avatar\/9653808d17788562e72d77e426d8d02775774239aefd00a9b4e852423d8e9d7e?s=96&d=mm&r=g","url":"https:\/\/secure.gravatar.com\/avatar\/9653808d17788562e72d77e426d8d02775774239aefd00a9b4e852423d8e9d7e?s=96&d=mm&r=g","contentUrl":"https:\/\/secure.gravatar.com\/avatar\/9653808d17788562e72d77e426d8d02775774239aefd00a9b4e852423d8e9d7e?s=96&d=mm&r=g","caption":"AASSDN"},"sameAs":["https:\/\/aassdn.org\/amicale"],"url":"https:\/\/aassdn.org\/amicale\/author\/wordpress\/"}]}},"_links":{"self":[{"href":"https:\/\/aassdn.org\/amicale\/wp-json\/wp\/v2\/posts\/2405","targetHints":{"allow":["GET"]}}],"collection":[{"href":"https:\/\/aassdn.org\/amicale\/wp-json\/wp\/v2\/posts"}],"about":[{"href":"https:\/\/aassdn.org\/amicale\/wp-json\/wp\/v2\/types\/post"}],"author":[{"embeddable":true,"href":"https:\/\/aassdn.org\/amicale\/wp-json\/wp\/v2\/users\/1"}],"replies":[{"embeddable":true,"href":"https:\/\/aassdn.org\/amicale\/wp-json\/wp\/v2\/comments?post=2405"}],"version-history":[{"count":0,"href":"https:\/\/aassdn.org\/amicale\/wp-json\/wp\/v2\/posts\/2405\/revisions"}],"wp:attachment":[{"href":"https:\/\/aassdn.org\/amicale\/wp-json\/wp\/v2\/media?parent=2405"}],"wp:term":[{"taxonomy":"category","embeddable":true,"href":"https:\/\/aassdn.org\/amicale\/wp-json\/wp\/v2\/categories?post=2405"},{"taxonomy":"post_tag","embeddable":true,"href":"https:\/\/aassdn.org\/amicale\/wp-json\/wp\/v2\/tags?post=2405"}],"curies":[{"name":"wp","href":"https:\/\/api.w.org\/{rel}","templated":true}]}}