{"id":2404,"date":"2021-10-29T10:00:21","date_gmt":"2021-10-29T08:00:21","guid":{"rendered":"https:\/\/aassdn.org\/amicale\/souvenirs-de-deportation-1\/"},"modified":"2024-03-15T14:07:05","modified_gmt":"2024-03-15T13:07:05","slug":"souvenirs-de-deportation-1","status":"publish","type":"post","link":"https:\/\/aassdn.org\/amicale\/souvenirs-de-deportation-1\/","title":{"rendered":"Souvenirs de deportation (1)"},"content":{"rendered":"<p>J&#8217;ai \u00e9t\u00e9 arr\u00eat\u00e9 le 27 Avril 1944.             Il \u00e9tait 10 heures lorsque deux agents de la Gestapo me dirent : &#8221;       Suivez-nous jusqu&#8217;\u00e0 la rue des Saussaies, nous vous rendrons votre libert\u00e9       dans quelques minutes, il s&#8217;agit d&#8217;un simple interrogatoire d&#8217;identit\u00e9 &#8220;.             Je ne fus pas surpris d&#8217;\u00eatre longuement interrog\u00e9 sur mon activit\u00e9 dans la       r\u00e9sistance. Ces &#8221; messieurs &#8220;, fort bien renseign\u00e9s, ne se montr\u00e8rent       cependant pas satisfaits de mes d\u00e9clarations. A 20 heures, ils me firent       conduire \u00e0 la prison de Fresnes.<br \/>\u00ab Wehrmachtgef\u00e4ngnis : Abt. Fresnes \u00bb Le premier souci, pour un d\u00e9tenu, est de graver un calendrier dans un petit       coin de mur de sa cellule. La tenue \u00e0 jour de ce calendrier, tout en       permettant de conserver la notion du temps, est une occupation agr\u00e9able.             Le lendemain de mon arriv\u00e9e, je me mis en devoir d&#8217;\u00e9tablir un calendrier       pour trois mois. Cependant, au cours de mon travail. je fus interrompu deux       fois par le gardien r\u00f4deur. La premi\u00e8re fois (6 Juin) devait co\u00efncider avec       l&#8217;annonce du d\u00e9barquement alli\u00e9, la seconde (15 juillet) avec celle de ma       d\u00e9portation en Allemagne.<\/p>\n<p class=\"Style28 Style29\" align=\"justify\">            Je partageais ma cellule avec :<\/p>\n<p class=\"Style28 Style29\" align=\"justify\">&#8211; H.. un vieillard aux cheveux blancs qui avait mis son appareil       t\u00e9l\u00e9phonique \u00e0 la disposition d&#8217;agents de l&#8217;intelligence Service. (Sa femme,       arr\u00eat\u00e9e avec lui, \u00e9tait \u00e0 la 3\u00e8me division).<\/p>\n<p class=\"Style28 Style29\" align=\"justify\">&#8211; J., jeune homme fort sympathique, qui assurait la liaison entre deux       r\u00e9seaux clandestins. Une r\u00e9elle camaraderie naquit entre nous. Nous       partagions la m\u00eame savonnette, la m\u00eame cigarette et il nous arrivait parfois       de diviser un morceau de sucre en trois.<\/p>\n<p class=\"Style28 Style29\" align=\"justify\">            H\u00e9las, aujourd&#8217;hui l&#8217;un de nous n&#8217;est plus ; \u00ab Vous ne verrez plus J.., m&#8217;a       \u00e9crit sa soeur, il a travaill\u00e9 tr\u00e8s dur dans une mine de sel et, ayant eu       une faiblesse au cours d&#8217;une marche forc\u00e9e, il a \u00e9t\u00e9 abattu d&#8217;une balle dans       la nuque &#8220;.<\/p>\n<p class=\"Style28 Style29\" align=\"justify\">            H.. et moi l&#8217;avons pleur\u00e9 ensemble.<\/p>\n<p class=\"Style28 Style29\" align=\"justify\">            Les d\u00e9tenus de Fresnes \u00e9taient toujours bien renseign\u00e9s. Les principales       informations provenaient :             1\u00b0\/- des d\u00e9tenus nouvellement arriv\u00e9s,             2\u00b0\/- d&#8217;un d\u00e9tenu am\u00e9ricain appel\u00e9 par ses fonctions d&#8217;aide infirmier, \u00e0       circuler assez librement \u00e0 l&#8217;int\u00e9rieur de la 1\u00e8re division,             3\u00b0\/- de petits carr\u00e9s de journaux mis gracieusement, chaque matin, \u00e0 la       disposition des d\u00e9tenus.<br \/>            Les renseignements, qui en valaient la peine, \u00e9taient aussit\u00f4t transmis en       morse aux cellules voisines (coups de cuiller contre les murs), par la       chemin\u00e9e, \u00e0 celles des \u00e9tages inf\u00e9rieur et sup\u00e9rieur.<\/p>\n<p class=\"Style28 Style29\" align=\"justify\">Enfin, \u00ab Radio-Fresnes       \u00bb (un d\u00e9tenu de la 2\u00e8me division mettant \u00e0 profit l&#8217;heure de la rel\u00e8ve du       service de garde) diffusait tous les soirs, \u00e0 17 heures, la synth\u00e8se des       \u00e9v\u00e8nements importants.<\/p>\n<p class=\"Style28 Style29\" align=\"justify\">\n<p class=\"Style28 Style29\" align=\"justify\">La transmission des nouvelles \u00e9tait tr\u00e8s       rapide. Pour ne donner qu&#8217;un exemple : le 6 Juin \u00e0 10 heures du matin,       l&#8217;annonce du d\u00e9barquement alli\u00e9 sur les c\u00f4tes de France avait d\u00e9j\u00e0 fait le       tour de la prison. Cette nouvelle avait \u00e9t\u00e9 annonc\u00e9e par l&#8217;aide infirmier       am\u00e9ricain. Le m\u00eame jour, &#8221; Radio-Fresnes &#8221; donnait d\u00e9j\u00e0 d&#8217;int\u00e9ressants d\u00e9tails et terminait       par &#8221; on les aura &#8221; son extraordinaire et presque incroyable \u00ab \u00e9mission \u00bb.<\/p>\n<p class=\"Style28 Style29\" align=\"justify\">C&#8217;est en criant &#8221; Promenade &#8221; que les gardiens nous annon\u00e7aient chaque jeudi       l&#8217;heure de notre sortie hebdomadaire. Dans une courette de 30 m\u00e8tres carr\u00e9s       environ, entour\u00e9e de murs de 4 m\u00e8tres, nous pouvions, mes deux amis et moi,       respirer un air \u00ab relativement \u00bb pur, nous donner un peu d&#8217;exercice par une       marche rapide ou au pas gymnastique,et cueillir \u00e7\u00e0 et l\u00e0 &#8211; et avec quelle       joie &#8211; trois ou quatre pissenlits.<\/p>\n<p class=\"Style28 Style29\" align=\"justify\">            Mais le temps passe vite quand on peut voir le ciel. A la dixi\u00e8me minute,       sur un coup de sifflet, nous regagnions tristement notre cellule sans       soleil.<\/p>\n<p class=\"Style28 Style29\" align=\"justify\">            Le 6 Juin, \u00e0 la suite d&#8217;une tr\u00e8s sommaire visite m\u00e9dicale, je fus d\u00e9clar\u00e9 &#8221;       bon &#8220;, car je n&#8217;\u00e9tais ni tuberculeux ni syphilitique. Je devais donc       m&#8217;attendre \u00e0 quitter assez rapidement la 1\u00e8re division pour rejoindre le       camp de Compi\u00e8gne. Cette pens\u00e9e m&#8217;\u00e9tait extr\u00eamement p\u00e9nible, d&#8217;autant plus       que nous venions d&#8217;apprendre la nouvelle du d\u00e9barquement.<\/p>\n<p class=\"Style28 Style29\" align=\"justify\">\n<p class=\"Style28 Style29\" align=\"justify\">Les jours,       cependant, s&#8217;\u00e9coulaient; 10 Juin, 12 juin. 15 Juin, 21 Juin, j&#8217;\u00e9tais       toujours avec mes amis H.. et J..<\/p>\n<p class=\"Style28 Style29\" align=\"justify\">            En Normandie et dans le Cotentin, les troupes alli\u00e9es avan\u00e7aient, c&#8217;est du       moins ce que nous annon\u00e7ait tous les soirs &#8221; Radio-Fresnes &#8220;. J&#8217;esp\u00e9rais,       J&#8217;\u00e9tais m\u00eame par moments optimiste.<\/p>\n<p class=\"Style28 Style29\" align=\"justify\">\n<p class=\"Style28 Style29\" align=\"justify\">Mais le 27 un message d&#8217;une cellule       voisine parla de l&#8217;imminence d&#8217;un d\u00e9part. Le 28, ce message fut confirm\u00e9 par       les gardiens eux-m\u00eames. Le 29 au matin, enfin, je fis \u00e0 mes deux amis les       adieux que l&#8217;on devine. Quatre camions attendaient dans la cour ; un peu \u00e0       l&#8217;\u00e9cart, les gardiens du convoi, l&#8217;arme \u00e0 la main, regardaient et       ricanaient. \u00ab Vingt-cinq hommes par camion, montez \u00bb dit un sous-officier. Rapidement,       sous une pluie torrentielle, le convoi se dirigea sur Compi\u00e8gne.<br \/><strong>&#8211; II &#8211;<\/strong> <strong>LE CAMP DE ROYALLIEU<\/strong>             (29 Juin &#8211; 15 Juillet 1944)<\/p>\n<p class=\"Style28 Style29\" align=\"justify\">            Le camp de Royallieu offrait aux d\u00e9tenus venant des prisons de l&#8217;air, de       l&#8217;espace et des distractions.<\/p>\n<p class=\"Style28 Style29\" align=\"justify\">En effet, en dehors des petites corv\u00e9es       d\u2019entretien du camp, assur\u00e9es \u00e0 tour de r\u00f4le par chaque baraque, on pouvait       circuler &#8221; librement &#8220;, faire de longues siestes au soleil ou pratiquer       quelques jeux sportifs. Malheureusement, on savait que c&#8217;\u00e9tait l\u00e0 un camp de       passage et qu&#8217;il constituait un tremplin vers d&#8217;autres camps plus lointains       et moins paisibles.<\/p>\n<p class=\"Style28 Style29\" align=\"justify\">\n<p class=\"Style28 Style29\" align=\"justify\">Le jour m\u00eame de mon arriv\u00e9e, je rencontrai L.., mon       camarade du SSM\/TR, chez lequel, au moment de sa capture, la Gestapo avait       malheureusement trouv\u00e9 mon num\u00e9ro de t\u00e9l\u00e9phone .<\/p>\n<p class=\"Style28 Style29\" align=\"justify\">\n<p class=\"Style28 Style29\" align=\"justify\">Longuement L.. me parla de       son interrogatoire.<\/p>\n<p class=\"Style28 Style29\" align=\"justify\">\u00ab Je vais bient\u00f4t partir pour l&#8217;Allemagne, me dit-il, le prochain convoi est annonc\u00e9 pour le 2 Juillet \u00bb. En effet, le 2 Juillet, L.. franchit la porte du camp. Quelques minutes avant, nous avions pu nous serrer la main. L., n&#8217;est pas revenu : dans ce convoi, il y avait 100 hommes par wagon et beaucoup sont morts asphyxi\u00e9s pendant leur transfert en Allemagne. L.. est mort ainsi au milieu de quelques camarades de notre r\u00e9seau.<\/p>\n<p class=\"Style28 Style29\" align=\"justify\">            Un imposant convoi de d\u00e9tenus venant des prisons \u00e9vacu\u00e9es de Bretagne et de       Normandie est attendu au camp.             Les \u00ab policiers \u00bb (ce sont des d\u00e9tenus fran\u00e7ais charg\u00e9s du maintien de la       discipline dans le camp) d\u00e9signent une corv\u00e9e pour pr\u00e9parer les chambres et       le couchage de ces d\u00e9tenus. Je ne me d\u00e9robe pas \u00e0 cette t\u00e2che. Avec       plusieurs autres camarades, je balaie, je lave \u00e0 grande eau, j&#8217;\u00e9ponge, je       mets des lits en place. Je tourne et retourne des paillasses. La chambre est       grise de poussi\u00e8re. Un r\u00e9giment de puces s\u2019en va vers de nouvelles conqu\u00eates.       J&#8217;en ai dans le cou, dans le dos, et \u2026ailleurs. Cela devient insupportable.             En l&#8217;absence du &#8221; policier &#8220;, je quitte rapidement les lieux pour me rendre       dans un endroit discret. J&#8217;ai tu\u00e9 l\u00e0 73 puces.<br \/>            Vers l&#8217;inconnu             15 Juillet, apr\u00e8s-midi : sous un soleil torride, on fait 1\u2019appel des 2.000       d\u00e9tenus qui, dans la soir\u00e9e, quitteront Compi\u00e8gne pour l&#8217;Allemagne. L&#8217;appel       est long et compliqu\u00e9. Soudain, un grand coup de sifflet annonce l&#8217;heure du       d\u00e9part. En colonne par cinq, au pas cadenc\u00e9, encadr\u00e9s par des gardiens       arm\u00e9s, les d\u00e9tenus traversent la ville en direction de la gare.<\/p>\n<p class=\"Style28 Style29\" align=\"justify\">\n<p class=\"Style28 Style29\" align=\"justify\">De nombreux Compi\u00e8gnois accourent pour nous crier des mots de sympathie, mais, menac\u00e9s       par l&#8217;arme d&#8217;un gardien, ils se dispersent rapidement. Derri\u00e8re une fen\u00eatre.       J\u2019aper\u00e7ois une vieille femme qui pleure. Nous arrivons \u00e0 la gare.<\/p>\n<p class=\"Style28 Style29\" align=\"justify\">\n<p class=\"Style28 Style29\" align=\"justify\">Sur le       quai, devant les wagons de marchandises qui composent notre train, des       groupes de 60 hommes se forment. Peu apr\u00e8s, l`ordre d\u2019embarquer retentit :       tel un troupeau pourchass\u00e9, nous nous bousculons pour monter dans le wagon.<\/p>\n<p class=\"Style28 Style29\" align=\"justify\">\n<p class=\"Style28 Style29\" align=\"justify\">Les premiers d\u2019entre nous ont la chance de choisir une place offrant un       appui contre la paroi. Les derniers, moins heureux, s&#8217;installent dans le       centre. L&#8217;agitation qu&#8217;a occasionn\u00e9 l&#8217;embarquement s&#8217;apaise peu \u00e0 peu et       pendant pr\u00e9s de deux heures d&#8217;attente, r\u00e8gne un silence quasi complet.<\/p>\n<p class=\"Style28 Style29\" align=\"justify\">\n<p class=\"Style28 Style29\" align=\"justify\">Soudain le train s&#8217;\u00e9branle. Ceux qui s&#8217;\u00e9taient endormis se r\u00e9veillent. Des       conversations s\u2019engagent, certains affirment leur intention de s&#8217;\u00e9vader,       d&#8217;autres, en raison du grave danger et des repr\u00e9sailles qu&#8217;entra\u00eenerait une       tentative de fuite, les en dissuadent. In\u00e9vitablement, des querelles et des       bagarres \u00e9clatent.<\/p>\n<p class=\"Style28 Style29\" align=\"justify\">            Le train roule depuis longtemps maintenant. La chaleur, qui est devenue       suffocante, provoque des cris de rage et de d\u00e9tresse.             Cet enfer a dur\u00e9 trois jours et trois nuits. Plus de cent d\u00e9tenus de ce       convoi ne purent survivre \u00e0 pareille \u00e9preuve.<\/p>\n<p class=\"Style28 Style29\" align=\"justify\">            J&#8217;avais pr\u00e9par\u00e9 un message pour ma femme dans lequel je lui annon\u00e7ais mon       d\u00e9part pour l&#8217;Allemagne. Pendant que le train roulait, je jetai mon message       sur le quai de la gare de ROZOY (dans l&#8217;Aisne), il parvint \u00e0 ma femme gr\u00e2ce       \u00e0 un cheminot r\u00e9sistant. <strong> &#8211; III \u2013 LE CAMP DE NEUENGAMME<\/strong>             (18-24 Juillet 1944)<\/p>\n<p class=\"Style28 Style29\" align=\"justify\">            18 Juillet .- Le train arrive enfin \u00e0 destination. Sur le quai de la gare du       camp de Neuengamme, des S.S. et des chiens-loups attendent. Rapidement, sous       la brutalit\u00e9 des coups de botte et de matraques, les d\u00e9tenus descendent des       wagons et les rangs se forment.<\/p>\n<p class=\"Style28 Style29\" align=\"justify\">            Enti\u00e8rement d\u00e9v\u00eatus, une centaine d&#8217;hommes se trouvent en fin de colonne.       Qu&#8217;ont-ils donc fait pour subir pareille peine ?<\/p>\n<p class=\"Style28 Style29\" align=\"justify\">            Certains ont tent\u00e9 de s\u2019\u00e9vader, mais des innocents sont parmi ces hommes.       Qu&#8217;importe \u00e0 ces brutes de S.S. : Harass\u00e9s, sous un soleil br\u00fblant, les       d\u00e9tenus se dirigent vers le camp situ\u00e9 \u00e0 plusieurs centaines de m\u00e8tres.<\/p>\n<p class=\"Style28 Style29\" align=\"justify\">            A leur arriv\u00e9e, tous les d\u00e9tenus du convoi sont enferm\u00e9s dans un \u00e9troit       sous-sol o\u00f9, bient\u00f4t, l&#8217;air devient irrespirable. Le calme r\u00e8gne cependant       car tout le monde se ressent des suites du voyage infernal.<\/p>\n<p class=\"Style28 Style29\" align=\"justify\">            Pr\u00e8s de la porte d&#8217;entr\u00e9e du sous-sol un groupe de pr\u00eatres et de       s\u00e9minaristes subissent, sans mot dire, les moqueries, les mesquineries et       ensuite les coups des deux gardiens S.S.<\/p>\n<p class=\"Style28 Style29\" align=\"justify\">\n<p class=\"Style28 Style29\" align=\"justify\">Apr\u00e8s une attente prolong\u00e9e, un       triste d\u00e9fil\u00e9 commence ;             1\u00b0\/- Vers le bureau charg\u00e9 de recueillir les objets personnels des d\u00e9tenus       (adieu alliance, chevali\u00e8re, montre, stylo, portefeuille et photos&#8230;)             2\u00b0\/- Vers le \u00ab salon de coiffure \u00bb o\u00f9 op\u00e8rent des \u00ab coiffeurs \u00bb       inexp\u00e9riment\u00e9s, mais qui r\u00e9ussissent cependant \u00e0 \u00e9piler compl\u00e8tement un       homme en moins de deux minutes;             3\u00b0\/-  Vers les douches, seul endroit o\u00f9 semble r\u00e9gner, pendant quelques       secondes, une sorte de bien-\u00eatre;             4\u00b0\/-  Vers le magasin d&#8217;habillement o\u00f9 sont distribu\u00e9s en toute h\u00e2te des       v\u00eatements usag\u00e9s (trop \u00e9troits et trop courts pour les uns, trop amples et       trop longs pour les autres);             5\u00b0\/-  Vers le bureau administratif o\u00f9 s\u2019effectue l&#8217;\u00e9tablissement des fiches       individuelles;             6\u00b0\/-  Vers la grande place du camp o\u00f9 se tiendra un interminable appel ;             7\u00b0\/-  Vers notre \u00ab bloc \u00bb que commande un condamn\u00e9 de droit commun (il est \u00e0       Neuengamme depuis 1932);             8\u00b0\/-  Vers nos couchettes, enfin, sur lesquelles, compl\u00e8tement \u00e9puis\u00e9s, nous       sombrons dans un profond sommeil.<br \/>            Les d\u00e9tenus, nouvellement arriv\u00e9s, \u00e9taient en &#8221; quarantaine &#8220;.<\/p>\n<p class=\"Style28 Style29\" align=\"justify\">\n<p class=\"Style28 Style29\" align=\"justify\">Dans une       inactivit\u00e9 totale, ils passaient de longues journ\u00e9es (le r\u00e9veil \u00e9tait \u00e0 4h30) assis au soleil devant leur baraque; ils ne parlaient gu\u00e8re. Avec       impatience, ils attendaient l&#8217;heure de la distribution de la soupe de midi       et celle du casse-cro\u00fbte du soir; avec plus d&#8217;impatience encore ils       attendaient l&#8217;heure \u00e0 laquelle il leur \u00e9tait permis de se coucher (19h.).<\/p>\n<p class=\"Style28 Style29\" align=\"justify\">            L&#8217;aviation anglaise effectuait de fr\u00e9quents vols de nuit au-dessus de la       r\u00e9gion. Les sir\u00e8nes hurlaient au milieu de la nuit; au pas de gymnastique,       les d\u00e9tenus se dirigeaient alors vers un soi-disant abri situ\u00e9 \u00e0 200 m\u00e8tres       de la baraque, malheur \u00e0 celui qui s&#8217;attardait pour essayer de retrouver un       sabot \u00e9gar\u00e9, il \u00e9tait rou\u00e9 de coups pendant toute la dur\u00e9e de l&#8217;alerte.<\/p>\n<p class=\"Style28 Style29\" align=\"justify\">            Celle-ci. parfois, durait plusieurs heures. Aussi le signal de fin d&#8217;alerte       \u00e9tait-il accueilli par tous avec un soupir de soulagement. Chacun, alors,       retournait vers sa couchette, heureux de se rendormir. Mais ne fallait-il       pas, quelques heures plus tard, se pr\u00e9cipiter \u00e0 nouveau vers l&#8217;abri ?             Ainsi la nuit s&#8217;\u00e9coulait, moins calme que le jour.<\/p>\n<p class=\"Style28 Style29\" align=\"justify\">            Nous sommes \u00e0 Neuengamme depuis quelques jours. Pour la plupart d&#8217;entre nous       la fatigue du voyage s&#8217;est dissip\u00e9e. Cependant, quelques camarades portent       non seulement encore la trace d&#8217;une fatigue physique, mais aussi celle d&#8217;un       \u00e9puisement moral. Ils demeurent absolument indiff\u00e9rents \u00e0 la nouvelle       r\u00e9confortante du complot du 20 Juillet, qui circule de bouche en bouche.<\/p>\n<p class=\"Style28 Style29\" align=\"justify\">\n<p class=\"Style28 Style29\" align=\"justify\">En       proie \u00e0 une crise de d\u00e9sespoir suivie d&#8217;une crise de folie, l&#8217;un d&#8217;entre eux       &#8211; un homme d&#8217;une cinquantaine d&#8217;ann\u00e9es &#8211; est \u00e9tendu \u00e0 terre, l&#8217;\u00e9cume aux       l\u00e8vres. Il ne cesse de crier et de hurler. Rapidement, le chef de bloc       l\u2019emm\u00e8ne. Il a &#8221; succomb\u00e9 &#8221; le m\u00eame jour.<\/p>\n<p class=\"Style28 Style29\" align=\"justify\">            Notre &#8221; quarantaine &#8221; ne devait pas \u00eatre de longue dur\u00e9e. Cinq jours apr\u00e8s       notre arriv\u00e9e \u00e0 Neuengamme, tout notre convoi fut rassembl\u00e9 en carr\u00e9 sur la       grande place du camp. Nous ne devions pas tarder \u00e0 apprendre qu&#8217;un kommando       de cinquante hommes devait \u00eatre form\u00e9.<\/p>\n<p class=\"Style28 Style29\" align=\"justify\">\n<p class=\"Style28 Style29\" align=\"justify\">On fit appel \u00e0 des &#8221; volontaires &#8221;       et, bien qu&#8217;aucune indication ne fut donn\u00e9e sur le genre de travail       qu&#8217;aurait \u00e0 accomplir ce kommando, il y en eut un certain nombre. Un S.S. en       d\u00e9signa au hasard pour compl\u00e9ter l&#8217;effectif.<\/p>\n<p class=\"Style28 Style29\" align=\"justify\">\n<p class=\"Style28 Style29\" align=\"justify\">Je m&#8217;\u00e9tais pr\u00e9sent\u00e9 comme       volontaire car, comme certains, j&#8217;avais h\u00e2te de rejoindre un petit kommando       dont plusieurs &#8221; anciens &#8221; avaient expos\u00e9 les avantages.<\/p>\n<p class=\"Style28 Style29\" align=\"justify\">            Nous devions, le lendemain, recevoir un uniforme ray\u00e9 bleu et blanc (en       \u00e9change des vieilles \u00ab frusques \u00bb per\u00e7ues \u00e0 notre arriv\u00e9e) et partir pour       une destination inconnue.<\/p>\n<p class=\"Style28 Style29\" align=\"justify\">            Avant notre d\u00e9part, chacun re\u00e7ut un casse-cro\u00fbte et quelques cigarettes. Il       n&#8217;en fallait pas davantage pour provoquer une bonne humeur qui dura presque       pendant toute la dur\u00e9e du voyage.<\/p>\n<p class=\"Style28 Style29\" align=\"justify\">\n<p class=\"Style28 Style29\" align=\"justify\">Nos quatre gardiens partageaient notre       joie et nous demandaient fr\u00e9quemment de chanter. Ils applaudirent m\u00eame       lorsque nous entonn\u00e2mes &#8220;Lili Marl\u00e8ne&#8221; dont, heureusement, ils ne comprirent       pas la version fran\u00e7aise. Soudain cette ga\u00eet\u00e9 g\u00e9n\u00e9rale me donna l&#8217;audace de       demander \u00e0 un gardien ce que nous allions devenir.<\/p>\n<p class=\"Style28 Style29\" align=\"justify\">\n<p class=\"Style28 Style29\" align=\"justify\">Surpris par cette       question, il fut un peu embarrass\u00e9 mais me r\u00e9pondit bient\u00f4t avec un sourire       aigre-doux : &#8220;Vous allez \u00e0 Kiel pour d\u00e9terrer des bombes non \u00e9clat\u00e9es&#8221;.       Surpris \u00e0 mon tour et constern\u00e9, j&#8217;annon\u00e7ai aussit\u00f4t cette nouvelle \u00e0 mes 49       camarades,             Les chants cess\u00e8rent, la joie fit place \u00e0 une angoisse g\u00e9n\u00e9rale. Nous ne       tard\u00e2mes pas \u00e0 arriver \u00e0 Kiel et plus d&#8217;un d&#8217;entre nous, regrettant       Neuengamme, se repentit d&#8217;avoir \u00e9t\u00e9 volontaire.<br \/><strong>&#8211; IV &#8211;             LE CAMP DE KIEL.<\/strong>             (25 Juillet &#8211; 30 Ao\u00fbt 1944)<br \/>            Apr\u00e8s avoir travers\u00e9 Kiel au pas cadenc\u00e9 (escort\u00e9s d&#8217;une garde imposante de       25 gendarmes), nous arriv\u00e2mes dans un camp de travailleurs &#8211; soi disant       libres &#8211; russes, dont une baraque avait \u00e9t\u00e9 lib\u00e9r\u00e9e pour \u00eatre mise \u00e0 notre       disposition.<\/p>\n<p class=\"Style28 Style29\" align=\"justify\">\n<p class=\"Style28 Style29\" align=\"justify\">Cette baraque qui comprenait huit chambres, devait non       seulement abriter les 50 hommes de notre kommando, mais aussi notre &#8221; chef &#8221;       un S.S. de 1 m, 90, ainsi qu\u2019une dizaine de gardiens d\u00e9j\u00e0 assez \u00e2g\u00e9s       appartenant \u00e0 la &#8220;Schupo&#8221;.<\/p>\n<p class=\"Style28 Style29\" align=\"justify\">\n<p class=\"Style28 Style29\" align=\"justify\">Le kommando disposait de trois chambres dont       chacune avait pour tout ameublement une table et un tabouret. Deux jours       apr\u00e8s notre arriv\u00e9e, nous re\u00e7\u00fbmes pour le groupe une quarantaine de       paillasses bourr\u00e9es de d\u00e9chets de papier.<\/p>\n<p class=\"Style28 Style29\" align=\"justify\">            Nous ne vivions pas comme \u00e0 NEUENGAMME, dans la crainte perp\u00e9tuelle de       recevoir des coups de matraque et pouvions donner libre cours \u00e0 nos paroles,       \u00e0 nos plaisanteries et \u00e0 nos jeux. Par ailleurs, la      nourriture \u00e9tait relativement bonne et copieuse.<br \/>            Aussi l&#8217;inqui\u00e9tude manifest\u00e9e au moment de notre arriv\u00e9e se trouva bient\u00f4t       apais\u00e9e en d\u00e9pit du travail extr\u00eamement dangereux que nous accomplissions et       que les gardiens appelaient &#8221; Himmelfahrt &#8221; (promenade au ciel ou \u00ab       Ascension \u00bb).<\/p>\n<p class=\"Style28 Style29\" align=\"justify\">Le r\u00e9veil avait lieu \u00e0 6 heures, l&#8217;appel \u00e0 6h45. Un quart d&#8217;heure plus       tard, 3 groupes de 12 hommes et un groupe de 14 hommes \u00e9taient form\u00e9s devant       la baraque pour \u00eatre conduits en camion \u00e0 proximit\u00e9 des points o\u00f9 les bombes       non \u00e9clat\u00e9es (ou quelquefois \u00e0 retardement) avaient \u00e9t\u00e9 signal\u00e9es.<\/p>\n<p class=\"Style28 Style29\" align=\"justify\">            Les points consid\u00e9r\u00e9s comme dangereux \u00e9taient tr\u00e8s nombreux et se situaient       en g\u00e9n\u00e9ral dans la banlieue de KIEL, dans un rayon de 5 \u00e0 6 kilom\u00e8tres au       Nord, \u00e0 l&#8217;ouest et au sud de cette ville.<\/p>\n<p class=\"Style28 Style29\" align=\"justify\">            Munie de pelles et de pioches, une \u00e9quipe de quatre hommes, escort\u00e9e de deux       &#8221; Schupos &#8220;, se dirigeait vers un point de chute d\u00e9termin\u00e9. Notre travail,       duquel nos gardiens avaient bien soin de se tenir \u00e0 respectable distance,       consistait tout d&#8217;abord \u00e0 tracer une \u00e9bauche &#8211; c&#8217;\u00e9tait en g\u00e9n\u00e9ral un carr\u00e9       de 3 m x 3 m quelquefois davantage, autour de l&#8217;excavation caus\u00e9e par la       chute de la bombe &#8211; ensuite \u00e0 faire usage d&#8217;une grande sonde pour essayer       de rep\u00e9rer l&#8217;endroit exact de l&#8217;engin que nous recherchions.<\/p>\n<p class=\"Style28 Style29\" align=\"justify\">\n<p class=\"Style28 Style29\" align=\"justify\">D&#8217;une mani\u00e8re       g\u00e9n\u00e9rale, par la nature meuble du terrain, les bombes p\u00e9n\u00e9traient loin dans       le sol (certaines \u00e9quipes creus\u00e8rent parfois jusqu&#8217;\u00e0 6 m\u00e8tres de profondeur)       et la matin\u00e9e s&#8217;\u00e9coulait lentement; mais lorsque le coup de sifflet de midi       annon\u00e7ait la cessation provisoire du travail, nous avions fait d\u00e9j\u00e0 de gros       efforts puisqu&#8217;il nous \u00e9tait impossible, du fond de notre trou, de voir       autre chose que le ciel.<\/p>\n<p class=\"Style28 Style29\" align=\"justify\">            Ce z\u00e8le \u00e9tait voulu.             A midi, les \u00e9quipes \u00e9taient rassembl\u00e9es et conduites &#8211; soit \u00e0 pied, soit en       camion &#8211; au restaurant le plus proche o\u00f9 le menu du jour leur \u00e9tait servi.       Apr\u00e8s le d\u00e9jeuner, mais sans conviction r\u00e9elle, chaque \u00e9quipe reprenait ses       outils.<\/p>\n<p class=\"Style28 Style29\" align=\"right\">\n<p class=\"Style19 Style28 Style29\">\n<div class=\"pdfprnt-buttons pdfprnt-buttons-post pdfprnt-bottom-right\"><a href=\"https:\/\/aassdn.org\/amicale\/wp-json\/wp\/v2\/posts\/2404?print=pdf\" class=\"pdfprnt-button pdfprnt-button-pdf\" target=\"_blank\" ><img decoding=\"async\" data-src=\"https:\/\/aassdn.org\/amicale\/wp-content\/plugins\/pdf-print\/images\/pdf.png\" alt=\"image_pdf\" title=\"Afficher le PDF\" src=\"data:image\/svg+xml;base64,PHN2ZyB3aWR0aD0iMSIgaGVpZ2h0PSIxIiB4bWxucz0iaHR0cDovL3d3dy53My5vcmcvMjAwMC9zdmciPjwvc3ZnPg==\" class=\"lazyload\" style=\"--smush-placeholder-width: 32px; --smush-placeholder-aspect-ratio: 32\/32;\" \/><\/a><a href=\"https:\/\/aassdn.org\/amicale\/wp-json\/wp\/v2\/posts\/2404?print=print\" class=\"pdfprnt-button pdfprnt-button-print\" target=\"_blank\" ><\/a><\/div>","protected":false},"excerpt":{"rendered":"<p>J&#8217;ai \u00e9t\u00e9 arr\u00eat\u00e9 le 27 Avril 1944. Il \u00e9tait 10 heures lorsque deux agents de la Gestapo me dirent : &#8221; Suivez-nous jusqu&#8217;\u00e0 la rue des Saussaies, nous vous rendrons votre libert\u00e9 dans quelques minutes, il s&#8217;agit d&#8217;un simple interrogatoire d&#8217;identit\u00e9 &#8220;. Je ne fus pas surpris d&#8217;\u00eatre longuement interrog\u00e9 sur mon activit\u00e9 dans la [&hellip;]<\/p>\n","protected":false},"author":1,"featured_media":0,"comment_status":"closed","ping_status":"open","sticky":false,"template":"","format":"standard","meta":{"_acf_changed":false,"footnotes":""},"categories":[79,106],"tags":[263,206,824,1170,1168,375,1164,617,262,214,238,1433],"class_list":["post-2404","post","type-post","status-publish","format-standard","hentry","category-extraits-de-bulletin","category-renseignement","tag-aviation","tag-debarquement","tag-deportation","tag-detenu","tag-fresnes","tag-gestapo","tag-kommando","tag-prison","tag-renseignement","tag-resistance","tag-russie","tag-ss"],"acf":[],"yoast_head":"<!-- This site is optimized with the Yoast SEO plugin v27.4 - https:\/\/yoast.com\/product\/yoast-seo-wordpress\/ -->\n<title>Souvenirs de deportation (1) | AASSDN | Anciens et Amis des Services Sp\u00e9ciaux<\/title>\n<meta name=\"robots\" content=\"index, follow, max-snippet:-1, max-image-preview:large, max-video-preview:-1\" \/>\n<link rel=\"canonical\" href=\"https:\/\/aassdn.org\/amicale\/souvenirs-de-deportation-1\/\" \/>\n<meta property=\"og:locale\" content=\"fr_FR\" \/>\n<meta property=\"og:type\" content=\"article\" \/>\n<meta property=\"og:title\" content=\"Souvenirs de deportation (1) | AASSDN | Anciens et Amis des Services Sp\u00e9ciaux\" \/>\n<meta property=\"og:description\" content=\"J&#8217;ai \u00e9t\u00e9 arr\u00eat\u00e9 le 27 Avril 1944. Il \u00e9tait 10 heures lorsque deux agents de la Gestapo me dirent : &#8221; Suivez-nous jusqu&#8217;\u00e0 la rue des Saussaies, nous vous rendrons votre libert\u00e9 dans quelques minutes, il s&#8217;agit d&#8217;un simple interrogatoire d&#8217;identit\u00e9 &#8220;. Je ne fus pas surpris d&#8217;\u00eatre longuement interrog\u00e9 sur mon activit\u00e9 dans la [&hellip;]\" \/>\n<meta property=\"og:url\" content=\"https:\/\/aassdn.org\/amicale\/souvenirs-de-deportation-1\/\" \/>\n<meta property=\"og:site_name\" content=\"AASSDN | Anciens et Amis des Services Sp\u00e9ciaux\" \/>\n<meta property=\"article:published_time\" content=\"2021-10-29T08:00:21+00:00\" \/>\n<meta property=\"article:modified_time\" content=\"2024-03-15T13:07:05+00:00\" \/>\n<meta name=\"author\" content=\"AASSDN\" \/>\n<meta name=\"twitter:card\" content=\"summary_large_image\" \/>\n<meta name=\"twitter:label1\" content=\"\u00c9crit par\" \/>\n\t<meta name=\"twitter:data1\" content=\"AASSDN\" \/>\n\t<meta name=\"twitter:label2\" content=\"Dur\u00e9e de lecture estim\u00e9e\" \/>\n\t<meta name=\"twitter:data2\" content=\"15 minutes\" \/>\n<script type=\"application\/ld+json\" class=\"yoast-schema-graph\">{\"@context\":\"https:\\\/\\\/schema.org\",\"@graph\":[{\"@type\":\"Article\",\"@id\":\"https:\\\/\\\/aassdn.org\\\/amicale\\\/souvenirs-de-deportation-1\\\/#article\",\"isPartOf\":{\"@id\":\"https:\\\/\\\/aassdn.org\\\/amicale\\\/souvenirs-de-deportation-1\\\/\"},\"author\":{\"name\":\"AASSDN\",\"@id\":\"https:\\\/\\\/aassdn.org\\\/amicale\\\/#\\\/schema\\\/person\\\/73800712a272e6d58a10a86ea9e59671\"},\"headline\":\"Souvenirs de deportation (1)\",\"datePublished\":\"2021-10-29T08:00:21+00:00\",\"dateModified\":\"2024-03-15T13:07:05+00:00\",\"mainEntityOfPage\":{\"@id\":\"https:\\\/\\\/aassdn.org\\\/amicale\\\/souvenirs-de-deportation-1\\\/\"},\"wordCount\":3066,\"publisher\":{\"@id\":\"https:\\\/\\\/aassdn.org\\\/amicale\\\/#organization\"},\"keywords\":[\"Aviation\",\"d\u00e9barquement\",\"d\u00e9portation\",\"d\u00e9tenu\",\"fresnes\",\"Gestapo\",\"kommando\",\"Prison\",\"Renseignement\",\"R\u00e9sistance\",\"Russie\",\"SS\"],\"articleSection\":[\"Extraits de bulletin\",\"Renseignement\"],\"inLanguage\":\"fr-FR\"},{\"@type\":\"WebPage\",\"@id\":\"https:\\\/\\\/aassdn.org\\\/amicale\\\/souvenirs-de-deportation-1\\\/\",\"url\":\"https:\\\/\\\/aassdn.org\\\/amicale\\\/souvenirs-de-deportation-1\\\/\",\"name\":\"Souvenirs de deportation (1) | AASSDN | Anciens et Amis des Services Sp\u00e9ciaux\",\"isPartOf\":{\"@id\":\"https:\\\/\\\/aassdn.org\\\/amicale\\\/#website\"},\"datePublished\":\"2021-10-29T08:00:21+00:00\",\"dateModified\":\"2024-03-15T13:07:05+00:00\",\"breadcrumb\":{\"@id\":\"https:\\\/\\\/aassdn.org\\\/amicale\\\/souvenirs-de-deportation-1\\\/#breadcrumb\"},\"inLanguage\":\"fr-FR\",\"potentialAction\":[{\"@type\":\"ReadAction\",\"target\":[\"https:\\\/\\\/aassdn.org\\\/amicale\\\/souvenirs-de-deportation-1\\\/\"]}]},{\"@type\":\"BreadcrumbList\",\"@id\":\"https:\\\/\\\/aassdn.org\\\/amicale\\\/souvenirs-de-deportation-1\\\/#breadcrumb\",\"itemListElement\":[{\"@type\":\"ListItem\",\"position\":1,\"name\":\"Accueil\",\"item\":\"https:\\\/\\\/aassdn.org\\\/amicale\\\/\"},{\"@type\":\"ListItem\",\"position\":2,\"name\":\"Souvenirs de deportation (1)\"}]},{\"@type\":\"WebSite\",\"@id\":\"https:\\\/\\\/aassdn.org\\\/amicale\\\/#website\",\"url\":\"https:\\\/\\\/aassdn.org\\\/amicale\\\/\",\"name\":\"AASSDN | Anciens et Amis des Services Sp\u00e9ciaux\",\"description\":\"Services sp\u00e9ciaux : Des h\u00e9ros anonymes au service exclusif de la France\",\"publisher\":{\"@id\":\"https:\\\/\\\/aassdn.org\\\/amicale\\\/#organization\"},\"potentialAction\":[{\"@type\":\"SearchAction\",\"target\":{\"@type\":\"EntryPoint\",\"urlTemplate\":\"https:\\\/\\\/aassdn.org\\\/amicale\\\/?s={search_term_string}\"},\"query-input\":{\"@type\":\"PropertyValueSpecification\",\"valueRequired\":true,\"valueName\":\"search_term_string\"}}],\"inLanguage\":\"fr-FR\"},{\"@type\":\"Organization\",\"@id\":\"https:\\\/\\\/aassdn.org\\\/amicale\\\/#organization\",\"name\":\"AASSDN | Anciens et Amis des Services Sp\u00e9ciaux\",\"url\":\"https:\\\/\\\/aassdn.org\\\/amicale\\\/\",\"logo\":{\"@type\":\"ImageObject\",\"inLanguage\":\"fr-FR\",\"@id\":\"https:\\\/\\\/aassdn.org\\\/amicale\\\/#\\\/schema\\\/logo\\\/image\\\/\",\"url\":\"https:\\\/\\\/aassdn.org\\\/amicale\\\/wp-content\\\/uploads\\\/Logo_AASSDN_transparent2.png\",\"contentUrl\":\"https:\\\/\\\/aassdn.org\\\/amicale\\\/wp-content\\\/uploads\\\/Logo_AASSDN_transparent2.png\",\"width\":1832,\"height\":1609,\"caption\":\"AASSDN | Anciens et Amis des Services Sp\u00e9ciaux\"},\"image\":{\"@id\":\"https:\\\/\\\/aassdn.org\\\/amicale\\\/#\\\/schema\\\/logo\\\/image\\\/\"}},{\"@type\":\"Person\",\"@id\":\"https:\\\/\\\/aassdn.org\\\/amicale\\\/#\\\/schema\\\/person\\\/73800712a272e6d58a10a86ea9e59671\",\"name\":\"AASSDN\",\"image\":{\"@type\":\"ImageObject\",\"inLanguage\":\"fr-FR\",\"@id\":\"https:\\\/\\\/secure.gravatar.com\\\/avatar\\\/9653808d17788562e72d77e426d8d02775774239aefd00a9b4e852423d8e9d7e?s=96&d=mm&r=g\",\"url\":\"https:\\\/\\\/secure.gravatar.com\\\/avatar\\\/9653808d17788562e72d77e426d8d02775774239aefd00a9b4e852423d8e9d7e?s=96&d=mm&r=g\",\"contentUrl\":\"https:\\\/\\\/secure.gravatar.com\\\/avatar\\\/9653808d17788562e72d77e426d8d02775774239aefd00a9b4e852423d8e9d7e?s=96&d=mm&r=g\",\"caption\":\"AASSDN\"},\"sameAs\":[\"https:\\\/\\\/aassdn.org\\\/amicale\"],\"url\":\"https:\\\/\\\/aassdn.org\\\/amicale\\\/author\\\/wordpress\\\/\"}]}<\/script>\n<!-- \/ Yoast SEO plugin. -->","yoast_head_json":{"title":"Souvenirs de deportation (1) | AASSDN | Anciens et Amis des Services Sp\u00e9ciaux","robots":{"index":"index","follow":"follow","max-snippet":"max-snippet:-1","max-image-preview":"max-image-preview:large","max-video-preview":"max-video-preview:-1"},"canonical":"https:\/\/aassdn.org\/amicale\/souvenirs-de-deportation-1\/","og_locale":"fr_FR","og_type":"article","og_title":"Souvenirs de deportation (1) | AASSDN | Anciens et Amis des Services Sp\u00e9ciaux","og_description":"J&#8217;ai \u00e9t\u00e9 arr\u00eat\u00e9 le 27 Avril 1944. Il \u00e9tait 10 heures lorsque deux agents de la Gestapo me dirent : &#8221; Suivez-nous jusqu&#8217;\u00e0 la rue des Saussaies, nous vous rendrons votre libert\u00e9 dans quelques minutes, il s&#8217;agit d&#8217;un simple interrogatoire d&#8217;identit\u00e9 &#8220;. Je ne fus pas surpris d&#8217;\u00eatre longuement interrog\u00e9 sur mon activit\u00e9 dans la [&hellip;]","og_url":"https:\/\/aassdn.org\/amicale\/souvenirs-de-deportation-1\/","og_site_name":"AASSDN | Anciens et Amis des Services Sp\u00e9ciaux","article_published_time":"2021-10-29T08:00:21+00:00","article_modified_time":"2024-03-15T13:07:05+00:00","author":"AASSDN","twitter_card":"summary_large_image","twitter_misc":{"\u00c9crit par":"AASSDN","Dur\u00e9e de lecture estim\u00e9e":"15 minutes"},"schema":{"@context":"https:\/\/schema.org","@graph":[{"@type":"Article","@id":"https:\/\/aassdn.org\/amicale\/souvenirs-de-deportation-1\/#article","isPartOf":{"@id":"https:\/\/aassdn.org\/amicale\/souvenirs-de-deportation-1\/"},"author":{"name":"AASSDN","@id":"https:\/\/aassdn.org\/amicale\/#\/schema\/person\/73800712a272e6d58a10a86ea9e59671"},"headline":"Souvenirs de deportation (1)","datePublished":"2021-10-29T08:00:21+00:00","dateModified":"2024-03-15T13:07:05+00:00","mainEntityOfPage":{"@id":"https:\/\/aassdn.org\/amicale\/souvenirs-de-deportation-1\/"},"wordCount":3066,"publisher":{"@id":"https:\/\/aassdn.org\/amicale\/#organization"},"keywords":["Aviation","d\u00e9barquement","d\u00e9portation","d\u00e9tenu","fresnes","Gestapo","kommando","Prison","Renseignement","R\u00e9sistance","Russie","SS"],"articleSection":["Extraits de bulletin","Renseignement"],"inLanguage":"fr-FR"},{"@type":"WebPage","@id":"https:\/\/aassdn.org\/amicale\/souvenirs-de-deportation-1\/","url":"https:\/\/aassdn.org\/amicale\/souvenirs-de-deportation-1\/","name":"Souvenirs de deportation (1) | AASSDN | Anciens et Amis des Services Sp\u00e9ciaux","isPartOf":{"@id":"https:\/\/aassdn.org\/amicale\/#website"},"datePublished":"2021-10-29T08:00:21+00:00","dateModified":"2024-03-15T13:07:05+00:00","breadcrumb":{"@id":"https:\/\/aassdn.org\/amicale\/souvenirs-de-deportation-1\/#breadcrumb"},"inLanguage":"fr-FR","potentialAction":[{"@type":"ReadAction","target":["https:\/\/aassdn.org\/amicale\/souvenirs-de-deportation-1\/"]}]},{"@type":"BreadcrumbList","@id":"https:\/\/aassdn.org\/amicale\/souvenirs-de-deportation-1\/#breadcrumb","itemListElement":[{"@type":"ListItem","position":1,"name":"Accueil","item":"https:\/\/aassdn.org\/amicale\/"},{"@type":"ListItem","position":2,"name":"Souvenirs de deportation (1)"}]},{"@type":"WebSite","@id":"https:\/\/aassdn.org\/amicale\/#website","url":"https:\/\/aassdn.org\/amicale\/","name":"AASSDN | Anciens et Amis des Services Sp\u00e9ciaux","description":"Services sp\u00e9ciaux : Des h\u00e9ros anonymes au service exclusif de la France","publisher":{"@id":"https:\/\/aassdn.org\/amicale\/#organization"},"potentialAction":[{"@type":"SearchAction","target":{"@type":"EntryPoint","urlTemplate":"https:\/\/aassdn.org\/amicale\/?s={search_term_string}"},"query-input":{"@type":"PropertyValueSpecification","valueRequired":true,"valueName":"search_term_string"}}],"inLanguage":"fr-FR"},{"@type":"Organization","@id":"https:\/\/aassdn.org\/amicale\/#organization","name":"AASSDN | Anciens et Amis des Services Sp\u00e9ciaux","url":"https:\/\/aassdn.org\/amicale\/","logo":{"@type":"ImageObject","inLanguage":"fr-FR","@id":"https:\/\/aassdn.org\/amicale\/#\/schema\/logo\/image\/","url":"https:\/\/aassdn.org\/amicale\/wp-content\/uploads\/Logo_AASSDN_transparent2.png","contentUrl":"https:\/\/aassdn.org\/amicale\/wp-content\/uploads\/Logo_AASSDN_transparent2.png","width":1832,"height":1609,"caption":"AASSDN | Anciens et Amis des Services Sp\u00e9ciaux"},"image":{"@id":"https:\/\/aassdn.org\/amicale\/#\/schema\/logo\/image\/"}},{"@type":"Person","@id":"https:\/\/aassdn.org\/amicale\/#\/schema\/person\/73800712a272e6d58a10a86ea9e59671","name":"AASSDN","image":{"@type":"ImageObject","inLanguage":"fr-FR","@id":"https:\/\/secure.gravatar.com\/avatar\/9653808d17788562e72d77e426d8d02775774239aefd00a9b4e852423d8e9d7e?s=96&d=mm&r=g","url":"https:\/\/secure.gravatar.com\/avatar\/9653808d17788562e72d77e426d8d02775774239aefd00a9b4e852423d8e9d7e?s=96&d=mm&r=g","contentUrl":"https:\/\/secure.gravatar.com\/avatar\/9653808d17788562e72d77e426d8d02775774239aefd00a9b4e852423d8e9d7e?s=96&d=mm&r=g","caption":"AASSDN"},"sameAs":["https:\/\/aassdn.org\/amicale"],"url":"https:\/\/aassdn.org\/amicale\/author\/wordpress\/"}]}},"_links":{"self":[{"href":"https:\/\/aassdn.org\/amicale\/wp-json\/wp\/v2\/posts\/2404","targetHints":{"allow":["GET"]}}],"collection":[{"href":"https:\/\/aassdn.org\/amicale\/wp-json\/wp\/v2\/posts"}],"about":[{"href":"https:\/\/aassdn.org\/amicale\/wp-json\/wp\/v2\/types\/post"}],"author":[{"embeddable":true,"href":"https:\/\/aassdn.org\/amicale\/wp-json\/wp\/v2\/users\/1"}],"replies":[{"embeddable":true,"href":"https:\/\/aassdn.org\/amicale\/wp-json\/wp\/v2\/comments?post=2404"}],"version-history":[{"count":0,"href":"https:\/\/aassdn.org\/amicale\/wp-json\/wp\/v2\/posts\/2404\/revisions"}],"wp:attachment":[{"href":"https:\/\/aassdn.org\/amicale\/wp-json\/wp\/v2\/media?parent=2404"}],"wp:term":[{"taxonomy":"category","embeddable":true,"href":"https:\/\/aassdn.org\/amicale\/wp-json\/wp\/v2\/categories?post=2404"},{"taxonomy":"post_tag","embeddable":true,"href":"https:\/\/aassdn.org\/amicale\/wp-json\/wp\/v2\/tags?post=2404"}],"curies":[{"name":"wp","href":"https:\/\/api.w.org\/{rel}","templated":true}]}}