{"id":2386,"date":"2021-10-29T10:00:18","date_gmt":"2021-10-29T08:00:18","guid":{"rendered":"https:\/\/aassdn.org\/amicale\/rene-bousquet-le-livre-de-p-froment-1994\/"},"modified":"2024-03-15T14:07:22","modified_gmt":"2024-03-15T13:07:22","slug":"rene-bousquet-le-livre-de-p-froment-1994","status":"publish","type":"post","link":"https:\/\/aassdn.org\/amicale\/rene-bousquet-le-livre-de-p-froment-1994\/","title":{"rendered":"Ren\u00e9 Bousquet : le livre de P Froment (1994)"},"content":{"rendered":"<p class=\"Style28 Style29\" align=\"left\"><em><strong>Par <\/strong><\/em><strong><em>le Colonel Paul PAILLOLE<\/em><\/strong><\/p>\n<p class=\"Style28 Style29\" align=\"justify\">Une vie et un proc\u00e8s riches en enseignements.<\/p>\n<p class=\"Style28 Style29\" align=\"justify\">\u00abC\u2019est un livre s\u00e9rieux et honn\u00eate)), ainsi Fran\u00e7ois Mitterrand appr\u00e9ciait \u00ab Une Jeunesse Fran\u00e7aise \u00bb (Editions Fayard) au lendemain de la parution de l\u2019ouvrage que Pierre Pean lui consacre. Je peux en dire autant du livre de Pascale Froment qui, entre autres r\u00e9v\u00e9lations sur la vie publique et priv\u00e9e de Ren\u00e9 Bousquet, apporte de nouvelles lumi\u00e8res sur ses relations privil\u00e9gi\u00e9es avec le chef de l\u2019Etat. Mais l\u00e0 n\u2019est pas mon propos.<\/p>\n<p class=\"Style28 Style29\" align=\"justify\">Le 8 juin 1992, l\u2019ancien Secr\u00e9taire d\u2019Etat \u00e0 la police de Vichy \u00e9tait abattu dans son domicile parisien. L\u2019action publique tendant \u00e0 d\u00e9f\u00e9rer Ren\u00e9 Bousquet devant la cour d\u2019Assises pour crimes contre l\u2019humanit\u00e9 \u00e9tait \u00e9teinte.<\/p>\n<p class=\"Style28 Style29\" align=\"justify\">Sa responsabilit\u00e9 dans le domaine de la D\u00e9fense Nationale qui fut le n\u00f4tre, ne l\u2019est pas. Le 23 juin 1949, le crime \u00abd\u2019intelligence avec l\u2019ennemi\u00bb n\u2019ayant pas \u00e9t\u00e9 retenu contre lui, Bousquet \u00e9tait condamn\u00e9 par la Haute Cour \u00e0 la peine d\u00e9risoire de cinq ans de d\u00e9gradation nationale dont il \u00e9tait, aux applaudissements de la foule (?), aussit\u00f4t relev\u00e9 par la m\u00eame juridiction.<\/p>\n<p class=\"Style28 Style29\" align=\"justify\">Pascale Froment a le m\u00e9rite d\u2019analyser scrupuleusement l\u2019instruction, le d\u00e9roulement et la conclusion de cet \u00e9trange proc\u00e8s.<\/p>\n<p class=\"Style28 Style29\" align=\"justify\">Dans le \u00abras-le-bol\u00bb g\u00e9n\u00e9ral qui, quatre ans apr\u00e8s la lib\u00e9ration, pesait lourdement sur les derniers proc\u00e8s de l\u2019\u00e9puration, Ren\u00e9 Bousquet a pu user de multiples relations, mettre en avant des actes de r\u00e9sistance (?) et b\u00e9n\u00e9ficier de la faiblesse d\u2019une accusation pourtant r\u00e9v\u00e9latrice d\u2019une intelligence avec l\u2019ennemi que devait confirmer quarante ans plus tard, le d\u00e9pouillement des archives allemandes saisies \u00e0 Koblentz <strong>(1)<\/strong>.<\/p>\n<p class=\"Style28 Style29\" align=\"justify\">Je fus, en fait, le seul t\u00e9moin \u00e0 charge. Je d\u00e9non\u00e7ais les effets d\u00e9vastateurs de l\u2019intrusion en zone libre, \u00e0 la veille du d\u00e9barquement alli\u00e9 en A.F.N. le 8 novembre 1942, des \u00e9quipes du S.D. et de l\u2019Abwehr, guid\u00e9es et second\u00e9es par des policiers fran\u00e7ais mis \u00e0 leur disposition par le Secr\u00e9taire G\u00e9n\u00e9ral pour la police. Dans cette phase cruciale de l\u2019\u00e9volution du conflit, anglais et am\u00e9ricains allaient \u00eatre ainsi frustr\u00e9s d\u2019informations sur les r\u00e9actions de la Wehrmacht, tandis que de valeureux patriotes \u00e9taient arr\u00eat\u00e9s, livr\u00e9s \u00e0 l\u2019ennemi et d\u00e9port\u00e9s avec le concours des policiers fran\u00e7ais de Bousquet.<\/p>\n<p class=\"Style28 Style29\" align=\"justify\">Que pouvait peser ma seule voix d\u2019officier \u00e0 la retraite, repr\u00e9sentant isol\u00e9 de r\u00e9seaux de r\u00e9sistance et de renseignements issus d\u2019une arm\u00e9e vaincue, dans ce pr\u00e9toire engorg\u00e9 de voyeurs, face \u00e0 des jur\u00e9s, ignorants pour la plupart des drames de l\u2019occupation, indiff\u00e9rents \u00e0 la notion de D\u00e9fense Nationale et souvent de tendances politiques proches de celles de Bousquet&#8230;<\/p>\n<p class=\"Style28 Style29\" align=\"justify\">Ainsi la Haute Cour l\u2019acquittait. Je connais des dizaines de lampistes qui all\u00e8rent au poteau pour moins que cela\u2026 Le livre de Pascale Froment abonde en d\u00e9tails r\u00e9v\u00e9lateurs d\u2019une personnalit\u00e9 ambigu\u00eb, \u00e9voluant avec d\u00e9sinvolture au fil des temps dans une soci\u00e9t\u00e9 toujours plus permissive, j\u2019en retiens essentiellement, pour ma part, les pages d\u2019o\u00f9 \u00e9mergent avec quelques tares fondamentales de cette soci\u00e9t\u00e9, l\u2019indiff\u00e9rence d\u2019une \u00e9lite \u00e0 la notion de D\u00e9fense et de Trahison.<\/p>\n<p class=\"Style28 Style29\" align=\"justify\"><strong>(1)<\/strong> <em>Rapport de Himmler \u00e0 Hitler du 26 d\u00e9cembre 1942 sur l\u2019arrestation de notre r\u00e9seau d\u2019\u00e9coutes sur le c\u00e2ble de la Wermacht Paris-Berlin, \u00e0 la suite de la d\u00e9nonciation spontan\u00e9e de Bousquet \u00e0 Oberg, chef de la police allemande en France.<\/em><\/p>\n<div class=\"pdfprnt-buttons pdfprnt-buttons-post pdfprnt-bottom-right\"><a href=\"https:\/\/aassdn.org\/amicale\/wp-json\/wp\/v2\/posts\/2386?print=pdf\" class=\"pdfprnt-button pdfprnt-button-pdf\" target=\"_blank\" ><img decoding=\"async\" data-src=\"https:\/\/aassdn.org\/amicale\/wp-content\/plugins\/pdf-print\/images\/pdf.png\" alt=\"image_pdf\" title=\"Afficher le PDF\" src=\"data:image\/svg+xml;base64,PHN2ZyB3aWR0aD0iMSIgaGVpZ2h0PSIxIiB4bWxucz0iaHR0cDovL3d3dy53My5vcmcvMjAwMC9zdmciPjwvc3ZnPg==\" class=\"lazyload\" style=\"--smush-placeholder-width: 32px; --smush-placeholder-aspect-ratio: 32\/32;\" \/><\/a><a href=\"https:\/\/aassdn.org\/amicale\/wp-json\/wp\/v2\/posts\/2386?print=print\" class=\"pdfprnt-button pdfprnt-button-print\" target=\"_blank\" ><\/a><\/div>","protected":false},"excerpt":{"rendered":"<p>Par le Colonel Paul PAILLOLE Une vie et un proc\u00e8s riches en enseignements. \u00abC\u2019est un livre s\u00e9rieux et honn\u00eate)), ainsi Fran\u00e7ois Mitterrand appr\u00e9ciait \u00ab Une Jeunesse Fran\u00e7aise \u00bb (Editions Fayard) au lendemain de la parution de l\u2019ouvrage que Pierre Pean lui consacre. Je peux en dire autant du livre de Pascale Froment qui, entre autres [&hellip;]<\/p>\n","protected":false},"author":1,"featured_media":0,"comment_status":"closed","ping_status":"open","sticky":false,"template":"","format":"standard","meta":{"_acf_changed":false,"footnotes":""},"categories":[114,79,88,106,99],"tags":[205,1008,206,307,685,1205,203,297,262,214,270],"class_list":["post-2386","post","type-post","status-publish","format-standard","hentry","category-europe-de-louest","category-extraits-de-bulletin","category-livres-et-publications","category-renseignement","category-services-allemands","tag-adolf-hitler","tag-colonel-paul","tag-debarquement","tag-defense","tag-defense-nationale","tag-francois-mitterrand","tag-paul-paillole","tag-relation","tag-renseignement","tag-resistance","tag-wehrmacht"],"acf":[],"yoast_head":"<!-- This site is optimized with the Yoast SEO plugin v27.4 - https:\/\/yoast.com\/product\/yoast-seo-wordpress\/ -->\n<title>Ren\u00e9 Bousquet : le livre de P Froment (1994) | AASSDN | Anciens et Amis des Services Sp\u00e9ciaux<\/title>\n<meta name=\"robots\" content=\"index, follow, max-snippet:-1, max-image-preview:large, max-video-preview:-1\" \/>\n<link rel=\"canonical\" href=\"https:\/\/aassdn.org\/amicale\/rene-bousquet-le-livre-de-p-froment-1994\/\" \/>\n<meta property=\"og:locale\" content=\"fr_FR\" \/>\n<meta property=\"og:type\" content=\"article\" \/>\n<meta property=\"og:title\" content=\"Ren\u00e9 Bousquet : le livre de P Froment (1994) | AASSDN | Anciens et Amis des Services Sp\u00e9ciaux\" \/>\n<meta property=\"og:description\" content=\"Par le Colonel Paul PAILLOLE Une vie et un proc\u00e8s riches en enseignements. \u00abC\u2019est un livre s\u00e9rieux et honn\u00eate)), ainsi Fran\u00e7ois Mitterrand appr\u00e9ciait \u00ab Une Jeunesse Fran\u00e7aise \u00bb (Editions Fayard) au lendemain de la parution de l\u2019ouvrage que Pierre Pean lui consacre. Je peux en dire autant du livre de Pascale Froment qui, entre autres [&hellip;]\" \/>\n<meta property=\"og:url\" content=\"https:\/\/aassdn.org\/amicale\/rene-bousquet-le-livre-de-p-froment-1994\/\" \/>\n<meta property=\"og:site_name\" content=\"AASSDN | Anciens et Amis des Services Sp\u00e9ciaux\" \/>\n<meta property=\"article:published_time\" content=\"2021-10-29T08:00:18+00:00\" \/>\n<meta property=\"article:modified_time\" content=\"2024-03-15T13:07:22+00:00\" \/>\n<meta name=\"author\" content=\"AASSDN\" \/>\n<meta name=\"twitter:card\" content=\"summary_large_image\" \/>\n<meta name=\"twitter:label1\" content=\"\u00c9crit par\" \/>\n\t<meta name=\"twitter:data1\" content=\"AASSDN\" \/>\n\t<meta name=\"twitter:label2\" content=\"Dur\u00e9e de lecture estim\u00e9e\" \/>\n\t<meta name=\"twitter:data2\" content=\"3 minutes\" \/>\n<script type=\"application\/ld+json\" class=\"yoast-schema-graph\">{\"@context\":\"https:\\\/\\\/schema.org\",\"@graph\":[{\"@type\":\"Article\",\"@id\":\"https:\\\/\\\/aassdn.org\\\/amicale\\\/rene-bousquet-le-livre-de-p-froment-1994\\\/#article\",\"isPartOf\":{\"@id\":\"https:\\\/\\\/aassdn.org\\\/amicale\\\/rene-bousquet-le-livre-de-p-froment-1994\\\/\"},\"author\":{\"name\":\"AASSDN\",\"@id\":\"https:\\\/\\\/aassdn.org\\\/amicale\\\/#\\\/schema\\\/person\\\/73800712a272e6d58a10a86ea9e59671\"},\"headline\":\"Ren\u00e9 Bousquet : le livre de P Froment (1994)\",\"datePublished\":\"2021-10-29T08:00:18+00:00\",\"dateModified\":\"2024-03-15T13:07:22+00:00\",\"mainEntityOfPage\":{\"@id\":\"https:\\\/\\\/aassdn.org\\\/amicale\\\/rene-bousquet-le-livre-de-p-froment-1994\\\/\"},\"wordCount\":624,\"publisher\":{\"@id\":\"https:\\\/\\\/aassdn.org\\\/amicale\\\/#organization\"},\"keywords\":[\"Adolf Hitler\",\"Colonel Paul\",\"d\u00e9barquement\",\"d\u00e9fense\",\"D\u00e9fense Nationale\",\"Fran\u00e7ois Mitterrand\",\"Paul paillole\",\"relation\",\"Renseignement\",\"R\u00e9sistance\",\"Wehrmacht\"],\"articleSection\":[\"Europe de l'Ouest\",\"Extraits de bulletin\",\"Livres et publications\",\"Renseignement\",\"Services allemands\"],\"inLanguage\":\"fr-FR\"},{\"@type\":\"WebPage\",\"@id\":\"https:\\\/\\\/aassdn.org\\\/amicale\\\/rene-bousquet-le-livre-de-p-froment-1994\\\/\",\"url\":\"https:\\\/\\\/aassdn.org\\\/amicale\\\/rene-bousquet-le-livre-de-p-froment-1994\\\/\",\"name\":\"Ren\u00e9 Bousquet : le livre de P Froment (1994) | AASSDN | Anciens et Amis des Services Sp\u00e9ciaux\",\"isPartOf\":{\"@id\":\"https:\\\/\\\/aassdn.org\\\/amicale\\\/#website\"},\"datePublished\":\"2021-10-29T08:00:18+00:00\",\"dateModified\":\"2024-03-15T13:07:22+00:00\",\"breadcrumb\":{\"@id\":\"https:\\\/\\\/aassdn.org\\\/amicale\\\/rene-bousquet-le-livre-de-p-froment-1994\\\/#breadcrumb\"},\"inLanguage\":\"fr-FR\",\"potentialAction\":[{\"@type\":\"ReadAction\",\"target\":[\"https:\\\/\\\/aassdn.org\\\/amicale\\\/rene-bousquet-le-livre-de-p-froment-1994\\\/\"]}]},{\"@type\":\"BreadcrumbList\",\"@id\":\"https:\\\/\\\/aassdn.org\\\/amicale\\\/rene-bousquet-le-livre-de-p-froment-1994\\\/#breadcrumb\",\"itemListElement\":[{\"@type\":\"ListItem\",\"position\":1,\"name\":\"Accueil\",\"item\":\"https:\\\/\\\/aassdn.org\\\/amicale\\\/\"},{\"@type\":\"ListItem\",\"position\":2,\"name\":\"Ren\u00e9 Bousquet : le livre de P Froment (1994)\"}]},{\"@type\":\"WebSite\",\"@id\":\"https:\\\/\\\/aassdn.org\\\/amicale\\\/#website\",\"url\":\"https:\\\/\\\/aassdn.org\\\/amicale\\\/\",\"name\":\"AASSDN | Anciens et Amis des Services Sp\u00e9ciaux\",\"description\":\"Services sp\u00e9ciaux : Des h\u00e9ros anonymes au service exclusif de la France\",\"publisher\":{\"@id\":\"https:\\\/\\\/aassdn.org\\\/amicale\\\/#organization\"},\"potentialAction\":[{\"@type\":\"SearchAction\",\"target\":{\"@type\":\"EntryPoint\",\"urlTemplate\":\"https:\\\/\\\/aassdn.org\\\/amicale\\\/?s={search_term_string}\"},\"query-input\":{\"@type\":\"PropertyValueSpecification\",\"valueRequired\":true,\"valueName\":\"search_term_string\"}}],\"inLanguage\":\"fr-FR\"},{\"@type\":\"Organization\",\"@id\":\"https:\\\/\\\/aassdn.org\\\/amicale\\\/#organization\",\"name\":\"AASSDN | Anciens et Amis des Services Sp\u00e9ciaux\",\"url\":\"https:\\\/\\\/aassdn.org\\\/amicale\\\/\",\"logo\":{\"@type\":\"ImageObject\",\"inLanguage\":\"fr-FR\",\"@id\":\"https:\\\/\\\/aassdn.org\\\/amicale\\\/#\\\/schema\\\/logo\\\/image\\\/\",\"url\":\"https:\\\/\\\/aassdn.org\\\/amicale\\\/wp-content\\\/uploads\\\/Logo_AASSDN_transparent2.png\",\"contentUrl\":\"https:\\\/\\\/aassdn.org\\\/amicale\\\/wp-content\\\/uploads\\\/Logo_AASSDN_transparent2.png\",\"width\":1832,\"height\":1609,\"caption\":\"AASSDN | Anciens et Amis des Services Sp\u00e9ciaux\"},\"image\":{\"@id\":\"https:\\\/\\\/aassdn.org\\\/amicale\\\/#\\\/schema\\\/logo\\\/image\\\/\"}},{\"@type\":\"Person\",\"@id\":\"https:\\\/\\\/aassdn.org\\\/amicale\\\/#\\\/schema\\\/person\\\/73800712a272e6d58a10a86ea9e59671\",\"name\":\"AASSDN\",\"image\":{\"@type\":\"ImageObject\",\"inLanguage\":\"fr-FR\",\"@id\":\"https:\\\/\\\/secure.gravatar.com\\\/avatar\\\/9653808d17788562e72d77e426d8d02775774239aefd00a9b4e852423d8e9d7e?s=96&d=mm&r=g\",\"url\":\"https:\\\/\\\/secure.gravatar.com\\\/avatar\\\/9653808d17788562e72d77e426d8d02775774239aefd00a9b4e852423d8e9d7e?s=96&d=mm&r=g\",\"contentUrl\":\"https:\\\/\\\/secure.gravatar.com\\\/avatar\\\/9653808d17788562e72d77e426d8d02775774239aefd00a9b4e852423d8e9d7e?s=96&d=mm&r=g\",\"caption\":\"AASSDN\"},\"sameAs\":[\"https:\\\/\\\/aassdn.org\\\/amicale\"],\"url\":\"https:\\\/\\\/aassdn.org\\\/amicale\\\/author\\\/wordpress\\\/\"}]}<\/script>\n<!-- \/ Yoast SEO plugin. -->","yoast_head_json":{"title":"Ren\u00e9 Bousquet : le livre de P Froment (1994) | AASSDN | Anciens et Amis des Services Sp\u00e9ciaux","robots":{"index":"index","follow":"follow","max-snippet":"max-snippet:-1","max-image-preview":"max-image-preview:large","max-video-preview":"max-video-preview:-1"},"canonical":"https:\/\/aassdn.org\/amicale\/rene-bousquet-le-livre-de-p-froment-1994\/","og_locale":"fr_FR","og_type":"article","og_title":"Ren\u00e9 Bousquet : le livre de P Froment (1994) | AASSDN | Anciens et Amis des Services Sp\u00e9ciaux","og_description":"Par le Colonel Paul PAILLOLE Une vie et un proc\u00e8s riches en enseignements. \u00abC\u2019est un livre s\u00e9rieux et honn\u00eate)), ainsi Fran\u00e7ois Mitterrand appr\u00e9ciait \u00ab Une Jeunesse Fran\u00e7aise \u00bb (Editions Fayard) au lendemain de la parution de l\u2019ouvrage que Pierre Pean lui consacre. Je peux en dire autant du livre de Pascale Froment qui, entre autres [&hellip;]","og_url":"https:\/\/aassdn.org\/amicale\/rene-bousquet-le-livre-de-p-froment-1994\/","og_site_name":"AASSDN | Anciens et Amis des Services Sp\u00e9ciaux","article_published_time":"2021-10-29T08:00:18+00:00","article_modified_time":"2024-03-15T13:07:22+00:00","author":"AASSDN","twitter_card":"summary_large_image","twitter_misc":{"\u00c9crit par":"AASSDN","Dur\u00e9e de lecture estim\u00e9e":"3 minutes"},"schema":{"@context":"https:\/\/schema.org","@graph":[{"@type":"Article","@id":"https:\/\/aassdn.org\/amicale\/rene-bousquet-le-livre-de-p-froment-1994\/#article","isPartOf":{"@id":"https:\/\/aassdn.org\/amicale\/rene-bousquet-le-livre-de-p-froment-1994\/"},"author":{"name":"AASSDN","@id":"https:\/\/aassdn.org\/amicale\/#\/schema\/person\/73800712a272e6d58a10a86ea9e59671"},"headline":"Ren\u00e9 Bousquet : le livre de P Froment (1994)","datePublished":"2021-10-29T08:00:18+00:00","dateModified":"2024-03-15T13:07:22+00:00","mainEntityOfPage":{"@id":"https:\/\/aassdn.org\/amicale\/rene-bousquet-le-livre-de-p-froment-1994\/"},"wordCount":624,"publisher":{"@id":"https:\/\/aassdn.org\/amicale\/#organization"},"keywords":["Adolf Hitler","Colonel Paul","d\u00e9barquement","d\u00e9fense","D\u00e9fense Nationale","Fran\u00e7ois Mitterrand","Paul paillole","relation","Renseignement","R\u00e9sistance","Wehrmacht"],"articleSection":["Europe de l'Ouest","Extraits de bulletin","Livres et publications","Renseignement","Services allemands"],"inLanguage":"fr-FR"},{"@type":"WebPage","@id":"https:\/\/aassdn.org\/amicale\/rene-bousquet-le-livre-de-p-froment-1994\/","url":"https:\/\/aassdn.org\/amicale\/rene-bousquet-le-livre-de-p-froment-1994\/","name":"Ren\u00e9 Bousquet : le livre de P Froment (1994) | AASSDN | Anciens et Amis des Services Sp\u00e9ciaux","isPartOf":{"@id":"https:\/\/aassdn.org\/amicale\/#website"},"datePublished":"2021-10-29T08:00:18+00:00","dateModified":"2024-03-15T13:07:22+00:00","breadcrumb":{"@id":"https:\/\/aassdn.org\/amicale\/rene-bousquet-le-livre-de-p-froment-1994\/#breadcrumb"},"inLanguage":"fr-FR","potentialAction":[{"@type":"ReadAction","target":["https:\/\/aassdn.org\/amicale\/rene-bousquet-le-livre-de-p-froment-1994\/"]}]},{"@type":"BreadcrumbList","@id":"https:\/\/aassdn.org\/amicale\/rene-bousquet-le-livre-de-p-froment-1994\/#breadcrumb","itemListElement":[{"@type":"ListItem","position":1,"name":"Accueil","item":"https:\/\/aassdn.org\/amicale\/"},{"@type":"ListItem","position":2,"name":"Ren\u00e9 Bousquet : le livre de P Froment (1994)"}]},{"@type":"WebSite","@id":"https:\/\/aassdn.org\/amicale\/#website","url":"https:\/\/aassdn.org\/amicale\/","name":"AASSDN | Anciens et Amis des Services Sp\u00e9ciaux","description":"Services sp\u00e9ciaux : Des h\u00e9ros anonymes au service exclusif de la France","publisher":{"@id":"https:\/\/aassdn.org\/amicale\/#organization"},"potentialAction":[{"@type":"SearchAction","target":{"@type":"EntryPoint","urlTemplate":"https:\/\/aassdn.org\/amicale\/?s={search_term_string}"},"query-input":{"@type":"PropertyValueSpecification","valueRequired":true,"valueName":"search_term_string"}}],"inLanguage":"fr-FR"},{"@type":"Organization","@id":"https:\/\/aassdn.org\/amicale\/#organization","name":"AASSDN | Anciens et Amis des Services Sp\u00e9ciaux","url":"https:\/\/aassdn.org\/amicale\/","logo":{"@type":"ImageObject","inLanguage":"fr-FR","@id":"https:\/\/aassdn.org\/amicale\/#\/schema\/logo\/image\/","url":"https:\/\/aassdn.org\/amicale\/wp-content\/uploads\/Logo_AASSDN_transparent2.png","contentUrl":"https:\/\/aassdn.org\/amicale\/wp-content\/uploads\/Logo_AASSDN_transparent2.png","width":1832,"height":1609,"caption":"AASSDN | Anciens et Amis des Services Sp\u00e9ciaux"},"image":{"@id":"https:\/\/aassdn.org\/amicale\/#\/schema\/logo\/image\/"}},{"@type":"Person","@id":"https:\/\/aassdn.org\/amicale\/#\/schema\/person\/73800712a272e6d58a10a86ea9e59671","name":"AASSDN","image":{"@type":"ImageObject","inLanguage":"fr-FR","@id":"https:\/\/secure.gravatar.com\/avatar\/9653808d17788562e72d77e426d8d02775774239aefd00a9b4e852423d8e9d7e?s=96&d=mm&r=g","url":"https:\/\/secure.gravatar.com\/avatar\/9653808d17788562e72d77e426d8d02775774239aefd00a9b4e852423d8e9d7e?s=96&d=mm&r=g","contentUrl":"https:\/\/secure.gravatar.com\/avatar\/9653808d17788562e72d77e426d8d02775774239aefd00a9b4e852423d8e9d7e?s=96&d=mm&r=g","caption":"AASSDN"},"sameAs":["https:\/\/aassdn.org\/amicale"],"url":"https:\/\/aassdn.org\/amicale\/author\/wordpress\/"}]}},"_links":{"self":[{"href":"https:\/\/aassdn.org\/amicale\/wp-json\/wp\/v2\/posts\/2386","targetHints":{"allow":["GET"]}}],"collection":[{"href":"https:\/\/aassdn.org\/amicale\/wp-json\/wp\/v2\/posts"}],"about":[{"href":"https:\/\/aassdn.org\/amicale\/wp-json\/wp\/v2\/types\/post"}],"author":[{"embeddable":true,"href":"https:\/\/aassdn.org\/amicale\/wp-json\/wp\/v2\/users\/1"}],"replies":[{"embeddable":true,"href":"https:\/\/aassdn.org\/amicale\/wp-json\/wp\/v2\/comments?post=2386"}],"version-history":[{"count":0,"href":"https:\/\/aassdn.org\/amicale\/wp-json\/wp\/v2\/posts\/2386\/revisions"}],"wp:attachment":[{"href":"https:\/\/aassdn.org\/amicale\/wp-json\/wp\/v2\/media?parent=2386"}],"wp:term":[{"taxonomy":"category","embeddable":true,"href":"https:\/\/aassdn.org\/amicale\/wp-json\/wp\/v2\/categories?post=2386"},{"taxonomy":"post_tag","embeddable":true,"href":"https:\/\/aassdn.org\/amicale\/wp-json\/wp\/v2\/tags?post=2386"}],"curies":[{"name":"wp","href":"https:\/\/api.w.org\/{rel}","templated":true}]}}