{"id":2384,"date":"2021-10-29T10:00:18","date_gmt":"2021-10-29T08:00:18","guid":{"rendered":"https:\/\/aassdn.org\/amicale\/une-lecon-dhistoire-par-paul-leistenschneider-compagon-de-la-liberation-a-la-jeunesse\/"},"modified":"2024-03-15T14:07:18","modified_gmt":"2024-03-15T13:07:18","slug":"une-lecon-dhistoire-par-paul-leistenschneider-compagon-de-la-liberation-a-la-jeunesse","status":"publish","type":"post","link":"https:\/\/aassdn.org\/amicale\/une-lecon-dhistoire-par-paul-leistenschneider-compagon-de-la-liberation-a-la-jeunesse\/","title":{"rendered":"Une lecon d&#8217;Histoire par  Paul Leistenschneider, compagon de la liberation \u00e0 la jeunesse"},"content":{"rendered":"<p class=\"Style28 Style29\" align=\"justify\"><em>Notre camarade Paul Leistenschneider, alias \u00abCarr\u00e9\u00bb dans la r\u00e9sistance, lance un appel \u00e0 la jeunesse pour que dans l\u2019euphorie des manifestations qui c\u00e9l\u00e8brent la Victoire sur les nazis, nul n\u2019oublie les le\u00e7ons de l\u2019Histoire et en particulier les effets n\u00e9fastes des politiques d\u2019abandons comme des trait\u00e9s g\u00e9n\u00e9rateurs de conflits ethniques et nationaux. <\/em><\/p>\n<p class=\"Style28 Style29\" align=\"justify\"><em>Nul n\u2019\u00e9tait plus qualifi\u00e9 que \u00abCarr\u00e9\u00bb pour donner ces conseils de vigilance. Entr\u00e9 dans la R\u00e9sistance d\u00e8s l\u2019Armistice, il fut le pr\u00e9cieux collaborateur de notre regrett\u00e9 ami le Colonel Simoneau \u00e0 la t\u00eate depuis septembre 1940 de l\u2019antenne S.R. du r\u00e9seau Kl\u00e9ber \u00e0 Vichy. <\/em><\/p>\n<p class=\"Style28 Style29\" align=\"justify\"><em>Apr\u00e8s avoir rejoint Londres, il fut d\u00e9sign\u00e9 en 1943 par le G\u00e9n\u00e9ral De Gaulle comme D\u00e9l\u00e9gu\u00e9 Militaire R\u00e9gional (D.M.R.) \u00e0 Montpellier et Toulouse. Son activit\u00e9 intense dans ces r\u00e9gions devait le rendre suspect \u00e0 la Gestapo et le contraindre \u00e0 changer de secteur. <\/em><\/p>\n<p class=\"Style28 Style29\" align=\"justify\"><em>Affect\u00e9 \u00e0 Lyon en avril 1944 aux c\u00f4t\u00e9s de Bourges-Maunoury, il accomplit avec autorit\u00e9 et souplesse une \u0153uvre d\u2019unification des groupes de r\u00e9sistance de la R\u00e9gion Rh\u00f4ne-Alpes. Son sang- froid autant que son sens politique pes\u00e8rent d\u2019un poids d\u00e9cisif dans l\u2019heureuse lib\u00e9ration de Lyon en septembre 1944 en liaison avec les grandes unit\u00e9s am\u00e9ricaines et fran\u00e7aises. <\/em><\/p>\n<p class=\"Style28 Style29\" align=\"justify\"><em>Fid\u00e8le adh\u00e9rent de notre association, Paul Leistenschneider a toujours maintenu des liens pr\u00e9cieux d\u2019amiti\u00e9 avec nos camarades et sp\u00e9cialement avec ceux de Lorraine et d\u2019Alsace.<\/em><\/p>\n<p class=\"Style28 Style29\" align=\"justify\">___________________<\/p>\n<p class=\"Style28 Style29\" align=\"justify\">Nous venons de vivre le cinquantenaire des d\u00e9barquements en y associant dans la dignit\u00e9 nos alli\u00e9s avec qui, un an plus tard, l\u2019arm\u00e9e russe ayant pris Berlin, nous avons obtenu apr\u00e8s de dures batailles la capitulation allemande. Et ce 14 juillet nous avons tenu \u00e0 tendre \u00e0 notre voisin la main du pardon. L\u2019ampleur des c\u00e9r\u00e9monies et la joie que tous nous avons ressentie \u00e0 ce souvenir et \u00e0 celui du G\u00e9n\u00e9ral De Gaulle descendant les Champs Elys\u00e9es, ne doivent toutefois pas nous endormir ou nous faire oublier ni le calvaire v\u00e9cu avant la Lib\u00e9ration ni ses causes. Ce fut d\u2019abord une d\u00e9route, sans comparaison dans notre histoire. Apr\u00e8s environ un mois de combat effectif, l\u2019ennemi arrivait \u00e0 Paris en faisant 1.800.000 prisonniers. Des millions de r\u00e9fugi\u00e9s sur les routes m\u00e9lang\u00e9s aux militaires en retraite et parfois bombard\u00e9s par l\u2019aviation italienne, le Gouvernement, ne disposant plus de r\u00e9serve, demanda \u00e0 d\u00e9poser les armes. Ce spectacle, du jamais vu, la surprise pass\u00e9e, d\u00e9cha\u00eena la grande col\u00e8re du peuple tromp\u00e9 : un Pr\u00e9sident du Conseil avait encore annonc\u00e9 apr\u00e8s Narvik \u00abNous vaincrons parce que nous sommes les plus forts.\u00bb<\/p>\n<p class=\"Style28 Style29\" align=\"justify\">Cette col\u00e8re se dirigea autant contre le gouvernement de Front Populaire sorti des \u00e9lections de 1936 que contre la majorit\u00e9 parlementaire mod\u00e9r\u00e9e pr\u00e9c\u00e9dente, au pouvoir depuis 1933 (arriv\u00e9e d\u2019Hitler).<\/p>\n<p class=\"Style28 Style29\" align=\"justify\">\n<p class=\"Style28 Style29\" align=\"justify\">Si les uns avaient ramen\u00e9 la dur\u00e9e du travail de 48 \u00e0 40 heures alors qu\u2019Hitler faisait travailler jusqu\u2019\u00e0 62 heures certaines usines d\u2019armement, les autres avaient permis \u00e0 Hitler de d\u00e9chirer toutes les clauses militaires du Trait\u00e9 de Versailles en lui permettant de remplacer une arm\u00e9e de 100.000 hommes compos\u00e9e de professionnels engag\u00e9s pour douze ans par une arm\u00e9e nationale avec ses divisions blind\u00e9es et une puissante aviation. Songez qu\u2019en mars 1936, \u00e0 la veille des \u00e9lections donc, on le laissa occuper militairement la rive gauche du Rhin. Ce furent ces fautes que Vichy sut habilement exploiter. Je me souviens encore de certaines phrases du Mar\u00e9chal P\u00e9tain : \u00abFran\u00e7ais, je hais ces mensonges qui vous ont fait tant de mal\u00bb, ou \u00abFran\u00e7ais, vous n\u2019avez pas de m\u00e9moire\u00bb, ou cette autre du minist\u00e8re de la propagande : \u00ab Peux-tu \u00eatre plus Fran\u00e7ais que lui\u00bb. Heureusement qu\u2019en 1940 il n\u2019a pas voulu ou n\u2019a pas pu appeler les Fran\u00e7ais \u00e0 voter. Il y aurait trouv\u00e9 la l\u00e9gitimit\u00e9 qu\u2019il a en vain cherch\u00e9e. Et ce ne fut que le d\u00e9but du calvaire. Nous v\u00eemes un Mar\u00e9chal de France aller \u00e0 Montoire le 24 octobre 1940 pour offrir sa collaboration \u00e0 son vainqueur. Collaboration qui, la Russie n\u2019\u00e9tait pas encore en guerre, ne pouvait \u00eatre dirig\u00e9e que contre l\u2019ancien alli\u00e9 qui continuait \u00e0 se battre. En se rendant \u00e0 Montoire le Mar\u00e9chal avait sans doute esp\u00e9r\u00e9 s\u2019en tirer par la cession de l\u2019Alsace-Lorraine comme en 1871, mais sans avoir rien obtenu la collaboration continua. Collaboration qui pour le Fran\u00e7ais moyen se traduisit par les privations quotidiennes et qui alla parfois jusqu\u2019\u00e0 la guerre civile quand la milice attaqua les maquis. Les fautes ant\u00e9rieures \u00e0 la d\u00e9claration de guerre, donc g\u00e9n\u00e9ratrices de la d\u00e9faite, ont deux traits communs:<\/p>\n<p class=\"Style28 Style29\" align=\"justify\">\u2014 elles \u00e9taient politiques et c\u2019est un militaire qui paya doublement : d\u2019abord Montoire, qui a d\u00fb quand m\u00eame \u00eatre douloureux pour le vainqueur de Verdun, puis la condamnation qui frappa l\u2019homme dont l\u2019\u00e2ge n\u2019avait pas encore \u00e9teint toutes les ambitions;<\/p>\n<p class=\"Style28 Style29\" align=\"justify\">\u2014 les responsables de ces fautes politiques ont eu le temps de dispara\u00eetre, mais tous \u00e9taient anim\u00e9s du m\u00eame esprit de facilit\u00e9: flatter l\u2019\u00e9lecteur ou du moins ne pas g\u00eaner sa tranquillit\u00e9, malgr\u00e9 tous les avertissements qu\u2019Hitler nous avait prodigu\u00e9s. Sans doute pour des raisons de politique int\u00e9rieure, la propagande de Vichy ne remonta pas plus loin dans le pass\u00e9. La cause profonde de notre d\u00e9faite r\u00e9sidait dans le Trait\u00e9 de Paix de Saint Germain-en-Laye du 10 septembre 1919 qui d\u00e9molit l\u2019Empire des Habsbourg. Une Autriche non viable, car \u00e0 l\u2019\u00e9poque on ne vivait pas du seul tourisme, se laissa attirer par l\u2019Allemagne hitl\u00e9rienne. Les Sud\u00e8tes m\u00e9contents comme les Slovaques des Tch\u00e8ques majoritaires, n\u2019auraient pas \u00e9t\u00e9 attir\u00e9s par Hitler. Au contraire, peut-\u00eatre \u00e0 l\u2019\u00e9poque o\u00f9 l\u2019Allemagne souffrait de sept millions de ch\u00f4meurs, la Bavi\u00e8re aurait pu \u00eatre attir\u00e9e par l\u2019Autriche, catholique comme elle.  <\/p>\n<p class=\"Style28 Style29\" align=\"justify\">Mais si la cause initiale de la d\u00e9faite a \u00e9t\u00e9 dans ce Trait\u00e9 de Paix, il n\u2019en demeure pas moins vrai que tout aurait pu \u00eatre r\u00e9par\u00e9 si on n\u2019avait pas permis \u00e0 Hitler de r\u00e9occuper militairement la rive gauche du Rhin, c\u2019est-\u00e0-dire de lui donner la possibilit\u00e9 de construire la ligne Siegfried en face la ligne Maginot. Et d\u2019\u00e9viter ainsi, en 1939 du moins, la guerre sur les deux fronts. Pour ne pas laisser les jeunes g\u00e9n\u00e9rations sur l\u2019id\u00e9e famili\u00e8re que tout finit toujours par s\u2019arranger, il est bon de rappeler les ann\u00e9es douloureuses qui ont pr\u00e9c\u00e9d\u00e9 la Lib\u00e9ration, sinon c\u2019est encourager encore une politique de facilit\u00e9 qui aboutit \u00e0 la l\u00e2chet\u00e9 pour finir par la catastrophe.<\/p>\n<p class=\"Style28 Style29\" align=\"justify\">Catastrophe qui aujourd\u2019hui, les donn\u00e9es g\u00e9ographiques ayant chang\u00e9, pourrait ne plus \u00eatre une invasion militaire mais un d\u00e9sastre \u00e9conomique et social. Toutes ces erreurs g\u00e9n\u00e9ratrices du d\u00e9sastre, unique dans notre histoire, le G\u00e9n\u00e9ral De Gaulle les avait v\u00e9cues. Aussi un changement fondamental dans notre Constitution lui parut indispensable. Ce fut l\u2019\u0153uvre \u00e0 laquelle il s\u2019attacha pour l\u2019avenir de la France.<\/p>\n<p class=\"Style28 Style29\" align=\"justify\">Mais nous avons appris depuis que les institutions sont ins\u00e9parables des hommes auxquels le pouvoir est confi\u00e9. C\u2019est pourquoi je crois n\u00e9cessaire de rappeler p\u00e9riodiquement \u00e0 la jeunesse les circonstances qui avaient amen\u00e9 le G\u00e9n\u00e9ral \u00e0 modifier nos institutions. Si non, les hommes \u00e9tant toujours des hommes, la tentation de la facilit\u00e9 l\u2019emportera.<\/p>\n<div class=\"pdfprnt-buttons pdfprnt-buttons-post pdfprnt-bottom-right\"><a href=\"https:\/\/aassdn.org\/amicale\/wp-json\/wp\/v2\/posts\/2384?print=pdf\" class=\"pdfprnt-button pdfprnt-button-pdf\" target=\"_blank\" ><img decoding=\"async\" data-src=\"https:\/\/aassdn.org\/amicale\/wp-content\/plugins\/pdf-print\/images\/pdf.png\" alt=\"image_pdf\" title=\"Afficher le PDF\" src=\"data:image\/svg+xml;base64,PHN2ZyB3aWR0aD0iMSIgaGVpZ2h0PSIxIiB4bWxucz0iaHR0cDovL3d3dy53My5vcmcvMjAwMC9zdmciPjwvc3ZnPg==\" class=\"lazyload\" style=\"--smush-placeholder-width: 32px; --smush-placeholder-aspect-ratio: 32\/32;\" \/><\/a><a href=\"https:\/\/aassdn.org\/amicale\/wp-json\/wp\/v2\/posts\/2384?print=print\" class=\"pdfprnt-button pdfprnt-button-print\" target=\"_blank\" ><\/a><\/div>","protected":false},"excerpt":{"rendered":"<p>Notre camarade Paul Leistenschneider, alias \u00abCarr\u00e9\u00bb dans la r\u00e9sistance, lance un appel \u00e0 la jeunesse pour que dans l\u2019euphorie des manifestations qui c\u00e9l\u00e8brent la Victoire sur les nazis, nul n\u2019oublie les le\u00e7ons de l\u2019Histoire et en particulier les effets n\u00e9fastes des politiques d\u2019abandons comme des trait\u00e9s g\u00e9n\u00e9rateurs de conflits ethniques et nationaux. Nul n\u2019\u00e9tait plus [&hellip;]<\/p>\n","protected":false},"author":1,"featured_media":0,"comment_status":"closed","ping_status":"open","sticky":false,"template":"","format":"standard","meta":{"_acf_changed":false,"footnotes":""},"categories":[114,79,99],"tags":[205,828,206,1575,241,346,327,419,245,214,238,1198],"class_list":["post-2384","post","type-post","status-publish","format-standard","hentry","category-europe-de-louest","category-extraits-de-bulletin","category-services-allemands","tag-adolf-hitler","tag-armee","tag-debarquement","tag-debarquements","tag-general-de-gaulle","tag-guerre","tag-histoire","tag-liberation","tag-reseau-kleber","tag-resistance","tag-russie","tag-vigilance"],"acf":[],"yoast_head":"<!-- This site is optimized with the Yoast SEO plugin v27.4 - https:\/\/yoast.com\/product\/yoast-seo-wordpress\/ -->\n<title>Une lecon d&#039;Histoire par Paul Leistenschneider, compagon de la liberation \u00e0 la jeunesse | AASSDN | Anciens et Amis des Services Sp\u00e9ciaux<\/title>\n<meta name=\"robots\" content=\"index, follow, max-snippet:-1, max-image-preview:large, max-video-preview:-1\" \/>\n<link rel=\"canonical\" href=\"https:\/\/aassdn.org\/amicale\/une-lecon-dhistoire-par-paul-leistenschneider-compagon-de-la-liberation-a-la-jeunesse\/\" \/>\n<meta property=\"og:locale\" content=\"fr_FR\" \/>\n<meta property=\"og:type\" content=\"article\" \/>\n<meta property=\"og:title\" content=\"Une lecon d&#039;Histoire par Paul Leistenschneider, compagon de la liberation \u00e0 la jeunesse | AASSDN | Anciens et Amis des Services Sp\u00e9ciaux\" \/>\n<meta property=\"og:description\" content=\"Notre camarade Paul Leistenschneider, alias \u00abCarr\u00e9\u00bb dans la r\u00e9sistance, lance un appel \u00e0 la jeunesse pour que dans l\u2019euphorie des manifestations qui c\u00e9l\u00e8brent la Victoire sur les nazis, nul n\u2019oublie les le\u00e7ons de l\u2019Histoire et en particulier les effets n\u00e9fastes des politiques d\u2019abandons comme des trait\u00e9s g\u00e9n\u00e9rateurs de conflits ethniques et nationaux. Nul n\u2019\u00e9tait plus [&hellip;]\" \/>\n<meta property=\"og:url\" content=\"https:\/\/aassdn.org\/amicale\/une-lecon-dhistoire-par-paul-leistenschneider-compagon-de-la-liberation-a-la-jeunesse\/\" \/>\n<meta property=\"og:site_name\" content=\"AASSDN | Anciens et Amis des Services Sp\u00e9ciaux\" \/>\n<meta property=\"article:published_time\" content=\"2021-10-29T08:00:18+00:00\" \/>\n<meta property=\"article:modified_time\" content=\"2024-03-15T13:07:18+00:00\" \/>\n<meta name=\"author\" content=\"AASSDN\" \/>\n<meta name=\"twitter:card\" content=\"summary_large_image\" \/>\n<meta name=\"twitter:label1\" content=\"\u00c9crit par\" \/>\n\t<meta name=\"twitter:data1\" content=\"AASSDN\" \/>\n\t<meta name=\"twitter:label2\" content=\"Dur\u00e9e de lecture estim\u00e9e\" \/>\n\t<meta name=\"twitter:data2\" content=\"6 minutes\" \/>\n<script type=\"application\/ld+json\" class=\"yoast-schema-graph\">{\"@context\":\"https:\\\/\\\/schema.org\",\"@graph\":[{\"@type\":\"Article\",\"@id\":\"https:\\\/\\\/aassdn.org\\\/amicale\\\/une-lecon-dhistoire-par-paul-leistenschneider-compagon-de-la-liberation-a-la-jeunesse\\\/#article\",\"isPartOf\":{\"@id\":\"https:\\\/\\\/aassdn.org\\\/amicale\\\/une-lecon-dhistoire-par-paul-leistenschneider-compagon-de-la-liberation-a-la-jeunesse\\\/\"},\"author\":{\"name\":\"AASSDN\",\"@id\":\"https:\\\/\\\/aassdn.org\\\/amicale\\\/#\\\/schema\\\/person\\\/73800712a272e6d58a10a86ea9e59671\"},\"headline\":\"Une lecon d&#8217;Histoire par Paul Leistenschneider, compagon de la liberation \u00e0 la jeunesse\",\"datePublished\":\"2021-10-29T08:00:18+00:00\",\"dateModified\":\"2024-03-15T13:07:18+00:00\",\"mainEntityOfPage\":{\"@id\":\"https:\\\/\\\/aassdn.org\\\/amicale\\\/une-lecon-dhistoire-par-paul-leistenschneider-compagon-de-la-liberation-a-la-jeunesse\\\/\"},\"wordCount\":1306,\"publisher\":{\"@id\":\"https:\\\/\\\/aassdn.org\\\/amicale\\\/#organization\"},\"keywords\":[\"Adolf Hitler\",\"Arm\u00e9e\",\"d\u00e9barquement\",\"d\u00e9barquements\",\"G\u00e9n\u00e9ral De Gaulle\",\"guerre\",\"histoire\",\"Lib\u00e9ration\",\"r\u00e9seau Kleber\",\"R\u00e9sistance\",\"Russie\",\"vigilance\"],\"articleSection\":[\"Europe de l'Ouest\",\"Extraits de bulletin\",\"Services allemands\"],\"inLanguage\":\"fr-FR\"},{\"@type\":\"WebPage\",\"@id\":\"https:\\\/\\\/aassdn.org\\\/amicale\\\/une-lecon-dhistoire-par-paul-leistenschneider-compagon-de-la-liberation-a-la-jeunesse\\\/\",\"url\":\"https:\\\/\\\/aassdn.org\\\/amicale\\\/une-lecon-dhistoire-par-paul-leistenschneider-compagon-de-la-liberation-a-la-jeunesse\\\/\",\"name\":\"Une lecon d'Histoire par Paul Leistenschneider, compagon de la liberation \u00e0 la jeunesse | AASSDN | Anciens et Amis des Services Sp\u00e9ciaux\",\"isPartOf\":{\"@id\":\"https:\\\/\\\/aassdn.org\\\/amicale\\\/#website\"},\"datePublished\":\"2021-10-29T08:00:18+00:00\",\"dateModified\":\"2024-03-15T13:07:18+00:00\",\"breadcrumb\":{\"@id\":\"https:\\\/\\\/aassdn.org\\\/amicale\\\/une-lecon-dhistoire-par-paul-leistenschneider-compagon-de-la-liberation-a-la-jeunesse\\\/#breadcrumb\"},\"inLanguage\":\"fr-FR\",\"potentialAction\":[{\"@type\":\"ReadAction\",\"target\":[\"https:\\\/\\\/aassdn.org\\\/amicale\\\/une-lecon-dhistoire-par-paul-leistenschneider-compagon-de-la-liberation-a-la-jeunesse\\\/\"]}]},{\"@type\":\"BreadcrumbList\",\"@id\":\"https:\\\/\\\/aassdn.org\\\/amicale\\\/une-lecon-dhistoire-par-paul-leistenschneider-compagon-de-la-liberation-a-la-jeunesse\\\/#breadcrumb\",\"itemListElement\":[{\"@type\":\"ListItem\",\"position\":1,\"name\":\"Accueil\",\"item\":\"https:\\\/\\\/aassdn.org\\\/amicale\\\/\"},{\"@type\":\"ListItem\",\"position\":2,\"name\":\"Une lecon d&#8217;Histoire par Paul Leistenschneider, compagon de la liberation \u00e0 la jeunesse\"}]},{\"@type\":\"WebSite\",\"@id\":\"https:\\\/\\\/aassdn.org\\\/amicale\\\/#website\",\"url\":\"https:\\\/\\\/aassdn.org\\\/amicale\\\/\",\"name\":\"AASSDN | Anciens et Amis des Services Sp\u00e9ciaux\",\"description\":\"Services sp\u00e9ciaux : Des h\u00e9ros anonymes au service exclusif de la France\",\"publisher\":{\"@id\":\"https:\\\/\\\/aassdn.org\\\/amicale\\\/#organization\"},\"potentialAction\":[{\"@type\":\"SearchAction\",\"target\":{\"@type\":\"EntryPoint\",\"urlTemplate\":\"https:\\\/\\\/aassdn.org\\\/amicale\\\/?s={search_term_string}\"},\"query-input\":{\"@type\":\"PropertyValueSpecification\",\"valueRequired\":true,\"valueName\":\"search_term_string\"}}],\"inLanguage\":\"fr-FR\"},{\"@type\":\"Organization\",\"@id\":\"https:\\\/\\\/aassdn.org\\\/amicale\\\/#organization\",\"name\":\"AASSDN | Anciens et Amis des Services Sp\u00e9ciaux\",\"url\":\"https:\\\/\\\/aassdn.org\\\/amicale\\\/\",\"logo\":{\"@type\":\"ImageObject\",\"inLanguage\":\"fr-FR\",\"@id\":\"https:\\\/\\\/aassdn.org\\\/amicale\\\/#\\\/schema\\\/logo\\\/image\\\/\",\"url\":\"https:\\\/\\\/aassdn.org\\\/amicale\\\/wp-content\\\/uploads\\\/Logo_AASSDN_transparent2.png\",\"contentUrl\":\"https:\\\/\\\/aassdn.org\\\/amicale\\\/wp-content\\\/uploads\\\/Logo_AASSDN_transparent2.png\",\"width\":1832,\"height\":1609,\"caption\":\"AASSDN | Anciens et Amis des Services Sp\u00e9ciaux\"},\"image\":{\"@id\":\"https:\\\/\\\/aassdn.org\\\/amicale\\\/#\\\/schema\\\/logo\\\/image\\\/\"}},{\"@type\":\"Person\",\"@id\":\"https:\\\/\\\/aassdn.org\\\/amicale\\\/#\\\/schema\\\/person\\\/73800712a272e6d58a10a86ea9e59671\",\"name\":\"AASSDN\",\"image\":{\"@type\":\"ImageObject\",\"inLanguage\":\"fr-FR\",\"@id\":\"https:\\\/\\\/secure.gravatar.com\\\/avatar\\\/9653808d17788562e72d77e426d8d02775774239aefd00a9b4e852423d8e9d7e?s=96&d=mm&r=g\",\"url\":\"https:\\\/\\\/secure.gravatar.com\\\/avatar\\\/9653808d17788562e72d77e426d8d02775774239aefd00a9b4e852423d8e9d7e?s=96&d=mm&r=g\",\"contentUrl\":\"https:\\\/\\\/secure.gravatar.com\\\/avatar\\\/9653808d17788562e72d77e426d8d02775774239aefd00a9b4e852423d8e9d7e?s=96&d=mm&r=g\",\"caption\":\"AASSDN\"},\"sameAs\":[\"https:\\\/\\\/aassdn.org\\\/amicale\"],\"url\":\"https:\\\/\\\/aassdn.org\\\/amicale\\\/author\\\/wordpress\\\/\"}]}<\/script>\n<!-- \/ Yoast SEO plugin. -->","yoast_head_json":{"title":"Une lecon d'Histoire par Paul Leistenschneider, compagon de la liberation \u00e0 la jeunesse | AASSDN | Anciens et Amis des Services Sp\u00e9ciaux","robots":{"index":"index","follow":"follow","max-snippet":"max-snippet:-1","max-image-preview":"max-image-preview:large","max-video-preview":"max-video-preview:-1"},"canonical":"https:\/\/aassdn.org\/amicale\/une-lecon-dhistoire-par-paul-leistenschneider-compagon-de-la-liberation-a-la-jeunesse\/","og_locale":"fr_FR","og_type":"article","og_title":"Une lecon d'Histoire par Paul Leistenschneider, compagon de la liberation \u00e0 la jeunesse | AASSDN | Anciens et Amis des Services Sp\u00e9ciaux","og_description":"Notre camarade Paul Leistenschneider, alias \u00abCarr\u00e9\u00bb dans la r\u00e9sistance, lance un appel \u00e0 la jeunesse pour que dans l\u2019euphorie des manifestations qui c\u00e9l\u00e8brent la Victoire sur les nazis, nul n\u2019oublie les le\u00e7ons de l\u2019Histoire et en particulier les effets n\u00e9fastes des politiques d\u2019abandons comme des trait\u00e9s g\u00e9n\u00e9rateurs de conflits ethniques et nationaux. Nul n\u2019\u00e9tait plus [&hellip;]","og_url":"https:\/\/aassdn.org\/amicale\/une-lecon-dhistoire-par-paul-leistenschneider-compagon-de-la-liberation-a-la-jeunesse\/","og_site_name":"AASSDN | Anciens et Amis des Services Sp\u00e9ciaux","article_published_time":"2021-10-29T08:00:18+00:00","article_modified_time":"2024-03-15T13:07:18+00:00","author":"AASSDN","twitter_card":"summary_large_image","twitter_misc":{"\u00c9crit par":"AASSDN","Dur\u00e9e de lecture estim\u00e9e":"6 minutes"},"schema":{"@context":"https:\/\/schema.org","@graph":[{"@type":"Article","@id":"https:\/\/aassdn.org\/amicale\/une-lecon-dhistoire-par-paul-leistenschneider-compagon-de-la-liberation-a-la-jeunesse\/#article","isPartOf":{"@id":"https:\/\/aassdn.org\/amicale\/une-lecon-dhistoire-par-paul-leistenschneider-compagon-de-la-liberation-a-la-jeunesse\/"},"author":{"name":"AASSDN","@id":"https:\/\/aassdn.org\/amicale\/#\/schema\/person\/73800712a272e6d58a10a86ea9e59671"},"headline":"Une lecon d&#8217;Histoire par Paul Leistenschneider, compagon de la liberation \u00e0 la jeunesse","datePublished":"2021-10-29T08:00:18+00:00","dateModified":"2024-03-15T13:07:18+00:00","mainEntityOfPage":{"@id":"https:\/\/aassdn.org\/amicale\/une-lecon-dhistoire-par-paul-leistenschneider-compagon-de-la-liberation-a-la-jeunesse\/"},"wordCount":1306,"publisher":{"@id":"https:\/\/aassdn.org\/amicale\/#organization"},"keywords":["Adolf Hitler","Arm\u00e9e","d\u00e9barquement","d\u00e9barquements","G\u00e9n\u00e9ral De Gaulle","guerre","histoire","Lib\u00e9ration","r\u00e9seau Kleber","R\u00e9sistance","Russie","vigilance"],"articleSection":["Europe de l'Ouest","Extraits de bulletin","Services allemands"],"inLanguage":"fr-FR"},{"@type":"WebPage","@id":"https:\/\/aassdn.org\/amicale\/une-lecon-dhistoire-par-paul-leistenschneider-compagon-de-la-liberation-a-la-jeunesse\/","url":"https:\/\/aassdn.org\/amicale\/une-lecon-dhistoire-par-paul-leistenschneider-compagon-de-la-liberation-a-la-jeunesse\/","name":"Une lecon d'Histoire par Paul Leistenschneider, compagon de la liberation \u00e0 la jeunesse | AASSDN | Anciens et Amis des Services Sp\u00e9ciaux","isPartOf":{"@id":"https:\/\/aassdn.org\/amicale\/#website"},"datePublished":"2021-10-29T08:00:18+00:00","dateModified":"2024-03-15T13:07:18+00:00","breadcrumb":{"@id":"https:\/\/aassdn.org\/amicale\/une-lecon-dhistoire-par-paul-leistenschneider-compagon-de-la-liberation-a-la-jeunesse\/#breadcrumb"},"inLanguage":"fr-FR","potentialAction":[{"@type":"ReadAction","target":["https:\/\/aassdn.org\/amicale\/une-lecon-dhistoire-par-paul-leistenschneider-compagon-de-la-liberation-a-la-jeunesse\/"]}]},{"@type":"BreadcrumbList","@id":"https:\/\/aassdn.org\/amicale\/une-lecon-dhistoire-par-paul-leistenschneider-compagon-de-la-liberation-a-la-jeunesse\/#breadcrumb","itemListElement":[{"@type":"ListItem","position":1,"name":"Accueil","item":"https:\/\/aassdn.org\/amicale\/"},{"@type":"ListItem","position":2,"name":"Une lecon d&#8217;Histoire par Paul Leistenschneider, compagon de la liberation \u00e0 la jeunesse"}]},{"@type":"WebSite","@id":"https:\/\/aassdn.org\/amicale\/#website","url":"https:\/\/aassdn.org\/amicale\/","name":"AASSDN | Anciens et Amis des Services Sp\u00e9ciaux","description":"Services sp\u00e9ciaux : Des h\u00e9ros anonymes au service exclusif de la France","publisher":{"@id":"https:\/\/aassdn.org\/amicale\/#organization"},"potentialAction":[{"@type":"SearchAction","target":{"@type":"EntryPoint","urlTemplate":"https:\/\/aassdn.org\/amicale\/?s={search_term_string}"},"query-input":{"@type":"PropertyValueSpecification","valueRequired":true,"valueName":"search_term_string"}}],"inLanguage":"fr-FR"},{"@type":"Organization","@id":"https:\/\/aassdn.org\/amicale\/#organization","name":"AASSDN | Anciens et Amis des Services Sp\u00e9ciaux","url":"https:\/\/aassdn.org\/amicale\/","logo":{"@type":"ImageObject","inLanguage":"fr-FR","@id":"https:\/\/aassdn.org\/amicale\/#\/schema\/logo\/image\/","url":"https:\/\/aassdn.org\/amicale\/wp-content\/uploads\/Logo_AASSDN_transparent2.png","contentUrl":"https:\/\/aassdn.org\/amicale\/wp-content\/uploads\/Logo_AASSDN_transparent2.png","width":1832,"height":1609,"caption":"AASSDN | Anciens et Amis des Services Sp\u00e9ciaux"},"image":{"@id":"https:\/\/aassdn.org\/amicale\/#\/schema\/logo\/image\/"}},{"@type":"Person","@id":"https:\/\/aassdn.org\/amicale\/#\/schema\/person\/73800712a272e6d58a10a86ea9e59671","name":"AASSDN","image":{"@type":"ImageObject","inLanguage":"fr-FR","@id":"https:\/\/secure.gravatar.com\/avatar\/9653808d17788562e72d77e426d8d02775774239aefd00a9b4e852423d8e9d7e?s=96&d=mm&r=g","url":"https:\/\/secure.gravatar.com\/avatar\/9653808d17788562e72d77e426d8d02775774239aefd00a9b4e852423d8e9d7e?s=96&d=mm&r=g","contentUrl":"https:\/\/secure.gravatar.com\/avatar\/9653808d17788562e72d77e426d8d02775774239aefd00a9b4e852423d8e9d7e?s=96&d=mm&r=g","caption":"AASSDN"},"sameAs":["https:\/\/aassdn.org\/amicale"],"url":"https:\/\/aassdn.org\/amicale\/author\/wordpress\/"}]}},"_links":{"self":[{"href":"https:\/\/aassdn.org\/amicale\/wp-json\/wp\/v2\/posts\/2384","targetHints":{"allow":["GET"]}}],"collection":[{"href":"https:\/\/aassdn.org\/amicale\/wp-json\/wp\/v2\/posts"}],"about":[{"href":"https:\/\/aassdn.org\/amicale\/wp-json\/wp\/v2\/types\/post"}],"author":[{"embeddable":true,"href":"https:\/\/aassdn.org\/amicale\/wp-json\/wp\/v2\/users\/1"}],"replies":[{"embeddable":true,"href":"https:\/\/aassdn.org\/amicale\/wp-json\/wp\/v2\/comments?post=2384"}],"version-history":[{"count":0,"href":"https:\/\/aassdn.org\/amicale\/wp-json\/wp\/v2\/posts\/2384\/revisions"}],"wp:attachment":[{"href":"https:\/\/aassdn.org\/amicale\/wp-json\/wp\/v2\/media?parent=2384"}],"wp:term":[{"taxonomy":"category","embeddable":true,"href":"https:\/\/aassdn.org\/amicale\/wp-json\/wp\/v2\/categories?post=2384"},{"taxonomy":"post_tag","embeddable":true,"href":"https:\/\/aassdn.org\/amicale\/wp-json\/wp\/v2\/tags?post=2384"}],"curies":[{"name":"wp","href":"https:\/\/api.w.org\/{rel}","templated":true}]}}