{"id":2372,"date":"2021-10-29T10:00:16","date_gmt":"2021-10-29T08:00:16","guid":{"rendered":"https:\/\/aassdn.org\/amicale\/disparition-dun-grand-patron-dun-grand-francais-professeur-maurice-recordier-hommage\/"},"modified":"2024-03-15T14:07:47","modified_gmt":"2024-03-15T13:07:47","slug":"disparition-dun-grand-patron-dun-grand-francais-professeur-maurice-recordier-hommage","status":"publish","type":"post","link":"https:\/\/aassdn.org\/amicale\/disparition-dun-grand-patron-dun-grand-francais-professeur-maurice-recordier-hommage\/","title":{"rendered":"Disparition d&#8217;un grand patron, d&#8217;un grand  francais : Professeur  Maurice Recordier &#8211; Hommage"},"content":{"rendered":"<p> Il \u00e9tait mon ami, mon fr\u00e8re, depuis notre enfance. Ensemble nous avons   fr\u00e9quent\u00e9 toutes les classes du Lyc\u00e9e de Marseille. Moi-m\u00eame, orphelin de   guerre, ses parents \u00e9taient mes correspondants. Je vivais chez eux, comme un   fils.<\/p>\n<p class=\"Style28 Style29\" align=\"justify\">Nos destin\u00e9es professionnels ont diverg\u00e9 \u00e0 la fin de nos \u00e9tudes secondaires   lui, \u00e9l\u00e8ve surdou\u00e9, est devenu un Grand Patron de la M\u00e9decine, Professeur et   Chef de Service des H\u00f4pitaux auxquels il a consacr\u00e9 sa vie. Sa r\u00e9putation   \u00e9tait mondiale en mati\u00e8re de Rhumatologie.<\/p>\n<p class=\"Style28 Style29\" align=\"justify\">Jamais nous ne nous sommes s\u00e9par\u00e9s.    <\/p>\n<p class=\"Style28 Style29\" align=\"justify\">Lorsqu\u2019en juillet 1940, dans la d\u00e9tresse de la d\u00e9b\u00e2cle, j\u2019ai d\u00fb prendre la   responsabilit\u00e9 de l\u2019organisation clandestine de la lutte contre les Services   Sp\u00e9ciaux de l\u2019envahisseur, c\u2019est pos\u00e9 le probl\u00e8me d\u2019une installation   discr\u00e8te apte \u00e0 camoufler nos archives et nos activit\u00e9s tout en permettant   des liaisons faciles avec l\u2019Afrique du Nord, j\u2019ai pens\u00e9, bien s\u00fbr, \u00e0   plusieurs solutions dans la zone dite libre en bordure de la c\u00f4te   m\u00e9diterran\u00e9enne.<\/p>\n<p class=\"Style28 Style29\" align=\"justify\">Marseille a retenu mon choix pour des raisons g\u00e9ographiques, d\u00e9mographiques,   techniques \u00e9videntes, mais aussi parce que je savais que je trouverai chez   les Recordier une ambiance familiale, un appui, totalement d\u00e9sint\u00e9ress\u00e9 et   acquis \u00e0 la cause de la R\u00e9sistance.    <\/p>\n<p class=\"Style28 Style29\" align=\"justify\">Il en fut ainsi \u2014 Maurice comme sa famille et sp\u00e9cialement son fr\u00e8re \u2014   r\u00e9pondit \u00e0 tous nos appels, \u00e0 tous nos besoins : camouflage de camarades   recherch\u00e9s, soins \u00e0 notre personnel, fourniture de m\u00e9dicaments, admission   gratuite et discr\u00e8te dans les h\u00f4pitaux de Marseille recrutement   d\u2019informateurs et \u00e0 partir de novembre 1942 accueil de nos agents venus   d\u2019A.F.N., sauvetage in extremis de nos archives T.R., les plus secr\u00e8tes   enterr\u00e9es chez ses parents \u00e0 Eygui\u00e8res o\u00f9 elles \u00e9chapp\u00e8rent aux recherches   de l\u2019ennemi.    <\/p>\n<p class=\"Style28 Style29\" align=\"justify\">C\u2019est chez son fr\u00e8re, Marcel, qu\u2019\u00e9choue mon ami Henri FRENAY en ao\u00fbt 1940   pour lancer son mouvement \u00ab COMBAT \u00bb. C\u2019est chez Recordier que FRENAY fait   en juillet 1941 la connaissance de Jean MOULIN, c\u2019est RECORDIER qui re\u00e7oit   Jean MOULIN parachut\u00e9 le 1\u00b0 janvier 1942 dans les marais de Fontvieille,   pr\u00e8s d\u2019Aix-en-Provence, c\u2019est RECORDIER enfin qui m\u00e9nage l\u2019entrevue d\u00e9cisive   de FRENAY et de Jean MOULIN, charg\u00e9 par de GAULLE de r\u00e9aliser en zone sud   l\u2019unit\u00e9 de la R\u00e9sistance (<strong>1<\/strong>)    <\/p>\n<p class=\"Style28 Style29\" align=\"justify\">Telle est cette famille, ma famille, dont le dernier descendant, sans doute   le plus illustre, nous a quitt\u00e9s fin avril 1987 en \u00e9vitant de nous alerter   sur le sort implacable que lui r\u00e9servait le mal dont il se savait frapp\u00e9   depuis cinq ans. Je suis all\u00e9 pleurer sur sa tombe \u00e0 Eygui\u00e8res.    <\/p>\n<p class=\"Style28 Style29\" align=\"justify\">Vrais \u00ab P\u00e8res Tranquilles \u00bb de la R\u00c9SISTANCE, je ne suis pas s\u00fbr que la   France ait honor\u00e9 les fr\u00e8res RECORDIER \u00e0 la mesure des services qu\u2019ils lui   ont rendus.   Du moins, l\u2019A.A.S.S.D.N. n\u2019oubliera jamais ce qu\u2019elle leur doit.      (<strong>1<\/strong>) <em>J\u2019ai dit dans \u00ab <a href=\"http:\/\/www.aassdn.org\/xmca11000.htm#PAILLOLE1\">Services Sp\u00e9ciaux 1935-1945<\/a> \u00bb p. 305, combien il est   regrettable que cette occasion unique de rapprocher nos Services de ceux de   Londres n\u2019ait pas \u00e9t\u00e9 saisie par l\u2019envoy\u00e9 de DE GAULLE. Sans doute ai-je ma   part de responsabilit\u00e9, car sachant la pr\u00e9sence de Jean MOULIN \u00e0 Marseille,   j\u2019aurais peut-\u00eatre d\u00fb prendre une initiative qu\u2019il semblait \u00e9viter et que   FRENAY n\u2019a pas encourag\u00e9e. Ainsi va l\u2019HISTOIRE, notre HISTOIRE !<\/em><\/p>\n<p class=\"Style28 Style29\" align=\"right\">\n<p class=\"Style19 Style28 Style29\">\n<div class=\"pdfprnt-buttons pdfprnt-buttons-post pdfprnt-bottom-right\"><a href=\"https:\/\/aassdn.org\/amicale\/wp-json\/wp\/v2\/posts\/2372?print=pdf\" class=\"pdfprnt-button pdfprnt-button-pdf\" target=\"_blank\" ><img decoding=\"async\" data-src=\"https:\/\/aassdn.org\/amicale\/wp-content\/plugins\/pdf-print\/images\/pdf.png\" alt=\"image_pdf\" title=\"Afficher le PDF\" src=\"data:image\/svg+xml;base64,PHN2ZyB3aWR0aD0iMSIgaGVpZ2h0PSIxIiB4bWxucz0iaHR0cDovL3d3dy53My5vcmcvMjAwMC9zdmciPjwvc3ZnPg==\" class=\"lazyload\" style=\"--smush-placeholder-width: 32px; --smush-placeholder-aspect-ratio: 32\/32;\" \/><\/a><a href=\"https:\/\/aassdn.org\/amicale\/wp-json\/wp\/v2\/posts\/2372?print=print\" class=\"pdfprnt-button pdfprnt-button-print\" target=\"_blank\" ><\/a><\/div>","protected":false},"excerpt":{"rendered":"<p>Il \u00e9tait mon ami, mon fr\u00e8re, depuis notre enfance. Ensemble nous avons fr\u00e9quent\u00e9 toutes les classes du Lyc\u00e9e de Marseille. Moi-m\u00eame, orphelin de guerre, ses parents \u00e9taient mes correspondants. Je vivais chez eux, comme un fils. Nos destin\u00e9es professionnels ont diverg\u00e9 \u00e0 la fin de nos \u00e9tudes secondaires lui, \u00e9l\u00e8ve surdou\u00e9, est devenu un Grand [&hellip;]<\/p>\n","protected":false},"author":1,"featured_media":0,"comment_status":"closed","ping_status":"open","sticky":false,"template":"","format":"standard","meta":{"_acf_changed":false,"footnotes":""},"categories":[79],"tags":[526,483,456,425,418,241,346,327,240,508,381,203,214,416],"class_list":["post-2372","post","type-post","status-publish","format-standard","hentry","category-extraits-de-bulletin","tag-agents","tag-archives","tag-camarade","tag-clandestin","tag-debacle","tag-general-de-gaulle","tag-guerre","tag-histoire","tag-jean-moulin","tag-londres","tag-lutte","tag-paul-paillole","tag-resistance","tag-services-speciaux"],"acf":[],"yoast_head":"<!-- This site is optimized with the Yoast SEO plugin v27.4 - https:\/\/yoast.com\/product\/yoast-seo-wordpress\/ -->\n<title>Disparition d&#039;un grand patron, d&#039;un grand francais : Professeur Maurice Recordier - Hommage | AASSDN | Anciens et Amis des Services Sp\u00e9ciaux<\/title>\n<meta name=\"robots\" content=\"index, follow, max-snippet:-1, max-image-preview:large, max-video-preview:-1\" \/>\n<link rel=\"canonical\" href=\"https:\/\/aassdn.org\/amicale\/disparition-dun-grand-patron-dun-grand-francais-professeur-maurice-recordier-hommage\/\" \/>\n<meta property=\"og:locale\" content=\"fr_FR\" \/>\n<meta property=\"og:type\" content=\"article\" \/>\n<meta property=\"og:title\" content=\"Disparition d&#039;un grand patron, d&#039;un grand francais : Professeur Maurice Recordier - Hommage | AASSDN | Anciens et Amis des Services Sp\u00e9ciaux\" \/>\n<meta property=\"og:description\" content=\"Il \u00e9tait mon ami, mon fr\u00e8re, depuis notre enfance. Ensemble nous avons fr\u00e9quent\u00e9 toutes les classes du Lyc\u00e9e de Marseille. Moi-m\u00eame, orphelin de guerre, ses parents \u00e9taient mes correspondants. Je vivais chez eux, comme un fils. Nos destin\u00e9es professionnels ont diverg\u00e9 \u00e0 la fin de nos \u00e9tudes secondaires lui, \u00e9l\u00e8ve surdou\u00e9, est devenu un Grand [&hellip;]\" \/>\n<meta property=\"og:url\" content=\"https:\/\/aassdn.org\/amicale\/disparition-dun-grand-patron-dun-grand-francais-professeur-maurice-recordier-hommage\/\" \/>\n<meta property=\"og:site_name\" content=\"AASSDN | Anciens et Amis des Services Sp\u00e9ciaux\" \/>\n<meta property=\"article:published_time\" content=\"2021-10-29T08:00:16+00:00\" \/>\n<meta property=\"article:modified_time\" content=\"2024-03-15T13:07:47+00:00\" \/>\n<meta name=\"author\" content=\"AASSDN\" \/>\n<meta name=\"twitter:card\" content=\"summary_large_image\" \/>\n<meta name=\"twitter:label1\" content=\"\u00c9crit par\" \/>\n\t<meta name=\"twitter:data1\" content=\"AASSDN\" \/>\n\t<meta name=\"twitter:label2\" content=\"Dur\u00e9e de lecture estim\u00e9e\" \/>\n\t<meta name=\"twitter:data2\" content=\"3 minutes\" \/>\n<script type=\"application\/ld+json\" class=\"yoast-schema-graph\">{\"@context\":\"https:\\\/\\\/schema.org\",\"@graph\":[{\"@type\":\"Article\",\"@id\":\"https:\\\/\\\/aassdn.org\\\/amicale\\\/disparition-dun-grand-patron-dun-grand-francais-professeur-maurice-recordier-hommage\\\/#article\",\"isPartOf\":{\"@id\":\"https:\\\/\\\/aassdn.org\\\/amicale\\\/disparition-dun-grand-patron-dun-grand-francais-professeur-maurice-recordier-hommage\\\/\"},\"author\":{\"name\":\"AASSDN\",\"@id\":\"https:\\\/\\\/aassdn.org\\\/amicale\\\/#\\\/schema\\\/person\\\/73800712a272e6d58a10a86ea9e59671\"},\"headline\":\"Disparition d&#8217;un grand patron, d&#8217;un grand francais : Professeur Maurice Recordier &#8211; Hommage\",\"datePublished\":\"2021-10-29T08:00:16+00:00\",\"dateModified\":\"2024-03-15T13:07:47+00:00\",\"mainEntityOfPage\":{\"@id\":\"https:\\\/\\\/aassdn.org\\\/amicale\\\/disparition-dun-grand-patron-dun-grand-francais-professeur-maurice-recordier-hommage\\\/\"},\"wordCount\":596,\"publisher\":{\"@id\":\"https:\\\/\\\/aassdn.org\\\/amicale\\\/#organization\"},\"keywords\":[\"agents\",\"archives\",\"camarade\",\"clandestin\",\"d\u00e9b\u00e2cle\",\"G\u00e9n\u00e9ral De Gaulle\",\"guerre\",\"histoire\",\"Jean Moulin\",\"Londres\",\"lutte\",\"Paul paillole\",\"R\u00e9sistance\",\"services sp\u00e9ciaux\"],\"articleSection\":[\"Extraits de bulletin\"],\"inLanguage\":\"fr-FR\"},{\"@type\":\"WebPage\",\"@id\":\"https:\\\/\\\/aassdn.org\\\/amicale\\\/disparition-dun-grand-patron-dun-grand-francais-professeur-maurice-recordier-hommage\\\/\",\"url\":\"https:\\\/\\\/aassdn.org\\\/amicale\\\/disparition-dun-grand-patron-dun-grand-francais-professeur-maurice-recordier-hommage\\\/\",\"name\":\"Disparition d'un grand patron, d'un grand francais : Professeur Maurice Recordier - Hommage | AASSDN | Anciens et Amis des Services Sp\u00e9ciaux\",\"isPartOf\":{\"@id\":\"https:\\\/\\\/aassdn.org\\\/amicale\\\/#website\"},\"datePublished\":\"2021-10-29T08:00:16+00:00\",\"dateModified\":\"2024-03-15T13:07:47+00:00\",\"breadcrumb\":{\"@id\":\"https:\\\/\\\/aassdn.org\\\/amicale\\\/disparition-dun-grand-patron-dun-grand-francais-professeur-maurice-recordier-hommage\\\/#breadcrumb\"},\"inLanguage\":\"fr-FR\",\"potentialAction\":[{\"@type\":\"ReadAction\",\"target\":[\"https:\\\/\\\/aassdn.org\\\/amicale\\\/disparition-dun-grand-patron-dun-grand-francais-professeur-maurice-recordier-hommage\\\/\"]}]},{\"@type\":\"BreadcrumbList\",\"@id\":\"https:\\\/\\\/aassdn.org\\\/amicale\\\/disparition-dun-grand-patron-dun-grand-francais-professeur-maurice-recordier-hommage\\\/#breadcrumb\",\"itemListElement\":[{\"@type\":\"ListItem\",\"position\":1,\"name\":\"Accueil\",\"item\":\"https:\\\/\\\/aassdn.org\\\/amicale\\\/\"},{\"@type\":\"ListItem\",\"position\":2,\"name\":\"Disparition d&#8217;un grand patron, d&#8217;un grand francais : Professeur Maurice Recordier &#8211; Hommage\"}]},{\"@type\":\"WebSite\",\"@id\":\"https:\\\/\\\/aassdn.org\\\/amicale\\\/#website\",\"url\":\"https:\\\/\\\/aassdn.org\\\/amicale\\\/\",\"name\":\"AASSDN | Anciens et Amis des Services Sp\u00e9ciaux\",\"description\":\"Services sp\u00e9ciaux : Des h\u00e9ros anonymes au service exclusif de la France\",\"publisher\":{\"@id\":\"https:\\\/\\\/aassdn.org\\\/amicale\\\/#organization\"},\"potentialAction\":[{\"@type\":\"SearchAction\",\"target\":{\"@type\":\"EntryPoint\",\"urlTemplate\":\"https:\\\/\\\/aassdn.org\\\/amicale\\\/?s={search_term_string}\"},\"query-input\":{\"@type\":\"PropertyValueSpecification\",\"valueRequired\":true,\"valueName\":\"search_term_string\"}}],\"inLanguage\":\"fr-FR\"},{\"@type\":\"Organization\",\"@id\":\"https:\\\/\\\/aassdn.org\\\/amicale\\\/#organization\",\"name\":\"AASSDN | Anciens et Amis des Services Sp\u00e9ciaux\",\"url\":\"https:\\\/\\\/aassdn.org\\\/amicale\\\/\",\"logo\":{\"@type\":\"ImageObject\",\"inLanguage\":\"fr-FR\",\"@id\":\"https:\\\/\\\/aassdn.org\\\/amicale\\\/#\\\/schema\\\/logo\\\/image\\\/\",\"url\":\"https:\\\/\\\/aassdn.org\\\/amicale\\\/wp-content\\\/uploads\\\/Logo_AASSDN_transparent2.png\",\"contentUrl\":\"https:\\\/\\\/aassdn.org\\\/amicale\\\/wp-content\\\/uploads\\\/Logo_AASSDN_transparent2.png\",\"width\":1832,\"height\":1609,\"caption\":\"AASSDN | Anciens et Amis des Services Sp\u00e9ciaux\"},\"image\":{\"@id\":\"https:\\\/\\\/aassdn.org\\\/amicale\\\/#\\\/schema\\\/logo\\\/image\\\/\"}},{\"@type\":\"Person\",\"@id\":\"https:\\\/\\\/aassdn.org\\\/amicale\\\/#\\\/schema\\\/person\\\/73800712a272e6d58a10a86ea9e59671\",\"name\":\"AASSDN\",\"image\":{\"@type\":\"ImageObject\",\"inLanguage\":\"fr-FR\",\"@id\":\"https:\\\/\\\/secure.gravatar.com\\\/avatar\\\/9653808d17788562e72d77e426d8d02775774239aefd00a9b4e852423d8e9d7e?s=96&d=mm&r=g\",\"url\":\"https:\\\/\\\/secure.gravatar.com\\\/avatar\\\/9653808d17788562e72d77e426d8d02775774239aefd00a9b4e852423d8e9d7e?s=96&d=mm&r=g\",\"contentUrl\":\"https:\\\/\\\/secure.gravatar.com\\\/avatar\\\/9653808d17788562e72d77e426d8d02775774239aefd00a9b4e852423d8e9d7e?s=96&d=mm&r=g\",\"caption\":\"AASSDN\"},\"sameAs\":[\"https:\\\/\\\/aassdn.org\\\/amicale\"],\"url\":\"https:\\\/\\\/aassdn.org\\\/amicale\\\/author\\\/wordpress\\\/\"}]}<\/script>\n<!-- \/ Yoast SEO plugin. -->","yoast_head_json":{"title":"Disparition d'un grand patron, d'un grand francais : Professeur Maurice Recordier - Hommage | AASSDN | Anciens et Amis des Services Sp\u00e9ciaux","robots":{"index":"index","follow":"follow","max-snippet":"max-snippet:-1","max-image-preview":"max-image-preview:large","max-video-preview":"max-video-preview:-1"},"canonical":"https:\/\/aassdn.org\/amicale\/disparition-dun-grand-patron-dun-grand-francais-professeur-maurice-recordier-hommage\/","og_locale":"fr_FR","og_type":"article","og_title":"Disparition d'un grand patron, d'un grand francais : Professeur Maurice Recordier - Hommage | AASSDN | Anciens et Amis des Services Sp\u00e9ciaux","og_description":"Il \u00e9tait mon ami, mon fr\u00e8re, depuis notre enfance. Ensemble nous avons fr\u00e9quent\u00e9 toutes les classes du Lyc\u00e9e de Marseille. Moi-m\u00eame, orphelin de guerre, ses parents \u00e9taient mes correspondants. Je vivais chez eux, comme un fils. Nos destin\u00e9es professionnels ont diverg\u00e9 \u00e0 la fin de nos \u00e9tudes secondaires lui, \u00e9l\u00e8ve surdou\u00e9, est devenu un Grand [&hellip;]","og_url":"https:\/\/aassdn.org\/amicale\/disparition-dun-grand-patron-dun-grand-francais-professeur-maurice-recordier-hommage\/","og_site_name":"AASSDN | Anciens et Amis des Services Sp\u00e9ciaux","article_published_time":"2021-10-29T08:00:16+00:00","article_modified_time":"2024-03-15T13:07:47+00:00","author":"AASSDN","twitter_card":"summary_large_image","twitter_misc":{"\u00c9crit par":"AASSDN","Dur\u00e9e de lecture estim\u00e9e":"3 minutes"},"schema":{"@context":"https:\/\/schema.org","@graph":[{"@type":"Article","@id":"https:\/\/aassdn.org\/amicale\/disparition-dun-grand-patron-dun-grand-francais-professeur-maurice-recordier-hommage\/#article","isPartOf":{"@id":"https:\/\/aassdn.org\/amicale\/disparition-dun-grand-patron-dun-grand-francais-professeur-maurice-recordier-hommage\/"},"author":{"name":"AASSDN","@id":"https:\/\/aassdn.org\/amicale\/#\/schema\/person\/73800712a272e6d58a10a86ea9e59671"},"headline":"Disparition d&#8217;un grand patron, d&#8217;un grand francais : Professeur Maurice Recordier &#8211; Hommage","datePublished":"2021-10-29T08:00:16+00:00","dateModified":"2024-03-15T13:07:47+00:00","mainEntityOfPage":{"@id":"https:\/\/aassdn.org\/amicale\/disparition-dun-grand-patron-dun-grand-francais-professeur-maurice-recordier-hommage\/"},"wordCount":596,"publisher":{"@id":"https:\/\/aassdn.org\/amicale\/#organization"},"keywords":["agents","archives","camarade","clandestin","d\u00e9b\u00e2cle","G\u00e9n\u00e9ral De Gaulle","guerre","histoire","Jean Moulin","Londres","lutte","Paul paillole","R\u00e9sistance","services sp\u00e9ciaux"],"articleSection":["Extraits de bulletin"],"inLanguage":"fr-FR"},{"@type":"WebPage","@id":"https:\/\/aassdn.org\/amicale\/disparition-dun-grand-patron-dun-grand-francais-professeur-maurice-recordier-hommage\/","url":"https:\/\/aassdn.org\/amicale\/disparition-dun-grand-patron-dun-grand-francais-professeur-maurice-recordier-hommage\/","name":"Disparition d'un grand patron, d'un grand francais : Professeur Maurice Recordier - Hommage | AASSDN | Anciens et Amis des Services Sp\u00e9ciaux","isPartOf":{"@id":"https:\/\/aassdn.org\/amicale\/#website"},"datePublished":"2021-10-29T08:00:16+00:00","dateModified":"2024-03-15T13:07:47+00:00","breadcrumb":{"@id":"https:\/\/aassdn.org\/amicale\/disparition-dun-grand-patron-dun-grand-francais-professeur-maurice-recordier-hommage\/#breadcrumb"},"inLanguage":"fr-FR","potentialAction":[{"@type":"ReadAction","target":["https:\/\/aassdn.org\/amicale\/disparition-dun-grand-patron-dun-grand-francais-professeur-maurice-recordier-hommage\/"]}]},{"@type":"BreadcrumbList","@id":"https:\/\/aassdn.org\/amicale\/disparition-dun-grand-patron-dun-grand-francais-professeur-maurice-recordier-hommage\/#breadcrumb","itemListElement":[{"@type":"ListItem","position":1,"name":"Accueil","item":"https:\/\/aassdn.org\/amicale\/"},{"@type":"ListItem","position":2,"name":"Disparition d&#8217;un grand patron, d&#8217;un grand francais : Professeur Maurice Recordier &#8211; Hommage"}]},{"@type":"WebSite","@id":"https:\/\/aassdn.org\/amicale\/#website","url":"https:\/\/aassdn.org\/amicale\/","name":"AASSDN | Anciens et Amis des Services Sp\u00e9ciaux","description":"Services sp\u00e9ciaux : Des h\u00e9ros anonymes au service exclusif de la France","publisher":{"@id":"https:\/\/aassdn.org\/amicale\/#organization"},"potentialAction":[{"@type":"SearchAction","target":{"@type":"EntryPoint","urlTemplate":"https:\/\/aassdn.org\/amicale\/?s={search_term_string}"},"query-input":{"@type":"PropertyValueSpecification","valueRequired":true,"valueName":"search_term_string"}}],"inLanguage":"fr-FR"},{"@type":"Organization","@id":"https:\/\/aassdn.org\/amicale\/#organization","name":"AASSDN | Anciens et Amis des Services Sp\u00e9ciaux","url":"https:\/\/aassdn.org\/amicale\/","logo":{"@type":"ImageObject","inLanguage":"fr-FR","@id":"https:\/\/aassdn.org\/amicale\/#\/schema\/logo\/image\/","url":"https:\/\/aassdn.org\/amicale\/wp-content\/uploads\/Logo_AASSDN_transparent2.png","contentUrl":"https:\/\/aassdn.org\/amicale\/wp-content\/uploads\/Logo_AASSDN_transparent2.png","width":1832,"height":1609,"caption":"AASSDN | Anciens et Amis des Services Sp\u00e9ciaux"},"image":{"@id":"https:\/\/aassdn.org\/amicale\/#\/schema\/logo\/image\/"}},{"@type":"Person","@id":"https:\/\/aassdn.org\/amicale\/#\/schema\/person\/73800712a272e6d58a10a86ea9e59671","name":"AASSDN","image":{"@type":"ImageObject","inLanguage":"fr-FR","@id":"https:\/\/secure.gravatar.com\/avatar\/9653808d17788562e72d77e426d8d02775774239aefd00a9b4e852423d8e9d7e?s=96&d=mm&r=g","url":"https:\/\/secure.gravatar.com\/avatar\/9653808d17788562e72d77e426d8d02775774239aefd00a9b4e852423d8e9d7e?s=96&d=mm&r=g","contentUrl":"https:\/\/secure.gravatar.com\/avatar\/9653808d17788562e72d77e426d8d02775774239aefd00a9b4e852423d8e9d7e?s=96&d=mm&r=g","caption":"AASSDN"},"sameAs":["https:\/\/aassdn.org\/amicale"],"url":"https:\/\/aassdn.org\/amicale\/author\/wordpress\/"}]}},"_links":{"self":[{"href":"https:\/\/aassdn.org\/amicale\/wp-json\/wp\/v2\/posts\/2372","targetHints":{"allow":["GET"]}}],"collection":[{"href":"https:\/\/aassdn.org\/amicale\/wp-json\/wp\/v2\/posts"}],"about":[{"href":"https:\/\/aassdn.org\/amicale\/wp-json\/wp\/v2\/types\/post"}],"author":[{"embeddable":true,"href":"https:\/\/aassdn.org\/amicale\/wp-json\/wp\/v2\/users\/1"}],"replies":[{"embeddable":true,"href":"https:\/\/aassdn.org\/amicale\/wp-json\/wp\/v2\/comments?post=2372"}],"version-history":[{"count":0,"href":"https:\/\/aassdn.org\/amicale\/wp-json\/wp\/v2\/posts\/2372\/revisions"}],"wp:attachment":[{"href":"https:\/\/aassdn.org\/amicale\/wp-json\/wp\/v2\/media?parent=2372"}],"wp:term":[{"taxonomy":"category","embeddable":true,"href":"https:\/\/aassdn.org\/amicale\/wp-json\/wp\/v2\/categories?post=2372"},{"taxonomy":"post_tag","embeddable":true,"href":"https:\/\/aassdn.org\/amicale\/wp-json\/wp\/v2\/tags?post=2372"}],"curies":[{"name":"wp","href":"https:\/\/api.w.org\/{rel}","templated":true}]}}