{"id":2367,"date":"2021-10-29T10:00:16","date_gmt":"2021-10-29T08:00:16","guid":{"rendered":"https:\/\/aassdn.org\/amicale\/conderence-du-colonel-m-garder-1980-des-minarets-de-kaboul-a-gdansk\/"},"modified":"2024-03-15T14:07:40","modified_gmt":"2024-03-15T13:07:40","slug":"conderence-du-colonel-m-garder-1980-des-minarets-de-kaboul-a-gdansk","status":"publish","type":"post","link":"https:\/\/aassdn.org\/amicale\/conderence-du-colonel-m-garder-1980-des-minarets-de-kaboul-a-gdansk\/","title":{"rendered":"Conderence du colonel M Garder 1980- des minarets de Kaboul a Gdansk."},"content":{"rendered":"<p>L&#8217;ann\u00e9e 1980 avait       d\u00e9but\u00e9 dans l&#8217;angoisse du fait de l&#8217;invasion de l&#8217;Afghanistan et s&#8217;est       achev\u00e9e dans le soulagement \u00e0 cause du sursis accord\u00e9 par le Kremlin \u00e0 la       Pologne. D&#8217;ailleurs peu de temps avant No\u00ebl, le camarade Boris PONOMAREV,       secr\u00e9taire du P.C. sovi\u00e9tique charg\u00e9 de superviser les partis communistes       des pays capitalistes, est venu en France nous rassurer sur les intentions       de Moscou, et, profitant d&#8217;une page du Monde (1), nous vanta les vertus       pacificatrices de la strat\u00e9gie totale sovi\u00e9tique. \u00ab Jamais, en aucune       circonstance, la politique ext\u00e9rieure sovi\u00e9tique ne vise \u00e0 torpiller la       d\u00e9tente. Cela est enti\u00e8rement valable quant \u00e0 l&#8217;aide de l&#8217;U.R.S.S. \u00e0       l&#8217;Afghanistan. En r\u00e9pondant \u00e0 la demande du gouvernement afghan, en       apportant son aide \u00e0 ce pays victime de l&#8217;agression, l&#8217;Union Sovi\u00e9tique a       agi en pleine conformit\u00e9 avec la charte de l&#8217;O.N.U. On peut donc se demander       depuis quand il est admis qu&#8217;une agression n&#8217;aggrave pas la situation,       tandis que la riposte \u00e0 cette agression l&#8217;aggrave ?\u00bb (1).<\/p>\n<p class=\"Style28 Style29\" align=\"justify\">\n<p class=\"Style28 Style29\" align=\"justify\">Les agresseurs, en       l&#8217;occurrence, \u00e9taient bien entendu, les Am\u00e9ricains qui avaient assist\u00e9 sans       r\u00e9agir \u00e0 l&#8217;assassinat de leur ambassadeur \u00e0 Kaboul et qui, par la suite       avaient attendu six mois pour tenter vainement une op\u00e9ration a\u00e9roport\u00e9e       pour lib\u00e9rer leurs diplomates retenus en otages par les Iraniens !<\/p>\n<p class=\"Style28 Style29\" align=\"justify\">\n<p class=\"Style28 Style29\" align=\"justify\">La v\u00e9rit\u00e9 historique et       les vraies responsabilit\u00e9s \u00e9tant ainsi r\u00e9tablies par notre haut dignitaire       de la Nomenklatura moscovite, ce dernier nous a invit\u00e9s \u00e0 m\u00e9diter une phrase       particuli\u00e8rement profonde de son souverain, le mar\u00e9chal Leonid BREJNEV,       extraite de son immortel ouvrage \u00ab Pages d&#8217;une vie \u00bb : \u00ab il est tr\u00e8s       important que (&#8230;) la coop\u00e9ration sovi\u00e9to-fran\u00e7aise reste un facteur       dynamique et agissant de la d\u00e9tente et de la s\u00e9curit\u00e9 dans le monde, que nos       pays et peuples se montrent des partenaires li\u00e9s par la confiance mutuelle \u00bb       (1).<\/p>\n<p class=\"Style28 Style29\" align=\"justify\">\n<p class=\"Style28 Style29\" align=\"justify\">Quand on se souvient que       \u00ab la d\u00e9tente \u00bb n&#8217;est qu&#8217;une des formes de la \u00ab coexistence pacifique \u00bb et       que celle-ci veut dire pour le Kremlin \u00ab la poursuite de la lutte par tous       les moyens, \u00e0 l&#8217;exclusion d&#8217;un, recours direct \u00e0 la force \u00bb, la phrase du mar\u00e9chal-pr\u00e9sident ne pr\u00eate \u00e0 aucune \u00e9quivoque.<\/p>\n<p class=\"Style28 Style29\" align=\"justify\">La France se trouve       imp\u00e9rativement convi\u00e9e \u00e0 seconder l&#8217;Union Sovi\u00e9tique dans la lutte contre       ses propres alli\u00e9s et cela en vue de \u00ab sauver la d\u00e9tente \u00bb. C&#8217;est d&#8217;ailleurs       certainement pour \u00ab sauver la d\u00e9tente \u00bb qu&#8217;au m\u00eame moment arm\u00e9s et       conseill\u00e9s par les Sovi\u00e9tiques, les Libyens du colonel KHADAFI       intervenaient de fa\u00e7on d\u00e9cisive au Tchad et qu&#8217;en \u00c9rythr\u00e9e les troupes       \u00e9thiopiennes du grand ami de Moscou, le colonel MENGISTU, r\u00e9glaient leur       compte aux nationalistes locaux en attendant, soit de s&#8217;attaquer \u00e0 la       Somalie, coupable d&#8217;avoir rompu avec l&#8217;U.R.S.S., soit de se lancer en       liaison avec la Libye dans d&#8217;autres aventures en Afrique o\u00f9 les objectifs \u00e0       d\u00e9stabiliser ne manquent pas.<\/p>\n<p class=\"Style28 Style29\" align=\"justify\">\n<p class=\"Style28 Style29\" align=\"justify\">Il serait temps que les       responsables occidentaux cessent une fois pour toutes d&#8217;utiliser ce mot de \u00ab       d\u00e9tente \u00bb qui pour les Sovi\u00e9tiques s&#8217;identifie au conflit mondial qu&#8217;ils       m\u00e8nent et qui pour nous devrait uniquement &#8211; selon la boutade de feu       Alexandre SANGUINETTI &#8211; signifier une pi\u00e8ce du fusil.<\/p>\n<p class=\"Style28 Style29\" align=\"justify\">\n<p class=\"Style28 Style29\" align=\"justify\">Cette v\u00e9rit\u00e9 essentielle       \u00e9tant rappel\u00e9e, nous constatons une fois de plus qu&#8217;\u00e0 la fin de 1980 c&#8217;\u00e9tait       encore sur le continent africain que s&#8217;exer\u00e7ait, et cela depuis 1976,       l&#8217;effort principal de la strat\u00e9gie totale sovi\u00e9tique. Pendant ce temps face       aux deux groupements adverses dont l&#8217;oligarchie moscovite voudrait emp\u00eacher       la r\u00e9union d\u00e9finitive, \u00e0 savoir l&#8217;alliance atlantique d&#8217;une part et le       bin\u00f4me Chine-Japon d&#8217;autre part, on en \u00e9tait toujours au dilemme de l&#8217;\u00e2ne de       Buridan.<\/p>\n<p class=\"Style28 Style29\" align=\"justify\">\n<p class=\"Style28 Style29\" align=\"justify\">Il reste \u00e0 savoir, en ce       d\u00e9but de 1981, s&#8217;il en sera de m\u00eame au cours d&#8217;une ann\u00e9e qui nous para\u00eet,       quant \u00e0 nous, peut-\u00eatre encore plus mena\u00e7ante que celle que nous venons       d&#8217;enterrer.<\/p>\n<p class=\"Style28 Style29\" align=\"justify\">\n<p class=\"Style29 Style28\" align=\"justify\"><strong> L&#8217;INTERACTION DES DEUX THE\u00c2TRES<\/strong><\/p>\n<p class=\"Style28 Style29\" align=\"justify\">Certes, il n&#8217;est       absolument pas question pour nous de jouer, en l&#8217;occurrence, les oracles       m\u00eame si connaissant les r\u00e8gles de la strat\u00e9gie totale sovi\u00e9tique et la       fa\u00e7on de raisonner de ceux qui l&#8217;\u00e9laborent et la mettent en oeuvre, nous       persistons \u00e0 croire que les secrets de l&#8217;oligarchie bolcheviste sont loin       d&#8217;\u00eatre imp\u00e9n\u00e9trables. La strat\u00e9gie totale sovi\u00e9tique n&#8217;\u00e9tant qu&#8217;une       application pratique de la dialectique l\u00e9nino-marxiste, c&#8217;est en nous pliant       aux r\u00e8gles de cette m\u00e9thode que nous allons proc\u00e9der \u00e0 un examen sommaire de       la situation g\u00e9n\u00e9rale, vue du Kremlin, et tenter ensuite d&#8217;en d\u00e9duire les       cons\u00e9quences qui pourraient s&#8217;imposer aux responsables moscovites.<\/p>\n<p class=\"Style28 Style29\" align=\"justify\">\n<p class=\"Style28 Style29\" align=\"justify\">A ce propos il est bon       de se rappeler que pour ces derniers le conflit en cours comporte deux       th\u00e9\u00e2tres d&#8217;action, pour ne pas dire de guerre : le th\u00e9\u00e2tre int\u00e9rieur &#8211;       c&#8217;est-\u00e0-dire l&#8217;Empire Sovi\u00e9tique lui-m\u00eame et le th\u00e9\u00e2tre ext\u00e9rieur &#8211;       autrement dit le reste du monde. Le premier nomm\u00e9 qui englobe l&#8217;U.R.S.S.,       les d\u00e9mocraties populaires attenantes et les bastions isol\u00e9s (Viet\u00adnam,       \u00c9thiopie, Mozambique, Angola, Cuba) est bien entendu le plus important       puisqu&#8217;il conditionne le maintien au pouvoir de l&#8217;oligarchie et le       renforce\u00adment des moyens n\u00e9cessaires \u00e0 la conduite des op\u00e9rations sur le       th\u00e9\u00e2tre ext\u00e9rieur.<\/p>\n<p class=\"Style28 Style29\" align=\"justify\">\n<p class=\"Style28 Style29\" align=\"justify\">STALINE l&#8217;avait       d&#8217;ailleurs soulign\u00e9 dans son fameux \u00e9nonc\u00e9 des cinq principes conditionnant       la victoire dans n&#8217;importe quelle guerre en citant en premier \u00ab la s\u00e9curit\u00e9       des arri\u00e8res \u00bb et ensuite \u00ab le moral des populations et de la troupe \u00bb.<\/p>\n<p class=\"Style28 Style29\" align=\"justify\">\n<p class=\"Style28 Style29\" align=\"justify\">Cette primaut\u00e9 du       th\u00e9\u00e2tre int\u00e9rieur n&#8217;emp\u00eache pas que les r\u00e9sultats obtenus sur le th\u00e9\u00e2tre       ext\u00e9rieur conditionnent aussi dans une certaine mesure l&#8217;\u00e9volution de la       situation int\u00e9rieure. C&#8217;est ainsi que des succ\u00e8s spectaculaires remport\u00e9s \u00e0       l&#8217;ext\u00e9rieur renforcent le pouvoir totalitaire et que le maniement adroit du mot d\u00e9tente       permet d\u2019obtenir des pays capitalistes la technologie, les fonds ou bien le       bl\u00e9 dont l&#8217;Empire a un besoin vital. Il faut ajouter \u00e0 cela que jusque-l\u00e0 \u00ab       l&#8217;Adversaire Capitaliste \u00bb &#8211; sauf peut-\u00eatre dans une certaine mesure       l&#8217;administration NIXON de 1969 \u00e0 1973 &#8211; s&#8217;est montr\u00e9 id\u00e9alement       compr\u00e9hensif facilitant au maximum le jeu de la strat\u00e9gie totale sovi\u00e9tique       et l&#8217;interaction des deux th\u00e9\u00e2tres.<\/p>\n<p class=\"Style28 Style29\" align=\"justify\">\n<p class=\"Style28 Style29\" align=\"justify\">A l&#8217;int\u00e9rieur       l&#8217;oligarchie pouvait faire emprisonner et d\u00e9porter des millions d&#8217;individus       sans se faire taxer de totalitaire. Tout au plus quelques t\u00e9m\u00e9raires la       mettaient sur le m\u00eame pied que de minables dictatures sud-am\u00e9ricaines. Alors       que le Kremlin disposait dans la plupart des pays capitalistes       d&#8217;organisations officielles politiques et syndicales quasi totalement       int\u00e9gr\u00e9es au jeu de sa strat\u00e9gie totale, les Occidentaux se voyaient accus\u00e9s       d&#8217;entretenir la subversion dans l&#8217;Empire Sovi\u00e9tique par l&#8217;interm\u00e9diaire de       dissidents sans aucun lien avec leurs services sp\u00e9ciaux.<\/p>\n<p class=\"Style28 Style29\" align=\"justify\">\n<p class=\"Style28 Style29\" align=\"justify\">Ainsi le pouvoir       totalitaire faisait-il coup double d&#8217;une part en d\u00e9consid\u00e9rant sur le       th\u00e9\u00e2tre int\u00e9rieur les dissidents gr\u00e2ce \u00e0 l&#8217;\u00e9tiquette infamante d&#8217;agents de       l&#8217;\u00e9tranger et en jouant sur le th\u00e9\u00e2tre ext\u00e9rieur sur le complexe de       culpabilit\u00e9 des hommes d&#8217;\u00c9tat occidentaux soucieux d&#8217;\u00e9viter toute ing\u00e9rence       dans les affaires int\u00e9rieures de l&#8217;U.R.S.S. Certes, le pr\u00e9sident CARTER a eu       parfois quelques vell\u00e9it\u00e9s de condamner publiquement les atteintes aux       droits de l&#8217;homme dans les pays de l&#8217;Est, mais m\u00eame apr\u00e8s sa vive r\u00e9action       dans l&#8217;affaire afghane, on ne peut pas parler d&#8217;une v\u00e9ritable man\u0153uvre       acculant les strat\u00e8ges du Kremlin \u00e0 la d\u00e9fensive. Le boycott des Jeux       Olympiques, non appliqu\u00e9 par une partie des alli\u00e9s des \u00c9tats-unis, et       l&#8217;embargo sur les c\u00e9r\u00e9ales &#8211; tourn\u00e9 par Moscou avec la complicit\u00e9 cupide de       certains \u00c9tats capitalistes &#8211; devaient marquer les limites de la       contre-offensive am\u00e9ricaine.<\/p>\n<p class=\"Style28 Style29\" align=\"justify\">\n<p class=\"Style28 Style29\" align=\"justify\">Avec des \u00ab arri\u00e8res s\u00fbrs       \u00bb et une propagande sans faiblesse se substituant au \u00ab moral des populations       et de la troupe \u00bb, la strat\u00e9gie totale moscovite pouvait intensifier ses       actions sur le th\u00e9\u00e2tre ext\u00e9rieur, et cela en d\u00e9pit de la m\u00e9saventure       afghane.<\/p>\n<p class=\"Style28 Style29\" align=\"justify\">\n<p class=\"Style28 Style29\" align=\"justify\">Les \u00e9v\u00e9nements de       Pologne et la victoire \u00e9lectorale de Ronald REAGAN  aux \u00c9tats-unis allaient,       en fin d&#8217;ann\u00e9e 1980, modifier les donn\u00e9es du probl\u00e8me en affectant \u00e0 la fois       le th\u00e9\u00e2tre int\u00e9rieur et le th\u00e9\u00e2tre ext\u00e9rieur.<\/p>\n<p class=\"Style28 Style29\" align=\"justify\">\n<p class=\"Style29 Style28\" align=\"justify\"><strong> DES MINARETS DE KABOUL AU CALCAIRE DE GDANSK<\/strong><\/p>\n<p class=\"Style28 Style29\" align=\"justify\">Contrairement \u00e0 une id\u00e9e       fausse quasi g\u00e9n\u00e9ralement admise en Occident, l&#8217;affaire afghane, vue de       Moscou, relevait du th\u00e9\u00e2tre int\u00e9rieur et, d&#8217;ailleurs, l&#8217;op\u00e9ration militaire,       lanc\u00e9e sur Kaboul en d\u00e9cembre 1979, \u00e9tait calqu\u00e9e sur le mod\u00e8le       tch\u00e9coslovaque de 1968. Aussi le fait m\u00eame que plus d&#8217;un an apr\u00e8s un pays       int\u00e9gr\u00e9 \u00e0 l&#8217;Empire se trouve encore en r\u00e9bellion contre celui-ci constitue       un \u00e9chec grave pour l&#8217;oligarchie moscovite. Que des Kremlinologues       occidentaux soient parvenus finalement \u00e0 des conclusions diff\u00e9rentes en       estimant que l&#8217;U.R.S.S. avait gagn\u00e9 en Afghanistan ne change rien \u00e0 une       r\u00e9alit\u00e9 fort diff\u00e9rente. Sans la moindre intervention des Occidentaux, la       majeure partie de la population d&#8217;une colonie asiatique de l&#8217;U.R.S.S. en       voie d&#8217;int\u00e9gration refuse, au nom de sa foi en Dieu, le pouvoir totalitaire l\u00e9nino-marxiste. Il avait fallu nagu\u00e8re douze ann\u00e9es pour imposer ce pouvoir       aux Turkm\u00e8nes, aux Ouzbeks, aux Tadjiks et autres Kazakhs qui avaient fait       partie de l&#8217;Empire russe avant la r\u00e9volution de 1917 ; il est difficile de       dire combien de temps durera la guerre coloniale d\u2019Afghanistan, laquelle       n\u2019en est encore qu\u2019\u00e0 ses d\u00e9buts.<\/p>\n<p class=\"Style28 Style29\" align=\"justify\">\n<p class=\"Style28 Style29\" align=\"justify\">De plus, entre 1922 et       1934, l&#8217;arm\u00e9e rouge des ouvriers et paysans, tel \u00e9tait le nom officiel \u00e0       l&#8217;\u00e9poque de ce qui n&#8217;est plus depuis 1946 que l&#8217;arm\u00e9e sovi\u00e9tique,       repr\u00e9sentait encore l&#8217;espoir d&#8217;un renouveau de la soci\u00e9t\u00e9 humaine.       D\u00e9sormais il en va tout autrement et les Afghans montrent \u00e0 la face du       monde qu&#8217;ils ne veulent pas de la pseudo-religion l\u00e9nino-marxiste impos\u00e9e de       force par les \u00ab chouravis \u00bb (2).<\/p>\n<p class=\"Style28 Style29\" align=\"justify\">\n<p class=\"Style28 Style29\" align=\"justify\">Toutefois ce refus du       totalitarisme idolocratique par un ensemble de tribus musulmanes constituant       \u00e0 peine une nation, est beaucoup moins grave pour le Kremlin que le rejet de       ce totalitarisme par la nation polonaise \u00e0 l&#8217;issue d&#8217;une r\u00e9surrection quasi       miraculeuse \u00e0 laquelle nous venons d&#8217;assister entre juillet et d\u00e9cembre       1980. Dans ce dernier cas il ne s&#8217;agissait pas &#8211; contrairement aux       mensonges de la propagande sovi\u00e9tique, d&#8217;une tentative       contre-r\u00e9vo\u00adlutionnaire, mais bien d&#8217;une r\u00e9volution au sens r\u00e9el du terme &#8211;       autrement dit d&#8217;une conversion de 180\u00b0 d\u00e9bouchant sur l&#8217;\u00e9mergence d&#8217;une       soci\u00e9t\u00e9 civile nouvelle, laquelle, sous le beau nom de solidarit\u00e9, remettait       totalement en cause le totalitarisme moscovite et son succ\u00e9dan\u00e9 polonais.<\/p>\n<p class=\"Style28 Style29\" align=\"justify\">\n<p class=\"Style28 Style29\" align=\"justify\">A l&#8217;ancien duopole       Parti-Eglise, se substituait le bin\u00f4me Solidarit\u00e9 + \u00c9glise qui r\u00e9duisait \u00e0       un r\u00f4le de plus en plus honorifique un Parti vid\u00e9 de sa substance et confin\u00e9       dans des t\u00e2ches administratives.<\/p>\n<p class=\"Style28 Style29\" align=\"justify\">C&#8217;\u00e9tait, \u00e0 un an de       distance, la cons\u00e9quence en quelque sorte de l&#8217;aventure afghane. Fin       d\u00e9cembre 1979, du haut des minarets de Kaboul, des muezzins afghans avaient       lanc\u00e9 le \u00ab Allah Akbar \u00bb (3)invitant les fid\u00e8les \u00e0 la guerre sainte. Le 16 d\u00e9cembre 1980, un million de       Polonais mass\u00e9s face aux Trois ancres crucifi\u00e9es sur le calvaire de Gdansk       leur faisaient \u00e9cho en alternant l&#8217;hymne \u00e0 la Vierge Marie, \u00ab Reine de       Pologne \u00bb et le chant national.<\/p>\n<p class=\"Style28 Style29\" align=\"justify\">\n<p class=\"Style28 Style29\" align=\"justify\">Ce cri de guerre et ces       hymnes interpellaient les oligarques moscovites en leur rappelant les       limites et la fragilit\u00e9 de leur pouvoir. Cependant si \u00e0 la rigueur en       Afghanistan ils pouvaient encore esp\u00e9rer, selon nous \u00e0 tort, que le temps       devrait travailler en leur faveur, en Pologne ils se trouvaient subitement       confront\u00e9s \u00e0 un dilemme dramatique. Demeurer passif signifiait       immanquablement pour le pouvoir totalitaire le d\u00e9but de la fin ; intervenir       militaire\u00adment en Pologne risquait de d\u00e9boucher sur une aventure aux       cons\u00e9quences incalculables.<\/p>\n<p class=\"Style28 Style29\" align=\"justify\">\n<p class=\"Style28 Style29\" align=\"justify\">Or ce dilemme co\u00efncidait       avec l&#8217;arriv\u00e9e au pouvoir aux \u00c9tats-unis d&#8217;une administration d\u00e9cid\u00e9e \u00e0       redonner \u00e0 Washington les moyens d&#8217;imposer au monde la \u00ab Pax Americana \u00bb que       le Pr\u00e9sident NIXON avait failli r\u00e9aliser en 1973 avant de dispara\u00eetre dans       la trappe de l&#8217;histoire en 1974.<\/p>\n<p class=\"Style28 Style29\" align=\"justify\">\n<p class=\"Style28 Style29\" align=\"justify\">Aussi au Kremlin l&#8217;ann\u00e9e       nouvelle a-t-elle d\u00e9but\u00e9 bien moins glorieusement que la pr\u00e9c\u00e9dente.<\/p>\n<p class=\"Style28 Style29\" align=\"justify\">\n<p class=\"Style29 Style28\" align=\"justify\"><strong> LES PERSPECTIVES D&#8217;UNE REPRISE DE L&#8217;INITIATIVE       PAR LES \u00c9TATS-UNIS<\/strong><\/p>\n<p class=\"Style28 Style29\" align=\"justify\">A en croire bon nombre       de sp\u00e9cialistes fran\u00e7ais des relations internationales \u00ab on ne serait       nullement f\u00e2ch\u00e9 au Kremlin d&#8217;avoir d\u00e9sormais \u00e0 Washington des interlocuteurs       durs en affaires mais s\u00e9rieux \u00bb. Si tel est effectivement le cas, ce       dont nous doutons fort, les strat\u00e8ges moscovites ne manqueront pas de       d\u00e9chanter tr\u00e8s vite. Nous avons d&#8217;ailleurs eu l&#8217;occasion dans le num\u00e9ro       pr\u00e9c\u00e9dent d&#8217;\u00c9SOPE d&#8217;exposer nos pr\u00e9visions quant aux grandes lignes de la       politique \u00e9trang\u00e8re, pour ne pas dire de la strat\u00e9gie totale, de       l&#8217;administration REAGAN. Des contacts r\u00e9cents avec des personnes tr\u00e8s       proches de cette administration nous ont permis de v\u00e9rifier et de confirmer       nos hypoth\u00e8ses.<\/p>\n<p class=\"Style28 Style29\" align=\"justify\">\n<p class=\"Style28 Style29\" align=\"justify\">La nouvelle strat\u00e9gie       totale am\u00e9ricaine visera en particulier \u00e0 reprendre l&#8217;initiative partout en       Europe, en Asie, au Moyen-Orient, en Afrique et en Am\u00e9rique Latine. C&#8217;est       ainsi, en particulier, que le Kremlin serait fermement averti que les       \u00c9tats-unis ne pourraient pas demeurer passifs devant un coup de force en       Pologne, que les liens am\u00e9ricano-pakistanais \u00e9tant renforc\u00e9s la r\u00e9sistance       afghane pourrait b\u00e9n\u00e9ficier d&#8217;une aide militaire, financi\u00e8re et technique       importante tant am\u00e9ricaine, qu&#8217;\u00e9gyptienne ou chinoise, que dans le Golfe       Persique la situation pourrait se modifier et que l&#8217;aventure africaine de       l&#8217;U.R.S.S., m\u00eame par Libyens et Cubains interpos\u00e9s, pourrait s&#8217;achever sur       un fiasco.<\/p>\n<p class=\"Style28 Style29\" align=\"justify\">\n<p class=\"Style28 Style29\" align=\"justify\">Bien s\u00fbr, dans le cas de       la Pologne, Moscou pourrait passer outre, mais \u00e0 quel prix ? M\u00eame si les       Occidentaux ne voudraient pas \u00ab mourir pour Gdansk \u00bb, une administration       am\u00e9ricaine d\u00e9cid\u00e9e et s\u00fbre d&#8217;elle-m\u00eame, pourrait, en reprenant en main tous       ses alli\u00e9s, imposer \u00e0 l&#8217;U.R.S.S. des sanctions \u00e9conomiques autrement graves       que celles prises par le pr\u00e9sident CARTER en 1980. De plus, et contrairement       aux Hongrois et aux Tch\u00e8ques, les Polonais, y compris ceux des forces       arm\u00e9es, ne manqueront pas de se d\u00e9fendre avec acharnement et, apr\u00e8s avoir       perdu la premi\u00e8re manche, de r\u00e9sister plus ou moins passivement aux       occupants sovi\u00e9tiques. Enfin, il y a de tr\u00e8s fortes chances que dans une       telle \u00e9ventualit\u00e9 l&#8217;Union Sovi\u00e9tique sera forc\u00e9e d&#8217;\u00e9tendre sa manoeuvre aux       Balkans afin d&#8217;y mettre un terme \u00e0 la semi ind\u00e9pendance de la Roumanie, de       la Yougoslavie et de l&#8217;Albanie. Ce serait alors le d\u00e9but d&#8217;un engrenage       pouvant en fin de compte d\u00e9boucher sur la guerre g\u00e9n\u00e9rale.<\/p>\n<p class=\"Style28 Style29\" align=\"justify\">\n<p class=\"Style28 Style29\" align=\"justify\">En ce qui concerne       l&#8217;Asie du Sud, il nous para\u00eet \u00e9vident que la nouvelle administration       am\u00e9ricaine s&#8217;efforcera de rectifier les erreurs de la pr\u00e9c\u00e9dente en renouant       des relations plus confiantes avec le Pakistan et en prenant ouvertement \u00e0       son compte le soutien \u00e0 la r\u00e9sistance afghane. D\u00e8s lors la guerre coloniale       d&#8217;Afghanistan pourrait prendre une tournure nouvelle, le Haut Commandement       sovi\u00e9tique se voyant contraint d&#8217;envoyer de plus en plus de troupes et de       s&#8217;adapter \u00e0 un ennemi \u00e9quip\u00e9 de moyens modernes anti-chars et anti-a\u00e9riens.<\/p>\n<p class=\"Style28 Style29\" align=\"justify\">\n<p class=\"Style28 Style29\" align=\"justify\">Dans la r\u00e9gion du Golfe       Persique et au Moyen-Orient, nous pourrions assister &#8211; \u00e0 la condition que       les \u00c9tats-unis se donnent la peine d&#8217;utiliser tous les atouts dont ils       disposent dans ce r\u00e9gions &#8211; \u00e0 des changements spectaculaires, en particulier       en Iran o\u00f9 le r\u00e9gime actuel n&#8217;est certainement pas \u00e9ternel et en Syrie o\u00f9 la       situation int\u00e9rieure pourrait se d\u00e9grader totalement. Toutefois c&#8217;est en       Afrique que l&#8217;on devrait s&#8217;attendre \u00e0 des renversements de situation les       plus spectaculaires. Il suffirait pour cela que Washington laisse les mains       libres &#8211; et en m\u00eame temps ne m\u00e9nage pas son aide &#8211; aux pays tels que       l&#8217;\u00c9gypte, le Soudan et le Maroc pour mettre un terme aux aventures du       colonel KHADAFI, et soutienne en Angola, au Mozambique et, \u00e9ventuellement,       en \u00c9rythr\u00e9e les mouvements de r\u00e9sistance locaux. Si de plus les \u00c9tats-unis       coordonnent leurs actions avec celles de la France et de la Grande-Bretagne       et trouvent une langue commune avec l&#8217;Afrique du Sud, l&#8217;\u00e9pop\u00e9e africaine de       l&#8217;U.R.S.S. se trouvera s\u00e9rieusement compromise.<\/p>\n<p class=\"Style28 Style29\" align=\"justify\">\n<p class=\"Style29 Style28\" align=\"justify\"><strong> L&#8217;INCONNUE CHINOISE<\/strong><\/p>\n<p class=\"Style28 Style29\" align=\"justify\">Dans l&#8217;imm\u00e9diat on       s&#8217;interroge ici et l\u00e0 sur l&#8217;issue de la nouvelle phase de la lutte pour le       pouvoir qui doit conna\u00eetre son d\u00e9nouement lors d&#8217;un prochain congr\u00e8s du       Parti Communiste Chinois. Dans l&#8217;ensemble la majorit\u00e9 des observateurs       s&#8217;accordent pour cr\u00e9diter M. Deng XIAOPING d&#8217;une victoire aux points tout en       estimant que les t\u00e2ches qui attendent son \u00e9quipe dans un proche avenir sont       des plus redoutables. Toutefois il nous semble que l&#8217;on a tendance, en       Occident, \u00e0 minimiser les risques d&#8217;une nouvelle guerre sino\u00advietnamienne.       Celle-ci pourrait m\u00eame bien \u00e9clater avant le congr\u00e8s du P.C. chinois, ne       serait-ce que pour devancer celui du P.C. sovi\u00e9tique en pla\u00e7ant les       strat\u00e8ges du Kremlin dans une position plus que difficile.<\/p>\n<p class=\"Style28 Style29\" align=\"justify\">\n<p class=\"Style28 Style29\" align=\"justify\">Cependant m\u00eame si cet       affrontement n&#8217;a pas lieu dans un avenir imm\u00e9diat, l&#8217;\u00e9preuve de force entre       la Chine et le Vietnam ne peut manquer de se poursuivre obligeant l&#8217;Union       Sovi\u00e9tique d&#8217;intensifier son aide \u00e0 Hanoi.<\/p>\n<p class=\"Style28 Style29\" align=\"justify\">\n<p class=\"Style28 Style29\" align=\"justify\">Par ailleurs, comme il       faut s&#8217;attendre dans cette partie du monde \u00e0 un renforcement des liens       am\u00e9ricano-chinois d&#8217;une part et sino-nippons d&#8217;autre part en vue de       s&#8217;opposer \u00e0 \u00ab l&#8217;h\u00e9g\u00e9monisme sovi\u00e9tique \u00bb, il en r\u00e9sultera une raison de plus       pour que Moscou r\u00e9vise son plan strat\u00e9gique actuel et reporte sa direction       principale d&#8217;effort du continent africain sur l&#8217;Asie.<\/p>\n<p class=\"Style28 Style29\" align=\"justify\">\n<p class=\"Style28 Style29\" align=\"justify\"><strong>LE VINGT-SIXIEME CONGR\u00c8S DU PARTI COMMUNISTE       SOVI\u00c9TIQUE<\/strong><\/p>\n<p class=\"Style28 Style29\" align=\"justify\">Cette r\u00e9vision pourrait,       peut-\u00eatre, s&#8217;effectuer \u00e0 l&#8217;occasion du XXVIe Congr\u00e8s du Parti Communiste       convoqu\u00e9 pour le 23 f\u00e9vrier 1981. En principe ce Congr\u00e8s ne devrait pas       r\u00e9server de grandes surprises au sein de l&#8217;oligarchie o\u00f9 un certain       \u00e9quilibre para\u00eet avoir \u00e9t\u00e9 atteint. Toutefois face aux cons\u00e9quences sur le       th\u00e9\u00e2tre int\u00e9rieur, des \u00e9v\u00e9nements de Pologne et d&#8217;Afghanistan, les       perspectives des rapports avec la nouvelle administration am\u00e9ricaine en       particulier dans le domaine de l&#8217;\u00e9conomie et enfin l&#8217;\u00e9volution de la       situation en Extr\u00eame-Orient, il est fort possible que l&#8217;\u00e9quipe de Leonid       BREJNEV &#8211; autrement dit celle des anciens de Dniepropetrovsk &#8211; opte pour       une alliance tactique avec la faction des Asiatiques (Kounaev, Aliev,       Rachidov). Nous pourrions assister alors \u00e0 une op\u00e9ration similaire, mais en       sens inverse, \u00e0 celle qui s&#8217;est d\u00e9roul\u00e9e fins 1975 -d\u00e9but 1976 au moment o\u00f9       sur les instances de Fidel CASTRO un accord s&#8217;est r\u00e9alis\u00e9 entre l&#8217;\u00e9quipe de       BREJNEV &#8211; que certains d\u00e9signent sous le nom de \u00ab conservateurs russes \u00bb et       celle des champions de l&#8217;internationalisme prol\u00e9tarien &#8211; en vue d&#8217;un effort       sur le continent africain. Alors on avait remarqu\u00e9 l&#8217;apparition en tenue de       mar\u00e9chal au XXVe Congr\u00e8s du P.C. sovi\u00e9tique en f\u00e9vrier 1976 du leader       cubain, dont les troupes devaient jouer un r\u00f4le de premier plan en Angola,       au Mozambique et en \u00c9thiopie. Il n&#8217;est pas exclu que cette fois la vedette       appartienne aux d\u00e9l\u00e9gations des Partis fr\u00e8res d&#8217;Asie &#8211; et en particulier les       Partis vietnamien, laotien, cambodgien, indien &#8211; et bien entendu afghan.<\/p>\n<p class=\"Style28 Style29\" align=\"justify\">\n<p class=\"Style28 Style29\" align=\"justify\">Toutefois l&#8217;\u00e9volution de       la situation en Pologne pourrait, au cas o\u00f9 le pouvoir l\u00e9nino-marxiste       serait totalement d\u00e9bord\u00e9 par la soci\u00e9t\u00e9 civile, inverser les relations au       sein de l&#8217;oligarchie et faire appara\u00eetre une nouvelle majorit\u00e9 favorable \u00e0       une riposte brutale au d\u00e9fi de Gdansk.<\/p>\n<p class=\"Style28 Style29\" align=\"justify\">\n<p class=\"Style28 Style29\" align=\"justify\">De toute fa\u00e7on nous       pensons que si cette derni\u00e8re \u00e9ventualit\u00e9 aux cons\u00e9quences incalculables ne       se produisait pas, le danger d&#8217;une explosion g\u00e9n\u00e9rale n&#8217;en dispara\u00eetra pas       pour autant. M\u00eame si l&#8217;oligarchie bolcheviste accepte, comme un moindre mal,       l&#8217;exp\u00e9rience polonaise, il lui faudra faire face \u00e0 la conjonction de la       guerre coloniale d&#8217;Afghanistan, de l&#8217;\u00e9volution de la situation dans le Golfe       Persique et de l&#8217;antagonisme sino-vietnamien, sans parler de la n\u00e9cessit\u00e9 de       faire revenir l&#8217;Inde dans la mouvance sovi\u00e9tique. Et c&#8217;est ainsi qu&#8217;apr\u00e8s       avoir r\u00e9vis\u00e9 sa strat\u00e9gie totale d&#8217;ici le printemps de 1981, l&#8217;Union       Sovi\u00e9tique pourrait \u00eatre amen\u00e9e \u00e0 se heurter une fois de plus de front avec       la Chine et cela \u00e0 une plus grande \u00e9chelle qu&#8217;en 1969.<\/p>\n<p class=\"Style28 Style29\" align=\"justify\">\n<p class=\"Style29 Style28\" align=\"justify\"><strong> SAUVER LA PAIX ?<\/strong><\/p>\n<p class=\"Style28 Style29\" align=\"justify\">On ne r\u00e9p\u00e9tera jamais       assez que ce qui est en danger, ce n&#8217;est pas une mythique d\u00e9tente mais la       paix mondiale et que l&#8217;oligarchie moscovite porte en l&#8217;occurrence,       contrairement aux affirmations de Boris PONOMAREV, \u00ab une responsabilit\u00e9       \u00e9crasante \u00bb. Certes le Kremlin n&#8217;est pas \u00e0 l&#8217;origine de ph\u00e9nom\u00e8nes tels que       le r\u00e9gime Khomeyniste en Iran ou bien des r\u00eaves de grandeur du colonel       KHADAFI, mais il serait int\u00e9ressant de savoir ce que la diplomatie       sovi\u00e9tique a fait pour contrer les aspects dangereux de ceux-ci.<\/p>\n<p class=\"Style28 Style29\" align=\"justify\">\n<p class=\"Style28 Style29\" align=\"justify\">Dans le cas de       l&#8217;inqualifiable prise en otage des diplomates am\u00e9ricains par les \u00ab \u00e9tudiants       r\u00e9volutionnaires \u00bb iraniens, Moscou a approuv\u00e9 au fond cette atteinte au       droit international alors qu&#8217;il \u00e9tait loisible au pr\u00e9sident BREJNEV de se       ranger, pour une fois, du c\u00f4t\u00e9 des peuples civilis\u00e9s. Quant \u00e0 l&#8217;\u00e9pop\u00e9e       libyenne celle-ci n&#8217;a \u00e9t\u00e9 rendue possible que gr\u00e2ce \u00e0 l&#8217;armement et aux       conseillers militaires sovi\u00e9tiques et allemands communistes.<\/p>\n<p class=\"Style28 Style29\" align=\"justify\">\n<p class=\"Style28 Style29\" align=\"justify\">On sait par ailleurs que       le K.G.B. contr\u00f4le plus ou moins directement le mouvement terroriste       international et que la vision conflictionnelle du monde qui caract\u00e9rise la       Nomenklatura moscovite est absolument incomparable avec la notion m\u00eame de       paix. Cette paix, seul un       Occident uni, fort, courageux et sans illusion peut l&#8217;imposer aux strat\u00e8ges       bolchevistes. Esp\u00e9rons que la nouvelle administration am\u00e9ricaine sera en       \u00e9tat de r\u00e9aliser l&#8217;unit\u00e9 du camp occidental et que celui-ci, et en       particulier l&#8217;Europe, saura avoir le sursaut n\u00e9cessaire pour dissuader       l&#8217;Empire Sovi\u00e9tique et \u00e9viter la catastrophe.<\/p>\n<div class=\"pdfprnt-buttons pdfprnt-buttons-post pdfprnt-bottom-right\"><a href=\"https:\/\/aassdn.org\/amicale\/wp-json\/wp\/v2\/posts\/2367?print=pdf\" class=\"pdfprnt-button pdfprnt-button-pdf\" target=\"_blank\" ><img decoding=\"async\" data-src=\"https:\/\/aassdn.org\/amicale\/wp-content\/plugins\/pdf-print\/images\/pdf.png\" alt=\"image_pdf\" title=\"Afficher le PDF\" src=\"data:image\/svg+xml;base64,PHN2ZyB3aWR0aD0iMSIgaGVpZ2h0PSIxIiB4bWxucz0iaHR0cDovL3d3dy53My5vcmcvMjAwMC9zdmciPjwvc3ZnPg==\" class=\"lazyload\" style=\"--smush-placeholder-width: 32px; --smush-placeholder-aspect-ratio: 32\/32;\" \/><\/a><a href=\"https:\/\/aassdn.org\/amicale\/wp-json\/wp\/v2\/posts\/2367?print=print\" class=\"pdfprnt-button pdfprnt-button-print\" target=\"_blank\" ><\/a><\/div>","protected":false},"excerpt":{"rendered":"<p>L&#8217;ann\u00e9e 1980 avait d\u00e9but\u00e9 dans l&#8217;angoisse du fait de l&#8217;invasion de l&#8217;Afghanistan et s&#8217;est achev\u00e9e dans le soulagement \u00e0 cause du sursis accord\u00e9 par le Kremlin \u00e0 la Pologne. D&#8217;ailleurs peu de temps avant No\u00ebl, le camarade Boris PONOMAREV, secr\u00e9taire du P.C. sovi\u00e9tique charg\u00e9 de superviser les partis communistes des pays capitalistes, est venu en [&hellip;]<\/p>\n","protected":false},"author":1,"featured_media":0,"comment_status":"closed","ping_status":"open","sticky":false,"template":"","format":"standard","meta":{"_acf_changed":false,"footnotes":""},"categories":[114,79,99],"tags":[1236,1239,218,275,938,1237,303,297,214,238,217,296,299,213],"class_list":["post-2367","post","type-post","status-publish","format-standard","hentry","category-europe-de-louest","category-extraits-de-bulletin","category-services-allemands","tag-afghanistan","tag-africa","tag-congres","tag-europe","tag-france","tag-kremlin","tag-moyen-orient","tag-relation","tag-resistance","tag-russie","tag-securite-militaire","tag-strategique","tag-syrie","tag-urss"],"acf":[],"yoast_head":"<!-- This site is optimized with the Yoast SEO plugin v27.4 - https:\/\/yoast.com\/product\/yoast-seo-wordpress\/ -->\n<title>Conderence du colonel M Garder 1980- des minarets de Kaboul a Gdansk. | AASSDN | Anciens et Amis des Services Sp\u00e9ciaux<\/title>\n<meta name=\"robots\" content=\"index, follow, max-snippet:-1, max-image-preview:large, max-video-preview:-1\" \/>\n<link rel=\"canonical\" href=\"https:\/\/aassdn.org\/amicale\/conderence-du-colonel-m-garder-1980-des-minarets-de-kaboul-a-gdansk\/\" \/>\n<meta property=\"og:locale\" content=\"fr_FR\" \/>\n<meta property=\"og:type\" content=\"article\" \/>\n<meta property=\"og:title\" content=\"Conderence du colonel M Garder 1980- des minarets de Kaboul a Gdansk. | AASSDN | Anciens et Amis des Services Sp\u00e9ciaux\" \/>\n<meta property=\"og:description\" content=\"L&#8217;ann\u00e9e 1980 avait d\u00e9but\u00e9 dans l&#8217;angoisse du fait de l&#8217;invasion de l&#8217;Afghanistan et s&#8217;est achev\u00e9e dans le soulagement \u00e0 cause du sursis accord\u00e9 par le Kremlin \u00e0 la Pologne. D&#8217;ailleurs peu de temps avant No\u00ebl, le camarade Boris PONOMAREV, secr\u00e9taire du P.C. sovi\u00e9tique charg\u00e9 de superviser les partis communistes des pays capitalistes, est venu en [&hellip;]\" \/>\n<meta property=\"og:url\" content=\"https:\/\/aassdn.org\/amicale\/conderence-du-colonel-m-garder-1980-des-minarets-de-kaboul-a-gdansk\/\" \/>\n<meta property=\"og:site_name\" content=\"AASSDN | Anciens et Amis des Services Sp\u00e9ciaux\" \/>\n<meta property=\"article:published_time\" content=\"2021-10-29T08:00:16+00:00\" \/>\n<meta property=\"article:modified_time\" content=\"2024-03-15T13:07:40+00:00\" \/>\n<meta name=\"author\" content=\"AASSDN\" \/>\n<meta name=\"twitter:card\" content=\"summary_large_image\" \/>\n<meta name=\"twitter:label1\" content=\"\u00c9crit par\" \/>\n\t<meta name=\"twitter:data1\" content=\"AASSDN\" \/>\n\t<meta name=\"twitter:label2\" content=\"Dur\u00e9e de lecture estim\u00e9e\" \/>\n\t<meta name=\"twitter:data2\" content=\"18 minutes\" \/>\n<script type=\"application\/ld+json\" class=\"yoast-schema-graph\">{\"@context\":\"https:\\\/\\\/schema.org\",\"@graph\":[{\"@type\":\"Article\",\"@id\":\"https:\\\/\\\/aassdn.org\\\/amicale\\\/conderence-du-colonel-m-garder-1980-des-minarets-de-kaboul-a-gdansk\\\/#article\",\"isPartOf\":{\"@id\":\"https:\\\/\\\/aassdn.org\\\/amicale\\\/conderence-du-colonel-m-garder-1980-des-minarets-de-kaboul-a-gdansk\\\/\"},\"author\":{\"name\":\"AASSDN\",\"@id\":\"https:\\\/\\\/aassdn.org\\\/amicale\\\/#\\\/schema\\\/person\\\/73800712a272e6d58a10a86ea9e59671\"},\"headline\":\"Conderence du colonel M Garder 1980- des minarets de Kaboul a Gdansk.\",\"datePublished\":\"2021-10-29T08:00:16+00:00\",\"dateModified\":\"2024-03-15T13:07:40+00:00\",\"mainEntityOfPage\":{\"@id\":\"https:\\\/\\\/aassdn.org\\\/amicale\\\/conderence-du-colonel-m-garder-1980-des-minarets-de-kaboul-a-gdansk\\\/\"},\"wordCount\":3910,\"publisher\":{\"@id\":\"https:\\\/\\\/aassdn.org\\\/amicale\\\/#organization\"},\"keywords\":[\"Afghanistan\",\"Africa\",\"Congr\u00e8s\",\"Europe\",\"France\",\"Kremlin\",\"Moyen-Orient\",\"relation\",\"R\u00e9sistance\",\"Russie\",\"S\u00e9curit\u00e9 militaire\",\"strat\u00e9gique\",\"Syrie\",\"URSS\"],\"articleSection\":[\"Europe de l'Ouest\",\"Extraits de bulletin\",\"Services allemands\"],\"inLanguage\":\"fr-FR\"},{\"@type\":\"WebPage\",\"@id\":\"https:\\\/\\\/aassdn.org\\\/amicale\\\/conderence-du-colonel-m-garder-1980-des-minarets-de-kaboul-a-gdansk\\\/\",\"url\":\"https:\\\/\\\/aassdn.org\\\/amicale\\\/conderence-du-colonel-m-garder-1980-des-minarets-de-kaboul-a-gdansk\\\/\",\"name\":\"Conderence du colonel M Garder 1980- des minarets de Kaboul a Gdansk. | AASSDN | Anciens et Amis des Services Sp\u00e9ciaux\",\"isPartOf\":{\"@id\":\"https:\\\/\\\/aassdn.org\\\/amicale\\\/#website\"},\"datePublished\":\"2021-10-29T08:00:16+00:00\",\"dateModified\":\"2024-03-15T13:07:40+00:00\",\"breadcrumb\":{\"@id\":\"https:\\\/\\\/aassdn.org\\\/amicale\\\/conderence-du-colonel-m-garder-1980-des-minarets-de-kaboul-a-gdansk\\\/#breadcrumb\"},\"inLanguage\":\"fr-FR\",\"potentialAction\":[{\"@type\":\"ReadAction\",\"target\":[\"https:\\\/\\\/aassdn.org\\\/amicale\\\/conderence-du-colonel-m-garder-1980-des-minarets-de-kaboul-a-gdansk\\\/\"]}]},{\"@type\":\"BreadcrumbList\",\"@id\":\"https:\\\/\\\/aassdn.org\\\/amicale\\\/conderence-du-colonel-m-garder-1980-des-minarets-de-kaboul-a-gdansk\\\/#breadcrumb\",\"itemListElement\":[{\"@type\":\"ListItem\",\"position\":1,\"name\":\"Accueil\",\"item\":\"https:\\\/\\\/aassdn.org\\\/amicale\\\/\"},{\"@type\":\"ListItem\",\"position\":2,\"name\":\"Conderence du colonel M Garder 1980- des minarets de Kaboul a Gdansk.\"}]},{\"@type\":\"WebSite\",\"@id\":\"https:\\\/\\\/aassdn.org\\\/amicale\\\/#website\",\"url\":\"https:\\\/\\\/aassdn.org\\\/amicale\\\/\",\"name\":\"AASSDN | Anciens et Amis des Services Sp\u00e9ciaux\",\"description\":\"Services sp\u00e9ciaux : Des h\u00e9ros anonymes au service exclusif de la France\",\"publisher\":{\"@id\":\"https:\\\/\\\/aassdn.org\\\/amicale\\\/#organization\"},\"potentialAction\":[{\"@type\":\"SearchAction\",\"target\":{\"@type\":\"EntryPoint\",\"urlTemplate\":\"https:\\\/\\\/aassdn.org\\\/amicale\\\/?s={search_term_string}\"},\"query-input\":{\"@type\":\"PropertyValueSpecification\",\"valueRequired\":true,\"valueName\":\"search_term_string\"}}],\"inLanguage\":\"fr-FR\"},{\"@type\":\"Organization\",\"@id\":\"https:\\\/\\\/aassdn.org\\\/amicale\\\/#organization\",\"name\":\"AASSDN | Anciens et Amis des Services Sp\u00e9ciaux\",\"url\":\"https:\\\/\\\/aassdn.org\\\/amicale\\\/\",\"logo\":{\"@type\":\"ImageObject\",\"inLanguage\":\"fr-FR\",\"@id\":\"https:\\\/\\\/aassdn.org\\\/amicale\\\/#\\\/schema\\\/logo\\\/image\\\/\",\"url\":\"https:\\\/\\\/aassdn.org\\\/amicale\\\/wp-content\\\/uploads\\\/Logo_AASSDN_transparent2.png\",\"contentUrl\":\"https:\\\/\\\/aassdn.org\\\/amicale\\\/wp-content\\\/uploads\\\/Logo_AASSDN_transparent2.png\",\"width\":1832,\"height\":1609,\"caption\":\"AASSDN | Anciens et Amis des Services Sp\u00e9ciaux\"},\"image\":{\"@id\":\"https:\\\/\\\/aassdn.org\\\/amicale\\\/#\\\/schema\\\/logo\\\/image\\\/\"}},{\"@type\":\"Person\",\"@id\":\"https:\\\/\\\/aassdn.org\\\/amicale\\\/#\\\/schema\\\/person\\\/73800712a272e6d58a10a86ea9e59671\",\"name\":\"AASSDN\",\"image\":{\"@type\":\"ImageObject\",\"inLanguage\":\"fr-FR\",\"@id\":\"https:\\\/\\\/secure.gravatar.com\\\/avatar\\\/9653808d17788562e72d77e426d8d02775774239aefd00a9b4e852423d8e9d7e?s=96&d=mm&r=g\",\"url\":\"https:\\\/\\\/secure.gravatar.com\\\/avatar\\\/9653808d17788562e72d77e426d8d02775774239aefd00a9b4e852423d8e9d7e?s=96&d=mm&r=g\",\"contentUrl\":\"https:\\\/\\\/secure.gravatar.com\\\/avatar\\\/9653808d17788562e72d77e426d8d02775774239aefd00a9b4e852423d8e9d7e?s=96&d=mm&r=g\",\"caption\":\"AASSDN\"},\"sameAs\":[\"https:\\\/\\\/aassdn.org\\\/amicale\"],\"url\":\"https:\\\/\\\/aassdn.org\\\/amicale\\\/author\\\/wordpress\\\/\"}]}<\/script>\n<!-- \/ Yoast SEO plugin. -->","yoast_head_json":{"title":"Conderence du colonel M Garder 1980- des minarets de Kaboul a Gdansk. | AASSDN | Anciens et Amis des Services Sp\u00e9ciaux","robots":{"index":"index","follow":"follow","max-snippet":"max-snippet:-1","max-image-preview":"max-image-preview:large","max-video-preview":"max-video-preview:-1"},"canonical":"https:\/\/aassdn.org\/amicale\/conderence-du-colonel-m-garder-1980-des-minarets-de-kaboul-a-gdansk\/","og_locale":"fr_FR","og_type":"article","og_title":"Conderence du colonel M Garder 1980- des minarets de Kaboul a Gdansk. | AASSDN | Anciens et Amis des Services Sp\u00e9ciaux","og_description":"L&#8217;ann\u00e9e 1980 avait d\u00e9but\u00e9 dans l&#8217;angoisse du fait de l&#8217;invasion de l&#8217;Afghanistan et s&#8217;est achev\u00e9e dans le soulagement \u00e0 cause du sursis accord\u00e9 par le Kremlin \u00e0 la Pologne. D&#8217;ailleurs peu de temps avant No\u00ebl, le camarade Boris PONOMAREV, secr\u00e9taire du P.C. sovi\u00e9tique charg\u00e9 de superviser les partis communistes des pays capitalistes, est venu en [&hellip;]","og_url":"https:\/\/aassdn.org\/amicale\/conderence-du-colonel-m-garder-1980-des-minarets-de-kaboul-a-gdansk\/","og_site_name":"AASSDN | Anciens et Amis des Services Sp\u00e9ciaux","article_published_time":"2021-10-29T08:00:16+00:00","article_modified_time":"2024-03-15T13:07:40+00:00","author":"AASSDN","twitter_card":"summary_large_image","twitter_misc":{"\u00c9crit par":"AASSDN","Dur\u00e9e de lecture estim\u00e9e":"18 minutes"},"schema":{"@context":"https:\/\/schema.org","@graph":[{"@type":"Article","@id":"https:\/\/aassdn.org\/amicale\/conderence-du-colonel-m-garder-1980-des-minarets-de-kaboul-a-gdansk\/#article","isPartOf":{"@id":"https:\/\/aassdn.org\/amicale\/conderence-du-colonel-m-garder-1980-des-minarets-de-kaboul-a-gdansk\/"},"author":{"name":"AASSDN","@id":"https:\/\/aassdn.org\/amicale\/#\/schema\/person\/73800712a272e6d58a10a86ea9e59671"},"headline":"Conderence du colonel M Garder 1980- des minarets de Kaboul a Gdansk.","datePublished":"2021-10-29T08:00:16+00:00","dateModified":"2024-03-15T13:07:40+00:00","mainEntityOfPage":{"@id":"https:\/\/aassdn.org\/amicale\/conderence-du-colonel-m-garder-1980-des-minarets-de-kaboul-a-gdansk\/"},"wordCount":3910,"publisher":{"@id":"https:\/\/aassdn.org\/amicale\/#organization"},"keywords":["Afghanistan","Africa","Congr\u00e8s","Europe","France","Kremlin","Moyen-Orient","relation","R\u00e9sistance","Russie","S\u00e9curit\u00e9 militaire","strat\u00e9gique","Syrie","URSS"],"articleSection":["Europe de l'Ouest","Extraits de bulletin","Services allemands"],"inLanguage":"fr-FR"},{"@type":"WebPage","@id":"https:\/\/aassdn.org\/amicale\/conderence-du-colonel-m-garder-1980-des-minarets-de-kaboul-a-gdansk\/","url":"https:\/\/aassdn.org\/amicale\/conderence-du-colonel-m-garder-1980-des-minarets-de-kaboul-a-gdansk\/","name":"Conderence du colonel M Garder 1980- des minarets de Kaboul a Gdansk. | AASSDN | Anciens et Amis des Services Sp\u00e9ciaux","isPartOf":{"@id":"https:\/\/aassdn.org\/amicale\/#website"},"datePublished":"2021-10-29T08:00:16+00:00","dateModified":"2024-03-15T13:07:40+00:00","breadcrumb":{"@id":"https:\/\/aassdn.org\/amicale\/conderence-du-colonel-m-garder-1980-des-minarets-de-kaboul-a-gdansk\/#breadcrumb"},"inLanguage":"fr-FR","potentialAction":[{"@type":"ReadAction","target":["https:\/\/aassdn.org\/amicale\/conderence-du-colonel-m-garder-1980-des-minarets-de-kaboul-a-gdansk\/"]}]},{"@type":"BreadcrumbList","@id":"https:\/\/aassdn.org\/amicale\/conderence-du-colonel-m-garder-1980-des-minarets-de-kaboul-a-gdansk\/#breadcrumb","itemListElement":[{"@type":"ListItem","position":1,"name":"Accueil","item":"https:\/\/aassdn.org\/amicale\/"},{"@type":"ListItem","position":2,"name":"Conderence du colonel M Garder 1980- des minarets de Kaboul a Gdansk."}]},{"@type":"WebSite","@id":"https:\/\/aassdn.org\/amicale\/#website","url":"https:\/\/aassdn.org\/amicale\/","name":"AASSDN | Anciens et Amis des Services Sp\u00e9ciaux","description":"Services sp\u00e9ciaux : Des h\u00e9ros anonymes au service exclusif de la France","publisher":{"@id":"https:\/\/aassdn.org\/amicale\/#organization"},"potentialAction":[{"@type":"SearchAction","target":{"@type":"EntryPoint","urlTemplate":"https:\/\/aassdn.org\/amicale\/?s={search_term_string}"},"query-input":{"@type":"PropertyValueSpecification","valueRequired":true,"valueName":"search_term_string"}}],"inLanguage":"fr-FR"},{"@type":"Organization","@id":"https:\/\/aassdn.org\/amicale\/#organization","name":"AASSDN | Anciens et Amis des Services Sp\u00e9ciaux","url":"https:\/\/aassdn.org\/amicale\/","logo":{"@type":"ImageObject","inLanguage":"fr-FR","@id":"https:\/\/aassdn.org\/amicale\/#\/schema\/logo\/image\/","url":"https:\/\/aassdn.org\/amicale\/wp-content\/uploads\/Logo_AASSDN_transparent2.png","contentUrl":"https:\/\/aassdn.org\/amicale\/wp-content\/uploads\/Logo_AASSDN_transparent2.png","width":1832,"height":1609,"caption":"AASSDN | Anciens et Amis des Services Sp\u00e9ciaux"},"image":{"@id":"https:\/\/aassdn.org\/amicale\/#\/schema\/logo\/image\/"}},{"@type":"Person","@id":"https:\/\/aassdn.org\/amicale\/#\/schema\/person\/73800712a272e6d58a10a86ea9e59671","name":"AASSDN","image":{"@type":"ImageObject","inLanguage":"fr-FR","@id":"https:\/\/secure.gravatar.com\/avatar\/9653808d17788562e72d77e426d8d02775774239aefd00a9b4e852423d8e9d7e?s=96&d=mm&r=g","url":"https:\/\/secure.gravatar.com\/avatar\/9653808d17788562e72d77e426d8d02775774239aefd00a9b4e852423d8e9d7e?s=96&d=mm&r=g","contentUrl":"https:\/\/secure.gravatar.com\/avatar\/9653808d17788562e72d77e426d8d02775774239aefd00a9b4e852423d8e9d7e?s=96&d=mm&r=g","caption":"AASSDN"},"sameAs":["https:\/\/aassdn.org\/amicale"],"url":"https:\/\/aassdn.org\/amicale\/author\/wordpress\/"}]}},"_links":{"self":[{"href":"https:\/\/aassdn.org\/amicale\/wp-json\/wp\/v2\/posts\/2367","targetHints":{"allow":["GET"]}}],"collection":[{"href":"https:\/\/aassdn.org\/amicale\/wp-json\/wp\/v2\/posts"}],"about":[{"href":"https:\/\/aassdn.org\/amicale\/wp-json\/wp\/v2\/types\/post"}],"author":[{"embeddable":true,"href":"https:\/\/aassdn.org\/amicale\/wp-json\/wp\/v2\/users\/1"}],"replies":[{"embeddable":true,"href":"https:\/\/aassdn.org\/amicale\/wp-json\/wp\/v2\/comments?post=2367"}],"version-history":[{"count":0,"href":"https:\/\/aassdn.org\/amicale\/wp-json\/wp\/v2\/posts\/2367\/revisions"}],"wp:attachment":[{"href":"https:\/\/aassdn.org\/amicale\/wp-json\/wp\/v2\/media?parent=2367"}],"wp:term":[{"taxonomy":"category","embeddable":true,"href":"https:\/\/aassdn.org\/amicale\/wp-json\/wp\/v2\/categories?post=2367"},{"taxonomy":"post_tag","embeddable":true,"href":"https:\/\/aassdn.org\/amicale\/wp-json\/wp\/v2\/tags?post=2367"}],"curies":[{"name":"wp","href":"https:\/\/api.w.org\/{rel}","templated":true}]}}