{"id":2366,"date":"2021-10-29T10:00:16","date_gmt":"2021-10-29T08:00:16","guid":{"rendered":"https:\/\/aassdn.org\/amicale\/1981-le-26eme-congres-du-parti-communiste-et-les-evenements-de-pologne-par-michel-garder\/"},"modified":"2024-03-02T15:23:02","modified_gmt":"2024-03-02T14:23:02","slug":"1981-le-26eme-congres-du-parti-communiste-et-les-evenements-de-pologne-par-michel-garder","status":"publish","type":"post","link":"https:\/\/aassdn.org\/amicale\/1981-le-26eme-congres-du-parti-communiste-et-les-evenements-de-pologne-par-michel-garder\/","title":{"rendered":"1981 : le 26eme Congr\u00e8s du parti communiste et les \u00e9v\u00e9nements de Pologne par Michel Garder"},"content":{"rendered":"<p class=\"Style28 Style29\" align=\"justify\">Au lendemain du 26e Congr\u00e8s du Parti Communiste de l&#8217;Union Sovi\u00e9tique qui s&#8217;est tenu du 23 f\u00e9vrier au 3 mars 1981, nous avons pu, au travers des discours des principaux dirigeants sovi\u00e9tiques ou satellites, discerner les grandes lignes du nouveau plan strat\u00e9gique du Kremlin. Ce plan qui comportait une modification majeure par rapport \u00e0 celui qui \u00e9tait en vigueur depuis le 25e Congr\u00e8s de 1976, pouvait se r\u00e9sumer ainsi : <\/p>\n<p class=\"Style28 Style29\" align=\"justify\">Sur le th\u00e9\u00e2tre ext\u00e9rieur :<\/p>\n<p class=\"Style28 Style29\" align=\"justify\">&#8211; <em>Report de l&#8217;effort principal de l&#8217;Afrique sur l&#8217;Asie<\/em> : Golfe Persique et Chine, celle-ci \u00e9tant nomm\u00e9ment d\u00e9sign\u00e9e comme ennemie. Les objectifs principaux de cet effort principal semblaient devoir \u00eatre les suivants :<\/p>\n<p class=\"Style28 Style29\" align=\"justify\">&#8211; renforcement de la pr\u00e9sence sovi\u00e9tique dans la zone du Golfe : Afghanistan et, si possible, en Iran et au Pakistan ;<\/p>\n<p class=\"Style28 Style29\" align=\"justify\">&#8211; isolement de la Chine en la dissociant du Japon et des Occidentaux, soit encerclement en s&#8217;appuyant sur l&#8217;Inde et surtout le Vietnam, et si possible une r\u00e9volution \u00e0 P\u00e9kin.<\/p>\n<p class=\"Style28 Style29\" align=\"justify\">&#8211; <em>Face aux Occidentaux<\/em> on multiplierait les offensives de paix compor\u00adtant au besoin quelques concessions apparentes et visant \u00e0 les couper totalement de la Chine, \u00e0 amadouer les Am\u00e9ricains, \u00e0 dissocier ceux-ci des Europ\u00e9ens et \u00e0 jouer sur les contradictions entre ces derniers, la France \u00e9tant choisie comme le \u00ab maillon \u00bb important du dispositif.<\/p>\n<p class=\"Style28 Style29\" align=\"justify\">&#8211; <em>Enfin en Afrique<\/em> on se contenterait de maintenir les positions acquises tout en diminuant nettement l&#8217;effort.<\/p>\n<p class=\"Style28 Style29\" align=\"justify\">\n<p class=\"Style28 Style29\" align=\"justify\">Sur le th\u00e9\u00e2tre int\u00e9rieur :<\/p>\n<p class=\"Style28 Style29\" align=\"justify\">Aucun changement. Autrement dit, \u00ab poursuite du renforcement de l&#8217;Union Sovi\u00e9tique et maintien de la coh\u00e9sion et de la s\u00e9curit\u00e9 du camp socialiste \u00bb.<\/p>\n<p class=\"Style28 Style29\" align=\"justify\">En d&#8217;autres termes, l&#8217;U.R.S.S. s&#8217;efforcerait de poursuivre \u00e0 la fois le renforcement de son potentiel militaire et le d\u00e9veloppement de son \u00e9conomie au besoin gr\u00e2ce \u00e0 l&#8217;aide de \u00ab l&#8217;adversaire capitaliste \u00bb (Am\u00e9rique, Europe, Japon) et veillerait au maintien de l&#8217;int\u00e9grit\u00e9 et du monolithisme de l&#8217;Empire, l&#8217;Afghanistan et la Pologne constituant ses deux pr\u00e9occupations imm\u00e9diates.<\/p>\n<p class=\"Style28 Style29\" align=\"justify\">\n<p class=\"Style29 Style28\" align=\"justify\"><strong> 1. UNE STRATEGIE RIGIDE ET UN PLAN CONTESTABLE<\/strong><\/p>\n<p class=\"Style28 Style29\" align=\"justify\">Contrairement \u00e0 une id\u00e9e fausse partag\u00e9e par bon nombre de responsables occidentaux, les dirigeants sovi\u00e9tiques sont beaucoup moins opportunistes et pragmatiques qu&#8217;il n&#8217;y para\u00eet, et leur strat\u00e9gie totale n&#8217;est nullement souple.<\/p>\n<p class=\"Style28 Style29\" align=\"justify\">\n<p class=\"Style28 Style29\" align=\"justify\">Cette erreur d&#8217;appr\u00e9ciation provient d&#8217;une part de ce que lesdits responsables ne se donnent pas la peine de suivre au jour le jour le jeu strat\u00e9gique de Moscou, en effectuant au besoin des retours en arri\u00e8re \u00e0 des fins de v\u00e9rification et, d&#8217;autre part, du fait qu&#8217;au plan tactique les Sovi\u00e9tiques font effectivement preuve d&#8217;une certaine souplesse.<\/p>\n<p class=\"Style28 Style29\" align=\"justify\">\n<p class=\"Style28 Style29\" align=\"justify\">En r\u00e9alit\u00e9, prisonniers des dogmes au nom desquels ils d\u00e9tiennent le pouvoir, les oligarques sovi\u00e9tiques raisonnent en fonction des sch\u00e9mas \u00e9tablis une fois pour toutes et s&#8217;accrochent en ce domaine, comme en celui de l&#8217;\u00e9conomie, aux vertus magiques de la planification. Ce d\u00e9tail essentiel du fonctionnement de cet \u00e9tat-major g\u00e9n\u00e9ral que repr\u00e9sente l&#8217;appareil du Comit\u00e9 Central \u00e9chappe curieusement \u00e0 la quasi totalit\u00e9 de nos \u00ab Kremlinologues \u00bb: C&#8217;est ainsi que Michel VOSLENS y fait \u00e0 peine allusion clans sa \u00ab Nomnenklatura \u00bb et que Mme CARRERE D\u2019ENCAUSSE n&#8217;en parle absolument pas dans son excellent ouvrage \u00ab Le Pouvoir confisqu\u00e9 \u00bb.<\/p>\n<p class=\"Style28 Style29\" align=\"justify\">\n<p class=\"Style28 Style29\" align=\"justify\">La majeure partie des succ\u00e8s sovi\u00e9tiques, sur le th\u00e9\u00e2tre ext\u00e9rieur, son justement dus \u00e0 cette grave m\u00e9connaissance chez leurs adversaires de la v\u00e9ritable nature d&#8217;une strat\u00e9gie par exc\u00e8s de planification, laquelle, Dieu merci, a valu par ailleurs bien des d\u00e9boires au Kremlin. Il se trouve m\u00eame que nous sommes probablement \u00e0 la veille d&#8217;une \u00e9clatante d\u00e9monstration de cette derni\u00e8re affirmation, dans la mesure o\u00f9 les strat\u00e8ges de Moscou paraissent incapables tant d&#8217;en modifier le plan &#8211; pourtant contestable &#8211; qu&#8217;ils mettent actuellement en oeuvre que de r\u00e9soudre les contradictions existant entre les objectifs des th\u00e9\u00e2tres ext\u00e9rieurs et int\u00e9rieurs.<\/p>\n<p class=\"Style28 Style29\" align=\"justify\">\n<p class=\"Style28 Style29\" align=\"justify\">En effet, si les strat\u00e8ges sovi\u00e9tiques avaient \u00e9t\u00e9 effectivement pragmatique et opportunistes, autrement dit libres de leurs initiatives, ils auraient eu dans la situation actuelle le choix entre deux solutions : soit un rapprochement r\u00e9el avec les Occidentaux pour se retrouver en position de force vis-\u00e0-vis des Asiatiques, soit \u00e0 l&#8217;inverse une franche ouverture en direction de ces derniers.<\/p>\n<p class=\"Style28 Style29\" align=\"justify\">\n<p class=\"Style28 Style29\" align=\"justify\">Dans le premier cas il leur e\u00fbt suffi de quelques gages : retrait progressif d&#8217;Afghanistan et attitude compr\u00e9hensive en ce qui concerne le r\u00e8glement de probl\u00e8mes du Moyen-Orient par exemple, avec, en retour, une aide substantielle \u00e0 leur \u00e9conomie.<\/p>\n<p class=\"Style28 Style29\" align=\"justify\">\n<p class=\"Style28 Style29\" align=\"justify\">Dans le second cas, la seule restitution des \u00celes Kouriles au Japon et \u00e9ventuellement quelques avances \u00e0 la Chine auraient pu modifier la situation du tout au tout.<\/p>\n<p class=\"Style28 Style29\" align=\"justify\">\n<p class=\"Style28 Style29\" align=\"justify\">Mais une loi non \u00e9crite et pourtant formelle interdit aux oligarques sovi\u00e9tiques d&#8217;avoir des alli\u00e9s. Moscou ne peut avoir que des subordonn\u00e9s ou des ennemis. De l\u00e0 la rigidit\u00e9 de sa strat\u00e9gie et l&#8217;avantage que d\u00e9tient en l&#8217;occurrence P\u00e9kin qui ne d\u00e9daigne aucune alliance contre l&#8217;\u00ab h\u00e9g\u00e9monisme sovi\u00e9tique \u00bb.<\/p>\n<p class=\"Style28 Style29\" align=\"justify\">\n<p class=\"Style28 Style29\" align=\"justify\">C&#8217;est \u00e9galement la raison pour laquelle les oligarques moscovites ne peuvent souffrir la moindre incartade de leurs subordonn\u00e9s et traitent imm\u00e9diatement en ennemis ceux qui tentent de se lib\u00e9rer de leur f\u00e9rule.<\/p>\n<p class=\"Style28 Style29\" align=\"justify\">\n<p class=\"Style28 Style29\" align=\"justify\">Rien d&#8217;\u00e9tonnant d\u00e8s lors que le plan strat\u00e9gique rappel\u00e9 ci-dessus, plan auquel on s&#8217;accroche envers et contre tout \u00e0 Moscou, soit plus que contestable.<\/p>\n<p class=\"Style28 Style29\" align=\"justify\">\n<p class=\"Style29 Style28\" align=\"justify\"><strong> 2. UN MOIS ET DEMI DE T\u00c2TONNEMENTS<\/strong><\/p>\n<p class=\"Style28 Style29\" align=\"justify\">D\u00e8s la fin du Congr\u00e8s, le Kremlin avait tent\u00e9 de mener de pair sa grande offensive de paix vis-\u00e0-vis de l&#8217;Occident et la remise au pas de la Pologne. Convoqu\u00e9s une fois de plus \u00e0 Moscou, les dirigeants de Varsovie avaient promis de faire leur possible pour \u00ab normaliser \u00bb la situation dans leur pays. C&#8217;\u00e9tait l\u00e0 une promesse purement gratuite car, en r\u00e9alit\u00e9, la situation leur \u00e9chappait totalement et pour obtenir la moindre solution il fallait \u00e0 Stanislas KANIA et au g\u00e9n\u00e9ral JARUSELSKY implorer la b\u00e9n\u00e9diction de l&#8217;Eglise et passer par les exigences de \u00ab Solidarit\u00e9 \u00bb. Pour un r\u00e9gime qui se voulait encore totalitaire c&#8217;\u00e9tait un constat de faillite.<\/p>\n<p class=\"Style28 Style29\" align=\"justify\">\n<p class=\"Style28 Style29\" align=\"justify\">Au Kremlin pendant ce temps, on ne pouvait pas croire \u00e0 la liqu\u00e9faction du Parti polonais, et l&#8217;on s&#8217;accrochait \u00e0 l&#8217;espoir qu&#8217;il suffirait aux camarades de Varsovie de faire preuve d&#8217;un peu plus d&#8217;\u00e9nergie pour en imposer \u00e0 la fois \u00e0 l&#8217;\u00c9glise et aux syndicats autonomes.<\/p>\n<p class=\"Style28 Style29\" align=\"justify\">\n<p class=\"Style28 Style29\" align=\"justify\">Les manoeuvres du Pacte de Varsovie pr\u00e9vues pour la deuxi\u00e8me quinzaine de mars devaient apporter aux \u00ab nomenclaturistes \u00bb polonais l&#8217;appui moral n\u00e9cessaire \u00e0 une reprise en main de la population.<\/p>\n<p class=\"Style28 Style29\" align=\"justify\">Cependant en Pologne, les paysans qui n&#8217;avaient toujours pas pu obtenir la reconnaissance de leur propre syndicat autonome accentuaient leur pression sur les autorit\u00e9s, et \u00e0 Bygdoszcz leurs repr\u00e9sentants s&#8217;\u00e9taient empar\u00e9s de la pr\u00e9fecture pour une occupation illimit\u00e9e. Maladresse ou provocation, les autorit\u00e9s locales crurent bon de faire intervenir brutalement la milice. D&#8217;o\u00f9 une r\u00e9ponse \u00e9nergique de \u00ab Solidarit\u00e9 \u00bb exigeant une enqu\u00eate officielle et des sanctions contre les responsables locaux. Ce fut le d\u00e9but d&#8217;une \u00e9preuve de force risquant de tourner \u00e0 l&#8217;avantage des syndicats, ce que Moscou pouvait difficilement tol\u00e9rer. Du coup les manoeuvres en cours se transform\u00e8rent en une mise en place d&#8217;un important dispositif op\u00e9rationnel aux fronti\u00e8res et \u00e0 l&#8217;int\u00e9rieur m\u00eame du territoire polonais. On proc\u00e9da, semble-t-il, \u00e0 des rappels de r\u00e9servistes dans les r\u00e9gions militaires de la Baltique, de Bi\u00e9lorussie et des Carpates ; la flotte de la Baltique simulait un blocus des c\u00f4tes de la Pologne avec exercices de d\u00e9barquement d&#8217;unit\u00e9s blind\u00e9es et de d\u00e9tachements de fusiliers-marins ; des divisions de l&#8217;Allemagne de l&#8217;Est s&#8217;installaient carr\u00e9ment sur la rive droite de l&#8217;Oder et, sous pr\u00e9texte de manoeuvres, paradaient sur les anciens territoires allemands c\u00e9d\u00e9s \u00e0 la Pologne depuis 1945.<\/p>\n<p class=\"Style28 Style29\" align=\"justify\">\n<p class=\"Style28 Style29\" align=\"justify\">Cependant \u00ab Solidarit\u00e9 \u00bb lan\u00e7ait le 27 mars une gr\u00e8ve d&#8217;avertissement de quatre heures, massivement suivie dans tout le pays, et annon\u00e7ait pour le 31 une gr\u00e8ve g\u00e9n\u00e9rale illimit\u00e9e.<\/p>\n<p class=\"Style28 Style29\" align=\"justify\">\n<p class=\"Style28 Style29\" align=\"justify\">Une intervention des forces arm\u00e9es du Pacte de Varsovie paraissait imminente. Les \u00c9tats-unis et les pays membres de l&#8217;Alliance Atlantique crurent bon d&#8217;adresser \u00e0 Moscou d&#8217;\u00e9nergiques mises en garde.<\/p>\n<p class=\"Style28 Style29\" align=\"justify\">\n<p class=\"Style28 Style29\" align=\"justify\">L&#8217;offensive de paix sovi\u00e9tique risquait d&#8217;\u00eatre totalement compromise. R\u00e9uni \u00e0 Varsovie le 29 mars 1981, le Plenum du Comit\u00e9 Central du Parti Polonais devait, entre-temps faire l&#8217;\u00e9talage de ses divisions et de son impuissance.<\/p>\n<p class=\"Style28 Style29\" align=\"justify\">\n<p class=\"Style28 Style29\" align=\"justify\">Sur le conseil de l&#8217;\u00e9piscopat, Lech WALESA estima bon d&#8217;assouplir quelque peu l&#8217;attitude de \u00ab Solidarit\u00e9 \u00bb et de sauver en quelque sorte le pouvoir, gr\u00e2ce \u00e0 un compromis et \u00e0 l&#8217;annulation de l&#8217;ordre de gr\u00e8ve. Au m\u00eame moment, aux \u00c9tats-unis l&#8217;attentat contre le pr\u00e9sident REAGAN captait l&#8217;attention de l&#8217;opinion publique mondiale et d\u00e9dramatisait &#8211; dans une certaine mesure &#8211; les \u00e9v\u00e9nements de Pologne.<\/p>\n<p class=\"Style28 Style29\" align=\"justify\">Nous ignorons bien entendu l&#8217;effet produit sur l&#8217;oligarchie sovi\u00e9tique par l&#8217;attentat de Washington, mais il n&#8217;est pas exclu que celui-ci ait renforc\u00e9 la position de ceux qui \u00e9taient oppos\u00e9s \u00e0 une intervention en Pologne Il n&#8217;est pas exclu, en particulier, que l&#8217;argument selon lequel les Am\u00e9ricains auraient pu trouver un lien entre les deux \u00e9v\u00e9nements ait \u00e9t\u00e9 invoqu\u00e9 \u00e0 cette occasion.<\/p>\n<p class=\"Style28 Style29\" align=\"justify\">Toutefois, du jour au lendemain, la propagande sovi\u00e9tique allait changer de th\u00e8mes et englober dans ses anath\u00e8mes les forces anti-socialistes polonaises et le laxisme des dirigeants de Varsovie.<\/p>\n<p class=\"Style28 Style29\" align=\"justify\">\n<p class=\"Style28 Style29\" align=\"justify\">Les manoeuvres se poursuivant, on eut de nouveau l&#8217;impression en Occident que l&#8217;engrenage fatal s&#8217;\u00e9tait remis en route, cela d&#8217;autant plus que les dirigeants des pays satellites donnaient de plus en plus de la voix, Allemands de l&#8217;Est et Tch\u00e9coslovaques \u00e9tant les plus virulents.<\/p>\n<p class=\"Style28 Style29\" align=\"justify\">\n<p class=\"Style28 Style29\" align=\"justify\">Le point culminant devait \u00eatre atteint le vendredi 3 avril ; puis le samedi 4 ce fut la surprise de l&#8217;annonce de la participation de Leonid BREJNEV au Congr\u00e8s du Parti Communiste Tch\u00e9coslovaque deux jours plus tard.<\/p>\n<p class=\"Style28 Style29\" align=\"justify\">\n<p class=\"Style28 Style29\" align=\"justify\">D\u00e8s lors il devenait \u00e9vident que l&#8217;intervention se trouvait remise \u00ab sine die \u00bb, ce que le secr\u00e9taire du Parti Communiste Sovi\u00e9tique allait confirmer par son discours de Prague qui contrastait curieusement avec celui du camarade HUSSAK, \u00e9crit probablement au moment o\u00f9 celui-ci croyait encore \u00e0 l&#8217;in\u00e9vitabilit\u00e9 d&#8217;une \u00ab aide fraternelle \u00e0 la Pologne \u00bb.<\/p>\n<p class=\"Style28 Style29\" align=\"justify\">\n<p class=\"Style28 Style29\" align=\"justify\">En marge de ce Congr\u00e8s il y eut une myst\u00e9rieuse entrevue BREJNEV-JALLOD, le second Libyen venant peut-\u00eatre r\u00e9clamer de nouvelles armes \u00e0 son fournisseur sovi\u00e9tique.<\/p>\n<p class=\"Style28 Style29\" align=\"justify\">\n<p class=\"Style28 Style29\" align=\"justify\">Depuis, nous avons assist\u00e9 \u00e0 la fin des manoeuvres et, semble-t-il, \u00e0 la d\u00e9mobilisation des r\u00e9servistes. Certes le Kremlin allait jouer dans la coulisse un certain r\u00f4le dans les \u00e9v\u00e9nements du Moyen-Orient, co\u00efncidant avec la visite du g\u00e9n\u00e9ral HAIG dans cette partie du monde ; toutefois le ton de la propagande moscovite \u00e9tait devenu moins virulent. Il y eut ensuite le Congr\u00e8s du Parti Est-Allemand au cours duquel l&#8217;irascible SOUSLOV, \u00ab missus dominicus \u00bb au Kremlin, se montra moins en verve que d&#8217;habitude, cependant que le repr\u00e9\u00adsentant du Parti Communiste Fran\u00e7ais se permit de condamner l&#8217;\u00e9ventualit\u00e9 d&#8217;une intervention sovi\u00e9tique en Pologne. Il fallait attendre l&#8217;avant-veille de P\u00e2ques pour que de nouvelles concessions de l&#8217;oligarchie polonaise vinssent rappeler au reste de l&#8217;Empire Sovi\u00e9tique qu&#8217;il n&#8217;y avait pas lieu de trop compter sur le Parti ouvrier unifi\u00e9 polonais pour r\u00e9soudre lui-m\u00eame ses probl\u00e8mes. <\/p>\n<p class=\"Style29 Style28\" align=\"justify\"><strong> 3. UNE SITUATION INTOL\u00c9RABLE POUR LE KREMLIN<\/strong><\/p>\n<p class=\"Style28 Style29\" align=\"justify\">Il est vrai qu&#8217;en ce jour de Vendredi-Saint on devait apprendre coup sur coup que les autorit\u00e9s de Varsovie avaient accept\u00e9 d&#8217;enregistrer avant le 10 mai un syndicat autonome rural et pris bonne note des revendications formul\u00e9es \u00e0 Torun par un vaste forum de contestataires de la base du Parti. Ces deux faits d\u00e9passaient largement en importance tous les \u00e9v\u00e9nements pr\u00e9c\u00e9dents. D&#8217;une part le Parti reconnaissait \u00e0 trois millions et demi de petits propri\u00e9taires (de koulaks, selon le jargon sovi\u00e9tique) le droit de se grouper en un syndicat et de partager avec les dix millions d&#8217;ouvriers et employ\u00e9s le beau titre de \u00ab Solidarit\u00e9 \u00bb. Ainsi toute la population active du pays, ne reconnaissant au fond que la seule autorit\u00e9 de l\u2019\u00c9glise, tendait \u00e0 se dresser face \u00e0 une poign\u00e9e d&#8217;\u00ab apparatchiks \u00bb, lesquels d&#8217;autre part se voyaient contest\u00e9s par leur propre base et acceptaient humblement cette contestation.<\/p>\n<p class=\"Style28 Style29\" align=\"justify\">\n<p class=\"Style28 Style29\" align=\"justify\">Devant l&#8217;\u00e9normit\u00e9 de ces deux \u00e9v\u00e9nements, le Kremlin surpris une fois de plus, est demeur\u00e9 pratiquement sans r\u00e9action. L&#8217;agence Tass s&#8217;est content\u00e9e de citer sans commentaire des extraits de l&#8217;agence de presse polonaise annon\u00e7ant la reconnaissance du syndicat rural. De son c\u00f4t\u00e9, un des strat\u00e8ges du Kremlin, M. ZAMIATINE, Chef du d\u00e9partement d&#8217;information internationale du Comit\u00e9 Central du Parti Communiste Sovi\u00e9tique, devait reprendre tous les th\u00e8mes officiels de la propagande en vigueur depuis la reculade du 4 avril : ing\u00e9rences occidentales, forces anti-socialistes manipul\u00e9es par le \u00ab Comit\u00e9 de D\u00e9fense antisociale \u00bb (K.O.R.), et r\u00e9it\u00e9rer la confiance de son Parti aux dirigeants polonais. En revanche \u00e0 Prague on s&#8217;est montr\u00e9 moins confiant vis-\u00e0-vis de ces derniers en les accusant d&#8217;avoir \u00ab c\u00e9d\u00e9 une nouvelle fois \u00e0 la pression politique de \u00ab Solidarit\u00e9 \u00bb.<\/p>\n<p class=\"Style28 Style29\" align=\"justify\">\n<p class=\"Style28 Style29\" align=\"justify\">De toutes fa\u00e7ons, il est \u00e9vident que la situation est devenue franchement intol\u00e9rable pour le Kremlin et qu&#8217;au sein de l&#8217;oligarchie, comme \u00e0 la veille de l&#8217;intervention en Tch\u00e9coslovaquie, partisans de \u00ab l&#8217;aide fraternelle \u00e0 la Pologne \u00bb et tenants d&#8217;une hypoth\u00e9tique solution polonaise s&#8217;affrontent durement.<\/p>\n<p class=\"Style28 Style29\" align=\"justify\">\n<p class=\"Style29 Style28\" align=\"justify\"><strong> 4. PERSPECTIVES D&#8217;AVENIR<\/strong><\/p>\n<p class=\"Style28 Style29\" align=\"justify\">\u00ab L&#8217;observateur \u00e9tranger &#8212; \u00e9crit l&#8217;\u00e9ditorialiste du Monde des 19 et 20 avril 1981 &#8211; doit se borner \u00e0 \u00ab toucher du bois \u00bb sans formuler de pronostics qui, au-del\u00e0 d&#8217;un certain point pourraient porter le mauvais sort \u00bb. Apr\u00e8s quoi il conclut assez justement : \u00ab En r\u00e9alit\u00e9, le Kremlin h\u00e9site entre deux risques \u00e9galement catastrophiques : celui d&#8217;une contagion non endigu\u00e9e qui mettrait \u00e0 bas son syst\u00e8me de domination, et celui d&#8217;une intervention qui l&#8217;obligerait \u00e0 livrer une co\u00fbteuse guerre en Europe, \u00e0 sacrifier toute son offensive diplomatique en direction de l&#8217;Occident et \u00e0 assurer seul la charge de 36 millions de Polonais aussi affam\u00e9s qu&#8217;indisciplin\u00e9s \u00bb.<\/p>\n<p class=\"Style28 Style29\" align=\"justify\">\n<p class=\"Style28 Style29\" align=\"justify\">Il nous semble, quant \u00e0 nous, qu&#8217;aux deux hypoth\u00e8ses du dilemme pos\u00e9 par Le Monde, il conviendrait d&#8217;en ajouter une troisi\u00e8me : celle d&#8217;une r\u00e9volution de palais au Kremlin.<\/p>\n<p class=\"Style28 Style29\" align=\"justify\">\n<p class=\"Style28 Style29\" align=\"justify\">Ceci dit, nous allons tenter d&#8217;examiner tour \u00e0 tour ces trois hypoth\u00e8ses dont pour le moment il para\u00eet difficile d&#8217;\u00e9tablir l&#8217;ordre de probabilit\u00e9.<\/p>\n<p class=\"Style28 Style29\" align=\"justify\">\n<p class=\"Style28 Style29\" align=\"justify\">La premi\u00e8re hypoth\u00e8se H-1, celle de la \u00ab contagion non endigu\u00e9e \u00bb est peut-\u00eatre la moins probable, mais apr\u00e8s les deux reculades du Kremlin, en d\u00e9cembre 1980 et d\u00e9but avril 1981, elle ne peut \u00eatre exclue \u00ab a priori \u00bb.<\/p>\n<p class=\"Style28 Style29\" align=\"justify\">En effet, la centaine de vieillards qui constitue l&#8217;\u00e9chelon de d\u00e9cision de l&#8217;oligarchie sovi\u00e9tique, c&#8217;est-\u00e0-dire le Bureau Politique, le Secr\u00e9tariat, les chefs de d\u00e9partement et leurs adjoints, doit certainement comporter une solide majorit\u00e9 d&#8217;anti-interventionnistes, ce qui explique les reculades mentionn\u00e9es plus haut. Il y a bient\u00f4t treize ans, \u00e0 quelques unit\u00e9s pr\u00e8s, les m\u00eames ont h\u00e9sit\u00e9 longuement avant d&#8217;intervenir en Tch\u00e9coslovaquie. D&#8217;apr\u00e8s ce que nous croyons savoir, la d\u00e9cision a \u00e9t\u00e9 prise \u00e0 51 voix contre 49.<\/p>\n<p class=\"Style28 Style29\" align=\"justify\">Or les situations ne sont pas comparables. Tout d&#8217;abord la Pologne est un morceau beaucoup plus dur que la Tch\u00e9coslovaquie. Ensuite, en 1968 les \u00c9tats-unis se trouvaient en pleine campagne pr\u00e9sidentielle avec \u00e0 leur t\u00eate un pr\u00e9sident, Lyndon B. JOHNSON, qui terminait son mandat sans aucune ambition. De nos jours, le Kremlin a \u00e9t\u00e9 averti qu&#8217;une intervention en Pologne provoquerait des r\u00e9actions s\u00e9rieuses de la part de l&#8217;administration REAGAN, et celle-ci pourrait ne pas se limiter \u00e0 des sanctions \u00e9conomiques. Or il est certain que les \u00c9tats-unis, actuellement en pleine r\u00e9surrection, impressionnent fortement le Kremlin. De plus, l&#8217;U.R.S.S. ressent sur ses arri\u00e8res le poids du bin\u00f4me sino-nippon auquel l&#8217;oligarchie a tendance \u00e0 pr\u00eater des intentions agressives. Enfin il y a, qu&#8217;on le veuille ou non, l&#8217;enlisement en AFghanistan.<\/p>\n<p class=\"Style28 Style29\" align=\"justify\">\n<p class=\"Style28 Style29\" align=\"justify\">La deuxi\u00e8me hypoth\u00e8se H-2, autrement dit celle de l&#8217;intervention, para\u00eet a priori difficilement \u00e9vitable. Ceci dit, il n&#8217;est pas ais\u00e9 d&#8217;en imaginer les diff\u00e9rents sc\u00e9narios, car celui de la Tch\u00e9coslovaquie en 1968 ne convient pas et celui de l&#8217;Afghanistan ne devrait pas convenir. En dehors de la formule du journal Le Monde \u00e9nonc\u00e9e ci-dessus, il s&#8217;agirait d&#8217;un bain de sang totalement improductif, lequel pourrait fort bien ne pas se limiter au territoire polonais. Rien ne dit en effet qu&#8217;engag\u00e9e en Pologne l&#8217;U.R.S.S. ne soit entra\u00een\u00e9e \u00e0 \u00e9largir son action \u00e0 la Yougoslavie pour tenter par la m\u00eame occasion de mettre un terme au scandale des Balkans. Enfin la tentation de profiter des circonstances pour s&#8217;emparer dans la foul\u00e9e de l&#8217;Europe Occidentale &#8211; avant que les \u00c9tats-unis n&#8217;aient reconquis leur sup\u00e9riorit\u00e9 militaire sur l&#8217;U.R.S.S. et redonn\u00e9 un souffle nouveau \u00e0 l&#8217;Alliance Atlantique &#8211; est \u00e9galement \u00e0 prendre en consid\u00e9ration.<\/p>\n<p class=\"Style28 Style29\" align=\"justify\">\n<p class=\"Style28 Style29\" align=\"justify\">Les inconv\u00e9nients de H-1, catastrophiques \u00e0 plus ou moins long terme, et les perspectives peut-\u00eatre apocalyptiques de H-2 rendent finalement fort probable l&#8217;hypoth\u00e8se H-3, c&#8217;est-\u00e0-dire une r\u00e9volution de palais au Kremlin, soit anticipant sur H-2, soit cons\u00e9cutivement \u00e0 celle-ci.<\/p>\n<p class=\"Style28 Style29\" align=\"justify\">\n<p class=\"Style28 Style29\" align=\"justify\">Cette r\u00e9volution pourrait comporter trois variantes principales :<\/p>\n<p class=\"Style28 Style29\" align=\"justify\">&#8211; H-31. La r\u00e9volution de palais serait l&#8217;\u0153uvre d&#8217;une conjuration grou\u00adpant de jeunes \u00ab apparatchiks \u00bb bien plac\u00e9s dans les rouages du Comit\u00e9 Central et de \u00ab jeunes loups \u00bb du K.G.B.<\/p>\n<p class=\"Style28 Style29\" align=\"justify\">&#8211; H-32. La conjuration serait l&#8217;oeuvre d&#8217;une combinaison de \u00ab jeunes apparatchiks \u00bb et de \u00ab jeunes officiers brevet\u00e9s \u00bb (,g\u00e9n\u00e9raux et colonels de l&#8217;EMG et de la R\u00e9gion Militaire de Moscou).<\/p>\n<p class=\"Style28 Style29\" align=\"justify\">&#8211; H-33. Il s&#8217;agirait tout simplement d&#8217;un putsch militaire foment\u00e9 par les officiers mentionn\u00e9s dans H-32.<\/p>\n<p class=\"Style28 Style29\" align=\"justify\">\n<p class=\"Style28 Style29\" align=\"justify\">Dans ces trois variantes le but des conjur\u00e9s serait de mettre fin au totalitarisme l\u00e9nino-marxiste et d&#8217;instaurer un r\u00e9gime autoritaire susceptible de faire revenir une Russie nouvelle dans le concert des nations.<\/p>\n<p class=\"Style28 Style29\" align=\"justify\">\n<p class=\"Style28 Style29\" align=\"justify\">Le plus gros risque que comporterait cette hypoth\u00e8se &#8211; et plus sp\u00e9cialement sa variante H-33 &#8211; serait celui d&#8217;une cassure au sein des forces arm\u00e9es d\u00e9bouchant sur une guerre civile \u00e0 l&#8217;\u00e9chelle de tout l&#8217;Empire.<\/p>\n<p class=\"Style28 Style29\" align=\"justify\">\n<p class=\"Style28 Style29\" align=\"justify\">Cette nouvelle hypoth\u00e8se H-4 pourrait \u00eatre encore plus catastrophique que H-2 et fait actuellement l&#8217;objet d&#8217;une \u00e9tude du C.E.S.T.E.<\/p>\n<p class=\"Style28 Style29\" align=\"justify\">\n<p class=\"Style28 Style29\" align=\"justify\">Nous estimons de notre devoir de la mentionner d\u00e8s maintenant, car sans \u00eatre a priori la plus probable, elle nous para\u00eet parfaitement concevable.<\/p>\n<p class=\"Style28 Style29\" align=\"justify\">\n<p class=\"Style28 Style29\" align=\"justify\">En soixante ans de totalitarisme sanglant, le r\u00e9gime bolcheviste a accumul\u00e9 sur les territoires qu&#8217;ils contr\u00f4le tant de haines inexpiables qu&#8217;une explosion de ce genre ne pourrait \u00eatre qu&#8217;\u00e9pouvantable et, de plus, devrait avoir des r\u00e9percussions graves hors des limites de l&#8217;Empire Sovi\u00e9tique.<\/p>\n<p class=\"Style28 Style29\" align=\"justify\">\n<p class=\"Style28 Style29\" align=\"justify\">Ajoutons pour finir que compte tenu de l&#8217;acc\u00e9l\u00e9ration des \u00e9v\u00e9nements de Pologne, H-2, H-3, et peut-\u00eatre m\u00eame H-4 pourraient fort bien se produire dans un avenir tr\u00e8s proche, la p\u00e9riode dangereuse \u00e9tant selon nous l&#8217;\u00e9t\u00e9 de 1981.<\/p>\n<p class=\"Style28 Style29\" align=\"justify\">\n<p class=\"Style28 Style29\" align=\"justify\"><strong>TOUT BOUGE A L&#8217;EST<\/strong><\/p>\n<p class=\"Style28 Style29\" align=\"justify\"><em> ADDITIF \u00e0 l&#8217;expos\u00e9 de Michel GARDER<\/em><\/p>\n<p class=\"Style28 Style29\" align=\"justify\">Un peu plus d&#8217;un mois apr\u00e8s le point que nous avons fait \u00e0 Ramatuelle, l&#8217;\u00e9volution de la situation mondiale, vue de Moscou s&#8217;oriente, semble-t-il, dans la direction de l&#8217;hypoth\u00e8se H3, autrement dit d&#8217;une r\u00e9volution de palais au Kremlin.<\/p>\n<p class=\"Style28 Style29\" align=\"justify\">\n<p class=\"Style28 Style29\" align=\"justify\">En effet, au moment m\u00eame o\u00f9 une violente campagne de propagande, orchestr\u00e9e par Moscou et reprise par tous les satellites &#8211; y compris la Roumanie &#8211; d\u00e9non\u00e7ait le laxisme du Parti polonais et la catastrophe \u00e0 laquelle ne pouvait qu&#8217;aboutir le futur congr\u00e8s de ce Parti et qu&#8217;un dispositif militaire d&#8217;invasion \u00e9tait mis en place aux fronti\u00e8res de la Pologne, une volte-face spectaculaire de l&#8217;oligarchie sovi\u00e9tique allait infl\u00e9chir la crise vers un semblant de solution \u00e0 l&#8217;amiable.<\/p>\n<p class=\"Style28 Style29\" align=\"justify\">\n<p class=\"Style28 Style29\" align=\"justify\">C&#8217;est ainsi que coup sur coup on allait enregistrer :<\/p>\n<p class=\"Style28 Style29\" align=\"justify\">\n<p class=\"Style28 Style29\" align=\"justify\">&#8211; l&#8217;annulation \u00ab pour des raisons s\u00e9rieuses \u00bb de la session pl\u00e9ni\u00e8re du Comit\u00e9 Central du P.C. sovi\u00e9tique du 26 juin 1981,<\/p>\n<p class=\"Style28 Style29\" align=\"justify\">\n<p class=\"Style28 Style29\" align=\"justify\">&#8211; l&#8217;annonce quelques jours plus tard de la visite \u00e0 Varsovie du Ministre des Affaires \u00c9trang\u00e8res Andr\u00e9 GRMYKO, d&#8217;abord fix\u00e9e au 1er juillet puis deux fois retard\u00e9e d&#8217;un jour,<\/p>\n<p class=\"Style28 Style29\" align=\"justify\">\n<p class=\"Style28 Style29\" align=\"justify\">&#8211; le brusque d\u00e9part en \u00ab vacances \u00bb de Leonid BREJNEV, un mois plus t\u00f4t que les ann\u00e9es pr\u00e9c\u00e9dentes.<\/p>\n<p class=\"Style28 Style29\" align=\"justify\">\n<p class=\"Style28 Style29\" align=\"justify\">Venu finalement \u00e0 Varsovie le 3 juillet non pas \u00ab \u00e8s-qualit\u00e9 \u00bb mais en tant que membre du Bureau Politique, c&#8217;est-\u00e0-dire, la plus haute instance du pouvoir sovi\u00e9tique, Andr\u00e9 GROMYKO a semble-t-il, donn\u00e9 au Parti polonais le feu vert pour le congr\u00e8s du 14 juillet, congr\u00e8s dont jusqu&#8217;ici on ne voulait \u00e0 aucun prix \u00e0 Moscou.<\/p>\n<p class=\"Style28 Style29\" align=\"justify\">\n<p class=\"Style28 Style29\" align=\"justify\">Au m\u00eame moment, changeant de ton, le roumain CEAUCESCU venait apporter son soutien au Parti polonais. <\/p>\n<p class=\"Style28 Style29\" align=\"justify\">La presse occidentale concluait, en cons\u00e9quence, \u00e0 une d\u00e9tente entre Moscou et Varsovie. Or ladite d\u00e9tente ne fait l&#8217;affaire ni d&#8217;une partie de la \u00ab Nomenklatura \u00bb avec \u00e0 sa t\u00eate Michel SOUSLOV, ni des services Sp\u00e9ciaux (K.G.B.) ni, semble-t-il, du haut commandement des Forces arm\u00e9es sovi\u00e9tiques, sans parler de la plupart des dirigeants satellites. Une \u00e9preuve de force serait d\u00e9j\u00e0 en cours au sein des hautes instances de l&#8217;oligarchie du Kremlin et des surprises de taille pourraient \u00e9branler d&#8217;ici peu l&#8217;atmosph\u00e8re d\u00e9tendue des vacances estivales.<\/p>\n<div class=\"pdfprnt-buttons pdfprnt-buttons-post pdfprnt-bottom-right\"><a href=\"https:\/\/aassdn.org\/amicale\/wp-json\/wp\/v2\/posts\/2366?print=pdf\" class=\"pdfprnt-button pdfprnt-button-pdf\" target=\"_blank\" ><img decoding=\"async\" data-src=\"https:\/\/aassdn.org\/amicale\/wp-content\/plugins\/pdf-print\/images\/pdf.png\" alt=\"image_pdf\" title=\"Afficher le PDF\" src=\"data:image\/svg+xml;base64,PHN2ZyB3aWR0aD0iMSIgaGVpZ2h0PSIxIiB4bWxucz0iaHR0cDovL3d3dy53My5vcmcvMjAwMC9zdmciPjwvc3ZnPg==\" class=\"lazyload\" style=\"--smush-placeholder-width: 32px; --smush-placeholder-aspect-ratio: 32\/32;\" \/><\/a><a href=\"https:\/\/aassdn.org\/amicale\/wp-json\/wp\/v2\/posts\/2366?print=print\" class=\"pdfprnt-button pdfprnt-button-print\" target=\"_blank\" ><\/a><\/div>","protected":false},"excerpt":{"rendered":"<p>Au lendemain du 26e Congr\u00e8s du Parti Communiste de l&#8217;Union Sovi\u00e9tique qui s&#8217;est tenu du 23 f\u00e9vrier au 3 mars 1981, nous avons pu, au travers des discours des principaux dirigeants sovi\u00e9tiques ou satellites, discerner les grandes lignes du nouveau plan strat\u00e9gique du Kremlin. Ce plan qui comportait une modification majeure par rapport \u00e0 celui [&hellip;]<\/p>\n","protected":false},"author":1,"featured_media":0,"comment_status":"closed","ping_status":"open","sticky":false,"template":"","format":"standard","meta":{"_acf_changed":false,"footnotes":""},"categories":[113,114,79,107,104,99],"tags":[218,206,217,213],"class_list":["post-2366","post","type-post","status-publish","format-standard","hentry","category-europe-de-lest","category-europe-de-louest","category-extraits-de-bulletin","category-geopolitique","category-1945-1989-guerre-froide","category-services-allemands","tag-congres","tag-debarquement","tag-securite-militaire","tag-urss"],"acf":[],"yoast_head":"<!-- This site is optimized with the Yoast SEO plugin v27.4 - https:\/\/yoast.com\/product\/yoast-seo-wordpress\/ -->\n<title>1981 : le 26eme Congr\u00e8s du parti communiste et les \u00e9v\u00e9nements de Pologne par Michel Garder | AASSDN | Anciens et Amis des Services Sp\u00e9ciaux<\/title>\n<meta name=\"robots\" content=\"index, follow, max-snippet:-1, max-image-preview:large, max-video-preview:-1\" \/>\n<link rel=\"canonical\" href=\"https:\/\/aassdn.org\/amicale\/1981-le-26eme-congres-du-parti-communiste-et-les-evenements-de-pologne-par-michel-garder\/\" \/>\n<meta property=\"og:locale\" content=\"fr_FR\" \/>\n<meta property=\"og:type\" content=\"article\" \/>\n<meta property=\"og:title\" content=\"1981 : le 26eme Congr\u00e8s du parti communiste et les \u00e9v\u00e9nements de Pologne par Michel Garder | AASSDN | Anciens et Amis des Services Sp\u00e9ciaux\" \/>\n<meta property=\"og:description\" content=\"Au lendemain du 26e Congr\u00e8s du Parti Communiste de l&#8217;Union Sovi\u00e9tique qui s&#8217;est tenu du 23 f\u00e9vrier au 3 mars 1981, nous avons pu, au travers des discours des principaux dirigeants sovi\u00e9tiques ou satellites, discerner les grandes lignes du nouveau plan strat\u00e9gique du Kremlin. Ce plan qui comportait une modification majeure par rapport \u00e0 celui [&hellip;]\" \/>\n<meta property=\"og:url\" content=\"https:\/\/aassdn.org\/amicale\/1981-le-26eme-congres-du-parti-communiste-et-les-evenements-de-pologne-par-michel-garder\/\" \/>\n<meta property=\"og:site_name\" content=\"AASSDN | Anciens et Amis des Services Sp\u00e9ciaux\" \/>\n<meta property=\"article:published_time\" content=\"2021-10-29T08:00:16+00:00\" \/>\n<meta property=\"article:modified_time\" content=\"2024-03-02T14:23:02+00:00\" \/>\n<meta name=\"author\" content=\"AASSDN\" \/>\n<meta name=\"twitter:card\" content=\"summary_large_image\" \/>\n<meta name=\"twitter:label1\" content=\"\u00c9crit par\" \/>\n\t<meta name=\"twitter:data1\" content=\"AASSDN\" \/>\n\t<meta name=\"twitter:label2\" content=\"Dur\u00e9e de lecture estim\u00e9e\" \/>\n\t<meta name=\"twitter:data2\" content=\"18 minutes\" \/>\n<script type=\"application\/ld+json\" class=\"yoast-schema-graph\">{\"@context\":\"https:\\\/\\\/schema.org\",\"@graph\":[{\"@type\":\"Article\",\"@id\":\"https:\\\/\\\/aassdn.org\\\/amicale\\\/1981-le-26eme-congres-du-parti-communiste-et-les-evenements-de-pologne-par-michel-garder\\\/#article\",\"isPartOf\":{\"@id\":\"https:\\\/\\\/aassdn.org\\\/amicale\\\/1981-le-26eme-congres-du-parti-communiste-et-les-evenements-de-pologne-par-michel-garder\\\/\"},\"author\":{\"name\":\"AASSDN\",\"@id\":\"https:\\\/\\\/aassdn.org\\\/amicale\\\/#\\\/schema\\\/person\\\/73800712a272e6d58a10a86ea9e59671\"},\"headline\":\"1981 : le 26eme Congr\u00e8s du parti communiste et les \u00e9v\u00e9nements de Pologne par Michel Garder\",\"datePublished\":\"2021-10-29T08:00:16+00:00\",\"dateModified\":\"2024-03-02T14:23:02+00:00\",\"mainEntityOfPage\":{\"@id\":\"https:\\\/\\\/aassdn.org\\\/amicale\\\/1981-le-26eme-congres-du-parti-communiste-et-les-evenements-de-pologne-par-michel-garder\\\/\"},\"wordCount\":3749,\"publisher\":{\"@id\":\"https:\\\/\\\/aassdn.org\\\/amicale\\\/#organization\"},\"keywords\":[\"Congr\u00e8s\",\"d\u00e9barquement\",\"S\u00e9curit\u00e9 militaire\",\"URSS\"],\"articleSection\":[\"Europe de l'Est\",\"Europe de l'Ouest\",\"Extraits de bulletin\",\"G\u00e9opolitique\",\"Guerre froide (1945-1989)\",\"Services allemands\"],\"inLanguage\":\"fr-FR\"},{\"@type\":\"WebPage\",\"@id\":\"https:\\\/\\\/aassdn.org\\\/amicale\\\/1981-le-26eme-congres-du-parti-communiste-et-les-evenements-de-pologne-par-michel-garder\\\/\",\"url\":\"https:\\\/\\\/aassdn.org\\\/amicale\\\/1981-le-26eme-congres-du-parti-communiste-et-les-evenements-de-pologne-par-michel-garder\\\/\",\"name\":\"1981 : le 26eme Congr\u00e8s du parti communiste et les \u00e9v\u00e9nements de Pologne par Michel Garder | AASSDN | Anciens et Amis des Services Sp\u00e9ciaux\",\"isPartOf\":{\"@id\":\"https:\\\/\\\/aassdn.org\\\/amicale\\\/#website\"},\"datePublished\":\"2021-10-29T08:00:16+00:00\",\"dateModified\":\"2024-03-02T14:23:02+00:00\",\"breadcrumb\":{\"@id\":\"https:\\\/\\\/aassdn.org\\\/amicale\\\/1981-le-26eme-congres-du-parti-communiste-et-les-evenements-de-pologne-par-michel-garder\\\/#breadcrumb\"},\"inLanguage\":\"fr-FR\",\"potentialAction\":[{\"@type\":\"ReadAction\",\"target\":[\"https:\\\/\\\/aassdn.org\\\/amicale\\\/1981-le-26eme-congres-du-parti-communiste-et-les-evenements-de-pologne-par-michel-garder\\\/\"]}]},{\"@type\":\"BreadcrumbList\",\"@id\":\"https:\\\/\\\/aassdn.org\\\/amicale\\\/1981-le-26eme-congres-du-parti-communiste-et-les-evenements-de-pologne-par-michel-garder\\\/#breadcrumb\",\"itemListElement\":[{\"@type\":\"ListItem\",\"position\":1,\"name\":\"Accueil\",\"item\":\"https:\\\/\\\/aassdn.org\\\/amicale\\\/\"},{\"@type\":\"ListItem\",\"position\":2,\"name\":\"1981 : le 26eme Congr\u00e8s du parti communiste et les \u00e9v\u00e9nements de Pologne par Michel Garder\"}]},{\"@type\":\"WebSite\",\"@id\":\"https:\\\/\\\/aassdn.org\\\/amicale\\\/#website\",\"url\":\"https:\\\/\\\/aassdn.org\\\/amicale\\\/\",\"name\":\"AASSDN | Anciens et Amis des Services Sp\u00e9ciaux\",\"description\":\"Services sp\u00e9ciaux : Des h\u00e9ros anonymes au service exclusif de la France\",\"publisher\":{\"@id\":\"https:\\\/\\\/aassdn.org\\\/amicale\\\/#organization\"},\"potentialAction\":[{\"@type\":\"SearchAction\",\"target\":{\"@type\":\"EntryPoint\",\"urlTemplate\":\"https:\\\/\\\/aassdn.org\\\/amicale\\\/?s={search_term_string}\"},\"query-input\":{\"@type\":\"PropertyValueSpecification\",\"valueRequired\":true,\"valueName\":\"search_term_string\"}}],\"inLanguage\":\"fr-FR\"},{\"@type\":\"Organization\",\"@id\":\"https:\\\/\\\/aassdn.org\\\/amicale\\\/#organization\",\"name\":\"AASSDN | Anciens et Amis des Services Sp\u00e9ciaux\",\"url\":\"https:\\\/\\\/aassdn.org\\\/amicale\\\/\",\"logo\":{\"@type\":\"ImageObject\",\"inLanguage\":\"fr-FR\",\"@id\":\"https:\\\/\\\/aassdn.org\\\/amicale\\\/#\\\/schema\\\/logo\\\/image\\\/\",\"url\":\"https:\\\/\\\/aassdn.org\\\/amicale\\\/wp-content\\\/uploads\\\/Logo_AASSDN_transparent2.png\",\"contentUrl\":\"https:\\\/\\\/aassdn.org\\\/amicale\\\/wp-content\\\/uploads\\\/Logo_AASSDN_transparent2.png\",\"width\":1832,\"height\":1609,\"caption\":\"AASSDN | Anciens et Amis des Services Sp\u00e9ciaux\"},\"image\":{\"@id\":\"https:\\\/\\\/aassdn.org\\\/amicale\\\/#\\\/schema\\\/logo\\\/image\\\/\"}},{\"@type\":\"Person\",\"@id\":\"https:\\\/\\\/aassdn.org\\\/amicale\\\/#\\\/schema\\\/person\\\/73800712a272e6d58a10a86ea9e59671\",\"name\":\"AASSDN\",\"image\":{\"@type\":\"ImageObject\",\"inLanguage\":\"fr-FR\",\"@id\":\"https:\\\/\\\/secure.gravatar.com\\\/avatar\\\/9653808d17788562e72d77e426d8d02775774239aefd00a9b4e852423d8e9d7e?s=96&d=mm&r=g\",\"url\":\"https:\\\/\\\/secure.gravatar.com\\\/avatar\\\/9653808d17788562e72d77e426d8d02775774239aefd00a9b4e852423d8e9d7e?s=96&d=mm&r=g\",\"contentUrl\":\"https:\\\/\\\/secure.gravatar.com\\\/avatar\\\/9653808d17788562e72d77e426d8d02775774239aefd00a9b4e852423d8e9d7e?s=96&d=mm&r=g\",\"caption\":\"AASSDN\"},\"sameAs\":[\"https:\\\/\\\/aassdn.org\\\/amicale\"],\"url\":\"https:\\\/\\\/aassdn.org\\\/amicale\\\/author\\\/wordpress\\\/\"}]}<\/script>\n<!-- \/ Yoast SEO plugin. -->","yoast_head_json":{"title":"1981 : le 26eme Congr\u00e8s du parti communiste et les \u00e9v\u00e9nements de Pologne par Michel Garder | AASSDN | Anciens et Amis des Services Sp\u00e9ciaux","robots":{"index":"index","follow":"follow","max-snippet":"max-snippet:-1","max-image-preview":"max-image-preview:large","max-video-preview":"max-video-preview:-1"},"canonical":"https:\/\/aassdn.org\/amicale\/1981-le-26eme-congres-du-parti-communiste-et-les-evenements-de-pologne-par-michel-garder\/","og_locale":"fr_FR","og_type":"article","og_title":"1981 : le 26eme Congr\u00e8s du parti communiste et les \u00e9v\u00e9nements de Pologne par Michel Garder | AASSDN | Anciens et Amis des Services Sp\u00e9ciaux","og_description":"Au lendemain du 26e Congr\u00e8s du Parti Communiste de l&#8217;Union Sovi\u00e9tique qui s&#8217;est tenu du 23 f\u00e9vrier au 3 mars 1981, nous avons pu, au travers des discours des principaux dirigeants sovi\u00e9tiques ou satellites, discerner les grandes lignes du nouveau plan strat\u00e9gique du Kremlin. Ce plan qui comportait une modification majeure par rapport \u00e0 celui [&hellip;]","og_url":"https:\/\/aassdn.org\/amicale\/1981-le-26eme-congres-du-parti-communiste-et-les-evenements-de-pologne-par-michel-garder\/","og_site_name":"AASSDN | Anciens et Amis des Services Sp\u00e9ciaux","article_published_time":"2021-10-29T08:00:16+00:00","article_modified_time":"2024-03-02T14:23:02+00:00","author":"AASSDN","twitter_card":"summary_large_image","twitter_misc":{"\u00c9crit par":"AASSDN","Dur\u00e9e de lecture estim\u00e9e":"18 minutes"},"schema":{"@context":"https:\/\/schema.org","@graph":[{"@type":"Article","@id":"https:\/\/aassdn.org\/amicale\/1981-le-26eme-congres-du-parti-communiste-et-les-evenements-de-pologne-par-michel-garder\/#article","isPartOf":{"@id":"https:\/\/aassdn.org\/amicale\/1981-le-26eme-congres-du-parti-communiste-et-les-evenements-de-pologne-par-michel-garder\/"},"author":{"name":"AASSDN","@id":"https:\/\/aassdn.org\/amicale\/#\/schema\/person\/73800712a272e6d58a10a86ea9e59671"},"headline":"1981 : le 26eme Congr\u00e8s du parti communiste et les \u00e9v\u00e9nements de Pologne par Michel Garder","datePublished":"2021-10-29T08:00:16+00:00","dateModified":"2024-03-02T14:23:02+00:00","mainEntityOfPage":{"@id":"https:\/\/aassdn.org\/amicale\/1981-le-26eme-congres-du-parti-communiste-et-les-evenements-de-pologne-par-michel-garder\/"},"wordCount":3749,"publisher":{"@id":"https:\/\/aassdn.org\/amicale\/#organization"},"keywords":["Congr\u00e8s","d\u00e9barquement","S\u00e9curit\u00e9 militaire","URSS"],"articleSection":["Europe de l'Est","Europe de l'Ouest","Extraits de bulletin","G\u00e9opolitique","Guerre froide (1945-1989)","Services allemands"],"inLanguage":"fr-FR"},{"@type":"WebPage","@id":"https:\/\/aassdn.org\/amicale\/1981-le-26eme-congres-du-parti-communiste-et-les-evenements-de-pologne-par-michel-garder\/","url":"https:\/\/aassdn.org\/amicale\/1981-le-26eme-congres-du-parti-communiste-et-les-evenements-de-pologne-par-michel-garder\/","name":"1981 : le 26eme Congr\u00e8s du parti communiste et les \u00e9v\u00e9nements de Pologne par Michel Garder | AASSDN | Anciens et Amis des Services Sp\u00e9ciaux","isPartOf":{"@id":"https:\/\/aassdn.org\/amicale\/#website"},"datePublished":"2021-10-29T08:00:16+00:00","dateModified":"2024-03-02T14:23:02+00:00","breadcrumb":{"@id":"https:\/\/aassdn.org\/amicale\/1981-le-26eme-congres-du-parti-communiste-et-les-evenements-de-pologne-par-michel-garder\/#breadcrumb"},"inLanguage":"fr-FR","potentialAction":[{"@type":"ReadAction","target":["https:\/\/aassdn.org\/amicale\/1981-le-26eme-congres-du-parti-communiste-et-les-evenements-de-pologne-par-michel-garder\/"]}]},{"@type":"BreadcrumbList","@id":"https:\/\/aassdn.org\/amicale\/1981-le-26eme-congres-du-parti-communiste-et-les-evenements-de-pologne-par-michel-garder\/#breadcrumb","itemListElement":[{"@type":"ListItem","position":1,"name":"Accueil","item":"https:\/\/aassdn.org\/amicale\/"},{"@type":"ListItem","position":2,"name":"1981 : le 26eme Congr\u00e8s du parti communiste et les \u00e9v\u00e9nements de Pologne par Michel Garder"}]},{"@type":"WebSite","@id":"https:\/\/aassdn.org\/amicale\/#website","url":"https:\/\/aassdn.org\/amicale\/","name":"AASSDN | Anciens et Amis des Services Sp\u00e9ciaux","description":"Services sp\u00e9ciaux : Des h\u00e9ros anonymes au service exclusif de la France","publisher":{"@id":"https:\/\/aassdn.org\/amicale\/#organization"},"potentialAction":[{"@type":"SearchAction","target":{"@type":"EntryPoint","urlTemplate":"https:\/\/aassdn.org\/amicale\/?s={search_term_string}"},"query-input":{"@type":"PropertyValueSpecification","valueRequired":true,"valueName":"search_term_string"}}],"inLanguage":"fr-FR"},{"@type":"Organization","@id":"https:\/\/aassdn.org\/amicale\/#organization","name":"AASSDN | Anciens et Amis des Services Sp\u00e9ciaux","url":"https:\/\/aassdn.org\/amicale\/","logo":{"@type":"ImageObject","inLanguage":"fr-FR","@id":"https:\/\/aassdn.org\/amicale\/#\/schema\/logo\/image\/","url":"https:\/\/aassdn.org\/amicale\/wp-content\/uploads\/Logo_AASSDN_transparent2.png","contentUrl":"https:\/\/aassdn.org\/amicale\/wp-content\/uploads\/Logo_AASSDN_transparent2.png","width":1832,"height":1609,"caption":"AASSDN | Anciens et Amis des Services Sp\u00e9ciaux"},"image":{"@id":"https:\/\/aassdn.org\/amicale\/#\/schema\/logo\/image\/"}},{"@type":"Person","@id":"https:\/\/aassdn.org\/amicale\/#\/schema\/person\/73800712a272e6d58a10a86ea9e59671","name":"AASSDN","image":{"@type":"ImageObject","inLanguage":"fr-FR","@id":"https:\/\/secure.gravatar.com\/avatar\/9653808d17788562e72d77e426d8d02775774239aefd00a9b4e852423d8e9d7e?s=96&d=mm&r=g","url":"https:\/\/secure.gravatar.com\/avatar\/9653808d17788562e72d77e426d8d02775774239aefd00a9b4e852423d8e9d7e?s=96&d=mm&r=g","contentUrl":"https:\/\/secure.gravatar.com\/avatar\/9653808d17788562e72d77e426d8d02775774239aefd00a9b4e852423d8e9d7e?s=96&d=mm&r=g","caption":"AASSDN"},"sameAs":["https:\/\/aassdn.org\/amicale"],"url":"https:\/\/aassdn.org\/amicale\/author\/wordpress\/"}]}},"_links":{"self":[{"href":"https:\/\/aassdn.org\/amicale\/wp-json\/wp\/v2\/posts\/2366","targetHints":{"allow":["GET"]}}],"collection":[{"href":"https:\/\/aassdn.org\/amicale\/wp-json\/wp\/v2\/posts"}],"about":[{"href":"https:\/\/aassdn.org\/amicale\/wp-json\/wp\/v2\/types\/post"}],"author":[{"embeddable":true,"href":"https:\/\/aassdn.org\/amicale\/wp-json\/wp\/v2\/users\/1"}],"replies":[{"embeddable":true,"href":"https:\/\/aassdn.org\/amicale\/wp-json\/wp\/v2\/comments?post=2366"}],"version-history":[{"count":0,"href":"https:\/\/aassdn.org\/amicale\/wp-json\/wp\/v2\/posts\/2366\/revisions"}],"wp:attachment":[{"href":"https:\/\/aassdn.org\/amicale\/wp-json\/wp\/v2\/media?parent=2366"}],"wp:term":[{"taxonomy":"category","embeddable":true,"href":"https:\/\/aassdn.org\/amicale\/wp-json\/wp\/v2\/categories?post=2366"},{"taxonomy":"post_tag","embeddable":true,"href":"https:\/\/aassdn.org\/amicale\/wp-json\/wp\/v2\/tags?post=2366"}],"curies":[{"name":"wp","href":"https:\/\/api.w.org\/{rel}","templated":true}]}}