{"id":2362,"date":"2021-10-29T10:00:16","date_gmt":"2021-10-29T08:00:16","guid":{"rendered":"https:\/\/aassdn.org\/amicale\/colonel-michel-garder-lapres-yalta\/"},"modified":"2021-11-02T14:15:13","modified_gmt":"2021-11-02T13:15:13","slug":"colonel-michel-garder-lapres-yalta","status":"publish","type":"post","link":"https:\/\/aassdn.org\/amicale\/colonel-michel-garder-lapres-yalta\/","title":{"rendered":"Colonel Michel Garder : L&#8217;apr\u00e8s Yalta"},"content":{"rendered":"<p class=\"Style28 Style29 Style30\" align=\"justify\">Il y a quarante ans se tenait \u00e0 Livadia &#8211; et non \u00e0 Yalta &#8211; une Conf\u00e9rence des vainqueurs potentiels de la Deuxi\u00e8me Guerre Mondiale qui s&#8217;achevait. En quarante ans, tant de choses inexactes ont \u00e9t\u00e9 dites en Occident, et plus sp\u00e9cialement en France, \u00e0 propos de cette Conf\u00e9rence, que l&#8217;on pouvait penser que la v\u00e9rit\u00e9 ne serait jamais r\u00e9tablie. Or, curieusement en ce mois de f\u00e9vrier 1985, un louable effort de mise au point s&#8217;est effectu\u00e9 un peu partout, du moins dans les pays occidentaux. Notons en particulier que la plupart des publications fran\u00e7aises n&#8217;ont plus repris les mythes d&#8217;un partage du monde entre superpuissances complices, ni de la gen\u00e8se de la \u00ab politique des blocs \u00bb. Toutefois, nulle part nous n&#8217;avons lu l&#8217;essentiel, \u00e0 savoir qu&#8217;il s&#8217;\u00e9tait agi d&#8217;un malentendu fondamental entre les participants. Pour Franklin Roosevelt et Winston Churchill cette Conf\u00e9rence ouvrait la phase pr\u00e9paratoire \u00e0 la fin de la guerre. Pour Joseph Staline on en \u00e9tait d\u00e9j\u00e0 au prologue d&#8217;un nouveau conflit. Le Pr\u00e9sident am\u00e9ricain et le Premier britannique voyaient dans le G\u00e9n\u00e9ralissime sovi\u00e9tique un alli\u00e9 avec lequel ils devaient pr\u00e9parer une paix juste et durable. Le chef du Communisme mondial, lui, consid\u00e9rait ses interlocuteurs en ennemis qu&#8217;il y avait lieu de tromper en vue de l&#8217;affrontement global qui allait suivre.<\/p>\n<p class=\"Style28 Style29 Style30\" align=\"justify\">Ainsi le nouveau conflit mondial devait-il d\u00e9buter avant m\u00eame que ne f\u00fbt termin\u00e9 le pr\u00e9c\u00e9dent. Mieux : quarante ans apr\u00e8s, dans ce m\u00eame camp occidental, on en est encore \u00e0 chercher, faute d&#8217;en comprendre la nature exacte, des formules l\u00e9nifiantes pour qualifier cette confrontation inexpiable qui lui est impos\u00e9e par l&#8217;Empire l\u00e9nino-marxiste. Nombreux sont d&#8217;ailleurs les historiens et les sp\u00e9cialistes qualifi\u00e9s qui s&#8217;imaginent qu&#8217;en f\u00e9vrier 1945 Staline lui-m\u00eame n&#8217;avait pas encore des id\u00e9es tr\u00e8s nettes quant \u00e0 l&#8217;apr\u00e8s-guerre.<\/p>\n<p class=\"Style28 Style29 Style30\" align=\"justify\">\u00a0<\/p>\n<p class=\"Style28 Style29 Style30\" align=\"justify\">Cette m\u00e9connaissance totale de la nature r\u00e9elle des dirigeants communistes en g\u00e9n\u00e9ral et de leur prototype Staline en particulier, de leur vision du monde et de la Strat\u00e9gie Totale qu&#8217;ils mettent en oeuvre pour infl\u00e9chir l&#8217;histoire dans un sens qu&#8217;ils ont eux-m\u00eames d\u00e9fini, est \u00e0 l&#8217;origine de tous nos d\u00e9boires et de nos d\u00e9ceptions.<\/p>\n<p class=\"Style28 Style29 Style30\" align=\"justify\">\u00a0<\/p>\n<p class=\"Style28 Style29 Style30\" align=\"justify\">Amorc\u00e9 en 1945 en Crim\u00e9e, le troisi\u00e8me conflit mondial va d\u00e9buter pratiquement en juillet de la m\u00eame ann\u00e9e \u00e0 Postdam o\u00f9 Staline trouvera en la personne de Truman un adversaire autrement coriace que Roosevelt. C&#8217;est ce m\u00eame Truman qui prendra la d\u00e9cision un mois plus tard d&#8217;utiliser l&#8217;arme nucl\u00e9aire contre le Japon, ce qui aura pour effet de limiter l&#8217;importance de l&#8217;intervention sovi\u00e9tique en Extr\u00eame-Orient, et surtout de placer le Kremlin en position de faiblesse.<\/p>\n<p class=\"Style28 Style29 Style30\" align=\"justify\">\u00a0<\/p>\n<p class=\"Style28 Style29 Style30\" align=\"justify\">D\u00e8s lors, nous allons assister \u00e0 un affrontement confus dans lequel la course aux armements prendra d&#8217;ann\u00e9e en ann\u00e9e une importance croissante. Finalement, apr\u00e8s la mort de Staline, ses successeurs et en particulier Khrouchtchev vont commettre une s\u00e9rie d&#8217;erreurs et s&#8217;ali\u00e9ner la Chine Communiste.<\/p>\n<p class=\"Style28 Style29 Style30\" align=\"justify\">\u00a0<\/p>\n<p class=\"Style28 Style29 Style30\" align=\"justify\">C&#8217;est ainsi qu&#8217;en 1963 &#8211; au lendemain de la crise de Cuba, on passera du troisi\u00e8me au quatri\u00e8me conflit mondial opposant la Chine et une partie des nationalismes r\u00e9volutionnaires du Tiers Monde \u00e0 une coalition \u00ab de facto \u00bb dans laquelle L&#8217;Alliance Occidentale et l&#8217;Empire Sovi\u00e9tique se trouveront englob\u00e9s. Nous serons alors &#8211; et ce d&#8217;une fa\u00e7on encore plus dangereuse qu&#8217;\u00e0 Cuba, au bord d&#8217;une guerre g\u00e9n\u00e9rale, l&#8217;Union Sovi\u00e9tique envisageant, en 1969, une attaque brusqu\u00e9e contre la Chine. Le Pr\u00e9sident Nixon tentera alors de clarifier la situation et y parviendra presque, mais sa chute politique ram\u00e8nera le chaos ant\u00e9rieur.<\/p>\n<p class=\"Style28 Style29 Style30\" align=\"justify\">\u00a0<\/p>\n<p class=\"Style28 Style29 Style30\" align=\"justify\">En fin de compte l&#8217;accord sino-nippon d&#8217;ao\u00fbt 1978 constituera le d\u00e9but du cinqui\u00e8me conflit mondial (dans lequel nous sommes encore actuellement) opposant l&#8217;Empire Sovi\u00e9tique \u00e0 une coalition \u00ab de facto \u00bb comprenant l&#8217;Alliance Occidentale et le bin\u00f4me sino-nippon. Vue de Moscou, il faut dire qu&#8217;il s&#8217;agit d&#8217;une inqui\u00e9tante tenaille dont les deux branches &#8211; asiatique et europ\u00e9enne, ne sont que des t\u00eates de pont des \u00c9tats-unis mena\u00e7ant l&#8217;Empire Sovi\u00e9tique.<\/p>\n<p class=\"Style28 Style29 Style30\" align=\"justify\">\u00a0<\/p>\n<p class=\"Style28 Style29 Style30\" align=\"justify\">Avec les projets am\u00e9ricains de D\u00e9fense spatiale et de la sup\u00e9riorit\u00e9 des \u00c9tats-unis r\u00e9tablie dans tous les domaines ; avec d&#8217;autre part la perspective d&#8217;un renforcement spectaculaire du bin\u00f4me sino-nippon d&#8217;ici le d\u00e9but du troisi\u00e8me mill\u00e9naire, la vision scientifique de l&#8217;avenir se trouve passablement assombrie pour les dirigeants sovi\u00e9tiques.<\/p>\n<p class=\"Style28 Style29 Style30\" align=\"justify\">\u00a0<\/p>\n<p class=\"Style28 Style29 Style30\" align=\"justify\">Ce n&#8217;est certainement pas une telle issue que le g\u00e9nial \u00ab p\u00e8re des peuples \u00bb entrevoyait au Palais de Livadia lors de sa rencontre avec ses \u00ab futurs adversaires \u00bb. L\u00e0 aussi on peut parler du \u00ab Malentendu de Yalta !\u00bb<\/p>\n<p><!-- InstanceEndEditable --><\/p>\n<p>\u00a0<\/p>\n<p class=\"Style6\" align=\"justify\">\u00a0<\/p>\n<div class=\"pdfprnt-buttons pdfprnt-buttons-post pdfprnt-bottom-right\"><a href=\"https:\/\/aassdn.org\/amicale\/wp-json\/wp\/v2\/posts\/2362?print=pdf\" class=\"pdfprnt-button pdfprnt-button-pdf\" target=\"_blank\" ><img decoding=\"async\" data-src=\"https:\/\/aassdn.org\/amicale\/wp-content\/plugins\/pdf-print\/images\/pdf.png\" alt=\"image_pdf\" title=\"Afficher le PDF\" src=\"data:image\/svg+xml;base64,PHN2ZyB3aWR0aD0iMSIgaGVpZ2h0PSIxIiB4bWxucz0iaHR0cDovL3d3dy53My5vcmcvMjAwMC9zdmciPjwvc3ZnPg==\" class=\"lazyload\" style=\"--smush-placeholder-width: 32px; --smush-placeholder-aspect-ratio: 32\/32;\" \/><\/a><a href=\"https:\/\/aassdn.org\/amicale\/wp-json\/wp\/v2\/posts\/2362?print=print\" class=\"pdfprnt-button pdfprnt-button-print\" target=\"_blank\" ><\/a><\/div>","protected":false},"excerpt":{"rendered":"<p>Il y a quarante ans se tenait \u00e0 Livadia &#8211; et non \u00e0 Yalta &#8211; une Conf\u00e9rence des vainqueurs potentiels de la Deuxi\u00e8me Guerre Mondiale qui s&#8217;achevait. En quarante ans, tant de choses inexactes ont \u00e9t\u00e9 dites en Occident, et plus sp\u00e9cialement en France, \u00e0 propos de cette Conf\u00e9rence, que l&#8217;on pouvait penser que la [&hellip;]<\/p>\n","protected":false},"author":1,"featured_media":0,"comment_status":"open","ping_status":"open","sticky":false,"template":"","format":"standard","meta":{"_acf_changed":false,"footnotes":""},"categories":[84,79,107,104],"tags":[242,213],"class_list":["post-2362","post","type-post","status-publish","format-standard","hentry","category-1945-1954","category-extraits-de-bulletin","category-geopolitique","category-1945-1989-guerre-froide","tag-churchill","tag-urss"],"acf":[],"yoast_head":"<!-- This site is optimized with the Yoast SEO plugin v27.4 - https:\/\/yoast.com\/product\/yoast-seo-wordpress\/ -->\n<title>Colonel Michel Garder : L&#039;apr\u00e8s Yalta | AASSDN | Anciens et Amis des Services Sp\u00e9ciaux<\/title>\n<meta name=\"robots\" content=\"index, follow, max-snippet:-1, max-image-preview:large, max-video-preview:-1\" \/>\n<link rel=\"canonical\" href=\"https:\/\/aassdn.org\/amicale\/colonel-michel-garder-lapres-yalta\/\" \/>\n<meta property=\"og:locale\" content=\"fr_FR\" \/>\n<meta property=\"og:type\" content=\"article\" \/>\n<meta property=\"og:title\" content=\"Colonel Michel Garder : L&#039;apr\u00e8s Yalta | AASSDN | Anciens et Amis des Services Sp\u00e9ciaux\" \/>\n<meta property=\"og:description\" content=\"Il y a quarante ans se tenait \u00e0 Livadia &#8211; et non \u00e0 Yalta &#8211; une Conf\u00e9rence des vainqueurs potentiels de la Deuxi\u00e8me Guerre Mondiale qui s&#8217;achevait. En quarante ans, tant de choses inexactes ont \u00e9t\u00e9 dites en Occident, et plus sp\u00e9cialement en France, \u00e0 propos de cette Conf\u00e9rence, que l&#8217;on pouvait penser que la [&hellip;]\" \/>\n<meta property=\"og:url\" content=\"https:\/\/aassdn.org\/amicale\/colonel-michel-garder-lapres-yalta\/\" \/>\n<meta property=\"og:site_name\" content=\"AASSDN | Anciens et Amis des Services Sp\u00e9ciaux\" \/>\n<meta property=\"article:published_time\" content=\"2021-10-29T08:00:16+00:00\" \/>\n<meta property=\"article:modified_time\" content=\"2021-11-02T13:15:13+00:00\" \/>\n<meta name=\"author\" content=\"AASSDN\" \/>\n<meta name=\"twitter:card\" content=\"summary_large_image\" \/>\n<meta name=\"twitter:label1\" content=\"\u00c9crit par\" \/>\n\t<meta name=\"twitter:data1\" content=\"AASSDN\" \/>\n\t<meta name=\"twitter:label2\" content=\"Dur\u00e9e de lecture estim\u00e9e\" \/>\n\t<meta name=\"twitter:data2\" content=\"4 minutes\" \/>\n<script type=\"application\/ld+json\" class=\"yoast-schema-graph\">{\"@context\":\"https:\\\/\\\/schema.org\",\"@graph\":[{\"@type\":\"Article\",\"@id\":\"https:\\\/\\\/aassdn.org\\\/amicale\\\/colonel-michel-garder-lapres-yalta\\\/#article\",\"isPartOf\":{\"@id\":\"https:\\\/\\\/aassdn.org\\\/amicale\\\/colonel-michel-garder-lapres-yalta\\\/\"},\"author\":{\"name\":\"AASSDN\",\"@id\":\"https:\\\/\\\/aassdn.org\\\/amicale\\\/#\\\/schema\\\/person\\\/73800712a272e6d58a10a86ea9e59671\"},\"headline\":\"Colonel Michel Garder : L&#8217;apr\u00e8s Yalta\",\"datePublished\":\"2021-10-29T08:00:16+00:00\",\"dateModified\":\"2021-11-02T13:15:13+00:00\",\"mainEntityOfPage\":{\"@id\":\"https:\\\/\\\/aassdn.org\\\/amicale\\\/colonel-michel-garder-lapres-yalta\\\/\"},\"wordCount\":847,\"commentCount\":0,\"publisher\":{\"@id\":\"https:\\\/\\\/aassdn.org\\\/amicale\\\/#organization\"},\"keywords\":[\"Churchill\",\"URSS\"],\"articleSection\":[\"1945-1954\",\"Extraits de bulletin\",\"G\u00e9opolitique\",\"Guerre froide (1945-1989)\"],\"inLanguage\":\"fr-FR\",\"potentialAction\":[{\"@type\":\"CommentAction\",\"name\":\"Comment\",\"target\":[\"https:\\\/\\\/aassdn.org\\\/amicale\\\/colonel-michel-garder-lapres-yalta\\\/#respond\"]}]},{\"@type\":\"WebPage\",\"@id\":\"https:\\\/\\\/aassdn.org\\\/amicale\\\/colonel-michel-garder-lapres-yalta\\\/\",\"url\":\"https:\\\/\\\/aassdn.org\\\/amicale\\\/colonel-michel-garder-lapres-yalta\\\/\",\"name\":\"Colonel Michel Garder : L'apr\u00e8s Yalta | AASSDN | Anciens et Amis des Services Sp\u00e9ciaux\",\"isPartOf\":{\"@id\":\"https:\\\/\\\/aassdn.org\\\/amicale\\\/#website\"},\"datePublished\":\"2021-10-29T08:00:16+00:00\",\"dateModified\":\"2021-11-02T13:15:13+00:00\",\"breadcrumb\":{\"@id\":\"https:\\\/\\\/aassdn.org\\\/amicale\\\/colonel-michel-garder-lapres-yalta\\\/#breadcrumb\"},\"inLanguage\":\"fr-FR\",\"potentialAction\":[{\"@type\":\"ReadAction\",\"target\":[\"https:\\\/\\\/aassdn.org\\\/amicale\\\/colonel-michel-garder-lapres-yalta\\\/\"]}]},{\"@type\":\"BreadcrumbList\",\"@id\":\"https:\\\/\\\/aassdn.org\\\/amicale\\\/colonel-michel-garder-lapres-yalta\\\/#breadcrumb\",\"itemListElement\":[{\"@type\":\"ListItem\",\"position\":1,\"name\":\"Accueil\",\"item\":\"https:\\\/\\\/aassdn.org\\\/amicale\\\/\"},{\"@type\":\"ListItem\",\"position\":2,\"name\":\"Colonel Michel Garder : L&#8217;apr\u00e8s Yalta\"}]},{\"@type\":\"WebSite\",\"@id\":\"https:\\\/\\\/aassdn.org\\\/amicale\\\/#website\",\"url\":\"https:\\\/\\\/aassdn.org\\\/amicale\\\/\",\"name\":\"AASSDN | Anciens et Amis des Services Sp\u00e9ciaux\",\"description\":\"Services sp\u00e9ciaux : Des h\u00e9ros anonymes au service exclusif de la France\",\"publisher\":{\"@id\":\"https:\\\/\\\/aassdn.org\\\/amicale\\\/#organization\"},\"potentialAction\":[{\"@type\":\"SearchAction\",\"target\":{\"@type\":\"EntryPoint\",\"urlTemplate\":\"https:\\\/\\\/aassdn.org\\\/amicale\\\/?s={search_term_string}\"},\"query-input\":{\"@type\":\"PropertyValueSpecification\",\"valueRequired\":true,\"valueName\":\"search_term_string\"}}],\"inLanguage\":\"fr-FR\"},{\"@type\":\"Organization\",\"@id\":\"https:\\\/\\\/aassdn.org\\\/amicale\\\/#organization\",\"name\":\"AASSDN | Anciens et Amis des Services Sp\u00e9ciaux\",\"url\":\"https:\\\/\\\/aassdn.org\\\/amicale\\\/\",\"logo\":{\"@type\":\"ImageObject\",\"inLanguage\":\"fr-FR\",\"@id\":\"https:\\\/\\\/aassdn.org\\\/amicale\\\/#\\\/schema\\\/logo\\\/image\\\/\",\"url\":\"https:\\\/\\\/aassdn.org\\\/amicale\\\/wp-content\\\/uploads\\\/Logo_AASSDN_transparent2.png\",\"contentUrl\":\"https:\\\/\\\/aassdn.org\\\/amicale\\\/wp-content\\\/uploads\\\/Logo_AASSDN_transparent2.png\",\"width\":1832,\"height\":1609,\"caption\":\"AASSDN | Anciens et Amis des Services Sp\u00e9ciaux\"},\"image\":{\"@id\":\"https:\\\/\\\/aassdn.org\\\/amicale\\\/#\\\/schema\\\/logo\\\/image\\\/\"}},{\"@type\":\"Person\",\"@id\":\"https:\\\/\\\/aassdn.org\\\/amicale\\\/#\\\/schema\\\/person\\\/73800712a272e6d58a10a86ea9e59671\",\"name\":\"AASSDN\",\"image\":{\"@type\":\"ImageObject\",\"inLanguage\":\"fr-FR\",\"@id\":\"https:\\\/\\\/secure.gravatar.com\\\/avatar\\\/9653808d17788562e72d77e426d8d02775774239aefd00a9b4e852423d8e9d7e?s=96&d=mm&r=g\",\"url\":\"https:\\\/\\\/secure.gravatar.com\\\/avatar\\\/9653808d17788562e72d77e426d8d02775774239aefd00a9b4e852423d8e9d7e?s=96&d=mm&r=g\",\"contentUrl\":\"https:\\\/\\\/secure.gravatar.com\\\/avatar\\\/9653808d17788562e72d77e426d8d02775774239aefd00a9b4e852423d8e9d7e?s=96&d=mm&r=g\",\"caption\":\"AASSDN\"},\"sameAs\":[\"https:\\\/\\\/aassdn.org\\\/amicale\"],\"url\":\"https:\\\/\\\/aassdn.org\\\/amicale\\\/author\\\/wordpress\\\/\"}]}<\/script>\n<!-- \/ Yoast SEO plugin. -->","yoast_head_json":{"title":"Colonel Michel Garder : L'apr\u00e8s Yalta | AASSDN | Anciens et Amis des Services Sp\u00e9ciaux","robots":{"index":"index","follow":"follow","max-snippet":"max-snippet:-1","max-image-preview":"max-image-preview:large","max-video-preview":"max-video-preview:-1"},"canonical":"https:\/\/aassdn.org\/amicale\/colonel-michel-garder-lapres-yalta\/","og_locale":"fr_FR","og_type":"article","og_title":"Colonel Michel Garder : L'apr\u00e8s Yalta | AASSDN | Anciens et Amis des Services Sp\u00e9ciaux","og_description":"Il y a quarante ans se tenait \u00e0 Livadia &#8211; et non \u00e0 Yalta &#8211; une Conf\u00e9rence des vainqueurs potentiels de la Deuxi\u00e8me Guerre Mondiale qui s&#8217;achevait. En quarante ans, tant de choses inexactes ont \u00e9t\u00e9 dites en Occident, et plus sp\u00e9cialement en France, \u00e0 propos de cette Conf\u00e9rence, que l&#8217;on pouvait penser que la [&hellip;]","og_url":"https:\/\/aassdn.org\/amicale\/colonel-michel-garder-lapres-yalta\/","og_site_name":"AASSDN | Anciens et Amis des Services Sp\u00e9ciaux","article_published_time":"2021-10-29T08:00:16+00:00","article_modified_time":"2021-11-02T13:15:13+00:00","author":"AASSDN","twitter_card":"summary_large_image","twitter_misc":{"\u00c9crit par":"AASSDN","Dur\u00e9e de lecture estim\u00e9e":"4 minutes"},"schema":{"@context":"https:\/\/schema.org","@graph":[{"@type":"Article","@id":"https:\/\/aassdn.org\/amicale\/colonel-michel-garder-lapres-yalta\/#article","isPartOf":{"@id":"https:\/\/aassdn.org\/amicale\/colonel-michel-garder-lapres-yalta\/"},"author":{"name":"AASSDN","@id":"https:\/\/aassdn.org\/amicale\/#\/schema\/person\/73800712a272e6d58a10a86ea9e59671"},"headline":"Colonel Michel Garder : L&#8217;apr\u00e8s Yalta","datePublished":"2021-10-29T08:00:16+00:00","dateModified":"2021-11-02T13:15:13+00:00","mainEntityOfPage":{"@id":"https:\/\/aassdn.org\/amicale\/colonel-michel-garder-lapres-yalta\/"},"wordCount":847,"commentCount":0,"publisher":{"@id":"https:\/\/aassdn.org\/amicale\/#organization"},"keywords":["Churchill","URSS"],"articleSection":["1945-1954","Extraits de bulletin","G\u00e9opolitique","Guerre froide (1945-1989)"],"inLanguage":"fr-FR","potentialAction":[{"@type":"CommentAction","name":"Comment","target":["https:\/\/aassdn.org\/amicale\/colonel-michel-garder-lapres-yalta\/#respond"]}]},{"@type":"WebPage","@id":"https:\/\/aassdn.org\/amicale\/colonel-michel-garder-lapres-yalta\/","url":"https:\/\/aassdn.org\/amicale\/colonel-michel-garder-lapres-yalta\/","name":"Colonel Michel Garder : L'apr\u00e8s Yalta | AASSDN | Anciens et Amis des Services Sp\u00e9ciaux","isPartOf":{"@id":"https:\/\/aassdn.org\/amicale\/#website"},"datePublished":"2021-10-29T08:00:16+00:00","dateModified":"2021-11-02T13:15:13+00:00","breadcrumb":{"@id":"https:\/\/aassdn.org\/amicale\/colonel-michel-garder-lapres-yalta\/#breadcrumb"},"inLanguage":"fr-FR","potentialAction":[{"@type":"ReadAction","target":["https:\/\/aassdn.org\/amicale\/colonel-michel-garder-lapres-yalta\/"]}]},{"@type":"BreadcrumbList","@id":"https:\/\/aassdn.org\/amicale\/colonel-michel-garder-lapres-yalta\/#breadcrumb","itemListElement":[{"@type":"ListItem","position":1,"name":"Accueil","item":"https:\/\/aassdn.org\/amicale\/"},{"@type":"ListItem","position":2,"name":"Colonel Michel Garder : L&#8217;apr\u00e8s Yalta"}]},{"@type":"WebSite","@id":"https:\/\/aassdn.org\/amicale\/#website","url":"https:\/\/aassdn.org\/amicale\/","name":"AASSDN | Anciens et Amis des Services Sp\u00e9ciaux","description":"Services sp\u00e9ciaux : Des h\u00e9ros anonymes au service exclusif de la France","publisher":{"@id":"https:\/\/aassdn.org\/amicale\/#organization"},"potentialAction":[{"@type":"SearchAction","target":{"@type":"EntryPoint","urlTemplate":"https:\/\/aassdn.org\/amicale\/?s={search_term_string}"},"query-input":{"@type":"PropertyValueSpecification","valueRequired":true,"valueName":"search_term_string"}}],"inLanguage":"fr-FR"},{"@type":"Organization","@id":"https:\/\/aassdn.org\/amicale\/#organization","name":"AASSDN | Anciens et Amis des Services Sp\u00e9ciaux","url":"https:\/\/aassdn.org\/amicale\/","logo":{"@type":"ImageObject","inLanguage":"fr-FR","@id":"https:\/\/aassdn.org\/amicale\/#\/schema\/logo\/image\/","url":"https:\/\/aassdn.org\/amicale\/wp-content\/uploads\/Logo_AASSDN_transparent2.png","contentUrl":"https:\/\/aassdn.org\/amicale\/wp-content\/uploads\/Logo_AASSDN_transparent2.png","width":1832,"height":1609,"caption":"AASSDN | Anciens et Amis des Services Sp\u00e9ciaux"},"image":{"@id":"https:\/\/aassdn.org\/amicale\/#\/schema\/logo\/image\/"}},{"@type":"Person","@id":"https:\/\/aassdn.org\/amicale\/#\/schema\/person\/73800712a272e6d58a10a86ea9e59671","name":"AASSDN","image":{"@type":"ImageObject","inLanguage":"fr-FR","@id":"https:\/\/secure.gravatar.com\/avatar\/9653808d17788562e72d77e426d8d02775774239aefd00a9b4e852423d8e9d7e?s=96&d=mm&r=g","url":"https:\/\/secure.gravatar.com\/avatar\/9653808d17788562e72d77e426d8d02775774239aefd00a9b4e852423d8e9d7e?s=96&d=mm&r=g","contentUrl":"https:\/\/secure.gravatar.com\/avatar\/9653808d17788562e72d77e426d8d02775774239aefd00a9b4e852423d8e9d7e?s=96&d=mm&r=g","caption":"AASSDN"},"sameAs":["https:\/\/aassdn.org\/amicale"],"url":"https:\/\/aassdn.org\/amicale\/author\/wordpress\/"}]}},"_links":{"self":[{"href":"https:\/\/aassdn.org\/amicale\/wp-json\/wp\/v2\/posts\/2362","targetHints":{"allow":["GET"]}}],"collection":[{"href":"https:\/\/aassdn.org\/amicale\/wp-json\/wp\/v2\/posts"}],"about":[{"href":"https:\/\/aassdn.org\/amicale\/wp-json\/wp\/v2\/types\/post"}],"author":[{"embeddable":true,"href":"https:\/\/aassdn.org\/amicale\/wp-json\/wp\/v2\/users\/1"}],"replies":[{"embeddable":true,"href":"https:\/\/aassdn.org\/amicale\/wp-json\/wp\/v2\/comments?post=2362"}],"version-history":[{"count":0,"href":"https:\/\/aassdn.org\/amicale\/wp-json\/wp\/v2\/posts\/2362\/revisions"}],"wp:attachment":[{"href":"https:\/\/aassdn.org\/amicale\/wp-json\/wp\/v2\/media?parent=2362"}],"wp:term":[{"taxonomy":"category","embeddable":true,"href":"https:\/\/aassdn.org\/amicale\/wp-json\/wp\/v2\/categories?post=2362"},{"taxonomy":"post_tag","embeddable":true,"href":"https:\/\/aassdn.org\/amicale\/wp-json\/wp\/v2\/tags?post=2362"}],"curies":[{"name":"wp","href":"https:\/\/api.w.org\/{rel}","templated":true}]}}