{"id":2325,"date":"2021-10-29T10:00:11","date_gmt":"2021-10-29T08:00:11","guid":{"rendered":"https:\/\/aassdn.org\/amicale\/henri-giraud-levasion-dun-general-darmee\/"},"modified":"2024-03-02T15:23:05","modified_gmt":"2024-03-02T14:23:05","slug":"henri-giraud-levasion-dun-general-darmee","status":"publish","type":"post","link":"https:\/\/aassdn.org\/amicale\/henri-giraud-levasion-dun-general-darmee\/","title":{"rendered":"Henri Giraud : l&#8217;\u00e9vasion d&#8217;un g\u00e9n\u00e9ral d&#8217;arm\u00e9e"},"content":{"rendered":"<p><img decoding=\"async\" data-src=\"https:\/\/www.aassdn.org\/site\/images\/General_Giraud.jpg\" border=\"0\" width=\"189\" height=\"229\" style=\"--smush-placeholder-width: 189px; --smush-placeholder-aspect-ratio: 189\/229;float: right; margin: 10px 25px;\" src=\"data:image\/svg+xml;base64,PHN2ZyB3aWR0aD0iMSIgaGVpZ2h0PSIxIiB4bWxucz0iaHR0cDovL3d3dy53My5vcmcvMjAwMC9zdmciPjwvc3ZnPg==\" class=\"lazyload\" \/>Sorti de Saint-Cyr en juillet 1900, jeune capitaine au 4\u00e8me r\u00e9giment de zouaves, il est bless\u00e9 d&#8217;une balle au poumon et laiss\u00e9 pour mort sur le champ de bataille de Guise, le 30 ao\u00fbt 1914. Fait prisonnier par les Allemands, il s&#8217;\u00e9vade le 30 octobre 1914 de l&#8217;h\u00f4pital d&#8217;Origny-Sainte-Beno\u00eete.<\/p>\n<p>Il rejoint le Maroc, pour de grandes victoires. Dar-Ca\u00efd-Medboh contre Abd-el-Krim, alors que Lieutenant-colonel il commande le14\u00e8me Tirailleurs Marocains, celle du Djebel-Sagho, sa prise du Tafilalet, sa liaison d&#8217;une sensationnelle t\u00e9m\u00e9rit\u00e9, avec les forces du Soudan, au milieu du d\u00e9sert \u00e0 Bir-Moghrein, alors qu&#8217;il est G\u00e9n\u00e9ral.<br \/>Toutes ces victoires remport\u00e9es de sa propre initiative, et parfois en dehors m\u00eame des ordres du commandement, pr\u00e9figurent longtemps \u00e0 l&#8217;avance le Giraud qu&#8217;il sera en 1942, le Giraud d&#8217;Alger.<\/p>\n<p>Le pr\u00e9figure aussi son attitude cassante et d\u00e9sinvolte \u00e0 l&#8217;\u00e9gard de certains membres du Gouvernement en la trouble ann\u00e9e de 1936, alors qu&#8217;il est Commandant de la sixi\u00e8me r\u00e9gion Militaire et gouverneur de Metz. Il s&#8217;en faut de peu que sa carri\u00e8re ne soit brusquement interrompue. Mais il est si populaire parmi la troupe, que l&#8217;on h\u00e9site et puis la Guerre de 1939, menace.<\/p>\n<p>En mai 1940, aux fronti\u00e8res de Hollande, il est \u00e0 la t\u00eate de la VII Arm\u00e9e. Un haut commandement ayant perdu tout sang froid, tout esprit de manoeuvre, lui enl\u00e8ve par une succession d&#8217;ordres imp\u00e9ratifs ses meilleures divisions, pour lui confier les d\u00e9bris de la IX arm\u00e9e. Le 19 mai 1940, il est fait prisonnier par les Allemands. Le 17 avril 1942, il s&#8217;\u00e9vadera de K\u00f6nigstein (Elbe). Le 8 novembre 1942, les Am\u00e9ricains d\u00e9barquent au Maroc et en Alg\u00e9rie. Giraud pr\u00e9venu, a \u00e9t\u00e9 sollicit\u00e9 par eux pour prendre le commandement des op\u00e9rations \u00e0 la t\u00eate de l&#8217;arm\u00e9e d&#8217;Afrique, qu&#8217;il relancera dans la guerre aux cot\u00e9s des Alli\u00e9s, afin de rendre \u00e0 la France sa place de grande puissance et la d\u00e9livrer de l&#8217;oppression ennemie. Il a accept\u00e9.<\/p>\n<p>Le 24 d\u00e9cembre 1942, muni de tous les pouvoirs, il va pleinement s&#8217;accomplir. Giraud inspire confiance, \u00e0 son appel beaucoup de r\u00e9servistes fran\u00e7ais et indig\u00e8nes ont remis le sac au dos. Tr\u00e8s rapidement, il aura avec lui pr\u00e9s de 350.000 hommes de cette Arm\u00e9e d&#8217;Afrique, sauvegard\u00e9e par la clairvoyance du G\u00e9n\u00e9ral Weygand.<br \/>C&#8217;est lui, qui pr\u00e9pare les plans de la bataille de Tunisie et conduit \u00e0 l&#8217;\u00e9crasement de l&#8217;Afrika-Corps de Rommel \u00e0 Tunis et \u00e0 Bizerte. Avec l&#8217;appui mat\u00e9riel de nos alli\u00e9s am\u00e9ricains, il fera de cette arm\u00e9e d&#8217;Afrique, une arm\u00e9e moderne un outil de premier ordre, dont la pointe d&#8217;acier ira p\u00e9n\u00e9trer comme un doigt vengeur jusqu&#8217;au coeur de l&#8217;Allemagne. C&#8217;est lui, avec le G\u00e9n\u00e9ral Juin, qui met sur pied l&#8217;organisation de l&#8217;immortelle campagne d&#8217;Italie, qui allait donner aux Fran\u00e7ais la gloire d&#8217;enfoncer l&#8217;ennemi sur le Garigliano pour s&#8217;en aller d\u00e9filer dans Rome lib\u00e9r\u00e9.<\/p>\n<p>Le 24 janvier 1943, les accords d&#8217;Anfa concr\u00e9tisent les accords Murphy-Giraud du 2 novembre 1942:<\/p>\n<ul>\n<li>Armement de 11 Divisions fran\u00e7aises.<\/li>\n<li>Parit\u00e9 du franc et du dollar.<\/li>\n<li>Loi pr\u00eat-bail.<\/li>\n<li>Souverainet\u00e9 des territoires administr\u00e9s par la France.<\/li>\n<\/ul>\n<p>Fort de son soutien des militaires et malgr\u00e9 les conseils de collaborateur vigilants, Giraud invitera le G\u00e9n\u00e9ral de Gaulle \u00e0 venir partager ses pouvoirs avec lui, \u00e0 Alger. Les deux hommes ne pourront s&#8217;entendre. Voulant passionn\u00e9ment l&#8217;union de tous les Fran\u00e7ais, le G\u00e9n\u00e9ral ne peut admettre la s\u00e9paration de Londres et d&#8217;Alger. Il dira &#8220;Je ne veux pas donner le spectacle de deux G\u00e9n\u00e9raux fran\u00e7ais se disputant entre eux, alors que leur pays agonise sous la botte allemande&#8221;.<br \/>Juillet 1943. Voyage en Am\u00e9rique. Le Pr\u00e9sident Roosevelt octroie la totalit\u00e9 du mat\u00e9riel que le G\u00e9n\u00e9ral Giraud r\u00e9clame pour l&#8217;arm\u00e9e fran\u00e7aise.<br \/>C&#8217;est aussi lui, chef incontest\u00e9, qui prend la d\u00e9cision du d\u00e9barquement en Corse, offrant aux fran\u00e7ais leur premier d\u00e9partement lib\u00e9r\u00e9, et mettant \u00e0 la disposition de nos Alli\u00e9s un magnifique porte-avions \u00e0 proximit\u00e9 des c\u00f4tes de Provence.<\/p>\n<p>La lib\u00e9ration de la Corse, initiative individuelle, en accord avec les Alli\u00e9s, sera \u00e0 l&#8217;origine du remaniement du CFLN. Ordonnance et d\u00e9cret rapidement adopt\u00e9s \u00e0 la majorit\u00e9, d\u00e9termineront la s\u00e9paration du pouvoir du Gouvernement (commissariat) et de l&#8217;autorit\u00e9 de commandement. Le G\u00e9n\u00e9ral Giraud restera Commandant en chef sous les ordres du commissaire \u00e0 la D\u00e9fense Nationale. L&#8217;exploitation calomnieuse de l&#8217;<strong>affaire Pierre Pucheu<\/strong>, viendra \u00e0 point pour pr\u00e9cipiter l&#8217;\u00e9viction du G\u00e9n\u00e9ral du commandement des Arm\u00e9es. Il se verra proposer par le CFLN, le poste Honorifique, d&#8217;Inspecteur G\u00e9n\u00e9ral des Arm\u00e9es.<\/p>\n<p>Le 17 avril 1944, peu enclin aux intrigues, Giraud, fid\u00e8le \u00e0 sa volont\u00e9 d&#8217;union, refusant le poste propos\u00e9, se laissera \u00e9carter, puis \u00e9vinc\u00e9 du Gouvernement. Le 21 avril 1944, son avion quittera ce m\u00eame jour Boufarik, pour l&#8217;emmener en exil &#8220;Volontaire&#8221; dans le village de Mazagran situ\u00e9 \u00e0 deux kilom\u00e8tres \u00e0 l&#8217;ouest de Mostaganem. Le 28 ao\u00fbt 1944, \u00e0 18 h45, une balle frappe le G\u00e9n\u00e9ral Giraud sous le maxillaire gauche pour ressortir sous le m\u00e9dullaire. Le G\u00e9n\u00e9ral est bless\u00e9 mais vivant. Version officielle: Attentat caus\u00e9 par un tirailleur s\u00e9n\u00e9galais ivre. Le meurtrier sera condamn\u00e9 \u00e0 mort \u00e0 Oran au d\u00e9but de 1945.<\/p>\n<p>L&#8217;homme qui a pr\u00e9par\u00e9 le d\u00e9barquement am\u00e9ricain en Afrique, qui a lib\u00e9r\u00e9 la Tunisie, la Corse, qui a contribu\u00e9 \u00e0 organiser l&#8217;arm\u00e9e fran\u00e7aise de la Lib\u00e9ration qui devait s&#8217;illustrer dans les campagnes d&#8217;Italie, de France et d&#8217;Allemagne, s&#8217;est \u00e9teint \u00e0 l&#8217;H\u00f4pital militaire de Dijon le 11 mars 1949. Quelques jours avant, il avait re\u00e7u la veille la m\u00e9daille militaire, la plus haute distinction pour un officier G\u00e9n\u00e9ral. Ainsi disparaissait \u00e0 70 ans ce grand soldat qui, par sa bravoure, son audace, son courage indomptable et son patriotisme, incarnait les plus nobles vertus militaires, celui qui s&#8217;interdisait et interdisait aux siens de se r\u00e9signer \u00e0 la d\u00e9faite, celui que la France reconnut comme l&#8217;une des gloires les plus pures de son arm\u00e9e et \u00e0 qui il fera des obs\u00e8ques nationales. Le G\u00e9n\u00e9ral Henri Giraud, repose avec les autres grands capitaines de notre Histoire, dans la crypte de la Chapelle Saint-Louis des Invalides.<\/p>\n<p><strong>En savoir plus sur le G\u00e9n\u00e9ral Henri Giraud :<\/strong><\/p>\n<ul>\n<li><a href=\"jdownloads\/JCP\/Giraud\/3-evasion.pdf\" target=\"_blank\" rel=\"noopener\">L&#8217;\u00e9vasion du G\u00e9n\u00e9ral Giraud de K\u00f6nigstein<\/a><\/li>\n<\/ul>\n<ul>\n<li><a href=\"jdownloads\/JCP\/Giraud\/5-clandestinite.pdf\" target=\"_blank\" rel=\"noopener\">Henri Giraud : entr\u00e9e en clandestinit\u00e9<\/a><\/li>\n<\/ul>\n<ul>\n<li><a href=\"jdownloads\/JCP\/Giraud\/4-fin-partie-allemande.pdf\" target=\"_blank\" rel=\"noopener\">Giraud : Fin de la partie allemande<\/a><\/li>\n<\/ul>\n<p><em>De J.C. Petermann, d&#8217;apr\u00e8s des notes du G\u00e9n\u00e9ral Chambe et de &#8220;Un seul But la Victoire&#8221; H Giraud &#8211; Julliard 1949<\/em><\/p>\n<div class=\"pdfprnt-buttons pdfprnt-buttons-post pdfprnt-bottom-right\"><a href=\"https:\/\/aassdn.org\/amicale\/wp-json\/wp\/v2\/posts\/2325?print=pdf\" class=\"pdfprnt-button pdfprnt-button-pdf\" target=\"_blank\" ><img decoding=\"async\" data-src=\"https:\/\/aassdn.org\/amicale\/wp-content\/plugins\/pdf-print\/images\/pdf.png\" alt=\"image_pdf\" title=\"Afficher le PDF\" src=\"data:image\/svg+xml;base64,PHN2ZyB3aWR0aD0iMSIgaGVpZ2h0PSIxIiB4bWxucz0iaHR0cDovL3d3dy53My5vcmcvMjAwMC9zdmciPjwvc3ZnPg==\" class=\"lazyload\" style=\"--smush-placeholder-width: 32px; --smush-placeholder-aspect-ratio: 32\/32;\" \/><\/a><a href=\"https:\/\/aassdn.org\/amicale\/wp-json\/wp\/v2\/posts\/2325?print=print\" class=\"pdfprnt-button pdfprnt-button-print\" target=\"_blank\" ><\/a><\/div>","protected":false},"excerpt":{"rendered":"<p>Sorti de Saint-Cyr en juillet 1900, jeune capitaine au 4\u00e8me r\u00e9giment de zouaves, il est bless\u00e9 d&#8217;une balle au poumon et laiss\u00e9 pour mort sur le champ de bataille de Guise, le 30 ao\u00fbt 1914. Fait prisonnier par les Allemands, il s&#8217;\u00e9vade le 30 octobre 1914 de l&#8217;h\u00f4pital d&#8217;Origny-Sainte-Beno\u00eete. Il rejoint le Maroc, pour de [&hellip;]<\/p>\n","protected":false},"author":1,"featured_media":0,"comment_status":"closed","ping_status":"open","sticky":false,"template":"","format":"standard","meta":{"_acf_changed":false,"footnotes":""},"categories":[77,94,114,110,88,99,78],"tags":[264,206,241],"class_list":["post-2325","post","type-post","status-publish","format-standard","hentry","category-1940-1942","category-1942-1945","category-europe-de-louest","category-henri-giraud","category-livres-et-publications","category-services-allemands","category-services-francais","tag-algerie","tag-debarquement","tag-general-de-gaulle"],"acf":[],"yoast_head":"<!-- This site is optimized with the Yoast SEO plugin v27.4 - https:\/\/yoast.com\/product\/yoast-seo-wordpress\/ -->\n<title>Henri Giraud : l&#039;\u00e9vasion d&#039;un g\u00e9n\u00e9ral d&#039;arm\u00e9e | AASSDN | Anciens et Amis des Services Sp\u00e9ciaux<\/title>\n<meta name=\"robots\" content=\"index, follow, max-snippet:-1, max-image-preview:large, max-video-preview:-1\" \/>\n<link rel=\"canonical\" href=\"https:\/\/aassdn.org\/amicale\/henri-giraud-levasion-dun-general-darmee\/\" \/>\n<meta property=\"og:locale\" content=\"fr_FR\" \/>\n<meta property=\"og:type\" content=\"article\" \/>\n<meta property=\"og:title\" content=\"Henri Giraud : l&#039;\u00e9vasion d&#039;un g\u00e9n\u00e9ral d&#039;arm\u00e9e | AASSDN | Anciens et Amis des Services Sp\u00e9ciaux\" \/>\n<meta property=\"og:description\" content=\"Sorti de Saint-Cyr en juillet 1900, jeune capitaine au 4\u00e8me r\u00e9giment de zouaves, il est bless\u00e9 d&#8217;une balle au poumon et laiss\u00e9 pour mort sur le champ de bataille de Guise, le 30 ao\u00fbt 1914. Fait prisonnier par les Allemands, il s&#8217;\u00e9vade le 30 octobre 1914 de l&#8217;h\u00f4pital d&#8217;Origny-Sainte-Beno\u00eete. Il rejoint le Maroc, pour de [&hellip;]\" \/>\n<meta property=\"og:url\" content=\"https:\/\/aassdn.org\/amicale\/henri-giraud-levasion-dun-general-darmee\/\" \/>\n<meta property=\"og:site_name\" content=\"AASSDN | Anciens et Amis des Services Sp\u00e9ciaux\" \/>\n<meta property=\"article:published_time\" content=\"2021-10-29T08:00:11+00:00\" \/>\n<meta property=\"article:modified_time\" content=\"2024-03-02T14:23:05+00:00\" \/>\n<meta property=\"og:image\" content=\"https:\/\/www.aassdn.org\/site\/images\/General_Giraud.jpg\" \/>\n<meta name=\"author\" content=\"AASSDN\" \/>\n<meta name=\"twitter:card\" content=\"summary_large_image\" \/>\n<meta name=\"twitter:label1\" content=\"\u00c9crit par\" \/>\n\t<meta name=\"twitter:data1\" content=\"AASSDN\" \/>\n\t<meta name=\"twitter:label2\" content=\"Dur\u00e9e de lecture estim\u00e9e\" \/>\n\t<meta name=\"twitter:data2\" content=\"6 minutes\" \/>\n<script type=\"application\/ld+json\" class=\"yoast-schema-graph\">{\"@context\":\"https:\\\/\\\/schema.org\",\"@graph\":[{\"@type\":\"Article\",\"@id\":\"https:\\\/\\\/aassdn.org\\\/amicale\\\/henri-giraud-levasion-dun-general-darmee\\\/#article\",\"isPartOf\":{\"@id\":\"https:\\\/\\\/aassdn.org\\\/amicale\\\/henri-giraud-levasion-dun-general-darmee\\\/\"},\"author\":{\"name\":\"AASSDN\",\"@id\":\"https:\\\/\\\/aassdn.org\\\/amicale\\\/#\\\/schema\\\/person\\\/73800712a272e6d58a10a86ea9e59671\"},\"headline\":\"Henri Giraud : l&#8217;\u00e9vasion d&#8217;un g\u00e9n\u00e9ral d&#8217;arm\u00e9e\",\"datePublished\":\"2021-10-29T08:00:11+00:00\",\"dateModified\":\"2024-03-02T14:23:05+00:00\",\"mainEntityOfPage\":{\"@id\":\"https:\\\/\\\/aassdn.org\\\/amicale\\\/henri-giraud-levasion-dun-general-darmee\\\/\"},\"wordCount\":1176,\"publisher\":{\"@id\":\"https:\\\/\\\/aassdn.org\\\/amicale\\\/#organization\"},\"image\":{\"@id\":\"https:\\\/\\\/aassdn.org\\\/amicale\\\/henri-giraud-levasion-dun-general-darmee\\\/#primaryimage\"},\"thumbnailUrl\":\"https:\\\/\\\/www.aassdn.org\\\/site\\\/images\\\/General_Giraud.jpg\",\"keywords\":[\"Alg\u00e9rie\",\"d\u00e9barquement\",\"G\u00e9n\u00e9ral De Gaulle\"],\"articleSection\":[\"1940-1942\",\"1942-1945\",\"Europe de l'Ouest\",\"Henri Giraud\",\"Livres et publications\",\"Services allemands\",\"Services fran\u00e7ais\"],\"inLanguage\":\"fr-FR\"},{\"@type\":\"WebPage\",\"@id\":\"https:\\\/\\\/aassdn.org\\\/amicale\\\/henri-giraud-levasion-dun-general-darmee\\\/\",\"url\":\"https:\\\/\\\/aassdn.org\\\/amicale\\\/henri-giraud-levasion-dun-general-darmee\\\/\",\"name\":\"Henri Giraud : l'\u00e9vasion d'un g\u00e9n\u00e9ral d'arm\u00e9e | AASSDN | Anciens et Amis des Services Sp\u00e9ciaux\",\"isPartOf\":{\"@id\":\"https:\\\/\\\/aassdn.org\\\/amicale\\\/#website\"},\"primaryImageOfPage\":{\"@id\":\"https:\\\/\\\/aassdn.org\\\/amicale\\\/henri-giraud-levasion-dun-general-darmee\\\/#primaryimage\"},\"image\":{\"@id\":\"https:\\\/\\\/aassdn.org\\\/amicale\\\/henri-giraud-levasion-dun-general-darmee\\\/#primaryimage\"},\"thumbnailUrl\":\"https:\\\/\\\/www.aassdn.org\\\/site\\\/images\\\/General_Giraud.jpg\",\"datePublished\":\"2021-10-29T08:00:11+00:00\",\"dateModified\":\"2024-03-02T14:23:05+00:00\",\"breadcrumb\":{\"@id\":\"https:\\\/\\\/aassdn.org\\\/amicale\\\/henri-giraud-levasion-dun-general-darmee\\\/#breadcrumb\"},\"inLanguage\":\"fr-FR\",\"potentialAction\":[{\"@type\":\"ReadAction\",\"target\":[\"https:\\\/\\\/aassdn.org\\\/amicale\\\/henri-giraud-levasion-dun-general-darmee\\\/\"]}]},{\"@type\":\"ImageObject\",\"inLanguage\":\"fr-FR\",\"@id\":\"https:\\\/\\\/aassdn.org\\\/amicale\\\/henri-giraud-levasion-dun-general-darmee\\\/#primaryimage\",\"url\":\"https:\\\/\\\/www.aassdn.org\\\/site\\\/images\\\/General_Giraud.jpg\",\"contentUrl\":\"https:\\\/\\\/www.aassdn.org\\\/site\\\/images\\\/General_Giraud.jpg\"},{\"@type\":\"BreadcrumbList\",\"@id\":\"https:\\\/\\\/aassdn.org\\\/amicale\\\/henri-giraud-levasion-dun-general-darmee\\\/#breadcrumb\",\"itemListElement\":[{\"@type\":\"ListItem\",\"position\":1,\"name\":\"Accueil\",\"item\":\"https:\\\/\\\/aassdn.org\\\/amicale\\\/\"},{\"@type\":\"ListItem\",\"position\":2,\"name\":\"Henri Giraud : l&#8217;\u00e9vasion d&#8217;un g\u00e9n\u00e9ral d&#8217;arm\u00e9e\"}]},{\"@type\":\"WebSite\",\"@id\":\"https:\\\/\\\/aassdn.org\\\/amicale\\\/#website\",\"url\":\"https:\\\/\\\/aassdn.org\\\/amicale\\\/\",\"name\":\"AASSDN | Anciens et Amis des Services Sp\u00e9ciaux\",\"description\":\"Services sp\u00e9ciaux : Des h\u00e9ros anonymes au service exclusif de la France\",\"publisher\":{\"@id\":\"https:\\\/\\\/aassdn.org\\\/amicale\\\/#organization\"},\"potentialAction\":[{\"@type\":\"SearchAction\",\"target\":{\"@type\":\"EntryPoint\",\"urlTemplate\":\"https:\\\/\\\/aassdn.org\\\/amicale\\\/?s={search_term_string}\"},\"query-input\":{\"@type\":\"PropertyValueSpecification\",\"valueRequired\":true,\"valueName\":\"search_term_string\"}}],\"inLanguage\":\"fr-FR\"},{\"@type\":\"Organization\",\"@id\":\"https:\\\/\\\/aassdn.org\\\/amicale\\\/#organization\",\"name\":\"AASSDN | Anciens et Amis des Services Sp\u00e9ciaux\",\"url\":\"https:\\\/\\\/aassdn.org\\\/amicale\\\/\",\"logo\":{\"@type\":\"ImageObject\",\"inLanguage\":\"fr-FR\",\"@id\":\"https:\\\/\\\/aassdn.org\\\/amicale\\\/#\\\/schema\\\/logo\\\/image\\\/\",\"url\":\"https:\\\/\\\/aassdn.org\\\/amicale\\\/wp-content\\\/uploads\\\/Logo_AASSDN_transparent2.png\",\"contentUrl\":\"https:\\\/\\\/aassdn.org\\\/amicale\\\/wp-content\\\/uploads\\\/Logo_AASSDN_transparent2.png\",\"width\":1832,\"height\":1609,\"caption\":\"AASSDN | Anciens et Amis des Services Sp\u00e9ciaux\"},\"image\":{\"@id\":\"https:\\\/\\\/aassdn.org\\\/amicale\\\/#\\\/schema\\\/logo\\\/image\\\/\"}},{\"@type\":\"Person\",\"@id\":\"https:\\\/\\\/aassdn.org\\\/amicale\\\/#\\\/schema\\\/person\\\/73800712a272e6d58a10a86ea9e59671\",\"name\":\"AASSDN\",\"image\":{\"@type\":\"ImageObject\",\"inLanguage\":\"fr-FR\",\"@id\":\"https:\\\/\\\/secure.gravatar.com\\\/avatar\\\/9653808d17788562e72d77e426d8d02775774239aefd00a9b4e852423d8e9d7e?s=96&d=mm&r=g\",\"url\":\"https:\\\/\\\/secure.gravatar.com\\\/avatar\\\/9653808d17788562e72d77e426d8d02775774239aefd00a9b4e852423d8e9d7e?s=96&d=mm&r=g\",\"contentUrl\":\"https:\\\/\\\/secure.gravatar.com\\\/avatar\\\/9653808d17788562e72d77e426d8d02775774239aefd00a9b4e852423d8e9d7e?s=96&d=mm&r=g\",\"caption\":\"AASSDN\"},\"sameAs\":[\"https:\\\/\\\/aassdn.org\\\/amicale\"],\"url\":\"https:\\\/\\\/aassdn.org\\\/amicale\\\/author\\\/wordpress\\\/\"}]}<\/script>\n<!-- \/ Yoast SEO plugin. -->","yoast_head_json":{"title":"Henri Giraud : l'\u00e9vasion d'un g\u00e9n\u00e9ral d'arm\u00e9e | AASSDN | Anciens et Amis des Services Sp\u00e9ciaux","robots":{"index":"index","follow":"follow","max-snippet":"max-snippet:-1","max-image-preview":"max-image-preview:large","max-video-preview":"max-video-preview:-1"},"canonical":"https:\/\/aassdn.org\/amicale\/henri-giraud-levasion-dun-general-darmee\/","og_locale":"fr_FR","og_type":"article","og_title":"Henri Giraud : l'\u00e9vasion d'un g\u00e9n\u00e9ral d'arm\u00e9e | AASSDN | Anciens et Amis des Services Sp\u00e9ciaux","og_description":"Sorti de Saint-Cyr en juillet 1900, jeune capitaine au 4\u00e8me r\u00e9giment de zouaves, il est bless\u00e9 d&#8217;une balle au poumon et laiss\u00e9 pour mort sur le champ de bataille de Guise, le 30 ao\u00fbt 1914. Fait prisonnier par les Allemands, il s&#8217;\u00e9vade le 30 octobre 1914 de l&#8217;h\u00f4pital d&#8217;Origny-Sainte-Beno\u00eete. Il rejoint le Maroc, pour de [&hellip;]","og_url":"https:\/\/aassdn.org\/amicale\/henri-giraud-levasion-dun-general-darmee\/","og_site_name":"AASSDN | Anciens et Amis des Services Sp\u00e9ciaux","article_published_time":"2021-10-29T08:00:11+00:00","article_modified_time":"2024-03-02T14:23:05+00:00","og_image":[{"url":"https:\/\/www.aassdn.org\/site\/images\/General_Giraud.jpg","type":"","width":"","height":""}],"author":"AASSDN","twitter_card":"summary_large_image","twitter_misc":{"\u00c9crit par":"AASSDN","Dur\u00e9e de lecture estim\u00e9e":"6 minutes"},"schema":{"@context":"https:\/\/schema.org","@graph":[{"@type":"Article","@id":"https:\/\/aassdn.org\/amicale\/henri-giraud-levasion-dun-general-darmee\/#article","isPartOf":{"@id":"https:\/\/aassdn.org\/amicale\/henri-giraud-levasion-dun-general-darmee\/"},"author":{"name":"AASSDN","@id":"https:\/\/aassdn.org\/amicale\/#\/schema\/person\/73800712a272e6d58a10a86ea9e59671"},"headline":"Henri Giraud : l&#8217;\u00e9vasion d&#8217;un g\u00e9n\u00e9ral d&#8217;arm\u00e9e","datePublished":"2021-10-29T08:00:11+00:00","dateModified":"2024-03-02T14:23:05+00:00","mainEntityOfPage":{"@id":"https:\/\/aassdn.org\/amicale\/henri-giraud-levasion-dun-general-darmee\/"},"wordCount":1176,"publisher":{"@id":"https:\/\/aassdn.org\/amicale\/#organization"},"image":{"@id":"https:\/\/aassdn.org\/amicale\/henri-giraud-levasion-dun-general-darmee\/#primaryimage"},"thumbnailUrl":"https:\/\/www.aassdn.org\/site\/images\/General_Giraud.jpg","keywords":["Alg\u00e9rie","d\u00e9barquement","G\u00e9n\u00e9ral De Gaulle"],"articleSection":["1940-1942","1942-1945","Europe de l'Ouest","Henri Giraud","Livres et publications","Services allemands","Services fran\u00e7ais"],"inLanguage":"fr-FR"},{"@type":"WebPage","@id":"https:\/\/aassdn.org\/amicale\/henri-giraud-levasion-dun-general-darmee\/","url":"https:\/\/aassdn.org\/amicale\/henri-giraud-levasion-dun-general-darmee\/","name":"Henri Giraud : l'\u00e9vasion d'un g\u00e9n\u00e9ral d'arm\u00e9e | AASSDN | Anciens et Amis des Services Sp\u00e9ciaux","isPartOf":{"@id":"https:\/\/aassdn.org\/amicale\/#website"},"primaryImageOfPage":{"@id":"https:\/\/aassdn.org\/amicale\/henri-giraud-levasion-dun-general-darmee\/#primaryimage"},"image":{"@id":"https:\/\/aassdn.org\/amicale\/henri-giraud-levasion-dun-general-darmee\/#primaryimage"},"thumbnailUrl":"https:\/\/www.aassdn.org\/site\/images\/General_Giraud.jpg","datePublished":"2021-10-29T08:00:11+00:00","dateModified":"2024-03-02T14:23:05+00:00","breadcrumb":{"@id":"https:\/\/aassdn.org\/amicale\/henri-giraud-levasion-dun-general-darmee\/#breadcrumb"},"inLanguage":"fr-FR","potentialAction":[{"@type":"ReadAction","target":["https:\/\/aassdn.org\/amicale\/henri-giraud-levasion-dun-general-darmee\/"]}]},{"@type":"ImageObject","inLanguage":"fr-FR","@id":"https:\/\/aassdn.org\/amicale\/henri-giraud-levasion-dun-general-darmee\/#primaryimage","url":"https:\/\/www.aassdn.org\/site\/images\/General_Giraud.jpg","contentUrl":"https:\/\/www.aassdn.org\/site\/images\/General_Giraud.jpg"},{"@type":"BreadcrumbList","@id":"https:\/\/aassdn.org\/amicale\/henri-giraud-levasion-dun-general-darmee\/#breadcrumb","itemListElement":[{"@type":"ListItem","position":1,"name":"Accueil","item":"https:\/\/aassdn.org\/amicale\/"},{"@type":"ListItem","position":2,"name":"Henri Giraud : l&#8217;\u00e9vasion d&#8217;un g\u00e9n\u00e9ral d&#8217;arm\u00e9e"}]},{"@type":"WebSite","@id":"https:\/\/aassdn.org\/amicale\/#website","url":"https:\/\/aassdn.org\/amicale\/","name":"AASSDN | Anciens et Amis des Services Sp\u00e9ciaux","description":"Services sp\u00e9ciaux : Des h\u00e9ros anonymes au service exclusif de la France","publisher":{"@id":"https:\/\/aassdn.org\/amicale\/#organization"},"potentialAction":[{"@type":"SearchAction","target":{"@type":"EntryPoint","urlTemplate":"https:\/\/aassdn.org\/amicale\/?s={search_term_string}"},"query-input":{"@type":"PropertyValueSpecification","valueRequired":true,"valueName":"search_term_string"}}],"inLanguage":"fr-FR"},{"@type":"Organization","@id":"https:\/\/aassdn.org\/amicale\/#organization","name":"AASSDN | Anciens et Amis des Services Sp\u00e9ciaux","url":"https:\/\/aassdn.org\/amicale\/","logo":{"@type":"ImageObject","inLanguage":"fr-FR","@id":"https:\/\/aassdn.org\/amicale\/#\/schema\/logo\/image\/","url":"https:\/\/aassdn.org\/amicale\/wp-content\/uploads\/Logo_AASSDN_transparent2.png","contentUrl":"https:\/\/aassdn.org\/amicale\/wp-content\/uploads\/Logo_AASSDN_transparent2.png","width":1832,"height":1609,"caption":"AASSDN | Anciens et Amis des Services Sp\u00e9ciaux"},"image":{"@id":"https:\/\/aassdn.org\/amicale\/#\/schema\/logo\/image\/"}},{"@type":"Person","@id":"https:\/\/aassdn.org\/amicale\/#\/schema\/person\/73800712a272e6d58a10a86ea9e59671","name":"AASSDN","image":{"@type":"ImageObject","inLanguage":"fr-FR","@id":"https:\/\/secure.gravatar.com\/avatar\/9653808d17788562e72d77e426d8d02775774239aefd00a9b4e852423d8e9d7e?s=96&d=mm&r=g","url":"https:\/\/secure.gravatar.com\/avatar\/9653808d17788562e72d77e426d8d02775774239aefd00a9b4e852423d8e9d7e?s=96&d=mm&r=g","contentUrl":"https:\/\/secure.gravatar.com\/avatar\/9653808d17788562e72d77e426d8d02775774239aefd00a9b4e852423d8e9d7e?s=96&d=mm&r=g","caption":"AASSDN"},"sameAs":["https:\/\/aassdn.org\/amicale"],"url":"https:\/\/aassdn.org\/amicale\/author\/wordpress\/"}]}},"_links":{"self":[{"href":"https:\/\/aassdn.org\/amicale\/wp-json\/wp\/v2\/posts\/2325","targetHints":{"allow":["GET"]}}],"collection":[{"href":"https:\/\/aassdn.org\/amicale\/wp-json\/wp\/v2\/posts"}],"about":[{"href":"https:\/\/aassdn.org\/amicale\/wp-json\/wp\/v2\/types\/post"}],"author":[{"embeddable":true,"href":"https:\/\/aassdn.org\/amicale\/wp-json\/wp\/v2\/users\/1"}],"replies":[{"embeddable":true,"href":"https:\/\/aassdn.org\/amicale\/wp-json\/wp\/v2\/comments?post=2325"}],"version-history":[{"count":0,"href":"https:\/\/aassdn.org\/amicale\/wp-json\/wp\/v2\/posts\/2325\/revisions"}],"wp:attachment":[{"href":"https:\/\/aassdn.org\/amicale\/wp-json\/wp\/v2\/media?parent=2325"}],"wp:term":[{"taxonomy":"category","embeddable":true,"href":"https:\/\/aassdn.org\/amicale\/wp-json\/wp\/v2\/categories?post=2325"},{"taxonomy":"post_tag","embeddable":true,"href":"https:\/\/aassdn.org\/amicale\/wp-json\/wp\/v2\/tags?post=2325"}],"curies":[{"name":"wp","href":"https:\/\/api.w.org\/{rel}","templated":true}]}}