{"id":2306,"date":"2021-10-29T10:00:09","date_gmt":"2021-10-29T08:00:09","guid":{"rendered":"https:\/\/aassdn.org\/amicale\/memorial-biographies-led-lg-2\/"},"modified":"2024-03-15T14:08:13","modified_gmt":"2024-03-15T13:08:13","slug":"memorial-biographies-led-lg-2","status":"publish","type":"post","link":"https:\/\/aassdn.org\/amicale\/memorial-biographies-led-lg-2\/","title":{"rendered":"Memorial &#8211; biographies Led-Lg"},"content":{"rendered":"<td>\n<p><strong><span><a><\/a>LE DREF<\/span><\/strong><\/p>\n<p><span><strong><span>\u00c9mile, L\u00e9on, Jules<\/span><\/strong><\/span><\/p>\n<p><span>\u00a0<\/span><\/p>\n<p><span>\u00a0<\/span><\/p>\n<div>\n<p><strong><span>N\u00e9 le 3 f\u00e9vrier  1900\u00a0 \u00e0\u00a0  Lorient (Morbihan)<\/span><\/strong><strong><span>\u00a0<\/span><\/strong><strong><span>De Emile, Joseph Le  Dref\u00a0 et de\u00a0 Jeanne, L\u00e9ontine Tr\u00e9lis<\/span><\/strong><strong><span>\u00a0<\/span><\/strong><strong><span>\u00c9pouse: Yvonne&#8230;<\/span><\/strong><strong><span>\u00a0<\/span><\/strong><strong><span>Profession: employ\u00e9 de  la S.N.C.F.<\/span><\/strong><strong><span>\u00a0<\/span><\/strong><strong><span>D\u00e9c\u00e9d\u00e9 le 15 mars 1945  \u00e0 Oranienburg (Allemangne)<\/span><\/strong><strong><span>\u00a0<\/span><\/strong><\/p>\n<p><strong><span>R\u00e9seaux: S.S.M.F.\/T.R.,  S.R. Kl\u00e9ber (Poste P2), Hector, R\u00e9sistance fer, D.G.E.R.<\/span><\/strong><strong><span>Agent P2<\/span><\/strong><\/p>\n<\/div>\n<p><span>\u00a0<\/span><\/p>\n<p><span>\u00c9mile Le Dref, qui\u00a0 \u00e9tait n\u00e9 dans une caserne (son p\u00e8re \u00e9tait  gendarme maritime), entra \u00e0\u00a0 la S.N.C.F.  en 1924, apr\u00e8s avoir fait la guerre 1914-1918 comme quartier ma\u00eetre armurier,  et devint chef de section principale \u00e0 la gare de Mantes (Seine et Oise). <\/span><\/p>\n<p><span>En juillet 1941, il s&#8217;engage dans la  R\u00e9sistance, agent P1 d&#8217;abord, puis agent P2 en juillet 1942; il est alors agent  de sabotage. C&#8217;est un camarade de Gaston Le M\u00e9tayer*. <\/span><\/p>\n<p><span>Apr\u00e8s un an d&#8217;activit\u00e9, le 9 juillet  1942, il est arr\u00eat\u00e9 dans les bureaux de la S.N.C.F., au cours d&#8217;un coup de  filet qui d\u00e9cime le r\u00e9seau. D&#8217;abord interrog\u00e9 sur place vers 8h30,\u00a0 il est intern\u00e9 \u00e0 Fresnes puis \u00e0  Villeneuve-Saint-Georges.<\/span><\/p>\n<p><span>Jug\u00e9 par le tribunal militaire  allemand de la rue Boissy d&#8217;Anglas \u00e0 Paris, avec notamment Georges Agoutin*,  Andr\u00e9 Gardes*, Louis Cavelier*, Jean-Marie Le Boterff*, Gaston Le M\u00e9tayer* et  Olivier Nicolas*,\u00a0 il est condamn\u00e9 \u00e0  mort le 20 janvier 1943. <\/span><\/p>\n<p><span>Une intervention du directeur g\u00e9n\u00e9ral  de la S.N.C.F. dit: &#8220;Tous les chefs qui l&#8217;ont connu l&#8217;ont qualifi\u00e9 de tr\u00e8s  bon cheminot.(&#8230;) Il a re\u00e7u une lettre de f\u00e9licitation de la Feldkommandantur  de Versailles, accompagn\u00e9e d&#8217;une gratification de 200 F, \u00e0 la suite de la  remise d&#8217;une caisse.&#8221; Celle-ci, recherch\u00e9e \u00e0 la fois par la Feldgendarmerie  et la police fran\u00e7aise, \u00e9tait tomb\u00e9e d&#8217;un train et contenait des fus\u00e9es  \u00e9clairantes.<\/span><\/p>\n<p><span>D&#8217;autres intervenants tentent de  minimiser son action en disant, comme pour Le Boterff, qu&#8217;il ne s&#8217;est  &#8220;jamais signal\u00e9 pour une activit\u00e9 politique subversive&#8221; et qu&#8217;il a  &#8220;vraisemblablement jou\u00e9\u00a0 dans cette  affaire un r\u00f4le assez effac\u00e9 et n&#8217;a pas saisi la gravit\u00e9 de l&#8217;action qu&#8217;il  commettait&#8221;.<\/span><\/p>\n<p><span>Sa peine \u00e9tant commu\u00e9e en  d\u00e9portation, il est envoy\u00e9 successivement \u00e0 Reinbach, Sonnenburg et  Oranienburg. En f\u00e9vrier 1945, il part pour une destination inconnu et d\u00e8s  lors\u00a0 dispara\u00eet. Son fils a treize ans.<\/span><\/p>\n<p><span>D\u00e9clar\u00e9 &#8220;Mort pour la France,  \u00c9mile Le Dref recevra la M\u00e9daille de la R\u00e9sistance<\/span><\/p>\n<p><span>\u00a0<\/span><\/p>\n<div>\n<p><em><span>R\u00e9f\u00e9rences: Archives du Bureau &#8220;R\u00e9sistance&#8221;; Archives  Nationales (dossier F 60 &#8211; 1576);\u00a0 Bulletin  de l&#8217;A.A.S.S.D.N. n\u00b013, p.4; mairie de Lorient<\/span><\/em><\/p>\n<\/div>\n<p><span>.<br \/><\/span><strong><span><a><\/a>LEDUC<\/span><\/strong><\/p>\n<p><span><strong><span>Jean-Marie<\/span><\/strong><\/span><\/p>\n<p><span>\u00a0<\/span><\/p>\n<p><span>\u00a0<\/span><\/p>\n<div>\n<p><strong><span>N\u00e9 le 16 mars 1898\u00a0 \u00e0\u00a0  Taul\u00e9 (Finist\u00e8re)<\/span><\/strong><strong><span>\u00a0<\/span><\/strong><strong><span>de Alain Leduc\u00a0 et de\u00a0  Euphrosine Jourden<\/span><\/strong><strong><span>\u00a0<\/span><\/strong><strong><span>\u00c9pouse: Germaine Calvez<\/span><\/strong><strong><span>\u00a0<\/span><\/strong><strong><span>Profession: exp\u00e9diteur  de l\u00e9gumes<\/span><\/strong><strong><span>\u00a0<\/span><\/strong><strong><span>D\u00e9c\u00e9d\u00e9 le 31 mars  1945\u00a0 \u00e0 Neuengamme (?)<\/span><\/strong><\/p>\n<p><strong><span>\u00a0<\/span><\/strong><strong><span>R\u00e9seau: Turquoise  (Mission Blavet) &#8211; Buck<\/span><\/strong><strong><span>Agent P2<\/span><\/strong><\/p>\n<\/div>\n<p><span>\u00a0<\/spa...\n<\/p>\n<div class=\"pdfprnt-buttons pdfprnt-buttons-post pdfprnt-bottom-right\"><a href=\"https:\/\/aassdn.org\/amicale\/wp-json\/wp\/v2\/posts\/2306?print=pdf\" class=\"pdfprnt-button pdfprnt-button-pdf\" target=\"_blank\" ><img decoding=\"async\" data-src=\"https:\/\/aassdn.org\/amicale\/wp-content\/plugins\/pdf-print\/images\/pdf.png\" alt=\"image_pdf\" title=\"Afficher le PDF\" src=\"data:image\/svg+xml;base64,PHN2ZyB3aWR0aD0iMSIgaGVpZ2h0PSIxIiB4bWxucz0iaHR0cDovL3d3dy53My5vcmcvMjAwMC9zdmciPjwvc3ZnPg==\" class=\"lazyload\" style=\"--smush-placeholder-width: 32px; --smush-placeholder-aspect-ratio: 32\/32;\" \/><\/a><a href=\"https:\/\/aassdn.org\/amicale\/wp-json\/wp\/v2\/posts\/2306?print=print\" class=\"pdfprnt-button pdfprnt-button-print\" target=\"_blank\" ><\/a><\/div>","protected":false},"excerpt":{"rendered":"<p>LE DREF \u00c9mile, L\u00e9on, Jules \u00a0 \u00a0 N\u00e9 le 3 f\u00e9vrier 1900\u00a0 \u00e0\u00a0 Lorient (Morbihan)\u00a0De Emile, Joseph Le Dref\u00a0 et de\u00a0 Jeanne, L\u00e9ontine Tr\u00e9lis\u00a0\u00c9pouse: Yvonne&#8230;\u00a0Profession: employ\u00e9 de la S.N.C.F.\u00a0D\u00e9c\u00e9d\u00e9 le 15 mars 1945 \u00e0 Oranienburg (Allemangne)\u00a0 R\u00e9seaux: S.S.M.F.\/T.R., S.R. Kl\u00e9ber (Poste P2), Hector, R\u00e9sistance fer, D.G.E.R.Agent P2 \u00a0 \u00c9mile Le Dref, qui\u00a0 \u00e9tait n\u00e9 dans [&hellip;]<\/p>\n","protected":false},"author":1,"featured_media":0,"comment_status":"closed","ping_status":"open","sticky":false,"template":"","format":"standard","meta":{"_acf_changed":false,"footnotes":""},"categories":[90,87,91,114,99],"tags":[360,228,456,346,212,324,245,214,309],"class_list":["post-2306","post","type-post","status-publish","format-standard","hentry","category-archives-du-site","category-biographies","category-biographies-v2","category-europe-de-louest","category-services-allemands","tag-allemands","tag-biographies","tag-camarade","tag-guerre","tag-memorial","tag-militaire","tag-reseau-kleber","tag-resistance","tag-sabotage"],"acf":[],"yoast_head":"<!-- This site is optimized with the Yoast SEO plugin v27.4 - https:\/\/yoast.com\/product\/yoast-seo-wordpress\/ -->\n<title>Memorial - biographies Led-Lg | AASSDN | Anciens et Amis des Services Sp\u00e9ciaux<\/title>\n<meta name=\"robots\" content=\"index, follow, max-snippet:-1, max-image-preview:large, max-video-preview:-1\" \/>\n<link rel=\"canonical\" href=\"https:\/\/aassdn.org\/amicale\/memorial-biographies-led-lg-2\/\" \/>\n<meta property=\"og:locale\" content=\"fr_FR\" \/>\n<meta property=\"og:type\" content=\"article\" \/>\n<meta property=\"og:title\" content=\"Memorial - biographies Led-Lg | AASSDN | Anciens et Amis des Services Sp\u00e9ciaux\" \/>\n<meta property=\"og:description\" content=\"LE DREF \u00c9mile, L\u00e9on, Jules \u00a0 \u00a0 N\u00e9 le 3 f\u00e9vrier 1900\u00a0 \u00e0\u00a0 Lorient (Morbihan)\u00a0De Emile, Joseph Le Dref\u00a0 et de\u00a0 Jeanne, L\u00e9ontine Tr\u00e9lis\u00a0\u00c9pouse: Yvonne&#8230;\u00a0Profession: employ\u00e9 de la S.N.C.F.\u00a0D\u00e9c\u00e9d\u00e9 le 15 mars 1945 \u00e0 Oranienburg (Allemangne)\u00a0 R\u00e9seaux: S.S.M.F.\/T.R., S.R. Kl\u00e9ber (Poste P2), Hector, R\u00e9sistance fer, D.G.E.R.Agent P2 \u00a0 \u00c9mile Le Dref, qui\u00a0 \u00e9tait n\u00e9 dans [&hellip;]\" \/>\n<meta property=\"og:url\" content=\"https:\/\/aassdn.org\/amicale\/memorial-biographies-led-lg-2\/\" \/>\n<meta property=\"og:site_name\" content=\"AASSDN | Anciens et Amis des Services Sp\u00e9ciaux\" \/>\n<meta property=\"article:published_time\" content=\"2021-10-29T08:00:09+00:00\" \/>\n<meta property=\"article:modified_time\" content=\"2024-03-15T13:08:13+00:00\" \/>\n<meta name=\"author\" content=\"AASSDN\" \/>\n<meta name=\"twitter:card\" content=\"summary_large_image\" \/>\n<meta name=\"twitter:label1\" content=\"\u00c9crit par\" \/>\n\t<meta name=\"twitter:data1\" content=\"AASSDN\" \/>\n\t<meta name=\"twitter:label2\" content=\"Dur\u00e9e de lecture estim\u00e9e\" \/>\n\t<meta name=\"twitter:data2\" content=\"2 minutes\" \/>\n<script type=\"application\/ld+json\" class=\"yoast-schema-graph\">{\"@context\":\"https:\\\/\\\/schema.org\",\"@graph\":[{\"@type\":\"Article\",\"@id\":\"https:\\\/\\\/aassdn.org\\\/amicale\\\/memorial-biographies-led-lg-2\\\/#article\",\"isPartOf\":{\"@id\":\"https:\\\/\\\/aassdn.org\\\/amicale\\\/memorial-biographies-led-lg-2\\\/\"},\"author\":{\"name\":\"AASSDN\",\"@id\":\"https:\\\/\\\/aassdn.org\\\/amicale\\\/#\\\/schema\\\/person\\\/73800712a272e6d58a10a86ea9e59671\"},\"headline\":\"Memorial &#8211; biographies Led-Lg\",\"datePublished\":\"2021-10-29T08:00:09+00:00\",\"dateModified\":\"2024-03-15T13:08:13+00:00\",\"mainEntityOfPage\":{\"@id\":\"https:\\\/\\\/aassdn.org\\\/amicale\\\/memorial-biographies-led-lg-2\\\/\"},\"wordCount\":488,\"publisher\":{\"@id\":\"https:\\\/\\\/aassdn.org\\\/amicale\\\/#organization\"},\"keywords\":[\"Allemands\",\"biographies\",\"camarade\",\"guerre\",\"M\u00e9morial\",\"militaire\",\"r\u00e9seau Kleber\",\"R\u00e9sistance\",\"sabotage\"],\"articleSection\":[\"Archives du site\",\"Biographies\",\"Biographies memorial\",\"Europe de l'Ouest\",\"Services allemands\"],\"inLanguage\":\"fr-FR\"},{\"@type\":\"WebPage\",\"@id\":\"https:\\\/\\\/aassdn.org\\\/amicale\\\/memorial-biographies-led-lg-2\\\/\",\"url\":\"https:\\\/\\\/aassdn.org\\\/amicale\\\/memorial-biographies-led-lg-2\\\/\",\"name\":\"Memorial - biographies Led-Lg | AASSDN | Anciens et Amis des Services Sp\u00e9ciaux\",\"isPartOf\":{\"@id\":\"https:\\\/\\\/aassdn.org\\\/amicale\\\/#website\"},\"datePublished\":\"2021-10-29T08:00:09+00:00\",\"dateModified\":\"2024-03-15T13:08:13+00:00\",\"breadcrumb\":{\"@id\":\"https:\\\/\\\/aassdn.org\\\/amicale\\\/memorial-biographies-led-lg-2\\\/#breadcrumb\"},\"inLanguage\":\"fr-FR\",\"potentialAction\":[{\"@type\":\"ReadAction\",\"target\":[\"https:\\\/\\\/aassdn.org\\\/amicale\\\/memorial-biographies-led-lg-2\\\/\"]}]},{\"@type\":\"BreadcrumbList\",\"@id\":\"https:\\\/\\\/aassdn.org\\\/amicale\\\/memorial-biographies-led-lg-2\\\/#breadcrumb\",\"itemListElement\":[{\"@type\":\"ListItem\",\"position\":1,\"name\":\"Accueil\",\"item\":\"https:\\\/\\\/aassdn.org\\\/amicale\\\/\"},{\"@type\":\"ListItem\",\"position\":2,\"name\":\"Memorial &#8211; biographies Led-Lg\"}]},{\"@type\":\"WebSite\",\"@id\":\"https:\\\/\\\/aassdn.org\\\/amicale\\\/#website\",\"url\":\"https:\\\/\\\/aassdn.org\\\/amicale\\\/\",\"name\":\"AASSDN | Anciens et Amis des Services Sp\u00e9ciaux\",\"description\":\"Services sp\u00e9ciaux : Des h\u00e9ros anonymes au service exclusif de la France\",\"publisher\":{\"@id\":\"https:\\\/\\\/aassdn.org\\\/amicale\\\/#organization\"},\"potentialAction\":[{\"@type\":\"SearchAction\",\"target\":{\"@type\":\"EntryPoint\",\"urlTemplate\":\"https:\\\/\\\/aassdn.org\\\/amicale\\\/?s={search_term_string}\"},\"query-input\":{\"@type\":\"PropertyValueSpecification\",\"valueRequired\":true,\"valueName\":\"search_term_string\"}}],\"inLanguage\":\"fr-FR\"},{\"@type\":\"Organization\",\"@id\":\"https:\\\/\\\/aassdn.org\\\/amicale\\\/#organization\",\"name\":\"AASSDN | Anciens et Amis des Services Sp\u00e9ciaux\",\"url\":\"https:\\\/\\\/aassdn.org\\\/amicale\\\/\",\"logo\":{\"@type\":\"ImageObject\",\"inLanguage\":\"fr-FR\",\"@id\":\"https:\\\/\\\/aassdn.org\\\/amicale\\\/#\\\/schema\\\/logo\\\/image\\\/\",\"url\":\"https:\\\/\\\/aassdn.org\\\/amicale\\\/wp-content\\\/uploads\\\/Logo_AASSDN_transparent2.png\",\"contentUrl\":\"https:\\\/\\\/aassdn.org\\\/amicale\\\/wp-content\\\/uploads\\\/Logo_AASSDN_transparent2.png\",\"width\":1832,\"height\":1609,\"caption\":\"AASSDN | Anciens et Amis des Services Sp\u00e9ciaux\"},\"image\":{\"@id\":\"https:\\\/\\\/aassdn.org\\\/amicale\\\/#\\\/schema\\\/logo\\\/image\\\/\"}},{\"@type\":\"Person\",\"@id\":\"https:\\\/\\\/aassdn.org\\\/amicale\\\/#\\\/schema\\\/person\\\/73800712a272e6d58a10a86ea9e59671\",\"name\":\"AASSDN\",\"image\":{\"@type\":\"ImageObject\",\"inLanguage\":\"fr-FR\",\"@id\":\"https:\\\/\\\/secure.gravatar.com\\\/avatar\\\/9653808d17788562e72d77e426d8d02775774239aefd00a9b4e852423d8e9d7e?s=96&d=mm&r=g\",\"url\":\"https:\\\/\\\/secure.gravatar.com\\\/avatar\\\/9653808d17788562e72d77e426d8d02775774239aefd00a9b4e852423d8e9d7e?s=96&d=mm&r=g\",\"contentUrl\":\"https:\\\/\\\/secure.gravatar.com\\\/avatar\\\/9653808d17788562e72d77e426d8d02775774239aefd00a9b4e852423d8e9d7e?s=96&d=mm&r=g\",\"caption\":\"AASSDN\"},\"sameAs\":[\"https:\\\/\\\/aassdn.org\\\/amicale\"],\"url\":\"https:\\\/\\\/aassdn.org\\\/amicale\\\/author\\\/wordpress\\\/\"}]}<\/script>\n<!-- \/ Yoast SEO plugin. -->","yoast_head_json":{"title":"Memorial - biographies Led-Lg | AASSDN | Anciens et Amis des Services Sp\u00e9ciaux","robots":{"index":"index","follow":"follow","max-snippet":"max-snippet:-1","max-image-preview":"max-image-preview:large","max-video-preview":"max-video-preview:-1"},"canonical":"https:\/\/aassdn.org\/amicale\/memorial-biographies-led-lg-2\/","og_locale":"fr_FR","og_type":"article","og_title":"Memorial - biographies Led-Lg | AASSDN | Anciens et Amis des Services Sp\u00e9ciaux","og_description":"LE DREF \u00c9mile, L\u00e9on, Jules \u00a0 \u00a0 N\u00e9 le 3 f\u00e9vrier 1900\u00a0 \u00e0\u00a0 Lorient (Morbihan)\u00a0De Emile, Joseph Le Dref\u00a0 et de\u00a0 Jeanne, L\u00e9ontine Tr\u00e9lis\u00a0\u00c9pouse: Yvonne&#8230;\u00a0Profession: employ\u00e9 de la S.N.C.F.\u00a0D\u00e9c\u00e9d\u00e9 le 15 mars 1945 \u00e0 Oranienburg (Allemangne)\u00a0 R\u00e9seaux: S.S.M.F.\/T.R., S.R. Kl\u00e9ber (Poste P2), Hector, R\u00e9sistance fer, D.G.E.R.Agent P2 \u00a0 \u00c9mile Le Dref, qui\u00a0 \u00e9tait n\u00e9 dans [&hellip;]","og_url":"https:\/\/aassdn.org\/amicale\/memorial-biographies-led-lg-2\/","og_site_name":"AASSDN | Anciens et Amis des Services Sp\u00e9ciaux","article_published_time":"2021-10-29T08:00:09+00:00","article_modified_time":"2024-03-15T13:08:13+00:00","author":"AASSDN","twitter_card":"summary_large_image","twitter_misc":{"\u00c9crit par":"AASSDN","Dur\u00e9e de lecture estim\u00e9e":"2 minutes"},"schema":{"@context":"https:\/\/schema.org","@graph":[{"@type":"Article","@id":"https:\/\/aassdn.org\/amicale\/memorial-biographies-led-lg-2\/#article","isPartOf":{"@id":"https:\/\/aassdn.org\/amicale\/memorial-biographies-led-lg-2\/"},"author":{"name":"AASSDN","@id":"https:\/\/aassdn.org\/amicale\/#\/schema\/person\/73800712a272e6d58a10a86ea9e59671"},"headline":"Memorial &#8211; biographies Led-Lg","datePublished":"2021-10-29T08:00:09+00:00","dateModified":"2024-03-15T13:08:13+00:00","mainEntityOfPage":{"@id":"https:\/\/aassdn.org\/amicale\/memorial-biographies-led-lg-2\/"},"wordCount":488,"publisher":{"@id":"https:\/\/aassdn.org\/amicale\/#organization"},"keywords":["Allemands","biographies","camarade","guerre","M\u00e9morial","militaire","r\u00e9seau Kleber","R\u00e9sistance","sabotage"],"articleSection":["Archives du site","Biographies","Biographies memorial","Europe de l'Ouest","Services allemands"],"inLanguage":"fr-FR"},{"@type":"WebPage","@id":"https:\/\/aassdn.org\/amicale\/memorial-biographies-led-lg-2\/","url":"https:\/\/aassdn.org\/amicale\/memorial-biographies-led-lg-2\/","name":"Memorial - biographies Led-Lg | AASSDN | Anciens et Amis des Services Sp\u00e9ciaux","isPartOf":{"@id":"https:\/\/aassdn.org\/amicale\/#website"},"datePublished":"2021-10-29T08:00:09+00:00","dateModified":"2024-03-15T13:08:13+00:00","breadcrumb":{"@id":"https:\/\/aassdn.org\/amicale\/memorial-biographies-led-lg-2\/#breadcrumb"},"inLanguage":"fr-FR","potentialAction":[{"@type":"ReadAction","target":["https:\/\/aassdn.org\/amicale\/memorial-biographies-led-lg-2\/"]}]},{"@type":"BreadcrumbList","@id":"https:\/\/aassdn.org\/amicale\/memorial-biographies-led-lg-2\/#breadcrumb","itemListElement":[{"@type":"ListItem","position":1,"name":"Accueil","item":"https:\/\/aassdn.org\/amicale\/"},{"@type":"ListItem","position":2,"name":"Memorial &#8211; biographies Led-Lg"}]},{"@type":"WebSite","@id":"https:\/\/aassdn.org\/amicale\/#website","url":"https:\/\/aassdn.org\/amicale\/","name":"AASSDN | Anciens et Amis des Services Sp\u00e9ciaux","description":"Services sp\u00e9ciaux : Des h\u00e9ros anonymes au service exclusif de la France","publisher":{"@id":"https:\/\/aassdn.org\/amicale\/#organization"},"potentialAction":[{"@type":"SearchAction","target":{"@type":"EntryPoint","urlTemplate":"https:\/\/aassdn.org\/amicale\/?s={search_term_string}"},"query-input":{"@type":"PropertyValueSpecification","valueRequired":true,"valueName":"search_term_string"}}],"inLanguage":"fr-FR"},{"@type":"Organization","@id":"https:\/\/aassdn.org\/amicale\/#organization","name":"AASSDN | Anciens et Amis des Services Sp\u00e9ciaux","url":"https:\/\/aassdn.org\/amicale\/","logo":{"@type":"ImageObject","inLanguage":"fr-FR","@id":"https:\/\/aassdn.org\/amicale\/#\/schema\/logo\/image\/","url":"https:\/\/aassdn.org\/amicale\/wp-content\/uploads\/Logo_AASSDN_transparent2.png","contentUrl":"https:\/\/aassdn.org\/amicale\/wp-content\/uploads\/Logo_AASSDN_transparent2.png","width":1832,"height":1609,"caption":"AASSDN | Anciens et Amis des Services Sp\u00e9ciaux"},"image":{"@id":"https:\/\/aassdn.org\/amicale\/#\/schema\/logo\/image\/"}},{"@type":"Person","@id":"https:\/\/aassdn.org\/amicale\/#\/schema\/person\/73800712a272e6d58a10a86ea9e59671","name":"AASSDN","image":{"@type":"ImageObject","inLanguage":"fr-FR","@id":"https:\/\/secure.gravatar.com\/avatar\/9653808d17788562e72d77e426d8d02775774239aefd00a9b4e852423d8e9d7e?s=96&d=mm&r=g","url":"https:\/\/secure.gravatar.com\/avatar\/9653808d17788562e72d77e426d8d02775774239aefd00a9b4e852423d8e9d7e?s=96&d=mm&r=g","contentUrl":"https:\/\/secure.gravatar.com\/avatar\/9653808d17788562e72d77e426d8d02775774239aefd00a9b4e852423d8e9d7e?s=96&d=mm&r=g","caption":"AASSDN"},"sameAs":["https:\/\/aassdn.org\/amicale"],"url":"https:\/\/aassdn.org\/amicale\/author\/wordpress\/"}]}},"_links":{"self":[{"href":"https:\/\/aassdn.org\/amicale\/wp-json\/wp\/v2\/posts\/2306","targetHints":{"allow":["GET"]}}],"collection":[{"href":"https:\/\/aassdn.org\/amicale\/wp-json\/wp\/v2\/posts"}],"about":[{"href":"https:\/\/aassdn.org\/amicale\/wp-json\/wp\/v2\/types\/post"}],"author":[{"embeddable":true,"href":"https:\/\/aassdn.org\/amicale\/wp-json\/wp\/v2\/users\/1"}],"replies":[{"embeddable":true,"href":"https:\/\/aassdn.org\/amicale\/wp-json\/wp\/v2\/comments?post=2306"}],"version-history":[{"count":0,"href":"https:\/\/aassdn.org\/amicale\/wp-json\/wp\/v2\/posts\/2306\/revisions"}],"wp:attachment":[{"href":"https:\/\/aassdn.org\/amicale\/wp-json\/wp\/v2\/media?parent=2306"}],"wp:term":[{"taxonomy":"category","embeddable":true,"href":"https:\/\/aassdn.org\/amicale\/wp-json\/wp\/v2\/categories?post=2306"},{"taxonomy":"post_tag","embeddable":true,"href":"https:\/\/aassdn.org\/amicale\/wp-json\/wp\/v2\/tags?post=2306"}],"curies":[{"name":"wp","href":"https:\/\/api.w.org\/{rel}","templated":true}]}}