{"id":2263,"date":"2021-10-29T10:00:04","date_gmt":"2021-10-29T08:00:04","guid":{"rendered":"https:\/\/aassdn.org\/amicale\/memorial-biographies-gm-gz-2\/"},"modified":"2024-03-15T14:08:39","modified_gmt":"2024-03-15T13:08:39","slug":"memorial-biographies-gm-gz-2","status":"publish","type":"post","link":"https:\/\/aassdn.org\/amicale\/memorial-biographies-gm-gz-2\/","title":{"rendered":"Memorial &#8211; biographies Gm-Gz"},"content":{"rendered":"<td>\n<p><strong><span><a><\/a>GODENZI<\/span><\/strong><\/p>\n<p><span><strong><span>Gualtiero, Walter<\/span><\/strong><\/span><\/p>\n<p><span>\u00a0<\/span><\/p>\n<p><span>\u00a0<\/span><\/p>\n<div>\n<p><strong><span>N\u00e9 le 8 septembre  1904\u00a0 \u00e0\u00a0  Rome (Italie)<\/span><\/strong><strong><span>\u00a0<\/span><\/strong><strong><span>de Pietro Godenzi\u00a0 et de\u00a0  Theresa Tuena<\/span><\/strong><strong><span>\u00a0<\/span><\/strong><strong><span>Nationalit\u00e9\u00a0 suisse<\/span><\/strong><strong><span>\u00a0<\/span><\/strong><strong><span>Epouse: Georgette,  Palmyre Graux<\/span><\/strong><strong><span>\u00a0<\/span><\/strong><strong><span>Profession: conducteur  de travaux publics<\/span><\/strong><strong><span>\u00a0<\/span><\/strong><strong><span>D\u00e9c\u00e9d\u00e9 le 13 d\u00e9cembre  1944\u00a0 \u00e0\u00a0  Ellrich (Allemagne)<\/span><\/strong><strong><span>\u00a0<\/span><\/strong><\/p>\n<p><strong><span>R\u00e9seaux:\u00a0 S.S.M.F.\/T.R., Uranus du S.R. Kl\u00e9ber <\/span><\/strong><strong><span>Agent P2<\/span><\/strong><\/p>\n<\/div>\n<p><strong><span>\u00a0<\/span><\/strong><\/p>\n<p><span>Gualtiero Godenzi \u00e9tait conducteur de  travaux publics. Engag\u00e9 dans le r\u00e9seau Uranus de Reims, comme agent P2 depuis  le 1er ao\u00fbt 1942, il est arr\u00eat\u00e9 par la Gestapo, sur d\u00e9nonciation, le 1er mars  1943, pour &#8220;contact avec un agent ennemi, s&#8217;\u00e9tant engag\u00e9 \u00e0 lui fournir des  renseignements au sujet des transports ferroviaires allemands.&#8221;<\/span><\/p>\n<p><span>D\u00e9port\u00e9 le 21 janvier 1944 \u00e0  Dora-Ellrich, il y meurt le 13 d\u00e9cembre 1944.<\/span><\/p>\n<p><span>Gualtiero Godenzi sera d\u00e9clar\u00e9  &#8220;Mort pour la France&#8221; et recevra la M\u00e9daille de la R\u00e9sistance.<\/span><\/p>\n<p><em><span>\u00a0<\/span><\/em><\/p>\n<div>\n<p><em><span>R\u00e9f\u00e9rences: Archives du Bureau &#8220;R\u00e9sistance&#8221;;\u00a0 Bulletin de l&#8217;A.A.S.S.D.N. n\u00b013, p.4<\/span><\/em><\/p>\n<\/div>\n<p><span><br \/><\/span><\/p>\n<p><strong><span><a><\/a>GOETZ<\/span><\/strong><\/p>\n<p><span><strong><span>Ren\u00e9, Eug\u00e8ne<\/span><\/strong><\/span><\/p>\n<p><strong><span>\u00a0<\/span><\/strong><\/p>\n<p><span>\u00a0<\/span><\/p>\n<div>\n<p><strong><span>N\u00e9 le 19 juillet 1920\u00a0 \u00e0\u00a0 Valentigney (Doubs)<\/span><\/strong><strong><span>\u00a0<\/span><\/strong><strong><span>de Emile Goetz\u00a0 et de\u00a0 Gabielle Morlot<\/span><\/strong><strong><span>\u00a0<\/span><\/strong><strong><span>C\u00e9libataire<\/span><\/strong><strong><span>\u00a0<\/span><\/strong><strong><span>Profession: ouvrier<\/span><\/strong><strong><span>\u00a0<\/span><\/strong><strong><span>D\u00e9c\u00e9d\u00e9 en septembre 1944\u00a0 \u00e0\u00a0 Orianenburg<\/span><\/strong><strong><span>\u00a0<\/span><\/strong><\/p>\n<p><strong><span>R\u00e9seau:\u00a0 Bruno du S.R. Kl\u00e9ber<\/span><\/strong><strong><span>Agent P2<\/span><\/strong><\/p>\n<\/div>\n<p><span>\u00a0<\/span><\/p>\n<p><span>Ren\u00e9 Goetz , ouvrier d&#8217;usine dans le  Territoire de Belfort, engag\u00e9 en novembre 1939, a\u00a0 fait la guerre dans l&#8217;artillerie. Il a vingt ans quand il entre  dans les services de renseignements (r\u00e9seau Bruno du S.R. Kl\u00e9ber), vingt-et-un  ans quand il est arr\u00eat\u00e9, le 15 juin 1942. Il est d\u00e9port\u00e9 le 15 avril 1944\u00a0 \u00e0 Saxenausen et meurt \u00e0 Orianenburg en  septembre 1944.<\/span><\/p>\n<p><span>D\u00e9clar\u00e9 &#8220;Mort pour la  France&#8221;, il recevra la Croix de Guerre et la M\u00e9daille de la R\u00e9sistance.<\/span><\/p>\n<p><em><span>\u00a0<\/span><\/em><\/p>\n<div>\n<p><em><span>R\u00e9f\u00e9rences: Archives du Bureau&#8221;R\u00e9sistance&#8221;;\u00a0 Bulletin de l&#8217;A.A.S.S.D.N. n\u00b013, p.4<\/span><\/em><\/p>\n<\/div>\n<p><em><span><br \/><\/span><\/em><\/p>\n<p><strong><span><a><\/a>GOIGOUX<\/span><\/strong><\/p>\n<p><span><strong><span>Jules, Fernand, Joseph<\/span><\/strong><\/span><strong><span><br \/><\/span><\/strong><\/p>\n<p><span>\u00a0<\/span><\/p>\n<p><span>\u00a0<\/span><\/p>\n<div>\n<p><strong><span>N\u00e9 le 21 f\u00e9vrier 1908\u00a0 \u00e0\u00a0 Chambon sur Lac (Puy de D\u00f4me)<\/span><\/strong><strong><span>\u00a0<\/span><\/strong><strong><span>de Antoine Goigoux\u00a0 et de\u00a0 Marguerite Roux<\/span><\/strong><strong><span>\u00a0<\/span><\/strong><strong><span>Epouse:\u00a0 Marie Antonia  Baptifolier<\/span><\/strong><strong><span>\u00a0<\/span><\/strong><strong><span>Profession: agriculteur<\/span><\/strong><strong><span>\u00a0<\/span><\/strong><strong><span>D\u00e9c\u00e9d\u00e9 le 9 juillet 1943 \u00e0 Chambon sur Lac<\/span><\/strong><strong><span>\u00a0<\/span><\/strong><\/p>\n<p><strong><span>R\u00e9seau:\u00a0 S.S.M.F.\/T.R.<\/span><\/strong><strong><span>Agent P2<\/span><\/strong><\/p>\n<\/div>\n<p><em><span>\u00a0<\/span><\/em><\/p>\n<p><span>Jules Goig&#8230;<\/p>\n<div class=\"pdfprnt-buttons pdfprnt-buttons-post pdfprnt-bottom-right\"><a href=\"https:\/\/aassdn.org\/amicale\/wp-json\/wp\/v2\/posts\/2263?print=pdf\" class=\"pdfprnt-button pdfprnt-button-pdf\" target=\"_blank\" ><img decoding=\"async\" data-src=\"https:\/\/aassdn.org\/amicale\/wp-content\/plugins\/pdf-print\/images\/pdf.png\" alt=\"image_pdf\" title=\"Afficher le PDF\" src=\"data:image\/svg+xml;base64,PHN2ZyB3aWR0aD0iMSIgaGVpZ2h0PSIxIiB4bWxucz0iaHR0cDovL3d3dy53My5vcmcvMjAwMC9zdmciPjwvc3ZnPg==\" class=\"lazyload\" style=\"--smush-placeholder-width: 32px; --smush-placeholder-aspect-ratio: 32\/32;\" \/><\/a><a href=\"https:\/\/aassdn.org\/amicale\/wp-json\/wp\/v2\/posts\/2263?print=print\" class=\"pdfprnt-button pdfprnt-button-print\" target=\"_blank\" ><\/a><\/div>","protected":false},"excerpt":{"rendered":"<p>GODENZI Gualtiero, Walter \u00a0 \u00a0 N\u00e9 le 8 septembre 1904\u00a0 \u00e0\u00a0 Rome (Italie)\u00a0de Pietro Godenzi\u00a0 et de\u00a0 Theresa Tuena\u00a0Nationalit\u00e9\u00a0 suisse\u00a0Epouse: Georgette, Palmyre Graux\u00a0Profession: conducteur de travaux publics\u00a0D\u00e9c\u00e9d\u00e9 le 13 d\u00e9cembre 1944\u00a0 \u00e0\u00a0 Ellrich (Allemagne)\u00a0 R\u00e9seaux:\u00a0 S.S.M.F.\/T.R., Uranus du S.R. Kl\u00e9ber Agent P2 \u00a0 Gualtiero Godenzi \u00e9tait conducteur de travaux publics. Engag\u00e9 dans le r\u00e9seau Uranus [&hellip;]<\/p>\n","protected":false},"author":1,"featured_media":0,"comment_status":"closed","ping_status":"open","sticky":false,"template":"","format":"standard","meta":{"_acf_changed":false,"footnotes":""},"categories":[90,87,91,114,106,99],"tags":[293,228,1465,1347,212,262,245,214,1346,1464],"class_list":["post-2263","post","type-post","status-publish","format-standard","hentry","category-archives-du-site","category-biographies","category-biographies-v2","category-europe-de-louest","category-renseignement","category-services-allemands","tag-allemagne","tag-biographies","tag-ellrich","tag-italie","tag-memorial","tag-renseignement","tag-reseau-kleber","tag-resistance","tag-rome","tag-suisse"],"acf":[],"yoast_head":"<!-- This site is optimized with the Yoast SEO plugin v27.4 - https:\/\/yoast.com\/product\/yoast-seo-wordpress\/ -->\n<title>Memorial - biographies Gm-Gz | AASSDN | Anciens et Amis des Services Sp\u00e9ciaux<\/title>\n<meta name=\"robots\" content=\"index, follow, max-snippet:-1, max-image-preview:large, max-video-preview:-1\" \/>\n<link rel=\"canonical\" href=\"https:\/\/aassdn.org\/amicale\/memorial-biographies-gm-gz-2\/\" \/>\n<meta property=\"og:locale\" content=\"fr_FR\" \/>\n<meta property=\"og:type\" content=\"article\" \/>\n<meta property=\"og:title\" content=\"Memorial - biographies Gm-Gz | AASSDN | Anciens et Amis des Services Sp\u00e9ciaux\" \/>\n<meta property=\"og:description\" content=\"GODENZI Gualtiero, Walter \u00a0 \u00a0 N\u00e9 le 8 septembre 1904\u00a0 \u00e0\u00a0 Rome (Italie)\u00a0de Pietro Godenzi\u00a0 et de\u00a0 Theresa Tuena\u00a0Nationalit\u00e9\u00a0 suisse\u00a0Epouse: Georgette, Palmyre Graux\u00a0Profession: conducteur de travaux publics\u00a0D\u00e9c\u00e9d\u00e9 le 13 d\u00e9cembre 1944\u00a0 \u00e0\u00a0 Ellrich (Allemagne)\u00a0 R\u00e9seaux:\u00a0 S.S.M.F.\/T.R., Uranus du S.R. Kl\u00e9ber Agent P2 \u00a0 Gualtiero Godenzi \u00e9tait conducteur de travaux publics. Engag\u00e9 dans le r\u00e9seau Uranus [&hellip;]\" \/>\n<meta property=\"og:url\" content=\"https:\/\/aassdn.org\/amicale\/memorial-biographies-gm-gz-2\/\" \/>\n<meta property=\"og:site_name\" content=\"AASSDN | Anciens et Amis des Services Sp\u00e9ciaux\" \/>\n<meta property=\"article:published_time\" content=\"2021-10-29T08:00:04+00:00\" \/>\n<meta property=\"article:modified_time\" content=\"2024-03-15T13:08:39+00:00\" \/>\n<meta name=\"author\" content=\"AASSDN\" \/>\n<meta name=\"twitter:card\" content=\"summary_large_image\" \/>\n<meta name=\"twitter:label1\" content=\"\u00c9crit par\" \/>\n\t<meta name=\"twitter:data1\" content=\"AASSDN\" \/>\n\t<meta name=\"twitter:label2\" content=\"Dur\u00e9e de lecture estim\u00e9e\" \/>\n\t<meta name=\"twitter:data2\" content=\"2 minutes\" \/>\n<script type=\"application\/ld+json\" class=\"yoast-schema-graph\">{\"@context\":\"https:\\\/\\\/schema.org\",\"@graph\":[{\"@type\":\"Article\",\"@id\":\"https:\\\/\\\/aassdn.org\\\/amicale\\\/memorial-biographies-gm-gz-2\\\/#article\",\"isPartOf\":{\"@id\":\"https:\\\/\\\/aassdn.org\\\/amicale\\\/memorial-biographies-gm-gz-2\\\/\"},\"author\":{\"name\":\"AASSDN\",\"@id\":\"https:\\\/\\\/aassdn.org\\\/amicale\\\/#\\\/schema\\\/person\\\/73800712a272e6d58a10a86ea9e59671\"},\"headline\":\"Memorial &#8211; biographies Gm-Gz\",\"datePublished\":\"2021-10-29T08:00:04+00:00\",\"dateModified\":\"2024-03-15T13:08:39+00:00\",\"mainEntityOfPage\":{\"@id\":\"https:\\\/\\\/aassdn.org\\\/amicale\\\/memorial-biographies-gm-gz-2\\\/\"},\"wordCount\":341,\"publisher\":{\"@id\":\"https:\\\/\\\/aassdn.org\\\/amicale\\\/#organization\"},\"keywords\":[\"Allemagne\",\"biographies\",\"Ellrich\",\"Italie\",\"M\u00e9morial\",\"Renseignement\",\"r\u00e9seau Kleber\",\"R\u00e9sistance\",\"Rome\",\"Suisse\"],\"articleSection\":[\"Archives du site\",\"Biographies\",\"Biographies memorial\",\"Europe de l'Ouest\",\"Renseignement\",\"Services allemands\"],\"inLanguage\":\"fr-FR\"},{\"@type\":\"WebPage\",\"@id\":\"https:\\\/\\\/aassdn.org\\\/amicale\\\/memorial-biographies-gm-gz-2\\\/\",\"url\":\"https:\\\/\\\/aassdn.org\\\/amicale\\\/memorial-biographies-gm-gz-2\\\/\",\"name\":\"Memorial - biographies Gm-Gz | AASSDN | Anciens et Amis des Services Sp\u00e9ciaux\",\"isPartOf\":{\"@id\":\"https:\\\/\\\/aassdn.org\\\/amicale\\\/#website\"},\"datePublished\":\"2021-10-29T08:00:04+00:00\",\"dateModified\":\"2024-03-15T13:08:39+00:00\",\"breadcrumb\":{\"@id\":\"https:\\\/\\\/aassdn.org\\\/amicale\\\/memorial-biographies-gm-gz-2\\\/#breadcrumb\"},\"inLanguage\":\"fr-FR\",\"potentialAction\":[{\"@type\":\"ReadAction\",\"target\":[\"https:\\\/\\\/aassdn.org\\\/amicale\\\/memorial-biographies-gm-gz-2\\\/\"]}]},{\"@type\":\"BreadcrumbList\",\"@id\":\"https:\\\/\\\/aassdn.org\\\/amicale\\\/memorial-biographies-gm-gz-2\\\/#breadcrumb\",\"itemListElement\":[{\"@type\":\"ListItem\",\"position\":1,\"name\":\"Accueil\",\"item\":\"https:\\\/\\\/aassdn.org\\\/amicale\\\/\"},{\"@type\":\"ListItem\",\"position\":2,\"name\":\"Memorial &#8211; biographies Gm-Gz\"}]},{\"@type\":\"WebSite\",\"@id\":\"https:\\\/\\\/aassdn.org\\\/amicale\\\/#website\",\"url\":\"https:\\\/\\\/aassdn.org\\\/amicale\\\/\",\"name\":\"AASSDN | Anciens et Amis des Services Sp\u00e9ciaux\",\"description\":\"Services sp\u00e9ciaux : Des h\u00e9ros anonymes au service exclusif de la France\",\"publisher\":{\"@id\":\"https:\\\/\\\/aassdn.org\\\/amicale\\\/#organization\"},\"potentialAction\":[{\"@type\":\"SearchAction\",\"target\":{\"@type\":\"EntryPoint\",\"urlTemplate\":\"https:\\\/\\\/aassdn.org\\\/amicale\\\/?s={search_term_string}\"},\"query-input\":{\"@type\":\"PropertyValueSpecification\",\"valueRequired\":true,\"valueName\":\"search_term_string\"}}],\"inLanguage\":\"fr-FR\"},{\"@type\":\"Organization\",\"@id\":\"https:\\\/\\\/aassdn.org\\\/amicale\\\/#organization\",\"name\":\"AASSDN | Anciens et Amis des Services Sp\u00e9ciaux\",\"url\":\"https:\\\/\\\/aassdn.org\\\/amicale\\\/\",\"logo\":{\"@type\":\"ImageObject\",\"inLanguage\":\"fr-FR\",\"@id\":\"https:\\\/\\\/aassdn.org\\\/amicale\\\/#\\\/schema\\\/logo\\\/image\\\/\",\"url\":\"https:\\\/\\\/aassdn.org\\\/amicale\\\/wp-content\\\/uploads\\\/Logo_AASSDN_transparent2.png\",\"contentUrl\":\"https:\\\/\\\/aassdn.org\\\/amicale\\\/wp-content\\\/uploads\\\/Logo_AASSDN_transparent2.png\",\"width\":1832,\"height\":1609,\"caption\":\"AASSDN | Anciens et Amis des Services Sp\u00e9ciaux\"},\"image\":{\"@id\":\"https:\\\/\\\/aassdn.org\\\/amicale\\\/#\\\/schema\\\/logo\\\/image\\\/\"}},{\"@type\":\"Person\",\"@id\":\"https:\\\/\\\/aassdn.org\\\/amicale\\\/#\\\/schema\\\/person\\\/73800712a272e6d58a10a86ea9e59671\",\"name\":\"AASSDN\",\"image\":{\"@type\":\"ImageObject\",\"inLanguage\":\"fr-FR\",\"@id\":\"https:\\\/\\\/secure.gravatar.com\\\/avatar\\\/9653808d17788562e72d77e426d8d02775774239aefd00a9b4e852423d8e9d7e?s=96&d=mm&r=g\",\"url\":\"https:\\\/\\\/secure.gravatar.com\\\/avatar\\\/9653808d17788562e72d77e426d8d02775774239aefd00a9b4e852423d8e9d7e?s=96&d=mm&r=g\",\"contentUrl\":\"https:\\\/\\\/secure.gravatar.com\\\/avatar\\\/9653808d17788562e72d77e426d8d02775774239aefd00a9b4e852423d8e9d7e?s=96&d=mm&r=g\",\"caption\":\"AASSDN\"},\"sameAs\":[\"https:\\\/\\\/aassdn.org\\\/amicale\"],\"url\":\"https:\\\/\\\/aassdn.org\\\/amicale\\\/author\\\/wordpress\\\/\"}]}<\/script>\n<!-- \/ Yoast SEO plugin. -->","yoast_head_json":{"title":"Memorial - biographies Gm-Gz | AASSDN | Anciens et Amis des Services Sp\u00e9ciaux","robots":{"index":"index","follow":"follow","max-snippet":"max-snippet:-1","max-image-preview":"max-image-preview:large","max-video-preview":"max-video-preview:-1"},"canonical":"https:\/\/aassdn.org\/amicale\/memorial-biographies-gm-gz-2\/","og_locale":"fr_FR","og_type":"article","og_title":"Memorial - biographies Gm-Gz | AASSDN | Anciens et Amis des Services Sp\u00e9ciaux","og_description":"GODENZI Gualtiero, Walter \u00a0 \u00a0 N\u00e9 le 8 septembre 1904\u00a0 \u00e0\u00a0 Rome (Italie)\u00a0de Pietro Godenzi\u00a0 et de\u00a0 Theresa Tuena\u00a0Nationalit\u00e9\u00a0 suisse\u00a0Epouse: Georgette, Palmyre Graux\u00a0Profession: conducteur de travaux publics\u00a0D\u00e9c\u00e9d\u00e9 le 13 d\u00e9cembre 1944\u00a0 \u00e0\u00a0 Ellrich (Allemagne)\u00a0 R\u00e9seaux:\u00a0 S.S.M.F.\/T.R., Uranus du S.R. Kl\u00e9ber Agent P2 \u00a0 Gualtiero Godenzi \u00e9tait conducteur de travaux publics. Engag\u00e9 dans le r\u00e9seau Uranus [&hellip;]","og_url":"https:\/\/aassdn.org\/amicale\/memorial-biographies-gm-gz-2\/","og_site_name":"AASSDN | Anciens et Amis des Services Sp\u00e9ciaux","article_published_time":"2021-10-29T08:00:04+00:00","article_modified_time":"2024-03-15T13:08:39+00:00","author":"AASSDN","twitter_card":"summary_large_image","twitter_misc":{"\u00c9crit par":"AASSDN","Dur\u00e9e de lecture estim\u00e9e":"2 minutes"},"schema":{"@context":"https:\/\/schema.org","@graph":[{"@type":"Article","@id":"https:\/\/aassdn.org\/amicale\/memorial-biographies-gm-gz-2\/#article","isPartOf":{"@id":"https:\/\/aassdn.org\/amicale\/memorial-biographies-gm-gz-2\/"},"author":{"name":"AASSDN","@id":"https:\/\/aassdn.org\/amicale\/#\/schema\/person\/73800712a272e6d58a10a86ea9e59671"},"headline":"Memorial &#8211; biographies Gm-Gz","datePublished":"2021-10-29T08:00:04+00:00","dateModified":"2024-03-15T13:08:39+00:00","mainEntityOfPage":{"@id":"https:\/\/aassdn.org\/amicale\/memorial-biographies-gm-gz-2\/"},"wordCount":341,"publisher":{"@id":"https:\/\/aassdn.org\/amicale\/#organization"},"keywords":["Allemagne","biographies","Ellrich","Italie","M\u00e9morial","Renseignement","r\u00e9seau Kleber","R\u00e9sistance","Rome","Suisse"],"articleSection":["Archives du site","Biographies","Biographies memorial","Europe de l'Ouest","Renseignement","Services allemands"],"inLanguage":"fr-FR"},{"@type":"WebPage","@id":"https:\/\/aassdn.org\/amicale\/memorial-biographies-gm-gz-2\/","url":"https:\/\/aassdn.org\/amicale\/memorial-biographies-gm-gz-2\/","name":"Memorial - biographies Gm-Gz | AASSDN | Anciens et Amis des Services Sp\u00e9ciaux","isPartOf":{"@id":"https:\/\/aassdn.org\/amicale\/#website"},"datePublished":"2021-10-29T08:00:04+00:00","dateModified":"2024-03-15T13:08:39+00:00","breadcrumb":{"@id":"https:\/\/aassdn.org\/amicale\/memorial-biographies-gm-gz-2\/#breadcrumb"},"inLanguage":"fr-FR","potentialAction":[{"@type":"ReadAction","target":["https:\/\/aassdn.org\/amicale\/memorial-biographies-gm-gz-2\/"]}]},{"@type":"BreadcrumbList","@id":"https:\/\/aassdn.org\/amicale\/memorial-biographies-gm-gz-2\/#breadcrumb","itemListElement":[{"@type":"ListItem","position":1,"name":"Accueil","item":"https:\/\/aassdn.org\/amicale\/"},{"@type":"ListItem","position":2,"name":"Memorial &#8211; biographies Gm-Gz"}]},{"@type":"WebSite","@id":"https:\/\/aassdn.org\/amicale\/#website","url":"https:\/\/aassdn.org\/amicale\/","name":"AASSDN | Anciens et Amis des Services Sp\u00e9ciaux","description":"Services sp\u00e9ciaux : Des h\u00e9ros anonymes au service exclusif de la France","publisher":{"@id":"https:\/\/aassdn.org\/amicale\/#organization"},"potentialAction":[{"@type":"SearchAction","target":{"@type":"EntryPoint","urlTemplate":"https:\/\/aassdn.org\/amicale\/?s={search_term_string}"},"query-input":{"@type":"PropertyValueSpecification","valueRequired":true,"valueName":"search_term_string"}}],"inLanguage":"fr-FR"},{"@type":"Organization","@id":"https:\/\/aassdn.org\/amicale\/#organization","name":"AASSDN | Anciens et Amis des Services Sp\u00e9ciaux","url":"https:\/\/aassdn.org\/amicale\/","logo":{"@type":"ImageObject","inLanguage":"fr-FR","@id":"https:\/\/aassdn.org\/amicale\/#\/schema\/logo\/image\/","url":"https:\/\/aassdn.org\/amicale\/wp-content\/uploads\/Logo_AASSDN_transparent2.png","contentUrl":"https:\/\/aassdn.org\/amicale\/wp-content\/uploads\/Logo_AASSDN_transparent2.png","width":1832,"height":1609,"caption":"AASSDN | Anciens et Amis des Services Sp\u00e9ciaux"},"image":{"@id":"https:\/\/aassdn.org\/amicale\/#\/schema\/logo\/image\/"}},{"@type":"Person","@id":"https:\/\/aassdn.org\/amicale\/#\/schema\/person\/73800712a272e6d58a10a86ea9e59671","name":"AASSDN","image":{"@type":"ImageObject","inLanguage":"fr-FR","@id":"https:\/\/secure.gravatar.com\/avatar\/9653808d17788562e72d77e426d8d02775774239aefd00a9b4e852423d8e9d7e?s=96&d=mm&r=g","url":"https:\/\/secure.gravatar.com\/avatar\/9653808d17788562e72d77e426d8d02775774239aefd00a9b4e852423d8e9d7e?s=96&d=mm&r=g","contentUrl":"https:\/\/secure.gravatar.com\/avatar\/9653808d17788562e72d77e426d8d02775774239aefd00a9b4e852423d8e9d7e?s=96&d=mm&r=g","caption":"AASSDN"},"sameAs":["https:\/\/aassdn.org\/amicale"],"url":"https:\/\/aassdn.org\/amicale\/author\/wordpress\/"}]}},"_links":{"self":[{"href":"https:\/\/aassdn.org\/amicale\/wp-json\/wp\/v2\/posts\/2263","targetHints":{"allow":["GET"]}}],"collection":[{"href":"https:\/\/aassdn.org\/amicale\/wp-json\/wp\/v2\/posts"}],"about":[{"href":"https:\/\/aassdn.org\/amicale\/wp-json\/wp\/v2\/types\/post"}],"author":[{"embeddable":true,"href":"https:\/\/aassdn.org\/amicale\/wp-json\/wp\/v2\/users\/1"}],"replies":[{"embeddable":true,"href":"https:\/\/aassdn.org\/amicale\/wp-json\/wp\/v2\/comments?post=2263"}],"version-history":[{"count":0,"href":"https:\/\/aassdn.org\/amicale\/wp-json\/wp\/v2\/posts\/2263\/revisions"}],"wp:attachment":[{"href":"https:\/\/aassdn.org\/amicale\/wp-json\/wp\/v2\/media?parent=2263"}],"wp:term":[{"taxonomy":"category","embeddable":true,"href":"https:\/\/aassdn.org\/amicale\/wp-json\/wp\/v2\/categories?post=2263"},{"taxonomy":"post_tag","embeddable":true,"href":"https:\/\/aassdn.org\/amicale\/wp-json\/wp\/v2\/tags?post=2263"}],"curies":[{"name":"wp","href":"https:\/\/api.w.org\/{rel}","templated":true}]}}