{"id":2241,"date":"2021-10-29T10:00:00","date_gmt":"2021-10-29T08:00:00","guid":{"rendered":"https:\/\/aassdn.org\/amicale\/extrait-du-bulletin-agonie-du-regime-sovietique-livre-par-m-garder-2\/"},"modified":"2024-03-02T15:23:13","modified_gmt":"2024-03-02T14:23:13","slug":"extrait-du-bulletin-agonie-du-regime-sovietique-livre-par-m-garder-2","status":"publish","type":"post","link":"https:\/\/aassdn.org\/amicale\/extrait-du-bulletin-agonie-du-regime-sovietique-livre-par-m-garder-2\/","title":{"rendered":"Extrait du Bulletin : Agonie du r\u00e9gime sovi\u00e9tique &#8211; Livre par M.Garder"},"content":{"rendered":"<td>\n<h2><em><strong>Par un membre de l&#8217;Amicale<\/strong><\/em><br \/><strong>\u00a0\u00a0\u00a0\u00a0\u00a0\u00a0\u00a0\u00a0\u00a0\u00a0\u00a0\u00a0\u00a0\u00a0\u00a0\u00a0\u00a0\u00a0\u00a0\u00a0\u00a0\u00a0\u00a0\u00a0\u00a0\u00a0\u00a0\u00a0\u00a0\u00a0\u00a0\u00a0\u00a0\u00a0\u00a0\u00a0\u00a0\u00a0\u00a0\u00a0\u00a0\u00a0\u00a0\u00a0\u00a0\u00a0\u00a0\u00a0\u00a0\u00a0\u00a0\u00a0\u00a0\u00a0\u00a0  <\/strong><\/h2>\n<h3><strong>Le film des \u00e9v\u00e9nements\u00a0:<\/strong><\/h3>\n<h2>\n            Ann\u00e9e 1982\u00a0:<br \/>\n            &#8211; 6 juin\u00a0:  Isra\u00ebl d\u00e9clenche l\u2019op\u00e9ration \u00ab\u00a0Paix en Galil\u00e9e\u00a0\u00bb,<br \/>\n              &#8211; 3 ao\u00fbt\u00a0: B\u00e9chir Gemayel (34 ans) est  \u00e9lu Pr\u00e9sident de la R\u00e9publique du Liban,<br \/>\n              &#8211; du 22 ao\u00fbt au 23 septembre\u00a0: les  troupes syriennes et palestiniennes \u00e9vacuent Beyrouth. Le d\u00e9part de L\u2019Organisation de Lib\u00e9ration de la Palestine  (OLP) est surveill\u00e9 par une force multinationale d\u2019interposition  (France, Etats-Unis, Italie, Grande- Bretagne),<br \/>\n              &#8211; 14 septembre\u00a0: le Pr\u00e9sident Gemayel  est assassin\u00e9,<br \/>\n              &#8211; du 15 au 17 septembre\u00a0: des commandos  de diverses milices p\u00e9n\u00e8trent dans les camps palestiniens de Sabra et Chatila  (environ 1500 tu\u00e9s),<br \/>\n              &#8211; 23 septembre\u00a0: \u00e9lu 4 jours avant,  Amine Gemayel (40 ans) fr\u00e8re de B\u00e9chir, est officiellement nomm\u00e9 Pr\u00e9sident de  son pays,<br \/>\n              &#8211; 24 septembre\u00a0: une nouvelle force  multinationale de s\u00e9curit\u00e9 est cr\u00e9\u00e9e. Avec les forces des m\u00eames nations, elle  remplace la force d\u2019interposition repli\u00e9e apr\u00e8s l\u2019\u00e9vacuation de la Syrie et de  l\u2019OLP de Beyrouth,<br \/>\n              &#8211; 11 novembre\u00a0: une camionnette pi\u00e9g\u00e9e  est dirig\u00e9e contre le PC de Tsahal \u00e0 Tyr (76 tu\u00e9s),<br \/>\n              &#8211; de no\u00ebl 1982 au 1er janvier  1983\u00a0: des n\u00e9gociations interconfessionnelles aboutissent \u00e0 l\u2019\u00e9change  d\u2019environ 150 otages de toutes tendances.<\/h2>\n<h2><strong>Ann\u00e9e 1983<\/strong>\u00a0:<br \/>\n            &#8211; 8  avril\u00a0: une camionnette pi\u00e9g\u00e9e d\u00e9truit l\u2019ambassade des Etats-Unis et  an\u00e9antit l\u2019\u00e9tat-major r\u00e9gional de la CIA en cours de r\u00e9union (63 tu\u00e9s),<br \/>\n            &#8211; 17 mai\u00a0: sous caution am\u00e9ricaine,  Isra\u00ebl et le Liban signent un trait\u00e9 de paix,<br \/>\n            &#8211; fin ao\u00fbt, d\u00e9but septembre\u00a0: Tsahal  \u00e9vacue le Chouf (r\u00e9gion s\u00e9culaire de peuplement mixte chr\u00e9tien maronite et  druze),<br \/>\n            &#8211; 4 septembre\u00a0: d\u00e9but de la guerre du  Chouf, la milice de Walid Joumblatt massacre environ 1500 chr\u00e9tiens.145 000  libanais se r\u00e9fugient en zone chr\u00e9tienne, entre Byblos et Beyrouth,<br \/>\n            &#8211; 7 septembre\u00a0: Un de mes amis de longue  date, officier \u00e0 l\u2019\u00e9tat-major des forces fran\u00e7aises, est tu\u00e9 par un tir d\u2019artillerie  d\u2019une faction des forces libanaises. J\u2019avais d\u00e9jeun\u00e9 avec lui, peu de jours  avant, lors de \u00a0son arriv\u00e9e \u00e0 son nouveau  poste.<br \/>\n            &#8211; 23 octobre\u00a0: le PC am\u00e9ricain de  l\u2019a\u00e9roport de Beyrouth est d\u00e9truit par un camion pi\u00e9g\u00e9 (241 marines tu\u00e9s). A la  m\u00eame heure une action semblable est men\u00e9e contre le poste fran\u00e7ais Drakkar (58  parachutistes du 1er R\u00e9giment de Chasseurs Parachutistes tu\u00e9s),<br \/>\n            &#8211; 4 novembre\u00a0: nouvel attentat \u00e0 Tyr  contre le PC isra\u00e9lien (62 tu\u00e9s dont 30 isra\u00e9liens),<br \/>\n            &#8211; 20 d\u00e9cembre\u00a0: Yasser Arafat revenu \u00e0  Tripoli et 4000 palestiniens sont \u00e9vacu\u00e9s sous la protection de l\u2019ONU et sous  la pression des milices sunnites locales et de l\u2019arm\u00e9e syrienne.<\/h2>\n<h2><strong>Ann\u00e9e 1984\u00a0:<\/strong><br \/>\n            &#8211; 6 au 14 f\u00e9vrier\u00a0: prise de contr\u00f4le de  Beyrouth-Ouest et de l\u2019axe Ain-Ksour Damour par les milices de Nabi Berri  (Amal) et de Walid Joumblatt (PSP), le Liban Sud est \u00e0 nouveau isol\u00e9 du reste  du pays,<br \/>\n            &#8211; 26 f\u00e9vrier\u00a0: le d\u00e9tachement am\u00e9ricain  de la force multinationale de s\u00e9curit\u00e9 embarque sur ses b\u00e2timents.les italiens  et les britanniques se sont d\u00e9j\u00e0 repli\u00e9s,<br \/>\n            &#8211; 5 mars\u00a0: le Liban d\u00e9nonce le trait\u00e9 de  paix conclu avec Isra\u00ebl,<br \/>\n            fin mars\u00a0: 81 casques blancs  (observateurs) remplacent le d\u00e9tachement fran\u00e7ais.<\/h2>\n<h2><strong>Ambiance\u00a0: <\/strong><br \/><strong>\u00a0\u00a0 <\/strong>-les  \u00e9v\u00e8nements les plus marquants de la longue guerre civile et \u00e9trang\u00e8re qui a  ensanglant\u00e9 le Liban sont rappel\u00e9s ci-dessus pour la seule p\u00e9riode allant de  Juin 1982 \u00e0 mars 1984.Ils ont souvent fait&#8230;<\/p>\n<div class=\"pdfprnt-buttons pdfprnt-buttons-post pdfprnt-bottom-right\"><a href=\"https:\/\/aassdn.org\/amicale\/wp-json\/wp\/v2\/posts\/2241?print=pdf\" class=\"pdfprnt-button pdfprnt-button-pdf\" target=\"_blank\" ><img decoding=\"async\" data-src=\"https:\/\/aassdn.org\/amicale\/wp-content\/plugins\/pdf-print\/images\/pdf.png\" alt=\"image_pdf\" title=\"Afficher le PDF\" src=\"data:image\/svg+xml;base64,PHN2ZyB3aWR0aD0iMSIgaGVpZ2h0PSIxIiB4bWxucz0iaHR0cDovL3d3dy53My5vcmcvMjAwMC9zdmciPjwvc3ZnPg==\" class=\"lazyload\" style=\"--smush-placeholder-width: 32px; --smush-placeholder-aspect-ratio: 32\/32;\" \/><\/a><a href=\"https:\/\/aassdn.org\/amicale\/wp-json\/wp\/v2\/posts\/2241?print=print\" class=\"pdfprnt-button pdfprnt-button-print\" target=\"_blank\" ><\/a><\/div>","protected":false},"excerpt":{"rendered":"<p>Par un membre de l&#8217;Amicale\u00a0\u00a0\u00a0\u00a0\u00a0\u00a0\u00a0\u00a0\u00a0\u00a0\u00a0\u00a0\u00a0\u00a0\u00a0\u00a0\u00a0\u00a0\u00a0\u00a0\u00a0\u00a0\u00a0\u00a0\u00a0\u00a0\u00a0\u00a0\u00a0\u00a0\u00a0\u00a0\u00a0\u00a0\u00a0\u00a0\u00a0\u00a0\u00a0\u00a0\u00a0\u00a0\u00a0\u00a0\u00a0\u00a0\u00a0\u00a0\u00a0\u00a0\u00a0\u00a0\u00a0\u00a0\u00a0 Le film des \u00e9v\u00e9nements\u00a0: Ann\u00e9e 1982\u00a0: &#8211; 6 juin\u00a0: Isra\u00ebl d\u00e9clenche l\u2019op\u00e9ration \u00ab\u00a0Paix en Galil\u00e9e\u00a0\u00bb, &#8211; 3 ao\u00fbt\u00a0: B\u00e9chir Gemayel (34 ans) est \u00e9lu Pr\u00e9sident de la R\u00e9publique du Liban, &#8211; du 22 ao\u00fbt au 23 septembre\u00a0: les troupes syriennes et palestiniennes \u00e9vacuent Beyrouth. Le d\u00e9part de L\u2019Organisation de Lib\u00e9ration [&hellip;]<\/p>\n","protected":false},"author":1,"featured_media":0,"comment_status":"closed","ping_status":"open","sticky":false,"template":"","format":"standard","meta":{"_acf_changed":false,"footnotes":""},"categories":[90],"tags":[213],"class_list":["post-2241","post","type-post","status-publish","format-standard","hentry","category-archives-du-site","tag-urss"],"acf":[],"yoast_head":"<!-- This site is optimized with the Yoast SEO plugin v27.4 - https:\/\/yoast.com\/product\/yoast-seo-wordpress\/ -->\n<title>Extrait du Bulletin : Agonie du r\u00e9gime sovi\u00e9tique - Livre par M.Garder | AASSDN | Anciens et Amis des Services Sp\u00e9ciaux<\/title>\n<meta name=\"robots\" content=\"index, follow, max-snippet:-1, max-image-preview:large, max-video-preview:-1\" \/>\n<link rel=\"canonical\" href=\"https:\/\/aassdn.org\/amicale\/extrait-du-bulletin-agonie-du-regime-sovietique-livre-par-m-garder-2\/\" \/>\n<meta property=\"og:locale\" content=\"fr_FR\" \/>\n<meta property=\"og:type\" content=\"article\" \/>\n<meta property=\"og:title\" content=\"Extrait du Bulletin : Agonie du r\u00e9gime sovi\u00e9tique - Livre par M.Garder | AASSDN | Anciens et Amis des Services Sp\u00e9ciaux\" \/>\n<meta property=\"og:description\" content=\"Par un membre de l&#8217;Amicale\u00a0\u00a0\u00a0\u00a0\u00a0\u00a0\u00a0\u00a0\u00a0\u00a0\u00a0\u00a0\u00a0\u00a0\u00a0\u00a0\u00a0\u00a0\u00a0\u00a0\u00a0\u00a0\u00a0\u00a0\u00a0\u00a0\u00a0\u00a0\u00a0\u00a0\u00a0\u00a0\u00a0\u00a0\u00a0\u00a0\u00a0\u00a0\u00a0\u00a0\u00a0\u00a0\u00a0\u00a0\u00a0\u00a0\u00a0\u00a0\u00a0\u00a0\u00a0\u00a0\u00a0\u00a0\u00a0 Le film des \u00e9v\u00e9nements\u00a0: Ann\u00e9e 1982\u00a0: &#8211; 6 juin\u00a0: Isra\u00ebl d\u00e9clenche l\u2019op\u00e9ration \u00ab\u00a0Paix en Galil\u00e9e\u00a0\u00bb, &#8211; 3 ao\u00fbt\u00a0: B\u00e9chir Gemayel (34 ans) est \u00e9lu Pr\u00e9sident de la R\u00e9publique du Liban, &#8211; du 22 ao\u00fbt au 23 septembre\u00a0: les troupes syriennes et palestiniennes \u00e9vacuent Beyrouth. Le d\u00e9part de L\u2019Organisation de Lib\u00e9ration [&hellip;]\" \/>\n<meta property=\"og:url\" content=\"https:\/\/aassdn.org\/amicale\/extrait-du-bulletin-agonie-du-regime-sovietique-livre-par-m-garder-2\/\" \/>\n<meta property=\"og:site_name\" content=\"AASSDN | Anciens et Amis des Services Sp\u00e9ciaux\" \/>\n<meta property=\"article:published_time\" content=\"2021-10-29T08:00:00+00:00\" \/>\n<meta property=\"article:modified_time\" content=\"2024-03-02T14:23:13+00:00\" \/>\n<meta name=\"author\" content=\"AASSDN\" \/>\n<meta name=\"twitter:card\" content=\"summary_large_image\" \/>\n<meta name=\"twitter:label1\" content=\"\u00c9crit par\" \/>\n\t<meta name=\"twitter:data1\" content=\"AASSDN\" \/>\n\t<meta name=\"twitter:label2\" content=\"Dur\u00e9e de lecture estim\u00e9e\" \/>\n\t<meta name=\"twitter:data2\" content=\"3 minutes\" \/>\n<script type=\"application\/ld+json\" class=\"yoast-schema-graph\">{\"@context\":\"https:\\\/\\\/schema.org\",\"@graph\":[{\"@type\":\"Article\",\"@id\":\"https:\\\/\\\/aassdn.org\\\/amicale\\\/extrait-du-bulletin-agonie-du-regime-sovietique-livre-par-m-garder-2\\\/#article\",\"isPartOf\":{\"@id\":\"https:\\\/\\\/aassdn.org\\\/amicale\\\/extrait-du-bulletin-agonie-du-regime-sovietique-livre-par-m-garder-2\\\/\"},\"author\":{\"name\":\"AASSDN\",\"@id\":\"https:\\\/\\\/aassdn.org\\\/amicale\\\/#\\\/schema\\\/person\\\/73800712a272e6d58a10a86ea9e59671\"},\"headline\":\"Extrait du Bulletin : Agonie du r\u00e9gime sovi\u00e9tique &#8211; Livre par M.Garder\",\"datePublished\":\"2021-10-29T08:00:00+00:00\",\"dateModified\":\"2024-03-02T14:23:13+00:00\",\"mainEntityOfPage\":{\"@id\":\"https:\\\/\\\/aassdn.org\\\/amicale\\\/extrait-du-bulletin-agonie-du-regime-sovietique-livre-par-m-garder-2\\\/\"},\"wordCount\":604,\"publisher\":{\"@id\":\"https:\\\/\\\/aassdn.org\\\/amicale\\\/#organization\"},\"keywords\":[\"URSS\"],\"articleSection\":[\"Archives du site\"],\"inLanguage\":\"fr-FR\"},{\"@type\":\"WebPage\",\"@id\":\"https:\\\/\\\/aassdn.org\\\/amicale\\\/extrait-du-bulletin-agonie-du-regime-sovietique-livre-par-m-garder-2\\\/\",\"url\":\"https:\\\/\\\/aassdn.org\\\/amicale\\\/extrait-du-bulletin-agonie-du-regime-sovietique-livre-par-m-garder-2\\\/\",\"name\":\"Extrait du Bulletin : Agonie du r\u00e9gime sovi\u00e9tique - Livre par M.Garder | AASSDN | Anciens et Amis des Services Sp\u00e9ciaux\",\"isPartOf\":{\"@id\":\"https:\\\/\\\/aassdn.org\\\/amicale\\\/#website\"},\"datePublished\":\"2021-10-29T08:00:00+00:00\",\"dateModified\":\"2024-03-02T14:23:13+00:00\",\"breadcrumb\":{\"@id\":\"https:\\\/\\\/aassdn.org\\\/amicale\\\/extrait-du-bulletin-agonie-du-regime-sovietique-livre-par-m-garder-2\\\/#breadcrumb\"},\"inLanguage\":\"fr-FR\",\"potentialAction\":[{\"@type\":\"ReadAction\",\"target\":[\"https:\\\/\\\/aassdn.org\\\/amicale\\\/extrait-du-bulletin-agonie-du-regime-sovietique-livre-par-m-garder-2\\\/\"]}]},{\"@type\":\"BreadcrumbList\",\"@id\":\"https:\\\/\\\/aassdn.org\\\/amicale\\\/extrait-du-bulletin-agonie-du-regime-sovietique-livre-par-m-garder-2\\\/#breadcrumb\",\"itemListElement\":[{\"@type\":\"ListItem\",\"position\":1,\"name\":\"Accueil\",\"item\":\"https:\\\/\\\/aassdn.org\\\/amicale\\\/\"},{\"@type\":\"ListItem\",\"position\":2,\"name\":\"Extrait du Bulletin : Agonie du r\u00e9gime sovi\u00e9tique &#8211; Livre par M.Garder\"}]},{\"@type\":\"WebSite\",\"@id\":\"https:\\\/\\\/aassdn.org\\\/amicale\\\/#website\",\"url\":\"https:\\\/\\\/aassdn.org\\\/amicale\\\/\",\"name\":\"AASSDN | Anciens et Amis des Services Sp\u00e9ciaux\",\"description\":\"Services sp\u00e9ciaux : Des h\u00e9ros anonymes au service exclusif de la France\",\"publisher\":{\"@id\":\"https:\\\/\\\/aassdn.org\\\/amicale\\\/#organization\"},\"potentialAction\":[{\"@type\":\"SearchAction\",\"target\":{\"@type\":\"EntryPoint\",\"urlTemplate\":\"https:\\\/\\\/aassdn.org\\\/amicale\\\/?s={search_term_string}\"},\"query-input\":{\"@type\":\"PropertyValueSpecification\",\"valueRequired\":true,\"valueName\":\"search_term_string\"}}],\"inLanguage\":\"fr-FR\"},{\"@type\":\"Organization\",\"@id\":\"https:\\\/\\\/aassdn.org\\\/amicale\\\/#organization\",\"name\":\"AASSDN | Anciens et Amis des Services Sp\u00e9ciaux\",\"url\":\"https:\\\/\\\/aassdn.org\\\/amicale\\\/\",\"logo\":{\"@type\":\"ImageObject\",\"inLanguage\":\"fr-FR\",\"@id\":\"https:\\\/\\\/aassdn.org\\\/amicale\\\/#\\\/schema\\\/logo\\\/image\\\/\",\"url\":\"https:\\\/\\\/aassdn.org\\\/amicale\\\/wp-content\\\/uploads\\\/Logo_AASSDN_transparent2.png\",\"contentUrl\":\"https:\\\/\\\/aassdn.org\\\/amicale\\\/wp-content\\\/uploads\\\/Logo_AASSDN_transparent2.png\",\"width\":1832,\"height\":1609,\"caption\":\"AASSDN | Anciens et Amis des Services Sp\u00e9ciaux\"},\"image\":{\"@id\":\"https:\\\/\\\/aassdn.org\\\/amicale\\\/#\\\/schema\\\/logo\\\/image\\\/\"}},{\"@type\":\"Person\",\"@id\":\"https:\\\/\\\/aassdn.org\\\/amicale\\\/#\\\/schema\\\/person\\\/73800712a272e6d58a10a86ea9e59671\",\"name\":\"AASSDN\",\"image\":{\"@type\":\"ImageObject\",\"inLanguage\":\"fr-FR\",\"@id\":\"https:\\\/\\\/secure.gravatar.com\\\/avatar\\\/9653808d17788562e72d77e426d8d02775774239aefd00a9b4e852423d8e9d7e?s=96&d=mm&r=g\",\"url\":\"https:\\\/\\\/secure.gravatar.com\\\/avatar\\\/9653808d17788562e72d77e426d8d02775774239aefd00a9b4e852423d8e9d7e?s=96&d=mm&r=g\",\"contentUrl\":\"https:\\\/\\\/secure.gravatar.com\\\/avatar\\\/9653808d17788562e72d77e426d8d02775774239aefd00a9b4e852423d8e9d7e?s=96&d=mm&r=g\",\"caption\":\"AASSDN\"},\"sameAs\":[\"https:\\\/\\\/aassdn.org\\\/amicale\"],\"url\":\"https:\\\/\\\/aassdn.org\\\/amicale\\\/author\\\/wordpress\\\/\"}]}<\/script>\n<!-- \/ Yoast SEO plugin. -->","yoast_head_json":{"title":"Extrait du Bulletin : Agonie du r\u00e9gime sovi\u00e9tique - Livre par M.Garder | AASSDN | Anciens et Amis des Services Sp\u00e9ciaux","robots":{"index":"index","follow":"follow","max-snippet":"max-snippet:-1","max-image-preview":"max-image-preview:large","max-video-preview":"max-video-preview:-1"},"canonical":"https:\/\/aassdn.org\/amicale\/extrait-du-bulletin-agonie-du-regime-sovietique-livre-par-m-garder-2\/","og_locale":"fr_FR","og_type":"article","og_title":"Extrait du Bulletin : Agonie du r\u00e9gime sovi\u00e9tique - Livre par M.Garder | AASSDN | Anciens et Amis des Services Sp\u00e9ciaux","og_description":"Par un membre de l&#8217;Amicale\u00a0\u00a0\u00a0\u00a0\u00a0\u00a0\u00a0\u00a0\u00a0\u00a0\u00a0\u00a0\u00a0\u00a0\u00a0\u00a0\u00a0\u00a0\u00a0\u00a0\u00a0\u00a0\u00a0\u00a0\u00a0\u00a0\u00a0\u00a0\u00a0\u00a0\u00a0\u00a0\u00a0\u00a0\u00a0\u00a0\u00a0\u00a0\u00a0\u00a0\u00a0\u00a0\u00a0\u00a0\u00a0\u00a0\u00a0\u00a0\u00a0\u00a0\u00a0\u00a0\u00a0\u00a0\u00a0 Le film des \u00e9v\u00e9nements\u00a0: Ann\u00e9e 1982\u00a0: &#8211; 6 juin\u00a0: Isra\u00ebl d\u00e9clenche l\u2019op\u00e9ration \u00ab\u00a0Paix en Galil\u00e9e\u00a0\u00bb, &#8211; 3 ao\u00fbt\u00a0: B\u00e9chir Gemayel (34 ans) est \u00e9lu Pr\u00e9sident de la R\u00e9publique du Liban, &#8211; du 22 ao\u00fbt au 23 septembre\u00a0: les troupes syriennes et palestiniennes \u00e9vacuent Beyrouth. Le d\u00e9part de L\u2019Organisation de Lib\u00e9ration [&hellip;]","og_url":"https:\/\/aassdn.org\/amicale\/extrait-du-bulletin-agonie-du-regime-sovietique-livre-par-m-garder-2\/","og_site_name":"AASSDN | Anciens et Amis des Services Sp\u00e9ciaux","article_published_time":"2021-10-29T08:00:00+00:00","article_modified_time":"2024-03-02T14:23:13+00:00","author":"AASSDN","twitter_card":"summary_large_image","twitter_misc":{"\u00c9crit par":"AASSDN","Dur\u00e9e de lecture estim\u00e9e":"3 minutes"},"schema":{"@context":"https:\/\/schema.org","@graph":[{"@type":"Article","@id":"https:\/\/aassdn.org\/amicale\/extrait-du-bulletin-agonie-du-regime-sovietique-livre-par-m-garder-2\/#article","isPartOf":{"@id":"https:\/\/aassdn.org\/amicale\/extrait-du-bulletin-agonie-du-regime-sovietique-livre-par-m-garder-2\/"},"author":{"name":"AASSDN","@id":"https:\/\/aassdn.org\/amicale\/#\/schema\/person\/73800712a272e6d58a10a86ea9e59671"},"headline":"Extrait du Bulletin : Agonie du r\u00e9gime sovi\u00e9tique &#8211; Livre par M.Garder","datePublished":"2021-10-29T08:00:00+00:00","dateModified":"2024-03-02T14:23:13+00:00","mainEntityOfPage":{"@id":"https:\/\/aassdn.org\/amicale\/extrait-du-bulletin-agonie-du-regime-sovietique-livre-par-m-garder-2\/"},"wordCount":604,"publisher":{"@id":"https:\/\/aassdn.org\/amicale\/#organization"},"keywords":["URSS"],"articleSection":["Archives du site"],"inLanguage":"fr-FR"},{"@type":"WebPage","@id":"https:\/\/aassdn.org\/amicale\/extrait-du-bulletin-agonie-du-regime-sovietique-livre-par-m-garder-2\/","url":"https:\/\/aassdn.org\/amicale\/extrait-du-bulletin-agonie-du-regime-sovietique-livre-par-m-garder-2\/","name":"Extrait du Bulletin : Agonie du r\u00e9gime sovi\u00e9tique - Livre par M.Garder | AASSDN | Anciens et Amis des Services Sp\u00e9ciaux","isPartOf":{"@id":"https:\/\/aassdn.org\/amicale\/#website"},"datePublished":"2021-10-29T08:00:00+00:00","dateModified":"2024-03-02T14:23:13+00:00","breadcrumb":{"@id":"https:\/\/aassdn.org\/amicale\/extrait-du-bulletin-agonie-du-regime-sovietique-livre-par-m-garder-2\/#breadcrumb"},"inLanguage":"fr-FR","potentialAction":[{"@type":"ReadAction","target":["https:\/\/aassdn.org\/amicale\/extrait-du-bulletin-agonie-du-regime-sovietique-livre-par-m-garder-2\/"]}]},{"@type":"BreadcrumbList","@id":"https:\/\/aassdn.org\/amicale\/extrait-du-bulletin-agonie-du-regime-sovietique-livre-par-m-garder-2\/#breadcrumb","itemListElement":[{"@type":"ListItem","position":1,"name":"Accueil","item":"https:\/\/aassdn.org\/amicale\/"},{"@type":"ListItem","position":2,"name":"Extrait du Bulletin : Agonie du r\u00e9gime sovi\u00e9tique &#8211; Livre par M.Garder"}]},{"@type":"WebSite","@id":"https:\/\/aassdn.org\/amicale\/#website","url":"https:\/\/aassdn.org\/amicale\/","name":"AASSDN | Anciens et Amis des Services Sp\u00e9ciaux","description":"Services sp\u00e9ciaux : Des h\u00e9ros anonymes au service exclusif de la France","publisher":{"@id":"https:\/\/aassdn.org\/amicale\/#organization"},"potentialAction":[{"@type":"SearchAction","target":{"@type":"EntryPoint","urlTemplate":"https:\/\/aassdn.org\/amicale\/?s={search_term_string}"},"query-input":{"@type":"PropertyValueSpecification","valueRequired":true,"valueName":"search_term_string"}}],"inLanguage":"fr-FR"},{"@type":"Organization","@id":"https:\/\/aassdn.org\/amicale\/#organization","name":"AASSDN | Anciens et Amis des Services Sp\u00e9ciaux","url":"https:\/\/aassdn.org\/amicale\/","logo":{"@type":"ImageObject","inLanguage":"fr-FR","@id":"https:\/\/aassdn.org\/amicale\/#\/schema\/logo\/image\/","url":"https:\/\/aassdn.org\/amicale\/wp-content\/uploads\/Logo_AASSDN_transparent2.png","contentUrl":"https:\/\/aassdn.org\/amicale\/wp-content\/uploads\/Logo_AASSDN_transparent2.png","width":1832,"height":1609,"caption":"AASSDN | Anciens et Amis des Services Sp\u00e9ciaux"},"image":{"@id":"https:\/\/aassdn.org\/amicale\/#\/schema\/logo\/image\/"}},{"@type":"Person","@id":"https:\/\/aassdn.org\/amicale\/#\/schema\/person\/73800712a272e6d58a10a86ea9e59671","name":"AASSDN","image":{"@type":"ImageObject","inLanguage":"fr-FR","@id":"https:\/\/secure.gravatar.com\/avatar\/9653808d17788562e72d77e426d8d02775774239aefd00a9b4e852423d8e9d7e?s=96&d=mm&r=g","url":"https:\/\/secure.gravatar.com\/avatar\/9653808d17788562e72d77e426d8d02775774239aefd00a9b4e852423d8e9d7e?s=96&d=mm&r=g","contentUrl":"https:\/\/secure.gravatar.com\/avatar\/9653808d17788562e72d77e426d8d02775774239aefd00a9b4e852423d8e9d7e?s=96&d=mm&r=g","caption":"AASSDN"},"sameAs":["https:\/\/aassdn.org\/amicale"],"url":"https:\/\/aassdn.org\/amicale\/author\/wordpress\/"}]}},"_links":{"self":[{"href":"https:\/\/aassdn.org\/amicale\/wp-json\/wp\/v2\/posts\/2241","targetHints":{"allow":["GET"]}}],"collection":[{"href":"https:\/\/aassdn.org\/amicale\/wp-json\/wp\/v2\/posts"}],"about":[{"href":"https:\/\/aassdn.org\/amicale\/wp-json\/wp\/v2\/types\/post"}],"author":[{"embeddable":true,"href":"https:\/\/aassdn.org\/amicale\/wp-json\/wp\/v2\/users\/1"}],"replies":[{"embeddable":true,"href":"https:\/\/aassdn.org\/amicale\/wp-json\/wp\/v2\/comments?post=2241"}],"version-history":[{"count":0,"href":"https:\/\/aassdn.org\/amicale\/wp-json\/wp\/v2\/posts\/2241\/revisions"}],"wp:attachment":[{"href":"https:\/\/aassdn.org\/amicale\/wp-json\/wp\/v2\/media?parent=2241"}],"wp:term":[{"taxonomy":"category","embeddable":true,"href":"https:\/\/aassdn.org\/amicale\/wp-json\/wp\/v2\/categories?post=2241"},{"taxonomy":"post_tag","embeddable":true,"href":"https:\/\/aassdn.org\/amicale\/wp-json\/wp\/v2\/tags?post=2241"}],"curies":[{"name":"wp","href":"https:\/\/api.w.org\/{rel}","templated":true}]}}