{"id":2224,"date":"2021-10-29T10:00:00","date_gmt":"2021-10-29T08:00:00","guid":{"rendered":"https:\/\/aassdn.org\/amicale\/extrait-du-bulletin-le-souvenir-de-nos-disparus\/"},"modified":"2024-03-15T14:09:13","modified_gmt":"2024-03-15T13:09:13","slug":"extrait-du-bulletin-le-souvenir-de-nos-disparus","status":"publish","type":"post","link":"https:\/\/aassdn.org\/amicale\/extrait-du-bulletin-le-souvenir-de-nos-disparus\/","title":{"rendered":"Extrait du Bulletin : Le souvenir de nos disparus"},"content":{"rendered":"<td>\n<p><span>Un admirable  portrait de Mg BOYER-MAS<\/span><\/p>\n<p>par le  chanoine NARBAITZ<br \/>\n            Nous publions, extrait du quotidien \u00ab Sud-Ouest \u00bb du 21  F\u00e9vrier 1973, un passage de l&#8217;article du po\u00e8te bayonnais Pierre Expil consacr\u00e9  \u00e0 l&#8217;hommage organis\u00e9 par l&#8217;Union Bayonnaise des Arts \u00e0 la M\u00e9moire du regrett\u00e9  Mgr BOYER- MAS.<\/p>\n<p>Pour c\u00e9l\u00e9brer le souvenir d&#8217;un homme exceptionnel, l&#8217;Union  Bayonnaise des Arts avait fait appel \u00e0 un orateur lui aussi exceptionnel : M.  le Chanoine Narbaitz, Vicaire g\u00e9n\u00e9ral honoraire. <\/p>\n<p>Ayant v\u00e9cu dans l&#8217;intimit\u00e9 de Mgr Boyer-Mas en ce  merveilleux Port Royal luzien qu&#8217;\u00e9tait la seigneurie d&#8217;Etchebiague, il s&#8217;est  montr\u00e9 sup\u00e9rieurement \u00e0 la hauteur de sa t\u00e2che. Le portrait qu&#8217;il a bross\u00e9 de  cet homme et de ce destin hors s\u00e9rie a \u00e9t\u00e9 admirable de p\u00e9n\u00e9tration, de vie, de  pudeur et de tact. Ma\u00eetrisant \u00e0 merveille un sujet qui se pr\u00eatait \u00e0 d&#8217;immenses  d\u00e9veloppements, il s&#8217;en est tenu aux traits essentiels illustrant les lignes de  force d&#8217;un caract\u00e8re et d&#8217;une existence.<\/p>\n<p><strong>Fils d&#8217;un loueur de chevaux.<\/strong><br \/>\n            Rien au d\u00e9part ne semblait d\u00e9signer pour les chemins  \u00e9clatants qu&#8217;il allait parcourir Andr\u00e9-Louis-Joseph-.Antoine Boyer-Mas, n\u00e9 \u00e0  Carcassonne le 1er Ao\u00fbt 1904, assez modestement d&#8217;un p\u00e8re loueur de chevaux et  de voitures. Enfance illumin\u00e9e par la tendresse d&#8217;une m\u00e8re qui allait \u00eatre la  grande tendresse de sa vie. Etudes brillantes au petit s\u00e9minaire, puis au grand  s\u00e9minaire de Carcassonne. Ann\u00e9es d&#8217;universit\u00e9 \u00e0 la Facult\u00e9 Catholique de  Toulouse o\u00f9 il se sp\u00e9cialisa dans la patristique et le droit canon. Il  resterait toujours en lui quelque chose d&#8217;un juriste et m\u00eame d&#8217;un proc\u00e9durier \u00e0  la Balzac, pr\u00eat \u00e0 des folies pour d\u00e9fendre la justice.<\/p>\n<p><strong>Au service des r\u00e9sistants.<\/strong><br \/>\n            Devenu pr\u00eatre le 19 Juin 1928, il est nomm\u00e9 vicaire \u00e0 Limoux  o\u00f9 il n&#8217;est pas encore oubli\u00e9. La fondation \u00e0 Cusinier d&#8217;une grande \u00e9cole  m\u00e9nag\u00e8re pour jeunes filles lui est l&#8217;occasion d&#8217;entrer en rapport avec les  dominicaines de l&#8217;Annonciade de Madrid, dont il devient vite le conseiller. Par  elles, il conna\u00eetra l&#8217;Espagne qui sera sa v\u00e9ritable universit\u00e9 et m\u00eame son  univers. La guerre civile espagnole lui permet de montrer son grand coeur et  ses capacit\u00e9s d&#8217;organisateur pour l&#8217;accueil et l&#8217;aide des r\u00e9fugi\u00e9s de  Catalogne. A la fin de la guerre civile, il constate en Espagne la n\u00e9cessit\u00e9  d&#8217;une propagande fran\u00e7aise.<br \/>\n            Au d\u00e9but de la Seconde Guerre Mondiale, l&#8217;Abb\u00e9 Boyer-Mas est  mobilis\u00e9 sur place, \u00e0 Madrid, et nomm\u00e9 affect\u00e9 sp\u00e9cial gr\u00e2ce \u00e0 l&#8217;appui de son  camarade Jean Mistier.<br \/>\n            Aux heures cruciales de la d\u00e9faite et de l&#8217;asservissement,  il se fait \u00e0 Madrid le paladin d&#8217;une France qui ne veut pas mourir et ne craint  pas, d\u00e8s 1940, de s&#8217;affirmer r\u00e9sistant. Au service de tous les r\u00e9sistants  fran\u00e7ais, il met un flair unique pour rep\u00e9rer les contacts efficaces. Nomm\u00e9  attach\u00e9 culturel \u00e0 l&#8217;Ambassade de France sous le couvert d&#8217;\u00e9changes culturels,  il vient en aide aux Fran\u00e7ais incarc\u00e9r\u00e9s, noue d&#8217;utiles rapports avec les  Ambassades des Etats-Unis et de Grande-Bretagne pour la lutte contre le  nazisme.<\/p>\n<p><strong>Pr\u00eatre avant tout.<\/strong><br \/>\n            A partir de 1942, son action jusque-l\u00e0 semi-clandestine  devient publique. Apr\u00e8s le \u00a0d\u00e9barquement  en Afrique du Nord, il quitte avec \u00e9clat l&#8217;Ambassade de France, et par le biais  de la Croix-Rouge espagnole, il organise l&#8217;accueil des \u00e9vad\u00e9s de France et  r\u00e9ussit l&#8217;exploit d&#8217;acheminer vers Alger 23.000 volontaires \u00e0 travers une  Espagne officiellement li\u00e9e \u00e0 l&#8217;Allemagne. Parall\u00e8lement il vient au secours  d&#8217;innombrables juifs en d\u00e9tresse, organise des services secrets, \u00e9tablit des  contacts avec la Nonciature et la Papaut\u00e9, ce qui lui vaudra son titre de  Monseigneur.<br \/>\n            Il lui faudra attendre vingt ans pour que son oeuvre \u00e0  Madrid soit officiellement reconnue. Le Chanoine Narbaitz insiste sur le trait  essentiel d&#8230;<\/p>\n<div class=\"pdfprnt-buttons pdfprnt-buttons-post pdfprnt-bottom-right\"><a href=\"https:\/\/aassdn.org\/amicale\/wp-json\/wp\/v2\/posts\/2224?print=pdf\" class=\"pdfprnt-button pdfprnt-button-pdf\" target=\"_blank\" ><img decoding=\"async\" data-src=\"https:\/\/aassdn.org\/amicale\/wp-content\/plugins\/pdf-print\/images\/pdf.png\" alt=\"image_pdf\" title=\"Afficher le PDF\" src=\"data:image\/svg+xml;base64,PHN2ZyB3aWR0aD0iMSIgaGVpZ2h0PSIxIiB4bWxucz0iaHR0cDovL3d3dy53My5vcmcvMjAwMC9zdmciPjwvc3ZnPg==\" class=\"lazyload\" style=\"--smush-placeholder-width: 32px; --smush-placeholder-aspect-ratio: 32\/32;\" \/><\/a><a href=\"https:\/\/aassdn.org\/amicale\/wp-json\/wp\/v2\/posts\/2224?print=print\" class=\"pdfprnt-button pdfprnt-button-print\" target=\"_blank\" ><\/a><\/div>","protected":false},"excerpt":{"rendered":"<p>Un admirable portrait de Mg BOYER-MAS par le chanoine NARBAITZ Nous publions, extrait du quotidien \u00ab Sud-Ouest \u00bb du 21 F\u00e9vrier 1973, un passage de l&#8217;article du po\u00e8te bayonnais Pierre Expil consacr\u00e9 \u00e0 l&#8217;hommage organis\u00e9 par l&#8217;Union Bayonnaise des Arts \u00e0 la M\u00e9moire du regrett\u00e9 Mgr BOYER- MAS. Pour c\u00e9l\u00e9brer le souvenir d&#8217;un homme exceptionnel, [&hellip;]<\/p>\n","protected":false},"author":1,"featured_media":0,"comment_status":"closed","ping_status":"open","sticky":false,"template":"","format":"standard","meta":{"_acf_changed":false,"footnotes":""},"categories":[90],"tags":[206,645,1395,214,572],"class_list":["post-2224","post","type-post","status-publish","format-standard","hentry","category-archives-du-site","tag-debarquement","tag-hommage","tag-portrait","tag-resistance","tag-resistants"],"acf":[],"yoast_head":"<!-- This site is optimized with the Yoast SEO plugin v28.4 - https:\/\/yoast.com\/product\/yoast-seo-wordpress\/ -->\n<title>Extrait du Bulletin : Le souvenir de nos disparus | AASSDN - Anciens et Amis des Services Sp\u00e9ciaux de la D\u00e9fense Nationale<\/title>\n<meta name=\"robots\" content=\"index, follow, max-snippet:-1, max-image-preview:large, max-video-preview:-1\" \/>\n<link rel=\"canonical\" href=\"https:\/\/aassdn.org\/amicale\/extrait-du-bulletin-le-souvenir-de-nos-disparus\/\" \/>\n<meta property=\"og:locale\" content=\"fr_FR\" \/>\n<meta property=\"og:type\" content=\"article\" \/>\n<meta property=\"og:title\" content=\"Extrait du Bulletin : Le souvenir de nos disparus | AASSDN - Anciens et Amis des Services Sp\u00e9ciaux de la D\u00e9fense Nationale\" \/>\n<meta property=\"og:description\" content=\"Un admirable portrait de Mg BOYER-MAS par le chanoine NARBAITZ Nous publions, extrait du quotidien \u00ab Sud-Ouest \u00bb du 21 F\u00e9vrier 1973, un passage de l&#8217;article du po\u00e8te bayonnais Pierre Expil consacr\u00e9 \u00e0 l&#8217;hommage organis\u00e9 par l&#8217;Union Bayonnaise des Arts \u00e0 la M\u00e9moire du regrett\u00e9 Mgr BOYER- MAS. Pour c\u00e9l\u00e9brer le souvenir d&#8217;un homme exceptionnel, [&hellip;]\" \/>\n<meta property=\"og:url\" content=\"https:\/\/aassdn.org\/amicale\/extrait-du-bulletin-le-souvenir-de-nos-disparus\/\" \/>\n<meta property=\"og:site_name\" content=\"AASSDN - Anciens et Amis des Services Sp\u00e9ciaux de la D\u00e9fense Nationale\" \/>\n<meta property=\"article:published_time\" content=\"2021-10-29T08:00:00+00:00\" \/>\n<meta property=\"article:modified_time\" content=\"2024-03-15T13:09:13+00:00\" \/>\n<meta name=\"author\" content=\"AASSDN\" \/>\n<meta name=\"twitter:card\" content=\"summary_large_image\" \/>\n<meta name=\"twitter:label1\" content=\"\u00c9crit par\" \/>\n\t<meta name=\"twitter:data1\" content=\"AASSDN\" \/>\n\t<meta name=\"twitter:label2\" content=\"Dur\u00e9e de lecture estim\u00e9e\" \/>\n\t<meta name=\"twitter:data2\" content=\"3 minutes\" \/>\n<script type=\"application\/ld+json\" class=\"yoast-schema-graph\">{\"@context\":\"https:\\\/\\\/schema.org\",\"@graph\":[{\"@type\":\"Article\",\"@id\":\"https:\\\/\\\/aassdn.org\\\/amicale\\\/extrait-du-bulletin-le-souvenir-de-nos-disparus\\\/#article\",\"isPartOf\":{\"@id\":\"https:\\\/\\\/aassdn.org\\\/amicale\\\/extrait-du-bulletin-le-souvenir-de-nos-disparus\\\/\"},\"author\":{\"name\":\"AASSDN\",\"@id\":\"https:\\\/\\\/aassdn.org\\\/amicale\\\/#\\\/schema\\\/person\\\/73800712a272e6d58a10a86ea9e59671\"},\"headline\":\"Extrait du Bulletin : Le souvenir de nos disparus\",\"datePublished\":\"2021-10-29T08:00:00+00:00\",\"dateModified\":\"2024-03-15T13:09:13+00:00\",\"mainEntityOfPage\":{\"@id\":\"https:\\\/\\\/aassdn.org\\\/amicale\\\/extrait-du-bulletin-le-souvenir-de-nos-disparus\\\/\"},\"wordCount\":681,\"publisher\":{\"@id\":\"https:\\\/\\\/aassdn.org\\\/amicale\\\/#organization\"},\"keywords\":[\"d\u00e9barquement\",\"hommage\",\"portrait\",\"R\u00e9sistance\",\"r\u00e9sistants\"],\"articleSection\":[\"Archives du site\"],\"inLanguage\":\"fr-FR\"},{\"@type\":\"WebPage\",\"@id\":\"https:\\\/\\\/aassdn.org\\\/amicale\\\/extrait-du-bulletin-le-souvenir-de-nos-disparus\\\/\",\"url\":\"https:\\\/\\\/aassdn.org\\\/amicale\\\/extrait-du-bulletin-le-souvenir-de-nos-disparus\\\/\",\"name\":\"Extrait du Bulletin : Le souvenir de nos disparus | AASSDN - Anciens et Amis des Services Sp\u00e9ciaux de la D\u00e9fense Nationale\",\"isPartOf\":{\"@id\":\"https:\\\/\\\/aassdn.org\\\/amicale\\\/#website\"},\"datePublished\":\"2021-10-29T08:00:00+00:00\",\"dateModified\":\"2024-03-15T13:09:13+00:00\",\"breadcrumb\":{\"@id\":\"https:\\\/\\\/aassdn.org\\\/amicale\\\/extrait-du-bulletin-le-souvenir-de-nos-disparus\\\/#breadcrumb\"},\"inLanguage\":\"fr-FR\",\"potentialAction\":[{\"@type\":\"ReadAction\",\"target\":[\"https:\\\/\\\/aassdn.org\\\/amicale\\\/extrait-du-bulletin-le-souvenir-de-nos-disparus\\\/\"]}]},{\"@type\":\"BreadcrumbList\",\"@id\":\"https:\\\/\\\/aassdn.org\\\/amicale\\\/extrait-du-bulletin-le-souvenir-de-nos-disparus\\\/#breadcrumb\",\"itemListElement\":[{\"@type\":\"ListItem\",\"position\":1,\"name\":\"Accueil\",\"item\":\"https:\\\/\\\/aassdn.org\\\/amicale\\\/\"},{\"@type\":\"ListItem\",\"position\":2,\"name\":\"Extrait du Bulletin : Le souvenir de nos disparus\"}]},{\"@type\":\"WebSite\",\"@id\":\"https:\\\/\\\/aassdn.org\\\/amicale\\\/#website\",\"url\":\"https:\\\/\\\/aassdn.org\\\/amicale\\\/\",\"name\":\"AASSDN | Anciens et Amis des Services Sp\u00e9ciaux\",\"description\":\"Services sp\u00e9ciaux : Des h\u00e9ros anonymes au service exclusif de la France\",\"publisher\":{\"@id\":\"https:\\\/\\\/aassdn.org\\\/amicale\\\/#organization\"},\"potentialAction\":[{\"@type\":\"SearchAction\",\"target\":{\"@type\":\"EntryPoint\",\"urlTemplate\":\"https:\\\/\\\/aassdn.org\\\/amicale\\\/?s={search_term_string}\"},\"query-input\":{\"@type\":\"PropertyValueSpecification\",\"valueRequired\":true,\"valueName\":\"search_term_string\"}}],\"inLanguage\":\"fr-FR\"},{\"@type\":\"Organization\",\"@id\":\"https:\\\/\\\/aassdn.org\\\/amicale\\\/#organization\",\"name\":\"AASSDN | Anciens et Amis des Services Sp\u00e9ciaux\",\"url\":\"https:\\\/\\\/aassdn.org\\\/amicale\\\/\",\"logo\":{\"@type\":\"ImageObject\",\"inLanguage\":\"fr-FR\",\"@id\":\"https:\\\/\\\/aassdn.org\\\/amicale\\\/#\\\/schema\\\/logo\\\/image\\\/\",\"url\":\"https:\\\/\\\/aassdn.org\\\/amicale\\\/wp-content\\\/uploads\\\/Logo_AASSDN_transparent2.png\",\"contentUrl\":\"https:\\\/\\\/aassdn.org\\\/amicale\\\/wp-content\\\/uploads\\\/Logo_AASSDN_transparent2.png\",\"width\":1832,\"height\":1609,\"caption\":\"AASSDN | Anciens et Amis des Services Sp\u00e9ciaux\"},\"image\":{\"@id\":\"https:\\\/\\\/aassdn.org\\\/amicale\\\/#\\\/schema\\\/logo\\\/image\\\/\"}},{\"@type\":\"Person\",\"@id\":\"https:\\\/\\\/aassdn.org\\\/amicale\\\/#\\\/schema\\\/person\\\/73800712a272e6d58a10a86ea9e59671\",\"name\":\"AASSDN\",\"image\":{\"@type\":\"ImageObject\",\"inLanguage\":\"fr-FR\",\"@id\":\"https:\\\/\\\/secure.gravatar.com\\\/avatar\\\/9653808d17788562e72d77e426d8d02775774239aefd00a9b4e852423d8e9d7e?s=96&d=mm&r=g\",\"url\":\"https:\\\/\\\/secure.gravatar.com\\\/avatar\\\/9653808d17788562e72d77e426d8d02775774239aefd00a9b4e852423d8e9d7e?s=96&d=mm&r=g\",\"contentUrl\":\"https:\\\/\\\/secure.gravatar.com\\\/avatar\\\/9653808d17788562e72d77e426d8d02775774239aefd00a9b4e852423d8e9d7e?s=96&d=mm&r=g\",\"caption\":\"AASSDN\"},\"sameAs\":[\"https:\\\/\\\/aassdn.org\\\/amicale\"],\"url\":\"https:\\\/\\\/aassdn.org\\\/amicale\\\/author\\\/wordpress\\\/\"}]}<\/script>\n<!-- \/ Yoast SEO plugin. -->","yoast_head_json":{"title":"Extrait du Bulletin : Le souvenir de nos disparus | AASSDN - Anciens et Amis des Services Sp\u00e9ciaux de la D\u00e9fense Nationale","robots":{"index":"index","follow":"follow","max-snippet":"max-snippet:-1","max-image-preview":"max-image-preview:large","max-video-preview":"max-video-preview:-1"},"canonical":"https:\/\/aassdn.org\/amicale\/extrait-du-bulletin-le-souvenir-de-nos-disparus\/","og_locale":"fr_FR","og_type":"article","og_title":"Extrait du Bulletin : Le souvenir de nos disparus | AASSDN - Anciens et Amis des Services Sp\u00e9ciaux de la D\u00e9fense Nationale","og_description":"Un admirable portrait de Mg BOYER-MAS par le chanoine NARBAITZ Nous publions, extrait du quotidien \u00ab Sud-Ouest \u00bb du 21 F\u00e9vrier 1973, un passage de l&#8217;article du po\u00e8te bayonnais Pierre Expil consacr\u00e9 \u00e0 l&#8217;hommage organis\u00e9 par l&#8217;Union Bayonnaise des Arts \u00e0 la M\u00e9moire du regrett\u00e9 Mgr BOYER- MAS. Pour c\u00e9l\u00e9brer le souvenir d&#8217;un homme exceptionnel, [&hellip;]","og_url":"https:\/\/aassdn.org\/amicale\/extrait-du-bulletin-le-souvenir-de-nos-disparus\/","og_site_name":"AASSDN - Anciens et Amis des Services Sp\u00e9ciaux de la D\u00e9fense Nationale","article_published_time":"2021-10-29T08:00:00+00:00","article_modified_time":"2024-03-15T13:09:13+00:00","author":"AASSDN","twitter_card":"summary_large_image","twitter_misc":{"\u00c9crit par":"AASSDN","Dur\u00e9e de lecture estim\u00e9e":"3 minutes"},"schema":{"@context":"https:\/\/schema.org","@graph":[{"@type":"Article","@id":"https:\/\/aassdn.org\/amicale\/extrait-du-bulletin-le-souvenir-de-nos-disparus\/#article","isPartOf":{"@id":"https:\/\/aassdn.org\/amicale\/extrait-du-bulletin-le-souvenir-de-nos-disparus\/"},"author":{"name":"AASSDN","@id":"https:\/\/aassdn.org\/amicale\/#\/schema\/person\/73800712a272e6d58a10a86ea9e59671"},"headline":"Extrait du Bulletin : Le souvenir de nos disparus","datePublished":"2021-10-29T08:00:00+00:00","dateModified":"2024-03-15T13:09:13+00:00","mainEntityOfPage":{"@id":"https:\/\/aassdn.org\/amicale\/extrait-du-bulletin-le-souvenir-de-nos-disparus\/"},"wordCount":681,"publisher":{"@id":"https:\/\/aassdn.org\/amicale\/#organization"},"keywords":["d\u00e9barquement","hommage","portrait","R\u00e9sistance","r\u00e9sistants"],"articleSection":["Archives du site"],"inLanguage":"fr-FR"},{"@type":"WebPage","@id":"https:\/\/aassdn.org\/amicale\/extrait-du-bulletin-le-souvenir-de-nos-disparus\/","url":"https:\/\/aassdn.org\/amicale\/extrait-du-bulletin-le-souvenir-de-nos-disparus\/","name":"Extrait du Bulletin : Le souvenir de nos disparus | AASSDN - Anciens et Amis des Services Sp\u00e9ciaux de la D\u00e9fense Nationale","isPartOf":{"@id":"https:\/\/aassdn.org\/amicale\/#website"},"datePublished":"2021-10-29T08:00:00+00:00","dateModified":"2024-03-15T13:09:13+00:00","breadcrumb":{"@id":"https:\/\/aassdn.org\/amicale\/extrait-du-bulletin-le-souvenir-de-nos-disparus\/#breadcrumb"},"inLanguage":"fr-FR","potentialAction":[{"@type":"ReadAction","target":["https:\/\/aassdn.org\/amicale\/extrait-du-bulletin-le-souvenir-de-nos-disparus\/"]}]},{"@type":"BreadcrumbList","@id":"https:\/\/aassdn.org\/amicale\/extrait-du-bulletin-le-souvenir-de-nos-disparus\/#breadcrumb","itemListElement":[{"@type":"ListItem","position":1,"name":"Accueil","item":"https:\/\/aassdn.org\/amicale\/"},{"@type":"ListItem","position":2,"name":"Extrait du Bulletin : Le souvenir de nos disparus"}]},{"@type":"WebSite","@id":"https:\/\/aassdn.org\/amicale\/#website","url":"https:\/\/aassdn.org\/amicale\/","name":"AASSDN | Anciens et Amis des Services Sp\u00e9ciaux","description":"Services sp\u00e9ciaux : Des h\u00e9ros anonymes au service exclusif de la France","publisher":{"@id":"https:\/\/aassdn.org\/amicale\/#organization"},"potentialAction":[{"@type":"SearchAction","target":{"@type":"EntryPoint","urlTemplate":"https:\/\/aassdn.org\/amicale\/?s={search_term_string}"},"query-input":{"@type":"PropertyValueSpecification","valueRequired":true,"valueName":"search_term_string"}}],"inLanguage":"fr-FR"},{"@type":"Organization","@id":"https:\/\/aassdn.org\/amicale\/#organization","name":"AASSDN | Anciens et Amis des Services Sp\u00e9ciaux","url":"https:\/\/aassdn.org\/amicale\/","logo":{"@type":"ImageObject","inLanguage":"fr-FR","@id":"https:\/\/aassdn.org\/amicale\/#\/schema\/logo\/image\/","url":"https:\/\/aassdn.org\/amicale\/wp-content\/uploads\/Logo_AASSDN_transparent2.png","contentUrl":"https:\/\/aassdn.org\/amicale\/wp-content\/uploads\/Logo_AASSDN_transparent2.png","width":1832,"height":1609,"caption":"AASSDN | Anciens et Amis des Services Sp\u00e9ciaux"},"image":{"@id":"https:\/\/aassdn.org\/amicale\/#\/schema\/logo\/image\/"}},{"@type":"Person","@id":"https:\/\/aassdn.org\/amicale\/#\/schema\/person\/73800712a272e6d58a10a86ea9e59671","name":"AASSDN","image":{"@type":"ImageObject","inLanguage":"fr-FR","@id":"https:\/\/secure.gravatar.com\/avatar\/9653808d17788562e72d77e426d8d02775774239aefd00a9b4e852423d8e9d7e?s=96&d=mm&r=g","url":"https:\/\/secure.gravatar.com\/avatar\/9653808d17788562e72d77e426d8d02775774239aefd00a9b4e852423d8e9d7e?s=96&d=mm&r=g","contentUrl":"https:\/\/secure.gravatar.com\/avatar\/9653808d17788562e72d77e426d8d02775774239aefd00a9b4e852423d8e9d7e?s=96&d=mm&r=g","caption":"AASSDN"},"sameAs":["https:\/\/aassdn.org\/amicale"],"url":"https:\/\/aassdn.org\/amicale\/author\/wordpress\/"}]}},"_links":{"self":[{"href":"https:\/\/aassdn.org\/amicale\/wp-json\/wp\/v2\/posts\/2224","targetHints":{"allow":["GET"]}}],"collection":[{"href":"https:\/\/aassdn.org\/amicale\/wp-json\/wp\/v2\/posts"}],"about":[{"href":"https:\/\/aassdn.org\/amicale\/wp-json\/wp\/v2\/types\/post"}],"author":[{"embeddable":true,"href":"https:\/\/aassdn.org\/amicale\/wp-json\/wp\/v2\/users\/1"}],"replies":[{"embeddable":true,"href":"https:\/\/aassdn.org\/amicale\/wp-json\/wp\/v2\/comments?post=2224"}],"version-history":[{"count":0,"href":"https:\/\/aassdn.org\/amicale\/wp-json\/wp\/v2\/posts\/2224\/revisions"}],"wp:attachment":[{"href":"https:\/\/aassdn.org\/amicale\/wp-json\/wp\/v2\/media?parent=2224"}],"wp:term":[{"taxonomy":"category","embeddable":true,"href":"https:\/\/aassdn.org\/amicale\/wp-json\/wp\/v2\/categories?post=2224"},{"taxonomy":"post_tag","embeddable":true,"href":"https:\/\/aassdn.org\/amicale\/wp-json\/wp\/v2\/tags?post=2224"}],"curies":[{"name":"wp","href":"https:\/\/api.w.org\/{rel}","templated":true}]}}