{"id":2213,"date":"2021-10-29T09:59:57","date_gmt":"2021-10-29T07:59:57","guid":{"rendered":"https:\/\/aassdn.org\/amicale\/memorial-biographies-ca-ck-2\/"},"modified":"2024-03-15T14:09:41","modified_gmt":"2024-03-15T13:09:41","slug":"memorial-biographies-ca-ck-2","status":"publish","type":"post","link":"https:\/\/aassdn.org\/amicale\/memorial-biographies-ca-ck-2\/","title":{"rendered":"Memorial &#8211; biographies Ca-Ck"},"content":{"rendered":"<td>\n<p><strong><span><a><\/a>CALVET<\/span><\/strong><\/p>\n<p><span><strong><span>Louis, Fran\u00e7ois, \u00c9mile<\/span><\/strong><\/span><\/p>\n<p><span>\u00a0<\/span><\/p>\n<p><span>\u00a0<\/span><\/p>\n<div>\n<p><strong><span>N\u00e9 le 21 ao\u00fbt 1914\u00a0 \u00e0\u00a0 Graulhet (Tarn)<\/span><\/strong><strong><span>\u00a0<\/span><\/strong><strong><span>de Emile Calvet\u00a0 et de\u00a0 Marie Duguet<\/span><\/strong><strong><span>\u00a0<\/span><\/strong><strong><span>Epouse: Jacqueline, Jeanne, Jos\u00e9phine Jaunaux<\/span><\/strong><strong><span>\u00a0<\/span><\/strong><strong><span>Profession: m\u00e9canicien garagiste<\/span><\/strong><strong><span>\u00a0<\/span><\/strong><strong><span>D\u00e9c\u00e9d\u00e9 le 16 juillet 1944\u00a0 \u00e0\u00a0 Calmont (Haute Garonne)<\/span><\/strong><strong><span>\u00a0<\/span><\/strong><\/p>\n<p><strong><span>R\u00e9seau: S.S.M.F.\/T.R. (groupe Morhange)<\/span><\/strong><strong><span>Agent P2<\/span><\/strong><\/p>\n<\/div>\n<p><span>\u00a0<\/span><\/p>\n<p><span>Louis Calvet \u00e9tait  m\u00e9canicien garagiste \u00e0 Pau. Mobilis\u00e9 en ao\u00fbt 1939, fait prisonnier \u00e0 Bondy en  juin 194O; six mois plus tard il s&#8217;\u00e9vadait.<\/span><\/p>\n<p><span>Entr\u00e9 dans la R\u00e9sistance  en janvier 1942, il est arr\u00eat\u00e9 le 3 juin 1944, mais r\u00e9ussit \u00e0 d\u00e9jouer la  surveillance de ses gardiens et rejoint le maquis de Qu\u00e9rigut (canton d&#8217;Axat,  Aude) o\u00f9 il est charg\u00e9 de la formation des cadres. En mission de liaison et de  convoyage de mat\u00e9riel \u00e0 Calmont (Haute Garonne), il est arr\u00eat\u00e9 au petit matin  du 16 juillet 1944 et fusill\u00e9 le jour m\u00eame, dans une rue de la ville, rue du  Temple. Lenfant et Vidal, du r\u00e9seau Morhange (maquis de Qu\u00e9rigut), en  t\u00e9moigneront. C&#8217;est ce qui ressort du dossier le concernant au Bureau  R\u00e9sistance.<\/span><\/p>\n<p><span>Cependant, dans le  rapport de X3, du 3 ao\u00fbt 1944, relatant la mort de M. Taillandier, il est dit  (Bulletin de l&#8217;A.A.S.S.D.N. n\u00b03, p.6): &#8220;Au petit jour, les Allemands et la  Milice, au nombre d&#8217;une cinquantaine munis d&#8217;automitrailleuses et de voitures  l\u00e9g\u00e8res cern\u00e8rent le village et se rendirent au domicile de nos agents. Ces  derniers, surpris dans leur sommeil, essay\u00e8rent courageusement de se d\u00e9fendre  mais succomb\u00e8rent sous le nombre. Lenfant et Calvet furent assassin\u00e9s dans la  chambre m\u00eame.&#8221;<\/span><\/p>\n<p><span>Louis Calvet laisse  trois enfants: Claude, 5 ans, Fran\u00e7ois, 2 ans 1\/2, Louis, 1 an.<\/span><\/p>\n<p><span>Cit\u00e9 \u00e0 l&#8217;ordre du corps  d&#8217;Arm\u00e9e, il a recevra la Croix de Guerre avec \u00e9toile de vermeil et un  t\u00e9moignage de satisfaction du Field Marshal Montgomery.<\/span><\/p>\n<p><span>\u00a0<\/span><\/p>\n<div>\n<p><em><span>R\u00e9f\u00e9rences: Archives du Bureau &#8220;R\u00e9sistance&#8221;;  Liste Font\u00e8s du 27 novembre 1997;\u00a0\u00a0  Bulletin de l&#8217;A.A.S.S.D.N. n\u00b01, p.26, n\u00b03, p.6 et n\u00b083, p.11.<\/span><\/em><\/p>\n<\/div>\n<p><em><span><br \/><\/span><\/em><\/p>\n<p><strong><span><a><\/a>CAMUS<\/span><\/strong><\/p>\n<p><span><strong><span>Laurent, Jules, \u00c9mile<\/span><\/strong><\/span><\/p>\n<p><strong><span>Pseudonyme: <\/span><\/strong><strong><span>PETIT PERE<\/span><\/strong><\/p>\n<p><span>\u00a0<\/span><\/p>\n<p><span>\u00a0<\/span><\/p>\n<div>\n<p><strong><span>N\u00e9 le 5 avril 1887\u00a0 \u00e0\u00a0 Champagney (Haute Sa\u00f4ne)<\/span><\/strong><strong><span>\u00a0<\/span><\/strong><strong><span>de Jean, Fran\u00e7ois, Augustin Camus\u00a0  et de\u00a0\u00a0 Jeanne, Honorine Charey<\/span><\/strong><strong><span>\u00a0<\/span><\/strong><strong><span>Epouse: Germaine Picareau<\/span><\/strong><strong><span>\u00a0<\/span><\/strong><strong><span>Profession: officier de carri\u00e8re<\/span><\/strong><strong><span>\u00a0<\/span><\/strong><strong><span>D\u00e9c\u00e9d\u00e9 le 18 ao\u00fbt 1944 \u00e0 Mathausen<\/span><\/strong><strong><span>\u00a0<\/span><\/strong><\/p>\n<p><strong><span>R\u00e9seau:\u00a0 S.S.M.F.\/T.R.<\/span><\/strong><strong><span>Agent P2<\/span><\/strong><\/p>\n<\/div>\n<p><span>\u00a0<\/span><\/p>\n<p><span>Saint-cyrien (promotion  Mauritanie), Laurent Camus a \u00e9t\u00e9 affect\u00e9 au 2e R\u00e9giment d&#8217;infanterie en octobre  1910. Il participa brillamment \u00e0 la guerre 1914-1918, comme chef de section  puis comme commandant de compagnie, nomm\u00e9 capitaine \u00e0 titre exceptionnel en  octobre 1914. Deux fois bless\u00e9 (trois citations dont deux \u00e0 l&#8217;ordre de  l&#8217;Arm\u00e9e), il re\u00e7ut la croix de chevalier de la L\u00e9gion d&#8217;honneur. A la suite  d&#8217;un bombardement, il fut \u00e9vacu\u00e9 le 15 ao\u00fbt 1917 pour contus&#8230;<\/p>\n<div class=\"pdfprnt-buttons pdfprnt-buttons-post pdfprnt-bottom-right\"><a href=\"https:\/\/aassdn.org\/amicale\/wp-json\/wp\/v2\/posts\/2213?print=pdf\" class=\"pdfprnt-button pdfprnt-button-pdf\" target=\"_blank\" ><img decoding=\"async\" data-src=\"https:\/\/aassdn.org\/amicale\/wp-content\/plugins\/pdf-print\/images\/pdf.png\" alt=\"image_pdf\" title=\"Afficher le PDF\" src=\"data:image\/svg+xml;base64,PHN2ZyB3aWR0aD0iMSIgaGVpZ2h0PSIxIiB4bWxucz0iaHR0cDovL3d3dy53My5vcmcvMjAwMC9zdmciPjwvc3ZnPg==\" class=\"lazyload\" style=\"--smush-placeholder-width: 32px; --smush-placeholder-aspect-ratio: 32\/32;\" \/><\/a><a href=\"https:\/\/aassdn.org\/amicale\/wp-json\/wp\/v2\/posts\/2213?print=print\" class=\"pdfprnt-button pdfprnt-button-print\" target=\"_blank\" ><\/a><\/div>","protected":false},"excerpt":{"rendered":"<p>CALVET Louis, Fran\u00e7ois, \u00c9mile \u00a0 \u00a0 N\u00e9 le 21 ao\u00fbt 1914\u00a0 \u00e0\u00a0 Graulhet (Tarn)\u00a0de Emile Calvet\u00a0 et de\u00a0 Marie Duguet\u00a0Epouse: Jacqueline, Jeanne, Jos\u00e9phine Jaunaux\u00a0Profession: m\u00e9canicien garagiste\u00a0D\u00e9c\u00e9d\u00e9 le 16 juillet 1944\u00a0 \u00e0\u00a0 Calmont (Haute Garonne)\u00a0 R\u00e9seau: S.S.M.F.\/T.R. (groupe Morhange)Agent P2 \u00a0 Louis Calvet \u00e9tait m\u00e9canicien garagiste \u00e0 Pau. Mobilis\u00e9 en ao\u00fbt 1939, fait prisonnier \u00e0 Bondy [&hellip;]<\/p>\n","protected":false},"author":1,"featured_media":0,"comment_status":"closed","ping_status":"open","sticky":false,"template":"","format":"standard","meta":{"_acf_changed":false,"footnotes":""},"categories":[90,87,91,114,99],"tags":[360,228,366,346,1439,212,214,1386,364],"class_list":["post-2213","post","type-post","status-publish","format-standard","hentry","category-archives-du-site","category-biographies","category-biographies-v2","category-europe-de-louest","category-services-allemands","tag-allemands","tag-biographies","tag-courage","tag-guerre","tag-haute-garonne","tag-memorial","tag-resistance","tag-s-s-m-f","tag-surveillance"],"acf":[],"yoast_head":"<!-- This site is optimized with the Yoast SEO plugin v27.4 - https:\/\/yoast.com\/product\/yoast-seo-wordpress\/ -->\n<title>Memorial - biographies Ca-Ck | AASSDN | Anciens et Amis des Services Sp\u00e9ciaux<\/title>\n<meta name=\"robots\" content=\"index, follow, max-snippet:-1, max-image-preview:large, max-video-preview:-1\" \/>\n<link rel=\"canonical\" href=\"https:\/\/aassdn.org\/amicale\/memorial-biographies-ca-ck-2\/\" \/>\n<meta property=\"og:locale\" content=\"fr_FR\" \/>\n<meta property=\"og:type\" content=\"article\" \/>\n<meta property=\"og:title\" content=\"Memorial - biographies Ca-Ck | AASSDN | Anciens et Amis des Services Sp\u00e9ciaux\" \/>\n<meta property=\"og:description\" content=\"CALVET Louis, Fran\u00e7ois, \u00c9mile \u00a0 \u00a0 N\u00e9 le 21 ao\u00fbt 1914\u00a0 \u00e0\u00a0 Graulhet (Tarn)\u00a0de Emile Calvet\u00a0 et de\u00a0 Marie Duguet\u00a0Epouse: Jacqueline, Jeanne, Jos\u00e9phine Jaunaux\u00a0Profession: m\u00e9canicien garagiste\u00a0D\u00e9c\u00e9d\u00e9 le 16 juillet 1944\u00a0 \u00e0\u00a0 Calmont (Haute Garonne)\u00a0 R\u00e9seau: S.S.M.F.\/T.R. (groupe Morhange)Agent P2 \u00a0 Louis Calvet \u00e9tait m\u00e9canicien garagiste \u00e0 Pau. Mobilis\u00e9 en ao\u00fbt 1939, fait prisonnier \u00e0 Bondy [&hellip;]\" \/>\n<meta property=\"og:url\" content=\"https:\/\/aassdn.org\/amicale\/memorial-biographies-ca-ck-2\/\" \/>\n<meta property=\"og:site_name\" content=\"AASSDN | Anciens et Amis des Services Sp\u00e9ciaux\" \/>\n<meta property=\"article:published_time\" content=\"2021-10-29T07:59:57+00:00\" \/>\n<meta property=\"article:modified_time\" content=\"2024-03-15T13:09:41+00:00\" \/>\n<meta name=\"author\" content=\"AASSDN\" \/>\n<meta name=\"twitter:card\" content=\"summary_large_image\" \/>\n<meta name=\"twitter:label1\" content=\"\u00c9crit par\" \/>\n\t<meta name=\"twitter:data1\" content=\"AASSDN\" \/>\n\t<meta name=\"twitter:label2\" content=\"Dur\u00e9e de lecture estim\u00e9e\" \/>\n\t<meta name=\"twitter:data2\" content=\"2 minutes\" \/>\n<script type=\"application\/ld+json\" class=\"yoast-schema-graph\">{\"@context\":\"https:\\\/\\\/schema.org\",\"@graph\":[{\"@type\":\"Article\",\"@id\":\"https:\\\/\\\/aassdn.org\\\/amicale\\\/memorial-biographies-ca-ck-2\\\/#article\",\"isPartOf\":{\"@id\":\"https:\\\/\\\/aassdn.org\\\/amicale\\\/memorial-biographies-ca-ck-2\\\/\"},\"author\":{\"name\":\"AASSDN\",\"@id\":\"https:\\\/\\\/aassdn.org\\\/amicale\\\/#\\\/schema\\\/person\\\/73800712a272e6d58a10a86ea9e59671\"},\"headline\":\"Memorial &#8211; biographies Ca-Ck\",\"datePublished\":\"2021-10-29T07:59:57+00:00\",\"dateModified\":\"2024-03-15T13:09:41+00:00\",\"mainEntityOfPage\":{\"@id\":\"https:\\\/\\\/aassdn.org\\\/amicale\\\/memorial-biographies-ca-ck-2\\\/\"},\"wordCount\":473,\"publisher\":{\"@id\":\"https:\\\/\\\/aassdn.org\\\/amicale\\\/#organization\"},\"keywords\":[\"Allemands\",\"biographies\",\"courage\",\"guerre\",\"Haute Garonne\",\"M\u00e9morial\",\"R\u00e9sistance\",\"S.S.M.F.\",\"surveillance\"],\"articleSection\":[\"Archives du site\",\"Biographies\",\"Biographies memorial\",\"Europe de l'Ouest\",\"Services allemands\"],\"inLanguage\":\"fr-FR\"},{\"@type\":\"WebPage\",\"@id\":\"https:\\\/\\\/aassdn.org\\\/amicale\\\/memorial-biographies-ca-ck-2\\\/\",\"url\":\"https:\\\/\\\/aassdn.org\\\/amicale\\\/memorial-biographies-ca-ck-2\\\/\",\"name\":\"Memorial - biographies Ca-Ck | AASSDN | Anciens et Amis des Services Sp\u00e9ciaux\",\"isPartOf\":{\"@id\":\"https:\\\/\\\/aassdn.org\\\/amicale\\\/#website\"},\"datePublished\":\"2021-10-29T07:59:57+00:00\",\"dateModified\":\"2024-03-15T13:09:41+00:00\",\"breadcrumb\":{\"@id\":\"https:\\\/\\\/aassdn.org\\\/amicale\\\/memorial-biographies-ca-ck-2\\\/#breadcrumb\"},\"inLanguage\":\"fr-FR\",\"potentialAction\":[{\"@type\":\"ReadAction\",\"target\":[\"https:\\\/\\\/aassdn.org\\\/amicale\\\/memorial-biographies-ca-ck-2\\\/\"]}]},{\"@type\":\"BreadcrumbList\",\"@id\":\"https:\\\/\\\/aassdn.org\\\/amicale\\\/memorial-biographies-ca-ck-2\\\/#breadcrumb\",\"itemListElement\":[{\"@type\":\"ListItem\",\"position\":1,\"name\":\"Accueil\",\"item\":\"https:\\\/\\\/aassdn.org\\\/amicale\\\/\"},{\"@type\":\"ListItem\",\"position\":2,\"name\":\"Memorial &#8211; biographies Ca-Ck\"}]},{\"@type\":\"WebSite\",\"@id\":\"https:\\\/\\\/aassdn.org\\\/amicale\\\/#website\",\"url\":\"https:\\\/\\\/aassdn.org\\\/amicale\\\/\",\"name\":\"AASSDN | Anciens et Amis des Services Sp\u00e9ciaux\",\"description\":\"Services sp\u00e9ciaux : Des h\u00e9ros anonymes au service exclusif de la France\",\"publisher\":{\"@id\":\"https:\\\/\\\/aassdn.org\\\/amicale\\\/#organization\"},\"potentialAction\":[{\"@type\":\"SearchAction\",\"target\":{\"@type\":\"EntryPoint\",\"urlTemplate\":\"https:\\\/\\\/aassdn.org\\\/amicale\\\/?s={search_term_string}\"},\"query-input\":{\"@type\":\"PropertyValueSpecification\",\"valueRequired\":true,\"valueName\":\"search_term_string\"}}],\"inLanguage\":\"fr-FR\"},{\"@type\":\"Organization\",\"@id\":\"https:\\\/\\\/aassdn.org\\\/amicale\\\/#organization\",\"name\":\"AASSDN | Anciens et Amis des Services Sp\u00e9ciaux\",\"url\":\"https:\\\/\\\/aassdn.org\\\/amicale\\\/\",\"logo\":{\"@type\":\"ImageObject\",\"inLanguage\":\"fr-FR\",\"@id\":\"https:\\\/\\\/aassdn.org\\\/amicale\\\/#\\\/schema\\\/logo\\\/image\\\/\",\"url\":\"https:\\\/\\\/aassdn.org\\\/amicale\\\/wp-content\\\/uploads\\\/Logo_AASSDN_transparent2.png\",\"contentUrl\":\"https:\\\/\\\/aassdn.org\\\/amicale\\\/wp-content\\\/uploads\\\/Logo_AASSDN_transparent2.png\",\"width\":1832,\"height\":1609,\"caption\":\"AASSDN | Anciens et Amis des Services Sp\u00e9ciaux\"},\"image\":{\"@id\":\"https:\\\/\\\/aassdn.org\\\/amicale\\\/#\\\/schema\\\/logo\\\/image\\\/\"}},{\"@type\":\"Person\",\"@id\":\"https:\\\/\\\/aassdn.org\\\/amicale\\\/#\\\/schema\\\/person\\\/73800712a272e6d58a10a86ea9e59671\",\"name\":\"AASSDN\",\"image\":{\"@type\":\"ImageObject\",\"inLanguage\":\"fr-FR\",\"@id\":\"https:\\\/\\\/secure.gravatar.com\\\/avatar\\\/9653808d17788562e72d77e426d8d02775774239aefd00a9b4e852423d8e9d7e?s=96&d=mm&r=g\",\"url\":\"https:\\\/\\\/secure.gravatar.com\\\/avatar\\\/9653808d17788562e72d77e426d8d02775774239aefd00a9b4e852423d8e9d7e?s=96&d=mm&r=g\",\"contentUrl\":\"https:\\\/\\\/secure.gravatar.com\\\/avatar\\\/9653808d17788562e72d77e426d8d02775774239aefd00a9b4e852423d8e9d7e?s=96&d=mm&r=g\",\"caption\":\"AASSDN\"},\"sameAs\":[\"https:\\\/\\\/aassdn.org\\\/amicale\"],\"url\":\"https:\\\/\\\/aassdn.org\\\/amicale\\\/author\\\/wordpress\\\/\"}]}<\/script>\n<!-- \/ Yoast SEO plugin. -->","yoast_head_json":{"title":"Memorial - biographies Ca-Ck | AASSDN | Anciens et Amis des Services Sp\u00e9ciaux","robots":{"index":"index","follow":"follow","max-snippet":"max-snippet:-1","max-image-preview":"max-image-preview:large","max-video-preview":"max-video-preview:-1"},"canonical":"https:\/\/aassdn.org\/amicale\/memorial-biographies-ca-ck-2\/","og_locale":"fr_FR","og_type":"article","og_title":"Memorial - biographies Ca-Ck | AASSDN | Anciens et Amis des Services Sp\u00e9ciaux","og_description":"CALVET Louis, Fran\u00e7ois, \u00c9mile \u00a0 \u00a0 N\u00e9 le 21 ao\u00fbt 1914\u00a0 \u00e0\u00a0 Graulhet (Tarn)\u00a0de Emile Calvet\u00a0 et de\u00a0 Marie Duguet\u00a0Epouse: Jacqueline, Jeanne, Jos\u00e9phine Jaunaux\u00a0Profession: m\u00e9canicien garagiste\u00a0D\u00e9c\u00e9d\u00e9 le 16 juillet 1944\u00a0 \u00e0\u00a0 Calmont (Haute Garonne)\u00a0 R\u00e9seau: S.S.M.F.\/T.R. (groupe Morhange)Agent P2 \u00a0 Louis Calvet \u00e9tait m\u00e9canicien garagiste \u00e0 Pau. Mobilis\u00e9 en ao\u00fbt 1939, fait prisonnier \u00e0 Bondy [&hellip;]","og_url":"https:\/\/aassdn.org\/amicale\/memorial-biographies-ca-ck-2\/","og_site_name":"AASSDN | Anciens et Amis des Services Sp\u00e9ciaux","article_published_time":"2021-10-29T07:59:57+00:00","article_modified_time":"2024-03-15T13:09:41+00:00","author":"AASSDN","twitter_card":"summary_large_image","twitter_misc":{"\u00c9crit par":"AASSDN","Dur\u00e9e de lecture estim\u00e9e":"2 minutes"},"schema":{"@context":"https:\/\/schema.org","@graph":[{"@type":"Article","@id":"https:\/\/aassdn.org\/amicale\/memorial-biographies-ca-ck-2\/#article","isPartOf":{"@id":"https:\/\/aassdn.org\/amicale\/memorial-biographies-ca-ck-2\/"},"author":{"name":"AASSDN","@id":"https:\/\/aassdn.org\/amicale\/#\/schema\/person\/73800712a272e6d58a10a86ea9e59671"},"headline":"Memorial &#8211; biographies Ca-Ck","datePublished":"2021-10-29T07:59:57+00:00","dateModified":"2024-03-15T13:09:41+00:00","mainEntityOfPage":{"@id":"https:\/\/aassdn.org\/amicale\/memorial-biographies-ca-ck-2\/"},"wordCount":473,"publisher":{"@id":"https:\/\/aassdn.org\/amicale\/#organization"},"keywords":["Allemands","biographies","courage","guerre","Haute Garonne","M\u00e9morial","R\u00e9sistance","S.S.M.F.","surveillance"],"articleSection":["Archives du site","Biographies","Biographies memorial","Europe de l'Ouest","Services allemands"],"inLanguage":"fr-FR"},{"@type":"WebPage","@id":"https:\/\/aassdn.org\/amicale\/memorial-biographies-ca-ck-2\/","url":"https:\/\/aassdn.org\/amicale\/memorial-biographies-ca-ck-2\/","name":"Memorial - biographies Ca-Ck | AASSDN | Anciens et Amis des Services Sp\u00e9ciaux","isPartOf":{"@id":"https:\/\/aassdn.org\/amicale\/#website"},"datePublished":"2021-10-29T07:59:57+00:00","dateModified":"2024-03-15T13:09:41+00:00","breadcrumb":{"@id":"https:\/\/aassdn.org\/amicale\/memorial-biographies-ca-ck-2\/#breadcrumb"},"inLanguage":"fr-FR","potentialAction":[{"@type":"ReadAction","target":["https:\/\/aassdn.org\/amicale\/memorial-biographies-ca-ck-2\/"]}]},{"@type":"BreadcrumbList","@id":"https:\/\/aassdn.org\/amicale\/memorial-biographies-ca-ck-2\/#breadcrumb","itemListElement":[{"@type":"ListItem","position":1,"name":"Accueil","item":"https:\/\/aassdn.org\/amicale\/"},{"@type":"ListItem","position":2,"name":"Memorial &#8211; biographies Ca-Ck"}]},{"@type":"WebSite","@id":"https:\/\/aassdn.org\/amicale\/#website","url":"https:\/\/aassdn.org\/amicale\/","name":"AASSDN | Anciens et Amis des Services Sp\u00e9ciaux","description":"Services sp\u00e9ciaux : Des h\u00e9ros anonymes au service exclusif de la France","publisher":{"@id":"https:\/\/aassdn.org\/amicale\/#organization"},"potentialAction":[{"@type":"SearchAction","target":{"@type":"EntryPoint","urlTemplate":"https:\/\/aassdn.org\/amicale\/?s={search_term_string}"},"query-input":{"@type":"PropertyValueSpecification","valueRequired":true,"valueName":"search_term_string"}}],"inLanguage":"fr-FR"},{"@type":"Organization","@id":"https:\/\/aassdn.org\/amicale\/#organization","name":"AASSDN | Anciens et Amis des Services Sp\u00e9ciaux","url":"https:\/\/aassdn.org\/amicale\/","logo":{"@type":"ImageObject","inLanguage":"fr-FR","@id":"https:\/\/aassdn.org\/amicale\/#\/schema\/logo\/image\/","url":"https:\/\/aassdn.org\/amicale\/wp-content\/uploads\/Logo_AASSDN_transparent2.png","contentUrl":"https:\/\/aassdn.org\/amicale\/wp-content\/uploads\/Logo_AASSDN_transparent2.png","width":1832,"height":1609,"caption":"AASSDN | Anciens et Amis des Services Sp\u00e9ciaux"},"image":{"@id":"https:\/\/aassdn.org\/amicale\/#\/schema\/logo\/image\/"}},{"@type":"Person","@id":"https:\/\/aassdn.org\/amicale\/#\/schema\/person\/73800712a272e6d58a10a86ea9e59671","name":"AASSDN","image":{"@type":"ImageObject","inLanguage":"fr-FR","@id":"https:\/\/secure.gravatar.com\/avatar\/9653808d17788562e72d77e426d8d02775774239aefd00a9b4e852423d8e9d7e?s=96&d=mm&r=g","url":"https:\/\/secure.gravatar.com\/avatar\/9653808d17788562e72d77e426d8d02775774239aefd00a9b4e852423d8e9d7e?s=96&d=mm&r=g","contentUrl":"https:\/\/secure.gravatar.com\/avatar\/9653808d17788562e72d77e426d8d02775774239aefd00a9b4e852423d8e9d7e?s=96&d=mm&r=g","caption":"AASSDN"},"sameAs":["https:\/\/aassdn.org\/amicale"],"url":"https:\/\/aassdn.org\/amicale\/author\/wordpress\/"}]}},"_links":{"self":[{"href":"https:\/\/aassdn.org\/amicale\/wp-json\/wp\/v2\/posts\/2213","targetHints":{"allow":["GET"]}}],"collection":[{"href":"https:\/\/aassdn.org\/amicale\/wp-json\/wp\/v2\/posts"}],"about":[{"href":"https:\/\/aassdn.org\/amicale\/wp-json\/wp\/v2\/types\/post"}],"author":[{"embeddable":true,"href":"https:\/\/aassdn.org\/amicale\/wp-json\/wp\/v2\/users\/1"}],"replies":[{"embeddable":true,"href":"https:\/\/aassdn.org\/amicale\/wp-json\/wp\/v2\/comments?post=2213"}],"version-history":[{"count":0,"href":"https:\/\/aassdn.org\/amicale\/wp-json\/wp\/v2\/posts\/2213\/revisions"}],"wp:attachment":[{"href":"https:\/\/aassdn.org\/amicale\/wp-json\/wp\/v2\/media?parent=2213"}],"wp:term":[{"taxonomy":"category","embeddable":true,"href":"https:\/\/aassdn.org\/amicale\/wp-json\/wp\/v2\/categories?post=2213"},{"taxonomy":"post_tag","embeddable":true,"href":"https:\/\/aassdn.org\/amicale\/wp-json\/wp\/v2\/tags?post=2213"}],"curies":[{"name":"wp","href":"https:\/\/api.w.org\/{rel}","templated":true}]}}