{"id":2204,"date":"2021-10-29T09:59:57","date_gmt":"2021-10-29T07:59:57","guid":{"rendered":"https:\/\/aassdn.org\/amicale\/extrait-du-bulletin-hommage-memoire-chef-descadron-kerherve\/"},"modified":"2024-04-04T11:56:59","modified_gmt":"2024-04-04T09:56:59","slug":"extrait-du-bulletin-hommage-memoire-chef-descadron-kerherve","status":"publish","type":"post","link":"https:\/\/aassdn.org\/amicale\/extrait-du-bulletin-hommage-memoire-chef-descadron-kerherve\/","title":{"rendered":"Extrait du Bulletin : Hommage m\u00e9moire chef d&#8217;escadron Kerherv\u00e9"},"content":{"rendered":"<td>\n<p>L&#8217; A.A.S.S.D.N., la Gendarmerie Nationale et Issoire       se souviennent<\/p>\n<p>Ce dimanche 4 juillet 1971 restera grav\u00e9 dans la m\u00e9moire de tous ceux qui       ont eu le privil\u00e8ge d&#8217;assister \u00e0 l&#8217;\u00e9mouvante c\u00e9r\u00e9monie organis\u00e9e       conjointement \u00e0 Issoire par l&#8217;A.A.S.S.D.N. et la Gendarmerie Nationale en       pr\u00e9sence des autorit\u00e9s locales et d&#8217;une tr\u00e8s nombreuse assistance.              Une organisation exemplaire.<\/p>\n<p>\u00a0 <\/p>\n<p> &#8230;\/&#8230;              A 11 h., deux clairons de l&#8217;\u00c9cole d&#8217;Enseignement Technique font retentir la       sonnerie du \u00ab garde-\u00e0-vous \u00bb. L&#8217;assistance se fige. Lentement,\u00a0 le       drapeau tricolore       qui recouvre la plaque et retir\u00e9. <\/p>\n<p><em>Cette plaque porte la mention<\/em> :<\/p>\n<p> CASERNE KERHERVE       CHEF D&#8217;ESCADRON DE GENDARMERIE       AGENT P.2. DES FORCES FRAN\u00c7AISES COMBATTANTES       R\u00c9SEAU SSM\/TR       ARRETE A ISSOIRE, LE 15-6-1943       POUR FAITS DE R\u00c9SISTANCE       MORT POUR LA FRANCE EN D\u00c9PORTATION       A GUSSEN, ALLEMAGNE       LE 10 JANVIER 1945                     &#8230;\/&#8230;<\/p>\n<p> ( <em>\u00a0extrait de diff\u00e9rents discours<\/em> ) <\/p>\n<p>\u00a0<\/p>\n<p><strong>Allocution du Pr\u00e9sident National.<\/strong><\/p>\n<p> &#8221; Plus d&#8217;un quart de si\u00e8cle s&#8217;est \u00e9coul\u00e9 sans que nous ayons pu rendre ce       public hommage \u00e0 un Fran\u00e7ais, digne entre tous de notre reconnaissance,       digne aussi d&#8217;avoir son nom et sa m\u00e9moire confi\u00e9s \u00e0 ce corps d&#8217;\u00e9lite qu&#8217;il a       honor\u00e9 de toute sa vie de soldat et par son sacrifice : la Gendarmerie.              Et pourtant, \u00e0 la r\u00e9flexion, cette c\u00e9r\u00e9monie vient \u00e0 son heure.       Elle vient \u00e0 son heure car le souvenir des \u00e9v\u00e9nements qui ont meurtri la       France de 1940 \u00e0 1945 pourrait sombrer dans l&#8217;indiff\u00e9rence et dans l&#8217;oubli       s&#8217;il n&#8217;\u00e9tait raviv\u00e9 par le rappel des actes h\u00e9ro\u00efques qu&#8217;ils ont suscit\u00e9s.              Oui! elle vient \u00e0 son heure, car, aujourd&#8217;hui, il appara\u00eet plus n\u00e9cessaire       que jamais de mettre en \u00e9vidence l&#8217;esprit de DEVOIR et de SACRIFICE qui a       toujours anim\u00e9 &#8211; et anime toujours notre Gendarmerie Nationale, de rappeler       hautement son in\u00e9puisable d\u00e9vouement au service d&#8217;une mission sans cesse       plus \u00e9tendue, sans cesse plus \u00e9prouvante, d&#8217;en souligner la noblesse et la       grandeur puisqu&#8217;elle s&#8217;\u00e9tend sans limite, ni solution de continuit\u00e9, de       l&#8217;homme \u00e0 la collectivit\u00e9, et du fran\u00e7ais \u00e0 la France.              Ce n&#8217;est pas le moindre m\u00e9rite de KERHERVE, de son existence exemplaire et       de sa fin glorieuse, que de permettre d&#8217;exprimer cela, maintenant ; en m\u00eame       temps que la confiance et le respect dus par la nation \u00e0 une institution qui       sait assumer les charges les plus lourdes, et parfois les plus ingrates,       avec une efficace simplicit\u00e9 et sans jamais faillir \u00e0 son devoir civique.              KERHERVE s&#8217;est \u00e9teint le 10 janvier 1945 dans la mis\u00e8re du camp de GUSSEN,       accabl\u00e9 par les souffrances et les s\u00e9vices endur\u00e9s depuis son arrestation \u00e0       Issoire 18 mois auparavant.<\/p>\n<p> Cet homme simple et robuste issu de l&#8217;aust\u00e8re lande bretonne, ch\u00e8re \u00e0 Octave       FEUILLET, celle qui entoure ELVEN et domine de loin le golfe gris du       MORBIHAN, passait brusquement dans la l\u00e9gende, apr\u00e8s avoir v\u00e9cu la plus       noble des aventures.<\/p>\n<p> Il avait 44 ans et servait d\u00e9j\u00e0 la Gendarmerie depuis 20 ans ; lorsque       commandant la Section d&#8217;ISSOIRE il prit la d\u00e9cision de refuser la d\u00e9faite et       d&#8217;aider \u00e0 la lutte contre l&#8217;envahisseur.<\/p>\n<p> Ses origines, sa formation, son \u00e2ge, sa famille tout l&#8217;incitait \u00e0 la sagesse       et \u00e0 la r\u00e9flexion ; tout aussi le poussait irr\u00e9sistiblement vers la d\u00e9fense       de son foyer, de l&#8217;honneur de son Arme, de sa Patrie.<\/p>\n<p> Depuis Juillet 1940, j&#8217;avais le privil\u00e8ge de diriger les services       clandestins de Contre-espionnage et d&#8217;avoir \u00e0 mes c\u00f4t\u00e9s, \u00e0 Clermont-Ferrand,       un homme d&#8217;une trempe exceptionnelle le Commandant JOHANES.<\/p>\n<p> Dans l&#8217;organisation que nous mettions sur pieds, il fallait des appuis s\u00fbrs       habitu\u00e9s \u00e0 &#8230;<\/p>\n<div class=\"pdfprnt-buttons pdfprnt-buttons-post pdfprnt-bottom-right\"><a href=\"https:\/\/aassdn.org\/amicale\/wp-json\/wp\/v2\/posts\/2204?print=pdf\" class=\"pdfprnt-button pdfprnt-button-pdf\" target=\"_blank\" ><img decoding=\"async\" data-src=\"https:\/\/aassdn.org\/amicale\/wp-content\/plugins\/pdf-print\/images\/pdf.png\" alt=\"image_pdf\" title=\"Afficher le PDF\" src=\"data:image\/svg+xml;base64,PHN2ZyB3aWR0aD0iMSIgaGVpZ2h0PSIxIiB4bWxucz0iaHR0cDovL3d3dy53My5vcmcvMjAwMC9zdmciPjwvc3ZnPg==\" class=\"lazyload\" style=\"--smush-placeholder-width: 32px; --smush-placeholder-aspect-ratio: 32\/32;\" \/><\/a><a href=\"https:\/\/aassdn.org\/amicale\/wp-json\/wp\/v2\/posts\/2204?print=print\" class=\"pdfprnt-button pdfprnt-button-print\" target=\"_blank\" ><\/a><\/div>","protected":false},"excerpt":{"rendered":"<p>L&#8217; A.A.S.S.D.N., la Gendarmerie Nationale et Issoire se souviennent Ce dimanche 4 juillet 1971 restera grav\u00e9 dans la m\u00e9moire de tous ceux qui ont eu le privil\u00e8ge d&#8217;assister \u00e0 l&#8217;\u00e9mouvante c\u00e9r\u00e9monie organis\u00e9e conjointement \u00e0 Issoire par l&#8217;A.A.S.S.D.N. et la Gendarmerie Nationale en pr\u00e9sence des autorit\u00e9s locales et d&#8217;une tr\u00e8s nombreuse assistance. Une organisation exemplaire. \u00a0 [&hellip;]<\/p>\n","protected":false},"author":1,"featured_media":0,"comment_status":"closed","ping_status":"open","sticky":false,"template":"","format":"standard","meta":{"_acf_changed":false,"footnotes":""},"categories":[90],"tags":[293,425,226,316,307,390,937,938,1425,356,381,475,339,214],"class_list":["post-2204","post","type-post","status-publish","format-standard","hentry","category-archives-du-site","tag-allemagne","tag-clandestin","tag-contre-espionnage","tag-decision","tag-defense","tag-espionnage","tag-francais","tag-france","tag-gendarmerie","tag-heros-de-lombre","tag-lutte","tag-manche","tag-memoire","tag-resistance"],"acf":[],"yoast_head":"<!-- This site is optimized with the Yoast SEO plugin v27.4 - https:\/\/yoast.com\/product\/yoast-seo-wordpress\/ -->\n<title>Extrait du Bulletin : Hommage m\u00e9moire chef d&#039;escadron Kerherv\u00e9 | AASSDN | Anciens et Amis des Services Sp\u00e9ciaux<\/title>\n<meta name=\"robots\" content=\"index, follow, max-snippet:-1, max-image-preview:large, max-video-preview:-1\" \/>\n<link rel=\"canonical\" href=\"https:\/\/aassdn.org\/amicale\/extrait-du-bulletin-hommage-memoire-chef-descadron-kerherve\/\" \/>\n<meta property=\"og:locale\" content=\"fr_FR\" \/>\n<meta property=\"og:type\" content=\"article\" \/>\n<meta property=\"og:title\" content=\"Extrait du Bulletin : Hommage m\u00e9moire chef d&#039;escadron Kerherv\u00e9 | AASSDN | Anciens et Amis des Services Sp\u00e9ciaux\" \/>\n<meta property=\"og:description\" content=\"L&#8217; A.A.S.S.D.N., la Gendarmerie Nationale et Issoire se souviennent Ce dimanche 4 juillet 1971 restera grav\u00e9 dans la m\u00e9moire de tous ceux qui ont eu le privil\u00e8ge d&#8217;assister \u00e0 l&#8217;\u00e9mouvante c\u00e9r\u00e9monie organis\u00e9e conjointement \u00e0 Issoire par l&#8217;A.A.S.S.D.N. et la Gendarmerie Nationale en pr\u00e9sence des autorit\u00e9s locales et d&#8217;une tr\u00e8s nombreuse assistance. Une organisation exemplaire. \u00a0 [&hellip;]\" \/>\n<meta property=\"og:url\" content=\"https:\/\/aassdn.org\/amicale\/extrait-du-bulletin-hommage-memoire-chef-descadron-kerherve\/\" \/>\n<meta property=\"og:site_name\" content=\"AASSDN | Anciens et Amis des Services Sp\u00e9ciaux\" \/>\n<meta property=\"article:published_time\" content=\"2021-10-29T07:59:57+00:00\" \/>\n<meta property=\"article:modified_time\" content=\"2024-04-04T09:56:59+00:00\" \/>\n<meta name=\"author\" content=\"AASSDN\" \/>\n<meta name=\"twitter:card\" content=\"summary_large_image\" \/>\n<meta name=\"twitter:label1\" content=\"\u00c9crit par\" \/>\n\t<meta name=\"twitter:data1\" content=\"AASSDN\" \/>\n\t<meta name=\"twitter:label2\" content=\"Dur\u00e9e de lecture estim\u00e9e\" \/>\n\t<meta name=\"twitter:data2\" content=\"3 minutes\" \/>\n<script type=\"application\/ld+json\" class=\"yoast-schema-graph\">{\"@context\":\"https:\\\/\\\/schema.org\",\"@graph\":[{\"@type\":\"Article\",\"@id\":\"https:\\\/\\\/aassdn.org\\\/amicale\\\/extrait-du-bulletin-hommage-memoire-chef-descadron-kerherve\\\/#article\",\"isPartOf\":{\"@id\":\"https:\\\/\\\/aassdn.org\\\/amicale\\\/extrait-du-bulletin-hommage-memoire-chef-descadron-kerherve\\\/\"},\"author\":{\"name\":\"AASSDN\",\"@id\":\"https:\\\/\\\/aassdn.org\\\/amicale\\\/#\\\/schema\\\/person\\\/73800712a272e6d58a10a86ea9e59671\"},\"headline\":\"Extrait du Bulletin : Hommage m\u00e9moire chef d&#8217;escadron Kerherv\u00e9\",\"datePublished\":\"2021-10-29T07:59:57+00:00\",\"dateModified\":\"2024-04-04T09:56:59+00:00\",\"mainEntityOfPage\":{\"@id\":\"https:\\\/\\\/aassdn.org\\\/amicale\\\/extrait-du-bulletin-hommage-memoire-chef-descadron-kerherve\\\/\"},\"wordCount\":635,\"publisher\":{\"@id\":\"https:\\\/\\\/aassdn.org\\\/amicale\\\/#organization\"},\"keywords\":[\"Allemagne\",\"clandestin\",\"contre-espionnage\",\"d\u00e9cision\",\"d\u00e9fense\",\"Espionnage\",\"fran\u00e7ais\",\"France\",\"Gendarmerie\",\"H\u00e9ros de l'ombre\",\"lutte\",\"Manche\",\"m\u00e9moire\",\"R\u00e9sistance\"],\"articleSection\":[\"Archives du site\"],\"inLanguage\":\"fr-FR\"},{\"@type\":\"WebPage\",\"@id\":\"https:\\\/\\\/aassdn.org\\\/amicale\\\/extrait-du-bulletin-hommage-memoire-chef-descadron-kerherve\\\/\",\"url\":\"https:\\\/\\\/aassdn.org\\\/amicale\\\/extrait-du-bulletin-hommage-memoire-chef-descadron-kerherve\\\/\",\"name\":\"Extrait du Bulletin : Hommage m\u00e9moire chef d'escadron Kerherv\u00e9 | AASSDN | Anciens et Amis des Services Sp\u00e9ciaux\",\"isPartOf\":{\"@id\":\"https:\\\/\\\/aassdn.org\\\/amicale\\\/#website\"},\"datePublished\":\"2021-10-29T07:59:57+00:00\",\"dateModified\":\"2024-04-04T09:56:59+00:00\",\"breadcrumb\":{\"@id\":\"https:\\\/\\\/aassdn.org\\\/amicale\\\/extrait-du-bulletin-hommage-memoire-chef-descadron-kerherve\\\/#breadcrumb\"},\"inLanguage\":\"fr-FR\",\"potentialAction\":[{\"@type\":\"ReadAction\",\"target\":[\"https:\\\/\\\/aassdn.org\\\/amicale\\\/extrait-du-bulletin-hommage-memoire-chef-descadron-kerherve\\\/\"]}]},{\"@type\":\"BreadcrumbList\",\"@id\":\"https:\\\/\\\/aassdn.org\\\/amicale\\\/extrait-du-bulletin-hommage-memoire-chef-descadron-kerherve\\\/#breadcrumb\",\"itemListElement\":[{\"@type\":\"ListItem\",\"position\":1,\"name\":\"Accueil\",\"item\":\"https:\\\/\\\/aassdn.org\\\/amicale\\\/\"},{\"@type\":\"ListItem\",\"position\":2,\"name\":\"Extrait du Bulletin : Hommage m\u00e9moire chef d&#8217;escadron Kerherv\u00e9\"}]},{\"@type\":\"WebSite\",\"@id\":\"https:\\\/\\\/aassdn.org\\\/amicale\\\/#website\",\"url\":\"https:\\\/\\\/aassdn.org\\\/amicale\\\/\",\"name\":\"AASSDN | Anciens et Amis des Services Sp\u00e9ciaux\",\"description\":\"Services sp\u00e9ciaux : Des h\u00e9ros anonymes au service exclusif de la France\",\"publisher\":{\"@id\":\"https:\\\/\\\/aassdn.org\\\/amicale\\\/#organization\"},\"potentialAction\":[{\"@type\":\"SearchAction\",\"target\":{\"@type\":\"EntryPoint\",\"urlTemplate\":\"https:\\\/\\\/aassdn.org\\\/amicale\\\/?s={search_term_string}\"},\"query-input\":{\"@type\":\"PropertyValueSpecification\",\"valueRequired\":true,\"valueName\":\"search_term_string\"}}],\"inLanguage\":\"fr-FR\"},{\"@type\":\"Organization\",\"@id\":\"https:\\\/\\\/aassdn.org\\\/amicale\\\/#organization\",\"name\":\"AASSDN | Anciens et Amis des Services Sp\u00e9ciaux\",\"url\":\"https:\\\/\\\/aassdn.org\\\/amicale\\\/\",\"logo\":{\"@type\":\"ImageObject\",\"inLanguage\":\"fr-FR\",\"@id\":\"https:\\\/\\\/aassdn.org\\\/amicale\\\/#\\\/schema\\\/logo\\\/image\\\/\",\"url\":\"https:\\\/\\\/aassdn.org\\\/amicale\\\/wp-content\\\/uploads\\\/Logo_AASSDN_transparent2.png\",\"contentUrl\":\"https:\\\/\\\/aassdn.org\\\/amicale\\\/wp-content\\\/uploads\\\/Logo_AASSDN_transparent2.png\",\"width\":1832,\"height\":1609,\"caption\":\"AASSDN | Anciens et Amis des Services Sp\u00e9ciaux\"},\"image\":{\"@id\":\"https:\\\/\\\/aassdn.org\\\/amicale\\\/#\\\/schema\\\/logo\\\/image\\\/\"}},{\"@type\":\"Person\",\"@id\":\"https:\\\/\\\/aassdn.org\\\/amicale\\\/#\\\/schema\\\/person\\\/73800712a272e6d58a10a86ea9e59671\",\"name\":\"AASSDN\",\"image\":{\"@type\":\"ImageObject\",\"inLanguage\":\"fr-FR\",\"@id\":\"https:\\\/\\\/secure.gravatar.com\\\/avatar\\\/9653808d17788562e72d77e426d8d02775774239aefd00a9b4e852423d8e9d7e?s=96&d=mm&r=g\",\"url\":\"https:\\\/\\\/secure.gravatar.com\\\/avatar\\\/9653808d17788562e72d77e426d8d02775774239aefd00a9b4e852423d8e9d7e?s=96&d=mm&r=g\",\"contentUrl\":\"https:\\\/\\\/secure.gravatar.com\\\/avatar\\\/9653808d17788562e72d77e426d8d02775774239aefd00a9b4e852423d8e9d7e?s=96&d=mm&r=g\",\"caption\":\"AASSDN\"},\"sameAs\":[\"https:\\\/\\\/aassdn.org\\\/amicale\"],\"url\":\"https:\\\/\\\/aassdn.org\\\/amicale\\\/author\\\/wordpress\\\/\"}]}<\/script>\n<!-- \/ Yoast SEO plugin. -->","yoast_head_json":{"title":"Extrait du Bulletin : Hommage m\u00e9moire chef d'escadron Kerherv\u00e9 | AASSDN | Anciens et Amis des Services Sp\u00e9ciaux","robots":{"index":"index","follow":"follow","max-snippet":"max-snippet:-1","max-image-preview":"max-image-preview:large","max-video-preview":"max-video-preview:-1"},"canonical":"https:\/\/aassdn.org\/amicale\/extrait-du-bulletin-hommage-memoire-chef-descadron-kerherve\/","og_locale":"fr_FR","og_type":"article","og_title":"Extrait du Bulletin : Hommage m\u00e9moire chef d'escadron Kerherv\u00e9 | AASSDN | Anciens et Amis des Services Sp\u00e9ciaux","og_description":"L&#8217; A.A.S.S.D.N., la Gendarmerie Nationale et Issoire se souviennent Ce dimanche 4 juillet 1971 restera grav\u00e9 dans la m\u00e9moire de tous ceux qui ont eu le privil\u00e8ge d&#8217;assister \u00e0 l&#8217;\u00e9mouvante c\u00e9r\u00e9monie organis\u00e9e conjointement \u00e0 Issoire par l&#8217;A.A.S.S.D.N. et la Gendarmerie Nationale en pr\u00e9sence des autorit\u00e9s locales et d&#8217;une tr\u00e8s nombreuse assistance. Une organisation exemplaire. \u00a0 [&hellip;]","og_url":"https:\/\/aassdn.org\/amicale\/extrait-du-bulletin-hommage-memoire-chef-descadron-kerherve\/","og_site_name":"AASSDN | Anciens et Amis des Services Sp\u00e9ciaux","article_published_time":"2021-10-29T07:59:57+00:00","article_modified_time":"2024-04-04T09:56:59+00:00","author":"AASSDN","twitter_card":"summary_large_image","twitter_misc":{"\u00c9crit par":"AASSDN","Dur\u00e9e de lecture estim\u00e9e":"3 minutes"},"schema":{"@context":"https:\/\/schema.org","@graph":[{"@type":"Article","@id":"https:\/\/aassdn.org\/amicale\/extrait-du-bulletin-hommage-memoire-chef-descadron-kerherve\/#article","isPartOf":{"@id":"https:\/\/aassdn.org\/amicale\/extrait-du-bulletin-hommage-memoire-chef-descadron-kerherve\/"},"author":{"name":"AASSDN","@id":"https:\/\/aassdn.org\/amicale\/#\/schema\/person\/73800712a272e6d58a10a86ea9e59671"},"headline":"Extrait du Bulletin : Hommage m\u00e9moire chef d&#8217;escadron Kerherv\u00e9","datePublished":"2021-10-29T07:59:57+00:00","dateModified":"2024-04-04T09:56:59+00:00","mainEntityOfPage":{"@id":"https:\/\/aassdn.org\/amicale\/extrait-du-bulletin-hommage-memoire-chef-descadron-kerherve\/"},"wordCount":635,"publisher":{"@id":"https:\/\/aassdn.org\/amicale\/#organization"},"keywords":["Allemagne","clandestin","contre-espionnage","d\u00e9cision","d\u00e9fense","Espionnage","fran\u00e7ais","France","Gendarmerie","H\u00e9ros de l'ombre","lutte","Manche","m\u00e9moire","R\u00e9sistance"],"articleSection":["Archives du site"],"inLanguage":"fr-FR"},{"@type":"WebPage","@id":"https:\/\/aassdn.org\/amicale\/extrait-du-bulletin-hommage-memoire-chef-descadron-kerherve\/","url":"https:\/\/aassdn.org\/amicale\/extrait-du-bulletin-hommage-memoire-chef-descadron-kerherve\/","name":"Extrait du Bulletin : Hommage m\u00e9moire chef d'escadron Kerherv\u00e9 | AASSDN | Anciens et Amis des Services Sp\u00e9ciaux","isPartOf":{"@id":"https:\/\/aassdn.org\/amicale\/#website"},"datePublished":"2021-10-29T07:59:57+00:00","dateModified":"2024-04-04T09:56:59+00:00","breadcrumb":{"@id":"https:\/\/aassdn.org\/amicale\/extrait-du-bulletin-hommage-memoire-chef-descadron-kerherve\/#breadcrumb"},"inLanguage":"fr-FR","potentialAction":[{"@type":"ReadAction","target":["https:\/\/aassdn.org\/amicale\/extrait-du-bulletin-hommage-memoire-chef-descadron-kerherve\/"]}]},{"@type":"BreadcrumbList","@id":"https:\/\/aassdn.org\/amicale\/extrait-du-bulletin-hommage-memoire-chef-descadron-kerherve\/#breadcrumb","itemListElement":[{"@type":"ListItem","position":1,"name":"Accueil","item":"https:\/\/aassdn.org\/amicale\/"},{"@type":"ListItem","position":2,"name":"Extrait du Bulletin : Hommage m\u00e9moire chef d&#8217;escadron Kerherv\u00e9"}]},{"@type":"WebSite","@id":"https:\/\/aassdn.org\/amicale\/#website","url":"https:\/\/aassdn.org\/amicale\/","name":"AASSDN | Anciens et Amis des Services Sp\u00e9ciaux","description":"Services sp\u00e9ciaux : Des h\u00e9ros anonymes au service exclusif de la France","publisher":{"@id":"https:\/\/aassdn.org\/amicale\/#organization"},"potentialAction":[{"@type":"SearchAction","target":{"@type":"EntryPoint","urlTemplate":"https:\/\/aassdn.org\/amicale\/?s={search_term_string}"},"query-input":{"@type":"PropertyValueSpecification","valueRequired":true,"valueName":"search_term_string"}}],"inLanguage":"fr-FR"},{"@type":"Organization","@id":"https:\/\/aassdn.org\/amicale\/#organization","name":"AASSDN | Anciens et Amis des Services Sp\u00e9ciaux","url":"https:\/\/aassdn.org\/amicale\/","logo":{"@type":"ImageObject","inLanguage":"fr-FR","@id":"https:\/\/aassdn.org\/amicale\/#\/schema\/logo\/image\/","url":"https:\/\/aassdn.org\/amicale\/wp-content\/uploads\/Logo_AASSDN_transparent2.png","contentUrl":"https:\/\/aassdn.org\/amicale\/wp-content\/uploads\/Logo_AASSDN_transparent2.png","width":1832,"height":1609,"caption":"AASSDN | Anciens et Amis des Services Sp\u00e9ciaux"},"image":{"@id":"https:\/\/aassdn.org\/amicale\/#\/schema\/logo\/image\/"}},{"@type":"Person","@id":"https:\/\/aassdn.org\/amicale\/#\/schema\/person\/73800712a272e6d58a10a86ea9e59671","name":"AASSDN","image":{"@type":"ImageObject","inLanguage":"fr-FR","@id":"https:\/\/secure.gravatar.com\/avatar\/9653808d17788562e72d77e426d8d02775774239aefd00a9b4e852423d8e9d7e?s=96&d=mm&r=g","url":"https:\/\/secure.gravatar.com\/avatar\/9653808d17788562e72d77e426d8d02775774239aefd00a9b4e852423d8e9d7e?s=96&d=mm&r=g","contentUrl":"https:\/\/secure.gravatar.com\/avatar\/9653808d17788562e72d77e426d8d02775774239aefd00a9b4e852423d8e9d7e?s=96&d=mm&r=g","caption":"AASSDN"},"sameAs":["https:\/\/aassdn.org\/amicale"],"url":"https:\/\/aassdn.org\/amicale\/author\/wordpress\/"}]}},"_links":{"self":[{"href":"https:\/\/aassdn.org\/amicale\/wp-json\/wp\/v2\/posts\/2204","targetHints":{"allow":["GET"]}}],"collection":[{"href":"https:\/\/aassdn.org\/amicale\/wp-json\/wp\/v2\/posts"}],"about":[{"href":"https:\/\/aassdn.org\/amicale\/wp-json\/wp\/v2\/types\/post"}],"author":[{"embeddable":true,"href":"https:\/\/aassdn.org\/amicale\/wp-json\/wp\/v2\/users\/1"}],"replies":[{"embeddable":true,"href":"https:\/\/aassdn.org\/amicale\/wp-json\/wp\/v2\/comments?post=2204"}],"version-history":[{"count":0,"href":"https:\/\/aassdn.org\/amicale\/wp-json\/wp\/v2\/posts\/2204\/revisions"}],"wp:attachment":[{"href":"https:\/\/aassdn.org\/amicale\/wp-json\/wp\/v2\/media?parent=2204"}],"wp:term":[{"taxonomy":"category","embeddable":true,"href":"https:\/\/aassdn.org\/amicale\/wp-json\/wp\/v2\/categories?post=2204"},{"taxonomy":"post_tag","embeddable":true,"href":"https:\/\/aassdn.org\/amicale\/wp-json\/wp\/v2\/tags?post=2204"}],"curies":[{"name":"wp","href":"https:\/\/api.w.org\/{rel}","templated":true}]}}