{"id":2202,"date":"2021-10-29T09:59:57","date_gmt":"2021-10-29T07:59:57","guid":{"rendered":"https:\/\/aassdn.org\/amicale\/memorial-national-noms-graves-sur-le-monument-2\/"},"modified":"2024-04-04T11:56:55","modified_gmt":"2024-04-04T09:56:55","slug":"memorial-national-noms-graves-sur-le-monument-2","status":"publish","type":"post","link":"https:\/\/aassdn.org\/amicale\/memorial-national-noms-graves-sur-le-monument-2\/","title":{"rendered":"M\u00e9morial national : noms grav\u00e9s sur le monument"},"content":{"rendered":"<td>\n<table>\n<tbody>\n<tr>\n<td><img decoding=\"async\" data-src=\"visuels\/Xkb04mon4.jpg\" src=\"data:image\/svg+xml;base64,PHN2ZyB3aWR0aD0iMSIgaGVpZ2h0PSIxIiB4bWxucz0iaHR0cDovL3d3dy53My5vcmcvMjAwMC9zdmciPjwvc3ZnPg==\" class=\"lazyload\" \/><\/td>\n<td>\n<div><span>Notre M\u00e9morial national porte, grav\u00e9s dans la pierre, les noms des membres des r\u00e9seaux du Service de renseignement et de contre-espionnage qui \u0153uvraient depuis l&#8217;automne 1940, dans la clandestinit\u00e9 en France occup\u00e9e, pour pr\u00e9parer les op\u00e9rations qui ont amen\u00e9 la lib\u00e9ration du Pays. Ces h\u00e9ros ont \u00e9t\u00e9 pris par les services de l&#8217;occupant et sont morts, fusill\u00e9s, d\u00e9capit\u00e9s, martyris\u00e9s, ou dans les camps de concentration.\u00a0<\/span><\/div>\n<\/td>\n<\/tr>\n<\/tbody>\n<\/table>\n<table>\n<tbody>\n<tr>\n<td><strong><a href=\"#A\">A<\/a><\/strong><\/td>\n<td><strong><a href=\"#B\">B<\/a><\/strong><\/td>\n<td><strong><a href=\"#C\">C<\/a><\/strong><\/td>\n<td><strong><a href=\"#D\">D<\/a><\/strong><\/td>\n<td><strong><a href=\"#E\">E<\/a><\/strong><\/td>\n<td><strong><a href=\"#F\">F<\/a><\/strong><\/td>\n<td><strong><a href=\"#G\">G<\/a><\/strong><\/td>\n<td><strong><a href=\"#H\">H<\/a><\/strong><\/td>\n<td><strong><a href=\"#I\">I<\/a><\/strong><\/td>\n<td><strong><a href=\"#J\">J<\/a><\/strong><\/td>\n<td><strong><a href=\"#K\">K<\/a><\/strong><\/td>\n<td><strong><a href=\"#L\">L<\/a><\/strong><\/td>\n<td><strong><a href=\"#M\">M<\/a><\/strong><\/td>\n<td><strong><a href=\"#N\">N<\/a><\/strong><\/td>\n<td><strong><a href=\"#O\">O<\/a><\/strong><\/td>\n<td><strong><a href=\"#P\">P<\/a><\/strong><\/td>\n<td><strong>Q<\/strong><\/td>\n<td><strong><a href=\"#R\">R<\/a><\/strong><\/td>\n<td><strong><a href=\"#S\">S<\/a><\/strong><\/td>\n<td><strong><a href=\"#T\">T<\/a><\/strong><\/td>\n<td><strong>U<\/strong><\/td>\n<td><strong><a href=\"#V\">V<\/a><\/strong><\/td>\n<td><strong><a href=\"#W\">W<\/a><\/strong><\/td>\n<td><strong>X<\/strong><\/td>\n<td><strong>Y<\/strong><\/td>\n<td><strong><a href=\"#Z\">Z<\/a><\/strong><\/td>\n<\/tr>\n<\/tbody>\n<\/table>\n<p>\u00a0<\/p>\n<table>\n<tbody>\n<tr>\n<td>\n<table>\n<tbody>\n<tr>\n<td>\n<p><img decoding=\"async\" src=\"visuels\/ABEILLE Valentin MG.jpg\" \/><\/p>\n<p><span><font><strong><a>A<\/a>BEILLE Valentin<\/strong><\/font><\/span><font><br \/><em><strong>Pseudonymes: MERIDIEN, COLLEONE, FANTASSIN, ARNOULT,   \t\t\t\tARNOUX<\/strong><\/em><\/font><\/p>\n<p><font><br \/>\n                      N\u00e9 le 8 ao\u00fbt 1907 \u00e0 Alen\u00e7on (Orne)<br \/>\n                      Profession: fonctionnaire de l&#8217;administration pr\u00e9fectorale<br \/>\n                      D\u00e9c\u00e9d\u00e9 le 2 juin 1944 \u00e0 Paris XIIIe<\/font><\/p>\n<p><font><a href=\"araMnbioAa-Al.html#ABEILLE\"><em>Voir biographie<\/em><\/a><br \/>\n  \u00a0<\/font><\/p>\n<p><font> R\u00e9seaux: S.S.M.F.\/T.R., B.C.R.A., Action M ( D.M.R. R\u00e9gion M ),   \t\t\t\tCombat, Lib\u00e9ration, Franc-tireur, d\u00e9l\u00e9gu\u00e9 du MUR (Jura et Lyon),   \t\t\t\tpromoteur du NAP<\/font><\/p>\n<\/td>\n<\/tr>\n<tr>\n<td>\n<p>\u00a0<\/p>\n<p><font><strong>ACHARD Joseph, Marie<\/strong><br \/>\n                        \u00a0<\/font><\/p>\n<p><font><br \/>\n                      N\u00e9 le 2 mars 1878, \u00e0 Lempdes (Puy de D\u00f4me)<br \/>\n                      Profession: boulanger et cultivateur<br \/>\n                      D\u00e9c\u00e9d\u00e9 le 23 f\u00e9vrier 1945 \u00e0 Buchenwald<\/font><\/p>\n<p><a href=\"araMnbioAa-Al.html#ACHARD\"><em>Voir biographie<\/em><\/a><\/p>\n<p><font><br \/>\n                      R\u00e9seau: S.S.M.F.\/T.R.<\/font><\/p>\n<\/td>\n<\/tr>\n<tr>\n<td>\n<p>\u00a0<\/p>\n<p><font><strong>AGOUTIN Georges,   \t\t\tD\u00e9sir\u00e9, Joseph<\/strong><br \/><em><strong>Pseudonymes: Alain AGNIOL, Alain AGNIEL<\/strong><\/em><\/font><\/p>\n<p><font><br \/>\n                      N\u00e9 le 22 septembre 1897 \u00e0 Mesnil-sur- Estr\u00e9e   \t\t\t(Eure)<br \/>\n                      Profession: propri\u00e9taire h\u00f4telier<br \/>\n                      D\u00e9c\u00e9d\u00e9 le 30 avril 1943 \u00e0 Issy-les-Moulineaux<\/font><\/p>\n<p><a href=\"araMnbioAa-Al.html#AGOUTIN\"><em>Voir biographie<\/em><\/a><\/p>\n<p><font><br \/>\n                      R\u00e9seaux: S.S.M.F.\/T.R. , S.R. Guerre (Poste P 2), devenu S.R.   \t\t\tKl\u00e9ber- S.R. Air<\/font><\/p>\n<\/td>\n<\/tr>\n<tr>\n<td>\n<p>\u00a0<\/p>\n<p><font><strong>AIZIER Jean, Aim\u00e9<\/strong><\/font><\/p>\n<p><font><\/p>\n<p>                      N\u00e9 le 2 juillet 1896 \u00e0 Montereau (Seine et Marne)<\/font><\/p>\n<p><font>Profession: commissaire de police<br \/>\n                      D\u00e9c\u00e9d\u00e9 le 7 mars 1944 \u00e0 Melk (Autriche)<\/font><\/p>\n<p>\u00a0<\/p>\n<p><a href=\"araMnbioAa-Al.html#AIZIER\"><em>Voir biographie<\/em><\/a><\/p>\n<p><font><\/p>\n<p>                      R\u00e9seaux: S.S.M&#8230;.<\/p>\n<div class=\"pdfprnt-buttons pdfprnt-buttons-post pdfprnt-bottom-right\"><a href=\"https:\/\/aassdn.org\/amicale\/wp-json\/wp\/v2\/posts\/2202?print=pdf\" class=\"pdfprnt-button pdfprnt-button-pdf\" target=\"_blank\" ><img decoding=\"async\" data-src=\"https:\/\/aassdn.org\/amicale\/wp-content\/plugins\/pdf-print\/images\/pdf.png\" alt=\"image_pdf\" title=\"Afficher le PDF\" src=\"data:image\/svg+xml;base64,PHN2ZyB3aWR0aD0iMSIgaGVpZ2h0PSIxIiB4bWxucz0iaHR0cDovL3d3dy53My5vcmcvMjAwMC9zdmciPjwvc3ZnPg==\" class=\"lazyload\" style=\"--smush-placeholder-width: 32px; --smush-placeholder-aspect-ratio: 32\/32;\" \/><\/a><a href=\"https:\/\/aassdn.org\/amicale\/wp-json\/wp\/v2\/posts\/2202?print=print\" class=\"pdfprnt-button pdfprnt-button-print\" target=\"_blank\" ><\/a><\/div>","protected":false},"excerpt":{"rendered":"<p>Notre M\u00e9morial national porte, grav\u00e9s dans la pierre, les noms des membres des r\u00e9seaux du Service de renseignement et de contre-espionnage qui \u0153uvraient depuis l&#8217;automne 1940, dans la clandestinit\u00e9 en France occup\u00e9e, pour pr\u00e9parer les op\u00e9rations qui ont amen\u00e9 la lib\u00e9ration du Pays. Ces h\u00e9ros ont \u00e9t\u00e9 pris par les services de l&#8217;occupant et sont [&hellip;]<\/p>\n","protected":false},"author":1,"featured_media":0,"comment_status":"closed","ping_status":"open","sticky":false,"template":"","format":"standard","meta":{"_acf_changed":false,"footnotes":""},"categories":[90,106],"tags":[226,1309,1949,356,240,419,212,262,245,389],"class_list":["post-2202","post","type-post","status-publish","format-standard","hentry","category-archives-du-site","category-renseignement","tag-contre-espionnage","tag-france-occupee","tag-heros","tag-heros-de-lombre","tag-jean-moulin","tag-liberation","tag-memorial","tag-renseignement","tag-reseau-kleber","tag-service-de-renseignement"],"acf":[],"yoast_head":"<!-- This site is optimized with the Yoast SEO plugin v27.4 - https:\/\/yoast.com\/product\/yoast-seo-wordpress\/ -->\n<title>M\u00e9morial national : noms grav\u00e9s sur le monument | AASSDN | Anciens et Amis des Services Sp\u00e9ciaux<\/title>\n<meta name=\"robots\" content=\"index, follow, max-snippet:-1, max-image-preview:large, max-video-preview:-1\" \/>\n<link rel=\"canonical\" href=\"https:\/\/aassdn.org\/amicale\/memorial-national-noms-graves-sur-le-monument-2\/\" \/>\n<meta property=\"og:locale\" content=\"fr_FR\" \/>\n<meta property=\"og:type\" content=\"article\" \/>\n<meta property=\"og:title\" content=\"M\u00e9morial national : noms grav\u00e9s sur le monument | AASSDN | Anciens et Amis des Services Sp\u00e9ciaux\" \/>\n<meta property=\"og:description\" content=\"Notre M\u00e9morial national porte, grav\u00e9s dans la pierre, les noms des membres des r\u00e9seaux du Service de renseignement et de contre-espionnage qui \u0153uvraient depuis l&#8217;automne 1940, dans la clandestinit\u00e9 en France occup\u00e9e, pour pr\u00e9parer les op\u00e9rations qui ont amen\u00e9 la lib\u00e9ration du Pays. Ces h\u00e9ros ont \u00e9t\u00e9 pris par les services de l&#8217;occupant et sont [&hellip;]\" \/>\n<meta property=\"og:url\" content=\"https:\/\/aassdn.org\/amicale\/memorial-national-noms-graves-sur-le-monument-2\/\" \/>\n<meta property=\"og:site_name\" content=\"AASSDN | Anciens et Amis des Services Sp\u00e9ciaux\" \/>\n<meta property=\"article:published_time\" content=\"2021-10-29T07:59:57+00:00\" \/>\n<meta property=\"article:modified_time\" content=\"2024-04-04T09:56:55+00:00\" \/>\n<meta name=\"author\" content=\"AASSDN\" \/>\n<meta name=\"twitter:card\" content=\"summary_large_image\" \/>\n<meta name=\"twitter:label1\" content=\"\u00c9crit par\" \/>\n\t<meta name=\"twitter:data1\" content=\"AASSDN\" \/>\n\t<meta name=\"twitter:label2\" content=\"Dur\u00e9e de lecture estim\u00e9e\" \/>\n\t<meta name=\"twitter:data2\" content=\"1 minute\" \/>\n<script type=\"application\/ld+json\" class=\"yoast-schema-graph\">{\"@context\":\"https:\\\/\\\/schema.org\",\"@graph\":[{\"@type\":\"Article\",\"@id\":\"https:\\\/\\\/aassdn.org\\\/amicale\\\/memorial-national-noms-graves-sur-le-monument-2\\\/#article\",\"isPartOf\":{\"@id\":\"https:\\\/\\\/aassdn.org\\\/amicale\\\/memorial-national-noms-graves-sur-le-monument-2\\\/\"},\"author\":{\"name\":\"AASSDN\",\"@id\":\"https:\\\/\\\/aassdn.org\\\/amicale\\\/#\\\/schema\\\/person\\\/73800712a272e6d58a10a86ea9e59671\"},\"headline\":\"M\u00e9morial national : noms grav\u00e9s sur le monument\",\"datePublished\":\"2021-10-29T07:59:57+00:00\",\"dateModified\":\"2024-04-04T09:56:55+00:00\",\"mainEntityOfPage\":{\"@id\":\"https:\\\/\\\/aassdn.org\\\/amicale\\\/memorial-national-noms-graves-sur-le-monument-2\\\/\"},\"wordCount\":290,\"publisher\":{\"@id\":\"https:\\\/\\\/aassdn.org\\\/amicale\\\/#organization\"},\"keywords\":[\"contre-espionnage\",\"France occup\u00e9e\",\"heros\",\"H\u00e9ros de l'ombre\",\"Jean Moulin\",\"Lib\u00e9ration\",\"M\u00e9morial\",\"Renseignement\",\"r\u00e9seau Kleber\",\"Service de Renseignement\"],\"articleSection\":[\"Archives du site\",\"Renseignement\"],\"inLanguage\":\"fr-FR\"},{\"@type\":\"WebPage\",\"@id\":\"https:\\\/\\\/aassdn.org\\\/amicale\\\/memorial-national-noms-graves-sur-le-monument-2\\\/\",\"url\":\"https:\\\/\\\/aassdn.org\\\/amicale\\\/memorial-national-noms-graves-sur-le-monument-2\\\/\",\"name\":\"M\u00e9morial national : noms grav\u00e9s sur le monument | AASSDN | Anciens et Amis des Services Sp\u00e9ciaux\",\"isPartOf\":{\"@id\":\"https:\\\/\\\/aassdn.org\\\/amicale\\\/#website\"},\"datePublished\":\"2021-10-29T07:59:57+00:00\",\"dateModified\":\"2024-04-04T09:56:55+00:00\",\"breadcrumb\":{\"@id\":\"https:\\\/\\\/aassdn.org\\\/amicale\\\/memorial-national-noms-graves-sur-le-monument-2\\\/#breadcrumb\"},\"inLanguage\":\"fr-FR\",\"potentialAction\":[{\"@type\":\"ReadAction\",\"target\":[\"https:\\\/\\\/aassdn.org\\\/amicale\\\/memorial-national-noms-graves-sur-le-monument-2\\\/\"]}]},{\"@type\":\"BreadcrumbList\",\"@id\":\"https:\\\/\\\/aassdn.org\\\/amicale\\\/memorial-national-noms-graves-sur-le-monument-2\\\/#breadcrumb\",\"itemListElement\":[{\"@type\":\"ListItem\",\"position\":1,\"name\":\"Accueil\",\"item\":\"https:\\\/\\\/aassdn.org\\\/amicale\\\/\"},{\"@type\":\"ListItem\",\"position\":2,\"name\":\"M\u00e9morial national : noms grav\u00e9s sur le monument\"}]},{\"@type\":\"WebSite\",\"@id\":\"https:\\\/\\\/aassdn.org\\\/amicale\\\/#website\",\"url\":\"https:\\\/\\\/aassdn.org\\\/amicale\\\/\",\"name\":\"AASSDN | Anciens et Amis des Services Sp\u00e9ciaux\",\"description\":\"Services sp\u00e9ciaux : Des h\u00e9ros anonymes au service exclusif de la France\",\"publisher\":{\"@id\":\"https:\\\/\\\/aassdn.org\\\/amicale\\\/#organization\"},\"potentialAction\":[{\"@type\":\"SearchAction\",\"target\":{\"@type\":\"EntryPoint\",\"urlTemplate\":\"https:\\\/\\\/aassdn.org\\\/amicale\\\/?s={search_term_string}\"},\"query-input\":{\"@type\":\"PropertyValueSpecification\",\"valueRequired\":true,\"valueName\":\"search_term_string\"}}],\"inLanguage\":\"fr-FR\"},{\"@type\":\"Organization\",\"@id\":\"https:\\\/\\\/aassdn.org\\\/amicale\\\/#organization\",\"name\":\"AASSDN | Anciens et Amis des Services Sp\u00e9ciaux\",\"url\":\"https:\\\/\\\/aassdn.org\\\/amicale\\\/\",\"logo\":{\"@type\":\"ImageObject\",\"inLanguage\":\"fr-FR\",\"@id\":\"https:\\\/\\\/aassdn.org\\\/amicale\\\/#\\\/schema\\\/logo\\\/image\\\/\",\"url\":\"https:\\\/\\\/aassdn.org\\\/amicale\\\/wp-content\\\/uploads\\\/Logo_AASSDN_transparent2.png\",\"contentUrl\":\"https:\\\/\\\/aassdn.org\\\/amicale\\\/wp-content\\\/uploads\\\/Logo_AASSDN_transparent2.png\",\"width\":1832,\"height\":1609,\"caption\":\"AASSDN | Anciens et Amis des Services Sp\u00e9ciaux\"},\"image\":{\"@id\":\"https:\\\/\\\/aassdn.org\\\/amicale\\\/#\\\/schema\\\/logo\\\/image\\\/\"}},{\"@type\":\"Person\",\"@id\":\"https:\\\/\\\/aassdn.org\\\/amicale\\\/#\\\/schema\\\/person\\\/73800712a272e6d58a10a86ea9e59671\",\"name\":\"AASSDN\",\"image\":{\"@type\":\"ImageObject\",\"inLanguage\":\"fr-FR\",\"@id\":\"https:\\\/\\\/secure.gravatar.com\\\/avatar\\\/9653808d17788562e72d77e426d8d02775774239aefd00a9b4e852423d8e9d7e?s=96&d=mm&r=g\",\"url\":\"https:\\\/\\\/secure.gravatar.com\\\/avatar\\\/9653808d17788562e72d77e426d8d02775774239aefd00a9b4e852423d8e9d7e?s=96&d=mm&r=g\",\"contentUrl\":\"https:\\\/\\\/secure.gravatar.com\\\/avatar\\\/9653808d17788562e72d77e426d8d02775774239aefd00a9b4e852423d8e9d7e?s=96&d=mm&r=g\",\"caption\":\"AASSDN\"},\"sameAs\":[\"https:\\\/\\\/aassdn.org\\\/amicale\"],\"url\":\"https:\\\/\\\/aassdn.org\\\/amicale\\\/author\\\/wordpress\\\/\"}]}<\/script>\n<!-- \/ Yoast SEO plugin. -->","yoast_head_json":{"title":"M\u00e9morial national : noms grav\u00e9s sur le monument | AASSDN | Anciens et Amis des Services Sp\u00e9ciaux","robots":{"index":"index","follow":"follow","max-snippet":"max-snippet:-1","max-image-preview":"max-image-preview:large","max-video-preview":"max-video-preview:-1"},"canonical":"https:\/\/aassdn.org\/amicale\/memorial-national-noms-graves-sur-le-monument-2\/","og_locale":"fr_FR","og_type":"article","og_title":"M\u00e9morial national : noms grav\u00e9s sur le monument | AASSDN | Anciens et Amis des Services Sp\u00e9ciaux","og_description":"Notre M\u00e9morial national porte, grav\u00e9s dans la pierre, les noms des membres des r\u00e9seaux du Service de renseignement et de contre-espionnage qui \u0153uvraient depuis l&#8217;automne 1940, dans la clandestinit\u00e9 en France occup\u00e9e, pour pr\u00e9parer les op\u00e9rations qui ont amen\u00e9 la lib\u00e9ration du Pays. Ces h\u00e9ros ont \u00e9t\u00e9 pris par les services de l&#8217;occupant et sont [&hellip;]","og_url":"https:\/\/aassdn.org\/amicale\/memorial-national-noms-graves-sur-le-monument-2\/","og_site_name":"AASSDN | Anciens et Amis des Services Sp\u00e9ciaux","article_published_time":"2021-10-29T07:59:57+00:00","article_modified_time":"2024-04-04T09:56:55+00:00","author":"AASSDN","twitter_card":"summary_large_image","twitter_misc":{"\u00c9crit par":"AASSDN","Dur\u00e9e de lecture estim\u00e9e":"1 minute"},"schema":{"@context":"https:\/\/schema.org","@graph":[{"@type":"Article","@id":"https:\/\/aassdn.org\/amicale\/memorial-national-noms-graves-sur-le-monument-2\/#article","isPartOf":{"@id":"https:\/\/aassdn.org\/amicale\/memorial-national-noms-graves-sur-le-monument-2\/"},"author":{"name":"AASSDN","@id":"https:\/\/aassdn.org\/amicale\/#\/schema\/person\/73800712a272e6d58a10a86ea9e59671"},"headline":"M\u00e9morial national : noms grav\u00e9s sur le monument","datePublished":"2021-10-29T07:59:57+00:00","dateModified":"2024-04-04T09:56:55+00:00","mainEntityOfPage":{"@id":"https:\/\/aassdn.org\/amicale\/memorial-national-noms-graves-sur-le-monument-2\/"},"wordCount":290,"publisher":{"@id":"https:\/\/aassdn.org\/amicale\/#organization"},"keywords":["contre-espionnage","France occup\u00e9e","heros","H\u00e9ros de l'ombre","Jean Moulin","Lib\u00e9ration","M\u00e9morial","Renseignement","r\u00e9seau Kleber","Service de Renseignement"],"articleSection":["Archives du site","Renseignement"],"inLanguage":"fr-FR"},{"@type":"WebPage","@id":"https:\/\/aassdn.org\/amicale\/memorial-national-noms-graves-sur-le-monument-2\/","url":"https:\/\/aassdn.org\/amicale\/memorial-national-noms-graves-sur-le-monument-2\/","name":"M\u00e9morial national : noms grav\u00e9s sur le monument | AASSDN | Anciens et Amis des Services Sp\u00e9ciaux","isPartOf":{"@id":"https:\/\/aassdn.org\/amicale\/#website"},"datePublished":"2021-10-29T07:59:57+00:00","dateModified":"2024-04-04T09:56:55+00:00","breadcrumb":{"@id":"https:\/\/aassdn.org\/amicale\/memorial-national-noms-graves-sur-le-monument-2\/#breadcrumb"},"inLanguage":"fr-FR","potentialAction":[{"@type":"ReadAction","target":["https:\/\/aassdn.org\/amicale\/memorial-national-noms-graves-sur-le-monument-2\/"]}]},{"@type":"BreadcrumbList","@id":"https:\/\/aassdn.org\/amicale\/memorial-national-noms-graves-sur-le-monument-2\/#breadcrumb","itemListElement":[{"@type":"ListItem","position":1,"name":"Accueil","item":"https:\/\/aassdn.org\/amicale\/"},{"@type":"ListItem","position":2,"name":"M\u00e9morial national : noms grav\u00e9s sur le monument"}]},{"@type":"WebSite","@id":"https:\/\/aassdn.org\/amicale\/#website","url":"https:\/\/aassdn.org\/amicale\/","name":"AASSDN | Anciens et Amis des Services Sp\u00e9ciaux","description":"Services sp\u00e9ciaux : Des h\u00e9ros anonymes au service exclusif de la France","publisher":{"@id":"https:\/\/aassdn.org\/amicale\/#organization"},"potentialAction":[{"@type":"SearchAction","target":{"@type":"EntryPoint","urlTemplate":"https:\/\/aassdn.org\/amicale\/?s={search_term_string}"},"query-input":{"@type":"PropertyValueSpecification","valueRequired":true,"valueName":"search_term_string"}}],"inLanguage":"fr-FR"},{"@type":"Organization","@id":"https:\/\/aassdn.org\/amicale\/#organization","name":"AASSDN | Anciens et Amis des Services Sp\u00e9ciaux","url":"https:\/\/aassdn.org\/amicale\/","logo":{"@type":"ImageObject","inLanguage":"fr-FR","@id":"https:\/\/aassdn.org\/amicale\/#\/schema\/logo\/image\/","url":"https:\/\/aassdn.org\/amicale\/wp-content\/uploads\/Logo_AASSDN_transparent2.png","contentUrl":"https:\/\/aassdn.org\/amicale\/wp-content\/uploads\/Logo_AASSDN_transparent2.png","width":1832,"height":1609,"caption":"AASSDN | Anciens et Amis des Services Sp\u00e9ciaux"},"image":{"@id":"https:\/\/aassdn.org\/amicale\/#\/schema\/logo\/image\/"}},{"@type":"Person","@id":"https:\/\/aassdn.org\/amicale\/#\/schema\/person\/73800712a272e6d58a10a86ea9e59671","name":"AASSDN","image":{"@type":"ImageObject","inLanguage":"fr-FR","@id":"https:\/\/secure.gravatar.com\/avatar\/9653808d17788562e72d77e426d8d02775774239aefd00a9b4e852423d8e9d7e?s=96&d=mm&r=g","url":"https:\/\/secure.gravatar.com\/avatar\/9653808d17788562e72d77e426d8d02775774239aefd00a9b4e852423d8e9d7e?s=96&d=mm&r=g","contentUrl":"https:\/\/secure.gravatar.com\/avatar\/9653808d17788562e72d77e426d8d02775774239aefd00a9b4e852423d8e9d7e?s=96&d=mm&r=g","caption":"AASSDN"},"sameAs":["https:\/\/aassdn.org\/amicale"],"url":"https:\/\/aassdn.org\/amicale\/author\/wordpress\/"}]}},"_links":{"self":[{"href":"https:\/\/aassdn.org\/amicale\/wp-json\/wp\/v2\/posts\/2202","targetHints":{"allow":["GET"]}}],"collection":[{"href":"https:\/\/aassdn.org\/amicale\/wp-json\/wp\/v2\/posts"}],"about":[{"href":"https:\/\/aassdn.org\/amicale\/wp-json\/wp\/v2\/types\/post"}],"author":[{"embeddable":true,"href":"https:\/\/aassdn.org\/amicale\/wp-json\/wp\/v2\/users\/1"}],"replies":[{"embeddable":true,"href":"https:\/\/aassdn.org\/amicale\/wp-json\/wp\/v2\/comments?post=2202"}],"version-history":[{"count":0,"href":"https:\/\/aassdn.org\/amicale\/wp-json\/wp\/v2\/posts\/2202\/revisions"}],"wp:attachment":[{"href":"https:\/\/aassdn.org\/amicale\/wp-json\/wp\/v2\/media?parent=2202"}],"wp:term":[{"taxonomy":"category","embeddable":true,"href":"https:\/\/aassdn.org\/amicale\/wp-json\/wp\/v2\/categories?post=2202"},{"taxonomy":"post_tag","embeddable":true,"href":"https:\/\/aassdn.org\/amicale\/wp-json\/wp\/v2\/tags?post=2202"}],"curies":[{"name":"wp","href":"https:\/\/api.w.org\/{rel}","templated":true}]}}