{"id":2191,"date":"2021-10-29T09:59:55","date_gmt":"2021-10-29T07:59:55","guid":{"rendered":"https:\/\/aassdn.org\/amicale\/archives-du-site-jean-pichot-duclos-2\/"},"modified":"2024-03-02T15:23:15","modified_gmt":"2024-03-02T14:23:15","slug":"archives-du-site-jean-pichot-duclos-2","status":"publish","type":"post","link":"https:\/\/aassdn.org\/amicale\/archives-du-site-jean-pichot-duclos-2\/","title":{"rendered":"Archives du site &#8211; Jean PICHOT-DUCLOS"},"content":{"rendered":"<td>\n<p>\u00a0 <\/p>\n<table>\n<tbody>\n<tr>\n<td>\n<p><img decoding=\"async\" data-src=\"visuels\/PICHOT2.jpg\" src=\"data:image\/svg+xml;base64,PHN2ZyB3aWR0aD0iMSIgaGVpZ2h0PSIxIiB4bWxucz0iaHR0cDovL3d3dy53My5vcmcvMjAwMC9zdmciPjwvc3ZnPg==\" class=\"lazyload\" \/><\/p>\n<p><img decoding=\"async\" data-src=\"visuels\/Pichot.jpg\" src=\"data:image\/svg+xml;base64,PHN2ZyB3aWR0aD0iMSIgaGVpZ2h0PSIxIiB4bWxucz0iaHR0cDovL3d3dy53My5vcmcvMjAwMC9zdmciPjwvc3ZnPg==\" class=\"lazyload\" \/><\/p>\n<p>Jean Pichot-Duclos<\/p>\n<\/td>\n<td>\n<div>\n<p><strong><a> Le g\u00e9n\u00e9ral Pichot-Duclos est d\u00e9c\u00e9d\u00e9 mardi 8 mars 2011, apr\u00e8s-midi. <\/a><\/strong><\/p>\n<p><strong><a>Saint-Cyrien de la promotion  1956-1958 GENERAL LAPERRINE, le g\u00e9n\u00e9ral Jean Pichot-Duclos a servi en Alg\u00e9rie au 1er REP avant d&#8217;accomplir l&#8217;essentiel de sa carri\u00e8re en corps de troupe dans les bataillons alpins.  <\/a><\/strong><\/p>\n<p><strong><a>A l\u2019issue de son temps de capitaine, il suit les cours des langues orientales et de relations internationales de &#8220;Sciences Po&#8221;, se pr\u00e9parant ainsi au r\u00f4le essentiel qu\u2019il jouera plus tard dans le renseignement fran\u00e7ais et plus particuli\u00e8rement dans l\u2019Intelligence \u00e9conomique. <\/a><\/strong><\/p>\n<p><strong><a>Il commande ensuite le 27\u00b0BCA.  <\/a><\/strong><\/p>\n<p><strong><a>En pleine Guerre froide, il effectue trois s\u00e9jours en Europe de l&#8217;Est, deux \u00e0 Prague et un \u00e0 Varsovie comme attach\u00e9 militaire.  <\/a><\/strong><\/p>\n<p><strong><a>Nomm\u00e9 g\u00e9n\u00e9ral, Il commande pendant  4 ans, \u00e0 Strasbourg,  l&#8217;Ecole Interarm\u00e9es du Renseignement et des Etudes Linguistiques (EIREL).  <\/a><\/strong><\/p>\n<p><strong><a>Quittant le service actif en 1992, il entre \u00e0  DCI &#8211; D\u00e9fense Conseil International &#8211; o\u00f9 il cr\u00e9e une cellule d&#8217;intelligence \u00e9conomique, qui a particip\u00e9 activement aux travaux de la Commission Martre. En 1997, il a fond\u00e9 avec Christian Harbulot l&#8217;Ecole de Guerre Economique, l&#8217;EGE.   <\/a><\/strong><\/p>\n<p><strong><a>Il avait rejoint l\u2019AASSDN d\u00e8s 1992  et avait \u00e9t\u00e9 \u00e9lu au conseil d\u2019administration. Durant plusieurs ann\u00e9es, il avait assur\u00e9 la charge de D\u00e9l\u00e9gu\u00e9 r\u00e9gional.  <\/a><\/strong><\/p>\n<\/div>\n<\/td>\n<\/tr>\n<tr>\n<td>\n<div><img decoding=\"async\" data-src=\"visuels\/Pichot3.jpg\" src=\"data:image\/svg+xml;base64,PHN2ZyB3aWR0aD0iMSIgaGVpZ2h0PSIxIiB4bWxucz0iaHR0cDovL3d3dy53My5vcmcvMjAwMC9zdmciPjwvc3ZnPg==\" class=\"lazyload\" \/><\/div>\n<\/td>\n<\/tr>\n<\/tbody>\n<\/table>\n<p><strong>L\u2019homme sans qui rien ne se serait pass\u00e9<\/strong>  Mercredi, 09 Mars 2011 11:43 <\/p>\n<p> Le g\u00e9n\u00e9ral Jean Pichot Duclos, qui nous a quitt\u00e9s cette semaine, a \u00e9t\u00e9 l&#8217;un des pionniers de l&#8217;Intelligence Economique en France. Christian Harbulot, avec qui il a fond\u00e9 l&#8217;Ecole de Guerre Economique, t\u00e9moigne.<\/p>\n<p> &#8220;Le g\u00e9n\u00e9ral Jean Pichot Duclos nous a quitt\u00e9s.  L\u2019intelligence \u00e9conomique lui doit beaucoup. Et je ne pouvais pas le laisser partir sans rappeler le r\u00f4le fondamental qu\u2019il a jou\u00e9 dans le lancement de cette d\u00e9marche en France. <\/p>\n<p>Tout commence au d\u00e9but des ann\u00e9es 90. Le g\u00e9n\u00e9ral Pichot Duclos termine son temps de commandement \u00e0 la t\u00eate de l\u2019Ecole Interarm\u00e9es du Renseignement et des Etudes Linguistiques. Il r\u00e9dige un article dans la Revue de la D\u00e9fense Nationale sur la culture du renseignement. Philippe Baumard nous met en relation.  <\/p>\n<p>C\u2019est de cette rencontre que va na\u00eetre le processus qui aboutit au rapport Martre. A l\u2019\u00e9poque, Baumard et moi-m\u00eame tentions depuis plusieurs mois de faire aboutir la constitution d\u2019un groupe de travail au Commissariat G\u00e9n\u00e9ral au Plan. Sans succ\u00e8s. <\/p>\n<p>Jean Pichot Duclos fait valider mon recrutement par le g\u00e9n\u00e9ral Mermet, alors PDG de Stratco, une filiale du groupe COGEPAG (devenu depuis D\u00e9fense Conseil International). Il existe alors une fen\u00eatre de tir : le contr\u00f4leur g\u00e9n\u00e9ral des arm\u00e9es Jouan qui pr\u00e9side alors la destin\u00e9e de ce groupe parapublic a une vision strat\u00e9gique. Il d\u00e9cide d\u2019appuyer le lancement d\u2019une dynamique sur la question des sources ouvertes afin de renforcer la comp\u00e9titivit\u00e9 de nos entreprises. Il accepte aussi de nous soutenir aupr\u00e8s du Commissariat G\u00e9n\u00e9ral au Plan. <\/p>\n<p>Dans le m\u00eame temps, fort de ce soutien, je propose \u00e0 Jean-Louis Levet nomm\u00e9 au Plan, et dont j\u2019avais fait la connaissance quand il \u00e9tait charg\u00e9 de mission aupr\u00e8s d\u2019Edith Cresson, de constituer un groupe de travail sur la question. Levet accepte. Il convainc Henri Martre de le pr\u00e9sider. La d\u00e9marche d\u2019intelligence \u00e9conomique est lanc\u00e9e. <\/p>\n<p>Si le g\u00e9n\u00e9ral Jean Pichot Duclos n\u2019avait pas \u00e9t\u00e9 l\u00e0, cet encha\u00eenement de circonstances favorables n\u2019aurait pas eu lieu. <\/p>\n<p>Mais le g\u00e9n\u00e9ral Pichot Duclos est all\u00e9 plus loin. Son implication da&#8230;<\/p>\n<div class=\"pdfprnt-buttons pdfprnt-buttons-post pdfprnt-bottom-right\"><a href=\"https:\/\/aassdn.org\/amicale\/wp-json\/wp\/v2\/posts\/2191?print=pdf\" class=\"pdfprnt-button pdfprnt-button-pdf\" target=\"_blank\" ><img decoding=\"async\" data-src=\"https:\/\/aassdn.org\/amicale\/wp-content\/plugins\/pdf-print\/images\/pdf.png\" alt=\"image_pdf\" title=\"Afficher le PDF\" src=\"data:image\/svg+xml;base64,PHN2ZyB3aWR0aD0iMSIgaGVpZ2h0PSIxIiB4bWxucz0iaHR0cDovL3d3dy53My5vcmcvMjAwMC9zdmciPjwvc3ZnPg==\" class=\"lazyload\" style=\"--smush-placeholder-width: 32px; --smush-placeholder-aspect-ratio: 32\/32;\" \/><\/a><a href=\"https:\/\/aassdn.org\/amicale\/wp-json\/wp\/v2\/posts\/2191?print=print\" class=\"pdfprnt-button pdfprnt-button-print\" target=\"_blank\" ><\/a><\/div>","protected":false},"excerpt":{"rendered":"<p>\u00a0 Jean Pichot-Duclos Le g\u00e9n\u00e9ral Pichot-Duclos est d\u00e9c\u00e9d\u00e9 mardi 8 mars 2011, apr\u00e8s-midi. Saint-Cyrien de la promotion 1956-1958 GENERAL LAPERRINE, le g\u00e9n\u00e9ral Jean Pichot-Duclos a servi en Alg\u00e9rie au 1er REP avant d&#8217;accomplir l&#8217;essentiel de sa carri\u00e8re en corps de troupe dans les bataillons alpins. A l\u2019issue de son temps de capitaine, il suit les [&hellip;]<\/p>\n","protected":false},"author":1,"featured_media":0,"comment_status":"closed","ping_status":"open","sticky":false,"template":"","format":"standard","meta":{"_acf_changed":false,"footnotes":""},"categories":[90,106],"tags":[264,208,210,209,262],"class_list":["post-2191","post","type-post","status-publish","format-standard","hentry","category-archives-du-site","category-renseignement","tag-algerie","tag-francois-mermet","tag-intelligence-economique","tag-jean-pichot-duclos","tag-renseignement"],"acf":[],"yoast_head":"<!-- This site is optimized with the Yoast SEO plugin v27.4 - https:\/\/yoast.com\/product\/yoast-seo-wordpress\/ -->\n<title>Archives du site - Jean PICHOT-DUCLOS | AASSDN | Anciens et Amis des Services Sp\u00e9ciaux<\/title>\n<meta name=\"robots\" content=\"index, follow, max-snippet:-1, max-image-preview:large, max-video-preview:-1\" \/>\n<link rel=\"canonical\" href=\"https:\/\/aassdn.org\/amicale\/archives-du-site-jean-pichot-duclos-2\/\" \/>\n<meta property=\"og:locale\" content=\"fr_FR\" \/>\n<meta property=\"og:type\" content=\"article\" \/>\n<meta property=\"og:title\" content=\"Archives du site - Jean PICHOT-DUCLOS | AASSDN | Anciens et Amis des Services Sp\u00e9ciaux\" \/>\n<meta property=\"og:description\" content=\"\u00a0 Jean Pichot-Duclos Le g\u00e9n\u00e9ral Pichot-Duclos est d\u00e9c\u00e9d\u00e9 mardi 8 mars 2011, apr\u00e8s-midi. Saint-Cyrien de la promotion 1956-1958 GENERAL LAPERRINE, le g\u00e9n\u00e9ral Jean Pichot-Duclos a servi en Alg\u00e9rie au 1er REP avant d&#8217;accomplir l&#8217;essentiel de sa carri\u00e8re en corps de troupe dans les bataillons alpins. A l\u2019issue de son temps de capitaine, il suit les [&hellip;]\" \/>\n<meta property=\"og:url\" content=\"https:\/\/aassdn.org\/amicale\/archives-du-site-jean-pichot-duclos-2\/\" \/>\n<meta property=\"og:site_name\" content=\"AASSDN | Anciens et Amis des Services Sp\u00e9ciaux\" \/>\n<meta property=\"article:published_time\" content=\"2021-10-29T07:59:55+00:00\" \/>\n<meta property=\"article:modified_time\" content=\"2024-03-02T14:23:15+00:00\" \/>\n<meta name=\"author\" content=\"AASSDN\" \/>\n<meta name=\"twitter:card\" content=\"summary_large_image\" \/>\n<meta name=\"twitter:label1\" content=\"\u00c9crit par\" \/>\n\t<meta name=\"twitter:data1\" content=\"AASSDN\" \/>\n\t<meta name=\"twitter:label2\" content=\"Dur\u00e9e de lecture estim\u00e9e\" \/>\n\t<meta name=\"twitter:data2\" content=\"3 minutes\" \/>\n<script type=\"application\/ld+json\" class=\"yoast-schema-graph\">{\"@context\":\"https:\\\/\\\/schema.org\",\"@graph\":[{\"@type\":\"Article\",\"@id\":\"https:\\\/\\\/aassdn.org\\\/amicale\\\/archives-du-site-jean-pichot-duclos-2\\\/#article\",\"isPartOf\":{\"@id\":\"https:\\\/\\\/aassdn.org\\\/amicale\\\/archives-du-site-jean-pichot-duclos-2\\\/\"},\"author\":{\"name\":\"AASSDN\",\"@id\":\"https:\\\/\\\/aassdn.org\\\/amicale\\\/#\\\/schema\\\/person\\\/73800712a272e6d58a10a86ea9e59671\"},\"headline\":\"Archives du site &#8211; Jean PICHOT-DUCLOS\",\"datePublished\":\"2021-10-29T07:59:55+00:00\",\"dateModified\":\"2024-03-02T14:23:15+00:00\",\"mainEntityOfPage\":{\"@id\":\"https:\\\/\\\/aassdn.org\\\/amicale\\\/archives-du-site-jean-pichot-duclos-2\\\/\"},\"wordCount\":632,\"publisher\":{\"@id\":\"https:\\\/\\\/aassdn.org\\\/amicale\\\/#organization\"},\"keywords\":[\"Alg\u00e9rie\",\"Fran\u00e7ois Mermet\",\"intelligence \u00e9conomique\",\"Jean Pichot-Duclos\",\"Renseignement\"],\"articleSection\":[\"Archives du site\",\"Renseignement\"],\"inLanguage\":\"fr-FR\"},{\"@type\":\"WebPage\",\"@id\":\"https:\\\/\\\/aassdn.org\\\/amicale\\\/archives-du-site-jean-pichot-duclos-2\\\/\",\"url\":\"https:\\\/\\\/aassdn.org\\\/amicale\\\/archives-du-site-jean-pichot-duclos-2\\\/\",\"name\":\"Archives du site - Jean PICHOT-DUCLOS | AASSDN | Anciens et Amis des Services Sp\u00e9ciaux\",\"isPartOf\":{\"@id\":\"https:\\\/\\\/aassdn.org\\\/amicale\\\/#website\"},\"datePublished\":\"2021-10-29T07:59:55+00:00\",\"dateModified\":\"2024-03-02T14:23:15+00:00\",\"breadcrumb\":{\"@id\":\"https:\\\/\\\/aassdn.org\\\/amicale\\\/archives-du-site-jean-pichot-duclos-2\\\/#breadcrumb\"},\"inLanguage\":\"fr-FR\",\"potentialAction\":[{\"@type\":\"ReadAction\",\"target\":[\"https:\\\/\\\/aassdn.org\\\/amicale\\\/archives-du-site-jean-pichot-duclos-2\\\/\"]}]},{\"@type\":\"BreadcrumbList\",\"@id\":\"https:\\\/\\\/aassdn.org\\\/amicale\\\/archives-du-site-jean-pichot-duclos-2\\\/#breadcrumb\",\"itemListElement\":[{\"@type\":\"ListItem\",\"position\":1,\"name\":\"Accueil\",\"item\":\"https:\\\/\\\/aassdn.org\\\/amicale\\\/\"},{\"@type\":\"ListItem\",\"position\":2,\"name\":\"Archives du site &#8211; Jean PICHOT-DUCLOS\"}]},{\"@type\":\"WebSite\",\"@id\":\"https:\\\/\\\/aassdn.org\\\/amicale\\\/#website\",\"url\":\"https:\\\/\\\/aassdn.org\\\/amicale\\\/\",\"name\":\"AASSDN | Anciens et Amis des Services Sp\u00e9ciaux\",\"description\":\"Services sp\u00e9ciaux : Des h\u00e9ros anonymes au service exclusif de la France\",\"publisher\":{\"@id\":\"https:\\\/\\\/aassdn.org\\\/amicale\\\/#organization\"},\"potentialAction\":[{\"@type\":\"SearchAction\",\"target\":{\"@type\":\"EntryPoint\",\"urlTemplate\":\"https:\\\/\\\/aassdn.org\\\/amicale\\\/?s={search_term_string}\"},\"query-input\":{\"@type\":\"PropertyValueSpecification\",\"valueRequired\":true,\"valueName\":\"search_term_string\"}}],\"inLanguage\":\"fr-FR\"},{\"@type\":\"Organization\",\"@id\":\"https:\\\/\\\/aassdn.org\\\/amicale\\\/#organization\",\"name\":\"AASSDN | Anciens et Amis des Services Sp\u00e9ciaux\",\"url\":\"https:\\\/\\\/aassdn.org\\\/amicale\\\/\",\"logo\":{\"@type\":\"ImageObject\",\"inLanguage\":\"fr-FR\",\"@id\":\"https:\\\/\\\/aassdn.org\\\/amicale\\\/#\\\/schema\\\/logo\\\/image\\\/\",\"url\":\"https:\\\/\\\/aassdn.org\\\/amicale\\\/wp-content\\\/uploads\\\/Logo_AASSDN_transparent2.png\",\"contentUrl\":\"https:\\\/\\\/aassdn.org\\\/amicale\\\/wp-content\\\/uploads\\\/Logo_AASSDN_transparent2.png\",\"width\":1832,\"height\":1609,\"caption\":\"AASSDN | Anciens et Amis des Services Sp\u00e9ciaux\"},\"image\":{\"@id\":\"https:\\\/\\\/aassdn.org\\\/amicale\\\/#\\\/schema\\\/logo\\\/image\\\/\"}},{\"@type\":\"Person\",\"@id\":\"https:\\\/\\\/aassdn.org\\\/amicale\\\/#\\\/schema\\\/person\\\/73800712a272e6d58a10a86ea9e59671\",\"name\":\"AASSDN\",\"image\":{\"@type\":\"ImageObject\",\"inLanguage\":\"fr-FR\",\"@id\":\"https:\\\/\\\/secure.gravatar.com\\\/avatar\\\/9653808d17788562e72d77e426d8d02775774239aefd00a9b4e852423d8e9d7e?s=96&d=mm&r=g\",\"url\":\"https:\\\/\\\/secure.gravatar.com\\\/avatar\\\/9653808d17788562e72d77e426d8d02775774239aefd00a9b4e852423d8e9d7e?s=96&d=mm&r=g\",\"contentUrl\":\"https:\\\/\\\/secure.gravatar.com\\\/avatar\\\/9653808d17788562e72d77e426d8d02775774239aefd00a9b4e852423d8e9d7e?s=96&d=mm&r=g\",\"caption\":\"AASSDN\"},\"sameAs\":[\"https:\\\/\\\/aassdn.org\\\/amicale\"],\"url\":\"https:\\\/\\\/aassdn.org\\\/amicale\\\/author\\\/wordpress\\\/\"}]}<\/script>\n<!-- \/ Yoast SEO plugin. -->","yoast_head_json":{"title":"Archives du site - Jean PICHOT-DUCLOS | AASSDN | Anciens et Amis des Services Sp\u00e9ciaux","robots":{"index":"index","follow":"follow","max-snippet":"max-snippet:-1","max-image-preview":"max-image-preview:large","max-video-preview":"max-video-preview:-1"},"canonical":"https:\/\/aassdn.org\/amicale\/archives-du-site-jean-pichot-duclos-2\/","og_locale":"fr_FR","og_type":"article","og_title":"Archives du site - Jean PICHOT-DUCLOS | AASSDN | Anciens et Amis des Services Sp\u00e9ciaux","og_description":"\u00a0 Jean Pichot-Duclos Le g\u00e9n\u00e9ral Pichot-Duclos est d\u00e9c\u00e9d\u00e9 mardi 8 mars 2011, apr\u00e8s-midi. Saint-Cyrien de la promotion 1956-1958 GENERAL LAPERRINE, le g\u00e9n\u00e9ral Jean Pichot-Duclos a servi en Alg\u00e9rie au 1er REP avant d&#8217;accomplir l&#8217;essentiel de sa carri\u00e8re en corps de troupe dans les bataillons alpins. A l\u2019issue de son temps de capitaine, il suit les [&hellip;]","og_url":"https:\/\/aassdn.org\/amicale\/archives-du-site-jean-pichot-duclos-2\/","og_site_name":"AASSDN | Anciens et Amis des Services Sp\u00e9ciaux","article_published_time":"2021-10-29T07:59:55+00:00","article_modified_time":"2024-03-02T14:23:15+00:00","author":"AASSDN","twitter_card":"summary_large_image","twitter_misc":{"\u00c9crit par":"AASSDN","Dur\u00e9e de lecture estim\u00e9e":"3 minutes"},"schema":{"@context":"https:\/\/schema.org","@graph":[{"@type":"Article","@id":"https:\/\/aassdn.org\/amicale\/archives-du-site-jean-pichot-duclos-2\/#article","isPartOf":{"@id":"https:\/\/aassdn.org\/amicale\/archives-du-site-jean-pichot-duclos-2\/"},"author":{"name":"AASSDN","@id":"https:\/\/aassdn.org\/amicale\/#\/schema\/person\/73800712a272e6d58a10a86ea9e59671"},"headline":"Archives du site &#8211; Jean PICHOT-DUCLOS","datePublished":"2021-10-29T07:59:55+00:00","dateModified":"2024-03-02T14:23:15+00:00","mainEntityOfPage":{"@id":"https:\/\/aassdn.org\/amicale\/archives-du-site-jean-pichot-duclos-2\/"},"wordCount":632,"publisher":{"@id":"https:\/\/aassdn.org\/amicale\/#organization"},"keywords":["Alg\u00e9rie","Fran\u00e7ois Mermet","intelligence \u00e9conomique","Jean Pichot-Duclos","Renseignement"],"articleSection":["Archives du site","Renseignement"],"inLanguage":"fr-FR"},{"@type":"WebPage","@id":"https:\/\/aassdn.org\/amicale\/archives-du-site-jean-pichot-duclos-2\/","url":"https:\/\/aassdn.org\/amicale\/archives-du-site-jean-pichot-duclos-2\/","name":"Archives du site - Jean PICHOT-DUCLOS | AASSDN | Anciens et Amis des Services Sp\u00e9ciaux","isPartOf":{"@id":"https:\/\/aassdn.org\/amicale\/#website"},"datePublished":"2021-10-29T07:59:55+00:00","dateModified":"2024-03-02T14:23:15+00:00","breadcrumb":{"@id":"https:\/\/aassdn.org\/amicale\/archives-du-site-jean-pichot-duclos-2\/#breadcrumb"},"inLanguage":"fr-FR","potentialAction":[{"@type":"ReadAction","target":["https:\/\/aassdn.org\/amicale\/archives-du-site-jean-pichot-duclos-2\/"]}]},{"@type":"BreadcrumbList","@id":"https:\/\/aassdn.org\/amicale\/archives-du-site-jean-pichot-duclos-2\/#breadcrumb","itemListElement":[{"@type":"ListItem","position":1,"name":"Accueil","item":"https:\/\/aassdn.org\/amicale\/"},{"@type":"ListItem","position":2,"name":"Archives du site &#8211; Jean PICHOT-DUCLOS"}]},{"@type":"WebSite","@id":"https:\/\/aassdn.org\/amicale\/#website","url":"https:\/\/aassdn.org\/amicale\/","name":"AASSDN | Anciens et Amis des Services Sp\u00e9ciaux","description":"Services sp\u00e9ciaux : Des h\u00e9ros anonymes au service exclusif de la France","publisher":{"@id":"https:\/\/aassdn.org\/amicale\/#organization"},"potentialAction":[{"@type":"SearchAction","target":{"@type":"EntryPoint","urlTemplate":"https:\/\/aassdn.org\/amicale\/?s={search_term_string}"},"query-input":{"@type":"PropertyValueSpecification","valueRequired":true,"valueName":"search_term_string"}}],"inLanguage":"fr-FR"},{"@type":"Organization","@id":"https:\/\/aassdn.org\/amicale\/#organization","name":"AASSDN | Anciens et Amis des Services Sp\u00e9ciaux","url":"https:\/\/aassdn.org\/amicale\/","logo":{"@type":"ImageObject","inLanguage":"fr-FR","@id":"https:\/\/aassdn.org\/amicale\/#\/schema\/logo\/image\/","url":"https:\/\/aassdn.org\/amicale\/wp-content\/uploads\/Logo_AASSDN_transparent2.png","contentUrl":"https:\/\/aassdn.org\/amicale\/wp-content\/uploads\/Logo_AASSDN_transparent2.png","width":1832,"height":1609,"caption":"AASSDN | Anciens et Amis des Services Sp\u00e9ciaux"},"image":{"@id":"https:\/\/aassdn.org\/amicale\/#\/schema\/logo\/image\/"}},{"@type":"Person","@id":"https:\/\/aassdn.org\/amicale\/#\/schema\/person\/73800712a272e6d58a10a86ea9e59671","name":"AASSDN","image":{"@type":"ImageObject","inLanguage":"fr-FR","@id":"https:\/\/secure.gravatar.com\/avatar\/9653808d17788562e72d77e426d8d02775774239aefd00a9b4e852423d8e9d7e?s=96&d=mm&r=g","url":"https:\/\/secure.gravatar.com\/avatar\/9653808d17788562e72d77e426d8d02775774239aefd00a9b4e852423d8e9d7e?s=96&d=mm&r=g","contentUrl":"https:\/\/secure.gravatar.com\/avatar\/9653808d17788562e72d77e426d8d02775774239aefd00a9b4e852423d8e9d7e?s=96&d=mm&r=g","caption":"AASSDN"},"sameAs":["https:\/\/aassdn.org\/amicale"],"url":"https:\/\/aassdn.org\/amicale\/author\/wordpress\/"}]}},"_links":{"self":[{"href":"https:\/\/aassdn.org\/amicale\/wp-json\/wp\/v2\/posts\/2191","targetHints":{"allow":["GET"]}}],"collection":[{"href":"https:\/\/aassdn.org\/amicale\/wp-json\/wp\/v2\/posts"}],"about":[{"href":"https:\/\/aassdn.org\/amicale\/wp-json\/wp\/v2\/types\/post"}],"author":[{"embeddable":true,"href":"https:\/\/aassdn.org\/amicale\/wp-json\/wp\/v2\/users\/1"}],"replies":[{"embeddable":true,"href":"https:\/\/aassdn.org\/amicale\/wp-json\/wp\/v2\/comments?post=2191"}],"version-history":[{"count":0,"href":"https:\/\/aassdn.org\/amicale\/wp-json\/wp\/v2\/posts\/2191\/revisions"}],"wp:attachment":[{"href":"https:\/\/aassdn.org\/amicale\/wp-json\/wp\/v2\/media?parent=2191"}],"wp:term":[{"taxonomy":"category","embeddable":true,"href":"https:\/\/aassdn.org\/amicale\/wp-json\/wp\/v2\/categories?post=2191"},{"taxonomy":"post_tag","embeddable":true,"href":"https:\/\/aassdn.org\/amicale\/wp-json\/wp\/v2\/tags?post=2191"}],"curies":[{"name":"wp","href":"https:\/\/api.w.org\/{rel}","templated":true}]}}