{"id":21402,"date":"2025-10-24T12:54:46","date_gmt":"2025-10-24T10:54:46","guid":{"rendered":"https:\/\/aassdn.org\/amicale\/?p=21402"},"modified":"2025-11-04T14:01:36","modified_gmt":"2025-11-04T13:01:36","slug":"mutation-une-france-a-majorite-africaine-et-musulmane-dici-a-2100","status":"publish","type":"post","link":"https:\/\/aassdn.org\/amicale\/mutation-une-france-a-majorite-africaine-et-musulmane-dici-a-2100\/","title":{"rendered":"Mutation : Une France \u00e0 majorit\u00e9 africaine et musulmane d\u2019ici \u00e0 2100 ?"},"content":{"rendered":"\n<p><strong>Dans un entretien au Figaro Magazine, l\u2019ancien directeur de la DGSE <strong>Pierre Brochand<\/strong><\/strong> <strong>dresse un diagnostic gla\u00e7ant : la France, min\u00e9e par l\u2019immigration de masse et la d\u00e9sint\u00e9gration culturelle, glisserait lentement vers une \u201cconfrontation interne\u201d qui pourrait pr\u00e9cipiter sa r\u00e9gression.<\/strong><\/p>\n\n\n\n<p>Vingt ans apr\u00e8s les \u00e9meutes de Clichy-sous-Bois, Pierre Brochand, ancien patron des services secrets fran\u00e7ais (2002-2008), livre au <em>Figaro Magazine<\/em> une analyse d\u2019une rare lucidit\u00e9 sur l\u2019\u00e9tat du pays. Loin des euph\u00e9mismes politiques, il \u00e9voque sans d\u00e9tour la d\u00e9sagr\u00e9gation de la coh\u00e9sion nationale, l\u2019\u00e9puisement du mod\u00e8le d\u2019int\u00e9gration et le danger croissant d\u2019un \u00e9clatement social et identitaire. <em>\u00ab Si nous restons bras crois\u00e9s, nous irons vers le pire \u00bb,<\/em> pr\u00e9vient-il. <em>\u00ab Ce pire sera la r\u00e9gression de notre pays en tous domaines, \u00e0 commencer par la s\u00e9curit\u00e9 et le bonheur de vivre. \u00bb<\/em><\/p>\n\n\n\n<p><strong>De Clichy-sous-Bois \u00e0 la France de 2025 : vingt ans d\u2019aveuglement<\/strong><\/p>\n\n\n\n<p>Pour Pierre Brochand, les \u00e9meutes de 2005 n\u2019\u00e9taient pas un accident, mais le sympt\u00f4me d\u2019un basculement profond. Depuis quarante ans, dit-il, la France a laiss\u00e9 s\u2019installer sur son sol des populations venues de cultures incompatibles avec la sienne, tout en refusant de voir les cons\u00e9quences de cette immigration massive. <em>\u00ab Nos immigr\u00e9s sont entr\u00e9s avec de lourds bagages culturels, religieux, historiques, qu\u2019ils n\u2019ont pas abandonn\u00e9s \u00e0 la fronti\u00e8re \u00bb,<\/em> rappelle-t-il.<br>Le r\u00e9sultat : des enclaves ethno-culturelles, o\u00f9 s\u2019enracinent islamisation, endogamie, d\u00e9linquance et refus d\u2019assimilation.<br>Brochand estime qu\u2019environ 25 \u00e0 30 % des r\u00e9sidents fran\u00e7ais sont d\u00e9sormais issus de l\u2019immigration r\u00e9cente, mais que seule une minorit\u00e9 de 5 \u00e0 10 % est v\u00e9ritablement assimil\u00e9e.<br>La majorit\u00e9 flotte, selon lui, \u00ab de la non-adh\u00e9sion \u00e0 la haine sur fond d\u2019assistanat \u00bb. Une analyse brutale, mais conforme \u00e0 ce que beaucoup d\u2019\u00e9lus locaux constatent sur le terrain : la fracture ethno-culturelle supplante peu \u00e0 peu la fracture sociale.<br><br><\/p>\n\n\n\n<p><strong>La \u201cguerre civile\u201d ? Non, une \u201cconfrontation interne\u201d<\/strong><\/p>\n\n\n\n<p><strong><br><\/strong>Contrairement \u00e0 certains observateurs alarmistes, Brochand ne croit pas \u00e0 une guerre civile au sens classique du terme \u2014 un affrontement organis\u00e9 entre deux camps arm\u00e9s. Mais il d\u00e9crit avec pr\u00e9cision un processus de d\u00e9litement, fait d\u2019\u00e9meutes sporadiques, d\u2019agressions, de pillages et d\u2019une d\u00e9fiance croissante envers l\u2019\u00c9tat. Un sc\u00e9nario o\u00f9 le pays s\u2019enfonce dans des sables mouvants, sans explosion brutale mais avec une lente asphyxie L\u2019ancien diplomate pr\u00e9f\u00e8re parler de \u201cconfrontation interne\u201d, un affrontement hybride o\u00f9 les lignes de fracture sont autant ethniques que culturelles.<br>Il \u00e9voque un \u201cmagma souterrain\u201d de frustrations et de haines, dont les \u00e9ruptions p\u00e9riodiques \u2014 \u00e9meutes de 2005, 2023 ou 2024 \u2014 ne seraient que les premiers signes visibles.<\/p>\n\n\n\n<p><br><strong>Un \u00c9tat impuissant face \u00e0 la tiers-mondisation<\/strong><\/p>\n\n\n\n<p>Sous la forme de l\u2019\u00c9tat de droit, l\u2019\u00c9tat r\u00e9galien \u201c<em>n\u2019est plus que l\u2019ombre de lui-m\u00eame\u201d<\/em>, estime Brochand. Les forces de l\u2019ordre, satur\u00e9es et brid\u00e9es par des contraintes juridiques, ne disposent plus des moyens d\u2019assurer la paix civile. L\u2019ancien patron de la DGSE d\u00e9nonce un <em>\u201crenversement de paradigme\u201d<\/em> survenu dans les ann\u00e9es 1970, lorsque la souverainet\u00e9 des peuples a \u00e9t\u00e9 remplac\u00e9e par celle des individus : le droit de migrer a supplant\u00e9 le droit des nations \u00e0 se prot\u00e9ger.<br>Cette r\u00e9volution silencieuse aurait ouvert la voie \u00e0 une immigration devenue incontr\u00f4lable, mais aussi \u00e0 l\u2019impuissance volontaire des gouvernants, paralys\u00e9s par la peur d\u2019\u00eatre accus\u00e9s de racisme.<br>Le r\u00e9sultat : une France \u00e0 deux vitesses. Les \u00e9lites urbaines, abrit\u00e9es dans leurs \u201czones vertes\u201d, continuent de pr\u00eacher le vivre-ensemble, tandis que la France p\u00e9riph\u00e9rique subit le choc multiculturel sans avoir le droit d\u2019en parler.<br><br><\/p>\n\n\n\n<p><strong>D\u00e9mographie, ins\u00e9curit\u00e9, impunit\u00e9 : la bombe \u00e0 retardement<\/strong><\/p>\n\n\n\n<p>Brochand identifie la d\u00e9mographie comme l\u2019acc\u00e9l\u00e9rateur d\u00e9cisif du d\u00e9clin.<br>Selon lui, la France se dirige, avant la fin du si\u00e8cle, vers une majorit\u00e9 africaine et musulmane \u2014 un basculement qu\u2019il juge <em>\u201cimpossible \u00e0 vivre paisiblement\u201d.<br><\/em>Ce changement d\u2019\u00e9chelle d\u00e9mographique, conjugu\u00e9 \u00e0 la complaisance politique et judiciaire, alimente un syst\u00e8me d\u2019impunit\u00e9 g\u00e9n\u00e9ralis\u00e9e. Les <em>\u201czones de non-droit\u201d<\/em>, d\u00e9sormais plus de 1 500 selon certaines estimations, deviennent des \u201cterritoires perdus\u201d o\u00f9 l\u2019\u00c9tat n\u2019entre plus qu\u2019en convoi.<br>Brochand y voit les pr\u00e9mices d\u2019une gu\u00e9rilla de basse intensit\u00e9, semblable \u00e0 des \u201cinsurrections coloniales en mode mineur\u201d. Le terrorisme, les pillages et les violences urbaines ne seraient plus que les manifestations visibles d\u2019un m\u00eame mal profond : la perte de la confiance sociale et du sens du bien commun.<\/p>\n\n\n\n<p>L\u2019ancien directeur de la DGSE n\u2019est pas fataliste. Il estime qu\u2019un sursaut reste possible, mais \u00e0 condition d\u2019un courage politique in\u00e9dit.<br>Il appelle \u00e0 geler les r\u00e9gularisations, r\u00e9duire drastiquement les naturalisations, externaliser les demandes d\u2019asile et r\u00e9tablir une v\u00e9ritable autorit\u00e9 p\u00e9nale. Des mesures qu\u2019il juge n\u00e9cessaires pour restaurer l\u2019ordre public et la souverainet\u00e9 nationale \u2014 \u00e0 rebours d\u2019un \u00c9tat obs\u00e9d\u00e9 par les \u201cdroits individuels\u201d au d\u00e9triment du bien commun.<br>Dans un paysage politique o\u00f9 la lucidit\u00e9 se paie souvent au prix du silence, la voix de Pierre Brochand tranche par sa clart\u00e9 et son exp\u00e9rience. Ancien diplomate, chef du renseignement ext\u00e9rieur, observateur privil\u00e9gi\u00e9 des fractures du monde, il ne s\u2019exprime pas pour choquer mais pour alerter : la France, si elle continue \u00e0 nier la r\u00e9alit\u00e9, risque de basculer dans une \u201ctiers-mondisation\u201d irr\u00e9versible.<\/p>\n\n\n\n<p class=\"has-text-align-right\"><a href=\"https:\/\/www.breizh-info.com\/2025\/10\/20\/252606\/une-france-a-majorite-africaine-et-musulmane-dici-a-2100-le-constat-glacial-de-pierre-brochand-ex-directeur-de-la-dgse\/\">\u00a0Breizh-info.com<\/a><br>20 octobre 2025<br>(d\u00e9p\u00eaches libres de copie et de diffusion sous r\u00e9serve de mention et de lien vers la source d\u2019origine)<\/p>\n\n\n\n<p class=\"has-text-align-right has-small-font-size\"><em>Source photo : Pixabay<\/em><br><br><\/p>\n<div class=\"pdfprnt-buttons pdfprnt-buttons-post pdfprnt-bottom-right\"><a href=\"https:\/\/aassdn.org\/amicale\/wp-json\/wp\/v2\/posts\/21402?print=pdf\" class=\"pdfprnt-button pdfprnt-button-pdf\" target=\"_blank\" ><img decoding=\"async\" data-src=\"https:\/\/aassdn.org\/amicale\/wp-content\/plugins\/pdf-print\/images\/pdf.png\" alt=\"image_pdf\" title=\"Afficher le PDF\" src=\"data:image\/svg+xml;base64,PHN2ZyB3aWR0aD0iMSIgaGVpZ2h0PSIxIiB4bWxucz0iaHR0cDovL3d3dy53My5vcmcvMjAwMC9zdmciPjwvc3ZnPg==\" class=\"lazyload\" style=\"--smush-placeholder-width: 32px; --smush-placeholder-aspect-ratio: 32\/32;\" \/><\/a><a href=\"https:\/\/aassdn.org\/amicale\/wp-json\/wp\/v2\/posts\/21402?print=print\" class=\"pdfprnt-button pdfprnt-button-print\" target=\"_blank\" ><\/a><\/div>","protected":false},"excerpt":{"rendered":"<p>Dans un entretien au Figaro Magazine, l\u2019ancien directeur de la DGSE Pierre Brochand dresse un diagnostic gla\u00e7ant : la France, min\u00e9e par l\u2019immigration de masse et la d\u00e9sint\u00e9gration culturelle, glisserait lentement vers une \u201cconfrontation interne\u201d qui pourrait pr\u00e9cipiter sa r\u00e9gression. Vingt ans apr\u00e8s les \u00e9meutes de Clichy-sous-Bois, Pierre Brochand, ancien patron des services secrets fran\u00e7ais [&hellip;]<\/p>\n","protected":false},"author":32,"featured_media":21408,"comment_status":"open","ping_status":"closed","sticky":false,"template":"","format":"standard","meta":{"_acf_changed":false,"footnotes":""},"categories":[288,278,180,114],"tags":[366,285,347,385,346,262],"class_list":["post-21402","post","type-post","status-publish","format-standard","has-post-thumbnail","hentry","category-2020-2030","category-actualites","category-afrique","category-europe-de-louest","tag-courage","tag-dgse","tag-etats-unis","tag-fusion","tag-guerre","tag-renseignement"],"acf":[],"yoast_head":"<!-- This site is optimized with the Yoast SEO plugin v27.4 - https:\/\/yoast.com\/product\/yoast-seo-wordpress\/ -->\n<title>Mutation : Une France \u00e0 majorit\u00e9 africaine et musulmane d\u2019ici \u00e0 2100 ? | AASSDN | Anciens et Amis des Services Sp\u00e9ciaux<\/title>\n<meta name=\"robots\" content=\"index, follow, max-snippet:-1, max-image-preview:large, max-video-preview:-1\" \/>\n<link rel=\"canonical\" href=\"https:\/\/aassdn.org\/amicale\/mutation-une-france-a-majorite-africaine-et-musulmane-dici-a-2100\/\" \/>\n<meta property=\"og:locale\" content=\"fr_FR\" \/>\n<meta property=\"og:type\" content=\"article\" \/>\n<meta property=\"og:title\" content=\"Mutation : Une France \u00e0 majorit\u00e9 africaine et musulmane d\u2019ici \u00e0 2100 ? | AASSDN | Anciens et Amis des Services Sp\u00e9ciaux\" \/>\n<meta property=\"og:description\" content=\"Dans un entretien au Figaro Magazine, l\u2019ancien directeur de la DGSE Pierre Brochand dresse un diagnostic gla\u00e7ant : la France, min\u00e9e par l\u2019immigration de masse et la d\u00e9sint\u00e9gration culturelle, glisserait lentement vers une \u201cconfrontation interne\u201d qui pourrait pr\u00e9cipiter sa r\u00e9gression. Vingt ans apr\u00e8s les \u00e9meutes de Clichy-sous-Bois, Pierre Brochand, ancien patron des services secrets fran\u00e7ais [&hellip;]\" \/>\n<meta property=\"og:url\" content=\"https:\/\/aassdn.org\/amicale\/mutation-une-france-a-majorite-africaine-et-musulmane-dici-a-2100\/\" \/>\n<meta property=\"og:site_name\" content=\"AASSDN | Anciens et Amis des Services Sp\u00e9ciaux\" \/>\n<meta property=\"article:published_time\" content=\"2025-10-24T10:54:46+00:00\" \/>\n<meta property=\"article:modified_time\" content=\"2025-11-04T13:01:36+00:00\" \/>\n<meta property=\"og:image\" content=\"https:\/\/aassdn.org\/amicale\/wp-content\/uploads\/madrid-4338051_1280.jpg\" \/>\n\t<meta property=\"og:image:width\" content=\"1280\" \/>\n\t<meta property=\"og:image:height\" content=\"655\" \/>\n\t<meta property=\"og:image:type\" content=\"image\/jpeg\" \/>\n<meta name=\"author\" content=\"AASSDN\" \/>\n<meta name=\"twitter:card\" content=\"summary_large_image\" \/>\n<meta name=\"twitter:label1\" content=\"\u00c9crit par\" \/>\n\t<meta name=\"twitter:data1\" content=\"AASSDN\" \/>\n\t<meta name=\"twitter:label2\" content=\"Dur\u00e9e de lecture estim\u00e9e\" \/>\n\t<meta name=\"twitter:data2\" content=\"5 minutes\" \/>\n<script type=\"application\/ld+json\" class=\"yoast-schema-graph\">{\"@context\":\"https:\\\/\\\/schema.org\",\"@graph\":[{\"@type\":\"Article\",\"@id\":\"https:\\\/\\\/aassdn.org\\\/amicale\\\/mutation-une-france-a-majorite-africaine-et-musulmane-dici-a-2100\\\/#article\",\"isPartOf\":{\"@id\":\"https:\\\/\\\/aassdn.org\\\/amicale\\\/mutation-une-france-a-majorite-africaine-et-musulmane-dici-a-2100\\\/\"},\"author\":{\"name\":\"AASSDN\",\"@id\":\"https:\\\/\\\/aassdn.org\\\/amicale\\\/#\\\/schema\\\/person\\\/8e950b11c74c24df36dc8e172f9451f4\"},\"headline\":\"Mutation : Une France \u00e0 majorit\u00e9 africaine et musulmane d\u2019ici \u00e0 2100 ?\",\"datePublished\":\"2025-10-24T10:54:46+00:00\",\"dateModified\":\"2025-11-04T13:01:36+00:00\",\"mainEntityOfPage\":{\"@id\":\"https:\\\/\\\/aassdn.org\\\/amicale\\\/mutation-une-france-a-majorite-africaine-et-musulmane-dici-a-2100\\\/\"},\"wordCount\":953,\"commentCount\":0,\"publisher\":{\"@id\":\"https:\\\/\\\/aassdn.org\\\/amicale\\\/#organization\"},\"image\":{\"@id\":\"https:\\\/\\\/aassdn.org\\\/amicale\\\/mutation-une-france-a-majorite-africaine-et-musulmane-dici-a-2100\\\/#primaryimage\"},\"thumbnailUrl\":\"https:\\\/\\\/aassdn.org\\\/amicale\\\/wp-content\\\/uploads\\\/madrid-4338051_1280.jpg\",\"keywords\":[\"courage\",\"DGSE\",\"\u00c9tats-Unis\",\"fusion\",\"guerre\",\"Renseignement\"],\"articleSection\":[\"2020-2030\",\"Actualit\u00e9s\",\"Afrique\",\"Europe de l'Ouest\"],\"inLanguage\":\"fr-FR\",\"potentialAction\":[{\"@type\":\"CommentAction\",\"name\":\"Comment\",\"target\":[\"https:\\\/\\\/aassdn.org\\\/amicale\\\/mutation-une-france-a-majorite-africaine-et-musulmane-dici-a-2100\\\/#respond\"]}]},{\"@type\":\"WebPage\",\"@id\":\"https:\\\/\\\/aassdn.org\\\/amicale\\\/mutation-une-france-a-majorite-africaine-et-musulmane-dici-a-2100\\\/\",\"url\":\"https:\\\/\\\/aassdn.org\\\/amicale\\\/mutation-une-france-a-majorite-africaine-et-musulmane-dici-a-2100\\\/\",\"name\":\"Mutation : Une France \u00e0 majorit\u00e9 africaine et musulmane d\u2019ici \u00e0 2100 ? | AASSDN | Anciens et Amis des Services Sp\u00e9ciaux\",\"isPartOf\":{\"@id\":\"https:\\\/\\\/aassdn.org\\\/amicale\\\/#website\"},\"primaryImageOfPage\":{\"@id\":\"https:\\\/\\\/aassdn.org\\\/amicale\\\/mutation-une-france-a-majorite-africaine-et-musulmane-dici-a-2100\\\/#primaryimage\"},\"image\":{\"@id\":\"https:\\\/\\\/aassdn.org\\\/amicale\\\/mutation-une-france-a-majorite-africaine-et-musulmane-dici-a-2100\\\/#primaryimage\"},\"thumbnailUrl\":\"https:\\\/\\\/aassdn.org\\\/amicale\\\/wp-content\\\/uploads\\\/madrid-4338051_1280.jpg\",\"datePublished\":\"2025-10-24T10:54:46+00:00\",\"dateModified\":\"2025-11-04T13:01:36+00:00\",\"breadcrumb\":{\"@id\":\"https:\\\/\\\/aassdn.org\\\/amicale\\\/mutation-une-france-a-majorite-africaine-et-musulmane-dici-a-2100\\\/#breadcrumb\"},\"inLanguage\":\"fr-FR\",\"potentialAction\":[{\"@type\":\"ReadAction\",\"target\":[\"https:\\\/\\\/aassdn.org\\\/amicale\\\/mutation-une-france-a-majorite-africaine-et-musulmane-dici-a-2100\\\/\"]}]},{\"@type\":\"ImageObject\",\"inLanguage\":\"fr-FR\",\"@id\":\"https:\\\/\\\/aassdn.org\\\/amicale\\\/mutation-une-france-a-majorite-africaine-et-musulmane-dici-a-2100\\\/#primaryimage\",\"url\":\"https:\\\/\\\/aassdn.org\\\/amicale\\\/wp-content\\\/uploads\\\/madrid-4338051_1280.jpg\",\"contentUrl\":\"https:\\\/\\\/aassdn.org\\\/amicale\\\/wp-content\\\/uploads\\\/madrid-4338051_1280.jpg\",\"width\":1280,\"height\":655},{\"@type\":\"BreadcrumbList\",\"@id\":\"https:\\\/\\\/aassdn.org\\\/amicale\\\/mutation-une-france-a-majorite-africaine-et-musulmane-dici-a-2100\\\/#breadcrumb\",\"itemListElement\":[{\"@type\":\"ListItem\",\"position\":1,\"name\":\"Accueil\",\"item\":\"https:\\\/\\\/aassdn.org\\\/amicale\\\/\"},{\"@type\":\"ListItem\",\"position\":2,\"name\":\"Mutation : Une France \u00e0 majorit\u00e9 africaine et musulmane d\u2019ici \u00e0 2100 ?\"}]},{\"@type\":\"WebSite\",\"@id\":\"https:\\\/\\\/aassdn.org\\\/amicale\\\/#website\",\"url\":\"https:\\\/\\\/aassdn.org\\\/amicale\\\/\",\"name\":\"AASSDN | Anciens et Amis des Services Sp\u00e9ciaux\",\"description\":\"Services sp\u00e9ciaux : Des h\u00e9ros anonymes au service exclusif de la France\",\"publisher\":{\"@id\":\"https:\\\/\\\/aassdn.org\\\/amicale\\\/#organization\"},\"potentialAction\":[{\"@type\":\"SearchAction\",\"target\":{\"@type\":\"EntryPoint\",\"urlTemplate\":\"https:\\\/\\\/aassdn.org\\\/amicale\\\/?s={search_term_string}\"},\"query-input\":{\"@type\":\"PropertyValueSpecification\",\"valueRequired\":true,\"valueName\":\"search_term_string\"}}],\"inLanguage\":\"fr-FR\"},{\"@type\":\"Organization\",\"@id\":\"https:\\\/\\\/aassdn.org\\\/amicale\\\/#organization\",\"name\":\"AASSDN | Anciens et Amis des Services Sp\u00e9ciaux\",\"url\":\"https:\\\/\\\/aassdn.org\\\/amicale\\\/\",\"logo\":{\"@type\":\"ImageObject\",\"inLanguage\":\"fr-FR\",\"@id\":\"https:\\\/\\\/aassdn.org\\\/amicale\\\/#\\\/schema\\\/logo\\\/image\\\/\",\"url\":\"https:\\\/\\\/aassdn.org\\\/amicale\\\/wp-content\\\/uploads\\\/Logo_AASSDN_transparent2.png\",\"contentUrl\":\"https:\\\/\\\/aassdn.org\\\/amicale\\\/wp-content\\\/uploads\\\/Logo_AASSDN_transparent2.png\",\"width\":1832,\"height\":1609,\"caption\":\"AASSDN | Anciens et Amis des Services Sp\u00e9ciaux\"},\"image\":{\"@id\":\"https:\\\/\\\/aassdn.org\\\/amicale\\\/#\\\/schema\\\/logo\\\/image\\\/\"}},{\"@type\":\"Person\",\"@id\":\"https:\\\/\\\/aassdn.org\\\/amicale\\\/#\\\/schema\\\/person\\\/8e950b11c74c24df36dc8e172f9451f4\",\"name\":\"AASSDN\",\"image\":{\"@type\":\"ImageObject\",\"inLanguage\":\"fr-FR\",\"@id\":\"https:\\\/\\\/secure.gravatar.com\\\/avatar\\\/fd0b6d50e70e6f0ed2d0d0ed7be3689bc93c931340a70ec36db416b5f0486016?s=96&d=mm&r=g\",\"url\":\"https:\\\/\\\/secure.gravatar.com\\\/avatar\\\/fd0b6d50e70e6f0ed2d0d0ed7be3689bc93c931340a70ec36db416b5f0486016?s=96&d=mm&r=g\",\"contentUrl\":\"https:\\\/\\\/secure.gravatar.com\\\/avatar\\\/fd0b6d50e70e6f0ed2d0d0ed7be3689bc93c931340a70ec36db416b5f0486016?s=96&d=mm&r=g\",\"caption\":\"AASSDN\"},\"url\":\"https:\\\/\\\/aassdn.org\\\/amicale\\\/author\\\/laure-fanjeau\\\/\"}]}<\/script>\n<!-- \/ Yoast SEO plugin. -->","yoast_head_json":{"title":"Mutation : Une France \u00e0 majorit\u00e9 africaine et musulmane d\u2019ici \u00e0 2100 ? | AASSDN | Anciens et Amis des Services Sp\u00e9ciaux","robots":{"index":"index","follow":"follow","max-snippet":"max-snippet:-1","max-image-preview":"max-image-preview:large","max-video-preview":"max-video-preview:-1"},"canonical":"https:\/\/aassdn.org\/amicale\/mutation-une-france-a-majorite-africaine-et-musulmane-dici-a-2100\/","og_locale":"fr_FR","og_type":"article","og_title":"Mutation : Une France \u00e0 majorit\u00e9 africaine et musulmane d\u2019ici \u00e0 2100 ? | AASSDN | Anciens et Amis des Services Sp\u00e9ciaux","og_description":"Dans un entretien au Figaro Magazine, l\u2019ancien directeur de la DGSE Pierre Brochand dresse un diagnostic gla\u00e7ant : la France, min\u00e9e par l\u2019immigration de masse et la d\u00e9sint\u00e9gration culturelle, glisserait lentement vers une \u201cconfrontation interne\u201d qui pourrait pr\u00e9cipiter sa r\u00e9gression. Vingt ans apr\u00e8s les \u00e9meutes de Clichy-sous-Bois, Pierre Brochand, ancien patron des services secrets fran\u00e7ais [&hellip;]","og_url":"https:\/\/aassdn.org\/amicale\/mutation-une-france-a-majorite-africaine-et-musulmane-dici-a-2100\/","og_site_name":"AASSDN | Anciens et Amis des Services Sp\u00e9ciaux","article_published_time":"2025-10-24T10:54:46+00:00","article_modified_time":"2025-11-04T13:01:36+00:00","og_image":[{"width":1280,"height":655,"url":"https:\/\/aassdn.org\/amicale\/wp-content\/uploads\/madrid-4338051_1280.jpg","type":"image\/jpeg"}],"author":"AASSDN","twitter_card":"summary_large_image","twitter_misc":{"\u00c9crit par":"AASSDN","Dur\u00e9e de lecture estim\u00e9e":"5 minutes"},"schema":{"@context":"https:\/\/schema.org","@graph":[{"@type":"Article","@id":"https:\/\/aassdn.org\/amicale\/mutation-une-france-a-majorite-africaine-et-musulmane-dici-a-2100\/#article","isPartOf":{"@id":"https:\/\/aassdn.org\/amicale\/mutation-une-france-a-majorite-africaine-et-musulmane-dici-a-2100\/"},"author":{"name":"AASSDN","@id":"https:\/\/aassdn.org\/amicale\/#\/schema\/person\/8e950b11c74c24df36dc8e172f9451f4"},"headline":"Mutation : Une France \u00e0 majorit\u00e9 africaine et musulmane d\u2019ici \u00e0 2100 ?","datePublished":"2025-10-24T10:54:46+00:00","dateModified":"2025-11-04T13:01:36+00:00","mainEntityOfPage":{"@id":"https:\/\/aassdn.org\/amicale\/mutation-une-france-a-majorite-africaine-et-musulmane-dici-a-2100\/"},"wordCount":953,"commentCount":0,"publisher":{"@id":"https:\/\/aassdn.org\/amicale\/#organization"},"image":{"@id":"https:\/\/aassdn.org\/amicale\/mutation-une-france-a-majorite-africaine-et-musulmane-dici-a-2100\/#primaryimage"},"thumbnailUrl":"https:\/\/aassdn.org\/amicale\/wp-content\/uploads\/madrid-4338051_1280.jpg","keywords":["courage","DGSE","\u00c9tats-Unis","fusion","guerre","Renseignement"],"articleSection":["2020-2030","Actualit\u00e9s","Afrique","Europe de l'Ouest"],"inLanguage":"fr-FR","potentialAction":[{"@type":"CommentAction","name":"Comment","target":["https:\/\/aassdn.org\/amicale\/mutation-une-france-a-majorite-africaine-et-musulmane-dici-a-2100\/#respond"]}]},{"@type":"WebPage","@id":"https:\/\/aassdn.org\/amicale\/mutation-une-france-a-majorite-africaine-et-musulmane-dici-a-2100\/","url":"https:\/\/aassdn.org\/amicale\/mutation-une-france-a-majorite-africaine-et-musulmane-dici-a-2100\/","name":"Mutation : Une France \u00e0 majorit\u00e9 africaine et musulmane d\u2019ici \u00e0 2100 ? | AASSDN | Anciens et Amis des Services Sp\u00e9ciaux","isPartOf":{"@id":"https:\/\/aassdn.org\/amicale\/#website"},"primaryImageOfPage":{"@id":"https:\/\/aassdn.org\/amicale\/mutation-une-france-a-majorite-africaine-et-musulmane-dici-a-2100\/#primaryimage"},"image":{"@id":"https:\/\/aassdn.org\/amicale\/mutation-une-france-a-majorite-africaine-et-musulmane-dici-a-2100\/#primaryimage"},"thumbnailUrl":"https:\/\/aassdn.org\/amicale\/wp-content\/uploads\/madrid-4338051_1280.jpg","datePublished":"2025-10-24T10:54:46+00:00","dateModified":"2025-11-04T13:01:36+00:00","breadcrumb":{"@id":"https:\/\/aassdn.org\/amicale\/mutation-une-france-a-majorite-africaine-et-musulmane-dici-a-2100\/#breadcrumb"},"inLanguage":"fr-FR","potentialAction":[{"@type":"ReadAction","target":["https:\/\/aassdn.org\/amicale\/mutation-une-france-a-majorite-africaine-et-musulmane-dici-a-2100\/"]}]},{"@type":"ImageObject","inLanguage":"fr-FR","@id":"https:\/\/aassdn.org\/amicale\/mutation-une-france-a-majorite-africaine-et-musulmane-dici-a-2100\/#primaryimage","url":"https:\/\/aassdn.org\/amicale\/wp-content\/uploads\/madrid-4338051_1280.jpg","contentUrl":"https:\/\/aassdn.org\/amicale\/wp-content\/uploads\/madrid-4338051_1280.jpg","width":1280,"height":655},{"@type":"BreadcrumbList","@id":"https:\/\/aassdn.org\/amicale\/mutation-une-france-a-majorite-africaine-et-musulmane-dici-a-2100\/#breadcrumb","itemListElement":[{"@type":"ListItem","position":1,"name":"Accueil","item":"https:\/\/aassdn.org\/amicale\/"},{"@type":"ListItem","position":2,"name":"Mutation : Une France \u00e0 majorit\u00e9 africaine et musulmane d\u2019ici \u00e0 2100 ?"}]},{"@type":"WebSite","@id":"https:\/\/aassdn.org\/amicale\/#website","url":"https:\/\/aassdn.org\/amicale\/","name":"AASSDN | Anciens et Amis des Services Sp\u00e9ciaux","description":"Services sp\u00e9ciaux : Des h\u00e9ros anonymes au service exclusif de la France","publisher":{"@id":"https:\/\/aassdn.org\/amicale\/#organization"},"potentialAction":[{"@type":"SearchAction","target":{"@type":"EntryPoint","urlTemplate":"https:\/\/aassdn.org\/amicale\/?s={search_term_string}"},"query-input":{"@type":"PropertyValueSpecification","valueRequired":true,"valueName":"search_term_string"}}],"inLanguage":"fr-FR"},{"@type":"Organization","@id":"https:\/\/aassdn.org\/amicale\/#organization","name":"AASSDN | Anciens et Amis des Services Sp\u00e9ciaux","url":"https:\/\/aassdn.org\/amicale\/","logo":{"@type":"ImageObject","inLanguage":"fr-FR","@id":"https:\/\/aassdn.org\/amicale\/#\/schema\/logo\/image\/","url":"https:\/\/aassdn.org\/amicale\/wp-content\/uploads\/Logo_AASSDN_transparent2.png","contentUrl":"https:\/\/aassdn.org\/amicale\/wp-content\/uploads\/Logo_AASSDN_transparent2.png","width":1832,"height":1609,"caption":"AASSDN | Anciens et Amis des Services Sp\u00e9ciaux"},"image":{"@id":"https:\/\/aassdn.org\/amicale\/#\/schema\/logo\/image\/"}},{"@type":"Person","@id":"https:\/\/aassdn.org\/amicale\/#\/schema\/person\/8e950b11c74c24df36dc8e172f9451f4","name":"AASSDN","image":{"@type":"ImageObject","inLanguage":"fr-FR","@id":"https:\/\/secure.gravatar.com\/avatar\/fd0b6d50e70e6f0ed2d0d0ed7be3689bc93c931340a70ec36db416b5f0486016?s=96&d=mm&r=g","url":"https:\/\/secure.gravatar.com\/avatar\/fd0b6d50e70e6f0ed2d0d0ed7be3689bc93c931340a70ec36db416b5f0486016?s=96&d=mm&r=g","contentUrl":"https:\/\/secure.gravatar.com\/avatar\/fd0b6d50e70e6f0ed2d0d0ed7be3689bc93c931340a70ec36db416b5f0486016?s=96&d=mm&r=g","caption":"AASSDN"},"url":"https:\/\/aassdn.org\/amicale\/author\/laure-fanjeau\/"}]}},"_links":{"self":[{"href":"https:\/\/aassdn.org\/amicale\/wp-json\/wp\/v2\/posts\/21402","targetHints":{"allow":["GET"]}}],"collection":[{"href":"https:\/\/aassdn.org\/amicale\/wp-json\/wp\/v2\/posts"}],"about":[{"href":"https:\/\/aassdn.org\/amicale\/wp-json\/wp\/v2\/types\/post"}],"author":[{"embeddable":true,"href":"https:\/\/aassdn.org\/amicale\/wp-json\/wp\/v2\/users\/32"}],"replies":[{"embeddable":true,"href":"https:\/\/aassdn.org\/amicale\/wp-json\/wp\/v2\/comments?post=21402"}],"version-history":[{"count":0,"href":"https:\/\/aassdn.org\/amicale\/wp-json\/wp\/v2\/posts\/21402\/revisions"}],"wp:featuredmedia":[{"embeddable":true,"href":"https:\/\/aassdn.org\/amicale\/wp-json\/wp\/v2\/media\/21408"}],"wp:attachment":[{"href":"https:\/\/aassdn.org\/amicale\/wp-json\/wp\/v2\/media?parent=21402"}],"wp:term":[{"taxonomy":"category","embeddable":true,"href":"https:\/\/aassdn.org\/amicale\/wp-json\/wp\/v2\/categories?post=21402"},{"taxonomy":"post_tag","embeddable":true,"href":"https:\/\/aassdn.org\/amicale\/wp-json\/wp\/v2\/tags?post=21402"}],"curies":[{"name":"wp","href":"https:\/\/api.w.org\/{rel}","templated":true}]}}