{"id":21368,"date":"2025-10-17T17:33:23","date_gmt":"2025-10-17T15:33:23","guid":{"rendered":"https:\/\/aassdn.org\/amicale\/?p=21368"},"modified":"2025-11-04T14:40:16","modified_gmt":"2025-11-04T13:40:16","slug":"guerre-en-ukraine-trump-et-poutine-se-verront-en-hongrie","status":"publish","type":"post","link":"https:\/\/aassdn.org\/amicale\/guerre-en-ukraine-trump-et-poutine-se-verront-en-hongrie\/","title":{"rendered":"Guerre en Ukraine : Une nouvelle rencontre Trump-Poutine se dessine en Hongrie"},"content":{"rendered":"\n<p>Jeudi 16 octobre dans la soir\u00e9e, l\u2019agence TASS relayait les propos de la porte-parole de la Maison Blanche, Karoline Leavitt, sur Fox News&nbsp;: les deux pr\u00e9sidents Donald Trump et Vladimir Poutine venaient de s\u2019entretenir au t\u00e9l\u00e9phone pendant deux heures et demie. \u00ab <em>Ce fut un appel fructueux et productif<\/em> \u00bb, disait-elle donc. Les dirigeants \u00ab&nbsp;<em>ont abord\u00e9 de nombreux sujets <\/em>\u00bb (1).<\/p>\n\n\n\n<p>Cette huiti\u00e8me conversation directe s\u2019est tenue la veille de la rencontre \u00e0 Washington entre Volodimir Zelensky et Donald Trump ce 17 octobre.<\/p>\n\n\n\n<p>La presse am\u00e9ricaine comme europ\u00e9enne, tr\u00e8s occup\u00e9e par la livraison possible de missiles am\u00e9ricains longue port\u00e9e Tomahawk \u00e0 l\u2019Ukraine, \u00e9voquait un \u00ab&nbsp;sommet surprise&nbsp;\u00bb (<em>Le Monde<\/em>). En Europe, la BBC rappelait \u00ab&nbsp;que <em>Donald Trump avait adopt\u00e9<\/em> <em>\u201cune ligne beaucoup plus dure envers Poutine sur la guerre en Ukraine\u201d<\/em> <em>depuis le sommet en Alaska, promettant m\u00eame un soutien renforc\u00e9 \u00e0 l\u2019Ukraine, \u00e0 la grande satisfaction des alli\u00e9s de Kiev<\/em>&nbsp;\u00bb. De son c\u00f4t\u00e9, le <em>Guardian<\/em> remarquait que \u00ab&nbsp;<em>le ton conciliant de Trump apr\u00e8s l\u2019appel avec Poutine laisse planer le doute sur la probabilit\u00e9 d\u2019une aide imm\u00e9diate \u00e0 l\u2019Ukraine et ravive les craintes europ\u00e9ennes d\u2019une capitulation am\u00e9ricaine face \u00e0 Moscou<\/em>&nbsp;\u00bb. Ce que rel\u00e8ve aussi le <em>New York Times <\/em>en notant que le pr\u00e9sident am\u00e9ricain avait \u00ab&nbsp;<em>brusquement&nbsp;<\/em>\u00bb chang\u00e9 de position (2) \u2013 d\u2019autant que les deux hommes ont pr\u00e9vu de se rencontrer dans les quinze jours en Europe, plus pr\u00e9cis\u00e9ment en Hongrie, \u00e0 Budapest, chez Victor Orban.<\/p>\n\n\n\n<p><strong>Faut-il \u00eatre surpris&nbsp;? Pas vraiment, pourtant.<\/strong><\/p>\n\n\n\n<p>D\u2019abord parce que Donald Trump lui-m\u00eame avait admis la limite de l\u2019exercice, quant aux Tomahawks, ce que rapportait ZeroHedge le 8 octobre (3)&nbsp;: \u00ab <em>\u2018\u2018J&#8217;ai en quelque sorte pris une d\u00e9cision\u2019\u2019 \u00bb, a d\u00e9clar\u00e9 Trump lorsque les journalistes lui ont demand\u00e9 s&#8217;il avait pris une d\u00e9cision d\u00e9finitive. La r\u00e9ponse suppl\u00e9mentaire suivante est une mauvaise nouvelle pour les faucons, mais une bonne nouvelle pour les colombes qui souhaitent voir une d\u00e9sescalade de la guerre par procuration : \u00ab \u2018\u2018Je suppose que je vais devoir leur demander o\u00f9 ils les envoient. Je poserai quelques questions<strong>. Je ne souhaite pas voir une escalade<\/strong>\u2019\u2019<\/em> \u00bb, d\u00e9clarait-il. A Moscou, l\u2019adjoint de Sergue\u00ef Lavrov, Sergue\u00ef Riabkov, remarquait dans le m\u00eame temps que \u00ab&nbsp;<em>le transfert de missiles de croisi\u00e8re Tomahawk \u00e0 l&#8217;Ukraine modifierait consid\u00e9rablement la situation, mais ne changerait pas les objectifs de l&#8217;op\u00e9ration militaire sp\u00e9ciale men\u00e9e par Moscou&nbsp;<\/em>\u00bb (4). Donald Trump a, durant la conversation du 16 octobre, \u00e9voqu\u00e9 la question des Tomahawks.<\/p>\n\n\n\n<p>Ce \u00e0 quoi, selon le compte-rendu donn\u00e9 sur le site du Kremlin (5), Vladimir Poutine a r\u00e9pondu sans ambages, \u00ab&nbsp;<strong><em>que les Tomahawks ne changeraient pas la situation sur le champ de bataille<\/em><\/strong><em>, mais qu&#8217;ils porteraient gravement atteinte aux relations entre nos pays, sans parler des perspectives d&#8217;un r\u00e8glement pacifique&nbsp;<\/em>\u00bb.<\/p>\n\n\n\n<p>Du c\u00f4t\u00e9 am\u00e9ricain, Donald Trump exprimait sa satisfaction d\u2019avoir tenu une conversation \u00ab&nbsp;<em>productive&nbsp;<\/em>\u00bb sur son r\u00e9seau Truth Social (6). F\u00e9licit\u00e9 par V. Poutine pour \u00ab&nbsp;<em>la grande r\u00e9ussite que repr\u00e9sente la paix au Moyen-Orient&nbsp;<\/em>\u00bb, il pense que ce succ\u00e8s \u00ab&nbsp;<em>facilitera nos n\u00e9gociations visant \u00e0 mettre fin \u00e0 la guerre entre la Russie et l&#8217;Ukraine&nbsp;<\/em>\u00bb. Et il ajoute, pr\u00e9occupation qu\u2019il a en commun avec le pr\u00e9sident russe&nbsp;: \u00ab&nbsp;<em>Nous avons \u00e9galement pass\u00e9 beaucoup de temps \u00e0 discuter du commerce entre la Russie et les \u00c9tats-Unis une fois la guerre avec l&#8217;Ukraine termin\u00e9e<\/em>&nbsp;\u00bb. Ce que, nous l\u2019avons relev\u00e9 ici il y a peu de temps en rendant compte de la r\u00e9union \u00e0 Sotchi du club Valda\u00ef, d\u00e9but octobre. Certes, il est naturel que les Etats-Unis d\u00e9fendent leurs int\u00e9r\u00eats, disait Vladimir Poutine. \u00ab&nbsp;<em>Mais alors, si vous me permettez, la Russie se r\u00e9serve \u00e9galement le droit d&#8217;\u00eatre guid\u00e9e par ses int\u00e9r\u00eats nationaux. L&#8217;un d&#8217;entre eux, soit dit en passant, est le r\u00e9tablissement de relations \u00e0 part enti\u00e8re avec les \u00c9tats-Unis<\/em> \u00bb (7).<\/p>\n\n\n\n<p>N\u2019oublions pas les besoins am\u00e9ricains en terres et m\u00e9taux rares \u2013 quand la Chine impose des restrictions sur ses exportations. Selon le <em>Temps<\/em> helv\u00e9tique, (8) \u00ab&nbsp;<em>le gouvernement am\u00e9ricain a appel\u00e9 mercredi \u00e0 faire front commun contre les restrictions mises en place par P\u00e9kin sur les exportations de terres rares, essentielles \u00e0 l\u2019\u00e9conomie mondiale, assurant que \u00abc\u2019est la Chine contre le reste du monde\u00bb. \u00abNous n\u2019allons pas laisser un groupe de bureaucrates \u00e0 P\u00e9kin tenter de contr\u00f4ler les cha\u00eenes de production mondiales\u00bb, a dit le ministre des Finances Scott Bessent, lors d\u2019une rare conf\u00e9rence de presse organis\u00e9e au sein du minist\u00e8re par le Tr\u00e9sor, \u00e0 quelques pas de la Maison-Blanche<\/em>&nbsp;\u00bb. N\u2019oublions pas non plus la proposition russe d\u2019exploitation en commun avec les Am\u00e9ricains de ses propres immenses r\u00e9serves \u2013 affaire \u00e9voqu\u00e9e par exemple au Forum de Saint-P\u00e9tersbourg en juin dernier. Comme l\u2019int\u00e9r\u00eat que portent les entreprises am\u00e9ricaines au march\u00e9 russe.<\/p>\n\n\n\n<p>M\u00eame si amener les deux parties \u00e0 un accord est difficile, ce que reconna\u00eet le vice-pr\u00e9sident am\u00e9ricain JD Vance, qui constate un \u00ab<em> d\u00e9salignement fondamental des attentes <\/em>\u00bbentre les deux camps, (le <em>Figaro<\/em> live du 17 octobre, 13 h23), l\u2019int\u00e9r\u00eat russo-am\u00e9ricain n\u2019est pas \u00e0 l\u2019escalade.<\/p>\n\n\n\n<p><strong>Qu\u2019est-ce qui g\u00eane Donald Trump que ses oscillations rendent peu lisible pour ses observateurs ?<\/strong><\/p>\n\n\n\n<p>C\u2019est, nous l\u2019avons remarqu\u00e9 ici, la situation dans son propre pays, o\u00f9 n\u00e9oconservateurs, regroup\u00e9s au S\u00e9nat, R\u00e9publicains et D\u00e9mocrates r\u00e9unis autour, par exemple, de Lindsey Graham, veulent la poursuite de la guerre en Ukraine \u2013 et donc une escalade avec Moscou. Ce que d\u00e9nonce un membre r\u00e9publicain de la chambre des Repr\u00e9sentants, Anna Paulina Luna (Floride)&nbsp;:<\/p>\n\n\n\n<p>\u00ab <em>Les faucons de l&#8217;OTAN et les n\u00e9oconservateurs ici aux \u00c9tats-Unis aimeraient continuer \u00e0 massacrer la jeunesse des deux nations<\/em> \u00bb, a-t-elle \u00e9crit sur X, en r\u00e9f\u00e9rence au conflit ukrainien&nbsp;\u00bb, relevait l\u2019agence TASS le 16 octobre (9). \u00ab <em>Je reproche en partie au Royaume-Uni de ne m\u00eame pas avoir autoris\u00e9 la tenue de pourparlers de paix<\/em> \u00bb, disait-elle le 10 octobre dernier, certainement en faisant allusion \u00e0 Boris Johnson conjurant au d\u00e9but du conflit Volodimir Zelensky de refuser l\u2019accord de paix propos\u00e9 par les Russes. Ajoutant&nbsp;: \u00ab&nbsp;<em>Ma critique de la guerre en Ukraine ne vise pas le peuple ukrainien, mais directement Zelensky. Il a subi des pressions de la part du gouvernement britannique pour ne pas accepter un accord de paix il y a plus de deux ans<\/em> \u00bb. Affirmant \u00ab&nbsp;<em>que le r\u00e9gime de Kiev se battait d\u00e9sormais pour \u00ables int\u00e9r\u00eats de gouvernements \u00e9trangers<\/em>\u00bb. Et que pour sa part, \u00ab&nbsp;<em>Luna a d\u00e9clar\u00e9 qu&#8217;elle attendait l&#8217;occasion de mener une d\u00e9l\u00e9gation de l\u00e9gislateurs am\u00e9ricains pour rencontrer des membres de l&#8217;Assembl\u00e9e f\u00e9d\u00e9rale russe. Elle n&#8217;a pas pr\u00e9cis\u00e9 quand la r\u00e9union devait avoir lieu. La d\u00e9put\u00e9e s&#8217;est dite convaincue que le pr\u00e9sident am\u00e9ricain Donald Trump \u00e9tait d\u00e9termin\u00e9 \u00e0 r\u00e9soudre le conflit en Ukraine et \u00e0 r\u00e9tablir les relations avec la Russie&nbsp;<\/em>\u00bb.<\/p>\n\n\n\n<p>C\u2019est peut-\u00eatre chez lui que Donald Trump a le plus de mal \u00e0 imposer ses vues. Ce que Vladimir Poutine ne peut pas ignorer quand une partie de l\u2019Europe \u2013 dont la France, la Grande-Bretagne de Keir Starmer et l\u2019Allemagne de Friedrich Merz \u2013 fait partie des \u00ab&nbsp;faucons de l\u2019OTAN&nbsp;\u00bb avec les pays Baltes et la pr\u00e9sidente de la Commission, Ursula von der Leyen.<\/p>\n\n\n\n<p>Au contraire du hongrois Victor Orban, qui tient contre vents et mar\u00e9es pour une paix n\u00e9goci\u00e9e, depuis le d\u00e9but de la guerre. Et qui pr\u00e9pare, avec Marco Rubio et Sergue\u00ef Lavrov, la rencontre Trump-Poutine \u00e0 venir sur ses terres \u2013 le premier voyage en Europe de Vladimir Poutine depuis 2021.<\/p>\n\n\n\n<p>Rien de simple, confirme le <em>Guardian<\/em> (10)&nbsp;: \u00ab&nbsp;<em>Le porte-parole du Kremlin, Dimitri Peskov, a d\u00e9clar\u00e9 aux journalistes que le ministre russe des Affaires \u00e9trang\u00e8res, Sergue\u00ef Lavrov, et le secr\u00e9taire d&#8217;\u00c9tat am\u00e9ricain, Marco Rubio, devraient s&#8217;appeler et organiser une r\u00e9union afin de r\u00e9gler de nombreuses questions pr\u00e9alables au sommet. \u00abIl y a beaucoup de questions \u00e0 r\u00e9gler, les \u00e9quipes de n\u00e9gociation doivent \u00eatre constitu\u00e9es, etc. Tout se fera donc par \u00e9tapes, mais la volont\u00e9 des pr\u00e9sidents est bien l\u00e0\u00bb, a d\u00e9clar\u00e9 M. Peskov vendredi. \u00ab(Le sommet) pourrait effectivement avoir lieu dans deux semaines ou un peu plus tard. Tout le monde s&#8217;accorde \u00e0 dire qu&#8217;il ne faut rien remettre \u00e0 plus tard<\/em> \u00bb.<\/p>\n\n\n\n<p>A l\u2019heure o\u00f9 nous \u00e9crivons, la rencontre de Donald Trump avec Volodimir Zelensky n\u2019a pas encore eu lieu. On sait peu de choses sur la situation r\u00e9elle du pr\u00e9sident ukrainien dans son propre pays \u2013 sauf que, soutenu par les faucons europ\u00e9ens, n\u00e9oconservateurs compris, il ne vient pas chercher la paix \u00e0 Washington. La suite&nbsp;?<\/p>\n\n\n\n<p><strong>La main est \u00e0 Donald Trump.<\/strong><\/p>\n\n\n\n<p class=\"has-text-align-right\"><strong>H\u00e9l\u00e8ne NOUAILLE<\/strong><br><a href=\"http:\/\/www.leosthene.com\"><em>La lettre de L\u00e9osth\u00e8ne<\/em><\/a><\/p>\n\n\n\n<p class=\"has-text-align-right has-small-font-size\"><em>Image cr\u00e9\u00e9e par IA<\/em><br><\/p>\n\n\n\n<p class=\"has-small-font-size\"><strong>Infographie&nbsp;<\/strong>:<br>Cibles potentielles des Tomahawks en Russie (source Institute for Study of War)<br><a href=\"https:\/\/cms.zerohedge.com\/s3\/files\/inline-images\/tomahwkreach.jpg?itok=bc6QXenJ\">https:\/\/cms.zerohedge.com\/s3\/files\/inline-images\/tomahwkreach.jpg?itok=bc6QXenJ<\/a><\/p>\n\n\n\n<p class=\"has-small-font-size\"><strong>Notes&nbsp;<\/strong>:<br>(1) TASS, le 16 octobre 2025, <em>Trump, Putin hold productive call \u2014 White House<\/em><br><a href=\"https:\/\/tass.com\/world\/2031091\">https:\/\/tass.com\/world\/2031091<\/a><br>(2) <em>Courrier International<\/em>, le 17 octobre 2025, <em>Un nouveau sommet Trump-Poutine \u201cdans les deux prochaines semaines\u201d<\/em><br><a href=\"https:\/\/www.courrierinternational.com\/article\/diplomatie-guerre-en-ukraine-nouveau-sommet-trump-poutine-dans-les-deux-prochaines-semaines_236401\">https:\/\/www.courrierinternational.com\/article\/diplomatie-guerre-en-ukraine-nouveau-sommet-trump-poutine-dans-les-deux-prochaines-semaines_236401<\/a><br>(3) ZeroHedge, le 8 octobre 2025, Tyler Durden, <em>Watch : Trump &#8216;Sort Of Made A Decision&#8217; On Tomahawks To Ukraine<\/em><br><a href=\"https:\/\/www.zerohedge.com\/geopolitical\/watch-trump-sort-made-decision-giving-tomahawks-ukraine\">https:\/\/www.zerohedge.com\/geopolitical\/watch-trump-sort-made-decision-giving-tomahawks-ukraine<\/a><br>(4) TASS, le 8 octobre 2025, <em>Senior Russian diplomat evaluates Alaska summit outcome, Tomahawk issue<\/em><br><a href=\"https:\/\/tass.com\/politics\/2026641\">https:\/\/tass.com\/politics\/2026641<\/a><br>(5) Kremlin.ru, le 16 octobre 2025, <em>Commentary by&nbsp;Aide to&nbsp;the&nbsp;President of&nbsp;Russia Yury Ushakov following a&nbsp;telephone conversation between Vladimir Putin and&nbsp;President of&nbsp;the&nbsp;United States Donald Trump<\/em><br><a href=\"http:\/\/en.kremlin.ru\/events\/president\/news\/78237\">http:\/\/en.kremlin.ru\/events\/president\/news\/78237<\/a>&nbsp;<br>Le d\u00e9tail de la conversation par RT en fran\u00e7ais&nbsp;<em>: Donald Trump annonce une rencontre avec Vladimir Poutine \u00e0 Budapest<\/em><br><a href=\"https:\/\/francais.rt.com\/russie\/126418-vladimir-poutine-donald-trump-conversation-telephonique\">https:\/\/francais.rt.com\/russie\/126418-vladimir-poutine-donald-trump-conversation-telephonique<\/a><br>(6) Truth Social, le 16 octobre 2025, Donald Trump au sortir de sa conversation avec Vladimir Poutine<br><a href=\"https:\/\/truthsocial.com\/@realDonaldTrump\/posts\/115384956858741387\">https:\/\/truthsocial.com\/@realDonaldTrump\/posts\/115384956858741387<\/a><br>(7) Voir L\u00e9osth\u00e8ne n\u00b0 1938 du 4 octobre 2025, <em>Poutine au club Valda\u00ef&nbsp;: les Etats-Unis d\u2019abord<\/em><br>(8) <em>Le Temps<\/em>\/AFP, le 15 octobre 2025, <em>\u00ab C\u2019est la Chine contre le reste du monde \u00bb: Washington appelle le monde \u00e0 d\u00e9noncer la man\u0153uvre de P\u00e9kin sur les terres rares<\/em><br><a href=\"https:\/\/www.letemps.ch\/economie\/c-est-la-chine-contre-le-reste-du-monde-washington-appelle-le-monde-a-denoncer-la-manoeuvre-de-pekin-sur-les-terres-rares\">https:\/\/www.letemps.ch\/economie\/c-est-la-chine-contre-le-reste-du-monde-washington-appelle-le-monde-a-denoncer-la-manoeuvre-de-pekin-sur-les-terres-rares<\/a><br>(9) TASS, le 16 octobre 2025, <em>US \u2018neocons\u2019 want Ukraine conflict to continue, congresswoman says<\/em><br><a href=\"https:\/\/tass.com\/world\/2031163\">https:\/\/tass.com\/world\/2031163<\/a><br>(10) <em>The Guardian<\/em>, Minute by minute, le 17 octobre 2025, Sarah Haque<br><a href=\"https:\/\/www.theguardian.com\/world\/live\/2025\/oct\/17\/viktor-orban-vladimir-putin-volodymyr-zelenskyy-donald-trump-europe-latest-news-updates-russia-ukraine-war?CMP=share_btn_url&amp;page=with%3Ablock-68f2111e8f080b32d591debe#block-68f2111e8f080b32d591debe\">https:\/\/www.theguardian.com\/world\/live\/2025\/oct\/17\/viktor-orban-vladimir-putin-volodymyr-zelenskyy-donald-trump-europe-latest-news-updates-russia-ukraine-war?CMP=share_btn_url&amp;page=with%3Ablock-68f2111e8f080b32d591debe#block-68f2111e8f080b32d591debe<\/a><\/p>\n<div class=\"pdfprnt-buttons pdfprnt-buttons-post pdfprnt-bottom-right\"><a href=\"https:\/\/aassdn.org\/amicale\/wp-json\/wp\/v2\/posts\/21368?print=pdf\" class=\"pdfprnt-button pdfprnt-button-pdf\" target=\"_blank\" ><img decoding=\"async\" data-src=\"https:\/\/aassdn.org\/amicale\/wp-content\/plugins\/pdf-print\/images\/pdf.png\" alt=\"image_pdf\" title=\"Afficher le PDF\" src=\"data:image\/svg+xml;base64,PHN2ZyB3aWR0aD0iMSIgaGVpZ2h0PSIxIiB4bWxucz0iaHR0cDovL3d3dy53My5vcmcvMjAwMC9zdmciPjwvc3ZnPg==\" class=\"lazyload\" style=\"--smush-placeholder-width: 32px; --smush-placeholder-aspect-ratio: 32\/32;\" \/><\/a><a href=\"https:\/\/aassdn.org\/amicale\/wp-json\/wp\/v2\/posts\/21368?print=print\" class=\"pdfprnt-button pdfprnt-button-print\" target=\"_blank\" ><\/a><\/div>","protected":false},"excerpt":{"rendered":"<p>Jeudi 16 octobre dans la soir\u00e9e, l\u2019agence TASS relayait les propos de la porte-parole de la Maison Blanche, Karoline Leavitt, sur Fox News&nbsp;: les deux pr\u00e9sidents Donald Trump et Vladimir Poutine venaient de s\u2019entretenir au t\u00e9l\u00e9phone pendant deux heures et demie. \u00ab Ce fut un appel fructueux et productif \u00bb, disait-elle donc. Les dirigeants \u00ab&nbsp;ont [&hellip;]<\/p>\n","protected":false},"author":32,"featured_media":21385,"comment_status":"open","ping_status":"closed","sticky":false,"template":"","format":"standard","meta":{"_acf_changed":false,"footnotes":""},"categories":[288,2943,278,113,107],"tags":[293,275,298,297,238,273],"class_list":["post-21368","post","type-post","status-publish","format-standard","has-post-thumbnail","hentry","category-2020-2030","category-2022-2024-guerre-en-ukraine","category-actualites","category-europe-de-lest","category-geopolitique","tag-allemagne","tag-europe","tag-poutine","tag-relation","tag-russie","tag-ukraine"],"acf":[],"yoast_head":"<!-- This site is optimized with the Yoast SEO plugin v27.4 - https:\/\/yoast.com\/product\/yoast-seo-wordpress\/ -->\n<title>Guerre en Ukraine : Une nouvelle rencontre Trump-Poutine se dessine en Hongrie | AASSDN | Anciens et Amis des Services Sp\u00e9ciaux<\/title>\n<meta name=\"robots\" content=\"index, follow, max-snippet:-1, max-image-preview:large, max-video-preview:-1\" \/>\n<link rel=\"canonical\" href=\"https:\/\/aassdn.org\/amicale\/guerre-en-ukraine-trump-et-poutine-se-verront-en-hongrie\/\" \/>\n<meta property=\"og:locale\" content=\"fr_FR\" \/>\n<meta property=\"og:type\" content=\"article\" \/>\n<meta property=\"og:title\" content=\"Guerre en Ukraine : Une nouvelle rencontre Trump-Poutine se dessine en Hongrie | AASSDN | Anciens et Amis des Services Sp\u00e9ciaux\" \/>\n<meta property=\"og:description\" content=\"Jeudi 16 octobre dans la soir\u00e9e, l\u2019agence TASS relayait les propos de la porte-parole de la Maison Blanche, Karoline Leavitt, sur Fox News&nbsp;: les deux pr\u00e9sidents Donald Trump et Vladimir Poutine venaient de s\u2019entretenir au t\u00e9l\u00e9phone pendant deux heures et demie. \u00ab Ce fut un appel fructueux et productif \u00bb, disait-elle donc. Les dirigeants \u00ab&nbsp;ont [&hellip;]\" \/>\n<meta property=\"og:url\" content=\"https:\/\/aassdn.org\/amicale\/guerre-en-ukraine-trump-et-poutine-se-verront-en-hongrie\/\" \/>\n<meta property=\"og:site_name\" content=\"AASSDN | Anciens et Amis des Services Sp\u00e9ciaux\" \/>\n<meta property=\"article:published_time\" content=\"2025-10-17T15:33:23+00:00\" \/>\n<meta property=\"article:modified_time\" content=\"2025-11-04T13:40:16+00:00\" \/>\n<meta property=\"og:image\" content=\"https:\/\/aassdn.org\/amicale\/wp-content\/uploads\/image-cVhw_wjiKsgJ7QCG4Em04.webp\" \/>\n\t<meta property=\"og:image:width\" content=\"512\" \/>\n\t<meta property=\"og:image:height\" content=\"512\" \/>\n\t<meta property=\"og:image:type\" content=\"image\/webp\" \/>\n<meta name=\"author\" content=\"AASSDN\" \/>\n<meta name=\"twitter:card\" content=\"summary_large_image\" \/>\n<meta name=\"twitter:label1\" content=\"\u00c9crit par\" \/>\n\t<meta name=\"twitter:data1\" content=\"AASSDN\" \/>\n\t<meta name=\"twitter:label2\" content=\"Dur\u00e9e de lecture estim\u00e9e\" \/>\n\t<meta name=\"twitter:data2\" content=\"9 minutes\" \/>\n<script type=\"application\/ld+json\" class=\"yoast-schema-graph\">{\"@context\":\"https:\\\/\\\/schema.org\",\"@graph\":[{\"@type\":\"Article\",\"@id\":\"https:\\\/\\\/aassdn.org\\\/amicale\\\/guerre-en-ukraine-trump-et-poutine-se-verront-en-hongrie\\\/#article\",\"isPartOf\":{\"@id\":\"https:\\\/\\\/aassdn.org\\\/amicale\\\/guerre-en-ukraine-trump-et-poutine-se-verront-en-hongrie\\\/\"},\"author\":{\"name\":\"AASSDN\",\"@id\":\"https:\\\/\\\/aassdn.org\\\/amicale\\\/#\\\/schema\\\/person\\\/8e950b11c74c24df36dc8e172f9451f4\"},\"headline\":\"Guerre en Ukraine : Une nouvelle rencontre Trump-Poutine se dessine en Hongrie\",\"datePublished\":\"2025-10-17T15:33:23+00:00\",\"dateModified\":\"2025-11-04T13:40:16+00:00\",\"mainEntityOfPage\":{\"@id\":\"https:\\\/\\\/aassdn.org\\\/amicale\\\/guerre-en-ukraine-trump-et-poutine-se-verront-en-hongrie\\\/\"},\"wordCount\":1867,\"commentCount\":0,\"publisher\":{\"@id\":\"https:\\\/\\\/aassdn.org\\\/amicale\\\/#organization\"},\"image\":{\"@id\":\"https:\\\/\\\/aassdn.org\\\/amicale\\\/guerre-en-ukraine-trump-et-poutine-se-verront-en-hongrie\\\/#primaryimage\"},\"thumbnailUrl\":\"https:\\\/\\\/aassdn.org\\\/amicale\\\/wp-content\\\/uploads\\\/image-cVhw_wjiKsgJ7QCG4Em04.webp\",\"keywords\":[\"Allemagne\",\"Europe\",\"Poutine\",\"relation\",\"Russie\",\"Ukraine\"],\"articleSection\":[\"2020-2030\",\"2022-2025 : Guerre en Ukraine\",\"Actualit\u00e9s\",\"Europe de l'Est\",\"G\u00e9opolitique\"],\"inLanguage\":\"fr-FR\",\"potentialAction\":[{\"@type\":\"CommentAction\",\"name\":\"Comment\",\"target\":[\"https:\\\/\\\/aassdn.org\\\/amicale\\\/guerre-en-ukraine-trump-et-poutine-se-verront-en-hongrie\\\/#respond\"]}]},{\"@type\":\"WebPage\",\"@id\":\"https:\\\/\\\/aassdn.org\\\/amicale\\\/guerre-en-ukraine-trump-et-poutine-se-verront-en-hongrie\\\/\",\"url\":\"https:\\\/\\\/aassdn.org\\\/amicale\\\/guerre-en-ukraine-trump-et-poutine-se-verront-en-hongrie\\\/\",\"name\":\"Guerre en Ukraine : Une nouvelle rencontre Trump-Poutine se dessine en Hongrie | AASSDN | Anciens et Amis des Services Sp\u00e9ciaux\",\"isPartOf\":{\"@id\":\"https:\\\/\\\/aassdn.org\\\/amicale\\\/#website\"},\"primaryImageOfPage\":{\"@id\":\"https:\\\/\\\/aassdn.org\\\/amicale\\\/guerre-en-ukraine-trump-et-poutine-se-verront-en-hongrie\\\/#primaryimage\"},\"image\":{\"@id\":\"https:\\\/\\\/aassdn.org\\\/amicale\\\/guerre-en-ukraine-trump-et-poutine-se-verront-en-hongrie\\\/#primaryimage\"},\"thumbnailUrl\":\"https:\\\/\\\/aassdn.org\\\/amicale\\\/wp-content\\\/uploads\\\/image-cVhw_wjiKsgJ7QCG4Em04.webp\",\"datePublished\":\"2025-10-17T15:33:23+00:00\",\"dateModified\":\"2025-11-04T13:40:16+00:00\",\"breadcrumb\":{\"@id\":\"https:\\\/\\\/aassdn.org\\\/amicale\\\/guerre-en-ukraine-trump-et-poutine-se-verront-en-hongrie\\\/#breadcrumb\"},\"inLanguage\":\"fr-FR\",\"potentialAction\":[{\"@type\":\"ReadAction\",\"target\":[\"https:\\\/\\\/aassdn.org\\\/amicale\\\/guerre-en-ukraine-trump-et-poutine-se-verront-en-hongrie\\\/\"]}]},{\"@type\":\"ImageObject\",\"inLanguage\":\"fr-FR\",\"@id\":\"https:\\\/\\\/aassdn.org\\\/amicale\\\/guerre-en-ukraine-trump-et-poutine-se-verront-en-hongrie\\\/#primaryimage\",\"url\":\"https:\\\/\\\/aassdn.org\\\/amicale\\\/wp-content\\\/uploads\\\/image-cVhw_wjiKsgJ7QCG4Em04.webp\",\"contentUrl\":\"https:\\\/\\\/aassdn.org\\\/amicale\\\/wp-content\\\/uploads\\\/image-cVhw_wjiKsgJ7QCG4Em04.webp\",\"width\":512,\"height\":512},{\"@type\":\"BreadcrumbList\",\"@id\":\"https:\\\/\\\/aassdn.org\\\/amicale\\\/guerre-en-ukraine-trump-et-poutine-se-verront-en-hongrie\\\/#breadcrumb\",\"itemListElement\":[{\"@type\":\"ListItem\",\"position\":1,\"name\":\"Accueil\",\"item\":\"https:\\\/\\\/aassdn.org\\\/amicale\\\/\"},{\"@type\":\"ListItem\",\"position\":2,\"name\":\"Guerre en Ukraine : Une nouvelle rencontre Trump-Poutine se dessine en Hongrie\"}]},{\"@type\":\"WebSite\",\"@id\":\"https:\\\/\\\/aassdn.org\\\/amicale\\\/#website\",\"url\":\"https:\\\/\\\/aassdn.org\\\/amicale\\\/\",\"name\":\"AASSDN | Anciens et Amis des Services Sp\u00e9ciaux\",\"description\":\"Services sp\u00e9ciaux : Des h\u00e9ros anonymes au service exclusif de la France\",\"publisher\":{\"@id\":\"https:\\\/\\\/aassdn.org\\\/amicale\\\/#organization\"},\"potentialAction\":[{\"@type\":\"SearchAction\",\"target\":{\"@type\":\"EntryPoint\",\"urlTemplate\":\"https:\\\/\\\/aassdn.org\\\/amicale\\\/?s={search_term_string}\"},\"query-input\":{\"@type\":\"PropertyValueSpecification\",\"valueRequired\":true,\"valueName\":\"search_term_string\"}}],\"inLanguage\":\"fr-FR\"},{\"@type\":\"Organization\",\"@id\":\"https:\\\/\\\/aassdn.org\\\/amicale\\\/#organization\",\"name\":\"AASSDN | Anciens et Amis des Services Sp\u00e9ciaux\",\"url\":\"https:\\\/\\\/aassdn.org\\\/amicale\\\/\",\"logo\":{\"@type\":\"ImageObject\",\"inLanguage\":\"fr-FR\",\"@id\":\"https:\\\/\\\/aassdn.org\\\/amicale\\\/#\\\/schema\\\/logo\\\/image\\\/\",\"url\":\"https:\\\/\\\/aassdn.org\\\/amicale\\\/wp-content\\\/uploads\\\/Logo_AASSDN_transparent2.png\",\"contentUrl\":\"https:\\\/\\\/aassdn.org\\\/amicale\\\/wp-content\\\/uploads\\\/Logo_AASSDN_transparent2.png\",\"width\":1832,\"height\":1609,\"caption\":\"AASSDN | Anciens et Amis des Services Sp\u00e9ciaux\"},\"image\":{\"@id\":\"https:\\\/\\\/aassdn.org\\\/amicale\\\/#\\\/schema\\\/logo\\\/image\\\/\"}},{\"@type\":\"Person\",\"@id\":\"https:\\\/\\\/aassdn.org\\\/amicale\\\/#\\\/schema\\\/person\\\/8e950b11c74c24df36dc8e172f9451f4\",\"name\":\"AASSDN\",\"image\":{\"@type\":\"ImageObject\",\"inLanguage\":\"fr-FR\",\"@id\":\"https:\\\/\\\/secure.gravatar.com\\\/avatar\\\/fd0b6d50e70e6f0ed2d0d0ed7be3689bc93c931340a70ec36db416b5f0486016?s=96&d=mm&r=g\",\"url\":\"https:\\\/\\\/secure.gravatar.com\\\/avatar\\\/fd0b6d50e70e6f0ed2d0d0ed7be3689bc93c931340a70ec36db416b5f0486016?s=96&d=mm&r=g\",\"contentUrl\":\"https:\\\/\\\/secure.gravatar.com\\\/avatar\\\/fd0b6d50e70e6f0ed2d0d0ed7be3689bc93c931340a70ec36db416b5f0486016?s=96&d=mm&r=g\",\"caption\":\"AASSDN\"},\"url\":\"https:\\\/\\\/aassdn.org\\\/amicale\\\/author\\\/laure-fanjeau\\\/\"}]}<\/script>\n<!-- \/ Yoast SEO plugin. -->","yoast_head_json":{"title":"Guerre en Ukraine : Une nouvelle rencontre Trump-Poutine se dessine en Hongrie | AASSDN | Anciens et Amis des Services Sp\u00e9ciaux","robots":{"index":"index","follow":"follow","max-snippet":"max-snippet:-1","max-image-preview":"max-image-preview:large","max-video-preview":"max-video-preview:-1"},"canonical":"https:\/\/aassdn.org\/amicale\/guerre-en-ukraine-trump-et-poutine-se-verront-en-hongrie\/","og_locale":"fr_FR","og_type":"article","og_title":"Guerre en Ukraine : Une nouvelle rencontre Trump-Poutine se dessine en Hongrie | AASSDN | Anciens et Amis des Services Sp\u00e9ciaux","og_description":"Jeudi 16 octobre dans la soir\u00e9e, l\u2019agence TASS relayait les propos de la porte-parole de la Maison Blanche, Karoline Leavitt, sur Fox News&nbsp;: les deux pr\u00e9sidents Donald Trump et Vladimir Poutine venaient de s\u2019entretenir au t\u00e9l\u00e9phone pendant deux heures et demie. \u00ab Ce fut un appel fructueux et productif \u00bb, disait-elle donc. Les dirigeants \u00ab&nbsp;ont [&hellip;]","og_url":"https:\/\/aassdn.org\/amicale\/guerre-en-ukraine-trump-et-poutine-se-verront-en-hongrie\/","og_site_name":"AASSDN | Anciens et Amis des Services Sp\u00e9ciaux","article_published_time":"2025-10-17T15:33:23+00:00","article_modified_time":"2025-11-04T13:40:16+00:00","og_image":[{"width":512,"height":512,"url":"https:\/\/aassdn.org\/amicale\/wp-content\/uploads\/image-cVhw_wjiKsgJ7QCG4Em04.webp","type":"image\/webp"}],"author":"AASSDN","twitter_card":"summary_large_image","twitter_misc":{"\u00c9crit par":"AASSDN","Dur\u00e9e de lecture estim\u00e9e":"9 minutes"},"schema":{"@context":"https:\/\/schema.org","@graph":[{"@type":"Article","@id":"https:\/\/aassdn.org\/amicale\/guerre-en-ukraine-trump-et-poutine-se-verront-en-hongrie\/#article","isPartOf":{"@id":"https:\/\/aassdn.org\/amicale\/guerre-en-ukraine-trump-et-poutine-se-verront-en-hongrie\/"},"author":{"name":"AASSDN","@id":"https:\/\/aassdn.org\/amicale\/#\/schema\/person\/8e950b11c74c24df36dc8e172f9451f4"},"headline":"Guerre en Ukraine : Une nouvelle rencontre Trump-Poutine se dessine en Hongrie","datePublished":"2025-10-17T15:33:23+00:00","dateModified":"2025-11-04T13:40:16+00:00","mainEntityOfPage":{"@id":"https:\/\/aassdn.org\/amicale\/guerre-en-ukraine-trump-et-poutine-se-verront-en-hongrie\/"},"wordCount":1867,"commentCount":0,"publisher":{"@id":"https:\/\/aassdn.org\/amicale\/#organization"},"image":{"@id":"https:\/\/aassdn.org\/amicale\/guerre-en-ukraine-trump-et-poutine-se-verront-en-hongrie\/#primaryimage"},"thumbnailUrl":"https:\/\/aassdn.org\/amicale\/wp-content\/uploads\/image-cVhw_wjiKsgJ7QCG4Em04.webp","keywords":["Allemagne","Europe","Poutine","relation","Russie","Ukraine"],"articleSection":["2020-2030","2022-2025 : Guerre en Ukraine","Actualit\u00e9s","Europe de l'Est","G\u00e9opolitique"],"inLanguage":"fr-FR","potentialAction":[{"@type":"CommentAction","name":"Comment","target":["https:\/\/aassdn.org\/amicale\/guerre-en-ukraine-trump-et-poutine-se-verront-en-hongrie\/#respond"]}]},{"@type":"WebPage","@id":"https:\/\/aassdn.org\/amicale\/guerre-en-ukraine-trump-et-poutine-se-verront-en-hongrie\/","url":"https:\/\/aassdn.org\/amicale\/guerre-en-ukraine-trump-et-poutine-se-verront-en-hongrie\/","name":"Guerre en Ukraine : Une nouvelle rencontre Trump-Poutine se dessine en Hongrie | AASSDN | Anciens et Amis des Services Sp\u00e9ciaux","isPartOf":{"@id":"https:\/\/aassdn.org\/amicale\/#website"},"primaryImageOfPage":{"@id":"https:\/\/aassdn.org\/amicale\/guerre-en-ukraine-trump-et-poutine-se-verront-en-hongrie\/#primaryimage"},"image":{"@id":"https:\/\/aassdn.org\/amicale\/guerre-en-ukraine-trump-et-poutine-se-verront-en-hongrie\/#primaryimage"},"thumbnailUrl":"https:\/\/aassdn.org\/amicale\/wp-content\/uploads\/image-cVhw_wjiKsgJ7QCG4Em04.webp","datePublished":"2025-10-17T15:33:23+00:00","dateModified":"2025-11-04T13:40:16+00:00","breadcrumb":{"@id":"https:\/\/aassdn.org\/amicale\/guerre-en-ukraine-trump-et-poutine-se-verront-en-hongrie\/#breadcrumb"},"inLanguage":"fr-FR","potentialAction":[{"@type":"ReadAction","target":["https:\/\/aassdn.org\/amicale\/guerre-en-ukraine-trump-et-poutine-se-verront-en-hongrie\/"]}]},{"@type":"ImageObject","inLanguage":"fr-FR","@id":"https:\/\/aassdn.org\/amicale\/guerre-en-ukraine-trump-et-poutine-se-verront-en-hongrie\/#primaryimage","url":"https:\/\/aassdn.org\/amicale\/wp-content\/uploads\/image-cVhw_wjiKsgJ7QCG4Em04.webp","contentUrl":"https:\/\/aassdn.org\/amicale\/wp-content\/uploads\/image-cVhw_wjiKsgJ7QCG4Em04.webp","width":512,"height":512},{"@type":"BreadcrumbList","@id":"https:\/\/aassdn.org\/amicale\/guerre-en-ukraine-trump-et-poutine-se-verront-en-hongrie\/#breadcrumb","itemListElement":[{"@type":"ListItem","position":1,"name":"Accueil","item":"https:\/\/aassdn.org\/amicale\/"},{"@type":"ListItem","position":2,"name":"Guerre en Ukraine : Une nouvelle rencontre Trump-Poutine se dessine en Hongrie"}]},{"@type":"WebSite","@id":"https:\/\/aassdn.org\/amicale\/#website","url":"https:\/\/aassdn.org\/amicale\/","name":"AASSDN | Anciens et Amis des Services Sp\u00e9ciaux","description":"Services sp\u00e9ciaux : Des h\u00e9ros anonymes au service exclusif de la France","publisher":{"@id":"https:\/\/aassdn.org\/amicale\/#organization"},"potentialAction":[{"@type":"SearchAction","target":{"@type":"EntryPoint","urlTemplate":"https:\/\/aassdn.org\/amicale\/?s={search_term_string}"},"query-input":{"@type":"PropertyValueSpecification","valueRequired":true,"valueName":"search_term_string"}}],"inLanguage":"fr-FR"},{"@type":"Organization","@id":"https:\/\/aassdn.org\/amicale\/#organization","name":"AASSDN | Anciens et Amis des Services Sp\u00e9ciaux","url":"https:\/\/aassdn.org\/amicale\/","logo":{"@type":"ImageObject","inLanguage":"fr-FR","@id":"https:\/\/aassdn.org\/amicale\/#\/schema\/logo\/image\/","url":"https:\/\/aassdn.org\/amicale\/wp-content\/uploads\/Logo_AASSDN_transparent2.png","contentUrl":"https:\/\/aassdn.org\/amicale\/wp-content\/uploads\/Logo_AASSDN_transparent2.png","width":1832,"height":1609,"caption":"AASSDN | Anciens et Amis des Services Sp\u00e9ciaux"},"image":{"@id":"https:\/\/aassdn.org\/amicale\/#\/schema\/logo\/image\/"}},{"@type":"Person","@id":"https:\/\/aassdn.org\/amicale\/#\/schema\/person\/8e950b11c74c24df36dc8e172f9451f4","name":"AASSDN","image":{"@type":"ImageObject","inLanguage":"fr-FR","@id":"https:\/\/secure.gravatar.com\/avatar\/fd0b6d50e70e6f0ed2d0d0ed7be3689bc93c931340a70ec36db416b5f0486016?s=96&d=mm&r=g","url":"https:\/\/secure.gravatar.com\/avatar\/fd0b6d50e70e6f0ed2d0d0ed7be3689bc93c931340a70ec36db416b5f0486016?s=96&d=mm&r=g","contentUrl":"https:\/\/secure.gravatar.com\/avatar\/fd0b6d50e70e6f0ed2d0d0ed7be3689bc93c931340a70ec36db416b5f0486016?s=96&d=mm&r=g","caption":"AASSDN"},"url":"https:\/\/aassdn.org\/amicale\/author\/laure-fanjeau\/"}]}},"_links":{"self":[{"href":"https:\/\/aassdn.org\/amicale\/wp-json\/wp\/v2\/posts\/21368","targetHints":{"allow":["GET"]}}],"collection":[{"href":"https:\/\/aassdn.org\/amicale\/wp-json\/wp\/v2\/posts"}],"about":[{"href":"https:\/\/aassdn.org\/amicale\/wp-json\/wp\/v2\/types\/post"}],"author":[{"embeddable":true,"href":"https:\/\/aassdn.org\/amicale\/wp-json\/wp\/v2\/users\/32"}],"replies":[{"embeddable":true,"href":"https:\/\/aassdn.org\/amicale\/wp-json\/wp\/v2\/comments?post=21368"}],"version-history":[{"count":0,"href":"https:\/\/aassdn.org\/amicale\/wp-json\/wp\/v2\/posts\/21368\/revisions"}],"wp:featuredmedia":[{"embeddable":true,"href":"https:\/\/aassdn.org\/amicale\/wp-json\/wp\/v2\/media\/21385"}],"wp:attachment":[{"href":"https:\/\/aassdn.org\/amicale\/wp-json\/wp\/v2\/media?parent=21368"}],"wp:term":[{"taxonomy":"category","embeddable":true,"href":"https:\/\/aassdn.org\/amicale\/wp-json\/wp\/v2\/categories?post=21368"},{"taxonomy":"post_tag","embeddable":true,"href":"https:\/\/aassdn.org\/amicale\/wp-json\/wp\/v2\/tags?post=21368"}],"curies":[{"name":"wp","href":"https:\/\/api.w.org\/{rel}","templated":true}]}}