{"id":21305,"date":"2025-10-23T22:33:48","date_gmt":"2025-10-23T20:33:48","guid":{"rendered":"https:\/\/aassdn.org\/amicale\/?p=21305"},"modified":"2025-11-04T14:38:01","modified_gmt":"2025-11-04T13:38:01","slug":"histoire-que-sest-il-passe-le-17-octobre-1961-a-paris","status":"publish","type":"post","link":"https:\/\/aassdn.org\/amicale\/histoire-que-sest-il-passe-le-17-octobre-1961-a-paris\/","title":{"rendered":"Histoire : Que s\u2019est-il pass\u00e9 le 17 octobre 1961\u00a0\u00e0 Paris ?"},"content":{"rendered":"\n<p class=\"has-text-align-left\">La guerre d&#8217;ind\u00e9pendance alg\u00e9rienne se d\u00e9roula \u00e9galement en m\u00e9tropole, y provoquant des milliers de morts. Pour la p\u00e9riode du 1<sup>er<\/sup> janvier 1956 au 23 janvier 1962, 10\u00a0223 attentats y furent ainsi commis par le FLN. Pour le seul d\u00e9partement de la Seine, entre le 1<sup>er<\/sup> janvier 1956 et le 31 d\u00e9cembre 1962, 1 433 Alg\u00e9riens oppos\u00e9s au FLN furent tu\u00e9s et 1 726 autres bless\u00e9s <em>(Valat, 2007:27-28)<\/em>. Au total, de janvier 1955 au 1<sup>er<\/sup> juillet 1962, en M\u00e9tropole, le FLN assassina 6 000 Alg\u00e9riens et en blessa 9 000 autres.<\/p>\n\n\n\n<p>Face \u00e0 ces actes de terrorisme visant \u00e0 prendre le contr\u00f4le de la population alg\u00e9rienne vivant en France, le 5 octobre 1961, un couvre-feu fut impos\u00e9 \u00e0 cette derni\u00e8re afin de g\u00eaner les communications des r\u00e9seaux du FLN et l\u2019acheminement des armes vers les d\u00e9p\u00f4ts clandestins.<\/p>\n\n\n\n<p>En r\u00e9action, le 17 octobre 1961, le FLN d\u00e9cida alors de manifester. Assaillis de toutes parts, les 1 658 hommes des forces de l\u2019ordre rassembl\u00e9s en urgence, et non les 7000 comme cela est encore trop souvent \u00e9crit, sont, sous la plume de militants auto-baptis\u00e9s \u00ab&nbsp;historiens&nbsp;\u00bb, accus\u00e9s d\u2019avoir massacr\u00e9 300 manifestants, d\u2019en avoir jet\u00e9 des dizaines \u00e0 la Seine et d\u2019en avoir bless\u00e9 2 300.&nbsp;(<em>Voir :Lugan, B., (2017) \u00ab&nbsp;17 octobre 1961, un massacre imaginaire&nbsp;\u00bb. Chapitre IX du livre \u00ab&nbsp;<\/em><a href=\"https:\/\/lafriquereelle.s3.mp-stats.com\/le-17-octobre-2025-en-chemise-et-la-corde-au-cou-l-ambassade\/dHQ1ZHMrOVlMMi9tMjcybitFeHJtZz09-1-VkVvOU43NktUQ3MzdmQ5UmpKbGRhK3RwMkt4cVhTS0Z6bUxwQUx6ZXEyWT0-13639885.html\" target=\"_blank\" rel=\"noreferrer noopener\"><em>Alg\u00e9rie l\u2019Histoire \u00e0 l\u2019endroit<\/em><\/a><em>&nbsp;\u00bb.<\/em><\/p>\n\n\n\n<p><strong>La fabrication d\u2019un massacre<\/strong><\/p>\n\n\n\n<p>L\u2019histoire officielle du \u00ab&nbsp;massacre&nbsp;\u00bb du 17 octobre 1961 \u00e0 Paris repose sur trois livres&nbsp;:<\/p>\n\n\n\n<p>1) Celui d\u2019Ali Haroun publi\u00e9 en 1986. Il s\u2019agit d\u2019un recueil de souvenirs r\u00e9dig\u00e9s par d\u2019anciens responsables de la f\u00e9d\u00e9ration du FLN en France sous forme d\u2019un plaidoyer militant et valorisant.&nbsp;<\/p>\n\n\n\n<p>2) Celui de Jean-Luc Einaudi publi\u00e9 en 1991 porte sur la manifestation du 17 octobre 1961 \u00e0 Paris. L\u2019auteur, un militant marxiste, ancien mao\u00efste, n\u2019avait pas de formation historique, ce qui explique ses nombreuses errances m\u00e9thodologiques.<\/p>\n\n\n\n<p>3) S\u2019appuyant sur Haroun et Einaudi, deux universitaires britanniques, House et MacMaster publi\u00e8rent en 2008 un livre passant totalement sous silence la guerre FLN-MNA et attribuant aux forces de police la totalit\u00e9 des Nord-Africains tu\u00e9s en France[1].<\/p>\n\n\n\n<p>Des auteurs de second rang paraphras\u00e8rent ensuite ces trois ouvrages, r\u00e9p\u00e9tant les m\u00eames arguments pourtant r\u00e9duits \u00e0 n\u00e9ant par les travaux historiques.<\/p>\n\n\n\n<p>Dans ces publications, l\u2019on retrouve en effet les m\u00eames chiffres, les m\u00eames cadavres invent\u00e9s et une constante inflation du nombre de morts (jusqu\u2019\u00e0 325 manifestants tu\u00e9s), des dizaines jet\u00e9s \u00e0 la Seine et noy\u00e9s, pr\u00e8s de 12 000 arr\u00eat\u00e9s etc.<\/p>\n\n\n\n<p>Les auteurs de ces livres jouent sur les dates car ils ajoutent aux morts \u00ab&nbsp;av\u00e9r\u00e9s&nbsp;\u00bb du 17 octobre, ceux des jours pr\u00e9c\u00e9dents, ce qui n\u2019a aucun rapport avec la manifestation et sa r\u00e9pression. Ces auteurs additionnent ainsi les d\u00e9c\u00e8s post\u00e9rieurs au 17 octobre, sans chercher \u00e0 voir s\u2019ils sont la cons\u00e9quence de blessures re\u00e7ues ce jour-l\u00e0 ou d\u2019autres causes.<\/p>\n\n\n\n<p>Pour eux, tout Alg\u00e9rien mort de mort violente durant le mois d\u2019octobre est une victime de la r\u00e9pression polici\u00e8re. Ils parlent aussi de cimeti\u00e8res clandestins et de charniers dont nulle trace n\u2019a jamais \u00e9t\u00e9 retrouv\u00e9e[2].<\/p>\n\n\n\n<p>Autre \u00e9l\u00e9ment du dossier, les \u00ab&nbsp;noyades&nbsp;\u00bb[3] dans la Seine dont nous savons qu\u2019elles furent \u00ab&nbsp;invent\u00e9es&nbsp;\u00bb post\u00e9rieurement \u00e0 la manifestation, le 31 octobre, dans un tract du FLN repris et popularis\u00e9 par le parti communiste qui en fit une \u00ab&nbsp;v\u00e9rit\u00e9&nbsp;\u00bb devenue histoire officielle.<\/p>\n\n\n\n<p>Tout repose en effet sur des chiffres gonfl\u00e9s ou manipul\u00e9s et sur des cadavres invent\u00e9s. Dans une inflation du nombre des morts, les amis du FLN alg\u00e9rien et les \u00ab&nbsp;porteurs de valises&nbsp;\u00bb communistes ont ainsi jou\u00e9 sur les dates, additionnant les morts ant\u00e9rieurs et post\u00e9rieurs au 17 octobre. Pour eux, tout&nbsp; Nord Africain mort de mort violente durant le mois d\u2019octobre 1961 est forc\u00e9ment une victime de la r\u00e9pression polici\u00e8re\u2026M\u00eame les victimes des accidents de la circulation, comme un certain Abdelkader Benhamar&#8230;<\/p>\n\n\n\n<p><strong>Il est possible d\u2019affirmer cela sans crainte d\u2019\u00eatre d\u00e9menti car&nbsp;:<\/strong><\/p>\n\n\n\n<p>&#8211; En 1998, le Premier ministre de l\u2019\u00e9poque, le socialiste Lionel Jospin, constitua une commission pr\u00e9sid\u00e9e par le conseiller d\u2019Etat Dieudonn\u00e9 Mandelkern qu\u2019il chargea de faire la lumi\u00e8re sur ces \u00e9v\u00e8nements. Fond\u00e9 sur l\u2019ouverture d\u2019archives jusque l\u00e0 ferm\u00e9es, le rapport remis par cette commission fit liti\u00e8re des accusations port\u00e9es contre la police fran\u00e7aise[4]. Or, ce rapport consultable sur le net n\u2019a visiblement pas \u00e9t\u00e9 lu par ceux qui continuent \u00e0 accuser la police fran\u00e7aise.<\/p>\n\n\n\n<p>&#8211; En 1999, Jean-Paul Brunet, universitaire sp\u00e9cialiste de la p\u00e9riode, publia un livre extr\u00eamement document\u00e9 qui d\u00e9montait la th\u00e8se du \u00ab&nbsp;massacre&nbsp;\u00bb du 17 octobre&nbsp;<em>(Brunet, J-P., Police contre FLN. Le drame d\u2019octobre 1961. Paris).<\/em><\/p>\n\n\n\n<p>&#8211; En 2003, le m\u00eame Jean-Paul Brunet publia un nouveau livre ( Charonne, lumi\u00e8re sur une trag\u00e9die. Paris) dans lequel il d\u00e9montrait que le pr\u00e9tendu \u00ab&nbsp;rapport de police&nbsp;\u00bb faisant \u00e9tat de 140 morts le 17 octobre, document qui sert de point de d\u00e9part \u00e0 J.L Einaudi, auteur du livre sur lequel repose toute la manipulation <em>(Octobre 1961, un massacre \u00e0 Paris)<\/em>, n\u2019a jamais exist\u00e9.<\/p>\n\n\n\n<p>Reprenant la liste des morts donn\u00e9e par Einaudi, il montre \u00e9galement que la majorit\u00e9 des d\u00e9c\u00e8s remonte \u00e0 des dates ant\u00e9rieures \u00e0 la manifestation du 17 octobre et il prouve que ce dernier a manipul\u00e9 les chiffres, additionnant les cadavres non identifi\u00e9s re\u00e7us \u00e0 l\u2019Institut M\u00e9dico-L\u00e9gal au nombre des disparus et m\u00eame (!!!) \u00e0 celui des Alg\u00e9riens transf\u00e9r\u00e9s administrativement en Alg\u00e9rie apr\u00e8s qu\u2019ils eurent \u00e9t\u00e9 arr\u00eat\u00e9s le 17 octobre. Il montre enfin qu\u2019Einaudi a compt\u00e9 plusieurs fois les m\u00eames individus dont il orthographie diff\u00e9remment les noms\u2026<\/p>\n\n\n\n<p>Quel est donc le vrai bilan de cette manifestation&nbsp;?<\/p>\n\n\n\n<p>&#8211; Le 17 octobre 1961, alors que se d\u00e9roulait dans Paris un soi-disant massacre, l\u2019Institut M\u00e9dico-L\u00e9gal (la Morgue), n\u2019a enregistr\u00e9 aucune entr\u00e9e de corps de \u00ab&nbsp;NA&nbsp;\u00bb (NA= Nord-Africain dans la terminologie de l\u2019\u00e9poque).<\/p>\n\n\n\n<p>&#8211; Le 17 octobre 1961, de 19h30 \u00e0 23 heures, il n\u2019y eut qu\u2019une seule victime dans le p\u00e9rim\u00e8tre de la manifestation et ce ne fut pas un Alg\u00e9rien, mais un Fran\u00e7ais nomm\u00e9 Guy Chevallier, tu\u00e9 vers 21h devant le cin\u00e9ma REX, cr\u00e2ne fracass\u00e9. Par qui&nbsp;?<\/p>\n\n\n\n<p>&#8211; En dehors du p\u00e9rim\u00e8tre de la manifestation,&nbsp;\u00ab&nbsp;seuls&nbsp;\u00bb 2 morts furent \u00e0 d\u00e9plorer,&nbsp; Abdelkader D\u00e9roues tu\u00e9 par balle et retrouv\u00e9 \u00e0 Puteaux et Lamara Achenoune tu\u00e9 par balle et \u00e9trangl\u00e9, gisant dans une camionnette, \u00e9galement \u00e0 Puteaux. Rien ne permet de dire qu\u2019ils furent tu\u00e9s par les forces de l\u2019ordre.<\/p>\n\n\n\n<p>Le 18 octobre, \u00e0 04 heures du matin, le bilan qui parvint \u00e0 Maurice Legay le directeur g\u00e9n\u00e9ral de la police parisienne fut donc de 3 morts. Nous sommes donc loin des dizaines de morts et de \u00ab&nbsp;noy\u00e9s&nbsp;\u00bb auxquels l\u2019actuel occupant de l\u2019Elys\u00e9e a rendu hommage&nbsp;!!!<\/p>\n\n\n\n<p>Certes, nous dit-on, mais les cadavres ont \u00e9t\u00e9 d\u00e9pos\u00e9s \u00e0 la morgue les jours suivants. Faux, car ce n\u2019est pas ce qu\u2019indiquent les archives de l\u2019Institut M\u00e9dico-L\u00e9gal de Paris puisque, entre le 18 et le 21 octobre, \u00ab&nbsp;seuls&nbsp;\u00bb 4 cadavres de \u00ab&nbsp;NA&nbsp;\u00bb furent admis \u00e0 la Morgue&nbsp;:<\/p>\n\n\n\n<p>&#8211; Le 18 octobre, Achour Belkacem tu\u00e9 par un policier invoquant la l\u00e9gitime d\u00e9fense et Abdelkader Benhamar mort dans un accident de la circulation \u00e0 Colombes.<\/p>\n\n\n\n<p>&#8211; Le 20 octobre, Amar Malek tu\u00e9 par balles par un gendarme.<\/p>\n\n\n\n<p>&#8211; Le 21 octobre Ramdane Mehani, mort dans des circonstances inconnues.<\/p>\n\n\n\n<p>Nous voil\u00e0 donc bien loin des 100, 200 ou m\u00eame 300 morts \u00ab&nbsp;victimes de la r\u00e9pression&nbsp;\u00bb avanc\u00e9s par certains et pour lesquels M. Fran\u00e7ois Hollande a en son temps reconnu la responsabilit\u00e9 de la France.<\/p>\n\n\n\n<p>D\u2019autant plus que le&nbsp;\u00ab&nbsp;Graphique des entr\u00e9es de corps \u00ab&nbsp;N.A&nbsp;\u00bb (Nord-africains) par jour. Octobre 1961&nbsp;\u00bb, nous apprend que du 1<sup>er<\/sup> au 30 octobre 1961, sur les 90 corps de \u00ab&nbsp;NA&nbsp;\u00bb, sont entr\u00e9s \u00e0 l\u2019Institut M\u00e9dico-L\u00e9gal, la plupart \u00e9taient des victimes du FLN.<\/p>\n\n\n\n<p>Plus encore, pour toute l\u2019ann\u00e9e 1961, 308 cadavres de \u00ab&nbsp;N.A&nbsp;\u00bb entr\u00e8rent \u00e0 l\u2019IML. Or, la plupart \u00e9taient des victimes de la guerre inexpiable que le FLN menait contre ses opposants partisans de l\u2019Alg\u00e9rie fran\u00e7aise ou du MNA de Messali Hadj. Ainsi, au mois d\u2019octobre 1961, sur les 34 cadavres de \u00ab&nbsp;N.A&nbsp;\u00bb retir\u00e9s de la Seine ou de la Marne, notamment aux barrages de Suresnes et de Bezons puis conduits \u00e0 l\u2019IML, la quasi-totalit\u00e9 \u00e9taient des victimes du FLN (harkis, partisans de la France, membres du MNA) dont une des m\u00e9thodes d\u2019assassinat consistait \u00e0 noyer ses opposants. La police fran\u00e7aise n\u2019est pour rien dans ces noyades.&nbsp;<\/p>\n\n\n\n<p>Les \u00ab&nbsp;massacres&nbsp;\u00bb du 17 octobre 1961 seront \u00e9tudi\u00e9s dans l\u2019avenir comme un cas exemplaire de fabrication d\u2019un mythe&nbsp;; comme Katyn et le massacre des officiers polonais attribu\u00e9 aux Allemands et en r\u00e9alit\u00e9 perp\u00e9tr\u00e9 par les Sovi\u00e9tiques, Timosoara en Roumanie, les \u00ab&nbsp;couveuses&nbsp;\u00bb au Koweit ou encore comme les \u00ab&nbsp;armes de destruction massive&nbsp;\u00bb en Irak.<\/p>\n\n\n\n<p class=\"has-text-align-right\"><br><strong>Bernard LUGAN<\/strong><br><em><strong><a href=\"https:\/\/bernardlugan.blogspot.com\/2025\/10\/le-17-octobre-2025-en-chemise-et-la.html\">L&#8217;Afrique R\u00e9elle<\/a><br><\/strong><\/em>19 octobre 2025<\/p>\n\n\n\n<p class=\"has-colibri-color-5-color has-text-color has-link-color wp-elements-d082b889f936d2d5d9a17031b3d6f7df\">.<\/p>\n\n\n\n<p><strong>Pour en savoir plus<\/strong>&nbsp;:<\/p>\n\n\n\n<p class=\"has-small-font-size\">&#8211; Brunet, J-P., (1999 ) Police contre FLN. Le drame d\u2019octobre 1961.Paris.<br>&#8211; Brunet, J-P., (2002) \u00ab&nbsp;Enqu\u00eate sur la nuit du 17 octobre 1961&nbsp;\u00bb. Les Collections de l\u2019Histoire, hors s\u00e9rie n\u00b015, mars 2002.<br>&#8211; Brunet, J-P., (2003) Charonne, lumi\u00e8re sur une trag\u00e9die. Paris.<br>&#8211; Brunet, J-P., (2008) \u00ab Sur la m\u00e9thodologie et la d\u00e9ontologie de l\u2019historien. Retour sur le 17 octobre 1961&nbsp;\u00bb. Commentaire, vol 31, n\u00b0122, \u00e9t\u00e9 2008.<br>&#8211; Brunet, J-P., (2011) \u00ab&nbsp;Combien y a-t-il eu de morts lors du drame du 17 octobre 1961&nbsp;?&nbsp;\u00bb. Atlantico, 17 octobre 2011.<br>&#8211; Einaudi, J-L., (1991) La Bataille de Paris&nbsp;:17 octobre 1961.<br>&#8211; Einaudi, J.-L (2001) Octobre 1961, un massacre \u00e0 Paris. Paris<br>&#8211; House, J et MacMaster,N., (2008) Paris 1961. Les Alg\u00e9riens, la terreur d\u2019Etat et la m\u00e9moire.<br>&#8211; Lugan, B., (2017) \u00ab&nbsp;17 octobre 1961, un massacre imaginaire&nbsp;\u00bb. Chapitre IX du livre \u00ab&nbsp;Alg\u00e9rie l\u2019Histoire \u00e0 l\u2019endroit&nbsp;\u00bb. Chez l\u2019auteur <a href=\"http:\/\/www.bernard-lugan.com\" target=\"_blank\" rel=\"noreferrer noopener\">www.bernard-lugan.com<\/a>.<br>&#8211; Valat, R., (2007) Les Calots bleus. Histoire d\u2019une police auxiliaire pendant la Guerre d\u2019Alg\u00e9rie. Paris.<br>&#8211; Valat, R., (2009) \u00ab&nbsp;La force police auxiliaire&nbsp;: une historiographie sous influence&nbsp;? R\u00e9ponse de l\u2019auteur aux critiques formul\u00e9es contre son ouvrage Les Calots bleus et la bataille de Paris. Une force police auxiliaire pendant la guerre d\u2019Alg\u00e9rie. En ligne, 13 pages.<br>&#8211; Valette, J., (2001) La guerre d\u2019Alg\u00e9rie des messalistes. Paris.<\/p>\n\n\n\n<p class=\"has-small-font-size\">[1] Comme l\u2019a montr\u00e9 Jean-Luc Brunet (2008) rarement un livre \u00e0 pr\u00e9tention scientifique et \u00e9crit par des universitaires aura \u00e0 ce point d\u00e9rog\u00e9 aux r\u00e8gles \u00e9l\u00e9mentaires de la d\u00e9ontologie historique.<br>[2] Des insinuations assassines sont faites \u00e0 la mani\u00e8re de Benjamin Stora dans un entretien au Nouvel Observateur (Grand <a href=\"http:\/\/reporters.com\" target=\"_blank\" rel=\"noreferrer noopener\">reporters.com<\/a> janvier 2003) quand il cite Omar Boudaoud, un des responsables de la manifestation du 17 octobre 1961 qui parle de \u00ab&nbsp;pendaisons dans le Bois de Vincennes et (d\u2019) une Seine remplie de cadavres&nbsp;\u00bb. Benjamin Stora ne fait certes que reprendre des d\u00e9clarations qu\u2019il n\u2019assume pas, mais qu\u2019il ne rectifie pas non plus\u2026<br>3] Du 1\u00b0 au 31 octobre 1961, sur 90 cadavres de \u00ab&nbsp;N.A&nbsp;\u00bb (Nord-africains selon la terminologie de l\u2019\u00e9poque), conduits \u00e0 l\u2019Institut M\u00e9dico L\u00e9gal, 34 furent retir\u00e9s de la Seine ou de la Marne, notamment aux barrages de Suresnes et de Bezons. Les enqu\u00eates polici\u00e8res ont montr\u00e9 qu\u2019il s\u2019agissait pour la plupart de meurtres commis par le FLN.<br>[4] \u00ab&nbsp;Rapport sur les archives de la Pr\u00e9fecture de police relatives \u00e0 la manifestation organis\u00e9e par le FLN le 17 octobre 1961&nbsp;\u00bb. Rapport \u00e9tabli \u00e0 la demande du Premier ministre, M. Lionel Jospin et remis au mois de janvier 1998 par M. Dieudonn\u00e9 Mandelkern pr\u00e9sident de section au Conseil d\u2019Etat, pr\u00e9sident&nbsp;; M. Andr\u00e9 Wiehn, Inspecteur g\u00e9n\u00e9ral de l\u2019administration&nbsp;; Mme Mireille Jean, Conservateur aux Archives nationales&nbsp;; M. Werner Gagneron, Inspecteur de l\u2019administration. En ligne.<\/p>\n<div class=\"pdfprnt-buttons pdfprnt-buttons-post pdfprnt-bottom-right\"><a href=\"https:\/\/aassdn.org\/amicale\/wp-json\/wp\/v2\/posts\/21305?print=pdf\" class=\"pdfprnt-button pdfprnt-button-pdf\" target=\"_blank\" ><img decoding=\"async\" data-src=\"https:\/\/aassdn.org\/amicale\/wp-content\/plugins\/pdf-print\/images\/pdf.png\" alt=\"image_pdf\" title=\"Afficher le PDF\" src=\"data:image\/svg+xml;base64,PHN2ZyB3aWR0aD0iMSIgaGVpZ2h0PSIxIiB4bWxucz0iaHR0cDovL3d3dy53My5vcmcvMjAwMC9zdmciPjwvc3ZnPg==\" class=\"lazyload\" style=\"--smush-placeholder-width: 32px; --smush-placeholder-aspect-ratio: 32\/32;\" \/><\/a><a href=\"https:\/\/aassdn.org\/amicale\/wp-json\/wp\/v2\/posts\/21305?print=print\" class=\"pdfprnt-button pdfprnt-button-print\" target=\"_blank\" ><\/a><\/div>","protected":false},"excerpt":{"rendered":"<p>La guerre d&#8217;ind\u00e9pendance alg\u00e9rienne se d\u00e9roula \u00e9galement en m\u00e9tropole, y provoquant des milliers de morts. Pour la p\u00e9riode du 1er janvier 1956 au 23 janvier 1962, 10\u00a0223 attentats y furent ainsi commis par le FLN. Pour le seul d\u00e9partement de la Seine, entre le 1er janvier 1956 et le 31 d\u00e9cembre 1962, 1 433 Alg\u00e9riens [&hellip;]<\/p>\n","protected":false},"author":32,"featured_media":19339,"comment_status":"open","ping_status":"closed","sticky":false,"template":"","format":"standard","meta":{"_acf_changed":false,"footnotes":""},"categories":[179,288,1,109],"tags":[264,323,307,328,327,339],"class_list":["post-21305","post","type-post","status-publish","format-standard","has-post-thumbnail","hentry","category-1955-1962","category-2020-2030","category-non-classe","category-1954-1962-guerre-dalgerie","tag-algerie","tag-armement","tag-defense","tag-fabrication","tag-histoire","tag-memoire"],"acf":[],"yoast_head":"<!-- This site is optimized with the Yoast SEO plugin v27.4 - https:\/\/yoast.com\/product\/yoast-seo-wordpress\/ -->\n<title>Histoire : Que s\u2019est-il pass\u00e9 le 17 octobre 1961\u00a0\u00e0 Paris ? | AASSDN | Anciens et Amis des Services Sp\u00e9ciaux<\/title>\n<meta name=\"robots\" content=\"index, follow, max-snippet:-1, max-image-preview:large, max-video-preview:-1\" \/>\n<link rel=\"canonical\" href=\"https:\/\/aassdn.org\/amicale\/histoire-que-sest-il-passe-le-17-octobre-1961-a-paris\/\" \/>\n<meta property=\"og:locale\" content=\"fr_FR\" \/>\n<meta property=\"og:type\" content=\"article\" \/>\n<meta property=\"og:title\" content=\"Histoire : Que s\u2019est-il pass\u00e9 le 17 octobre 1961\u00a0\u00e0 Paris ? | AASSDN | Anciens et Amis des Services Sp\u00e9ciaux\" \/>\n<meta property=\"og:description\" content=\"La guerre d&#8217;ind\u00e9pendance alg\u00e9rienne se d\u00e9roula \u00e9galement en m\u00e9tropole, y provoquant des milliers de morts. Pour la p\u00e9riode du 1er janvier 1956 au 23 janvier 1962, 10\u00a0223 attentats y furent ainsi commis par le FLN. Pour le seul d\u00e9partement de la Seine, entre le 1er janvier 1956 et le 31 d\u00e9cembre 1962, 1 433 Alg\u00e9riens [&hellip;]\" \/>\n<meta property=\"og:url\" content=\"https:\/\/aassdn.org\/amicale\/histoire-que-sest-il-passe-le-17-octobre-1961-a-paris\/\" \/>\n<meta property=\"og:site_name\" content=\"AASSDN | Anciens et Amis des Services Sp\u00e9ciaux\" \/>\n<meta property=\"article:published_time\" content=\"2025-10-23T20:33:48+00:00\" \/>\n<meta property=\"article:modified_time\" content=\"2025-11-04T13:38:01+00:00\" \/>\n<meta property=\"og:image\" content=\"https:\/\/aassdn.org\/amicale\/wp-content\/uploads\/bernard-lugan-afrique-reelle-bandeau.jpg\" \/>\n\t<meta property=\"og:image:width\" content=\"846\" \/>\n\t<meta property=\"og:image:height\" content=\"277\" \/>\n\t<meta property=\"og:image:type\" content=\"image\/jpeg\" \/>\n<meta name=\"author\" content=\"AASSDN\" \/>\n<meta name=\"twitter:card\" content=\"summary_large_image\" \/>\n<meta name=\"twitter:label1\" content=\"\u00c9crit par\" \/>\n\t<meta name=\"twitter:data1\" content=\"AASSDN\" \/>\n\t<meta name=\"twitter:label2\" content=\"Dur\u00e9e de lecture estim\u00e9e\" \/>\n\t<meta name=\"twitter:data2\" content=\"10 minutes\" \/>\n<script type=\"application\/ld+json\" class=\"yoast-schema-graph\">{\"@context\":\"https:\\\/\\\/schema.org\",\"@graph\":[{\"@type\":\"Article\",\"@id\":\"https:\\\/\\\/aassdn.org\\\/amicale\\\/histoire-que-sest-il-passe-le-17-octobre-1961-a-paris\\\/#article\",\"isPartOf\":{\"@id\":\"https:\\\/\\\/aassdn.org\\\/amicale\\\/histoire-que-sest-il-passe-le-17-octobre-1961-a-paris\\\/\"},\"author\":{\"name\":\"AASSDN\",\"@id\":\"https:\\\/\\\/aassdn.org\\\/amicale\\\/#\\\/schema\\\/person\\\/8e950b11c74c24df36dc8e172f9451f4\"},\"headline\":\"Histoire : Que s\u2019est-il pass\u00e9 le 17 octobre 1961\u00a0\u00e0 Paris ?\",\"datePublished\":\"2025-10-23T20:33:48+00:00\",\"dateModified\":\"2025-11-04T13:38:01+00:00\",\"mainEntityOfPage\":{\"@id\":\"https:\\\/\\\/aassdn.org\\\/amicale\\\/histoire-que-sest-il-passe-le-17-octobre-1961-a-paris\\\/\"},\"wordCount\":2073,\"commentCount\":0,\"publisher\":{\"@id\":\"https:\\\/\\\/aassdn.org\\\/amicale\\\/#organization\"},\"image\":{\"@id\":\"https:\\\/\\\/aassdn.org\\\/amicale\\\/histoire-que-sest-il-passe-le-17-octobre-1961-a-paris\\\/#primaryimage\"},\"thumbnailUrl\":\"https:\\\/\\\/aassdn.org\\\/amicale\\\/wp-content\\\/uploads\\\/bernard-lugan-afrique-reelle-bandeau.jpg\",\"keywords\":[\"Alg\u00e9rie\",\"armement\",\"d\u00e9fense\",\"fabrication\",\"histoire\",\"m\u00e9moire\"],\"articleSection\":[\"1955-1962\",\"2020-2030\",\"Global\",\"Guerre d'Alg\u00e9rie (1954-1962)\"],\"inLanguage\":\"fr-FR\",\"potentialAction\":[{\"@type\":\"CommentAction\",\"name\":\"Comment\",\"target\":[\"https:\\\/\\\/aassdn.org\\\/amicale\\\/histoire-que-sest-il-passe-le-17-octobre-1961-a-paris\\\/#respond\"]}]},{\"@type\":\"WebPage\",\"@id\":\"https:\\\/\\\/aassdn.org\\\/amicale\\\/histoire-que-sest-il-passe-le-17-octobre-1961-a-paris\\\/\",\"url\":\"https:\\\/\\\/aassdn.org\\\/amicale\\\/histoire-que-sest-il-passe-le-17-octobre-1961-a-paris\\\/\",\"name\":\"Histoire : Que s\u2019est-il pass\u00e9 le 17 octobre 1961\u00a0\u00e0 Paris ? | AASSDN | Anciens et Amis des Services Sp\u00e9ciaux\",\"isPartOf\":{\"@id\":\"https:\\\/\\\/aassdn.org\\\/amicale\\\/#website\"},\"primaryImageOfPage\":{\"@id\":\"https:\\\/\\\/aassdn.org\\\/amicale\\\/histoire-que-sest-il-passe-le-17-octobre-1961-a-paris\\\/#primaryimage\"},\"image\":{\"@id\":\"https:\\\/\\\/aassdn.org\\\/amicale\\\/histoire-que-sest-il-passe-le-17-octobre-1961-a-paris\\\/#primaryimage\"},\"thumbnailUrl\":\"https:\\\/\\\/aassdn.org\\\/amicale\\\/wp-content\\\/uploads\\\/bernard-lugan-afrique-reelle-bandeau.jpg\",\"datePublished\":\"2025-10-23T20:33:48+00:00\",\"dateModified\":\"2025-11-04T13:38:01+00:00\",\"breadcrumb\":{\"@id\":\"https:\\\/\\\/aassdn.org\\\/amicale\\\/histoire-que-sest-il-passe-le-17-octobre-1961-a-paris\\\/#breadcrumb\"},\"inLanguage\":\"fr-FR\",\"potentialAction\":[{\"@type\":\"ReadAction\",\"target\":[\"https:\\\/\\\/aassdn.org\\\/amicale\\\/histoire-que-sest-il-passe-le-17-octobre-1961-a-paris\\\/\"]}]},{\"@type\":\"ImageObject\",\"inLanguage\":\"fr-FR\",\"@id\":\"https:\\\/\\\/aassdn.org\\\/amicale\\\/histoire-que-sest-il-passe-le-17-octobre-1961-a-paris\\\/#primaryimage\",\"url\":\"https:\\\/\\\/aassdn.org\\\/amicale\\\/wp-content\\\/uploads\\\/bernard-lugan-afrique-reelle-bandeau.jpg\",\"contentUrl\":\"https:\\\/\\\/aassdn.org\\\/amicale\\\/wp-content\\\/uploads\\\/bernard-lugan-afrique-reelle-bandeau.jpg\",\"width\":846,\"height\":277},{\"@type\":\"BreadcrumbList\",\"@id\":\"https:\\\/\\\/aassdn.org\\\/amicale\\\/histoire-que-sest-il-passe-le-17-octobre-1961-a-paris\\\/#breadcrumb\",\"itemListElement\":[{\"@type\":\"ListItem\",\"position\":1,\"name\":\"Accueil\",\"item\":\"https:\\\/\\\/aassdn.org\\\/amicale\\\/\"},{\"@type\":\"ListItem\",\"position\":2,\"name\":\"Histoire : Que s\u2019est-il pass\u00e9 le 17 octobre 1961\u00a0\u00e0 Paris ?\"}]},{\"@type\":\"WebSite\",\"@id\":\"https:\\\/\\\/aassdn.org\\\/amicale\\\/#website\",\"url\":\"https:\\\/\\\/aassdn.org\\\/amicale\\\/\",\"name\":\"AASSDN | Anciens et Amis des Services Sp\u00e9ciaux\",\"description\":\"Services sp\u00e9ciaux : Des h\u00e9ros anonymes au service exclusif de la France\",\"publisher\":{\"@id\":\"https:\\\/\\\/aassdn.org\\\/amicale\\\/#organization\"},\"potentialAction\":[{\"@type\":\"SearchAction\",\"target\":{\"@type\":\"EntryPoint\",\"urlTemplate\":\"https:\\\/\\\/aassdn.org\\\/amicale\\\/?s={search_term_string}\"},\"query-input\":{\"@type\":\"PropertyValueSpecification\",\"valueRequired\":true,\"valueName\":\"search_term_string\"}}],\"inLanguage\":\"fr-FR\"},{\"@type\":\"Organization\",\"@id\":\"https:\\\/\\\/aassdn.org\\\/amicale\\\/#organization\",\"name\":\"AASSDN | Anciens et Amis des Services Sp\u00e9ciaux\",\"url\":\"https:\\\/\\\/aassdn.org\\\/amicale\\\/\",\"logo\":{\"@type\":\"ImageObject\",\"inLanguage\":\"fr-FR\",\"@id\":\"https:\\\/\\\/aassdn.org\\\/amicale\\\/#\\\/schema\\\/logo\\\/image\\\/\",\"url\":\"https:\\\/\\\/aassdn.org\\\/amicale\\\/wp-content\\\/uploads\\\/Logo_AASSDN_transparent2.png\",\"contentUrl\":\"https:\\\/\\\/aassdn.org\\\/amicale\\\/wp-content\\\/uploads\\\/Logo_AASSDN_transparent2.png\",\"width\":1832,\"height\":1609,\"caption\":\"AASSDN | Anciens et Amis des Services Sp\u00e9ciaux\"},\"image\":{\"@id\":\"https:\\\/\\\/aassdn.org\\\/amicale\\\/#\\\/schema\\\/logo\\\/image\\\/\"}},{\"@type\":\"Person\",\"@id\":\"https:\\\/\\\/aassdn.org\\\/amicale\\\/#\\\/schema\\\/person\\\/8e950b11c74c24df36dc8e172f9451f4\",\"name\":\"AASSDN\",\"image\":{\"@type\":\"ImageObject\",\"inLanguage\":\"fr-FR\",\"@id\":\"https:\\\/\\\/secure.gravatar.com\\\/avatar\\\/fd0b6d50e70e6f0ed2d0d0ed7be3689bc93c931340a70ec36db416b5f0486016?s=96&d=mm&r=g\",\"url\":\"https:\\\/\\\/secure.gravatar.com\\\/avatar\\\/fd0b6d50e70e6f0ed2d0d0ed7be3689bc93c931340a70ec36db416b5f0486016?s=96&d=mm&r=g\",\"contentUrl\":\"https:\\\/\\\/secure.gravatar.com\\\/avatar\\\/fd0b6d50e70e6f0ed2d0d0ed7be3689bc93c931340a70ec36db416b5f0486016?s=96&d=mm&r=g\",\"caption\":\"AASSDN\"},\"url\":\"https:\\\/\\\/aassdn.org\\\/amicale\\\/author\\\/laure-fanjeau\\\/\"}]}<\/script>\n<!-- \/ Yoast SEO plugin. -->","yoast_head_json":{"title":"Histoire : Que s\u2019est-il pass\u00e9 le 17 octobre 1961\u00a0\u00e0 Paris ? | AASSDN | Anciens et Amis des Services Sp\u00e9ciaux","robots":{"index":"index","follow":"follow","max-snippet":"max-snippet:-1","max-image-preview":"max-image-preview:large","max-video-preview":"max-video-preview:-1"},"canonical":"https:\/\/aassdn.org\/amicale\/histoire-que-sest-il-passe-le-17-octobre-1961-a-paris\/","og_locale":"fr_FR","og_type":"article","og_title":"Histoire : Que s\u2019est-il pass\u00e9 le 17 octobre 1961\u00a0\u00e0 Paris ? | AASSDN | Anciens et Amis des Services Sp\u00e9ciaux","og_description":"La guerre d&#8217;ind\u00e9pendance alg\u00e9rienne se d\u00e9roula \u00e9galement en m\u00e9tropole, y provoquant des milliers de morts. Pour la p\u00e9riode du 1er janvier 1956 au 23 janvier 1962, 10\u00a0223 attentats y furent ainsi commis par le FLN. Pour le seul d\u00e9partement de la Seine, entre le 1er janvier 1956 et le 31 d\u00e9cembre 1962, 1 433 Alg\u00e9riens [&hellip;]","og_url":"https:\/\/aassdn.org\/amicale\/histoire-que-sest-il-passe-le-17-octobre-1961-a-paris\/","og_site_name":"AASSDN | Anciens et Amis des Services Sp\u00e9ciaux","article_published_time":"2025-10-23T20:33:48+00:00","article_modified_time":"2025-11-04T13:38:01+00:00","og_image":[{"width":846,"height":277,"url":"https:\/\/aassdn.org\/amicale\/wp-content\/uploads\/bernard-lugan-afrique-reelle-bandeau.jpg","type":"image\/jpeg"}],"author":"AASSDN","twitter_card":"summary_large_image","twitter_misc":{"\u00c9crit par":"AASSDN","Dur\u00e9e de lecture estim\u00e9e":"10 minutes"},"schema":{"@context":"https:\/\/schema.org","@graph":[{"@type":"Article","@id":"https:\/\/aassdn.org\/amicale\/histoire-que-sest-il-passe-le-17-octobre-1961-a-paris\/#article","isPartOf":{"@id":"https:\/\/aassdn.org\/amicale\/histoire-que-sest-il-passe-le-17-octobre-1961-a-paris\/"},"author":{"name":"AASSDN","@id":"https:\/\/aassdn.org\/amicale\/#\/schema\/person\/8e950b11c74c24df36dc8e172f9451f4"},"headline":"Histoire : Que s\u2019est-il pass\u00e9 le 17 octobre 1961\u00a0\u00e0 Paris ?","datePublished":"2025-10-23T20:33:48+00:00","dateModified":"2025-11-04T13:38:01+00:00","mainEntityOfPage":{"@id":"https:\/\/aassdn.org\/amicale\/histoire-que-sest-il-passe-le-17-octobre-1961-a-paris\/"},"wordCount":2073,"commentCount":0,"publisher":{"@id":"https:\/\/aassdn.org\/amicale\/#organization"},"image":{"@id":"https:\/\/aassdn.org\/amicale\/histoire-que-sest-il-passe-le-17-octobre-1961-a-paris\/#primaryimage"},"thumbnailUrl":"https:\/\/aassdn.org\/amicale\/wp-content\/uploads\/bernard-lugan-afrique-reelle-bandeau.jpg","keywords":["Alg\u00e9rie","armement","d\u00e9fense","fabrication","histoire","m\u00e9moire"],"articleSection":["1955-1962","2020-2030","Global","Guerre d'Alg\u00e9rie (1954-1962)"],"inLanguage":"fr-FR","potentialAction":[{"@type":"CommentAction","name":"Comment","target":["https:\/\/aassdn.org\/amicale\/histoire-que-sest-il-passe-le-17-octobre-1961-a-paris\/#respond"]}]},{"@type":"WebPage","@id":"https:\/\/aassdn.org\/amicale\/histoire-que-sest-il-passe-le-17-octobre-1961-a-paris\/","url":"https:\/\/aassdn.org\/amicale\/histoire-que-sest-il-passe-le-17-octobre-1961-a-paris\/","name":"Histoire : Que s\u2019est-il pass\u00e9 le 17 octobre 1961\u00a0\u00e0 Paris ? | AASSDN | Anciens et Amis des Services Sp\u00e9ciaux","isPartOf":{"@id":"https:\/\/aassdn.org\/amicale\/#website"},"primaryImageOfPage":{"@id":"https:\/\/aassdn.org\/amicale\/histoire-que-sest-il-passe-le-17-octobre-1961-a-paris\/#primaryimage"},"image":{"@id":"https:\/\/aassdn.org\/amicale\/histoire-que-sest-il-passe-le-17-octobre-1961-a-paris\/#primaryimage"},"thumbnailUrl":"https:\/\/aassdn.org\/amicale\/wp-content\/uploads\/bernard-lugan-afrique-reelle-bandeau.jpg","datePublished":"2025-10-23T20:33:48+00:00","dateModified":"2025-11-04T13:38:01+00:00","breadcrumb":{"@id":"https:\/\/aassdn.org\/amicale\/histoire-que-sest-il-passe-le-17-octobre-1961-a-paris\/#breadcrumb"},"inLanguage":"fr-FR","potentialAction":[{"@type":"ReadAction","target":["https:\/\/aassdn.org\/amicale\/histoire-que-sest-il-passe-le-17-octobre-1961-a-paris\/"]}]},{"@type":"ImageObject","inLanguage":"fr-FR","@id":"https:\/\/aassdn.org\/amicale\/histoire-que-sest-il-passe-le-17-octobre-1961-a-paris\/#primaryimage","url":"https:\/\/aassdn.org\/amicale\/wp-content\/uploads\/bernard-lugan-afrique-reelle-bandeau.jpg","contentUrl":"https:\/\/aassdn.org\/amicale\/wp-content\/uploads\/bernard-lugan-afrique-reelle-bandeau.jpg","width":846,"height":277},{"@type":"BreadcrumbList","@id":"https:\/\/aassdn.org\/amicale\/histoire-que-sest-il-passe-le-17-octobre-1961-a-paris\/#breadcrumb","itemListElement":[{"@type":"ListItem","position":1,"name":"Accueil","item":"https:\/\/aassdn.org\/amicale\/"},{"@type":"ListItem","position":2,"name":"Histoire : Que s\u2019est-il pass\u00e9 le 17 octobre 1961\u00a0\u00e0 Paris ?"}]},{"@type":"WebSite","@id":"https:\/\/aassdn.org\/amicale\/#website","url":"https:\/\/aassdn.org\/amicale\/","name":"AASSDN | Anciens et Amis des Services Sp\u00e9ciaux","description":"Services sp\u00e9ciaux : Des h\u00e9ros anonymes au service exclusif de la France","publisher":{"@id":"https:\/\/aassdn.org\/amicale\/#organization"},"potentialAction":[{"@type":"SearchAction","target":{"@type":"EntryPoint","urlTemplate":"https:\/\/aassdn.org\/amicale\/?s={search_term_string}"},"query-input":{"@type":"PropertyValueSpecification","valueRequired":true,"valueName":"search_term_string"}}],"inLanguage":"fr-FR"},{"@type":"Organization","@id":"https:\/\/aassdn.org\/amicale\/#organization","name":"AASSDN | Anciens et Amis des Services Sp\u00e9ciaux","url":"https:\/\/aassdn.org\/amicale\/","logo":{"@type":"ImageObject","inLanguage":"fr-FR","@id":"https:\/\/aassdn.org\/amicale\/#\/schema\/logo\/image\/","url":"https:\/\/aassdn.org\/amicale\/wp-content\/uploads\/Logo_AASSDN_transparent2.png","contentUrl":"https:\/\/aassdn.org\/amicale\/wp-content\/uploads\/Logo_AASSDN_transparent2.png","width":1832,"height":1609,"caption":"AASSDN | Anciens et Amis des Services Sp\u00e9ciaux"},"image":{"@id":"https:\/\/aassdn.org\/amicale\/#\/schema\/logo\/image\/"}},{"@type":"Person","@id":"https:\/\/aassdn.org\/amicale\/#\/schema\/person\/8e950b11c74c24df36dc8e172f9451f4","name":"AASSDN","image":{"@type":"ImageObject","inLanguage":"fr-FR","@id":"https:\/\/secure.gravatar.com\/avatar\/fd0b6d50e70e6f0ed2d0d0ed7be3689bc93c931340a70ec36db416b5f0486016?s=96&d=mm&r=g","url":"https:\/\/secure.gravatar.com\/avatar\/fd0b6d50e70e6f0ed2d0d0ed7be3689bc93c931340a70ec36db416b5f0486016?s=96&d=mm&r=g","contentUrl":"https:\/\/secure.gravatar.com\/avatar\/fd0b6d50e70e6f0ed2d0d0ed7be3689bc93c931340a70ec36db416b5f0486016?s=96&d=mm&r=g","caption":"AASSDN"},"url":"https:\/\/aassdn.org\/amicale\/author\/laure-fanjeau\/"}]}},"_links":{"self":[{"href":"https:\/\/aassdn.org\/amicale\/wp-json\/wp\/v2\/posts\/21305","targetHints":{"allow":["GET"]}}],"collection":[{"href":"https:\/\/aassdn.org\/amicale\/wp-json\/wp\/v2\/posts"}],"about":[{"href":"https:\/\/aassdn.org\/amicale\/wp-json\/wp\/v2\/types\/post"}],"author":[{"embeddable":true,"href":"https:\/\/aassdn.org\/amicale\/wp-json\/wp\/v2\/users\/32"}],"replies":[{"embeddable":true,"href":"https:\/\/aassdn.org\/amicale\/wp-json\/wp\/v2\/comments?post=21305"}],"version-history":[{"count":0,"href":"https:\/\/aassdn.org\/amicale\/wp-json\/wp\/v2\/posts\/21305\/revisions"}],"wp:featuredmedia":[{"embeddable":true,"href":"https:\/\/aassdn.org\/amicale\/wp-json\/wp\/v2\/media\/19339"}],"wp:attachment":[{"href":"https:\/\/aassdn.org\/amicale\/wp-json\/wp\/v2\/media?parent=21305"}],"wp:term":[{"taxonomy":"category","embeddable":true,"href":"https:\/\/aassdn.org\/amicale\/wp-json\/wp\/v2\/categories?post=21305"},{"taxonomy":"post_tag","embeddable":true,"href":"https:\/\/aassdn.org\/amicale\/wp-json\/wp\/v2\/tags?post=21305"}],"curies":[{"name":"wp","href":"https:\/\/api.w.org\/{rel}","templated":true}]}}