{"id":2090,"date":"2021-10-29T09:59:45","date_gmt":"2021-10-29T07:59:45","guid":{"rendered":"https:\/\/aassdn.org\/amicale\/congres-nationaux-2009-ramatuelle-2\/"},"modified":"2024-03-02T15:23:45","modified_gmt":"2024-03-02T14:23:45","slug":"congres-nationaux-2009-ramatuelle-2","status":"publish","type":"post","link":"https:\/\/aassdn.org\/amicale\/congres-nationaux-2009-ramatuelle-2\/","title":{"rendered":"Congr\u00e8s nationaux : 2009 Ramatuelle"},"content":{"rendered":"<td>\n<p>\u00a0<\/p>\n<table>\n<tbody>\n<tr>\n<td><span>Ramatuelle &#8211; 2 mai &#8211; matin<\/span><\/td>\n<\/tr>\n<tr>\n<td><strong>Assembl\u00e9es G\u00e9n\u00e9rales Ordinaire et Extraordinaire <\/strong><\/td>\n<\/tr>\n<tr>\n<td>\u00a0<\/td>\n<\/tr>\n<tr>\n<td><span>Ramatuelle &#8211; 2 mai &#8211; apr\u00e8s-midi<\/span><\/td>\n<\/tr>\n<tr>\n<td>\n<div>\n<p><strong>Pr\u00e9sentation &#8211; Th\u00e8me : &#8221; Les forces sous-marines : les SNA ( Sous-marins nucl\u00e9aires d&#8217;attaque )&#8221;<\/strong><\/p>\n<p>par le Capitaine de Fr\u00e9gate Commandant l&#8217;\u00e9quipage rouge du &#8221; Casabianca &#8220;<\/p>\n<\/div>\n<div><\/div>\n<\/td>\n<\/tr>\n<tr>\n<td><img decoding=\"async\" data-src=\"visuels\/submarins.gif\" src=\"data:image\/svg+xml;base64,PHN2ZyB3aWR0aD0iMSIgaGVpZ2h0PSIxIiB4bWxucz0iaHR0cDovL3d3dy53My5vcmcvMjAwMC9zdmciPjwvc3ZnPg==\" class=\"lazyload\" \/><\/td>\n<td>\n<div><img decoding=\"async\" src=\"visuels\/xc09 151.jpg\" \/><\/div>\n<\/td>\n<\/tr>\n<tr>\n<td><img decoding=\"async\" src=\"visuels\/tape casa.jpg\" \/><\/td>\n<\/tr>\n<tr>\n<td>\u00a0<\/td>\n<td>\n<p><em>Voir le Site du Minist\u00e8re de la D\u00e9fense<\/em>: <a href=\"http:\/\/www.defense.gouv.fr\/marine\/decouverte\/organisation\/unites\/forces_sous_marines\/sous_marins_nucleaires_d_attaque\/le_sna_casabianca_s_603\">S 603 CASABIANCA<\/a><\/p>\n<p><em>ainsi que notre rubrique<\/em>: &#8221; <a href=\"acpPPaas01.html\">Parrainages \/ Patronnages AASSDN<\/a> &#8220;<\/p>\n<\/td>\n<\/tr>\n<tr>\n<td>\u00a0<\/td>\n<\/tr>\n<tr>\n<td><span>Ramatuelle &#8211; 2 mai &#8211; apr\u00e8s-midi<\/span><\/td>\n<\/tr>\n<tr>\n<td>\n<div>Au pied du S\u00e9maphore du cap Camarat, le D\u00e9l\u00e9gu\u00e9 du d\u00e9partement du Var rappelle les conditions dans lesquelles se d\u00e9roul\u00e8rent les missions sous-marines clandestines de 1943 et le d\u00e9barquement des agents du SSM\/ TR. <a href=\"xlda10161.htm\">Voir extrait de notre Bulletin N\u00b06<\/a><\/div>\n<\/td>\n<td>\u00a0<\/td>\n<td><img decoding=\"async\" src=\"visuels\/xc09 157.jpg\" \/><\/td>\n<td><img decoding=\"async\" src=\"visuels\/xc09 160.jpg\" \/><\/td>\n<td>\u00a0<\/td>\n<\/tr>\n<tr>\n<td><img decoding=\"async\" src=\"visuels\/xc09 163.jpg\" \/><\/td>\n<\/tr>\n<tr>\n<td>\u00a0<\/td>\n<\/tr>\n<tr>\n<td><span>D\u00e9p\u00f4t d&#8217;un bouquet \u00e0 la roche Escudelier<\/span><\/td>\n<\/tr>\n<tr>\n<td><img decoding=\"async\" src=\"visuels\/xc09 181.jpg\" \/><\/td>\n<\/tr>\n<tr>\n<td>\u00a0<\/td>\n<\/tr>\n<tr>\n<td><span>Ramatuelle &#8211; 3 mai &#8211; matin &#8211; Office religieux en la chapelle Sainte Annne &#8211; Messe en plein air<\/span><\/td>\n<\/tr>\n<tr>\n<td>Office religieux c\u00e9l\u00e9br\u00e9 par l&#8217;Aum\u00f4nier de notre Amicale<\/td>\n<td>\n<div><img decoding=\"async\" src=\"visuels\/xc09 247.jpg\" \/><\/div>\n<\/td>\n<td>\n<div><img decoding=\"async\" src=\"visuels\/xc09 202.jpg\" \/><\/div>\n<\/td>\n<td>\u00a0<\/td>\n<\/tr>\n<tr>\n<td>\u00a0<\/td>\n<\/tr>\n<tr>\n<td><span>Ramatuelle &#8211; 3 mai &#8211; matin &#8211; C\u00e9r\u00e9monie au M\u00e9morial AASSDN<\/span><\/td>\n<\/tr>\n<tr>\n<td>\n<div><img decoding=\"async\" src=\"visuels\/xc09 273.jpg\" \/><\/div>\n<\/td>\n<td><img decoding=\"async\" src=\"visuels\/xc09 278.jpg\" \/><\/td>\n<\/tr>\n<tr>\n<td><img decoding=\"async\" data-src=\"visuels\/PICT0213.JPG\" src=\"data:image\/svg+xml;base64,PHN2ZyB3aWR0aD0iMSIgaGVpZ2h0PSIxIiB4bWxucz0iaHR0cDovL3d3dy53My5vcmcvMjAwMC9zdmciPjwvc3ZnPg==\" class=\"lazyload\" \/><\/td>\n<td><img decoding=\"async\" src=\"visuels\/xc09 286.jpg\" \/><\/td>\n<\/tr>\n<tr>\n<td>\n<div>et hommages au Colonel Paul PAILLOLE <\/div>\n<\/td>\n<td>\u00a0<\/td>\n<\/tr>\n<tr>\n<td>\u00a0<\/td>\n<\/tr>\n<tr>\n<td><img decoding=\"async\" data-src=\"visuels\/logottu.gif\" src=\"data:image\/svg+xml;base64,PHN2ZyB3aWR0aD0iMSIgaGVpZ2h0PSIxIiB4bWxucz0iaHR0cDovL3d3dy53My5vcmcvMjAwMC9zdmciPjwvc3ZnPg==\" class=\"lazyload\" \/><em><a href=\"http:\/\/www.ttu.fr\/francais\/TTUonline.html\">Lettre  d&#8217;informations strat\u00e9giques et de d\u00e9fense <\/a><\/em><\/td>\n<\/tr>\n<tr>\n<td>\n<blockquote>\n<p><strong>Ramatuelle c\u00e9l\u00e8bre le  renseignement<\/strong><br \/>\n                  \u00abLe renseignement est comme  l&#8217;air qu&#8217;on respire, on s&#8217;aper\u00e7oit qu&#8217;il est indispensable lorsqu&#8217;on en  manque\u00bb, aimait \u00e0 r\u00e9p\u00e9ter Paul Paillole, ancien chef des services de  contre-espionnage fran\u00e7ais de 1940 \u00e0 1945. L&#8217;une des priorit\u00e9s de Paillole fut  de refuser l&#8217;oubli de ceux qui ont sacrifi\u00e9 leur vie dans l&#8217;ombre des  op\u00e9rations clandestines, alors que d&#8217;autres, \u00abplus intrigants\u00bb, recevaient des  d\u00e9corations. D&#8217;o\u00f9 la cr\u00e9ation de l&#8217;Amicale des anciens des services sp\u00e9ciaux (AASSDN)  en 1953, qui inaugure un nouveau site Internet (<a href=\"http:\/\/www.aassdn.org\">www.aassdn.org<\/a>). Pr\u00e9sid\u00e9e par  HD, successeur de Paillole, l&#8217;AASSDN repr\u00e9sente la communaut\u00e9 du  renseignement et lutte contre les corporatismes et veut \u00eatre un pont entre la  m\u00e9moire et l&#8217;avenir. Son Congr\u00e8s national vient d&#8217;avoir lieu du 1er au 3 mai, \u00e0  Ramatuelle, f\u00eatant le cinquanti\u00e8me anniversaire de l&#8217;inauguration du M\u00e9morial  \u00e0 caract\u00e8re national des membres des services sp\u00e9ciaux de la d\u00e9fense nationale,  morts pour la France de 1940 \u00e0 1944, en pr\u00e9sence de Roland Bruno, maire de  Ramatuelle. 200 personnes \u00e9taient invit\u00e9es (\u00e9lus, repr\u00e9sentants de la  communaut\u00e9 militaire&#8230;). Au cours du vin d&#8217;honneur, le colonel HD et son  \u00e9pouse ont remis aux commandants des \u00e9quipages bleu et rouge du SNA  &#8230;<\/p>\n<div class=\"pdfprnt-buttons pdfprnt-buttons-post pdfprnt-bottom-right\"><a href=\"https:\/\/aassdn.org\/amicale\/wp-json\/wp\/v2\/posts\/2090?print=pdf\" class=\"pdfprnt-button pdfprnt-button-pdf\" target=\"_blank\" ><img decoding=\"async\" data-src=\"https:\/\/aassdn.org\/amicale\/wp-content\/plugins\/pdf-print\/images\/pdf.png\" alt=\"image_pdf\" title=\"Afficher le PDF\" src=\"data:image\/svg+xml;base64,PHN2ZyB3aWR0aD0iMSIgaGVpZ2h0PSIxIiB4bWxucz0iaHR0cDovL3d3dy53My5vcmcvMjAwMC9zdmciPjwvc3ZnPg==\" class=\"lazyload\" style=\"--smush-placeholder-width: 32px; --smush-placeholder-aspect-ratio: 32\/32;\" \/><\/a><a href=\"https:\/\/aassdn.org\/amicale\/wp-json\/wp\/v2\/posts\/2090?print=print\" class=\"pdfprnt-button pdfprnt-button-print\" target=\"_blank\" ><\/a><\/div>","protected":false},"excerpt":{"rendered":"<p>\u00a0 Ramatuelle &#8211; 2 mai &#8211; matin Assembl\u00e9es G\u00e9n\u00e9rales Ordinaire et Extraordinaire \u00a0 Ramatuelle &#8211; 2 mai &#8211; apr\u00e8s-midi Pr\u00e9sentation &#8211; Th\u00e8me : &#8221; Les forces sous-marines : les SNA ( Sous-marins nucl\u00e9aires d&#8217;attaque )&#8221; par le Capitaine de Fr\u00e9gate Commandant l&#8217;\u00e9quipage rouge du &#8221; Casabianca &#8220; \u00a0 Voir le Site du Minist\u00e8re de la [&hellip;]<\/p>\n","protected":false},"author":1,"featured_media":0,"comment_status":"closed","ping_status":"open","sticky":false,"template":"","format":"standard","meta":{"_acf_changed":false,"footnotes":""},"categories":[90],"tags":[218,226,206,212,203],"class_list":["post-2090","post","type-post","status-publish","format-standard","hentry","category-archives-du-site","tag-congres","tag-contre-espionnage","tag-debarquement","tag-memorial","tag-paul-paillole"],"acf":[],"yoast_head":"<!-- This site is optimized with the Yoast SEO plugin v27.4 - https:\/\/yoast.com\/product\/yoast-seo-wordpress\/ -->\n<title>Congr\u00e8s nationaux : 2009 Ramatuelle | AASSDN | Anciens et Amis des Services Sp\u00e9ciaux<\/title>\n<meta name=\"robots\" content=\"index, follow, max-snippet:-1, max-image-preview:large, max-video-preview:-1\" \/>\n<link rel=\"canonical\" href=\"https:\/\/aassdn.org\/amicale\/congres-nationaux-2009-ramatuelle-2\/\" \/>\n<meta property=\"og:locale\" content=\"fr_FR\" \/>\n<meta property=\"og:type\" content=\"article\" \/>\n<meta property=\"og:title\" content=\"Congr\u00e8s nationaux : 2009 Ramatuelle | AASSDN | Anciens et Amis des Services Sp\u00e9ciaux\" \/>\n<meta property=\"og:description\" content=\"\u00a0 Ramatuelle &#8211; 2 mai &#8211; matin Assembl\u00e9es G\u00e9n\u00e9rales Ordinaire et Extraordinaire \u00a0 Ramatuelle &#8211; 2 mai &#8211; apr\u00e8s-midi Pr\u00e9sentation &#8211; Th\u00e8me : &#8221; Les forces sous-marines : les SNA ( Sous-marins nucl\u00e9aires d&#8217;attaque )&#8221; par le Capitaine de Fr\u00e9gate Commandant l&#8217;\u00e9quipage rouge du &#8221; Casabianca &#8220; \u00a0 Voir le Site du Minist\u00e8re de la [&hellip;]\" \/>\n<meta property=\"og:url\" content=\"https:\/\/aassdn.org\/amicale\/congres-nationaux-2009-ramatuelle-2\/\" \/>\n<meta property=\"og:site_name\" content=\"AASSDN | Anciens et Amis des Services Sp\u00e9ciaux\" \/>\n<meta property=\"article:published_time\" content=\"2021-10-29T07:59:45+00:00\" \/>\n<meta property=\"article:modified_time\" content=\"2024-03-02T14:23:45+00:00\" \/>\n<meta name=\"author\" content=\"AASSDN\" \/>\n<meta name=\"twitter:card\" content=\"summary_large_image\" \/>\n<meta name=\"twitter:label1\" content=\"\u00c9crit par\" \/>\n\t<meta name=\"twitter:data1\" content=\"AASSDN\" \/>\n\t<meta name=\"twitter:label2\" content=\"Dur\u00e9e de lecture estim\u00e9e\" \/>\n\t<meta name=\"twitter:data2\" content=\"2 minutes\" \/>\n<script type=\"application\/ld+json\" class=\"yoast-schema-graph\">{\"@context\":\"https:\\\/\\\/schema.org\",\"@graph\":[{\"@type\":\"Article\",\"@id\":\"https:\\\/\\\/aassdn.org\\\/amicale\\\/congres-nationaux-2009-ramatuelle-2\\\/#article\",\"isPartOf\":{\"@id\":\"https:\\\/\\\/aassdn.org\\\/amicale\\\/congres-nationaux-2009-ramatuelle-2\\\/\"},\"author\":{\"name\":\"AASSDN\",\"@id\":\"https:\\\/\\\/aassdn.org\\\/amicale\\\/#\\\/schema\\\/person\\\/73800712a272e6d58a10a86ea9e59671\"},\"headline\":\"Congr\u00e8s nationaux : 2009 Ramatuelle\",\"datePublished\":\"2021-10-29T07:59:45+00:00\",\"dateModified\":\"2024-03-02T14:23:45+00:00\",\"mainEntityOfPage\":{\"@id\":\"https:\\\/\\\/aassdn.org\\\/amicale\\\/congres-nationaux-2009-ramatuelle-2\\\/\"},\"wordCount\":411,\"publisher\":{\"@id\":\"https:\\\/\\\/aassdn.org\\\/amicale\\\/#organization\"},\"keywords\":[\"Congr\u00e8s\",\"contre-espionnage\",\"d\u00e9barquement\",\"M\u00e9morial\",\"Paul paillole\"],\"articleSection\":[\"Archives du site\"],\"inLanguage\":\"fr-FR\"},{\"@type\":\"WebPage\",\"@id\":\"https:\\\/\\\/aassdn.org\\\/amicale\\\/congres-nationaux-2009-ramatuelle-2\\\/\",\"url\":\"https:\\\/\\\/aassdn.org\\\/amicale\\\/congres-nationaux-2009-ramatuelle-2\\\/\",\"name\":\"Congr\u00e8s nationaux : 2009 Ramatuelle | AASSDN | Anciens et Amis des Services Sp\u00e9ciaux\",\"isPartOf\":{\"@id\":\"https:\\\/\\\/aassdn.org\\\/amicale\\\/#website\"},\"datePublished\":\"2021-10-29T07:59:45+00:00\",\"dateModified\":\"2024-03-02T14:23:45+00:00\",\"breadcrumb\":{\"@id\":\"https:\\\/\\\/aassdn.org\\\/amicale\\\/congres-nationaux-2009-ramatuelle-2\\\/#breadcrumb\"},\"inLanguage\":\"fr-FR\",\"potentialAction\":[{\"@type\":\"ReadAction\",\"target\":[\"https:\\\/\\\/aassdn.org\\\/amicale\\\/congres-nationaux-2009-ramatuelle-2\\\/\"]}]},{\"@type\":\"BreadcrumbList\",\"@id\":\"https:\\\/\\\/aassdn.org\\\/amicale\\\/congres-nationaux-2009-ramatuelle-2\\\/#breadcrumb\",\"itemListElement\":[{\"@type\":\"ListItem\",\"position\":1,\"name\":\"Accueil\",\"item\":\"https:\\\/\\\/aassdn.org\\\/amicale\\\/\"},{\"@type\":\"ListItem\",\"position\":2,\"name\":\"Congr\u00e8s nationaux : 2009 Ramatuelle\"}]},{\"@type\":\"WebSite\",\"@id\":\"https:\\\/\\\/aassdn.org\\\/amicale\\\/#website\",\"url\":\"https:\\\/\\\/aassdn.org\\\/amicale\\\/\",\"name\":\"AASSDN | Anciens et Amis des Services Sp\u00e9ciaux\",\"description\":\"Services sp\u00e9ciaux : Des h\u00e9ros anonymes au service exclusif de la France\",\"publisher\":{\"@id\":\"https:\\\/\\\/aassdn.org\\\/amicale\\\/#organization\"},\"potentialAction\":[{\"@type\":\"SearchAction\",\"target\":{\"@type\":\"EntryPoint\",\"urlTemplate\":\"https:\\\/\\\/aassdn.org\\\/amicale\\\/?s={search_term_string}\"},\"query-input\":{\"@type\":\"PropertyValueSpecification\",\"valueRequired\":true,\"valueName\":\"search_term_string\"}}],\"inLanguage\":\"fr-FR\"},{\"@type\":\"Organization\",\"@id\":\"https:\\\/\\\/aassdn.org\\\/amicale\\\/#organization\",\"name\":\"AASSDN | Anciens et Amis des Services Sp\u00e9ciaux\",\"url\":\"https:\\\/\\\/aassdn.org\\\/amicale\\\/\",\"logo\":{\"@type\":\"ImageObject\",\"inLanguage\":\"fr-FR\",\"@id\":\"https:\\\/\\\/aassdn.org\\\/amicale\\\/#\\\/schema\\\/logo\\\/image\\\/\",\"url\":\"https:\\\/\\\/aassdn.org\\\/amicale\\\/wp-content\\\/uploads\\\/Logo_AASSDN_transparent2.png\",\"contentUrl\":\"https:\\\/\\\/aassdn.org\\\/amicale\\\/wp-content\\\/uploads\\\/Logo_AASSDN_transparent2.png\",\"width\":1832,\"height\":1609,\"caption\":\"AASSDN | Anciens et Amis des Services Sp\u00e9ciaux\"},\"image\":{\"@id\":\"https:\\\/\\\/aassdn.org\\\/amicale\\\/#\\\/schema\\\/logo\\\/image\\\/\"}},{\"@type\":\"Person\",\"@id\":\"https:\\\/\\\/aassdn.org\\\/amicale\\\/#\\\/schema\\\/person\\\/73800712a272e6d58a10a86ea9e59671\",\"name\":\"AASSDN\",\"image\":{\"@type\":\"ImageObject\",\"inLanguage\":\"fr-FR\",\"@id\":\"https:\\\/\\\/secure.gravatar.com\\\/avatar\\\/9653808d17788562e72d77e426d8d02775774239aefd00a9b4e852423d8e9d7e?s=96&d=mm&r=g\",\"url\":\"https:\\\/\\\/secure.gravatar.com\\\/avatar\\\/9653808d17788562e72d77e426d8d02775774239aefd00a9b4e852423d8e9d7e?s=96&d=mm&r=g\",\"contentUrl\":\"https:\\\/\\\/secure.gravatar.com\\\/avatar\\\/9653808d17788562e72d77e426d8d02775774239aefd00a9b4e852423d8e9d7e?s=96&d=mm&r=g\",\"caption\":\"AASSDN\"},\"sameAs\":[\"https:\\\/\\\/aassdn.org\\\/amicale\"],\"url\":\"https:\\\/\\\/aassdn.org\\\/amicale\\\/author\\\/wordpress\\\/\"}]}<\/script>\n<!-- \/ Yoast SEO plugin. -->","yoast_head_json":{"title":"Congr\u00e8s nationaux : 2009 Ramatuelle | AASSDN | Anciens et Amis des Services Sp\u00e9ciaux","robots":{"index":"index","follow":"follow","max-snippet":"max-snippet:-1","max-image-preview":"max-image-preview:large","max-video-preview":"max-video-preview:-1"},"canonical":"https:\/\/aassdn.org\/amicale\/congres-nationaux-2009-ramatuelle-2\/","og_locale":"fr_FR","og_type":"article","og_title":"Congr\u00e8s nationaux : 2009 Ramatuelle | AASSDN | Anciens et Amis des Services Sp\u00e9ciaux","og_description":"\u00a0 Ramatuelle &#8211; 2 mai &#8211; matin Assembl\u00e9es G\u00e9n\u00e9rales Ordinaire et Extraordinaire \u00a0 Ramatuelle &#8211; 2 mai &#8211; apr\u00e8s-midi Pr\u00e9sentation &#8211; Th\u00e8me : &#8221; Les forces sous-marines : les SNA ( Sous-marins nucl\u00e9aires d&#8217;attaque )&#8221; par le Capitaine de Fr\u00e9gate Commandant l&#8217;\u00e9quipage rouge du &#8221; Casabianca &#8220; \u00a0 Voir le Site du Minist\u00e8re de la [&hellip;]","og_url":"https:\/\/aassdn.org\/amicale\/congres-nationaux-2009-ramatuelle-2\/","og_site_name":"AASSDN | Anciens et Amis des Services Sp\u00e9ciaux","article_published_time":"2021-10-29T07:59:45+00:00","article_modified_time":"2024-03-02T14:23:45+00:00","author":"AASSDN","twitter_card":"summary_large_image","twitter_misc":{"\u00c9crit par":"AASSDN","Dur\u00e9e de lecture estim\u00e9e":"2 minutes"},"schema":{"@context":"https:\/\/schema.org","@graph":[{"@type":"Article","@id":"https:\/\/aassdn.org\/amicale\/congres-nationaux-2009-ramatuelle-2\/#article","isPartOf":{"@id":"https:\/\/aassdn.org\/amicale\/congres-nationaux-2009-ramatuelle-2\/"},"author":{"name":"AASSDN","@id":"https:\/\/aassdn.org\/amicale\/#\/schema\/person\/73800712a272e6d58a10a86ea9e59671"},"headline":"Congr\u00e8s nationaux : 2009 Ramatuelle","datePublished":"2021-10-29T07:59:45+00:00","dateModified":"2024-03-02T14:23:45+00:00","mainEntityOfPage":{"@id":"https:\/\/aassdn.org\/amicale\/congres-nationaux-2009-ramatuelle-2\/"},"wordCount":411,"publisher":{"@id":"https:\/\/aassdn.org\/amicale\/#organization"},"keywords":["Congr\u00e8s","contre-espionnage","d\u00e9barquement","M\u00e9morial","Paul paillole"],"articleSection":["Archives du site"],"inLanguage":"fr-FR"},{"@type":"WebPage","@id":"https:\/\/aassdn.org\/amicale\/congres-nationaux-2009-ramatuelle-2\/","url":"https:\/\/aassdn.org\/amicale\/congres-nationaux-2009-ramatuelle-2\/","name":"Congr\u00e8s nationaux : 2009 Ramatuelle | AASSDN | Anciens et Amis des Services Sp\u00e9ciaux","isPartOf":{"@id":"https:\/\/aassdn.org\/amicale\/#website"},"datePublished":"2021-10-29T07:59:45+00:00","dateModified":"2024-03-02T14:23:45+00:00","breadcrumb":{"@id":"https:\/\/aassdn.org\/amicale\/congres-nationaux-2009-ramatuelle-2\/#breadcrumb"},"inLanguage":"fr-FR","potentialAction":[{"@type":"ReadAction","target":["https:\/\/aassdn.org\/amicale\/congres-nationaux-2009-ramatuelle-2\/"]}]},{"@type":"BreadcrumbList","@id":"https:\/\/aassdn.org\/amicale\/congres-nationaux-2009-ramatuelle-2\/#breadcrumb","itemListElement":[{"@type":"ListItem","position":1,"name":"Accueil","item":"https:\/\/aassdn.org\/amicale\/"},{"@type":"ListItem","position":2,"name":"Congr\u00e8s nationaux : 2009 Ramatuelle"}]},{"@type":"WebSite","@id":"https:\/\/aassdn.org\/amicale\/#website","url":"https:\/\/aassdn.org\/amicale\/","name":"AASSDN | Anciens et Amis des Services Sp\u00e9ciaux","description":"Services sp\u00e9ciaux : Des h\u00e9ros anonymes au service exclusif de la France","publisher":{"@id":"https:\/\/aassdn.org\/amicale\/#organization"},"potentialAction":[{"@type":"SearchAction","target":{"@type":"EntryPoint","urlTemplate":"https:\/\/aassdn.org\/amicale\/?s={search_term_string}"},"query-input":{"@type":"PropertyValueSpecification","valueRequired":true,"valueName":"search_term_string"}}],"inLanguage":"fr-FR"},{"@type":"Organization","@id":"https:\/\/aassdn.org\/amicale\/#organization","name":"AASSDN | Anciens et Amis des Services Sp\u00e9ciaux","url":"https:\/\/aassdn.org\/amicale\/","logo":{"@type":"ImageObject","inLanguage":"fr-FR","@id":"https:\/\/aassdn.org\/amicale\/#\/schema\/logo\/image\/","url":"https:\/\/aassdn.org\/amicale\/wp-content\/uploads\/Logo_AASSDN_transparent2.png","contentUrl":"https:\/\/aassdn.org\/amicale\/wp-content\/uploads\/Logo_AASSDN_transparent2.png","width":1832,"height":1609,"caption":"AASSDN | Anciens et Amis des Services Sp\u00e9ciaux"},"image":{"@id":"https:\/\/aassdn.org\/amicale\/#\/schema\/logo\/image\/"}},{"@type":"Person","@id":"https:\/\/aassdn.org\/amicale\/#\/schema\/person\/73800712a272e6d58a10a86ea9e59671","name":"AASSDN","image":{"@type":"ImageObject","inLanguage":"fr-FR","@id":"https:\/\/secure.gravatar.com\/avatar\/9653808d17788562e72d77e426d8d02775774239aefd00a9b4e852423d8e9d7e?s=96&d=mm&r=g","url":"https:\/\/secure.gravatar.com\/avatar\/9653808d17788562e72d77e426d8d02775774239aefd00a9b4e852423d8e9d7e?s=96&d=mm&r=g","contentUrl":"https:\/\/secure.gravatar.com\/avatar\/9653808d17788562e72d77e426d8d02775774239aefd00a9b4e852423d8e9d7e?s=96&d=mm&r=g","caption":"AASSDN"},"sameAs":["https:\/\/aassdn.org\/amicale"],"url":"https:\/\/aassdn.org\/amicale\/author\/wordpress\/"}]}},"_links":{"self":[{"href":"https:\/\/aassdn.org\/amicale\/wp-json\/wp\/v2\/posts\/2090","targetHints":{"allow":["GET"]}}],"collection":[{"href":"https:\/\/aassdn.org\/amicale\/wp-json\/wp\/v2\/posts"}],"about":[{"href":"https:\/\/aassdn.org\/amicale\/wp-json\/wp\/v2\/types\/post"}],"author":[{"embeddable":true,"href":"https:\/\/aassdn.org\/amicale\/wp-json\/wp\/v2\/users\/1"}],"replies":[{"embeddable":true,"href":"https:\/\/aassdn.org\/amicale\/wp-json\/wp\/v2\/comments?post=2090"}],"version-history":[{"count":0,"href":"https:\/\/aassdn.org\/amicale\/wp-json\/wp\/v2\/posts\/2090\/revisions"}],"wp:attachment":[{"href":"https:\/\/aassdn.org\/amicale\/wp-json\/wp\/v2\/media?parent=2090"}],"wp:term":[{"taxonomy":"category","embeddable":true,"href":"https:\/\/aassdn.org\/amicale\/wp-json\/wp\/v2\/categories?post=2090"},{"taxonomy":"post_tag","embeddable":true,"href":"https:\/\/aassdn.org\/amicale\/wp-json\/wp\/v2\/tags?post=2090"}],"curies":[{"name":"wp","href":"https:\/\/api.w.org\/{rel}","templated":true}]}}