{"id":2087,"date":"2021-10-29T09:59:45","date_gmt":"2021-10-29T07:59:45","guid":{"rendered":"https:\/\/aassdn.org\/amicale\/histoire-les-services-francais-1914-1918-2\/"},"modified":"2024-03-02T15:23:45","modified_gmt":"2024-03-02T14:23:45","slug":"histoire-les-services-francais-1914-1918-2","status":"publish","type":"post","link":"https:\/\/aassdn.org\/amicale\/histoire-les-services-francais-1914-1918-2\/","title":{"rendered":"Histoire : Les Services fran\u00e7ais 1914-1918"},"content":{"rendered":"<td>\n<p><em><strong><font>Article paru dans le Bulletin N\u00b0 <\/font><\/strong><font><strong>59<\/strong><\/font><\/em><\/p>\n<p>\u00a0 <\/p>\n<p><font><strong>Le SR<\/strong><\/font><\/p>\n<p><font><em>Hommage rendu par le Colonel Paul Paillole       lors de l\u2019Assembl\u00e9e G\u00e9n\u00e9rale de l\u2019AASSDN du 16 novembre 1968<\/em><\/p>\n<p>             \u00ab \u2026. II est pourtant une cat\u00e9gorie de soldats que l&#8217;Histoire ignore et qu&#8217;il       nous appartient de sortir de l&#8217;ombre o\u00f9 leur modestie, leur discr\u00e9tion et       l&#8217;ingratitude nationale les a laiss\u00e9s depuis la fin de la derni\u00e8re guerre.<br \/>\n              Combien en ce 50e anniversaire ont eu une pens\u00e9e pour les combattants et       victimes de la 1 \u00e8re Guerre Secr\u00e8te Mondiale?<br \/>\n              Combien, dans l&#8217;euphorie de la Victoire ou dans l&#8217;\u00e9vocation de ses       anniversaires, se sont souvenus de ce qu&#8217;ils devaient au \u00ab S.R. ou au C.E.       de papa \u00bb ?<\/font><\/p>\n<p><font><br \/>\n            Avec beaucoup de mal, je vais tenter d&#8217;en donner un aper\u00e7u.<\/font><\/p>\n<p><font><br \/>\n            Certes les r\u00e9cits abondent des exploits d&#8217;H.21 (MATA-HARI, fusill\u00e9e le 15       octobre 1917), de Mlle DOCTEUR (Anne-Marie LESER, qui a fini ses jours dans       un asile d&#8217;ali\u00e9n\u00e9s), du Commandant LADOUX aussi, dont on dit qu&#8217;il fut sa       derni\u00e8re victime.<br \/>\n            Ainsi fleurissent apr\u00e8s toutes les guerres les litt\u00e9ratures romanc\u00e9es et les       souvenirs hagiographiques.<\/font><\/p>\n<p><font><br \/>\n            La v\u00e9rit\u00e9 n&#8217;y trouve pas toujours son compte si les auteurs y trouvent       quelques profits.<\/font><\/p>\n<p><font><br \/>\n            A ma connaissance, rien de s\u00e9rieux n&#8217;a retrac\u00e9 apr\u00e8s 1918 ce que fut       l&#8217;existence du S.R. et des Services de C.E. Il e\u00fbt fallu des t\u00e9moignages       comme celui d&#8217;ANDLAUER. H\u00e9las, la 2e Guerre Mondiale a suscit\u00e9 et lib\u00e9r\u00e9 un       m\u00eame torrent de litt\u00e9rature et cont\u00e9 les exploits de r\u00e9seaux que je       qualifierai parall\u00e8les sans mettre dans cette expression le moindre soup\u00e7on       p\u00e9joratif.<\/font><\/p>\n<p><font><br \/>\n            Les chefs, sans qu&#8217;on le leur demande, se sont abondamment expliqu\u00e9s,       justifi\u00e9s, leur modestie n&#8217;en a jamais souffert. Et dans ce d\u00e9ferlement nos       Services eussent sans nul doute, comme ceux de 1914-1918, \u00e9t\u00e9 totalement       m\u00e9connus sinon m\u00e9pris\u00e9s, sans la r\u00e9action de notre Association et les       oeuvres courageuses de quelques auteurs consciencieux et objectifs, au       premier rang desquels je place notre ami Michel GARDER.<\/font><\/p>\n<p><font><br \/>\n            Mais revenons \u00e0 la 1re Guerre Mondiale.<\/font><\/p>\n<p><font><br \/>\n            L&#8217;affaire DREYFUS avait contraint le Ministre de la Guerre GALLIFET \u00e0       limiter \u00e0 la recherche du Renseignement les attributions du Bureau Sp\u00e9cial       rattach\u00e9 au 2e Bureau de l&#8217;E.M.A.<\/font><\/p>\n<p><font><br \/>\n            La S\u00fbret\u00e9 G\u00e9n\u00e9rale avait h\u00e9rit\u00e9 de la totalit\u00e9 du C.E. et du recrutement des       informateurs destin\u00e9s \u00e0 la recherche.<\/font><\/p>\n<p><font><br \/>\n            A la d\u00e9claration de guerre notre activit\u00e9 de recherche \u00e9tait r\u00e9duite \u00e0 sa       plus simple expression. Elle portait essentiellement sur les ouvrages       fortifi\u00e9s de l&#8217;ennemi et les garnisons allemandes de l&#8217;Ouest.<br \/>\n            Son efficacit\u00e9 \u00e9tait essentiellement fonction du z\u00e8le des Commissaires       Sp\u00e9ciaux charg\u00e9s du recrutement et, je leur rends hommage, ce z\u00e8le \u00e9tait       absolument remarquable. L&#8217;activit\u00e9 des postes militaires de recherche de       Belfort, Verdun, Nancy, \u00e9tait prolong\u00e9e par des antennes \u00e0 l&#8217;\u00e9tranger       (Belgique, Hollande, la plus importante \u00e9tait en Suisse dirig\u00e9e par le       Lieutenant Colonel PARCHET.<\/font><\/p>\n<p><font><br \/>\n            Les Officiers de renseignement, peu nombreux, \u00e9taient fort dynamiques, et on       se souvient de l&#8217;aventure qui advint au Capitaine LUX en 1909 qui en allant       photographier le zeppelin \u00e0 Friedrischaffen fut arr\u00eat\u00e9, intern\u00e9 \u00e0 GRATZ d&#8217;o\u00f9       il s&#8217;\u00e9vada. II est d\u00e9c\u00e9d\u00e9 il y a, je crois, deux ans.<\/font><\/p>\n<p><font><b...\n<\/p>\n<div class=\"pdfprnt-buttons pdfprnt-buttons-post pdfprnt-bottom-right\"><a href=\"https:\/\/aassdn.org\/amicale\/wp-json\/wp\/v2\/posts\/2087?print=pdf\" class=\"pdfprnt-button pdfprnt-button-pdf\" target=\"_blank\" ><img decoding=\"async\" data-src=\"https:\/\/aassdn.org\/amicale\/wp-content\/plugins\/pdf-print\/images\/pdf.png\" alt=\"image_pdf\" title=\"Afficher le PDF\" src=\"data:image\/svg+xml;base64,PHN2ZyB3aWR0aD0iMSIgaGVpZ2h0PSIxIiB4bWxucz0iaHR0cDovL3d3dy53My5vcmcvMjAwMC9zdmciPjwvc3ZnPg==\" class=\"lazyload\" style=\"--smush-placeholder-width: 32px; --smush-placeholder-aspect-ratio: 32\/32;\" \/><\/a><a href=\"https:\/\/aassdn.org\/amicale\/wp-json\/wp\/v2\/posts\/2087?print=print\" class=\"pdfprnt-button pdfprnt-button-print\" target=\"_blank\" ><\/a><\/div>","protected":false},"excerpt":{"rendered":"<p>Article paru dans le Bulletin N\u00b0 59 \u00a0 Le SR Hommage rendu par le Colonel Paul Paillole lors de l\u2019Assembl\u00e9e G\u00e9n\u00e9rale de l\u2019AASSDN du 16 novembre 1968 \u00ab \u2026. II est pourtant une cat\u00e9gorie de soldats que l&#8217;Histoire ignore et qu&#8217;il nous appartient de sortir de l&#8217;ombre o\u00f9 leur modestie, leur discr\u00e9tion et l&#8217;ingratitude nationale [&hellip;]<\/p>\n","protected":false},"author":1,"featured_media":0,"comment_status":"closed","ping_status":"open","sticky":false,"template":"","format":"standard","meta":{"_acf_changed":false,"footnotes":""},"categories":[162,158,90],"tags":[243,203],"class_list":["post-2087","post","type-post","status-publish","format-standard","hentry","category-affaire-dreyfus","category-affaire-mata-hari","category-archives-du-site","tag-mata-hari","tag-paul-paillole"],"acf":[],"yoast_head":"<!-- This site is optimized with the Yoast SEO plugin v27.4 - https:\/\/yoast.com\/product\/yoast-seo-wordpress\/ -->\n<title>Histoire : Les Services fran\u00e7ais 1914-1918 | AASSDN | Anciens et Amis des Services Sp\u00e9ciaux<\/title>\n<meta name=\"robots\" content=\"index, follow, max-snippet:-1, max-image-preview:large, max-video-preview:-1\" \/>\n<link rel=\"canonical\" href=\"https:\/\/aassdn.org\/amicale\/histoire-les-services-francais-1914-1918-2\/\" \/>\n<meta property=\"og:locale\" content=\"fr_FR\" \/>\n<meta property=\"og:type\" content=\"article\" \/>\n<meta property=\"og:title\" content=\"Histoire : Les Services fran\u00e7ais 1914-1918 | AASSDN | Anciens et Amis des Services Sp\u00e9ciaux\" \/>\n<meta property=\"og:description\" content=\"Article paru dans le Bulletin N\u00b0 59 \u00a0 Le SR Hommage rendu par le Colonel Paul Paillole lors de l\u2019Assembl\u00e9e G\u00e9n\u00e9rale de l\u2019AASSDN du 16 novembre 1968 \u00ab \u2026. II est pourtant une cat\u00e9gorie de soldats que l&#8217;Histoire ignore et qu&#8217;il nous appartient de sortir de l&#8217;ombre o\u00f9 leur modestie, leur discr\u00e9tion et l&#8217;ingratitude nationale [&hellip;]\" \/>\n<meta property=\"og:url\" content=\"https:\/\/aassdn.org\/amicale\/histoire-les-services-francais-1914-1918-2\/\" \/>\n<meta property=\"og:site_name\" content=\"AASSDN | Anciens et Amis des Services Sp\u00e9ciaux\" \/>\n<meta property=\"article:published_time\" content=\"2021-10-29T07:59:45+00:00\" \/>\n<meta property=\"article:modified_time\" content=\"2024-03-02T14:23:45+00:00\" \/>\n<meta name=\"author\" content=\"AASSDN\" \/>\n<meta name=\"twitter:card\" content=\"summary_large_image\" \/>\n<meta name=\"twitter:label1\" content=\"\u00c9crit par\" \/>\n\t<meta name=\"twitter:data1\" content=\"AASSDN\" \/>\n\t<meta name=\"twitter:label2\" content=\"Dur\u00e9e de lecture estim\u00e9e\" \/>\n\t<meta name=\"twitter:data2\" content=\"3 minutes\" \/>\n<script type=\"application\/ld+json\" class=\"yoast-schema-graph\">{\"@context\":\"https:\\\/\\\/schema.org\",\"@graph\":[{\"@type\":\"Article\",\"@id\":\"https:\\\/\\\/aassdn.org\\\/amicale\\\/histoire-les-services-francais-1914-1918-2\\\/#article\",\"isPartOf\":{\"@id\":\"https:\\\/\\\/aassdn.org\\\/amicale\\\/histoire-les-services-francais-1914-1918-2\\\/\"},\"author\":{\"name\":\"AASSDN\",\"@id\":\"https:\\\/\\\/aassdn.org\\\/amicale\\\/#\\\/schema\\\/person\\\/73800712a272e6d58a10a86ea9e59671\"},\"headline\":\"Histoire : Les Services fran\u00e7ais 1914-1918\",\"datePublished\":\"2021-10-29T07:59:45+00:00\",\"dateModified\":\"2024-03-02T14:23:45+00:00\",\"mainEntityOfPage\":{\"@id\":\"https:\\\/\\\/aassdn.org\\\/amicale\\\/histoire-les-services-francais-1914-1918-2\\\/\"},\"wordCount\":580,\"publisher\":{\"@id\":\"https:\\\/\\\/aassdn.org\\\/amicale\\\/#organization\"},\"keywords\":[\"Mata-Hari\",\"Paul paillole\"],\"articleSection\":[\"Affaire Dreyfus\",\"Affaire Mata-Hari\",\"Archives du site\"],\"inLanguage\":\"fr-FR\"},{\"@type\":\"WebPage\",\"@id\":\"https:\\\/\\\/aassdn.org\\\/amicale\\\/histoire-les-services-francais-1914-1918-2\\\/\",\"url\":\"https:\\\/\\\/aassdn.org\\\/amicale\\\/histoire-les-services-francais-1914-1918-2\\\/\",\"name\":\"Histoire : Les Services fran\u00e7ais 1914-1918 | AASSDN | Anciens et Amis des Services Sp\u00e9ciaux\",\"isPartOf\":{\"@id\":\"https:\\\/\\\/aassdn.org\\\/amicale\\\/#website\"},\"datePublished\":\"2021-10-29T07:59:45+00:00\",\"dateModified\":\"2024-03-02T14:23:45+00:00\",\"breadcrumb\":{\"@id\":\"https:\\\/\\\/aassdn.org\\\/amicale\\\/histoire-les-services-francais-1914-1918-2\\\/#breadcrumb\"},\"inLanguage\":\"fr-FR\",\"potentialAction\":[{\"@type\":\"ReadAction\",\"target\":[\"https:\\\/\\\/aassdn.org\\\/amicale\\\/histoire-les-services-francais-1914-1918-2\\\/\"]}]},{\"@type\":\"BreadcrumbList\",\"@id\":\"https:\\\/\\\/aassdn.org\\\/amicale\\\/histoire-les-services-francais-1914-1918-2\\\/#breadcrumb\",\"itemListElement\":[{\"@type\":\"ListItem\",\"position\":1,\"name\":\"Accueil\",\"item\":\"https:\\\/\\\/aassdn.org\\\/amicale\\\/\"},{\"@type\":\"ListItem\",\"position\":2,\"name\":\"Histoire : Les Services fran\u00e7ais 1914-1918\"}]},{\"@type\":\"WebSite\",\"@id\":\"https:\\\/\\\/aassdn.org\\\/amicale\\\/#website\",\"url\":\"https:\\\/\\\/aassdn.org\\\/amicale\\\/\",\"name\":\"AASSDN | Anciens et Amis des Services Sp\u00e9ciaux\",\"description\":\"Services sp\u00e9ciaux : Des h\u00e9ros anonymes au service exclusif de la France\",\"publisher\":{\"@id\":\"https:\\\/\\\/aassdn.org\\\/amicale\\\/#organization\"},\"potentialAction\":[{\"@type\":\"SearchAction\",\"target\":{\"@type\":\"EntryPoint\",\"urlTemplate\":\"https:\\\/\\\/aassdn.org\\\/amicale\\\/?s={search_term_string}\"},\"query-input\":{\"@type\":\"PropertyValueSpecification\",\"valueRequired\":true,\"valueName\":\"search_term_string\"}}],\"inLanguage\":\"fr-FR\"},{\"@type\":\"Organization\",\"@id\":\"https:\\\/\\\/aassdn.org\\\/amicale\\\/#organization\",\"name\":\"AASSDN | Anciens et Amis des Services Sp\u00e9ciaux\",\"url\":\"https:\\\/\\\/aassdn.org\\\/amicale\\\/\",\"logo\":{\"@type\":\"ImageObject\",\"inLanguage\":\"fr-FR\",\"@id\":\"https:\\\/\\\/aassdn.org\\\/amicale\\\/#\\\/schema\\\/logo\\\/image\\\/\",\"url\":\"https:\\\/\\\/aassdn.org\\\/amicale\\\/wp-content\\\/uploads\\\/Logo_AASSDN_transparent2.png\",\"contentUrl\":\"https:\\\/\\\/aassdn.org\\\/amicale\\\/wp-content\\\/uploads\\\/Logo_AASSDN_transparent2.png\",\"width\":1832,\"height\":1609,\"caption\":\"AASSDN | Anciens et Amis des Services Sp\u00e9ciaux\"},\"image\":{\"@id\":\"https:\\\/\\\/aassdn.org\\\/amicale\\\/#\\\/schema\\\/logo\\\/image\\\/\"}},{\"@type\":\"Person\",\"@id\":\"https:\\\/\\\/aassdn.org\\\/amicale\\\/#\\\/schema\\\/person\\\/73800712a272e6d58a10a86ea9e59671\",\"name\":\"AASSDN\",\"image\":{\"@type\":\"ImageObject\",\"inLanguage\":\"fr-FR\",\"@id\":\"https:\\\/\\\/secure.gravatar.com\\\/avatar\\\/9653808d17788562e72d77e426d8d02775774239aefd00a9b4e852423d8e9d7e?s=96&d=mm&r=g\",\"url\":\"https:\\\/\\\/secure.gravatar.com\\\/avatar\\\/9653808d17788562e72d77e426d8d02775774239aefd00a9b4e852423d8e9d7e?s=96&d=mm&r=g\",\"contentUrl\":\"https:\\\/\\\/secure.gravatar.com\\\/avatar\\\/9653808d17788562e72d77e426d8d02775774239aefd00a9b4e852423d8e9d7e?s=96&d=mm&r=g\",\"caption\":\"AASSDN\"},\"sameAs\":[\"https:\\\/\\\/aassdn.org\\\/amicale\"],\"url\":\"https:\\\/\\\/aassdn.org\\\/amicale\\\/author\\\/wordpress\\\/\"}]}<\/script>\n<!-- \/ Yoast SEO plugin. -->","yoast_head_json":{"title":"Histoire : Les Services fran\u00e7ais 1914-1918 | AASSDN | Anciens et Amis des Services Sp\u00e9ciaux","robots":{"index":"index","follow":"follow","max-snippet":"max-snippet:-1","max-image-preview":"max-image-preview:large","max-video-preview":"max-video-preview:-1"},"canonical":"https:\/\/aassdn.org\/amicale\/histoire-les-services-francais-1914-1918-2\/","og_locale":"fr_FR","og_type":"article","og_title":"Histoire : Les Services fran\u00e7ais 1914-1918 | AASSDN | Anciens et Amis des Services Sp\u00e9ciaux","og_description":"Article paru dans le Bulletin N\u00b0 59 \u00a0 Le SR Hommage rendu par le Colonel Paul Paillole lors de l\u2019Assembl\u00e9e G\u00e9n\u00e9rale de l\u2019AASSDN du 16 novembre 1968 \u00ab \u2026. II est pourtant une cat\u00e9gorie de soldats que l&#8217;Histoire ignore et qu&#8217;il nous appartient de sortir de l&#8217;ombre o\u00f9 leur modestie, leur discr\u00e9tion et l&#8217;ingratitude nationale [&hellip;]","og_url":"https:\/\/aassdn.org\/amicale\/histoire-les-services-francais-1914-1918-2\/","og_site_name":"AASSDN | Anciens et Amis des Services Sp\u00e9ciaux","article_published_time":"2021-10-29T07:59:45+00:00","article_modified_time":"2024-03-02T14:23:45+00:00","author":"AASSDN","twitter_card":"summary_large_image","twitter_misc":{"\u00c9crit par":"AASSDN","Dur\u00e9e de lecture estim\u00e9e":"3 minutes"},"schema":{"@context":"https:\/\/schema.org","@graph":[{"@type":"Article","@id":"https:\/\/aassdn.org\/amicale\/histoire-les-services-francais-1914-1918-2\/#article","isPartOf":{"@id":"https:\/\/aassdn.org\/amicale\/histoire-les-services-francais-1914-1918-2\/"},"author":{"name":"AASSDN","@id":"https:\/\/aassdn.org\/amicale\/#\/schema\/person\/73800712a272e6d58a10a86ea9e59671"},"headline":"Histoire : Les Services fran\u00e7ais 1914-1918","datePublished":"2021-10-29T07:59:45+00:00","dateModified":"2024-03-02T14:23:45+00:00","mainEntityOfPage":{"@id":"https:\/\/aassdn.org\/amicale\/histoire-les-services-francais-1914-1918-2\/"},"wordCount":580,"publisher":{"@id":"https:\/\/aassdn.org\/amicale\/#organization"},"keywords":["Mata-Hari","Paul paillole"],"articleSection":["Affaire Dreyfus","Affaire Mata-Hari","Archives du site"],"inLanguage":"fr-FR"},{"@type":"WebPage","@id":"https:\/\/aassdn.org\/amicale\/histoire-les-services-francais-1914-1918-2\/","url":"https:\/\/aassdn.org\/amicale\/histoire-les-services-francais-1914-1918-2\/","name":"Histoire : Les Services fran\u00e7ais 1914-1918 | AASSDN | Anciens et Amis des Services Sp\u00e9ciaux","isPartOf":{"@id":"https:\/\/aassdn.org\/amicale\/#website"},"datePublished":"2021-10-29T07:59:45+00:00","dateModified":"2024-03-02T14:23:45+00:00","breadcrumb":{"@id":"https:\/\/aassdn.org\/amicale\/histoire-les-services-francais-1914-1918-2\/#breadcrumb"},"inLanguage":"fr-FR","potentialAction":[{"@type":"ReadAction","target":["https:\/\/aassdn.org\/amicale\/histoire-les-services-francais-1914-1918-2\/"]}]},{"@type":"BreadcrumbList","@id":"https:\/\/aassdn.org\/amicale\/histoire-les-services-francais-1914-1918-2\/#breadcrumb","itemListElement":[{"@type":"ListItem","position":1,"name":"Accueil","item":"https:\/\/aassdn.org\/amicale\/"},{"@type":"ListItem","position":2,"name":"Histoire : Les Services fran\u00e7ais 1914-1918"}]},{"@type":"WebSite","@id":"https:\/\/aassdn.org\/amicale\/#website","url":"https:\/\/aassdn.org\/amicale\/","name":"AASSDN | Anciens et Amis des Services Sp\u00e9ciaux","description":"Services sp\u00e9ciaux : Des h\u00e9ros anonymes au service exclusif de la France","publisher":{"@id":"https:\/\/aassdn.org\/amicale\/#organization"},"potentialAction":[{"@type":"SearchAction","target":{"@type":"EntryPoint","urlTemplate":"https:\/\/aassdn.org\/amicale\/?s={search_term_string}"},"query-input":{"@type":"PropertyValueSpecification","valueRequired":true,"valueName":"search_term_string"}}],"inLanguage":"fr-FR"},{"@type":"Organization","@id":"https:\/\/aassdn.org\/amicale\/#organization","name":"AASSDN | Anciens et Amis des Services Sp\u00e9ciaux","url":"https:\/\/aassdn.org\/amicale\/","logo":{"@type":"ImageObject","inLanguage":"fr-FR","@id":"https:\/\/aassdn.org\/amicale\/#\/schema\/logo\/image\/","url":"https:\/\/aassdn.org\/amicale\/wp-content\/uploads\/Logo_AASSDN_transparent2.png","contentUrl":"https:\/\/aassdn.org\/amicale\/wp-content\/uploads\/Logo_AASSDN_transparent2.png","width":1832,"height":1609,"caption":"AASSDN | Anciens et Amis des Services Sp\u00e9ciaux"},"image":{"@id":"https:\/\/aassdn.org\/amicale\/#\/schema\/logo\/image\/"}},{"@type":"Person","@id":"https:\/\/aassdn.org\/amicale\/#\/schema\/person\/73800712a272e6d58a10a86ea9e59671","name":"AASSDN","image":{"@type":"ImageObject","inLanguage":"fr-FR","@id":"https:\/\/secure.gravatar.com\/avatar\/9653808d17788562e72d77e426d8d02775774239aefd00a9b4e852423d8e9d7e?s=96&d=mm&r=g","url":"https:\/\/secure.gravatar.com\/avatar\/9653808d17788562e72d77e426d8d02775774239aefd00a9b4e852423d8e9d7e?s=96&d=mm&r=g","contentUrl":"https:\/\/secure.gravatar.com\/avatar\/9653808d17788562e72d77e426d8d02775774239aefd00a9b4e852423d8e9d7e?s=96&d=mm&r=g","caption":"AASSDN"},"sameAs":["https:\/\/aassdn.org\/amicale"],"url":"https:\/\/aassdn.org\/amicale\/author\/wordpress\/"}]}},"_links":{"self":[{"href":"https:\/\/aassdn.org\/amicale\/wp-json\/wp\/v2\/posts\/2087","targetHints":{"allow":["GET"]}}],"collection":[{"href":"https:\/\/aassdn.org\/amicale\/wp-json\/wp\/v2\/posts"}],"about":[{"href":"https:\/\/aassdn.org\/amicale\/wp-json\/wp\/v2\/types\/post"}],"author":[{"embeddable":true,"href":"https:\/\/aassdn.org\/amicale\/wp-json\/wp\/v2\/users\/1"}],"replies":[{"embeddable":true,"href":"https:\/\/aassdn.org\/amicale\/wp-json\/wp\/v2\/comments?post=2087"}],"version-history":[{"count":0,"href":"https:\/\/aassdn.org\/amicale\/wp-json\/wp\/v2\/posts\/2087\/revisions"}],"wp:attachment":[{"href":"https:\/\/aassdn.org\/amicale\/wp-json\/wp\/v2\/media?parent=2087"}],"wp:term":[{"taxonomy":"category","embeddable":true,"href":"https:\/\/aassdn.org\/amicale\/wp-json\/wp\/v2\/categories?post=2087"},{"taxonomy":"post_tag","embeddable":true,"href":"https:\/\/aassdn.org\/amicale\/wp-json\/wp\/v2\/tags?post=2087"}],"curies":[{"name":"wp","href":"https:\/\/api.w.org\/{rel}","templated":true}]}}