{"id":20181,"date":"2025-09-15T12:28:12","date_gmt":"2025-09-15T10:28:12","guid":{"rendered":"https:\/\/aassdn.org\/amicale\/?p=20181"},"modified":"2025-10-10T10:46:32","modified_gmt":"2025-10-10T08:46:32","slug":"histoire-lalgerie-du-president-tebboune","status":"publish","type":"post","link":"https:\/\/aassdn.org\/amicale\/histoire-lalgerie-du-president-tebboune\/","title":{"rendered":"L\u2019histoire au service du pouvoir : L\u2019Alg\u00e9rie du pr\u00e9sident Tebboune"},"content":{"rendered":"\n<p>Dans la guerre m\u00e9morielle qu\u2019il m\u00e8ne contre la France, le \u00ab&nbsp;Syst\u00e8me&nbsp;\u00bb alg\u00e9rien aux abois vient de franchir un niveau suppl\u00e9mentaire dans le mensonge. Le pr\u00e9sident Abdelmajid Tebboune a en effet os\u00e9 d\u00e9clarer publiquement dans les m\u00e9dias d\u2019Etat que, de 1830 \u00e0 1962, la France avait tu\u00e9 5 millions d\u2019Alg\u00e9riens, soit 3,5 millions avant 1954, et 1,5 million de 1954 \u00e0 1962, durant la guerre d\u2019ind\u00e9pendance.&nbsp; Avant de r\u00e9futer par le d\u00e9tail ces propos aussi mensongers qu\u2019irresponsables, il est n\u00e9cessaire de rappeler deux choses au pr\u00e9sident Tebboune&nbsp;:<\/p>\n\n\n\n<p>&#8211; En 1830, quand la France d\u00e9barqua \u00e0 Alger, la colonie turque \u00e9tait un d\u00e9sert humain \u00e0 peine peupl\u00e9 d\u2019un peu plus d\u2019un million d\u2019habitants, chiffre s\u2019expliquant par la totale absence de m\u00e9decine, d\u2019o\u00f9 l\u2019effarante mortalit\u00e9, notamment infantile et post-natale.<br>&#8211; En 1961, les Alg\u00e9riens \u00e9taient 11 628 883, soit dix fois plus\u2026<\/p>\n\n\n\n<p>Dans ces conditions, o\u00f9 le pr\u00e9sident Tebboune est-il all\u00e9 chercher le chiffre de cinq millions d\u2019Alg\u00e9riens tu\u00e9s par la France&nbsp;? Dans cette mise au point, la r\u00e9futation chiffr\u00e9e des propos insens\u00e9s du pr\u00e9sident Tebboune se fera en deux parties, \u00e0 savoir la p\u00e9riode 1830-1954, et la p\u00e9riode 1954-1962.<br><br><br><strong>1) La population alg\u00e9rienne de 1830 \u00e0 1954<\/strong><br><br>L\u2019Alg\u00e9rie turque \u00e9tait un d\u00e9sert humain en raison de l\u2019inexistence des mesures d\u2019hygi\u00e8ne et de l\u2019absence totale de m\u00e9decine. Les m\u00e9decins y \u00e9tant inconnus, les \u00ab&nbsp;soins&nbsp;\u00bb y \u00e9taient donn\u00e9s par les soigneurs des bains maures. Quant aux accouchements, ils \u00e9taient r\u00e9alis\u00e9s par des matrones, les gablat.<\/p>\n\n\n\n<p>D\u00e8s le mois d\u2019ao\u00fbt 1830, le Service de sant\u00e9 des Arm\u00e9es ouvrit ses premiers centres destin\u00e9s \u00e0 la population civile. Puis, en 1853 furent cr\u00e9\u00e9s les M\u00e9decins de colonisation qui, d\u00e8s les ann\u00e9es 1860, \u0153uvr\u00e8rent dans 60 circonscriptions. Ces derni\u00e8res atteignirent le nombre de 112 en 1940, ce qui fit qu\u2019\u00e0 partir de cette ann\u00e9e, 64% de la population eut acc\u00e8s \u00e0 un m\u00e9decin et \u00e0 des vaccinations gratuites, le tout pay\u00e9 par la France.<\/p>\n\n\n\n<p>Ces m\u00e9decins \u00e9radiqu\u00e8rent le typhus, firent reculer le paludisme, combattirent la syphilis le terrible mrid el kebir, et le trachome. Ils vaccin\u00e8rent contre la tuberculose, la rougeole, la coqueluche puis la poliomy\u00e9lite. En 1962 existait un h\u00f4pital universitaire de 2&nbsp;000 lits \u00e0 Alger, trois grands h\u00f4pitaux de chefs-lieux \u00e0 Alger, Oran et Constantine, 14&nbsp;h\u00f4pitaux sp\u00e9cialis\u00e9s et 112&nbsp;h\u00f4pitaux polyvalents, soit le chiffre exceptionnel d\u2019un lit pour 300&nbsp;habitants. R\u00e9sultat de cette colossale \u0153uvre sanitaire, la population alg\u00e9rienne de souche passa d\u2019un peu plus d\u20191 million d\u2019\u00e2mes en 1830, \u00e0 11 628 883 en 1961. Nous sommes donc loin des fantasmes g\u00e9nocidaires du pr\u00e9sident Tebboune\u2026<\/p>\n\n\n\n<p>Les principales \u00e9tapes de cette explosion d\u00e9mographique due \u00e0 la France ont bien \u00e9t\u00e9 identifi\u00e9es \u00e0 la progression du maillage sanitaire. Ainsi, en 1851 le premier recensement donne 2.4 millions habitants. Celui de 1880&nbsp;entre 3,5 et 3,8 millions d\u2019habitants, une progression d\u2019autant plus spectaculaire que la d\u00e9cennie 1866\u20111876\u202fconnut une succession d\u2019\u00e9pid\u00e9mies diverses, de s\u00e9cheresses et d\u2019invasions de sauterelles d\u00e9truisant les r\u00e9coltes et provoquant la famine, le tout entra\u00eenant une surmortalit\u00e9 importante.<\/p>\n\n\n\n<p>Vingt ans plus tard, en 1900, en d\u00e9pit de la d\u00e9cennie noire des ann\u00e9es 1866-1876, la population musulmane d\u00e9passa les 4 millions, ce qui faisait qu\u2019elle avait doubl\u00e9 depuis le recensement de 1851. Puis, ce chiffre explosa litt\u00e9ralement puisqu\u2019en 1961, l\u2019on comptait quasiment 11,7 millions d\u2019Alg\u00e9riens de souche, plus de dix fois plus qu\u2019en 1830\u2026<br><br><br><strong>2) 1954-1962 ou le mythe du 1,5 million de morts<\/strong><br><br>Pass\u00e9 ma\u00eetre dans le brouillard des chiffres, le r\u00e9gime alg\u00e9rien est ancr\u00e9 sur une affirmation aussi artificielle que celle des 3,5 millions de morts caus\u00e9s par la France entre 1830 et 1954. C\u2019est celui du bilan de la guerre de 1954-1962 qui aurait fait 1,5 million de morts, soit plus d\u2019un dixi\u00e8me de la population alg\u00e9rienne de souche.<br><br>Disons imm\u00e9diatement que dans ses propos, le pr\u00e9sident Tebboune m\u00e9lange deux mots, \u00ab&nbsp;moudjahid&nbsp;\u00bb, qui d\u00e9signe un combattant ayant particip\u00e9 directement \u00e0 la guerre d\u2019ind\u00e9pendance de 1954-1962, et \u00ab<em>\u202fchahid\u202f<\/em>\u00bb (martyr), un terme qui inclut toutes les victimes, combattantes ou civiles. Avant de nous lancer dans l\u2019ind\u00e9cente estimation macabre impos\u00e9e ces chiffres, il est utile de pr\u00e9ciser que cette inflation du nombre des morts s\u2019explique parce que la \u00ab&nbsp;l\u00e9gitimit\u00e9&nbsp;\u00bb du \u00ab&nbsp;Syst\u00e8me&nbsp;\u00bb repose sur sa propre version de la guerre d\u2019ind\u00e9pendance. Or, celle-ci \u00e9tant ancr\u00e9e sur le mythe d\u2019un peuple unanimement dress\u00e9 contre le colonisateur, il fallait donc faire co\u00efncider ce postulat id\u00e9ologique \u00e0 la d\u00e9mographie.<\/p>\n\n\n\n<p>Le chiffre officiel de 1,5 million avanc\u00e9 par l\u2019ONM (Office National des Moudjahidine) et le pr\u00e9sident Tebboune ne r\u00e9siste pas \u00e0 la critique historique. En effet, en 1961, les Alg\u00e9riens de souche \u00e9taient 11 969&nbsp;451, dont 50% de femmes, soit environ 5&nbsp;984 725 m\u00e2les, dont au minimum 50% de mineurs, ce qui donnerait une population m\u00e2le adulte d\u2019environ 3 millions. Pour que le chiffre de 1,5 million de morts ait un d\u00e9but de v\u00e9rification, il faudrait donc que ces 3 millions dans leur totalit\u00e9 aient pris les armes contre la France \u2026et que 50% d\u2019entre eux aient trouv\u00e9 la mort. Des chiffres qui feraient passer les combats de Verdun ou de Stalingrad pour des promenades de sant\u00e9\u2026<br><br>Int\u00e9ressons-nous au nombre de moudjahidines au moment du cessez-le-feu du mois de mars 1962, ce qui va permettre de mesure l\u2019\u00e9normit\u00e9 du mensonge alg\u00e9rien. Pour le conna\u00eetre, nous disposons des sources alg\u00e9riennes et des sources fran\u00e7aises.<\/p>\n\n\n\n<p>La source alg\u00e9rienne la plus fiable est celle de Ben Youcef Benkhedda qui fut le dernier pr\u00e9sident du GPRA (Gouvernement provisoire de la r\u00e9publique alg\u00e9rienne). Dans son livre paru en 1997 (L\u2019Alg\u00e9rie \u00e0 l\u2019ind\u00e9pendance, la crise de 1962), il donne le chiffre de 65.000 combattants \u00e0 la date du cessez-le-feu de mars 1962, \u00e0 savoir&nbsp;:<\/p>\n\n\n\n<p>&#8211; Les maquis de l\u2019int\u00e9rieur&nbsp;: 35&nbsp;000 combattants, dont 7&nbsp;000 pour la wilaya I, 5&nbsp;000 pour la II, 6&nbsp;000 pour la III, 12&nbsp;000 pour la IV, 4&nbsp;000 pour la V et 1&nbsp;000 pour la VI.<\/p>\n\n\n\n<p>&#8211; L\u2019ALN, l\u2019arm\u00e9e des fronti\u00e8res, r\u00e9fugi\u00e9e en Tunisie et au Maroc, un peu plus de 30&nbsp;000 hommes.<\/p>\n\n\n\n<p>Les sources fran\u00e7aises sont tr\u00e8s proches de celles du GPRA puisqu\u2019elles donnent le chiffre d\u2019environ 50.000 combattants. Selon le 2\u00b0 Bureau fran\u00e7ais, le nombre de maquisards de l\u2019int\u00e9rieur \u00e9tait en effet de 20&nbsp;000 en&nbsp;1958 et au mois de mars&nbsp;1962, \u00e0 la signature des accords d\u2019\u00c9vian, les combattants nationalistes de l\u2019int\u00e9rieur \u00e9taient estim\u00e9s \u00e0 15&nbsp;200. Quant \u00e0 ceux et ceux de l\u2019ext\u00e9rieur, \u00e0 savoir l\u2019ALN, ils \u00e9taient de 32&nbsp;000 dont 22&nbsp;000 en Tunisie et 10&nbsp;000 au Maroc.<br><br>Le mythe d\u2019un peuple unanimement dress\u00e9 contre le colonisateur conna\u00eet donc de s\u00e9rieuses l\u00e9zardes car nous sommes loin des 3 millions de combattants dress\u00e9s contre la France. D\u2019autant plus que les Alg\u00e9riens servant dans l\u2019arm\u00e9e fran\u00e7aise, semblent avoir \u00e9t\u00e9 plus nombreux que les moudjahidines\u2026<\/p>\n\n\n\n<p>En effet, au mois de janvier&nbsp;1961, alors que le processus menant \u00e0 l\u2019ind\u00e9pendance \u00e9tait clairement engag\u00e9, 307 146 Alg\u00e9riens servaient alors dans l\u2019arm\u00e9e fran\u00e7aise, soit 10% de tous les Alg\u00e9riens m\u00e2les adultes, contre environ 65 000 moudjahidines, autrement dit moins de 3% de toute la population m\u00e2le alg\u00e9rienne.&nbsp;<\/p>\n\n\n\n<p>Or, le chiffre de 307 146 est incontestable car l\u2019historien dispose des registres pr\u00e9cis concernant la situation exacte de chacun de ces hommes (matricule, pensions, blessures, temps de service, affectations, armes per\u00e7ues etc.), Nous connaissons donc bien le profil de ces Alg\u00e9riens qui combattaient dans ou aux c\u00f4t\u00e9s de l\u2019arm\u00e9e fran\u00e7aise, \u00e0 savoir&nbsp;:<br>&#8211; 60 432 appel\u00e9s pour le service militaire<br>&#8211; 27 714 engag\u00e9s volontaires dans la \u00ab&nbsp;R\u00e9guli\u00e8re&nbsp;\u00bb (tirailleurs, spahis, parachutistes etc.)<br>&#8211; 213 700 harkis dont 63.000 directement int\u00e9gr\u00e9s au sein des unit\u00e9s combattantes.<br>&#8211; 700 officiers dont 250 appel\u00e9s<br>&#8211; 4&nbsp;600 sous-officiers<\/p>\n\n\n\n<p>M\u00eame et \u00e0 supposer que les 60 432 appel\u00e9s \u00e9taient des \u00ab&nbsp;malgr\u00e9-nous&nbsp;\u00bb, ce qui n\u2019\u00e9tait semble-t-il pas le cas puisque les d\u00e9sertions n\u2019affect\u00e8rent qu\u2019un faible pourcentage de ces hommes, il resterait encore 240 000 volontaires, soit, dans tous les cas, au moins trois fois plus que les 65&nbsp;000 moudjahidines.<\/p>\n\n\n\n<p>Les chiffres d\u00e9taill\u00e9s des pertes permettent \u00e9galement de montrer que l\u2019ONM et le pr\u00e9sident Tebboune racontent n\u2019importe quoi. Pour m\u00e9moire, il est n\u00e9cessaire de bien pr\u00e9ciser que les combattants ind\u00e9pendantistes tu\u00e9s par l\u2019arm\u00e9e fran\u00e7aise faisaient l\u2019objet d\u2019un d\u00e9compte pr\u00e9cis et d\u2019une recherche en identification tr\u00e8s r\u00e9guli\u00e8rement effectu\u00e9e par la gendarmerie, ce qui permet de donner des chiffres pr\u00e9cis, \u00e0 savoir 143 500 morts pour l\u2019ALN et 24 614 pour les pertes fran\u00e7aises &#8211; dont 7 917 par accident et 1114 par maladie-, soit 15&nbsp;583 au combat.<br>Si nous additionnons les 65 000 maquisards de 1961 et les 143 500 combattants ind\u00e9pendantistes morts au combat, nous aboutissons \u00e0 208 500 combattants pour un \u00ab&nbsp;r\u00e9servoir&nbsp;\u00bb potentiel de 3 millions d\u2019hommes, loin donc d\u2019un peuple unanimement lev\u00e9 contre la France.<br><br>D\u2019ailleurs, en 2008, Noureddine A\u00eft Hamouda, fils du colonel Amirouche A\u00eft Hamouda, chef embl\u00e9matique du maquis kabyle de la willaya III tu\u00e9 au combat le 29 mars 1959, a r\u00e9duit \u00e0 n\u00e9ant le mythe du 1,5 million de morts, un chiffre totalement fantaisiste selon lui, mais qui permet de justifier le nombre exponentiel des ayants droit, notamment celui des veuves et des orphelins. Selon Noureddine A\u00eft Hamouda, les 3\/4 des porteurs de la carte de moudjahidine et d\u2019ayants droit, sont en effet des faux et des imposteurs. Quant \u00e0 l\u2019ancien ministre alg\u00e9rien Abdeslam Ali Rachidi, il ne craignit pas de d\u00e9clarer que \u00ab&nbsp;<em>tout le monde sait que 90%&nbsp;des anciens combattants, les moudjahidines, sont des faux&nbsp;<\/em>\u00bb (<em>El Watan<\/em>, 12 d\u00e9cembre 2015).<br><br><strong><em>Pour la r\u00e9futation des mensonges de la propagande alg\u00e9rienne, on lira mon livre \u00ab&nbsp;<\/em><\/strong><a href=\"https:\/\/lafriquereelle.s3.mp-stats.com\/algerie-selon-le-president-tebboune-de-1830-a-1962-la-france\/bWVBM044QkVKTm1oOWJkTE5Dalhkdz09-1-a2E2em5XYUxUZy93VUhvTzVkVnBsdz09-12852321.html\"><strong><em>Alg\u00e9rie, l\u2019histoire \u00e0 l\u2019endroit. Les 10 grandes controverses de l\u2019histoire<\/em><\/strong><\/a><strong><em>&nbsp;\u00bb<br><br><br><\/em><\/strong><em><\/em><\/p>\n\n\n\n<p class=\"has-text-align-right\"><strong>Bernard LUGAN<\/strong><br>Histoire : L\u2019Alg\u00e9rie du pr\u00e9sident Tebboune<em><br><a href=\"https:\/\/bernardlugan.blogspot.com\/p\/lafrique-reelle.html\">L\u2019Afrique r\u00e9elle<\/a><\/em><\/p>\n<div class=\"pdfprnt-buttons pdfprnt-buttons-post pdfprnt-bottom-right\"><a href=\"https:\/\/aassdn.org\/amicale\/wp-json\/wp\/v2\/posts\/20181?print=pdf\" class=\"pdfprnt-button pdfprnt-button-pdf\" target=\"_blank\" ><img decoding=\"async\" data-src=\"https:\/\/aassdn.org\/amicale\/wp-content\/plugins\/pdf-print\/images\/pdf.png\" alt=\"image_pdf\" title=\"Afficher le PDF\" src=\"data:image\/svg+xml;base64,PHN2ZyB3aWR0aD0iMSIgaGVpZ2h0PSIxIiB4bWxucz0iaHR0cDovL3d3dy53My5vcmcvMjAwMC9zdmciPjwvc3ZnPg==\" class=\"lazyload\" style=\"--smush-placeholder-width: 32px; --smush-placeholder-aspect-ratio: 32\/32;\" \/><\/a><a href=\"https:\/\/aassdn.org\/amicale\/wp-json\/wp\/v2\/posts\/20181?print=print\" class=\"pdfprnt-button pdfprnt-button-print\" target=\"_blank\" ><\/a><\/div>","protected":false},"excerpt":{"rendered":"<p>Dans la guerre m\u00e9morielle qu\u2019il m\u00e8ne contre la France, le \u00ab&nbsp;Syst\u00e8me&nbsp;\u00bb alg\u00e9rien aux abois vient de franchir un niveau suppl\u00e9mentaire dans le mensonge. Le pr\u00e9sident Abdelmajid Tebboune a en effet os\u00e9 d\u00e9clarer publiquement dans les m\u00e9dias d\u2019Etat que, de 1830 \u00e0 1962, la France avait tu\u00e9 5 millions d\u2019Alg\u00e9riens, soit 3,5 millions avant 1954, et [&hellip;]<\/p>\n","protected":false},"author":32,"featured_media":20182,"comment_status":"open","ping_status":"closed","sticky":false,"template":"","format":"standard","meta":{"_acf_changed":false,"footnotes":""},"categories":[82,149,100,95,77,94,84,179,278,180,109],"tags":[5590,264,3554,323,5580,465,5587,349,446,938,346,5584,327,5553,365,5586,339,5591,5583,324,2197,5582,348,551,461],"class_list":["post-20181","post","type-post","status-publish","format-standard","has-post-thumbnail","hentry","category-1800-1900","category-1900-1930","category-1930-1935","category-1935-1940","category-1940-1942","category-1942-1945","category-1945-1954","category-1955-1962","category-actualites","category-afrique","category-1954-1962-guerre-dalgerie","tag-abdelmajid-tebboune","tag-algerie","tag-algeriens","tag-armement","tag-bernard","tag-colonisation","tag-demographie","tag-desinformation","tag-femme","tag-france","tag-guerre","tag-guerre-memorielle","tag-histoire","tag-libre-opinion","tag-martyr","tag-medecine","tag-memoire","tag-memorielle","tag-mensonge","tag-militaire","tag-population","tag-president-tebboune","tag-propagande","tag-responsables","tag-victimes"],"acf":[],"yoast_head":"<!-- This site is optimized with the Yoast SEO plugin v27.4 - https:\/\/yoast.com\/product\/yoast-seo-wordpress\/ -->\n<title>L\u2019histoire au service du pouvoir : L\u2019Alg\u00e9rie du pr\u00e9sident Tebboune | AASSDN | Anciens et Amis des Services Sp\u00e9ciaux<\/title>\n<meta name=\"robots\" content=\"index, follow, max-snippet:-1, max-image-preview:large, max-video-preview:-1\" \/>\n<link rel=\"canonical\" href=\"https:\/\/aassdn.org\/amicale\/histoire-lalgerie-du-president-tebboune\/\" \/>\n<meta property=\"og:locale\" content=\"fr_FR\" \/>\n<meta property=\"og:type\" content=\"article\" \/>\n<meta property=\"og:title\" content=\"L\u2019histoire au service du pouvoir : L\u2019Alg\u00e9rie du pr\u00e9sident Tebboune | AASSDN | Anciens et Amis des Services Sp\u00e9ciaux\" \/>\n<meta property=\"og:description\" content=\"Dans la guerre m\u00e9morielle qu\u2019il m\u00e8ne contre la France, le \u00ab&nbsp;Syst\u00e8me&nbsp;\u00bb alg\u00e9rien aux abois vient de franchir un niveau suppl\u00e9mentaire dans le mensonge. Le pr\u00e9sident Abdelmajid Tebboune a en effet os\u00e9 d\u00e9clarer publiquement dans les m\u00e9dias d\u2019Etat que, de 1830 \u00e0 1962, la France avait tu\u00e9 5 millions d\u2019Alg\u00e9riens, soit 3,5 millions avant 1954, et [&hellip;]\" \/>\n<meta property=\"og:url\" content=\"https:\/\/aassdn.org\/amicale\/histoire-lalgerie-du-president-tebboune\/\" \/>\n<meta property=\"og:site_name\" content=\"AASSDN | Anciens et Amis des Services Sp\u00e9ciaux\" \/>\n<meta property=\"article:published_time\" content=\"2025-09-15T10:28:12+00:00\" \/>\n<meta property=\"article:modified_time\" content=\"2025-10-10T08:46:32+00:00\" \/>\n<meta property=\"og:image\" content=\"https:\/\/aassdn.org\/amicale\/wp-content\/uploads\/drapeau-algerien.jpg\" \/>\n\t<meta property=\"og:image:width\" content=\"1280\" \/>\n\t<meta property=\"og:image:height\" content=\"853\" \/>\n\t<meta property=\"og:image:type\" content=\"image\/jpeg\" \/>\n<meta name=\"author\" content=\"AASSDN\" \/>\n<meta name=\"twitter:card\" content=\"summary_large_image\" \/>\n<meta name=\"twitter:label1\" content=\"\u00c9crit par\" \/>\n\t<meta name=\"twitter:data1\" content=\"AASSDN\" \/>\n\t<meta name=\"twitter:label2\" content=\"Dur\u00e9e de lecture estim\u00e9e\" \/>\n\t<meta name=\"twitter:data2\" content=\"9 minutes\" \/>\n<script type=\"application\/ld+json\" class=\"yoast-schema-graph\">{\"@context\":\"https:\\\/\\\/schema.org\",\"@graph\":[{\"@type\":\"Article\",\"@id\":\"https:\\\/\\\/aassdn.org\\\/amicale\\\/histoire-lalgerie-du-president-tebboune\\\/#article\",\"isPartOf\":{\"@id\":\"https:\\\/\\\/aassdn.org\\\/amicale\\\/histoire-lalgerie-du-president-tebboune\\\/\"},\"author\":{\"name\":\"AASSDN\",\"@id\":\"https:\\\/\\\/aassdn.org\\\/amicale\\\/#\\\/schema\\\/person\\\/8e950b11c74c24df36dc8e172f9451f4\"},\"headline\":\"L\u2019histoire au service du pouvoir : L\u2019Alg\u00e9rie du pr\u00e9sident Tebboune\",\"datePublished\":\"2025-09-15T10:28:12+00:00\",\"dateModified\":\"2025-10-10T08:46:32+00:00\",\"mainEntityOfPage\":{\"@id\":\"https:\\\/\\\/aassdn.org\\\/amicale\\\/histoire-lalgerie-du-president-tebboune\\\/\"},\"wordCount\":1749,\"commentCount\":0,\"publisher\":{\"@id\":\"https:\\\/\\\/aassdn.org\\\/amicale\\\/#organization\"},\"image\":{\"@id\":\"https:\\\/\\\/aassdn.org\\\/amicale\\\/histoire-lalgerie-du-president-tebboune\\\/#primaryimage\"},\"thumbnailUrl\":\"https:\\\/\\\/aassdn.org\\\/amicale\\\/wp-content\\\/uploads\\\/drapeau-algerien.jpg\",\"keywords\":[\"Abdelmajid Tebboune\",\"Alg\u00e9rie\",\"Alg\u00e9riens\",\"armement\",\"Bernard\",\"Colonisation\",\"d\u00e9mographie\",\"d\u00e9sinformation\",\"femme\",\"France\",\"guerre\",\"Guerre M\u00e9morielle\",\"histoire\",\"Libre opinion\",\"martyr\",\"m\u00e9decine\",\"m\u00e9moire\",\"m\u00e9morielle\",\"Mensonge\",\"militaire\",\"population\",\"Pr\u00e9sident Tebboune\",\"propagande\",\"responsables\",\"victimes\"],\"articleSection\":[\"1800-1900\",\"1900-1930\",\"1930-1935\",\"1935-1940\",\"1940-1942\",\"1942-1945\",\"1945-1954\",\"1955-1962\",\"Actualit\u00e9s\",\"Afrique\",\"Guerre d'Alg\u00e9rie (1954-1962)\"],\"inLanguage\":\"fr-FR\",\"potentialAction\":[{\"@type\":\"CommentAction\",\"name\":\"Comment\",\"target\":[\"https:\\\/\\\/aassdn.org\\\/amicale\\\/histoire-lalgerie-du-president-tebboune\\\/#respond\"]}]},{\"@type\":\"WebPage\",\"@id\":\"https:\\\/\\\/aassdn.org\\\/amicale\\\/histoire-lalgerie-du-president-tebboune\\\/\",\"url\":\"https:\\\/\\\/aassdn.org\\\/amicale\\\/histoire-lalgerie-du-president-tebboune\\\/\",\"name\":\"L\u2019histoire au service du pouvoir : L\u2019Alg\u00e9rie du pr\u00e9sident Tebboune | AASSDN | Anciens et Amis des Services Sp\u00e9ciaux\",\"isPartOf\":{\"@id\":\"https:\\\/\\\/aassdn.org\\\/amicale\\\/#website\"},\"primaryImageOfPage\":{\"@id\":\"https:\\\/\\\/aassdn.org\\\/amicale\\\/histoire-lalgerie-du-president-tebboune\\\/#primaryimage\"},\"image\":{\"@id\":\"https:\\\/\\\/aassdn.org\\\/amicale\\\/histoire-lalgerie-du-president-tebboune\\\/#primaryimage\"},\"thumbnailUrl\":\"https:\\\/\\\/aassdn.org\\\/amicale\\\/wp-content\\\/uploads\\\/drapeau-algerien.jpg\",\"datePublished\":\"2025-09-15T10:28:12+00:00\",\"dateModified\":\"2025-10-10T08:46:32+00:00\",\"breadcrumb\":{\"@id\":\"https:\\\/\\\/aassdn.org\\\/amicale\\\/histoire-lalgerie-du-president-tebboune\\\/#breadcrumb\"},\"inLanguage\":\"fr-FR\",\"potentialAction\":[{\"@type\":\"ReadAction\",\"target\":[\"https:\\\/\\\/aassdn.org\\\/amicale\\\/histoire-lalgerie-du-president-tebboune\\\/\"]}]},{\"@type\":\"ImageObject\",\"inLanguage\":\"fr-FR\",\"@id\":\"https:\\\/\\\/aassdn.org\\\/amicale\\\/histoire-lalgerie-du-president-tebboune\\\/#primaryimage\",\"url\":\"https:\\\/\\\/aassdn.org\\\/amicale\\\/wp-content\\\/uploads\\\/drapeau-algerien.jpg\",\"contentUrl\":\"https:\\\/\\\/aassdn.org\\\/amicale\\\/wp-content\\\/uploads\\\/drapeau-algerien.jpg\",\"width\":1280,\"height\":853},{\"@type\":\"BreadcrumbList\",\"@id\":\"https:\\\/\\\/aassdn.org\\\/amicale\\\/histoire-lalgerie-du-president-tebboune\\\/#breadcrumb\",\"itemListElement\":[{\"@type\":\"ListItem\",\"position\":1,\"name\":\"Accueil\",\"item\":\"https:\\\/\\\/aassdn.org\\\/amicale\\\/\"},{\"@type\":\"ListItem\",\"position\":2,\"name\":\"L\u2019histoire au service du pouvoir : L\u2019Alg\u00e9rie du pr\u00e9sident Tebboune\"}]},{\"@type\":\"WebSite\",\"@id\":\"https:\\\/\\\/aassdn.org\\\/amicale\\\/#website\",\"url\":\"https:\\\/\\\/aassdn.org\\\/amicale\\\/\",\"name\":\"AASSDN | Anciens et Amis des Services Sp\u00e9ciaux\",\"description\":\"Services sp\u00e9ciaux : Des h\u00e9ros anonymes au service exclusif de la France\",\"publisher\":{\"@id\":\"https:\\\/\\\/aassdn.org\\\/amicale\\\/#organization\"},\"potentialAction\":[{\"@type\":\"SearchAction\",\"target\":{\"@type\":\"EntryPoint\",\"urlTemplate\":\"https:\\\/\\\/aassdn.org\\\/amicale\\\/?s={search_term_string}\"},\"query-input\":{\"@type\":\"PropertyValueSpecification\",\"valueRequired\":true,\"valueName\":\"search_term_string\"}}],\"inLanguage\":\"fr-FR\"},{\"@type\":\"Organization\",\"@id\":\"https:\\\/\\\/aassdn.org\\\/amicale\\\/#organization\",\"name\":\"AASSDN | Anciens et Amis des Services Sp\u00e9ciaux\",\"url\":\"https:\\\/\\\/aassdn.org\\\/amicale\\\/\",\"logo\":{\"@type\":\"ImageObject\",\"inLanguage\":\"fr-FR\",\"@id\":\"https:\\\/\\\/aassdn.org\\\/amicale\\\/#\\\/schema\\\/logo\\\/image\\\/\",\"url\":\"https:\\\/\\\/aassdn.org\\\/amicale\\\/wp-content\\\/uploads\\\/Logo_AASSDN_transparent2.png\",\"contentUrl\":\"https:\\\/\\\/aassdn.org\\\/amicale\\\/wp-content\\\/uploads\\\/Logo_AASSDN_transparent2.png\",\"width\":1832,\"height\":1609,\"caption\":\"AASSDN | Anciens et Amis des Services Sp\u00e9ciaux\"},\"image\":{\"@id\":\"https:\\\/\\\/aassdn.org\\\/amicale\\\/#\\\/schema\\\/logo\\\/image\\\/\"}},{\"@type\":\"Person\",\"@id\":\"https:\\\/\\\/aassdn.org\\\/amicale\\\/#\\\/schema\\\/person\\\/8e950b11c74c24df36dc8e172f9451f4\",\"name\":\"AASSDN\",\"image\":{\"@type\":\"ImageObject\",\"inLanguage\":\"fr-FR\",\"@id\":\"https:\\\/\\\/secure.gravatar.com\\\/avatar\\\/fd0b6d50e70e6f0ed2d0d0ed7be3689bc93c931340a70ec36db416b5f0486016?s=96&d=mm&r=g\",\"url\":\"https:\\\/\\\/secure.gravatar.com\\\/avatar\\\/fd0b6d50e70e6f0ed2d0d0ed7be3689bc93c931340a70ec36db416b5f0486016?s=96&d=mm&r=g\",\"contentUrl\":\"https:\\\/\\\/secure.gravatar.com\\\/avatar\\\/fd0b6d50e70e6f0ed2d0d0ed7be3689bc93c931340a70ec36db416b5f0486016?s=96&d=mm&r=g\",\"caption\":\"AASSDN\"},\"url\":\"https:\\\/\\\/aassdn.org\\\/amicale\\\/author\\\/laure-fanjeau\\\/\"}]}<\/script>\n<!-- \/ Yoast SEO plugin. -->","yoast_head_json":{"title":"L\u2019histoire au service du pouvoir : L\u2019Alg\u00e9rie du pr\u00e9sident Tebboune | AASSDN | Anciens et Amis des Services Sp\u00e9ciaux","robots":{"index":"index","follow":"follow","max-snippet":"max-snippet:-1","max-image-preview":"max-image-preview:large","max-video-preview":"max-video-preview:-1"},"canonical":"https:\/\/aassdn.org\/amicale\/histoire-lalgerie-du-president-tebboune\/","og_locale":"fr_FR","og_type":"article","og_title":"L\u2019histoire au service du pouvoir : L\u2019Alg\u00e9rie du pr\u00e9sident Tebboune | AASSDN | Anciens et Amis des Services Sp\u00e9ciaux","og_description":"Dans la guerre m\u00e9morielle qu\u2019il m\u00e8ne contre la France, le \u00ab&nbsp;Syst\u00e8me&nbsp;\u00bb alg\u00e9rien aux abois vient de franchir un niveau suppl\u00e9mentaire dans le mensonge. Le pr\u00e9sident Abdelmajid Tebboune a en effet os\u00e9 d\u00e9clarer publiquement dans les m\u00e9dias d\u2019Etat que, de 1830 \u00e0 1962, la France avait tu\u00e9 5 millions d\u2019Alg\u00e9riens, soit 3,5 millions avant 1954, et [&hellip;]","og_url":"https:\/\/aassdn.org\/amicale\/histoire-lalgerie-du-president-tebboune\/","og_site_name":"AASSDN | Anciens et Amis des Services Sp\u00e9ciaux","article_published_time":"2025-09-15T10:28:12+00:00","article_modified_time":"2025-10-10T08:46:32+00:00","og_image":[{"width":1280,"height":853,"url":"https:\/\/aassdn.org\/amicale\/wp-content\/uploads\/drapeau-algerien.jpg","type":"image\/jpeg"}],"author":"AASSDN","twitter_card":"summary_large_image","twitter_misc":{"\u00c9crit par":"AASSDN","Dur\u00e9e de lecture estim\u00e9e":"9 minutes"},"schema":{"@context":"https:\/\/schema.org","@graph":[{"@type":"Article","@id":"https:\/\/aassdn.org\/amicale\/histoire-lalgerie-du-president-tebboune\/#article","isPartOf":{"@id":"https:\/\/aassdn.org\/amicale\/histoire-lalgerie-du-president-tebboune\/"},"author":{"name":"AASSDN","@id":"https:\/\/aassdn.org\/amicale\/#\/schema\/person\/8e950b11c74c24df36dc8e172f9451f4"},"headline":"L\u2019histoire au service du pouvoir : L\u2019Alg\u00e9rie du pr\u00e9sident Tebboune","datePublished":"2025-09-15T10:28:12+00:00","dateModified":"2025-10-10T08:46:32+00:00","mainEntityOfPage":{"@id":"https:\/\/aassdn.org\/amicale\/histoire-lalgerie-du-president-tebboune\/"},"wordCount":1749,"commentCount":0,"publisher":{"@id":"https:\/\/aassdn.org\/amicale\/#organization"},"image":{"@id":"https:\/\/aassdn.org\/amicale\/histoire-lalgerie-du-president-tebboune\/#primaryimage"},"thumbnailUrl":"https:\/\/aassdn.org\/amicale\/wp-content\/uploads\/drapeau-algerien.jpg","keywords":["Abdelmajid Tebboune","Alg\u00e9rie","Alg\u00e9riens","armement","Bernard","Colonisation","d\u00e9mographie","d\u00e9sinformation","femme","France","guerre","Guerre M\u00e9morielle","histoire","Libre opinion","martyr","m\u00e9decine","m\u00e9moire","m\u00e9morielle","Mensonge","militaire","population","Pr\u00e9sident Tebboune","propagande","responsables","victimes"],"articleSection":["1800-1900","1900-1930","1930-1935","1935-1940","1940-1942","1942-1945","1945-1954","1955-1962","Actualit\u00e9s","Afrique","Guerre d'Alg\u00e9rie (1954-1962)"],"inLanguage":"fr-FR","potentialAction":[{"@type":"CommentAction","name":"Comment","target":["https:\/\/aassdn.org\/amicale\/histoire-lalgerie-du-president-tebboune\/#respond"]}]},{"@type":"WebPage","@id":"https:\/\/aassdn.org\/amicale\/histoire-lalgerie-du-president-tebboune\/","url":"https:\/\/aassdn.org\/amicale\/histoire-lalgerie-du-president-tebboune\/","name":"L\u2019histoire au service du pouvoir : L\u2019Alg\u00e9rie du pr\u00e9sident Tebboune | AASSDN | Anciens et Amis des Services Sp\u00e9ciaux","isPartOf":{"@id":"https:\/\/aassdn.org\/amicale\/#website"},"primaryImageOfPage":{"@id":"https:\/\/aassdn.org\/amicale\/histoire-lalgerie-du-president-tebboune\/#primaryimage"},"image":{"@id":"https:\/\/aassdn.org\/amicale\/histoire-lalgerie-du-president-tebboune\/#primaryimage"},"thumbnailUrl":"https:\/\/aassdn.org\/amicale\/wp-content\/uploads\/drapeau-algerien.jpg","datePublished":"2025-09-15T10:28:12+00:00","dateModified":"2025-10-10T08:46:32+00:00","breadcrumb":{"@id":"https:\/\/aassdn.org\/amicale\/histoire-lalgerie-du-president-tebboune\/#breadcrumb"},"inLanguage":"fr-FR","potentialAction":[{"@type":"ReadAction","target":["https:\/\/aassdn.org\/amicale\/histoire-lalgerie-du-president-tebboune\/"]}]},{"@type":"ImageObject","inLanguage":"fr-FR","@id":"https:\/\/aassdn.org\/amicale\/histoire-lalgerie-du-president-tebboune\/#primaryimage","url":"https:\/\/aassdn.org\/amicale\/wp-content\/uploads\/drapeau-algerien.jpg","contentUrl":"https:\/\/aassdn.org\/amicale\/wp-content\/uploads\/drapeau-algerien.jpg","width":1280,"height":853},{"@type":"BreadcrumbList","@id":"https:\/\/aassdn.org\/amicale\/histoire-lalgerie-du-president-tebboune\/#breadcrumb","itemListElement":[{"@type":"ListItem","position":1,"name":"Accueil","item":"https:\/\/aassdn.org\/amicale\/"},{"@type":"ListItem","position":2,"name":"L\u2019histoire au service du pouvoir : L\u2019Alg\u00e9rie du pr\u00e9sident Tebboune"}]},{"@type":"WebSite","@id":"https:\/\/aassdn.org\/amicale\/#website","url":"https:\/\/aassdn.org\/amicale\/","name":"AASSDN | Anciens et Amis des Services Sp\u00e9ciaux","description":"Services sp\u00e9ciaux : Des h\u00e9ros anonymes au service exclusif de la France","publisher":{"@id":"https:\/\/aassdn.org\/amicale\/#organization"},"potentialAction":[{"@type":"SearchAction","target":{"@type":"EntryPoint","urlTemplate":"https:\/\/aassdn.org\/amicale\/?s={search_term_string}"},"query-input":{"@type":"PropertyValueSpecification","valueRequired":true,"valueName":"search_term_string"}}],"inLanguage":"fr-FR"},{"@type":"Organization","@id":"https:\/\/aassdn.org\/amicale\/#organization","name":"AASSDN | Anciens et Amis des Services Sp\u00e9ciaux","url":"https:\/\/aassdn.org\/amicale\/","logo":{"@type":"ImageObject","inLanguage":"fr-FR","@id":"https:\/\/aassdn.org\/amicale\/#\/schema\/logo\/image\/","url":"https:\/\/aassdn.org\/amicale\/wp-content\/uploads\/Logo_AASSDN_transparent2.png","contentUrl":"https:\/\/aassdn.org\/amicale\/wp-content\/uploads\/Logo_AASSDN_transparent2.png","width":1832,"height":1609,"caption":"AASSDN | Anciens et Amis des Services Sp\u00e9ciaux"},"image":{"@id":"https:\/\/aassdn.org\/amicale\/#\/schema\/logo\/image\/"}},{"@type":"Person","@id":"https:\/\/aassdn.org\/amicale\/#\/schema\/person\/8e950b11c74c24df36dc8e172f9451f4","name":"AASSDN","image":{"@type":"ImageObject","inLanguage":"fr-FR","@id":"https:\/\/secure.gravatar.com\/avatar\/fd0b6d50e70e6f0ed2d0d0ed7be3689bc93c931340a70ec36db416b5f0486016?s=96&d=mm&r=g","url":"https:\/\/secure.gravatar.com\/avatar\/fd0b6d50e70e6f0ed2d0d0ed7be3689bc93c931340a70ec36db416b5f0486016?s=96&d=mm&r=g","contentUrl":"https:\/\/secure.gravatar.com\/avatar\/fd0b6d50e70e6f0ed2d0d0ed7be3689bc93c931340a70ec36db416b5f0486016?s=96&d=mm&r=g","caption":"AASSDN"},"url":"https:\/\/aassdn.org\/amicale\/author\/laure-fanjeau\/"}]}},"_links":{"self":[{"href":"https:\/\/aassdn.org\/amicale\/wp-json\/wp\/v2\/posts\/20181","targetHints":{"allow":["GET"]}}],"collection":[{"href":"https:\/\/aassdn.org\/amicale\/wp-json\/wp\/v2\/posts"}],"about":[{"href":"https:\/\/aassdn.org\/amicale\/wp-json\/wp\/v2\/types\/post"}],"author":[{"embeddable":true,"href":"https:\/\/aassdn.org\/amicale\/wp-json\/wp\/v2\/users\/32"}],"replies":[{"embeddable":true,"href":"https:\/\/aassdn.org\/amicale\/wp-json\/wp\/v2\/comments?post=20181"}],"version-history":[{"count":0,"href":"https:\/\/aassdn.org\/amicale\/wp-json\/wp\/v2\/posts\/20181\/revisions"}],"wp:featuredmedia":[{"embeddable":true,"href":"https:\/\/aassdn.org\/amicale\/wp-json\/wp\/v2\/media\/20182"}],"wp:attachment":[{"href":"https:\/\/aassdn.org\/amicale\/wp-json\/wp\/v2\/media?parent=20181"}],"wp:term":[{"taxonomy":"category","embeddable":true,"href":"https:\/\/aassdn.org\/amicale\/wp-json\/wp\/v2\/categories?post=20181"},{"taxonomy":"post_tag","embeddable":true,"href":"https:\/\/aassdn.org\/amicale\/wp-json\/wp\/v2\/tags?post=20181"}],"curies":[{"name":"wp","href":"https:\/\/api.w.org\/{rel}","templated":true}]}}