{"id":20138,"date":"2025-09-12T21:01:49","date_gmt":"2025-09-12T19:01:49","guid":{"rendered":"https:\/\/aassdn.org\/amicale\/?p=20138"},"modified":"2025-10-10T11:02:56","modified_gmt":"2025-10-10T09:02:56","slug":"histoire-larmee-ukrainienne-une-histoire-militaire-et-immediate-1991-2025","status":"publish","type":"post","link":"https:\/\/aassdn.org\/amicale\/histoire-larmee-ukrainienne-une-histoire-militaire-et-immediate-1991-2025\/","title":{"rendered":"L\u2019arm\u00e9e ukrainienne : de l\u2019h\u00e9ritage sovi\u00e9tique \u00e0 la guerre moderne"},"content":{"rendered":"\n<p><strong>Entretien avec<\/strong> <strong>Adrien Fontanellaz, historien suisse sp\u00e9cialis\u00e9 dans l\u2019\u00e9tude des conflits contemporains, signe un ouvrage minutieusement d\u00e9taill\u00e9 retra\u00e7ant l\u2019\u00e9volution de l\u2019arm\u00e9e ukrainienne, de sa cr\u00e9ation contemporaine dans le sillage de la dislocation de l\u2019URSS \u00e0 nos jours. Un ouvrage adapt\u00e9 au grand public qui saura tout de m\u00eame ravir les passionn\u00e9s. Pr\u00e9cis et nuanc\u00e9, celui-ci diss\u00e8que chronologiquement les \u00e9tapes qui ont men\u00e9 cette arm\u00e9e \u00e0 son \u00e9tat actuel.<\/strong><br><\/p>\n\n\n\n<p><br><strong>Les \u00e9v\u00e8nements de 2014-2015 dans le Donbass ont-ils \u00e9t\u00e9 la premi\u00e8re \u00e9preuve du feu pour l\u2019arm\u00e9e ukrainienne ?<\/strong><\/p>\n\n\n\n<p>Ce fut, en effet, sa premi\u00e8re \u00e9preuve du feu significative m\u00eame s\u2019il faut relever qu\u2019elle avait envoy\u00e9 une brigade en Irak aux c\u00f4t\u00e9s des forces am\u00e9ricaines. Mais \u00e9videmment, on parle ici d\u2019un conflit insurrectionnel de basse intensit\u00e9, ce qui a peu de rapport avec la violence des affrontements qui sont intervenus dans le Donbass en 2014 et jusqu\u2019au d\u00e9but de l\u2019ann\u00e9e 2015. Il faut aussi relever l\u2019\u00e9tat de d\u00e9liquescence de l\u2019arm\u00e9e ukrainienne au d\u00e9but de l\u2019ann\u00e9e 2014 qui sortait d\u2019\u00e0 peu pr\u00e8s une d\u00e9cennie de grave disette budg\u00e9taire. Cette derni\u00e8re souffrait de maux end\u00e9miques comme la corruption, le n\u00e9potisme, de tr\u00e8s faibles niveaux d\u2019entrainements et des mat\u00e9riels tr\u00e8s peu entretenus.<\/p>\n\n\n\n<p>Elle n\u2019\u00e9tait donc pas pr\u00eate \u00e0 mener des op\u00e9rations de grande ampleur et encore moins de combat conventionnel mais a r\u00e9ussi \u00e0 s\u2019adapter relativement rapidement jusqu\u2019\u00e0 \u00eatre sur le point de vaincre les s\u00e9paratistes, qui furent alors secourus par l\u2019intervention directe de l\u2019arm\u00e9e russe.<br><\/p>\n\n\n\n<p><br><strong>Quelles sont les le\u00e7ons tactiques et strat\u00e9giques que l\u2019arm\u00e9e ukrainienne a tir\u00e9 des revers subis au cours des affrontement de 2014-2015 ?<\/strong><\/p>\n\n\n\n<p>En premier lieu, il en est ressorti le besoin d\u2019augmenter les effectifs de l\u2019arm\u00e9e et de constituer des syst\u00e8mes de r\u00e9serve ainsi que de r\u00e9tablir la conscription, ce qui est intervenu quasi imm\u00e9diatement apr\u00e8s le d\u00e9but de la guerre dans le Donbass. De plus, il y a eu un retour \u00e0 des \u00e9l\u00e9ments doctrinaux sovi\u00e9tique et russes, notamment avec une emphase tr\u00e8s importante sur l\u2019artillerie, les Ukrainiens s\u2019inspirant largement des Russes \u00e0 cet \u00e9gard. Parall\u00e8lement, on note une accentuation des efforts en vue d\u2019adopter des pratiques otaniennes, par exemple, avec la constitution d\u2019un corps de sous-officiers ou de l\u2019adoption du commandement par l\u2019intention afin d\u2019accro\u00eetre la flexibilit\u00e9 des \u00e9chelons subalternes.<\/p>\n\n\n\n<p>De plus, une mont\u00e9e en puissance quantitative est aussi intervenue. L\u2019accent a \u00e9t\u00e9 mis sur le fait de pouvoir constituer de la masse rapidement au travers d\u2019une r\u00e9serve op\u00e9rationnelle organis\u00e9e, rapidement mobilisable et permettant de compl\u00e9ter les brigades de combat d\u2019active ou d\u2019activer des unit\u00e9s de r\u00e9serve. Enfin, une d\u00e9fense territoriale a \u00e9t\u00e9 cr\u00e9\u00e9e dans le but de pouvoir assurer des prestations de protection des arri\u00e8res voire de gu\u00e9rilla en cas d\u2019occupation du territoire.<\/p>\n\n\n\n<p><br><br><strong>D\u00e8s le d\u00e9but du conflit (2014), on note un engagement direct d\u2019acteurs issus de la soci\u00e9t\u00e9 civile, \u00e0 l\u2019image de bataillons de volontaires comme <em>Azov<\/em>. Quelle a \u00e9t\u00e9 l\u2019ampleur et l\u2019impact de cette mobilisation ?<\/strong><\/p>\n\n\n\n<p>Il y a deux facettes \u00e0 cette mobilisation. Premi\u00e8rement, et \u00e0 la suite de l\u2019\u00e9tat de d\u00e9liquescence de l\u2019arm\u00e9e ukrainienne \u00e9voqu\u00e9 pr\u00e9c\u00e9demment, on a pu voir l\u2019apparition dans le Donbass de tout un conglom\u00e9rat de milices aux affiliations politiques et financements divers qui se sont substitu\u00e9s \u00e0 son action. Ces derni\u00e8res ont permis d\u2019occuper le terrain \u00e0 un moment o\u00f9 l\u2019arm\u00e9e ukrainienne n\u2019\u00e9tait pas en mesure de d\u00e9ployer des effectifs suffisants pour contenir l\u2019expansion des zones s\u00e9paratistes. Ces bataillons de volontaires ont par la suite \u00e9t\u00e9 int\u00e9gr\u00e9s dans les ordres de bataille de l\u2019arm\u00e9e et de la garde nationale.<\/p>\n\n\n\n<p>Deuxi\u00e8mement, et du fait des d\u00e9faillances de leur cha\u00eene logistique, les unit\u00e9s de l\u2019arm\u00e9e ont \u00e9t\u00e9 amen\u00e9es \u00e0 se procurer elles-m\u00eames une partie de leur approvisionnement. S\u2019est donc rapidement mis un place un soutien orchestr\u00e9 par la soci\u00e9t\u00e9 civile, tout d\u2019abord initi\u00e9es par les familles des soldats mais qui mena ensuite \u00e0 la cr\u00e9ation d\u2019associations de soutien \u00e0 l\u2019arm\u00e9e fournissant par exemple nourriture et m\u00e9dicaments. D\u00e8s 2014, une de ces associations d\u00e9veloppait une application de gestion des feux d\u2019artilleries en coop\u00e9ration avec des officiers subalternes. Le ph\u00e9nom\u00e8ne milicien et l\u2019imbrication directe entre soci\u00e9t\u00e9 civile et des \u00e9chelons relativement bas dans l\u2019arm\u00e9e vont notamment prendre une nouvelle ampleur \u00e0 la suite de l\u2019invasion russe de f\u00e9vrier 2022.<br><\/p>\n\n\n\n<p><br><strong>Les combats ont permis l\u2019\u00e9dification de h\u00e9ros de guerre et de mythes fondateurs. Dans un contexte d\u2019invasion, quel retentissement cela a-t-il pour les soldats, mais aussi pour la population civile ?<\/strong><\/p>\n\n\n\n<p>Le contexte de d\u00e9faites r\u00e9p\u00e9t\u00e9es face aux s\u00e9paratistes appuy\u00e9s par les groupes bataillonnaires russes d\u2019ao\u00fbt 2014 \u00e0 f\u00e9vrier 2015 a vu naturellement se d\u00e9velopper un besoin de mettre en exergue la bravoure des soldats. Fin 2014 a lieu l\u2019\u00e9pisode des \u00ab&nbsp;cyborgs&nbsp;\u00bb, qui aura un grand retentissement. Celui-ci met en lumi\u00e8re la r\u00e9sistance extr\u00eamement d\u00e9termin\u00e9e des d\u00e9fenseurs, d\u00e8s lors qualifi\u00e9s de \u00ab&nbsp;cyborgs&nbsp;\u00bb, de l\u2019a\u00e9roport de Donetsk, qui tiendront celui-ci durant plusieurs mois face \u00e0 des assauts r\u00e9p\u00e9t\u00e9s des forces s\u00e9paratistes appuy\u00e9s par l\u2019artillerie lourde russe. C\u2019est donc l\u2019abn\u00e9gation, bien r\u00e9elle, de la troupe qui est mise en avant \u00e0 cette occasion.<\/p>\n\n\n\n<p>Les premiers jours de l\u2019invasion de f\u00e9vrier 2022 furent une p\u00e9riode cruciale ou le destin de l\u2019Ukraine \u00e9tait en suspens et o\u00f9 il s\u2019agissait d\u2019affirmer la volont\u00e9 de d\u00e9fendre l\u2019ind\u00e9pendance nationale. C\u2019est dans ce contexte que l\u2019on vit appara\u00eetre des mythes tels que celui du fant\u00f4me de Kyiv, soit un pilote de chasse anonyme qui aurait remport\u00e9 plusieurs victoires en combat a\u00e9rien \u00e0 bord de son <em>MiG-29<\/em>. Il s\u2019agissait d\u2019une l\u00e9gende mais il refl\u00e9tait la r\u00e9alit\u00e9 d\u2019une petite communaut\u00e9 d\u2019aviateurs qui op\u00e9raient alors dans des conditions impossibles au prix de lourdes pertes. On peut penser aussi au refus initial de capituler de la petite garnison de l\u2019\u00eele aux Serpents, qui a instantan\u00e9ment fait l\u2019objet d\u2019une tr\u00e8s vaste m\u00e9diatisation. Plus tard, la d\u00e9fense acharn\u00e9e de Marioupol men\u00e9e par les unit\u00e9s d\u2019infanterie de marine et celles du r\u00e9giment <em>Azov,<\/em> qui s\u2019ach\u00e8vera par la reddition de plusieurs milliers de soldats ext\u00e9nu\u00e9s et affam\u00e9s \u00e0 la suite d\u2019un si\u00e8ge de plusieurs mois, va aussi devenir un geste h\u00e9ro\u00efque et le rapatriement des soldats captur\u00e9s via des \u00e9changes de prisonniers un enjeu majeur. Tous ces \u00e9pisodes vont participer \u00e0 l\u2019\u00e9dification d\u2019une symbolique de d\u00e9fense farouche de l\u2019ind\u00e9pendance nationale pour combler un besoin de figures de ralliement. Celle-ci va jouer un r\u00f4le majeur sur le plan national mais surtout servir les tentatives ukrainiennes visant \u00e0 obtenir un soutien international aussi vaste que possible.<br><\/p>\n\n\n\n<p><br><strong>L\u2019Ukraine \u00e9tant d\u00e9pendante de soutiens ext\u00e9rieurs, notamment en mati\u00e8re de mat\u00e9riel et d\u2019appui occidental, \u00e0 quel point les enjeux politiques et communicationnels ont-ils influenc\u00e9 la conduite des op\u00e9rations militaires ?<\/strong><\/p>\n\n\n\n<p>On est encore loin de pouvoir avoir une image exhaustive de cela. Ce qui est clair est que le soutien occidental n\u2019a jamais \u00e9t\u00e9 un acquis pour les Ukrainiens, confront\u00e9s \u00e0 une incertitude permanente \u00e0 cet \u00e9gard.<\/p>\n\n\n\n<p>Ainsi, les Occidentaux \u00e9taient r\u00e9ticents \u00e0 livrer des armes offensives avant l\u2019invasion de 2022. Puis ils ont livr\u00e9 seulement des armes portables, comme des missiles antichars et antia\u00e9riens, exploitables dans des op\u00e9rations de gu\u00e9rilla puisqu\u2019ils n\u2019\u00e9taient pas certains de la capacit\u00e9 de l\u2019arm\u00e9e ukrainienne \u00e0 r\u00e9sister du fort au fort. Ce n\u2019est qu\u2019une fois les troupes russes repouss\u00e9es du nord du pays que des livraisons d\u2019armes lourdes sont intervenues. Dans un premier temps, il s\u2019agissait de&nbsp;blind\u00e9s de conception sovi\u00e9tique afin de masquer leur provenance ou du mat\u00e9riel dont la vocation \u00e9tait pr\u00e9sent\u00e9e comme d\u00e9fensive, \u00e0 l\u2019instar de l\u2019artillerie.<\/p>\n\n\n\n<p>La relation entre Ukrainiens et Occidentaux s\u2019est donc constamment distingu\u00e9e par d\u2019interminables tractations, les premiers t\u00e2chant de mettre en lumi\u00e8re la n\u00e9cessit\u00e9 d\u2019une aide massive et vari\u00e9e, et les seconds s\u2019av\u00e9rant soucieux d\u2019\u00e9viter l\u2019escalade avec les Russes.<\/p>\n\n\n\n<p>C\u00f4t\u00e9 ukrainien, il y a eu aussi cette sensation qu\u2019il fallait \u00e9galement d\u00e9montrer que l\u2019on \u00e9tait \u00ab&nbsp;dignes&nbsp;\u00bb du soutien re\u00e7u et de ce fait \u00e9viter les mauvaises nouvelles sur le plan militaire de crainte qu\u2019elles ne compromettent de nouvelles fournitures. Cela a beaucoup pes\u00e9 dans certaines op\u00e9rations, notamment dans le refus des autorit\u00e9s politiques d\u2019autoriser un repli de Bakhmout alors que la ville \u00e9tait d\u00e9j\u00e0 militairement condamn\u00e9e. L\u2019offensive de Koursk avait \u00e9galement une vocation communicationnelle, avec comme but de d\u00e9montrer des capacit\u00e9s offensives et de des gains territoriaux afin de contrer le narratif de victoire in\u00e9luctable avanc\u00e9 par Moscou.<\/p>\n\n\n\n<p>La d\u00e9pendance en vigueur d\u2019armement s\u2019est aussi traduite par un certain droit de regard et une influence \u00e9norme de la part des officiers am\u00e9ricains, ce qui a beaucoup pes\u00e9 dans la conception de l\u2019offensive de 2023 ou encore les axes d\u2019efforts choisis pour les contre-offensives ukrainiennes de 2022. Tout cela participe d\u2019une forme d\u2019\u00e9chec puisque les incertitudes relatives \u00e0 l\u2019allocation et \u00e0 l\u2019arriv\u00e9e des aides occidentales ne favorisent gu\u00e8re une vraie planification strat\u00e9gique de l\u2019effort de l\u2019effort de guerre.<\/p>\n\n\n\n<p>\u00c0 cet \u00e9gard la situation n\u2019a gu\u00e8re \u00e9volu\u00e9, voire s\u2019est aggrav\u00e9e, en 2025 avec les volte-face \u00e0 r\u00e9p\u00e9tition de Donald Trump.<br><\/p>\n\n\n\n<p><br><strong>Face aux continuels d\u00e9fis d\u2019un affrontement \u00e0 haute intensit\u00e9, comment l\u2019Ukraine a-t-elle r\u00e9organis\u00e9 son industrie de d\u00e9fense ?<\/strong><\/p>\n\n\n\n<p>Avant-guerre, l\u2019industrie de d\u00e9fense ukrainienne \u00e9tait contr\u00f4l\u00e9e par un conglom\u00e9rat d\u2019\u00c9tat qui employait environ 70 000 personnes. Malgr\u00e9 sa r\u00e9duction de format drastique en comparaison \u00e0 l\u2019\u00e8re sovi\u00e9tique, l\u2019industrie de d\u00e9fense ukrainienne restait donc importante.<\/p>\n\n\n\n<p>Elle ma\u00eetrisait tout un ensemble de savoir-faire, \u00e9tait active dans le secteur de l\u2019a\u00e9ronautique et produisait des mat\u00e9riels autochtones tel que le missile de croisi\u00e8re antinavire \u00ab&nbsp;<em>R-360 Neptune<\/em>&nbsp;\u00bb ou le blind\u00e9 <em>BTR-4.<\/em><\/p>\n\n\n\n<p>Des suites de l\u2019arriv\u00e9e de la guerre, il y a eu une intensification des cadences de production de cet appareil \u00e9tatique ainsi que l\u2019arriv\u00e9e de nombreuses entreprises civiles comme <em>Ukrainian Armor<\/em> qui construit des v\u00e9hicules blind\u00e9s MRAP (\u00ab&nbsp;<em>Mine Resistant Ambush Protected<\/em>&nbsp;\u00bb) ou encore des myriades d\u2019ateliers produisant ou adaptant des mini-drones. Les succ\u00e8s ont \u00e9t\u00e9 certains, \u00e0 l\u2019image de la production en grande s\u00e9rie du canon autopropuls\u00e9 <em>2S22 Bohdana<\/em>, \u00e9quivalent du canon CAESAR fran\u00e7ais, celle du drone de reconnaissance<em> Shark<\/em> ou encore du drone d\u2019attaque \u00e0 longue port\u00e9e <em>An-196 Liutyi<\/em>. L\u2019industrie ukrainienne a aussi mis en place des cha\u00eenes de production de munitions d\u2019artillerie et livre obus et roquettes de tous calibres en quantit\u00e9s importantes. Elle continue \u00e0 offrir un avantage crucial en termes de maintien en condition op\u00e9rationnelle des \u00e9quipements, particuli\u00e8rement d\u2019origine sovi\u00e9tique, en permettant de les r\u00e9parer ou de les r\u00e9trofiter localement. Cette infrastructure a ainsi permis de r\u00e9activer, comme le font les Russes, des v\u00e9hicules laiss\u00e9s \u00e0 l\u2019abandon durant les d\u00e9cennies pr\u00e9c\u00e9dentes, et d\u2019entretenir les centaines de blind\u00e9s captur\u00e9s \u00e0 l\u2019ennemi depuis le d\u00e9but de la guerre.<br><\/p>\n\n\n\n<p><br><strong>Apr\u00e8s plus de dix ann\u00e9es de guerre et une exp\u00e9rience acquise sur le terrain, quel est selon vous le statut actuel des forces arm\u00e9es ukrainiennes sur le plan militaire mondial ?<\/strong><\/p>\n\n\n\n<p>L\u2019arm\u00e9e ukrainienne n\u2019est pas uniforme. Ceci est d\u00fb au fait qu\u2019elle souffre de dysfonctionnements au sein de ses organes de conduite strat\u00e9gique et op\u00e9rative ainsi que dans ses cha\u00eenes d\u2019approvisionnement logistique ou encore dans ses organes de recrutement et d\u2019entra\u00eenement. Certes, et gr\u00e2ce \u00e0 son fonctionnement d\u00e9centralis\u00e9, ses unit\u00e9s compensent, parfois avec beaucoup de succ\u00e8s, une partie de ces d\u00e9faillances gr\u00e2ce \u00e0 leurs connections avec la soci\u00e9t\u00e9 civile, mais ce fonctionnement est par nature in\u00e9galitaire puisque toutes n\u2019ont pas le m\u00eame prestige. Certaines brigades, peu soutenues, sont ainsi quasiment laiss\u00e9es \u00e0 l\u2019abandon et progressivement r\u00e9duites \u00e0 l\u2019\u00e9tat de squelettes, et se trouvent donc particuli\u00e8rement cibl\u00e9es par les Russes, alors qu\u2019\u00e0 l\u2019autre extr\u00e9mit\u00e9 du spectre se trouvent une vingtaine de brigades extr\u00eamement efficaces. En soi, l\u2019existence m\u00eame de ces difficult\u00e9s, en grande partie induites par la mont\u00e9e en puissance tr\u00e8s rapide d\u2019une arm\u00e9e aussit\u00f4t engag\u00e9e dans une guerre d\u2019attrition face \u00e0 un adversaire redoutable, est une source majeure d\u2019enseignements.<\/p>\n\n\n\n<p>Par ailleurs, ces difficult\u00e9s ne doivent cependant pas escamoter le fait que l\u2019arm\u00e9e ukrainienne d\u00e9tient un capital d\u2019exp\u00e9rience et de savoir-faire unique, partag\u00e9 seulement avec l\u2019arm\u00e9e russe, puisque s\u2019inscrivant dans des paradigmes largement in\u00e9dits. Ceux-ci trouvent leur origine par exemple dans la configuration nouvelle de front o\u00f9 les drones sont totalement int\u00e9gr\u00e9s, ce qui se traduit par une bande d\u2019interdiction d\u2019environ 40km de profondeur de part et d\u2019autre de celui-ci et qui force les bellig\u00e9rants \u00e0 man\u0153uvrer \u00e0 des \u00e9chelons tr\u00e8s bas sur le plan tactique. Aujourd\u2019hui, une attaque m\u00e9canis\u00e9e en colonne de compagnie est devenue pratiquement suicidaire pour les deux camps. La connaissance th\u00e9orique ou les manuels tactiques ant\u00e9rieurs \u00e0 cette guerre n\u2019adressent donc pas un contexte qui les a d\u00e9pass\u00e9s et devront \u00eatre remani\u00e9s \u00e0 l\u2019aune de cette nouvelle r\u00e9alit\u00e9. On peut aussi mentionner l\u2019exp\u00e9rience de la guerre a\u00e9rienne o\u00f9 l\u2019on voit les deux bellig\u00e9rants mener des campagnes strat\u00e9giques dans leurs profondeurs respectives \u00e0 l\u2019aide de quantit\u00e9s gigantesques de drones, et ce pour des co\u00fbts comparativement tr\u00e8s bas alors que contrer ces attaques de saturation avec des moyens conventionnels est au contraire extr\u00eamement co\u00fbteux. Ce d\u00e9fi a notamment induit chez les Ukrainiens le d\u00e9veloppement d\u2019une s\u00e9rie d\u2019innovations destin\u00e9es \u00e0 abaisser le co\u00fbt des interceptions, via des moyens de guerre \u00e9lectroniques ou de drones anti-drones, ou plus simplement, \u00e0 une artillerie antia\u00e9rienne de petit calibre largement consid\u00e9r\u00e9e comme obsol\u00e8te par ailleurs.<\/p>\n\n\n\n<p>Ainsi, du fait son exp\u00e9rience de la guerre de haute intensit\u00e9 dont les modalit\u00e9s sont constamment remodel\u00e9es par des \u00e9volutions technologiques acc\u00e9l\u00e9r\u00e9es, l\u2019arm\u00e9e ukrainienne est devenue un acteur central dans le paysage militaire global, ou \u00e0 tout le moins, occidental.<br><\/p>\n\n\n\n<p class=\"has-text-align-right\">Propos recueillis par <strong>\u00c9lie CRUZ<\/strong><br>Revue <em>Conflits<br><\/em>11 septembre 2025<\/p>\n\n\n\n<p><\/p>\n\n\n<div class=\"wp-block-image\">\n<figure class=\"aligncenter size-full is-resized\"><img decoding=\"async\" width=\"375\" height=\"529\" data-src=\"https:\/\/aassdn.org\/amicale\/wp-content\/uploads\/image-2.jpeg\" alt=\"\" class=\"wp-image-20139 lazyload\" style=\"--smush-placeholder-width: 375px; --smush-placeholder-aspect-ratio: 375\/529;width:236px;height:auto\" data-srcset=\"https:\/\/aassdn.org\/amicale\/wp-content\/uploads\/image-2.jpeg 375w, https:\/\/aassdn.org\/amicale\/wp-content\/uploads\/image-2-213x300.jpeg 213w\" data-sizes=\"(max-width: 375px) 100vw, 375px\" src=\"data:image\/svg+xml;base64,PHN2ZyB3aWR0aD0iMSIgaGVpZ2h0PSIxIiB4bWxucz0iaHR0cDovL3d3dy53My5vcmcvMjAwMC9zdmciPjwvc3ZnPg==\" \/><\/figure>\n<\/div>\n\n\n<p class=\"has-text-align-left\"><strong>Fiche d&#8217;identit\u00e9 du livre :<\/strong><\/p>\n\n\n\n<p class=\"has-text-align-left\"><strong>Titre :<\/strong> &#8220;L&#8217;arm\u00e9e ukrainienne. Une histoire militaire et imm\u00e9diate (1991-2025)&#8221;<br><strong>Auteur : <\/strong>Adrien Fontanellaz<br><strong>Ann\u00e9e de parution : <\/strong>2025<br><strong>Maison d&#8217;\u00e9dition :<\/strong> Infolio<br><strong>Pages :<\/strong> 288<br><strong>Format :<\/strong> 17*24cm<br><strong>ISBN :<\/strong> 9782889681853<\/p>\n\n\n\n<p><em>Pour de plus amples informatio<\/em>ns s<em>ur le livre, <strong><a href=\"https:\/\/www.infolio.ch\/livre\/larmee-ukrainienne-une-histoire-immediate-1991-2025\/\">cliquez ICI<\/a><\/strong><\/em><\/p>\n\n\n\n<p><br><\/p>\n\n\n\n<p class=\"has-text-align-right has-small-font-size\"><em>Source de la photo :<\/em><a href=\"https:\/\/www.revueconflits.com\/larmee-ukrainienne-une-histoire-militaire-et-immediate-1991-2025-entretien-avec-adrien-fontanellaz\/\"><em> Revue Conflits<\/em><\/a><\/p>\n<div class=\"pdfprnt-buttons pdfprnt-buttons-post pdfprnt-bottom-right\"><a href=\"https:\/\/aassdn.org\/amicale\/wp-json\/wp\/v2\/posts\/20138?print=pdf\" class=\"pdfprnt-button pdfprnt-button-pdf\" target=\"_blank\" ><img decoding=\"async\" data-src=\"https:\/\/aassdn.org\/amicale\/wp-content\/plugins\/pdf-print\/images\/pdf.png\" alt=\"image_pdf\" title=\"Afficher le PDF\" src=\"data:image\/svg+xml;base64,PHN2ZyB3aWR0aD0iMSIgaGVpZ2h0PSIxIiB4bWxucz0iaHR0cDovL3d3dy53My5vcmcvMjAwMC9zdmciPjwvc3ZnPg==\" class=\"lazyload\" style=\"--smush-placeholder-width: 32px; --smush-placeholder-aspect-ratio: 32\/32;\" \/><\/a><a href=\"https:\/\/aassdn.org\/amicale\/wp-json\/wp\/v2\/posts\/20138?print=print\" class=\"pdfprnt-button pdfprnt-button-print\" target=\"_blank\" ><\/a><\/div>","protected":false},"excerpt":{"rendered":"<p>Entretien avec Adrien Fontanellaz, historien suisse sp\u00e9cialis\u00e9 dans l\u2019\u00e9tude des conflits contemporains, signe un ouvrage minutieusement d\u00e9taill\u00e9 retra\u00e7ant l\u2019\u00e9volution de l\u2019arm\u00e9e ukrainienne, de sa cr\u00e9ation contemporaine dans le sillage de la dislocation de l\u2019URSS \u00e0 nos jours. Un ouvrage adapt\u00e9 au grand public qui saura tout de m\u00eame ravir les passionn\u00e9s. Pr\u00e9cis et nuanc\u00e9, celui-ci [&hellip;]<\/p>\n","protected":false},"author":32,"featured_media":20145,"comment_status":"open","ping_status":"closed","sticky":false,"template":"","format":"standard","meta":{"_acf_changed":false,"footnotes":""},"categories":[288,2943,5375,278,113],"tags":[5564,5557,320,2945,2946,323,2592,793,334,528,352,4911,5556,5559,307,4164,560,794,563,3483,2171,295,333,346,3745,327,803,3462,3193,392,523,324,775,544,736,559,734,353,696,374,5571,617,671,807,297,214,3960,5570,737,296,3184,382,1464,3028,5560,460,273,213],"class_list":["post-20138","post","type-post","status-publish","format-standard","has-post-thumbnail","hentry","category-2020-2030","category-2022-2024-guerre-en-ukraine","category-2030-2040","category-actualites","category-europe-de-lest","tag-2014-2015","tag-adrien-fontanellaz","tag-americains","tag-armee-russe","tag-armee-ukrainienne","tag-armement","tag-artillerie","tag-axe","tag-capacites","tag-communication","tag-conflit","tag-conflit-en-ukraine","tag-conflits-contemporains","tag-conscription","tag-defense","tag-donbass","tag-effectifs","tag-ennemi","tag-entretien","tag-europe-de-la-defense","tag-evolution","tag-geopolitique","tag-gestion","tag-guerre","tag-guerre-en-ukraine","tag-histoire","tag-invasion","tag-irak","tag-livre","tag-marine","tag-materiels","tag-militaire","tag-mobilisation","tag-occupation","tag-officier","tag-operations","tag-ordre","tag-otan","tag-patrie","tag-pilote","tag-pratiques-otaniennes","tag-prison","tag-prisonnier","tag-rapport","tag-relation","tag-resistance","tag-russie-ukraine","tag-societe-civile","tag-sous-officier","tag-strategique","tag-strategiques","tag-succes","tag-suisse","tag-tactique","tag-tactiques","tag-troupes","tag-ukraine","tag-urss"],"acf":[],"yoast_head":"<!-- This site is optimized with the Yoast SEO plugin v27.4 - https:\/\/yoast.com\/product\/yoast-seo-wordpress\/ -->\n<title>L\u2019arm\u00e9e ukrainienne : de l\u2019h\u00e9ritage sovi\u00e9tique \u00e0 la guerre moderne | AASSDN | Anciens et Amis des Services Sp\u00e9ciaux<\/title>\n<meta name=\"robots\" content=\"index, follow, max-snippet:-1, max-image-preview:large, max-video-preview:-1\" \/>\n<link rel=\"canonical\" href=\"https:\/\/aassdn.org\/amicale\/histoire-larmee-ukrainienne-une-histoire-militaire-et-immediate-1991-2025\/\" \/>\n<meta property=\"og:locale\" content=\"fr_FR\" \/>\n<meta property=\"og:type\" content=\"article\" \/>\n<meta property=\"og:title\" content=\"L\u2019arm\u00e9e ukrainienne : de l\u2019h\u00e9ritage sovi\u00e9tique \u00e0 la guerre moderne | AASSDN | Anciens et Amis des Services Sp\u00e9ciaux\" \/>\n<meta property=\"og:description\" content=\"Entretien avec Adrien Fontanellaz, historien suisse sp\u00e9cialis\u00e9 dans l\u2019\u00e9tude des conflits contemporains, signe un ouvrage minutieusement d\u00e9taill\u00e9 retra\u00e7ant l\u2019\u00e9volution de l\u2019arm\u00e9e ukrainienne, de sa cr\u00e9ation contemporaine dans le sillage de la dislocation de l\u2019URSS \u00e0 nos jours. Un ouvrage adapt\u00e9 au grand public qui saura tout de m\u00eame ravir les passionn\u00e9s. Pr\u00e9cis et nuanc\u00e9, celui-ci [&hellip;]\" \/>\n<meta property=\"og:url\" content=\"https:\/\/aassdn.org\/amicale\/histoire-larmee-ukrainienne-une-histoire-militaire-et-immediate-1991-2025\/\" \/>\n<meta property=\"og:site_name\" content=\"AASSDN | Anciens et Amis des Services Sp\u00e9ciaux\" \/>\n<meta property=\"article:published_time\" content=\"2025-09-12T19:01:49+00:00\" \/>\n<meta property=\"article:modified_time\" content=\"2025-10-10T09:02:56+00:00\" \/>\n<meta property=\"og:image\" content=\"https:\/\/aassdn.org\/amicale\/wp-content\/uploads\/ukraine-militaire-guerre.jpg\" \/>\n\t<meta property=\"og:image:width\" content=\"638\" \/>\n\t<meta property=\"og:image:height\" content=\"467\" \/>\n\t<meta property=\"og:image:type\" content=\"image\/jpeg\" \/>\n<meta name=\"author\" content=\"AASSDN\" \/>\n<meta name=\"twitter:card\" content=\"summary_large_image\" \/>\n<meta name=\"twitter:label1\" content=\"\u00c9crit par\" \/>\n\t<meta name=\"twitter:data1\" content=\"AASSDN\" \/>\n\t<meta name=\"twitter:label2\" content=\"Dur\u00e9e de lecture estim\u00e9e\" \/>\n\t<meta name=\"twitter:data2\" content=\"13 minutes\" \/>\n<script type=\"application\/ld+json\" class=\"yoast-schema-graph\">{\"@context\":\"https:\\\/\\\/schema.org\",\"@graph\":[{\"@type\":\"Article\",\"@id\":\"https:\\\/\\\/aassdn.org\\\/amicale\\\/histoire-larmee-ukrainienne-une-histoire-militaire-et-immediate-1991-2025\\\/#article\",\"isPartOf\":{\"@id\":\"https:\\\/\\\/aassdn.org\\\/amicale\\\/histoire-larmee-ukrainienne-une-histoire-militaire-et-immediate-1991-2025\\\/\"},\"author\":{\"name\":\"AASSDN\",\"@id\":\"https:\\\/\\\/aassdn.org\\\/amicale\\\/#\\\/schema\\\/person\\\/8e950b11c74c24df36dc8e172f9451f4\"},\"headline\":\"L\u2019arm\u00e9e ukrainienne : de l\u2019h\u00e9ritage sovi\u00e9tique \u00e0 la guerre moderne\",\"datePublished\":\"2025-09-12T19:01:49+00:00\",\"dateModified\":\"2025-10-10T09:02:56+00:00\",\"mainEntityOfPage\":{\"@id\":\"https:\\\/\\\/aassdn.org\\\/amicale\\\/histoire-larmee-ukrainienne-une-histoire-militaire-et-immediate-1991-2025\\\/\"},\"wordCount\":2666,\"commentCount\":0,\"publisher\":{\"@id\":\"https:\\\/\\\/aassdn.org\\\/amicale\\\/#organization\"},\"image\":{\"@id\":\"https:\\\/\\\/aassdn.org\\\/amicale\\\/histoire-larmee-ukrainienne-une-histoire-militaire-et-immediate-1991-2025\\\/#primaryimage\"},\"thumbnailUrl\":\"https:\\\/\\\/aassdn.org\\\/amicale\\\/wp-content\\\/uploads\\\/ukraine-militaire-guerre.jpg\",\"keywords\":[\"2014-2015\",\"Adrien Fontanellaz\",\"Am\u00e9ricains\",\"arm\u00e9e russe\",\"arm\u00e9e ukrainienne\",\"armement\",\"artillerie\",\"Axe\",\"capacit\u00e9s\",\"communication\",\"conflit\",\"conflit en Ukraine\",\"conflits contemporains\",\"conscription\",\"d\u00e9fense\",\"Donbass\",\"effectifs\",\"ennemi\",\"entretien\",\"Europe de la D\u00e9fense\",\"\u00e9volution\",\"g\u00e9opolitique\",\"gestion\",\"guerre\",\"guerre en Ukraine\",\"histoire\",\"invasion\",\"Irak\",\"livre\",\"Marine\",\"mat\u00e9riels\",\"militaire\",\"mobilisation\",\"Occupation\",\"Officier\",\"op\u00e9rations\",\"ordre\",\"Otan\",\"patrie\",\"Pilote\",\"pratiques otaniennes,\",\"Prison\",\"prisonnier\",\"rapport\",\"relation\",\"R\u00e9sistance\",\"Russie-Ukraine\",\"soci\u00e9t\u00e9 civile,\",\"Sous-officier\",\"strat\u00e9gique\",\"strat\u00e9giques\",\"succ\u00e8s\",\"Suisse\",\"tactique\",\"tactiques\",\"troupes\",\"Ukraine\",\"URSS\"],\"articleSection\":[\"2020-2030\",\"2022-2025 : Guerre en Ukraine\",\"2030-2040\",\"Actualit\u00e9s\",\"Europe de l'Est\"],\"inLanguage\":\"fr-FR\",\"potentialAction\":[{\"@type\":\"CommentAction\",\"name\":\"Comment\",\"target\":[\"https:\\\/\\\/aassdn.org\\\/amicale\\\/histoire-larmee-ukrainienne-une-histoire-militaire-et-immediate-1991-2025\\\/#respond\"]}]},{\"@type\":\"WebPage\",\"@id\":\"https:\\\/\\\/aassdn.org\\\/amicale\\\/histoire-larmee-ukrainienne-une-histoire-militaire-et-immediate-1991-2025\\\/\",\"url\":\"https:\\\/\\\/aassdn.org\\\/amicale\\\/histoire-larmee-ukrainienne-une-histoire-militaire-et-immediate-1991-2025\\\/\",\"name\":\"L\u2019arm\u00e9e ukrainienne : de l\u2019h\u00e9ritage sovi\u00e9tique \u00e0 la guerre moderne | AASSDN | Anciens et Amis des Services Sp\u00e9ciaux\",\"isPartOf\":{\"@id\":\"https:\\\/\\\/aassdn.org\\\/amicale\\\/#website\"},\"primaryImageOfPage\":{\"@id\":\"https:\\\/\\\/aassdn.org\\\/amicale\\\/histoire-larmee-ukrainienne-une-histoire-militaire-et-immediate-1991-2025\\\/#primaryimage\"},\"image\":{\"@id\":\"https:\\\/\\\/aassdn.org\\\/amicale\\\/histoire-larmee-ukrainienne-une-histoire-militaire-et-immediate-1991-2025\\\/#primaryimage\"},\"thumbnailUrl\":\"https:\\\/\\\/aassdn.org\\\/amicale\\\/wp-content\\\/uploads\\\/ukraine-militaire-guerre.jpg\",\"datePublished\":\"2025-09-12T19:01:49+00:00\",\"dateModified\":\"2025-10-10T09:02:56+00:00\",\"breadcrumb\":{\"@id\":\"https:\\\/\\\/aassdn.org\\\/amicale\\\/histoire-larmee-ukrainienne-une-histoire-militaire-et-immediate-1991-2025\\\/#breadcrumb\"},\"inLanguage\":\"fr-FR\",\"potentialAction\":[{\"@type\":\"ReadAction\",\"target\":[\"https:\\\/\\\/aassdn.org\\\/amicale\\\/histoire-larmee-ukrainienne-une-histoire-militaire-et-immediate-1991-2025\\\/\"]}]},{\"@type\":\"ImageObject\",\"inLanguage\":\"fr-FR\",\"@id\":\"https:\\\/\\\/aassdn.org\\\/amicale\\\/histoire-larmee-ukrainienne-une-histoire-militaire-et-immediate-1991-2025\\\/#primaryimage\",\"url\":\"https:\\\/\\\/aassdn.org\\\/amicale\\\/wp-content\\\/uploads\\\/ukraine-militaire-guerre.jpg\",\"contentUrl\":\"https:\\\/\\\/aassdn.org\\\/amicale\\\/wp-content\\\/uploads\\\/ukraine-militaire-guerre.jpg\",\"width\":638,\"height\":467},{\"@type\":\"BreadcrumbList\",\"@id\":\"https:\\\/\\\/aassdn.org\\\/amicale\\\/histoire-larmee-ukrainienne-une-histoire-militaire-et-immediate-1991-2025\\\/#breadcrumb\",\"itemListElement\":[{\"@type\":\"ListItem\",\"position\":1,\"name\":\"Accueil\",\"item\":\"https:\\\/\\\/aassdn.org\\\/amicale\\\/\"},{\"@type\":\"ListItem\",\"position\":2,\"name\":\"L\u2019arm\u00e9e ukrainienne : de l\u2019h\u00e9ritage sovi\u00e9tique \u00e0 la guerre moderne\"}]},{\"@type\":\"WebSite\",\"@id\":\"https:\\\/\\\/aassdn.org\\\/amicale\\\/#website\",\"url\":\"https:\\\/\\\/aassdn.org\\\/amicale\\\/\",\"name\":\"AASSDN | Anciens et Amis des Services Sp\u00e9ciaux\",\"description\":\"Services sp\u00e9ciaux : Des h\u00e9ros anonymes au service exclusif de la France\",\"publisher\":{\"@id\":\"https:\\\/\\\/aassdn.org\\\/amicale\\\/#organization\"},\"potentialAction\":[{\"@type\":\"SearchAction\",\"target\":{\"@type\":\"EntryPoint\",\"urlTemplate\":\"https:\\\/\\\/aassdn.org\\\/amicale\\\/?s={search_term_string}\"},\"query-input\":{\"@type\":\"PropertyValueSpecification\",\"valueRequired\":true,\"valueName\":\"search_term_string\"}}],\"inLanguage\":\"fr-FR\"},{\"@type\":\"Organization\",\"@id\":\"https:\\\/\\\/aassdn.org\\\/amicale\\\/#organization\",\"name\":\"AASSDN | Anciens et Amis des Services Sp\u00e9ciaux\",\"url\":\"https:\\\/\\\/aassdn.org\\\/amicale\\\/\",\"logo\":{\"@type\":\"ImageObject\",\"inLanguage\":\"fr-FR\",\"@id\":\"https:\\\/\\\/aassdn.org\\\/amicale\\\/#\\\/schema\\\/logo\\\/image\\\/\",\"url\":\"https:\\\/\\\/aassdn.org\\\/amicale\\\/wp-content\\\/uploads\\\/Logo_AASSDN_transparent2.png\",\"contentUrl\":\"https:\\\/\\\/aassdn.org\\\/amicale\\\/wp-content\\\/uploads\\\/Logo_AASSDN_transparent2.png\",\"width\":1832,\"height\":1609,\"caption\":\"AASSDN | Anciens et Amis des Services Sp\u00e9ciaux\"},\"image\":{\"@id\":\"https:\\\/\\\/aassdn.org\\\/amicale\\\/#\\\/schema\\\/logo\\\/image\\\/\"}},{\"@type\":\"Person\",\"@id\":\"https:\\\/\\\/aassdn.org\\\/amicale\\\/#\\\/schema\\\/person\\\/8e950b11c74c24df36dc8e172f9451f4\",\"name\":\"AASSDN\",\"image\":{\"@type\":\"ImageObject\",\"inLanguage\":\"fr-FR\",\"@id\":\"https:\\\/\\\/secure.gravatar.com\\\/avatar\\\/fd0b6d50e70e6f0ed2d0d0ed7be3689bc93c931340a70ec36db416b5f0486016?s=96&d=mm&r=g\",\"url\":\"https:\\\/\\\/secure.gravatar.com\\\/avatar\\\/fd0b6d50e70e6f0ed2d0d0ed7be3689bc93c931340a70ec36db416b5f0486016?s=96&d=mm&r=g\",\"contentUrl\":\"https:\\\/\\\/secure.gravatar.com\\\/avatar\\\/fd0b6d50e70e6f0ed2d0d0ed7be3689bc93c931340a70ec36db416b5f0486016?s=96&d=mm&r=g\",\"caption\":\"AASSDN\"},\"url\":\"https:\\\/\\\/aassdn.org\\\/amicale\\\/author\\\/laure-fanjeau\\\/\"}]}<\/script>\n<!-- \/ Yoast SEO plugin. -->","yoast_head_json":{"title":"L\u2019arm\u00e9e ukrainienne : de l\u2019h\u00e9ritage sovi\u00e9tique \u00e0 la guerre moderne | AASSDN | Anciens et Amis des Services Sp\u00e9ciaux","robots":{"index":"index","follow":"follow","max-snippet":"max-snippet:-1","max-image-preview":"max-image-preview:large","max-video-preview":"max-video-preview:-1"},"canonical":"https:\/\/aassdn.org\/amicale\/histoire-larmee-ukrainienne-une-histoire-militaire-et-immediate-1991-2025\/","og_locale":"fr_FR","og_type":"article","og_title":"L\u2019arm\u00e9e ukrainienne : de l\u2019h\u00e9ritage sovi\u00e9tique \u00e0 la guerre moderne | AASSDN | Anciens et Amis des Services Sp\u00e9ciaux","og_description":"Entretien avec Adrien Fontanellaz, historien suisse sp\u00e9cialis\u00e9 dans l\u2019\u00e9tude des conflits contemporains, signe un ouvrage minutieusement d\u00e9taill\u00e9 retra\u00e7ant l\u2019\u00e9volution de l\u2019arm\u00e9e ukrainienne, de sa cr\u00e9ation contemporaine dans le sillage de la dislocation de l\u2019URSS \u00e0 nos jours. Un ouvrage adapt\u00e9 au grand public qui saura tout de m\u00eame ravir les passionn\u00e9s. Pr\u00e9cis et nuanc\u00e9, celui-ci [&hellip;]","og_url":"https:\/\/aassdn.org\/amicale\/histoire-larmee-ukrainienne-une-histoire-militaire-et-immediate-1991-2025\/","og_site_name":"AASSDN | Anciens et Amis des Services Sp\u00e9ciaux","article_published_time":"2025-09-12T19:01:49+00:00","article_modified_time":"2025-10-10T09:02:56+00:00","og_image":[{"width":638,"height":467,"url":"https:\/\/aassdn.org\/amicale\/wp-content\/uploads\/ukraine-militaire-guerre.jpg","type":"image\/jpeg"}],"author":"AASSDN","twitter_card":"summary_large_image","twitter_misc":{"\u00c9crit par":"AASSDN","Dur\u00e9e de lecture estim\u00e9e":"13 minutes"},"schema":{"@context":"https:\/\/schema.org","@graph":[{"@type":"Article","@id":"https:\/\/aassdn.org\/amicale\/histoire-larmee-ukrainienne-une-histoire-militaire-et-immediate-1991-2025\/#article","isPartOf":{"@id":"https:\/\/aassdn.org\/amicale\/histoire-larmee-ukrainienne-une-histoire-militaire-et-immediate-1991-2025\/"},"author":{"name":"AASSDN","@id":"https:\/\/aassdn.org\/amicale\/#\/schema\/person\/8e950b11c74c24df36dc8e172f9451f4"},"headline":"L\u2019arm\u00e9e ukrainienne : de l\u2019h\u00e9ritage sovi\u00e9tique \u00e0 la guerre moderne","datePublished":"2025-09-12T19:01:49+00:00","dateModified":"2025-10-10T09:02:56+00:00","mainEntityOfPage":{"@id":"https:\/\/aassdn.org\/amicale\/histoire-larmee-ukrainienne-une-histoire-militaire-et-immediate-1991-2025\/"},"wordCount":2666,"commentCount":0,"publisher":{"@id":"https:\/\/aassdn.org\/amicale\/#organization"},"image":{"@id":"https:\/\/aassdn.org\/amicale\/histoire-larmee-ukrainienne-une-histoire-militaire-et-immediate-1991-2025\/#primaryimage"},"thumbnailUrl":"https:\/\/aassdn.org\/amicale\/wp-content\/uploads\/ukraine-militaire-guerre.jpg","keywords":["2014-2015","Adrien Fontanellaz","Am\u00e9ricains","arm\u00e9e russe","arm\u00e9e ukrainienne","armement","artillerie","Axe","capacit\u00e9s","communication","conflit","conflit en Ukraine","conflits contemporains","conscription","d\u00e9fense","Donbass","effectifs","ennemi","entretien","Europe de la D\u00e9fense","\u00e9volution","g\u00e9opolitique","gestion","guerre","guerre en Ukraine","histoire","invasion","Irak","livre","Marine","mat\u00e9riels","militaire","mobilisation","Occupation","Officier","op\u00e9rations","ordre","Otan","patrie","Pilote","pratiques otaniennes,","Prison","prisonnier","rapport","relation","R\u00e9sistance","Russie-Ukraine","soci\u00e9t\u00e9 civile,","Sous-officier","strat\u00e9gique","strat\u00e9giques","succ\u00e8s","Suisse","tactique","tactiques","troupes","Ukraine","URSS"],"articleSection":["2020-2030","2022-2025 : Guerre en Ukraine","2030-2040","Actualit\u00e9s","Europe de l'Est"],"inLanguage":"fr-FR","potentialAction":[{"@type":"CommentAction","name":"Comment","target":["https:\/\/aassdn.org\/amicale\/histoire-larmee-ukrainienne-une-histoire-militaire-et-immediate-1991-2025\/#respond"]}]},{"@type":"WebPage","@id":"https:\/\/aassdn.org\/amicale\/histoire-larmee-ukrainienne-une-histoire-militaire-et-immediate-1991-2025\/","url":"https:\/\/aassdn.org\/amicale\/histoire-larmee-ukrainienne-une-histoire-militaire-et-immediate-1991-2025\/","name":"L\u2019arm\u00e9e ukrainienne : de l\u2019h\u00e9ritage sovi\u00e9tique \u00e0 la guerre moderne | AASSDN | Anciens et Amis des Services Sp\u00e9ciaux","isPartOf":{"@id":"https:\/\/aassdn.org\/amicale\/#website"},"primaryImageOfPage":{"@id":"https:\/\/aassdn.org\/amicale\/histoire-larmee-ukrainienne-une-histoire-militaire-et-immediate-1991-2025\/#primaryimage"},"image":{"@id":"https:\/\/aassdn.org\/amicale\/histoire-larmee-ukrainienne-une-histoire-militaire-et-immediate-1991-2025\/#primaryimage"},"thumbnailUrl":"https:\/\/aassdn.org\/amicale\/wp-content\/uploads\/ukraine-militaire-guerre.jpg","datePublished":"2025-09-12T19:01:49+00:00","dateModified":"2025-10-10T09:02:56+00:00","breadcrumb":{"@id":"https:\/\/aassdn.org\/amicale\/histoire-larmee-ukrainienne-une-histoire-militaire-et-immediate-1991-2025\/#breadcrumb"},"inLanguage":"fr-FR","potentialAction":[{"@type":"ReadAction","target":["https:\/\/aassdn.org\/amicale\/histoire-larmee-ukrainienne-une-histoire-militaire-et-immediate-1991-2025\/"]}]},{"@type":"ImageObject","inLanguage":"fr-FR","@id":"https:\/\/aassdn.org\/amicale\/histoire-larmee-ukrainienne-une-histoire-militaire-et-immediate-1991-2025\/#primaryimage","url":"https:\/\/aassdn.org\/amicale\/wp-content\/uploads\/ukraine-militaire-guerre.jpg","contentUrl":"https:\/\/aassdn.org\/amicale\/wp-content\/uploads\/ukraine-militaire-guerre.jpg","width":638,"height":467},{"@type":"BreadcrumbList","@id":"https:\/\/aassdn.org\/amicale\/histoire-larmee-ukrainienne-une-histoire-militaire-et-immediate-1991-2025\/#breadcrumb","itemListElement":[{"@type":"ListItem","position":1,"name":"Accueil","item":"https:\/\/aassdn.org\/amicale\/"},{"@type":"ListItem","position":2,"name":"L\u2019arm\u00e9e ukrainienne : de l\u2019h\u00e9ritage sovi\u00e9tique \u00e0 la guerre moderne"}]},{"@type":"WebSite","@id":"https:\/\/aassdn.org\/amicale\/#website","url":"https:\/\/aassdn.org\/amicale\/","name":"AASSDN | Anciens et Amis des Services Sp\u00e9ciaux","description":"Services sp\u00e9ciaux : Des h\u00e9ros anonymes au service exclusif de la France","publisher":{"@id":"https:\/\/aassdn.org\/amicale\/#organization"},"potentialAction":[{"@type":"SearchAction","target":{"@type":"EntryPoint","urlTemplate":"https:\/\/aassdn.org\/amicale\/?s={search_term_string}"},"query-input":{"@type":"PropertyValueSpecification","valueRequired":true,"valueName":"search_term_string"}}],"inLanguage":"fr-FR"},{"@type":"Organization","@id":"https:\/\/aassdn.org\/amicale\/#organization","name":"AASSDN | Anciens et Amis des Services Sp\u00e9ciaux","url":"https:\/\/aassdn.org\/amicale\/","logo":{"@type":"ImageObject","inLanguage":"fr-FR","@id":"https:\/\/aassdn.org\/amicale\/#\/schema\/logo\/image\/","url":"https:\/\/aassdn.org\/amicale\/wp-content\/uploads\/Logo_AASSDN_transparent2.png","contentUrl":"https:\/\/aassdn.org\/amicale\/wp-content\/uploads\/Logo_AASSDN_transparent2.png","width":1832,"height":1609,"caption":"AASSDN | Anciens et Amis des Services Sp\u00e9ciaux"},"image":{"@id":"https:\/\/aassdn.org\/amicale\/#\/schema\/logo\/image\/"}},{"@type":"Person","@id":"https:\/\/aassdn.org\/amicale\/#\/schema\/person\/8e950b11c74c24df36dc8e172f9451f4","name":"AASSDN","image":{"@type":"ImageObject","inLanguage":"fr-FR","@id":"https:\/\/secure.gravatar.com\/avatar\/fd0b6d50e70e6f0ed2d0d0ed7be3689bc93c931340a70ec36db416b5f0486016?s=96&d=mm&r=g","url":"https:\/\/secure.gravatar.com\/avatar\/fd0b6d50e70e6f0ed2d0d0ed7be3689bc93c931340a70ec36db416b5f0486016?s=96&d=mm&r=g","contentUrl":"https:\/\/secure.gravatar.com\/avatar\/fd0b6d50e70e6f0ed2d0d0ed7be3689bc93c931340a70ec36db416b5f0486016?s=96&d=mm&r=g","caption":"AASSDN"},"url":"https:\/\/aassdn.org\/amicale\/author\/laure-fanjeau\/"}]}},"_links":{"self":[{"href":"https:\/\/aassdn.org\/amicale\/wp-json\/wp\/v2\/posts\/20138","targetHints":{"allow":["GET"]}}],"collection":[{"href":"https:\/\/aassdn.org\/amicale\/wp-json\/wp\/v2\/posts"}],"about":[{"href":"https:\/\/aassdn.org\/amicale\/wp-json\/wp\/v2\/types\/post"}],"author":[{"embeddable":true,"href":"https:\/\/aassdn.org\/amicale\/wp-json\/wp\/v2\/users\/32"}],"replies":[{"embeddable":true,"href":"https:\/\/aassdn.org\/amicale\/wp-json\/wp\/v2\/comments?post=20138"}],"version-history":[{"count":0,"href":"https:\/\/aassdn.org\/amicale\/wp-json\/wp\/v2\/posts\/20138\/revisions"}],"wp:featuredmedia":[{"embeddable":true,"href":"https:\/\/aassdn.org\/amicale\/wp-json\/wp\/v2\/media\/20145"}],"wp:attachment":[{"href":"https:\/\/aassdn.org\/amicale\/wp-json\/wp\/v2\/media?parent=20138"}],"wp:term":[{"taxonomy":"category","embeddable":true,"href":"https:\/\/aassdn.org\/amicale\/wp-json\/wp\/v2\/categories?post=20138"},{"taxonomy":"post_tag","embeddable":true,"href":"https:\/\/aassdn.org\/amicale\/wp-json\/wp\/v2\/tags?post=20138"}],"curies":[{"name":"wp","href":"https:\/\/api.w.org\/{rel}","templated":true}]}}