{"id":20013,"date":"2025-10-06T18:48:29","date_gmt":"2025-10-06T16:48:29","guid":{"rendered":"https:\/\/aassdn.org\/amicale\/?p=20013"},"modified":"2025-10-10T11:05:55","modified_gmt":"2025-10-10T09:05:55","slug":"memoire-vivante-hommage-aux-merlinettes","status":"publish","type":"post","link":"https:\/\/aassdn.org\/amicale\/memoire-vivante-hommage-aux-merlinettes\/","title":{"rendered":"M\u00e9moire vivante : Hommage aux \u00ab\u00a0Merlinettes\u00a0\u00bb"},"content":{"rendered":"\n<p class=\"has-text-align-center\"><strong>Hommage aux \u00ab\u00a0Merlinettes\u00a0\u00bb \u00e0 Jouac en Limousin<\/strong><br><strong><em>Le 1<sup>er<\/sup> juin 2025<\/em><\/strong><\/p>\n\n\n\n<p class=\"has-text-align-center\"><\/p>\n\n\n\n<p>Ce dimanche matin en plein bois, c\u00f4toyant une clairi\u00e8re o\u00f9 furent parachut\u00e9es dans la nuit du 5 au 6 avril 1944 trois Merlinettes, sous-lieutenantes op\u00e9ratrices\u2013radio du Corps F\u00e9minin des Transmissions d\u2019Afrique du Nord&nbsp;: Marie Louise Cloarec, Pierrette Louin et Suzanne Mertzisen-Boitte, se sont rassembl\u00e9s 70 patriotes et 14 drapeaux d\u2019associations dont la FNP de la Creuse, de la Vienne et de la Haute-Vienne, venus s\u2019incliner devant la st\u00e8le inaugur\u00e9e \u00e0 leur m\u00e9moire le 30 septembre 2017 par Jean-Georges Jaillot-Combelas, neveu d\u2019une autre Merlinette parachut\u00e9e.<\/p>\n\n\n\n<figure class=\"wp-block-image size-large\"><img decoding=\"async\" width=\"1024\" height=\"697\" data-src=\"https:\/\/aassdn.org\/amicale\/wp-content\/uploads\/25-09-04-JOUAC-C27A6758-1024x697.jpg\" alt=\"\" class=\"wp-image-20016 lazyload\" data-srcset=\"https:\/\/aassdn.org\/amicale\/wp-content\/uploads\/25-09-04-JOUAC-C27A6758-1024x697.jpg 1024w, https:\/\/aassdn.org\/amicale\/wp-content\/uploads\/25-09-04-JOUAC-C27A6758-300x204.jpg 300w, https:\/\/aassdn.org\/amicale\/wp-content\/uploads\/25-09-04-JOUAC-C27A6758-768x523.jpg 768w, https:\/\/aassdn.org\/amicale\/wp-content\/uploads\/25-09-04-JOUAC-C27A6758.jpg 1147w\" data-sizes=\"(max-width: 1024px) 100vw, 1024px\" src=\"data:image\/svg+xml;base64,PHN2ZyB3aWR0aD0iMSIgaGVpZ2h0PSIxIiB4bWxucz0iaHR0cDovL3d3dy53My5vcmcvMjAwMC9zdmciPjwvc3ZnPg==\" style=\"--smush-placeholder-width: 1024px; --smush-placeholder-aspect-ratio: 1024\/697;\" \/><\/figure>\n\n\n\n<p>Elles seront arr\u00eat\u00e9es \u00e0 la fin du mois d\u2019avril 1944 \u00e0 Paris o\u00f9 leur s\u0153ur d\u2019armes Eug\u00e9nie-Malika Djendi, parachut\u00e9e au sud d\u2019Orl\u00e9ans et arr\u00eat\u00e9e \u00e0 l\u2019atterrissage, les rejoindra dans la capitale.<\/p>\n\n\n\n<p>Toutes les quatre seront d\u00e9port\u00e9es et ex\u00e9cut\u00e9es dans le camp de Ravensbr\u00fcck en Allemagne le 15 janvier 1945.<\/p>\n\n\n\n<p>Etaient pr\u00e9sents&nbsp;: les Maires de Jouac et de Saint-L\u00e9ger-Magnazeix, le D\u00e9l\u00e9gu\u00e9 de <em>Libre R\u00e9sistance SOE F<\/em> et la fille d\u2019une Merlinette Huguette Colombeau.<\/p>\n\n\n\n<p>Une gerbe fut d\u00e9pos\u00e9e par la sous-pr\u00e9f\u00e8te de Bellac, Mme Fran\u00e7oise Slinger-Cecotti, qui pr\u00e9sidait la c\u00e9r\u00e9monie,<\/p>\n\n\n\n<p>Le g\u00e9n\u00e9ral Fran\u00e7ois Mermet, pr\u00e9sident d\u2019honneur de l\u2019Amicale, accompagn\u00e9 de Dominique Hennerick, vice-pr\u00e9sident de l\u2019UNP et pr\u00e9sident de <em>Bagheera<\/em>, de M. Jean-Georges Jaillot-Combelas et de M. Hedy Belhassine d\u00e9posa une gerbe au nom de notre Amicale.<\/p>\n\n\n\n<figure class=\"wp-block-gallery has-nested-images columns-default is-cropped wp-block-gallery-1 is-layout-flex wp-block-gallery-is-layout-flex\">\n<figure class=\"wp-block-image size-large\"><img decoding=\"async\" width=\"1024\" height=\"683\" data-id=\"20014\" data-src=\"https:\/\/aassdn.org\/amicale\/wp-content\/uploads\/25-09-04-JOUAC-C27A6711-1024x683.jpg\" alt=\"\" class=\"wp-image-20014 lazyload\" data-srcset=\"https:\/\/aassdn.org\/amicale\/wp-content\/uploads\/25-09-04-JOUAC-C27A6711-1024x683.jpg 1024w, https:\/\/aassdn.org\/amicale\/wp-content\/uploads\/25-09-04-JOUAC-C27A6711-300x200.jpg 300w, https:\/\/aassdn.org\/amicale\/wp-content\/uploads\/25-09-04-JOUAC-C27A6711-768x512.jpg 768w, https:\/\/aassdn.org\/amicale\/wp-content\/uploads\/25-09-04-JOUAC-C27A6711.jpg 1149w\" data-sizes=\"(max-width: 1024px) 100vw, 1024px\" src=\"data:image\/svg+xml;base64,PHN2ZyB3aWR0aD0iMSIgaGVpZ2h0PSIxIiB4bWxucz0iaHR0cDovL3d3dy53My5vcmcvMjAwMC9zdmciPjwvc3ZnPg==\" style=\"--smush-placeholder-width: 1024px; --smush-placeholder-aspect-ratio: 1024\/683;\" \/><\/figure>\n<\/figure>\n\n\n\n<p><em>Ensemble, nous n\u2019oublierons jamais leur courage, leur exemple, leur abn\u00e9gation et leur patriotisme.<\/em><\/p>\n\n\n\n<p class=\"has-text-align-right\"><strong>G\u00e9n\u00e9ral Fran\u00e7ois Mermet<\/strong><br><em>Pr\u00e9sident d\u2019honneur de l\u2019AASSDN<\/em><\/p>\n\n\n\n<figure class=\"wp-block-gallery has-nested-images columns-default is-cropped wp-block-gallery-2 is-layout-flex wp-block-gallery-is-layout-flex\"><\/figure>\n<div class=\"pdfprnt-buttons pdfprnt-buttons-post pdfprnt-bottom-right\"><a href=\"https:\/\/aassdn.org\/amicale\/wp-json\/wp\/v2\/posts\/20013?print=pdf\" class=\"pdfprnt-button pdfprnt-button-pdf\" target=\"_blank\" ><img decoding=\"async\" data-src=\"https:\/\/aassdn.org\/amicale\/wp-content\/plugins\/pdf-print\/images\/pdf.png\" alt=\"image_pdf\" title=\"Afficher le PDF\" src=\"data:image\/svg+xml;base64,PHN2ZyB3aWR0aD0iMSIgaGVpZ2h0PSIxIiB4bWxucz0iaHR0cDovL3d3dy53My5vcmcvMjAwMC9zdmciPjwvc3ZnPg==\" class=\"lazyload\" style=\"--smush-placeholder-width: 32px; --smush-placeholder-aspect-ratio: 32\/32;\" \/><\/a><a href=\"https:\/\/aassdn.org\/amicale\/wp-json\/wp\/v2\/posts\/20013?print=print\" class=\"pdfprnt-button pdfprnt-button-print\" target=\"_blank\" ><\/a><\/div>","protected":false},"excerpt":{"rendered":"<p>Hommage aux \u00ab\u00a0Merlinettes\u00a0\u00bb \u00e0 Jouac en LimousinLe 1er juin 2025 Ce dimanche matin en plein bois, c\u00f4toyant une clairi\u00e8re o\u00f9 furent parachut\u00e9es dans la nuit du 5 au 6 avril 1944 trois Merlinettes, sous-lieutenantes op\u00e9ratrices\u2013radio du Corps F\u00e9minin des Transmissions d\u2019Afrique du Nord&nbsp;: Marie Louise Cloarec, Pierrette Louin et Suzanne Mertzisen-Boitte, se sont rassembl\u00e9s 70 [&hellip;]<\/p>\n","protected":false},"author":32,"featured_media":20015,"comment_status":"open","ping_status":"closed","sticky":false,"template":"","format":"standard","meta":{"_acf_changed":false,"footnotes":""},"categories":[116,76,278],"tags":[4795,293,323,366,474,208,1016,517,339,214,422],"class_list":["post-20013","post","type-post","status-publish","format-standard","has-post-thumbnail","hentry","category-1940-1944-resistances","category-1939-1945-2eme-guerre-mondiale","category-actualites","tag-acteur-de-la-resistance","tag-allemagne","tag-armement","tag-courage","tag-deporte","tag-francois-mermet","tag-groupe-de-resistance","tag-heros-de-la-resistance","tag-memoire","tag-resistance","tag-seconde-guerre-mondiale"],"acf":[],"yoast_head":"<!-- This site is optimized with the Yoast SEO plugin v27.4 - https:\/\/yoast.com\/product\/yoast-seo-wordpress\/ -->\n<title>M\u00e9moire vivante : Hommage aux \u00ab\u00a0Merlinettes\u00a0\u00bb | AASSDN | Anciens et Amis des Services Sp\u00e9ciaux<\/title>\n<meta name=\"robots\" content=\"index, follow, max-snippet:-1, max-image-preview:large, max-video-preview:-1\" \/>\n<link rel=\"canonical\" href=\"https:\/\/aassdn.org\/amicale\/memoire-vivante-hommage-aux-merlinettes\/\" \/>\n<meta property=\"og:locale\" content=\"fr_FR\" \/>\n<meta property=\"og:type\" content=\"article\" \/>\n<meta property=\"og:title\" content=\"M\u00e9moire vivante : Hommage aux \u00ab\u00a0Merlinettes\u00a0\u00bb | AASSDN | Anciens et Amis des Services Sp\u00e9ciaux\" \/>\n<meta property=\"og:description\" content=\"Hommage aux \u00ab\u00a0Merlinettes\u00a0\u00bb \u00e0 Jouac en LimousinLe 1er juin 2025 Ce dimanche matin en plein bois, c\u00f4toyant une clairi\u00e8re o\u00f9 furent parachut\u00e9es dans la nuit du 5 au 6 avril 1944 trois Merlinettes, sous-lieutenantes op\u00e9ratrices\u2013radio du Corps F\u00e9minin des Transmissions d\u2019Afrique du Nord&nbsp;: Marie Louise Cloarec, Pierrette Louin et Suzanne Mertzisen-Boitte, se sont rassembl\u00e9s 70 [&hellip;]\" \/>\n<meta property=\"og:url\" content=\"https:\/\/aassdn.org\/amicale\/memoire-vivante-hommage-aux-merlinettes\/\" \/>\n<meta property=\"og:site_name\" content=\"AASSDN | Anciens et Amis des Services Sp\u00e9ciaux\" \/>\n<meta property=\"article:published_time\" content=\"2025-10-06T16:48:29+00:00\" \/>\n<meta property=\"article:modified_time\" content=\"2025-10-10T09:05:55+00:00\" \/>\n<meta property=\"og:image\" content=\"https:\/\/aassdn.org\/amicale\/wp-content\/uploads\/25-09-04-JOUAC-C27A6700.jpg\" \/>\n\t<meta property=\"og:image:width\" content=\"1149\" \/>\n\t<meta property=\"og:image:height\" content=\"766\" \/>\n\t<meta property=\"og:image:type\" content=\"image\/jpeg\" \/>\n<meta name=\"author\" content=\"AASSDN\" \/>\n<meta name=\"twitter:card\" content=\"summary_large_image\" \/>\n<meta name=\"twitter:label1\" content=\"\u00c9crit par\" \/>\n\t<meta name=\"twitter:data1\" content=\"AASSDN\" \/>\n\t<meta name=\"twitter:label2\" content=\"Dur\u00e9e de lecture estim\u00e9e\" \/>\n\t<meta name=\"twitter:data2\" content=\"1 minute\" \/>\n<script type=\"application\/ld+json\" class=\"yoast-schema-graph\">{\"@context\":\"https:\\\/\\\/schema.org\",\"@graph\":[{\"@type\":\"Article\",\"@id\":\"https:\\\/\\\/aassdn.org\\\/amicale\\\/memoire-vivante-hommage-aux-merlinettes\\\/#article\",\"isPartOf\":{\"@id\":\"https:\\\/\\\/aassdn.org\\\/amicale\\\/memoire-vivante-hommage-aux-merlinettes\\\/\"},\"author\":{\"name\":\"AASSDN\",\"@id\":\"https:\\\/\\\/aassdn.org\\\/amicale\\\/#\\\/schema\\\/person\\\/8e950b11c74c24df36dc8e172f9451f4\"},\"headline\":\"M\u00e9moire vivante : Hommage aux \u00ab\u00a0Merlinettes\u00a0\u00bb\",\"datePublished\":\"2025-10-06T16:48:29+00:00\",\"dateModified\":\"2025-10-10T09:05:55+00:00\",\"mainEntityOfPage\":{\"@id\":\"https:\\\/\\\/aassdn.org\\\/amicale\\\/memoire-vivante-hommage-aux-merlinettes\\\/\"},\"wordCount\":295,\"commentCount\":0,\"publisher\":{\"@id\":\"https:\\\/\\\/aassdn.org\\\/amicale\\\/#organization\"},\"image\":{\"@id\":\"https:\\\/\\\/aassdn.org\\\/amicale\\\/memoire-vivante-hommage-aux-merlinettes\\\/#primaryimage\"},\"thumbnailUrl\":\"https:\\\/\\\/aassdn.org\\\/amicale\\\/wp-content\\\/uploads\\\/25-09-04-JOUAC-C27A6700.jpg\",\"keywords\":[\"Acteur de la R\u00e9sistance\",\"Allemagne\",\"armement\",\"courage\",\"d\u00e9port\u00e9\",\"Fran\u00e7ois Mermet\",\"groupe de r\u00e9sistance\",\"h\u00e9ros de la R\u00e9sistance\",\"m\u00e9moire\",\"R\u00e9sistance\",\"Seconde Guerre mondiale\"],\"articleSection\":[\"1940-1944 : R\u00e9sistances en France\",\"2\u00e8me Guerre Mondiale (1939-1945)\",\"Actualit\u00e9s\"],\"inLanguage\":\"fr-FR\",\"potentialAction\":[{\"@type\":\"CommentAction\",\"name\":\"Comment\",\"target\":[\"https:\\\/\\\/aassdn.org\\\/amicale\\\/memoire-vivante-hommage-aux-merlinettes\\\/#respond\"]}]},{\"@type\":\"WebPage\",\"@id\":\"https:\\\/\\\/aassdn.org\\\/amicale\\\/memoire-vivante-hommage-aux-merlinettes\\\/\",\"url\":\"https:\\\/\\\/aassdn.org\\\/amicale\\\/memoire-vivante-hommage-aux-merlinettes\\\/\",\"name\":\"M\u00e9moire vivante : Hommage aux \u00ab\u00a0Merlinettes\u00a0\u00bb | AASSDN | Anciens et Amis des Services Sp\u00e9ciaux\",\"isPartOf\":{\"@id\":\"https:\\\/\\\/aassdn.org\\\/amicale\\\/#website\"},\"primaryImageOfPage\":{\"@id\":\"https:\\\/\\\/aassdn.org\\\/amicale\\\/memoire-vivante-hommage-aux-merlinettes\\\/#primaryimage\"},\"image\":{\"@id\":\"https:\\\/\\\/aassdn.org\\\/amicale\\\/memoire-vivante-hommage-aux-merlinettes\\\/#primaryimage\"},\"thumbnailUrl\":\"https:\\\/\\\/aassdn.org\\\/amicale\\\/wp-content\\\/uploads\\\/25-09-04-JOUAC-C27A6700.jpg\",\"datePublished\":\"2025-10-06T16:48:29+00:00\",\"dateModified\":\"2025-10-10T09:05:55+00:00\",\"breadcrumb\":{\"@id\":\"https:\\\/\\\/aassdn.org\\\/amicale\\\/memoire-vivante-hommage-aux-merlinettes\\\/#breadcrumb\"},\"inLanguage\":\"fr-FR\",\"potentialAction\":[{\"@type\":\"ReadAction\",\"target\":[\"https:\\\/\\\/aassdn.org\\\/amicale\\\/memoire-vivante-hommage-aux-merlinettes\\\/\"]}]},{\"@type\":\"ImageObject\",\"inLanguage\":\"fr-FR\",\"@id\":\"https:\\\/\\\/aassdn.org\\\/amicale\\\/memoire-vivante-hommage-aux-merlinettes\\\/#primaryimage\",\"url\":\"https:\\\/\\\/aassdn.org\\\/amicale\\\/wp-content\\\/uploads\\\/25-09-04-JOUAC-C27A6700.jpg\",\"contentUrl\":\"https:\\\/\\\/aassdn.org\\\/amicale\\\/wp-content\\\/uploads\\\/25-09-04-JOUAC-C27A6700.jpg\",\"width\":1149,\"height\":766},{\"@type\":\"BreadcrumbList\",\"@id\":\"https:\\\/\\\/aassdn.org\\\/amicale\\\/memoire-vivante-hommage-aux-merlinettes\\\/#breadcrumb\",\"itemListElement\":[{\"@type\":\"ListItem\",\"position\":1,\"name\":\"Accueil\",\"item\":\"https:\\\/\\\/aassdn.org\\\/amicale\\\/\"},{\"@type\":\"ListItem\",\"position\":2,\"name\":\"M\u00e9moire vivante : Hommage aux \u00ab\u00a0Merlinettes\u00a0\u00bb\"}]},{\"@type\":\"WebSite\",\"@id\":\"https:\\\/\\\/aassdn.org\\\/amicale\\\/#website\",\"url\":\"https:\\\/\\\/aassdn.org\\\/amicale\\\/\",\"name\":\"AASSDN | Anciens et Amis des Services Sp\u00e9ciaux\",\"description\":\"Services sp\u00e9ciaux : Des h\u00e9ros anonymes au service exclusif de la France\",\"publisher\":{\"@id\":\"https:\\\/\\\/aassdn.org\\\/amicale\\\/#organization\"},\"potentialAction\":[{\"@type\":\"SearchAction\",\"target\":{\"@type\":\"EntryPoint\",\"urlTemplate\":\"https:\\\/\\\/aassdn.org\\\/amicale\\\/?s={search_term_string}\"},\"query-input\":{\"@type\":\"PropertyValueSpecification\",\"valueRequired\":true,\"valueName\":\"search_term_string\"}}],\"inLanguage\":\"fr-FR\"},{\"@type\":\"Organization\",\"@id\":\"https:\\\/\\\/aassdn.org\\\/amicale\\\/#organization\",\"name\":\"AASSDN | Anciens et Amis des Services Sp\u00e9ciaux\",\"url\":\"https:\\\/\\\/aassdn.org\\\/amicale\\\/\",\"logo\":{\"@type\":\"ImageObject\",\"inLanguage\":\"fr-FR\",\"@id\":\"https:\\\/\\\/aassdn.org\\\/amicale\\\/#\\\/schema\\\/logo\\\/image\\\/\",\"url\":\"https:\\\/\\\/aassdn.org\\\/amicale\\\/wp-content\\\/uploads\\\/Logo_AASSDN_transparent2.png\",\"contentUrl\":\"https:\\\/\\\/aassdn.org\\\/amicale\\\/wp-content\\\/uploads\\\/Logo_AASSDN_transparent2.png\",\"width\":1832,\"height\":1609,\"caption\":\"AASSDN | Anciens et Amis des Services Sp\u00e9ciaux\"},\"image\":{\"@id\":\"https:\\\/\\\/aassdn.org\\\/amicale\\\/#\\\/schema\\\/logo\\\/image\\\/\"}},{\"@type\":\"Person\",\"@id\":\"https:\\\/\\\/aassdn.org\\\/amicale\\\/#\\\/schema\\\/person\\\/8e950b11c74c24df36dc8e172f9451f4\",\"name\":\"AASSDN\",\"image\":{\"@type\":\"ImageObject\",\"inLanguage\":\"fr-FR\",\"@id\":\"https:\\\/\\\/secure.gravatar.com\\\/avatar\\\/fd0b6d50e70e6f0ed2d0d0ed7be3689bc93c931340a70ec36db416b5f0486016?s=96&d=mm&r=g\",\"url\":\"https:\\\/\\\/secure.gravatar.com\\\/avatar\\\/fd0b6d50e70e6f0ed2d0d0ed7be3689bc93c931340a70ec36db416b5f0486016?s=96&d=mm&r=g\",\"contentUrl\":\"https:\\\/\\\/secure.gravatar.com\\\/avatar\\\/fd0b6d50e70e6f0ed2d0d0ed7be3689bc93c931340a70ec36db416b5f0486016?s=96&d=mm&r=g\",\"caption\":\"AASSDN\"},\"url\":\"https:\\\/\\\/aassdn.org\\\/amicale\\\/author\\\/laure-fanjeau\\\/\"}]}<\/script>\n<!-- \/ Yoast SEO plugin. -->","yoast_head_json":{"title":"M\u00e9moire vivante : Hommage aux \u00ab\u00a0Merlinettes\u00a0\u00bb | AASSDN | Anciens et Amis des Services Sp\u00e9ciaux","robots":{"index":"index","follow":"follow","max-snippet":"max-snippet:-1","max-image-preview":"max-image-preview:large","max-video-preview":"max-video-preview:-1"},"canonical":"https:\/\/aassdn.org\/amicale\/memoire-vivante-hommage-aux-merlinettes\/","og_locale":"fr_FR","og_type":"article","og_title":"M\u00e9moire vivante : Hommage aux \u00ab\u00a0Merlinettes\u00a0\u00bb | AASSDN | Anciens et Amis des Services Sp\u00e9ciaux","og_description":"Hommage aux \u00ab\u00a0Merlinettes\u00a0\u00bb \u00e0 Jouac en LimousinLe 1er juin 2025 Ce dimanche matin en plein bois, c\u00f4toyant une clairi\u00e8re o\u00f9 furent parachut\u00e9es dans la nuit du 5 au 6 avril 1944 trois Merlinettes, sous-lieutenantes op\u00e9ratrices\u2013radio du Corps F\u00e9minin des Transmissions d\u2019Afrique du Nord&nbsp;: Marie Louise Cloarec, Pierrette Louin et Suzanne Mertzisen-Boitte, se sont rassembl\u00e9s 70 [&hellip;]","og_url":"https:\/\/aassdn.org\/amicale\/memoire-vivante-hommage-aux-merlinettes\/","og_site_name":"AASSDN | Anciens et Amis des Services Sp\u00e9ciaux","article_published_time":"2025-10-06T16:48:29+00:00","article_modified_time":"2025-10-10T09:05:55+00:00","og_image":[{"width":1149,"height":766,"url":"https:\/\/aassdn.org\/amicale\/wp-content\/uploads\/25-09-04-JOUAC-C27A6700.jpg","type":"image\/jpeg"}],"author":"AASSDN","twitter_card":"summary_large_image","twitter_misc":{"\u00c9crit par":"AASSDN","Dur\u00e9e de lecture estim\u00e9e":"1 minute"},"schema":{"@context":"https:\/\/schema.org","@graph":[{"@type":"Article","@id":"https:\/\/aassdn.org\/amicale\/memoire-vivante-hommage-aux-merlinettes\/#article","isPartOf":{"@id":"https:\/\/aassdn.org\/amicale\/memoire-vivante-hommage-aux-merlinettes\/"},"author":{"name":"AASSDN","@id":"https:\/\/aassdn.org\/amicale\/#\/schema\/person\/8e950b11c74c24df36dc8e172f9451f4"},"headline":"M\u00e9moire vivante : Hommage aux \u00ab\u00a0Merlinettes\u00a0\u00bb","datePublished":"2025-10-06T16:48:29+00:00","dateModified":"2025-10-10T09:05:55+00:00","mainEntityOfPage":{"@id":"https:\/\/aassdn.org\/amicale\/memoire-vivante-hommage-aux-merlinettes\/"},"wordCount":295,"commentCount":0,"publisher":{"@id":"https:\/\/aassdn.org\/amicale\/#organization"},"image":{"@id":"https:\/\/aassdn.org\/amicale\/memoire-vivante-hommage-aux-merlinettes\/#primaryimage"},"thumbnailUrl":"https:\/\/aassdn.org\/amicale\/wp-content\/uploads\/25-09-04-JOUAC-C27A6700.jpg","keywords":["Acteur de la R\u00e9sistance","Allemagne","armement","courage","d\u00e9port\u00e9","Fran\u00e7ois Mermet","groupe de r\u00e9sistance","h\u00e9ros de la R\u00e9sistance","m\u00e9moire","R\u00e9sistance","Seconde Guerre mondiale"],"articleSection":["1940-1944 : R\u00e9sistances en France","2\u00e8me Guerre Mondiale (1939-1945)","Actualit\u00e9s"],"inLanguage":"fr-FR","potentialAction":[{"@type":"CommentAction","name":"Comment","target":["https:\/\/aassdn.org\/amicale\/memoire-vivante-hommage-aux-merlinettes\/#respond"]}]},{"@type":"WebPage","@id":"https:\/\/aassdn.org\/amicale\/memoire-vivante-hommage-aux-merlinettes\/","url":"https:\/\/aassdn.org\/amicale\/memoire-vivante-hommage-aux-merlinettes\/","name":"M\u00e9moire vivante : Hommage aux \u00ab\u00a0Merlinettes\u00a0\u00bb | AASSDN | Anciens et Amis des Services Sp\u00e9ciaux","isPartOf":{"@id":"https:\/\/aassdn.org\/amicale\/#website"},"primaryImageOfPage":{"@id":"https:\/\/aassdn.org\/amicale\/memoire-vivante-hommage-aux-merlinettes\/#primaryimage"},"image":{"@id":"https:\/\/aassdn.org\/amicale\/memoire-vivante-hommage-aux-merlinettes\/#primaryimage"},"thumbnailUrl":"https:\/\/aassdn.org\/amicale\/wp-content\/uploads\/25-09-04-JOUAC-C27A6700.jpg","datePublished":"2025-10-06T16:48:29+00:00","dateModified":"2025-10-10T09:05:55+00:00","breadcrumb":{"@id":"https:\/\/aassdn.org\/amicale\/memoire-vivante-hommage-aux-merlinettes\/#breadcrumb"},"inLanguage":"fr-FR","potentialAction":[{"@type":"ReadAction","target":["https:\/\/aassdn.org\/amicale\/memoire-vivante-hommage-aux-merlinettes\/"]}]},{"@type":"ImageObject","inLanguage":"fr-FR","@id":"https:\/\/aassdn.org\/amicale\/memoire-vivante-hommage-aux-merlinettes\/#primaryimage","url":"https:\/\/aassdn.org\/amicale\/wp-content\/uploads\/25-09-04-JOUAC-C27A6700.jpg","contentUrl":"https:\/\/aassdn.org\/amicale\/wp-content\/uploads\/25-09-04-JOUAC-C27A6700.jpg","width":1149,"height":766},{"@type":"BreadcrumbList","@id":"https:\/\/aassdn.org\/amicale\/memoire-vivante-hommage-aux-merlinettes\/#breadcrumb","itemListElement":[{"@type":"ListItem","position":1,"name":"Accueil","item":"https:\/\/aassdn.org\/amicale\/"},{"@type":"ListItem","position":2,"name":"M\u00e9moire vivante : Hommage aux \u00ab\u00a0Merlinettes\u00a0\u00bb"}]},{"@type":"WebSite","@id":"https:\/\/aassdn.org\/amicale\/#website","url":"https:\/\/aassdn.org\/amicale\/","name":"AASSDN | Anciens et Amis des Services Sp\u00e9ciaux","description":"Services sp\u00e9ciaux : Des h\u00e9ros anonymes au service exclusif de la France","publisher":{"@id":"https:\/\/aassdn.org\/amicale\/#organization"},"potentialAction":[{"@type":"SearchAction","target":{"@type":"EntryPoint","urlTemplate":"https:\/\/aassdn.org\/amicale\/?s={search_term_string}"},"query-input":{"@type":"PropertyValueSpecification","valueRequired":true,"valueName":"search_term_string"}}],"inLanguage":"fr-FR"},{"@type":"Organization","@id":"https:\/\/aassdn.org\/amicale\/#organization","name":"AASSDN | Anciens et Amis des Services Sp\u00e9ciaux","url":"https:\/\/aassdn.org\/amicale\/","logo":{"@type":"ImageObject","inLanguage":"fr-FR","@id":"https:\/\/aassdn.org\/amicale\/#\/schema\/logo\/image\/","url":"https:\/\/aassdn.org\/amicale\/wp-content\/uploads\/Logo_AASSDN_transparent2.png","contentUrl":"https:\/\/aassdn.org\/amicale\/wp-content\/uploads\/Logo_AASSDN_transparent2.png","width":1832,"height":1609,"caption":"AASSDN | Anciens et Amis des Services Sp\u00e9ciaux"},"image":{"@id":"https:\/\/aassdn.org\/amicale\/#\/schema\/logo\/image\/"}},{"@type":"Person","@id":"https:\/\/aassdn.org\/amicale\/#\/schema\/person\/8e950b11c74c24df36dc8e172f9451f4","name":"AASSDN","image":{"@type":"ImageObject","inLanguage":"fr-FR","@id":"https:\/\/secure.gravatar.com\/avatar\/fd0b6d50e70e6f0ed2d0d0ed7be3689bc93c931340a70ec36db416b5f0486016?s=96&d=mm&r=g","url":"https:\/\/secure.gravatar.com\/avatar\/fd0b6d50e70e6f0ed2d0d0ed7be3689bc93c931340a70ec36db416b5f0486016?s=96&d=mm&r=g","contentUrl":"https:\/\/secure.gravatar.com\/avatar\/fd0b6d50e70e6f0ed2d0d0ed7be3689bc93c931340a70ec36db416b5f0486016?s=96&d=mm&r=g","caption":"AASSDN"},"url":"https:\/\/aassdn.org\/amicale\/author\/laure-fanjeau\/"}]}},"_links":{"self":[{"href":"https:\/\/aassdn.org\/amicale\/wp-json\/wp\/v2\/posts\/20013","targetHints":{"allow":["GET"]}}],"collection":[{"href":"https:\/\/aassdn.org\/amicale\/wp-json\/wp\/v2\/posts"}],"about":[{"href":"https:\/\/aassdn.org\/amicale\/wp-json\/wp\/v2\/types\/post"}],"author":[{"embeddable":true,"href":"https:\/\/aassdn.org\/amicale\/wp-json\/wp\/v2\/users\/32"}],"replies":[{"embeddable":true,"href":"https:\/\/aassdn.org\/amicale\/wp-json\/wp\/v2\/comments?post=20013"}],"version-history":[{"count":0,"href":"https:\/\/aassdn.org\/amicale\/wp-json\/wp\/v2\/posts\/20013\/revisions"}],"wp:featuredmedia":[{"embeddable":true,"href":"https:\/\/aassdn.org\/amicale\/wp-json\/wp\/v2\/media\/20015"}],"wp:attachment":[{"href":"https:\/\/aassdn.org\/amicale\/wp-json\/wp\/v2\/media?parent=20013"}],"wp:term":[{"taxonomy":"category","embeddable":true,"href":"https:\/\/aassdn.org\/amicale\/wp-json\/wp\/v2\/categories?post=20013"},{"taxonomy":"post_tag","embeddable":true,"href":"https:\/\/aassdn.org\/amicale\/wp-json\/wp\/v2\/tags?post=20013"}],"curies":[{"name":"wp","href":"https:\/\/api.w.org\/{rel}","templated":true}]}}