{"id":19741,"date":"2025-07-28T12:04:40","date_gmt":"2025-07-28T10:04:40","guid":{"rendered":"https:\/\/aassdn.org\/amicale\/?p=19741"},"modified":"2025-10-14T09:39:26","modified_gmt":"2025-10-14T07:39:26","slug":"video-exclusif-pour-la-1ere-fois-le-patron-de-la-dgse-ouvre-les-portes-de-linstitution-a-une-television","status":"publish","type":"post","link":"https:\/\/aassdn.org\/amicale\/video-exclusif-pour-la-1ere-fois-le-patron-de-la-dgse-ouvre-les-portes-de-linstitution-a-une-television\/","title":{"rendered":"Vid\u00e9o : Exclusif &#8211; La t\u00e9l\u00e9vision p\u00e9n\u00e8tre pour la premi\u00e8re fois au sein de la DGSE"},"content":{"rendered":"\n<p class=\"has-text-align-center\"><strong>Pour la 1ere fois le patron de la DGSE ouvre les portes de l\u2019institution \u00e0 une t\u00e9l\u00e9vision<\/strong><\/p>\n\n\n\n<p class=\"has-colibri-color-6-color has-colibri-color-5-background-color has-text-color has-background has-link-color wp-elements-658865d51107c6e91f1895e638eaa4bb\">Russie, Iran, menace terroriste, s\u00e9curit\u00e9, \u00e9coutes&#8230; Nicolas Lerner, directeur g\u00e9n\u00e9ral de la DGSE, les services secrets fran\u00e7ais, a r\u00e9pondu en exclusivit\u00e9 \u00e0 toutes les questions de Darius Rochebin pour LCI.<\/p>\n\n\n\n<figure class=\"wp-block-embed aligncenter is-type-video is-provider-youtube wp-block-embed-youtube wp-embed-aspect-16-9 wp-has-aspect-ratio\"><div class=\"wp-block-embed__wrapper\">\n<iframe title=\"EXCLUSIF : Pour la 1ere fois le patron de la DGSE ouvre les portes de l\u2019institution \u00e0 une t\u00e9l\u00e9vision\" width=\"500\" height=\"281\" data-src=\"https:\/\/www.youtube.com\/embed\/qklKOhnWKf4?feature=oembed\" frameborder=\"0\" allow=\"accelerometer; autoplay; clipboard-write; encrypted-media; gyroscope; picture-in-picture; web-share\" referrerpolicy=\"strict-origin-when-cross-origin\" allowfullscreen src=\"data:image\/svg+xml;base64,PHN2ZyB3aWR0aD0iMSIgaGVpZ2h0PSIxIiB4bWxucz0iaHR0cDovL3d3dy53My5vcmcvMjAwMC9zdmciPjwvc3ZnPg==\" class=\"lazyload\" data-load-mode=\"1\"><\/iframe>\n<\/div><\/figure>\n\n\n\n<p class=\"has-text-align-center\"><strong>Date de mise en ligne :<\/strong>\u00a0<strong>\u00a0<\/strong>08\/07\/2025<br><strong>M\u00e9dia : LCI<br>Invit\u00e9 : <\/strong>Nicolas Lerner, directeur g\u00e9n\u00e9ral de la DGSE<br><strong>Dur\u00e9e :<\/strong>\u00a000:51:00<br><strong>Compte YouTube <\/strong> de<a href=\"https:\/\/www.youtube.com\/watch?v=qklKOhnWKf4\"> LCI<\/a><\/p>\n<div class=\"pdfprnt-buttons pdfprnt-buttons-post pdfprnt-bottom-right\"><a href=\"https:\/\/aassdn.org\/amicale\/wp-json\/wp\/v2\/posts\/19741?print=pdf\" class=\"pdfprnt-button pdfprnt-button-pdf\" target=\"_blank\" ><img decoding=\"async\" data-src=\"https:\/\/aassdn.org\/amicale\/wp-content\/plugins\/pdf-print\/images\/pdf.png\" alt=\"image_pdf\" title=\"Afficher le PDF\" src=\"data:image\/svg+xml;base64,PHN2ZyB3aWR0aD0iMSIgaGVpZ2h0PSIxIiB4bWxucz0iaHR0cDovL3d3dy53My5vcmcvMjAwMC9zdmciPjwvc3ZnPg==\" class=\"lazyload\" style=\"--smush-placeholder-width: 32px; --smush-placeholder-aspect-ratio: 32\/32;\" \/><\/a><a href=\"https:\/\/aassdn.org\/amicale\/wp-json\/wp\/v2\/posts\/19741?print=print\" class=\"pdfprnt-button pdfprnt-button-print\" target=\"_blank\" ><\/a><\/div>","protected":false},"excerpt":{"rendered":"<p>Pour la 1ere fois le patron de la DGSE ouvre les portes de l\u2019institution \u00e0 une t\u00e9l\u00e9vision Russie, Iran, menace terroriste, s\u00e9curit\u00e9, \u00e9coutes&#8230; Nicolas Lerner, directeur g\u00e9n\u00e9ral de la DGSE, les services secrets fran\u00e7ais, a r\u00e9pondu en exclusivit\u00e9 \u00e0 toutes les questions de Darius Rochebin pour LCI. Date de mise en ligne :\u00a0\u00a008\/07\/2025M\u00e9dia : LCIInvit\u00e9 [&hellip;]<\/p>\n","protected":false},"author":32,"featured_media":19746,"comment_status":"open","ping_status":"closed","sticky":false,"template":"","format":"standard","meta":{"_acf_changed":false,"footnotes":""},"categories":[288,5375,278,174,106,78,127,936,96],"tags":[4167,285,5421,5419,2247,5417,5420,421,238,467,2982,2136,667,468,424],"class_list":["post-19741","post","type-post","status-publish","format-standard","has-post-thumbnail","hentry","category-2020-2030","category-2030-2040","category-actualites","category-dgse","category-renseignement","category-services-francais","category-services-speciaux","category-souverainete","category-videos-en-ligne","tag-agence-de-renseignement","tag-dgse","tag-directeur-general","tag-ecoutes","tag-iran","tag-menace-terroriste","tag-nicolas-lerner","tag-renseignement-francais","tag-russie","tag-secret","tag-securite","tag-service-de-renseignement-francais","tag-services","tag-services-secrets","tag-services-speciaux-francais"],"acf":[],"yoast_head":"<!-- This site is optimized with the Yoast SEO plugin v27.4 - https:\/\/yoast.com\/product\/yoast-seo-wordpress\/ -->\n<title>Vid\u00e9o : Exclusif - La t\u00e9l\u00e9vision p\u00e9n\u00e8tre pour la premi\u00e8re fois au sein de la DGSE | AASSDN | Anciens et Amis des Services Sp\u00e9ciaux<\/title>\n<meta name=\"robots\" content=\"index, follow, max-snippet:-1, max-image-preview:large, max-video-preview:-1\" \/>\n<link rel=\"canonical\" href=\"https:\/\/aassdn.org\/amicale\/video-exclusif-pour-la-1ere-fois-le-patron-de-la-dgse-ouvre-les-portes-de-linstitution-a-une-television\/\" \/>\n<meta property=\"og:locale\" content=\"fr_FR\" \/>\n<meta property=\"og:type\" content=\"article\" \/>\n<meta property=\"og:title\" content=\"Vid\u00e9o : Exclusif - La t\u00e9l\u00e9vision p\u00e9n\u00e8tre pour la premi\u00e8re fois au sein de la DGSE | AASSDN | Anciens et Amis des Services Sp\u00e9ciaux\" \/>\n<meta property=\"og:description\" content=\"Pour la 1ere fois le patron de la DGSE ouvre les portes de l\u2019institution \u00e0 une t\u00e9l\u00e9vision Russie, Iran, menace terroriste, s\u00e9curit\u00e9, \u00e9coutes&#8230; Nicolas Lerner, directeur g\u00e9n\u00e9ral de la DGSE, les services secrets fran\u00e7ais, a r\u00e9pondu en exclusivit\u00e9 \u00e0 toutes les questions de Darius Rochebin pour LCI. Date de mise en ligne :\u00a0\u00a008\/07\/2025M\u00e9dia : LCIInvit\u00e9 [&hellip;]\" \/>\n<meta property=\"og:url\" content=\"https:\/\/aassdn.org\/amicale\/video-exclusif-pour-la-1ere-fois-le-patron-de-la-dgse-ouvre-les-portes-de-linstitution-a-une-television\/\" \/>\n<meta property=\"og:site_name\" content=\"AASSDN | Anciens et Amis des Services Sp\u00e9ciaux\" \/>\n<meta property=\"article:published_time\" content=\"2025-07-28T10:04:40+00:00\" \/>\n<meta property=\"article:modified_time\" content=\"2025-10-14T07:39:26+00:00\" \/>\n<meta property=\"og:image\" content=\"https:\/\/aassdn.org\/amicale\/wp-content\/uploads\/Capture-decran-2025-07-28-120631.png\" \/>\n\t<meta property=\"og:image:width\" content=\"406\" \/>\n\t<meta property=\"og:image:height\" content=\"230\" \/>\n\t<meta property=\"og:image:type\" content=\"image\/png\" \/>\n<meta name=\"author\" content=\"AASSDN\" \/>\n<meta name=\"twitter:card\" content=\"summary_large_image\" \/>\n<meta name=\"twitter:label1\" content=\"\u00c9crit par\" \/>\n\t<meta name=\"twitter:data1\" content=\"AASSDN\" \/>\n<script type=\"application\/ld+json\" class=\"yoast-schema-graph\">{\"@context\":\"https:\\\/\\\/schema.org\",\"@graph\":[{\"@type\":\"Article\",\"@id\":\"https:\\\/\\\/aassdn.org\\\/amicale\\\/video-exclusif-pour-la-1ere-fois-le-patron-de-la-dgse-ouvre-les-portes-de-linstitution-a-une-television\\\/#article\",\"isPartOf\":{\"@id\":\"https:\\\/\\\/aassdn.org\\\/amicale\\\/video-exclusif-pour-la-1ere-fois-le-patron-de-la-dgse-ouvre-les-portes-de-linstitution-a-une-television\\\/\"},\"author\":{\"name\":\"AASSDN\",\"@id\":\"https:\\\/\\\/aassdn.org\\\/amicale\\\/#\\\/schema\\\/person\\\/8e950b11c74c24df36dc8e172f9451f4\"},\"headline\":\"Vid\u00e9o : Exclusif &#8211; La t\u00e9l\u00e9vision p\u00e9n\u00e8tre pour la premi\u00e8re fois au sein de la DGSE\",\"datePublished\":\"2025-07-28T10:04:40+00:00\",\"dateModified\":\"2025-10-14T07:39:26+00:00\",\"mainEntityOfPage\":{\"@id\":\"https:\\\/\\\/aassdn.org\\\/amicale\\\/video-exclusif-pour-la-1ere-fois-le-patron-de-la-dgse-ouvre-les-portes-de-linstitution-a-une-television\\\/\"},\"wordCount\":104,\"commentCount\":0,\"publisher\":{\"@id\":\"https:\\\/\\\/aassdn.org\\\/amicale\\\/#organization\"},\"image\":{\"@id\":\"https:\\\/\\\/aassdn.org\\\/amicale\\\/video-exclusif-pour-la-1ere-fois-le-patron-de-la-dgse-ouvre-les-portes-de-linstitution-a-une-television\\\/#primaryimage\"},\"thumbnailUrl\":\"https:\\\/\\\/aassdn.org\\\/amicale\\\/wp-content\\\/uploads\\\/Capture-decran-2025-07-28-120631.png\",\"keywords\":[\"Agence de renseignement\",\"DGSE\",\"directeur g\u00e9n\u00e9ral\",\"\u00e9coutes\",\"Iran\",\"menace terroriste\",\"Nicolas Lerner\",\"renseignement fran\u00e7ais\",\"Russie\",\"Secret\",\"s\u00e9curit\u00e9\",\"service de renseignement fran\u00e7ais\",\"Services\",\"Services secrets\",\"Services sp\u00e9ciaux fran\u00e7ais\"],\"articleSection\":[\"2020-2030\",\"2030-2040\",\"Actualit\u00e9s\",\"DGSE\",\"Renseignement\",\"Services fran\u00e7ais\",\"SERVICES SPECIAUX\",\"Souverainet\u00e9\",\"Videos en ligne\"],\"inLanguage\":\"fr-FR\",\"potentialAction\":[{\"@type\":\"CommentAction\",\"name\":\"Comment\",\"target\":[\"https:\\\/\\\/aassdn.org\\\/amicale\\\/video-exclusif-pour-la-1ere-fois-le-patron-de-la-dgse-ouvre-les-portes-de-linstitution-a-une-television\\\/#respond\"]}]},{\"@type\":\"WebPage\",\"@id\":\"https:\\\/\\\/aassdn.org\\\/amicale\\\/video-exclusif-pour-la-1ere-fois-le-patron-de-la-dgse-ouvre-les-portes-de-linstitution-a-une-television\\\/\",\"url\":\"https:\\\/\\\/aassdn.org\\\/amicale\\\/video-exclusif-pour-la-1ere-fois-le-patron-de-la-dgse-ouvre-les-portes-de-linstitution-a-une-television\\\/\",\"name\":\"Vid\u00e9o : Exclusif - La t\u00e9l\u00e9vision p\u00e9n\u00e8tre pour la premi\u00e8re fois au sein de la DGSE | AASSDN | Anciens et Amis des Services Sp\u00e9ciaux\",\"isPartOf\":{\"@id\":\"https:\\\/\\\/aassdn.org\\\/amicale\\\/#website\"},\"primaryImageOfPage\":{\"@id\":\"https:\\\/\\\/aassdn.org\\\/amicale\\\/video-exclusif-pour-la-1ere-fois-le-patron-de-la-dgse-ouvre-les-portes-de-linstitution-a-une-television\\\/#primaryimage\"},\"image\":{\"@id\":\"https:\\\/\\\/aassdn.org\\\/amicale\\\/video-exclusif-pour-la-1ere-fois-le-patron-de-la-dgse-ouvre-les-portes-de-linstitution-a-une-television\\\/#primaryimage\"},\"thumbnailUrl\":\"https:\\\/\\\/aassdn.org\\\/amicale\\\/wp-content\\\/uploads\\\/Capture-decran-2025-07-28-120631.png\",\"datePublished\":\"2025-07-28T10:04:40+00:00\",\"dateModified\":\"2025-10-14T07:39:26+00:00\",\"breadcrumb\":{\"@id\":\"https:\\\/\\\/aassdn.org\\\/amicale\\\/video-exclusif-pour-la-1ere-fois-le-patron-de-la-dgse-ouvre-les-portes-de-linstitution-a-une-television\\\/#breadcrumb\"},\"inLanguage\":\"fr-FR\",\"potentialAction\":[{\"@type\":\"ReadAction\",\"target\":[\"https:\\\/\\\/aassdn.org\\\/amicale\\\/video-exclusif-pour-la-1ere-fois-le-patron-de-la-dgse-ouvre-les-portes-de-linstitution-a-une-television\\\/\"]}]},{\"@type\":\"ImageObject\",\"inLanguage\":\"fr-FR\",\"@id\":\"https:\\\/\\\/aassdn.org\\\/amicale\\\/video-exclusif-pour-la-1ere-fois-le-patron-de-la-dgse-ouvre-les-portes-de-linstitution-a-une-television\\\/#primaryimage\",\"url\":\"https:\\\/\\\/aassdn.org\\\/amicale\\\/wp-content\\\/uploads\\\/Capture-decran-2025-07-28-120631.png\",\"contentUrl\":\"https:\\\/\\\/aassdn.org\\\/amicale\\\/wp-content\\\/uploads\\\/Capture-decran-2025-07-28-120631.png\",\"width\":406,\"height\":230},{\"@type\":\"BreadcrumbList\",\"@id\":\"https:\\\/\\\/aassdn.org\\\/amicale\\\/video-exclusif-pour-la-1ere-fois-le-patron-de-la-dgse-ouvre-les-portes-de-linstitution-a-une-television\\\/#breadcrumb\",\"itemListElement\":[{\"@type\":\"ListItem\",\"position\":1,\"name\":\"Accueil\",\"item\":\"https:\\\/\\\/aassdn.org\\\/amicale\\\/\"},{\"@type\":\"ListItem\",\"position\":2,\"name\":\"Vid\u00e9o : Exclusif &#8211; La t\u00e9l\u00e9vision p\u00e9n\u00e8tre pour la premi\u00e8re fois au sein de la DGSE\"}]},{\"@type\":\"WebSite\",\"@id\":\"https:\\\/\\\/aassdn.org\\\/amicale\\\/#website\",\"url\":\"https:\\\/\\\/aassdn.org\\\/amicale\\\/\",\"name\":\"AASSDN | Anciens et Amis des Services Sp\u00e9ciaux\",\"description\":\"Services sp\u00e9ciaux : Des h\u00e9ros anonymes au service exclusif de la France\",\"publisher\":{\"@id\":\"https:\\\/\\\/aassdn.org\\\/amicale\\\/#organization\"},\"potentialAction\":[{\"@type\":\"SearchAction\",\"target\":{\"@type\":\"EntryPoint\",\"urlTemplate\":\"https:\\\/\\\/aassdn.org\\\/amicale\\\/?s={search_term_string}\"},\"query-input\":{\"@type\":\"PropertyValueSpecification\",\"valueRequired\":true,\"valueName\":\"search_term_string\"}}],\"inLanguage\":\"fr-FR\"},{\"@type\":\"Organization\",\"@id\":\"https:\\\/\\\/aassdn.org\\\/amicale\\\/#organization\",\"name\":\"AASSDN | Anciens et Amis des Services Sp\u00e9ciaux\",\"url\":\"https:\\\/\\\/aassdn.org\\\/amicale\\\/\",\"logo\":{\"@type\":\"ImageObject\",\"inLanguage\":\"fr-FR\",\"@id\":\"https:\\\/\\\/aassdn.org\\\/amicale\\\/#\\\/schema\\\/logo\\\/image\\\/\",\"url\":\"https:\\\/\\\/aassdn.org\\\/amicale\\\/wp-content\\\/uploads\\\/Logo_AASSDN_transparent2.png\",\"contentUrl\":\"https:\\\/\\\/aassdn.org\\\/amicale\\\/wp-content\\\/uploads\\\/Logo_AASSDN_transparent2.png\",\"width\":1832,\"height\":1609,\"caption\":\"AASSDN | Anciens et Amis des Services Sp\u00e9ciaux\"},\"image\":{\"@id\":\"https:\\\/\\\/aassdn.org\\\/amicale\\\/#\\\/schema\\\/logo\\\/image\\\/\"}},{\"@type\":\"Person\",\"@id\":\"https:\\\/\\\/aassdn.org\\\/amicale\\\/#\\\/schema\\\/person\\\/8e950b11c74c24df36dc8e172f9451f4\",\"name\":\"AASSDN\",\"image\":{\"@type\":\"ImageObject\",\"inLanguage\":\"fr-FR\",\"@id\":\"https:\\\/\\\/secure.gravatar.com\\\/avatar\\\/fd0b6d50e70e6f0ed2d0d0ed7be3689bc93c931340a70ec36db416b5f0486016?s=96&d=mm&r=g\",\"url\":\"https:\\\/\\\/secure.gravatar.com\\\/avatar\\\/fd0b6d50e70e6f0ed2d0d0ed7be3689bc93c931340a70ec36db416b5f0486016?s=96&d=mm&r=g\",\"contentUrl\":\"https:\\\/\\\/secure.gravatar.com\\\/avatar\\\/fd0b6d50e70e6f0ed2d0d0ed7be3689bc93c931340a70ec36db416b5f0486016?s=96&d=mm&r=g\",\"caption\":\"AASSDN\"},\"url\":\"https:\\\/\\\/aassdn.org\\\/amicale\\\/author\\\/laure-fanjeau\\\/\"}]}<\/script>\n<!-- \/ Yoast SEO plugin. -->","yoast_head_json":{"title":"Vid\u00e9o : Exclusif - La t\u00e9l\u00e9vision p\u00e9n\u00e8tre pour la premi\u00e8re fois au sein de la DGSE | AASSDN | Anciens et Amis des Services Sp\u00e9ciaux","robots":{"index":"index","follow":"follow","max-snippet":"max-snippet:-1","max-image-preview":"max-image-preview:large","max-video-preview":"max-video-preview:-1"},"canonical":"https:\/\/aassdn.org\/amicale\/video-exclusif-pour-la-1ere-fois-le-patron-de-la-dgse-ouvre-les-portes-de-linstitution-a-une-television\/","og_locale":"fr_FR","og_type":"article","og_title":"Vid\u00e9o : Exclusif - La t\u00e9l\u00e9vision p\u00e9n\u00e8tre pour la premi\u00e8re fois au sein de la DGSE | AASSDN | Anciens et Amis des Services Sp\u00e9ciaux","og_description":"Pour la 1ere fois le patron de la DGSE ouvre les portes de l\u2019institution \u00e0 une t\u00e9l\u00e9vision Russie, Iran, menace terroriste, s\u00e9curit\u00e9, \u00e9coutes&#8230; Nicolas Lerner, directeur g\u00e9n\u00e9ral de la DGSE, les services secrets fran\u00e7ais, a r\u00e9pondu en exclusivit\u00e9 \u00e0 toutes les questions de Darius Rochebin pour LCI. Date de mise en ligne :\u00a0\u00a008\/07\/2025M\u00e9dia : LCIInvit\u00e9 [&hellip;]","og_url":"https:\/\/aassdn.org\/amicale\/video-exclusif-pour-la-1ere-fois-le-patron-de-la-dgse-ouvre-les-portes-de-linstitution-a-une-television\/","og_site_name":"AASSDN | Anciens et Amis des Services Sp\u00e9ciaux","article_published_time":"2025-07-28T10:04:40+00:00","article_modified_time":"2025-10-14T07:39:26+00:00","og_image":[{"width":406,"height":230,"url":"https:\/\/aassdn.org\/amicale\/wp-content\/uploads\/Capture-decran-2025-07-28-120631.png","type":"image\/png"}],"author":"AASSDN","twitter_card":"summary_large_image","twitter_misc":{"\u00c9crit par":"AASSDN"},"schema":{"@context":"https:\/\/schema.org","@graph":[{"@type":"Article","@id":"https:\/\/aassdn.org\/amicale\/video-exclusif-pour-la-1ere-fois-le-patron-de-la-dgse-ouvre-les-portes-de-linstitution-a-une-television\/#article","isPartOf":{"@id":"https:\/\/aassdn.org\/amicale\/video-exclusif-pour-la-1ere-fois-le-patron-de-la-dgse-ouvre-les-portes-de-linstitution-a-une-television\/"},"author":{"name":"AASSDN","@id":"https:\/\/aassdn.org\/amicale\/#\/schema\/person\/8e950b11c74c24df36dc8e172f9451f4"},"headline":"Vid\u00e9o : Exclusif &#8211; La t\u00e9l\u00e9vision p\u00e9n\u00e8tre pour la premi\u00e8re fois au sein de la DGSE","datePublished":"2025-07-28T10:04:40+00:00","dateModified":"2025-10-14T07:39:26+00:00","mainEntityOfPage":{"@id":"https:\/\/aassdn.org\/amicale\/video-exclusif-pour-la-1ere-fois-le-patron-de-la-dgse-ouvre-les-portes-de-linstitution-a-une-television\/"},"wordCount":104,"commentCount":0,"publisher":{"@id":"https:\/\/aassdn.org\/amicale\/#organization"},"image":{"@id":"https:\/\/aassdn.org\/amicale\/video-exclusif-pour-la-1ere-fois-le-patron-de-la-dgse-ouvre-les-portes-de-linstitution-a-une-television\/#primaryimage"},"thumbnailUrl":"https:\/\/aassdn.org\/amicale\/wp-content\/uploads\/Capture-decran-2025-07-28-120631.png","keywords":["Agence de renseignement","DGSE","directeur g\u00e9n\u00e9ral","\u00e9coutes","Iran","menace terroriste","Nicolas Lerner","renseignement fran\u00e7ais","Russie","Secret","s\u00e9curit\u00e9","service de renseignement fran\u00e7ais","Services","Services secrets","Services sp\u00e9ciaux fran\u00e7ais"],"articleSection":["2020-2030","2030-2040","Actualit\u00e9s","DGSE","Renseignement","Services fran\u00e7ais","SERVICES SPECIAUX","Souverainet\u00e9","Videos en ligne"],"inLanguage":"fr-FR","potentialAction":[{"@type":"CommentAction","name":"Comment","target":["https:\/\/aassdn.org\/amicale\/video-exclusif-pour-la-1ere-fois-le-patron-de-la-dgse-ouvre-les-portes-de-linstitution-a-une-television\/#respond"]}]},{"@type":"WebPage","@id":"https:\/\/aassdn.org\/amicale\/video-exclusif-pour-la-1ere-fois-le-patron-de-la-dgse-ouvre-les-portes-de-linstitution-a-une-television\/","url":"https:\/\/aassdn.org\/amicale\/video-exclusif-pour-la-1ere-fois-le-patron-de-la-dgse-ouvre-les-portes-de-linstitution-a-une-television\/","name":"Vid\u00e9o : Exclusif - La t\u00e9l\u00e9vision p\u00e9n\u00e8tre pour la premi\u00e8re fois au sein de la DGSE | AASSDN | Anciens et Amis des Services Sp\u00e9ciaux","isPartOf":{"@id":"https:\/\/aassdn.org\/amicale\/#website"},"primaryImageOfPage":{"@id":"https:\/\/aassdn.org\/amicale\/video-exclusif-pour-la-1ere-fois-le-patron-de-la-dgse-ouvre-les-portes-de-linstitution-a-une-television\/#primaryimage"},"image":{"@id":"https:\/\/aassdn.org\/amicale\/video-exclusif-pour-la-1ere-fois-le-patron-de-la-dgse-ouvre-les-portes-de-linstitution-a-une-television\/#primaryimage"},"thumbnailUrl":"https:\/\/aassdn.org\/amicale\/wp-content\/uploads\/Capture-decran-2025-07-28-120631.png","datePublished":"2025-07-28T10:04:40+00:00","dateModified":"2025-10-14T07:39:26+00:00","breadcrumb":{"@id":"https:\/\/aassdn.org\/amicale\/video-exclusif-pour-la-1ere-fois-le-patron-de-la-dgse-ouvre-les-portes-de-linstitution-a-une-television\/#breadcrumb"},"inLanguage":"fr-FR","potentialAction":[{"@type":"ReadAction","target":["https:\/\/aassdn.org\/amicale\/video-exclusif-pour-la-1ere-fois-le-patron-de-la-dgse-ouvre-les-portes-de-linstitution-a-une-television\/"]}]},{"@type":"ImageObject","inLanguage":"fr-FR","@id":"https:\/\/aassdn.org\/amicale\/video-exclusif-pour-la-1ere-fois-le-patron-de-la-dgse-ouvre-les-portes-de-linstitution-a-une-television\/#primaryimage","url":"https:\/\/aassdn.org\/amicale\/wp-content\/uploads\/Capture-decran-2025-07-28-120631.png","contentUrl":"https:\/\/aassdn.org\/amicale\/wp-content\/uploads\/Capture-decran-2025-07-28-120631.png","width":406,"height":230},{"@type":"BreadcrumbList","@id":"https:\/\/aassdn.org\/amicale\/video-exclusif-pour-la-1ere-fois-le-patron-de-la-dgse-ouvre-les-portes-de-linstitution-a-une-television\/#breadcrumb","itemListElement":[{"@type":"ListItem","position":1,"name":"Accueil","item":"https:\/\/aassdn.org\/amicale\/"},{"@type":"ListItem","position":2,"name":"Vid\u00e9o : Exclusif &#8211; La t\u00e9l\u00e9vision p\u00e9n\u00e8tre pour la premi\u00e8re fois au sein de la DGSE"}]},{"@type":"WebSite","@id":"https:\/\/aassdn.org\/amicale\/#website","url":"https:\/\/aassdn.org\/amicale\/","name":"AASSDN | Anciens et Amis des Services Sp\u00e9ciaux","description":"Services sp\u00e9ciaux : Des h\u00e9ros anonymes au service exclusif de la France","publisher":{"@id":"https:\/\/aassdn.org\/amicale\/#organization"},"potentialAction":[{"@type":"SearchAction","target":{"@type":"EntryPoint","urlTemplate":"https:\/\/aassdn.org\/amicale\/?s={search_term_string}"},"query-input":{"@type":"PropertyValueSpecification","valueRequired":true,"valueName":"search_term_string"}}],"inLanguage":"fr-FR"},{"@type":"Organization","@id":"https:\/\/aassdn.org\/amicale\/#organization","name":"AASSDN | Anciens et Amis des Services Sp\u00e9ciaux","url":"https:\/\/aassdn.org\/amicale\/","logo":{"@type":"ImageObject","inLanguage":"fr-FR","@id":"https:\/\/aassdn.org\/amicale\/#\/schema\/logo\/image\/","url":"https:\/\/aassdn.org\/amicale\/wp-content\/uploads\/Logo_AASSDN_transparent2.png","contentUrl":"https:\/\/aassdn.org\/amicale\/wp-content\/uploads\/Logo_AASSDN_transparent2.png","width":1832,"height":1609,"caption":"AASSDN | Anciens et Amis des Services Sp\u00e9ciaux"},"image":{"@id":"https:\/\/aassdn.org\/amicale\/#\/schema\/logo\/image\/"}},{"@type":"Person","@id":"https:\/\/aassdn.org\/amicale\/#\/schema\/person\/8e950b11c74c24df36dc8e172f9451f4","name":"AASSDN","image":{"@type":"ImageObject","inLanguage":"fr-FR","@id":"https:\/\/secure.gravatar.com\/avatar\/fd0b6d50e70e6f0ed2d0d0ed7be3689bc93c931340a70ec36db416b5f0486016?s=96&d=mm&r=g","url":"https:\/\/secure.gravatar.com\/avatar\/fd0b6d50e70e6f0ed2d0d0ed7be3689bc93c931340a70ec36db416b5f0486016?s=96&d=mm&r=g","contentUrl":"https:\/\/secure.gravatar.com\/avatar\/fd0b6d50e70e6f0ed2d0d0ed7be3689bc93c931340a70ec36db416b5f0486016?s=96&d=mm&r=g","caption":"AASSDN"},"url":"https:\/\/aassdn.org\/amicale\/author\/laure-fanjeau\/"}]}},"_links":{"self":[{"href":"https:\/\/aassdn.org\/amicale\/wp-json\/wp\/v2\/posts\/19741","targetHints":{"allow":["GET"]}}],"collection":[{"href":"https:\/\/aassdn.org\/amicale\/wp-json\/wp\/v2\/posts"}],"about":[{"href":"https:\/\/aassdn.org\/amicale\/wp-json\/wp\/v2\/types\/post"}],"author":[{"embeddable":true,"href":"https:\/\/aassdn.org\/amicale\/wp-json\/wp\/v2\/users\/32"}],"replies":[{"embeddable":true,"href":"https:\/\/aassdn.org\/amicale\/wp-json\/wp\/v2\/comments?post=19741"}],"version-history":[{"count":0,"href":"https:\/\/aassdn.org\/amicale\/wp-json\/wp\/v2\/posts\/19741\/revisions"}],"wp:featuredmedia":[{"embeddable":true,"href":"https:\/\/aassdn.org\/amicale\/wp-json\/wp\/v2\/media\/19746"}],"wp:attachment":[{"href":"https:\/\/aassdn.org\/amicale\/wp-json\/wp\/v2\/media?parent=19741"}],"wp:term":[{"taxonomy":"category","embeddable":true,"href":"https:\/\/aassdn.org\/amicale\/wp-json\/wp\/v2\/categories?post=19741"},{"taxonomy":"post_tag","embeddable":true,"href":"https:\/\/aassdn.org\/amicale\/wp-json\/wp\/v2\/tags?post=19741"}],"curies":[{"name":"wp","href":"https:\/\/api.w.org\/{rel}","templated":true}]}}