{"id":1919,"date":"2021-10-29T09:59:29","date_gmt":"2021-10-29T07:59:29","guid":{"rendered":"https:\/\/aassdn.org\/amicale\/col-andre-serot-de-xertigny-a-jerusalem\/"},"modified":"2021-11-18T18:34:14","modified_gmt":"2021-11-18T17:34:14","slug":"col-andre-serot-de-xertigny-a-jerusalem","status":"publish","type":"post","link":"https:\/\/aassdn.org\/amicale\/col-andre-serot-de-xertigny-a-jerusalem\/","title":{"rendered":"Col. Andr\u00e9 S\u00e9rot de Xertigny \u00e0 J\u00e9rusalem"},"content":{"rendered":"<p>Document PDF : Il est n\u00e9 \u00e0 Xertigny le 24 juillet 1896. Vosgien, fils d&#8217;un mar\u00e9chal des logis-chef de gendarmerie, il tirait de ses origines simplicit\u00e9, droiture et cet amour de son pays, qui allait conduire sa destin\u00e9e. En 1915, d\u00e8s le d\u00e9but de la premi\u00e8re guerre mondiale, \u00e0 dix-huit ans, il s&#8217;engage dans l&#8217;infanterie. En 1916, il est \u00e9l\u00e8ve officier\u00a0&#8230;<\/p>\n<div class=\"pdfprnt-buttons pdfprnt-buttons-post pdfprnt-bottom-right\"><a href=\"https:\/\/aassdn.org\/amicale\/wp-json\/wp\/v2\/posts\/1919?print=pdf\" class=\"pdfprnt-button pdfprnt-button-pdf\" target=\"_blank\" ><img decoding=\"async\" data-src=\"https:\/\/aassdn.org\/amicale\/wp-content\/plugins\/pdf-print\/images\/pdf.png\" alt=\"image_pdf\" title=\"Afficher le PDF\" src=\"data:image\/svg+xml;base64,PHN2ZyB3aWR0aD0iMSIgaGVpZ2h0PSIxIiB4bWxucz0iaHR0cDovL3d3dy53My5vcmcvMjAwMC9zdmciPjwvc3ZnPg==\" class=\"lazyload\" style=\"--smush-placeholder-width: 32px; --smush-placeholder-aspect-ratio: 32\/32;\" \/><\/a><a href=\"https:\/\/aassdn.org\/amicale\/wp-json\/wp\/v2\/posts\/1919?print=print\" class=\"pdfprnt-button pdfprnt-button-print\" target=\"_blank\" ><\/a><\/div>","protected":false},"excerpt":{"rendered":"<p>Document PDF : Il est n\u00e9 \u00e0 Xertigny le 24 juillet 1896. Vosgien, fils d&#8217;un mar\u00e9chal des logis-chef de gendarmerie, il tirait de ses origines simplicit\u00e9, droiture et cet amour de son pays, qui allait conduire sa destin\u00e9e. En 1915, d\u00e8s le d\u00e9but de la premi\u00e8re guerre mondiale, \u00e0 dix-huit ans, il s&#8217;engage dans l&#8217;infanterie. [&hellip;]<\/p>\n","protected":false},"author":1,"featured_media":0,"comment_status":"open","ping_status":"open","sticky":false,"template":"","format":"standard","meta":{"_acf_changed":false,"footnotes":""},"categories":[139,92],"tags":[211,248],"class_list":["post-1919","post","type-post","status-publish","format-standard","hentry","category-colonel-andre-serot","category-documents-pdf","tag-andre-serot","tag-colonel-andre-serot"],"acf":[],"yoast_head":"<!-- This site is optimized with the Yoast SEO plugin v27.4 - https:\/\/yoast.com\/product\/yoast-seo-wordpress\/ -->\n<title>Col. Andr\u00e9 S\u00e9rot de Xertigny \u00e0 J\u00e9rusalem | AASSDN | Anciens et Amis des Services Sp\u00e9ciaux<\/title>\n<meta name=\"robots\" content=\"index, follow, max-snippet:-1, max-image-preview:large, max-video-preview:-1\" \/>\n<link rel=\"canonical\" href=\"https:\/\/aassdn.org\/amicale\/col-andre-serot-de-xertigny-a-jerusalem\/\" \/>\n<meta property=\"og:locale\" content=\"fr_FR\" \/>\n<meta property=\"og:type\" content=\"article\" \/>\n<meta property=\"og:title\" content=\"Col. Andr\u00e9 S\u00e9rot de Xertigny \u00e0 J\u00e9rusalem | AASSDN | Anciens et Amis des Services Sp\u00e9ciaux\" \/>\n<meta property=\"og:description\" content=\"Document PDF : Il est n\u00e9 \u00e0 Xertigny le 24 juillet 1896. Vosgien, fils d&#8217;un mar\u00e9chal des logis-chef de gendarmerie, il tirait de ses origines simplicit\u00e9, droiture et cet amour de son pays, qui allait conduire sa destin\u00e9e. En 1915, d\u00e8s le d\u00e9but de la premi\u00e8re guerre mondiale, \u00e0 dix-huit ans, il s&#8217;engage dans l&#8217;infanterie. [&hellip;]\" \/>\n<meta property=\"og:url\" content=\"https:\/\/aassdn.org\/amicale\/col-andre-serot-de-xertigny-a-jerusalem\/\" \/>\n<meta property=\"og:site_name\" content=\"AASSDN | Anciens et Amis des Services Sp\u00e9ciaux\" \/>\n<meta property=\"article:published_time\" content=\"2021-10-29T07:59:29+00:00\" \/>\n<meta property=\"article:modified_time\" content=\"2021-11-18T17:34:14+00:00\" \/>\n<meta name=\"author\" content=\"AASSDN\" \/>\n<meta name=\"twitter:card\" content=\"summary_large_image\" \/>\n<meta name=\"twitter:label1\" content=\"\u00c9crit par\" \/>\n\t<meta name=\"twitter:data1\" content=\"AASSDN\" \/>\n<script type=\"application\/ld+json\" class=\"yoast-schema-graph\">{\"@context\":\"https:\\\/\\\/schema.org\",\"@graph\":[{\"@type\":\"Article\",\"@id\":\"https:\\\/\\\/aassdn.org\\\/amicale\\\/col-andre-serot-de-xertigny-a-jerusalem\\\/#article\",\"isPartOf\":{\"@id\":\"https:\\\/\\\/aassdn.org\\\/amicale\\\/col-andre-serot-de-xertigny-a-jerusalem\\\/\"},\"author\":{\"name\":\"AASSDN\",\"@id\":\"https:\\\/\\\/aassdn.org\\\/amicale\\\/#\\\/schema\\\/person\\\/73800712a272e6d58a10a86ea9e59671\"},\"headline\":\"Col. Andr\u00e9 S\u00e9rot de Xertigny \u00e0 J\u00e9rusalem\",\"datePublished\":\"2021-10-29T07:59:29+00:00\",\"dateModified\":\"2021-11-18T17:34:14+00:00\",\"mainEntityOfPage\":{\"@id\":\"https:\\\/\\\/aassdn.org\\\/amicale\\\/col-andre-serot-de-xertigny-a-jerusalem\\\/\"},\"wordCount\":71,\"commentCount\":0,\"publisher\":{\"@id\":\"https:\\\/\\\/aassdn.org\\\/amicale\\\/#organization\"},\"keywords\":[\"Andr\u00e9 S\u00e9rot\",\"Colonel Andr\u00e9 S\u00e9rot\"],\"articleSection\":[\"Colonel Andr\u00e9 Serot\",\"Documents PDF\"],\"inLanguage\":\"fr-FR\",\"potentialAction\":[{\"@type\":\"CommentAction\",\"name\":\"Comment\",\"target\":[\"https:\\\/\\\/aassdn.org\\\/amicale\\\/col-andre-serot-de-xertigny-a-jerusalem\\\/#respond\"]}]},{\"@type\":\"WebPage\",\"@id\":\"https:\\\/\\\/aassdn.org\\\/amicale\\\/col-andre-serot-de-xertigny-a-jerusalem\\\/\",\"url\":\"https:\\\/\\\/aassdn.org\\\/amicale\\\/col-andre-serot-de-xertigny-a-jerusalem\\\/\",\"name\":\"Col. Andr\u00e9 S\u00e9rot de Xertigny \u00e0 J\u00e9rusalem | AASSDN | Anciens et Amis des Services Sp\u00e9ciaux\",\"isPartOf\":{\"@id\":\"https:\\\/\\\/aassdn.org\\\/amicale\\\/#website\"},\"datePublished\":\"2021-10-29T07:59:29+00:00\",\"dateModified\":\"2021-11-18T17:34:14+00:00\",\"breadcrumb\":{\"@id\":\"https:\\\/\\\/aassdn.org\\\/amicale\\\/col-andre-serot-de-xertigny-a-jerusalem\\\/#breadcrumb\"},\"inLanguage\":\"fr-FR\",\"potentialAction\":[{\"@type\":\"ReadAction\",\"target\":[\"https:\\\/\\\/aassdn.org\\\/amicale\\\/col-andre-serot-de-xertigny-a-jerusalem\\\/\"]}]},{\"@type\":\"BreadcrumbList\",\"@id\":\"https:\\\/\\\/aassdn.org\\\/amicale\\\/col-andre-serot-de-xertigny-a-jerusalem\\\/#breadcrumb\",\"itemListElement\":[{\"@type\":\"ListItem\",\"position\":1,\"name\":\"Accueil\",\"item\":\"https:\\\/\\\/aassdn.org\\\/amicale\\\/\"},{\"@type\":\"ListItem\",\"position\":2,\"name\":\"Col. Andr\u00e9 S\u00e9rot de Xertigny \u00e0 J\u00e9rusalem\"}]},{\"@type\":\"WebSite\",\"@id\":\"https:\\\/\\\/aassdn.org\\\/amicale\\\/#website\",\"url\":\"https:\\\/\\\/aassdn.org\\\/amicale\\\/\",\"name\":\"AASSDN | Anciens et Amis des Services Sp\u00e9ciaux\",\"description\":\"Services sp\u00e9ciaux : Des h\u00e9ros anonymes au service exclusif de la France\",\"publisher\":{\"@id\":\"https:\\\/\\\/aassdn.org\\\/amicale\\\/#organization\"},\"potentialAction\":[{\"@type\":\"SearchAction\",\"target\":{\"@type\":\"EntryPoint\",\"urlTemplate\":\"https:\\\/\\\/aassdn.org\\\/amicale\\\/?s={search_term_string}\"},\"query-input\":{\"@type\":\"PropertyValueSpecification\",\"valueRequired\":true,\"valueName\":\"search_term_string\"}}],\"inLanguage\":\"fr-FR\"},{\"@type\":\"Organization\",\"@id\":\"https:\\\/\\\/aassdn.org\\\/amicale\\\/#organization\",\"name\":\"AASSDN | Anciens et Amis des Services Sp\u00e9ciaux\",\"url\":\"https:\\\/\\\/aassdn.org\\\/amicale\\\/\",\"logo\":{\"@type\":\"ImageObject\",\"inLanguage\":\"fr-FR\",\"@id\":\"https:\\\/\\\/aassdn.org\\\/amicale\\\/#\\\/schema\\\/logo\\\/image\\\/\",\"url\":\"https:\\\/\\\/aassdn.org\\\/amicale\\\/wp-content\\\/uploads\\\/Logo_AASSDN_transparent2.png\",\"contentUrl\":\"https:\\\/\\\/aassdn.org\\\/amicale\\\/wp-content\\\/uploads\\\/Logo_AASSDN_transparent2.png\",\"width\":1832,\"height\":1609,\"caption\":\"AASSDN | Anciens et Amis des Services Sp\u00e9ciaux\"},\"image\":{\"@id\":\"https:\\\/\\\/aassdn.org\\\/amicale\\\/#\\\/schema\\\/logo\\\/image\\\/\"}},{\"@type\":\"Person\",\"@id\":\"https:\\\/\\\/aassdn.org\\\/amicale\\\/#\\\/schema\\\/person\\\/73800712a272e6d58a10a86ea9e59671\",\"name\":\"AASSDN\",\"image\":{\"@type\":\"ImageObject\",\"inLanguage\":\"fr-FR\",\"@id\":\"https:\\\/\\\/secure.gravatar.com\\\/avatar\\\/9653808d17788562e72d77e426d8d02775774239aefd00a9b4e852423d8e9d7e?s=96&d=mm&r=g\",\"url\":\"https:\\\/\\\/secure.gravatar.com\\\/avatar\\\/9653808d17788562e72d77e426d8d02775774239aefd00a9b4e852423d8e9d7e?s=96&d=mm&r=g\",\"contentUrl\":\"https:\\\/\\\/secure.gravatar.com\\\/avatar\\\/9653808d17788562e72d77e426d8d02775774239aefd00a9b4e852423d8e9d7e?s=96&d=mm&r=g\",\"caption\":\"AASSDN\"},\"sameAs\":[\"https:\\\/\\\/aassdn.org\\\/amicale\"],\"url\":\"https:\\\/\\\/aassdn.org\\\/amicale\\\/author\\\/wordpress\\\/\"}]}<\/script>\n<!-- \/ Yoast SEO plugin. -->","yoast_head_json":{"title":"Col. Andr\u00e9 S\u00e9rot de Xertigny \u00e0 J\u00e9rusalem | AASSDN | Anciens et Amis des Services Sp\u00e9ciaux","robots":{"index":"index","follow":"follow","max-snippet":"max-snippet:-1","max-image-preview":"max-image-preview:large","max-video-preview":"max-video-preview:-1"},"canonical":"https:\/\/aassdn.org\/amicale\/col-andre-serot-de-xertigny-a-jerusalem\/","og_locale":"fr_FR","og_type":"article","og_title":"Col. Andr\u00e9 S\u00e9rot de Xertigny \u00e0 J\u00e9rusalem | AASSDN | Anciens et Amis des Services Sp\u00e9ciaux","og_description":"Document PDF : Il est n\u00e9 \u00e0 Xertigny le 24 juillet 1896. Vosgien, fils d&#8217;un mar\u00e9chal des logis-chef de gendarmerie, il tirait de ses origines simplicit\u00e9, droiture et cet amour de son pays, qui allait conduire sa destin\u00e9e. En 1915, d\u00e8s le d\u00e9but de la premi\u00e8re guerre mondiale, \u00e0 dix-huit ans, il s&#8217;engage dans l&#8217;infanterie. [&hellip;]","og_url":"https:\/\/aassdn.org\/amicale\/col-andre-serot-de-xertigny-a-jerusalem\/","og_site_name":"AASSDN | Anciens et Amis des Services Sp\u00e9ciaux","article_published_time":"2021-10-29T07:59:29+00:00","article_modified_time":"2021-11-18T17:34:14+00:00","author":"AASSDN","twitter_card":"summary_large_image","twitter_misc":{"\u00c9crit par":"AASSDN"},"schema":{"@context":"https:\/\/schema.org","@graph":[{"@type":"Article","@id":"https:\/\/aassdn.org\/amicale\/col-andre-serot-de-xertigny-a-jerusalem\/#article","isPartOf":{"@id":"https:\/\/aassdn.org\/amicale\/col-andre-serot-de-xertigny-a-jerusalem\/"},"author":{"name":"AASSDN","@id":"https:\/\/aassdn.org\/amicale\/#\/schema\/person\/73800712a272e6d58a10a86ea9e59671"},"headline":"Col. Andr\u00e9 S\u00e9rot de Xertigny \u00e0 J\u00e9rusalem","datePublished":"2021-10-29T07:59:29+00:00","dateModified":"2021-11-18T17:34:14+00:00","mainEntityOfPage":{"@id":"https:\/\/aassdn.org\/amicale\/col-andre-serot-de-xertigny-a-jerusalem\/"},"wordCount":71,"commentCount":0,"publisher":{"@id":"https:\/\/aassdn.org\/amicale\/#organization"},"keywords":["Andr\u00e9 S\u00e9rot","Colonel Andr\u00e9 S\u00e9rot"],"articleSection":["Colonel Andr\u00e9 Serot","Documents PDF"],"inLanguage":"fr-FR","potentialAction":[{"@type":"CommentAction","name":"Comment","target":["https:\/\/aassdn.org\/amicale\/col-andre-serot-de-xertigny-a-jerusalem\/#respond"]}]},{"@type":"WebPage","@id":"https:\/\/aassdn.org\/amicale\/col-andre-serot-de-xertigny-a-jerusalem\/","url":"https:\/\/aassdn.org\/amicale\/col-andre-serot-de-xertigny-a-jerusalem\/","name":"Col. Andr\u00e9 S\u00e9rot de Xertigny \u00e0 J\u00e9rusalem | AASSDN | Anciens et Amis des Services Sp\u00e9ciaux","isPartOf":{"@id":"https:\/\/aassdn.org\/amicale\/#website"},"datePublished":"2021-10-29T07:59:29+00:00","dateModified":"2021-11-18T17:34:14+00:00","breadcrumb":{"@id":"https:\/\/aassdn.org\/amicale\/col-andre-serot-de-xertigny-a-jerusalem\/#breadcrumb"},"inLanguage":"fr-FR","potentialAction":[{"@type":"ReadAction","target":["https:\/\/aassdn.org\/amicale\/col-andre-serot-de-xertigny-a-jerusalem\/"]}]},{"@type":"BreadcrumbList","@id":"https:\/\/aassdn.org\/amicale\/col-andre-serot-de-xertigny-a-jerusalem\/#breadcrumb","itemListElement":[{"@type":"ListItem","position":1,"name":"Accueil","item":"https:\/\/aassdn.org\/amicale\/"},{"@type":"ListItem","position":2,"name":"Col. Andr\u00e9 S\u00e9rot de Xertigny \u00e0 J\u00e9rusalem"}]},{"@type":"WebSite","@id":"https:\/\/aassdn.org\/amicale\/#website","url":"https:\/\/aassdn.org\/amicale\/","name":"AASSDN | Anciens et Amis des Services Sp\u00e9ciaux","description":"Services sp\u00e9ciaux : Des h\u00e9ros anonymes au service exclusif de la France","publisher":{"@id":"https:\/\/aassdn.org\/amicale\/#organization"},"potentialAction":[{"@type":"SearchAction","target":{"@type":"EntryPoint","urlTemplate":"https:\/\/aassdn.org\/amicale\/?s={search_term_string}"},"query-input":{"@type":"PropertyValueSpecification","valueRequired":true,"valueName":"search_term_string"}}],"inLanguage":"fr-FR"},{"@type":"Organization","@id":"https:\/\/aassdn.org\/amicale\/#organization","name":"AASSDN | Anciens et Amis des Services Sp\u00e9ciaux","url":"https:\/\/aassdn.org\/amicale\/","logo":{"@type":"ImageObject","inLanguage":"fr-FR","@id":"https:\/\/aassdn.org\/amicale\/#\/schema\/logo\/image\/","url":"https:\/\/aassdn.org\/amicale\/wp-content\/uploads\/Logo_AASSDN_transparent2.png","contentUrl":"https:\/\/aassdn.org\/amicale\/wp-content\/uploads\/Logo_AASSDN_transparent2.png","width":1832,"height":1609,"caption":"AASSDN | Anciens et Amis des Services Sp\u00e9ciaux"},"image":{"@id":"https:\/\/aassdn.org\/amicale\/#\/schema\/logo\/image\/"}},{"@type":"Person","@id":"https:\/\/aassdn.org\/amicale\/#\/schema\/person\/73800712a272e6d58a10a86ea9e59671","name":"AASSDN","image":{"@type":"ImageObject","inLanguage":"fr-FR","@id":"https:\/\/secure.gravatar.com\/avatar\/9653808d17788562e72d77e426d8d02775774239aefd00a9b4e852423d8e9d7e?s=96&d=mm&r=g","url":"https:\/\/secure.gravatar.com\/avatar\/9653808d17788562e72d77e426d8d02775774239aefd00a9b4e852423d8e9d7e?s=96&d=mm&r=g","contentUrl":"https:\/\/secure.gravatar.com\/avatar\/9653808d17788562e72d77e426d8d02775774239aefd00a9b4e852423d8e9d7e?s=96&d=mm&r=g","caption":"AASSDN"},"sameAs":["https:\/\/aassdn.org\/amicale"],"url":"https:\/\/aassdn.org\/amicale\/author\/wordpress\/"}]}},"_links":{"self":[{"href":"https:\/\/aassdn.org\/amicale\/wp-json\/wp\/v2\/posts\/1919","targetHints":{"allow":["GET"]}}],"collection":[{"href":"https:\/\/aassdn.org\/amicale\/wp-json\/wp\/v2\/posts"}],"about":[{"href":"https:\/\/aassdn.org\/amicale\/wp-json\/wp\/v2\/types\/post"}],"author":[{"embeddable":true,"href":"https:\/\/aassdn.org\/amicale\/wp-json\/wp\/v2\/users\/1"}],"replies":[{"embeddable":true,"href":"https:\/\/aassdn.org\/amicale\/wp-json\/wp\/v2\/comments?post=1919"}],"version-history":[{"count":0,"href":"https:\/\/aassdn.org\/amicale\/wp-json\/wp\/v2\/posts\/1919\/revisions"}],"wp:attachment":[{"href":"https:\/\/aassdn.org\/amicale\/wp-json\/wp\/v2\/media?parent=1919"}],"wp:term":[{"taxonomy":"category","embeddable":true,"href":"https:\/\/aassdn.org\/amicale\/wp-json\/wp\/v2\/categories?post=1919"},{"taxonomy":"post_tag","embeddable":true,"href":"https:\/\/aassdn.org\/amicale\/wp-json\/wp\/v2\/tags?post=1919"}],"curies":[{"name":"wp","href":"https:\/\/api.w.org\/{rel}","templated":true}]}}